{"id":60105,"date":"2026-09-03T08:37:00","date_gmt":"2026-09-03T11:37:00","guid":{"rendered":"https:\/\/iberculturaviva.org\/?p=60105"},"modified":"2026-09-03T10:32:23","modified_gmt":"2026-09-03T13:32:23","slug":"oportunidad-ibermusicas-busca-ampliar-la-participacion-de-la-cultura-comunitaria-en-sus-convocatorias","status":"publish","type":"post","link":"https:\/\/iberculturaviva.org\/es\/oportunidad-ibermusicas-busca-ampliar-la-participacion-de-la-cultura-comunitaria-en-sus-convocatorias\/","title":{"rendered":"OPORTUNIDAD | Iberm\u00fasicas busca ampliar la participaci\u00f3n de la cultura comunitaria en sus convocatorias"},"content":{"rendered":"\n<h3 class=\"wp-block-heading has-primary-dark-color has-text-color has-link-color wp-elements-90eea3bf6f29a9184e98220f36de9e6a\"><strong><em>Son 14 convocatorias abiertas hasta el 1\u00b0 de octubre: Iberm\u00fasicas quiere que lleguen a los Puntos de Cultura, a los colectivos y a las comunidades que hacen m\u00fasica lejos de los grandes centros urbanos. El 8 de septiembre, un vivo conjunto con IberCultura Viva va a presentar cada l\u00ednea de apoyo y responder consultas en tiempo real<\/em><\/strong><\/h3>\n\n\n\n<p>La invitaci\u00f3n es directa: el Programa Iberm\u00fasicas quiere ver m\u00e1s organizaciones de cultura comunitaria y popular inscriptas en sus convocatorias 2026. Para eso, se une a IberCultura Viva en un encuentro virtual abierto a todas las personas interesadas.<\/p>\n\n\n\n<p>Agend\u00e1 la fecha: 8 de septiembre, a las 14h (hora de Brasilia, Buenos Aires, Montevideo y Asunci\u00f3n), con la participaci\u00f3n de representantes de las Unidades T\u00e9cnicas de los dos programas e invitadas especiales.<\/p>\n\n\n\n<p>El vivo &#8211; en el YouTube de IberCultura Viva &#8211; ser\u00e1 un espacio para presentar las l\u00edneas de apoyo, aclarar criterios, responder preguntas y orientar a quienes nunca se postularon antes.<br><br><strong>Llegar donde la m\u00fasica ya sucede<br><\/strong>De acuerdo con Iberm\u00fasicas, la alianza nace de una intenci\u00f3n clara. \u201cCon el objetivo de alcanzar cada vez m\u00e1s territorios y ampliar el espacio de participaci\u00f3n para todas las personas y comunidades interesadas, Iberm\u00fasicas se une al Programa IberCultura Viva para promover las convocatorias 2026 entre los diferentes Puntos de Cultura\u201d, informa el programa.<\/p>\n\n\n\n<p>Son 14 convocatorias abiertas, destinadas a todo el sector musical iberoamericano. \u201cAdem\u00e1s de difundir estas convocatorias, la intenci\u00f3n principal es alcanzar comunidades que se encuentran distantes de los grandes centros urbanos\u201d, agrega Iberm\u00fasicas.<\/p>\n\n\n\n<p>Para la secretaria t\u00e9cnica de IberCultura Viva, Flor Minici, la sinergia entre los dos programas es la celebraci\u00f3n de un camino compartido. \u201cSomos programas hermanos, conectados a la Secretar\u00eda General Iberoamericana, y vemos con mucho entusiasmo este inter\u00e9s de Iberm\u00fasicas por la escena musical de la cultura de base comunitaria\u201d, afirma. \u201cSon grupos que tienen mucho para aportar y enriquecer participando de las convocatorias &#8211; y que no siempre saben que esas puertas est\u00e1n abiertas para ellos.\u201d<br><br><strong>Varias puertas de entrada<br><\/strong>La diversidad de las convocatorias es justamente lo que permite que grupos muy distintos encuentren una l\u00ednea que les sirva. Hay apoyo para giras, conciertos y encuentros creativos en otros pa\u00edses, para festivales y espacios que quieran invitar artistas, para residencias de creaci\u00f3n e investigaci\u00f3n y para proyectos virtuales como grabaci\u00f3n de \u00e1lbumes, videoclips, talleres online y podcasts. Tambi\u00e9n hay apoyo para estudiar &#8211; incluso de forma particular, con grandes maestras y maestros de la cultura popular &#8211; adem\u00e1s de premios de creaci\u00f3n de canciones en dupla, abiertos a todos los estilos y al uso de las lenguas originarias de la regi\u00f3n. [<a href=\"https:\/\/www.ibermusicas.org\/index.php\/hasta-el-1ero-de-octubre-continuan-abiertas-14-convocatorias-de-ibermusicas\/\" target=\"_blank\" rel=\"noreferrer noopener\">Hac\u00e9 clic ac\u00e1 para conocer todas las convocatorias.<\/a>]<br><br><strong>Plazos<br><\/strong>Las postulaciones siguen abiertas hasta el 1\u00b0 de octubre. Los proyectos seleccionados ser\u00e1n anunciados el 27 de noviembre.<\/p>\n\n\n\n<p><\/p>\n","protected":false},"excerpt":{"rendered":"<p>Son 14 convocatorias abiertas hasta el 1\u00b0 de octubre: Iberm\u00fasicas quiere que lleguen a los Puntos de Cultura, a los colectivos y a las comunidades que hacen m\u00fasica lejos de [&hellip;]<\/p>\n","protected":false},"author":2,"featured_media":60106,"comment_status":"closed","ping_status":"closed","sticky":false,"template":"","format":"standard","meta":{"_coblocks_attr":"","_coblocks_dimensions":"","_coblocks_responsive_height":"","_coblocks_accordion_ie_support":"","_EventAllDay":false,"_EventTimezone":"","_EventStartDate":"","_EventEndDate":"","_EventStartDateUTC":"","_EventEndDateUTC":"","_EventShowMap":false,"_EventShowMapLink":false,"_EventURL":"","_EventCost":"","_EventCostDescription":"","_EventCurrencySymbol":"","_EventCurrencyCode":"","_EventCurrencyPosition":"","_EventDateTimeSeparator":"","_EventTimeRangeSeparator":"","_EventOrganizerID":[],"_EventVenueID":[],"_OrganizerEmail":"","_OrganizerPhone":"","_OrganizerWebsite":"","_VenueAddress":"","_VenueCity":"","_VenueCountry":"","_VenueProvince":"","_VenueState":"","_VenueZip":"","_VenuePhone":"","_VenueURL":"","_VenueStateProvince":"","_VenueLat":"","_VenueLng":"","_VenueShowMap":false,"_VenueShowMapLink":false,"footnotes":""},"categories":[254,262],"tags":[],"country-municipality":[],"class_list":["post-60105","post","type-post","status-publish","format-standard","has-post-thumbnail","hentry","category-destaque-es","category-noticias-es"],"yoast_head":"<!-- This site is optimized with the Yoast SEO plugin v25.7 - https:\/\/yoast.com\/wordpress\/plugins\/seo\/ -->\n<title>OPORTUNIDAD | Iberm\u00fasicas busca ampliar la participaci\u00f3n de la cultura comunitaria en sus convocatorias - IberCultura Viva<\/title>\n<meta name=\"description\" content=\"OPORTUNIDAD | Iberm\u00fasicas busca ampliar la participaci\u00f3n de la cultura comunitaria en sus convocatorias - IberCultura Viva\" \/>\n<meta name=\"robots\" content=\"index, follow, max-snippet:-1, max-image-preview:large, max-video-preview:-1\" \/>\n<link rel=\"canonical\" href=\"https:\/\/iberculturaviva.org\/es\/oportunidad-ibermusicas-busca-ampliar-la-participacion-de-la-cultura-comunitaria-en-sus-convocatorias\/\" \/>\n<meta property=\"og:locale\" content=\"es_ES\" \/>\n<meta property=\"og:type\" content=\"article\" \/>\n<meta property=\"og:title\" content=\"OPORTUNIDAD | Iberm\u00fasicas busca ampliar la participaci\u00f3n de la cultura comunitaria en sus convocatorias - IberCultura Viva\" \/>\n<meta property=\"og:description\" content=\"OPORTUNIDAD | Iberm\u00fasicas busca ampliar la participaci\u00f3n de la cultura comunitaria en sus convocatorias - IberCultura Viva\" \/>\n<meta property=\"og:url\" content=\"https:\/\/iberculturaviva.org\/es\/oportunidad-ibermusicas-busca-ampliar-la-participacion-de-la-cultura-comunitaria-en-sus-convocatorias\/\" \/>\n<meta property=\"og:site_name\" content=\"IberCultura Viva\" \/>\n<meta property=\"article:publisher\" content=\"https:\/\/www.facebook.com\/iberculturaviva\/\" \/>\n<meta property=\"article:published_time\" content=\"2026-09-03T11:37:00+00:00\" \/>\n<meta property=\"article:modified_time\" content=\"2026-09-03T13:32:23+00:00\" \/>\n<meta property=\"og:image\" content=\"https:\/\/iberculturaviva.org\/wp-content\/uploads\/2026\/09\/site-43.jpg\" \/>\n\t<meta property=\"og:image:width\" content=\"1366\" \/>\n\t<meta property=\"og:image:height\" content=\"768\" \/>\n\t<meta property=\"og:image:type\" content=\"image\/jpeg\" \/>\n<meta name=\"author\" content=\"IberCultura\" \/>\n<meta name=\"twitter:card\" content=\"summary_large_image\" \/>\n<meta name=\"twitter:label1\" content=\"Escrito por\" \/>\n\t<meta name=\"twitter:data1\" content=\"IberCultura\" \/>\n\t<meta name=\"twitter:label2\" content=\"Tiempo de lectura\" \/>\n\t<meta name=\"twitter:data2\" content=\"3 minutos\" \/>\n<script type=\"application\/ld+json\" class=\"yoast-schema-graph\">{\"@context\":\"https:\/\/schema.org\",\"@graph\":[{\"@type\":\"Article\",\"@id\":\"https:\/\/iberculturaviva.org\/es\/oportunidad-ibermusicas-busca-ampliar-la-participacion-de-la-cultura-comunitaria-en-sus-convocatorias\/#article\",\"isPartOf\":{\"@id\":\"https:\/\/iberculturaviva.org\/es\/oportunidad-ibermusicas-busca-ampliar-la-participacion-de-la-cultura-comunitaria-en-sus-convocatorias\/\"},\"author\":{\"name\":\"IberCultura\",\"@id\":\"https:\/\/iberculturaviva.org\/es\/?lang=es\/#\/schema\/person\/5d1313b072cc25536e0431522f740b59\"},\"headline\":\"OPORTUNIDAD | Iberm\u00fasicas busca ampliar la participaci\u00f3n de la cultura comunitaria en sus convocatorias\",\"datePublished\":\"2026-09-03T11:37:00+00:00\",\"dateModified\":\"2026-09-03T13:32:23+00:00\",\"mainEntityOfPage\":{\"@id\":\"https:\/\/iberculturaviva.org\/es\/oportunidad-ibermusicas-busca-ampliar-la-participacion-de-la-cultura-comunitaria-en-sus-convocatorias\/\"},\"wordCount\":503,\"publisher\":{\"@id\":\"https:\/\/iberculturaviva.org\/es\/?lang=es\/#organization\"},\"image\":{\"@id\":\"https:\/\/iberculturaviva.org\/es\/oportunidad-ibermusicas-busca-ampliar-la-participacion-de-la-cultura-comunitaria-en-sus-convocatorias\/#primaryimage\"},\"thumbnailUrl\":\"https:\/\/iberculturaviva.org\/wp-content\/uploads\/2026\/09\/site-43.jpg\",\"articleSection\":[\"Destaque\",\"Noticias\"],\"inLanguage\":\"es\"},{\"@type\":\"WebPage\",\"@id\":\"https:\/\/iberculturaviva.org\/es\/oportunidad-ibermusicas-busca-ampliar-la-participacion-de-la-cultura-comunitaria-en-sus-convocatorias\/\",\"url\":\"https:\/\/iberculturaviva.org\/es\/oportunidad-ibermusicas-busca-ampliar-la-participacion-de-la-cultura-comunitaria-en-sus-convocatorias\/\",\"name\":\"OPORTUNIDAD | Iberm\u00fasicas busca ampliar la participaci\u00f3n de la cultura comunitaria en sus convocatorias - IberCultura Viva\",\"isPartOf\":{\"@id\":\"https:\/\/iberculturaviva.org\/es\/?lang=es\/#website\"},\"primaryImageOfPage\":{\"@id\":\"https:\/\/iberculturaviva.org\/es\/oportunidad-ibermusicas-busca-ampliar-la-participacion-de-la-cultura-comunitaria-en-sus-convocatorias\/#primaryimage\"},\"image\":{\"@id\":\"https:\/\/iberculturaviva.org\/es\/oportunidad-ibermusicas-busca-ampliar-la-participacion-de-la-cultura-comunitaria-en-sus-convocatorias\/#primaryimage\"},\"thumbnailUrl\":\"https:\/\/iberculturaviva.org\/wp-content\/uploads\/2026\/09\/site-43.jpg\",\"datePublished\":\"2026-09-03T11:37:00+00:00\",\"dateModified\":\"2026-09-03T13:32:23+00:00\",\"description\":\"OPORTUNIDAD | Iberm\u00fasicas busca ampliar la participaci\u00f3n de la cultura comunitaria en sus convocatorias - IberCultura Viva\",\"breadcrumb\":{\"@id\":\"https:\/\/iberculturaviva.org\/es\/oportunidad-ibermusicas-busca-ampliar-la-participacion-de-la-cultura-comunitaria-en-sus-convocatorias\/#breadcrumb\"},\"inLanguage\":\"es\",\"potentialAction\":[{\"@type\":\"ReadAction\",\"target\":[\"https:\/\/iberculturaviva.org\/es\/oportunidad-ibermusicas-busca-ampliar-la-participacion-de-la-cultura-comunitaria-en-sus-convocatorias\/\"]}]},{\"@type\":\"ImageObject\",\"inLanguage\":\"es\",\"@id\":\"https:\/\/iberculturaviva.org\/es\/oportunidad-ibermusicas-busca-ampliar-la-participacion-de-la-cultura-comunitaria-en-sus-convocatorias\/#primaryimage\",\"url\":\"https:\/\/iberculturaviva.org\/wp-content\/uploads\/2026\/09\/site-43.jpg\",\"contentUrl\":\"https:\/\/iberculturaviva.org\/wp-content\/uploads\/2026\/09\/site-43.jpg\",\"width\":1366,\"height\":768},{\"@type\":\"BreadcrumbList\",\"@id\":\"https:\/\/iberculturaviva.org\/es\/oportunidad-ibermusicas-busca-ampliar-la-participacion-de-la-cultura-comunitaria-en-sus-convocatorias\/#breadcrumb\",\"itemListElement\":[{\"@type\":\"ListItem\",\"position\":1,\"name\":\"In\u00edcio\",\"item\":\"https:\/\/iberculturaviva.org\/es\/inicio\/\"},{\"@type\":\"ListItem\",\"position\":2,\"name\":\"OPORTUNIDAD | Iberm\u00fasicas busca ampliar la participaci\u00f3n de la cultura comunitaria en sus convocatorias\"}]},{\"@type\":\"WebSite\",\"@id\":\"https:\/\/iberculturaviva.org\/es\/?lang=es\/#website\",\"url\":\"https:\/\/iberculturaviva.org\/es\/?lang=es\/\",\"name\":\"IberCultura Viva\",\"description\":\"Programa de cooperaci\u00f3n cultural\",\"publisher\":{\"@id\":\"https:\/\/iberculturaviva.org\/es\/?lang=es\/#organization\"},\"potentialAction\":[{\"@type\":\"SearchAction\",\"target\":{\"@type\":\"EntryPoint\",\"urlTemplate\":\"https:\/\/iberculturaviva.org\/es\/?lang=es\/?s={search_term_string}\"},\"query-input\":{\"@type\":\"PropertyValueSpecification\",\"valueRequired\":true,\"valueName\":\"search_term_string\"}}],\"inLanguage\":\"es\"},{\"@type\":\"Organization\",\"@id\":\"https:\/\/iberculturaviva.org\/es\/?lang=es\/#organization\",\"name\":\"Iberculturaviva\",\"url\":\"https:\/\/iberculturaviva.org\/es\/?lang=es\/\",\"logo\":{\"@type\":\"ImageObject\",\"inLanguage\":\"es\",\"@id\":\"https:\/\/iberculturaviva.org\/es\/?lang=es\/#\/schema\/logo\/image\/\",\"url\":\"https:\/\/iberculturaviva.org\/wp-content\/uploads\/2021\/08\/logo_ibercultura_viva.jpg\",\"contentUrl\":\"https:\/\/iberculturaviva.org\/wp-content\/uploads\/2021\/08\/logo_ibercultura_viva.jpg\",\"width\":708,\"height\":223,\"caption\":\"Iberculturaviva\"},\"image\":{\"@id\":\"https:\/\/iberculturaviva.org\/es\/?lang=es\/#\/schema\/logo\/image\/\"},\"sameAs\":[\"https:\/\/www.facebook.com\/iberculturaviva\/\",\"https:\/\/www.instagram.com\/iberculturaviva\/\",\"https:\/\/www.youtube.com\/iberculturaviva\"]},{\"@type\":\"Person\",\"@id\":\"https:\/\/iberculturaviva.org\/es\/?lang=es\/#\/schema\/person\/5d1313b072cc25536e0431522f740b59\",\"name\":\"IberCultura\",\"image\":{\"@type\":\"ImageObject\",\"inLanguage\":\"es\",\"@id\":\"https:\/\/iberculturaviva.org\/es\/?lang=es\/#\/schema\/person\/image\/\",\"url\":\"https:\/\/secure.gravatar.com\/avatar\/79f1a057cb125cbefb3765d0356d52fc7f3bba3a35e2cf22bc4de090bb7aef70?s=96&d=mm&r=g\",\"contentUrl\":\"https:\/\/secure.gravatar.com\/avatar\/79f1a057cb125cbefb3765d0356d52fc7f3bba3a35e2cf22bc4de090bb7aef70?s=96&d=mm&r=g\",\"caption\":\"IberCultura\"}}]}<\/script>\n<!-- \/ Yoast SEO plugin. -->","yoast_head_json":{"title":"OPORTUNIDAD | Iberm\u00fasicas busca ampliar la participaci\u00f3n de la cultura comunitaria en sus convocatorias - IberCultura Viva","description":"OPORTUNIDAD | Iberm\u00fasicas busca ampliar la participaci\u00f3n de la cultura comunitaria en sus convocatorias - IberCultura Viva","robots":{"index":"index","follow":"follow","max-snippet":"max-snippet:-1","max-image-preview":"max-image-preview:large","max-video-preview":"max-video-preview:-1"},"canonical":"https:\/\/iberculturaviva.org\/es\/oportunidad-ibermusicas-busca-ampliar-la-participacion-de-la-cultura-comunitaria-en-sus-convocatorias\/","og_locale":"es_ES","og_type":"article","og_title":"OPORTUNIDAD | Iberm\u00fasicas busca ampliar la participaci\u00f3n de la cultura comunitaria en sus convocatorias - IberCultura Viva","og_description":"OPORTUNIDAD | Iberm\u00fasicas busca ampliar la participaci\u00f3n de la cultura comunitaria en sus convocatorias - IberCultura Viva","og_url":"https:\/\/iberculturaviva.org\/es\/oportunidad-ibermusicas-busca-ampliar-la-participacion-de-la-cultura-comunitaria-en-sus-convocatorias\/","og_site_name":"IberCultura Viva","article_publisher":"https:\/\/www.facebook.com\/iberculturaviva\/","article_published_time":"2026-09-03T11:37:00+00:00","article_modified_time":"2026-09-03T13:32:23+00:00","og_image":[{"width":1366,"height":768,"url":"https:\/\/iberculturaviva.org\/wp-content\/uploads\/2026\/09\/site-43.jpg","type":"image\/jpeg"}],"author":"IberCultura","twitter_card":"summary_large_image","twitter_misc":{"Escrito por":"IberCultura","Tiempo de lectura":"3 minutos"},"schema":{"@context":"https:\/\/schema.org","@graph":[{"@type":"Article","@id":"https:\/\/iberculturaviva.org\/es\/oportunidad-ibermusicas-busca-ampliar-la-participacion-de-la-cultura-comunitaria-en-sus-convocatorias\/#article","isPartOf":{"@id":"https:\/\/iberculturaviva.org\/es\/oportunidad-ibermusicas-busca-ampliar-la-participacion-de-la-cultura-comunitaria-en-sus-convocatorias\/"},"author":{"name":"IberCultura","@id":"https:\/\/iberculturaviva.org\/es\/?lang=es\/#\/schema\/person\/5d1313b072cc25536e0431522f740b59"},"headline":"OPORTUNIDAD | Iberm\u00fasicas busca ampliar la participaci\u00f3n de la cultura comunitaria en sus convocatorias","datePublished":"2026-09-03T11:37:00+00:00","dateModified":"2026-09-03T13:32:23+00:00","mainEntityOfPage":{"@id":"https:\/\/iberculturaviva.org\/es\/oportunidad-ibermusicas-busca-ampliar-la-participacion-de-la-cultura-comunitaria-en-sus-convocatorias\/"},"wordCount":503,"publisher":{"@id":"https:\/\/iberculturaviva.org\/es\/?lang=es\/#organization"},"image":{"@id":"https:\/\/iberculturaviva.org\/es\/oportunidad-ibermusicas-busca-ampliar-la-participacion-de-la-cultura-comunitaria-en-sus-convocatorias\/#primaryimage"},"thumbnailUrl":"https:\/\/iberculturaviva.org\/wp-content\/uploads\/2026\/09\/site-43.jpg","articleSection":["Destaque","Noticias"],"inLanguage":"es"},{"@type":"WebPage","@id":"https:\/\/iberculturaviva.org\/es\/oportunidad-ibermusicas-busca-ampliar-la-participacion-de-la-cultura-comunitaria-en-sus-convocatorias\/","url":"https:\/\/iberculturaviva.org\/es\/oportunidad-ibermusicas-busca-ampliar-la-participacion-de-la-cultura-comunitaria-en-sus-convocatorias\/","name":"OPORTUNIDAD | Iberm\u00fasicas busca ampliar la participaci\u00f3n de la cultura comunitaria en sus convocatorias - IberCultura Viva","isPartOf":{"@id":"https:\/\/iberculturaviva.org\/es\/?lang=es\/#website"},"primaryImageOfPage":{"@id":"https:\/\/iberculturaviva.org\/es\/oportunidad-ibermusicas-busca-ampliar-la-participacion-de-la-cultura-comunitaria-en-sus-convocatorias\/#primaryimage"},"image":{"@id":"https:\/\/iberculturaviva.org\/es\/oportunidad-ibermusicas-busca-ampliar-la-participacion-de-la-cultura-comunitaria-en-sus-convocatorias\/#primaryimage"},"thumbnailUrl":"https:\/\/iberculturaviva.org\/wp-content\/uploads\/2026\/09\/site-43.jpg","datePublished":"2026-09-03T11:37:00+00:00","dateModified":"2026-09-03T13:32:23+00:00","description":"OPORTUNIDAD | Iberm\u00fasicas busca ampliar la participaci\u00f3n de la cultura comunitaria en sus convocatorias - IberCultura Viva","breadcrumb":{"@id":"https:\/\/iberculturaviva.org\/es\/oportunidad-ibermusicas-busca-ampliar-la-participacion-de-la-cultura-comunitaria-en-sus-convocatorias\/#breadcrumb"},"inLanguage":"es","potentialAction":[{"@type":"ReadAction","target":["https:\/\/iberculturaviva.org\/es\/oportunidad-ibermusicas-busca-ampliar-la-participacion-de-la-cultura-comunitaria-en-sus-convocatorias\/"]}]},{"@type":"ImageObject","inLanguage":"es","@id":"https:\/\/iberculturaviva.org\/es\/oportunidad-ibermusicas-busca-ampliar-la-participacion-de-la-cultura-comunitaria-en-sus-convocatorias\/#primaryimage","url":"https:\/\/iberculturaviva.org\/wp-content\/uploads\/2026\/09\/site-43.jpg","contentUrl":"https:\/\/iberculturaviva.org\/wp-content\/uploads\/2026\/09\/site-43.jpg","width":1366,"height":768},{"@type":"BreadcrumbList","@id":"https:\/\/iberculturaviva.org\/es\/oportunidad-ibermusicas-busca-ampliar-la-participacion-de-la-cultura-comunitaria-en-sus-convocatorias\/#breadcrumb","itemListElement":[{"@type":"ListItem","position":1,"name":"In\u00edcio","item":"https:\/\/iberculturaviva.org\/es\/inicio\/"},{"@type":"ListItem","position":2,"name":"OPORTUNIDAD | Iberm\u00fasicas busca ampliar la participaci\u00f3n de la cultura comunitaria en sus convocatorias"}]},{"@type":"WebSite","@id":"https:\/\/iberculturaviva.org\/es\/?lang=es\/#website","url":"https:\/\/iberculturaviva.org\/es\/?lang=es\/","name":"IberCultura Viva","description":"Programa de cooperaci\u00f3n cultural","publisher":{"@id":"https:\/\/iberculturaviva.org\/es\/?lang=es\/#organization"},"potentialAction":[{"@type":"SearchAction","target":{"@type":"EntryPoint","urlTemplate":"https:\/\/iberculturaviva.org\/es\/?lang=es\/?s={search_term_string}"},"query-input":{"@type":"PropertyValueSpecification","valueRequired":true,"valueName":"search_term_string"}}],"inLanguage":"es"},{"@type":"Organization","@id":"https:\/\/iberculturaviva.org\/es\/?lang=es\/#organization","name":"Iberculturaviva","url":"https:\/\/iberculturaviva.org\/es\/?lang=es\/","logo":{"@type":"ImageObject","inLanguage":"es","@id":"https:\/\/iberculturaviva.org\/es\/?lang=es\/#\/schema\/logo\/image\/","url":"https:\/\/iberculturaviva.org\/wp-content\/uploads\/2021\/08\/logo_ibercultura_viva.jpg","contentUrl":"https:\/\/iberculturaviva.org\/wp-content\/uploads\/2021\/08\/logo_ibercultura_viva.jpg","width":708,"height":223,"caption":"Iberculturaviva"},"image":{"@id":"https:\/\/iberculturaviva.org\/es\/?lang=es\/#\/schema\/logo\/image\/"},"sameAs":["https:\/\/www.facebook.com\/iberculturaviva\/","https:\/\/www.instagram.com\/iberculturaviva\/","https:\/\/www.youtube.com\/iberculturaviva"]},{"@type":"Person","@id":"https:\/\/iberculturaviva.org\/es\/?lang=es\/#\/schema\/person\/5d1313b072cc25536e0431522f740b59","name":"IberCultura","image":{"@type":"ImageObject","inLanguage":"es","@id":"https:\/\/iberculturaviva.org\/es\/?lang=es\/#\/schema\/person\/image\/","url":"https:\/\/secure.gravatar.com\/avatar\/79f1a057cb125cbefb3765d0356d52fc7f3bba3a35e2cf22bc4de090bb7aef70?s=96&d=mm&r=g","contentUrl":"https:\/\/secure.gravatar.com\/avatar\/79f1a057cb125cbefb3765d0356d52fc7f3bba3a35e2cf22bc4de090bb7aef70?s=96&d=mm&r=g","caption":"IberCultura"}}]}},"main_category":{"link":"https:\/\/iberculturaviva.org\/es\/category\/destaque-es\/","name":"Destaque","slug":"destaque-es"},"_links":{"self":[{"href":"https:\/\/iberculturaviva.org\/es\/wp-json\/wp\/v2\/posts\/60105","targetHints":{"allow":["GET"]}}],"collection":[{"href":"https:\/\/iberculturaviva.org\/es\/wp-json\/wp\/v2\/posts"}],"about":[{"href":"https:\/\/iberculturaviva.org\/es\/wp-json\/wp\/v2\/types\/post"}],"author":[{"embeddable":true,"href":"https:\/\/iberculturaviva.org\/es\/wp-json\/wp\/v2\/users\/2"}],"replies":[{"embeddable":true,"href":"https:\/\/iberculturaviva.org\/es\/wp-json\/wp\/v2\/comments?post=60105"}],"version-history":[{"count":2,"href":"https:\/\/iberculturaviva.org\/es\/wp-json\/wp\/v2\/posts\/60105\/revisions"}],"predecessor-version":[{"id":60146,"href":"https:\/\/iberculturaviva.org\/es\/wp-json\/wp\/v2\/posts\/60105\/revisions\/60146"}],"wp:featuredmedia":[{"embeddable":true,"href":"https:\/\/iberculturaviva.org\/es\/wp-json\/wp\/v2\/media\/60106"}],"wp:attachment":[{"href":"https:\/\/iberculturaviva.org\/es\/wp-json\/wp\/v2\/media?parent=60105"}],"wp:term":[{"taxonomy":"category","embeddable":true,"href":"https:\/\/iberculturaviva.org\/es\/wp-json\/wp\/v2\/categories?post=60105"},{"taxonomy":"post_tag","embeddable":true,"href":"https:\/\/iberculturaviva.org\/es\/wp-json\/wp\/v2\/tags?post=60105"},{"taxonomy":"country-municipality","embeddable":true,"href":"https:\/\/iberculturaviva.org\/es\/wp-json\/wp\/v2\/country-municipality?post=60105"}],"curies":[{"name":"wp","href":"https:\/\/api.w.org\/{rel}","templated":true}]}}