{"id":60058,"date":"2026-08-31T10:27:46","date_gmt":"2026-08-31T13:27:46","guid":{"rendered":"https:\/\/iberculturaviva.org\/?p=60058"},"modified":"2026-08-31T10:27:49","modified_gmt":"2026-08-31T13:27:49","slug":"ibercultura-viva-y-mercociudades-trabajan-para-mapear-normativas-en-derechos-culturales-en-la-region","status":"publish","type":"post","link":"https:\/\/iberculturaviva.org\/es\/ibercultura-viva-y-mercociudades-trabajan-para-mapear-normativas-en-derechos-culturales-en-la-region\/","title":{"rendered":"IberCultura Viva y Mercociudades trabajan para mapear normativas en derechos culturales en la regi\u00f3n"},"content":{"rendered":"\n<h3 class=\"wp-block-heading has-primary-dark-color has-text-color has-link-color wp-elements-612d2a3f659dc771d7a0f9aa07483f33\"><em>Dos jornadas con m\u00e1s de 20 gobiernos subnacionales dieron inicio a la construcci\u00f3n de un inventario iberoamericano de normativas que sostienen, en el d\u00eda a d\u00eda, el ejercicio de los derechos culturales<\/em><\/h3>\n\n\n\n<p>Una ordenanza de uso de suelo, un reglamento de habilitaci\u00f3n, un decreto sobre patrimonio inmaterial: normas como estas deciden, en el cotidiano de las ciudades, si un centro cultural comunitario puede funcionar o si una tradici\u00f3n popular tiene reconocimiento formal. El desaf\u00edo es que suelen estar dispersas, resultan dif\u00edciles de localizar y, a veces, dif\u00edciles incluso de comparar entre un territorio y otro. Para enfrentarlo, la Red IberCultura Viva de Ciudades y Gobiernos Locales y la Unidad Tem\u00e1tica de Cultura (UTC) de Mercociudades reunieron, en agosto, a veinte gobiernos locales de la regi\u00f3n en dos jornadas de diagn\u00f3stico participativo: la primera, presencial, el d\u00eda 14, en la Universidad Nacional de Quilmes (Argentina); la segunda, h\u00edbrida, el d\u00eda 21.<\/p>\n\n\n\n<p>Los encuentros marcan el inicio del proyecto de dise\u00f1o del Inventario Iberoamericano de Normatividades Locales con Enfoque de Derechos Culturales, alianza entre ambas redes prevista en la Meta 3 del plan de trabajo de la UTC para 2025-2027. Diez gobiernos locales participaron de la jornada presencial y otros diez, de la h\u00edbrida, en un encuentro que sum\u00f3 tanto a integrantes de la Red de Ciudades de IberCultura Viva como a otras ciudades de la regi\u00f3n.<\/p>\n\n\n\n<p>La facilitaci\u00f3n estuvo a cargo de Jos\u00e9 Luis Mariscal Orozco, doctor en Antropolog\u00eda y profesor investigador titular de la Universidad de Guadalajara, en el Centro Universitario de Guadalajara, adem\u00e1s de gestor cultural y evaluador de fondos culturales concursables en la regi\u00f3n. Su l\u00ednea de investigaci\u00f3n aborda la acci\u00f3n cultural: c\u00f3mo se conceptualiza, se dise\u00f1a y se opera, y cu\u00e1les son sus implicancias pol\u00edticas, institucionales y educativas.<\/p>\n\n\n\n<p>Diego Benhabib, consultor de Redes y Formaci\u00f3n de IberCultura Viva, detalla qu\u00e9 orient\u00f3 el trabajo desde el inicio: \u00abEl objetivo fue realizar un diagn\u00f3stico sobre la normativa y la legislaci\u00f3n a nivel local vinculada a los derechos culturales, con especial atenci\u00f3n en las necesidades de uso de esa informaci\u00f3n: el contexto en que fue producida y la posibilidad de que experiencias desarrolladas en otros lugares favorezcan el desarrollo de normativas en otras ciudades y gobiernos locales de Iberoam\u00e9rica.\u00bb Benhabib se\u00f1ala adem\u00e1s que \u201ceste es un proyecto de la red de ciudades, apoyado por el Programa\u201d.&nbsp;<\/p>\n\n\n\n<hr class=\"wp-block-coblocks-dynamic-separator\" style=\"height:50px\"\/>\n\n\n\n<figure class=\"wp-block-image size-large\"><img data-dominant-color=\"6b6464\" data-has-transparency=\"false\" style=\"--dominant-color: #6b6464;\" loading=\"lazy\" decoding=\"async\" width=\"1024\" height=\"768\" src=\"https:\/\/iberculturaviva.org\/wp-content\/uploads\/2026\/08\/WhatsApp-Image-2026-08-25-at-10.19.26-1024x768.jpeg\" alt=\"\" class=\"wp-image-60063 not-transparent\" srcset=\"https:\/\/iberculturaviva.org\/wp-content\/uploads\/2026\/08\/WhatsApp-Image-2026-08-25-at-10.19.26-1024x768.jpeg 1024w, https:\/\/iberculturaviva.org\/wp-content\/uploads\/2026\/08\/WhatsApp-Image-2026-08-25-at-10.19.26-300x225.jpeg 300w, https:\/\/iberculturaviva.org\/wp-content\/uploads\/2026\/08\/WhatsApp-Image-2026-08-25-at-10.19.26-150x113.jpeg 150w, https:\/\/iberculturaviva.org\/wp-content\/uploads\/2026\/08\/WhatsApp-Image-2026-08-25-at-10.19.26-768x576.jpeg 768w, https:\/\/iberculturaviva.org\/wp-content\/uploads\/2026\/08\/WhatsApp-Image-2026-08-25-at-10.19.26-1536x1152.jpeg 1536w, https:\/\/iberculturaviva.org\/wp-content\/uploads\/2026\/08\/WhatsApp-Image-2026-08-25-at-10.19.26.jpeg 1600w\" sizes=\"auto, (max-width: 1024px) 100vw, 1024px\" \/><\/figure>\n\n\n\n<hr class=\"wp-block-coblocks-dynamic-separator\" style=\"height:50px\"\/>\n\n\n\n<p><strong>Escuchar antes de construir<\/strong><br>El punto de partida del proyecto no fue acumular documentos, sino escuchar a las ciudades. Mariscal es directo sobre esta decisi\u00f3n: \u00abUn aspecto importante es que no queremos construir simplemente un repositorio con una gran cantidad de documentos. El punto de partida ha sido preguntarnos qu\u00e9 problemas enfrentan las ciudades, qu\u00e9 informaci\u00f3n normativa necesitan para atenderlos y qu\u00e9 usos concretos podr\u00edan dar a esa informaci\u00f3n.\u00bb<\/p>\n\n\n\n<p>En la jornada presencial, el trabajo parti\u00f3 de una adaptaci\u00f3n de la T\u00e9cnica de Grupo Nominal: cada participante identific\u00f3 individualmente los problemas que observa en su ciudad, para luego compartirlos, discutirlos y priorizarlos de manera colectiva. La jornada h\u00edbrida, una semana despu\u00e9s, profundiz\u00f3 el diagn\u00f3stico y avanz\u00f3 hacia el agrupamiento y la denominaci\u00f3n colectiva de esos problemas, con elementos del Taller de Consenso ToP. Ambas din\u00e1micas se complementaron, seg\u00fan Mariscal: \u00abLa combinaci\u00f3n de ambos espacios funcion\u00f3 bien porque el presencial permiti\u00f3 una interacci\u00f3n muy din\u00e1mica y la sesi\u00f3n virtual permiti\u00f3 incorporar nuevas aportaciones, revisar los agrupamientos y afinar la interpretaci\u00f3n de los problemas.\u00bb<\/p>\n\n\n\n<p>Uno de los hallazgos m\u00e1s relevantes, apunta el facilitador, es que la cuesti\u00f3n no siempre es la ausencia de normas: \u00abTambi\u00e9n existen dificultades para localizar la normatividad disponible, conocer su vigencia, comprender c\u00f3mo se articula con otros instrumentos y acceder a referentes que puedan apoyar nuevas decisiones.\u00bb<\/p>\n\n\n\n<hr class=\"wp-block-coblocks-dynamic-separator\" style=\"height:50px\"\/>\n\n\n\n<figure class=\"wp-block-image size-large\"><img data-dominant-color=\"91887e\" data-has-transparency=\"false\" style=\"--dominant-color: #91887e;\" loading=\"lazy\" decoding=\"async\" width=\"1024\" height=\"768\" src=\"https:\/\/iberculturaviva.org\/wp-content\/uploads\/2026\/08\/WhatsApp-Image-2026-08-25-at-10.19.26-1-1024x768.jpeg\" alt=\"\" class=\"wp-image-60061 not-transparent\" srcset=\"https:\/\/iberculturaviva.org\/wp-content\/uploads\/2026\/08\/WhatsApp-Image-2026-08-25-at-10.19.26-1-1024x768.jpeg 1024w, https:\/\/iberculturaviva.org\/wp-content\/uploads\/2026\/08\/WhatsApp-Image-2026-08-25-at-10.19.26-1-300x225.jpeg 300w, https:\/\/iberculturaviva.org\/wp-content\/uploads\/2026\/08\/WhatsApp-Image-2026-08-25-at-10.19.26-1-150x113.jpeg 150w, https:\/\/iberculturaviva.org\/wp-content\/uploads\/2026\/08\/WhatsApp-Image-2026-08-25-at-10.19.26-1-768x576.jpeg 768w, https:\/\/iberculturaviva.org\/wp-content\/uploads\/2026\/08\/WhatsApp-Image-2026-08-25-at-10.19.26-1-1536x1152.jpeg 1536w, https:\/\/iberculturaviva.org\/wp-content\/uploads\/2026\/08\/WhatsApp-Image-2026-08-25-at-10.19.26-1.jpeg 1600w\" sizes=\"auto, (max-width: 1024px) 100vw, 1024px\" \/><\/figure>\n\n\n\n<hr class=\"wp-block-coblocks-dynamic-separator\" style=\"height:50px\"\/>\n\n\n\n<p><strong>Qu\u00e9 sigue<\/strong><br>Con las dos jornadas concluidas, los pr\u00f3ximos pasos ya est\u00e1n definidos. Benhabib los describe as\u00ed: \u00abA partir de este diagn\u00f3stico vamos a trabajar en el desarrollo del proyecto de inventario para que, con los gobiernos locales implicados, podamos avanzar en una actividad piloto de recopilaci\u00f3n y prueba del sistema, y despu\u00e9s en un nuevo trabajo presencial de validaci\u00f3n en la ciudad de Guadalajara, a inicios de noviembre.\u00bb<\/p>\n\n\n\n<p>Cuando est\u00e9 listo, el inventario deber\u00e1 permitir que un equipo de gesti\u00f3n cultural en cualquier ciudad iberoamericana encuentre no solo el texto de una norma, sino el problema que busc\u00f3 resolver y el camino que otra ciudad recorri\u00f3 antes. No se trata de copiar soluciones, ya que cada territorio tiene su propia realidad jur\u00eddica e institucional, sino de ofrecer referentes que ayuden a construir respuestas propias para garantizar el ejercicio de los derechos culturales.<\/p>\n\n\n\n<p><strong>Construcci\u00f3n colectiva<\/strong><strong><br><\/strong>La iniciativa se enmarca en el convenio de cooperaci\u00f3n firmado entre IberCultura Viva y Mercociudades. Entre los trabajos conjuntos previstos se encuentran el intercambio t\u00e9cnico entre gobiernos locales y redes culturales comunitarias, la formaci\u00f3n de agentes p\u00fablicos y comunitarios en pol\u00edticas culturales, la elaboraci\u00f3n y difusi\u00f3n de inventarios, mapeos y legislaciones sobre derechos culturales, la participaci\u00f3n conjunta en foros internacionales sobre cultura viva comunitaria y el fortalecimiento de la incidencia de los gobiernos locales en la agenda global de cultura.<\/p>\n","protected":false},"excerpt":{"rendered":"<p>Dos jornadas con m\u00e1s de 20 gobiernos subnacionales dieron inicio a la construcci\u00f3n de un inventario iberoamericano de normativas que sostienen, en el d\u00eda a d\u00eda, el ejercicio de los [&hellip;]<\/p>\n","protected":false},"author":2,"featured_media":60059,"comment_status":"closed","ping_status":"closed","sticky":false,"template":"","format":"standard","meta":{"_coblocks_attr":"","_coblocks_dimensions":"","_coblocks_responsive_height":"","_coblocks_accordion_ie_support":"","_EventAllDay":false,"_EventTimezone":"","_EventStartDate":"","_EventEndDate":"","_EventStartDateUTC":"","_EventEndDateUTC":"","_EventShowMap":false,"_EventShowMapLink":false,"_EventURL":"","_EventCost":"","_EventCostDescription":"","_EventCurrencySymbol":"","_EventCurrencyCode":"","_EventCurrencyPosition":"","_EventDateTimeSeparator":"","_EventTimeRangeSeparator":"","_EventOrganizerID":[],"_EventVenueID":[],"_OrganizerEmail":"","_OrganizerPhone":"","_OrganizerWebsite":"","_VenueAddress":"","_VenueCity":"","_VenueCountry":"","_VenueProvince":"","_VenueState":"","_VenueZip":"","_VenuePhone":"","_VenueURL":"","_VenueStateProvince":"","_VenueLat":"","_VenueLng":"","_VenueShowMap":false,"_VenueShowMapLink":false,"footnotes":""},"categories":[254,632,642,262],"tags":[],"country-municipality":[],"class_list":["post-60058","post","type-post","status-publish","format-standard","has-post-thumbnail","hentry","category-destaque-es","category-formacion","category-gobiernos-locales","category-noticias-es"],"yoast_head":"<!-- This site is optimized with the Yoast SEO plugin v25.7 - https:\/\/yoast.com\/wordpress\/plugins\/seo\/ -->\n<title>IberCultura Viva y Mercociudades trabajan para mapear normativas en derechos culturales en la regi\u00f3n - IberCultura Viva<\/title>\n<meta name=\"description\" content=\"IberCultura Viva y Mercociudades trabajan para mapear normativas en derechos culturales en la regi\u00f3n - IberCultura Viva\" \/>\n<meta name=\"robots\" content=\"index, follow, max-snippet:-1, max-image-preview:large, max-video-preview:-1\" \/>\n<link rel=\"canonical\" href=\"https:\/\/iberculturaviva.org\/es\/ibercultura-viva-y-mercociudades-trabajan-para-mapear-normativas-en-derechos-culturales-en-la-region\/\" \/>\n<meta property=\"og:locale\" content=\"es_ES\" \/>\n<meta property=\"og:type\" content=\"article\" \/>\n<meta property=\"og:title\" content=\"IberCultura Viva y Mercociudades trabajan para mapear normativas en derechos culturales en la regi\u00f3n - IberCultura Viva\" \/>\n<meta property=\"og:description\" content=\"IberCultura Viva y Mercociudades trabajan para mapear normativas en derechos culturales en la regi\u00f3n - IberCultura Viva\" \/>\n<meta property=\"og:url\" content=\"https:\/\/iberculturaviva.org\/es\/ibercultura-viva-y-mercociudades-trabajan-para-mapear-normativas-en-derechos-culturales-en-la-region\/\" \/>\n<meta property=\"og:site_name\" content=\"IberCultura Viva\" \/>\n<meta property=\"article:publisher\" content=\"https:\/\/www.facebook.com\/iberculturaviva\/\" \/>\n<meta property=\"article:published_time\" content=\"2026-08-31T13:27:46+00:00\" \/>\n<meta property=\"article:modified_time\" content=\"2026-08-31T13:27:49+00:00\" \/>\n<meta property=\"og:image\" content=\"https:\/\/iberculturaviva.org\/wp-content\/uploads\/2026\/08\/site-41.jpg\" \/>\n\t<meta property=\"og:image:width\" content=\"1366\" \/>\n\t<meta property=\"og:image:height\" content=\"768\" \/>\n\t<meta property=\"og:image:type\" content=\"image\/jpeg\" \/>\n<meta name=\"author\" content=\"IberCultura\" \/>\n<meta name=\"twitter:card\" content=\"summary_large_image\" \/>\n<meta name=\"twitter:label1\" content=\"Escrito por\" \/>\n\t<meta name=\"twitter:data1\" content=\"IberCultura\" \/>\n\t<meta name=\"twitter:label2\" content=\"Tiempo de lectura\" \/>\n\t<meta name=\"twitter:data2\" content=\"6 minutos\" \/>\n<script type=\"application\/ld+json\" class=\"yoast-schema-graph\">{\"@context\":\"https:\/\/schema.org\",\"@graph\":[{\"@type\":\"Article\",\"@id\":\"https:\/\/iberculturaviva.org\/es\/ibercultura-viva-y-mercociudades-trabajan-para-mapear-normativas-en-derechos-culturales-en-la-region\/#article\",\"isPartOf\":{\"@id\":\"https:\/\/iberculturaviva.org\/es\/ibercultura-viva-y-mercociudades-trabajan-para-mapear-normativas-en-derechos-culturales-en-la-region\/\"},\"author\":{\"name\":\"IberCultura\",\"@id\":\"https:\/\/iberculturaviva.org\/es\/?lang=es\/#\/schema\/person\/5d1313b072cc25536e0431522f740b59\"},\"headline\":\"IberCultura Viva y Mercociudades trabajan para mapear normativas en derechos culturales en la regi\u00f3n\",\"datePublished\":\"2026-08-31T13:27:46+00:00\",\"dateModified\":\"2026-08-31T13:27:49+00:00\",\"mainEntityOfPage\":{\"@id\":\"https:\/\/iberculturaviva.org\/es\/ibercultura-viva-y-mercociudades-trabajan-para-mapear-normativas-en-derechos-culturales-en-la-region\/\"},\"wordCount\":917,\"publisher\":{\"@id\":\"https:\/\/iberculturaviva.org\/es\/?lang=es\/#organization\"},\"image\":{\"@id\":\"https:\/\/iberculturaviva.org\/es\/ibercultura-viva-y-mercociudades-trabajan-para-mapear-normativas-en-derechos-culturales-en-la-region\/#primaryimage\"},\"thumbnailUrl\":\"https:\/\/iberculturaviva.org\/wp-content\/uploads\/2026\/08\/site-41.jpg\",\"articleSection\":[\"Destaque\",\"Formaci\u00f3n\",\"Gobiernos Locales\",\"Noticias\"],\"inLanguage\":\"es\"},{\"@type\":\"WebPage\",\"@id\":\"https:\/\/iberculturaviva.org\/es\/ibercultura-viva-y-mercociudades-trabajan-para-mapear-normativas-en-derechos-culturales-en-la-region\/\",\"url\":\"https:\/\/iberculturaviva.org\/es\/ibercultura-viva-y-mercociudades-trabajan-para-mapear-normativas-en-derechos-culturales-en-la-region\/\",\"name\":\"IberCultura Viva y Mercociudades trabajan para mapear normativas en derechos culturales en la regi\u00f3n - IberCultura Viva\",\"isPartOf\":{\"@id\":\"https:\/\/iberculturaviva.org\/es\/?lang=es\/#website\"},\"primaryImageOfPage\":{\"@id\":\"https:\/\/iberculturaviva.org\/es\/ibercultura-viva-y-mercociudades-trabajan-para-mapear-normativas-en-derechos-culturales-en-la-region\/#primaryimage\"},\"image\":{\"@id\":\"https:\/\/iberculturaviva.org\/es\/ibercultura-viva-y-mercociudades-trabajan-para-mapear-normativas-en-derechos-culturales-en-la-region\/#primaryimage\"},\"thumbnailUrl\":\"https:\/\/iberculturaviva.org\/wp-content\/uploads\/2026\/08\/site-41.jpg\",\"datePublished\":\"2026-08-31T13:27:46+00:00\",\"dateModified\":\"2026-08-31T13:27:49+00:00\",\"description\":\"IberCultura Viva y Mercociudades trabajan para mapear normativas en derechos culturales en la regi\u00f3n - IberCultura Viva\",\"breadcrumb\":{\"@id\":\"https:\/\/iberculturaviva.org\/es\/ibercultura-viva-y-mercociudades-trabajan-para-mapear-normativas-en-derechos-culturales-en-la-region\/#breadcrumb\"},\"inLanguage\":\"es\",\"potentialAction\":[{\"@type\":\"ReadAction\",\"target\":[\"https:\/\/iberculturaviva.org\/es\/ibercultura-viva-y-mercociudades-trabajan-para-mapear-normativas-en-derechos-culturales-en-la-region\/\"]}]},{\"@type\":\"ImageObject\",\"inLanguage\":\"es\",\"@id\":\"https:\/\/iberculturaviva.org\/es\/ibercultura-viva-y-mercociudades-trabajan-para-mapear-normativas-en-derechos-culturales-en-la-region\/#primaryimage\",\"url\":\"https:\/\/iberculturaviva.org\/wp-content\/uploads\/2026\/08\/site-41.jpg\",\"contentUrl\":\"https:\/\/iberculturaviva.org\/wp-content\/uploads\/2026\/08\/site-41.jpg\",\"width\":1366,\"height\":768},{\"@type\":\"BreadcrumbList\",\"@id\":\"https:\/\/iberculturaviva.org\/es\/ibercultura-viva-y-mercociudades-trabajan-para-mapear-normativas-en-derechos-culturales-en-la-region\/#breadcrumb\",\"itemListElement\":[{\"@type\":\"ListItem\",\"position\":1,\"name\":\"In\u00edcio\",\"item\":\"https:\/\/iberculturaviva.org\/es\/inicio\/\"},{\"@type\":\"ListItem\",\"position\":2,\"name\":\"IberCultura Viva y Mercociudades trabajan para mapear normativas en derechos culturales en la regi\u00f3n\"}]},{\"@type\":\"WebSite\",\"@id\":\"https:\/\/iberculturaviva.org\/es\/?lang=es\/#website\",\"url\":\"https:\/\/iberculturaviva.org\/es\/?lang=es\/\",\"name\":\"IberCultura Viva\",\"description\":\"Programa de cooperaci\u00f3n cultural\",\"publisher\":{\"@id\":\"https:\/\/iberculturaviva.org\/es\/?lang=es\/#organization\"},\"potentialAction\":[{\"@type\":\"SearchAction\",\"target\":{\"@type\":\"EntryPoint\",\"urlTemplate\":\"https:\/\/iberculturaviva.org\/es\/?lang=es\/?s={search_term_string}\"},\"query-input\":{\"@type\":\"PropertyValueSpecification\",\"valueRequired\":true,\"valueName\":\"search_term_string\"}}],\"inLanguage\":\"es\"},{\"@type\":\"Organization\",\"@id\":\"https:\/\/iberculturaviva.org\/es\/?lang=es\/#organization\",\"name\":\"Iberculturaviva\",\"url\":\"https:\/\/iberculturaviva.org\/es\/?lang=es\/\",\"logo\":{\"@type\":\"ImageObject\",\"inLanguage\":\"es\",\"@id\":\"https:\/\/iberculturaviva.org\/es\/?lang=es\/#\/schema\/logo\/image\/\",\"url\":\"https:\/\/iberculturaviva.org\/wp-content\/uploads\/2021\/08\/logo_ibercultura_viva.jpg\",\"contentUrl\":\"https:\/\/iberculturaviva.org\/wp-content\/uploads\/2021\/08\/logo_ibercultura_viva.jpg\",\"width\":708,\"height\":223,\"caption\":\"Iberculturaviva\"},\"image\":{\"@id\":\"https:\/\/iberculturaviva.org\/es\/?lang=es\/#\/schema\/logo\/image\/\"},\"sameAs\":[\"https:\/\/www.facebook.com\/iberculturaviva\/\",\"https:\/\/www.instagram.com\/iberculturaviva\/\",\"https:\/\/www.youtube.com\/iberculturaviva\"]},{\"@type\":\"Person\",\"@id\":\"https:\/\/iberculturaviva.org\/es\/?lang=es\/#\/schema\/person\/5d1313b072cc25536e0431522f740b59\",\"name\":\"IberCultura\",\"image\":{\"@type\":\"ImageObject\",\"inLanguage\":\"es\",\"@id\":\"https:\/\/iberculturaviva.org\/es\/?lang=es\/#\/schema\/person\/image\/\",\"url\":\"https:\/\/secure.gravatar.com\/avatar\/79f1a057cb125cbefb3765d0356d52fc7f3bba3a35e2cf22bc4de090bb7aef70?s=96&d=mm&r=g\",\"contentUrl\":\"https:\/\/secure.gravatar.com\/avatar\/79f1a057cb125cbefb3765d0356d52fc7f3bba3a35e2cf22bc4de090bb7aef70?s=96&d=mm&r=g\",\"caption\":\"IberCultura\"}}]}<\/script>\n<!-- \/ Yoast SEO plugin. -->","yoast_head_json":{"title":"IberCultura Viva y Mercociudades trabajan para mapear normativas en derechos culturales en la regi\u00f3n - IberCultura Viva","description":"IberCultura Viva y Mercociudades trabajan para mapear normativas en derechos culturales en la regi\u00f3n - IberCultura Viva","robots":{"index":"index","follow":"follow","max-snippet":"max-snippet:-1","max-image-preview":"max-image-preview:large","max-video-preview":"max-video-preview:-1"},"canonical":"https:\/\/iberculturaviva.org\/es\/ibercultura-viva-y-mercociudades-trabajan-para-mapear-normativas-en-derechos-culturales-en-la-region\/","og_locale":"es_ES","og_type":"article","og_title":"IberCultura Viva y Mercociudades trabajan para mapear normativas en derechos culturales en la regi\u00f3n - IberCultura Viva","og_description":"IberCultura Viva y Mercociudades trabajan para mapear normativas en derechos culturales en la regi\u00f3n - IberCultura Viva","og_url":"https:\/\/iberculturaviva.org\/es\/ibercultura-viva-y-mercociudades-trabajan-para-mapear-normativas-en-derechos-culturales-en-la-region\/","og_site_name":"IberCultura Viva","article_publisher":"https:\/\/www.facebook.com\/iberculturaviva\/","article_published_time":"2026-08-31T13:27:46+00:00","article_modified_time":"2026-08-31T13:27:49+00:00","og_image":[{"width":1366,"height":768,"url":"https:\/\/iberculturaviva.org\/wp-content\/uploads\/2026\/08\/site-41.jpg","type":"image\/jpeg"}],"author":"IberCultura","twitter_card":"summary_large_image","twitter_misc":{"Escrito por":"IberCultura","Tiempo de lectura":"6 minutos"},"schema":{"@context":"https:\/\/schema.org","@graph":[{"@type":"Article","@id":"https:\/\/iberculturaviva.org\/es\/ibercultura-viva-y-mercociudades-trabajan-para-mapear-normativas-en-derechos-culturales-en-la-region\/#article","isPartOf":{"@id":"https:\/\/iberculturaviva.org\/es\/ibercultura-viva-y-mercociudades-trabajan-para-mapear-normativas-en-derechos-culturales-en-la-region\/"},"author":{"name":"IberCultura","@id":"https:\/\/iberculturaviva.org\/es\/?lang=es\/#\/schema\/person\/5d1313b072cc25536e0431522f740b59"},"headline":"IberCultura Viva y Mercociudades trabajan para mapear normativas en derechos culturales en la regi\u00f3n","datePublished":"2026-08-31T13:27:46+00:00","dateModified":"2026-08-31T13:27:49+00:00","mainEntityOfPage":{"@id":"https:\/\/iberculturaviva.org\/es\/ibercultura-viva-y-mercociudades-trabajan-para-mapear-normativas-en-derechos-culturales-en-la-region\/"},"wordCount":917,"publisher":{"@id":"https:\/\/iberculturaviva.org\/es\/?lang=es\/#organization"},"image":{"@id":"https:\/\/iberculturaviva.org\/es\/ibercultura-viva-y-mercociudades-trabajan-para-mapear-normativas-en-derechos-culturales-en-la-region\/#primaryimage"},"thumbnailUrl":"https:\/\/iberculturaviva.org\/wp-content\/uploads\/2026\/08\/site-41.jpg","articleSection":["Destaque","Formaci\u00f3n","Gobiernos Locales","Noticias"],"inLanguage":"es"},{"@type":"WebPage","@id":"https:\/\/iberculturaviva.org\/es\/ibercultura-viva-y-mercociudades-trabajan-para-mapear-normativas-en-derechos-culturales-en-la-region\/","url":"https:\/\/iberculturaviva.org\/es\/ibercultura-viva-y-mercociudades-trabajan-para-mapear-normativas-en-derechos-culturales-en-la-region\/","name":"IberCultura Viva y Mercociudades trabajan para mapear normativas en derechos culturales en la regi\u00f3n - IberCultura Viva","isPartOf":{"@id":"https:\/\/iberculturaviva.org\/es\/?lang=es\/#website"},"primaryImageOfPage":{"@id":"https:\/\/iberculturaviva.org\/es\/ibercultura-viva-y-mercociudades-trabajan-para-mapear-normativas-en-derechos-culturales-en-la-region\/#primaryimage"},"image":{"@id":"https:\/\/iberculturaviva.org\/es\/ibercultura-viva-y-mercociudades-trabajan-para-mapear-normativas-en-derechos-culturales-en-la-region\/#primaryimage"},"thumbnailUrl":"https:\/\/iberculturaviva.org\/wp-content\/uploads\/2026\/08\/site-41.jpg","datePublished":"2026-08-31T13:27:46+00:00","dateModified":"2026-08-31T13:27:49+00:00","description":"IberCultura Viva y Mercociudades trabajan para mapear normativas en derechos culturales en la regi\u00f3n - IberCultura Viva","breadcrumb":{"@id":"https:\/\/iberculturaviva.org\/es\/ibercultura-viva-y-mercociudades-trabajan-para-mapear-normativas-en-derechos-culturales-en-la-region\/#breadcrumb"},"inLanguage":"es","potentialAction":[{"@type":"ReadAction","target":["https:\/\/iberculturaviva.org\/es\/ibercultura-viva-y-mercociudades-trabajan-para-mapear-normativas-en-derechos-culturales-en-la-region\/"]}]},{"@type":"ImageObject","inLanguage":"es","@id":"https:\/\/iberculturaviva.org\/es\/ibercultura-viva-y-mercociudades-trabajan-para-mapear-normativas-en-derechos-culturales-en-la-region\/#primaryimage","url":"https:\/\/iberculturaviva.org\/wp-content\/uploads\/2026\/08\/site-41.jpg","contentUrl":"https:\/\/iberculturaviva.org\/wp-content\/uploads\/2026\/08\/site-41.jpg","width":1366,"height":768},{"@type":"BreadcrumbList","@id":"https:\/\/iberculturaviva.org\/es\/ibercultura-viva-y-mercociudades-trabajan-para-mapear-normativas-en-derechos-culturales-en-la-region\/#breadcrumb","itemListElement":[{"@type":"ListItem","position":1,"name":"In\u00edcio","item":"https:\/\/iberculturaviva.org\/es\/inicio\/"},{"@type":"ListItem","position":2,"name":"IberCultura Viva y Mercociudades trabajan para mapear normativas en derechos culturales en la regi\u00f3n"}]},{"@type":"WebSite","@id":"https:\/\/iberculturaviva.org\/es\/?lang=es\/#website","url":"https:\/\/iberculturaviva.org\/es\/?lang=es\/","name":"IberCultura Viva","description":"Programa de cooperaci\u00f3n cultural","publisher":{"@id":"https:\/\/iberculturaviva.org\/es\/?lang=es\/#organization"},"potentialAction":[{"@type":"SearchAction","target":{"@type":"EntryPoint","urlTemplate":"https:\/\/iberculturaviva.org\/es\/?lang=es\/?s={search_term_string}"},"query-input":{"@type":"PropertyValueSpecification","valueRequired":true,"valueName":"search_term_string"}}],"inLanguage":"es"},{"@type":"Organization","@id":"https:\/\/iberculturaviva.org\/es\/?lang=es\/#organization","name":"Iberculturaviva","url":"https:\/\/iberculturaviva.org\/es\/?lang=es\/","logo":{"@type":"ImageObject","inLanguage":"es","@id":"https:\/\/iberculturaviva.org\/es\/?lang=es\/#\/schema\/logo\/image\/","url":"https:\/\/iberculturaviva.org\/wp-content\/uploads\/2021\/08\/logo_ibercultura_viva.jpg","contentUrl":"https:\/\/iberculturaviva.org\/wp-content\/uploads\/2021\/08\/logo_ibercultura_viva.jpg","width":708,"height":223,"caption":"Iberculturaviva"},"image":{"@id":"https:\/\/iberculturaviva.org\/es\/?lang=es\/#\/schema\/logo\/image\/"},"sameAs":["https:\/\/www.facebook.com\/iberculturaviva\/","https:\/\/www.instagram.com\/iberculturaviva\/","https:\/\/www.youtube.com\/iberculturaviva"]},{"@type":"Person","@id":"https:\/\/iberculturaviva.org\/es\/?lang=es\/#\/schema\/person\/5d1313b072cc25536e0431522f740b59","name":"IberCultura","image":{"@type":"ImageObject","inLanguage":"es","@id":"https:\/\/iberculturaviva.org\/es\/?lang=es\/#\/schema\/person\/image\/","url":"https:\/\/secure.gravatar.com\/avatar\/79f1a057cb125cbefb3765d0356d52fc7f3bba3a35e2cf22bc4de090bb7aef70?s=96&d=mm&r=g","contentUrl":"https:\/\/secure.gravatar.com\/avatar\/79f1a057cb125cbefb3765d0356d52fc7f3bba3a35e2cf22bc4de090bb7aef70?s=96&d=mm&r=g","caption":"IberCultura"}}]}},"main_category":{"link":"https:\/\/iberculturaviva.org\/es\/category\/noticias-es\/","name":"Noticias","slug":"noticias-es"},"_links":{"self":[{"href":"https:\/\/iberculturaviva.org\/es\/wp-json\/wp\/v2\/posts\/60058","targetHints":{"allow":["GET"]}}],"collection":[{"href":"https:\/\/iberculturaviva.org\/es\/wp-json\/wp\/v2\/posts"}],"about":[{"href":"https:\/\/iberculturaviva.org\/es\/wp-json\/wp\/v2\/types\/post"}],"author":[{"embeddable":true,"href":"https:\/\/iberculturaviva.org\/es\/wp-json\/wp\/v2\/users\/2"}],"replies":[{"embeddable":true,"href":"https:\/\/iberculturaviva.org\/es\/wp-json\/wp\/v2\/comments?post=60058"}],"version-history":[{"count":1,"href":"https:\/\/iberculturaviva.org\/es\/wp-json\/wp\/v2\/posts\/60058\/revisions"}],"predecessor-version":[{"id":60065,"href":"https:\/\/iberculturaviva.org\/es\/wp-json\/wp\/v2\/posts\/60058\/revisions\/60065"}],"wp:featuredmedia":[{"embeddable":true,"href":"https:\/\/iberculturaviva.org\/es\/wp-json\/wp\/v2\/media\/60059"}],"wp:attachment":[{"href":"https:\/\/iberculturaviva.org\/es\/wp-json\/wp\/v2\/media?parent=60058"}],"wp:term":[{"taxonomy":"category","embeddable":true,"href":"https:\/\/iberculturaviva.org\/es\/wp-json\/wp\/v2\/categories?post=60058"},{"taxonomy":"post_tag","embeddable":true,"href":"https:\/\/iberculturaviva.org\/es\/wp-json\/wp\/v2\/tags?post=60058"},{"taxonomy":"country-municipality","embeddable":true,"href":"https:\/\/iberculturaviva.org\/es\/wp-json\/wp\/v2\/country-municipality?post=60058"}],"curies":[{"name":"wp","href":"https:\/\/api.w.org\/{rel}","templated":true}]}}