{"id":55300,"date":"2026-04-27T12:11:48","date_gmt":"2026-04-27T15:11:48","guid":{"rendered":"https:\/\/iberculturaviva.org\/aula-inaugural-do-curso-de-pos-graduacao-sera-nesta-quarta-feira-29\/"},"modified":"2026-04-27T12:43:30","modified_gmt":"2026-04-27T15:43:30","slug":"aula-inaugural-do-curso-de-pos-graduacao-sera-nesta-quarta-feira-29","status":"publish","type":"post","link":"https:\/\/iberculturaviva.org\/es\/aula-inaugural-do-curso-de-pos-graduacao-sera-nesta-quarta-feira-29\/","title":{"rendered":"Clase inaugural del Posgrado se realizar\u00e1 este mi\u00e9rcoles (29)"},"content":{"rendered":"\n<h3 class=\"wp-block-heading has-primary-dark-color has-text-color has-link-color wp-elements-e64f5a87dfb84e89f96941cc2d485df9\"><em>El encuentro de bienvenida de la novena edici\u00f3n del curso de Pol\u00edticas Culturales de Base Comunitaria ser\u00e1 abierto al p\u00fablico y podr\u00e1 seguirse a trav\u00e9s del canal de YouTube del Programa IberCultura Viva<\/em><\/h3>\n\n\n\n<p>La Cultura Viva se fortalece cuando el conocimiento circula entre territorios diversos. Con ese esp\u00edritu, el pr\u00f3ximo mi\u00e9rcoles 29 de abril, a las 12h (hora de Buenos Aires), se realizar\u00e1 la clase inaugural de la novena cohorte del Posgrado en Pol\u00edticas Culturales de Base Comunitaria, una iniciativa conjunta de la Facultad Latinoamericana de Ciencias Sociales (FLACSO-Argentina) y del Programa IberCultura Viva.<\/p>\n\n\n\n<p>La apertura contar\u00e1 con la participaci\u00f3n de representantes del Programa y de la dupla de coordinaci\u00f3n acad\u00e9mica del curso, Bel\u00e9n Igarz\u00e1bal y Franco Rizzi, junto con el equipo de tutor\u00eda del \u00c1rea de Comunicaci\u00f3n y Cultura de FLACSO-Argentina.<\/p>\n\n\n\n<p>En esta primera clase se presentar\u00e1n los lineamientos generales del curso, la metodolog\u00eda de trabajo, la din\u00e1mica de los foros y las orientaciones para las actividades que se desarrollar\u00e1n a lo largo del a\u00f1o. La actividad ser\u00e1 abierta al p\u00fablico, con transmisi\u00f3n en vivo por el canal de YouTube de IberCultura Viva.<\/p>\n\n\n\n<p>La propuesta acad\u00e9mica est\u00e1 estructurada en cinco m\u00f3dulos tem\u00e1ticos: \u201cProcesos culturales contempor\u00e1neos\u201d, \u201cPol\u00edticas culturales\u201d, \u201cCultura de base comunitaria\u201d, \u201cRedes y cultura colaborativa\u201d y \u201cDise\u00f1o, monitoreo y evaluaci\u00f3n de pol\u00edticas p\u00fablicas\u201d, adem\u00e1s de un m\u00f3dulo introductorio. Las clases se publicar\u00e1n semanalmente en formatos escritos y audiovisuales, con acceso habilitado dentro de cada semana.<\/p>\n\n\n\n<p><strong>Una trayectoria de formaci\u00f3n que transforma<\/strong><\/p>\n\n\n\n<p>La Cultura Viva Comunitaria contin\u00faa reafirmando su vocaci\u00f3n de producir conocimiento desde los territorios, fortaleciendo redes y ampliando horizontes. Pr\u00f3ximo a cumplir 10 a\u00f1os, el curso se desarrollar\u00e1 entre abril y diciembre de 2026, en modalidad virtual. La formaci\u00f3n es 100% en l\u00ednea, con clases sincr\u00f3nicas y asincr\u00f3nicas, una plataforma de estudio y espacios de intercambio entre las personas participantes. Desde 2018, IberCultura Viva ha otorgado aproximadamente 1.000 becas, consolidando una red plural y comprometida con el fortalecimiento de las pol\u00edticas culturales de base comunitaria en toda Iberoam\u00e9rica.<\/p>\n\n\n\n<p>El recorrido formativo articula reflexi\u00f3n cr\u00edtica, pr\u00e1ctica territorial y herramientas concretas de gesti\u00f3n cultural. Con un curr\u00edculo amplio, la formaci\u00f3n aborda desde los procesos culturales contempor\u00e1neos hasta instrumentos de planificaci\u00f3n, monitoreo y evaluaci\u00f3n de pol\u00edticas p\u00fablicas orientadas a territorios y comunidades. M\u00e1s que un curso, el posgrado se consolida como un espacio de encuentro entre saberes, experiencias y trayectorias diversas.<\/p>\n\n\n\n<p class=\"is-style-info\"><strong><a href=\"https:\/\/www.youtube.com\/live\/ilwTmQTpxDo?si=dBk8uPU9UxRaSsv2\">\u00a1Activa el recordatorio y acomp\u00e1\u00f1anos en la clase de bienvenida a trav\u00e9s de nuestro canal de YouTube! <\/a><\/strong><\/p>\n\n\n\n<figure class=\"wp-block-embed is-type-video is-provider-youtube wp-block-embed-youtube wp-embed-aspect-4-3 wp-has-aspect-ratio\"><div class=\"wp-block-embed__wrapper\">\n<iframe loading=\"lazy\" title=\"\ud83d\udd34CLASE ABIERTA |  Posgrado en Pol\u00edticas Culturales de Base Comunitaria 2026\" width=\"500\" height=\"375\" src=\"https:\/\/www.youtube.com\/embed\/ilwTmQTpxDo?feature=oembed\" frameborder=\"0\" allow=\"accelerometer; autoplay; clipboard-write; encrypted-media; gyroscope; picture-in-picture; web-share\" referrerpolicy=\"strict-origin-when-cross-origin\" allowfullscreen><\/iframe>\n<\/div><\/figure>\n","protected":false},"excerpt":{"rendered":"<p>El encuentro de bienvenida de la novena edici\u00f3n del curso de Pol\u00edticas Culturales de Base Comunitaria ser\u00e1 abierto al p\u00fablico y podr\u00e1 seguirse a trav\u00e9s del canal de YouTube del [&hellip;]<\/p>\n","protected":false},"author":2,"featured_media":55295,"comment_status":"closed","ping_status":"closed","sticky":false,"template":"","format":"standard","meta":{"_coblocks_attr":"","_coblocks_dimensions":"","_coblocks_responsive_height":"","_coblocks_accordion_ie_support":"","_EventAllDay":false,"_EventTimezone":"","_EventStartDate":"","_EventEndDate":"","_EventStartDateUTC":"","_EventEndDateUTC":"","_EventShowMap":false,"_EventShowMapLink":false,"_EventURL":"","_EventCost":"","_EventCostDescription":"","_EventCurrencySymbol":"","_EventCurrencyCode":"","_EventCurrencyPosition":"","_EventDateTimeSeparator":"","_EventTimeRangeSeparator":"","_EventOrganizerID":[],"_EventVenueID":[],"_OrganizerEmail":"","_OrganizerPhone":"","_OrganizerWebsite":"","_VenueAddress":"","_VenueCity":"","_VenueCountry":"","_VenueProvince":"","_VenueState":"","_VenueZip":"","_VenuePhone":"","_VenueURL":"","_VenueStateProvince":"","_VenueLat":"","_VenueLng":"","_VenueShowMap":false,"_VenueShowMapLink":false,"footnotes":""},"categories":[254,633,262],"tags":[],"country-municipality":[],"class_list":["post-55300","post","type-post","status-publish","format-standard","has-post-thumbnail","hentry","category-destaque-es","category-flacso-es","category-noticias-es"],"yoast_head":"<!-- This site is optimized with the Yoast SEO plugin v25.7 - https:\/\/yoast.com\/wordpress\/plugins\/seo\/ -->\n<title>Clase inaugural del Posgrado se realizar\u00e1 este mi\u00e9rcoles (29) - IberCultura Viva<\/title>\n<meta name=\"description\" content=\"Clase inaugural del Posgrado se realizar\u00e1 este mi\u00e9rcoles (29) - IberCultura Viva\" \/>\n<meta name=\"robots\" content=\"index, follow, max-snippet:-1, max-image-preview:large, max-video-preview:-1\" \/>\n<link rel=\"canonical\" href=\"https:\/\/iberculturaviva.org\/es\/aula-inaugural-do-curso-de-pos-graduacao-sera-nesta-quarta-feira-29\/\" \/>\n<meta property=\"og:locale\" content=\"es_ES\" \/>\n<meta property=\"og:type\" content=\"article\" \/>\n<meta property=\"og:title\" content=\"Clase inaugural del Posgrado se realizar\u00e1 este mi\u00e9rcoles (29) - IberCultura Viva\" \/>\n<meta property=\"og:description\" content=\"Clase inaugural del Posgrado se realizar\u00e1 este mi\u00e9rcoles (29) - IberCultura Viva\" \/>\n<meta property=\"og:url\" content=\"https:\/\/iberculturaviva.org\/es\/aula-inaugural-do-curso-de-pos-graduacao-sera-nesta-quarta-feira-29\/\" \/>\n<meta property=\"og:site_name\" content=\"IberCultura Viva\" \/>\n<meta property=\"article:publisher\" content=\"https:\/\/www.facebook.com\/iberculturaviva\/\" \/>\n<meta property=\"article:published_time\" content=\"2026-04-27T15:11:48+00:00\" \/>\n<meta property=\"article:modified_time\" content=\"2026-04-27T15:43:30+00:00\" \/>\n<meta property=\"og:image\" content=\"https:\/\/iberculturaviva.org\/wp-content\/uploads\/2026\/04\/convocatoria-grafica-para-flor-2.jpg\" \/>\n\t<meta property=\"og:image:width\" content=\"1366\" \/>\n\t<meta property=\"og:image:height\" content=\"768\" \/>\n\t<meta property=\"og:image:type\" content=\"image\/jpeg\" \/>\n<meta name=\"author\" content=\"IberCultura\" \/>\n<meta name=\"twitter:card\" content=\"summary_large_image\" \/>\n<meta name=\"twitter:label1\" content=\"Escrito por\" \/>\n\t<meta name=\"twitter:data1\" content=\"IberCultura\" \/>\n\t<meta name=\"twitter:label2\" content=\"Tiempo de lectura\" \/>\n\t<meta name=\"twitter:data2\" content=\"3 minutos\" \/>\n<script type=\"application\/ld+json\" class=\"yoast-schema-graph\">{\"@context\":\"https:\/\/schema.org\",\"@graph\":[{\"@type\":\"Article\",\"@id\":\"https:\/\/iberculturaviva.org\/es\/aula-inaugural-do-curso-de-pos-graduacao-sera-nesta-quarta-feira-29\/#article\",\"isPartOf\":{\"@id\":\"https:\/\/iberculturaviva.org\/es\/aula-inaugural-do-curso-de-pos-graduacao-sera-nesta-quarta-feira-29\/\"},\"author\":{\"name\":\"IberCultura\",\"@id\":\"https:\/\/iberculturaviva.org\/es\/?lang=es\/#\/schema\/person\/5d1313b072cc25536e0431522f740b59\"},\"headline\":\"Clase inaugural del Posgrado se realizar\u00e1 este mi\u00e9rcoles (29)\",\"datePublished\":\"2026-04-27T15:11:48+00:00\",\"dateModified\":\"2026-04-27T15:43:30+00:00\",\"mainEntityOfPage\":{\"@id\":\"https:\/\/iberculturaviva.org\/es\/aula-inaugural-do-curso-de-pos-graduacao-sera-nesta-quarta-feira-29\/\"},\"wordCount\":476,\"publisher\":{\"@id\":\"https:\/\/iberculturaviva.org\/es\/?lang=es\/#organization\"},\"image\":{\"@id\":\"https:\/\/iberculturaviva.org\/es\/aula-inaugural-do-curso-de-pos-graduacao-sera-nesta-quarta-feira-29\/#primaryimage\"},\"thumbnailUrl\":\"https:\/\/iberculturaviva.org\/wp-content\/uploads\/2026\/04\/convocatoria-grafica-para-flor-2.jpg\",\"articleSection\":[\"Destaque\",\"FLACSO\",\"Noticias\"],\"inLanguage\":\"es\"},{\"@type\":\"WebPage\",\"@id\":\"https:\/\/iberculturaviva.org\/es\/aula-inaugural-do-curso-de-pos-graduacao-sera-nesta-quarta-feira-29\/\",\"url\":\"https:\/\/iberculturaviva.org\/es\/aula-inaugural-do-curso-de-pos-graduacao-sera-nesta-quarta-feira-29\/\",\"name\":\"Clase inaugural del Posgrado se realizar\u00e1 este mi\u00e9rcoles (29) - IberCultura Viva\",\"isPartOf\":{\"@id\":\"https:\/\/iberculturaviva.org\/es\/?lang=es\/#website\"},\"primaryImageOfPage\":{\"@id\":\"https:\/\/iberculturaviva.org\/es\/aula-inaugural-do-curso-de-pos-graduacao-sera-nesta-quarta-feira-29\/#primaryimage\"},\"image\":{\"@id\":\"https:\/\/iberculturaviva.org\/es\/aula-inaugural-do-curso-de-pos-graduacao-sera-nesta-quarta-feira-29\/#primaryimage\"},\"thumbnailUrl\":\"https:\/\/iberculturaviva.org\/wp-content\/uploads\/2026\/04\/convocatoria-grafica-para-flor-2.jpg\",\"datePublished\":\"2026-04-27T15:11:48+00:00\",\"dateModified\":\"2026-04-27T15:43:30+00:00\",\"description\":\"Clase inaugural del Posgrado se realizar\u00e1 este mi\u00e9rcoles (29) - IberCultura Viva\",\"breadcrumb\":{\"@id\":\"https:\/\/iberculturaviva.org\/es\/aula-inaugural-do-curso-de-pos-graduacao-sera-nesta-quarta-feira-29\/#breadcrumb\"},\"inLanguage\":\"es\",\"potentialAction\":[{\"@type\":\"ReadAction\",\"target\":[\"https:\/\/iberculturaviva.org\/es\/aula-inaugural-do-curso-de-pos-graduacao-sera-nesta-quarta-feira-29\/\"]}]},{\"@type\":\"ImageObject\",\"inLanguage\":\"es\",\"@id\":\"https:\/\/iberculturaviva.org\/es\/aula-inaugural-do-curso-de-pos-graduacao-sera-nesta-quarta-feira-29\/#primaryimage\",\"url\":\"https:\/\/iberculturaviva.org\/wp-content\/uploads\/2026\/04\/convocatoria-grafica-para-flor-2.jpg\",\"contentUrl\":\"https:\/\/iberculturaviva.org\/wp-content\/uploads\/2026\/04\/convocatoria-grafica-para-flor-2.jpg\",\"width\":1366,\"height\":768},{\"@type\":\"BreadcrumbList\",\"@id\":\"https:\/\/iberculturaviva.org\/es\/aula-inaugural-do-curso-de-pos-graduacao-sera-nesta-quarta-feira-29\/#breadcrumb\",\"itemListElement\":[{\"@type\":\"ListItem\",\"position\":1,\"name\":\"In\u00edcio\",\"item\":\"https:\/\/iberculturaviva.org\/es\/inicio\/\"},{\"@type\":\"ListItem\",\"position\":2,\"name\":\"Clase inaugural del Posgrado se realizar\u00e1 este mi\u00e9rcoles (29)\"}]},{\"@type\":\"WebSite\",\"@id\":\"https:\/\/iberculturaviva.org\/es\/?lang=es\/#website\",\"url\":\"https:\/\/iberculturaviva.org\/es\/?lang=es\/\",\"name\":\"IberCultura Viva\",\"description\":\"Programa de cooperaci\u00f3n cultural\",\"publisher\":{\"@id\":\"https:\/\/iberculturaviva.org\/es\/?lang=es\/#organization\"},\"potentialAction\":[{\"@type\":\"SearchAction\",\"target\":{\"@type\":\"EntryPoint\",\"urlTemplate\":\"https:\/\/iberculturaviva.org\/es\/?lang=es\/?s={search_term_string}\"},\"query-input\":{\"@type\":\"PropertyValueSpecification\",\"valueRequired\":true,\"valueName\":\"search_term_string\"}}],\"inLanguage\":\"es\"},{\"@type\":\"Organization\",\"@id\":\"https:\/\/iberculturaviva.org\/es\/?lang=es\/#organization\",\"name\":\"Iberculturaviva\",\"url\":\"https:\/\/iberculturaviva.org\/es\/?lang=es\/\",\"logo\":{\"@type\":\"ImageObject\",\"inLanguage\":\"es\",\"@id\":\"https:\/\/iberculturaviva.org\/es\/?lang=es\/#\/schema\/logo\/image\/\",\"url\":\"https:\/\/iberculturaviva.org\/wp-content\/uploads\/2021\/08\/logo_ibercultura_viva.jpg\",\"contentUrl\":\"https:\/\/iberculturaviva.org\/wp-content\/uploads\/2021\/08\/logo_ibercultura_viva.jpg\",\"width\":708,\"height\":223,\"caption\":\"Iberculturaviva\"},\"image\":{\"@id\":\"https:\/\/iberculturaviva.org\/es\/?lang=es\/#\/schema\/logo\/image\/\"},\"sameAs\":[\"https:\/\/www.facebook.com\/iberculturaviva\/\",\"https:\/\/www.instagram.com\/iberculturaviva\/\",\"https:\/\/www.youtube.com\/iberculturaviva\"]},{\"@type\":\"Person\",\"@id\":\"https:\/\/iberculturaviva.org\/es\/?lang=es\/#\/schema\/person\/5d1313b072cc25536e0431522f740b59\",\"name\":\"IberCultura\",\"image\":{\"@type\":\"ImageObject\",\"inLanguage\":\"es\",\"@id\":\"https:\/\/iberculturaviva.org\/es\/?lang=es\/#\/schema\/person\/image\/\",\"url\":\"https:\/\/secure.gravatar.com\/avatar\/79f1a057cb125cbefb3765d0356d52fc7f3bba3a35e2cf22bc4de090bb7aef70?s=96&d=mm&r=g\",\"contentUrl\":\"https:\/\/secure.gravatar.com\/avatar\/79f1a057cb125cbefb3765d0356d52fc7f3bba3a35e2cf22bc4de090bb7aef70?s=96&d=mm&r=g\",\"caption\":\"IberCultura\"}}]}<\/script>\n<!-- \/ Yoast SEO plugin. -->","yoast_head_json":{"title":"Clase inaugural del Posgrado se realizar\u00e1 este mi\u00e9rcoles (29) - IberCultura Viva","description":"Clase inaugural del Posgrado se realizar\u00e1 este mi\u00e9rcoles (29) - IberCultura Viva","robots":{"index":"index","follow":"follow","max-snippet":"max-snippet:-1","max-image-preview":"max-image-preview:large","max-video-preview":"max-video-preview:-1"},"canonical":"https:\/\/iberculturaviva.org\/es\/aula-inaugural-do-curso-de-pos-graduacao-sera-nesta-quarta-feira-29\/","og_locale":"es_ES","og_type":"article","og_title":"Clase inaugural del Posgrado se realizar\u00e1 este mi\u00e9rcoles (29) - IberCultura Viva","og_description":"Clase inaugural del Posgrado se realizar\u00e1 este mi\u00e9rcoles (29) - IberCultura Viva","og_url":"https:\/\/iberculturaviva.org\/es\/aula-inaugural-do-curso-de-pos-graduacao-sera-nesta-quarta-feira-29\/","og_site_name":"IberCultura Viva","article_publisher":"https:\/\/www.facebook.com\/iberculturaviva\/","article_published_time":"2026-04-27T15:11:48+00:00","article_modified_time":"2026-04-27T15:43:30+00:00","og_image":[{"width":1366,"height":768,"url":"https:\/\/iberculturaviva.org\/wp-content\/uploads\/2026\/04\/convocatoria-grafica-para-flor-2.jpg","type":"image\/jpeg"}],"author":"IberCultura","twitter_card":"summary_large_image","twitter_misc":{"Escrito por":"IberCultura","Tiempo de lectura":"3 minutos"},"schema":{"@context":"https:\/\/schema.org","@graph":[{"@type":"Article","@id":"https:\/\/iberculturaviva.org\/es\/aula-inaugural-do-curso-de-pos-graduacao-sera-nesta-quarta-feira-29\/#article","isPartOf":{"@id":"https:\/\/iberculturaviva.org\/es\/aula-inaugural-do-curso-de-pos-graduacao-sera-nesta-quarta-feira-29\/"},"author":{"name":"IberCultura","@id":"https:\/\/iberculturaviva.org\/es\/?lang=es\/#\/schema\/person\/5d1313b072cc25536e0431522f740b59"},"headline":"Clase inaugural del Posgrado se realizar\u00e1 este mi\u00e9rcoles (29)","datePublished":"2026-04-27T15:11:48+00:00","dateModified":"2026-04-27T15:43:30+00:00","mainEntityOfPage":{"@id":"https:\/\/iberculturaviva.org\/es\/aula-inaugural-do-curso-de-pos-graduacao-sera-nesta-quarta-feira-29\/"},"wordCount":476,"publisher":{"@id":"https:\/\/iberculturaviva.org\/es\/?lang=es\/#organization"},"image":{"@id":"https:\/\/iberculturaviva.org\/es\/aula-inaugural-do-curso-de-pos-graduacao-sera-nesta-quarta-feira-29\/#primaryimage"},"thumbnailUrl":"https:\/\/iberculturaviva.org\/wp-content\/uploads\/2026\/04\/convocatoria-grafica-para-flor-2.jpg","articleSection":["Destaque","FLACSO","Noticias"],"inLanguage":"es"},{"@type":"WebPage","@id":"https:\/\/iberculturaviva.org\/es\/aula-inaugural-do-curso-de-pos-graduacao-sera-nesta-quarta-feira-29\/","url":"https:\/\/iberculturaviva.org\/es\/aula-inaugural-do-curso-de-pos-graduacao-sera-nesta-quarta-feira-29\/","name":"Clase inaugural del Posgrado se realizar\u00e1 este mi\u00e9rcoles (29) - IberCultura Viva","isPartOf":{"@id":"https:\/\/iberculturaviva.org\/es\/?lang=es\/#website"},"primaryImageOfPage":{"@id":"https:\/\/iberculturaviva.org\/es\/aula-inaugural-do-curso-de-pos-graduacao-sera-nesta-quarta-feira-29\/#primaryimage"},"image":{"@id":"https:\/\/iberculturaviva.org\/es\/aula-inaugural-do-curso-de-pos-graduacao-sera-nesta-quarta-feira-29\/#primaryimage"},"thumbnailUrl":"https:\/\/iberculturaviva.org\/wp-content\/uploads\/2026\/04\/convocatoria-grafica-para-flor-2.jpg","datePublished":"2026-04-27T15:11:48+00:00","dateModified":"2026-04-27T15:43:30+00:00","description":"Clase inaugural del Posgrado se realizar\u00e1 este mi\u00e9rcoles (29) - IberCultura Viva","breadcrumb":{"@id":"https:\/\/iberculturaviva.org\/es\/aula-inaugural-do-curso-de-pos-graduacao-sera-nesta-quarta-feira-29\/#breadcrumb"},"inLanguage":"es","potentialAction":[{"@type":"ReadAction","target":["https:\/\/iberculturaviva.org\/es\/aula-inaugural-do-curso-de-pos-graduacao-sera-nesta-quarta-feira-29\/"]}]},{"@type":"ImageObject","inLanguage":"es","@id":"https:\/\/iberculturaviva.org\/es\/aula-inaugural-do-curso-de-pos-graduacao-sera-nesta-quarta-feira-29\/#primaryimage","url":"https:\/\/iberculturaviva.org\/wp-content\/uploads\/2026\/04\/convocatoria-grafica-para-flor-2.jpg","contentUrl":"https:\/\/iberculturaviva.org\/wp-content\/uploads\/2026\/04\/convocatoria-grafica-para-flor-2.jpg","width":1366,"height":768},{"@type":"BreadcrumbList","@id":"https:\/\/iberculturaviva.org\/es\/aula-inaugural-do-curso-de-pos-graduacao-sera-nesta-quarta-feira-29\/#breadcrumb","itemListElement":[{"@type":"ListItem","position":1,"name":"In\u00edcio","item":"https:\/\/iberculturaviva.org\/es\/inicio\/"},{"@type":"ListItem","position":2,"name":"Clase inaugural del Posgrado se realizar\u00e1 este mi\u00e9rcoles (29)"}]},{"@type":"WebSite","@id":"https:\/\/iberculturaviva.org\/es\/?lang=es\/#website","url":"https:\/\/iberculturaviva.org\/es\/?lang=es\/","name":"IberCultura Viva","description":"Programa de cooperaci\u00f3n cultural","publisher":{"@id":"https:\/\/iberculturaviva.org\/es\/?lang=es\/#organization"},"potentialAction":[{"@type":"SearchAction","target":{"@type":"EntryPoint","urlTemplate":"https:\/\/iberculturaviva.org\/es\/?lang=es\/?s={search_term_string}"},"query-input":{"@type":"PropertyValueSpecification","valueRequired":true,"valueName":"search_term_string"}}],"inLanguage":"es"},{"@type":"Organization","@id":"https:\/\/iberculturaviva.org\/es\/?lang=es\/#organization","name":"Iberculturaviva","url":"https:\/\/iberculturaviva.org\/es\/?lang=es\/","logo":{"@type":"ImageObject","inLanguage":"es","@id":"https:\/\/iberculturaviva.org\/es\/?lang=es\/#\/schema\/logo\/image\/","url":"https:\/\/iberculturaviva.org\/wp-content\/uploads\/2021\/08\/logo_ibercultura_viva.jpg","contentUrl":"https:\/\/iberculturaviva.org\/wp-content\/uploads\/2021\/08\/logo_ibercultura_viva.jpg","width":708,"height":223,"caption":"Iberculturaviva"},"image":{"@id":"https:\/\/iberculturaviva.org\/es\/?lang=es\/#\/schema\/logo\/image\/"},"sameAs":["https:\/\/www.facebook.com\/iberculturaviva\/","https:\/\/www.instagram.com\/iberculturaviva\/","https:\/\/www.youtube.com\/iberculturaviva"]},{"@type":"Person","@id":"https:\/\/iberculturaviva.org\/es\/?lang=es\/#\/schema\/person\/5d1313b072cc25536e0431522f740b59","name":"IberCultura","image":{"@type":"ImageObject","inLanguage":"es","@id":"https:\/\/iberculturaviva.org\/es\/?lang=es\/#\/schema\/person\/image\/","url":"https:\/\/secure.gravatar.com\/avatar\/79f1a057cb125cbefb3765d0356d52fc7f3bba3a35e2cf22bc4de090bb7aef70?s=96&d=mm&r=g","contentUrl":"https:\/\/secure.gravatar.com\/avatar\/79f1a057cb125cbefb3765d0356d52fc7f3bba3a35e2cf22bc4de090bb7aef70?s=96&d=mm&r=g","caption":"IberCultura"}}]}},"main_category":{"link":"https:\/\/iberculturaviva.org\/es\/category\/destaque-es\/","name":"Destaque","slug":"destaque-es"},"_links":{"self":[{"href":"https:\/\/iberculturaviva.org\/es\/wp-json\/wp\/v2\/posts\/55300","targetHints":{"allow":["GET"]}}],"collection":[{"href":"https:\/\/iberculturaviva.org\/es\/wp-json\/wp\/v2\/posts"}],"about":[{"href":"https:\/\/iberculturaviva.org\/es\/wp-json\/wp\/v2\/types\/post"}],"author":[{"embeddable":true,"href":"https:\/\/iberculturaviva.org\/es\/wp-json\/wp\/v2\/users\/2"}],"replies":[{"embeddable":true,"href":"https:\/\/iberculturaviva.org\/es\/wp-json\/wp\/v2\/comments?post=55300"}],"version-history":[{"count":2,"href":"https:\/\/iberculturaviva.org\/es\/wp-json\/wp\/v2\/posts\/55300\/revisions"}],"predecessor-version":[{"id":55304,"href":"https:\/\/iberculturaviva.org\/es\/wp-json\/wp\/v2\/posts\/55300\/revisions\/55304"}],"wp:featuredmedia":[{"embeddable":true,"href":"https:\/\/iberculturaviva.org\/es\/wp-json\/wp\/v2\/media\/55295"}],"wp:attachment":[{"href":"https:\/\/iberculturaviva.org\/es\/wp-json\/wp\/v2\/media?parent=55300"}],"wp:term":[{"taxonomy":"category","embeddable":true,"href":"https:\/\/iberculturaviva.org\/es\/wp-json\/wp\/v2\/categories?post=55300"},{"taxonomy":"post_tag","embeddable":true,"href":"https:\/\/iberculturaviva.org\/es\/wp-json\/wp\/v2\/tags?post=55300"},{"taxonomy":"country-municipality","embeddable":true,"href":"https:\/\/iberculturaviva.org\/es\/wp-json\/wp\/v2\/country-municipality?post=55300"}],"curies":[{"name":"wp","href":"https:\/\/api.w.org\/{rel}","templated":true}]}}