{"id":43556,"date":"2025-04-16T11:36:51","date_gmt":"2025-04-16T14:36:51","guid":{"rendered":"https:\/\/iberculturaviva.org\/cultura-viva-e-destaque-em-seminario-internacional-que-reuniu-mais-de-300-especialistas-no-mexico\/"},"modified":"2025-08-22T11:23:00","modified_gmt":"2025-08-22T14:23:00","slug":"cultura-viva-e-destaque-em-seminario-internacional-que-reuniu-mais-de-300-especialistas-no-mexico","status":"publish","type":"post","link":"https:\/\/iberculturaviva.org\/es\/cultura-viva-e-destaque-em-seminario-internacional-que-reuniu-mais-de-300-especialistas-no-mexico\/","title":{"rendered":"Cultura Viva es protagonista en seminario internacional que reuni\u00f3 a m\u00e1s de 300 especialistas en M\u00e9xico"},"content":{"rendered":"\n<h4 class=\"wp-block-heading\"><em>Durante los d\u00edas 8, 9 y 10 de abril, la Ciudad de M\u00e9xico se convirti\u00f3 en un gran centro de discusi\u00f3n sobre el derecho a la cultura.<\/em><\/h4>\n\n\n\n<p>Durante tres d\u00edas, el <em>Seminario Internacional Cultura Viva Comunitaria \u2013 Una Escuela Latinoamericana de Pol\u00edticas Culturales<\/em> transform\u00f3 la Ciudad de M\u00e9xico en un vibrante espacio de reflexi\u00f3n e intercambio sobre pol\u00edticas p\u00fablicas de cultura. M\u00e1s de 300 participantes presenciales \u2014entre especialistas, gestores p\u00fablicos, investigadores, activistas y representantes de la sociedad civil\u2014 se sumergieron en una intensa programaci\u00f3n con m\u00e1s de 20 actividades que colocaron a la cultura comunitaria en el centro de la agenda. Adem\u00e1s, el evento cont\u00f3 con transmisi\u00f3n en l\u00ednea, alcanzando m\u00e1s de 10 mil visualizaciones.<\/p>\n\n\n\n<p>Inspirados en la experiencia brasile\u00f1a de los Puntos y Pontones de Cultura y de la Pol\u00edtica Nacional de Cultura Viva, los di\u00e1logos sobre la pol\u00edtica de Cultura Viva Comunitaria reunieron voces de m\u00e1s de 13 pa\u00edses de Am\u00e9rica Latina e Iberoam\u00e9rica. En el centro del debate, los caminos para fortalecer pol\u00edticas culturales participativas, transformadoras y conectadas con las realidades locales.<\/p>\n\n\n\n<p>\u201cEste seminario fue cosecha y siembra. Cosecha de un proceso que comenz\u00f3 hace 20 a\u00f1os con los Puntos de Cultura en Brasil y que hoy florece en muchos territorios de Iberoam\u00e9rica. Una pol\u00edtica p\u00fablica viva, con m\u00e1s de 7.200 Puntos en todo el pa\u00eds, que une ancestralidad e innovaci\u00f3n, sostenida por un Estado m\u00e1s interactivo \u2013 que escucha, camina junto a las comunidades y reconoce su protagonismo. Esta experiencia inspir\u00f3 a Argentina, Brasil, Chile, Colombia, Costa Rica, El Salvador, Ecuador, Espa\u00f1a, M\u00e9xico, Panam\u00e1, Paraguay, Per\u00fa, Rep\u00fablica Dominicana y Uruguay. La uni\u00f3n de estos pa\u00edses dio origen al Programa IberCultura Viva, que este a\u00f1o celebra 10 a\u00f1os de cooperaci\u00f3n entre gobiernos y redes culturales\u201d, destac\u00f3 M\u00e1rcia Rollemberg, presidenta de IberCultura Viva y secretaria de Ciudadan\u00eda y Diversidad Cultural del Ministerio de Cultura de Brasil.<\/p>\n\n\n\n<p>El seminario inici\u00f3 a lo grande con la participaci\u00f3n del antrop\u00f3logo N\u00e9stor Garc\u00eda Canclini, quien provoc\u00f3 al p\u00fablico en su conferencia inaugural titulada: <em>\u201cDesaf\u00edos de la Cultura Viva Comunitaria: del di\u00e1logo con las instituciones a las plataformas digitales\u201d<\/em>. Con su aguda visi\u00f3n, Canclini detall\u00f3 c\u00f3mo las redes sociales est\u00e1n moldeando nuevas formas de pertenencia y c\u00f3mo la cultura comunitaria puede fortalecerse en los entornos digitales. A lo largo de su intervenci\u00f3n, present\u00f3 ejemplos de iniciativas que, en diferentes territorios, utilizan la tecnolog\u00eda no como fin, sino como puente: conectando personas, amplificando voces y fortaleciendo redes. Un llamado a la acci\u00f3n para que instituciones y colectivos caminen juntos, del territorio a lo digital.<\/p>\n\n\n\n<p>En el coraz\u00f3n del seminario, un encuentro transformador de formaci\u00f3n e intercambio de saberes, se debatieron temas esenciales para la promoci\u00f3n y el fortalecimiento de la cultura. La resistencia de los pueblos originarios, el impacto del ciberespacio, la sacralidad, las matrices africanas e ind\u00edgenas, el rol de la academia y la investigaci\u00f3n, la ciudadan\u00eda, la democracia cultural, la sostenibilidad, la soberan\u00eda digital, la valorizaci\u00f3n de las acciones en los territorios, la diversidad y los saberes populares fueron solo algunos de los temas abordados. En conjunto, estos debates reafirman la cultura como un patrimonio colectivo que se construye a partir de las experiencias, vivencias y voces de cada comunidad.<\/p>\n\n\n\n<p>Para cerrar, el historiador C\u00e9lio Turino llev\u00f3 al p\u00fablico a una verdadera inmersi\u00f3n en la Cultura Viva con la conferencia <em>\u201cNo se puede detener el viento\u201d<\/em>. En una clase inspiradora, comparti\u00f3 la creaci\u00f3n, el desarrollo, los conceptos y los objetivos de la pol\u00edtica p\u00fablica Cultura Viva, que revolucion\u00f3 el hacer cultural en Brasil y se convirti\u00f3 en una referencia mundial. Al reflexionar sobre la esencia del proyecto, Turino afirm\u00f3: \u201cCultura Viva es un concepto biol\u00f3gico que rompe con la idea de una cultura euroc\u00e9ntrica; no es un eslogan, es una cultura natural y de pacificaci\u00f3n. Hay una po\u00e9tica en su construcci\u00f3n, como se escribi\u00f3 desde 2004, es un proceso de encantamiento social, de ruptura con formas r\u00edgidas, a trav\u00e9s de una escucha sensible y del respeto a la identidad y las diversidades\u201d. Con palabras fuertes y llenas de significado, reafirm\u00f3 este movimiento como un camino de transformaci\u00f3n social basado en la escucha, el respeto y la valorizaci\u00f3n de la diversidad.<\/p>\n\n\n\n<p>Un final que marca un nuevo comienzo: el cierre del seminario inaugura una nueva etapa para las pol\u00edticas culturales en toda Am\u00e9rica Latina e Iberoam\u00e9rica. La estructuraci\u00f3n de una red colectiva dedicada al debate, la formaci\u00f3n y la acci\u00f3n en el sector cultural es ya una realidad \u2014colocando a la Cultura Viva Comunitaria en el centro de las prioridades, como explica Alexandre Santini, presidente de la Fundaci\u00f3n Casa de Rui Barbosa (MinC), instituci\u00f3n coorganizadora del seminario:<\/p>\n\n\n\n<p>\u201cLas pol\u00edticas culturales que se han venido desarrollando desde hace dos d\u00e9cadas en Am\u00e9rica Latina, inspiradas en los Puntos de Cultura y en la Pol\u00edtica Nacional de Cultura Viva de Brasil, han ganado fuerza y repercusi\u00f3n continental y mundial a partir del concepto de Cultura Viva Comunitaria. El Seminario nos permiti\u00f3 profundizar y reflexionar sobre estas experiencias, que hoy constituyen un repertorio com\u00fan para el pensamiento, la implementaci\u00f3n y la evaluaci\u00f3n de pol\u00edticas p\u00fablicas culturales en el \u00e1mbito internacional. El resultado del Seminario es excelente en t\u00e9rminos de adhesi\u00f3n, participaci\u00f3n, profundidad de los contenidos debatidos y proyecci\u00f3n hacia el futuro\u201d.<\/p>\n\n\n\n<p>El seminario fue promovido por el Instituto Latinoamericano de Cultura Viva Comunitaria y Redes de Gesti\u00f3n Cultural (RGC), en alianza con el Programa IberCultura Viva, la Fundaci\u00f3n Casa de Rui Barbosa\/MinC, la Secretar\u00eda de Cultura de la Ciudad de M\u00e9xico, la Universidad Aut\u00f3noma de la Ciudad de M\u00e9xico (UACM), el Lab Cultura Viva (Extensi\u00f3n UFRJ), la C\u00e1tedra Unesco de Pol\u00edticas Culturales y Gesti\u00f3n (Brasil), y el Pont\u00e3o de Cultura Aret\u00e9 (Brasil); con el apoyo de la Secretar\u00eda de Cultura del Gobierno de M\u00e9xico, la Agencia Espa\u00f1ola de Cooperaci\u00f3n Internacional para el Desarrollo (AECID), el Centro Cultural de Espa\u00f1a \u2013 Ciudad de M\u00e9xico, Tr\u00e0nsit Projectes (Espa\u00f1a), RedLab y la Diputaci\u00f3n de Barcelona (Espa\u00f1a).<\/p>\n\n\n\n<p class=\"is-style-warning has-high-dark-background-color has-background\"><strong>Texto publicado originalmente en la p\u00e1gina de<\/strong> <a href=\"https:\/\/www.gov.br\/cultura\/pt-br\/assuntos\/noticias\/cultura-viva-brasil-e-destaque-em-seminario-internacional-que-reuniu-mais-de-300-especialistas-em-politicas-culturais-no-mexico\" target=\"_blank\" rel=\"noreferrer noopener\">Minist\u00e9rio da Cultura do Brasil<\/a><\/p>\n","protected":false},"excerpt":{"rendered":"<p>Durante los d\u00edas 8, 9 y 10 de abril, la Ciudad de M\u00e9xico se convirti\u00f3 en un gran centro de discusi\u00f3n sobre el derecho a la cultura. Durante tres d\u00edas, [&hellip;]<\/p>\n","protected":false},"author":2,"featured_media":43419,"comment_status":"closed","ping_status":"closed","sticky":false,"template":"","format":"standard","meta":{"_coblocks_attr":"","_coblocks_dimensions":"","_coblocks_responsive_height":"","_coblocks_accordion_ie_support":"","_EventAllDay":false,"_EventTimezone":"","_EventStartDate":"","_EventEndDate":"","_EventStartDateUTC":"","_EventEndDateUTC":"","_EventShowMap":false,"_EventShowMapLink":false,"_EventURL":"","_EventCost":"","_EventCostDescription":"","_EventCurrencySymbol":"","_EventCurrencyCode":"","_EventCurrencyPosition":"","_EventDateTimeSeparator":"","_EventTimeRangeSeparator":"","_EventOrganizerID":[],"_EventVenueID":[],"_OrganizerEmail":"","_OrganizerPhone":"","_OrganizerWebsite":"","_VenueAddress":"","_VenueCity":"","_VenueCountry":"","_VenueProvince":"","_VenueState":"","_VenueZip":"","_VenuePhone":"","_VenueURL":"","_VenueStateProvince":"","_VenueLat":"","_VenueLng":"","_VenueShowMap":false,"_VenueShowMapLink":false,"footnotes":""},"categories":[254,262,634],"tags":[],"country-municipality":[],"class_list":["post-43556","post","type-post","status-publish","format-standard","has-post-thumbnail","hentry","category-destaque-es","category-noticias-es","category-seminarios-es"],"yoast_head":"<!-- This site is optimized with the Yoast SEO plugin v25.7 - https:\/\/yoast.com\/wordpress\/plugins\/seo\/ -->\n<title>Cultura Viva es protagonista en seminario internacional que reuni\u00f3 a m\u00e1s de 300 especialistas en M\u00e9xico - IberCultura Viva<\/title>\n<meta name=\"description\" content=\"Cultura Viva es protagonista en seminario internacional que reuni\u00f3 a m\u00e1s de 300 especialistas en M\u00e9xico - IberCultura Viva\" \/>\n<meta name=\"robots\" content=\"index, follow, max-snippet:-1, max-image-preview:large, max-video-preview:-1\" \/>\n<link rel=\"canonical\" href=\"https:\/\/iberculturaviva.org\/es\/cultura-viva-e-destaque-em-seminario-internacional-que-reuniu-mais-de-300-especialistas-no-mexico\/\" \/>\n<meta property=\"og:locale\" content=\"es_ES\" \/>\n<meta property=\"og:type\" content=\"article\" \/>\n<meta property=\"og:title\" content=\"Cultura Viva es protagonista en seminario internacional que reuni\u00f3 a m\u00e1s de 300 especialistas en M\u00e9xico - IberCultura Viva\" \/>\n<meta property=\"og:description\" content=\"Cultura Viva es protagonista en seminario internacional que reuni\u00f3 a m\u00e1s de 300 especialistas en M\u00e9xico - IberCultura Viva\" \/>\n<meta property=\"og:url\" content=\"https:\/\/iberculturaviva.org\/es\/cultura-viva-e-destaque-em-seminario-internacional-que-reuniu-mais-de-300-especialistas-no-mexico\/\" \/>\n<meta property=\"og:site_name\" content=\"IberCultura Viva\" \/>\n<meta property=\"article:publisher\" content=\"https:\/\/www.facebook.com\/iberculturaviva\/\" \/>\n<meta property=\"article:published_time\" content=\"2025-04-16T14:36:51+00:00\" \/>\n<meta property=\"article:modified_time\" content=\"2025-08-22T14:23:00+00:00\" \/>\n<meta property=\"og:image\" content=\"https:\/\/iberculturaviva.org\/wp-content\/uploads\/2025\/04\/Creditos-de-las-fotografias-Angelica-Lasof-3-1-scaled.jpeg\" \/>\n\t<meta property=\"og:image:width\" content=\"2560\" \/>\n\t<meta property=\"og:image:height\" content=\"1920\" \/>\n\t<meta property=\"og:image:type\" content=\"image\/jpeg\" \/>\n<meta name=\"author\" content=\"IberCultura\" \/>\n<meta name=\"twitter:card\" content=\"summary_large_image\" \/>\n<meta name=\"twitter:label1\" content=\"Escrito por\" \/>\n\t<meta name=\"twitter:data1\" content=\"IberCultura\" \/>\n\t<meta name=\"twitter:label2\" content=\"Tiempo de lectura\" \/>\n\t<meta name=\"twitter:data2\" content=\"6 minutos\" \/>\n<script type=\"application\/ld+json\" class=\"yoast-schema-graph\">{\"@context\":\"https:\/\/schema.org\",\"@graph\":[{\"@type\":\"Article\",\"@id\":\"https:\/\/iberculturaviva.org\/es\/cultura-viva-e-destaque-em-seminario-internacional-que-reuniu-mais-de-300-especialistas-no-mexico\/#article\",\"isPartOf\":{\"@id\":\"https:\/\/iberculturaviva.org\/es\/cultura-viva-e-destaque-em-seminario-internacional-que-reuniu-mais-de-300-especialistas-no-mexico\/\"},\"author\":{\"name\":\"IberCultura\",\"@id\":\"https:\/\/iberculturaviva.org\/es\/?lang=es\/#\/schema\/person\/5d1313b072cc25536e0431522f740b59\"},\"headline\":\"Cultura Viva es protagonista en seminario internacional que reuni\u00f3 a m\u00e1s de 300 especialistas en M\u00e9xico\",\"datePublished\":\"2025-04-16T14:36:51+00:00\",\"dateModified\":\"2025-08-22T14:23:00+00:00\",\"mainEntityOfPage\":{\"@id\":\"https:\/\/iberculturaviva.org\/es\/cultura-viva-e-destaque-em-seminario-internacional-que-reuniu-mais-de-300-especialistas-no-mexico\/\"},\"wordCount\":1118,\"publisher\":{\"@id\":\"https:\/\/iberculturaviva.org\/es\/?lang=es\/#organization\"},\"image\":{\"@id\":\"https:\/\/iberculturaviva.org\/es\/cultura-viva-e-destaque-em-seminario-internacional-que-reuniu-mais-de-300-especialistas-no-mexico\/#primaryimage\"},\"thumbnailUrl\":\"https:\/\/iberculturaviva.org\/wp-content\/uploads\/2025\/04\/Creditos-de-las-fotografias-Angelica-Lasof-3-1-scaled.jpeg\",\"articleSection\":[\"Destaque\",\"Noticias\",\"Seminarios\"],\"inLanguage\":\"es\"},{\"@type\":\"WebPage\",\"@id\":\"https:\/\/iberculturaviva.org\/es\/cultura-viva-e-destaque-em-seminario-internacional-que-reuniu-mais-de-300-especialistas-no-mexico\/\",\"url\":\"https:\/\/iberculturaviva.org\/es\/cultura-viva-e-destaque-em-seminario-internacional-que-reuniu-mais-de-300-especialistas-no-mexico\/\",\"name\":\"Cultura Viva es protagonista en seminario internacional que reuni\u00f3 a m\u00e1s de 300 especialistas en M\u00e9xico - IberCultura Viva\",\"isPartOf\":{\"@id\":\"https:\/\/iberculturaviva.org\/es\/?lang=es\/#website\"},\"primaryImageOfPage\":{\"@id\":\"https:\/\/iberculturaviva.org\/es\/cultura-viva-e-destaque-em-seminario-internacional-que-reuniu-mais-de-300-especialistas-no-mexico\/#primaryimage\"},\"image\":{\"@id\":\"https:\/\/iberculturaviva.org\/es\/cultura-viva-e-destaque-em-seminario-internacional-que-reuniu-mais-de-300-especialistas-no-mexico\/#primaryimage\"},\"thumbnailUrl\":\"https:\/\/iberculturaviva.org\/wp-content\/uploads\/2025\/04\/Creditos-de-las-fotografias-Angelica-Lasof-3-1-scaled.jpeg\",\"datePublished\":\"2025-04-16T14:36:51+00:00\",\"dateModified\":\"2025-08-22T14:23:00+00:00\",\"description\":\"Cultura Viva es protagonista en seminario internacional que reuni\u00f3 a m\u00e1s de 300 especialistas en M\u00e9xico - IberCultura Viva\",\"breadcrumb\":{\"@id\":\"https:\/\/iberculturaviva.org\/es\/cultura-viva-e-destaque-em-seminario-internacional-que-reuniu-mais-de-300-especialistas-no-mexico\/#breadcrumb\"},\"inLanguage\":\"es\",\"potentialAction\":[{\"@type\":\"ReadAction\",\"target\":[\"https:\/\/iberculturaviva.org\/es\/cultura-viva-e-destaque-em-seminario-internacional-que-reuniu-mais-de-300-especialistas-no-mexico\/\"]}]},{\"@type\":\"ImageObject\",\"inLanguage\":\"es\",\"@id\":\"https:\/\/iberculturaviva.org\/es\/cultura-viva-e-destaque-em-seminario-internacional-que-reuniu-mais-de-300-especialistas-no-mexico\/#primaryimage\",\"url\":\"https:\/\/iberculturaviva.org\/wp-content\/uploads\/2025\/04\/Creditos-de-las-fotografias-Angelica-Lasof-3-1-scaled.jpeg\",\"contentUrl\":\"https:\/\/iberculturaviva.org\/wp-content\/uploads\/2025\/04\/Creditos-de-las-fotografias-Angelica-Lasof-3-1-scaled.jpeg\",\"width\":2560,\"height\":1920},{\"@type\":\"BreadcrumbList\",\"@id\":\"https:\/\/iberculturaviva.org\/es\/cultura-viva-e-destaque-em-seminario-internacional-que-reuniu-mais-de-300-especialistas-no-mexico\/#breadcrumb\",\"itemListElement\":[{\"@type\":\"ListItem\",\"position\":1,\"name\":\"In\u00edcio\",\"item\":\"https:\/\/iberculturaviva.org\/es\/inicio\/\"},{\"@type\":\"ListItem\",\"position\":2,\"name\":\"Cultura Viva es protagonista en seminario internacional que reuni\u00f3 a m\u00e1s de 300 especialistas en M\u00e9xico\"}]},{\"@type\":\"WebSite\",\"@id\":\"https:\/\/iberculturaviva.org\/es\/?lang=es\/#website\",\"url\":\"https:\/\/iberculturaviva.org\/es\/?lang=es\/\",\"name\":\"IberCultura Viva\",\"description\":\"Programa de cooperaci\u00f3n cultural\",\"publisher\":{\"@id\":\"https:\/\/iberculturaviva.org\/es\/?lang=es\/#organization\"},\"potentialAction\":[{\"@type\":\"SearchAction\",\"target\":{\"@type\":\"EntryPoint\",\"urlTemplate\":\"https:\/\/iberculturaviva.org\/es\/?lang=es\/?s={search_term_string}\"},\"query-input\":{\"@type\":\"PropertyValueSpecification\",\"valueRequired\":true,\"valueName\":\"search_term_string\"}}],\"inLanguage\":\"es\"},{\"@type\":\"Organization\",\"@id\":\"https:\/\/iberculturaviva.org\/es\/?lang=es\/#organization\",\"name\":\"Iberculturaviva\",\"url\":\"https:\/\/iberculturaviva.org\/es\/?lang=es\/\",\"logo\":{\"@type\":\"ImageObject\",\"inLanguage\":\"es\",\"@id\":\"https:\/\/iberculturaviva.org\/es\/?lang=es\/#\/schema\/logo\/image\/\",\"url\":\"https:\/\/iberculturaviva.org\/wp-content\/uploads\/2021\/08\/logo_ibercultura_viva.jpg\",\"contentUrl\":\"https:\/\/iberculturaviva.org\/wp-content\/uploads\/2021\/08\/logo_ibercultura_viva.jpg\",\"width\":708,\"height\":223,\"caption\":\"Iberculturaviva\"},\"image\":{\"@id\":\"https:\/\/iberculturaviva.org\/es\/?lang=es\/#\/schema\/logo\/image\/\"},\"sameAs\":[\"https:\/\/www.facebook.com\/iberculturaviva\/\",\"https:\/\/www.instagram.com\/iberculturaviva\/\",\"https:\/\/www.youtube.com\/iberculturaviva\"]},{\"@type\":\"Person\",\"@id\":\"https:\/\/iberculturaviva.org\/es\/?lang=es\/#\/schema\/person\/5d1313b072cc25536e0431522f740b59\",\"name\":\"IberCultura\",\"image\":{\"@type\":\"ImageObject\",\"inLanguage\":\"es\",\"@id\":\"https:\/\/iberculturaviva.org\/es\/?lang=es\/#\/schema\/person\/image\/\",\"url\":\"https:\/\/secure.gravatar.com\/avatar\/79f1a057cb125cbefb3765d0356d52fc7f3bba3a35e2cf22bc4de090bb7aef70?s=96&d=mm&r=g\",\"contentUrl\":\"https:\/\/secure.gravatar.com\/avatar\/79f1a057cb125cbefb3765d0356d52fc7f3bba3a35e2cf22bc4de090bb7aef70?s=96&d=mm&r=g\",\"caption\":\"IberCultura\"}}]}<\/script>\n<!-- \/ Yoast SEO plugin. -->","yoast_head_json":{"title":"Cultura Viva es protagonista en seminario internacional que reuni\u00f3 a m\u00e1s de 300 especialistas en M\u00e9xico - IberCultura Viva","description":"Cultura Viva es protagonista en seminario internacional que reuni\u00f3 a m\u00e1s de 300 especialistas en M\u00e9xico - IberCultura Viva","robots":{"index":"index","follow":"follow","max-snippet":"max-snippet:-1","max-image-preview":"max-image-preview:large","max-video-preview":"max-video-preview:-1"},"canonical":"https:\/\/iberculturaviva.org\/es\/cultura-viva-e-destaque-em-seminario-internacional-que-reuniu-mais-de-300-especialistas-no-mexico\/","og_locale":"es_ES","og_type":"article","og_title":"Cultura Viva es protagonista en seminario internacional que reuni\u00f3 a m\u00e1s de 300 especialistas en M\u00e9xico - IberCultura Viva","og_description":"Cultura Viva es protagonista en seminario internacional que reuni\u00f3 a m\u00e1s de 300 especialistas en M\u00e9xico - IberCultura Viva","og_url":"https:\/\/iberculturaviva.org\/es\/cultura-viva-e-destaque-em-seminario-internacional-que-reuniu-mais-de-300-especialistas-no-mexico\/","og_site_name":"IberCultura Viva","article_publisher":"https:\/\/www.facebook.com\/iberculturaviva\/","article_published_time":"2025-04-16T14:36:51+00:00","article_modified_time":"2025-08-22T14:23:00+00:00","og_image":[{"width":2560,"height":1920,"url":"https:\/\/iberculturaviva.org\/wp-content\/uploads\/2025\/04\/Creditos-de-las-fotografias-Angelica-Lasof-3-1-scaled.jpeg","type":"image\/jpeg"}],"author":"IberCultura","twitter_card":"summary_large_image","twitter_misc":{"Escrito por":"IberCultura","Tiempo de lectura":"6 minutos"},"schema":{"@context":"https:\/\/schema.org","@graph":[{"@type":"Article","@id":"https:\/\/iberculturaviva.org\/es\/cultura-viva-e-destaque-em-seminario-internacional-que-reuniu-mais-de-300-especialistas-no-mexico\/#article","isPartOf":{"@id":"https:\/\/iberculturaviva.org\/es\/cultura-viva-e-destaque-em-seminario-internacional-que-reuniu-mais-de-300-especialistas-no-mexico\/"},"author":{"name":"IberCultura","@id":"https:\/\/iberculturaviva.org\/es\/?lang=es\/#\/schema\/person\/5d1313b072cc25536e0431522f740b59"},"headline":"Cultura Viva es protagonista en seminario internacional que reuni\u00f3 a m\u00e1s de 300 especialistas en M\u00e9xico","datePublished":"2025-04-16T14:36:51+00:00","dateModified":"2025-08-22T14:23:00+00:00","mainEntityOfPage":{"@id":"https:\/\/iberculturaviva.org\/es\/cultura-viva-e-destaque-em-seminario-internacional-que-reuniu-mais-de-300-especialistas-no-mexico\/"},"wordCount":1118,"publisher":{"@id":"https:\/\/iberculturaviva.org\/es\/?lang=es\/#organization"},"image":{"@id":"https:\/\/iberculturaviva.org\/es\/cultura-viva-e-destaque-em-seminario-internacional-que-reuniu-mais-de-300-especialistas-no-mexico\/#primaryimage"},"thumbnailUrl":"https:\/\/iberculturaviva.org\/wp-content\/uploads\/2025\/04\/Creditos-de-las-fotografias-Angelica-Lasof-3-1-scaled.jpeg","articleSection":["Destaque","Noticias","Seminarios"],"inLanguage":"es"},{"@type":"WebPage","@id":"https:\/\/iberculturaviva.org\/es\/cultura-viva-e-destaque-em-seminario-internacional-que-reuniu-mais-de-300-especialistas-no-mexico\/","url":"https:\/\/iberculturaviva.org\/es\/cultura-viva-e-destaque-em-seminario-internacional-que-reuniu-mais-de-300-especialistas-no-mexico\/","name":"Cultura Viva es protagonista en seminario internacional que reuni\u00f3 a m\u00e1s de 300 especialistas en M\u00e9xico - IberCultura Viva","isPartOf":{"@id":"https:\/\/iberculturaviva.org\/es\/?lang=es\/#website"},"primaryImageOfPage":{"@id":"https:\/\/iberculturaviva.org\/es\/cultura-viva-e-destaque-em-seminario-internacional-que-reuniu-mais-de-300-especialistas-no-mexico\/#primaryimage"},"image":{"@id":"https:\/\/iberculturaviva.org\/es\/cultura-viva-e-destaque-em-seminario-internacional-que-reuniu-mais-de-300-especialistas-no-mexico\/#primaryimage"},"thumbnailUrl":"https:\/\/iberculturaviva.org\/wp-content\/uploads\/2025\/04\/Creditos-de-las-fotografias-Angelica-Lasof-3-1-scaled.jpeg","datePublished":"2025-04-16T14:36:51+00:00","dateModified":"2025-08-22T14:23:00+00:00","description":"Cultura Viva es protagonista en seminario internacional que reuni\u00f3 a m\u00e1s de 300 especialistas en M\u00e9xico - IberCultura Viva","breadcrumb":{"@id":"https:\/\/iberculturaviva.org\/es\/cultura-viva-e-destaque-em-seminario-internacional-que-reuniu-mais-de-300-especialistas-no-mexico\/#breadcrumb"},"inLanguage":"es","potentialAction":[{"@type":"ReadAction","target":["https:\/\/iberculturaviva.org\/es\/cultura-viva-e-destaque-em-seminario-internacional-que-reuniu-mais-de-300-especialistas-no-mexico\/"]}]},{"@type":"ImageObject","inLanguage":"es","@id":"https:\/\/iberculturaviva.org\/es\/cultura-viva-e-destaque-em-seminario-internacional-que-reuniu-mais-de-300-especialistas-no-mexico\/#primaryimage","url":"https:\/\/iberculturaviva.org\/wp-content\/uploads\/2025\/04\/Creditos-de-las-fotografias-Angelica-Lasof-3-1-scaled.jpeg","contentUrl":"https:\/\/iberculturaviva.org\/wp-content\/uploads\/2025\/04\/Creditos-de-las-fotografias-Angelica-Lasof-3-1-scaled.jpeg","width":2560,"height":1920},{"@type":"BreadcrumbList","@id":"https:\/\/iberculturaviva.org\/es\/cultura-viva-e-destaque-em-seminario-internacional-que-reuniu-mais-de-300-especialistas-no-mexico\/#breadcrumb","itemListElement":[{"@type":"ListItem","position":1,"name":"In\u00edcio","item":"https:\/\/iberculturaviva.org\/es\/inicio\/"},{"@type":"ListItem","position":2,"name":"Cultura Viva es protagonista en seminario internacional que reuni\u00f3 a m\u00e1s de 300 especialistas en M\u00e9xico"}]},{"@type":"WebSite","@id":"https:\/\/iberculturaviva.org\/es\/?lang=es\/#website","url":"https:\/\/iberculturaviva.org\/es\/?lang=es\/","name":"IberCultura Viva","description":"Programa de cooperaci\u00f3n cultural","publisher":{"@id":"https:\/\/iberculturaviva.org\/es\/?lang=es\/#organization"},"potentialAction":[{"@type":"SearchAction","target":{"@type":"EntryPoint","urlTemplate":"https:\/\/iberculturaviva.org\/es\/?lang=es\/?s={search_term_string}"},"query-input":{"@type":"PropertyValueSpecification","valueRequired":true,"valueName":"search_term_string"}}],"inLanguage":"es"},{"@type":"Organization","@id":"https:\/\/iberculturaviva.org\/es\/?lang=es\/#organization","name":"Iberculturaviva","url":"https:\/\/iberculturaviva.org\/es\/?lang=es\/","logo":{"@type":"ImageObject","inLanguage":"es","@id":"https:\/\/iberculturaviva.org\/es\/?lang=es\/#\/schema\/logo\/image\/","url":"https:\/\/iberculturaviva.org\/wp-content\/uploads\/2021\/08\/logo_ibercultura_viva.jpg","contentUrl":"https:\/\/iberculturaviva.org\/wp-content\/uploads\/2021\/08\/logo_ibercultura_viva.jpg","width":708,"height":223,"caption":"Iberculturaviva"},"image":{"@id":"https:\/\/iberculturaviva.org\/es\/?lang=es\/#\/schema\/logo\/image\/"},"sameAs":["https:\/\/www.facebook.com\/iberculturaviva\/","https:\/\/www.instagram.com\/iberculturaviva\/","https:\/\/www.youtube.com\/iberculturaviva"]},{"@type":"Person","@id":"https:\/\/iberculturaviva.org\/es\/?lang=es\/#\/schema\/person\/5d1313b072cc25536e0431522f740b59","name":"IberCultura","image":{"@type":"ImageObject","inLanguage":"es","@id":"https:\/\/iberculturaviva.org\/es\/?lang=es\/#\/schema\/person\/image\/","url":"https:\/\/secure.gravatar.com\/avatar\/79f1a057cb125cbefb3765d0356d52fc7f3bba3a35e2cf22bc4de090bb7aef70?s=96&d=mm&r=g","contentUrl":"https:\/\/secure.gravatar.com\/avatar\/79f1a057cb125cbefb3765d0356d52fc7f3bba3a35e2cf22bc4de090bb7aef70?s=96&d=mm&r=g","caption":"IberCultura"}}]}},"main_category":{"link":"https:\/\/iberculturaviva.org\/es\/category\/formacion\/seminarios-es\/","name":"Seminarios","slug":"seminarios-es"},"_links":{"self":[{"href":"https:\/\/iberculturaviva.org\/es\/wp-json\/wp\/v2\/posts\/43556","targetHints":{"allow":["GET"]}}],"collection":[{"href":"https:\/\/iberculturaviva.org\/es\/wp-json\/wp\/v2\/posts"}],"about":[{"href":"https:\/\/iberculturaviva.org\/es\/wp-json\/wp\/v2\/types\/post"}],"author":[{"embeddable":true,"href":"https:\/\/iberculturaviva.org\/es\/wp-json\/wp\/v2\/users\/2"}],"replies":[{"embeddable":true,"href":"https:\/\/iberculturaviva.org\/es\/wp-json\/wp\/v2\/comments?post=43556"}],"version-history":[{"count":3,"href":"https:\/\/iberculturaviva.org\/es\/wp-json\/wp\/v2\/posts\/43556\/revisions"}],"predecessor-version":[{"id":46336,"href":"https:\/\/iberculturaviva.org\/es\/wp-json\/wp\/v2\/posts\/43556\/revisions\/46336"}],"wp:featuredmedia":[{"embeddable":true,"href":"https:\/\/iberculturaviva.org\/es\/wp-json\/wp\/v2\/media\/43419"}],"wp:attachment":[{"href":"https:\/\/iberculturaviva.org\/es\/wp-json\/wp\/v2\/media?parent=43556"}],"wp:term":[{"taxonomy":"category","embeddable":true,"href":"https:\/\/iberculturaviva.org\/es\/wp-json\/wp\/v2\/categories?post=43556"},{"taxonomy":"post_tag","embeddable":true,"href":"https:\/\/iberculturaviva.org\/es\/wp-json\/wp\/v2\/tags?post=43556"},{"taxonomy":"country-municipality","embeddable":true,"href":"https:\/\/iberculturaviva.org\/es\/wp-json\/wp\/v2\/country-municipality?post=43556"}],"curies":[{"name":"wp","href":"https:\/\/api.w.org\/{rel}","templated":true}]}}