{"id":41862,"date":"2025-02-27T16:22:44","date_gmt":"2025-02-27T19:22:44","guid":{"rendered":"https:\/\/iberculturaviva.org\/ibercultura-viva-divulga-lista-final-de-habilitadas-os-para-o-edital-de-mobilidade-2025\/"},"modified":"2025-03-17T16:25:47","modified_gmt":"2025-03-17T19:25:47","slug":"ibercultura-viva-divulga-lista-final-de-habilitadas-os-para-o-edital-de-mobilidade-2025","status":"publish","type":"post","link":"https:\/\/iberculturaviva.org\/es\/ibercultura-viva-divulga-lista-final-de-habilitadas-os-para-o-edital-de-mobilidade-2025\/","title":{"rendered":"IberCultura Viva publica la lista final de habilitadas\/os para la Convocatoria de Movilidad 2025"},"content":{"rendered":"\n<p class=\"has-large-font-size\"><em>La mayor edici\u00f3n en la historia de la convocatoria avanza hacia la fase de selecci\u00f3n final\u00a0<\/em><br><\/p>\n\n\n\n<p class=\"has-medium-font-size\">El Programa IberCultura Viva publica este jueves (27) la lista final de las 183 candidaturas habilitadas para la Convocatoria de Movilidad 2025, tras el an\u00e1lisis de recursos. Se analizaron 70 recursos, de los cuales quedaron admitidos 47, mientras que 23 no cumplimentaron los requisitos de las bases.&nbsp;<\/p>\n\n\n\n<p>\u00abLa cantidad de postulaciones habilitadas para evaluaci\u00f3n pas\u00f3 de 136 a 183, mientras que el n\u00famero de inhabilitadas disminuy\u00f3 de 150 a 103\u00bb, contabiliza la secretaria T\u00e9cnica del Programa, Flor Minici.<br><br>Con ello, el proceso avanza a la siguiente etapa, en la que la evaluaci\u00f3n quedar\u00e1 a cargo de cada pa\u00eds. El resultado definitivo se dar\u00e1 a conocer en la primera quincena de marzo.<br><br>La Convocatoria de Movilidad 2025 super\u00f3 todas las expectativas, recibiendo 286 postulaciones, consolid\u00e1ndose como la edici\u00f3n m\u00e1s grande jam\u00e1s realizada. Esta iniciativa permite la participaci\u00f3n en el 6\u00ba Congreso Latinoamericano de Culturas Vivas Comunitarias, que se llevar\u00e1 a cabo del 11 al 16 de abril en Cher\u00e1n K\u2019eri y Morelia, Michoac\u00e1n, M\u00e9xico. Adem\u00e1s, las personas seleccionadas pod\u00edan optar por asistir al Seminario Internacional \u201cCultura Viva Comunitaria \u2013 Una Escuela Latinoamericana de Pol\u00edticas Culturales\u201d, que tendr\u00e1 lugar del 8 al 10 de abril de 2025 en la Ciudad de M\u00e9xico.<\/p>\n\n\n\n<figure class=\"wp-block-image size-full\"><img loading=\"lazy\" decoding=\"async\" width=\"7500\" height=\"8989\" src=\"https:\/\/iberculturaviva.org\/wp-content\/uploads\/2025\/03\/cartel-04-primer-version-oficial.jpg\" alt=\"\" class=\"wp-image-41857\"\/><\/figure>\n\n\n\n<figure class=\"wp-block-image alignwide size-large\"><img loading=\"lazy\" decoding=\"async\" width=\"1024\" height=\"574\" src=\"https:\/\/iberculturaviva.org\/wp-content\/uploads\/2025\/03\/seminario-1-1024x574.jpg\" alt=\"\" class=\"wp-image-41855\" srcset=\"https:\/\/iberculturaviva.org\/wp-content\/uploads\/2025\/03\/seminario-1-1024x574.jpg 1024w, https:\/\/iberculturaviva.org\/wp-content\/uploads\/2025\/03\/seminario-1-300x168.jpg 300w, https:\/\/iberculturaviva.org\/wp-content\/uploads\/2025\/03\/seminario-1-150x84.jpg 150w, https:\/\/iberculturaviva.org\/wp-content\/uploads\/2025\/03\/seminario-1-768x430.jpg 768w, https:\/\/iberculturaviva.org\/wp-content\/uploads\/2025\/03\/seminario-1.jpg 1429w\" sizes=\"auto, (max-width: 1024px) 100vw, 1024px\" \/><\/figure>\n\n\n\n<p><strong>Compromiso<br><\/strong>Para la presidenta del Programa IberCultura Viva, M\u00e1rcia Rollemberg, la convocatoria reafirma el compromiso del programa con las organizaciones culturales comunitarias y el fortalecimiento de las pol\u00edticas de cultura viva. \u201cSeguimos firmes en nuestra misi\u00f3n de fortalecer lazos, redes y colectivos, impulsando organizaciones culturales comunitarias, pueblos ind\u00edgenas y comunidades afrodescendientes. Avanzamos hacia M\u00e9xico con la certeza de que el di\u00e1logo, la cooperaci\u00f3n y el intercambio de saberes son la base de pol\u00edticas p\u00fablicas transformadoras, capaces de responder a los desaf\u00edos de nuestro tiempo.\u201d<br><br><strong>Apoyo financiero<br><\/strong>La convocatoria destina un total de US$ 60.000 (sesenta mil d\u00f3lares) para la compra de pasajes a\u00e9reos, seguro de viaje, inscripci\u00f3n de los\/as representantes seleccionados\/as y costos bancarios relacionados con estas acciones.<\/p>\n\n\n\n<p><em>C<a href=\"https:\/\/iberculturaviva.org\/wp-content\/uploads\/2025\/02\/INFORMACIO%CC%81N-HABILITADAS-II-_-INFORMAC%CC%A7A%CC%83O-HABILITADAS-II-Movilidad-IBCV-2025.docx.pdf\" target=\"_blank\" rel=\"noreferrer noopener\">onsulta<\/a><\/em> <em>la lista completa de habilitadas\/os y sigue las pr\u00f3ximas etapas del proceso a trav\u00e9s de nuestras redes sociales<\/em>: <br><\/p>\n\n\n\n<div data-wp-interactive=\"core\/file\" class=\"wp-block-file\"><object data-wp-bind--hidden=\"!state.hasPdfPreview\" hidden class=\"wp-block-file__embed\" data=\"https:\/\/iberculturaviva.org\/wp-content\/uploads\/2025\/03\/INFORMACION-HABILITADAS-II-_-INFORMACAO-HABILITADAS-II-Movilidad-IBCV-2025.docx.pdf\" type=\"application\/pdf\" style=\"width:100%;height:600px\" aria-label=\"Incrustado de INFORMACIO\u0301N-HABILITADAS-II-_-INFORMAC\u0327A\u0303O-HABILITADAS-II-Movilidad-IBCV-2025.docx.\"><\/object><a id=\"wp-block-file--media-bee667d0-6458-4129-84ee-f3de3573f67f\" href=\"https:\/\/iberculturaviva.org\/wp-content\/uploads\/2025\/03\/INFORMACION-HABILITADAS-II-_-INFORMACAO-HABILITADAS-II-Movilidad-IBCV-2025.docx.pdf\">INFORMACIO\u0301N-HABILITADAS-II-_-INFORMAC\u0327A\u0303O-HABILITADAS-II-Movilidad-IBCV-2025.docx<\/a><a href=\"https:\/\/iberculturaviva.org\/wp-content\/uploads\/2025\/03\/INFORMACION-HABILITADAS-II-_-INFORMACAO-HABILITADAS-II-Movilidad-IBCV-2025.docx.pdf\" class=\"wp-block-file__button wp-element-button\" download aria-describedby=\"wp-block-file--media-bee667d0-6458-4129-84ee-f3de3573f67f\">Baixar<\/a><\/div>\n","protected":false},"excerpt":{"rendered":"<p>La mayor edici\u00f3n en la historia de la convocatoria avanza hacia la fase de selecci\u00f3n final\u00a0 El Programa IberCultura Viva publica este jueves (27) la lista final de las 183 [&hellip;]<\/p>\n","protected":false},"author":2,"featured_media":41860,"comment_status":"closed","ping_status":"closed","sticky":false,"template":"","format":"standard","meta":{"_coblocks_attr":"","_coblocks_dimensions":"","_coblocks_responsive_height":"","_coblocks_accordion_ie_support":"","_EventAllDay":false,"_EventTimezone":"","_EventStartDate":"","_EventEndDate":"","_EventStartDateUTC":"","_EventEndDateUTC":"","_EventShowMap":false,"_EventShowMapLink":false,"_EventURL":"","_EventCost":"","_EventCostDescription":"","_EventCurrencySymbol":"","_EventCurrencyCode":"","_EventCurrencyPosition":"","_EventDateTimeSeparator":"","_EventTimeRangeSeparator":"","_EventOrganizerID":[],"_EventVenueID":[],"_OrganizerEmail":"","_OrganizerPhone":"","_OrganizerWebsite":"","_VenueAddress":"","_VenueCity":"","_VenueCountry":"","_VenueProvince":"","_VenueState":"","_VenueZip":"","_VenuePhone":"","_VenueURL":"","_VenueStateProvince":"","_VenueLat":"","_VenueLng":"","_VenueShowMap":false,"_VenueShowMapLink":false,"footnotes":""},"categories":[250,254,262],"tags":[],"country-municipality":[],"class_list":["post-41862","post","type-post","status-publish","format-standard","has-post-thumbnail","hentry","category-convocatorias","category-destaque-es","category-noticias-es"],"yoast_head":"<!-- This site is optimized with the Yoast SEO plugin v25.7 - https:\/\/yoast.com\/wordpress\/plugins\/seo\/ -->\n<title>IberCultura Viva publica la lista final de habilitadas\/os para la Convocatoria de Movilidad 2025 - IberCultura Viva<\/title>\n<meta name=\"description\" content=\"IberCultura Viva publica la lista final de habilitadas\/os para la Convocatoria de Movilidad 2025 - IberCultura Viva\" \/>\n<meta name=\"robots\" content=\"index, follow, max-snippet:-1, max-image-preview:large, max-video-preview:-1\" \/>\n<link rel=\"canonical\" href=\"https:\/\/iberculturaviva.org\/es\/ibercultura-viva-divulga-lista-final-de-habilitadas-os-para-o-edital-de-mobilidade-2025\/\" \/>\n<meta property=\"og:locale\" content=\"es_ES\" \/>\n<meta property=\"og:type\" content=\"article\" \/>\n<meta property=\"og:title\" content=\"IberCultura Viva publica la lista final de habilitadas\/os para la Convocatoria de Movilidad 2025 - IberCultura Viva\" \/>\n<meta property=\"og:description\" content=\"IberCultura Viva publica la lista final de habilitadas\/os para la Convocatoria de Movilidad 2025 - IberCultura Viva\" \/>\n<meta property=\"og:url\" content=\"https:\/\/iberculturaviva.org\/es\/ibercultura-viva-divulga-lista-final-de-habilitadas-os-para-o-edital-de-mobilidade-2025\/\" \/>\n<meta property=\"og:site_name\" content=\"IberCultura Viva\" \/>\n<meta property=\"article:publisher\" content=\"https:\/\/www.facebook.com\/iberculturaviva\/\" \/>\n<meta property=\"article:published_time\" content=\"2025-02-27T19:22:44+00:00\" \/>\n<meta property=\"article:modified_time\" content=\"2025-03-17T19:25:47+00:00\" \/>\n<meta property=\"og:image\" content=\"https:\/\/iberculturaviva.org\/wp-content\/uploads\/2025\/03\/RUMO-A-MEXICO-Convocatoria-de-Movilidad-1980-x-1080-px-640x326-1.png\" \/>\n\t<meta property=\"og:image:width\" content=\"640\" \/>\n\t<meta property=\"og:image:height\" content=\"326\" \/>\n\t<meta property=\"og:image:type\" content=\"image\/png\" \/>\n<meta name=\"author\" content=\"IberCultura\" \/>\n<meta name=\"twitter:card\" content=\"summary_large_image\" \/>\n<meta name=\"twitter:label1\" content=\"Escrito por\" \/>\n\t<meta name=\"twitter:data1\" content=\"IberCultura\" \/>\n\t<meta name=\"twitter:label2\" content=\"Tiempo de lectura\" \/>\n\t<meta name=\"twitter:data2\" content=\"3 minutos\" \/>\n<script type=\"application\/ld+json\" class=\"yoast-schema-graph\">{\"@context\":\"https:\/\/schema.org\",\"@graph\":[{\"@type\":\"Article\",\"@id\":\"https:\/\/iberculturaviva.org\/es\/ibercultura-viva-divulga-lista-final-de-habilitadas-os-para-o-edital-de-mobilidade-2025\/#article\",\"isPartOf\":{\"@id\":\"https:\/\/iberculturaviva.org\/es\/ibercultura-viva-divulga-lista-final-de-habilitadas-os-para-o-edital-de-mobilidade-2025\/\"},\"author\":{\"name\":\"IberCultura\",\"@id\":\"https:\/\/iberculturaviva.org\/es\/?lang=es\/#\/schema\/person\/5d1313b072cc25536e0431522f740b59\"},\"headline\":\"IberCultura Viva publica la lista final de habilitadas\/os para la Convocatoria de Movilidad 2025\",\"datePublished\":\"2025-02-27T19:22:44+00:00\",\"dateModified\":\"2025-03-17T19:25:47+00:00\",\"mainEntityOfPage\":{\"@id\":\"https:\/\/iberculturaviva.org\/es\/ibercultura-viva-divulga-lista-final-de-habilitadas-os-para-o-edital-de-mobilidade-2025\/\"},\"wordCount\":394,\"publisher\":{\"@id\":\"https:\/\/iberculturaviva.org\/es\/?lang=es\/#organization\"},\"image\":{\"@id\":\"https:\/\/iberculturaviva.org\/es\/ibercultura-viva-divulga-lista-final-de-habilitadas-os-para-o-edital-de-mobilidade-2025\/#primaryimage\"},\"thumbnailUrl\":\"https:\/\/iberculturaviva.org\/wp-content\/uploads\/2025\/03\/RUMO-A-MEXICO-Convocatoria-de-Movilidad-1980-x-1080-px-640x326-1.png\",\"articleSection\":[\"Convocatorias\",\"Destaque\",\"Noticias\"],\"inLanguage\":\"es\"},{\"@type\":\"WebPage\",\"@id\":\"https:\/\/iberculturaviva.org\/es\/ibercultura-viva-divulga-lista-final-de-habilitadas-os-para-o-edital-de-mobilidade-2025\/\",\"url\":\"https:\/\/iberculturaviva.org\/es\/ibercultura-viva-divulga-lista-final-de-habilitadas-os-para-o-edital-de-mobilidade-2025\/\",\"name\":\"IberCultura Viva publica la lista final de habilitadas\/os para la Convocatoria de Movilidad 2025 - IberCultura Viva\",\"isPartOf\":{\"@id\":\"https:\/\/iberculturaviva.org\/es\/?lang=es\/#website\"},\"primaryImageOfPage\":{\"@id\":\"https:\/\/iberculturaviva.org\/es\/ibercultura-viva-divulga-lista-final-de-habilitadas-os-para-o-edital-de-mobilidade-2025\/#primaryimage\"},\"image\":{\"@id\":\"https:\/\/iberculturaviva.org\/es\/ibercultura-viva-divulga-lista-final-de-habilitadas-os-para-o-edital-de-mobilidade-2025\/#primaryimage\"},\"thumbnailUrl\":\"https:\/\/iberculturaviva.org\/wp-content\/uploads\/2025\/03\/RUMO-A-MEXICO-Convocatoria-de-Movilidad-1980-x-1080-px-640x326-1.png\",\"datePublished\":\"2025-02-27T19:22:44+00:00\",\"dateModified\":\"2025-03-17T19:25:47+00:00\",\"description\":\"IberCultura Viva publica la lista final de habilitadas\/os para la Convocatoria de Movilidad 2025 - IberCultura Viva\",\"breadcrumb\":{\"@id\":\"https:\/\/iberculturaviva.org\/es\/ibercultura-viva-divulga-lista-final-de-habilitadas-os-para-o-edital-de-mobilidade-2025\/#breadcrumb\"},\"inLanguage\":\"es\",\"potentialAction\":[{\"@type\":\"ReadAction\",\"target\":[\"https:\/\/iberculturaviva.org\/es\/ibercultura-viva-divulga-lista-final-de-habilitadas-os-para-o-edital-de-mobilidade-2025\/\"]}]},{\"@type\":\"ImageObject\",\"inLanguage\":\"es\",\"@id\":\"https:\/\/iberculturaviva.org\/es\/ibercultura-viva-divulga-lista-final-de-habilitadas-os-para-o-edital-de-mobilidade-2025\/#primaryimage\",\"url\":\"https:\/\/iberculturaviva.org\/wp-content\/uploads\/2025\/03\/RUMO-A-MEXICO-Convocatoria-de-Movilidad-1980-x-1080-px-640x326-1.png\",\"contentUrl\":\"https:\/\/iberculturaviva.org\/wp-content\/uploads\/2025\/03\/RUMO-A-MEXICO-Convocatoria-de-Movilidad-1980-x-1080-px-640x326-1.png\",\"width\":640,\"height\":326},{\"@type\":\"BreadcrumbList\",\"@id\":\"https:\/\/iberculturaviva.org\/es\/ibercultura-viva-divulga-lista-final-de-habilitadas-os-para-o-edital-de-mobilidade-2025\/#breadcrumb\",\"itemListElement\":[{\"@type\":\"ListItem\",\"position\":1,\"name\":\"In\u00edcio\",\"item\":\"https:\/\/iberculturaviva.org\/es\/inicio\/\"},{\"@type\":\"ListItem\",\"position\":2,\"name\":\"IberCultura Viva publica la lista final de habilitadas\/os para la Convocatoria de Movilidad 2025\"}]},{\"@type\":\"WebSite\",\"@id\":\"https:\/\/iberculturaviva.org\/es\/?lang=es\/#website\",\"url\":\"https:\/\/iberculturaviva.org\/es\/?lang=es\/\",\"name\":\"IberCultura Viva\",\"description\":\"Programa de cooperaci\u00f3n cultural\",\"publisher\":{\"@id\":\"https:\/\/iberculturaviva.org\/es\/?lang=es\/#organization\"},\"potentialAction\":[{\"@type\":\"SearchAction\",\"target\":{\"@type\":\"EntryPoint\",\"urlTemplate\":\"https:\/\/iberculturaviva.org\/es\/?lang=es\/?s={search_term_string}\"},\"query-input\":{\"@type\":\"PropertyValueSpecification\",\"valueRequired\":true,\"valueName\":\"search_term_string\"}}],\"inLanguage\":\"es\"},{\"@type\":\"Organization\",\"@id\":\"https:\/\/iberculturaviva.org\/es\/?lang=es\/#organization\",\"name\":\"Iberculturaviva\",\"url\":\"https:\/\/iberculturaviva.org\/es\/?lang=es\/\",\"logo\":{\"@type\":\"ImageObject\",\"inLanguage\":\"es\",\"@id\":\"https:\/\/iberculturaviva.org\/es\/?lang=es\/#\/schema\/logo\/image\/\",\"url\":\"https:\/\/iberculturaviva.org\/wp-content\/uploads\/2021\/08\/logo_ibercultura_viva.jpg\",\"contentUrl\":\"https:\/\/iberculturaviva.org\/wp-content\/uploads\/2021\/08\/logo_ibercultura_viva.jpg\",\"width\":708,\"height\":223,\"caption\":\"Iberculturaviva\"},\"image\":{\"@id\":\"https:\/\/iberculturaviva.org\/es\/?lang=es\/#\/schema\/logo\/image\/\"},\"sameAs\":[\"https:\/\/www.facebook.com\/iberculturaviva\/\",\"https:\/\/www.instagram.com\/iberculturaviva\/\",\"https:\/\/www.youtube.com\/iberculturaviva\"]},{\"@type\":\"Person\",\"@id\":\"https:\/\/iberculturaviva.org\/es\/?lang=es\/#\/schema\/person\/5d1313b072cc25536e0431522f740b59\",\"name\":\"IberCultura\",\"image\":{\"@type\":\"ImageObject\",\"inLanguage\":\"es\",\"@id\":\"https:\/\/iberculturaviva.org\/es\/?lang=es\/#\/schema\/person\/image\/\",\"url\":\"https:\/\/secure.gravatar.com\/avatar\/79f1a057cb125cbefb3765d0356d52fc7f3bba3a35e2cf22bc4de090bb7aef70?s=96&d=mm&r=g\",\"contentUrl\":\"https:\/\/secure.gravatar.com\/avatar\/79f1a057cb125cbefb3765d0356d52fc7f3bba3a35e2cf22bc4de090bb7aef70?s=96&d=mm&r=g\",\"caption\":\"IberCultura\"}}]}<\/script>\n<!-- \/ Yoast SEO plugin. -->","yoast_head_json":{"title":"IberCultura Viva publica la lista final de habilitadas\/os para la Convocatoria de Movilidad 2025 - IberCultura Viva","description":"IberCultura Viva publica la lista final de habilitadas\/os para la Convocatoria de Movilidad 2025 - IberCultura Viva","robots":{"index":"index","follow":"follow","max-snippet":"max-snippet:-1","max-image-preview":"max-image-preview:large","max-video-preview":"max-video-preview:-1"},"canonical":"https:\/\/iberculturaviva.org\/es\/ibercultura-viva-divulga-lista-final-de-habilitadas-os-para-o-edital-de-mobilidade-2025\/","og_locale":"es_ES","og_type":"article","og_title":"IberCultura Viva publica la lista final de habilitadas\/os para la Convocatoria de Movilidad 2025 - IberCultura Viva","og_description":"IberCultura Viva publica la lista final de habilitadas\/os para la Convocatoria de Movilidad 2025 - IberCultura Viva","og_url":"https:\/\/iberculturaviva.org\/es\/ibercultura-viva-divulga-lista-final-de-habilitadas-os-para-o-edital-de-mobilidade-2025\/","og_site_name":"IberCultura Viva","article_publisher":"https:\/\/www.facebook.com\/iberculturaviva\/","article_published_time":"2025-02-27T19:22:44+00:00","article_modified_time":"2025-03-17T19:25:47+00:00","og_image":[{"width":640,"height":326,"url":"https:\/\/iberculturaviva.org\/wp-content\/uploads\/2025\/03\/RUMO-A-MEXICO-Convocatoria-de-Movilidad-1980-x-1080-px-640x326-1.png","type":"image\/png"}],"author":"IberCultura","twitter_card":"summary_large_image","twitter_misc":{"Escrito por":"IberCultura","Tiempo de lectura":"3 minutos"},"schema":{"@context":"https:\/\/schema.org","@graph":[{"@type":"Article","@id":"https:\/\/iberculturaviva.org\/es\/ibercultura-viva-divulga-lista-final-de-habilitadas-os-para-o-edital-de-mobilidade-2025\/#article","isPartOf":{"@id":"https:\/\/iberculturaviva.org\/es\/ibercultura-viva-divulga-lista-final-de-habilitadas-os-para-o-edital-de-mobilidade-2025\/"},"author":{"name":"IberCultura","@id":"https:\/\/iberculturaviva.org\/es\/?lang=es\/#\/schema\/person\/5d1313b072cc25536e0431522f740b59"},"headline":"IberCultura Viva publica la lista final de habilitadas\/os para la Convocatoria de Movilidad 2025","datePublished":"2025-02-27T19:22:44+00:00","dateModified":"2025-03-17T19:25:47+00:00","mainEntityOfPage":{"@id":"https:\/\/iberculturaviva.org\/es\/ibercultura-viva-divulga-lista-final-de-habilitadas-os-para-o-edital-de-mobilidade-2025\/"},"wordCount":394,"publisher":{"@id":"https:\/\/iberculturaviva.org\/es\/?lang=es\/#organization"},"image":{"@id":"https:\/\/iberculturaviva.org\/es\/ibercultura-viva-divulga-lista-final-de-habilitadas-os-para-o-edital-de-mobilidade-2025\/#primaryimage"},"thumbnailUrl":"https:\/\/iberculturaviva.org\/wp-content\/uploads\/2025\/03\/RUMO-A-MEXICO-Convocatoria-de-Movilidad-1980-x-1080-px-640x326-1.png","articleSection":["Convocatorias","Destaque","Noticias"],"inLanguage":"es"},{"@type":"WebPage","@id":"https:\/\/iberculturaviva.org\/es\/ibercultura-viva-divulga-lista-final-de-habilitadas-os-para-o-edital-de-mobilidade-2025\/","url":"https:\/\/iberculturaviva.org\/es\/ibercultura-viva-divulga-lista-final-de-habilitadas-os-para-o-edital-de-mobilidade-2025\/","name":"IberCultura Viva publica la lista final de habilitadas\/os para la Convocatoria de Movilidad 2025 - IberCultura Viva","isPartOf":{"@id":"https:\/\/iberculturaviva.org\/es\/?lang=es\/#website"},"primaryImageOfPage":{"@id":"https:\/\/iberculturaviva.org\/es\/ibercultura-viva-divulga-lista-final-de-habilitadas-os-para-o-edital-de-mobilidade-2025\/#primaryimage"},"image":{"@id":"https:\/\/iberculturaviva.org\/es\/ibercultura-viva-divulga-lista-final-de-habilitadas-os-para-o-edital-de-mobilidade-2025\/#primaryimage"},"thumbnailUrl":"https:\/\/iberculturaviva.org\/wp-content\/uploads\/2025\/03\/RUMO-A-MEXICO-Convocatoria-de-Movilidad-1980-x-1080-px-640x326-1.png","datePublished":"2025-02-27T19:22:44+00:00","dateModified":"2025-03-17T19:25:47+00:00","description":"IberCultura Viva publica la lista final de habilitadas\/os para la Convocatoria de Movilidad 2025 - IberCultura Viva","breadcrumb":{"@id":"https:\/\/iberculturaviva.org\/es\/ibercultura-viva-divulga-lista-final-de-habilitadas-os-para-o-edital-de-mobilidade-2025\/#breadcrumb"},"inLanguage":"es","potentialAction":[{"@type":"ReadAction","target":["https:\/\/iberculturaviva.org\/es\/ibercultura-viva-divulga-lista-final-de-habilitadas-os-para-o-edital-de-mobilidade-2025\/"]}]},{"@type":"ImageObject","inLanguage":"es","@id":"https:\/\/iberculturaviva.org\/es\/ibercultura-viva-divulga-lista-final-de-habilitadas-os-para-o-edital-de-mobilidade-2025\/#primaryimage","url":"https:\/\/iberculturaviva.org\/wp-content\/uploads\/2025\/03\/RUMO-A-MEXICO-Convocatoria-de-Movilidad-1980-x-1080-px-640x326-1.png","contentUrl":"https:\/\/iberculturaviva.org\/wp-content\/uploads\/2025\/03\/RUMO-A-MEXICO-Convocatoria-de-Movilidad-1980-x-1080-px-640x326-1.png","width":640,"height":326},{"@type":"BreadcrumbList","@id":"https:\/\/iberculturaviva.org\/es\/ibercultura-viva-divulga-lista-final-de-habilitadas-os-para-o-edital-de-mobilidade-2025\/#breadcrumb","itemListElement":[{"@type":"ListItem","position":1,"name":"In\u00edcio","item":"https:\/\/iberculturaviva.org\/es\/inicio\/"},{"@type":"ListItem","position":2,"name":"IberCultura Viva publica la lista final de habilitadas\/os para la Convocatoria de Movilidad 2025"}]},{"@type":"WebSite","@id":"https:\/\/iberculturaviva.org\/es\/?lang=es\/#website","url":"https:\/\/iberculturaviva.org\/es\/?lang=es\/","name":"IberCultura Viva","description":"Programa de cooperaci\u00f3n cultural","publisher":{"@id":"https:\/\/iberculturaviva.org\/es\/?lang=es\/#organization"},"potentialAction":[{"@type":"SearchAction","target":{"@type":"EntryPoint","urlTemplate":"https:\/\/iberculturaviva.org\/es\/?lang=es\/?s={search_term_string}"},"query-input":{"@type":"PropertyValueSpecification","valueRequired":true,"valueName":"search_term_string"}}],"inLanguage":"es"},{"@type":"Organization","@id":"https:\/\/iberculturaviva.org\/es\/?lang=es\/#organization","name":"Iberculturaviva","url":"https:\/\/iberculturaviva.org\/es\/?lang=es\/","logo":{"@type":"ImageObject","inLanguage":"es","@id":"https:\/\/iberculturaviva.org\/es\/?lang=es\/#\/schema\/logo\/image\/","url":"https:\/\/iberculturaviva.org\/wp-content\/uploads\/2021\/08\/logo_ibercultura_viva.jpg","contentUrl":"https:\/\/iberculturaviva.org\/wp-content\/uploads\/2021\/08\/logo_ibercultura_viva.jpg","width":708,"height":223,"caption":"Iberculturaviva"},"image":{"@id":"https:\/\/iberculturaviva.org\/es\/?lang=es\/#\/schema\/logo\/image\/"},"sameAs":["https:\/\/www.facebook.com\/iberculturaviva\/","https:\/\/www.instagram.com\/iberculturaviva\/","https:\/\/www.youtube.com\/iberculturaviva"]},{"@type":"Person","@id":"https:\/\/iberculturaviva.org\/es\/?lang=es\/#\/schema\/person\/5d1313b072cc25536e0431522f740b59","name":"IberCultura","image":{"@type":"ImageObject","inLanguage":"es","@id":"https:\/\/iberculturaviva.org\/es\/?lang=es\/#\/schema\/person\/image\/","url":"https:\/\/secure.gravatar.com\/avatar\/79f1a057cb125cbefb3765d0356d52fc7f3bba3a35e2cf22bc4de090bb7aef70?s=96&d=mm&r=g","contentUrl":"https:\/\/secure.gravatar.com\/avatar\/79f1a057cb125cbefb3765d0356d52fc7f3bba3a35e2cf22bc4de090bb7aef70?s=96&d=mm&r=g","caption":"IberCultura"}}]}},"main_category":{"link":"https:\/\/iberculturaviva.org\/es\/category\/destaque-es\/","name":"Destaque","slug":"destaque-es"},"_links":{"self":[{"href":"https:\/\/iberculturaviva.org\/es\/wp-json\/wp\/v2\/posts\/41862","targetHints":{"allow":["GET"]}}],"collection":[{"href":"https:\/\/iberculturaviva.org\/es\/wp-json\/wp\/v2\/posts"}],"about":[{"href":"https:\/\/iberculturaviva.org\/es\/wp-json\/wp\/v2\/types\/post"}],"author":[{"embeddable":true,"href":"https:\/\/iberculturaviva.org\/es\/wp-json\/wp\/v2\/users\/2"}],"replies":[{"embeddable":true,"href":"https:\/\/iberculturaviva.org\/es\/wp-json\/wp\/v2\/comments?post=41862"}],"version-history":[{"count":1,"href":"https:\/\/iberculturaviva.org\/es\/wp-json\/wp\/v2\/posts\/41862\/revisions"}],"predecessor-version":[{"id":41864,"href":"https:\/\/iberculturaviva.org\/es\/wp-json\/wp\/v2\/posts\/41862\/revisions\/41864"}],"wp:featuredmedia":[{"embeddable":true,"href":"https:\/\/iberculturaviva.org\/es\/wp-json\/wp\/v2\/media\/41860"}],"wp:attachment":[{"href":"https:\/\/iberculturaviva.org\/es\/wp-json\/wp\/v2\/media?parent=41862"}],"wp:term":[{"taxonomy":"category","embeddable":true,"href":"https:\/\/iberculturaviva.org\/es\/wp-json\/wp\/v2\/categories?post=41862"},{"taxonomy":"post_tag","embeddable":true,"href":"https:\/\/iberculturaviva.org\/es\/wp-json\/wp\/v2\/tags?post=41862"},{"taxonomy":"country-municipality","embeddable":true,"href":"https:\/\/iberculturaviva.org\/es\/wp-json\/wp\/v2\/country-municipality?post=41862"}],"curies":[{"name":"wp","href":"https:\/\/api.w.org\/{rel}","templated":true}]}}