{"id":41696,"date":"2025-02-14T16:01:52","date_gmt":"2025-02-14T19:01:52","guid":{"rendered":"https:\/\/iberculturaviva.org\/seminario-internacional-na-cidade-do-mexico-debatera-cultura-viva-comunitaria-na-america-latina\/"},"modified":"2025-02-18T16:05:57","modified_gmt":"2025-02-18T19:05:57","slug":"seminario-internacional-na-cidade-do-mexico-debatera-cultura-viva-comunitaria-na-america-latina","status":"publish","type":"post","link":"https:\/\/iberculturaviva.org\/es\/seminario-internacional-na-cidade-do-mexico-debatera-cultura-viva-comunitaria-na-america-latina\/","title":{"rendered":"Seminario Internacional en Ciudad de M\u00e9xico debatir\u00e1 sobre Cultura Viva Comunitaria en Latinoamerica"},"content":{"rendered":"\n<h4 class=\"wp-block-heading\"><em>La Convocatoria de Movilidad IberCultura Viva 2025 para el 6\u00ba Congreso Latinoamericano de Culturas Vivas Comunitarias est\u00e1 con inscripciones abiertas hasta el 17 de febrero y permite la participaci\u00f3n en el evento.<\/em><div><em style=\"padding: 0px; border: 0px; outline: 0px; font-variant: inherit; font-weight: inherit; font-stretch: inherit; font-size: inherit; line-height: inherit; font-family: inherit; font-optical-sizing: inherit; font-size-adjust: inherit; font-kerning: inherit; font-feature-settings: inherit; font-variation-settings: inherit; vertical-align: baseline;\"><\/em><\/div><\/h4>\n\n\n\n<p>El Seminario Internacional \u00abCultura Viva Comunitaria \u2013 Una Escuela Latinoamericana de Gesti\u00f3n Cultural\u00bb tiene como prop\u00f3sito profundizar los debates sobre gesti\u00f3n cultural y las acciones de Cultura Viva Comunitaria, explorando experiencias, desaf\u00edos y pr\u00e1cticas de organizaciones, ciudades y pa\u00edses de Am\u00e9rica Latina. El evento se llevar\u00e1 a cabo del 8 al 10 de abril de 2025, en Ciudad de M\u00e9xico.<\/p>\n\n\n\n<p>El Seminario forma parte del recorrido de la Caravana Quetzalc\u00f3atl, una iniciativa del movimiento latinoamericano de Cultura Viva Comunitaria, que recorrer\u00e1 territorios como Costa Rica, Chiapas, Tamaulipas, Guadalajara y Ciudad de M\u00e9xico, entre el 21 de marzo y el 10 de abril.<\/p>\n\n\n\n<p>El encuentro abordar\u00e1 la trayectoria de las pol\u00edticas culturales inspiradas en los conceptos de Puntos de Cultura y Cultura Viva Comunitaria, as\u00ed como el papel de las iniciativas de base comunitaria en la revitalizaci\u00f3n del tejido social y cultural. El Seminario estar\u00e1 abierto a todas las personas interesadas y el formulario de preinscripci\u00f3n estar\u00e1 disponible pr\u00f3ximamente. Para solicitar una carta de invitaci\u00f3n, escribir al correo&nbsp;<strong>info@institutocvc.org<\/strong>.<\/p>\n\n\n\n<p>Para la presidenta de IberCultura Viva,&nbsp;<strong>M\u00e1rcia Rollemberg<\/strong>, el Seminario representa un hito estrat\u00e9gico para fortalecer la cooperaci\u00f3n entre los pa\u00edses y la sociedad civil.<\/p>\n\n\n\n<p>\u00abLas pol\u00edticas de Cultura Viva nacieron desde abajo, impulsadas por el protagonismo de las comunidades y sus redes de solidaridad y resistencia. Es responsabilidad del Estado mantener una escucha activa para garantizar que estos procesos contin\u00faen fortaleciendo los derechos culturales, la democratizaci\u00f3n y los Puntos de Cultura\u00bb.<\/p>\n\n\n\n<p>M\u00e1rcia destaca que \u00abante los desaf\u00edos socioambientales, los grupos culturales comunitarios no solo resisten, sino que proponen soluciones ancestrales, arraigadas en el territorio, que se\u00f1alan caminos innovadores para enfrentar crisis y desigualdades. Para avanzar, es fundamental conectar saberes acad\u00e9micos y ancestrales, fortalecer redes de apoyo e involucrar a todos los sectores de la sociedad. Para ello, mantener la capacidad de di\u00e1logo y debate es esencial. La Cultura Viva Comunitaria es transformaci\u00f3n social\u00bb.<\/p>\n\n\n\n<figure class=\"wp-block-image size-large\"><img loading=\"lazy\" decoding=\"async\" width=\"1024\" height=\"574\" src=\"https:\/\/iberculturaviva.org\/wp-content\/uploads\/2025\/02\/seminario-1-1024x574.jpg\" alt=\"\" class=\"wp-image-41689\" srcset=\"https:\/\/iberculturaviva.org\/wp-content\/uploads\/2025\/02\/seminario-1-1024x574.jpg 1024w, https:\/\/iberculturaviva.org\/wp-content\/uploads\/2025\/02\/seminario-1-300x168.jpg 300w, https:\/\/iberculturaviva.org\/wp-content\/uploads\/2025\/02\/seminario-1-150x84.jpg 150w, https:\/\/iberculturaviva.org\/wp-content\/uploads\/2025\/02\/seminario-1-768x430.jpg 768w, https:\/\/iberculturaviva.org\/wp-content\/uploads\/2025\/02\/seminario-1.jpg 1429w\" sizes=\"auto, (max-width: 1024px) 100vw, 1024px\" \/><\/figure>\n\n\n\n<p><\/p>\n\n\n\n<p><strong>Oportunidad de participaci\u00f3n<\/strong><br>Las personas interesadas en postularse a la Convocatoria de Movilidad 2025 de IberCultura Viva, que tambi\u00e9n permite la participaci\u00f3n en el Seminario,&nbsp;<a rel=\"noreferrer noopener\" href=\"https:\/\/mapa.iberculturaviva.org\/oportunidade\/558\/#info\" target=\"_blank\">pueden acceder a la informaci\u00f3n completa AQUI<\/a>.<br><br>El consultor de Redes y Formaci\u00f3n de IberCultura Viva,&nbsp;<strong>Diego Benhabib<\/strong>, destac\u00f3: \u00abAdem\u00e1s de apoyar la participaci\u00f3n de representantes de organizaciones culturales comunitarias, pueblos ind\u00edgenas y comunidades afrodescendientes en el 6\u00ba Congreso Latinoamericano de Culturas Vivas Comunitarias, que se llevar\u00e1 a cabo del 11 al 16 de abril en Cher\u00e1n K\u2019eri y Morelia, Michoac\u00e1n (M\u00e9xico), los seleccionados tambi\u00e9n podr\u00e1n participar en el Seminario en Ciudad de M\u00e9xico\u00bb.&nbsp;<\/p>\n\n\n\n<p>Pueden postularse tanto personas como organizaciones de los 13 pa\u00edses miembros de IberCultura Viva: Argentina, Brasil, Chile, Colombia, Costa Rica, Ecuador, El Salvador, Espa\u00f1a, M\u00e9xico, Paraguay, Per\u00fa, Rep\u00fablica Dominicana y Uruguay.<\/p>\n\n\n\n<p>El monto total asignado es de 60.000 d\u00f3lares estadounidenses, destinados a la compra de pasajes a\u00e9reos, seguro de viaje, inscripci\u00f3n de los representantes seleccionados y costos bancarios asociados a estas acciones.<\/p>\n\n\n\n<p>\ud83d\uddd3 Fecha l\u00edmite para enviar solicitudes: 17 de febrero de 2025, a las 23:59 (hora de Buenos Aires, Argentina).<br><br><strong>M\u00e1s informaci\u00f3n sobre el Seminario<\/strong><br>Entre los temas que se abordar\u00e1n en el encuentro, se encuentran:<\/p>\n\n\n\n<ul class=\"wp-block-list\">\n<li>Formaci\u00f3n de agentes culturales en la administraci\u00f3n p\u00fablica.<\/li>\n\n\n\n<li>Relaci\u00f3n entre Cultura Viva Comunitaria y pol\u00edticas p\u00fablicas.<\/li>\n\n\n\n<li>Participaci\u00f3n social en la formulaci\u00f3n y evaluaci\u00f3n de pol\u00edticas culturales.<\/li>\n\n\n\n<li>El concepto del Buen Vivir como eje del desarrollo comunitario.<\/li>\n<\/ul>\n\n\n\n<p>El Seminario ser\u00e1 un espacio de intercambio y reflexi\u00f3n, consolidando estrategias para fortalecer las pol\u00edticas culturales de base comunitaria y contribuyendo a la discusi\u00f3n global sobre cultura y desarrollo.<\/p>\n\n\n\n<p>\u00abEl Seminario tiene un car\u00e1cter intersectorial, reuniendo gestores p\u00fablicos de diversos pa\u00edses de Am\u00e9rica Latina e Iberoam\u00e9rica, adem\u00e1s de organizaciones culturales comunitarias, sociedad civil, Puntos de Cultura y acad\u00e9micos que contribuyen a la construcci\u00f3n de estas pol\u00edticas. M\u00e1s que generar pol\u00edticas p\u00fablicas, este proceso fortalece el conocimiento y el pensamiento conceptual sobre el desarrollo cultural, posicionando a Brasil y Am\u00e9rica Latina como referentes globales. La propuesta es reflexionar sobre este escenario y resaltar la importancia de una construcci\u00f3n conjunta entre gobierno, sociedad y academia. La Fundaci\u00f3n Casa de Rui Barbosa se enorgullece de apoyar este proceso, que forma parte de una planificaci\u00f3n anual en la que Cultura Viva tambi\u00e9n ser\u00e1 un tema central en la 14\u00aa edici\u00f3n de nuestro Seminario Internacional de Pol\u00edticas Culturales\u201d, afirm\u00f3&nbsp;<strong>Alexandre Santini<\/strong>, presidente de la Fundaci\u00f3n Casa de Rui Barbosa.<\/p>\n\n\n\n<p>Para la secretaria t\u00e9cnica de IberCultura Viva,&nbsp;<strong>Flor Minici<\/strong>, los Puntos de Cultura en Am\u00e9rica Latina representan m\u00e1s que un programa cultural: son una propuesta de pol\u00edtica p\u00fablica enfocada en el desarrollo cultural comunitario basada en el concepto de ciudadan\u00eda cultural. \u00abEsto implica el desaf\u00edo de construir una comunidad organizada, en la que gobierno y sociedad civil se unan para transformar el Estado. Nos referimos a un Estado poroso y permeable, que evoluciona a partir de las demandas y la participaci\u00f3n de la sociedad\u00bb, afirm\u00f3.<\/p>\n\n\n\n<p>El Seminario buscar\u00e1 profundizar el debate sobre las perspectivas, desaf\u00edos y experiencias de las pol\u00edticas culturales de base comunitaria, promoviendo el di\u00e1logo entre organizaciones, ciudades y pa\u00edses de Am\u00e9rica Latina. Ser\u00e1 un espacio de intercambio sobre gesti\u00f3n cultural y Cultura Viva Comunitaria, fortaleciendo la articulaci\u00f3n regional y promoviendo el crecimiento de estas pol\u00edticas en el continente.<\/p>\n\n\n\n<p>\u00abEl Seminario es fundamental para el fortalecimiento de la democracia en el continente y para los procesos de Cultura Viva Comunitaria. Est\u00e1 vinculado a la necesidad de desarrollar procesos transformadores que tambi\u00e9n impacten la institucionalidad y el tipo de Estado que necesitamos construir en nuestra regi\u00f3n. En este sentido, los resultados ser\u00e1n un insumo clave para estrategias e iniciativas en los pr\u00f3ximos a\u00f1os. El encuentro contribuir\u00e1 a consolidar procesos de desarrollo comunitario y pol\u00edticas p\u00fablicas que permitan construir una sociedad m\u00e1s igualitaria y solidaria, con un modelo de desarrollo alternativo al extractivismo, la precarizaci\u00f3n y la pobreza\u00bb, se\u00f1al\u00f3 Eduardo Bal\u00e1n, del Instituto Latinoamericano de Promoci\u00f3n de Cultura Viva Comunitaria.<br><br><strong>Organizaci\u00f3n y alianzas<\/strong><br>El encuentro, organizado por el Instituto Latinoamericano de Cultura Viva Comunitaria, cuenta con la colaboraci\u00f3n de diversas instituciones, entre ellas:<\/p>\n\n\n\n<ul class=\"wp-block-list\">\n<li>Redes de Gesti\u00f3n Cultural (RGC)<\/li>\n\n\n\n<li>Caravana Quetzalc\u00f3atl<\/li>\n\n\n\n<li>Programa IberCultura Viva<\/li>\n\n\n\n<li>Fundaci\u00f3n Casa de Rui Barbosa \/ MinC<\/li>\n\n\n\n<li>Secretar\u00eda de Cultura de la Ciudad de M\u00e9xico<\/li>\n\n\n\n<li>Universidad Aut\u00f3noma de la Ciudad de M\u00e9xico (UACM)<\/li>\n\n\n\n<li>Lab Cultura Viva \u2013 Extensi\u00f3n UFRJ<\/li>\n\n\n\n<li>Secretar\u00eda de Cultura del Gobierno de M\u00e9xico<\/li>\n\n\n\n<li>Centro Cultural de Espa\u00f1a en Ciudad de M\u00e9xico<\/li>\n\n\n\n<li>C\u00e1tedra UNESCO de Pol\u00edticas Culturales y Gesti\u00f3n<\/li>\n\n\n\n<li>Pont\u00e3o de Cultura Aret\u00e9<\/li>\n\n\n\n<li>FLACSO-Argentina<\/li>\n\n\n\n<li>Diputaci\u00f3n de Barcelona<\/li>\n<\/ul>\n","protected":false},"excerpt":{"rendered":"<p>La Convocatoria de Movilidad IberCultura Viva 2025 para el 6\u00ba Congreso Latinoamericano de Culturas Vivas Comunitarias est\u00e1 con inscripciones abiertas hasta el 17 de febrero y permite la participaci\u00f3n en [&hellip;]<\/p>\n","protected":false},"author":2,"featured_media":41692,"comment_status":"closed","ping_status":"closed","sticky":false,"template":"","format":"standard","meta":{"_coblocks_attr":"","_coblocks_dimensions":"","_coblocks_responsive_height":"","_coblocks_accordion_ie_support":"","_EventAllDay":false,"_EventTimezone":"","_EventStartDate":"","_EventEndDate":"","_EventStartDateUTC":"","_EventEndDateUTC":"","_EventShowMap":false,"_EventShowMapLink":false,"_EventURL":"","_EventCost":"","_EventCostDescription":"","_EventCurrencySymbol":"","_EventCurrencyCode":"","_EventCurrencyPosition":"","_EventDateTimeSeparator":"","_EventTimeRangeSeparator":"","_EventOrganizerID":[],"_EventVenueID":[],"_OrganizerEmail":"","_OrganizerPhone":"","_OrganizerWebsite":"","_VenueAddress":"","_VenueCity":"","_VenueCountry":"","_VenueProvince":"","_VenueState":"","_VenueZip":"","_VenuePhone":"","_VenueURL":"","_VenueStateProvince":"","_VenueLat":"","_VenueLng":"","_VenueShowMap":false,"_VenueShowMapLink":false,"footnotes":""},"categories":[254,262,634],"tags":[],"country-municipality":[],"class_list":["post-41696","post","type-post","status-publish","format-standard","has-post-thumbnail","hentry","category-destaque-es","category-noticias-es","category-seminarios-es"],"yoast_head":"<!-- This site is optimized with the Yoast SEO plugin v25.7 - https:\/\/yoast.com\/wordpress\/plugins\/seo\/ -->\n<title>Seminario Internacional en Ciudad de M\u00e9xico debatir\u00e1 sobre Cultura Viva Comunitaria en Latinoamerica - IberCultura Viva<\/title>\n<meta name=\"description\" content=\"Seminario Internacional en Ciudad de M\u00e9xico debatir\u00e1 sobre Cultura Viva Comunitaria en Latinoamerica - IberCultura Viva\" \/>\n<meta name=\"robots\" content=\"index, follow, max-snippet:-1, max-image-preview:large, max-video-preview:-1\" \/>\n<link rel=\"canonical\" href=\"https:\/\/iberculturaviva.org\/es\/seminario-internacional-na-cidade-do-mexico-debatera-cultura-viva-comunitaria-na-america-latina\/\" \/>\n<meta property=\"og:locale\" content=\"es_ES\" \/>\n<meta property=\"og:type\" content=\"article\" \/>\n<meta property=\"og:title\" content=\"Seminario Internacional en Ciudad de M\u00e9xico debatir\u00e1 sobre Cultura Viva Comunitaria en Latinoamerica - IberCultura Viva\" \/>\n<meta property=\"og:description\" content=\"Seminario Internacional en Ciudad de M\u00e9xico debatir\u00e1 sobre Cultura Viva Comunitaria en Latinoamerica - IberCultura Viva\" \/>\n<meta property=\"og:url\" content=\"https:\/\/iberculturaviva.org\/es\/seminario-internacional-na-cidade-do-mexico-debatera-cultura-viva-comunitaria-na-america-latina\/\" \/>\n<meta property=\"og:site_name\" content=\"IberCultura Viva\" \/>\n<meta property=\"article:publisher\" content=\"https:\/\/www.facebook.com\/iberculturaviva\/\" \/>\n<meta property=\"article:published_time\" content=\"2025-02-14T19:01:52+00:00\" \/>\n<meta property=\"article:modified_time\" content=\"2025-02-18T19:05:57+00:00\" \/>\n<meta property=\"og:image\" content=\"https:\/\/iberculturaviva.org\/wp-content\/uploads\/2025\/02\/CARD-Seminario-Mexico-1980-x-1080-px-1-640x326-1.png\" \/>\n\t<meta property=\"og:image:width\" content=\"640\" \/>\n\t<meta property=\"og:image:height\" content=\"326\" \/>\n\t<meta property=\"og:image:type\" content=\"image\/png\" \/>\n<meta name=\"author\" content=\"IberCultura\" \/>\n<meta name=\"twitter:card\" content=\"summary_large_image\" \/>\n<meta name=\"twitter:label1\" content=\"Escrito por\" \/>\n\t<meta name=\"twitter:data1\" content=\"IberCultura\" \/>\n\t<meta name=\"twitter:label2\" content=\"Tiempo de lectura\" \/>\n\t<meta name=\"twitter:data2\" content=\"7 minutos\" \/>\n<script type=\"application\/ld+json\" class=\"yoast-schema-graph\">{\"@context\":\"https:\/\/schema.org\",\"@graph\":[{\"@type\":\"Article\",\"@id\":\"https:\/\/iberculturaviva.org\/es\/seminario-internacional-na-cidade-do-mexico-debatera-cultura-viva-comunitaria-na-america-latina\/#article\",\"isPartOf\":{\"@id\":\"https:\/\/iberculturaviva.org\/es\/seminario-internacional-na-cidade-do-mexico-debatera-cultura-viva-comunitaria-na-america-latina\/\"},\"author\":{\"name\":\"IberCultura\",\"@id\":\"https:\/\/iberculturaviva.org\/es\/?lang=es\/#\/schema\/person\/5d1313b072cc25536e0431522f740b59\"},\"headline\":\"Seminario Internacional en Ciudad de M\u00e9xico debatir\u00e1 sobre Cultura Viva Comunitaria en Latinoamerica\",\"datePublished\":\"2025-02-14T19:01:52+00:00\",\"dateModified\":\"2025-02-18T19:05:57+00:00\",\"mainEntityOfPage\":{\"@id\":\"https:\/\/iberculturaviva.org\/es\/seminario-internacional-na-cidade-do-mexico-debatera-cultura-viva-comunitaria-na-america-latina\/\"},\"wordCount\":1218,\"publisher\":{\"@id\":\"https:\/\/iberculturaviva.org\/es\/?lang=es\/#organization\"},\"image\":{\"@id\":\"https:\/\/iberculturaviva.org\/es\/seminario-internacional-na-cidade-do-mexico-debatera-cultura-viva-comunitaria-na-america-latina\/#primaryimage\"},\"thumbnailUrl\":\"https:\/\/iberculturaviva.org\/wp-content\/uploads\/2025\/02\/CARD-Seminario-Mexico-1980-x-1080-px-1-640x326-1.png\",\"articleSection\":[\"Destaque\",\"Noticias\",\"Seminarios\"],\"inLanguage\":\"es\"},{\"@type\":\"WebPage\",\"@id\":\"https:\/\/iberculturaviva.org\/es\/seminario-internacional-na-cidade-do-mexico-debatera-cultura-viva-comunitaria-na-america-latina\/\",\"url\":\"https:\/\/iberculturaviva.org\/es\/seminario-internacional-na-cidade-do-mexico-debatera-cultura-viva-comunitaria-na-america-latina\/\",\"name\":\"Seminario Internacional en Ciudad de M\u00e9xico debatir\u00e1 sobre Cultura Viva Comunitaria en Latinoamerica - IberCultura Viva\",\"isPartOf\":{\"@id\":\"https:\/\/iberculturaviva.org\/es\/?lang=es\/#website\"},\"primaryImageOfPage\":{\"@id\":\"https:\/\/iberculturaviva.org\/es\/seminario-internacional-na-cidade-do-mexico-debatera-cultura-viva-comunitaria-na-america-latina\/#primaryimage\"},\"image\":{\"@id\":\"https:\/\/iberculturaviva.org\/es\/seminario-internacional-na-cidade-do-mexico-debatera-cultura-viva-comunitaria-na-america-latina\/#primaryimage\"},\"thumbnailUrl\":\"https:\/\/iberculturaviva.org\/wp-content\/uploads\/2025\/02\/CARD-Seminario-Mexico-1980-x-1080-px-1-640x326-1.png\",\"datePublished\":\"2025-02-14T19:01:52+00:00\",\"dateModified\":\"2025-02-18T19:05:57+00:00\",\"description\":\"Seminario Internacional en Ciudad de M\u00e9xico debatir\u00e1 sobre Cultura Viva Comunitaria en Latinoamerica - IberCultura Viva\",\"breadcrumb\":{\"@id\":\"https:\/\/iberculturaviva.org\/es\/seminario-internacional-na-cidade-do-mexico-debatera-cultura-viva-comunitaria-na-america-latina\/#breadcrumb\"},\"inLanguage\":\"es\",\"potentialAction\":[{\"@type\":\"ReadAction\",\"target\":[\"https:\/\/iberculturaviva.org\/es\/seminario-internacional-na-cidade-do-mexico-debatera-cultura-viva-comunitaria-na-america-latina\/\"]}]},{\"@type\":\"ImageObject\",\"inLanguage\":\"es\",\"@id\":\"https:\/\/iberculturaviva.org\/es\/seminario-internacional-na-cidade-do-mexico-debatera-cultura-viva-comunitaria-na-america-latina\/#primaryimage\",\"url\":\"https:\/\/iberculturaviva.org\/wp-content\/uploads\/2025\/02\/CARD-Seminario-Mexico-1980-x-1080-px-1-640x326-1.png\",\"contentUrl\":\"https:\/\/iberculturaviva.org\/wp-content\/uploads\/2025\/02\/CARD-Seminario-Mexico-1980-x-1080-px-1-640x326-1.png\",\"width\":640,\"height\":326},{\"@type\":\"BreadcrumbList\",\"@id\":\"https:\/\/iberculturaviva.org\/es\/seminario-internacional-na-cidade-do-mexico-debatera-cultura-viva-comunitaria-na-america-latina\/#breadcrumb\",\"itemListElement\":[{\"@type\":\"ListItem\",\"position\":1,\"name\":\"In\u00edcio\",\"item\":\"https:\/\/iberculturaviva.org\/es\/inicio\/\"},{\"@type\":\"ListItem\",\"position\":2,\"name\":\"Seminario Internacional en Ciudad de M\u00e9xico debatir\u00e1 sobre Cultura Viva Comunitaria en Latinoamerica\"}]},{\"@type\":\"WebSite\",\"@id\":\"https:\/\/iberculturaviva.org\/es\/?lang=es\/#website\",\"url\":\"https:\/\/iberculturaviva.org\/es\/?lang=es\/\",\"name\":\"IberCultura Viva\",\"description\":\"Programa de cooperaci\u00f3n cultural\",\"publisher\":{\"@id\":\"https:\/\/iberculturaviva.org\/es\/?lang=es\/#organization\"},\"potentialAction\":[{\"@type\":\"SearchAction\",\"target\":{\"@type\":\"EntryPoint\",\"urlTemplate\":\"https:\/\/iberculturaviva.org\/es\/?lang=es\/?s={search_term_string}\"},\"query-input\":{\"@type\":\"PropertyValueSpecification\",\"valueRequired\":true,\"valueName\":\"search_term_string\"}}],\"inLanguage\":\"es\"},{\"@type\":\"Organization\",\"@id\":\"https:\/\/iberculturaviva.org\/es\/?lang=es\/#organization\",\"name\":\"Iberculturaviva\",\"url\":\"https:\/\/iberculturaviva.org\/es\/?lang=es\/\",\"logo\":{\"@type\":\"ImageObject\",\"inLanguage\":\"es\",\"@id\":\"https:\/\/iberculturaviva.org\/es\/?lang=es\/#\/schema\/logo\/image\/\",\"url\":\"https:\/\/iberculturaviva.org\/wp-content\/uploads\/2021\/08\/logo_ibercultura_viva.jpg\",\"contentUrl\":\"https:\/\/iberculturaviva.org\/wp-content\/uploads\/2021\/08\/logo_ibercultura_viva.jpg\",\"width\":708,\"height\":223,\"caption\":\"Iberculturaviva\"},\"image\":{\"@id\":\"https:\/\/iberculturaviva.org\/es\/?lang=es\/#\/schema\/logo\/image\/\"},\"sameAs\":[\"https:\/\/www.facebook.com\/iberculturaviva\/\",\"https:\/\/www.instagram.com\/iberculturaviva\/\",\"https:\/\/www.youtube.com\/iberculturaviva\"]},{\"@type\":\"Person\",\"@id\":\"https:\/\/iberculturaviva.org\/es\/?lang=es\/#\/schema\/person\/5d1313b072cc25536e0431522f740b59\",\"name\":\"IberCultura\",\"image\":{\"@type\":\"ImageObject\",\"inLanguage\":\"es\",\"@id\":\"https:\/\/iberculturaviva.org\/es\/?lang=es\/#\/schema\/person\/image\/\",\"url\":\"https:\/\/secure.gravatar.com\/avatar\/79f1a057cb125cbefb3765d0356d52fc7f3bba3a35e2cf22bc4de090bb7aef70?s=96&d=mm&r=g\",\"contentUrl\":\"https:\/\/secure.gravatar.com\/avatar\/79f1a057cb125cbefb3765d0356d52fc7f3bba3a35e2cf22bc4de090bb7aef70?s=96&d=mm&r=g\",\"caption\":\"IberCultura\"}}]}<\/script>\n<!-- \/ Yoast SEO plugin. -->","yoast_head_json":{"title":"Seminario Internacional en Ciudad de M\u00e9xico debatir\u00e1 sobre Cultura Viva Comunitaria en Latinoamerica - IberCultura Viva","description":"Seminario Internacional en Ciudad de M\u00e9xico debatir\u00e1 sobre Cultura Viva Comunitaria en Latinoamerica - IberCultura Viva","robots":{"index":"index","follow":"follow","max-snippet":"max-snippet:-1","max-image-preview":"max-image-preview:large","max-video-preview":"max-video-preview:-1"},"canonical":"https:\/\/iberculturaviva.org\/es\/seminario-internacional-na-cidade-do-mexico-debatera-cultura-viva-comunitaria-na-america-latina\/","og_locale":"es_ES","og_type":"article","og_title":"Seminario Internacional en Ciudad de M\u00e9xico debatir\u00e1 sobre Cultura Viva Comunitaria en Latinoamerica - IberCultura Viva","og_description":"Seminario Internacional en Ciudad de M\u00e9xico debatir\u00e1 sobre Cultura Viva Comunitaria en Latinoamerica - IberCultura Viva","og_url":"https:\/\/iberculturaviva.org\/es\/seminario-internacional-na-cidade-do-mexico-debatera-cultura-viva-comunitaria-na-america-latina\/","og_site_name":"IberCultura Viva","article_publisher":"https:\/\/www.facebook.com\/iberculturaviva\/","article_published_time":"2025-02-14T19:01:52+00:00","article_modified_time":"2025-02-18T19:05:57+00:00","og_image":[{"width":640,"height":326,"url":"https:\/\/iberculturaviva.org\/wp-content\/uploads\/2025\/02\/CARD-Seminario-Mexico-1980-x-1080-px-1-640x326-1.png","type":"image\/png"}],"author":"IberCultura","twitter_card":"summary_large_image","twitter_misc":{"Escrito por":"IberCultura","Tiempo de lectura":"7 minutos"},"schema":{"@context":"https:\/\/schema.org","@graph":[{"@type":"Article","@id":"https:\/\/iberculturaviva.org\/es\/seminario-internacional-na-cidade-do-mexico-debatera-cultura-viva-comunitaria-na-america-latina\/#article","isPartOf":{"@id":"https:\/\/iberculturaviva.org\/es\/seminario-internacional-na-cidade-do-mexico-debatera-cultura-viva-comunitaria-na-america-latina\/"},"author":{"name":"IberCultura","@id":"https:\/\/iberculturaviva.org\/es\/?lang=es\/#\/schema\/person\/5d1313b072cc25536e0431522f740b59"},"headline":"Seminario Internacional en Ciudad de M\u00e9xico debatir\u00e1 sobre Cultura Viva Comunitaria en Latinoamerica","datePublished":"2025-02-14T19:01:52+00:00","dateModified":"2025-02-18T19:05:57+00:00","mainEntityOfPage":{"@id":"https:\/\/iberculturaviva.org\/es\/seminario-internacional-na-cidade-do-mexico-debatera-cultura-viva-comunitaria-na-america-latina\/"},"wordCount":1218,"publisher":{"@id":"https:\/\/iberculturaviva.org\/es\/?lang=es\/#organization"},"image":{"@id":"https:\/\/iberculturaviva.org\/es\/seminario-internacional-na-cidade-do-mexico-debatera-cultura-viva-comunitaria-na-america-latina\/#primaryimage"},"thumbnailUrl":"https:\/\/iberculturaviva.org\/wp-content\/uploads\/2025\/02\/CARD-Seminario-Mexico-1980-x-1080-px-1-640x326-1.png","articleSection":["Destaque","Noticias","Seminarios"],"inLanguage":"es"},{"@type":"WebPage","@id":"https:\/\/iberculturaviva.org\/es\/seminario-internacional-na-cidade-do-mexico-debatera-cultura-viva-comunitaria-na-america-latina\/","url":"https:\/\/iberculturaviva.org\/es\/seminario-internacional-na-cidade-do-mexico-debatera-cultura-viva-comunitaria-na-america-latina\/","name":"Seminario Internacional en Ciudad de M\u00e9xico debatir\u00e1 sobre Cultura Viva Comunitaria en Latinoamerica - IberCultura Viva","isPartOf":{"@id":"https:\/\/iberculturaviva.org\/es\/?lang=es\/#website"},"primaryImageOfPage":{"@id":"https:\/\/iberculturaviva.org\/es\/seminario-internacional-na-cidade-do-mexico-debatera-cultura-viva-comunitaria-na-america-latina\/#primaryimage"},"image":{"@id":"https:\/\/iberculturaviva.org\/es\/seminario-internacional-na-cidade-do-mexico-debatera-cultura-viva-comunitaria-na-america-latina\/#primaryimage"},"thumbnailUrl":"https:\/\/iberculturaviva.org\/wp-content\/uploads\/2025\/02\/CARD-Seminario-Mexico-1980-x-1080-px-1-640x326-1.png","datePublished":"2025-02-14T19:01:52+00:00","dateModified":"2025-02-18T19:05:57+00:00","description":"Seminario Internacional en Ciudad de M\u00e9xico debatir\u00e1 sobre Cultura Viva Comunitaria en Latinoamerica - IberCultura Viva","breadcrumb":{"@id":"https:\/\/iberculturaviva.org\/es\/seminario-internacional-na-cidade-do-mexico-debatera-cultura-viva-comunitaria-na-america-latina\/#breadcrumb"},"inLanguage":"es","potentialAction":[{"@type":"ReadAction","target":["https:\/\/iberculturaviva.org\/es\/seminario-internacional-na-cidade-do-mexico-debatera-cultura-viva-comunitaria-na-america-latina\/"]}]},{"@type":"ImageObject","inLanguage":"es","@id":"https:\/\/iberculturaviva.org\/es\/seminario-internacional-na-cidade-do-mexico-debatera-cultura-viva-comunitaria-na-america-latina\/#primaryimage","url":"https:\/\/iberculturaviva.org\/wp-content\/uploads\/2025\/02\/CARD-Seminario-Mexico-1980-x-1080-px-1-640x326-1.png","contentUrl":"https:\/\/iberculturaviva.org\/wp-content\/uploads\/2025\/02\/CARD-Seminario-Mexico-1980-x-1080-px-1-640x326-1.png","width":640,"height":326},{"@type":"BreadcrumbList","@id":"https:\/\/iberculturaviva.org\/es\/seminario-internacional-na-cidade-do-mexico-debatera-cultura-viva-comunitaria-na-america-latina\/#breadcrumb","itemListElement":[{"@type":"ListItem","position":1,"name":"In\u00edcio","item":"https:\/\/iberculturaviva.org\/es\/inicio\/"},{"@type":"ListItem","position":2,"name":"Seminario Internacional en Ciudad de M\u00e9xico debatir\u00e1 sobre Cultura Viva Comunitaria en Latinoamerica"}]},{"@type":"WebSite","@id":"https:\/\/iberculturaviva.org\/es\/?lang=es\/#website","url":"https:\/\/iberculturaviva.org\/es\/?lang=es\/","name":"IberCultura Viva","description":"Programa de cooperaci\u00f3n cultural","publisher":{"@id":"https:\/\/iberculturaviva.org\/es\/?lang=es\/#organization"},"potentialAction":[{"@type":"SearchAction","target":{"@type":"EntryPoint","urlTemplate":"https:\/\/iberculturaviva.org\/es\/?lang=es\/?s={search_term_string}"},"query-input":{"@type":"PropertyValueSpecification","valueRequired":true,"valueName":"search_term_string"}}],"inLanguage":"es"},{"@type":"Organization","@id":"https:\/\/iberculturaviva.org\/es\/?lang=es\/#organization","name":"Iberculturaviva","url":"https:\/\/iberculturaviva.org\/es\/?lang=es\/","logo":{"@type":"ImageObject","inLanguage":"es","@id":"https:\/\/iberculturaviva.org\/es\/?lang=es\/#\/schema\/logo\/image\/","url":"https:\/\/iberculturaviva.org\/wp-content\/uploads\/2021\/08\/logo_ibercultura_viva.jpg","contentUrl":"https:\/\/iberculturaviva.org\/wp-content\/uploads\/2021\/08\/logo_ibercultura_viva.jpg","width":708,"height":223,"caption":"Iberculturaviva"},"image":{"@id":"https:\/\/iberculturaviva.org\/es\/?lang=es\/#\/schema\/logo\/image\/"},"sameAs":["https:\/\/www.facebook.com\/iberculturaviva\/","https:\/\/www.instagram.com\/iberculturaviva\/","https:\/\/www.youtube.com\/iberculturaviva"]},{"@type":"Person","@id":"https:\/\/iberculturaviva.org\/es\/?lang=es\/#\/schema\/person\/5d1313b072cc25536e0431522f740b59","name":"IberCultura","image":{"@type":"ImageObject","inLanguage":"es","@id":"https:\/\/iberculturaviva.org\/es\/?lang=es\/#\/schema\/person\/image\/","url":"https:\/\/secure.gravatar.com\/avatar\/79f1a057cb125cbefb3765d0356d52fc7f3bba3a35e2cf22bc4de090bb7aef70?s=96&d=mm&r=g","contentUrl":"https:\/\/secure.gravatar.com\/avatar\/79f1a057cb125cbefb3765d0356d52fc7f3bba3a35e2cf22bc4de090bb7aef70?s=96&d=mm&r=g","caption":"IberCultura"}}]}},"main_category":{"link":"https:\/\/iberculturaviva.org\/es\/category\/destaque-es\/","name":"Destaque","slug":"destaque-es"},"_links":{"self":[{"href":"https:\/\/iberculturaviva.org\/es\/wp-json\/wp\/v2\/posts\/41696","targetHints":{"allow":["GET"]}}],"collection":[{"href":"https:\/\/iberculturaviva.org\/es\/wp-json\/wp\/v2\/posts"}],"about":[{"href":"https:\/\/iberculturaviva.org\/es\/wp-json\/wp\/v2\/types\/post"}],"author":[{"embeddable":true,"href":"https:\/\/iberculturaviva.org\/es\/wp-json\/wp\/v2\/users\/2"}],"replies":[{"embeddable":true,"href":"https:\/\/iberculturaviva.org\/es\/wp-json\/wp\/v2\/comments?post=41696"}],"version-history":[{"count":2,"href":"https:\/\/iberculturaviva.org\/es\/wp-json\/wp\/v2\/posts\/41696\/revisions"}],"predecessor-version":[{"id":41699,"href":"https:\/\/iberculturaviva.org\/es\/wp-json\/wp\/v2\/posts\/41696\/revisions\/41699"}],"wp:featuredmedia":[{"embeddable":true,"href":"https:\/\/iberculturaviva.org\/es\/wp-json\/wp\/v2\/media\/41692"}],"wp:attachment":[{"href":"https:\/\/iberculturaviva.org\/es\/wp-json\/wp\/v2\/media?parent=41696"}],"wp:term":[{"taxonomy":"category","embeddable":true,"href":"https:\/\/iberculturaviva.org\/es\/wp-json\/wp\/v2\/categories?post=41696"},{"taxonomy":"post_tag","embeddable":true,"href":"https:\/\/iberculturaviva.org\/es\/wp-json\/wp\/v2\/tags?post=41696"},{"taxonomy":"country-municipality","embeddable":true,"href":"https:\/\/iberculturaviva.org\/es\/wp-json\/wp\/v2\/country-municipality?post=41696"}],"curies":[{"name":"wp","href":"https:\/\/api.w.org\/{rel}","templated":true}]}}