{"id":39634,"date":"2024-11-26T15:40:00","date_gmt":"2024-11-26T18:40:00","guid":{"rendered":"https:\/\/iberculturaviva.org\/comeca-a-14a-reuniao-do-conselho-intergovernamental-ibercultura-viva-em-brasilia\/"},"modified":"2024-12-10T12:26:45","modified_gmt":"2024-12-10T15:26:45","slug":"comienza-la-14a-reunion-del-consejo-intergubernamental-ibercultura-viva-en-brasilia","status":"publish","type":"post","link":"https:\/\/iberculturaviva.org\/es\/comienza-la-14a-reunion-del-consejo-intergubernamental-ibercultura-viva-en-brasilia\/","title":{"rendered":"Comienza la 14\u00aa Reuni\u00f3n del Consejo Intergubernamental IberCultura Viva en Brasilia"},"content":{"rendered":"\n<h4 class=\"wp-block-heading\"><strong>(Fotos: LR Fernandes)<\/strong><\/h4>\n\n\n\n<p>Este martes 26 de noviembre inici\u00f3 la 14\u00aa Reuni\u00f3n del Consejo Intergubernamental de IberCultura Viva, que antecede al seminario conmemorativo de los 10 a\u00f1os de este programa de cooperaci\u00f3n, en Brasilia (Brasil). Est\u00e1n presentes representantes de los gobiernos de 9 de los 12 pa\u00edses miembros, adem\u00e1s de Rep\u00fablica Dominicana, que particip\u00f3 de las actividades de IberCultura Viva por un a\u00f1o como pa\u00eds invitado, y que esta ma\u00f1ana anunci\u00f3 su incorporaci\u00f3n al Consejo Intergubernamental (CI) de forma plena.&nbsp;<\/p>\n\n\n\n<p>Cerca de 25 personas participan en este encuentro, entre ellas representantes de la Secretar\u00eda General Iberoamericana (SEGIB) y la Agencia Espa\u00f1ola de Cooperaci\u00f3n Internacional para el Desarrollo (AECID).&nbsp;La programaci\u00f3n, que contin\u00faa el mi\u00e9rcoles (27\/11), incluye la revisi\u00f3n de los resultados obtenidos en 2024; presentaciones de experiencias nacionales en pol\u00edticas culturales comunitarias, y debates sobre los desaf\u00edos y oportunidades para fortalecer el programa en los pr\u00f3ximos a\u00f1os.<\/p>\n\n\n\n<p>La d\u00e9cima&nbsp;cuarta edici\u00f3n de la reuni\u00f3n del CI&nbsp;inici\u00f3 con la proyecci\u00f3n de un video conmemorativo de los 10 a\u00f1os de IberCultura Viva, con testimonios de personas de distintos pa\u00edses que participaron en esta trayectoria. M\u00e1rcia Rollemberg, secretaria de Ciudadan\u00eda y Diversidad Cultural del Ministerio de Cultura de Brasil y presidenta de IberCultura Viva, abri\u00f3 la reuni\u00f3n emocionada, recordando que estaba en los principios del programa (ella fue la primera presidenta, en 2014) y que hoy lo ve destacarse \u201cpor su prop\u00f3sito, su misi\u00f3n, por unirnos culturalmente como regi\u00f3n\u201d.&nbsp;<\/p>\n\n\n\n<p>Al dar la bienvenida a las personas participantes, la presidenta destac\u00f3 que la idea de esta programaci\u00f3n conmemorativa, que incluye el lanzamiento de una publicaci\u00f3n que detalla los resultados de esta primera d\u00e9cada de actividades, era \u201ctejer memorias, celebrar el programa y ampliar la cooperaci\u00f3n en la expectativa de m\u00e1s 10 a\u00f1os de buenas traves\u00edas, para que podamos sumar m\u00e1s pa\u00edses, perfeccionar mecanismos de cooperaci\u00f3n y avaliar su\u00a0impacto\u201d.<\/p>\n\n\n\n<p>Esteban Campero, director de la Oficina Subregional de la SEGIB para el Cono Sur, coment\u00f3 los 10 a\u00f1os de historia y de desaf\u00edos de esta \u201ciniciativa tan viva, esta comunidad que se ha desarrollado como modelo positivo, un modelo de qu\u00e9 significa la cooperaci\u00f3n entre pa\u00edses, el trabajar en conjunto\u201d. \u201cEstamos muy orgullosos de acompa\u00f1ar este camino\u201d, afirm\u00f3 el director, resaltando adem\u00e1s \u201cque no hay desarrollo sostenible si no lo hacemos con un enfoque desde la cultura\u201d.<\/p>\n\n\n\n<p>Sara D\u00edez Ortiz de Uriarte, t\u00e9cnica del Espacio Cultural Iberoamericano (SEGIB), destac\u00f3 la conmemoraci\u00f3n de los 10 a\u00f1os de IberCultura Viva y tambi\u00e9n de los 20 a\u00f1os de Cultura Viva en Brasil. Mencion\u00f3 la importancia de continuar fortaleciendo los instrumentos de cooperaci\u00f3n \u201cque tantas alegr\u00edas han tra\u00eddo en estos 10 a\u00f1os, como construcci\u00f3n pol\u00edtica, t\u00e9cnica y de muchos afectos\u201d. \u201cIberCultura Viva es un programa de defensa del bien com\u00fan. En un panorama mundial de cuestionamiento de los estados democr\u00e1ticos, de los derechos humanos, es fundamental continuar en esa tarea\u201d, se\u00f1al\u00f3.<\/p>\n\n\n\n<p>Marianela Riquelme Aguilar, jefa del Departamento Ciudadan\u00eda Cultural del Ministerio de las Culturas, las Artes y el Patrimonio de Chile y vicepresidenta de IberCultura Viva,&nbsp;subray\u00f3 el hecho&nbsp;de que su pa\u00eds ha estado desde un principio en este camino largo y de muchas satisfacciones. \u201cIberCultura Viva nos ha permitido tener un soporte program\u00e1tico pol\u00edtico, regional, que le da cuerpo a las pol\u00edticas culturales de base comunitaria en muchos pa\u00edses. Ha sido un espacio de resistencia tambi\u00e9n cuando los vaivenes pol\u00edticos no han sido favorables, y nos ha permitido ir fortaleciendo en Chile un programa que hoy d\u00eda tiene cerca de 500 Puntos de Cultura Comunitaria a lo largo de todo el territorio nacional\u201d, afirm\u00f3.<\/p>\n\n\n\n<p>Adem\u00e1s de felicitar los 20 a\u00f1os de la Pol\u00edtica Nacional de Cultura Viva en Brasil, la representante de Chile manifest\u00f3 su alegr\u00eda en encontrar a las y los compa\u00f1eros para \u201cpoder en conjunto trazar una nueva d\u00e9cada de desaf\u00edos y acompa\u00f1amiento\u201d. Tambi\u00e9n cont\u00f3 que recientemente el Senado de la Rep\u00fablica en Chile ha aprobado un presupuesto hist\u00f3rico para cultura. \u201cPodr\u00edamos decir para el Ministerio de las Culturas, pero al fin y al cabo es para las comunidades, para los distintos sectores art\u00edsticos y culturales de nuestro pa\u00eds, y por cierto, para toda la sociedad\u201d, agreg\u00f3.&nbsp;<\/p>\n\n\n\n<p>Norma Cruz, enlace t\u00e9cnico del gobierno de M\u00e9xico, mencion\u00f3 los recientes cambios de gobierno en su pa\u00eds y expres\u00f3 su contento por estar en un \u201csegundo piso de un proyecto pol\u00edtico\u201d, lo que implicar\u00eda una continuidad de los proyectos de Cultura Comunitaria. Asimismo, destac\u00f3 que \u201csi bien estamos cumpliendo 10 a\u00f1os, la cultura viva comunitaria milenariamente ha estado ah\u00ed, milenariamente las pr\u00e1cticas culturales han estado y han formado parte de las vidas\u201d.<\/p>\n\n\n\n<p>Al hablar del \u201cimpresionante\u201d poder de la cultura, ella llam\u00f3 la atenci\u00f3n para lo que se ha creado en conjunto en IberCultura Viva y se refiri\u00f3 a las plataformas de cooperaci\u00f3n como un espacio de intercambios de experiencias, de oportunidades, de saber qu\u00e9 proyectos se pueden tomar en cuenta. \u201cLa experiencia brasile\u00f1a ha sido punta de lanza para el movimiento de Cultura Viva Comunitaria y eso es algo que celebramos y agradecemos porque ha sido un impulso para el programa Cultura Comunitaria en M\u00e9xico\u201d, afirm\u00f3.<\/p>\n\n\n\n<p>Jo\u00e3o Pontes, director de la Pol\u00edtica Nacional de Cultura Viva en Brasil, record\u00f3 emocionado que ha participado de este proceso desde sus principios, primero acompa\u00f1ando como representante de un Punto de Cultura, luego como representante de gobierno local (el estado de Rio Grande do Sul) y hoy como representante del pa\u00eds en el programa. \u201cEl hecho de que Brasil haya reanudado la pol\u00edtica de Cultura Viva, para nosotros es un motivo de gran orgullo. Es una emoci\u00f3n estar de vuelta\u201d, afirm\u00f3.<\/p>\n\n\n\n<p>Seg\u00fan \u00e9l, por todo que pas\u00f3 Brasil en un per\u00edodo reciente, de retroceso en relaci\u00f3n a las pol\u00edticas culturales, IberCultura Viva puede ser visto como \u201cuna esfera importante de resistencia y articulaci\u00f3n, no s\u00f3lo de pol\u00edticas p\u00fablicas, sino de organizaciones de base comunitaria, que son las principales fuerzas de garant\u00eda de promoci\u00f3n de la democracia, la libertad, la diversidad\u201d. \u201cMismo en las situaciones m\u00e1s adversas, el programa tiene un rol importante en el apoyo y la articulaci\u00f3n de redes\u201d, se\u00f1al\u00f3.<\/p>\n\n\n\n<p>Pontes destac\u00f3, adem\u00e1s, que los 20 a\u00f1os de Cultura Viva en Brasil se cumplen en el mejor momento de esta pol\u00edtica, una vez que las estrategias de fomento han permitido una capacidad de inversi\u00f3n nunca vista antes en el pa\u00eds.&nbsp;\u201cEspecialmente por la Pol\u00edtica Nacional Aldir Blanc de Fomento a la Cultura (PNAB), que fue aprobada en el Congreso Nacional y tiene cinco a\u00f1os de duraci\u00f3n, estamos con la expectativa de fomento de por lo menos 12 mil Puntos de Cultura, con cerca de 78 millones de d\u00f3lares\u201d, dijo.<\/p>\n\n\n\n<p>La primera ma\u00f1ana de esta jornada fue dedicada, adem\u00e1s, a la presentaci\u00f3n de informes. Marcos Acle, gerente de Cooperaci\u00f3n de la Oficina Subregional de la SEGIB para el Cono Sur, present\u00f3 el informe financiero 2023-2024; Flor Minici, secretaria t\u00e9cnica de IberCultura Viva, el de gesti\u00f3n correspondiente al a\u00f1o 2024, con destaque para las actividades y productos que se realizaron para celebrar los 10 a\u00f1os de IberCultura Viva.<\/p>\n\n\n\n<p>La programaci\u00f3n de la tarde busc\u00f3 trazar un panorama de estos 10 a\u00f1os de pol\u00edticas de base comunitaria. En este momento de la reuni\u00f3n destinado al intercambio de informaci\u00f3n y experiencias, las y los representantes de los pa\u00edses miembros hablaron sobre el estado actual de las pol\u00edticas que se desarrollan en sus territorios, los avances y desaf\u00edos de iniciativas como los programas Puntos de Cultura (en el caso de Chile, Puntos de Cultura Comunitaria), los Semilleros Creativos (en M\u00e9xico), las Becas Taller (de Costa Rica) y las Usinas Culturales (de Uruguay).<\/p>\n\n\n\n<figure class=\"wp-block-gallery has-nested-images columns-3 is-cropped wp-block-gallery-1 is-layout-flex wp-block-gallery-is-layout-flex\">\n<figure class=\"wp-block-image size-large\"><img decoding=\"async\" src=\"https:\/\/iberculturaviva.org\/wp-content\/uploads\/2024\/11\/FOTOS-LUIZ-FERNANDES_%C3%8DBEROAMERICANO_1-_17-Grande-460x310.jpg\" alt=\"\"\/><\/figure>\n\n\n\n<figure class=\"wp-block-image size-large\"><img decoding=\"async\" src=\"https:\/\/iberculturaviva.org\/wp-content\/uploads\/2024\/11\/FOTOS-LUIZ-FERNANDES_%C3%8DBEROAMERICANO_1-_62-Grande-460x310.jpg\" alt=\"\"\/><\/figure>\n\n\n\n<figure class=\"wp-block-image size-large\"><img decoding=\"async\" src=\"https:\/\/iberculturaviva.org\/wp-content\/uploads\/2024\/11\/FOTOS-LUIZ-FERNANDES_%C3%8DBEROAMERICANO_1-_56-Grande-460x310.jpg\" alt=\"\"\/><\/figure>\n\n\n\n<figure class=\"wp-block-image size-large\"><img decoding=\"async\" src=\"https:\/\/iberculturaviva.org\/wp-content\/uploads\/2024\/11\/FOTOS-LUIZ-FERNANDES_%C3%8DBEROAMERICANO_1-_57-Grande-460x310.jpg\" alt=\"\"\/><\/figure>\n\n\n\n<figure class=\"wp-block-image size-large\"><img decoding=\"async\" src=\"https:\/\/iberculturaviva.org\/wp-content\/uploads\/2024\/11\/FOTOS-LUIZ-FERNANDES_%C3%8DBEROAMERICANO_1-_15-Grande-460x310.jpg\" alt=\"\"\/><figcaption class=\"wp-element-caption\">Marianela Riquelme<\/figcaption><\/figure>\n\n\n\n<figure class=\"wp-block-image size-large\"><img decoding=\"async\" src=\"https:\/\/iberculturaviva.org\/wp-content\/uploads\/2024\/11\/FOTOS-LUIZ-FERNANDES_%C3%8DBEROAMERICANO_1-_1-Grande-1-460x310.jpg\" alt=\"\"\/><\/figure>\n\n\n\n<figure class=\"wp-block-image size-large\"><img decoding=\"async\" src=\"https:\/\/iberculturaviva.org\/wp-content\/uploads\/2024\/11\/FOTOS-LUIZ-FERNANDES_%C3%8DBEROAMERICANO_1-_33-Grande-1-460x310.jpg\" alt=\"\"\/><\/figure>\n\n\n\n<figure class=\"wp-block-image size-large\"><img decoding=\"async\" src=\"https:\/\/iberculturaviva.org\/wp-content\/uploads\/2024\/11\/FOTOS-LUIZ-FERNANDES_%C3%8DBEROAMERICANO_1-_28-Grande-460x310.jpg\" alt=\"\"\/><\/figure>\n\n\n\n<figure class=\"wp-block-image size-large\"><img decoding=\"async\" src=\"https:\/\/iberculturaviva.org\/wp-content\/uploads\/2024\/11\/FOTOS-LUIZ-FERNANDES_%C3%8DBEROAMERICANO_1-_27-Grande-1-460x310.jpg\" alt=\"\"\/><figcaption class=\"wp-element-caption\">Walter Romero<\/figcaption><\/figure>\n\n\n\n<figure class=\"wp-block-image size-large\"><img decoding=\"async\" src=\"https:\/\/iberculturaviva.org\/wp-content\/uploads\/2024\/11\/FOTOS-LUIZ-FERNANDES_%C3%8DBEROAMERICANO_1-_19-Grande-460x310.jpg\" alt=\"\"\/><figcaption class=\"wp-element-caption\">Norma Cruz<\/figcaption><\/figure>\n\n\n\n<figure class=\"wp-block-image size-large\"><img decoding=\"async\" src=\"https:\/\/iberculturaviva.org\/wp-content\/uploads\/2024\/11\/FOTOS-LUIZ-FERNANDES_%C3%8DBEROAMERICANO_1-_21-Grande-460x310.jpg\" alt=\"\"\/><figcaption class=\"wp-element-caption\">Johanna Madrigal<\/figcaption><\/figure>\n\n\n\n<figure class=\"wp-block-image size-large\"><img decoding=\"async\" src=\"https:\/\/iberculturaviva.org\/wp-content\/uploads\/2024\/11\/FOTOS-LUIZ-FERNANDES_%C3%8DBEROAMERICANO_1-_41-Grande-460x310.jpg\" alt=\"\"\/><\/figure>\n\n\n\n<figure class=\"wp-block-image size-large\"><img decoding=\"async\" src=\"https:\/\/iberculturaviva.org\/wp-content\/uploads\/2024\/11\/FOTOS-LUIZ-FERNANDES_%C3%8DBEROAMERICANO_1-_3-Grande-460x310.jpg\" alt=\"\"\/><figcaption class=\"wp-element-caption\">M\u00e1rcia Rollemberg<\/figcaption><\/figure>\n\n\n\n<figure class=\"wp-block-image size-large\"><img decoding=\"async\" src=\"https:\/\/iberculturaviva.org\/wp-content\/uploads\/2024\/11\/FOTOS-LUIZ-FERNANDES_%C3%8DBEROAMERICANO_1-_20-Grande-460x310.jpg\" alt=\"\"\/><\/figure>\n\n\n\n<figure class=\"wp-block-image size-large\"><img decoding=\"async\" src=\"https:\/\/iberculturaviva.org\/wp-content\/uploads\/2024\/11\/FOTOS-LUIZ-FERNANDES_%C3%8DBEROAMERICANO_1-_58-Grande-460x310.jpg\" alt=\"\"\/><figcaption class=\"wp-element-caption\">Jo\u00e3o Pontes<\/figcaption><\/figure>\n\n\n\n<figure class=\"wp-block-image size-large\"><img decoding=\"async\" src=\"https:\/\/iberculturaviva.org\/wp-content\/uploads\/2024\/11\/FOTOS-LUIZ-FERNANDES_%C3%8DBEROAMERICANO_1-_12-Grande-460x310.jpg\" alt=\"\"\/><figcaption class=\"wp-element-caption\">Sara D\u00edez Ortiz de Uriarte<\/figcaption><\/figure>\n\n\n\n<figure class=\"wp-block-image size-large\"><img decoding=\"async\" src=\"https:\/\/iberculturaviva.org\/wp-content\/uploads\/2024\/11\/FOTOS-LUIZ-FERNANDES_%C3%8DBEROAMERICANO_1-_53-Grande-460x310.jpg\" alt=\"\"\/><\/figure>\n\n\n\n<figure class=\"wp-block-image size-large\"><img decoding=\"async\" src=\"https:\/\/iberculturaviva.org\/wp-content\/uploads\/2024\/11\/FOTOS-LUIZ-FERNANDES_%C3%8DBEROAMERICANO_1-_52-Grande-460x310.jpg\" alt=\"\"\/><\/figure>\n\n\n\n<figure class=\"wp-block-image size-large\"><img decoding=\"async\" src=\"https:\/\/iberculturaviva.org\/wp-content\/uploads\/2024\/11\/FOTOS-LUIZ-FERNANDES_%C3%8DBEROAMERICANO_1-_48-Grande-460x310.jpg\" alt=\"\"\/><\/figure>\n\n\n\n<figure class=\"wp-block-image size-large\"><img decoding=\"async\" src=\"https:\/\/iberculturaviva.org\/wp-content\/uploads\/2024\/11\/FOTOS-LUIZ-FERNANDES_%C3%8DBEROAMERICANO_1-_40-Grande-460x310.jpg\" alt=\"\"\/><\/figure>\n\n\n\n<figure class=\"wp-block-image size-large\"><img decoding=\"async\" src=\"https:\/\/iberculturaviva.org\/wp-content\/uploads\/2024\/11\/FOTOS-LUIZ-FERNANDES_%C3%8DBEROAMERICANO_1-_32-Grande-460x310.jpg\" alt=\"\"\/><\/figure>\n\n\n\n<figure class=\"wp-block-image size-large\"><img decoding=\"async\" src=\"https:\/\/iberculturaviva.org\/wp-content\/uploads\/2024\/11\/FOTOS-LUIZ-FERNANDES_%C3%8DBEROAMERICANO_1-_35-Grande-460x310.jpg\" alt=\"\"\/><\/figure>\n\n\n\n<figure class=\"wp-block-image size-large\"><img decoding=\"async\" src=\"https:\/\/iberculturaviva.org\/wp-content\/uploads\/2024\/11\/FOTOS-LUIZ-FERNANDES_%C3%8DBEROAMERICANO_1-_50-Grande-460x310.jpg\" alt=\"\"\/><\/figure>\n\n\n\n<figure class=\"wp-block-image size-large\"><img decoding=\"async\" src=\"https:\/\/iberculturaviva.org\/wp-content\/uploads\/2024\/11\/FOTOS-LUIZ-FERNANDES_%C3%8DBEROAMERICANO_1-_30-Grande-460x310.jpg\" alt=\"\"\/><\/figure>\n\n\n\n<figure class=\"wp-block-image size-large\"><img decoding=\"async\" src=\"https:\/\/iberculturaviva.org\/wp-content\/uploads\/2024\/11\/FOTOS-LUIZ-FERNANDES_%C3%8DBEROAMERICANO_1-_9-Grande-460x310.jpg\" alt=\"\"\/><figcaption class=\"wp-element-caption\">Sara D\u00edez, Esteban Campero y Marcos Acle<\/figcaption><\/figure>\n\n\n\n<figure class=\"wp-block-image size-large\"><img decoding=\"async\" src=\"https:\/\/iberculturaviva.org\/wp-content\/uploads\/2024\/11\/FOTOS-LUIZ-FERNANDES_%C3%8DBEROAMERICANO_1-_5-Grande-460x310.jpg\" alt=\"\"\/><\/figure>\n<\/figure>\n","protected":false},"excerpt":{"rendered":"<p>(Fotos: LR Fernandes) Este martes 26 de noviembre inici\u00f3 la 14\u00aa Reuni\u00f3n del Consejo Intergubernamental de IberCultura Viva, que antecede al seminario conmemorativo de los 10 a\u00f1os de este programa [&hellip;]<\/p>\n","protected":false},"author":2,"featured_media":39631,"comment_status":"closed","ping_status":"closed","sticky":false,"template":"","format":"standard","meta":{"_coblocks_attr":"","_coblocks_dimensions":"","_coblocks_responsive_height":"","_coblocks_accordion_ie_support":"","_EventAllDay":false,"_EventTimezone":"","_EventStartDate":"","_EventEndDate":"","_EventStartDateUTC":"","_EventEndDateUTC":"","_EventShowMap":false,"_EventShowMapLink":false,"_EventURL":"","_EventCost":"","_EventCostDescription":"","_EventCurrencySymbol":"","_EventCurrencyCode":"","_EventCurrencyPosition":"","_EventDateTimeSeparator":"","_EventTimeRangeSeparator":"","_EventOrganizerID":[],"_EventVenueID":[],"_OrganizerEmail":"","_OrganizerPhone":"","_OrganizerWebsite":"","_VenueAddress":"","_VenueCity":"","_VenueCountry":"","_VenueProvince":"","_VenueState":"","_VenueZip":"","_VenuePhone":"","_VenueURL":"","_VenueStateProvince":"","_VenueLat":"","_VenueLng":"","_VenueShowMap":false,"_VenueShowMapLink":false,"footnotes":""},"categories":[629,262,249],"tags":[],"country-municipality":[],"class_list":["post-39634","post","type-post","status-publish","format-standard","has-post-thumbnail","hentry","category-consejo-intergubernamental","category-noticias-es","category-sin-categorizar"],"yoast_head":"<!-- This site is optimized with the Yoast SEO plugin v25.7 - https:\/\/yoast.com\/wordpress\/plugins\/seo\/ -->\n<title>Comienza la 14\u00aa Reuni\u00f3n del Consejo Intergubernamental IberCultura Viva en Brasilia - IberCultura Viva<\/title>\n<meta name=\"description\" content=\"Comienza la 14\u00aa Reuni\u00f3n del Consejo Intergubernamental IberCultura Viva en Brasilia - IberCultura Viva\" \/>\n<meta name=\"robots\" content=\"index, follow, max-snippet:-1, max-image-preview:large, max-video-preview:-1\" \/>\n<link rel=\"canonical\" href=\"https:\/\/iberculturaviva.org\/es\/comienza-la-14a-reunion-del-consejo-intergubernamental-ibercultura-viva-en-brasilia\/\" \/>\n<meta property=\"og:locale\" content=\"es_ES\" \/>\n<meta property=\"og:type\" content=\"article\" \/>\n<meta property=\"og:title\" content=\"Comienza la 14\u00aa Reuni\u00f3n del Consejo Intergubernamental IberCultura Viva en Brasilia - IberCultura Viva\" \/>\n<meta property=\"og:description\" content=\"Comienza la 14\u00aa Reuni\u00f3n del Consejo Intergubernamental IberCultura Viva en Brasilia - IberCultura Viva\" \/>\n<meta property=\"og:url\" content=\"https:\/\/iberculturaviva.org\/es\/comienza-la-14a-reunion-del-consejo-intergubernamental-ibercultura-viva-en-brasilia\/\" \/>\n<meta property=\"og:site_name\" content=\"IberCultura Viva\" \/>\n<meta property=\"article:publisher\" content=\"https:\/\/www.facebook.com\/iberculturaviva\/\" \/>\n<meta property=\"article:published_time\" content=\"2024-11-26T18:40:00+00:00\" \/>\n<meta property=\"article:modified_time\" content=\"2024-12-10T15:26:45+00:00\" \/>\n<meta property=\"og:image\" content=\"https:\/\/iberculturaviva.org\/wp-content\/uploads\/2024\/12\/FOTOS-LUIZ-FERNANDES_IBEROAMERICANO_1-_46-Grande-640x326-1.jpg\" \/>\n\t<meta property=\"og:image:width\" content=\"640\" \/>\n\t<meta property=\"og:image:height\" content=\"326\" \/>\n\t<meta property=\"og:image:type\" content=\"image\/jpeg\" \/>\n<meta name=\"author\" content=\"IberCultura\" \/>\n<meta name=\"twitter:card\" content=\"summary_large_image\" \/>\n<meta name=\"twitter:label1\" content=\"Escrito por\" \/>\n\t<meta name=\"twitter:data1\" content=\"IberCultura\" \/>\n\t<meta name=\"twitter:label2\" content=\"Tiempo de lectura\" \/>\n\t<meta name=\"twitter:data2\" content=\"7 minutos\" \/>\n<script type=\"application\/ld+json\" class=\"yoast-schema-graph\">{\"@context\":\"https:\/\/schema.org\",\"@graph\":[{\"@type\":\"Article\",\"@id\":\"https:\/\/iberculturaviva.org\/es\/comienza-la-14a-reunion-del-consejo-intergubernamental-ibercultura-viva-en-brasilia\/#article\",\"isPartOf\":{\"@id\":\"https:\/\/iberculturaviva.org\/es\/comienza-la-14a-reunion-del-consejo-intergubernamental-ibercultura-viva-en-brasilia\/\"},\"author\":{\"name\":\"IberCultura\",\"@id\":\"https:\/\/iberculturaviva.org\/es\/?lang=es\/#\/schema\/person\/5d1313b072cc25536e0431522f740b59\"},\"headline\":\"Comienza la 14\u00aa Reuni\u00f3n del Consejo Intergubernamental IberCultura Viva en Brasilia\",\"datePublished\":\"2024-11-26T18:40:00+00:00\",\"dateModified\":\"2024-12-10T15:26:45+00:00\",\"mainEntityOfPage\":{\"@id\":\"https:\/\/iberculturaviva.org\/es\/comienza-la-14a-reunion-del-consejo-intergubernamental-ibercultura-viva-en-brasilia\/\"},\"wordCount\":1417,\"publisher\":{\"@id\":\"https:\/\/iberculturaviva.org\/es\/?lang=es\/#organization\"},\"image\":{\"@id\":\"https:\/\/iberculturaviva.org\/es\/comienza-la-14a-reunion-del-consejo-intergubernamental-ibercultura-viva-en-brasilia\/#primaryimage\"},\"thumbnailUrl\":\"https:\/\/iberculturaviva.org\/wp-content\/uploads\/2024\/12\/FOTOS-LUIZ-FERNANDES_IBEROAMERICANO_1-_46-Grande-640x326-1.jpg\",\"articleSection\":[\"Consejo Intergubernamental\",\"Noticias\",\"Sin categorizar\"],\"inLanguage\":\"es\"},{\"@type\":\"WebPage\",\"@id\":\"https:\/\/iberculturaviva.org\/es\/comienza-la-14a-reunion-del-consejo-intergubernamental-ibercultura-viva-en-brasilia\/\",\"url\":\"https:\/\/iberculturaviva.org\/es\/comienza-la-14a-reunion-del-consejo-intergubernamental-ibercultura-viva-en-brasilia\/\",\"name\":\"Comienza la 14\u00aa Reuni\u00f3n del Consejo Intergubernamental IberCultura Viva en Brasilia - IberCultura Viva\",\"isPartOf\":{\"@id\":\"https:\/\/iberculturaviva.org\/es\/?lang=es\/#website\"},\"primaryImageOfPage\":{\"@id\":\"https:\/\/iberculturaviva.org\/es\/comienza-la-14a-reunion-del-consejo-intergubernamental-ibercultura-viva-en-brasilia\/#primaryimage\"},\"image\":{\"@id\":\"https:\/\/iberculturaviva.org\/es\/comienza-la-14a-reunion-del-consejo-intergubernamental-ibercultura-viva-en-brasilia\/#primaryimage\"},\"thumbnailUrl\":\"https:\/\/iberculturaviva.org\/wp-content\/uploads\/2024\/12\/FOTOS-LUIZ-FERNANDES_IBEROAMERICANO_1-_46-Grande-640x326-1.jpg\",\"datePublished\":\"2024-11-26T18:40:00+00:00\",\"dateModified\":\"2024-12-10T15:26:45+00:00\",\"description\":\"Comienza la 14\u00aa Reuni\u00f3n del Consejo Intergubernamental IberCultura Viva en Brasilia - IberCultura Viva\",\"breadcrumb\":{\"@id\":\"https:\/\/iberculturaviva.org\/es\/comienza-la-14a-reunion-del-consejo-intergubernamental-ibercultura-viva-en-brasilia\/#breadcrumb\"},\"inLanguage\":\"es\",\"potentialAction\":[{\"@type\":\"ReadAction\",\"target\":[\"https:\/\/iberculturaviva.org\/es\/comienza-la-14a-reunion-del-consejo-intergubernamental-ibercultura-viva-en-brasilia\/\"]}]},{\"@type\":\"ImageObject\",\"inLanguage\":\"es\",\"@id\":\"https:\/\/iberculturaviva.org\/es\/comienza-la-14a-reunion-del-consejo-intergubernamental-ibercultura-viva-en-brasilia\/#primaryimage\",\"url\":\"https:\/\/iberculturaviva.org\/wp-content\/uploads\/2024\/12\/FOTOS-LUIZ-FERNANDES_IBEROAMERICANO_1-_46-Grande-640x326-1.jpg\",\"contentUrl\":\"https:\/\/iberculturaviva.org\/wp-content\/uploads\/2024\/12\/FOTOS-LUIZ-FERNANDES_IBEROAMERICANO_1-_46-Grande-640x326-1.jpg\",\"width\":640,\"height\":326},{\"@type\":\"BreadcrumbList\",\"@id\":\"https:\/\/iberculturaviva.org\/es\/comienza-la-14a-reunion-del-consejo-intergubernamental-ibercultura-viva-en-brasilia\/#breadcrumb\",\"itemListElement\":[{\"@type\":\"ListItem\",\"position\":1,\"name\":\"In\u00edcio\",\"item\":\"https:\/\/iberculturaviva.org\/es\/inicio\/\"},{\"@type\":\"ListItem\",\"position\":2,\"name\":\"Comienza la 14\u00aa Reuni\u00f3n del Consejo Intergubernamental IberCultura Viva en Brasilia\"}]},{\"@type\":\"WebSite\",\"@id\":\"https:\/\/iberculturaviva.org\/es\/?lang=es\/#website\",\"url\":\"https:\/\/iberculturaviva.org\/es\/?lang=es\/\",\"name\":\"IberCultura Viva\",\"description\":\"Programa de cooperaci\u00f3n cultural\",\"publisher\":{\"@id\":\"https:\/\/iberculturaviva.org\/es\/?lang=es\/#organization\"},\"potentialAction\":[{\"@type\":\"SearchAction\",\"target\":{\"@type\":\"EntryPoint\",\"urlTemplate\":\"https:\/\/iberculturaviva.org\/es\/?lang=es\/?s={search_term_string}\"},\"query-input\":{\"@type\":\"PropertyValueSpecification\",\"valueRequired\":true,\"valueName\":\"search_term_string\"}}],\"inLanguage\":\"es\"},{\"@type\":\"Organization\",\"@id\":\"https:\/\/iberculturaviva.org\/es\/?lang=es\/#organization\",\"name\":\"Iberculturaviva\",\"url\":\"https:\/\/iberculturaviva.org\/es\/?lang=es\/\",\"logo\":{\"@type\":\"ImageObject\",\"inLanguage\":\"es\",\"@id\":\"https:\/\/iberculturaviva.org\/es\/?lang=es\/#\/schema\/logo\/image\/\",\"url\":\"https:\/\/iberculturaviva.org\/wp-content\/uploads\/2021\/08\/logo_ibercultura_viva.jpg\",\"contentUrl\":\"https:\/\/iberculturaviva.org\/wp-content\/uploads\/2021\/08\/logo_ibercultura_viva.jpg\",\"width\":708,\"height\":223,\"caption\":\"Iberculturaviva\"},\"image\":{\"@id\":\"https:\/\/iberculturaviva.org\/es\/?lang=es\/#\/schema\/logo\/image\/\"},\"sameAs\":[\"https:\/\/www.facebook.com\/iberculturaviva\/\",\"https:\/\/www.instagram.com\/iberculturaviva\/\",\"https:\/\/www.youtube.com\/iberculturaviva\"]},{\"@type\":\"Person\",\"@id\":\"https:\/\/iberculturaviva.org\/es\/?lang=es\/#\/schema\/person\/5d1313b072cc25536e0431522f740b59\",\"name\":\"IberCultura\",\"image\":{\"@type\":\"ImageObject\",\"inLanguage\":\"es\",\"@id\":\"https:\/\/iberculturaviva.org\/es\/?lang=es\/#\/schema\/person\/image\/\",\"url\":\"https:\/\/secure.gravatar.com\/avatar\/79f1a057cb125cbefb3765d0356d52fc7f3bba3a35e2cf22bc4de090bb7aef70?s=96&d=mm&r=g\",\"contentUrl\":\"https:\/\/secure.gravatar.com\/avatar\/79f1a057cb125cbefb3765d0356d52fc7f3bba3a35e2cf22bc4de090bb7aef70?s=96&d=mm&r=g\",\"caption\":\"IberCultura\"}}]}<\/script>\n<!-- \/ Yoast SEO plugin. -->","yoast_head_json":{"title":"Comienza la 14\u00aa Reuni\u00f3n del Consejo Intergubernamental IberCultura Viva en Brasilia - IberCultura Viva","description":"Comienza la 14\u00aa Reuni\u00f3n del Consejo Intergubernamental IberCultura Viva en Brasilia - IberCultura Viva","robots":{"index":"index","follow":"follow","max-snippet":"max-snippet:-1","max-image-preview":"max-image-preview:large","max-video-preview":"max-video-preview:-1"},"canonical":"https:\/\/iberculturaviva.org\/es\/comienza-la-14a-reunion-del-consejo-intergubernamental-ibercultura-viva-en-brasilia\/","og_locale":"es_ES","og_type":"article","og_title":"Comienza la 14\u00aa Reuni\u00f3n del Consejo Intergubernamental IberCultura Viva en Brasilia - IberCultura Viva","og_description":"Comienza la 14\u00aa Reuni\u00f3n del Consejo Intergubernamental IberCultura Viva en Brasilia - IberCultura Viva","og_url":"https:\/\/iberculturaviva.org\/es\/comienza-la-14a-reunion-del-consejo-intergubernamental-ibercultura-viva-en-brasilia\/","og_site_name":"IberCultura Viva","article_publisher":"https:\/\/www.facebook.com\/iberculturaviva\/","article_published_time":"2024-11-26T18:40:00+00:00","article_modified_time":"2024-12-10T15:26:45+00:00","og_image":[{"width":640,"height":326,"url":"https:\/\/iberculturaviva.org\/wp-content\/uploads\/2024\/12\/FOTOS-LUIZ-FERNANDES_IBEROAMERICANO_1-_46-Grande-640x326-1.jpg","type":"image\/jpeg"}],"author":"IberCultura","twitter_card":"summary_large_image","twitter_misc":{"Escrito por":"IberCultura","Tiempo de lectura":"7 minutos"},"schema":{"@context":"https:\/\/schema.org","@graph":[{"@type":"Article","@id":"https:\/\/iberculturaviva.org\/es\/comienza-la-14a-reunion-del-consejo-intergubernamental-ibercultura-viva-en-brasilia\/#article","isPartOf":{"@id":"https:\/\/iberculturaviva.org\/es\/comienza-la-14a-reunion-del-consejo-intergubernamental-ibercultura-viva-en-brasilia\/"},"author":{"name":"IberCultura","@id":"https:\/\/iberculturaviva.org\/es\/?lang=es\/#\/schema\/person\/5d1313b072cc25536e0431522f740b59"},"headline":"Comienza la 14\u00aa Reuni\u00f3n del Consejo Intergubernamental IberCultura Viva en Brasilia","datePublished":"2024-11-26T18:40:00+00:00","dateModified":"2024-12-10T15:26:45+00:00","mainEntityOfPage":{"@id":"https:\/\/iberculturaviva.org\/es\/comienza-la-14a-reunion-del-consejo-intergubernamental-ibercultura-viva-en-brasilia\/"},"wordCount":1417,"publisher":{"@id":"https:\/\/iberculturaviva.org\/es\/?lang=es\/#organization"},"image":{"@id":"https:\/\/iberculturaviva.org\/es\/comienza-la-14a-reunion-del-consejo-intergubernamental-ibercultura-viva-en-brasilia\/#primaryimage"},"thumbnailUrl":"https:\/\/iberculturaviva.org\/wp-content\/uploads\/2024\/12\/FOTOS-LUIZ-FERNANDES_IBEROAMERICANO_1-_46-Grande-640x326-1.jpg","articleSection":["Consejo Intergubernamental","Noticias","Sin categorizar"],"inLanguage":"es"},{"@type":"WebPage","@id":"https:\/\/iberculturaviva.org\/es\/comienza-la-14a-reunion-del-consejo-intergubernamental-ibercultura-viva-en-brasilia\/","url":"https:\/\/iberculturaviva.org\/es\/comienza-la-14a-reunion-del-consejo-intergubernamental-ibercultura-viva-en-brasilia\/","name":"Comienza la 14\u00aa Reuni\u00f3n del Consejo Intergubernamental IberCultura Viva en Brasilia - IberCultura Viva","isPartOf":{"@id":"https:\/\/iberculturaviva.org\/es\/?lang=es\/#website"},"primaryImageOfPage":{"@id":"https:\/\/iberculturaviva.org\/es\/comienza-la-14a-reunion-del-consejo-intergubernamental-ibercultura-viva-en-brasilia\/#primaryimage"},"image":{"@id":"https:\/\/iberculturaviva.org\/es\/comienza-la-14a-reunion-del-consejo-intergubernamental-ibercultura-viva-en-brasilia\/#primaryimage"},"thumbnailUrl":"https:\/\/iberculturaviva.org\/wp-content\/uploads\/2024\/12\/FOTOS-LUIZ-FERNANDES_IBEROAMERICANO_1-_46-Grande-640x326-1.jpg","datePublished":"2024-11-26T18:40:00+00:00","dateModified":"2024-12-10T15:26:45+00:00","description":"Comienza la 14\u00aa Reuni\u00f3n del Consejo Intergubernamental IberCultura Viva en Brasilia - IberCultura Viva","breadcrumb":{"@id":"https:\/\/iberculturaviva.org\/es\/comienza-la-14a-reunion-del-consejo-intergubernamental-ibercultura-viva-en-brasilia\/#breadcrumb"},"inLanguage":"es","potentialAction":[{"@type":"ReadAction","target":["https:\/\/iberculturaviva.org\/es\/comienza-la-14a-reunion-del-consejo-intergubernamental-ibercultura-viva-en-brasilia\/"]}]},{"@type":"ImageObject","inLanguage":"es","@id":"https:\/\/iberculturaviva.org\/es\/comienza-la-14a-reunion-del-consejo-intergubernamental-ibercultura-viva-en-brasilia\/#primaryimage","url":"https:\/\/iberculturaviva.org\/wp-content\/uploads\/2024\/12\/FOTOS-LUIZ-FERNANDES_IBEROAMERICANO_1-_46-Grande-640x326-1.jpg","contentUrl":"https:\/\/iberculturaviva.org\/wp-content\/uploads\/2024\/12\/FOTOS-LUIZ-FERNANDES_IBEROAMERICANO_1-_46-Grande-640x326-1.jpg","width":640,"height":326},{"@type":"BreadcrumbList","@id":"https:\/\/iberculturaviva.org\/es\/comienza-la-14a-reunion-del-consejo-intergubernamental-ibercultura-viva-en-brasilia\/#breadcrumb","itemListElement":[{"@type":"ListItem","position":1,"name":"In\u00edcio","item":"https:\/\/iberculturaviva.org\/es\/inicio\/"},{"@type":"ListItem","position":2,"name":"Comienza la 14\u00aa Reuni\u00f3n del Consejo Intergubernamental IberCultura Viva en Brasilia"}]},{"@type":"WebSite","@id":"https:\/\/iberculturaviva.org\/es\/?lang=es\/#website","url":"https:\/\/iberculturaviva.org\/es\/?lang=es\/","name":"IberCultura Viva","description":"Programa de cooperaci\u00f3n cultural","publisher":{"@id":"https:\/\/iberculturaviva.org\/es\/?lang=es\/#organization"},"potentialAction":[{"@type":"SearchAction","target":{"@type":"EntryPoint","urlTemplate":"https:\/\/iberculturaviva.org\/es\/?lang=es\/?s={search_term_string}"},"query-input":{"@type":"PropertyValueSpecification","valueRequired":true,"valueName":"search_term_string"}}],"inLanguage":"es"},{"@type":"Organization","@id":"https:\/\/iberculturaviva.org\/es\/?lang=es\/#organization","name":"Iberculturaviva","url":"https:\/\/iberculturaviva.org\/es\/?lang=es\/","logo":{"@type":"ImageObject","inLanguage":"es","@id":"https:\/\/iberculturaviva.org\/es\/?lang=es\/#\/schema\/logo\/image\/","url":"https:\/\/iberculturaviva.org\/wp-content\/uploads\/2021\/08\/logo_ibercultura_viva.jpg","contentUrl":"https:\/\/iberculturaviva.org\/wp-content\/uploads\/2021\/08\/logo_ibercultura_viva.jpg","width":708,"height":223,"caption":"Iberculturaviva"},"image":{"@id":"https:\/\/iberculturaviva.org\/es\/?lang=es\/#\/schema\/logo\/image\/"},"sameAs":["https:\/\/www.facebook.com\/iberculturaviva\/","https:\/\/www.instagram.com\/iberculturaviva\/","https:\/\/www.youtube.com\/iberculturaviva"]},{"@type":"Person","@id":"https:\/\/iberculturaviva.org\/es\/?lang=es\/#\/schema\/person\/5d1313b072cc25536e0431522f740b59","name":"IberCultura","image":{"@type":"ImageObject","inLanguage":"es","@id":"https:\/\/iberculturaviva.org\/es\/?lang=es\/#\/schema\/person\/image\/","url":"https:\/\/secure.gravatar.com\/avatar\/79f1a057cb125cbefb3765d0356d52fc7f3bba3a35e2cf22bc4de090bb7aef70?s=96&d=mm&r=g","contentUrl":"https:\/\/secure.gravatar.com\/avatar\/79f1a057cb125cbefb3765d0356d52fc7f3bba3a35e2cf22bc4de090bb7aef70?s=96&d=mm&r=g","caption":"IberCultura"}}]}},"main_category":{"link":"https:\/\/iberculturaviva.org\/es\/category\/consejo-intergubernamental\/","name":"Consejo Intergubernamental","slug":"consejo-intergubernamental"},"_links":{"self":[{"href":"https:\/\/iberculturaviva.org\/es\/wp-json\/wp\/v2\/posts\/39634","targetHints":{"allow":["GET"]}}],"collection":[{"href":"https:\/\/iberculturaviva.org\/es\/wp-json\/wp\/v2\/posts"}],"about":[{"href":"https:\/\/iberculturaviva.org\/es\/wp-json\/wp\/v2\/types\/post"}],"author":[{"embeddable":true,"href":"https:\/\/iberculturaviva.org\/es\/wp-json\/wp\/v2\/users\/2"}],"replies":[{"embeddable":true,"href":"https:\/\/iberculturaviva.org\/es\/wp-json\/wp\/v2\/comments?post=39634"}],"version-history":[{"count":1,"href":"https:\/\/iberculturaviva.org\/es\/wp-json\/wp\/v2\/posts\/39634\/revisions"}],"predecessor-version":[{"id":39636,"href":"https:\/\/iberculturaviva.org\/es\/wp-json\/wp\/v2\/posts\/39634\/revisions\/39636"}],"wp:featuredmedia":[{"embeddable":true,"href":"https:\/\/iberculturaviva.org\/es\/wp-json\/wp\/v2\/media\/39631"}],"wp:attachment":[{"href":"https:\/\/iberculturaviva.org\/es\/wp-json\/wp\/v2\/media?parent=39634"}],"wp:term":[{"taxonomy":"category","embeddable":true,"href":"https:\/\/iberculturaviva.org\/es\/wp-json\/wp\/v2\/categories?post=39634"},{"taxonomy":"post_tag","embeddable":true,"href":"https:\/\/iberculturaviva.org\/es\/wp-json\/wp\/v2\/tags?post=39634"},{"taxonomy":"country-municipality","embeddable":true,"href":"https:\/\/iberculturaviva.org\/es\/wp-json\/wp\/v2\/country-municipality?post=39634"}],"curies":[{"name":"wp","href":"https:\/\/api.w.org\/{rel}","templated":true}]}}