{"id":39623,"date":"2024-11-17T15:40:00","date_gmt":"2024-11-17T18:40:00","guid":{"rendered":"https:\/\/iberculturaviva.org\/representantes-de-organizacoes-e-governos-locais-apresentam-o-manual-de-boas-praticas-territoriais\/"},"modified":"2024-12-10T12:28:06","modified_gmt":"2024-12-10T15:28:06","slug":"representantes-de-organizaciones-y-gobiernos-locales-presentan-el-manual-de-buenas-practicas-territoriales","status":"publish","type":"post","link":"https:\/\/iberculturaviva.org\/es\/representantes-de-organizaciones-y-gobiernos-locales-presentan-el-manual-de-buenas-practicas-territoriales\/","title":{"rendered":"Representantes de organizaciones y gobiernos locales presentan el Manual de Buenas Pr\u00e1cticas Territoriales\u00a0"},"content":{"rendered":"\n<p>Este viernes 15 de noviembre ser\u00e1 presentado el Manual de Buenas Pr\u00e1cticas Territoriales, una iniciativa de la Municipalidad de Alajuelita (Costa Rica) que se construy\u00f3 de manera colectiva por representantes de gobiernos locales y de organizaciones culturales comunitarias de Costa Rica, Ecuador, M\u00e9xico, Argentina y Chile.<\/p>\n\n\n\n<p>Este es uno de los proyectos que se desarrollaron en el a\u00f1o de 2024 con el apoyo de la Red IberCultura Viva de Ciudades y Gobiernos Locales. La propuesta busc\u00f3 elaborar de forma colaborativa un manual fundamentado en experiencias y conocimientos generados a trav\u00e9s de la acci\u00f3n intercultural y las cosmovisiones consensuadas por los gobiernos locales que forman parte de la red.<\/p>\n\n\n\n<p>Para ello, en los meses de septiembre y octubre se llevaron a cabo conversatorios y mesas de trabajo, con la intenci\u00f3n de documentar pr\u00e1cticas que pueden ser replicables y adaptables a diferentes realidades territoriales. Algunas de las personas que acompa\u00f1aron estas actividades participar\u00e1n de la presentaci\u00f3n que se har\u00e1 ma\u00f1ana, en el Concejo Municipal de Alajuelita.<\/p>\n\n\n\n<p>\ud83d\udcccAcompa\u00f1a la transmisi\u00f3n por la p\u00e1gina de Facebook de la Municipalidad de Alajuelita a partir de las 19:00 horas (de Costa Rica\/M\u00e9xico; 20:00 en Ecuador\/Colombia; 22:00 en Argentina\/Brasil\/Chile).<\/p>\n\n\n\n<p><a href=\"https:\/\/www.facebook.com\/municipalidadalajuelita\/videos\/8630301170398136\">https:\/\/www.facebook.com\/municipalidadalajuelita\/videos\/8630301170398136<\/a><\/p>\n\n\n\n<p><\/p>\n","protected":false},"excerpt":{"rendered":"<p>Este viernes 15 de noviembre ser\u00e1 presentado el Manual de Buenas Pr\u00e1cticas Territoriales, una iniciativa de la Municipalidad de Alajuelita (Costa Rica) que se construy\u00f3 de manera colectiva por representantes [&hellip;]<\/p>\n","protected":false},"author":2,"featured_media":41207,"comment_status":"closed","ping_status":"closed","sticky":false,"template":"","format":"standard","meta":{"_coblocks_attr":"","_coblocks_dimensions":"","_coblocks_responsive_height":"","_coblocks_accordion_ie_support":"","_EventAllDay":false,"_EventTimezone":"","_EventStartDate":"","_EventEndDate":"","_EventStartDateUTC":"","_EventEndDateUTC":"","_EventShowMap":false,"_EventShowMapLink":false,"_EventURL":"","_EventCost":"","_EventCostDescription":"","_EventCurrencySymbol":"","_EventCurrencyCode":"","_EventCurrencyPosition":"","_EventDateTimeSeparator":"","_EventTimeRangeSeparator":"","_EventOrganizerID":[],"_EventVenueID":[],"_OrganizerEmail":"","_OrganizerPhone":"","_OrganizerWebsite":"","_VenueAddress":"","_VenueCity":"","_VenueCountry":"","_VenueProvince":"","_VenueState":"","_VenueZip":"","_VenuePhone":"","_VenueURL":"","_VenueStateProvince":"","_VenueLat":"","_VenueLng":"","_VenueShowMap":false,"_VenueShowMapLink":false,"footnotes":""},"categories":[642],"tags":[],"country-municipality":[814],"class_list":["post-39623","post","type-post","status-publish","format-standard","has-post-thumbnail","hentry","category-gobiernos-locales","country-municipality-costa-rica-es"],"yoast_head":"<!-- This site is optimized with the Yoast SEO plugin v25.7 - https:\/\/yoast.com\/wordpress\/plugins\/seo\/ -->\n<title>Representantes de organizaciones y gobiernos locales presentan el Manual de Buenas Pr\u00e1cticas Territoriales\u00a0 - IberCultura Viva<\/title>\n<meta name=\"description\" content=\"Representantes de organizaciones y gobiernos locales presentan el Manual de Buenas Pr\u00e1cticas Territoriales\u00a0 - IberCultura Viva\" \/>\n<meta name=\"robots\" content=\"index, follow, max-snippet:-1, max-image-preview:large, max-video-preview:-1\" \/>\n<link rel=\"canonical\" href=\"https:\/\/iberculturaviva.org\/es\/representantes-de-organizaciones-y-gobiernos-locales-presentan-el-manual-de-buenas-practicas-territoriales\/\" \/>\n<meta property=\"og:locale\" content=\"es_ES\" \/>\n<meta property=\"og:type\" content=\"article\" \/>\n<meta property=\"og:title\" content=\"Representantes de organizaciones y gobiernos locales presentan el Manual de Buenas Pr\u00e1cticas Territoriales\u00a0 - IberCultura Viva\" \/>\n<meta property=\"og:description\" content=\"Representantes de organizaciones y gobiernos locales presentan el Manual de Buenas Pr\u00e1cticas Territoriales\u00a0 - IberCultura Viva\" \/>\n<meta property=\"og:url\" content=\"https:\/\/iberculturaviva.org\/es\/representantes-de-organizaciones-y-gobiernos-locales-presentan-el-manual-de-buenas-practicas-territoriales\/\" \/>\n<meta property=\"og:site_name\" content=\"IberCultura Viva\" \/>\n<meta property=\"article:publisher\" content=\"https:\/\/www.facebook.com\/iberculturaviva\/\" \/>\n<meta property=\"article:published_time\" content=\"2024-11-17T18:40:00+00:00\" \/>\n<meta property=\"article:modified_time\" content=\"2024-12-10T15:28:06+00:00\" \/>\n<meta property=\"og:image\" content=\"https:\/\/iberculturaviva.org\/wp-content\/uploads\/2024\/11\/Captura-de-tela-2024-12-27-100835.jpg\" \/>\n\t<meta property=\"og:image:width\" content=\"1008\" \/>\n\t<meta property=\"og:image:height\" content=\"537\" \/>\n\t<meta property=\"og:image:type\" content=\"image\/jpeg\" \/>\n<meta name=\"author\" content=\"IberCultura\" \/>\n<meta name=\"twitter:card\" content=\"summary_large_image\" \/>\n<meta name=\"twitter:label1\" content=\"Escrito por\" \/>\n\t<meta name=\"twitter:data1\" content=\"IberCultura\" \/>\n\t<meta name=\"twitter:label2\" content=\"Tiempo de lectura\" \/>\n\t<meta name=\"twitter:data2\" content=\"1 minuto\" \/>\n<script type=\"application\/ld+json\" class=\"yoast-schema-graph\">{\"@context\":\"https:\/\/schema.org\",\"@graph\":[{\"@type\":\"Article\",\"@id\":\"https:\/\/iberculturaviva.org\/es\/representantes-de-organizaciones-y-gobiernos-locales-presentan-el-manual-de-buenas-practicas-territoriales\/#article\",\"isPartOf\":{\"@id\":\"https:\/\/iberculturaviva.org\/es\/representantes-de-organizaciones-y-gobiernos-locales-presentan-el-manual-de-buenas-practicas-territoriales\/\"},\"author\":{\"name\":\"IberCultura\",\"@id\":\"https:\/\/iberculturaviva.org\/es\/?lang=es\/#\/schema\/person\/5d1313b072cc25536e0431522f740b59\"},\"headline\":\"Representantes de organizaciones y gobiernos locales presentan el Manual de Buenas Pr\u00e1cticas Territoriales\u00a0\",\"datePublished\":\"2024-11-17T18:40:00+00:00\",\"dateModified\":\"2024-12-10T15:28:06+00:00\",\"mainEntityOfPage\":{\"@id\":\"https:\/\/iberculturaviva.org\/es\/representantes-de-organizaciones-y-gobiernos-locales-presentan-el-manual-de-buenas-practicas-territoriales\/\"},\"wordCount\":226,\"publisher\":{\"@id\":\"https:\/\/iberculturaviva.org\/es\/?lang=es\/#organization\"},\"image\":{\"@id\":\"https:\/\/iberculturaviva.org\/es\/representantes-de-organizaciones-y-gobiernos-locales-presentan-el-manual-de-buenas-practicas-territoriales\/#primaryimage\"},\"thumbnailUrl\":\"https:\/\/iberculturaviva.org\/wp-content\/uploads\/2024\/11\/Captura-de-tela-2024-12-27-100835.jpg\",\"articleSection\":[\"Gobiernos Locales\"],\"inLanguage\":\"es\"},{\"@type\":\"WebPage\",\"@id\":\"https:\/\/iberculturaviva.org\/es\/representantes-de-organizaciones-y-gobiernos-locales-presentan-el-manual-de-buenas-practicas-territoriales\/\",\"url\":\"https:\/\/iberculturaviva.org\/es\/representantes-de-organizaciones-y-gobiernos-locales-presentan-el-manual-de-buenas-practicas-territoriales\/\",\"name\":\"Representantes de organizaciones y gobiernos locales presentan el Manual de Buenas Pr\u00e1cticas Territoriales\u00a0 - IberCultura Viva\",\"isPartOf\":{\"@id\":\"https:\/\/iberculturaviva.org\/es\/?lang=es\/#website\"},\"primaryImageOfPage\":{\"@id\":\"https:\/\/iberculturaviva.org\/es\/representantes-de-organizaciones-y-gobiernos-locales-presentan-el-manual-de-buenas-practicas-territoriales\/#primaryimage\"},\"image\":{\"@id\":\"https:\/\/iberculturaviva.org\/es\/representantes-de-organizaciones-y-gobiernos-locales-presentan-el-manual-de-buenas-practicas-territoriales\/#primaryimage\"},\"thumbnailUrl\":\"https:\/\/iberculturaviva.org\/wp-content\/uploads\/2024\/11\/Captura-de-tela-2024-12-27-100835.jpg\",\"datePublished\":\"2024-11-17T18:40:00+00:00\",\"dateModified\":\"2024-12-10T15:28:06+00:00\",\"description\":\"Representantes de organizaciones y gobiernos locales presentan el Manual de Buenas Pr\u00e1cticas Territoriales\u00a0 - IberCultura Viva\",\"breadcrumb\":{\"@id\":\"https:\/\/iberculturaviva.org\/es\/representantes-de-organizaciones-y-gobiernos-locales-presentan-el-manual-de-buenas-practicas-territoriales\/#breadcrumb\"},\"inLanguage\":\"es\",\"potentialAction\":[{\"@type\":\"ReadAction\",\"target\":[\"https:\/\/iberculturaviva.org\/es\/representantes-de-organizaciones-y-gobiernos-locales-presentan-el-manual-de-buenas-practicas-territoriales\/\"]}]},{\"@type\":\"ImageObject\",\"inLanguage\":\"es\",\"@id\":\"https:\/\/iberculturaviva.org\/es\/representantes-de-organizaciones-y-gobiernos-locales-presentan-el-manual-de-buenas-practicas-territoriales\/#primaryimage\",\"url\":\"https:\/\/iberculturaviva.org\/wp-content\/uploads\/2024\/11\/Captura-de-tela-2024-12-27-100835.jpg\",\"contentUrl\":\"https:\/\/iberculturaviva.org\/wp-content\/uploads\/2024\/11\/Captura-de-tela-2024-12-27-100835.jpg\",\"width\":1008,\"height\":537},{\"@type\":\"BreadcrumbList\",\"@id\":\"https:\/\/iberculturaviva.org\/es\/representantes-de-organizaciones-y-gobiernos-locales-presentan-el-manual-de-buenas-practicas-territoriales\/#breadcrumb\",\"itemListElement\":[{\"@type\":\"ListItem\",\"position\":1,\"name\":\"In\u00edcio\",\"item\":\"https:\/\/iberculturaviva.org\/es\/inicio\/\"},{\"@type\":\"ListItem\",\"position\":2,\"name\":\"Representantes de organizaciones y gobiernos locales presentan el Manual de Buenas Pr\u00e1cticas Territoriales\u00a0\"}]},{\"@type\":\"WebSite\",\"@id\":\"https:\/\/iberculturaviva.org\/es\/?lang=es\/#website\",\"url\":\"https:\/\/iberculturaviva.org\/es\/?lang=es\/\",\"name\":\"IberCultura Viva\",\"description\":\"Programa de cooperaci\u00f3n cultural\",\"publisher\":{\"@id\":\"https:\/\/iberculturaviva.org\/es\/?lang=es\/#organization\"},\"potentialAction\":[{\"@type\":\"SearchAction\",\"target\":{\"@type\":\"EntryPoint\",\"urlTemplate\":\"https:\/\/iberculturaviva.org\/es\/?lang=es\/?s={search_term_string}\"},\"query-input\":{\"@type\":\"PropertyValueSpecification\",\"valueRequired\":true,\"valueName\":\"search_term_string\"}}],\"inLanguage\":\"es\"},{\"@type\":\"Organization\",\"@id\":\"https:\/\/iberculturaviva.org\/es\/?lang=es\/#organization\",\"name\":\"Iberculturaviva\",\"url\":\"https:\/\/iberculturaviva.org\/es\/?lang=es\/\",\"logo\":{\"@type\":\"ImageObject\",\"inLanguage\":\"es\",\"@id\":\"https:\/\/iberculturaviva.org\/es\/?lang=es\/#\/schema\/logo\/image\/\",\"url\":\"https:\/\/iberculturaviva.org\/wp-content\/uploads\/2021\/08\/logo_ibercultura_viva.jpg\",\"contentUrl\":\"https:\/\/iberculturaviva.org\/wp-content\/uploads\/2021\/08\/logo_ibercultura_viva.jpg\",\"width\":708,\"height\":223,\"caption\":\"Iberculturaviva\"},\"image\":{\"@id\":\"https:\/\/iberculturaviva.org\/es\/?lang=es\/#\/schema\/logo\/image\/\"},\"sameAs\":[\"https:\/\/www.facebook.com\/iberculturaviva\/\",\"https:\/\/www.instagram.com\/iberculturaviva\/\",\"https:\/\/www.youtube.com\/iberculturaviva\"]},{\"@type\":\"Person\",\"@id\":\"https:\/\/iberculturaviva.org\/es\/?lang=es\/#\/schema\/person\/5d1313b072cc25536e0431522f740b59\",\"name\":\"IberCultura\",\"image\":{\"@type\":\"ImageObject\",\"inLanguage\":\"es\",\"@id\":\"https:\/\/iberculturaviva.org\/es\/?lang=es\/#\/schema\/person\/image\/\",\"url\":\"https:\/\/secure.gravatar.com\/avatar\/79f1a057cb125cbefb3765d0356d52fc7f3bba3a35e2cf22bc4de090bb7aef70?s=96&d=mm&r=g\",\"contentUrl\":\"https:\/\/secure.gravatar.com\/avatar\/79f1a057cb125cbefb3765d0356d52fc7f3bba3a35e2cf22bc4de090bb7aef70?s=96&d=mm&r=g\",\"caption\":\"IberCultura\"}}]}<\/script>\n<!-- \/ Yoast SEO plugin. -->","yoast_head_json":{"title":"Representantes de organizaciones y gobiernos locales presentan el Manual de Buenas Pr\u00e1cticas Territoriales\u00a0 - IberCultura Viva","description":"Representantes de organizaciones y gobiernos locales presentan el Manual de Buenas Pr\u00e1cticas Territoriales\u00a0 - IberCultura Viva","robots":{"index":"index","follow":"follow","max-snippet":"max-snippet:-1","max-image-preview":"max-image-preview:large","max-video-preview":"max-video-preview:-1"},"canonical":"https:\/\/iberculturaviva.org\/es\/representantes-de-organizaciones-y-gobiernos-locales-presentan-el-manual-de-buenas-practicas-territoriales\/","og_locale":"es_ES","og_type":"article","og_title":"Representantes de organizaciones y gobiernos locales presentan el Manual de Buenas Pr\u00e1cticas Territoriales\u00a0 - IberCultura Viva","og_description":"Representantes de organizaciones y gobiernos locales presentan el Manual de Buenas Pr\u00e1cticas Territoriales\u00a0 - IberCultura Viva","og_url":"https:\/\/iberculturaviva.org\/es\/representantes-de-organizaciones-y-gobiernos-locales-presentan-el-manual-de-buenas-practicas-territoriales\/","og_site_name":"IberCultura Viva","article_publisher":"https:\/\/www.facebook.com\/iberculturaviva\/","article_published_time":"2024-11-17T18:40:00+00:00","article_modified_time":"2024-12-10T15:28:06+00:00","og_image":[{"width":1008,"height":537,"url":"https:\/\/iberculturaviva.org\/wp-content\/uploads\/2024\/11\/Captura-de-tela-2024-12-27-100835.jpg","type":"image\/jpeg"}],"author":"IberCultura","twitter_card":"summary_large_image","twitter_misc":{"Escrito por":"IberCultura","Tiempo de lectura":"1 minuto"},"schema":{"@context":"https:\/\/schema.org","@graph":[{"@type":"Article","@id":"https:\/\/iberculturaviva.org\/es\/representantes-de-organizaciones-y-gobiernos-locales-presentan-el-manual-de-buenas-practicas-territoriales\/#article","isPartOf":{"@id":"https:\/\/iberculturaviva.org\/es\/representantes-de-organizaciones-y-gobiernos-locales-presentan-el-manual-de-buenas-practicas-territoriales\/"},"author":{"name":"IberCultura","@id":"https:\/\/iberculturaviva.org\/es\/?lang=es\/#\/schema\/person\/5d1313b072cc25536e0431522f740b59"},"headline":"Representantes de organizaciones y gobiernos locales presentan el Manual de Buenas Pr\u00e1cticas Territoriales\u00a0","datePublished":"2024-11-17T18:40:00+00:00","dateModified":"2024-12-10T15:28:06+00:00","mainEntityOfPage":{"@id":"https:\/\/iberculturaviva.org\/es\/representantes-de-organizaciones-y-gobiernos-locales-presentan-el-manual-de-buenas-practicas-territoriales\/"},"wordCount":226,"publisher":{"@id":"https:\/\/iberculturaviva.org\/es\/?lang=es\/#organization"},"image":{"@id":"https:\/\/iberculturaviva.org\/es\/representantes-de-organizaciones-y-gobiernos-locales-presentan-el-manual-de-buenas-practicas-territoriales\/#primaryimage"},"thumbnailUrl":"https:\/\/iberculturaviva.org\/wp-content\/uploads\/2024\/11\/Captura-de-tela-2024-12-27-100835.jpg","articleSection":["Gobiernos Locales"],"inLanguage":"es"},{"@type":"WebPage","@id":"https:\/\/iberculturaviva.org\/es\/representantes-de-organizaciones-y-gobiernos-locales-presentan-el-manual-de-buenas-practicas-territoriales\/","url":"https:\/\/iberculturaviva.org\/es\/representantes-de-organizaciones-y-gobiernos-locales-presentan-el-manual-de-buenas-practicas-territoriales\/","name":"Representantes de organizaciones y gobiernos locales presentan el Manual de Buenas Pr\u00e1cticas Territoriales\u00a0 - IberCultura Viva","isPartOf":{"@id":"https:\/\/iberculturaviva.org\/es\/?lang=es\/#website"},"primaryImageOfPage":{"@id":"https:\/\/iberculturaviva.org\/es\/representantes-de-organizaciones-y-gobiernos-locales-presentan-el-manual-de-buenas-practicas-territoriales\/#primaryimage"},"image":{"@id":"https:\/\/iberculturaviva.org\/es\/representantes-de-organizaciones-y-gobiernos-locales-presentan-el-manual-de-buenas-practicas-territoriales\/#primaryimage"},"thumbnailUrl":"https:\/\/iberculturaviva.org\/wp-content\/uploads\/2024\/11\/Captura-de-tela-2024-12-27-100835.jpg","datePublished":"2024-11-17T18:40:00+00:00","dateModified":"2024-12-10T15:28:06+00:00","description":"Representantes de organizaciones y gobiernos locales presentan el Manual de Buenas Pr\u00e1cticas Territoriales\u00a0 - IberCultura Viva","breadcrumb":{"@id":"https:\/\/iberculturaviva.org\/es\/representantes-de-organizaciones-y-gobiernos-locales-presentan-el-manual-de-buenas-practicas-territoriales\/#breadcrumb"},"inLanguage":"es","potentialAction":[{"@type":"ReadAction","target":["https:\/\/iberculturaviva.org\/es\/representantes-de-organizaciones-y-gobiernos-locales-presentan-el-manual-de-buenas-practicas-territoriales\/"]}]},{"@type":"ImageObject","inLanguage":"es","@id":"https:\/\/iberculturaviva.org\/es\/representantes-de-organizaciones-y-gobiernos-locales-presentan-el-manual-de-buenas-practicas-territoriales\/#primaryimage","url":"https:\/\/iberculturaviva.org\/wp-content\/uploads\/2024\/11\/Captura-de-tela-2024-12-27-100835.jpg","contentUrl":"https:\/\/iberculturaviva.org\/wp-content\/uploads\/2024\/11\/Captura-de-tela-2024-12-27-100835.jpg","width":1008,"height":537},{"@type":"BreadcrumbList","@id":"https:\/\/iberculturaviva.org\/es\/representantes-de-organizaciones-y-gobiernos-locales-presentan-el-manual-de-buenas-practicas-territoriales\/#breadcrumb","itemListElement":[{"@type":"ListItem","position":1,"name":"In\u00edcio","item":"https:\/\/iberculturaviva.org\/es\/inicio\/"},{"@type":"ListItem","position":2,"name":"Representantes de organizaciones y gobiernos locales presentan el Manual de Buenas Pr\u00e1cticas Territoriales\u00a0"}]},{"@type":"WebSite","@id":"https:\/\/iberculturaviva.org\/es\/?lang=es\/#website","url":"https:\/\/iberculturaviva.org\/es\/?lang=es\/","name":"IberCultura Viva","description":"Programa de cooperaci\u00f3n cultural","publisher":{"@id":"https:\/\/iberculturaviva.org\/es\/?lang=es\/#organization"},"potentialAction":[{"@type":"SearchAction","target":{"@type":"EntryPoint","urlTemplate":"https:\/\/iberculturaviva.org\/es\/?lang=es\/?s={search_term_string}"},"query-input":{"@type":"PropertyValueSpecification","valueRequired":true,"valueName":"search_term_string"}}],"inLanguage":"es"},{"@type":"Organization","@id":"https:\/\/iberculturaviva.org\/es\/?lang=es\/#organization","name":"Iberculturaviva","url":"https:\/\/iberculturaviva.org\/es\/?lang=es\/","logo":{"@type":"ImageObject","inLanguage":"es","@id":"https:\/\/iberculturaviva.org\/es\/?lang=es\/#\/schema\/logo\/image\/","url":"https:\/\/iberculturaviva.org\/wp-content\/uploads\/2021\/08\/logo_ibercultura_viva.jpg","contentUrl":"https:\/\/iberculturaviva.org\/wp-content\/uploads\/2021\/08\/logo_ibercultura_viva.jpg","width":708,"height":223,"caption":"Iberculturaviva"},"image":{"@id":"https:\/\/iberculturaviva.org\/es\/?lang=es\/#\/schema\/logo\/image\/"},"sameAs":["https:\/\/www.facebook.com\/iberculturaviva\/","https:\/\/www.instagram.com\/iberculturaviva\/","https:\/\/www.youtube.com\/iberculturaviva"]},{"@type":"Person","@id":"https:\/\/iberculturaviva.org\/es\/?lang=es\/#\/schema\/person\/5d1313b072cc25536e0431522f740b59","name":"IberCultura","image":{"@type":"ImageObject","inLanguage":"es","@id":"https:\/\/iberculturaviva.org\/es\/?lang=es\/#\/schema\/person\/image\/","url":"https:\/\/secure.gravatar.com\/avatar\/79f1a057cb125cbefb3765d0356d52fc7f3bba3a35e2cf22bc4de090bb7aef70?s=96&d=mm&r=g","contentUrl":"https:\/\/secure.gravatar.com\/avatar\/79f1a057cb125cbefb3765d0356d52fc7f3bba3a35e2cf22bc4de090bb7aef70?s=96&d=mm&r=g","caption":"IberCultura"}}]}},"main_category":{"link":"https:\/\/iberculturaviva.org\/es\/category\/gobiernos-locales\/","name":"Gobiernos Locales","slug":"gobiernos-locales"},"_links":{"self":[{"href":"https:\/\/iberculturaviva.org\/es\/wp-json\/wp\/v2\/posts\/39623","targetHints":{"allow":["GET"]}}],"collection":[{"href":"https:\/\/iberculturaviva.org\/es\/wp-json\/wp\/v2\/posts"}],"about":[{"href":"https:\/\/iberculturaviva.org\/es\/wp-json\/wp\/v2\/types\/post"}],"author":[{"embeddable":true,"href":"https:\/\/iberculturaviva.org\/es\/wp-json\/wp\/v2\/users\/2"}],"replies":[{"embeddable":true,"href":"https:\/\/iberculturaviva.org\/es\/wp-json\/wp\/v2\/comments?post=39623"}],"version-history":[{"count":1,"href":"https:\/\/iberculturaviva.org\/es\/wp-json\/wp\/v2\/posts\/39623\/revisions"}],"predecessor-version":[{"id":39624,"href":"https:\/\/iberculturaviva.org\/es\/wp-json\/wp\/v2\/posts\/39623\/revisions\/39624"}],"wp:featuredmedia":[{"embeddable":true,"href":"https:\/\/iberculturaviva.org\/es\/wp-json\/wp\/v2\/media\/41207"}],"wp:attachment":[{"href":"https:\/\/iberculturaviva.org\/es\/wp-json\/wp\/v2\/media?parent=39623"}],"wp:term":[{"taxonomy":"category","embeddable":true,"href":"https:\/\/iberculturaviva.org\/es\/wp-json\/wp\/v2\/categories?post=39623"},{"taxonomy":"post_tag","embeddable":true,"href":"https:\/\/iberculturaviva.org\/es\/wp-json\/wp\/v2\/tags?post=39623"},{"taxonomy":"country-municipality","embeddable":true,"href":"https:\/\/iberculturaviva.org\/es\/wp-json\/wp\/v2\/country-municipality?post=39623"}],"curies":[{"name":"wp","href":"https:\/\/api.w.org\/{rel}","templated":true}]}}