{"id":39611,"date":"2024-10-31T15:39:00","date_gmt":"2024-10-31T18:39:00","guid":{"rendered":"https:\/\/iberculturaviva.org\/programa-pontos-de-cultura-do-chile-anuncia-tres-novas-sessoes-de-capacitacao-destinadas-a-organizacoes-comunitarias-e-agentes-culturais\/"},"modified":"2024-12-10T12:29:45","modified_gmt":"2024-12-10T15:29:45","slug":"programa-puntos-de-cultura-de-chile-anuncia-tres-nuevas-sesiones-de-capacitacion-dirigidas-a-organizaciones-comunitarias-y-agentes-culturales","status":"publish","type":"post","link":"https:\/\/iberculturaviva.org\/es\/programa-puntos-de-cultura-de-chile-anuncia-tres-nuevas-sesiones-de-capacitacion-dirigidas-a-organizaciones-comunitarias-y-agentes-culturales\/","title":{"rendered":"Programa Puntos de Cultura de Chile anuncia tres nuevas sesiones de capacitaci\u00f3n dirigidas a organizaciones comunitarias y agentes culturales"},"content":{"rendered":"\n<h5 class=\"wp-block-heading\">(Texto y foto: Ministerio de las Culturas, las Artes y el Patrimonio)<\/h5>\n\n\n\n<p>.<\/p>\n\n\n\n<p>Con el objetivo de proporcionar conocimientos en materia de derechos humanos y fortalecer la vinculaci\u00f3n social de las organizaciones y agentes culturales locales, el Ministerio de las Culturas, las Artes y el Patrimonio de Chile, a trav\u00e9s del programa Puntos de Cultura Comunitaria del Departamento Ciudadan\u00eda Cultural, y la Red de Ciudades y Gobiernos Locales han abierto las inscripciones para participar en tres nuevas capacitaciones, en formato virtual, en el marco del Ciclo de Di\u00e1logos y Talleres para Puntos de Cultura Comunitaria.<\/p>\n\n\n\n<p>El jueves 7 de noviembre, de 17:00 a 18:30 horas, se realizar\u00e1 la charla \u201cEnfoque de Derechos Humanos en la cultura comunitaria\u201d a cargo de Francia Jamett, de la Unidad de Cultura, Memoria y Derechos Humanos de la Subsecretar\u00eda de las Culturas y las Artes. Esta capacitaci\u00f3n busca proporcionar conocimientos y herramientas para incorporar el enfoque y los principios de las pol\u00edticas p\u00fablicas de los derechos humanos para la acci\u00f3n cultural comunitaria y en iniciativas que fomenten estos valores. (Las inscripciones se pueden realizar ingresando a&nbsp;<a href=\"https:\/\/www.dialogosytallerespcc.cl\/detalles-y-registro\/enfoque-de-derechos-humanos-en-la-cultura-comunitaria\/form\" target=\"_blank\" rel=\"noreferrer noopener\">este enlace.<\/a>)<\/p>\n\n\n\n<p>A continuaci\u00f3n, la Red de Gobiernos y Ciudades Locales han preparado dos capacitaciones que tienen como objetivo contribuir al fortalecimiento de la gesti\u00f3n y vinculaci\u00f3n social de las organizaciones comunitarias culturales locales:<\/p>\n\n\n\n<ul class=\"wp-block-list\">\n<li>Jueves, 14 de noviembre, de 17:00 a 18:30 horas: \u201cMetodolog\u00edas participativas para el trabajo territorial comunitario en el \u00e1mbito cultural\u201d, a cargo del psic\u00f3logo especializado en Psicolog\u00eda Social-Ambiental-Comunitaria, Marcelo Rodr\u00edguez. (Inscripciones en\u00a0<a href=\"https:\/\/www.dialogosytallerespcc.cl\/detalles-y-registro\/metodologias-participativas-para-el-trabajo-territorial-comunitario-en-el-ambito-cultural\/form\" target=\"_blank\" rel=\"noreferrer noopener\">este enlace<\/a>)<\/li>\n\n\n\n<li>Jueves 21 de noviembre, de 17:00 a 18:30 hrs: \u201cEstrategias territoriales de comunicaci\u00f3n y difusi\u00f3n para el trabajo comunitario cultural\u201d, a cargo de la periodista especializada en Cultura y Derechos Humanos, Alejandra Villarroel. (Inscripciones en\u00a0<a href=\"https:\/\/www.dialogosytallerespcc.cl\/detalles-y-registro\/estrategias-territoriales-de-comunicacion-y-difusion-para-el-trabajo-comunitario-cultural\/form\" target=\"_blank\" rel=\"noreferrer noopener\">este enlace<\/a>)<\/li>\n<\/ul>\n\n\n\n<p><strong>.<\/strong><\/p>\n\n\n\n<h4 class=\"wp-block-heading\"><strong>Antirracismo y equidad de g\u00e9nero<\/strong><\/h4>\n\n\n\n<p>El ciclo se compone de cuatro m\u00f3dulos con tem\u00e1ticas que abordan la inclusi\u00f3n, la igualdad de g\u00e9nero, el respeto por los derechos humanos y la cultura viva comunitaria.<\/p>\n\n\n\n<p>El primer m\u00f3dulo, \u201cAntirracismo en la gesti\u00f3n comunitaria\u201d, se realiz\u00f3 el 26 de septiembre con un conversatorio virtual facilitado por Julieth Micolta, destacada activista y educadora popular afrocolombiana. La actividad se organiz\u00f3 con el apoyo del programa Interculturalidad e Inclusi\u00f3n de Migrantes del Departamento Ciudadan\u00eda Cultural. Este espacio busc\u00f3 sensibilizar y capacitar a las personas participantes acerca de la importancia de incorporar una perspectiva antirracista en la gesti\u00f3n cultural, fomentando un entorno inclusivo y equitativo.<\/p>\n\n\n\n<p>\u201cCultura viva comunitaria y desaf\u00edos para la igualdad de g\u00e9nero\u201d fue el segundo m\u00f3dulo, desarrollado entre el 3 y 24 de octubre, donde se exploraron temas pendientes que hoy se enfrentan en la lucha por la igualdad de g\u00e9nero, alineados con los Objetivos de Desarrollo Sostenible de Naciones Unidas. La iniciativa se realiz\u00f3 en conjunto con la Secci\u00f3n de Participaci\u00f3n, G\u00e9nero e Inclusi\u00f3n del MINCAP y ONU Mujeres Chile. A trav\u00e9s de ocho talleres virtuales, se compartieron herramientas pr\u00e1cticas para crear ambientes de trabajo libres de violencia de g\u00e9nero e integrar la perspectiva de g\u00e9nero y de diversidad en proyectos culturales<\/p>\n","protected":false},"excerpt":{"rendered":"<p>(Texto y foto: Ministerio de las Culturas, las Artes y el Patrimonio) . Con el objetivo de proporcionar conocimientos en materia de derechos humanos y fortalecer la vinculaci\u00f3n social de [&hellip;]<\/p>\n","protected":false},"author":2,"featured_media":39608,"comment_status":"closed","ping_status":"closed","sticky":false,"template":"","format":"standard","meta":{"_coblocks_attr":"","_coblocks_dimensions":"","_coblocks_responsive_height":"","_coblocks_accordion_ie_support":"","_EventAllDay":false,"_EventTimezone":"","_EventStartDate":"","_EventEndDate":"","_EventStartDateUTC":"","_EventEndDateUTC":"","_EventShowMap":false,"_EventShowMapLink":false,"_EventURL":"","_EventCost":"","_EventCostDescription":"","_EventCurrencySymbol":"","_EventCurrencyCode":"","_EventCurrencyPosition":"","_EventDateTimeSeparator":"","_EventTimeRangeSeparator":"","_EventOrganizerID":[],"_EventVenueID":[],"_OrganizerEmail":"","_OrganizerPhone":"","_OrganizerWebsite":"","_VenueAddress":"","_VenueCity":"","_VenueCountry":"","_VenueProvince":"","_VenueState":"","_VenueZip":"","_VenuePhone":"","_VenueURL":"","_VenueStateProvince":"","_VenueLat":"","_VenueLng":"","_VenueShowMap":false,"_VenueShowMapLink":false,"footnotes":""},"categories":[641,249],"tags":[916,919,302,289,545,298,917],"country-municipality":[],"class_list":["post-39611","post","type-post","status-publish","format-standard","has-post-thumbnail","hentry","category-paises-miembros","category-sin-categorizar","tag-capacitacao","tag-capacitacion-2","tag-chile-3","tag-gobiernos-locales-2","tag-puntos-de-cultura-comunitaria","tag-red-de-ciudades-2","tag-rede-de-cidades-2"],"yoast_head":"<!-- This site is optimized with the Yoast SEO plugin v25.7 - https:\/\/yoast.com\/wordpress\/plugins\/seo\/ -->\n<title>Programa Puntos de Cultura de Chile anuncia tres nuevas sesiones de capacitaci\u00f3n dirigidas a organizaciones comunitarias y agentes culturales - IberCultura Viva<\/title>\n<meta name=\"description\" content=\"Programa Puntos de Cultura de Chile anuncia tres nuevas sesiones de capacitaci\u00f3n dirigidas a organizaciones comunitarias y agentes culturales - IberCultura Viva\" \/>\n<meta name=\"robots\" content=\"index, follow, max-snippet:-1, max-image-preview:large, max-video-preview:-1\" \/>\n<link rel=\"canonical\" href=\"https:\/\/iberculturaviva.org\/es\/programa-puntos-de-cultura-de-chile-anuncia-tres-nuevas-sesiones-de-capacitacion-dirigidas-a-organizaciones-comunitarias-y-agentes-culturales\/\" \/>\n<meta property=\"og:locale\" content=\"es_ES\" \/>\n<meta property=\"og:type\" content=\"article\" \/>\n<meta property=\"og:title\" content=\"Programa Puntos de Cultura de Chile anuncia tres nuevas sesiones de capacitaci\u00f3n dirigidas a organizaciones comunitarias y agentes culturales - IberCultura Viva\" \/>\n<meta property=\"og:description\" content=\"Programa Puntos de Cultura de Chile anuncia tres nuevas sesiones de capacitaci\u00f3n dirigidas a organizaciones comunitarias y agentes culturales - IberCultura Viva\" \/>\n<meta property=\"og:url\" content=\"https:\/\/iberculturaviva.org\/es\/programa-puntos-de-cultura-de-chile-anuncia-tres-nuevas-sesiones-de-capacitacion-dirigidas-a-organizaciones-comunitarias-y-agentes-culturales\/\" \/>\n<meta property=\"og:site_name\" content=\"IberCultura Viva\" \/>\n<meta property=\"article:publisher\" content=\"https:\/\/www.facebook.com\/iberculturaviva\/\" \/>\n<meta property=\"article:published_time\" content=\"2024-10-31T18:39:00+00:00\" \/>\n<meta property=\"article:modified_time\" content=\"2024-12-10T15:29:45+00:00\" \/>\n<meta property=\"og:image\" content=\"https:\/\/iberculturaviva.org\/wp-content\/uploads\/2024\/12\/foto-webinar-1536x800-1-640x326-1.jpg\" \/>\n\t<meta property=\"og:image:width\" content=\"640\" \/>\n\t<meta property=\"og:image:height\" content=\"326\" \/>\n\t<meta property=\"og:image:type\" content=\"image\/jpeg\" \/>\n<meta name=\"author\" content=\"IberCultura\" \/>\n<meta name=\"twitter:card\" content=\"summary_large_image\" \/>\n<meta name=\"twitter:label1\" content=\"Escrito por\" \/>\n\t<meta name=\"twitter:data1\" content=\"IberCultura\" \/>\n\t<meta name=\"twitter:label2\" content=\"Tiempo de lectura\" \/>\n\t<meta name=\"twitter:data2\" content=\"3 minutos\" \/>\n<script type=\"application\/ld+json\" class=\"yoast-schema-graph\">{\"@context\":\"https:\/\/schema.org\",\"@graph\":[{\"@type\":\"Article\",\"@id\":\"https:\/\/iberculturaviva.org\/es\/programa-puntos-de-cultura-de-chile-anuncia-tres-nuevas-sesiones-de-capacitacion-dirigidas-a-organizaciones-comunitarias-y-agentes-culturales\/#article\",\"isPartOf\":{\"@id\":\"https:\/\/iberculturaviva.org\/es\/programa-puntos-de-cultura-de-chile-anuncia-tres-nuevas-sesiones-de-capacitacion-dirigidas-a-organizaciones-comunitarias-y-agentes-culturales\/\"},\"author\":{\"name\":\"IberCultura\",\"@id\":\"https:\/\/iberculturaviva.org\/es\/?lang=es\/#\/schema\/person\/5d1313b072cc25536e0431522f740b59\"},\"headline\":\"Programa Puntos de Cultura de Chile anuncia tres nuevas sesiones de capacitaci\u00f3n dirigidas a organizaciones comunitarias y agentes culturales\",\"datePublished\":\"2024-10-31T18:39:00+00:00\",\"dateModified\":\"2024-12-10T15:29:45+00:00\",\"mainEntityOfPage\":{\"@id\":\"https:\/\/iberculturaviva.org\/es\/programa-puntos-de-cultura-de-chile-anuncia-tres-nuevas-sesiones-de-capacitacion-dirigidas-a-organizaciones-comunitarias-y-agentes-culturales\/\"},\"wordCount\":543,\"publisher\":{\"@id\":\"https:\/\/iberculturaviva.org\/es\/?lang=es\/#organization\"},\"image\":{\"@id\":\"https:\/\/iberculturaviva.org\/es\/programa-puntos-de-cultura-de-chile-anuncia-tres-nuevas-sesiones-de-capacitacion-dirigidas-a-organizaciones-comunitarias-y-agentes-culturales\/#primaryimage\"},\"thumbnailUrl\":\"https:\/\/iberculturaviva.org\/wp-content\/uploads\/2024\/12\/foto-webinar-1536x800-1-640x326-1.jpg\",\"keywords\":[\"capacita\u00e7\u00e3o\",\"capacitaci\u00f3n\",\"Chile\",\"gobiernos locales\",\"Puntos de Cultura Comunitaria\",\"Red de Ciudades\",\"Rede de Cidades\"],\"articleSection\":[\"Pa\u00edses miembros\",\"Sin categorizar\"],\"inLanguage\":\"es\"},{\"@type\":\"WebPage\",\"@id\":\"https:\/\/iberculturaviva.org\/es\/programa-puntos-de-cultura-de-chile-anuncia-tres-nuevas-sesiones-de-capacitacion-dirigidas-a-organizaciones-comunitarias-y-agentes-culturales\/\",\"url\":\"https:\/\/iberculturaviva.org\/es\/programa-puntos-de-cultura-de-chile-anuncia-tres-nuevas-sesiones-de-capacitacion-dirigidas-a-organizaciones-comunitarias-y-agentes-culturales\/\",\"name\":\"Programa Puntos de Cultura de Chile anuncia tres nuevas sesiones de capacitaci\u00f3n dirigidas a organizaciones comunitarias y agentes culturales - IberCultura Viva\",\"isPartOf\":{\"@id\":\"https:\/\/iberculturaviva.org\/es\/?lang=es\/#website\"},\"primaryImageOfPage\":{\"@id\":\"https:\/\/iberculturaviva.org\/es\/programa-puntos-de-cultura-de-chile-anuncia-tres-nuevas-sesiones-de-capacitacion-dirigidas-a-organizaciones-comunitarias-y-agentes-culturales\/#primaryimage\"},\"image\":{\"@id\":\"https:\/\/iberculturaviva.org\/es\/programa-puntos-de-cultura-de-chile-anuncia-tres-nuevas-sesiones-de-capacitacion-dirigidas-a-organizaciones-comunitarias-y-agentes-culturales\/#primaryimage\"},\"thumbnailUrl\":\"https:\/\/iberculturaviva.org\/wp-content\/uploads\/2024\/12\/foto-webinar-1536x800-1-640x326-1.jpg\",\"datePublished\":\"2024-10-31T18:39:00+00:00\",\"dateModified\":\"2024-12-10T15:29:45+00:00\",\"description\":\"Programa Puntos de Cultura de Chile anuncia tres nuevas sesiones de capacitaci\u00f3n dirigidas a organizaciones comunitarias y agentes culturales - IberCultura Viva\",\"breadcrumb\":{\"@id\":\"https:\/\/iberculturaviva.org\/es\/programa-puntos-de-cultura-de-chile-anuncia-tres-nuevas-sesiones-de-capacitacion-dirigidas-a-organizaciones-comunitarias-y-agentes-culturales\/#breadcrumb\"},\"inLanguage\":\"es\",\"potentialAction\":[{\"@type\":\"ReadAction\",\"target\":[\"https:\/\/iberculturaviva.org\/es\/programa-puntos-de-cultura-de-chile-anuncia-tres-nuevas-sesiones-de-capacitacion-dirigidas-a-organizaciones-comunitarias-y-agentes-culturales\/\"]}]},{\"@type\":\"ImageObject\",\"inLanguage\":\"es\",\"@id\":\"https:\/\/iberculturaviva.org\/es\/programa-puntos-de-cultura-de-chile-anuncia-tres-nuevas-sesiones-de-capacitacion-dirigidas-a-organizaciones-comunitarias-y-agentes-culturales\/#primaryimage\",\"url\":\"https:\/\/iberculturaviva.org\/wp-content\/uploads\/2024\/12\/foto-webinar-1536x800-1-640x326-1.jpg\",\"contentUrl\":\"https:\/\/iberculturaviva.org\/wp-content\/uploads\/2024\/12\/foto-webinar-1536x800-1-640x326-1.jpg\",\"width\":640,\"height\":326},{\"@type\":\"BreadcrumbList\",\"@id\":\"https:\/\/iberculturaviva.org\/es\/programa-puntos-de-cultura-de-chile-anuncia-tres-nuevas-sesiones-de-capacitacion-dirigidas-a-organizaciones-comunitarias-y-agentes-culturales\/#breadcrumb\",\"itemListElement\":[{\"@type\":\"ListItem\",\"position\":1,\"name\":\"In\u00edcio\",\"item\":\"https:\/\/iberculturaviva.org\/es\/inicio\/\"},{\"@type\":\"ListItem\",\"position\":2,\"name\":\"Programa Puntos de Cultura de Chile anuncia tres nuevas sesiones de capacitaci\u00f3n dirigidas a organizaciones comunitarias y agentes culturales\"}]},{\"@type\":\"WebSite\",\"@id\":\"https:\/\/iberculturaviva.org\/es\/?lang=es\/#website\",\"url\":\"https:\/\/iberculturaviva.org\/es\/?lang=es\/\",\"name\":\"IberCultura Viva\",\"description\":\"Programa de cooperaci\u00f3n cultural\",\"publisher\":{\"@id\":\"https:\/\/iberculturaviva.org\/es\/?lang=es\/#organization\"},\"potentialAction\":[{\"@type\":\"SearchAction\",\"target\":{\"@type\":\"EntryPoint\",\"urlTemplate\":\"https:\/\/iberculturaviva.org\/es\/?lang=es\/?s={search_term_string}\"},\"query-input\":{\"@type\":\"PropertyValueSpecification\",\"valueRequired\":true,\"valueName\":\"search_term_string\"}}],\"inLanguage\":\"es\"},{\"@type\":\"Organization\",\"@id\":\"https:\/\/iberculturaviva.org\/es\/?lang=es\/#organization\",\"name\":\"Iberculturaviva\",\"url\":\"https:\/\/iberculturaviva.org\/es\/?lang=es\/\",\"logo\":{\"@type\":\"ImageObject\",\"inLanguage\":\"es\",\"@id\":\"https:\/\/iberculturaviva.org\/es\/?lang=es\/#\/schema\/logo\/image\/\",\"url\":\"https:\/\/iberculturaviva.org\/wp-content\/uploads\/2021\/08\/logo_ibercultura_viva.jpg\",\"contentUrl\":\"https:\/\/iberculturaviva.org\/wp-content\/uploads\/2021\/08\/logo_ibercultura_viva.jpg\",\"width\":708,\"height\":223,\"caption\":\"Iberculturaviva\"},\"image\":{\"@id\":\"https:\/\/iberculturaviva.org\/es\/?lang=es\/#\/schema\/logo\/image\/\"},\"sameAs\":[\"https:\/\/www.facebook.com\/iberculturaviva\/\",\"https:\/\/www.instagram.com\/iberculturaviva\/\",\"https:\/\/www.youtube.com\/iberculturaviva\"]},{\"@type\":\"Person\",\"@id\":\"https:\/\/iberculturaviva.org\/es\/?lang=es\/#\/schema\/person\/5d1313b072cc25536e0431522f740b59\",\"name\":\"IberCultura\",\"image\":{\"@type\":\"ImageObject\",\"inLanguage\":\"es\",\"@id\":\"https:\/\/iberculturaviva.org\/es\/?lang=es\/#\/schema\/person\/image\/\",\"url\":\"https:\/\/secure.gravatar.com\/avatar\/79f1a057cb125cbefb3765d0356d52fc7f3bba3a35e2cf22bc4de090bb7aef70?s=96&d=mm&r=g\",\"contentUrl\":\"https:\/\/secure.gravatar.com\/avatar\/79f1a057cb125cbefb3765d0356d52fc7f3bba3a35e2cf22bc4de090bb7aef70?s=96&d=mm&r=g\",\"caption\":\"IberCultura\"}}]}<\/script>\n<!-- \/ Yoast SEO plugin. -->","yoast_head_json":{"title":"Programa Puntos de Cultura de Chile anuncia tres nuevas sesiones de capacitaci\u00f3n dirigidas a organizaciones comunitarias y agentes culturales - IberCultura Viva","description":"Programa Puntos de Cultura de Chile anuncia tres nuevas sesiones de capacitaci\u00f3n dirigidas a organizaciones comunitarias y agentes culturales - IberCultura Viva","robots":{"index":"index","follow":"follow","max-snippet":"max-snippet:-1","max-image-preview":"max-image-preview:large","max-video-preview":"max-video-preview:-1"},"canonical":"https:\/\/iberculturaviva.org\/es\/programa-puntos-de-cultura-de-chile-anuncia-tres-nuevas-sesiones-de-capacitacion-dirigidas-a-organizaciones-comunitarias-y-agentes-culturales\/","og_locale":"es_ES","og_type":"article","og_title":"Programa Puntos de Cultura de Chile anuncia tres nuevas sesiones de capacitaci\u00f3n dirigidas a organizaciones comunitarias y agentes culturales - IberCultura Viva","og_description":"Programa Puntos de Cultura de Chile anuncia tres nuevas sesiones de capacitaci\u00f3n dirigidas a organizaciones comunitarias y agentes culturales - IberCultura Viva","og_url":"https:\/\/iberculturaviva.org\/es\/programa-puntos-de-cultura-de-chile-anuncia-tres-nuevas-sesiones-de-capacitacion-dirigidas-a-organizaciones-comunitarias-y-agentes-culturales\/","og_site_name":"IberCultura Viva","article_publisher":"https:\/\/www.facebook.com\/iberculturaviva\/","article_published_time":"2024-10-31T18:39:00+00:00","article_modified_time":"2024-12-10T15:29:45+00:00","og_image":[{"width":640,"height":326,"url":"https:\/\/iberculturaviva.org\/wp-content\/uploads\/2024\/12\/foto-webinar-1536x800-1-640x326-1.jpg","type":"image\/jpeg"}],"author":"IberCultura","twitter_card":"summary_large_image","twitter_misc":{"Escrito por":"IberCultura","Tiempo de lectura":"3 minutos"},"schema":{"@context":"https:\/\/schema.org","@graph":[{"@type":"Article","@id":"https:\/\/iberculturaviva.org\/es\/programa-puntos-de-cultura-de-chile-anuncia-tres-nuevas-sesiones-de-capacitacion-dirigidas-a-organizaciones-comunitarias-y-agentes-culturales\/#article","isPartOf":{"@id":"https:\/\/iberculturaviva.org\/es\/programa-puntos-de-cultura-de-chile-anuncia-tres-nuevas-sesiones-de-capacitacion-dirigidas-a-organizaciones-comunitarias-y-agentes-culturales\/"},"author":{"name":"IberCultura","@id":"https:\/\/iberculturaviva.org\/es\/?lang=es\/#\/schema\/person\/5d1313b072cc25536e0431522f740b59"},"headline":"Programa Puntos de Cultura de Chile anuncia tres nuevas sesiones de capacitaci\u00f3n dirigidas a organizaciones comunitarias y agentes culturales","datePublished":"2024-10-31T18:39:00+00:00","dateModified":"2024-12-10T15:29:45+00:00","mainEntityOfPage":{"@id":"https:\/\/iberculturaviva.org\/es\/programa-puntos-de-cultura-de-chile-anuncia-tres-nuevas-sesiones-de-capacitacion-dirigidas-a-organizaciones-comunitarias-y-agentes-culturales\/"},"wordCount":543,"publisher":{"@id":"https:\/\/iberculturaviva.org\/es\/?lang=es\/#organization"},"image":{"@id":"https:\/\/iberculturaviva.org\/es\/programa-puntos-de-cultura-de-chile-anuncia-tres-nuevas-sesiones-de-capacitacion-dirigidas-a-organizaciones-comunitarias-y-agentes-culturales\/#primaryimage"},"thumbnailUrl":"https:\/\/iberculturaviva.org\/wp-content\/uploads\/2024\/12\/foto-webinar-1536x800-1-640x326-1.jpg","keywords":["capacita\u00e7\u00e3o","capacitaci\u00f3n","Chile","gobiernos locales","Puntos de Cultura Comunitaria","Red de Ciudades","Rede de Cidades"],"articleSection":["Pa\u00edses miembros","Sin categorizar"],"inLanguage":"es"},{"@type":"WebPage","@id":"https:\/\/iberculturaviva.org\/es\/programa-puntos-de-cultura-de-chile-anuncia-tres-nuevas-sesiones-de-capacitacion-dirigidas-a-organizaciones-comunitarias-y-agentes-culturales\/","url":"https:\/\/iberculturaviva.org\/es\/programa-puntos-de-cultura-de-chile-anuncia-tres-nuevas-sesiones-de-capacitacion-dirigidas-a-organizaciones-comunitarias-y-agentes-culturales\/","name":"Programa Puntos de Cultura de Chile anuncia tres nuevas sesiones de capacitaci\u00f3n dirigidas a organizaciones comunitarias y agentes culturales - IberCultura Viva","isPartOf":{"@id":"https:\/\/iberculturaviva.org\/es\/?lang=es\/#website"},"primaryImageOfPage":{"@id":"https:\/\/iberculturaviva.org\/es\/programa-puntos-de-cultura-de-chile-anuncia-tres-nuevas-sesiones-de-capacitacion-dirigidas-a-organizaciones-comunitarias-y-agentes-culturales\/#primaryimage"},"image":{"@id":"https:\/\/iberculturaviva.org\/es\/programa-puntos-de-cultura-de-chile-anuncia-tres-nuevas-sesiones-de-capacitacion-dirigidas-a-organizaciones-comunitarias-y-agentes-culturales\/#primaryimage"},"thumbnailUrl":"https:\/\/iberculturaviva.org\/wp-content\/uploads\/2024\/12\/foto-webinar-1536x800-1-640x326-1.jpg","datePublished":"2024-10-31T18:39:00+00:00","dateModified":"2024-12-10T15:29:45+00:00","description":"Programa Puntos de Cultura de Chile anuncia tres nuevas sesiones de capacitaci\u00f3n dirigidas a organizaciones comunitarias y agentes culturales - IberCultura Viva","breadcrumb":{"@id":"https:\/\/iberculturaviva.org\/es\/programa-puntos-de-cultura-de-chile-anuncia-tres-nuevas-sesiones-de-capacitacion-dirigidas-a-organizaciones-comunitarias-y-agentes-culturales\/#breadcrumb"},"inLanguage":"es","potentialAction":[{"@type":"ReadAction","target":["https:\/\/iberculturaviva.org\/es\/programa-puntos-de-cultura-de-chile-anuncia-tres-nuevas-sesiones-de-capacitacion-dirigidas-a-organizaciones-comunitarias-y-agentes-culturales\/"]}]},{"@type":"ImageObject","inLanguage":"es","@id":"https:\/\/iberculturaviva.org\/es\/programa-puntos-de-cultura-de-chile-anuncia-tres-nuevas-sesiones-de-capacitacion-dirigidas-a-organizaciones-comunitarias-y-agentes-culturales\/#primaryimage","url":"https:\/\/iberculturaviva.org\/wp-content\/uploads\/2024\/12\/foto-webinar-1536x800-1-640x326-1.jpg","contentUrl":"https:\/\/iberculturaviva.org\/wp-content\/uploads\/2024\/12\/foto-webinar-1536x800-1-640x326-1.jpg","width":640,"height":326},{"@type":"BreadcrumbList","@id":"https:\/\/iberculturaviva.org\/es\/programa-puntos-de-cultura-de-chile-anuncia-tres-nuevas-sesiones-de-capacitacion-dirigidas-a-organizaciones-comunitarias-y-agentes-culturales\/#breadcrumb","itemListElement":[{"@type":"ListItem","position":1,"name":"In\u00edcio","item":"https:\/\/iberculturaviva.org\/es\/inicio\/"},{"@type":"ListItem","position":2,"name":"Programa Puntos de Cultura de Chile anuncia tres nuevas sesiones de capacitaci\u00f3n dirigidas a organizaciones comunitarias y agentes culturales"}]},{"@type":"WebSite","@id":"https:\/\/iberculturaviva.org\/es\/?lang=es\/#website","url":"https:\/\/iberculturaviva.org\/es\/?lang=es\/","name":"IberCultura Viva","description":"Programa de cooperaci\u00f3n cultural","publisher":{"@id":"https:\/\/iberculturaviva.org\/es\/?lang=es\/#organization"},"potentialAction":[{"@type":"SearchAction","target":{"@type":"EntryPoint","urlTemplate":"https:\/\/iberculturaviva.org\/es\/?lang=es\/?s={search_term_string}"},"query-input":{"@type":"PropertyValueSpecification","valueRequired":true,"valueName":"search_term_string"}}],"inLanguage":"es"},{"@type":"Organization","@id":"https:\/\/iberculturaviva.org\/es\/?lang=es\/#organization","name":"Iberculturaviva","url":"https:\/\/iberculturaviva.org\/es\/?lang=es\/","logo":{"@type":"ImageObject","inLanguage":"es","@id":"https:\/\/iberculturaviva.org\/es\/?lang=es\/#\/schema\/logo\/image\/","url":"https:\/\/iberculturaviva.org\/wp-content\/uploads\/2021\/08\/logo_ibercultura_viva.jpg","contentUrl":"https:\/\/iberculturaviva.org\/wp-content\/uploads\/2021\/08\/logo_ibercultura_viva.jpg","width":708,"height":223,"caption":"Iberculturaviva"},"image":{"@id":"https:\/\/iberculturaviva.org\/es\/?lang=es\/#\/schema\/logo\/image\/"},"sameAs":["https:\/\/www.facebook.com\/iberculturaviva\/","https:\/\/www.instagram.com\/iberculturaviva\/","https:\/\/www.youtube.com\/iberculturaviva"]},{"@type":"Person","@id":"https:\/\/iberculturaviva.org\/es\/?lang=es\/#\/schema\/person\/5d1313b072cc25536e0431522f740b59","name":"IberCultura","image":{"@type":"ImageObject","inLanguage":"es","@id":"https:\/\/iberculturaviva.org\/es\/?lang=es\/#\/schema\/person\/image\/","url":"https:\/\/secure.gravatar.com\/avatar\/79f1a057cb125cbefb3765d0356d52fc7f3bba3a35e2cf22bc4de090bb7aef70?s=96&d=mm&r=g","contentUrl":"https:\/\/secure.gravatar.com\/avatar\/79f1a057cb125cbefb3765d0356d52fc7f3bba3a35e2cf22bc4de090bb7aef70?s=96&d=mm&r=g","caption":"IberCultura"}}]}},"main_category":{"link":"https:\/\/iberculturaviva.org\/es\/category\/paises-miembros\/","name":"Pa\u00edses miembros","slug":"paises-miembros"},"_links":{"self":[{"href":"https:\/\/iberculturaviva.org\/es\/wp-json\/wp\/v2\/posts\/39611","targetHints":{"allow":["GET"]}}],"collection":[{"href":"https:\/\/iberculturaviva.org\/es\/wp-json\/wp\/v2\/posts"}],"about":[{"href":"https:\/\/iberculturaviva.org\/es\/wp-json\/wp\/v2\/types\/post"}],"author":[{"embeddable":true,"href":"https:\/\/iberculturaviva.org\/es\/wp-json\/wp\/v2\/users\/2"}],"replies":[{"embeddable":true,"href":"https:\/\/iberculturaviva.org\/es\/wp-json\/wp\/v2\/comments?post=39611"}],"version-history":[{"count":2,"href":"https:\/\/iberculturaviva.org\/es\/wp-json\/wp\/v2\/posts\/39611\/revisions"}],"predecessor-version":[{"id":39614,"href":"https:\/\/iberculturaviva.org\/es\/wp-json\/wp\/v2\/posts\/39611\/revisions\/39614"}],"wp:featuredmedia":[{"embeddable":true,"href":"https:\/\/iberculturaviva.org\/es\/wp-json\/wp\/v2\/media\/39608"}],"wp:attachment":[{"href":"https:\/\/iberculturaviva.org\/es\/wp-json\/wp\/v2\/media?parent=39611"}],"wp:term":[{"taxonomy":"category","embeddable":true,"href":"https:\/\/iberculturaviva.org\/es\/wp-json\/wp\/v2\/categories?post=39611"},{"taxonomy":"post_tag","embeddable":true,"href":"https:\/\/iberculturaviva.org\/es\/wp-json\/wp\/v2\/tags?post=39611"},{"taxonomy":"country-municipality","embeddable":true,"href":"https:\/\/iberculturaviva.org\/es\/wp-json\/wp\/v2\/country-municipality?post=39611"}],"curies":[{"name":"wp","href":"https:\/\/api.w.org\/{rel}","templated":true}]}}