{"id":35483,"date":"2024-10-23T11:34:36","date_gmt":"2024-10-23T14:34:36","guid":{"rendered":"https:\/\/iberculturaviva.org\/?p=35483"},"modified":"2024-12-27T10:16:47","modified_gmt":"2024-12-27T13:16:47","slug":"21-propuestas-estan-habilitadas-en-la-sexta-edicion-del-concurso-sabores-comunitarios-migrantes","status":"publish","type":"post","link":"https:\/\/iberculturaviva.org\/es\/21-propuestas-estan-habilitadas-en-la-sexta-edicion-del-concurso-sabores-comunitarios-migrantes\/","title":{"rendered":"21 propuestas est\u00e1n habilitadas en la sexta edici\u00f3n del concurso Sabores Migrantes Comunitarios"},"content":{"rendered":"<p style=\"text-align: justify;\"><span style=\"font-weight: 400;\">Veintitr\u00e9s personas enviaron sus inscripciones para la sexta edici\u00f3n del concurso Sabores Migrantes Comunitarios, iniciativa conjunta de los programas IberCultura Viva, Iber-Rutas e Ibercocinas que premia historias de recetas y pr\u00e1cticas culinarias de comunidades migrantes de Iberoam\u00e9rica. De las 23 inscripciones recibidas hasta el viernes 18 de octubre, 21 fueron consideradas habilitadas y pasar\u00e1n a la segunda etapa del proceso de selecci\u00f3n, cuando se evaluar\u00e1n las recetas e historias enviadas.<\/span><\/p>\n<p style=\"text-align: justify;\"><span style=\"font-weight: 400;\">Las dos personas con candidaturas no habilitadas cuentan con tres d\u00edas h\u00e1biles (hasta el viernes 25 de octubre) para interponer recursos y enviar al correo electr\u00f3nico <a href=\"mailto:programa@iberculturaviva.org\" target=\"_blank\" rel=\"noopener noreferrer\">programa@iberculturaviva.org<\/a> el enlace de sus videos en el formato que se requiere.&nbsp;<\/span><\/p>\n<p style=\"text-align: justify;\"><span style=\"font-weight: 400;\">Las personas que tuvieron sus postulaciones habilitadas nacieron en los siguientes pa\u00edses: Bolivia (2), Colombia (7), Ecuador (1), El Salvador (1), M\u00e9xico (2), Per\u00fa (2) y Venezuela (6). Los pa\u00edses de residencia que constan en la lista de postulantes habilitados son: Argentina (4), Brasil (8), Colombia (3), Costa Rica (2) y Espa\u00f1a (4). La lista definitiva de propuestas habilitadas ser\u00e1 publicada la pr\u00f3xima semana, tras el plazo de recepci\u00f3n y an\u00e1lisis de los recursos.<\/span><\/p>\n<p style=\"text-align: justify;\">.<\/p>\n<h4 style=\"text-align: justify;\"><b>La convocatoria<\/b><\/h4>\n<p style=\"text-align: justify;\"><span style=\"font-weight: 400;\">El valor total destinado al concurso Sabores Migrantes Comunitarios 2024 es de 8 mil d\u00f3lares para un m\u00e1ximo de 13 propuestas. Las iniciativas seleccionadas recibir\u00e1n un reconocimiento como \u2018Buena pr\u00e1ctica de cocina migrante comunitaria iberoamericana\u2019 y una dotaci\u00f3n de 600 d\u00f3lares.<\/span><\/p>\n<p style=\"text-align: justify;\"><span style=\"font-weight: 400;\">Las inscripciones para esta edici\u00f3n del concurso estuvieron abiertas en la plataforma Mapa IberCultura Viva entre el 13 de septiembre y el 18 de octubre. Para participar era necesario ser mayor de 18 a\u00f1os, tener origen iberoamericano y vivir en alg\u00fan pa\u00eds diferente al&nbsp; pa\u00eds de origen, o ser descendiente de personas migrantes hasta segundo grado de parentesco (padre\/madre, abuelo\/abuela).<\/span><\/p>\n<p style=\"text-align: justify;\"><span style=\"font-weight: 400;\">Las personas interesadas ten\u00edan que enviar una receta de su comunidad de procedencia, la historia que est\u00e1 detr\u00e1s de ella, y la forma en que esa pr\u00e1ctica culinaria se inserta en la comunidad de acogida. Este a\u00f1o, las recetas deb\u00edan ser enviadas obligatoriamente en un video de hasta 2 minutos de duraci\u00f3n.<\/span><\/p>\n<p style=\"text-align: justify;\"><span style=\"font-weight: 400;\">.<\/span><\/p>\n<h4 style=\"text-align: justify;\"><b>Etapa de evaluaci\u00f3n<\/b><\/h4>\n<p style=\"text-align: justify;\"><span style=\"font-weight: 400;\">La selecci\u00f3n seguir\u00e1 los criterios establecidos en el reglamento. Entre ellos se encuentran la representatividad de la preparaci\u00f3n para la comunidad de origen; la experiencia de inserci\u00f3n en la comunidad receptora; la generaci\u00f3n de conocimientos y pr\u00e1cticas tradicionales y creativas impulsadas por cocineras y cocineros migrantes; el impacto directo en la seguridad alimentaria, y las estrategias para divulgar los conocimientos culinarios y\/o la construcci\u00f3n de un legado culinario a nuevas generaciones con conciencia de su cultura diversa.&nbsp;<\/span><\/p>\n<p style=\"text-align: justify;\"><span style=\"font-weight: 400;\">Adem\u00e1s, se privilegiar\u00e1 la diversidad cultural de las propuestas, a trav\u00e9s de la selecci\u00f3n de proyectos provenientes de diferentes pa\u00edses. Las presentaciones realizadas por mujeres, j\u00f3venes de entre 18 y 35 a\u00f1os, as\u00ed como por personas ind\u00edgenas, afrodescendientes y\/o campesinas, ser\u00e1n consideradas con mayor puntuaci\u00f3n. As\u00ed como aquellas realizadas por personas que pertenezcan a comunidades que se encuentran en movimiento, o que est\u00e9n transitando el proceso de migraci\u00f3n en un refugio.<\/span><\/p>\n<p style=\"text-align: justify;\"><span style=\"font-weight: 400;\">Todas las personas que tengan sus pr\u00e1cticas culinarias seleccionadas deber\u00e1n prepararlas en su comunidad y remitir un testimonio a los programas organizadores, dentro de los 30 d\u00edas posteriores a la recepci\u00f3n del est\u00edmulo econ\u00f3mico.<\/span><\/p>\n<p>.<\/p>\n<h4><strong><a href=\"https:\/\/iberculturaviva.org\/wp-content\/uploads\/2024\/10\/I-INFORMACI\u00d3N-HABILITADAS-Sabores-Migrantes-2024.pdf\" target=\"_blank\" rel=\"noopener noreferrer\">Revisa la lista de candidaturas habilitadas y no habilitadas<\/a><\/strong><\/h4>\n<p><span style=\"font-weight: 400;\">.<\/span><\/p>\n","protected":false},"excerpt":{"rendered":"<p>Veintitr\u00e9s personas enviaron sus inscripciones para la sexta edici\u00f3n del concurso Sabores Migrantes Comunitarios, iniciativa conjunta de los programas IberCultura Viva, Iber-Rutas e Ibercocinas que premia historias de recetas y [&hellip;]<\/p>\n","protected":false},"author":2,"featured_media":35333,"comment_status":"closed","ping_status":"closed","sticky":false,"template":"","format":"standard","meta":{"_coblocks_attr":"","_coblocks_dimensions":"","_coblocks_responsive_height":"","_coblocks_accordion_ie_support":"","_EventAllDay":false,"_EventTimezone":"","_EventStartDate":"","_EventEndDate":"","_EventStartDateUTC":"","_EventEndDateUTC":"","_EventShowMap":false,"_EventShowMapLink":false,"_EventURL":"","_EventCost":"","_EventCostDescription":"","_EventCurrencySymbol":"","_EventCurrencyCode":"","_EventCurrencyPosition":"","_EventDateTimeSeparator":"","_EventTimeRangeSeparator":"","_EventOrganizerID":[],"_EventVenueID":[],"_OrganizerEmail":"","_OrganizerPhone":"","_OrganizerWebsite":"","_VenueAddress":"","_VenueCity":"","_VenueCountry":"","_VenueProvince":"","_VenueState":"","_VenueZip":"","_VenuePhone":"","_VenueURL":"","_VenueStateProvince":"","_VenueLat":"","_VenueLng":"","_VenueShowMap":false,"_VenueShowMapLink":false,"footnotes":""},"categories":[250,13,262],"tags":[244,344],"country-municipality":[657],"class_list":["post-35483","post","type-post","status-publish","format-standard","has-post-thumbnail","hentry","category-convocatorias","category-destaque","category-noticias-es","tag-sabores-migrantes","tag-sabores-migrantes-2","country-municipality-almirante-brown"],"yoast_head":"<!-- This site is optimized with the Yoast SEO plugin v25.7 - https:\/\/yoast.com\/wordpress\/plugins\/seo\/ -->\n<title>21 propuestas est\u00e1n habilitadas en la sexta edici\u00f3n del concurso Sabores Migrantes Comunitarios - IberCultura Viva<\/title>\n<meta name=\"description\" content=\"21 propuestas est\u00e1n habilitadas en la sexta edici\u00f3n del concurso Sabores Migrantes Comunitarios - IberCultura Viva\" \/>\n<meta name=\"robots\" content=\"index, follow, max-snippet:-1, max-image-preview:large, max-video-preview:-1\" \/>\n<link rel=\"canonical\" href=\"https:\/\/iberculturaviva.org\/es\/21-propuestas-estan-habilitadas-en-la-sexta-edicion-del-concurso-sabores-comunitarios-migrantes\/\" \/>\n<meta property=\"og:locale\" content=\"es_ES\" \/>\n<meta property=\"og:type\" content=\"article\" \/>\n<meta property=\"og:title\" content=\"21 propuestas est\u00e1n habilitadas en la sexta edici\u00f3n del concurso Sabores Migrantes Comunitarios - IberCultura Viva\" \/>\n<meta property=\"og:description\" content=\"21 propuestas est\u00e1n habilitadas en la sexta edici\u00f3n del concurso Sabores Migrantes Comunitarios - IberCultura Viva\" \/>\n<meta property=\"og:url\" content=\"https:\/\/iberculturaviva.org\/es\/21-propuestas-estan-habilitadas-en-la-sexta-edicion-del-concurso-sabores-comunitarios-migrantes\/\" \/>\n<meta property=\"og:site_name\" content=\"IberCultura Viva\" \/>\n<meta property=\"article:publisher\" content=\"https:\/\/www.facebook.com\/iberculturaviva\/\" \/>\n<meta property=\"article:published_time\" content=\"2024-10-23T14:34:36+00:00\" \/>\n<meta property=\"article:modified_time\" content=\"2024-12-27T13:16:47+00:00\" \/>\n<meta property=\"og:image\" content=\"https:\/\/iberculturaviva.org\/wp-content\/uploads\/2024\/09\/WhatsApp-Image-2024-06-11-at-07.59.51-e1727399810994.jpeg\" \/>\n\t<meta property=\"og:image:width\" content=\"1157\" \/>\n\t<meta property=\"og:image:height\" content=\"711\" \/>\n\t<meta property=\"og:image:type\" content=\"image\/jpeg\" \/>\n<meta name=\"author\" content=\"IberCultura\" \/>\n<meta name=\"twitter:card\" content=\"summary_large_image\" \/>\n<meta name=\"twitter:label1\" content=\"Escrito por\" \/>\n\t<meta name=\"twitter:data1\" content=\"IberCultura\" \/>\n\t<meta name=\"twitter:label2\" content=\"Tiempo de lectura\" \/>\n\t<meta name=\"twitter:data2\" content=\"4 minutos\" \/>\n<script type=\"application\/ld+json\" class=\"yoast-schema-graph\">{\"@context\":\"https:\/\/schema.org\",\"@graph\":[{\"@type\":\"Article\",\"@id\":\"https:\/\/iberculturaviva.org\/es\/21-propuestas-estan-habilitadas-en-la-sexta-edicion-del-concurso-sabores-comunitarios-migrantes\/#article\",\"isPartOf\":{\"@id\":\"https:\/\/iberculturaviva.org\/es\/21-propuestas-estan-habilitadas-en-la-sexta-edicion-del-concurso-sabores-comunitarios-migrantes\/\"},\"author\":{\"name\":\"IberCultura\",\"@id\":\"https:\/\/iberculturaviva.org\/es\/?lang=es\/#\/schema\/person\/5d1313b072cc25536e0431522f740b59\"},\"headline\":\"21 propuestas est\u00e1n habilitadas en la sexta edici\u00f3n del concurso Sabores Migrantes Comunitarios\",\"datePublished\":\"2024-10-23T14:34:36+00:00\",\"dateModified\":\"2024-12-27T13:16:47+00:00\",\"mainEntityOfPage\":{\"@id\":\"https:\/\/iberculturaviva.org\/es\/21-propuestas-estan-habilitadas-en-la-sexta-edicion-del-concurso-sabores-comunitarios-migrantes\/\"},\"wordCount\":585,\"publisher\":{\"@id\":\"https:\/\/iberculturaviva.org\/es\/?lang=es\/#organization\"},\"image\":{\"@id\":\"https:\/\/iberculturaviva.org\/es\/21-propuestas-estan-habilitadas-en-la-sexta-edicion-del-concurso-sabores-comunitarios-migrantes\/#primaryimage\"},\"thumbnailUrl\":\"https:\/\/iberculturaviva.org\/wp-content\/uploads\/2024\/09\/WhatsApp-Image-2024-06-11-at-07.59.51-e1727399810994.jpeg\",\"keywords\":[\"Sabores migrantes\",\"sabores migrantes\"],\"articleSection\":[\"Convocatorias\",\"Destaque\",\"Noticias\"],\"inLanguage\":\"es\"},{\"@type\":\"WebPage\",\"@id\":\"https:\/\/iberculturaviva.org\/es\/21-propuestas-estan-habilitadas-en-la-sexta-edicion-del-concurso-sabores-comunitarios-migrantes\/\",\"url\":\"https:\/\/iberculturaviva.org\/es\/21-propuestas-estan-habilitadas-en-la-sexta-edicion-del-concurso-sabores-comunitarios-migrantes\/\",\"name\":\"21 propuestas est\u00e1n habilitadas en la sexta edici\u00f3n del concurso Sabores Migrantes Comunitarios - IberCultura Viva\",\"isPartOf\":{\"@id\":\"https:\/\/iberculturaviva.org\/es\/?lang=es\/#website\"},\"primaryImageOfPage\":{\"@id\":\"https:\/\/iberculturaviva.org\/es\/21-propuestas-estan-habilitadas-en-la-sexta-edicion-del-concurso-sabores-comunitarios-migrantes\/#primaryimage\"},\"image\":{\"@id\":\"https:\/\/iberculturaviva.org\/es\/21-propuestas-estan-habilitadas-en-la-sexta-edicion-del-concurso-sabores-comunitarios-migrantes\/#primaryimage\"},\"thumbnailUrl\":\"https:\/\/iberculturaviva.org\/wp-content\/uploads\/2024\/09\/WhatsApp-Image-2024-06-11-at-07.59.51-e1727399810994.jpeg\",\"datePublished\":\"2024-10-23T14:34:36+00:00\",\"dateModified\":\"2024-12-27T13:16:47+00:00\",\"description\":\"21 propuestas est\u00e1n habilitadas en la sexta edici\u00f3n del concurso Sabores Migrantes Comunitarios - IberCultura Viva\",\"breadcrumb\":{\"@id\":\"https:\/\/iberculturaviva.org\/es\/21-propuestas-estan-habilitadas-en-la-sexta-edicion-del-concurso-sabores-comunitarios-migrantes\/#breadcrumb\"},\"inLanguage\":\"es\",\"potentialAction\":[{\"@type\":\"ReadAction\",\"target\":[\"https:\/\/iberculturaviva.org\/es\/21-propuestas-estan-habilitadas-en-la-sexta-edicion-del-concurso-sabores-comunitarios-migrantes\/\"]}]},{\"@type\":\"ImageObject\",\"inLanguage\":\"es\",\"@id\":\"https:\/\/iberculturaviva.org\/es\/21-propuestas-estan-habilitadas-en-la-sexta-edicion-del-concurso-sabores-comunitarios-migrantes\/#primaryimage\",\"url\":\"https:\/\/iberculturaviva.org\/wp-content\/uploads\/2024\/09\/WhatsApp-Image-2024-06-11-at-07.59.51-e1727399810994.jpeg\",\"contentUrl\":\"https:\/\/iberculturaviva.org\/wp-content\/uploads\/2024\/09\/WhatsApp-Image-2024-06-11-at-07.59.51-e1727399810994.jpeg\",\"width\":1157,\"height\":711},{\"@type\":\"BreadcrumbList\",\"@id\":\"https:\/\/iberculturaviva.org\/es\/21-propuestas-estan-habilitadas-en-la-sexta-edicion-del-concurso-sabores-comunitarios-migrantes\/#breadcrumb\",\"itemListElement\":[{\"@type\":\"ListItem\",\"position\":1,\"name\":\"In\u00edcio\",\"item\":\"https:\/\/iberculturaviva.org\/es\/inicio\/\"},{\"@type\":\"ListItem\",\"position\":2,\"name\":\"21 propuestas est\u00e1n habilitadas en la sexta edici\u00f3n del concurso Sabores Migrantes Comunitarios\"}]},{\"@type\":\"WebSite\",\"@id\":\"https:\/\/iberculturaviva.org\/es\/?lang=es\/#website\",\"url\":\"https:\/\/iberculturaviva.org\/es\/?lang=es\/\",\"name\":\"IberCultura Viva\",\"description\":\"Programa de cooperaci\u00f3n cultural\",\"publisher\":{\"@id\":\"https:\/\/iberculturaviva.org\/es\/?lang=es\/#organization\"},\"potentialAction\":[{\"@type\":\"SearchAction\",\"target\":{\"@type\":\"EntryPoint\",\"urlTemplate\":\"https:\/\/iberculturaviva.org\/es\/?lang=es\/?s={search_term_string}\"},\"query-input\":{\"@type\":\"PropertyValueSpecification\",\"valueRequired\":true,\"valueName\":\"search_term_string\"}}],\"inLanguage\":\"es\"},{\"@type\":\"Organization\",\"@id\":\"https:\/\/iberculturaviva.org\/es\/?lang=es\/#organization\",\"name\":\"Iberculturaviva\",\"url\":\"https:\/\/iberculturaviva.org\/es\/?lang=es\/\",\"logo\":{\"@type\":\"ImageObject\",\"inLanguage\":\"es\",\"@id\":\"https:\/\/iberculturaviva.org\/es\/?lang=es\/#\/schema\/logo\/image\/\",\"url\":\"https:\/\/iberculturaviva.org\/wp-content\/uploads\/2021\/08\/logo_ibercultura_viva.jpg\",\"contentUrl\":\"https:\/\/iberculturaviva.org\/wp-content\/uploads\/2021\/08\/logo_ibercultura_viva.jpg\",\"width\":708,\"height\":223,\"caption\":\"Iberculturaviva\"},\"image\":{\"@id\":\"https:\/\/iberculturaviva.org\/es\/?lang=es\/#\/schema\/logo\/image\/\"},\"sameAs\":[\"https:\/\/www.facebook.com\/iberculturaviva\/\",\"https:\/\/www.instagram.com\/iberculturaviva\/\",\"https:\/\/www.youtube.com\/iberculturaviva\"]},{\"@type\":\"Person\",\"@id\":\"https:\/\/iberculturaviva.org\/es\/?lang=es\/#\/schema\/person\/5d1313b072cc25536e0431522f740b59\",\"name\":\"IberCultura\",\"image\":{\"@type\":\"ImageObject\",\"inLanguage\":\"es\",\"@id\":\"https:\/\/iberculturaviva.org\/es\/?lang=es\/#\/schema\/person\/image\/\",\"url\":\"https:\/\/secure.gravatar.com\/avatar\/79f1a057cb125cbefb3765d0356d52fc7f3bba3a35e2cf22bc4de090bb7aef70?s=96&d=mm&r=g\",\"contentUrl\":\"https:\/\/secure.gravatar.com\/avatar\/79f1a057cb125cbefb3765d0356d52fc7f3bba3a35e2cf22bc4de090bb7aef70?s=96&d=mm&r=g\",\"caption\":\"IberCultura\"}}]}<\/script>\n<!-- \/ Yoast SEO plugin. -->","yoast_head_json":{"title":"21 propuestas est\u00e1n habilitadas en la sexta edici\u00f3n del concurso Sabores Migrantes Comunitarios - IberCultura Viva","description":"21 propuestas est\u00e1n habilitadas en la sexta edici\u00f3n del concurso Sabores Migrantes Comunitarios - IberCultura Viva","robots":{"index":"index","follow":"follow","max-snippet":"max-snippet:-1","max-image-preview":"max-image-preview:large","max-video-preview":"max-video-preview:-1"},"canonical":"https:\/\/iberculturaviva.org\/es\/21-propuestas-estan-habilitadas-en-la-sexta-edicion-del-concurso-sabores-comunitarios-migrantes\/","og_locale":"es_ES","og_type":"article","og_title":"21 propuestas est\u00e1n habilitadas en la sexta edici\u00f3n del concurso Sabores Migrantes Comunitarios - IberCultura Viva","og_description":"21 propuestas est\u00e1n habilitadas en la sexta edici\u00f3n del concurso Sabores Migrantes Comunitarios - IberCultura Viva","og_url":"https:\/\/iberculturaviva.org\/es\/21-propuestas-estan-habilitadas-en-la-sexta-edicion-del-concurso-sabores-comunitarios-migrantes\/","og_site_name":"IberCultura Viva","article_publisher":"https:\/\/www.facebook.com\/iberculturaviva\/","article_published_time":"2024-10-23T14:34:36+00:00","article_modified_time":"2024-12-27T13:16:47+00:00","og_image":[{"width":1157,"height":711,"url":"https:\/\/iberculturaviva.org\/wp-content\/uploads\/2024\/09\/WhatsApp-Image-2024-06-11-at-07.59.51-e1727399810994.jpeg","type":"image\/jpeg"}],"author":"IberCultura","twitter_card":"summary_large_image","twitter_misc":{"Escrito por":"IberCultura","Tiempo de lectura":"4 minutos"},"schema":{"@context":"https:\/\/schema.org","@graph":[{"@type":"Article","@id":"https:\/\/iberculturaviva.org\/es\/21-propuestas-estan-habilitadas-en-la-sexta-edicion-del-concurso-sabores-comunitarios-migrantes\/#article","isPartOf":{"@id":"https:\/\/iberculturaviva.org\/es\/21-propuestas-estan-habilitadas-en-la-sexta-edicion-del-concurso-sabores-comunitarios-migrantes\/"},"author":{"name":"IberCultura","@id":"https:\/\/iberculturaviva.org\/es\/?lang=es\/#\/schema\/person\/5d1313b072cc25536e0431522f740b59"},"headline":"21 propuestas est\u00e1n habilitadas en la sexta edici\u00f3n del concurso Sabores Migrantes Comunitarios","datePublished":"2024-10-23T14:34:36+00:00","dateModified":"2024-12-27T13:16:47+00:00","mainEntityOfPage":{"@id":"https:\/\/iberculturaviva.org\/es\/21-propuestas-estan-habilitadas-en-la-sexta-edicion-del-concurso-sabores-comunitarios-migrantes\/"},"wordCount":585,"publisher":{"@id":"https:\/\/iberculturaviva.org\/es\/?lang=es\/#organization"},"image":{"@id":"https:\/\/iberculturaviva.org\/es\/21-propuestas-estan-habilitadas-en-la-sexta-edicion-del-concurso-sabores-comunitarios-migrantes\/#primaryimage"},"thumbnailUrl":"https:\/\/iberculturaviva.org\/wp-content\/uploads\/2024\/09\/WhatsApp-Image-2024-06-11-at-07.59.51-e1727399810994.jpeg","keywords":["Sabores migrantes","sabores migrantes"],"articleSection":["Convocatorias","Destaque","Noticias"],"inLanguage":"es"},{"@type":"WebPage","@id":"https:\/\/iberculturaviva.org\/es\/21-propuestas-estan-habilitadas-en-la-sexta-edicion-del-concurso-sabores-comunitarios-migrantes\/","url":"https:\/\/iberculturaviva.org\/es\/21-propuestas-estan-habilitadas-en-la-sexta-edicion-del-concurso-sabores-comunitarios-migrantes\/","name":"21 propuestas est\u00e1n habilitadas en la sexta edici\u00f3n del concurso Sabores Migrantes Comunitarios - IberCultura Viva","isPartOf":{"@id":"https:\/\/iberculturaviva.org\/es\/?lang=es\/#website"},"primaryImageOfPage":{"@id":"https:\/\/iberculturaviva.org\/es\/21-propuestas-estan-habilitadas-en-la-sexta-edicion-del-concurso-sabores-comunitarios-migrantes\/#primaryimage"},"image":{"@id":"https:\/\/iberculturaviva.org\/es\/21-propuestas-estan-habilitadas-en-la-sexta-edicion-del-concurso-sabores-comunitarios-migrantes\/#primaryimage"},"thumbnailUrl":"https:\/\/iberculturaviva.org\/wp-content\/uploads\/2024\/09\/WhatsApp-Image-2024-06-11-at-07.59.51-e1727399810994.jpeg","datePublished":"2024-10-23T14:34:36+00:00","dateModified":"2024-12-27T13:16:47+00:00","description":"21 propuestas est\u00e1n habilitadas en la sexta edici\u00f3n del concurso Sabores Migrantes Comunitarios - IberCultura Viva","breadcrumb":{"@id":"https:\/\/iberculturaviva.org\/es\/21-propuestas-estan-habilitadas-en-la-sexta-edicion-del-concurso-sabores-comunitarios-migrantes\/#breadcrumb"},"inLanguage":"es","potentialAction":[{"@type":"ReadAction","target":["https:\/\/iberculturaviva.org\/es\/21-propuestas-estan-habilitadas-en-la-sexta-edicion-del-concurso-sabores-comunitarios-migrantes\/"]}]},{"@type":"ImageObject","inLanguage":"es","@id":"https:\/\/iberculturaviva.org\/es\/21-propuestas-estan-habilitadas-en-la-sexta-edicion-del-concurso-sabores-comunitarios-migrantes\/#primaryimage","url":"https:\/\/iberculturaviva.org\/wp-content\/uploads\/2024\/09\/WhatsApp-Image-2024-06-11-at-07.59.51-e1727399810994.jpeg","contentUrl":"https:\/\/iberculturaviva.org\/wp-content\/uploads\/2024\/09\/WhatsApp-Image-2024-06-11-at-07.59.51-e1727399810994.jpeg","width":1157,"height":711},{"@type":"BreadcrumbList","@id":"https:\/\/iberculturaviva.org\/es\/21-propuestas-estan-habilitadas-en-la-sexta-edicion-del-concurso-sabores-comunitarios-migrantes\/#breadcrumb","itemListElement":[{"@type":"ListItem","position":1,"name":"In\u00edcio","item":"https:\/\/iberculturaviva.org\/es\/inicio\/"},{"@type":"ListItem","position":2,"name":"21 propuestas est\u00e1n habilitadas en la sexta edici\u00f3n del concurso Sabores Migrantes Comunitarios"}]},{"@type":"WebSite","@id":"https:\/\/iberculturaviva.org\/es\/?lang=es\/#website","url":"https:\/\/iberculturaviva.org\/es\/?lang=es\/","name":"IberCultura Viva","description":"Programa de cooperaci\u00f3n cultural","publisher":{"@id":"https:\/\/iberculturaviva.org\/es\/?lang=es\/#organization"},"potentialAction":[{"@type":"SearchAction","target":{"@type":"EntryPoint","urlTemplate":"https:\/\/iberculturaviva.org\/es\/?lang=es\/?s={search_term_string}"},"query-input":{"@type":"PropertyValueSpecification","valueRequired":true,"valueName":"search_term_string"}}],"inLanguage":"es"},{"@type":"Organization","@id":"https:\/\/iberculturaviva.org\/es\/?lang=es\/#organization","name":"Iberculturaviva","url":"https:\/\/iberculturaviva.org\/es\/?lang=es\/","logo":{"@type":"ImageObject","inLanguage":"es","@id":"https:\/\/iberculturaviva.org\/es\/?lang=es\/#\/schema\/logo\/image\/","url":"https:\/\/iberculturaviva.org\/wp-content\/uploads\/2021\/08\/logo_ibercultura_viva.jpg","contentUrl":"https:\/\/iberculturaviva.org\/wp-content\/uploads\/2021\/08\/logo_ibercultura_viva.jpg","width":708,"height":223,"caption":"Iberculturaviva"},"image":{"@id":"https:\/\/iberculturaviva.org\/es\/?lang=es\/#\/schema\/logo\/image\/"},"sameAs":["https:\/\/www.facebook.com\/iberculturaviva\/","https:\/\/www.instagram.com\/iberculturaviva\/","https:\/\/www.youtube.com\/iberculturaviva"]},{"@type":"Person","@id":"https:\/\/iberculturaviva.org\/es\/?lang=es\/#\/schema\/person\/5d1313b072cc25536e0431522f740b59","name":"IberCultura","image":{"@type":"ImageObject","inLanguage":"es","@id":"https:\/\/iberculturaviva.org\/es\/?lang=es\/#\/schema\/person\/image\/","url":"https:\/\/secure.gravatar.com\/avatar\/79f1a057cb125cbefb3765d0356d52fc7f3bba3a35e2cf22bc4de090bb7aef70?s=96&d=mm&r=g","contentUrl":"https:\/\/secure.gravatar.com\/avatar\/79f1a057cb125cbefb3765d0356d52fc7f3bba3a35e2cf22bc4de090bb7aef70?s=96&d=mm&r=g","caption":"IberCultura"}}]}},"main_category":{"link":"https:\/\/iberculturaviva.org\/es\/category\/convocatorias\/","name":"Convocatorias","slug":"convocatorias"},"_links":{"self":[{"href":"https:\/\/iberculturaviva.org\/es\/wp-json\/wp\/v2\/posts\/35483","targetHints":{"allow":["GET"]}}],"collection":[{"href":"https:\/\/iberculturaviva.org\/es\/wp-json\/wp\/v2\/posts"}],"about":[{"href":"https:\/\/iberculturaviva.org\/es\/wp-json\/wp\/v2\/types\/post"}],"author":[{"embeddable":true,"href":"https:\/\/iberculturaviva.org\/es\/wp-json\/wp\/v2\/users\/2"}],"replies":[{"embeddable":true,"href":"https:\/\/iberculturaviva.org\/es\/wp-json\/wp\/v2\/comments?post=35483"}],"version-history":[{"count":3,"href":"https:\/\/iberculturaviva.org\/es\/wp-json\/wp\/v2\/posts\/35483\/revisions"}],"predecessor-version":[{"id":35490,"href":"https:\/\/iberculturaviva.org\/es\/wp-json\/wp\/v2\/posts\/35483\/revisions\/35490"}],"wp:featuredmedia":[{"embeddable":true,"href":"https:\/\/iberculturaviva.org\/es\/wp-json\/wp\/v2\/media\/35333"}],"wp:attachment":[{"href":"https:\/\/iberculturaviva.org\/es\/wp-json\/wp\/v2\/media?parent=35483"}],"wp:term":[{"taxonomy":"category","embeddable":true,"href":"https:\/\/iberculturaviva.org\/es\/wp-json\/wp\/v2\/categories?post=35483"},{"taxonomy":"post_tag","embeddable":true,"href":"https:\/\/iberculturaviva.org\/es\/wp-json\/wp\/v2\/tags?post=35483"},{"taxonomy":"country-municipality","embeddable":true,"href":"https:\/\/iberculturaviva.org\/es\/wp-json\/wp\/v2\/country-municipality?post=35483"}],"curies":[{"name":"wp","href":"https:\/\/api.w.org\/{rel}","templated":true}]}}