{"id":35218,"date":"2024-09-13T12:08:00","date_gmt":"2024-09-13T15:08:00","guid":{"rendered":"https:\/\/iberculturaviva.org\/?p=35218"},"modified":"2024-09-16T12:27:39","modified_gmt":"2024-09-16T15:27:39","slug":"municipios-jaliscienses-unen-esfuerzos-y-lanzan-el-manifiesto-intermunicipal-cultura-localismo-y-ruralidades","status":"publish","type":"post","link":"https:\/\/iberculturaviva.org\/es\/municipios-jaliscienses-unen-esfuerzos-y-lanzan-el-manifiesto-intermunicipal-cultura-localismo-y-ruralidades\/","title":{"rendered":"Municipios jaliscienses unen esfuerzos y lanzan el Manifiesto Intermunicipal \u201cCultura, Localismo y Ruralidades\u201d"},"content":{"rendered":"<p style=\"text-align: justify;\"><span style=\"font-weight: 400;\">Del 30 de agosto al 1 de septiembre, se llev\u00f3 a cabo el Segundo Encuentro Intermunicipal de Gesti\u00f3n P\u00fablica para la Cultura (EIGPC) en Puerto Vallarta, promovido desde la Direcci\u00f3n de Planeaci\u00f3n, Vinculaci\u00f3n y Desarrollo Sectorial de la Secretar\u00eda de Cultura de Jalisco.\u00a0<\/span><\/p>\n<p style=\"text-align: justify;\"><span style=\"font-weight: 400;\">Durante tres d\u00edas, representantes de las \u00e1reas de cultura de 35 gobiernos locales de las 12 regiones de Jalisco se reunieron para evaluar su labor p\u00fablica luego de un trienio continuo de trabajos, intercambiar experiencias de forma colaborativa y para adoptar una nueva herramienta de visi\u00f3n a futuro para el desarrollo cultural de Jalisco y sus municipios.<\/span><\/p>\n<p style=\"text-align: justify;\"><span style=\"font-weight: 400;\">El espacio estuvo cargado de capacitaciones y actividades participativas donde las y los directores de Cultura municipal tuvieron la oportunidad de revisar buenas pr\u00e1cticas entre pares y de debatir con miembros de la sociedad civil, abriendo as\u00ed, un enfoque m\u00e1s enriquecedor para la gesti\u00f3n cultural p\u00fablica en el Estado.<\/span><\/p>\n<p style=\"text-align: justify;\"><span style=\"font-weight: 400;\">Los trabajos del II EIGPC estuvieron encabezados por la directora de Planeaci\u00f3n, Vinculaci\u00f3n y Desarrollo Sectorial, Denisse Corona Garc\u00eda, as\u00ed como por Alejandra L\u00f3pez Cuellar, de la Jefatura de Desarrollo Municipal de la Secretar\u00eda de Cultura de Jalisco.\u00a0<\/span><\/p>\n\n\t\t<style type=\"text\/css\">\n\t\t\t#gallery-1 {\n\t\t\t\tmargin: auto;\n\t\t\t}\n\t\t\t#gallery-1 .gallery-item {\n\t\t\t\tfloat: left;\n\t\t\t\tmargin-top: 10px;\n\t\t\t\ttext-align: center;\n\t\t\t\twidth: 50%;\n\t\t\t}\n\t\t\t#gallery-1 img {\n\t\t\t\tborder: 2px solid #cfcfcf;\n\t\t\t}\n\t\t\t#gallery-1 .gallery-caption {\n\t\t\t\tmargin-left: 0;\n\t\t\t}\n\t\t\t\/* see gallery_shortcode() in wp-includes\/media.php *\/\n\t\t<\/style>\n\t\t<div id='gallery-1' class='gallery galleryid-35218 gallery-columns-2 gallery-size-medium'><dl class='gallery-item'>\n\t\t\t<dt class='gallery-icon landscape'>\n\t\t\t\t<a href='https:\/\/iberculturaviva.org\/es\/municipios-jaliscienses-unen-esfuerzos-y-lanzan-el-manifiesto-intermunicipal-cultura-localismo-y-ruralidades\/dsc05279\/'><img loading=\"lazy\" decoding=\"async\" width=\"300\" height=\"202\" src=\"https:\/\/iberculturaviva.org\/wp-content\/uploads\/2024\/09\/DSC05279-460x310.jpg\" class=\"attachment-medium size-medium\" alt=\"\" srcset=\"https:\/\/iberculturaviva.org\/wp-content\/uploads\/2024\/09\/DSC05279-460x310.jpg 460w, https:\/\/iberculturaviva.org\/wp-content\/uploads\/2024\/09\/DSC05279-125x83.jpg 125w\" sizes=\"auto, (max-width: 300px) 100vw, 300px\" \/><\/a>\n\t\t\t<\/dt><\/dl><dl class='gallery-item'>\n\t\t\t<dt class='gallery-icon landscape'>\n\t\t\t\t<a href='https:\/\/iberculturaviva.org\/es\/municipios-jaliscienses-unen-esfuerzos-y-lanzan-el-manifiesto-intermunicipal-cultura-localismo-y-ruralidades\/dsc05284\/'><img loading=\"lazy\" decoding=\"async\" width=\"300\" height=\"202\" src=\"https:\/\/iberculturaviva.org\/wp-content\/uploads\/2024\/09\/DSC05284-460x310.jpg\" class=\"attachment-medium size-medium\" alt=\"\" srcset=\"https:\/\/iberculturaviva.org\/wp-content\/uploads\/2024\/09\/DSC05284-460x310.jpg 460w, https:\/\/iberculturaviva.org\/wp-content\/uploads\/2024\/09\/DSC05284-125x83.jpg 125w\" sizes=\"auto, (max-width: 300px) 100vw, 300px\" \/><\/a>\n\t\t\t<\/dt><\/dl><br style=\"clear: both\" \/><dl class='gallery-item'>\n\t\t\t<dt class='gallery-icon landscape'>\n\t\t\t\t<a href='https:\/\/iberculturaviva.org\/es\/municipios-jaliscienses-unen-esfuerzos-y-lanzan-el-manifiesto-intermunicipal-cultura-localismo-y-ruralidades\/dsc05368-1\/'><img loading=\"lazy\" decoding=\"async\" width=\"300\" height=\"202\" src=\"https:\/\/iberculturaviva.org\/wp-content\/uploads\/2024\/09\/DSC05368-1-460x310.jpg\" class=\"attachment-medium size-medium\" alt=\"\" srcset=\"https:\/\/iberculturaviva.org\/wp-content\/uploads\/2024\/09\/DSC05368-1-460x310.jpg 460w, https:\/\/iberculturaviva.org\/wp-content\/uploads\/2024\/09\/DSC05368-1-125x83.jpg 125w\" sizes=\"auto, (max-width: 300px) 100vw, 300px\" \/><\/a>\n\t\t\t<\/dt><\/dl><dl class='gallery-item'>\n\t\t\t<dt class='gallery-icon landscape'>\n\t\t\t\t<a href='https:\/\/iberculturaviva.org\/es\/municipios-jaliscienses-unen-esfuerzos-y-lanzan-el-manifiesto-intermunicipal-cultura-localismo-y-ruralidades\/dsc05308\/'><img loading=\"lazy\" decoding=\"async\" width=\"300\" height=\"202\" src=\"https:\/\/iberculturaviva.org\/wp-content\/uploads\/2024\/09\/DSC05308-460x310.jpg\" class=\"attachment-medium size-medium\" alt=\"\" srcset=\"https:\/\/iberculturaviva.org\/wp-content\/uploads\/2024\/09\/DSC05308-460x310.jpg 460w, https:\/\/iberculturaviva.org\/wp-content\/uploads\/2024\/09\/DSC05308-125x83.jpg 125w\" sizes=\"auto, (max-width: 300px) 100vw, 300px\" \/><\/a>\n\t\t\t<\/dt><\/dl><br style=\"clear: both\" \/>\n\t\t<\/div>\n\n<p>.<\/p>\n<h4><a href=\"http:\/\/bit.ly\/manifiestoculturaruraljalisco\" target=\"_blank\" rel=\"noopener noreferrer\">Manifiesto Intermunicipal: Cultura, Localismo y Ruralidades<\/a><\/h4>\n<p style=\"text-align: justify;\"><span style=\"font-weight: 400;\">Uno de los momentos clave del Encuentro fue la lectura, aprobaci\u00f3n y adopci\u00f3n del \u00abManifiesto Intermunicipal: Cultura, Localismo y Ruralidades\u00bb, un documento que re\u00fane las aspiraciones y compromisos de los gobiernos locales. Este manifiesto se articula en cuatro ejes principales:<\/span><\/p>\n<ul>\n<li><b>Descentralizaci\u00f3n y equidad territorial:<\/b><span style=\"font-weight: 400;\"> Subrayando la importancia de evitar la centralizaci\u00f3n de las pol\u00edticas culturales \u00fanicamente en Guadalajara y reafirmando el compromiso de planificar las estrategias para el desarrollo cultural, considerando las particularidades de cada municipio del interior.<\/span><\/li>\n<li><b>Ruralidades como espacios de derechos:<\/b><span style=\"font-weight: 400;\"> Este punto integra la visi\u00f3n de las ruralidades como espacios propicios para el ejercicio de los derechos culturales. Se destaca la necesidad de garantizar que estos derechos sean reconocidos y promovidos, haciendo \u00e9nfasis en las culturas vivas y en el patrimonio cultural local.<\/span><\/li>\n<li><b>Cultura comunitaria:<\/b><span style=\"font-weight: 400;\"> Destaca a las pr\u00e1cticas y din\u00e1micas culturales comunitarias como base para la construcci\u00f3n de identidades, ciudadan\u00edas, sentidos de pertenencia y para la cohesi\u00f3n social.<\/span><\/li>\n<li style=\"font-weight: 400;\" aria-level=\"1\"><b>Gobernanza cultural y participaci\u00f3n social:<\/b><span style=\"font-weight: 400;\"> El documento hace un llamado que fomenta la participaci\u00f3n ciudadana, vecinal y comunitaria para fortalecer la toma de <\/span><span style=\"font-weight: 400;\">decisiones colectivas sobre la agenda p\u00fablica de la cultura.<\/span><\/li>\n<\/ul>\n<p><a href=\"http:\/\/bit.ly\/manifiestoculturaruraljalisco\" target=\"_blank\" rel=\"noopener noreferrer\">Revisa el documento<\/a><\/p>\n<p style=\"text-align: justify;\"><span style=\"font-weight: 400;\">\u201cEste Manifiesto puede ser una gu\u00eda de utilidad tanto para agentes culturales como para los servidores p\u00fablicos que asumir\u00e1n sus responsabilidades a partir de octubre de 2024 con la llegada de los nuevos Ayuntamientos constitucionales, y se proyecta como una herramienta de incidencia para Jalisco, M\u00e9xico y Latinoam\u00e9rica, pues reafirma la importancia que guarda el rural como territorio para el ejercicio de derechos y donde se deben garantizar las libertades creativas\u201d<\/span><i><span style=\"font-weight: 400;\">,<\/span><\/i><span style=\"font-weight: 400;\"> refiri\u00f3 Gerardo Daniel Padilla, coordinador t\u00e9cnico del EIGPC.<\/span><\/p>\n<p style=\"text-align: justify;\"><span style=\"font-weight: 400;\">El Manifiesto estar\u00e1 disponible para su lectura y descarga a partir de la segunda semana de septiembre en los portales institucionales y redes sociales de los ayuntamientos que lo han adoptado. Adem\u00e1s, se abrir\u00e1 un tiempo para que adher\u00edan a \u00e9ste, otros gobiernos jaliscienses que no contaron con la posibilidad de estar presentes durante el acto de adopci\u00f3n celebrado en la Sala de Cabildo del Palacio Municipal de Puerto Vallarta.<\/span><\/p>\n<p>.<\/p>\n<h4><b>Reconocimiento internacional<\/b><\/h4>\n<p style=\"text-align: justify;\"><span style=\"font-weight: 400;\">Tras su primera edici\u00f3n, en 2023, en el Municipio de Zapotiltic, el EIGPC fue seleccionado como una Buena Pr\u00e1ctica internacional por el jurado del 6\u00ba Premio de la Agenda 21 de la Cultura, organizado por la Comisi\u00f3n de Cultura del Secretariado Mundial de Ciudades y Gobiernos Locales Unidos (CGLU), en reconocimiento de su aporte al desarrollo cultural sostenible y su potencial para ser replicado en otras localidades a nivel global.<\/span><\/p>\n","protected":false},"excerpt":{"rendered":"<p>Del 30 de agosto al 1 de septiembre, se llev\u00f3 a cabo el Segundo Encuentro Intermunicipal de Gesti\u00f3n P\u00fablica para la Cultura (EIGPC) en Puerto Vallarta, promovido desde la Direcci\u00f3n [&hellip;]<\/p>\n","protected":false},"author":2,"featured_media":35229,"comment_status":"closed","ping_status":"closed","sticky":false,"template":"","format":"standard","meta":{"_coblocks_attr":"","_coblocks_dimensions":"","_coblocks_responsive_height":"","_coblocks_accordion_ie_support":"","_EventAllDay":false,"_EventTimezone":"","_EventStartDate":"","_EventEndDate":"","_EventStartDateUTC":"","_EventEndDateUTC":"","_EventShowMap":false,"_EventShowMapLink":false,"_EventURL":"","_EventCost":"","_EventCostDescription":"","_EventCurrencySymbol":"","_EventCurrencyCode":"","_EventCurrencyPosition":"","_EventDateTimeSeparator":"","_EventTimeRangeSeparator":"","_EventOrganizerID":[],"_EventVenueID":[],"_OrganizerEmail":"","_OrganizerPhone":"","_OrganizerWebsite":"","_VenueAddress":"","_VenueCity":"","_VenueCountry":"","_VenueProvince":"","_VenueState":"","_VenueZip":"","_VenuePhone":"","_VenueURL":"","_VenueStateProvince":"","_VenueLat":"","_VenueLng":"","_VenueShowMap":false,"_VenueShowMapLink":false,"footnotes":""},"categories":[262],"tags":[289,557,264],"country-municipality":[],"class_list":["post-35218","post","type-post","status-publish","format-standard","has-post-thumbnail","hentry","category-noticias-es","tag-gobiernos-locales-2","tag-jalisco","tag-mexico-2"],"yoast_head":"<!-- This site is optimized with the Yoast SEO plugin v25.7 - https:\/\/yoast.com\/wordpress\/plugins\/seo\/ -->\n<title>Municipios jaliscienses unen esfuerzos y lanzan el Manifiesto Intermunicipal \u201cCultura, Localismo y Ruralidades\u201d - IberCultura Viva<\/title>\n<meta name=\"description\" content=\"Municipios jaliscienses unen esfuerzos y lanzan el Manifiesto Intermunicipal \u201cCultura, Localismo y Ruralidades\u201d - IberCultura Viva\" \/>\n<meta name=\"robots\" content=\"index, follow, max-snippet:-1, max-image-preview:large, max-video-preview:-1\" \/>\n<link rel=\"canonical\" href=\"https:\/\/iberculturaviva.org\/es\/municipios-jaliscienses-unen-esfuerzos-y-lanzan-el-manifiesto-intermunicipal-cultura-localismo-y-ruralidades\/\" \/>\n<meta property=\"og:locale\" content=\"es_ES\" \/>\n<meta property=\"og:type\" content=\"article\" \/>\n<meta property=\"og:title\" content=\"Municipios jaliscienses unen esfuerzos y lanzan el Manifiesto Intermunicipal \u201cCultura, Localismo y Ruralidades\u201d - IberCultura Viva\" \/>\n<meta property=\"og:description\" content=\"Municipios jaliscienses unen esfuerzos y lanzan el Manifiesto Intermunicipal \u201cCultura, Localismo y Ruralidades\u201d - IberCultura Viva\" \/>\n<meta property=\"og:url\" content=\"https:\/\/iberculturaviva.org\/es\/municipios-jaliscienses-unen-esfuerzos-y-lanzan-el-manifiesto-intermunicipal-cultura-localismo-y-ruralidades\/\" \/>\n<meta property=\"og:site_name\" content=\"IberCultura Viva\" \/>\n<meta property=\"article:publisher\" content=\"https:\/\/www.facebook.com\/iberculturaviva\/\" \/>\n<meta property=\"article:published_time\" content=\"2024-09-13T15:08:00+00:00\" \/>\n<meta property=\"article:modified_time\" content=\"2024-09-16T15:27:39+00:00\" \/>\n<meta property=\"og:image\" content=\"https:\/\/iberculturaviva.org\/wp-content\/uploads\/2024\/09\/SitioWeb_Manifiesto_Cultura_JAL_Ruralidades.png\" \/>\n\t<meta property=\"og:image:width\" content=\"4400\" \/>\n\t<meta property=\"og:image:height\" content=\"2475\" \/>\n\t<meta property=\"og:image:type\" content=\"image\/png\" \/>\n<meta name=\"author\" content=\"IberCultura\" \/>\n<meta name=\"twitter:card\" content=\"summary_large_image\" \/>\n<meta name=\"twitter:label1\" content=\"Escrito por\" \/>\n\t<meta name=\"twitter:data1\" content=\"IberCultura\" \/>\n\t<meta name=\"twitter:label2\" content=\"Tiempo de lectura\" \/>\n\t<meta name=\"twitter:data2\" content=\"3 minutos\" \/>\n<script type=\"application\/ld+json\" class=\"yoast-schema-graph\">{\"@context\":\"https:\/\/schema.org\",\"@graph\":[{\"@type\":\"Article\",\"@id\":\"https:\/\/iberculturaviva.org\/es\/municipios-jaliscienses-unen-esfuerzos-y-lanzan-el-manifiesto-intermunicipal-cultura-localismo-y-ruralidades\/#article\",\"isPartOf\":{\"@id\":\"https:\/\/iberculturaviva.org\/es\/municipios-jaliscienses-unen-esfuerzos-y-lanzan-el-manifiesto-intermunicipal-cultura-localismo-y-ruralidades\/\"},\"author\":{\"name\":\"IberCultura\",\"@id\":\"https:\/\/iberculturaviva.org\/es\/?lang=es\/#\/schema\/person\/5d1313b072cc25536e0431522f740b59\"},\"headline\":\"Municipios jaliscienses unen esfuerzos y lanzan el Manifiesto Intermunicipal \u201cCultura, Localismo y Ruralidades\u201d\",\"datePublished\":\"2024-09-13T15:08:00+00:00\",\"dateModified\":\"2024-09-16T15:27:39+00:00\",\"mainEntityOfPage\":{\"@id\":\"https:\/\/iberculturaviva.org\/es\/municipios-jaliscienses-unen-esfuerzos-y-lanzan-el-manifiesto-intermunicipal-cultura-localismo-y-ruralidades\/\"},\"wordCount\":656,\"publisher\":{\"@id\":\"https:\/\/iberculturaviva.org\/es\/?lang=es\/#organization\"},\"image\":{\"@id\":\"https:\/\/iberculturaviva.org\/es\/municipios-jaliscienses-unen-esfuerzos-y-lanzan-el-manifiesto-intermunicipal-cultura-localismo-y-ruralidades\/#primaryimage\"},\"thumbnailUrl\":\"https:\/\/iberculturaviva.org\/wp-content\/uploads\/2024\/09\/SitioWeb_Manifiesto_Cultura_JAL_Ruralidades.png\",\"keywords\":[\"gobiernos locales\",\"Jalisco\",\"M\u00e9xico\"],\"articleSection\":[\"Noticias\"],\"inLanguage\":\"es\"},{\"@type\":\"WebPage\",\"@id\":\"https:\/\/iberculturaviva.org\/es\/municipios-jaliscienses-unen-esfuerzos-y-lanzan-el-manifiesto-intermunicipal-cultura-localismo-y-ruralidades\/\",\"url\":\"https:\/\/iberculturaviva.org\/es\/municipios-jaliscienses-unen-esfuerzos-y-lanzan-el-manifiesto-intermunicipal-cultura-localismo-y-ruralidades\/\",\"name\":\"Municipios jaliscienses unen esfuerzos y lanzan el Manifiesto Intermunicipal \u201cCultura, Localismo y Ruralidades\u201d - IberCultura Viva\",\"isPartOf\":{\"@id\":\"https:\/\/iberculturaviva.org\/es\/?lang=es\/#website\"},\"primaryImageOfPage\":{\"@id\":\"https:\/\/iberculturaviva.org\/es\/municipios-jaliscienses-unen-esfuerzos-y-lanzan-el-manifiesto-intermunicipal-cultura-localismo-y-ruralidades\/#primaryimage\"},\"image\":{\"@id\":\"https:\/\/iberculturaviva.org\/es\/municipios-jaliscienses-unen-esfuerzos-y-lanzan-el-manifiesto-intermunicipal-cultura-localismo-y-ruralidades\/#primaryimage\"},\"thumbnailUrl\":\"https:\/\/iberculturaviva.org\/wp-content\/uploads\/2024\/09\/SitioWeb_Manifiesto_Cultura_JAL_Ruralidades.png\",\"datePublished\":\"2024-09-13T15:08:00+00:00\",\"dateModified\":\"2024-09-16T15:27:39+00:00\",\"description\":\"Municipios jaliscienses unen esfuerzos y lanzan el Manifiesto Intermunicipal \u201cCultura, Localismo y Ruralidades\u201d - IberCultura Viva\",\"breadcrumb\":{\"@id\":\"https:\/\/iberculturaviva.org\/es\/municipios-jaliscienses-unen-esfuerzos-y-lanzan-el-manifiesto-intermunicipal-cultura-localismo-y-ruralidades\/#breadcrumb\"},\"inLanguage\":\"es\",\"potentialAction\":[{\"@type\":\"ReadAction\",\"target\":[\"https:\/\/iberculturaviva.org\/es\/municipios-jaliscienses-unen-esfuerzos-y-lanzan-el-manifiesto-intermunicipal-cultura-localismo-y-ruralidades\/\"]}]},{\"@type\":\"ImageObject\",\"inLanguage\":\"es\",\"@id\":\"https:\/\/iberculturaviva.org\/es\/municipios-jaliscienses-unen-esfuerzos-y-lanzan-el-manifiesto-intermunicipal-cultura-localismo-y-ruralidades\/#primaryimage\",\"url\":\"https:\/\/iberculturaviva.org\/wp-content\/uploads\/2024\/09\/SitioWeb_Manifiesto_Cultura_JAL_Ruralidades.png\",\"contentUrl\":\"https:\/\/iberculturaviva.org\/wp-content\/uploads\/2024\/09\/SitioWeb_Manifiesto_Cultura_JAL_Ruralidades.png\",\"width\":4400,\"height\":2475},{\"@type\":\"BreadcrumbList\",\"@id\":\"https:\/\/iberculturaviva.org\/es\/municipios-jaliscienses-unen-esfuerzos-y-lanzan-el-manifiesto-intermunicipal-cultura-localismo-y-ruralidades\/#breadcrumb\",\"itemListElement\":[{\"@type\":\"ListItem\",\"position\":1,\"name\":\"In\u00edcio\",\"item\":\"https:\/\/iberculturaviva.org\/es\/inicio\/\"},{\"@type\":\"ListItem\",\"position\":2,\"name\":\"Municipios jaliscienses unen esfuerzos y lanzan el Manifiesto Intermunicipal \u201cCultura, Localismo y Ruralidades\u201d\"}]},{\"@type\":\"WebSite\",\"@id\":\"https:\/\/iberculturaviva.org\/es\/?lang=es\/#website\",\"url\":\"https:\/\/iberculturaviva.org\/es\/?lang=es\/\",\"name\":\"IberCultura Viva\",\"description\":\"Programa de cooperaci\u00f3n cultural\",\"publisher\":{\"@id\":\"https:\/\/iberculturaviva.org\/es\/?lang=es\/#organization\"},\"potentialAction\":[{\"@type\":\"SearchAction\",\"target\":{\"@type\":\"EntryPoint\",\"urlTemplate\":\"https:\/\/iberculturaviva.org\/es\/?lang=es\/?s={search_term_string}\"},\"query-input\":{\"@type\":\"PropertyValueSpecification\",\"valueRequired\":true,\"valueName\":\"search_term_string\"}}],\"inLanguage\":\"es\"},{\"@type\":\"Organization\",\"@id\":\"https:\/\/iberculturaviva.org\/es\/?lang=es\/#organization\",\"name\":\"Iberculturaviva\",\"url\":\"https:\/\/iberculturaviva.org\/es\/?lang=es\/\",\"logo\":{\"@type\":\"ImageObject\",\"inLanguage\":\"es\",\"@id\":\"https:\/\/iberculturaviva.org\/es\/?lang=es\/#\/schema\/logo\/image\/\",\"url\":\"https:\/\/iberculturaviva.org\/wp-content\/uploads\/2021\/08\/logo_ibercultura_viva.jpg\",\"contentUrl\":\"https:\/\/iberculturaviva.org\/wp-content\/uploads\/2021\/08\/logo_ibercultura_viva.jpg\",\"width\":708,\"height\":223,\"caption\":\"Iberculturaviva\"},\"image\":{\"@id\":\"https:\/\/iberculturaviva.org\/es\/?lang=es\/#\/schema\/logo\/image\/\"},\"sameAs\":[\"https:\/\/www.facebook.com\/iberculturaviva\/\",\"https:\/\/www.instagram.com\/iberculturaviva\/\",\"https:\/\/www.youtube.com\/iberculturaviva\"]},{\"@type\":\"Person\",\"@id\":\"https:\/\/iberculturaviva.org\/es\/?lang=es\/#\/schema\/person\/5d1313b072cc25536e0431522f740b59\",\"name\":\"IberCultura\",\"image\":{\"@type\":\"ImageObject\",\"inLanguage\":\"es\",\"@id\":\"https:\/\/iberculturaviva.org\/es\/?lang=es\/#\/schema\/person\/image\/\",\"url\":\"https:\/\/secure.gravatar.com\/avatar\/79f1a057cb125cbefb3765d0356d52fc7f3bba3a35e2cf22bc4de090bb7aef70?s=96&d=mm&r=g\",\"contentUrl\":\"https:\/\/secure.gravatar.com\/avatar\/79f1a057cb125cbefb3765d0356d52fc7f3bba3a35e2cf22bc4de090bb7aef70?s=96&d=mm&r=g\",\"caption\":\"IberCultura\"}}]}<\/script>\n<!-- \/ Yoast SEO plugin. -->","yoast_head_json":{"title":"Municipios jaliscienses unen esfuerzos y lanzan el Manifiesto Intermunicipal \u201cCultura, Localismo y Ruralidades\u201d - IberCultura Viva","description":"Municipios jaliscienses unen esfuerzos y lanzan el Manifiesto Intermunicipal \u201cCultura, Localismo y Ruralidades\u201d - IberCultura Viva","robots":{"index":"index","follow":"follow","max-snippet":"max-snippet:-1","max-image-preview":"max-image-preview:large","max-video-preview":"max-video-preview:-1"},"canonical":"https:\/\/iberculturaviva.org\/es\/municipios-jaliscienses-unen-esfuerzos-y-lanzan-el-manifiesto-intermunicipal-cultura-localismo-y-ruralidades\/","og_locale":"es_ES","og_type":"article","og_title":"Municipios jaliscienses unen esfuerzos y lanzan el Manifiesto Intermunicipal \u201cCultura, Localismo y Ruralidades\u201d - IberCultura Viva","og_description":"Municipios jaliscienses unen esfuerzos y lanzan el Manifiesto Intermunicipal \u201cCultura, Localismo y Ruralidades\u201d - IberCultura Viva","og_url":"https:\/\/iberculturaviva.org\/es\/municipios-jaliscienses-unen-esfuerzos-y-lanzan-el-manifiesto-intermunicipal-cultura-localismo-y-ruralidades\/","og_site_name":"IberCultura Viva","article_publisher":"https:\/\/www.facebook.com\/iberculturaviva\/","article_published_time":"2024-09-13T15:08:00+00:00","article_modified_time":"2024-09-16T15:27:39+00:00","og_image":[{"width":4400,"height":2475,"url":"https:\/\/iberculturaviva.org\/wp-content\/uploads\/2024\/09\/SitioWeb_Manifiesto_Cultura_JAL_Ruralidades.png","type":"image\/png"}],"author":"IberCultura","twitter_card":"summary_large_image","twitter_misc":{"Escrito por":"IberCultura","Tiempo de lectura":"3 minutos"},"schema":{"@context":"https:\/\/schema.org","@graph":[{"@type":"Article","@id":"https:\/\/iberculturaviva.org\/es\/municipios-jaliscienses-unen-esfuerzos-y-lanzan-el-manifiesto-intermunicipal-cultura-localismo-y-ruralidades\/#article","isPartOf":{"@id":"https:\/\/iberculturaviva.org\/es\/municipios-jaliscienses-unen-esfuerzos-y-lanzan-el-manifiesto-intermunicipal-cultura-localismo-y-ruralidades\/"},"author":{"name":"IberCultura","@id":"https:\/\/iberculturaviva.org\/es\/?lang=es\/#\/schema\/person\/5d1313b072cc25536e0431522f740b59"},"headline":"Municipios jaliscienses unen esfuerzos y lanzan el Manifiesto Intermunicipal \u201cCultura, Localismo y Ruralidades\u201d","datePublished":"2024-09-13T15:08:00+00:00","dateModified":"2024-09-16T15:27:39+00:00","mainEntityOfPage":{"@id":"https:\/\/iberculturaviva.org\/es\/municipios-jaliscienses-unen-esfuerzos-y-lanzan-el-manifiesto-intermunicipal-cultura-localismo-y-ruralidades\/"},"wordCount":656,"publisher":{"@id":"https:\/\/iberculturaviva.org\/es\/?lang=es\/#organization"},"image":{"@id":"https:\/\/iberculturaviva.org\/es\/municipios-jaliscienses-unen-esfuerzos-y-lanzan-el-manifiesto-intermunicipal-cultura-localismo-y-ruralidades\/#primaryimage"},"thumbnailUrl":"https:\/\/iberculturaviva.org\/wp-content\/uploads\/2024\/09\/SitioWeb_Manifiesto_Cultura_JAL_Ruralidades.png","keywords":["gobiernos locales","Jalisco","M\u00e9xico"],"articleSection":["Noticias"],"inLanguage":"es"},{"@type":"WebPage","@id":"https:\/\/iberculturaviva.org\/es\/municipios-jaliscienses-unen-esfuerzos-y-lanzan-el-manifiesto-intermunicipal-cultura-localismo-y-ruralidades\/","url":"https:\/\/iberculturaviva.org\/es\/municipios-jaliscienses-unen-esfuerzos-y-lanzan-el-manifiesto-intermunicipal-cultura-localismo-y-ruralidades\/","name":"Municipios jaliscienses unen esfuerzos y lanzan el Manifiesto Intermunicipal \u201cCultura, Localismo y Ruralidades\u201d - IberCultura Viva","isPartOf":{"@id":"https:\/\/iberculturaviva.org\/es\/?lang=es\/#website"},"primaryImageOfPage":{"@id":"https:\/\/iberculturaviva.org\/es\/municipios-jaliscienses-unen-esfuerzos-y-lanzan-el-manifiesto-intermunicipal-cultura-localismo-y-ruralidades\/#primaryimage"},"image":{"@id":"https:\/\/iberculturaviva.org\/es\/municipios-jaliscienses-unen-esfuerzos-y-lanzan-el-manifiesto-intermunicipal-cultura-localismo-y-ruralidades\/#primaryimage"},"thumbnailUrl":"https:\/\/iberculturaviva.org\/wp-content\/uploads\/2024\/09\/SitioWeb_Manifiesto_Cultura_JAL_Ruralidades.png","datePublished":"2024-09-13T15:08:00+00:00","dateModified":"2024-09-16T15:27:39+00:00","description":"Municipios jaliscienses unen esfuerzos y lanzan el Manifiesto Intermunicipal \u201cCultura, Localismo y Ruralidades\u201d - IberCultura Viva","breadcrumb":{"@id":"https:\/\/iberculturaviva.org\/es\/municipios-jaliscienses-unen-esfuerzos-y-lanzan-el-manifiesto-intermunicipal-cultura-localismo-y-ruralidades\/#breadcrumb"},"inLanguage":"es","potentialAction":[{"@type":"ReadAction","target":["https:\/\/iberculturaviva.org\/es\/municipios-jaliscienses-unen-esfuerzos-y-lanzan-el-manifiesto-intermunicipal-cultura-localismo-y-ruralidades\/"]}]},{"@type":"ImageObject","inLanguage":"es","@id":"https:\/\/iberculturaviva.org\/es\/municipios-jaliscienses-unen-esfuerzos-y-lanzan-el-manifiesto-intermunicipal-cultura-localismo-y-ruralidades\/#primaryimage","url":"https:\/\/iberculturaviva.org\/wp-content\/uploads\/2024\/09\/SitioWeb_Manifiesto_Cultura_JAL_Ruralidades.png","contentUrl":"https:\/\/iberculturaviva.org\/wp-content\/uploads\/2024\/09\/SitioWeb_Manifiesto_Cultura_JAL_Ruralidades.png","width":4400,"height":2475},{"@type":"BreadcrumbList","@id":"https:\/\/iberculturaviva.org\/es\/municipios-jaliscienses-unen-esfuerzos-y-lanzan-el-manifiesto-intermunicipal-cultura-localismo-y-ruralidades\/#breadcrumb","itemListElement":[{"@type":"ListItem","position":1,"name":"In\u00edcio","item":"https:\/\/iberculturaviva.org\/es\/inicio\/"},{"@type":"ListItem","position":2,"name":"Municipios jaliscienses unen esfuerzos y lanzan el Manifiesto Intermunicipal \u201cCultura, Localismo y Ruralidades\u201d"}]},{"@type":"WebSite","@id":"https:\/\/iberculturaviva.org\/es\/?lang=es\/#website","url":"https:\/\/iberculturaviva.org\/es\/?lang=es\/","name":"IberCultura Viva","description":"Programa de cooperaci\u00f3n cultural","publisher":{"@id":"https:\/\/iberculturaviva.org\/es\/?lang=es\/#organization"},"potentialAction":[{"@type":"SearchAction","target":{"@type":"EntryPoint","urlTemplate":"https:\/\/iberculturaviva.org\/es\/?lang=es\/?s={search_term_string}"},"query-input":{"@type":"PropertyValueSpecification","valueRequired":true,"valueName":"search_term_string"}}],"inLanguage":"es"},{"@type":"Organization","@id":"https:\/\/iberculturaviva.org\/es\/?lang=es\/#organization","name":"Iberculturaviva","url":"https:\/\/iberculturaviva.org\/es\/?lang=es\/","logo":{"@type":"ImageObject","inLanguage":"es","@id":"https:\/\/iberculturaviva.org\/es\/?lang=es\/#\/schema\/logo\/image\/","url":"https:\/\/iberculturaviva.org\/wp-content\/uploads\/2021\/08\/logo_ibercultura_viva.jpg","contentUrl":"https:\/\/iberculturaviva.org\/wp-content\/uploads\/2021\/08\/logo_ibercultura_viva.jpg","width":708,"height":223,"caption":"Iberculturaviva"},"image":{"@id":"https:\/\/iberculturaviva.org\/es\/?lang=es\/#\/schema\/logo\/image\/"},"sameAs":["https:\/\/www.facebook.com\/iberculturaviva\/","https:\/\/www.instagram.com\/iberculturaviva\/","https:\/\/www.youtube.com\/iberculturaviva"]},{"@type":"Person","@id":"https:\/\/iberculturaviva.org\/es\/?lang=es\/#\/schema\/person\/5d1313b072cc25536e0431522f740b59","name":"IberCultura","image":{"@type":"ImageObject","inLanguage":"es","@id":"https:\/\/iberculturaviva.org\/es\/?lang=es\/#\/schema\/person\/image\/","url":"https:\/\/secure.gravatar.com\/avatar\/79f1a057cb125cbefb3765d0356d52fc7f3bba3a35e2cf22bc4de090bb7aef70?s=96&d=mm&r=g","contentUrl":"https:\/\/secure.gravatar.com\/avatar\/79f1a057cb125cbefb3765d0356d52fc7f3bba3a35e2cf22bc4de090bb7aef70?s=96&d=mm&r=g","caption":"IberCultura"}}]}},"main_category":{"link":"https:\/\/iberculturaviva.org\/es\/category\/noticias-es\/","name":"Noticias","slug":"noticias-es"},"_links":{"self":[{"href":"https:\/\/iberculturaviva.org\/es\/wp-json\/wp\/v2\/posts\/35218","targetHints":{"allow":["GET"]}}],"collection":[{"href":"https:\/\/iberculturaviva.org\/es\/wp-json\/wp\/v2\/posts"}],"about":[{"href":"https:\/\/iberculturaviva.org\/es\/wp-json\/wp\/v2\/types\/post"}],"author":[{"embeddable":true,"href":"https:\/\/iberculturaviva.org\/es\/wp-json\/wp\/v2\/users\/2"}],"replies":[{"embeddable":true,"href":"https:\/\/iberculturaviva.org\/es\/wp-json\/wp\/v2\/comments?post=35218"}],"version-history":[{"count":1,"href":"https:\/\/iberculturaviva.org\/es\/wp-json\/wp\/v2\/posts\/35218\/revisions"}],"predecessor-version":[{"id":35231,"href":"https:\/\/iberculturaviva.org\/es\/wp-json\/wp\/v2\/posts\/35218\/revisions\/35231"}],"wp:featuredmedia":[{"embeddable":true,"href":"https:\/\/iberculturaviva.org\/es\/wp-json\/wp\/v2\/media\/35229"}],"wp:attachment":[{"href":"https:\/\/iberculturaviva.org\/es\/wp-json\/wp\/v2\/media?parent=35218"}],"wp:term":[{"taxonomy":"category","embeddable":true,"href":"https:\/\/iberculturaviva.org\/es\/wp-json\/wp\/v2\/categories?post=35218"},{"taxonomy":"post_tag","embeddable":true,"href":"https:\/\/iberculturaviva.org\/es\/wp-json\/wp\/v2\/tags?post=35218"},{"taxonomy":"country-municipality","embeddable":true,"href":"https:\/\/iberculturaviva.org\/es\/wp-json\/wp\/v2\/country-municipality?post=35218"}],"curies":[{"name":"wp","href":"https:\/\/api.w.org\/{rel}","templated":true}]}}