{"id":35195,"date":"2024-09-13T13:37:11","date_gmt":"2024-09-13T16:37:11","guid":{"rendered":"https:\/\/iberculturaviva.org\/?p=35195"},"modified":"2024-09-26T22:16:58","modified_gmt":"2024-09-27T01:16:58","slug":"ibercocinas-iber-rutas-e-ibercultura-viva-lanzan-la-sexta-edicion-del-concurso-sabores-migrantes-comunitarios","status":"publish","type":"post","link":"https:\/\/iberculturaviva.org\/es\/ibercocinas-iber-rutas-e-ibercultura-viva-lanzan-la-sexta-edicion-del-concurso-sabores-migrantes-comunitarios\/","title":{"rendered":"Ibercocinas, Iber-Rutas e IberCultura Viva lanzan la sexta edici\u00f3n del concurso Sabores Migrantes Comunitarios"},"content":{"rendered":"<p style=\"text-align: justify;\"><span style=\"font-weight: 400;\">Este viernes 13 de septiembre, los programas <\/span><span style=\"font-weight: 400;\">IberCultura Viva<\/span><span style=\"font-weight: 400;\">, <\/span><a href=\"https:\/\/www.iberrutas.org\/\" target=\"_blank\" rel=\"noopener noreferrer\"><span style=\"font-weight: 400;\">Iber-Rutas<\/span><\/a><span style=\"font-weight: 400;\"> e <\/span><a href=\"https:\/\/www.ibercocinas.org\/\" target=\"_blank\" rel=\"noopener noreferrer\"><span style=\"font-weight: 400;\">Ibercocinas<\/span><\/a><span style=\"font-weight: 400;\"> abren la inscripci\u00f3n para la sexta edici\u00f3n del concurso Sabores Migrantes Comunitarios, que premia <\/span><span style=\"font-weight: 400;\">historias de recetas y pr\u00e1cticas culinarias de comunidades migrantes de Iberoam\u00e9rica. Las personas interesadas podr\u00e1n enviar sus postulaciones hasta el d\u00eda 18 de octubre a trav\u00e9s del <\/span><a href=\"https:\/\/mapa.iberculturaviva.org\/oportunidade\/295\/\" target=\"_blank\" rel=\"noopener noreferrer\"><span style=\"font-weight: 400;\">Mapa IberCultura Viva<\/span><\/a><span style=\"font-weight: 400;\">.\u00a0<\/span><\/p>\n<p style=\"text-align: justify;\"><span style=\"font-weight: 400;\">El valor total destinado al concurso ser\u00e1 de 8 mil d\u00f3lares para un m\u00e1ximo de 13 propuestas. Las iniciativas seleccionadas recibir\u00e1n un reconocimiento como \u2018Buena pr\u00e1ctica de cocina migrante comunitaria iberoamericana\u2019 y un monto de 600 d\u00f3lares.\u00a0<\/span><\/p>\n<p style=\"text-align: justify;\"><span style=\"font-weight: 400;\">La convocatoria est\u00e1 destinada a personas mayores de 18 a\u00f1os de<\/span><span style=\"font-weight: 400;\"> origen iberoamericano* que vivan en alg\u00fan pa\u00eds diferente de su pa\u00eds de origen. Ellas deber\u00e1n enviar, a t\u00edtulo personal o en representaci\u00f3n de iniciativas comunitarias, una<\/span><span style=\"font-weight: 400;\"> propuesta de pr\u00e1ctica culinaria que cuente una receta de su comunidad de procedencia, la historia que est\u00e1 detr\u00e1s de ella, y la forma en que esa receta se inserta en la comunidad de acogida en el marco de una experiencia migratoria. No se aceptar\u00e1n propuestas de las personas que hayan resultado beneficiarias en la edici\u00f3n anterior del concurso (2023).<\/span><\/p>\n<p style=\"text-align: justify;\"><span style=\"font-weight: 400;\">A diferencia de las ediciones anteriores, l<\/span><span style=\"font-weight: 400;\">as pr\u00e1cticas culinarias y recetas deber\u00e1n presentarse en un video con un m\u00e1ximo de 2 minutos de duraci\u00f3n (el formulario cuenta con un campo opcional para aquellas personas que quieran enviarlas tambi\u00e9n en formato escrito; el texto no sustituye el video, que es obligatorio).<\/span> <span style=\"font-weight: 400;\">Se podr\u00e1n utilizar las lenguas espa\u00f1ola, portuguesa o ind\u00edgenas (con traducci\u00f3n al espa\u00f1ol o portugu\u00e9s anexa).<\/span><\/p>\n<p style=\"text-align: justify;\"><span style=\"font-weight: 400;\">Podr\u00e1n participar personas nacidas en pa\u00edses iberoamericanos residentes en cualquier pa\u00eds del mundo, y personas que presenten propuestas de pr\u00e1cticas culinarias y recetas de personas migrantes de su familia con hasta un segundo grado de parentesco (padre\/madre, abuelo\/abuela). Estas presentaciones tendr\u00e1n una cuota m\u00e1xima de selecci\u00f3n en el concurso.<\/span><\/p>\n<p><a href=\"https:\/\/iberculturaviva.org\/wp-content\/uploads\/2024\/09\/WhatsApp-Image-2024-06-11-at-07.59.51-e1727399558789.jpeg\"><img loading=\"lazy\" decoding=\"async\" class=\"aligncenter wp-image-35333 size-large\" src=\"https:\/\/iberculturaviva.org\/wp-content\/uploads\/2024\/09\/WhatsApp-Image-2024-06-11-at-07.59.51-e1727399810994-960x590.jpeg\" alt=\"\" width=\"640\" height=\"393\" srcset=\"https:\/\/iberculturaviva.org\/wp-content\/uploads\/2024\/09\/WhatsApp-Image-2024-06-11-at-07.59.51-e1727399810994-960x590.jpeg 960w, https:\/\/iberculturaviva.org\/wp-content\/uploads\/2024\/09\/WhatsApp-Image-2024-06-11-at-07.59.51-e1727399810994-768x472.jpeg 768w, https:\/\/iberculturaviva.org\/wp-content\/uploads\/2024\/09\/WhatsApp-Image-2024-06-11-at-07.59.51-e1727399810994-125x77.jpeg 125w, https:\/\/iberculturaviva.org\/wp-content\/uploads\/2024\/09\/WhatsApp-Image-2024-06-11-at-07.59.51-e1727399810994-640x393.jpeg 640w, https:\/\/iberculturaviva.org\/wp-content\/uploads\/2024\/09\/WhatsApp-Image-2024-06-11-at-07.59.51-e1727399810994.jpeg 1157w\" sizes=\"auto, (max-width: 640px) 100vw, 640px\" \/><\/a><\/p>\n<p style=\"text-align: justify;\">.<\/p>\n<h4 style=\"text-align: justify;\"><b>Criterios de selecci\u00f3n<\/b><\/h4>\n<p style=\"text-align: justify;\"><span style=\"font-weight: 400;\">La selecci\u00f3n seguir\u00e1 los criterios establecidos en el reglamento, como la representatividad de la preparaci\u00f3n para la comunidad de origen; la experiencia de inserci\u00f3n en la comunidad receptora; la generaci\u00f3n de conocimientos y pr\u00e1cticas tradicionales y creativas impulsadas por cocineras y cocineros migrantes; el impacto directo en la seguridad alimentaria, y las estrategias para divulgar los conocimientos culinarios y\/o la construcci\u00f3n de un legado culinario a nuevas generaciones con conciencia de su cultura diversa.\u00a0<\/span><\/p>\n<p style=\"text-align: justify;\"><span style=\"font-weight: 400;\">Adem\u00e1s, se privilegiar\u00e1 la diversidad cultural de las propuestas, a trav\u00e9s de la selecci\u00f3n de proyectos provenientes de diferentes pa\u00edses. Las presentaciones realizadas por mujeres, j\u00f3venes de entre 18 y 35 a\u00f1os, as\u00ed como por personas ind\u00edgenas, afrodescendientes y\/o campesinas, ser\u00e1n consideradas con <\/span><span style=\"font-weight: 400;\">mayor puntuaci\u00f3n<\/span><span style=\"font-weight: 400;\">.<\/span><span style=\"font-weight: 400;\"> As\u00ed como aquellas realizadas por personas que pertenezcan a comunidades que se encuentran en movimiento, o que est\u00e9n transitando el proceso de migraci\u00f3n en un refugio.<\/span><\/p>\n<p style=\"text-align: justify;\"><span style=\"font-weight: 400;\">Todas las personas que tengan sus pr\u00e1cticas culinarias seleccionadas deber\u00e1n prepararlas en su comunidad y remitir un testimonio a los programas organizadores, dentro de los 30 d\u00edas posteriores a la recepci\u00f3n del est\u00edmulo econ\u00f3mico. Este testimonio deber\u00e1 ser grabado en un video de no m\u00e1ximo 5 minutos, en donde se detalle la actividad realizada, as\u00ed como el p\u00fablico alcanzado, identificando edad, g\u00e9nero, personas afrodescendientes, comunidades campesinas y de pueblos originarios que han formado parte de la experiencia. Los programas organizadores deber\u00e1n recibir el enlace a este video por correo electr\u00f3nico.<\/span><\/p>\n<p>.<b>\u00a0<\/b><\/p>\n<h5 style=\"text-align: justify;\"><strong><i>(*) <\/i><i>Son pa\u00edses Iberoamericanos: Andorra, Argentina, Bolivia, Brasil, Chile, Colombia, Costa Rica, Cuba, Ecuador, El Salvador, Espa\u00f1a, Guatemala, Honduras, M\u00e9xico, Nicaragua, Panam\u00e1, Paraguay, Per\u00fa, Portugal, Rep\u00fablica Dominicana, Uruguay, Venezuela<\/i>.<\/strong><\/h5>\n<p>.<\/p>\n<h4><span style=\"font-weight: 400;\"><strong><a href=\"https:\/\/iberculturaviva.org\/wp-content\/uploads\/2024\/09\/484d9a73-5497-4616-98b1-382f49c05421.jpg\"><img loading=\"lazy\" decoding=\"async\" class=\" wp-image-35198 alignright\" src=\"https:\/\/iberculturaviva.org\/wp-content\/uploads\/2024\/09\/484d9a73-5497-4616-98b1-382f49c05421-960x960.jpg\" alt=\"\" width=\"234\" height=\"234\" srcset=\"https:\/\/iberculturaviva.org\/wp-content\/uploads\/2024\/09\/484d9a73-5497-4616-98b1-382f49c05421-960x960.jpg 960w, https:\/\/iberculturaviva.org\/wp-content\/uploads\/2024\/09\/484d9a73-5497-4616-98b1-382f49c05421-150x150.jpg 150w, https:\/\/iberculturaviva.org\/wp-content\/uploads\/2024\/09\/484d9a73-5497-4616-98b1-382f49c05421-768x768.jpg 768w, https:\/\/iberculturaviva.org\/wp-content\/uploads\/2024\/09\/484d9a73-5497-4616-98b1-382f49c05421-50x50.jpg 50w, https:\/\/iberculturaviva.org\/wp-content\/uploads\/2024\/09\/484d9a73-5497-4616-98b1-382f49c05421-125x125.jpg 125w, https:\/\/iberculturaviva.org\/wp-content\/uploads\/2024\/09\/484d9a73-5497-4616-98b1-382f49c05421-56x56.jpg 56w, https:\/\/iberculturaviva.org\/wp-content\/uploads\/2024\/09\/484d9a73-5497-4616-98b1-382f49c05421-640x640.jpg 640w, https:\/\/iberculturaviva.org\/wp-content\/uploads\/2024\/09\/484d9a73-5497-4616-98b1-382f49c05421-250x250.jpg 250w, https:\/\/iberculturaviva.org\/wp-content\/uploads\/2024\/09\/484d9a73-5497-4616-98b1-382f49c05421-40x40.jpg 40w, https:\/\/iberculturaviva.org\/wp-content\/uploads\/2024\/09\/484d9a73-5497-4616-98b1-382f49c05421.jpg 1080w\" sizes=\"auto, (max-width: 234px) 100vw, 234px\" \/><\/a><a href=\"https:\/\/iberculturaviva.org\/wp-content\/uploads\/2024\/09\/esp-por-reglamento__sabores_migrantes_2024Rev.docx.pdf\" target=\"_blank\" rel=\"noopener noreferrer\">Revisa las bases del concurso<\/a><\/strong><\/span><\/h4>\n<p><span style=\"font-weight: 400;\"><strong>D\u00f3nde inscribirse<\/strong>: <a href=\"https:\/\/mapa.iberculturaviva.org\/oportunidade\/295\/\" target=\"_blank\" rel=\"noopener noreferrer\">https:\/\/mapa.iberculturaviva.org\/oportunidade\/295\/<\/a><\/span><\/p>\n<p><span style=\"font-weight: 400;\"><strong>Consultas<\/strong>: <\/span><a href=\"mailto:programa@iberculturaviva.org\" target=\"_blank\" rel=\"noopener noreferrer\"><span style=\"font-weight: 400;\">programa@iberculturaviva.org<\/span><\/a><\/p>\n<p>.<\/p>\n","protected":false},"excerpt":{"rendered":"<p>Este viernes 13 de septiembre, los programas IberCultura Viva, Iber-Rutas e Ibercocinas abren la inscripci\u00f3n para la sexta edici\u00f3n del concurso Sabores Migrantes Comunitarios, que premia historias de recetas y [&hellip;]<\/p>\n","protected":false},"author":2,"featured_media":35260,"comment_status":"closed","ping_status":"closed","sticky":false,"template":"","format":"standard","meta":{"_coblocks_attr":"","_coblocks_dimensions":"","_coblocks_responsive_height":"","_coblocks_accordion_ie_support":"","_EventAllDay":false,"_EventTimezone":"","_EventStartDate":"","_EventEndDate":"","_EventStartDateUTC":"","_EventEndDateUTC":"","_EventShowMap":false,"_EventShowMapLink":false,"_EventURL":"","_EventCost":"","_EventCostDescription":"","_EventCurrencySymbol":"","_EventCurrencyCode":"","_EventCurrencyPosition":"","_EventDateTimeSeparator":"","_EventTimeRangeSeparator":"","_EventOrganizerID":[],"_EventVenueID":[],"_OrganizerEmail":"","_OrganizerPhone":"","_OrganizerWebsite":"","_VenueAddress":"","_VenueCity":"","_VenueCountry":"","_VenueProvince":"","_VenueState":"","_VenueZip":"","_VenuePhone":"","_VenueURL":"","_VenueStateProvince":"","_VenueLat":"","_VenueLng":"","_VenueShowMap":false,"_VenueShowMapLink":false,"footnotes":""},"categories":[250,254,262],"tags":[325,292,387,344],"country-municipality":[],"class_list":["post-35195","post","type-post","status-publish","format-standard","has-post-thumbnail","hentry","category-convocatorias","category-destaque-es","category-noticias-es","tag-concurso-2","tag-convocatoria-2","tag-recetas-2","tag-sabores-migrantes-2"],"yoast_head":"<!-- This site is optimized with the Yoast SEO plugin v25.7 - https:\/\/yoast.com\/wordpress\/plugins\/seo\/ -->\n<title>Ibercocinas, Iber-Rutas e IberCultura Viva lanzan la sexta edici\u00f3n del concurso Sabores Migrantes Comunitarios - IberCultura Viva<\/title>\n<meta name=\"description\" content=\"Ibercocinas, Iber-Rutas e IberCultura Viva lanzan la sexta edici\u00f3n del concurso Sabores Migrantes Comunitarios - IberCultura Viva\" \/>\n<meta name=\"robots\" content=\"index, follow, max-snippet:-1, max-image-preview:large, max-video-preview:-1\" \/>\n<link rel=\"canonical\" href=\"https:\/\/iberculturaviva.org\/es\/ibercocinas-iber-rutas-e-ibercultura-viva-lanzan-la-sexta-edicion-del-concurso-sabores-migrantes-comunitarios\/\" \/>\n<meta property=\"og:locale\" content=\"es_ES\" \/>\n<meta property=\"og:type\" content=\"article\" \/>\n<meta property=\"og:title\" content=\"Ibercocinas, Iber-Rutas e IberCultura Viva lanzan la sexta edici\u00f3n del concurso Sabores Migrantes Comunitarios - IberCultura Viva\" \/>\n<meta property=\"og:description\" content=\"Ibercocinas, Iber-Rutas e IberCultura Viva lanzan la sexta edici\u00f3n del concurso Sabores Migrantes Comunitarios - IberCultura Viva\" \/>\n<meta property=\"og:url\" content=\"https:\/\/iberculturaviva.org\/es\/ibercocinas-iber-rutas-e-ibercultura-viva-lanzan-la-sexta-edicion-del-concurso-sabores-migrantes-comunitarios\/\" \/>\n<meta property=\"og:site_name\" content=\"IberCultura Viva\" \/>\n<meta property=\"article:publisher\" content=\"https:\/\/www.facebook.com\/iberculturaviva\/\" \/>\n<meta property=\"article:published_time\" content=\"2024-09-13T16:37:11+00:00\" \/>\n<meta property=\"article:modified_time\" content=\"2024-09-27T01:16:58+00:00\" \/>\n<meta property=\"og:image\" content=\"https:\/\/iberculturaviva.org\/wp-content\/uploads\/2024\/09\/SaboresMigrantes.jpg\" \/>\n\t<meta property=\"og:image:width\" content=\"1200\" \/>\n\t<meta property=\"og:image:height\" content=\"800\" \/>\n\t<meta property=\"og:image:type\" content=\"image\/jpeg\" \/>\n<meta name=\"author\" content=\"IberCultura\" \/>\n<meta name=\"twitter:card\" content=\"summary_large_image\" \/>\n<meta name=\"twitter:label1\" content=\"Escrito por\" \/>\n\t<meta name=\"twitter:data1\" content=\"IberCultura\" \/>\n\t<meta name=\"twitter:label2\" content=\"Tiempo de lectura\" \/>\n\t<meta name=\"twitter:data2\" content=\"3 minutos\" \/>\n<script type=\"application\/ld+json\" class=\"yoast-schema-graph\">{\"@context\":\"https:\/\/schema.org\",\"@graph\":[{\"@type\":\"Article\",\"@id\":\"https:\/\/iberculturaviva.org\/es\/ibercocinas-iber-rutas-e-ibercultura-viva-lanzan-la-sexta-edicion-del-concurso-sabores-migrantes-comunitarios\/#article\",\"isPartOf\":{\"@id\":\"https:\/\/iberculturaviva.org\/es\/ibercocinas-iber-rutas-e-ibercultura-viva-lanzan-la-sexta-edicion-del-concurso-sabores-migrantes-comunitarios\/\"},\"author\":{\"name\":\"IberCultura\",\"@id\":\"https:\/\/iberculturaviva.org\/es\/?lang=es\/#\/schema\/person\/5d1313b072cc25536e0431522f740b59\"},\"headline\":\"Ibercocinas, Iber-Rutas e IberCultura Viva lanzan la sexta edici\u00f3n del concurso Sabores Migrantes Comunitarios\",\"datePublished\":\"2024-09-13T16:37:11+00:00\",\"dateModified\":\"2024-09-27T01:16:58+00:00\",\"mainEntityOfPage\":{\"@id\":\"https:\/\/iberculturaviva.org\/es\/ibercocinas-iber-rutas-e-ibercultura-viva-lanzan-la-sexta-edicion-del-concurso-sabores-migrantes-comunitarios\/\"},\"wordCount\":669,\"publisher\":{\"@id\":\"https:\/\/iberculturaviva.org\/es\/?lang=es\/#organization\"},\"image\":{\"@id\":\"https:\/\/iberculturaviva.org\/es\/ibercocinas-iber-rutas-e-ibercultura-viva-lanzan-la-sexta-edicion-del-concurso-sabores-migrantes-comunitarios\/#primaryimage\"},\"thumbnailUrl\":\"https:\/\/iberculturaviva.org\/wp-content\/uploads\/2024\/09\/SaboresMigrantes.jpg\",\"keywords\":[\"concurso\",\"convocatoria\",\"recetas\",\"sabores migrantes\"],\"articleSection\":[\"Convocatorias\",\"Destaque\",\"Noticias\"],\"inLanguage\":\"es\"},{\"@type\":\"WebPage\",\"@id\":\"https:\/\/iberculturaviva.org\/es\/ibercocinas-iber-rutas-e-ibercultura-viva-lanzan-la-sexta-edicion-del-concurso-sabores-migrantes-comunitarios\/\",\"url\":\"https:\/\/iberculturaviva.org\/es\/ibercocinas-iber-rutas-e-ibercultura-viva-lanzan-la-sexta-edicion-del-concurso-sabores-migrantes-comunitarios\/\",\"name\":\"Ibercocinas, Iber-Rutas e IberCultura Viva lanzan la sexta edici\u00f3n del concurso Sabores Migrantes Comunitarios - IberCultura Viva\",\"isPartOf\":{\"@id\":\"https:\/\/iberculturaviva.org\/es\/?lang=es\/#website\"},\"primaryImageOfPage\":{\"@id\":\"https:\/\/iberculturaviva.org\/es\/ibercocinas-iber-rutas-e-ibercultura-viva-lanzan-la-sexta-edicion-del-concurso-sabores-migrantes-comunitarios\/#primaryimage\"},\"image\":{\"@id\":\"https:\/\/iberculturaviva.org\/es\/ibercocinas-iber-rutas-e-ibercultura-viva-lanzan-la-sexta-edicion-del-concurso-sabores-migrantes-comunitarios\/#primaryimage\"},\"thumbnailUrl\":\"https:\/\/iberculturaviva.org\/wp-content\/uploads\/2024\/09\/SaboresMigrantes.jpg\",\"datePublished\":\"2024-09-13T16:37:11+00:00\",\"dateModified\":\"2024-09-27T01:16:58+00:00\",\"description\":\"Ibercocinas, Iber-Rutas e IberCultura Viva lanzan la sexta edici\u00f3n del concurso Sabores Migrantes Comunitarios - IberCultura Viva\",\"breadcrumb\":{\"@id\":\"https:\/\/iberculturaviva.org\/es\/ibercocinas-iber-rutas-e-ibercultura-viva-lanzan-la-sexta-edicion-del-concurso-sabores-migrantes-comunitarios\/#breadcrumb\"},\"inLanguage\":\"es\",\"potentialAction\":[{\"@type\":\"ReadAction\",\"target\":[\"https:\/\/iberculturaviva.org\/es\/ibercocinas-iber-rutas-e-ibercultura-viva-lanzan-la-sexta-edicion-del-concurso-sabores-migrantes-comunitarios\/\"]}]},{\"@type\":\"ImageObject\",\"inLanguage\":\"es\",\"@id\":\"https:\/\/iberculturaviva.org\/es\/ibercocinas-iber-rutas-e-ibercultura-viva-lanzan-la-sexta-edicion-del-concurso-sabores-migrantes-comunitarios\/#primaryimage\",\"url\":\"https:\/\/iberculturaviva.org\/wp-content\/uploads\/2024\/09\/SaboresMigrantes.jpg\",\"contentUrl\":\"https:\/\/iberculturaviva.org\/wp-content\/uploads\/2024\/09\/SaboresMigrantes.jpg\",\"width\":1200,\"height\":800},{\"@type\":\"BreadcrumbList\",\"@id\":\"https:\/\/iberculturaviva.org\/es\/ibercocinas-iber-rutas-e-ibercultura-viva-lanzan-la-sexta-edicion-del-concurso-sabores-migrantes-comunitarios\/#breadcrumb\",\"itemListElement\":[{\"@type\":\"ListItem\",\"position\":1,\"name\":\"In\u00edcio\",\"item\":\"https:\/\/iberculturaviva.org\/es\/inicio\/\"},{\"@type\":\"ListItem\",\"position\":2,\"name\":\"Ibercocinas, Iber-Rutas e IberCultura Viva lanzan la sexta edici\u00f3n del concurso Sabores Migrantes Comunitarios\"}]},{\"@type\":\"WebSite\",\"@id\":\"https:\/\/iberculturaviva.org\/es\/?lang=es\/#website\",\"url\":\"https:\/\/iberculturaviva.org\/es\/?lang=es\/\",\"name\":\"IberCultura Viva\",\"description\":\"Programa de cooperaci\u00f3n cultural\",\"publisher\":{\"@id\":\"https:\/\/iberculturaviva.org\/es\/?lang=es\/#organization\"},\"potentialAction\":[{\"@type\":\"SearchAction\",\"target\":{\"@type\":\"EntryPoint\",\"urlTemplate\":\"https:\/\/iberculturaviva.org\/es\/?lang=es\/?s={search_term_string}\"},\"query-input\":{\"@type\":\"PropertyValueSpecification\",\"valueRequired\":true,\"valueName\":\"search_term_string\"}}],\"inLanguage\":\"es\"},{\"@type\":\"Organization\",\"@id\":\"https:\/\/iberculturaviva.org\/es\/?lang=es\/#organization\",\"name\":\"Iberculturaviva\",\"url\":\"https:\/\/iberculturaviva.org\/es\/?lang=es\/\",\"logo\":{\"@type\":\"ImageObject\",\"inLanguage\":\"es\",\"@id\":\"https:\/\/iberculturaviva.org\/es\/?lang=es\/#\/schema\/logo\/image\/\",\"url\":\"https:\/\/iberculturaviva.org\/wp-content\/uploads\/2021\/08\/logo_ibercultura_viva.jpg\",\"contentUrl\":\"https:\/\/iberculturaviva.org\/wp-content\/uploads\/2021\/08\/logo_ibercultura_viva.jpg\",\"width\":708,\"height\":223,\"caption\":\"Iberculturaviva\"},\"image\":{\"@id\":\"https:\/\/iberculturaviva.org\/es\/?lang=es\/#\/schema\/logo\/image\/\"},\"sameAs\":[\"https:\/\/www.facebook.com\/iberculturaviva\/\",\"https:\/\/www.instagram.com\/iberculturaviva\/\",\"https:\/\/www.youtube.com\/iberculturaviva\"]},{\"@type\":\"Person\",\"@id\":\"https:\/\/iberculturaviva.org\/es\/?lang=es\/#\/schema\/person\/5d1313b072cc25536e0431522f740b59\",\"name\":\"IberCultura\",\"image\":{\"@type\":\"ImageObject\",\"inLanguage\":\"es\",\"@id\":\"https:\/\/iberculturaviva.org\/es\/?lang=es\/#\/schema\/person\/image\/\",\"url\":\"https:\/\/secure.gravatar.com\/avatar\/79f1a057cb125cbefb3765d0356d52fc7f3bba3a35e2cf22bc4de090bb7aef70?s=96&d=mm&r=g\",\"contentUrl\":\"https:\/\/secure.gravatar.com\/avatar\/79f1a057cb125cbefb3765d0356d52fc7f3bba3a35e2cf22bc4de090bb7aef70?s=96&d=mm&r=g\",\"caption\":\"IberCultura\"}}]}<\/script>\n<!-- \/ Yoast SEO plugin. -->","yoast_head_json":{"title":"Ibercocinas, Iber-Rutas e IberCultura Viva lanzan la sexta edici\u00f3n del concurso Sabores Migrantes Comunitarios - IberCultura Viva","description":"Ibercocinas, Iber-Rutas e IberCultura Viva lanzan la sexta edici\u00f3n del concurso Sabores Migrantes Comunitarios - IberCultura Viva","robots":{"index":"index","follow":"follow","max-snippet":"max-snippet:-1","max-image-preview":"max-image-preview:large","max-video-preview":"max-video-preview:-1"},"canonical":"https:\/\/iberculturaviva.org\/es\/ibercocinas-iber-rutas-e-ibercultura-viva-lanzan-la-sexta-edicion-del-concurso-sabores-migrantes-comunitarios\/","og_locale":"es_ES","og_type":"article","og_title":"Ibercocinas, Iber-Rutas e IberCultura Viva lanzan la sexta edici\u00f3n del concurso Sabores Migrantes Comunitarios - IberCultura Viva","og_description":"Ibercocinas, Iber-Rutas e IberCultura Viva lanzan la sexta edici\u00f3n del concurso Sabores Migrantes Comunitarios - IberCultura Viva","og_url":"https:\/\/iberculturaviva.org\/es\/ibercocinas-iber-rutas-e-ibercultura-viva-lanzan-la-sexta-edicion-del-concurso-sabores-migrantes-comunitarios\/","og_site_name":"IberCultura Viva","article_publisher":"https:\/\/www.facebook.com\/iberculturaviva\/","article_published_time":"2024-09-13T16:37:11+00:00","article_modified_time":"2024-09-27T01:16:58+00:00","og_image":[{"width":1200,"height":800,"url":"https:\/\/iberculturaviva.org\/wp-content\/uploads\/2024\/09\/SaboresMigrantes.jpg","type":"image\/jpeg"}],"author":"IberCultura","twitter_card":"summary_large_image","twitter_misc":{"Escrito por":"IberCultura","Tiempo de lectura":"3 minutos"},"schema":{"@context":"https:\/\/schema.org","@graph":[{"@type":"Article","@id":"https:\/\/iberculturaviva.org\/es\/ibercocinas-iber-rutas-e-ibercultura-viva-lanzan-la-sexta-edicion-del-concurso-sabores-migrantes-comunitarios\/#article","isPartOf":{"@id":"https:\/\/iberculturaviva.org\/es\/ibercocinas-iber-rutas-e-ibercultura-viva-lanzan-la-sexta-edicion-del-concurso-sabores-migrantes-comunitarios\/"},"author":{"name":"IberCultura","@id":"https:\/\/iberculturaviva.org\/es\/?lang=es\/#\/schema\/person\/5d1313b072cc25536e0431522f740b59"},"headline":"Ibercocinas, Iber-Rutas e IberCultura Viva lanzan la sexta edici\u00f3n del concurso Sabores Migrantes Comunitarios","datePublished":"2024-09-13T16:37:11+00:00","dateModified":"2024-09-27T01:16:58+00:00","mainEntityOfPage":{"@id":"https:\/\/iberculturaviva.org\/es\/ibercocinas-iber-rutas-e-ibercultura-viva-lanzan-la-sexta-edicion-del-concurso-sabores-migrantes-comunitarios\/"},"wordCount":669,"publisher":{"@id":"https:\/\/iberculturaviva.org\/es\/?lang=es\/#organization"},"image":{"@id":"https:\/\/iberculturaviva.org\/es\/ibercocinas-iber-rutas-e-ibercultura-viva-lanzan-la-sexta-edicion-del-concurso-sabores-migrantes-comunitarios\/#primaryimage"},"thumbnailUrl":"https:\/\/iberculturaviva.org\/wp-content\/uploads\/2024\/09\/SaboresMigrantes.jpg","keywords":["concurso","convocatoria","recetas","sabores migrantes"],"articleSection":["Convocatorias","Destaque","Noticias"],"inLanguage":"es"},{"@type":"WebPage","@id":"https:\/\/iberculturaviva.org\/es\/ibercocinas-iber-rutas-e-ibercultura-viva-lanzan-la-sexta-edicion-del-concurso-sabores-migrantes-comunitarios\/","url":"https:\/\/iberculturaviva.org\/es\/ibercocinas-iber-rutas-e-ibercultura-viva-lanzan-la-sexta-edicion-del-concurso-sabores-migrantes-comunitarios\/","name":"Ibercocinas, Iber-Rutas e IberCultura Viva lanzan la sexta edici\u00f3n del concurso Sabores Migrantes Comunitarios - IberCultura Viva","isPartOf":{"@id":"https:\/\/iberculturaviva.org\/es\/?lang=es\/#website"},"primaryImageOfPage":{"@id":"https:\/\/iberculturaviva.org\/es\/ibercocinas-iber-rutas-e-ibercultura-viva-lanzan-la-sexta-edicion-del-concurso-sabores-migrantes-comunitarios\/#primaryimage"},"image":{"@id":"https:\/\/iberculturaviva.org\/es\/ibercocinas-iber-rutas-e-ibercultura-viva-lanzan-la-sexta-edicion-del-concurso-sabores-migrantes-comunitarios\/#primaryimage"},"thumbnailUrl":"https:\/\/iberculturaviva.org\/wp-content\/uploads\/2024\/09\/SaboresMigrantes.jpg","datePublished":"2024-09-13T16:37:11+00:00","dateModified":"2024-09-27T01:16:58+00:00","description":"Ibercocinas, Iber-Rutas e IberCultura Viva lanzan la sexta edici\u00f3n del concurso Sabores Migrantes Comunitarios - IberCultura Viva","breadcrumb":{"@id":"https:\/\/iberculturaviva.org\/es\/ibercocinas-iber-rutas-e-ibercultura-viva-lanzan-la-sexta-edicion-del-concurso-sabores-migrantes-comunitarios\/#breadcrumb"},"inLanguage":"es","potentialAction":[{"@type":"ReadAction","target":["https:\/\/iberculturaviva.org\/es\/ibercocinas-iber-rutas-e-ibercultura-viva-lanzan-la-sexta-edicion-del-concurso-sabores-migrantes-comunitarios\/"]}]},{"@type":"ImageObject","inLanguage":"es","@id":"https:\/\/iberculturaviva.org\/es\/ibercocinas-iber-rutas-e-ibercultura-viva-lanzan-la-sexta-edicion-del-concurso-sabores-migrantes-comunitarios\/#primaryimage","url":"https:\/\/iberculturaviva.org\/wp-content\/uploads\/2024\/09\/SaboresMigrantes.jpg","contentUrl":"https:\/\/iberculturaviva.org\/wp-content\/uploads\/2024\/09\/SaboresMigrantes.jpg","width":1200,"height":800},{"@type":"BreadcrumbList","@id":"https:\/\/iberculturaviva.org\/es\/ibercocinas-iber-rutas-e-ibercultura-viva-lanzan-la-sexta-edicion-del-concurso-sabores-migrantes-comunitarios\/#breadcrumb","itemListElement":[{"@type":"ListItem","position":1,"name":"In\u00edcio","item":"https:\/\/iberculturaviva.org\/es\/inicio\/"},{"@type":"ListItem","position":2,"name":"Ibercocinas, Iber-Rutas e IberCultura Viva lanzan la sexta edici\u00f3n del concurso Sabores Migrantes Comunitarios"}]},{"@type":"WebSite","@id":"https:\/\/iberculturaviva.org\/es\/?lang=es\/#website","url":"https:\/\/iberculturaviva.org\/es\/?lang=es\/","name":"IberCultura Viva","description":"Programa de cooperaci\u00f3n cultural","publisher":{"@id":"https:\/\/iberculturaviva.org\/es\/?lang=es\/#organization"},"potentialAction":[{"@type":"SearchAction","target":{"@type":"EntryPoint","urlTemplate":"https:\/\/iberculturaviva.org\/es\/?lang=es\/?s={search_term_string}"},"query-input":{"@type":"PropertyValueSpecification","valueRequired":true,"valueName":"search_term_string"}}],"inLanguage":"es"},{"@type":"Organization","@id":"https:\/\/iberculturaviva.org\/es\/?lang=es\/#organization","name":"Iberculturaviva","url":"https:\/\/iberculturaviva.org\/es\/?lang=es\/","logo":{"@type":"ImageObject","inLanguage":"es","@id":"https:\/\/iberculturaviva.org\/es\/?lang=es\/#\/schema\/logo\/image\/","url":"https:\/\/iberculturaviva.org\/wp-content\/uploads\/2021\/08\/logo_ibercultura_viva.jpg","contentUrl":"https:\/\/iberculturaviva.org\/wp-content\/uploads\/2021\/08\/logo_ibercultura_viva.jpg","width":708,"height":223,"caption":"Iberculturaviva"},"image":{"@id":"https:\/\/iberculturaviva.org\/es\/?lang=es\/#\/schema\/logo\/image\/"},"sameAs":["https:\/\/www.facebook.com\/iberculturaviva\/","https:\/\/www.instagram.com\/iberculturaviva\/","https:\/\/www.youtube.com\/iberculturaviva"]},{"@type":"Person","@id":"https:\/\/iberculturaviva.org\/es\/?lang=es\/#\/schema\/person\/5d1313b072cc25536e0431522f740b59","name":"IberCultura","image":{"@type":"ImageObject","inLanguage":"es","@id":"https:\/\/iberculturaviva.org\/es\/?lang=es\/#\/schema\/person\/image\/","url":"https:\/\/secure.gravatar.com\/avatar\/79f1a057cb125cbefb3765d0356d52fc7f3bba3a35e2cf22bc4de090bb7aef70?s=96&d=mm&r=g","contentUrl":"https:\/\/secure.gravatar.com\/avatar\/79f1a057cb125cbefb3765d0356d52fc7f3bba3a35e2cf22bc4de090bb7aef70?s=96&d=mm&r=g","caption":"IberCultura"}}]}},"main_category":{"link":"https:\/\/iberculturaviva.org\/es\/category\/convocatorias\/","name":"Convocatorias","slug":"convocatorias"},"_links":{"self":[{"href":"https:\/\/iberculturaviva.org\/es\/wp-json\/wp\/v2\/posts\/35195","targetHints":{"allow":["GET"]}}],"collection":[{"href":"https:\/\/iberculturaviva.org\/es\/wp-json\/wp\/v2\/posts"}],"about":[{"href":"https:\/\/iberculturaviva.org\/es\/wp-json\/wp\/v2\/types\/post"}],"author":[{"embeddable":true,"href":"https:\/\/iberculturaviva.org\/es\/wp-json\/wp\/v2\/users\/2"}],"replies":[{"embeddable":true,"href":"https:\/\/iberculturaviva.org\/es\/wp-json\/wp\/v2\/comments?post=35195"}],"version-history":[{"count":12,"href":"https:\/\/iberculturaviva.org\/es\/wp-json\/wp\/v2\/posts\/35195\/revisions"}],"predecessor-version":[{"id":35338,"href":"https:\/\/iberculturaviva.org\/es\/wp-json\/wp\/v2\/posts\/35195\/revisions\/35338"}],"wp:featuredmedia":[{"embeddable":true,"href":"https:\/\/iberculturaviva.org\/es\/wp-json\/wp\/v2\/media\/35260"}],"wp:attachment":[{"href":"https:\/\/iberculturaviva.org\/es\/wp-json\/wp\/v2\/media?parent=35195"}],"wp:term":[{"taxonomy":"category","embeddable":true,"href":"https:\/\/iberculturaviva.org\/es\/wp-json\/wp\/v2\/categories?post=35195"},{"taxonomy":"post_tag","embeddable":true,"href":"https:\/\/iberculturaviva.org\/es\/wp-json\/wp\/v2\/tags?post=35195"},{"taxonomy":"country-municipality","embeddable":true,"href":"https:\/\/iberculturaviva.org\/es\/wp-json\/wp\/v2\/country-municipality?post=35195"}],"curies":[{"name":"wp","href":"https:\/\/api.w.org\/{rel}","templated":true}]}}