{"id":35162,"date":"2024-09-12T11:29:35","date_gmt":"2024-09-12T14:29:35","guid":{"rendered":"https:\/\/iberculturaviva.org\/?p=35162"},"modified":"2024-09-16T10:59:50","modified_gmt":"2024-09-16T13:59:50","slug":"gobiernos-locales-y-organizaciones-comunitarias-inician-el-proyecto-de-construccion-colectiva-del-manual-de-buenas-practicas-territoriales","status":"publish","type":"post","link":"https:\/\/iberculturaviva.org\/es\/gobiernos-locales-y-organizaciones-comunitarias-inician-el-proyecto-de-construccion-colectiva-del-manual-de-buenas-practicas-territoriales\/","title":{"rendered":"Gobiernos locales y organizaciones comunitarias inician el proyecto de construcci\u00f3n colectiva del Manual de Buenas Pr\u00e1cticas Territoriales"},"content":{"rendered":"<p style=\"text-align: justify;\"><span style=\"font-weight: 400;\">La Municipalidad de Alajuelita (Costa Rica) present\u00f3 el proyecto de construcci\u00f3n colectiva del Manual de Buenas Pr\u00e1cticas Territoriales, el lunes 9 de septiembre, en un encuentro por videoconferencia <\/span><a href=\"https:\/\/www.facebook.com\/municipalidadalajuelita\/videos\/864939568584347\" target=\"_blank\" rel=\"noopener noreferrer\"><span style=\"font-weight: 400;\">transmitido en vivo<\/span><\/a><span style=\"font-weight: 400;\"> por Facebook<\/span><span style=\"font-weight: 400;\">. La iniciativa es una de las actividades que se desarrollan en el a\u00f1o de 2024 con el apoyo de la Red IberCultura Viva de Ciudades y Gobiernos Locales.\u00a0<\/span><\/p>\n<p style=\"text-align: justify;\"><span style=\"font-weight: 400;\">El proyecto comenzar\u00e1 el pr\u00f3ximo lunes, 16 de septiembre, con conversatorios semanales (todos los lunes, hasta el 14 de octubre), talleres y mesas de trabajo con representantes de organizaciones culturales comunitarias y de gobiernos locales, con la intenci\u00f3n de documentar pr\u00e1cticas que sean replicables y adaptables a diferentes realidades territoriales.\u00a0<\/span><\/p>\n<p style=\"text-align: justify;\"><span style=\"font-weight: 400;\">Hasta el viernes 13 de septiembre estar\u00e1 abierta la <\/span><a href=\"https:\/\/mapa.iberculturaviva.org\/oportunidade\/294\/\" target=\"_blank\" rel=\"noopener noreferrer\"><span style=\"font-weight: 400;\">convocatoria en el Mapa IberCultura Viva<\/span><\/a><span style=\"font-weight: 400;\"> para las organizaciones interesadas en participar en este proceso de construcci\u00f3n colaborativa. La presentaci\u00f3n del manual est\u00e1 prevista para el d\u00eda 15 de noviembre, en el Concejo Municipal de Alajuelita.<\/span><\/p>\n<p style=\"text-align: justify;\"><span style=\"font-weight: 400;\">.<\/span><\/p>\n<h4><b>La sesi\u00f3n de lanzamiento<\/b><\/h4>\n<p style=\"text-align: justify;\"><span style=\"font-weight: 400;\">Ronald Jos\u00e9 Montero Bonilla, gestor cultural de la Municipalidad de Alajuelita, estuvo a cargo de la mediaci\u00f3n de este primer encuentro virtual del proyecto, que cont\u00f3 con una charla del colombiano Jorge Melguizo, <\/span><span style=\"font-weight: 400;\">consultor en gesti\u00f3n p\u00fablica, cultura, convivencia y urbanismo social<\/span><span style=\"font-weight: 400;\">. Entre las personas participantes estaban Johanna Madrigal, directora de Gesti\u00f3n Sociocultural del Ministerio de Cultura y Juventud (DGS\/MCJ) y representante (REPPI) de Costa Rica ante IberCultura Viva, y Eduardo Reyes Paniagua, encargado de Puntos de Cultura y enlace t\u00e9cnico del MCJ en este programa de cooperaci\u00f3n.<\/span><\/p>\n<p style=\"text-align: justify;\"><span style=\"font-weight: 400;\">Tambi\u00e9n participaron en la conversaci\u00f3n Tania \u00c1lvarez Chavarr\u00eda (Fundaci\u00f3n Keme), representante de Alajuelita en la Red IberCultura Viva de Ciudades y Gobiernos Locales; Luisa Vel\u00e1squez, representante de Guadalajara; Eric Madrigal, miembro de la <\/span><a href=\"https:\/\/www.facebook.com\/groups\/1483424528539432\/user\/100064363734768\/?__cft__[0]=AZXE8YzpNczXGGJy_PsLpqHEX73KXAm_CuS5KCQEPM7dHNyLuE_Bos7Q0IiKLhvLHRJ3qYCxy9jUXymOyb0O_AHet85MW3_J7QLPECFxM4avqkxpKmbbUsnisudU-znOhQhqSXNUxCX54ZJXHKswuMI-2p1vkDLnxPeMipQZ4ryBsgi8l6bHZkgtmgsB4QP6bEg3WiL1eJCFcTq1mZA8W_xP&amp;__tn__=-]K-R\" target=\"_blank\" rel=\"noopener noreferrer\"><span style=\"font-weight: 400;\">Asociaci\u00f3n Cultural del Swing y el Bolero Costarricenses<\/span><\/a><span style=\"font-weight: 400;\"> (Aswingbol) y del Movimiento de Culturas Vivas Comunitarias de Costa Rica; Santiago Buitr\u00f3n Ch\u00e1vez, de la Red <\/span><a href=\"https:\/\/www.facebook.com\/awasqaredcomunitaria\" target=\"_blank\" rel=\"noopener noreferrer\"><span style=\"font-weight: 400;\">Awasqa<\/span><\/a><span style=\"font-weight: 400;\"> (Ecuador);<\/span><span style=\"font-weight: 400;\"> Carlos Alfredo Perez Rigirozzi y Aurora Beatriz Silva, de <\/span><a href=\"https:\/\/www.facebook.com\/convocadosporludica\" target=\"_blank\" rel=\"noopener noreferrer\"><span style=\"font-weight: 400;\">Convocados por L\u00fadica <\/span><\/a><span style=\"font-weight: 400;\">(Argentina); Lucio Berrios Moya, de la revista<\/span><a href=\"https:\/\/labitacora.cl\/index.php\"><span style=\"font-weight: 400;\"> La Bit\u00e1cora<\/span><\/a><span style=\"font-weight: 400;\"> (Chile), y Carlos Eduardo Barajas Robles, de <\/span><a href=\"https:\/\/www.facebook.com\/vertientesmedios?__cft__[0]=AZWPofyJdnFpl3qq45ltcpPTeNvAdviCsnlQ0cqubLk41tCWknYxMe9HJUnbdbzRvmLTBvyc4g5CnhQVZFD-4_LBANUQm2Sam5ZhmuLGUH6tbt8oubLmDwyuf4QDIXSMBwfUqjJ7VxxPVr9J_enNp8KteNkz14jih8skHzXnpAzo6jIBlKEopF4w3_hk0XdjCM8AaINdQghIL4tYBatJ_CWp&amp;__tn__=-]K-R\" target=\"_blank\" rel=\"noopener noreferrer\"><span style=\"font-weight: 400;\">Vertientes Medios<\/span><\/a><span style=\"font-weight: 400;\"> y la Red<\/span><a href=\"https:\/\/www.facebook.com\/profile.php?id=100081483954157&amp;__cft__[0]=AZWPofyJdnFpl3qq45ltcpPTeNvAdviCsnlQ0cqubLk41tCWknYxMe9HJUnbdbzRvmLTBvyc4g5CnhQVZFD-4_LBANUQm2Sam5ZhmuLGUH6tbt8oubLmDwyuf4QDIXSMBwfUqjJ7VxxPVr9J_enNp8KteNkz14jih8skHzXnpAzo6jIBlKEopF4w3_hk0XdjCM8AaINdQghIL4tYBatJ_CWp&amp;__tn__=-]K-R\" target=\"_blank\" rel=\"noopener noreferrer\"> <span style=\"font-weight: 400;\">Puntos de Cultura Guadalajara<\/span><\/a><span style=\"font-weight: 400;\">.<\/span><\/p>\n<p style=\"text-align: justify;\"><span style=\"font-weight: 400;\">Por parte de la Red de Gestores Culturales de Alajuelita, una de las instancias creadas por la pol\u00edtica cultural de base comunitaria del cant\u00f3n, aprobada en el a\u00f1o 2020, estuvieron presentes: Roc\u00edo Diaz, representante del distrito de Alajuelita Centro; Emilia Mart\u00ednez, del distrito de Concepci\u00f3n, y Elizabeth Campos Briones, del distrito de San Antonio. Asimismo, acompa\u00f1aron la videoconferencia Carolina Mora Sibaja, regidora presidenta de la Comisi\u00f3n de Asuntos Culturales del Concejo Municipal y la alcaldesa Rosario Siles, quien felicit\u00f3 al equipo \u201cpor el gran proyecto que tienen en mano\u201d.<\/span><\/p>\n<p><a href=\"https:\/\/iberculturaviva.org\/wp-content\/uploads\/2024\/09\/alajuelitta.jpg\"><img loading=\"lazy\" decoding=\"async\" class=\"aligncenter wp-image-35168 size-large\" src=\"https:\/\/iberculturaviva.org\/wp-content\/uploads\/2024\/09\/alajuelitta-960x544.jpg\" alt=\"\" width=\"640\" height=\"363\" srcset=\"https:\/\/iberculturaviva.org\/wp-content\/uploads\/2024\/09\/alajuelitta-960x544.jpg 960w, https:\/\/iberculturaviva.org\/wp-content\/uploads\/2024\/09\/alajuelitta-768x435.jpg 768w, https:\/\/iberculturaviva.org\/wp-content\/uploads\/2024\/09\/alajuelitta-125x71.jpg 125w, https:\/\/iberculturaviva.org\/wp-content\/uploads\/2024\/09\/alajuelitta-640x363.jpg 640w, https:\/\/iberculturaviva.org\/wp-content\/uploads\/2024\/09\/alajuelitta.jpg 1423w\" sizes=\"auto, (max-width: 640px) 100vw, 640px\" \/><\/a><\/p>\n<p>.<\/p>\n<h4><b>Miedos, refugios y encantamientos<\/b><\/h4>\n<p style=\"text-align: justify;\"><span style=\"font-weight: 400;\">Jorge Melguizo, que particip\u00f3 como invitado para dictar una charla en este marco, fue secretario de Cultura Ciudadana y de Desarrollo Social de Medell\u00edn, y desde 2010 ha trabajado como consultor, conferencista y profesor en varias universidades de Latinoam\u00e9rica y Espa\u00f1a. Adem\u00e1s es parte del plantel docente del Curso de Posgrado Internacional de Pol\u00edticas Culturales de Base Comunitaria, que IberCultura Viva desarrolla en conjunto con FLACSO-Argentina.<\/span><\/p>\n<p style=\"text-align: justify;\"><span style=\"font-weight: 400;\">A manera de introducci\u00f3n, cont\u00f3 que empez\u00f3 a buscar cosas que hab\u00eda dicho en diferentes momentos sobre cultura viva comunitaria, gobiernos de las ciudades, gobiernos subregionales. En sus escritos vinieron tres palabras: miedos, refugios y encantamiento. Alrededor de estas tres \u00e9l hizo sus reflexiones para este primer encuentro virtual del proyecto del Manual de Buenas Pr\u00e1cticas Territoriales.<\/span><\/p>\n<p style=\"text-align: justify;\"><span style=\"font-weight: 400;\">Comenz\u00f3 por \u201cmiedos\u201d, palabra que siempre ha surgido en los encuentros con las organizaciones culturales. \u201cEnfrentarnos a esos miedos, a las incertidumbres por sus entornos, las incertidumbres frente a las continuidades y a la sostenibilidad de los proyectos, deber\u00eda ser uno de los resultados de un manual de trabajo para gobiernos locales en proyectos de cultura viva comunitaria\u201d, sugiri\u00f3.<\/span><\/p>\n<p style=\"text-align: justify;\"><span style=\"font-weight: 400;\">Sobre la palabra \u201crefugio\u201d, coment\u00f3 que la usa para definir cualquier proyecto cultural. \u201cHoy una biblioteca, un centro cultural, un espacio cultural barrial, un museo, es un refugio. Refugio de muchas cosas\u201d, afirm\u00f3, recordando un episodio ocurrido en el a\u00f1o 2020, cuando en Medell\u00edn volvieron a abrir las bibliotecas, despu\u00e9s de meses de encierro por la pandemia de Covid-19, y la primera persona que entr\u00f3 en una de ellas fue un ni\u00f1o de 12 a\u00f1os que le abraz\u00f3 a la directora y le dijo \u201c\u00bfusted me puede adoptar?\u201d.\u00a0<\/span><\/p>\n<p style=\"text-align: justify;\"><span style=\"font-weight: 400;\">\u201cDetr\u00e1s de ese abrazo estaba una situaci\u00f3n de abuso sexual. Ese ni\u00f1o no iba a la biblioteca a leer un libro, iba a buscar un abrazo, una protecci\u00f3n. Pienso que la mayor\u00eda de los proyectos culturales, barriales y rurales, de esto que llamamos en toda Latinoam\u00e9rica \u2018Puntos de Cultura\u2019, son refugios. Y tenemos que hacerlos valer como refugios, fortalecerlos\u201d, se\u00f1al\u00f3.<\/span><\/p>\n<p style=\"text-align: justify;\"><span style=\"font-weight: 400;\">Finalmente, la palabra \u201cencantamiento\u201d, que seg\u00fan \u00e9l, est\u00e1 relacionada con culturas vivas comunitarias porque las organizaciones y los proyectos culturales comunitarios son epopeyas. Y las epopeyas producen encantamiento. \u201cDeber\u00eda ser una prioridad para los gobiernos municipales, regionales, nacionales, conocer, reconocer, valorar y potenciar esas epopeyas que se construyen en nuestros barrios y en nuestras zonas rurales, en esos lugares de encantamiento, donde la vida hace posible otras vidas, donde las experiencias son el acumulado de muchas experiencias\u201d, afirm\u00f3.<\/span><\/p>\n<p style=\"text-align: justify;\"><span style=\"font-weight: 400;\">Para Melguizo, tambi\u00e9n deber\u00eda ser prioritario recoger el trabajo de gesti\u00f3n del conocimiento de lo que las organizaciones culturales ya saben. \u201cLas organizaciones culturales comunitarias tienen conceptos construidos durante a\u00f1os, tienen metodolog\u00edas, pedagog\u00edas, did\u00e1cticas, indicadores, documentos. Y se nos va la vida haciendo informes para los gobiernos, cuando deber\u00edamos estar haciendo ensayos de reflexi\u00f3n sobre el trabajo cotidiano, recogiendo qu\u00e9 sabe cada una de las personas que est\u00e1n involucradas all\u00ed. \u00bfCu\u00e1l es el conocimiento de sus geograf\u00edas f\u00edsicas, sociales y humanas? Nada mejor que una organizaci\u00f3n cultural de un barrio para conocer su geograf\u00eda, cada uno de los rincones del territorio.\u201d\u00a0<\/span><\/p>\n<p style=\"text-align: justify;\"><span style=\"font-weight: 400;\">El consultor termin\u00f3 su ponencia proponiendo que inicien esta construcci\u00f3n colectiva con algunas \u201ctareas b\u00e1sicas\u201d.\u00a0 Comenzar por darse cuenta que existen las culturas vivas comunitarias. \u201cDarse cuenta significa que sean vistas, nombradas, que se conviertan -como en Alajuelita o en Medell\u00edn- en pol\u00edticas p\u00fablicas municipales. Los gobiernos tienen que ser conscientes del papel que cumplen esas culturas vivas comunitarias en el desarrollo integral de sus barrios o de sus zonas rurales, de los microterritorios, porque en estos proyectos hay cultura, por supuesto, pero hay tambi\u00e9n educaci\u00f3n, inclusi\u00f3n, perspectiva de g\u00e9nero, miradas y enfoques poblacionales, diversidad, creatividad, desarrollo personal, desarrollo social, desarrollo econ\u00f3mico. Hay construcci\u00f3n de convivencia. Es decir, construcci\u00f3n de seguridad\u201d.<\/span><\/p>\n<p style=\"text-align: justify;\"><span style=\"font-weight: 400;\">Entre las \u201ctareas b\u00e1sicas\u201d de los gobiernos tambi\u00e9n estar\u00edan estas: comprometerse con el fortalecimiento de las culturas vivas comunitarias; asumir la cultura como una tarea necesaria para todas las dependencias del gobierno; destinar buenos presupuestos; crear un programa de Cultura Viva Comunitaria comprometiendo a varias \u00e1reas; impulsar en los \u00f3rganos legislativos, y sumarse como gobierno local a otras redes de trabajo en cultura viva comunitaria, con otros gobiernos similares.\u00a0<\/span><\/p>\n<p style=\"text-align: justify;\"><span style=\"font-weight: 400;\">\u201cHay que entender la integralidad de los proyectos culturales. Estos tienen que hacer parte de acciones mucho m\u00e1s amplias, de articulaci\u00f3n e integralidad de los territorios, de todas las \u00e1reas de gobierno, y tienen que estar en alianzas con las comunidades y con sectores privados\u201d, destac\u00f3, resaltando tambi\u00e9n que en Medell\u00edn se aprob\u00f3 en 2011 la pol\u00edtica p\u00fablica de Cultura Viva Comunitaria, una ley municipal que permite asumir los programas m\u00e1s all\u00e1 de la temporalidad de los periodos de gobierno.\u00a0<\/span><\/p>\n<p style=\"text-align: justify;\"><span style=\"font-weight: 400;\">Para las organizaciones culturales comunitarias, la tarea b\u00e1sica ser\u00eda esta: \u201cNo aislarse\u201d. \u201cNo encerrarse entre las organizaciones de cultura viva comunitaria, a conversar solo entre ellas. Hacemos encuentros latinoamericanos, son divertidos, nos entendemos mucho, vamos y nos encontramos en otro pa\u00eds, 300 organizaciones, nos abrazamos mucho. Pero estamos los mismos con las mismas. Estamos los que ya nos conocemos. Nos vamos a convencer a quienes ya estamos convencidos. (&#8230;) Es (necesario) salir de sus encierros, salir de sus propias l\u00f3gicas, y empezar a incidir de manera distinta en los gobiernos locales, regionales y nacionales, mostr\u00e1ndose tambi\u00e9n en otras dimensiones\u201d.<\/span><\/p>\n<p><iframe loading=\"lazy\" title=\"Ponencia Jorge Melguizo 9 septiembre 2024\" width=\"500\" height=\"281\" src=\"https:\/\/www.youtube.com\/embed\/NlMl9f5fwkM?feature=oembed\" frameborder=\"0\" allow=\"accelerometer; autoplay; clipboard-write; encrypted-media; gyroscope; picture-in-picture; web-share\" referrerpolicy=\"strict-origin-when-cross-origin\" allowfullscreen><\/iframe><\/p>\n<p>.<\/p>\n<h4><b>Intercambiando experiencias<\/b><\/h4>\n<p style=\"text-align: justify;\"><span style=\"font-weight: 400;\">Terminada la presentaci\u00f3n de Melguizo, Tania Alvarez explic\u00f3 que la intenci\u00f3n es documentar, hablar, \u201chacer aportes con respecto a lo que hacemos como organizaciones de base, hacer un trabajo en conjunto para definir qu\u00e9 nos parecen estos miedos, d\u00f3nde est\u00e1n estos refugios y estos encantamientos que dec\u00eda Jorge\u201d. La representante de Alajuelita tambi\u00e9n record\u00f3 algo que escuch\u00f3 del consultor colombiano en otra ocasi\u00f3n y que le qued\u00f3 muy grabado: \u201cUna vez mencionaba que cuando una organizaci\u00f3n tiende la mano, no est\u00e1 pidiendo, est\u00e1 ofreciendo. Eso es parte de lo que est\u00e1 pasando aqu\u00ed.\u201d<\/span><\/p>\n<p style=\"text-align: justify;\"><span style=\"font-weight: 400;\">Seg\u00fan ella, uno de los objetivos b\u00e1sicos de este proceso ser\u00e1 analizar, en las mesas de trabajo y conversatorios, qu\u00e9 se ha ido plasmando en las diferentes instituciones que conforman la Red IberCultura Viva de Ciudades y Gobiernos Locales. \u201cVamos a conocer los Puntos de Cultura de Guadalajara, conocer los hechos y esfuerzos y el trabajo que ha hecho la Secretar\u00eda de Cultura de Bogot\u00e1, la Comisi\u00f3n de Corresponsabilidad de Alajuelita\u2026 Vamos a saber qu\u00e9 pas\u00f3 con la Carta de Derechos Culturales de Concepci\u00f3n\u201d, cont\u00f3.<\/span><\/p>\n<p style=\"text-align: justify;\"><span style=\"font-weight: 400;\">En los conversatorios se presentar\u00e1n experiencias de M\u00e9xico, Chile, Costa Rica, Argentina, Colombia, Per\u00fa y Ecuador. Las mesas de trabajo, a su vez, ser\u00e1n h\u00edbridas y tendr\u00e1n la intenci\u00f3n de compartir experiencias y generar un espacio de escucha activa sobre pr\u00e1cticas \u00fatiles y necesarias en la construcci\u00f3n de leyes, reglamentos y presupuestos para ser gestionados en conjunto. Los tres talleres est\u00e1n programados para realizarse los d\u00edas 10, 15 y 20 de octubre, en Sala de Sesiones del Concejo Municipal de Alajuelita.<\/span><\/p>\n<p>.<\/p>\n<p><span style=\"font-weight: 400;\"><strong>Video completo del encuentro<\/strong>:<\/span><\/p>\n<p><a href=\"https:\/\/www.facebook.com\/municipalidadalajuelita\/videos\/864939568584347\" target=\"_blank\" rel=\"noopener noreferrer\"><span style=\"font-weight: 400;\">https:\/\/www.facebook.com\/municipalidadalajuelita\/videos\/864939568584347<\/span><\/a><\/p>\n<p><strong>Inscripciones en la convocatoria:<\/strong> <a href=\"https:\/\/mapa.iberculturaviva.org\/oportunidade\/294\/\" target=\"_blank\" rel=\"noopener noreferrer\"><span style=\"font-weight: 400;\">https:\/\/mapa.iberculturaviva.org\/oportunidade\/294\/<\/span><\/a><\/p>\n<p><span style=\"font-weight: 400;\"><strong>Consultas<\/strong>: <\/span><a href=\"mailto:cultura@munialajuelita.go.cr\" target=\"_blank\" rel=\"noopener noreferrer\"><span style=\"font-weight: 400;\">cultura@munialajuelita.go.cr<\/span><\/a><span style=\"font-weight: 400;\">\/ Tel\u00e9fono +506 85576488<\/span><\/p>\n","protected":false},"excerpt":{"rendered":"<p>La Municipalidad de Alajuelita (Costa Rica) present\u00f3 el proyecto de construcci\u00f3n colectiva del Manual de Buenas Pr\u00e1cticas Territoriales, el lunes 9 de septiembre, en un encuentro por videoconferencia transmitido en [&hellip;]<\/p>\n","protected":false},"author":2,"featured_media":35164,"comment_status":"closed","ping_status":"closed","sticky":false,"template":"","format":"standard","meta":{"_coblocks_attr":"","_coblocks_dimensions":"","_coblocks_responsive_height":"","_coblocks_accordion_ie_support":"","_EventAllDay":false,"_EventTimezone":"","_EventStartDate":"","_EventEndDate":"","_EventStartDateUTC":"","_EventEndDateUTC":"","_EventShowMap":false,"_EventShowMapLink":false,"_EventURL":"","_EventCost":"","_EventCostDescription":"","_EventCurrencySymbol":"","_EventCurrencyCode":"","_EventCurrencyPosition":"","_EventDateTimeSeparator":"","_EventTimeRangeSeparator":"","_EventOrganizerID":[],"_EventVenueID":[],"_OrganizerEmail":"","_OrganizerPhone":"","_OrganizerWebsite":"","_VenueAddress":"","_VenueCity":"","_VenueCountry":"","_VenueProvince":"","_VenueState":"","_VenueZip":"","_VenuePhone":"","_VenueURL":"","_VenueStateProvince":"","_VenueLat":"","_VenueLng":"","_VenueShowMap":false,"_VenueShowMapLink":false,"footnotes":""},"categories":[262],"tags":[362,300,289,298],"country-municipality":[],"class_list":["post-35162","post","type-post","status-publish","format-standard","has-post-thumbnail","hentry","category-noticias-es","tag-alajuelita","tag-costa-rica-3","tag-gobiernos-locales-2","tag-red-de-ciudades-2"],"yoast_head":"<!-- This site is optimized with the Yoast SEO plugin v25.7 - https:\/\/yoast.com\/wordpress\/plugins\/seo\/ -->\n<title>Gobiernos locales y organizaciones comunitarias inician el proyecto de construcci\u00f3n colectiva del Manual de Buenas Pr\u00e1cticas Territoriales - IberCultura Viva<\/title>\n<meta name=\"description\" content=\"Gobiernos locales y organizaciones comunitarias inician el proyecto de construcci\u00f3n colectiva del Manual de Buenas Pr\u00e1cticas Territoriales - IberCultura Viva\" \/>\n<meta name=\"robots\" content=\"index, follow, max-snippet:-1, max-image-preview:large, max-video-preview:-1\" \/>\n<link rel=\"canonical\" href=\"https:\/\/iberculturaviva.org\/es\/gobiernos-locales-y-organizaciones-comunitarias-inician-el-proyecto-de-construccion-colectiva-del-manual-de-buenas-practicas-territoriales\/\" \/>\n<meta property=\"og:locale\" content=\"es_ES\" \/>\n<meta property=\"og:type\" content=\"article\" \/>\n<meta property=\"og:title\" content=\"Gobiernos locales y organizaciones comunitarias inician el proyecto de construcci\u00f3n colectiva del Manual de Buenas Pr\u00e1cticas Territoriales - IberCultura Viva\" \/>\n<meta property=\"og:description\" content=\"Gobiernos locales y organizaciones comunitarias inician el proyecto de construcci\u00f3n colectiva del Manual de Buenas Pr\u00e1cticas Territoriales - IberCultura Viva\" \/>\n<meta property=\"og:url\" content=\"https:\/\/iberculturaviva.org\/es\/gobiernos-locales-y-organizaciones-comunitarias-inician-el-proyecto-de-construccion-colectiva-del-manual-de-buenas-practicas-territoriales\/\" \/>\n<meta property=\"og:site_name\" content=\"IberCultura Viva\" \/>\n<meta property=\"article:publisher\" content=\"https:\/\/www.facebook.com\/iberculturaviva\/\" \/>\n<meta property=\"article:published_time\" content=\"2024-09-12T14:29:35+00:00\" \/>\n<meta property=\"article:modified_time\" content=\"2024-09-16T13:59:50+00:00\" \/>\n<meta property=\"og:image\" content=\"https:\/\/iberculturaviva.org\/wp-content\/uploads\/2024\/09\/glocales.jpg\" \/>\n\t<meta property=\"og:image:width\" content=\"1452\" \/>\n\t<meta property=\"og:image:height\" content=\"895\" \/>\n\t<meta property=\"og:image:type\" content=\"image\/jpeg\" \/>\n<meta name=\"author\" content=\"IberCultura\" \/>\n<meta name=\"twitter:card\" content=\"summary_large_image\" \/>\n<meta name=\"twitter:label1\" content=\"Escrito por\" \/>\n\t<meta name=\"twitter:data1\" content=\"IberCultura\" \/>\n\t<meta name=\"twitter:label2\" content=\"Tiempo de lectura\" \/>\n\t<meta name=\"twitter:data2\" content=\"9 minutos\" \/>\n<script type=\"application\/ld+json\" class=\"yoast-schema-graph\">{\"@context\":\"https:\/\/schema.org\",\"@graph\":[{\"@type\":\"Article\",\"@id\":\"https:\/\/iberculturaviva.org\/es\/gobiernos-locales-y-organizaciones-comunitarias-inician-el-proyecto-de-construccion-colectiva-del-manual-de-buenas-practicas-territoriales\/#article\",\"isPartOf\":{\"@id\":\"https:\/\/iberculturaviva.org\/es\/gobiernos-locales-y-organizaciones-comunitarias-inician-el-proyecto-de-construccion-colectiva-del-manual-de-buenas-practicas-territoriales\/\"},\"author\":{\"name\":\"IberCultura\",\"@id\":\"https:\/\/iberculturaviva.org\/es\/?lang=es\/#\/schema\/person\/5d1313b072cc25536e0431522f740b59\"},\"headline\":\"Gobiernos locales y organizaciones comunitarias inician el proyecto de construcci\u00f3n colectiva del Manual de Buenas Pr\u00e1cticas Territoriales\",\"datePublished\":\"2024-09-12T14:29:35+00:00\",\"dateModified\":\"2024-09-16T13:59:50+00:00\",\"mainEntityOfPage\":{\"@id\":\"https:\/\/iberculturaviva.org\/es\/gobiernos-locales-y-organizaciones-comunitarias-inician-el-proyecto-de-construccion-colectiva-del-manual-de-buenas-practicas-territoriales\/\"},\"wordCount\":1729,\"publisher\":{\"@id\":\"https:\/\/iberculturaviva.org\/es\/?lang=es\/#organization\"},\"image\":{\"@id\":\"https:\/\/iberculturaviva.org\/es\/gobiernos-locales-y-organizaciones-comunitarias-inician-el-proyecto-de-construccion-colectiva-del-manual-de-buenas-practicas-territoriales\/#primaryimage\"},\"thumbnailUrl\":\"https:\/\/iberculturaviva.org\/wp-content\/uploads\/2024\/09\/glocales.jpg\",\"keywords\":[\"Alajuelita\",\"Costa Rica\",\"gobiernos locales\",\"Red de Ciudades\"],\"articleSection\":[\"Noticias\"],\"inLanguage\":\"es\"},{\"@type\":\"WebPage\",\"@id\":\"https:\/\/iberculturaviva.org\/es\/gobiernos-locales-y-organizaciones-comunitarias-inician-el-proyecto-de-construccion-colectiva-del-manual-de-buenas-practicas-territoriales\/\",\"url\":\"https:\/\/iberculturaviva.org\/es\/gobiernos-locales-y-organizaciones-comunitarias-inician-el-proyecto-de-construccion-colectiva-del-manual-de-buenas-practicas-territoriales\/\",\"name\":\"Gobiernos locales y organizaciones comunitarias inician el proyecto de construcci\u00f3n colectiva del Manual de Buenas Pr\u00e1cticas Territoriales - IberCultura Viva\",\"isPartOf\":{\"@id\":\"https:\/\/iberculturaviva.org\/es\/?lang=es\/#website\"},\"primaryImageOfPage\":{\"@id\":\"https:\/\/iberculturaviva.org\/es\/gobiernos-locales-y-organizaciones-comunitarias-inician-el-proyecto-de-construccion-colectiva-del-manual-de-buenas-practicas-territoriales\/#primaryimage\"},\"image\":{\"@id\":\"https:\/\/iberculturaviva.org\/es\/gobiernos-locales-y-organizaciones-comunitarias-inician-el-proyecto-de-construccion-colectiva-del-manual-de-buenas-practicas-territoriales\/#primaryimage\"},\"thumbnailUrl\":\"https:\/\/iberculturaviva.org\/wp-content\/uploads\/2024\/09\/glocales.jpg\",\"datePublished\":\"2024-09-12T14:29:35+00:00\",\"dateModified\":\"2024-09-16T13:59:50+00:00\",\"description\":\"Gobiernos locales y organizaciones comunitarias inician el proyecto de construcci\u00f3n colectiva del Manual de Buenas Pr\u00e1cticas Territoriales - IberCultura Viva\",\"breadcrumb\":{\"@id\":\"https:\/\/iberculturaviva.org\/es\/gobiernos-locales-y-organizaciones-comunitarias-inician-el-proyecto-de-construccion-colectiva-del-manual-de-buenas-practicas-territoriales\/#breadcrumb\"},\"inLanguage\":\"es\",\"potentialAction\":[{\"@type\":\"ReadAction\",\"target\":[\"https:\/\/iberculturaviva.org\/es\/gobiernos-locales-y-organizaciones-comunitarias-inician-el-proyecto-de-construccion-colectiva-del-manual-de-buenas-practicas-territoriales\/\"]}]},{\"@type\":\"ImageObject\",\"inLanguage\":\"es\",\"@id\":\"https:\/\/iberculturaviva.org\/es\/gobiernos-locales-y-organizaciones-comunitarias-inician-el-proyecto-de-construccion-colectiva-del-manual-de-buenas-practicas-territoriales\/#primaryimage\",\"url\":\"https:\/\/iberculturaviva.org\/wp-content\/uploads\/2024\/09\/glocales.jpg\",\"contentUrl\":\"https:\/\/iberculturaviva.org\/wp-content\/uploads\/2024\/09\/glocales.jpg\",\"width\":1452,\"height\":895},{\"@type\":\"BreadcrumbList\",\"@id\":\"https:\/\/iberculturaviva.org\/es\/gobiernos-locales-y-organizaciones-comunitarias-inician-el-proyecto-de-construccion-colectiva-del-manual-de-buenas-practicas-territoriales\/#breadcrumb\",\"itemListElement\":[{\"@type\":\"ListItem\",\"position\":1,\"name\":\"In\u00edcio\",\"item\":\"https:\/\/iberculturaviva.org\/es\/inicio\/\"},{\"@type\":\"ListItem\",\"position\":2,\"name\":\"Gobiernos locales y organizaciones comunitarias inician el proyecto de construcci\u00f3n colectiva del Manual de Buenas Pr\u00e1cticas Territoriales\"}]},{\"@type\":\"WebSite\",\"@id\":\"https:\/\/iberculturaviva.org\/es\/?lang=es\/#website\",\"url\":\"https:\/\/iberculturaviva.org\/es\/?lang=es\/\",\"name\":\"IberCultura Viva\",\"description\":\"Programa de cooperaci\u00f3n cultural\",\"publisher\":{\"@id\":\"https:\/\/iberculturaviva.org\/es\/?lang=es\/#organization\"},\"potentialAction\":[{\"@type\":\"SearchAction\",\"target\":{\"@type\":\"EntryPoint\",\"urlTemplate\":\"https:\/\/iberculturaviva.org\/es\/?lang=es\/?s={search_term_string}\"},\"query-input\":{\"@type\":\"PropertyValueSpecification\",\"valueRequired\":true,\"valueName\":\"search_term_string\"}}],\"inLanguage\":\"es\"},{\"@type\":\"Organization\",\"@id\":\"https:\/\/iberculturaviva.org\/es\/?lang=es\/#organization\",\"name\":\"Iberculturaviva\",\"url\":\"https:\/\/iberculturaviva.org\/es\/?lang=es\/\",\"logo\":{\"@type\":\"ImageObject\",\"inLanguage\":\"es\",\"@id\":\"https:\/\/iberculturaviva.org\/es\/?lang=es\/#\/schema\/logo\/image\/\",\"url\":\"https:\/\/iberculturaviva.org\/wp-content\/uploads\/2021\/08\/logo_ibercultura_viva.jpg\",\"contentUrl\":\"https:\/\/iberculturaviva.org\/wp-content\/uploads\/2021\/08\/logo_ibercultura_viva.jpg\",\"width\":708,\"height\":223,\"caption\":\"Iberculturaviva\"},\"image\":{\"@id\":\"https:\/\/iberculturaviva.org\/es\/?lang=es\/#\/schema\/logo\/image\/\"},\"sameAs\":[\"https:\/\/www.facebook.com\/iberculturaviva\/\",\"https:\/\/www.instagram.com\/iberculturaviva\/\",\"https:\/\/www.youtube.com\/iberculturaviva\"]},{\"@type\":\"Person\",\"@id\":\"https:\/\/iberculturaviva.org\/es\/?lang=es\/#\/schema\/person\/5d1313b072cc25536e0431522f740b59\",\"name\":\"IberCultura\",\"image\":{\"@type\":\"ImageObject\",\"inLanguage\":\"es\",\"@id\":\"https:\/\/iberculturaviva.org\/es\/?lang=es\/#\/schema\/person\/image\/\",\"url\":\"https:\/\/secure.gravatar.com\/avatar\/79f1a057cb125cbefb3765d0356d52fc7f3bba3a35e2cf22bc4de090bb7aef70?s=96&d=mm&r=g\",\"contentUrl\":\"https:\/\/secure.gravatar.com\/avatar\/79f1a057cb125cbefb3765d0356d52fc7f3bba3a35e2cf22bc4de090bb7aef70?s=96&d=mm&r=g\",\"caption\":\"IberCultura\"}}]}<\/script>\n<!-- \/ Yoast SEO plugin. -->","yoast_head_json":{"title":"Gobiernos locales y organizaciones comunitarias inician el proyecto de construcci\u00f3n colectiva del Manual de Buenas Pr\u00e1cticas Territoriales - IberCultura Viva","description":"Gobiernos locales y organizaciones comunitarias inician el proyecto de construcci\u00f3n colectiva del Manual de Buenas Pr\u00e1cticas Territoriales - IberCultura Viva","robots":{"index":"index","follow":"follow","max-snippet":"max-snippet:-1","max-image-preview":"max-image-preview:large","max-video-preview":"max-video-preview:-1"},"canonical":"https:\/\/iberculturaviva.org\/es\/gobiernos-locales-y-organizaciones-comunitarias-inician-el-proyecto-de-construccion-colectiva-del-manual-de-buenas-practicas-territoriales\/","og_locale":"es_ES","og_type":"article","og_title":"Gobiernos locales y organizaciones comunitarias inician el proyecto de construcci\u00f3n colectiva del Manual de Buenas Pr\u00e1cticas Territoriales - IberCultura Viva","og_description":"Gobiernos locales y organizaciones comunitarias inician el proyecto de construcci\u00f3n colectiva del Manual de Buenas Pr\u00e1cticas Territoriales - IberCultura Viva","og_url":"https:\/\/iberculturaviva.org\/es\/gobiernos-locales-y-organizaciones-comunitarias-inician-el-proyecto-de-construccion-colectiva-del-manual-de-buenas-practicas-territoriales\/","og_site_name":"IberCultura Viva","article_publisher":"https:\/\/www.facebook.com\/iberculturaviva\/","article_published_time":"2024-09-12T14:29:35+00:00","article_modified_time":"2024-09-16T13:59:50+00:00","og_image":[{"width":1452,"height":895,"url":"https:\/\/iberculturaviva.org\/wp-content\/uploads\/2024\/09\/glocales.jpg","type":"image\/jpeg"}],"author":"IberCultura","twitter_card":"summary_large_image","twitter_misc":{"Escrito por":"IberCultura","Tiempo de lectura":"9 minutos"},"schema":{"@context":"https:\/\/schema.org","@graph":[{"@type":"Article","@id":"https:\/\/iberculturaviva.org\/es\/gobiernos-locales-y-organizaciones-comunitarias-inician-el-proyecto-de-construccion-colectiva-del-manual-de-buenas-practicas-territoriales\/#article","isPartOf":{"@id":"https:\/\/iberculturaviva.org\/es\/gobiernos-locales-y-organizaciones-comunitarias-inician-el-proyecto-de-construccion-colectiva-del-manual-de-buenas-practicas-territoriales\/"},"author":{"name":"IberCultura","@id":"https:\/\/iberculturaviva.org\/es\/?lang=es\/#\/schema\/person\/5d1313b072cc25536e0431522f740b59"},"headline":"Gobiernos locales y organizaciones comunitarias inician el proyecto de construcci\u00f3n colectiva del Manual de Buenas Pr\u00e1cticas Territoriales","datePublished":"2024-09-12T14:29:35+00:00","dateModified":"2024-09-16T13:59:50+00:00","mainEntityOfPage":{"@id":"https:\/\/iberculturaviva.org\/es\/gobiernos-locales-y-organizaciones-comunitarias-inician-el-proyecto-de-construccion-colectiva-del-manual-de-buenas-practicas-territoriales\/"},"wordCount":1729,"publisher":{"@id":"https:\/\/iberculturaviva.org\/es\/?lang=es\/#organization"},"image":{"@id":"https:\/\/iberculturaviva.org\/es\/gobiernos-locales-y-organizaciones-comunitarias-inician-el-proyecto-de-construccion-colectiva-del-manual-de-buenas-practicas-territoriales\/#primaryimage"},"thumbnailUrl":"https:\/\/iberculturaviva.org\/wp-content\/uploads\/2024\/09\/glocales.jpg","keywords":["Alajuelita","Costa Rica","gobiernos locales","Red de Ciudades"],"articleSection":["Noticias"],"inLanguage":"es"},{"@type":"WebPage","@id":"https:\/\/iberculturaviva.org\/es\/gobiernos-locales-y-organizaciones-comunitarias-inician-el-proyecto-de-construccion-colectiva-del-manual-de-buenas-practicas-territoriales\/","url":"https:\/\/iberculturaviva.org\/es\/gobiernos-locales-y-organizaciones-comunitarias-inician-el-proyecto-de-construccion-colectiva-del-manual-de-buenas-practicas-territoriales\/","name":"Gobiernos locales y organizaciones comunitarias inician el proyecto de construcci\u00f3n colectiva del Manual de Buenas Pr\u00e1cticas Territoriales - IberCultura Viva","isPartOf":{"@id":"https:\/\/iberculturaviva.org\/es\/?lang=es\/#website"},"primaryImageOfPage":{"@id":"https:\/\/iberculturaviva.org\/es\/gobiernos-locales-y-organizaciones-comunitarias-inician-el-proyecto-de-construccion-colectiva-del-manual-de-buenas-practicas-territoriales\/#primaryimage"},"image":{"@id":"https:\/\/iberculturaviva.org\/es\/gobiernos-locales-y-organizaciones-comunitarias-inician-el-proyecto-de-construccion-colectiva-del-manual-de-buenas-practicas-territoriales\/#primaryimage"},"thumbnailUrl":"https:\/\/iberculturaviva.org\/wp-content\/uploads\/2024\/09\/glocales.jpg","datePublished":"2024-09-12T14:29:35+00:00","dateModified":"2024-09-16T13:59:50+00:00","description":"Gobiernos locales y organizaciones comunitarias inician el proyecto de construcci\u00f3n colectiva del Manual de Buenas Pr\u00e1cticas Territoriales - IberCultura Viva","breadcrumb":{"@id":"https:\/\/iberculturaviva.org\/es\/gobiernos-locales-y-organizaciones-comunitarias-inician-el-proyecto-de-construccion-colectiva-del-manual-de-buenas-practicas-territoriales\/#breadcrumb"},"inLanguage":"es","potentialAction":[{"@type":"ReadAction","target":["https:\/\/iberculturaviva.org\/es\/gobiernos-locales-y-organizaciones-comunitarias-inician-el-proyecto-de-construccion-colectiva-del-manual-de-buenas-practicas-territoriales\/"]}]},{"@type":"ImageObject","inLanguage":"es","@id":"https:\/\/iberculturaviva.org\/es\/gobiernos-locales-y-organizaciones-comunitarias-inician-el-proyecto-de-construccion-colectiva-del-manual-de-buenas-practicas-territoriales\/#primaryimage","url":"https:\/\/iberculturaviva.org\/wp-content\/uploads\/2024\/09\/glocales.jpg","contentUrl":"https:\/\/iberculturaviva.org\/wp-content\/uploads\/2024\/09\/glocales.jpg","width":1452,"height":895},{"@type":"BreadcrumbList","@id":"https:\/\/iberculturaviva.org\/es\/gobiernos-locales-y-organizaciones-comunitarias-inician-el-proyecto-de-construccion-colectiva-del-manual-de-buenas-practicas-territoriales\/#breadcrumb","itemListElement":[{"@type":"ListItem","position":1,"name":"In\u00edcio","item":"https:\/\/iberculturaviva.org\/es\/inicio\/"},{"@type":"ListItem","position":2,"name":"Gobiernos locales y organizaciones comunitarias inician el proyecto de construcci\u00f3n colectiva del Manual de Buenas Pr\u00e1cticas Territoriales"}]},{"@type":"WebSite","@id":"https:\/\/iberculturaviva.org\/es\/?lang=es\/#website","url":"https:\/\/iberculturaviva.org\/es\/?lang=es\/","name":"IberCultura Viva","description":"Programa de cooperaci\u00f3n cultural","publisher":{"@id":"https:\/\/iberculturaviva.org\/es\/?lang=es\/#organization"},"potentialAction":[{"@type":"SearchAction","target":{"@type":"EntryPoint","urlTemplate":"https:\/\/iberculturaviva.org\/es\/?lang=es\/?s={search_term_string}"},"query-input":{"@type":"PropertyValueSpecification","valueRequired":true,"valueName":"search_term_string"}}],"inLanguage":"es"},{"@type":"Organization","@id":"https:\/\/iberculturaviva.org\/es\/?lang=es\/#organization","name":"Iberculturaviva","url":"https:\/\/iberculturaviva.org\/es\/?lang=es\/","logo":{"@type":"ImageObject","inLanguage":"es","@id":"https:\/\/iberculturaviva.org\/es\/?lang=es\/#\/schema\/logo\/image\/","url":"https:\/\/iberculturaviva.org\/wp-content\/uploads\/2021\/08\/logo_ibercultura_viva.jpg","contentUrl":"https:\/\/iberculturaviva.org\/wp-content\/uploads\/2021\/08\/logo_ibercultura_viva.jpg","width":708,"height":223,"caption":"Iberculturaviva"},"image":{"@id":"https:\/\/iberculturaviva.org\/es\/?lang=es\/#\/schema\/logo\/image\/"},"sameAs":["https:\/\/www.facebook.com\/iberculturaviva\/","https:\/\/www.instagram.com\/iberculturaviva\/","https:\/\/www.youtube.com\/iberculturaviva"]},{"@type":"Person","@id":"https:\/\/iberculturaviva.org\/es\/?lang=es\/#\/schema\/person\/5d1313b072cc25536e0431522f740b59","name":"IberCultura","image":{"@type":"ImageObject","inLanguage":"es","@id":"https:\/\/iberculturaviva.org\/es\/?lang=es\/#\/schema\/person\/image\/","url":"https:\/\/secure.gravatar.com\/avatar\/79f1a057cb125cbefb3765d0356d52fc7f3bba3a35e2cf22bc4de090bb7aef70?s=96&d=mm&r=g","contentUrl":"https:\/\/secure.gravatar.com\/avatar\/79f1a057cb125cbefb3765d0356d52fc7f3bba3a35e2cf22bc4de090bb7aef70?s=96&d=mm&r=g","caption":"IberCultura"}}]}},"main_category":{"link":"https:\/\/iberculturaviva.org\/es\/category\/noticias-es\/","name":"Noticias","slug":"noticias-es"},"_links":{"self":[{"href":"https:\/\/iberculturaviva.org\/es\/wp-json\/wp\/v2\/posts\/35162","targetHints":{"allow":["GET"]}}],"collection":[{"href":"https:\/\/iberculturaviva.org\/es\/wp-json\/wp\/v2\/posts"}],"about":[{"href":"https:\/\/iberculturaviva.org\/es\/wp-json\/wp\/v2\/types\/post"}],"author":[{"embeddable":true,"href":"https:\/\/iberculturaviva.org\/es\/wp-json\/wp\/v2\/users\/2"}],"replies":[{"embeddable":true,"href":"https:\/\/iberculturaviva.org\/es\/wp-json\/wp\/v2\/comments?post=35162"}],"version-history":[{"count":4,"href":"https:\/\/iberculturaviva.org\/es\/wp-json\/wp\/v2\/posts\/35162\/revisions"}],"predecessor-version":[{"id":35215,"href":"https:\/\/iberculturaviva.org\/es\/wp-json\/wp\/v2\/posts\/35162\/revisions\/35215"}],"wp:featuredmedia":[{"embeddable":true,"href":"https:\/\/iberculturaviva.org\/es\/wp-json\/wp\/v2\/media\/35164"}],"wp:attachment":[{"href":"https:\/\/iberculturaviva.org\/es\/wp-json\/wp\/v2\/media?parent=35162"}],"wp:term":[{"taxonomy":"category","embeddable":true,"href":"https:\/\/iberculturaviva.org\/es\/wp-json\/wp\/v2\/categories?post=35162"},{"taxonomy":"post_tag","embeddable":true,"href":"https:\/\/iberculturaviva.org\/es\/wp-json\/wp\/v2\/tags?post=35162"},{"taxonomy":"country-municipality","embeddable":true,"href":"https:\/\/iberculturaviva.org\/es\/wp-json\/wp\/v2\/country-municipality?post=35162"}],"curies":[{"name":"wp","href":"https:\/\/api.w.org\/{rel}","templated":true}]}}