{"id":35148,"date":"2024-09-07T17:52:38","date_gmt":"2024-09-07T20:52:38","guid":{"rendered":"https:\/\/iberculturaviva.org\/?p=35148"},"modified":"2024-12-27T10:11:53","modified_gmt":"2024-12-27T13:11:53","slug":"municipalidad-de-alajuelita-lanza-el-proyecto-de-construccion-colectiva-del-manual-de-buenas-practicas-territoriales","status":"publish","type":"post","link":"https:\/\/iberculturaviva.org\/es\/municipalidad-de-alajuelita-lanza-el-proyecto-de-construccion-colectiva-del-manual-de-buenas-practicas-territoriales\/","title":{"rendered":"Municipalidad de Alajuelita lanza el proyecto de construcci\u00f3n colectiva del Manual de Buenas Pr\u00e1cticas Territoriales"},"content":{"rendered":"<p style=\"text-align: justify;\"><span style=\"font-weight: 400;\">Este lunes 9 de septiembre, la Municipalidad de Alajuelita (Costa Rica) presentar\u00e1 el proyecto de construcci\u00f3n colectiva del Manual de Buenas Pr\u00e1cticas Territoriales para el ejercicio de los derechos culturales. La iniciativa es una de las actividades que se desarrollan en el \u00e1mbito de la Red IberCultura Viva de Ciudades y Gobiernos Locales en el a\u00f1o 2024.\u00a0<\/span><\/p>\n<p style=\"text-align: justify;\"><span style=\"font-weight: 400;\">El lanzamiento se realizar\u00e1 en un encuentro virtual con transmisi\u00f3n por la p\u00e1gina de Facebook de la Municipalidad de Alajuelita, a las 15:00 de Costa Rica y M\u00e9xico (16:00 de Colombia y Ecuador; 18:00 de Argentina, Chile y Brasil).<\/span><\/p>\n<p style=\"text-align: justify;\"><span style=\"font-weight: 400;\">La propuesta tiene como objetivo general construir de manera colectiva y colaborativa un manual de buenas pr\u00e1cticas territoriales, fundamentado en experiencias y conocimientos generados a trav\u00e9s de la acci\u00f3n intercultural y las cosmovisiones consensuadas por los gobiernos locales que forman parte de la red.\u00a0<\/span><\/p>\n<p style=\"text-align: justify;\"><span style=\"font-weight: 400;\">Para ello se desarrollar\u00e1n conversatorios y mesas de trabajo con organizaciones de base comunitaria y la Red de Ciudades y Gobiernos Locales, con la intenci\u00f3n de documentar pr\u00e1cticas que sean replicables y adaptables a diferentes realidades territoriales.\u00a0<\/span><\/p>\n<p style=\"text-align: justify;\"><span style=\"font-weight: 400;\">Esta propuesta se llevar\u00e1 a cabo a partir del intercambio de experiencias de los colectivos, comunidades y gestores\/as culturales de gobiernos locales que permitan reconocer pr\u00e1cticas en el campo de la gobernanza participativa y el sentido de la base comunitaria en la construcci\u00f3n de pol\u00edticas p\u00fablicas de cultura. La idea es instalar un mecanismo permanente de reuniones peri\u00f3dicas de apoyo y an\u00e1lisis de los conocimientos adquiridos durante la ejecuci\u00f3n de los conversatorios y mesas de trabajo.<\/span><\/p>\n<p style=\"text-align: justify;\"><span style=\"font-weight: 400;\">Las y los integrantes de la Red IberCultura Viva de Ciudades y Gobiernos Locales que participan en esta construcci\u00f3n colectiva esperan poder socializar los resultados de este proceso y el Manual de Buenas Pr\u00e1cticas durante el VI Congreso Latinoamericano de Cultura Viva Comunitaria, que tendr\u00e1 lugar en Michoac\u00e1n, M\u00e9xico, en abril de 2025.<\/span><\/p>\n","protected":false},"excerpt":{"rendered":"<p>Este lunes 9 de septiembre, la Municipalidad de Alajuelita (Costa Rica) presentar\u00e1 el proyecto de construcci\u00f3n colectiva del Manual de Buenas Pr\u00e1cticas Territoriales para el ejercicio de los derechos culturales. [&hellip;]<\/p>\n","protected":false},"author":2,"featured_media":41203,"comment_status":"closed","ping_status":"closed","sticky":false,"template":"","format":"standard","meta":{"_coblocks_attr":"","_coblocks_dimensions":"","_coblocks_responsive_height":"","_coblocks_accordion_ie_support":"","_EventAllDay":false,"_EventTimezone":"","_EventStartDate":"","_EventEndDate":"","_EventStartDateUTC":"","_EventEndDateUTC":"","_EventShowMap":false,"_EventShowMapLink":false,"_EventURL":"","_EventCost":"","_EventCostDescription":"","_EventCurrencySymbol":"","_EventCurrencyCode":"","_EventCurrencyPosition":"","_EventDateTimeSeparator":"","_EventTimeRangeSeparator":"","_EventOrganizerID":[],"_EventVenueID":[],"_OrganizerEmail":"","_OrganizerPhone":"","_OrganizerWebsite":"","_VenueAddress":"","_VenueCity":"","_VenueCountry":"","_VenueProvince":"","_VenueState":"","_VenueZip":"","_VenuePhone":"","_VenueURL":"","_VenueStateProvince":"","_VenueLat":"","_VenueLng":"","_VenueShowMap":false,"_VenueShowMapLink":false,"footnotes":""},"categories":[262],"tags":[],"country-municipality":[],"class_list":["post-35148","post","type-post","status-publish","format-standard","has-post-thumbnail","hentry","category-noticias-es"],"yoast_head":"<!-- This site is optimized with the Yoast SEO plugin v25.7 - https:\/\/yoast.com\/wordpress\/plugins\/seo\/ -->\n<title>Municipalidad de Alajuelita lanza el proyecto de construcci\u00f3n colectiva del Manual de Buenas Pr\u00e1cticas Territoriales - IberCultura Viva<\/title>\n<meta name=\"description\" content=\"Municipalidad de Alajuelita lanza el proyecto de construcci\u00f3n colectiva del Manual de Buenas Pr\u00e1cticas Territoriales - IberCultura Viva\" \/>\n<meta name=\"robots\" content=\"index, follow, max-snippet:-1, max-image-preview:large, max-video-preview:-1\" \/>\n<link rel=\"canonical\" href=\"https:\/\/iberculturaviva.org\/es\/municipalidad-de-alajuelita-lanza-el-proyecto-de-construccion-colectiva-del-manual-de-buenas-practicas-territoriales\/\" \/>\n<meta property=\"og:locale\" content=\"es_ES\" \/>\n<meta property=\"og:type\" content=\"article\" \/>\n<meta property=\"og:title\" content=\"Municipalidad de Alajuelita lanza el proyecto de construcci\u00f3n colectiva del Manual de Buenas Pr\u00e1cticas Territoriales - IberCultura Viva\" \/>\n<meta property=\"og:description\" content=\"Municipalidad de Alajuelita lanza el proyecto de construcci\u00f3n colectiva del Manual de Buenas Pr\u00e1cticas Territoriales - IberCultura Viva\" \/>\n<meta property=\"og:url\" content=\"https:\/\/iberculturaviva.org\/es\/municipalidad-de-alajuelita-lanza-el-proyecto-de-construccion-colectiva-del-manual-de-buenas-practicas-territoriales\/\" \/>\n<meta property=\"og:site_name\" content=\"IberCultura Viva\" \/>\n<meta property=\"article:publisher\" content=\"https:\/\/www.facebook.com\/iberculturaviva\/\" \/>\n<meta property=\"article:published_time\" content=\"2024-09-07T20:52:38+00:00\" \/>\n<meta property=\"article:modified_time\" content=\"2024-12-27T13:11:53+00:00\" \/>\n<meta property=\"og:image\" content=\"https:\/\/iberculturaviva.org\/wp-content\/uploads\/2024\/09\/fundacionkeme3.jpg\" \/>\n\t<meta property=\"og:image:width\" content=\"1440\" \/>\n\t<meta property=\"og:image:height\" content=\"1080\" \/>\n\t<meta property=\"og:image:type\" content=\"image\/jpeg\" \/>\n<meta name=\"author\" content=\"IberCultura\" \/>\n<meta name=\"twitter:card\" content=\"summary_large_image\" \/>\n<meta name=\"twitter:label1\" content=\"Escrito por\" \/>\n\t<meta name=\"twitter:data1\" content=\"IberCultura\" \/>\n\t<meta name=\"twitter:label2\" content=\"Tiempo de lectura\" \/>\n\t<meta name=\"twitter:data2\" content=\"2 minutos\" \/>\n<script type=\"application\/ld+json\" class=\"yoast-schema-graph\">{\"@context\":\"https:\/\/schema.org\",\"@graph\":[{\"@type\":\"Article\",\"@id\":\"https:\/\/iberculturaviva.org\/es\/municipalidad-de-alajuelita-lanza-el-proyecto-de-construccion-colectiva-del-manual-de-buenas-practicas-territoriales\/#article\",\"isPartOf\":{\"@id\":\"https:\/\/iberculturaviva.org\/es\/municipalidad-de-alajuelita-lanza-el-proyecto-de-construccion-colectiva-del-manual-de-buenas-practicas-territoriales\/\"},\"author\":{\"name\":\"IberCultura\",\"@id\":\"https:\/\/iberculturaviva.org\/es\/?lang=es\/#\/schema\/person\/5d1313b072cc25536e0431522f740b59\"},\"headline\":\"Municipalidad de Alajuelita lanza el proyecto de construcci\u00f3n colectiva del Manual de Buenas Pr\u00e1cticas Territoriales\",\"datePublished\":\"2024-09-07T20:52:38+00:00\",\"dateModified\":\"2024-12-27T13:11:53+00:00\",\"mainEntityOfPage\":{\"@id\":\"https:\/\/iberculturaviva.org\/es\/municipalidad-de-alajuelita-lanza-el-proyecto-de-construccion-colectiva-del-manual-de-buenas-practicas-territoriales\/\"},\"wordCount\":341,\"publisher\":{\"@id\":\"https:\/\/iberculturaviva.org\/es\/?lang=es\/#organization\"},\"image\":{\"@id\":\"https:\/\/iberculturaviva.org\/es\/municipalidad-de-alajuelita-lanza-el-proyecto-de-construccion-colectiva-del-manual-de-buenas-practicas-territoriales\/#primaryimage\"},\"thumbnailUrl\":\"https:\/\/iberculturaviva.org\/wp-content\/uploads\/2024\/09\/fundacionkeme3.jpg\",\"articleSection\":[\"Noticias\"],\"inLanguage\":\"es\"},{\"@type\":\"WebPage\",\"@id\":\"https:\/\/iberculturaviva.org\/es\/municipalidad-de-alajuelita-lanza-el-proyecto-de-construccion-colectiva-del-manual-de-buenas-practicas-territoriales\/\",\"url\":\"https:\/\/iberculturaviva.org\/es\/municipalidad-de-alajuelita-lanza-el-proyecto-de-construccion-colectiva-del-manual-de-buenas-practicas-territoriales\/\",\"name\":\"Municipalidad de Alajuelita lanza el proyecto de construcci\u00f3n colectiva del Manual de Buenas Pr\u00e1cticas Territoriales - IberCultura Viva\",\"isPartOf\":{\"@id\":\"https:\/\/iberculturaviva.org\/es\/?lang=es\/#website\"},\"primaryImageOfPage\":{\"@id\":\"https:\/\/iberculturaviva.org\/es\/municipalidad-de-alajuelita-lanza-el-proyecto-de-construccion-colectiva-del-manual-de-buenas-practicas-territoriales\/#primaryimage\"},\"image\":{\"@id\":\"https:\/\/iberculturaviva.org\/es\/municipalidad-de-alajuelita-lanza-el-proyecto-de-construccion-colectiva-del-manual-de-buenas-practicas-territoriales\/#primaryimage\"},\"thumbnailUrl\":\"https:\/\/iberculturaviva.org\/wp-content\/uploads\/2024\/09\/fundacionkeme3.jpg\",\"datePublished\":\"2024-09-07T20:52:38+00:00\",\"dateModified\":\"2024-12-27T13:11:53+00:00\",\"description\":\"Municipalidad de Alajuelita lanza el proyecto de construcci\u00f3n colectiva del Manual de Buenas Pr\u00e1cticas Territoriales - IberCultura Viva\",\"breadcrumb\":{\"@id\":\"https:\/\/iberculturaviva.org\/es\/municipalidad-de-alajuelita-lanza-el-proyecto-de-construccion-colectiva-del-manual-de-buenas-practicas-territoriales\/#breadcrumb\"},\"inLanguage\":\"es\",\"potentialAction\":[{\"@type\":\"ReadAction\",\"target\":[\"https:\/\/iberculturaviva.org\/es\/municipalidad-de-alajuelita-lanza-el-proyecto-de-construccion-colectiva-del-manual-de-buenas-practicas-territoriales\/\"]}]},{\"@type\":\"ImageObject\",\"inLanguage\":\"es\",\"@id\":\"https:\/\/iberculturaviva.org\/es\/municipalidad-de-alajuelita-lanza-el-proyecto-de-construccion-colectiva-del-manual-de-buenas-practicas-territoriales\/#primaryimage\",\"url\":\"https:\/\/iberculturaviva.org\/wp-content\/uploads\/2024\/09\/fundacionkeme3.jpg\",\"contentUrl\":\"https:\/\/iberculturaviva.org\/wp-content\/uploads\/2024\/09\/fundacionkeme3.jpg\",\"width\":1440,\"height\":1080},{\"@type\":\"BreadcrumbList\",\"@id\":\"https:\/\/iberculturaviva.org\/es\/municipalidad-de-alajuelita-lanza-el-proyecto-de-construccion-colectiva-del-manual-de-buenas-practicas-territoriales\/#breadcrumb\",\"itemListElement\":[{\"@type\":\"ListItem\",\"position\":1,\"name\":\"In\u00edcio\",\"item\":\"https:\/\/iberculturaviva.org\/es\/inicio\/\"},{\"@type\":\"ListItem\",\"position\":2,\"name\":\"Municipalidad de Alajuelita lanza el proyecto de construcci\u00f3n colectiva del Manual de Buenas Pr\u00e1cticas Territoriales\"}]},{\"@type\":\"WebSite\",\"@id\":\"https:\/\/iberculturaviva.org\/es\/?lang=es\/#website\",\"url\":\"https:\/\/iberculturaviva.org\/es\/?lang=es\/\",\"name\":\"IberCultura Viva\",\"description\":\"Programa de cooperaci\u00f3n cultural\",\"publisher\":{\"@id\":\"https:\/\/iberculturaviva.org\/es\/?lang=es\/#organization\"},\"potentialAction\":[{\"@type\":\"SearchAction\",\"target\":{\"@type\":\"EntryPoint\",\"urlTemplate\":\"https:\/\/iberculturaviva.org\/es\/?lang=es\/?s={search_term_string}\"},\"query-input\":{\"@type\":\"PropertyValueSpecification\",\"valueRequired\":true,\"valueName\":\"search_term_string\"}}],\"inLanguage\":\"es\"},{\"@type\":\"Organization\",\"@id\":\"https:\/\/iberculturaviva.org\/es\/?lang=es\/#organization\",\"name\":\"Iberculturaviva\",\"url\":\"https:\/\/iberculturaviva.org\/es\/?lang=es\/\",\"logo\":{\"@type\":\"ImageObject\",\"inLanguage\":\"es\",\"@id\":\"https:\/\/iberculturaviva.org\/es\/?lang=es\/#\/schema\/logo\/image\/\",\"url\":\"https:\/\/iberculturaviva.org\/wp-content\/uploads\/2021\/08\/logo_ibercultura_viva.jpg\",\"contentUrl\":\"https:\/\/iberculturaviva.org\/wp-content\/uploads\/2021\/08\/logo_ibercultura_viva.jpg\",\"width\":708,\"height\":223,\"caption\":\"Iberculturaviva\"},\"image\":{\"@id\":\"https:\/\/iberculturaviva.org\/es\/?lang=es\/#\/schema\/logo\/image\/\"},\"sameAs\":[\"https:\/\/www.facebook.com\/iberculturaviva\/\",\"https:\/\/www.instagram.com\/iberculturaviva\/\",\"https:\/\/www.youtube.com\/iberculturaviva\"]},{\"@type\":\"Person\",\"@id\":\"https:\/\/iberculturaviva.org\/es\/?lang=es\/#\/schema\/person\/5d1313b072cc25536e0431522f740b59\",\"name\":\"IberCultura\",\"image\":{\"@type\":\"ImageObject\",\"inLanguage\":\"es\",\"@id\":\"https:\/\/iberculturaviva.org\/es\/?lang=es\/#\/schema\/person\/image\/\",\"url\":\"https:\/\/secure.gravatar.com\/avatar\/79f1a057cb125cbefb3765d0356d52fc7f3bba3a35e2cf22bc4de090bb7aef70?s=96&d=mm&r=g\",\"contentUrl\":\"https:\/\/secure.gravatar.com\/avatar\/79f1a057cb125cbefb3765d0356d52fc7f3bba3a35e2cf22bc4de090bb7aef70?s=96&d=mm&r=g\",\"caption\":\"IberCultura\"}}]}<\/script>\n<!-- \/ Yoast SEO plugin. -->","yoast_head_json":{"title":"Municipalidad de Alajuelita lanza el proyecto de construcci\u00f3n colectiva del Manual de Buenas Pr\u00e1cticas Territoriales - IberCultura Viva","description":"Municipalidad de Alajuelita lanza el proyecto de construcci\u00f3n colectiva del Manual de Buenas Pr\u00e1cticas Territoriales - IberCultura Viva","robots":{"index":"index","follow":"follow","max-snippet":"max-snippet:-1","max-image-preview":"max-image-preview:large","max-video-preview":"max-video-preview:-1"},"canonical":"https:\/\/iberculturaviva.org\/es\/municipalidad-de-alajuelita-lanza-el-proyecto-de-construccion-colectiva-del-manual-de-buenas-practicas-territoriales\/","og_locale":"es_ES","og_type":"article","og_title":"Municipalidad de Alajuelita lanza el proyecto de construcci\u00f3n colectiva del Manual de Buenas Pr\u00e1cticas Territoriales - IberCultura Viva","og_description":"Municipalidad de Alajuelita lanza el proyecto de construcci\u00f3n colectiva del Manual de Buenas Pr\u00e1cticas Territoriales - IberCultura Viva","og_url":"https:\/\/iberculturaviva.org\/es\/municipalidad-de-alajuelita-lanza-el-proyecto-de-construccion-colectiva-del-manual-de-buenas-practicas-territoriales\/","og_site_name":"IberCultura Viva","article_publisher":"https:\/\/www.facebook.com\/iberculturaviva\/","article_published_time":"2024-09-07T20:52:38+00:00","article_modified_time":"2024-12-27T13:11:53+00:00","og_image":[{"width":1440,"height":1080,"url":"https:\/\/iberculturaviva.org\/wp-content\/uploads\/2024\/09\/fundacionkeme3.jpg","type":"image\/jpeg"}],"author":"IberCultura","twitter_card":"summary_large_image","twitter_misc":{"Escrito por":"IberCultura","Tiempo de lectura":"2 minutos"},"schema":{"@context":"https:\/\/schema.org","@graph":[{"@type":"Article","@id":"https:\/\/iberculturaviva.org\/es\/municipalidad-de-alajuelita-lanza-el-proyecto-de-construccion-colectiva-del-manual-de-buenas-practicas-territoriales\/#article","isPartOf":{"@id":"https:\/\/iberculturaviva.org\/es\/municipalidad-de-alajuelita-lanza-el-proyecto-de-construccion-colectiva-del-manual-de-buenas-practicas-territoriales\/"},"author":{"name":"IberCultura","@id":"https:\/\/iberculturaviva.org\/es\/?lang=es\/#\/schema\/person\/5d1313b072cc25536e0431522f740b59"},"headline":"Municipalidad de Alajuelita lanza el proyecto de construcci\u00f3n colectiva del Manual de Buenas Pr\u00e1cticas Territoriales","datePublished":"2024-09-07T20:52:38+00:00","dateModified":"2024-12-27T13:11:53+00:00","mainEntityOfPage":{"@id":"https:\/\/iberculturaviva.org\/es\/municipalidad-de-alajuelita-lanza-el-proyecto-de-construccion-colectiva-del-manual-de-buenas-practicas-territoriales\/"},"wordCount":341,"publisher":{"@id":"https:\/\/iberculturaviva.org\/es\/?lang=es\/#organization"},"image":{"@id":"https:\/\/iberculturaviva.org\/es\/municipalidad-de-alajuelita-lanza-el-proyecto-de-construccion-colectiva-del-manual-de-buenas-practicas-territoriales\/#primaryimage"},"thumbnailUrl":"https:\/\/iberculturaviva.org\/wp-content\/uploads\/2024\/09\/fundacionkeme3.jpg","articleSection":["Noticias"],"inLanguage":"es"},{"@type":"WebPage","@id":"https:\/\/iberculturaviva.org\/es\/municipalidad-de-alajuelita-lanza-el-proyecto-de-construccion-colectiva-del-manual-de-buenas-practicas-territoriales\/","url":"https:\/\/iberculturaviva.org\/es\/municipalidad-de-alajuelita-lanza-el-proyecto-de-construccion-colectiva-del-manual-de-buenas-practicas-territoriales\/","name":"Municipalidad de Alajuelita lanza el proyecto de construcci\u00f3n colectiva del Manual de Buenas Pr\u00e1cticas Territoriales - IberCultura Viva","isPartOf":{"@id":"https:\/\/iberculturaviva.org\/es\/?lang=es\/#website"},"primaryImageOfPage":{"@id":"https:\/\/iberculturaviva.org\/es\/municipalidad-de-alajuelita-lanza-el-proyecto-de-construccion-colectiva-del-manual-de-buenas-practicas-territoriales\/#primaryimage"},"image":{"@id":"https:\/\/iberculturaviva.org\/es\/municipalidad-de-alajuelita-lanza-el-proyecto-de-construccion-colectiva-del-manual-de-buenas-practicas-territoriales\/#primaryimage"},"thumbnailUrl":"https:\/\/iberculturaviva.org\/wp-content\/uploads\/2024\/09\/fundacionkeme3.jpg","datePublished":"2024-09-07T20:52:38+00:00","dateModified":"2024-12-27T13:11:53+00:00","description":"Municipalidad de Alajuelita lanza el proyecto de construcci\u00f3n colectiva del Manual de Buenas Pr\u00e1cticas Territoriales - IberCultura Viva","breadcrumb":{"@id":"https:\/\/iberculturaviva.org\/es\/municipalidad-de-alajuelita-lanza-el-proyecto-de-construccion-colectiva-del-manual-de-buenas-practicas-territoriales\/#breadcrumb"},"inLanguage":"es","potentialAction":[{"@type":"ReadAction","target":["https:\/\/iberculturaviva.org\/es\/municipalidad-de-alajuelita-lanza-el-proyecto-de-construccion-colectiva-del-manual-de-buenas-practicas-territoriales\/"]}]},{"@type":"ImageObject","inLanguage":"es","@id":"https:\/\/iberculturaviva.org\/es\/municipalidad-de-alajuelita-lanza-el-proyecto-de-construccion-colectiva-del-manual-de-buenas-practicas-territoriales\/#primaryimage","url":"https:\/\/iberculturaviva.org\/wp-content\/uploads\/2024\/09\/fundacionkeme3.jpg","contentUrl":"https:\/\/iberculturaviva.org\/wp-content\/uploads\/2024\/09\/fundacionkeme3.jpg","width":1440,"height":1080},{"@type":"BreadcrumbList","@id":"https:\/\/iberculturaviva.org\/es\/municipalidad-de-alajuelita-lanza-el-proyecto-de-construccion-colectiva-del-manual-de-buenas-practicas-territoriales\/#breadcrumb","itemListElement":[{"@type":"ListItem","position":1,"name":"In\u00edcio","item":"https:\/\/iberculturaviva.org\/es\/inicio\/"},{"@type":"ListItem","position":2,"name":"Municipalidad de Alajuelita lanza el proyecto de construcci\u00f3n colectiva del Manual de Buenas Pr\u00e1cticas Territoriales"}]},{"@type":"WebSite","@id":"https:\/\/iberculturaviva.org\/es\/?lang=es\/#website","url":"https:\/\/iberculturaviva.org\/es\/?lang=es\/","name":"IberCultura Viva","description":"Programa de cooperaci\u00f3n cultural","publisher":{"@id":"https:\/\/iberculturaviva.org\/es\/?lang=es\/#organization"},"potentialAction":[{"@type":"SearchAction","target":{"@type":"EntryPoint","urlTemplate":"https:\/\/iberculturaviva.org\/es\/?lang=es\/?s={search_term_string}"},"query-input":{"@type":"PropertyValueSpecification","valueRequired":true,"valueName":"search_term_string"}}],"inLanguage":"es"},{"@type":"Organization","@id":"https:\/\/iberculturaviva.org\/es\/?lang=es\/#organization","name":"Iberculturaviva","url":"https:\/\/iberculturaviva.org\/es\/?lang=es\/","logo":{"@type":"ImageObject","inLanguage":"es","@id":"https:\/\/iberculturaviva.org\/es\/?lang=es\/#\/schema\/logo\/image\/","url":"https:\/\/iberculturaviva.org\/wp-content\/uploads\/2021\/08\/logo_ibercultura_viva.jpg","contentUrl":"https:\/\/iberculturaviva.org\/wp-content\/uploads\/2021\/08\/logo_ibercultura_viva.jpg","width":708,"height":223,"caption":"Iberculturaviva"},"image":{"@id":"https:\/\/iberculturaviva.org\/es\/?lang=es\/#\/schema\/logo\/image\/"},"sameAs":["https:\/\/www.facebook.com\/iberculturaviva\/","https:\/\/www.instagram.com\/iberculturaviva\/","https:\/\/www.youtube.com\/iberculturaviva"]},{"@type":"Person","@id":"https:\/\/iberculturaviva.org\/es\/?lang=es\/#\/schema\/person\/5d1313b072cc25536e0431522f740b59","name":"IberCultura","image":{"@type":"ImageObject","inLanguage":"es","@id":"https:\/\/iberculturaviva.org\/es\/?lang=es\/#\/schema\/person\/image\/","url":"https:\/\/secure.gravatar.com\/avatar\/79f1a057cb125cbefb3765d0356d52fc7f3bba3a35e2cf22bc4de090bb7aef70?s=96&d=mm&r=g","contentUrl":"https:\/\/secure.gravatar.com\/avatar\/79f1a057cb125cbefb3765d0356d52fc7f3bba3a35e2cf22bc4de090bb7aef70?s=96&d=mm&r=g","caption":"IberCultura"}}]}},"main_category":{"link":"https:\/\/iberculturaviva.org\/es\/category\/noticias-es\/","name":"Noticias","slug":"noticias-es"},"_links":{"self":[{"href":"https:\/\/iberculturaviva.org\/es\/wp-json\/wp\/v2\/posts\/35148","targetHints":{"allow":["GET"]}}],"collection":[{"href":"https:\/\/iberculturaviva.org\/es\/wp-json\/wp\/v2\/posts"}],"about":[{"href":"https:\/\/iberculturaviva.org\/es\/wp-json\/wp\/v2\/types\/post"}],"author":[{"embeddable":true,"href":"https:\/\/iberculturaviva.org\/es\/wp-json\/wp\/v2\/users\/2"}],"replies":[{"embeddable":true,"href":"https:\/\/iberculturaviva.org\/es\/wp-json\/wp\/v2\/comments?post=35148"}],"version-history":[{"count":5,"href":"https:\/\/iberculturaviva.org\/es\/wp-json\/wp\/v2\/posts\/35148\/revisions"}],"predecessor-version":[{"id":41204,"href":"https:\/\/iberculturaviva.org\/es\/wp-json\/wp\/v2\/posts\/35148\/revisions\/41204"}],"wp:featuredmedia":[{"embeddable":true,"href":"https:\/\/iberculturaviva.org\/es\/wp-json\/wp\/v2\/media\/41203"}],"wp:attachment":[{"href":"https:\/\/iberculturaviva.org\/es\/wp-json\/wp\/v2\/media?parent=35148"}],"wp:term":[{"taxonomy":"category","embeddable":true,"href":"https:\/\/iberculturaviva.org\/es\/wp-json\/wp\/v2\/categories?post=35148"},{"taxonomy":"post_tag","embeddable":true,"href":"https:\/\/iberculturaviva.org\/es\/wp-json\/wp\/v2\/tags?post=35148"},{"taxonomy":"country-municipality","embeddable":true,"href":"https:\/\/iberculturaviva.org\/es\/wp-json\/wp\/v2\/country-municipality?post=35148"}],"curies":[{"name":"wp","href":"https:\/\/api.w.org\/{rel}","templated":true}]}}