{"id":33175,"date":"2024-05-17T09:19:52","date_gmt":"2024-05-17T12:19:52","guid":{"rendered":"https:\/\/iberculturaviva.org\/?p=33175"},"modified":"2024-05-31T21:08:07","modified_gmt":"2024-06-01T00:08:07","slug":"34-propuestas-resultaron-seleccionadas-en-la-convocatoria-de-apoyo-a-redes-y-proyectos-de-trabajo-colaborativo-2024","status":"publish","type":"post","link":"https:\/\/iberculturaviva.org\/es\/34-propuestas-resultaron-seleccionadas-en-la-convocatoria-de-apoyo-a-redes-y-proyectos-de-trabajo-colaborativo-2024\/","title":{"rendered":"37 propuestas resultaron seleccionadas en la Convocatoria de Apoyo a Redes 2024"},"content":{"rendered":"<h5><strong>(Foto: Luciele Oliveira\/MinC)<\/strong><\/h5>\n<p>.<\/p>\n<p style=\"text-align: justify;\"><span style=\"font-weight: 400;\">El programa IberCultura Viva dio a conocer los 37 proyectos seleccionados en la Convocatoria IberCultura Viva de Apoyo a Redes y Proyectos de Trabajo Colaborativo 2024.\u00a0<\/span><span style=\"font-weight: 400;\">El valor total destinado a esta edici\u00f3n es de 189 mil d\u00f3lares, el m\u00e1s grande monto otorgado a una Convocatoria de Apoyo a Redes en los 10 a\u00f1os del programa. Cada proyecto seleccionado recibir\u00e1 hasta 5 mil d\u00f3lares para utilizar en los gastos de producci\u00f3n y comunicaci\u00f3n del evento propuesto.\u00a0<\/span><\/p>\n<p style=\"text-align: justify;\"><span style=\"font-weight: 400;\">El viernes 17 de mayo fue publicada <a href=\"https:\/\/iberculturaviva.org\/wp-content\/uploads\/2024\/05\/III-INFORMACION-SELECCIONADAS-Redes-2024.docx.pdf\" target=\"_blank\" rel=\"noopener\">la primera lista<\/a>, con 34 propuestas ganadoras, provenientes<\/span><span style=\"font-weight: 400;\"> de 11 pa\u00edses miembros de IberCultura Viva: <\/span><span style=\"font-weight: 400;\">3 de Argentina, 4 de Brasil, 3 de Chile, 4 de Colombia, 3 de Costa Rica, 3 de Ecuador, 3 de Espa\u00f1a, 2 de El Salvador, 3 de M\u00e9xico, 3 de Per\u00fa y 3 de Uruguay.\u00a0<\/span><span style=\"font-weight: 400;\">Otros tres proyectos, propuestos por redes de Paraguay, fueron anunciados el lunes 20 de mayo, en un <a href=\"https:\/\/iberculturaviva.org\/wp-content\/uploads\/2024\/05\/IV-INFORMACION-SELECCIONADAS-Redes-2024.docx.pdf\">acta complementaria<\/a>, sumando un total de 37 seleccionados.<\/span><\/p>\n<p style=\"text-align: justify;\"><span style=\"font-weight: 400;\">Aquellos proyectos que obtuvieron los m\u00e1s altos puntajes en cada pa\u00eds fueron los seleccionados para recibir el apoyo econ\u00f3mico. Los dos pa\u00edses que quedaron con 4 cupos (Brasil y Colombia) fueron aquellos que presentaron los proyectos con mayor puntuaci\u00f3n entre los que alcanzaron la cuarta colocaci\u00f3n.\u00a0<\/span><\/p>\n<p style=\"text-align: justify;\"><span style=\"font-weight: 400;\">La selecci\u00f3n tuvo en cuenta criterios como la adecuaci\u00f3n a los objetivos estrat\u00e9gicos de IberCultura Viva, los impactos art\u00edstico-culturales, econ\u00f3micos y\/o sociales del proyecto, la experiencia de la red o articulaci\u00f3n proponente, la evaluaci\u00f3n de la propuesta t\u00e9cnica, y la coherencia y adecuaci\u00f3n del presupuesto y del plan de trabajo a los objetivos y estrategias planteados. Los criterios y su respectiva puntuaci\u00f3n estaban establecidos en las bases de la convocatoria.\u00a0<\/span><\/p>\n<p style=\"text-align: justify;\"><span style=\"font-weight: 400;\">Las redes que han sido seleccionadas en la convocatoria ser\u00e1n contactadas por la Unidad T\u00e9cnica de IberCultura Viva en los pr\u00f3ximos d\u00edas para realizar los tr\u00e1mites que permitan el pago de los recursos financieros a las organizaciones responsables.<\/span><\/p>\n<p>.<\/p>\n<h4><b>La convocatoria<\/b><\/h4>\n<p style=\"text-align: justify;\"><span style=\"font-weight: 400;\">La edici\u00f3n 2024 de la Convocatoria IberCultura Viva para Apoyo a Redes y Proyectos de Trabajo Colaborativo, que estuvo abierta entre el 23 de enero y el 13 de marzo en el Mapa IberCultura Viva, tuvo un total de 256 postulaciones enviadas. Este es el mayor n\u00famero de inscripciones recibidas para esta convocatoria desde 2016, a\u00f1o en el que se lanz\u00f3 la primera edici\u00f3n. El r\u00e9cord anterior era de 2022, cuando fueron enviadas 251 postulaciones.\u00a0<\/span><\/p>\n<p style=\"text-align: justify;\"><span style=\"font-weight: 400;\">Los dos pa\u00edses con mayor n\u00famero de candidaturas enviadas fueron Colombia (74) y Argentina (73). Luego, M\u00e9xico (20), Ecuador (16), Espa\u00f1a (12), Per\u00fa (12), Brasil (11), Chile (11), Costa Rica (11), Paraguay (7), Uruguay (7) y El Salvador (2). Rep\u00fablica Dominicana, que participaba como pa\u00eds invitado, no present\u00f3 ninguna inscripci\u00f3n.\u00a0<\/span><\/p>\n<p style=\"text-align: justify;\"><span style=\"font-weight: 400;\">Del total de 256 proyectos enviados, fueron habilitados 193. Seg\u00fan las bases, ser\u00edan aceptados como eventos en esta convocatoria: asambleas, encuentros, congresos, jornadas de sensibilizaci\u00f3n, seminarios, festivales, ferias, coloquios y simposios. Las actividades propuestas deber\u00e1n realizarse entre junio y noviembre de 2024, con entrada gratuita.<\/span><\/p>\n<p style=\"text-align: justify;\"><span style=\"font-weight: 400;\">Este a\u00f1o, as\u00ed como en 2023, tambi\u00e9n era posible presentar propuestas con la tem\u00e1tica de la inclusi\u00f3n digital, para promover proyectos de redes que pongan en pr\u00e1ctica y\/o fomenten el acceso a internet de las comunidades. De las 34 postulaciones seleccionadas en esta convocatoria, tres son proyectos de inclusi\u00f3n digital.\u00a0<\/span><\/p>\n<p>.<\/p>\n<h4><em><strong>(*Texto actualizado el 28\/05\/2024, tras la publicaci\u00f3n del resultado de Paraguay)<\/strong><\/em><\/h4>\n<p>.<\/p>\n<p><strong><a href=\"https:\/\/iberculturaviva.org\/wp-content\/uploads\/2024\/05\/III-INFORMACION-SELECCIONADAS-Redes-2024.docx.pdf\" target=\"_blank\" rel=\"noopener\"> Revisa la lista de proyectos seleccionados (resultado final)<\/a><\/strong><\/p>\n<h4><a href=\"https:\/\/iberculturaviva.org\/wp-content\/uploads\/2024\/05\/IV-INFORMACION-SELECCIONADAS-Redes-2024.docx.pdf\" target=\"_blank\" rel=\"noopener\">Revisa el acta complementaria (resultado de Paraguay)<\/a><\/h4>\n<p>.<\/p>\n<h4>Lea tambi\u00e9n:<\/h4>\n<p><strong><a href=\"https:\/\/iberculturaviva.org\/conoce-las-3-propuestas-de-paraguay-seleccionadas-en-la-convocatoria-de-apoyo-a-redes-y-proyectos-de-trabajo-colaborativo-2024\/?lang=es\" target=\"_blank\" rel=\"noopener\">Conoce las 3 propuestas de Paraguay seleccionadas en la Convocatoria de Apoyo a Redes y Proyectos de Trabajo Colaborativo 2024<\/a><\/strong><\/p>\n<p><a href=\"https:\/\/iberculturaviva.org\/convocatoria-de-apoyo-a-redes-2024-tiene-record-de-candidaturas-256-postulaciones-enviadas\/?lang=es\" target=\"_blank\" rel=\"noopener\"><span style=\"font-weight: 400;\">Convocatoria de Apoyo a Redes 2024 tiene r\u00e9cord de candidaturas: 256 postulaciones enviadas<\/span><\/a><\/p>\n<p><a href=\"https:\/\/iberculturaviva.org\/193-postulaciones-resultaron-habilitadas-en-la-convocatoria-de-apoyo-a-redes-2024\/?lang=es\" target=\"_blank\" rel=\"noopener\"><span style=\"font-weight: 400;\">193 postulaciones resultaron habilitadas en la Convocatoria de Apoyo a Redes 2024<\/span><\/a><\/p>\n<p><a href=\"https:\/\/iberculturaviva.org\/convocatoria-de-apoyo-a-redes-2024-cuenta-con-151-postulaciones-habilitadas-el-plazo-de-recursos-cierra-el-12-de-abril\/?lang=es\" target=\"_blank\" rel=\"noopener\"><span style=\"font-weight: 400;\">Convocatoria de Apoyo a Redes tiene 151 postulaciones habilitadas; el plazo de recursos cierra el 12 de abril<\/span><\/a><\/p>\n<p><a href=\"https:\/\/iberculturaviva.org\/una-guia-sobre-la-convocatoria-de-apoyo-a-redes-y-proyectos-de-trabajo-colaborativo-2024\/?lang=es\" target=\"_blank\" rel=\"noopener\"><span style=\"font-weight: 400;\">Una gu\u00eda sobre la Convocatoria de Apoyo a Redes y Proyectos de Trabajo Colaborativo 2024<\/span><\/a><\/p>\n<p><a href=\"https:\/\/iberculturaviva.org\/ibercultura-viva-abre-la-convocatoria-de-apoyo-a-redes-y-proyectos-de-trabajo-colaborativo-2024\/?lang=es\" target=\"_blank\" rel=\"noopener\"><span style=\"font-weight: 400;\">IberCultura Viva abre la Convocatoria de Apoyo a Redes y Proyectos de Trabajo Colaborativo 2024\u00a0<\/span><\/a><\/p>\n","protected":false},"excerpt":{"rendered":"<p>(Foto: Luciele Oliveira\/MinC) . El programa IberCultura Viva dio a conocer los 37 proyectos seleccionados en la Convocatoria IberCultura Viva de Apoyo a Redes y Proyectos de Trabajo Colaborativo 2024.\u00a0El [&hellip;]<\/p>\n","protected":false},"author":2,"featured_media":32185,"comment_status":"closed","ping_status":"closed","sticky":false,"template":"","format":"standard","meta":{"_coblocks_attr":"","_coblocks_dimensions":"","_coblocks_responsive_height":"","_coblocks_accordion_ie_support":"","_EventAllDay":false,"_EventTimezone":"","_EventStartDate":"","_EventEndDate":"","_EventStartDateUTC":"","_EventEndDateUTC":"","_EventShowMap":false,"_EventShowMapLink":false,"_EventURL":"","_EventCost":"","_EventCostDescription":"","_EventCurrencySymbol":"","_EventCurrencyCode":"","_EventCurrencyPosition":"","_EventDateTimeSeparator":"","_EventTimeRangeSeparator":"","_EventOrganizerID":[],"_EventVenueID":[],"_OrganizerEmail":"","_OrganizerPhone":"","_OrganizerWebsite":"","_VenueAddress":"","_VenueCity":"","_VenueCountry":"","_VenueProvince":"","_VenueState":"","_VenueZip":"","_VenuePhone":"","_VenueURL":"","_VenueStateProvince":"","_VenueLat":"","_VenueLng":"","_VenueShowMap":false,"_VenueShowMapLink":false,"footnotes":""},"categories":[250,254,262],"tags":[],"country-municipality":[],"class_list":["post-33175","post","type-post","status-publish","format-standard","has-post-thumbnail","hentry","category-convocatorias","category-destaque-es","category-noticias-es"],"yoast_head":"<!-- This site is optimized with the Yoast SEO plugin v25.7 - https:\/\/yoast.com\/wordpress\/plugins\/seo\/ -->\n<title>37 propuestas resultaron seleccionadas en la Convocatoria de Apoyo a Redes 2024 - IberCultura Viva<\/title>\n<meta name=\"description\" content=\"37 propuestas resultaron seleccionadas en la Convocatoria de Apoyo a Redes 2024 - IberCultura Viva\" \/>\n<meta name=\"robots\" content=\"index, follow, max-snippet:-1, max-image-preview:large, max-video-preview:-1\" \/>\n<link rel=\"canonical\" href=\"https:\/\/iberculturaviva.org\/es\/34-propuestas-resultaron-seleccionadas-en-la-convocatoria-de-apoyo-a-redes-y-proyectos-de-trabajo-colaborativo-2024\/\" \/>\n<meta property=\"og:locale\" content=\"es_ES\" \/>\n<meta property=\"og:type\" content=\"article\" \/>\n<meta property=\"og:title\" content=\"37 propuestas resultaron seleccionadas en la Convocatoria de Apoyo a Redes 2024 - IberCultura Viva\" \/>\n<meta property=\"og:description\" content=\"37 propuestas resultaron seleccionadas en la Convocatoria de Apoyo a Redes 2024 - IberCultura Viva\" \/>\n<meta property=\"og:url\" content=\"https:\/\/iberculturaviva.org\/es\/34-propuestas-resultaron-seleccionadas-en-la-convocatoria-de-apoyo-a-redes-y-proyectos-de-trabajo-colaborativo-2024\/\" \/>\n<meta property=\"og:site_name\" content=\"IberCultura Viva\" \/>\n<meta property=\"article:publisher\" content=\"https:\/\/www.facebook.com\/iberculturaviva\/\" \/>\n<meta property=\"article:published_time\" content=\"2024-05-17T12:19:52+00:00\" \/>\n<meta property=\"article:modified_time\" content=\"2024-06-01T00:08:07+00:00\" \/>\n<meta property=\"og:image\" content=\"https:\/\/iberculturaviva.org\/wp-content\/uploads\/2024\/01\/culturaspopulares_luciele_oliveira_MinC.jpg\" \/>\n\t<meta property=\"og:image:width\" content=\"2048\" \/>\n\t<meta property=\"og:image:height\" content=\"1365\" \/>\n\t<meta property=\"og:image:type\" content=\"image\/jpeg\" \/>\n<meta name=\"author\" content=\"IberCultura\" \/>\n<meta name=\"twitter:card\" content=\"summary_large_image\" \/>\n<meta name=\"twitter:label1\" content=\"Escrito por\" \/>\n\t<meta name=\"twitter:data1\" content=\"IberCultura\" \/>\n\t<meta name=\"twitter:label2\" content=\"Tiempo de lectura\" \/>\n\t<meta name=\"twitter:data2\" content=\"4 minutos\" \/>\n<script type=\"application\/ld+json\" class=\"yoast-schema-graph\">{\"@context\":\"https:\/\/schema.org\",\"@graph\":[{\"@type\":\"Article\",\"@id\":\"https:\/\/iberculturaviva.org\/es\/34-propuestas-resultaron-seleccionadas-en-la-convocatoria-de-apoyo-a-redes-y-proyectos-de-trabajo-colaborativo-2024\/#article\",\"isPartOf\":{\"@id\":\"https:\/\/iberculturaviva.org\/es\/34-propuestas-resultaron-seleccionadas-en-la-convocatoria-de-apoyo-a-redes-y-proyectos-de-trabajo-colaborativo-2024\/\"},\"author\":{\"name\":\"IberCultura\",\"@id\":\"https:\/\/iberculturaviva.org\/es\/?lang=es\/#\/schema\/person\/5d1313b072cc25536e0431522f740b59\"},\"headline\":\"37 propuestas resultaron seleccionadas en la Convocatoria de Apoyo a Redes 2024\",\"datePublished\":\"2024-05-17T12:19:52+00:00\",\"dateModified\":\"2024-06-01T00:08:07+00:00\",\"mainEntityOfPage\":{\"@id\":\"https:\/\/iberculturaviva.org\/es\/34-propuestas-resultaron-seleccionadas-en-la-convocatoria-de-apoyo-a-redes-y-proyectos-de-trabajo-colaborativo-2024\/\"},\"wordCount\":672,\"publisher\":{\"@id\":\"https:\/\/iberculturaviva.org\/es\/?lang=es\/#organization\"},\"image\":{\"@id\":\"https:\/\/iberculturaviva.org\/es\/34-propuestas-resultaron-seleccionadas-en-la-convocatoria-de-apoyo-a-redes-y-proyectos-de-trabajo-colaborativo-2024\/#primaryimage\"},\"thumbnailUrl\":\"https:\/\/iberculturaviva.org\/wp-content\/uploads\/2024\/01\/culturaspopulares_luciele_oliveira_MinC.jpg\",\"articleSection\":[\"Convocatorias\",\"Destaque\",\"Noticias\"],\"inLanguage\":\"es\"},{\"@type\":\"WebPage\",\"@id\":\"https:\/\/iberculturaviva.org\/es\/34-propuestas-resultaron-seleccionadas-en-la-convocatoria-de-apoyo-a-redes-y-proyectos-de-trabajo-colaborativo-2024\/\",\"url\":\"https:\/\/iberculturaviva.org\/es\/34-propuestas-resultaron-seleccionadas-en-la-convocatoria-de-apoyo-a-redes-y-proyectos-de-trabajo-colaborativo-2024\/\",\"name\":\"37 propuestas resultaron seleccionadas en la Convocatoria de Apoyo a Redes 2024 - IberCultura Viva\",\"isPartOf\":{\"@id\":\"https:\/\/iberculturaviva.org\/es\/?lang=es\/#website\"},\"primaryImageOfPage\":{\"@id\":\"https:\/\/iberculturaviva.org\/es\/34-propuestas-resultaron-seleccionadas-en-la-convocatoria-de-apoyo-a-redes-y-proyectos-de-trabajo-colaborativo-2024\/#primaryimage\"},\"image\":{\"@id\":\"https:\/\/iberculturaviva.org\/es\/34-propuestas-resultaron-seleccionadas-en-la-convocatoria-de-apoyo-a-redes-y-proyectos-de-trabajo-colaborativo-2024\/#primaryimage\"},\"thumbnailUrl\":\"https:\/\/iberculturaviva.org\/wp-content\/uploads\/2024\/01\/culturaspopulares_luciele_oliveira_MinC.jpg\",\"datePublished\":\"2024-05-17T12:19:52+00:00\",\"dateModified\":\"2024-06-01T00:08:07+00:00\",\"description\":\"37 propuestas resultaron seleccionadas en la Convocatoria de Apoyo a Redes 2024 - IberCultura Viva\",\"breadcrumb\":{\"@id\":\"https:\/\/iberculturaviva.org\/es\/34-propuestas-resultaron-seleccionadas-en-la-convocatoria-de-apoyo-a-redes-y-proyectos-de-trabajo-colaborativo-2024\/#breadcrumb\"},\"inLanguage\":\"es\",\"potentialAction\":[{\"@type\":\"ReadAction\",\"target\":[\"https:\/\/iberculturaviva.org\/es\/34-propuestas-resultaron-seleccionadas-en-la-convocatoria-de-apoyo-a-redes-y-proyectos-de-trabajo-colaborativo-2024\/\"]}]},{\"@type\":\"ImageObject\",\"inLanguage\":\"es\",\"@id\":\"https:\/\/iberculturaviva.org\/es\/34-propuestas-resultaron-seleccionadas-en-la-convocatoria-de-apoyo-a-redes-y-proyectos-de-trabajo-colaborativo-2024\/#primaryimage\",\"url\":\"https:\/\/iberculturaviva.org\/wp-content\/uploads\/2024\/01\/culturaspopulares_luciele_oliveira_MinC.jpg\",\"contentUrl\":\"https:\/\/iberculturaviva.org\/wp-content\/uploads\/2024\/01\/culturaspopulares_luciele_oliveira_MinC.jpg\",\"width\":2048,\"height\":1365,\"caption\":\"Encerramento da Confer\u00eancia Tem\u00e1tica Culturas Populares e Tradicionais - S\u00e3o Jorge, Chapada dos Veadeiros. 16.12.23 Foto: Luciele Oliveira \/ MinC\"},{\"@type\":\"BreadcrumbList\",\"@id\":\"https:\/\/iberculturaviva.org\/es\/34-propuestas-resultaron-seleccionadas-en-la-convocatoria-de-apoyo-a-redes-y-proyectos-de-trabajo-colaborativo-2024\/#breadcrumb\",\"itemListElement\":[{\"@type\":\"ListItem\",\"position\":1,\"name\":\"In\u00edcio\",\"item\":\"https:\/\/iberculturaviva.org\/es\/inicio\/\"},{\"@type\":\"ListItem\",\"position\":2,\"name\":\"37 propuestas resultaron seleccionadas en la Convocatoria de Apoyo a Redes 2024\"}]},{\"@type\":\"WebSite\",\"@id\":\"https:\/\/iberculturaviva.org\/es\/?lang=es\/#website\",\"url\":\"https:\/\/iberculturaviva.org\/es\/?lang=es\/\",\"name\":\"IberCultura Viva\",\"description\":\"Programa de cooperaci\u00f3n cultural\",\"publisher\":{\"@id\":\"https:\/\/iberculturaviva.org\/es\/?lang=es\/#organization\"},\"potentialAction\":[{\"@type\":\"SearchAction\",\"target\":{\"@type\":\"EntryPoint\",\"urlTemplate\":\"https:\/\/iberculturaviva.org\/es\/?lang=es\/?s={search_term_string}\"},\"query-input\":{\"@type\":\"PropertyValueSpecification\",\"valueRequired\":true,\"valueName\":\"search_term_string\"}}],\"inLanguage\":\"es\"},{\"@type\":\"Organization\",\"@id\":\"https:\/\/iberculturaviva.org\/es\/?lang=es\/#organization\",\"name\":\"Iberculturaviva\",\"url\":\"https:\/\/iberculturaviva.org\/es\/?lang=es\/\",\"logo\":{\"@type\":\"ImageObject\",\"inLanguage\":\"es\",\"@id\":\"https:\/\/iberculturaviva.org\/es\/?lang=es\/#\/schema\/logo\/image\/\",\"url\":\"https:\/\/iberculturaviva.org\/wp-content\/uploads\/2021\/08\/logo_ibercultura_viva.jpg\",\"contentUrl\":\"https:\/\/iberculturaviva.org\/wp-content\/uploads\/2021\/08\/logo_ibercultura_viva.jpg\",\"width\":708,\"height\":223,\"caption\":\"Iberculturaviva\"},\"image\":{\"@id\":\"https:\/\/iberculturaviva.org\/es\/?lang=es\/#\/schema\/logo\/image\/\"},\"sameAs\":[\"https:\/\/www.facebook.com\/iberculturaviva\/\",\"https:\/\/www.instagram.com\/iberculturaviva\/\",\"https:\/\/www.youtube.com\/iberculturaviva\"]},{\"@type\":\"Person\",\"@id\":\"https:\/\/iberculturaviva.org\/es\/?lang=es\/#\/schema\/person\/5d1313b072cc25536e0431522f740b59\",\"name\":\"IberCultura\",\"image\":{\"@type\":\"ImageObject\",\"inLanguage\":\"es\",\"@id\":\"https:\/\/iberculturaviva.org\/es\/?lang=es\/#\/schema\/person\/image\/\",\"url\":\"https:\/\/secure.gravatar.com\/avatar\/79f1a057cb125cbefb3765d0356d52fc7f3bba3a35e2cf22bc4de090bb7aef70?s=96&d=mm&r=g\",\"contentUrl\":\"https:\/\/secure.gravatar.com\/avatar\/79f1a057cb125cbefb3765d0356d52fc7f3bba3a35e2cf22bc4de090bb7aef70?s=96&d=mm&r=g\",\"caption\":\"IberCultura\"}}]}<\/script>\n<!-- \/ Yoast SEO plugin. -->","yoast_head_json":{"title":"37 propuestas resultaron seleccionadas en la Convocatoria de Apoyo a Redes 2024 - IberCultura Viva","description":"37 propuestas resultaron seleccionadas en la Convocatoria de Apoyo a Redes 2024 - IberCultura Viva","robots":{"index":"index","follow":"follow","max-snippet":"max-snippet:-1","max-image-preview":"max-image-preview:large","max-video-preview":"max-video-preview:-1"},"canonical":"https:\/\/iberculturaviva.org\/es\/34-propuestas-resultaron-seleccionadas-en-la-convocatoria-de-apoyo-a-redes-y-proyectos-de-trabajo-colaborativo-2024\/","og_locale":"es_ES","og_type":"article","og_title":"37 propuestas resultaron seleccionadas en la Convocatoria de Apoyo a Redes 2024 - IberCultura Viva","og_description":"37 propuestas resultaron seleccionadas en la Convocatoria de Apoyo a Redes 2024 - IberCultura Viva","og_url":"https:\/\/iberculturaviva.org\/es\/34-propuestas-resultaron-seleccionadas-en-la-convocatoria-de-apoyo-a-redes-y-proyectos-de-trabajo-colaborativo-2024\/","og_site_name":"IberCultura Viva","article_publisher":"https:\/\/www.facebook.com\/iberculturaviva\/","article_published_time":"2024-05-17T12:19:52+00:00","article_modified_time":"2024-06-01T00:08:07+00:00","og_image":[{"width":2048,"height":1365,"url":"https:\/\/iberculturaviva.org\/wp-content\/uploads\/2024\/01\/culturaspopulares_luciele_oliveira_MinC.jpg","type":"image\/jpeg"}],"author":"IberCultura","twitter_card":"summary_large_image","twitter_misc":{"Escrito por":"IberCultura","Tiempo de lectura":"4 minutos"},"schema":{"@context":"https:\/\/schema.org","@graph":[{"@type":"Article","@id":"https:\/\/iberculturaviva.org\/es\/34-propuestas-resultaron-seleccionadas-en-la-convocatoria-de-apoyo-a-redes-y-proyectos-de-trabajo-colaborativo-2024\/#article","isPartOf":{"@id":"https:\/\/iberculturaviva.org\/es\/34-propuestas-resultaron-seleccionadas-en-la-convocatoria-de-apoyo-a-redes-y-proyectos-de-trabajo-colaborativo-2024\/"},"author":{"name":"IberCultura","@id":"https:\/\/iberculturaviva.org\/es\/?lang=es\/#\/schema\/person\/5d1313b072cc25536e0431522f740b59"},"headline":"37 propuestas resultaron seleccionadas en la Convocatoria de Apoyo a Redes 2024","datePublished":"2024-05-17T12:19:52+00:00","dateModified":"2024-06-01T00:08:07+00:00","mainEntityOfPage":{"@id":"https:\/\/iberculturaviva.org\/es\/34-propuestas-resultaron-seleccionadas-en-la-convocatoria-de-apoyo-a-redes-y-proyectos-de-trabajo-colaborativo-2024\/"},"wordCount":672,"publisher":{"@id":"https:\/\/iberculturaviva.org\/es\/?lang=es\/#organization"},"image":{"@id":"https:\/\/iberculturaviva.org\/es\/34-propuestas-resultaron-seleccionadas-en-la-convocatoria-de-apoyo-a-redes-y-proyectos-de-trabajo-colaborativo-2024\/#primaryimage"},"thumbnailUrl":"https:\/\/iberculturaviva.org\/wp-content\/uploads\/2024\/01\/culturaspopulares_luciele_oliveira_MinC.jpg","articleSection":["Convocatorias","Destaque","Noticias"],"inLanguage":"es"},{"@type":"WebPage","@id":"https:\/\/iberculturaviva.org\/es\/34-propuestas-resultaron-seleccionadas-en-la-convocatoria-de-apoyo-a-redes-y-proyectos-de-trabajo-colaborativo-2024\/","url":"https:\/\/iberculturaviva.org\/es\/34-propuestas-resultaron-seleccionadas-en-la-convocatoria-de-apoyo-a-redes-y-proyectos-de-trabajo-colaborativo-2024\/","name":"37 propuestas resultaron seleccionadas en la Convocatoria de Apoyo a Redes 2024 - IberCultura Viva","isPartOf":{"@id":"https:\/\/iberculturaviva.org\/es\/?lang=es\/#website"},"primaryImageOfPage":{"@id":"https:\/\/iberculturaviva.org\/es\/34-propuestas-resultaron-seleccionadas-en-la-convocatoria-de-apoyo-a-redes-y-proyectos-de-trabajo-colaborativo-2024\/#primaryimage"},"image":{"@id":"https:\/\/iberculturaviva.org\/es\/34-propuestas-resultaron-seleccionadas-en-la-convocatoria-de-apoyo-a-redes-y-proyectos-de-trabajo-colaborativo-2024\/#primaryimage"},"thumbnailUrl":"https:\/\/iberculturaviva.org\/wp-content\/uploads\/2024\/01\/culturaspopulares_luciele_oliveira_MinC.jpg","datePublished":"2024-05-17T12:19:52+00:00","dateModified":"2024-06-01T00:08:07+00:00","description":"37 propuestas resultaron seleccionadas en la Convocatoria de Apoyo a Redes 2024 - IberCultura Viva","breadcrumb":{"@id":"https:\/\/iberculturaviva.org\/es\/34-propuestas-resultaron-seleccionadas-en-la-convocatoria-de-apoyo-a-redes-y-proyectos-de-trabajo-colaborativo-2024\/#breadcrumb"},"inLanguage":"es","potentialAction":[{"@type":"ReadAction","target":["https:\/\/iberculturaviva.org\/es\/34-propuestas-resultaron-seleccionadas-en-la-convocatoria-de-apoyo-a-redes-y-proyectos-de-trabajo-colaborativo-2024\/"]}]},{"@type":"ImageObject","inLanguage":"es","@id":"https:\/\/iberculturaviva.org\/es\/34-propuestas-resultaron-seleccionadas-en-la-convocatoria-de-apoyo-a-redes-y-proyectos-de-trabajo-colaborativo-2024\/#primaryimage","url":"https:\/\/iberculturaviva.org\/wp-content\/uploads\/2024\/01\/culturaspopulares_luciele_oliveira_MinC.jpg","contentUrl":"https:\/\/iberculturaviva.org\/wp-content\/uploads\/2024\/01\/culturaspopulares_luciele_oliveira_MinC.jpg","width":2048,"height":1365,"caption":"Encerramento da Confer\u00eancia Tem\u00e1tica Culturas Populares e Tradicionais - S\u00e3o Jorge, Chapada dos Veadeiros. 16.12.23 Foto: Luciele Oliveira \/ MinC"},{"@type":"BreadcrumbList","@id":"https:\/\/iberculturaviva.org\/es\/34-propuestas-resultaron-seleccionadas-en-la-convocatoria-de-apoyo-a-redes-y-proyectos-de-trabajo-colaborativo-2024\/#breadcrumb","itemListElement":[{"@type":"ListItem","position":1,"name":"In\u00edcio","item":"https:\/\/iberculturaviva.org\/es\/inicio\/"},{"@type":"ListItem","position":2,"name":"37 propuestas resultaron seleccionadas en la Convocatoria de Apoyo a Redes 2024"}]},{"@type":"WebSite","@id":"https:\/\/iberculturaviva.org\/es\/?lang=es\/#website","url":"https:\/\/iberculturaviva.org\/es\/?lang=es\/","name":"IberCultura Viva","description":"Programa de cooperaci\u00f3n cultural","publisher":{"@id":"https:\/\/iberculturaviva.org\/es\/?lang=es\/#organization"},"potentialAction":[{"@type":"SearchAction","target":{"@type":"EntryPoint","urlTemplate":"https:\/\/iberculturaviva.org\/es\/?lang=es\/?s={search_term_string}"},"query-input":{"@type":"PropertyValueSpecification","valueRequired":true,"valueName":"search_term_string"}}],"inLanguage":"es"},{"@type":"Organization","@id":"https:\/\/iberculturaviva.org\/es\/?lang=es\/#organization","name":"Iberculturaviva","url":"https:\/\/iberculturaviva.org\/es\/?lang=es\/","logo":{"@type":"ImageObject","inLanguage":"es","@id":"https:\/\/iberculturaviva.org\/es\/?lang=es\/#\/schema\/logo\/image\/","url":"https:\/\/iberculturaviva.org\/wp-content\/uploads\/2021\/08\/logo_ibercultura_viva.jpg","contentUrl":"https:\/\/iberculturaviva.org\/wp-content\/uploads\/2021\/08\/logo_ibercultura_viva.jpg","width":708,"height":223,"caption":"Iberculturaviva"},"image":{"@id":"https:\/\/iberculturaviva.org\/es\/?lang=es\/#\/schema\/logo\/image\/"},"sameAs":["https:\/\/www.facebook.com\/iberculturaviva\/","https:\/\/www.instagram.com\/iberculturaviva\/","https:\/\/www.youtube.com\/iberculturaviva"]},{"@type":"Person","@id":"https:\/\/iberculturaviva.org\/es\/?lang=es\/#\/schema\/person\/5d1313b072cc25536e0431522f740b59","name":"IberCultura","image":{"@type":"ImageObject","inLanguage":"es","@id":"https:\/\/iberculturaviva.org\/es\/?lang=es\/#\/schema\/person\/image\/","url":"https:\/\/secure.gravatar.com\/avatar\/79f1a057cb125cbefb3765d0356d52fc7f3bba3a35e2cf22bc4de090bb7aef70?s=96&d=mm&r=g","contentUrl":"https:\/\/secure.gravatar.com\/avatar\/79f1a057cb125cbefb3765d0356d52fc7f3bba3a35e2cf22bc4de090bb7aef70?s=96&d=mm&r=g","caption":"IberCultura"}}]}},"main_category":{"link":"https:\/\/iberculturaviva.org\/es\/category\/destaque-es\/","name":"Destaque","slug":"destaque-es"},"_links":{"self":[{"href":"https:\/\/iberculturaviva.org\/es\/wp-json\/wp\/v2\/posts\/33175","targetHints":{"allow":["GET"]}}],"collection":[{"href":"https:\/\/iberculturaviva.org\/es\/wp-json\/wp\/v2\/posts"}],"about":[{"href":"https:\/\/iberculturaviva.org\/es\/wp-json\/wp\/v2\/types\/post"}],"author":[{"embeddable":true,"href":"https:\/\/iberculturaviva.org\/es\/wp-json\/wp\/v2\/users\/2"}],"replies":[{"embeddable":true,"href":"https:\/\/iberculturaviva.org\/es\/wp-json\/wp\/v2\/comments?post=33175"}],"version-history":[{"count":7,"href":"https:\/\/iberculturaviva.org\/es\/wp-json\/wp\/v2\/posts\/33175\/revisions"}],"predecessor-version":[{"id":33400,"href":"https:\/\/iberculturaviva.org\/es\/wp-json\/wp\/v2\/posts\/33175\/revisions\/33400"}],"wp:featuredmedia":[{"embeddable":true,"href":"https:\/\/iberculturaviva.org\/es\/wp-json\/wp\/v2\/media\/32185"}],"wp:attachment":[{"href":"https:\/\/iberculturaviva.org\/es\/wp-json\/wp\/v2\/media?parent=33175"}],"wp:term":[{"taxonomy":"category","embeddable":true,"href":"https:\/\/iberculturaviva.org\/es\/wp-json\/wp\/v2\/categories?post=33175"},{"taxonomy":"post_tag","embeddable":true,"href":"https:\/\/iberculturaviva.org\/es\/wp-json\/wp\/v2\/tags?post=33175"},{"taxonomy":"country-municipality","embeddable":true,"href":"https:\/\/iberculturaviva.org\/es\/wp-json\/wp\/v2\/country-municipality?post=33175"}],"curies":[{"name":"wp","href":"https:\/\/api.w.org\/{rel}","templated":true}]}}