{"id":32903,"date":"2024-04-21T13:10:57","date_gmt":"2024-04-21T16:10:57","guid":{"rendered":"https:\/\/iberculturaviva.org\/?p=32903"},"modified":"2024-04-25T15:33:48","modified_gmt":"2024-04-25T18:33:48","slug":"ministra-de-cultura-de-brasil-visita-la-corporacion-cultural-nuestra-gente-en-medellin","status":"publish","type":"post","link":"https:\/\/iberculturaviva.org\/es\/ministra-de-cultura-de-brasil-visita-la-corporacion-cultural-nuestra-gente-en-medellin\/","title":{"rendered":"En viaje por Colombia, la ministra de Cultura de Brasil visita la Corporaci\u00f3n Cultural Nuestra Gente, en Medell\u00edn"},"content":{"rendered":"<h5>(Fotos: Luciele Oliveira\/MinC)<\/h5>\n<p>.<\/p>\n<p style=\"text-align: justify;\"><span style=\"font-weight: 400;\">La ministra de Cultura de Brasil, Margareth Menezes, estuvo en Colombia de 15 a 21 de abril, acompa\u00f1ando a la comitiva oficial -que incluy\u00f3 al presidente de la Rep\u00fablica, Luiz In\u00e1cio Lula da Silva- en la inauguraci\u00f3n de la 36\u00aa Feria Internacional del Libro de Bogot\u00e1, el mi\u00e9rcoles 17 de abril. Ella aprovech\u00f3 el viaje para intercambiar experiencias y conocer pol\u00edticas p\u00fablicas y proyectos desarrollados en ciudades como Bogot\u00e1 y Medell\u00edn. En su cuarto d\u00eda de agenda en Colombia, el viernes 19 de abril, la ministra hizo una visita a la Corporaci\u00f3n Cultural Nuestra Gente, en Medell\u00edn, donde tambi\u00e9n se encontr\u00f3 con el secretario municipal de Cultura Ciudadana, Santiago Silva Jaramillo.\u00a0<\/span><\/p>\n<p style=\"text-align: justify;\"><span style=\"font-weight: 400;\">\u201cLa cultura y el arte son herramientas de transformaci\u00f3n real de vida, y Medell\u00edn tiene una historia muy fuerte en relaci\u00f3n a transformar el ambiente de violencia y acoger a las nuevas generaciones\u201d, coment\u00f3 la ministra. \u201cLas experiencias que tienen aqu\u00ed, las queremos replicar en Brasil, porque todo se hace a partir de la ciudadan\u00eda y de quienes viven en los lugares. Ya es m\u00e1s que hora de que las pol\u00edticas p\u00fablicas acojan a todos\u201d, agreg\u00f3.\u00a0<\/span><\/p>\n<p style=\"text-align: justify;\"><span style=\"font-weight: 400;\">La <\/span><a href=\"https:\/\/www.nuestragente.com.co\/\" target=\"_blank\" rel=\"noopener\"><span style=\"font-weight: 400;\">Corporaci\u00f3n Cultural Nuestra Gente<\/span><\/a><span style=\"font-weight: 400;\"> es una organizaci\u00f3n de la Comuna 2 de la Zona Nororiental de Medell\u00edn que se cre\u00f3 en el a\u00f1o de 1987 y que se articula a la Red Colombiana y Latinoamericana de Teatro en Comunidad. La agrupaci\u00f3n tiene como sede la Casa Amarilla, una casa que fue un burdel y que se convirti\u00f3 en un referente cultural, social y comunitario en el barrio Santa Cruz. Un espacio cultural desde el barrio que se proyecta a la ciudad, buscando \u201cformar personas referentes de una cultura de vida y de sue\u00f1os comunes, seres portadores de alegr\u00eda, paz y solidaridad\u201d.<\/span><\/p>\n<p style=\"text-align: justify;\"><span style=\"font-weight: 400;\">El Encuentro Nacional Comunitario de Teatro Joven, que en 2023 tuvo su 28\u00aa edici\u00f3n, es una de las principales iniciativas desarrolladas por la corporaci\u00f3n en sus m\u00e1s de tres d\u00e9cadas de trayectoria. El evento fue creado en 1996, como resultado de un proceso de asesor\u00eda y capacitaci\u00f3n a grupos juveniles de teatro de la Zona Nororiental, y creci\u00f3 a punto de reunir miles de personas en una gran fiesta -construida por todos y para todos- en la que el teatro sale del escenario y se toma las calles, derribando fronteras, con artistas locales, nacionales e internacionales construyendo espacios de convivencia y armon\u00eda.<\/span><\/p>\n<p style=\"text-align: justify;\"><span style=\"font-weight: 400;\"><a href=\"https:\/\/iberculturaviva.org\/wp-content\/uploads\/2024\/04\/53664504617_2e5fede032_k.jpg\"><img loading=\"lazy\" decoding=\"async\" class=\"alignright wp-image-32914 size-medium\" src=\"https:\/\/iberculturaviva.org\/wp-content\/uploads\/2024\/04\/53664504617_2e5fede032_k-460x310.jpg\" alt=\"\" width=\"300\" height=\"202\" srcset=\"https:\/\/iberculturaviva.org\/wp-content\/uploads\/2024\/04\/53664504617_2e5fede032_k-460x310.jpg 460w, https:\/\/iberculturaviva.org\/wp-content\/uploads\/2024\/04\/53664504617_2e5fede032_k-125x83.jpg 125w\" sizes=\"auto, (max-width: 300px) 100vw, 300px\" \/><\/a>Jorge Bland\u00f3n, director y cofundador de la Corporaci\u00f3n Cultural Nuestra Gente, fue una de las personas que recibieron a la ministra Margareth Menezes en la Casa Amarilla para contar un poco de la historia y de las actividades que desarrolla la organizaci\u00f3n. Este espacio sirvi\u00f3, adem\u00e1s, para conversar sobre el Movimiento de Cultura Viva Comunitaria en Colombia, aportar a <\/span><span style=\"color: initial;\">la discusi\u00f3n de los Puntos de Cultura en diferentes pa\u00edses de Latinoam\u00e9rica, y de c\u00f3mo un pa\u00eds puede aprender del otro en el fomento art\u00edstico y cultural, as\u00ed como para<\/span><span style=\"color: initial;\"> conocer las experiencias de <\/span><a class=\"x1i10hfl xjbqb8w x1ejq31n xd10rxx x1sy0etr x17r0tee x972fbf xcfux6l x1qhh985 xm0m39n x9f619 x1ypdohk xt0psk2 xe8uvvx xdj266r x11i5rnm xat24cr x1mh8g0r xexx8yu x4uap5 x18d9i69 xkhd6sd x16tdsg8 x1hl2dhg xggy1nq x1a2a7pz xt0b8zv x1fey0fg xo1l8bm\" tabindex=\"0\" role=\"link\" href=\"https:\/\/www.facebook.com\/CorporacionConVivamos?__cft__[0]=AZXRcy1Yl0393hpQrIFyShWjxA3bXLDw3JLFn0aevwg_L-3AX2rNWZjhDIEW2ZHf0C9UaVAJCiUHCr1GxFyFrT9ch1Ufa--8gnELOQK_hj56Imkj2d2lV4NPSQw7NbA5UkZ5h0V1VBxkjPuuaeJmWrQS2IkPn4TfMF62Bi0Md8BLbj-3_NNR8Zk0JxaRvwAWdqDt7Mchi_n2aiGMU6J69gnF&amp;__tn__=-]K-R\" target=\"_blank\" rel=\"noopener\"><span class=\"xt0psk2\">Corporaci\u00f3n Convivamos<\/span><\/a><span style=\"color: initial;\">, <\/span><a class=\"x1i10hfl xjbqb8w x1ejq31n xd10rxx x1sy0etr x17r0tee x972fbf xcfux6l x1qhh985 xm0m39n x9f619 x1ypdohk xt0psk2 xe8uvvx xdj266r x11i5rnm xat24cr x1mh8g0r xexx8yu x4uap5 x18d9i69 xkhd6sd x16tdsg8 x1hl2dhg xggy1nq x1a2a7pz xt0b8zv x1fey0fg xo1l8bm\" tabindex=\"0\" role=\"link\" href=\"https:\/\/www.facebook.com\/profile.php?id=100064338085343&amp;__cft__[0]=AZXRcy1Yl0393hpQrIFyShWjxA3bXLDw3JLFn0aevwg_L-3AX2rNWZjhDIEW2ZHf0C9UaVAJCiUHCr1GxFyFrT9ch1Ufa--8gnELOQK_hj56Imkj2d2lV4NPSQw7NbA5UkZ5h0V1VBxkjPuuaeJmWrQS2IkPn4TfMF62Bi0Md8BLbj-3_NNR8Zk0JxaRvwAWdqDt7Mchi_n2aiGMU6J69gnF&amp;__tn__=-]K-R\" target=\"_blank\" rel=\"noopener\"><span class=\"xt0psk2\">Red Cultural Comuna 4<\/span><\/a><span style=\"color: initial;\"> y la <\/span><a class=\"x1i10hfl xjbqb8w x1ejq31n xd10rxx x1sy0etr x17r0tee x972fbf xcfux6l x1qhh985 xm0m39n x9f619 x1ypdohk xt0psk2 xe8uvvx xdj266r x11i5rnm xat24cr x1mh8g0r xexx8yu x4uap5 x18d9i69 xkhd6sd x16tdsg8 x1hl2dhg xggy1nq x1a2a7pz xt0b8zv x1fey0fg xo1l8bm\" tabindex=\"0\" role=\"link\" href=\"https:\/\/www.facebook.com\/plataforma.puente?__cft__[0]=AZXRcy1Yl0393hpQrIFyShWjxA3bXLDw3JLFn0aevwg_L-3AX2rNWZjhDIEW2ZHf0C9UaVAJCiUHCr1GxFyFrT9ch1Ufa--8gnELOQK_hj56Imkj2d2lV4NPSQw7NbA5UkZ5h0V1VBxkjPuuaeJmWrQS2IkPn4TfMF62Bi0Md8BLbj-3_NNR8Zk0JxaRvwAWdqDt7Mchi_n2aiGMU6J69gnF&amp;__tn__=-]K-R\" target=\"_blank\" rel=\"noopener\"><span class=\"xt0psk2\">Plataforma Puente Cultura Viva Comunitaria<\/span><\/a><span style=\"color: initial;\">.<\/span><\/p>\n<div class=\"x11i5rnm xat24cr x1mh8g0r x1vvkbs xtlvy1s x126k92a\">\n<div dir=\"auto\" style=\"text-align: justify;\">\n<p>Las y los j\u00f3venes de Sonidos de la Vida, y Las Pilanderas, dos de los procesos de formaci\u00f3n de Nuestra Gente, se encargaron de las presentaciones art\u00edsticas durante la visita de la comitiva brasile\u00f1a, inclusive con tambores inspirados en el grupo Olodum, de Salvador de Bah\u00eda. Jo\u00e3o Jorge Rodrigues, uno de los fundadores de Olodum, hoy presidente de la Funda\u00e7\u00e3o Cultural Palmares, tambi\u00e9n estuvo en la visita a la Casa Amarilla. Seg\u00fan Bland\u00f3n, la experiencia brasile\u00f1a con los Puntos de Cultura y grupos como Olodum \u201csiguen siendo una inspiraci\u00f3n para Colombia y toda Am\u00e9rica Latina\u201d.<\/p>\n<\/div>\n<\/div>\n<p style=\"text-align: justify;\"><span style=\"font-weight: 400;\">Para el secretario de Cultura Ciudadana de Medell\u00edn, Santiago Silva Jaramillo, este intercambio de experiencias es valioso para ayudar a resolver los problemas que enfrentan otras ciudades o pa\u00edses. \u201cEn materia cultural, nuestras redes de cooperaci\u00f3n siempre fueron muy activas. Fuimos a Brasil para aprender de ustedes y ahora ustedes vienen aprender de aqu\u00ed, pues existe esta hermandad constituyente entre Brasil y Colombia\u201d, celebr\u00f3 el secretario.<\/span><\/p>\n\n\t\t<style type=\"text\/css\">\n\t\t\t#gallery-1 {\n\t\t\t\tmargin: auto;\n\t\t\t}\n\t\t\t#gallery-1 .gallery-item {\n\t\t\t\tfloat: left;\n\t\t\t\tmargin-top: 10px;\n\t\t\t\ttext-align: center;\n\t\t\t\twidth: 50%;\n\t\t\t}\n\t\t\t#gallery-1 img {\n\t\t\t\tborder: 2px solid #cfcfcf;\n\t\t\t}\n\t\t\t#gallery-1 .gallery-caption {\n\t\t\t\tmargin-left: 0;\n\t\t\t}\n\t\t\t\/* see gallery_shortcode() in wp-includes\/media.php *\/\n\t\t<\/style>\n\t\t<div id='gallery-1' class='gallery galleryid-32903 gallery-columns-2 gallery-size-medium'><dl class='gallery-item'>\n\t\t\t<dt class='gallery-icon landscape'>\n\t\t\t\t<a href='https:\/\/iberculturaviva.org\/es\/ministra-de-cultura-de-brasil-visita-la-corporacion-cultural-nuestra-gente-en-medellin\/53665588303_28ee9ffbd7_k\/'><img loading=\"lazy\" decoding=\"async\" width=\"300\" height=\"202\" src=\"https:\/\/iberculturaviva.org\/wp-content\/uploads\/2024\/04\/53665588303_28ee9ffbd7_k-460x310.jpg\" class=\"attachment-medium size-medium\" alt=\"\" srcset=\"https:\/\/iberculturaviva.org\/wp-content\/uploads\/2024\/04\/53665588303_28ee9ffbd7_k-460x310.jpg 460w, https:\/\/iberculturaviva.org\/wp-content\/uploads\/2024\/04\/53665588303_28ee9ffbd7_k-125x83.jpg 125w\" sizes=\"auto, (max-width: 300px) 100vw, 300px\" \/><\/a>\n\t\t\t<\/dt><\/dl><dl class='gallery-item'>\n\t\t\t<dt class='gallery-icon landscape'>\n\t\t\t\t<a href='https:\/\/iberculturaviva.org\/es\/ministra-de-cultura-de-brasil-visita-la-corporacion-cultural-nuestra-gente-en-medellin\/53665373971_59ae5f4ce7_k\/'><img loading=\"lazy\" decoding=\"async\" width=\"300\" height=\"202\" src=\"https:\/\/iberculturaviva.org\/wp-content\/uploads\/2024\/04\/53665373971_59ae5f4ce7_k-460x310.jpg\" class=\"attachment-medium size-medium\" alt=\"\" srcset=\"https:\/\/iberculturaviva.org\/wp-content\/uploads\/2024\/04\/53665373971_59ae5f4ce7_k-460x310.jpg 460w, https:\/\/iberculturaviva.org\/wp-content\/uploads\/2024\/04\/53665373971_59ae5f4ce7_k-125x83.jpg 125w\" sizes=\"auto, (max-width: 300px) 100vw, 300px\" \/><\/a>\n\t\t\t<\/dt><\/dl><br style=\"clear: both\" \/><dl class='gallery-item'>\n\t\t\t<dt class='gallery-icon landscape'>\n\t\t\t\t<a href='https:\/\/iberculturaviva.org\/es\/53665561853_dab1998a72_k-2\/'><img loading=\"lazy\" decoding=\"async\" width=\"300\" height=\"202\" src=\"https:\/\/iberculturaviva.org\/wp-content\/uploads\/2024\/04\/53665561853_dab1998a72_k-460x310.jpg\" class=\"attachment-medium size-medium\" alt=\"\" srcset=\"https:\/\/iberculturaviva.org\/wp-content\/uploads\/2024\/04\/53665561853_dab1998a72_k-460x310.jpg 460w, https:\/\/iberculturaviva.org\/wp-content\/uploads\/2024\/04\/53665561853_dab1998a72_k-125x83.jpg 125w\" sizes=\"auto, (max-width: 300px) 100vw, 300px\" \/><\/a>\n\t\t\t<\/dt><\/dl><dl class='gallery-item'>\n\t\t\t<dt class='gallery-icon landscape'>\n\t\t\t\t<a href='https:\/\/iberculturaviva.org\/es\/53665349386_24dc773675_k-2\/'><img loading=\"lazy\" decoding=\"async\" width=\"300\" height=\"202\" src=\"https:\/\/iberculturaviva.org\/wp-content\/uploads\/2024\/04\/53665349386_24dc773675_k-460x310.jpg\" class=\"attachment-medium size-medium\" alt=\"\" srcset=\"https:\/\/iberculturaviva.org\/wp-content\/uploads\/2024\/04\/53665349386_24dc773675_k-460x310.jpg 460w, https:\/\/iberculturaviva.org\/wp-content\/uploads\/2024\/04\/53665349386_24dc773675_k-125x83.jpg 125w\" sizes=\"auto, (max-width: 300px) 100vw, 300px\" \/><\/a>\n\t\t\t<\/dt><\/dl><br style=\"clear: both\" \/><dl class='gallery-item'>\n\t\t\t<dt class='gallery-icon landscape'>\n\t\t\t\t<a href='https:\/\/iberculturaviva.org\/es\/ministra-de-cultura-de-brasil-visita-la-corporacion-cultural-nuestra-gente-en-medellin\/53665359881_dbf122aef7_k\/'><img loading=\"lazy\" decoding=\"async\" width=\"300\" height=\"202\" src=\"https:\/\/iberculturaviva.org\/wp-content\/uploads\/2024\/04\/53665359881_dbf122aef7_k-460x310.jpg\" class=\"attachment-medium size-medium\" alt=\"\" srcset=\"https:\/\/iberculturaviva.org\/wp-content\/uploads\/2024\/04\/53665359881_dbf122aef7_k-460x310.jpg 460w, https:\/\/iberculturaviva.org\/wp-content\/uploads\/2024\/04\/53665359881_dbf122aef7_k-125x83.jpg 125w\" sizes=\"auto, (max-width: 300px) 100vw, 300px\" \/><\/a>\n\t\t\t<\/dt><\/dl><dl class='gallery-item'>\n\t\t\t<dt class='gallery-icon landscape'>\n\t\t\t\t<a href='https:\/\/iberculturaviva.org\/es\/53665355451_283b239e79_k-2\/'><img loading=\"lazy\" decoding=\"async\" width=\"300\" height=\"202\" src=\"https:\/\/iberculturaviva.org\/wp-content\/uploads\/2024\/04\/53665355451_283b239e79_k-460x310.jpg\" class=\"attachment-medium size-medium\" alt=\"\" srcset=\"https:\/\/iberculturaviva.org\/wp-content\/uploads\/2024\/04\/53665355451_283b239e79_k-460x310.jpg 460w, https:\/\/iberculturaviva.org\/wp-content\/uploads\/2024\/04\/53665355451_283b239e79_k-125x83.jpg 125w\" sizes=\"auto, (max-width: 300px) 100vw, 300px\" \/><\/a>\n\t\t\t<\/dt><\/dl><br style=\"clear: both\" \/>\n\t\t<\/div>\n\n<p>.<\/p>\n<h4><b>El ejemplo de Medell\u00edn<\/b><\/h4>\n<p style=\"text-align: justify;\"><span style=\"font-weight: 400;\">Primer municipio que adhiri\u00f3 a la Red IberCultura de Ciudades y Gobiernos Locales, Medell\u00edn cuenta desde el 2011 con una pol\u00edtica p\u00fablica para el reconocimiento y la promoci\u00f3n de la Cultura Viva Comunitaria (CVC) en la ciudad. Esta pol\u00edtica, sancionada por medio del <\/span><a href=\"https:\/\/www.medellin.gov.co\/normograma\/docs\/astrea\/docs\/a_conmed_0050_2011.htm\" target=\"_blank\" rel=\"noopener\"><span style=\"font-weight: 400;\">Acuerdo Municipal 50 de 2011<\/span><\/a><span style=\"font-weight: 400;\"> y reglamentada por el<\/span><a href=\"https:\/\/www.medellin.gov.co\/irj\/go\/km\/docs\/wpccontent\/Sites\/Subportal%20del%20Ciudadano\/Nuestro%20Gobierno\/Secciones\/Publicaciones\/Documentos\/Gaceta%20Oficial\/2013\/Gaceta%204189\/DECRETO%201606%20DE%202013.pdf\" target=\"_blank\" rel=\"noopener\"><span style=\"font-weight: 400;\"> Decreto 1606 de 2013<\/span><\/a><span style=\"font-weight: 400;\">, tiene como prop\u00f3sito potenciar las iniciativas culturales ya existentes en los territorios culturales, as\u00ed como promover los derechos culturales y estimular la creaci\u00f3n de nuevas iniciativas, a trav\u00e9s del apoyo t\u00e9cnico, tecnol\u00f3gico, financiero e institucional a las experiencias autogestoras en el territorio local.\u00a0<\/span><\/p>\n<p style=\"text-align: justify;\"><span style=\"font-weight: 400;\">Desde 2013 la Secretar\u00eda de Cultura Ciudadana ha otorgado est\u00edmulos y premios a las expresiones de Cultura Viva Comunitaria del municipio. La Alcald\u00eda de Medell\u00edn tambi\u00e9n ha apoyado a las organizaciones locales para asistencia a los Congresos Latinoamericanos de Cultura Viva Comunitaria y apoyado a eventos de reflexi\u00f3n sobre CVC, como el <\/span><a href=\"https:\/\/iberculturaviva.org\/wp-content\/uploads\/2017\/01\/Libro-Educar-en-la-Armon%C3%ADa-CulturaEducacionComunidad-Medellin-Col.compressed.pdf\" target=\"_blank\" rel=\"noopener\"><span style=\"font-weight: 400;\">Encuentro de la Armon\u00eda: Cultura + Educaci\u00f3n + Comunidad<\/span><\/a><span style=\"font-weight: 400;\">, que logr\u00f3 reunir en Medell\u00edn, entre el 11 y el 17 de septiembre de 2016, representantes de 12 pa\u00edses latinoamericanos. En 2018, los Di\u00e1logos Territoriales de Medell\u00edn Cultura Viva, realizados con el apoyo de Comfama, contaron con la participaci\u00f3n de aproximadamente 190 organizaciones.<\/span><\/p>\n<p style=\"text-align: justify;\"><span style=\"font-weight: 400;\">Tanto el Encuentro de la Armon\u00eda como los Di\u00e1logos Territoriales fueron organizados por la Plataforma Puente CVC, una red de redes que est\u00e1 presente en 19 pa\u00edses latinoamericanos y que hace gesti\u00f3n conjunta en torno a temas como \u201cArte y transformaci\u00f3n social\u201d, \u201cComunicaci\u00f3n para el desarrollo\u201d y \u201cTeatro en comunidad\u201d, entre otros. Esta red continental fue lanzada en Medell\u00edn como resultado del <\/span><a href=\"https:\/\/pt.scribd.com\/document\/44548034\/Relatoria-General-ma-Puente-Medellin-2010\"><span style=\"font-weight: 400;\">Encuentro Latinoamericano Plataforma Puente<\/span><\/a><span style=\"font-weight: 400;\">, que reuni\u00f3 en la ciudad una centena de organizaciones culturales comunitarias del 13 al 16 de octubre de 2010.<\/span><\/p>\n<p><a href=\"https:\/\/iberculturaviva.org\/wp-content\/uploads\/2024\/04\/53665721499_9108519ab4_k.jpg\"><img loading=\"lazy\" decoding=\"async\" class=\"aligncenter size-large wp-image-32910\" src=\"https:\/\/iberculturaviva.org\/wp-content\/uploads\/2024\/04\/53665721499_9108519ab4_k-960x640.jpg\" alt=\"\" width=\"640\" height=\"427\" srcset=\"https:\/\/iberculturaviva.org\/wp-content\/uploads\/2024\/04\/53665721499_9108519ab4_k-960x640.jpg 960w, https:\/\/iberculturaviva.org\/wp-content\/uploads\/2024\/04\/53665721499_9108519ab4_k-768x512.jpg 768w, https:\/\/iberculturaviva.org\/wp-content\/uploads\/2024\/04\/53665721499_9108519ab4_k-1536x1024.jpg 1536w, https:\/\/iberculturaviva.org\/wp-content\/uploads\/2024\/04\/53665721499_9108519ab4_k-125x83.jpg 125w, https:\/\/iberculturaviva.org\/wp-content\/uploads\/2024\/04\/53665721499_9108519ab4_k-640x427.jpg 640w, https:\/\/iberculturaviva.org\/wp-content\/uploads\/2024\/04\/53665721499_9108519ab4_k.jpg 2048w\" sizes=\"auto, (max-width: 640px) 100vw, 640px\" \/><\/a><\/p>\n<ul>\n<li>\n<h4><strong>Conoce m\u00e1s sobre la Corporaci\u00f3n Cultural Nuestra Gente:<\/strong><\/h4>\n<\/li>\n<\/ul>\n<p><a href=\"https:\/\/www.nuestragente.com.co\/Nuestra-gente.pdf\" target=\"_blank\" rel=\"noopener\"><span style=\"font-weight: 400;\">Corporaci\u00f3n Cultural Nuestra Gente 30 a\u00f1os &#8211; Ser, Hacer, Acontecer<\/span><\/a><\/p>\n<p>.<\/p>\n<p><em>(*) Texto actualizado el 25 de abril de 2024<\/em><\/p>\n","protected":false},"excerpt":{"rendered":"<p>(Fotos: Luciele Oliveira\/MinC) . La ministra de Cultura de Brasil, Margareth Menezes, estuvo en Colombia de 15 a 21 de abril, acompa\u00f1ando a la comitiva oficial -que incluy\u00f3 al presidente [&hellip;]<\/p>\n","protected":false},"author":2,"featured_media":32904,"comment_status":"closed","ping_status":"closed","sticky":false,"template":"","format":"standard","meta":{"_coblocks_attr":"","_coblocks_dimensions":"","_coblocks_responsive_height":"","_coblocks_accordion_ie_support":"","_EventAllDay":false,"_EventTimezone":"","_EventStartDate":"","_EventEndDate":"","_EventStartDateUTC":"","_EventEndDateUTC":"","_EventShowMap":false,"_EventShowMapLink":false,"_EventURL":"","_EventCost":"","_EventCostDescription":"","_EventCurrencySymbol":"","_EventCurrencyCode":"","_EventCurrencyPosition":"","_EventDateTimeSeparator":"","_EventTimeRangeSeparator":"","_EventOrganizerID":[],"_EventVenueID":[],"_OrganizerEmail":"","_OrganizerPhone":"","_OrganizerWebsite":"","_VenueAddress":"","_VenueCity":"","_VenueCountry":"","_VenueProvince":"","_VenueState":"","_VenueZip":"","_VenuePhone":"","_VenueURL":"","_VenueStateProvince":"","_VenueLat":"","_VenueLng":"","_VenueShowMap":false,"_VenueShowMapLink":false,"footnotes":""},"categories":[262],"tags":[338,376,538,298],"country-municipality":[],"class_list":["post-32903","post","type-post","status-publish","format-standard","has-post-thumbnail","hentry","category-noticias-es","tag-brasil-3","tag-colombia-3","tag-medellin-2","tag-red-de-ciudades-2"],"yoast_head":"<!-- This site is optimized with the Yoast SEO plugin v25.7 - https:\/\/yoast.com\/wordpress\/plugins\/seo\/ -->\n<title>En viaje por Colombia, la ministra de Cultura de Brasil visita la Corporaci\u00f3n Cultural Nuestra Gente, en Medell\u00edn - IberCultura Viva<\/title>\n<meta name=\"description\" content=\"En viaje por Colombia, la ministra de Cultura de Brasil visita la Corporaci\u00f3n Cultural Nuestra Gente, en Medell\u00edn - IberCultura Viva\" \/>\n<meta name=\"robots\" content=\"index, follow, max-snippet:-1, max-image-preview:large, max-video-preview:-1\" \/>\n<link rel=\"canonical\" href=\"https:\/\/iberculturaviva.org\/es\/ministra-de-cultura-de-brasil-visita-la-corporacion-cultural-nuestra-gente-en-medellin\/\" \/>\n<meta property=\"og:locale\" content=\"es_ES\" \/>\n<meta property=\"og:type\" content=\"article\" \/>\n<meta property=\"og:title\" content=\"En viaje por Colombia, la ministra de Cultura de Brasil visita la Corporaci\u00f3n Cultural Nuestra Gente, en Medell\u00edn - IberCultura Viva\" \/>\n<meta property=\"og:description\" content=\"En viaje por Colombia, la ministra de Cultura de Brasil visita la Corporaci\u00f3n Cultural Nuestra Gente, en Medell\u00edn - IberCultura Viva\" \/>\n<meta property=\"og:url\" content=\"https:\/\/iberculturaviva.org\/es\/ministra-de-cultura-de-brasil-visita-la-corporacion-cultural-nuestra-gente-en-medellin\/\" \/>\n<meta property=\"og:site_name\" content=\"IberCultura Viva\" \/>\n<meta property=\"article:publisher\" content=\"https:\/\/www.facebook.com\/iberculturaviva\/\" \/>\n<meta property=\"article:published_time\" content=\"2024-04-21T16:10:57+00:00\" \/>\n<meta property=\"article:modified_time\" content=\"2024-04-25T18:33:48+00:00\" \/>\n<meta property=\"og:image\" content=\"https:\/\/iberculturaviva.org\/wp-content\/uploads\/2024\/04\/53665737604_971920d24a_k.jpg\" \/>\n\t<meta property=\"og:image:width\" content=\"2048\" \/>\n\t<meta property=\"og:image:height\" content=\"1365\" \/>\n\t<meta property=\"og:image:type\" content=\"image\/jpeg\" \/>\n<meta name=\"author\" content=\"IberCultura\" \/>\n<meta name=\"twitter:card\" content=\"summary_large_image\" \/>\n<meta name=\"twitter:label1\" content=\"Escrito por\" \/>\n\t<meta name=\"twitter:data1\" content=\"IberCultura\" \/>\n\t<meta name=\"twitter:label2\" content=\"Tiempo de lectura\" \/>\n\t<meta name=\"twitter:data2\" content=\"7 minutos\" \/>\n<script type=\"application\/ld+json\" class=\"yoast-schema-graph\">{\"@context\":\"https:\/\/schema.org\",\"@graph\":[{\"@type\":\"Article\",\"@id\":\"https:\/\/iberculturaviva.org\/es\/ministra-de-cultura-de-brasil-visita-la-corporacion-cultural-nuestra-gente-en-medellin\/#article\",\"isPartOf\":{\"@id\":\"https:\/\/iberculturaviva.org\/es\/ministra-de-cultura-de-brasil-visita-la-corporacion-cultural-nuestra-gente-en-medellin\/\"},\"author\":{\"name\":\"IberCultura\",\"@id\":\"https:\/\/iberculturaviva.org\/es\/?lang=es\/#\/schema\/person\/5d1313b072cc25536e0431522f740b59\"},\"headline\":\"En viaje por Colombia, la ministra de Cultura de Brasil visita la Corporaci\u00f3n Cultural Nuestra Gente, en Medell\u00edn\",\"datePublished\":\"2024-04-21T16:10:57+00:00\",\"dateModified\":\"2024-04-25T18:33:48+00:00\",\"mainEntityOfPage\":{\"@id\":\"https:\/\/iberculturaviva.org\/es\/ministra-de-cultura-de-brasil-visita-la-corporacion-cultural-nuestra-gente-en-medellin\/\"},\"wordCount\":1068,\"publisher\":{\"@id\":\"https:\/\/iberculturaviva.org\/es\/?lang=es\/#organization\"},\"image\":{\"@id\":\"https:\/\/iberculturaviva.org\/es\/ministra-de-cultura-de-brasil-visita-la-corporacion-cultural-nuestra-gente-en-medellin\/#primaryimage\"},\"thumbnailUrl\":\"https:\/\/iberculturaviva.org\/wp-content\/uploads\/2024\/04\/53665737604_971920d24a_k.jpg\",\"keywords\":[\"Brasil\",\"Colombia\",\"Medell\u00edn\",\"Red de Ciudades\"],\"articleSection\":[\"Noticias\"],\"inLanguage\":\"es\"},{\"@type\":\"WebPage\",\"@id\":\"https:\/\/iberculturaviva.org\/es\/ministra-de-cultura-de-brasil-visita-la-corporacion-cultural-nuestra-gente-en-medellin\/\",\"url\":\"https:\/\/iberculturaviva.org\/es\/ministra-de-cultura-de-brasil-visita-la-corporacion-cultural-nuestra-gente-en-medellin\/\",\"name\":\"En viaje por Colombia, la ministra de Cultura de Brasil visita la Corporaci\u00f3n Cultural Nuestra Gente, en Medell\u00edn - IberCultura Viva\",\"isPartOf\":{\"@id\":\"https:\/\/iberculturaviva.org\/es\/?lang=es\/#website\"},\"primaryImageOfPage\":{\"@id\":\"https:\/\/iberculturaviva.org\/es\/ministra-de-cultura-de-brasil-visita-la-corporacion-cultural-nuestra-gente-en-medellin\/#primaryimage\"},\"image\":{\"@id\":\"https:\/\/iberculturaviva.org\/es\/ministra-de-cultura-de-brasil-visita-la-corporacion-cultural-nuestra-gente-en-medellin\/#primaryimage\"},\"thumbnailUrl\":\"https:\/\/iberculturaviva.org\/wp-content\/uploads\/2024\/04\/53665737604_971920d24a_k.jpg\",\"datePublished\":\"2024-04-21T16:10:57+00:00\",\"dateModified\":\"2024-04-25T18:33:48+00:00\",\"description\":\"En viaje por Colombia, la ministra de Cultura de Brasil visita la Corporaci\u00f3n Cultural Nuestra Gente, en Medell\u00edn - IberCultura Viva\",\"breadcrumb\":{\"@id\":\"https:\/\/iberculturaviva.org\/es\/ministra-de-cultura-de-brasil-visita-la-corporacion-cultural-nuestra-gente-en-medellin\/#breadcrumb\"},\"inLanguage\":\"es\",\"potentialAction\":[{\"@type\":\"ReadAction\",\"target\":[\"https:\/\/iberculturaviva.org\/es\/ministra-de-cultura-de-brasil-visita-la-corporacion-cultural-nuestra-gente-en-medellin\/\"]}]},{\"@type\":\"ImageObject\",\"inLanguage\":\"es\",\"@id\":\"https:\/\/iberculturaviva.org\/es\/ministra-de-cultura-de-brasil-visita-la-corporacion-cultural-nuestra-gente-en-medellin\/#primaryimage\",\"url\":\"https:\/\/iberculturaviva.org\/wp-content\/uploads\/2024\/04\/53665737604_971920d24a_k.jpg\",\"contentUrl\":\"https:\/\/iberculturaviva.org\/wp-content\/uploads\/2024\/04\/53665737604_971920d24a_k.jpg\",\"width\":2048,\"height\":1365},{\"@type\":\"BreadcrumbList\",\"@id\":\"https:\/\/iberculturaviva.org\/es\/ministra-de-cultura-de-brasil-visita-la-corporacion-cultural-nuestra-gente-en-medellin\/#breadcrumb\",\"itemListElement\":[{\"@type\":\"ListItem\",\"position\":1,\"name\":\"In\u00edcio\",\"item\":\"https:\/\/iberculturaviva.org\/es\/inicio\/\"},{\"@type\":\"ListItem\",\"position\":2,\"name\":\"En viaje por Colombia, la ministra de Cultura de Brasil visita la Corporaci\u00f3n Cultural Nuestra Gente, en Medell\u00edn\"}]},{\"@type\":\"WebSite\",\"@id\":\"https:\/\/iberculturaviva.org\/es\/?lang=es\/#website\",\"url\":\"https:\/\/iberculturaviva.org\/es\/?lang=es\/\",\"name\":\"IberCultura Viva\",\"description\":\"Programa de cooperaci\u00f3n cultural\",\"publisher\":{\"@id\":\"https:\/\/iberculturaviva.org\/es\/?lang=es\/#organization\"},\"potentialAction\":[{\"@type\":\"SearchAction\",\"target\":{\"@type\":\"EntryPoint\",\"urlTemplate\":\"https:\/\/iberculturaviva.org\/es\/?lang=es\/?s={search_term_string}\"},\"query-input\":{\"@type\":\"PropertyValueSpecification\",\"valueRequired\":true,\"valueName\":\"search_term_string\"}}],\"inLanguage\":\"es\"},{\"@type\":\"Organization\",\"@id\":\"https:\/\/iberculturaviva.org\/es\/?lang=es\/#organization\",\"name\":\"Iberculturaviva\",\"url\":\"https:\/\/iberculturaviva.org\/es\/?lang=es\/\",\"logo\":{\"@type\":\"ImageObject\",\"inLanguage\":\"es\",\"@id\":\"https:\/\/iberculturaviva.org\/es\/?lang=es\/#\/schema\/logo\/image\/\",\"url\":\"https:\/\/iberculturaviva.org\/wp-content\/uploads\/2021\/08\/logo_ibercultura_viva.jpg\",\"contentUrl\":\"https:\/\/iberculturaviva.org\/wp-content\/uploads\/2021\/08\/logo_ibercultura_viva.jpg\",\"width\":708,\"height\":223,\"caption\":\"Iberculturaviva\"},\"image\":{\"@id\":\"https:\/\/iberculturaviva.org\/es\/?lang=es\/#\/schema\/logo\/image\/\"},\"sameAs\":[\"https:\/\/www.facebook.com\/iberculturaviva\/\",\"https:\/\/www.instagram.com\/iberculturaviva\/\",\"https:\/\/www.youtube.com\/iberculturaviva\"]},{\"@type\":\"Person\",\"@id\":\"https:\/\/iberculturaviva.org\/es\/?lang=es\/#\/schema\/person\/5d1313b072cc25536e0431522f740b59\",\"name\":\"IberCultura\",\"image\":{\"@type\":\"ImageObject\",\"inLanguage\":\"es\",\"@id\":\"https:\/\/iberculturaviva.org\/es\/?lang=es\/#\/schema\/person\/image\/\",\"url\":\"https:\/\/secure.gravatar.com\/avatar\/79f1a057cb125cbefb3765d0356d52fc7f3bba3a35e2cf22bc4de090bb7aef70?s=96&d=mm&r=g\",\"contentUrl\":\"https:\/\/secure.gravatar.com\/avatar\/79f1a057cb125cbefb3765d0356d52fc7f3bba3a35e2cf22bc4de090bb7aef70?s=96&d=mm&r=g\",\"caption\":\"IberCultura\"}}]}<\/script>\n<!-- \/ Yoast SEO plugin. -->","yoast_head_json":{"title":"En viaje por Colombia, la ministra de Cultura de Brasil visita la Corporaci\u00f3n Cultural Nuestra Gente, en Medell\u00edn - IberCultura Viva","description":"En viaje por Colombia, la ministra de Cultura de Brasil visita la Corporaci\u00f3n Cultural Nuestra Gente, en Medell\u00edn - IberCultura Viva","robots":{"index":"index","follow":"follow","max-snippet":"max-snippet:-1","max-image-preview":"max-image-preview:large","max-video-preview":"max-video-preview:-1"},"canonical":"https:\/\/iberculturaviva.org\/es\/ministra-de-cultura-de-brasil-visita-la-corporacion-cultural-nuestra-gente-en-medellin\/","og_locale":"es_ES","og_type":"article","og_title":"En viaje por Colombia, la ministra de Cultura de Brasil visita la Corporaci\u00f3n Cultural Nuestra Gente, en Medell\u00edn - IberCultura Viva","og_description":"En viaje por Colombia, la ministra de Cultura de Brasil visita la Corporaci\u00f3n Cultural Nuestra Gente, en Medell\u00edn - IberCultura Viva","og_url":"https:\/\/iberculturaviva.org\/es\/ministra-de-cultura-de-brasil-visita-la-corporacion-cultural-nuestra-gente-en-medellin\/","og_site_name":"IberCultura Viva","article_publisher":"https:\/\/www.facebook.com\/iberculturaviva\/","article_published_time":"2024-04-21T16:10:57+00:00","article_modified_time":"2024-04-25T18:33:48+00:00","og_image":[{"width":2048,"height":1365,"url":"https:\/\/iberculturaviva.org\/wp-content\/uploads\/2024\/04\/53665737604_971920d24a_k.jpg","type":"image\/jpeg"}],"author":"IberCultura","twitter_card":"summary_large_image","twitter_misc":{"Escrito por":"IberCultura","Tiempo de lectura":"7 minutos"},"schema":{"@context":"https:\/\/schema.org","@graph":[{"@type":"Article","@id":"https:\/\/iberculturaviva.org\/es\/ministra-de-cultura-de-brasil-visita-la-corporacion-cultural-nuestra-gente-en-medellin\/#article","isPartOf":{"@id":"https:\/\/iberculturaviva.org\/es\/ministra-de-cultura-de-brasil-visita-la-corporacion-cultural-nuestra-gente-en-medellin\/"},"author":{"name":"IberCultura","@id":"https:\/\/iberculturaviva.org\/es\/?lang=es\/#\/schema\/person\/5d1313b072cc25536e0431522f740b59"},"headline":"En viaje por Colombia, la ministra de Cultura de Brasil visita la Corporaci\u00f3n Cultural Nuestra Gente, en Medell\u00edn","datePublished":"2024-04-21T16:10:57+00:00","dateModified":"2024-04-25T18:33:48+00:00","mainEntityOfPage":{"@id":"https:\/\/iberculturaviva.org\/es\/ministra-de-cultura-de-brasil-visita-la-corporacion-cultural-nuestra-gente-en-medellin\/"},"wordCount":1068,"publisher":{"@id":"https:\/\/iberculturaviva.org\/es\/?lang=es\/#organization"},"image":{"@id":"https:\/\/iberculturaviva.org\/es\/ministra-de-cultura-de-brasil-visita-la-corporacion-cultural-nuestra-gente-en-medellin\/#primaryimage"},"thumbnailUrl":"https:\/\/iberculturaviva.org\/wp-content\/uploads\/2024\/04\/53665737604_971920d24a_k.jpg","keywords":["Brasil","Colombia","Medell\u00edn","Red de Ciudades"],"articleSection":["Noticias"],"inLanguage":"es"},{"@type":"WebPage","@id":"https:\/\/iberculturaviva.org\/es\/ministra-de-cultura-de-brasil-visita-la-corporacion-cultural-nuestra-gente-en-medellin\/","url":"https:\/\/iberculturaviva.org\/es\/ministra-de-cultura-de-brasil-visita-la-corporacion-cultural-nuestra-gente-en-medellin\/","name":"En viaje por Colombia, la ministra de Cultura de Brasil visita la Corporaci\u00f3n Cultural Nuestra Gente, en Medell\u00edn - IberCultura Viva","isPartOf":{"@id":"https:\/\/iberculturaviva.org\/es\/?lang=es\/#website"},"primaryImageOfPage":{"@id":"https:\/\/iberculturaviva.org\/es\/ministra-de-cultura-de-brasil-visita-la-corporacion-cultural-nuestra-gente-en-medellin\/#primaryimage"},"image":{"@id":"https:\/\/iberculturaviva.org\/es\/ministra-de-cultura-de-brasil-visita-la-corporacion-cultural-nuestra-gente-en-medellin\/#primaryimage"},"thumbnailUrl":"https:\/\/iberculturaviva.org\/wp-content\/uploads\/2024\/04\/53665737604_971920d24a_k.jpg","datePublished":"2024-04-21T16:10:57+00:00","dateModified":"2024-04-25T18:33:48+00:00","description":"En viaje por Colombia, la ministra de Cultura de Brasil visita la Corporaci\u00f3n Cultural Nuestra Gente, en Medell\u00edn - IberCultura Viva","breadcrumb":{"@id":"https:\/\/iberculturaviva.org\/es\/ministra-de-cultura-de-brasil-visita-la-corporacion-cultural-nuestra-gente-en-medellin\/#breadcrumb"},"inLanguage":"es","potentialAction":[{"@type":"ReadAction","target":["https:\/\/iberculturaviva.org\/es\/ministra-de-cultura-de-brasil-visita-la-corporacion-cultural-nuestra-gente-en-medellin\/"]}]},{"@type":"ImageObject","inLanguage":"es","@id":"https:\/\/iberculturaviva.org\/es\/ministra-de-cultura-de-brasil-visita-la-corporacion-cultural-nuestra-gente-en-medellin\/#primaryimage","url":"https:\/\/iberculturaviva.org\/wp-content\/uploads\/2024\/04\/53665737604_971920d24a_k.jpg","contentUrl":"https:\/\/iberculturaviva.org\/wp-content\/uploads\/2024\/04\/53665737604_971920d24a_k.jpg","width":2048,"height":1365},{"@type":"BreadcrumbList","@id":"https:\/\/iberculturaviva.org\/es\/ministra-de-cultura-de-brasil-visita-la-corporacion-cultural-nuestra-gente-en-medellin\/#breadcrumb","itemListElement":[{"@type":"ListItem","position":1,"name":"In\u00edcio","item":"https:\/\/iberculturaviva.org\/es\/inicio\/"},{"@type":"ListItem","position":2,"name":"En viaje por Colombia, la ministra de Cultura de Brasil visita la Corporaci\u00f3n Cultural Nuestra Gente, en Medell\u00edn"}]},{"@type":"WebSite","@id":"https:\/\/iberculturaviva.org\/es\/?lang=es\/#website","url":"https:\/\/iberculturaviva.org\/es\/?lang=es\/","name":"IberCultura Viva","description":"Programa de cooperaci\u00f3n cultural","publisher":{"@id":"https:\/\/iberculturaviva.org\/es\/?lang=es\/#organization"},"potentialAction":[{"@type":"SearchAction","target":{"@type":"EntryPoint","urlTemplate":"https:\/\/iberculturaviva.org\/es\/?lang=es\/?s={search_term_string}"},"query-input":{"@type":"PropertyValueSpecification","valueRequired":true,"valueName":"search_term_string"}}],"inLanguage":"es"},{"@type":"Organization","@id":"https:\/\/iberculturaviva.org\/es\/?lang=es\/#organization","name":"Iberculturaviva","url":"https:\/\/iberculturaviva.org\/es\/?lang=es\/","logo":{"@type":"ImageObject","inLanguage":"es","@id":"https:\/\/iberculturaviva.org\/es\/?lang=es\/#\/schema\/logo\/image\/","url":"https:\/\/iberculturaviva.org\/wp-content\/uploads\/2021\/08\/logo_ibercultura_viva.jpg","contentUrl":"https:\/\/iberculturaviva.org\/wp-content\/uploads\/2021\/08\/logo_ibercultura_viva.jpg","width":708,"height":223,"caption":"Iberculturaviva"},"image":{"@id":"https:\/\/iberculturaviva.org\/es\/?lang=es\/#\/schema\/logo\/image\/"},"sameAs":["https:\/\/www.facebook.com\/iberculturaviva\/","https:\/\/www.instagram.com\/iberculturaviva\/","https:\/\/www.youtube.com\/iberculturaviva"]},{"@type":"Person","@id":"https:\/\/iberculturaviva.org\/es\/?lang=es\/#\/schema\/person\/5d1313b072cc25536e0431522f740b59","name":"IberCultura","image":{"@type":"ImageObject","inLanguage":"es","@id":"https:\/\/iberculturaviva.org\/es\/?lang=es\/#\/schema\/person\/image\/","url":"https:\/\/secure.gravatar.com\/avatar\/79f1a057cb125cbefb3765d0356d52fc7f3bba3a35e2cf22bc4de090bb7aef70?s=96&d=mm&r=g","contentUrl":"https:\/\/secure.gravatar.com\/avatar\/79f1a057cb125cbefb3765d0356d52fc7f3bba3a35e2cf22bc4de090bb7aef70?s=96&d=mm&r=g","caption":"IberCultura"}}]}},"main_category":{"link":"https:\/\/iberculturaviva.org\/es\/category\/noticias-es\/","name":"Noticias","slug":"noticias-es"},"_links":{"self":[{"href":"https:\/\/iberculturaviva.org\/es\/wp-json\/wp\/v2\/posts\/32903","targetHints":{"allow":["GET"]}}],"collection":[{"href":"https:\/\/iberculturaviva.org\/es\/wp-json\/wp\/v2\/posts"}],"about":[{"href":"https:\/\/iberculturaviva.org\/es\/wp-json\/wp\/v2\/types\/post"}],"author":[{"embeddable":true,"href":"https:\/\/iberculturaviva.org\/es\/wp-json\/wp\/v2\/users\/2"}],"replies":[{"embeddable":true,"href":"https:\/\/iberculturaviva.org\/es\/wp-json\/wp\/v2\/comments?post=32903"}],"version-history":[{"count":11,"href":"https:\/\/iberculturaviva.org\/es\/wp-json\/wp\/v2\/posts\/32903\/revisions"}],"predecessor-version":[{"id":33003,"href":"https:\/\/iberculturaviva.org\/es\/wp-json\/wp\/v2\/posts\/32903\/revisions\/33003"}],"wp:featuredmedia":[{"embeddable":true,"href":"https:\/\/iberculturaviva.org\/es\/wp-json\/wp\/v2\/media\/32904"}],"wp:attachment":[{"href":"https:\/\/iberculturaviva.org\/es\/wp-json\/wp\/v2\/media?parent=32903"}],"wp:term":[{"taxonomy":"category","embeddable":true,"href":"https:\/\/iberculturaviva.org\/es\/wp-json\/wp\/v2\/categories?post=32903"},{"taxonomy":"post_tag","embeddable":true,"href":"https:\/\/iberculturaviva.org\/es\/wp-json\/wp\/v2\/tags?post=32903"},{"taxonomy":"country-municipality","embeddable":true,"href":"https:\/\/iberculturaviva.org\/es\/wp-json\/wp\/v2\/country-municipality?post=32903"}],"curies":[{"name":"wp","href":"https:\/\/api.w.org\/{rel}","templated":true}]}}