{"id":32722,"date":"2024-04-02T13:43:25","date_gmt":"2024-04-02T16:43:25","guid":{"rendered":"https:\/\/iberculturaviva.org\/?p=32722"},"modified":"2024-04-02T14:22:31","modified_gmt":"2024-04-02T17:22:31","slug":"chile-otorgara-12-becas-extras-para-el-curso-de-posgrado-en-politicas-culturales-de-base-comunitaria-2024","status":"publish","type":"post","link":"https:\/\/iberculturaviva.org\/es\/chile-otorgara-12-becas-extras-para-el-curso-de-posgrado-en-politicas-culturales-de-base-comunitaria-2024\/","title":{"rendered":"Chile otorgar\u00e1 12 becas extras para el Curso de Posgrado en Pol\u00edticas Culturales de Base Comunitaria 2024"},"content":{"rendered":"<p style=\"text-align: justify;\"><span style=\"font-weight: 400;\">El Ministerio de las Culturas, las Artes y el Patrimonio de Chile ampli\u00f3 sus cupos de becas para la edici\u00f3n de 2024 del Curso de Posgrado Internacional en Pol\u00edticas Culturales de Base Comunitaria dictado por FLACSO-Argentina. El pa\u00eds tendr\u00e1 12 becas m\u00e1s en esta s\u00e9ptima cohorte del curso virtual, que comienza el pr\u00f3ximo 18 de abril.\u00a0<\/span><\/p>\n<p style=\"text-align: justify;\"><span style=\"font-weight: 400;\">Esta es la sexta vez que las representantes gubernamentales de Chile deciden ampliar el n\u00famero de becas para personas candidatas de su pa\u00eds usando los recursos que dispon\u00edan en el Fondo Multilateral IberCultura Viva para el apoyo a la formaci\u00f3n de organizaciones culturales comunitarias. Los cupos extras se asignan especialmente a personas que act\u00faan en organizaciones de la sociedad civil.\u00a0<\/span><\/p>\n<p style=\"text-align: justify;\"><span style=\"font-weight: 400;\">La evaluaci\u00f3n realizada en la Convocatoria de Becas 2024, que otorg\u00f3 104 becas a personas provenientes de los 13 pa\u00edses participantes, sirvi\u00f3 tambi\u00e9n para la selecci\u00f3n de estas personas que recibir\u00e1n las becas extras de Chile.\u00a0<\/span><\/p>\n<p style=\"text-align: justify;\"><span style=\"font-weight: 400;\">El resultado final de la convocatoria, publicado este lunes 1 de abril, presenta las ocho candidaturas mejor puntuadas de cada pa\u00eds miembro, tanto de personas gestoras que trabajan en organismos p\u00fablicos de cultura como de representantes de organizaciones culturales comunitarias. Para las becas extras de Chile se eligieron las 12 candidaturas siguientes de personas que act\u00faan en comunidades, especialmente en Puntos de Cultura Comunitaria, y que obtuvieron mayor puntuaci\u00f3n en el proceso de selecci\u00f3n.\u00a0<\/span><\/p>\n<p style=\"text-align: justify;\"><span style=\"font-weight: 400;\">El plazo de inscripci\u00f3n para esta convocatoria abri\u00f3 el 20 de diciembre y cerr\u00f3 el jueves 15 de febrero, per\u00edodo en el que se enviaron 625 candidaturas al Mapa IberCultura Viva.\u00a0<\/span><\/p>\n<p><span style=\"font-weight: 400;\">.<\/span><\/p>\n<h4><b>Revisa la lista de personas seleccionadas para recibir becas con los recursos extras:<\/b><\/h4>\n<p><a href=\"https:\/\/iberculturaviva.org\/wp-content\/uploads\/2024\/04\/becas-extras-2.jpg\"><img loading=\"lazy\" decoding=\"async\" class=\"aligncenter size-large wp-image-32736\" src=\"https:\/\/iberculturaviva.org\/wp-content\/uploads\/2024\/04\/becas-extras-2-960x1358.jpg\" alt=\"\" width=\"640\" height=\"905\" srcset=\"https:\/\/iberculturaviva.org\/wp-content\/uploads\/2024\/04\/becas-extras-2-960x1358.jpg 960w, https:\/\/iberculturaviva.org\/wp-content\/uploads\/2024\/04\/becas-extras-2-768x1086.jpg 768w, https:\/\/iberculturaviva.org\/wp-content\/uploads\/2024\/04\/becas-extras-2-1086x1536.jpg 1086w, https:\/\/iberculturaviva.org\/wp-content\/uploads\/2024\/04\/becas-extras-2-125x177.jpg 125w, https:\/\/iberculturaviva.org\/wp-content\/uploads\/2024\/04\/becas-extras-2-640x905.jpg 640w, https:\/\/iberculturaviva.org\/wp-content\/uploads\/2024\/04\/becas-extras-2.jpg 1414w\" sizes=\"auto, (max-width: 640px) 100vw, 640px\" \/><\/a><\/p>\n<h4><\/h4>\n","protected":false},"excerpt":{"rendered":"<p>El Ministerio de las Culturas, las Artes y el Patrimonio de Chile ampli\u00f3 sus cupos de becas para la edici\u00f3n de 2024 del Curso de Posgrado Internacional en Pol\u00edticas Culturales [&hellip;]<\/p>\n","protected":false},"author":2,"featured_media":32306,"comment_status":"closed","ping_status":"closed","sticky":false,"template":"","format":"standard","meta":{"_coblocks_attr":"","_coblocks_dimensions":"","_coblocks_responsive_height":"","_coblocks_accordion_ie_support":"","_EventAllDay":false,"_EventTimezone":"","_EventStartDate":"","_EventEndDate":"","_EventStartDateUTC":"","_EventEndDateUTC":"","_EventShowMap":false,"_EventShowMapLink":false,"_EventURL":"","_EventCost":"","_EventCostDescription":"","_EventCurrencySymbol":"","_EventCurrencyCode":"","_EventCurrencyPosition":"","_EventDateTimeSeparator":"","_EventTimeRangeSeparator":"","_EventOrganizerID":[],"_EventVenueID":[],"_OrganizerEmail":"","_OrganizerPhone":"","_OrganizerWebsite":"","_VenueAddress":"","_VenueCity":"","_VenueCountry":"","_VenueProvince":"","_VenueState":"","_VenueZip":"","_VenuePhone":"","_VenueURL":"","_VenueStateProvince":"","_VenueLat":"","_VenueLng":"","_VenueShowMap":false,"_VenueShowMapLink":false,"footnotes":""},"categories":[262],"tags":[464,302,257],"country-municipality":[],"class_list":["post-32722","post","type-post","status-publish","format-standard","has-post-thumbnail","hentry","category-noticias-es","tag-becas-extras","tag-chile-3","tag-flacso-2"],"yoast_head":"<!-- This site is optimized with the Yoast SEO plugin v25.7 - https:\/\/yoast.com\/wordpress\/plugins\/seo\/ -->\n<title>Chile otorgar\u00e1 12 becas extras para el Curso de Posgrado en Pol\u00edticas Culturales de Base Comunitaria 2024 - IberCultura Viva<\/title>\n<meta name=\"description\" content=\"Chile otorgar\u00e1 12 becas extras para el Curso de Posgrado en Pol\u00edticas Culturales de Base Comunitaria 2024 - IberCultura Viva\" \/>\n<meta name=\"robots\" content=\"index, follow, max-snippet:-1, max-image-preview:large, max-video-preview:-1\" \/>\n<link rel=\"canonical\" href=\"https:\/\/iberculturaviva.org\/es\/chile-otorgara-12-becas-extras-para-el-curso-de-posgrado-en-politicas-culturales-de-base-comunitaria-2024\/\" \/>\n<meta property=\"og:locale\" content=\"es_ES\" \/>\n<meta property=\"og:type\" content=\"article\" \/>\n<meta property=\"og:title\" content=\"Chile otorgar\u00e1 12 becas extras para el Curso de Posgrado en Pol\u00edticas Culturales de Base Comunitaria 2024 - IberCultura Viva\" \/>\n<meta property=\"og:description\" content=\"Chile otorgar\u00e1 12 becas extras para el Curso de Posgrado en Pol\u00edticas Culturales de Base Comunitaria 2024 - IberCultura Viva\" \/>\n<meta property=\"og:url\" content=\"https:\/\/iberculturaviva.org\/es\/chile-otorgara-12-becas-extras-para-el-curso-de-posgrado-en-politicas-culturales-de-base-comunitaria-2024\/\" \/>\n<meta property=\"og:site_name\" content=\"IberCultura Viva\" \/>\n<meta property=\"article:publisher\" content=\"https:\/\/www.facebook.com\/iberculturaviva\/\" \/>\n<meta property=\"article:published_time\" content=\"2024-04-02T16:43:25+00:00\" \/>\n<meta property=\"article:modified_time\" content=\"2024-04-02T17:22:31+00:00\" \/>\n<meta property=\"og:image\" content=\"https:\/\/iberculturaviva.org\/wp-content\/uploads\/2024\/02\/iStock-93272079-scaled.jpg\" \/>\n\t<meta property=\"og:image:width\" content=\"2560\" \/>\n\t<meta property=\"og:image:height\" content=\"1704\" \/>\n\t<meta property=\"og:image:type\" content=\"image\/jpeg\" \/>\n<meta name=\"author\" content=\"IberCultura\" \/>\n<meta name=\"twitter:card\" content=\"summary_large_image\" \/>\n<meta name=\"twitter:label1\" content=\"Escrito por\" \/>\n\t<meta name=\"twitter:data1\" content=\"IberCultura\" \/>\n\t<meta name=\"twitter:label2\" content=\"Tiempo de lectura\" \/>\n\t<meta name=\"twitter:data2\" content=\"1 minuto\" \/>\n<script type=\"application\/ld+json\" class=\"yoast-schema-graph\">{\"@context\":\"https:\/\/schema.org\",\"@graph\":[{\"@type\":\"Article\",\"@id\":\"https:\/\/iberculturaviva.org\/es\/chile-otorgara-12-becas-extras-para-el-curso-de-posgrado-en-politicas-culturales-de-base-comunitaria-2024\/#article\",\"isPartOf\":{\"@id\":\"https:\/\/iberculturaviva.org\/es\/chile-otorgara-12-becas-extras-para-el-curso-de-posgrado-en-politicas-culturales-de-base-comunitaria-2024\/\"},\"author\":{\"name\":\"IberCultura\",\"@id\":\"https:\/\/iberculturaviva.org\/es\/?lang=es\/#\/schema\/person\/5d1313b072cc25536e0431522f740b59\"},\"headline\":\"Chile otorgar\u00e1 12 becas extras para el Curso de Posgrado en Pol\u00edticas Culturales de Base Comunitaria 2024\",\"datePublished\":\"2024-04-02T16:43:25+00:00\",\"dateModified\":\"2024-04-02T17:22:31+00:00\",\"mainEntityOfPage\":{\"@id\":\"https:\/\/iberculturaviva.org\/es\/chile-otorgara-12-becas-extras-para-el-curso-de-posgrado-en-politicas-culturales-de-base-comunitaria-2024\/\"},\"wordCount\":298,\"publisher\":{\"@id\":\"https:\/\/iberculturaviva.org\/es\/?lang=es\/#organization\"},\"image\":{\"@id\":\"https:\/\/iberculturaviva.org\/es\/chile-otorgara-12-becas-extras-para-el-curso-de-posgrado-en-politicas-culturales-de-base-comunitaria-2024\/#primaryimage\"},\"thumbnailUrl\":\"https:\/\/iberculturaviva.org\/wp-content\/uploads\/2024\/02\/iStock-93272079-scaled.jpg\",\"keywords\":[\"becas extras\",\"Chile\",\"FLACSO\"],\"articleSection\":[\"Noticias\"],\"inLanguage\":\"es\"},{\"@type\":\"WebPage\",\"@id\":\"https:\/\/iberculturaviva.org\/es\/chile-otorgara-12-becas-extras-para-el-curso-de-posgrado-en-politicas-culturales-de-base-comunitaria-2024\/\",\"url\":\"https:\/\/iberculturaviva.org\/es\/chile-otorgara-12-becas-extras-para-el-curso-de-posgrado-en-politicas-culturales-de-base-comunitaria-2024\/\",\"name\":\"Chile otorgar\u00e1 12 becas extras para el Curso de Posgrado en Pol\u00edticas Culturales de Base Comunitaria 2024 - IberCultura Viva\",\"isPartOf\":{\"@id\":\"https:\/\/iberculturaviva.org\/es\/?lang=es\/#website\"},\"primaryImageOfPage\":{\"@id\":\"https:\/\/iberculturaviva.org\/es\/chile-otorgara-12-becas-extras-para-el-curso-de-posgrado-en-politicas-culturales-de-base-comunitaria-2024\/#primaryimage\"},\"image\":{\"@id\":\"https:\/\/iberculturaviva.org\/es\/chile-otorgara-12-becas-extras-para-el-curso-de-posgrado-en-politicas-culturales-de-base-comunitaria-2024\/#primaryimage\"},\"thumbnailUrl\":\"https:\/\/iberculturaviva.org\/wp-content\/uploads\/2024\/02\/iStock-93272079-scaled.jpg\",\"datePublished\":\"2024-04-02T16:43:25+00:00\",\"dateModified\":\"2024-04-02T17:22:31+00:00\",\"description\":\"Chile otorgar\u00e1 12 becas extras para el Curso de Posgrado en Pol\u00edticas Culturales de Base Comunitaria 2024 - IberCultura Viva\",\"breadcrumb\":{\"@id\":\"https:\/\/iberculturaviva.org\/es\/chile-otorgara-12-becas-extras-para-el-curso-de-posgrado-en-politicas-culturales-de-base-comunitaria-2024\/#breadcrumb\"},\"inLanguage\":\"es\",\"potentialAction\":[{\"@type\":\"ReadAction\",\"target\":[\"https:\/\/iberculturaviva.org\/es\/chile-otorgara-12-becas-extras-para-el-curso-de-posgrado-en-politicas-culturales-de-base-comunitaria-2024\/\"]}]},{\"@type\":\"ImageObject\",\"inLanguage\":\"es\",\"@id\":\"https:\/\/iberculturaviva.org\/es\/chile-otorgara-12-becas-extras-para-el-curso-de-posgrado-en-politicas-culturales-de-base-comunitaria-2024\/#primaryimage\",\"url\":\"https:\/\/iberculturaviva.org\/wp-content\/uploads\/2024\/02\/iStock-93272079-scaled.jpg\",\"contentUrl\":\"https:\/\/iberculturaviva.org\/wp-content\/uploads\/2024\/02\/iStock-93272079-scaled.jpg\",\"width\":2560,\"height\":1704,\"caption\":\"Mexican-American dancers in brightly colored dresses perform a traditional ethnic dance. Motion blur on spinning dresses on left side, focus on dancers arm and dress on right.\"},{\"@type\":\"BreadcrumbList\",\"@id\":\"https:\/\/iberculturaviva.org\/es\/chile-otorgara-12-becas-extras-para-el-curso-de-posgrado-en-politicas-culturales-de-base-comunitaria-2024\/#breadcrumb\",\"itemListElement\":[{\"@type\":\"ListItem\",\"position\":1,\"name\":\"In\u00edcio\",\"item\":\"https:\/\/iberculturaviva.org\/es\/inicio\/\"},{\"@type\":\"ListItem\",\"position\":2,\"name\":\"Chile otorgar\u00e1 12 becas extras para el Curso de Posgrado en Pol\u00edticas Culturales de Base Comunitaria 2024\"}]},{\"@type\":\"WebSite\",\"@id\":\"https:\/\/iberculturaviva.org\/es\/?lang=es\/#website\",\"url\":\"https:\/\/iberculturaviva.org\/es\/?lang=es\/\",\"name\":\"IberCultura Viva\",\"description\":\"Programa de cooperaci\u00f3n cultural\",\"publisher\":{\"@id\":\"https:\/\/iberculturaviva.org\/es\/?lang=es\/#organization\"},\"potentialAction\":[{\"@type\":\"SearchAction\",\"target\":{\"@type\":\"EntryPoint\",\"urlTemplate\":\"https:\/\/iberculturaviva.org\/es\/?lang=es\/?s={search_term_string}\"},\"query-input\":{\"@type\":\"PropertyValueSpecification\",\"valueRequired\":true,\"valueName\":\"search_term_string\"}}],\"inLanguage\":\"es\"},{\"@type\":\"Organization\",\"@id\":\"https:\/\/iberculturaviva.org\/es\/?lang=es\/#organization\",\"name\":\"Iberculturaviva\",\"url\":\"https:\/\/iberculturaviva.org\/es\/?lang=es\/\",\"logo\":{\"@type\":\"ImageObject\",\"inLanguage\":\"es\",\"@id\":\"https:\/\/iberculturaviva.org\/es\/?lang=es\/#\/schema\/logo\/image\/\",\"url\":\"https:\/\/iberculturaviva.org\/wp-content\/uploads\/2021\/08\/logo_ibercultura_viva.jpg\",\"contentUrl\":\"https:\/\/iberculturaviva.org\/wp-content\/uploads\/2021\/08\/logo_ibercultura_viva.jpg\",\"width\":708,\"height\":223,\"caption\":\"Iberculturaviva\"},\"image\":{\"@id\":\"https:\/\/iberculturaviva.org\/es\/?lang=es\/#\/schema\/logo\/image\/\"},\"sameAs\":[\"https:\/\/www.facebook.com\/iberculturaviva\/\",\"https:\/\/www.instagram.com\/iberculturaviva\/\",\"https:\/\/www.youtube.com\/iberculturaviva\"]},{\"@type\":\"Person\",\"@id\":\"https:\/\/iberculturaviva.org\/es\/?lang=es\/#\/schema\/person\/5d1313b072cc25536e0431522f740b59\",\"name\":\"IberCultura\",\"image\":{\"@type\":\"ImageObject\",\"inLanguage\":\"es\",\"@id\":\"https:\/\/iberculturaviva.org\/es\/?lang=es\/#\/schema\/person\/image\/\",\"url\":\"https:\/\/secure.gravatar.com\/avatar\/79f1a057cb125cbefb3765d0356d52fc7f3bba3a35e2cf22bc4de090bb7aef70?s=96&d=mm&r=g\",\"contentUrl\":\"https:\/\/secure.gravatar.com\/avatar\/79f1a057cb125cbefb3765d0356d52fc7f3bba3a35e2cf22bc4de090bb7aef70?s=96&d=mm&r=g\",\"caption\":\"IberCultura\"}}]}<\/script>\n<!-- \/ Yoast SEO plugin. -->","yoast_head_json":{"title":"Chile otorgar\u00e1 12 becas extras para el Curso de Posgrado en Pol\u00edticas Culturales de Base Comunitaria 2024 - IberCultura Viva","description":"Chile otorgar\u00e1 12 becas extras para el Curso de Posgrado en Pol\u00edticas Culturales de Base Comunitaria 2024 - IberCultura Viva","robots":{"index":"index","follow":"follow","max-snippet":"max-snippet:-1","max-image-preview":"max-image-preview:large","max-video-preview":"max-video-preview:-1"},"canonical":"https:\/\/iberculturaviva.org\/es\/chile-otorgara-12-becas-extras-para-el-curso-de-posgrado-en-politicas-culturales-de-base-comunitaria-2024\/","og_locale":"es_ES","og_type":"article","og_title":"Chile otorgar\u00e1 12 becas extras para el Curso de Posgrado en Pol\u00edticas Culturales de Base Comunitaria 2024 - IberCultura Viva","og_description":"Chile otorgar\u00e1 12 becas extras para el Curso de Posgrado en Pol\u00edticas Culturales de Base Comunitaria 2024 - IberCultura Viva","og_url":"https:\/\/iberculturaviva.org\/es\/chile-otorgara-12-becas-extras-para-el-curso-de-posgrado-en-politicas-culturales-de-base-comunitaria-2024\/","og_site_name":"IberCultura Viva","article_publisher":"https:\/\/www.facebook.com\/iberculturaviva\/","article_published_time":"2024-04-02T16:43:25+00:00","article_modified_time":"2024-04-02T17:22:31+00:00","og_image":[{"width":2560,"height":1704,"url":"https:\/\/iberculturaviva.org\/wp-content\/uploads\/2024\/02\/iStock-93272079-scaled.jpg","type":"image\/jpeg"}],"author":"IberCultura","twitter_card":"summary_large_image","twitter_misc":{"Escrito por":"IberCultura","Tiempo de lectura":"1 minuto"},"schema":{"@context":"https:\/\/schema.org","@graph":[{"@type":"Article","@id":"https:\/\/iberculturaviva.org\/es\/chile-otorgara-12-becas-extras-para-el-curso-de-posgrado-en-politicas-culturales-de-base-comunitaria-2024\/#article","isPartOf":{"@id":"https:\/\/iberculturaviva.org\/es\/chile-otorgara-12-becas-extras-para-el-curso-de-posgrado-en-politicas-culturales-de-base-comunitaria-2024\/"},"author":{"name":"IberCultura","@id":"https:\/\/iberculturaviva.org\/es\/?lang=es\/#\/schema\/person\/5d1313b072cc25536e0431522f740b59"},"headline":"Chile otorgar\u00e1 12 becas extras para el Curso de Posgrado en Pol\u00edticas Culturales de Base Comunitaria 2024","datePublished":"2024-04-02T16:43:25+00:00","dateModified":"2024-04-02T17:22:31+00:00","mainEntityOfPage":{"@id":"https:\/\/iberculturaviva.org\/es\/chile-otorgara-12-becas-extras-para-el-curso-de-posgrado-en-politicas-culturales-de-base-comunitaria-2024\/"},"wordCount":298,"publisher":{"@id":"https:\/\/iberculturaviva.org\/es\/?lang=es\/#organization"},"image":{"@id":"https:\/\/iberculturaviva.org\/es\/chile-otorgara-12-becas-extras-para-el-curso-de-posgrado-en-politicas-culturales-de-base-comunitaria-2024\/#primaryimage"},"thumbnailUrl":"https:\/\/iberculturaviva.org\/wp-content\/uploads\/2024\/02\/iStock-93272079-scaled.jpg","keywords":["becas extras","Chile","FLACSO"],"articleSection":["Noticias"],"inLanguage":"es"},{"@type":"WebPage","@id":"https:\/\/iberculturaviva.org\/es\/chile-otorgara-12-becas-extras-para-el-curso-de-posgrado-en-politicas-culturales-de-base-comunitaria-2024\/","url":"https:\/\/iberculturaviva.org\/es\/chile-otorgara-12-becas-extras-para-el-curso-de-posgrado-en-politicas-culturales-de-base-comunitaria-2024\/","name":"Chile otorgar\u00e1 12 becas extras para el Curso de Posgrado en Pol\u00edticas Culturales de Base Comunitaria 2024 - IberCultura Viva","isPartOf":{"@id":"https:\/\/iberculturaviva.org\/es\/?lang=es\/#website"},"primaryImageOfPage":{"@id":"https:\/\/iberculturaviva.org\/es\/chile-otorgara-12-becas-extras-para-el-curso-de-posgrado-en-politicas-culturales-de-base-comunitaria-2024\/#primaryimage"},"image":{"@id":"https:\/\/iberculturaviva.org\/es\/chile-otorgara-12-becas-extras-para-el-curso-de-posgrado-en-politicas-culturales-de-base-comunitaria-2024\/#primaryimage"},"thumbnailUrl":"https:\/\/iberculturaviva.org\/wp-content\/uploads\/2024\/02\/iStock-93272079-scaled.jpg","datePublished":"2024-04-02T16:43:25+00:00","dateModified":"2024-04-02T17:22:31+00:00","description":"Chile otorgar\u00e1 12 becas extras para el Curso de Posgrado en Pol\u00edticas Culturales de Base Comunitaria 2024 - IberCultura Viva","breadcrumb":{"@id":"https:\/\/iberculturaviva.org\/es\/chile-otorgara-12-becas-extras-para-el-curso-de-posgrado-en-politicas-culturales-de-base-comunitaria-2024\/#breadcrumb"},"inLanguage":"es","potentialAction":[{"@type":"ReadAction","target":["https:\/\/iberculturaviva.org\/es\/chile-otorgara-12-becas-extras-para-el-curso-de-posgrado-en-politicas-culturales-de-base-comunitaria-2024\/"]}]},{"@type":"ImageObject","inLanguage":"es","@id":"https:\/\/iberculturaviva.org\/es\/chile-otorgara-12-becas-extras-para-el-curso-de-posgrado-en-politicas-culturales-de-base-comunitaria-2024\/#primaryimage","url":"https:\/\/iberculturaviva.org\/wp-content\/uploads\/2024\/02\/iStock-93272079-scaled.jpg","contentUrl":"https:\/\/iberculturaviva.org\/wp-content\/uploads\/2024\/02\/iStock-93272079-scaled.jpg","width":2560,"height":1704,"caption":"Mexican-American dancers in brightly colored dresses perform a traditional ethnic dance. Motion blur on spinning dresses on left side, focus on dancers arm and dress on right."},{"@type":"BreadcrumbList","@id":"https:\/\/iberculturaviva.org\/es\/chile-otorgara-12-becas-extras-para-el-curso-de-posgrado-en-politicas-culturales-de-base-comunitaria-2024\/#breadcrumb","itemListElement":[{"@type":"ListItem","position":1,"name":"In\u00edcio","item":"https:\/\/iberculturaviva.org\/es\/inicio\/"},{"@type":"ListItem","position":2,"name":"Chile otorgar\u00e1 12 becas extras para el Curso de Posgrado en Pol\u00edticas Culturales de Base Comunitaria 2024"}]},{"@type":"WebSite","@id":"https:\/\/iberculturaviva.org\/es\/?lang=es\/#website","url":"https:\/\/iberculturaviva.org\/es\/?lang=es\/","name":"IberCultura Viva","description":"Programa de cooperaci\u00f3n cultural","publisher":{"@id":"https:\/\/iberculturaviva.org\/es\/?lang=es\/#organization"},"potentialAction":[{"@type":"SearchAction","target":{"@type":"EntryPoint","urlTemplate":"https:\/\/iberculturaviva.org\/es\/?lang=es\/?s={search_term_string}"},"query-input":{"@type":"PropertyValueSpecification","valueRequired":true,"valueName":"search_term_string"}}],"inLanguage":"es"},{"@type":"Organization","@id":"https:\/\/iberculturaviva.org\/es\/?lang=es\/#organization","name":"Iberculturaviva","url":"https:\/\/iberculturaviva.org\/es\/?lang=es\/","logo":{"@type":"ImageObject","inLanguage":"es","@id":"https:\/\/iberculturaviva.org\/es\/?lang=es\/#\/schema\/logo\/image\/","url":"https:\/\/iberculturaviva.org\/wp-content\/uploads\/2021\/08\/logo_ibercultura_viva.jpg","contentUrl":"https:\/\/iberculturaviva.org\/wp-content\/uploads\/2021\/08\/logo_ibercultura_viva.jpg","width":708,"height":223,"caption":"Iberculturaviva"},"image":{"@id":"https:\/\/iberculturaviva.org\/es\/?lang=es\/#\/schema\/logo\/image\/"},"sameAs":["https:\/\/www.facebook.com\/iberculturaviva\/","https:\/\/www.instagram.com\/iberculturaviva\/","https:\/\/www.youtube.com\/iberculturaviva"]},{"@type":"Person","@id":"https:\/\/iberculturaviva.org\/es\/?lang=es\/#\/schema\/person\/5d1313b072cc25536e0431522f740b59","name":"IberCultura","image":{"@type":"ImageObject","inLanguage":"es","@id":"https:\/\/iberculturaviva.org\/es\/?lang=es\/#\/schema\/person\/image\/","url":"https:\/\/secure.gravatar.com\/avatar\/79f1a057cb125cbefb3765d0356d52fc7f3bba3a35e2cf22bc4de090bb7aef70?s=96&d=mm&r=g","contentUrl":"https:\/\/secure.gravatar.com\/avatar\/79f1a057cb125cbefb3765d0356d52fc7f3bba3a35e2cf22bc4de090bb7aef70?s=96&d=mm&r=g","caption":"IberCultura"}}]}},"main_category":{"link":"https:\/\/iberculturaviva.org\/es\/category\/noticias-es\/","name":"Noticias","slug":"noticias-es"},"_links":{"self":[{"href":"https:\/\/iberculturaviva.org\/es\/wp-json\/wp\/v2\/posts\/32722","targetHints":{"allow":["GET"]}}],"collection":[{"href":"https:\/\/iberculturaviva.org\/es\/wp-json\/wp\/v2\/posts"}],"about":[{"href":"https:\/\/iberculturaviva.org\/es\/wp-json\/wp\/v2\/types\/post"}],"author":[{"embeddable":true,"href":"https:\/\/iberculturaviva.org\/es\/wp-json\/wp\/v2\/users\/2"}],"replies":[{"embeddable":true,"href":"https:\/\/iberculturaviva.org\/es\/wp-json\/wp\/v2\/comments?post=32722"}],"version-history":[{"count":7,"href":"https:\/\/iberculturaviva.org\/es\/wp-json\/wp\/v2\/posts\/32722\/revisions"}],"predecessor-version":[{"id":32739,"href":"https:\/\/iberculturaviva.org\/es\/wp-json\/wp\/v2\/posts\/32722\/revisions\/32739"}],"wp:featuredmedia":[{"embeddable":true,"href":"https:\/\/iberculturaviva.org\/es\/wp-json\/wp\/v2\/media\/32306"}],"wp:attachment":[{"href":"https:\/\/iberculturaviva.org\/es\/wp-json\/wp\/v2\/media?parent=32722"}],"wp:term":[{"taxonomy":"category","embeddable":true,"href":"https:\/\/iberculturaviva.org\/es\/wp-json\/wp\/v2\/categories?post=32722"},{"taxonomy":"post_tag","embeddable":true,"href":"https:\/\/iberculturaviva.org\/es\/wp-json\/wp\/v2\/tags?post=32722"},{"taxonomy":"country-municipality","embeddable":true,"href":"https:\/\/iberculturaviva.org\/es\/wp-json\/wp\/v2\/country-municipality?post=32722"}],"curies":[{"name":"wp","href":"https:\/\/api.w.org\/{rel}","templated":true}]}}