{"id":32683,"date":"2024-03-28T17:53:59","date_gmt":"2024-03-28T20:53:59","guid":{"rendered":"https:\/\/www.iberculturaviva.org\/?p=32683"},"modified":"2024-04-02T12:15:10","modified_gmt":"2024-04-02T15:15:10","slug":"concluye-con-exito-la-iniciativa-de-cooperacion-triangular-en-estrategias-culturales-para-la-participacion-ciudadana","status":"publish","type":"post","link":"https:\/\/iberculturaviva.org\/es\/concluye-con-exito-la-iniciativa-de-cooperacion-triangular-en-estrategias-culturales-para-la-participacion-ciudadana\/","title":{"rendered":"Concluye con \u00e9xito la Iniciativa de Cooperaci\u00f3n Triangular en Estrategias Culturales para la Participaci\u00f3n Ciudadana"},"content":{"rendered":"\n<p><\/p>\n\n\n<p style=\"text-align: justify;\">\u00a0<\/p>\n<p style=\"text-align: justify;\"><span style=\"font-weight: 400;\">El martes 26 de marzo, se llev\u00f3 a cabo la \u00faltima actividad de la Iniciativa de Cooperaci\u00f3n Triangular \u201cEstrategias Culturales Comunitarias para la Participaci\u00f3n Ciudadana\u201d. En esta ocasi\u00f3n, participaron representantes de la alianza: la Secretar\u00eda de Cultura, Recreaci\u00f3n y Deporte de Bogot\u00e1 (Colombia), la Direcci\u00f3n de Cultura de Guadalajara (M\u00e9xico), la Secretar\u00eda de Cultura del Ministerio de Capital Humano de Argentina, IberCultura Viva- Secretar\u00eda General Iberoamericana (SEGIB), la Maestr\u00eda y Doctorado en Gesti\u00f3n de la Cultura de la Universidad de Guadalajara (UDG Virtual), as\u00ed como diversas organizaciones culturales comunitarias de Guadalajara, Buenos Aires y Bogot\u00e1.<\/span><\/p>\n<p style=\"text-align: justify;\"><span style=\"font-weight: 400;\">Durante esta actividad se present\u00f3 el \u201cModelo de orientaci\u00f3n de la acci\u00f3n cultural con enfoque de derechos humanos y sostenibilidad\u201d, el cual es el producto final de la iniciativa, que tiene como entidades beneficiarias la Direcci\u00f3n de Cultura de Guadalajara y la Secretar\u00eda de Cultura, Recreaci\u00f3n y Deporte de Bogot\u00e1. Ambas municipalidades integran la Red IberCultura Viva de Ciudades y Gobiernos Locales.\u00a0\u00a0<\/span><\/p>\n<p style=\"text-align: justify;\"><span style=\"font-weight: 400;\">Jos\u00e9 Luis Mariscal, responsable metodol\u00f3gico, coment\u00f3 que para el proceso de construcci\u00f3n del Modelo Orientador fue necesario reconocer, visibilizar y sistematizar los saberes experienciales de los agentes culturales comunitarios y gubernamentales, y establecer un di\u00e1logo entre estos y los saberes acad\u00e9micos sobre gesti\u00f3n cultural.\u00a0<\/span><\/p>\n<p style=\"text-align: justify;\"><span style=\"font-weight: 400;\">Para ello se llevaron a cabo una serie de actividades y se aplicaron diversas herramientas de investigaci\u00f3n que permitieron sistematizar la informaci\u00f3n para formalizar estos saberes en un primer documento, donde se plantearon las principales ideas y planteamientos contextuales, conceptuales y de orientaciones pr\u00e1cticas.\u00a0<\/span><\/p>\n<p style=\"text-align: justify;\"><span style=\"font-weight: 400;\">A partir de ello, diversos agentes culturales participaron en su revisi\u00f3n y mejoramiento, permitiendo la convergencia de diversas miradas y voces que sentaron las bases de un gran acuerdo colectivo sobre c\u00f3mo orientar la acci\u00f3n cultural con enfoque en derechos humanos y sostenibilidad.<\/span><\/p>\n<p><a href=\"https:\/\/iberculturaviva.org\/wp-content\/uploads\/2024\/03\/Actividad-7-1.png\"><img loading=\"lazy\" decoding=\"async\" class=\"aligncenter wp-image-32684 size-large\" src=\"https:\/\/iberculturaviva.org\/wp-content\/uploads\/2024\/03\/Actividad-7-1-960x540.png\" alt=\"\" width=\"640\" height=\"360\" srcset=\"https:\/\/iberculturaviva.org\/wp-content\/uploads\/2024\/03\/Actividad-7-1-960x540.png 960w, https:\/\/iberculturaviva.org\/wp-content\/uploads\/2024\/03\/Actividad-7-1-768x432.png 768w, https:\/\/iberculturaviva.org\/wp-content\/uploads\/2024\/03\/Actividad-7-1-1536x864.png 1536w, https:\/\/iberculturaviva.org\/wp-content\/uploads\/2024\/03\/Actividad-7-1-125x70.png 125w, https:\/\/iberculturaviva.org\/wp-content\/uploads\/2024\/03\/Actividad-7-1-640x360.png 640w, https:\/\/iberculturaviva.org\/wp-content\/uploads\/2024\/03\/Actividad-7-1.png 1920w\" sizes=\"auto, (max-width: 640px) 100vw, 640px\" \/><\/a><\/p>\n<p><span style=\"font-weight: 400;\">.<\/span><\/p>\n<p style=\"text-align: justify;\"><span style=\"font-weight: 400;\">La iniciativa \u201cEstrategias Culturales Comunitarias para la Participaci\u00f3n Ciudadana\u201d fue financiada por el programa Ventana Adelante 2 de la Uni\u00f3n Europea, involucrando a 6 entidades de 5 pa\u00edses iberoamericanos, que trabajaron en 2 talleres virtuales, 1 congreso, 3 seminarios presenciales y 2 visitas de estudio, en los que participaron m\u00e1s de 260 personas.<\/span><\/p>\n<p style=\"text-align: justify;\"><span style=\"font-weight: 400;\">Al concluir esta etapa, Luisa Vel\u00e1squez Santiago, responsable de la iniciativa, percibe los actuales escenarios de cambio de gobierno en Bogot\u00e1 de hace unos meses y el de Guadalajara en el futuro pr\u00f3ximo, como momentos coyunturales clave para la aplicaci\u00f3n de dicha herramienta. Esto implica la creaci\u00f3n de hojas de ruta y el direccionamiento de las pol\u00edticas culturales como propuestas a implementar en los planes distritales y municipales de cultura y plan de desarrollo de ambas ciudades, a trav\u00e9s de instrumentos de empalme y legado de transici\u00f3n gubernamental. Esto permitir\u00e1 generar pol\u00edtica p\u00fablica en materia de cultura que contribuya de manera intersectorial a los retos de sostenibilidad y gobernanza que comparten ambas ciudades.\u00a0<\/span><\/p>\n<p style=\"text-align: justify;\"><span style=\"font-weight: 400;\">Asimismo, coment\u00f3 que en el \u00e1mbito social, servir\u00e1 para que las organizaciones comunitarias se reafirmen como agentes de transformaci\u00f3n, diversifiquen, mejoren sus estrategias de trabajo y fortalezcan sus capacidades de incidencia e interrelaci\u00f3n con el gobierno local para establecer agendas p\u00fablicas compartidas en el sector cultural.<\/span><\/p>\n<p><a href=\"https:\/\/iberculturaviva.org\/wp-content\/uploads\/2024\/03\/Actividad-7.png\"><img loading=\"lazy\" decoding=\"async\" class=\"aligncenter size-large wp-image-32686\" src=\"https:\/\/iberculturaviva.org\/wp-content\/uploads\/2024\/03\/Actividad-7-960x540.png\" alt=\"\" width=\"640\" height=\"360\" srcset=\"https:\/\/iberculturaviva.org\/wp-content\/uploads\/2024\/03\/Actividad-7-960x540.png 960w, https:\/\/iberculturaviva.org\/wp-content\/uploads\/2024\/03\/Actividad-7-768x432.png 768w, https:\/\/iberculturaviva.org\/wp-content\/uploads\/2024\/03\/Actividad-7-1536x864.png 1536w, https:\/\/iberculturaviva.org\/wp-content\/uploads\/2024\/03\/Actividad-7-125x70.png 125w, https:\/\/iberculturaviva.org\/wp-content\/uploads\/2024\/03\/Actividad-7-640x360.png 640w, https:\/\/iberculturaviva.org\/wp-content\/uploads\/2024\/03\/Actividad-7.png 1920w\" sizes=\"auto, (max-width: 640px) 100vw, 640px\" \/><\/a><\/p>\n<p><span style=\"font-weight: 400;\">.<\/span><\/p>\n<p style=\"text-align: justify;\"><span style=\"font-weight: 400;\">Esta iniciativa es un ejemplo de cooperaci\u00f3n triangular, multinivel, multisectorial y multiactor, donde gobiernos locales, nacionales, universidades, organizaciones sociales y expertos en materia de derechos culturales trabajaron en conjunto en la construcci\u00f3n del mismo. Por lo tanto, la narrativa del proceso es un ejemplo en s\u00ed mismo para difundir una buena pr\u00e1ctica.<\/span><\/p>\n<p style=\"text-align: justify;\">.<\/p>\n<h4>.<\/h4>\n<h4><strong>Lea tambi\u00e9n:<\/strong><\/h4>\n<p><a href=\"https:\/\/iberculturaviva.org\/las-ciudades-de-bogota-y-guadalajara-inician-nuevo-intercambio-en-el-marco-de-la-ventana-adelante-2023\/?lang=es\" target=\"_blank\" rel=\"noopener\">Las ciudades de Bogot\u00e1 y Guadalajara inician nuevo intercambio en el marco de la Ventana Adelante 2023<\/a><\/p>\n<p><a href=\"https:\/\/iberculturaviva.org\/representantes-de-guadalajara-realizan-una-visita-de-estudio-a-argentina-para-conocer-el-programa-puntos-de-cultura\/?lang=es\">Representantes de Guadalajara realizan una visita de estudio a Argentina para conocer el programa Puntos de Cultura<\/a><\/p>\n<p><a href=\"https:\/\/iberculturaviva.org\/comienza-en-barcelona-la-cuarta-actividad-de-la-iniciativa-estrategias-culturales-para-la-participacion-ciudadana\/?lang=es\" target=\"_blank\" rel=\"noopener\">Comienza en Barcelona la cuarta actividad de la iniciativa \u201cEstrategias culturales para la participaci\u00f3n ciudadana\u201d<\/a><\/p>\n<p><a href=\"https:\/\/iberculturaviva.org\/congreso-de-cultura-y-participacion-comunitaria-3-dias-de-intercambios-reflexiones-y-debates-en-guadalajara\/?lang=es\">Congreso de Cultura y Participaci\u00f3n Comunitaria: 3 d\u00edas de intercambios, reflexiones y debates en Guadalajara<\/a><\/p>\n<p>\u00a0<\/p>","protected":false},"excerpt":{"rendered":"<p>\u00a0 El martes 26 de marzo, se llev\u00f3 a cabo la \u00faltima actividad de la Iniciativa de Cooperaci\u00f3n Triangular \u201cEstrategias Culturales Comunitarias para la Participaci\u00f3n Ciudadana\u201d. En esta ocasi\u00f3n, participaron [&hellip;]<\/p>\n","protected":false},"author":2,"featured_media":32688,"comment_status":"closed","ping_status":"closed","sticky":false,"template":"","format":"standard","meta":{"_coblocks_attr":"","_coblocks_dimensions":"","_coblocks_responsive_height":"","_coblocks_accordion_ie_support":"","_EventAllDay":false,"_EventTimezone":"","_EventStartDate":"","_EventEndDate":"","_EventStartDateUTC":"","_EventEndDateUTC":"","_EventShowMap":false,"_EventShowMapLink":false,"_EventURL":"","_EventCost":"","_EventCostDescription":"","_EventCurrencySymbol":"","_EventCurrencyCode":"","_EventCurrencyPosition":"","_EventDateTimeSeparator":"","_EventTimeRangeSeparator":"","_EventOrganizerID":[],"_EventVenueID":[],"_OrganizerEmail":"","_OrganizerPhone":"","_OrganizerWebsite":"","_VenueAddress":"","_VenueCity":"","_VenueCountry":"","_VenueProvince":"","_VenueState":"","_VenueZip":"","_VenuePhone":"","_VenueURL":"","_VenueStateProvince":"","_VenueLat":"","_VenueLng":"","_VenueShowMap":false,"_VenueShowMapLink":false,"footnotes":""},"categories":[262],"tags":[289,298,512],"country-municipality":[],"class_list":["post-32683","post","type-post","status-publish","format-standard","has-post-thumbnail","hentry","category-noticias-es","tag-gobiernos-locales-2","tag-red-de-ciudades-2","tag-ventana-adelante-2"],"yoast_head":"<!-- This site is optimized with the Yoast SEO plugin v25.7 - https:\/\/yoast.com\/wordpress\/plugins\/seo\/ -->\n<title>Concluye con \u00e9xito la Iniciativa de Cooperaci\u00f3n Triangular en Estrategias Culturales para la Participaci\u00f3n Ciudadana - IberCultura Viva<\/title>\n<meta name=\"description\" content=\"Concluye con \u00e9xito la Iniciativa de Cooperaci\u00f3n Triangular en Estrategias Culturales para la Participaci\u00f3n Ciudadana - IberCultura Viva\" \/>\n<meta name=\"robots\" content=\"index, follow, max-snippet:-1, max-image-preview:large, max-video-preview:-1\" \/>\n<link rel=\"canonical\" href=\"https:\/\/iberculturaviva.org\/es\/concluye-con-exito-la-iniciativa-de-cooperacion-triangular-en-estrategias-culturales-para-la-participacion-ciudadana\/\" \/>\n<meta property=\"og:locale\" content=\"es_ES\" \/>\n<meta property=\"og:type\" content=\"article\" \/>\n<meta property=\"og:title\" content=\"Concluye con \u00e9xito la Iniciativa de Cooperaci\u00f3n Triangular en Estrategias Culturales para la Participaci\u00f3n Ciudadana - IberCultura Viva\" \/>\n<meta property=\"og:description\" content=\"Concluye con \u00e9xito la Iniciativa de Cooperaci\u00f3n Triangular en Estrategias Culturales para la Participaci\u00f3n Ciudadana - IberCultura Viva\" \/>\n<meta property=\"og:url\" content=\"https:\/\/iberculturaviva.org\/es\/concluye-con-exito-la-iniciativa-de-cooperacion-triangular-en-estrategias-culturales-para-la-participacion-ciudadana\/\" \/>\n<meta property=\"og:site_name\" content=\"IberCultura Viva\" \/>\n<meta property=\"article:publisher\" content=\"https:\/\/www.facebook.com\/iberculturaviva\/\" \/>\n<meta property=\"article:published_time\" content=\"2024-03-28T20:53:59+00:00\" \/>\n<meta property=\"article:modified_time\" content=\"2024-04-02T15:15:10+00:00\" \/>\n<meta property=\"og:image\" content=\"https:\/\/iberculturaviva.org\/wp-content\/uploads\/2024\/03\/1.jpg\" \/>\n\t<meta property=\"og:image:width\" content=\"1599\" \/>\n\t<meta property=\"og:image:height\" content=\"899\" \/>\n\t<meta property=\"og:image:type\" content=\"image\/jpeg\" \/>\n<meta name=\"author\" content=\"IberCultura\" \/>\n<meta name=\"twitter:card\" content=\"summary_large_image\" \/>\n<meta name=\"twitter:label1\" content=\"Escrito por\" \/>\n\t<meta name=\"twitter:data1\" content=\"IberCultura\" \/>\n\t<meta name=\"twitter:label2\" content=\"Tiempo de lectura\" \/>\n\t<meta name=\"twitter:data2\" content=\"3 minutos\" \/>\n<script type=\"application\/ld+json\" class=\"yoast-schema-graph\">{\"@context\":\"https:\/\/schema.org\",\"@graph\":[{\"@type\":\"Article\",\"@id\":\"https:\/\/iberculturaviva.org\/es\/concluye-con-exito-la-iniciativa-de-cooperacion-triangular-en-estrategias-culturales-para-la-participacion-ciudadana\/#article\",\"isPartOf\":{\"@id\":\"https:\/\/iberculturaviva.org\/es\/concluye-con-exito-la-iniciativa-de-cooperacion-triangular-en-estrategias-culturales-para-la-participacion-ciudadana\/\"},\"author\":{\"name\":\"IberCultura\",\"@id\":\"https:\/\/iberculturaviva.org\/es\/?lang=es\/#\/schema\/person\/5d1313b072cc25536e0431522f740b59\"},\"headline\":\"Concluye con \u00e9xito la Iniciativa de Cooperaci\u00f3n Triangular en Estrategias Culturales para la Participaci\u00f3n Ciudadana\",\"datePublished\":\"2024-03-28T20:53:59+00:00\",\"dateModified\":\"2024-04-02T15:15:10+00:00\",\"mainEntityOfPage\":{\"@id\":\"https:\/\/iberculturaviva.org\/es\/concluye-con-exito-la-iniciativa-de-cooperacion-triangular-en-estrategias-culturales-para-la-participacion-ciudadana\/\"},\"wordCount\":674,\"publisher\":{\"@id\":\"https:\/\/iberculturaviva.org\/es\/?lang=es\/#organization\"},\"image\":{\"@id\":\"https:\/\/iberculturaviva.org\/es\/concluye-con-exito-la-iniciativa-de-cooperacion-triangular-en-estrategias-culturales-para-la-participacion-ciudadana\/#primaryimage\"},\"thumbnailUrl\":\"https:\/\/iberculturaviva.org\/wp-content\/uploads\/2024\/03\/1.jpg\",\"keywords\":[\"gobiernos locales\",\"Red de Ciudades\",\"Ventana Adelante\"],\"articleSection\":[\"Noticias\"],\"inLanguage\":\"es\"},{\"@type\":\"WebPage\",\"@id\":\"https:\/\/iberculturaviva.org\/es\/concluye-con-exito-la-iniciativa-de-cooperacion-triangular-en-estrategias-culturales-para-la-participacion-ciudadana\/\",\"url\":\"https:\/\/iberculturaviva.org\/es\/concluye-con-exito-la-iniciativa-de-cooperacion-triangular-en-estrategias-culturales-para-la-participacion-ciudadana\/\",\"name\":\"Concluye con \u00e9xito la Iniciativa de Cooperaci\u00f3n Triangular en Estrategias Culturales para la Participaci\u00f3n Ciudadana - IberCultura Viva\",\"isPartOf\":{\"@id\":\"https:\/\/iberculturaviva.org\/es\/?lang=es\/#website\"},\"primaryImageOfPage\":{\"@id\":\"https:\/\/iberculturaviva.org\/es\/concluye-con-exito-la-iniciativa-de-cooperacion-triangular-en-estrategias-culturales-para-la-participacion-ciudadana\/#primaryimage\"},\"image\":{\"@id\":\"https:\/\/iberculturaviva.org\/es\/concluye-con-exito-la-iniciativa-de-cooperacion-triangular-en-estrategias-culturales-para-la-participacion-ciudadana\/#primaryimage\"},\"thumbnailUrl\":\"https:\/\/iberculturaviva.org\/wp-content\/uploads\/2024\/03\/1.jpg\",\"datePublished\":\"2024-03-28T20:53:59+00:00\",\"dateModified\":\"2024-04-02T15:15:10+00:00\",\"description\":\"Concluye con \u00e9xito la Iniciativa de Cooperaci\u00f3n Triangular en Estrategias Culturales para la Participaci\u00f3n Ciudadana - IberCultura Viva\",\"breadcrumb\":{\"@id\":\"https:\/\/iberculturaviva.org\/es\/concluye-con-exito-la-iniciativa-de-cooperacion-triangular-en-estrategias-culturales-para-la-participacion-ciudadana\/#breadcrumb\"},\"inLanguage\":\"es\",\"potentialAction\":[{\"@type\":\"ReadAction\",\"target\":[\"https:\/\/iberculturaviva.org\/es\/concluye-con-exito-la-iniciativa-de-cooperacion-triangular-en-estrategias-culturales-para-la-participacion-ciudadana\/\"]}]},{\"@type\":\"ImageObject\",\"inLanguage\":\"es\",\"@id\":\"https:\/\/iberculturaviva.org\/es\/concluye-con-exito-la-iniciativa-de-cooperacion-triangular-en-estrategias-culturales-para-la-participacion-ciudadana\/#primaryimage\",\"url\":\"https:\/\/iberculturaviva.org\/wp-content\/uploads\/2024\/03\/1.jpg\",\"contentUrl\":\"https:\/\/iberculturaviva.org\/wp-content\/uploads\/2024\/03\/1.jpg\",\"width\":1599,\"height\":899},{\"@type\":\"BreadcrumbList\",\"@id\":\"https:\/\/iberculturaviva.org\/es\/concluye-con-exito-la-iniciativa-de-cooperacion-triangular-en-estrategias-culturales-para-la-participacion-ciudadana\/#breadcrumb\",\"itemListElement\":[{\"@type\":\"ListItem\",\"position\":1,\"name\":\"In\u00edcio\",\"item\":\"https:\/\/iberculturaviva.org\/es\/inicio\/\"},{\"@type\":\"ListItem\",\"position\":2,\"name\":\"Concluye con \u00e9xito la Iniciativa de Cooperaci\u00f3n Triangular en Estrategias Culturales para la Participaci\u00f3n Ciudadana\"}]},{\"@type\":\"WebSite\",\"@id\":\"https:\/\/iberculturaviva.org\/es\/?lang=es\/#website\",\"url\":\"https:\/\/iberculturaviva.org\/es\/?lang=es\/\",\"name\":\"IberCultura Viva\",\"description\":\"Programa de cooperaci\u00f3n cultural\",\"publisher\":{\"@id\":\"https:\/\/iberculturaviva.org\/es\/?lang=es\/#organization\"},\"potentialAction\":[{\"@type\":\"SearchAction\",\"target\":{\"@type\":\"EntryPoint\",\"urlTemplate\":\"https:\/\/iberculturaviva.org\/es\/?lang=es\/?s={search_term_string}\"},\"query-input\":{\"@type\":\"PropertyValueSpecification\",\"valueRequired\":true,\"valueName\":\"search_term_string\"}}],\"inLanguage\":\"es\"},{\"@type\":\"Organization\",\"@id\":\"https:\/\/iberculturaviva.org\/es\/?lang=es\/#organization\",\"name\":\"Iberculturaviva\",\"url\":\"https:\/\/iberculturaviva.org\/es\/?lang=es\/\",\"logo\":{\"@type\":\"ImageObject\",\"inLanguage\":\"es\",\"@id\":\"https:\/\/iberculturaviva.org\/es\/?lang=es\/#\/schema\/logo\/image\/\",\"url\":\"https:\/\/iberculturaviva.org\/wp-content\/uploads\/2021\/08\/logo_ibercultura_viva.jpg\",\"contentUrl\":\"https:\/\/iberculturaviva.org\/wp-content\/uploads\/2021\/08\/logo_ibercultura_viva.jpg\",\"width\":708,\"height\":223,\"caption\":\"Iberculturaviva\"},\"image\":{\"@id\":\"https:\/\/iberculturaviva.org\/es\/?lang=es\/#\/schema\/logo\/image\/\"},\"sameAs\":[\"https:\/\/www.facebook.com\/iberculturaviva\/\",\"https:\/\/www.instagram.com\/iberculturaviva\/\",\"https:\/\/www.youtube.com\/iberculturaviva\"]},{\"@type\":\"Person\",\"@id\":\"https:\/\/iberculturaviva.org\/es\/?lang=es\/#\/schema\/person\/5d1313b072cc25536e0431522f740b59\",\"name\":\"IberCultura\",\"image\":{\"@type\":\"ImageObject\",\"inLanguage\":\"es\",\"@id\":\"https:\/\/iberculturaviva.org\/es\/?lang=es\/#\/schema\/person\/image\/\",\"url\":\"https:\/\/secure.gravatar.com\/avatar\/79f1a057cb125cbefb3765d0356d52fc7f3bba3a35e2cf22bc4de090bb7aef70?s=96&d=mm&r=g\",\"contentUrl\":\"https:\/\/secure.gravatar.com\/avatar\/79f1a057cb125cbefb3765d0356d52fc7f3bba3a35e2cf22bc4de090bb7aef70?s=96&d=mm&r=g\",\"caption\":\"IberCultura\"}}]}<\/script>\n<!-- \/ Yoast SEO plugin. -->","yoast_head_json":{"title":"Concluye con \u00e9xito la Iniciativa de Cooperaci\u00f3n Triangular en Estrategias Culturales para la Participaci\u00f3n Ciudadana - IberCultura Viva","description":"Concluye con \u00e9xito la Iniciativa de Cooperaci\u00f3n Triangular en Estrategias Culturales para la Participaci\u00f3n Ciudadana - IberCultura Viva","robots":{"index":"index","follow":"follow","max-snippet":"max-snippet:-1","max-image-preview":"max-image-preview:large","max-video-preview":"max-video-preview:-1"},"canonical":"https:\/\/iberculturaviva.org\/es\/concluye-con-exito-la-iniciativa-de-cooperacion-triangular-en-estrategias-culturales-para-la-participacion-ciudadana\/","og_locale":"es_ES","og_type":"article","og_title":"Concluye con \u00e9xito la Iniciativa de Cooperaci\u00f3n Triangular en Estrategias Culturales para la Participaci\u00f3n Ciudadana - IberCultura Viva","og_description":"Concluye con \u00e9xito la Iniciativa de Cooperaci\u00f3n Triangular en Estrategias Culturales para la Participaci\u00f3n Ciudadana - IberCultura Viva","og_url":"https:\/\/iberculturaviva.org\/es\/concluye-con-exito-la-iniciativa-de-cooperacion-triangular-en-estrategias-culturales-para-la-participacion-ciudadana\/","og_site_name":"IberCultura Viva","article_publisher":"https:\/\/www.facebook.com\/iberculturaviva\/","article_published_time":"2024-03-28T20:53:59+00:00","article_modified_time":"2024-04-02T15:15:10+00:00","og_image":[{"width":1599,"height":899,"url":"https:\/\/iberculturaviva.org\/wp-content\/uploads\/2024\/03\/1.jpg","type":"image\/jpeg"}],"author":"IberCultura","twitter_card":"summary_large_image","twitter_misc":{"Escrito por":"IberCultura","Tiempo de lectura":"3 minutos"},"schema":{"@context":"https:\/\/schema.org","@graph":[{"@type":"Article","@id":"https:\/\/iberculturaviva.org\/es\/concluye-con-exito-la-iniciativa-de-cooperacion-triangular-en-estrategias-culturales-para-la-participacion-ciudadana\/#article","isPartOf":{"@id":"https:\/\/iberculturaviva.org\/es\/concluye-con-exito-la-iniciativa-de-cooperacion-triangular-en-estrategias-culturales-para-la-participacion-ciudadana\/"},"author":{"name":"IberCultura","@id":"https:\/\/iberculturaviva.org\/es\/?lang=es\/#\/schema\/person\/5d1313b072cc25536e0431522f740b59"},"headline":"Concluye con \u00e9xito la Iniciativa de Cooperaci\u00f3n Triangular en Estrategias Culturales para la Participaci\u00f3n Ciudadana","datePublished":"2024-03-28T20:53:59+00:00","dateModified":"2024-04-02T15:15:10+00:00","mainEntityOfPage":{"@id":"https:\/\/iberculturaviva.org\/es\/concluye-con-exito-la-iniciativa-de-cooperacion-triangular-en-estrategias-culturales-para-la-participacion-ciudadana\/"},"wordCount":674,"publisher":{"@id":"https:\/\/iberculturaviva.org\/es\/?lang=es\/#organization"},"image":{"@id":"https:\/\/iberculturaviva.org\/es\/concluye-con-exito-la-iniciativa-de-cooperacion-triangular-en-estrategias-culturales-para-la-participacion-ciudadana\/#primaryimage"},"thumbnailUrl":"https:\/\/iberculturaviva.org\/wp-content\/uploads\/2024\/03\/1.jpg","keywords":["gobiernos locales","Red de Ciudades","Ventana Adelante"],"articleSection":["Noticias"],"inLanguage":"es"},{"@type":"WebPage","@id":"https:\/\/iberculturaviva.org\/es\/concluye-con-exito-la-iniciativa-de-cooperacion-triangular-en-estrategias-culturales-para-la-participacion-ciudadana\/","url":"https:\/\/iberculturaviva.org\/es\/concluye-con-exito-la-iniciativa-de-cooperacion-triangular-en-estrategias-culturales-para-la-participacion-ciudadana\/","name":"Concluye con \u00e9xito la Iniciativa de Cooperaci\u00f3n Triangular en Estrategias Culturales para la Participaci\u00f3n Ciudadana - IberCultura Viva","isPartOf":{"@id":"https:\/\/iberculturaviva.org\/es\/?lang=es\/#website"},"primaryImageOfPage":{"@id":"https:\/\/iberculturaviva.org\/es\/concluye-con-exito-la-iniciativa-de-cooperacion-triangular-en-estrategias-culturales-para-la-participacion-ciudadana\/#primaryimage"},"image":{"@id":"https:\/\/iberculturaviva.org\/es\/concluye-con-exito-la-iniciativa-de-cooperacion-triangular-en-estrategias-culturales-para-la-participacion-ciudadana\/#primaryimage"},"thumbnailUrl":"https:\/\/iberculturaviva.org\/wp-content\/uploads\/2024\/03\/1.jpg","datePublished":"2024-03-28T20:53:59+00:00","dateModified":"2024-04-02T15:15:10+00:00","description":"Concluye con \u00e9xito la Iniciativa de Cooperaci\u00f3n Triangular en Estrategias Culturales para la Participaci\u00f3n Ciudadana - IberCultura Viva","breadcrumb":{"@id":"https:\/\/iberculturaviva.org\/es\/concluye-con-exito-la-iniciativa-de-cooperacion-triangular-en-estrategias-culturales-para-la-participacion-ciudadana\/#breadcrumb"},"inLanguage":"es","potentialAction":[{"@type":"ReadAction","target":["https:\/\/iberculturaviva.org\/es\/concluye-con-exito-la-iniciativa-de-cooperacion-triangular-en-estrategias-culturales-para-la-participacion-ciudadana\/"]}]},{"@type":"ImageObject","inLanguage":"es","@id":"https:\/\/iberculturaviva.org\/es\/concluye-con-exito-la-iniciativa-de-cooperacion-triangular-en-estrategias-culturales-para-la-participacion-ciudadana\/#primaryimage","url":"https:\/\/iberculturaviva.org\/wp-content\/uploads\/2024\/03\/1.jpg","contentUrl":"https:\/\/iberculturaviva.org\/wp-content\/uploads\/2024\/03\/1.jpg","width":1599,"height":899},{"@type":"BreadcrumbList","@id":"https:\/\/iberculturaviva.org\/es\/concluye-con-exito-la-iniciativa-de-cooperacion-triangular-en-estrategias-culturales-para-la-participacion-ciudadana\/#breadcrumb","itemListElement":[{"@type":"ListItem","position":1,"name":"In\u00edcio","item":"https:\/\/iberculturaviva.org\/es\/inicio\/"},{"@type":"ListItem","position":2,"name":"Concluye con \u00e9xito la Iniciativa de Cooperaci\u00f3n Triangular en Estrategias Culturales para la Participaci\u00f3n Ciudadana"}]},{"@type":"WebSite","@id":"https:\/\/iberculturaviva.org\/es\/?lang=es\/#website","url":"https:\/\/iberculturaviva.org\/es\/?lang=es\/","name":"IberCultura Viva","description":"Programa de cooperaci\u00f3n cultural","publisher":{"@id":"https:\/\/iberculturaviva.org\/es\/?lang=es\/#organization"},"potentialAction":[{"@type":"SearchAction","target":{"@type":"EntryPoint","urlTemplate":"https:\/\/iberculturaviva.org\/es\/?lang=es\/?s={search_term_string}"},"query-input":{"@type":"PropertyValueSpecification","valueRequired":true,"valueName":"search_term_string"}}],"inLanguage":"es"},{"@type":"Organization","@id":"https:\/\/iberculturaviva.org\/es\/?lang=es\/#organization","name":"Iberculturaviva","url":"https:\/\/iberculturaviva.org\/es\/?lang=es\/","logo":{"@type":"ImageObject","inLanguage":"es","@id":"https:\/\/iberculturaviva.org\/es\/?lang=es\/#\/schema\/logo\/image\/","url":"https:\/\/iberculturaviva.org\/wp-content\/uploads\/2021\/08\/logo_ibercultura_viva.jpg","contentUrl":"https:\/\/iberculturaviva.org\/wp-content\/uploads\/2021\/08\/logo_ibercultura_viva.jpg","width":708,"height":223,"caption":"Iberculturaviva"},"image":{"@id":"https:\/\/iberculturaviva.org\/es\/?lang=es\/#\/schema\/logo\/image\/"},"sameAs":["https:\/\/www.facebook.com\/iberculturaviva\/","https:\/\/www.instagram.com\/iberculturaviva\/","https:\/\/www.youtube.com\/iberculturaviva"]},{"@type":"Person","@id":"https:\/\/iberculturaviva.org\/es\/?lang=es\/#\/schema\/person\/5d1313b072cc25536e0431522f740b59","name":"IberCultura","image":{"@type":"ImageObject","inLanguage":"es","@id":"https:\/\/iberculturaviva.org\/es\/?lang=es\/#\/schema\/person\/image\/","url":"https:\/\/secure.gravatar.com\/avatar\/79f1a057cb125cbefb3765d0356d52fc7f3bba3a35e2cf22bc4de090bb7aef70?s=96&d=mm&r=g","contentUrl":"https:\/\/secure.gravatar.com\/avatar\/79f1a057cb125cbefb3765d0356d52fc7f3bba3a35e2cf22bc4de090bb7aef70?s=96&d=mm&r=g","caption":"IberCultura"}}]}},"main_category":{"link":"https:\/\/iberculturaviva.org\/es\/category\/noticias-es\/","name":"Noticias","slug":"noticias-es"},"_links":{"self":[{"href":"https:\/\/iberculturaviva.org\/es\/wp-json\/wp\/v2\/posts\/32683","targetHints":{"allow":["GET"]}}],"collection":[{"href":"https:\/\/iberculturaviva.org\/es\/wp-json\/wp\/v2\/posts"}],"about":[{"href":"https:\/\/iberculturaviva.org\/es\/wp-json\/wp\/v2\/types\/post"}],"author":[{"embeddable":true,"href":"https:\/\/iberculturaviva.org\/es\/wp-json\/wp\/v2\/users\/2"}],"replies":[{"embeddable":true,"href":"https:\/\/iberculturaviva.org\/es\/wp-json\/wp\/v2\/comments?post=32683"}],"version-history":[{"count":7,"href":"https:\/\/iberculturaviva.org\/es\/wp-json\/wp\/v2\/posts\/32683\/revisions"}],"predecessor-version":[{"id":32720,"href":"https:\/\/iberculturaviva.org\/es\/wp-json\/wp\/v2\/posts\/32683\/revisions\/32720"}],"wp:featuredmedia":[{"embeddable":true,"href":"https:\/\/iberculturaviva.org\/es\/wp-json\/wp\/v2\/media\/32688"}],"wp:attachment":[{"href":"https:\/\/iberculturaviva.org\/es\/wp-json\/wp\/v2\/media?parent=32683"}],"wp:term":[{"taxonomy":"category","embeddable":true,"href":"https:\/\/iberculturaviva.org\/es\/wp-json\/wp\/v2\/categories?post=32683"},{"taxonomy":"post_tag","embeddable":true,"href":"https:\/\/iberculturaviva.org\/es\/wp-json\/wp\/v2\/tags?post=32683"},{"taxonomy":"country-municipality","embeddable":true,"href":"https:\/\/iberculturaviva.org\/es\/wp-json\/wp\/v2\/country-municipality?post=32683"}],"curies":[{"name":"wp","href":"https:\/\/api.w.org\/{rel}","templated":true}]}}