{"id":32305,"date":"2024-02-16T13:06:46","date_gmt":"2024-02-16T16:06:46","guid":{"rendered":"https:\/\/iberculturaviva.org\/?p=32305"},"modified":"2024-03-07T16:04:27","modified_gmt":"2024-03-07T19:04:27","slug":"626-personas-de-13-paises-enviaron-sus-postulaciones-a-la-convocatoria-de-becas-2024","status":"publish","type":"post","link":"https:\/\/iberculturaviva.org\/es\/626-personas-de-13-paises-enviaron-sus-postulaciones-a-la-convocatoria-de-becas-2024\/","title":{"rendered":"626 personas de 13 pa\u00edses enviaron sus postulaciones para la Convocatoria de Becas 2024"},"content":{"rendered":"<p style=\"text-align: justify;\">\n<p style=\"text-align: justify;\"><span style=\"font-weight: 400;\">El programa IberCultura Viva ha recibido un total de 62<\/span><span style=\"font-weight: 400;\">6<\/span><span style=\"font-weight: 400;\"> postulaciones a becas para la edici\u00f3n 2024 del Curso de Posgrado Internacional en Pol\u00edticas Culturales de Base Comunitaria, dictado en el campus virtual de la Facultad Latinoamericana de Ciencias Sociales (FLACSO-Argentina). Este es el mayor n\u00famero de candidaturas presentadas desde el lanzamiento de este curso, en 2018.&nbsp;<\/span><\/p>\n<p style=\"text-align: justify;\"><span style=\"font-weight: 400;\">El plazo de inscripci\u00f3n para esta convocatoria abri\u00f3 el 20 de diciembre y cerr\u00f3 este jueves 15 de febrero, a las 23:59 (de Argentina). Fueron enviadas al Mapa IberCultura Viva inscripciones de personas de 13 pa\u00edses: Argentina (61), Brasil (82), Chile (97), Colombia (113), Costa Rica (24), Ecuador (29), El Salvador (9), Espa\u00f1a (24), M\u00e9xico (57), Paraguay (15), Per\u00fa (75), Rep\u00fablica Dominicana (2) y Uruguay (38).<\/span><\/p>\n<p style=\"text-align: justify;\"><span style=\"font-weight: 400;\">En la edici\u00f3n de 2023 hab\u00edan sido enviadas 493 candidaturas; de este total, 453 fueron habilitadas y 96 seleccionadas para recibir las becas. En 2022 fueron recibidas 360 postulaciones; en 2021, 502; en 2020, 456; en 2019, 243, y en 2018, 466 postulaciones.&nbsp;<\/span><\/p>\n<p>.<\/p>\n<h4>Dos etapas<\/h4>\n<p style=\"text-align: justify;\"><span style=\"font-weight: 400;\">Como en las ediciones anteriores, el proceso de selecci\u00f3n de la convocatoria comprender\u00e1 dos etapas: habilitaci\u00f3n y evaluaci\u00f3n. En la primera etapa, el equipo de FLACSO-Argentina revisar\u00e1 la documentaci\u00f3n enviada, para ver si los adjuntos fueron cargados correctamente y si las personas se encuadran en los perfiles requeridos para solicitar una de las 104 becas que ser\u00e1n concedidas por IberCultura Viva este a\u00f1o. Aquellas personas que hayan enviado la documentaci\u00f3n correctamente tendr\u00e1n sus candidaturas habilitadas y pasar\u00e1n a la etapa siguiente, de evaluaci\u00f3n.<\/span><\/p>\n<p style=\"text-align: justify;\"><span style=\"font-weight: 400;\">En la segunda etapa del proceso de selecci\u00f3n, la evaluaci\u00f3n de las candidaturas ser\u00e1 responsabilidad de los y las representantes gubernamentales de cada pa\u00eds participante. Entre los criterios que se tendr\u00e1n en cuenta en la selecci\u00f3n de las personas candidatas se encuentra la experiencia en incidencia, dise\u00f1o y ejecuci\u00f3n de pol\u00edticas culturales p\u00fablicas y\/o en gesti\u00f3n cultural comunitaria. Adem\u00e1s, ser\u00e1 valorada la formaci\u00f3n (certificada) en gesti\u00f3n cultural y disciplinas afines, como artes, ciencias sociales, humanas o econ\u00f3micas.&nbsp;<\/span><\/p>\n<p style=\"text-align: justify;\"><span style=\"font-weight: 400;\">Las candidaturas que obtengan mayor puntuaci\u00f3n por pa\u00eds, conforme los criterios establecidos en el reglamento, ser\u00e1n las seleccionadas para recibir las becas de la s\u00e9ptima cohorte del curso, que se realizar\u00e1 de abril a diciembre de 2024. Desde el lanzamiento de este curso de posgrado, que fue construido en conjunto por IberCultura Viva y FLACSO Argentina, se han otorgado m\u00e1s de 600 becas a personas funcionarias de organismos p\u00fablicos o miembros de organizaciones culturales comunitarias que desarrollan sus actividades en los pa\u00edses miembros del programa.<\/span><\/p>\n","protected":false},"excerpt":{"rendered":"<p>El programa IberCultura Viva ha recibido un total de 626 postulaciones a becas para la edici\u00f3n 2024 del Curso de Posgrado Internacional en Pol\u00edticas Culturales de Base Comunitaria, dictado en [&hellip;]<\/p>\n","protected":false},"author":2,"featured_media":32306,"comment_status":"closed","ping_status":"closed","sticky":false,"template":"","format":"standard","meta":{"_coblocks_attr":"","_coblocks_dimensions":"","_coblocks_responsive_height":"","_coblocks_accordion_ie_support":"","_EventAllDay":false,"_EventTimezone":"","_EventStartDate":"","_EventEndDate":"","_EventStartDateUTC":"","_EventEndDateUTC":"","_EventShowMap":false,"_EventShowMapLink":false,"_EventURL":"","_EventCost":"","_EventCostDescription":"","_EventCurrencySymbol":"","_EventCurrencyCode":"","_EventCurrencyPosition":"","_EventDateTimeSeparator":"","_EventTimeRangeSeparator":"","_EventOrganizerID":[],"_EventVenueID":[],"_OrganizerEmail":"","_OrganizerPhone":"","_OrganizerWebsite":"","_VenueAddress":"","_VenueCity":"","_VenueCountry":"","_VenueProvince":"","_VenueState":"","_VenueZip":"","_VenuePhone":"","_VenueURL":"","_VenueStateProvince":"","_VenueLat":"","_VenueLng":"","_VenueShowMap":false,"_VenueShowMapLink":false,"footnotes":""},"categories":[250,262],"tags":[255,292,257,259],"country-municipality":[],"class_list":["post-32305","post","type-post","status-publish","format-standard","has-post-thumbnail","hentry","category-convocatorias","category-noticias-es","tag-becas-2","tag-convocatoria-2","tag-flacso-2","tag-posgrado-2"],"yoast_head":"<!-- This site is optimized with the Yoast SEO plugin v25.7 - https:\/\/yoast.com\/wordpress\/plugins\/seo\/ -->\n<title>626 personas de 13 pa\u00edses enviaron sus postulaciones para la Convocatoria de Becas 2024 - IberCultura Viva<\/title>\n<meta name=\"description\" content=\"626 personas de 13 pa\u00edses enviaron sus postulaciones para la Convocatoria de Becas 2024 - IberCultura Viva\" \/>\n<meta name=\"robots\" content=\"index, follow, max-snippet:-1, max-image-preview:large, max-video-preview:-1\" \/>\n<link rel=\"canonical\" href=\"https:\/\/iberculturaviva.org\/es\/626-personas-de-13-paises-enviaron-sus-postulaciones-a-la-convocatoria-de-becas-2024\/\" \/>\n<meta property=\"og:locale\" content=\"es_ES\" \/>\n<meta property=\"og:type\" content=\"article\" \/>\n<meta property=\"og:title\" content=\"626 personas de 13 pa\u00edses enviaron sus postulaciones para la Convocatoria de Becas 2024 - IberCultura Viva\" \/>\n<meta property=\"og:description\" content=\"626 personas de 13 pa\u00edses enviaron sus postulaciones para la Convocatoria de Becas 2024 - IberCultura Viva\" \/>\n<meta property=\"og:url\" content=\"https:\/\/iberculturaviva.org\/es\/626-personas-de-13-paises-enviaron-sus-postulaciones-a-la-convocatoria-de-becas-2024\/\" \/>\n<meta property=\"og:site_name\" content=\"IberCultura Viva\" \/>\n<meta property=\"article:publisher\" content=\"https:\/\/www.facebook.com\/iberculturaviva\/\" \/>\n<meta property=\"article:published_time\" content=\"2024-02-16T16:06:46+00:00\" \/>\n<meta property=\"article:modified_time\" content=\"2024-03-07T19:04:27+00:00\" \/>\n<meta property=\"og:image\" content=\"https:\/\/iberculturaviva.org\/wp-content\/uploads\/2024\/02\/iStock-93272079-scaled.jpg\" \/>\n\t<meta property=\"og:image:width\" content=\"2560\" \/>\n\t<meta property=\"og:image:height\" content=\"1704\" \/>\n\t<meta property=\"og:image:type\" content=\"image\/jpeg\" \/>\n<meta name=\"author\" content=\"IberCultura\" \/>\n<meta name=\"twitter:card\" content=\"summary_large_image\" \/>\n<meta name=\"twitter:label1\" content=\"Escrito por\" \/>\n\t<meta name=\"twitter:data1\" content=\"IberCultura\" \/>\n\t<meta name=\"twitter:label2\" content=\"Tiempo de lectura\" \/>\n\t<meta name=\"twitter:data2\" content=\"2 minutos\" \/>\n<script type=\"application\/ld+json\" class=\"yoast-schema-graph\">{\"@context\":\"https:\/\/schema.org\",\"@graph\":[{\"@type\":\"Article\",\"@id\":\"https:\/\/iberculturaviva.org\/es\/626-personas-de-13-paises-enviaron-sus-postulaciones-a-la-convocatoria-de-becas-2024\/#article\",\"isPartOf\":{\"@id\":\"https:\/\/iberculturaviva.org\/es\/626-personas-de-13-paises-enviaron-sus-postulaciones-a-la-convocatoria-de-becas-2024\/\"},\"author\":{\"name\":\"IberCultura\",\"@id\":\"https:\/\/iberculturaviva.org\/es\/?lang=es\/#\/schema\/person\/5d1313b072cc25536e0431522f740b59\"},\"headline\":\"626 personas de 13 pa\u00edses enviaron sus postulaciones para la Convocatoria de Becas 2024\",\"datePublished\":\"2024-02-16T16:06:46+00:00\",\"dateModified\":\"2024-03-07T19:04:27+00:00\",\"mainEntityOfPage\":{\"@id\":\"https:\/\/iberculturaviva.org\/es\/626-personas-de-13-paises-enviaron-sus-postulaciones-a-la-convocatoria-de-becas-2024\/\"},\"wordCount\":433,\"publisher\":{\"@id\":\"https:\/\/iberculturaviva.org\/es\/?lang=es\/#organization\"},\"image\":{\"@id\":\"https:\/\/iberculturaviva.org\/es\/626-personas-de-13-paises-enviaron-sus-postulaciones-a-la-convocatoria-de-becas-2024\/#primaryimage\"},\"thumbnailUrl\":\"https:\/\/iberculturaviva.org\/wp-content\/uploads\/2024\/02\/iStock-93272079-scaled.jpg\",\"keywords\":[\"becas\",\"convocatoria\",\"FLACSO\",\"posgrado\"],\"articleSection\":[\"Convocatorias\",\"Noticias\"],\"inLanguage\":\"es\"},{\"@type\":\"WebPage\",\"@id\":\"https:\/\/iberculturaviva.org\/es\/626-personas-de-13-paises-enviaron-sus-postulaciones-a-la-convocatoria-de-becas-2024\/\",\"url\":\"https:\/\/iberculturaviva.org\/es\/626-personas-de-13-paises-enviaron-sus-postulaciones-a-la-convocatoria-de-becas-2024\/\",\"name\":\"626 personas de 13 pa\u00edses enviaron sus postulaciones para la Convocatoria de Becas 2024 - IberCultura Viva\",\"isPartOf\":{\"@id\":\"https:\/\/iberculturaviva.org\/es\/?lang=es\/#website\"},\"primaryImageOfPage\":{\"@id\":\"https:\/\/iberculturaviva.org\/es\/626-personas-de-13-paises-enviaron-sus-postulaciones-a-la-convocatoria-de-becas-2024\/#primaryimage\"},\"image\":{\"@id\":\"https:\/\/iberculturaviva.org\/es\/626-personas-de-13-paises-enviaron-sus-postulaciones-a-la-convocatoria-de-becas-2024\/#primaryimage\"},\"thumbnailUrl\":\"https:\/\/iberculturaviva.org\/wp-content\/uploads\/2024\/02\/iStock-93272079-scaled.jpg\",\"datePublished\":\"2024-02-16T16:06:46+00:00\",\"dateModified\":\"2024-03-07T19:04:27+00:00\",\"description\":\"626 personas de 13 pa\u00edses enviaron sus postulaciones para la Convocatoria de Becas 2024 - IberCultura Viva\",\"breadcrumb\":{\"@id\":\"https:\/\/iberculturaviva.org\/es\/626-personas-de-13-paises-enviaron-sus-postulaciones-a-la-convocatoria-de-becas-2024\/#breadcrumb\"},\"inLanguage\":\"es\",\"potentialAction\":[{\"@type\":\"ReadAction\",\"target\":[\"https:\/\/iberculturaviva.org\/es\/626-personas-de-13-paises-enviaron-sus-postulaciones-a-la-convocatoria-de-becas-2024\/\"]}]},{\"@type\":\"ImageObject\",\"inLanguage\":\"es\",\"@id\":\"https:\/\/iberculturaviva.org\/es\/626-personas-de-13-paises-enviaron-sus-postulaciones-a-la-convocatoria-de-becas-2024\/#primaryimage\",\"url\":\"https:\/\/iberculturaviva.org\/wp-content\/uploads\/2024\/02\/iStock-93272079-scaled.jpg\",\"contentUrl\":\"https:\/\/iberculturaviva.org\/wp-content\/uploads\/2024\/02\/iStock-93272079-scaled.jpg\",\"width\":2560,\"height\":1704,\"caption\":\"Mexican-American dancers in brightly colored dresses perform a traditional ethnic dance. Motion blur on spinning dresses on left side, focus on dancers arm and dress on right.\"},{\"@type\":\"BreadcrumbList\",\"@id\":\"https:\/\/iberculturaviva.org\/es\/626-personas-de-13-paises-enviaron-sus-postulaciones-a-la-convocatoria-de-becas-2024\/#breadcrumb\",\"itemListElement\":[{\"@type\":\"ListItem\",\"position\":1,\"name\":\"In\u00edcio\",\"item\":\"https:\/\/iberculturaviva.org\/es\/inicio\/\"},{\"@type\":\"ListItem\",\"position\":2,\"name\":\"626 personas de 13 pa\u00edses enviaron sus postulaciones para la Convocatoria de Becas 2024\"}]},{\"@type\":\"WebSite\",\"@id\":\"https:\/\/iberculturaviva.org\/es\/?lang=es\/#website\",\"url\":\"https:\/\/iberculturaviva.org\/es\/?lang=es\/\",\"name\":\"IberCultura Viva\",\"description\":\"Programa de cooperaci\u00f3n cultural\",\"publisher\":{\"@id\":\"https:\/\/iberculturaviva.org\/es\/?lang=es\/#organization\"},\"potentialAction\":[{\"@type\":\"SearchAction\",\"target\":{\"@type\":\"EntryPoint\",\"urlTemplate\":\"https:\/\/iberculturaviva.org\/es\/?lang=es\/?s={search_term_string}\"},\"query-input\":{\"@type\":\"PropertyValueSpecification\",\"valueRequired\":true,\"valueName\":\"search_term_string\"}}],\"inLanguage\":\"es\"},{\"@type\":\"Organization\",\"@id\":\"https:\/\/iberculturaviva.org\/es\/?lang=es\/#organization\",\"name\":\"Iberculturaviva\",\"url\":\"https:\/\/iberculturaviva.org\/es\/?lang=es\/\",\"logo\":{\"@type\":\"ImageObject\",\"inLanguage\":\"es\",\"@id\":\"https:\/\/iberculturaviva.org\/es\/?lang=es\/#\/schema\/logo\/image\/\",\"url\":\"https:\/\/iberculturaviva.org\/wp-content\/uploads\/2021\/08\/logo_ibercultura_viva.jpg\",\"contentUrl\":\"https:\/\/iberculturaviva.org\/wp-content\/uploads\/2021\/08\/logo_ibercultura_viva.jpg\",\"width\":708,\"height\":223,\"caption\":\"Iberculturaviva\"},\"image\":{\"@id\":\"https:\/\/iberculturaviva.org\/es\/?lang=es\/#\/schema\/logo\/image\/\"},\"sameAs\":[\"https:\/\/www.facebook.com\/iberculturaviva\/\",\"https:\/\/www.instagram.com\/iberculturaviva\/\",\"https:\/\/www.youtube.com\/iberculturaviva\"]},{\"@type\":\"Person\",\"@id\":\"https:\/\/iberculturaviva.org\/es\/?lang=es\/#\/schema\/person\/5d1313b072cc25536e0431522f740b59\",\"name\":\"IberCultura\",\"image\":{\"@type\":\"ImageObject\",\"inLanguage\":\"es\",\"@id\":\"https:\/\/iberculturaviva.org\/es\/?lang=es\/#\/schema\/person\/image\/\",\"url\":\"https:\/\/secure.gravatar.com\/avatar\/79f1a057cb125cbefb3765d0356d52fc7f3bba3a35e2cf22bc4de090bb7aef70?s=96&d=mm&r=g\",\"contentUrl\":\"https:\/\/secure.gravatar.com\/avatar\/79f1a057cb125cbefb3765d0356d52fc7f3bba3a35e2cf22bc4de090bb7aef70?s=96&d=mm&r=g\",\"caption\":\"IberCultura\"}}]}<\/script>\n<!-- \/ Yoast SEO plugin. -->","yoast_head_json":{"title":"626 personas de 13 pa\u00edses enviaron sus postulaciones para la Convocatoria de Becas 2024 - IberCultura Viva","description":"626 personas de 13 pa\u00edses enviaron sus postulaciones para la Convocatoria de Becas 2024 - IberCultura Viva","robots":{"index":"index","follow":"follow","max-snippet":"max-snippet:-1","max-image-preview":"max-image-preview:large","max-video-preview":"max-video-preview:-1"},"canonical":"https:\/\/iberculturaviva.org\/es\/626-personas-de-13-paises-enviaron-sus-postulaciones-a-la-convocatoria-de-becas-2024\/","og_locale":"es_ES","og_type":"article","og_title":"626 personas de 13 pa\u00edses enviaron sus postulaciones para la Convocatoria de Becas 2024 - IberCultura Viva","og_description":"626 personas de 13 pa\u00edses enviaron sus postulaciones para la Convocatoria de Becas 2024 - IberCultura Viva","og_url":"https:\/\/iberculturaviva.org\/es\/626-personas-de-13-paises-enviaron-sus-postulaciones-a-la-convocatoria-de-becas-2024\/","og_site_name":"IberCultura Viva","article_publisher":"https:\/\/www.facebook.com\/iberculturaviva\/","article_published_time":"2024-02-16T16:06:46+00:00","article_modified_time":"2024-03-07T19:04:27+00:00","og_image":[{"width":2560,"height":1704,"url":"https:\/\/iberculturaviva.org\/wp-content\/uploads\/2024\/02\/iStock-93272079-scaled.jpg","type":"image\/jpeg"}],"author":"IberCultura","twitter_card":"summary_large_image","twitter_misc":{"Escrito por":"IberCultura","Tiempo de lectura":"2 minutos"},"schema":{"@context":"https:\/\/schema.org","@graph":[{"@type":"Article","@id":"https:\/\/iberculturaviva.org\/es\/626-personas-de-13-paises-enviaron-sus-postulaciones-a-la-convocatoria-de-becas-2024\/#article","isPartOf":{"@id":"https:\/\/iberculturaviva.org\/es\/626-personas-de-13-paises-enviaron-sus-postulaciones-a-la-convocatoria-de-becas-2024\/"},"author":{"name":"IberCultura","@id":"https:\/\/iberculturaviva.org\/es\/?lang=es\/#\/schema\/person\/5d1313b072cc25536e0431522f740b59"},"headline":"626 personas de 13 pa\u00edses enviaron sus postulaciones para la Convocatoria de Becas 2024","datePublished":"2024-02-16T16:06:46+00:00","dateModified":"2024-03-07T19:04:27+00:00","mainEntityOfPage":{"@id":"https:\/\/iberculturaviva.org\/es\/626-personas-de-13-paises-enviaron-sus-postulaciones-a-la-convocatoria-de-becas-2024\/"},"wordCount":433,"publisher":{"@id":"https:\/\/iberculturaviva.org\/es\/?lang=es\/#organization"},"image":{"@id":"https:\/\/iberculturaviva.org\/es\/626-personas-de-13-paises-enviaron-sus-postulaciones-a-la-convocatoria-de-becas-2024\/#primaryimage"},"thumbnailUrl":"https:\/\/iberculturaviva.org\/wp-content\/uploads\/2024\/02\/iStock-93272079-scaled.jpg","keywords":["becas","convocatoria","FLACSO","posgrado"],"articleSection":["Convocatorias","Noticias"],"inLanguage":"es"},{"@type":"WebPage","@id":"https:\/\/iberculturaviva.org\/es\/626-personas-de-13-paises-enviaron-sus-postulaciones-a-la-convocatoria-de-becas-2024\/","url":"https:\/\/iberculturaviva.org\/es\/626-personas-de-13-paises-enviaron-sus-postulaciones-a-la-convocatoria-de-becas-2024\/","name":"626 personas de 13 pa\u00edses enviaron sus postulaciones para la Convocatoria de Becas 2024 - IberCultura Viva","isPartOf":{"@id":"https:\/\/iberculturaviva.org\/es\/?lang=es\/#website"},"primaryImageOfPage":{"@id":"https:\/\/iberculturaviva.org\/es\/626-personas-de-13-paises-enviaron-sus-postulaciones-a-la-convocatoria-de-becas-2024\/#primaryimage"},"image":{"@id":"https:\/\/iberculturaviva.org\/es\/626-personas-de-13-paises-enviaron-sus-postulaciones-a-la-convocatoria-de-becas-2024\/#primaryimage"},"thumbnailUrl":"https:\/\/iberculturaviva.org\/wp-content\/uploads\/2024\/02\/iStock-93272079-scaled.jpg","datePublished":"2024-02-16T16:06:46+00:00","dateModified":"2024-03-07T19:04:27+00:00","description":"626 personas de 13 pa\u00edses enviaron sus postulaciones para la Convocatoria de Becas 2024 - IberCultura Viva","breadcrumb":{"@id":"https:\/\/iberculturaviva.org\/es\/626-personas-de-13-paises-enviaron-sus-postulaciones-a-la-convocatoria-de-becas-2024\/#breadcrumb"},"inLanguage":"es","potentialAction":[{"@type":"ReadAction","target":["https:\/\/iberculturaviva.org\/es\/626-personas-de-13-paises-enviaron-sus-postulaciones-a-la-convocatoria-de-becas-2024\/"]}]},{"@type":"ImageObject","inLanguage":"es","@id":"https:\/\/iberculturaviva.org\/es\/626-personas-de-13-paises-enviaron-sus-postulaciones-a-la-convocatoria-de-becas-2024\/#primaryimage","url":"https:\/\/iberculturaviva.org\/wp-content\/uploads\/2024\/02\/iStock-93272079-scaled.jpg","contentUrl":"https:\/\/iberculturaviva.org\/wp-content\/uploads\/2024\/02\/iStock-93272079-scaled.jpg","width":2560,"height":1704,"caption":"Mexican-American dancers in brightly colored dresses perform a traditional ethnic dance. Motion blur on spinning dresses on left side, focus on dancers arm and dress on right."},{"@type":"BreadcrumbList","@id":"https:\/\/iberculturaviva.org\/es\/626-personas-de-13-paises-enviaron-sus-postulaciones-a-la-convocatoria-de-becas-2024\/#breadcrumb","itemListElement":[{"@type":"ListItem","position":1,"name":"In\u00edcio","item":"https:\/\/iberculturaviva.org\/es\/inicio\/"},{"@type":"ListItem","position":2,"name":"626 personas de 13 pa\u00edses enviaron sus postulaciones para la Convocatoria de Becas 2024"}]},{"@type":"WebSite","@id":"https:\/\/iberculturaviva.org\/es\/?lang=es\/#website","url":"https:\/\/iberculturaviva.org\/es\/?lang=es\/","name":"IberCultura Viva","description":"Programa de cooperaci\u00f3n cultural","publisher":{"@id":"https:\/\/iberculturaviva.org\/es\/?lang=es\/#organization"},"potentialAction":[{"@type":"SearchAction","target":{"@type":"EntryPoint","urlTemplate":"https:\/\/iberculturaviva.org\/es\/?lang=es\/?s={search_term_string}"},"query-input":{"@type":"PropertyValueSpecification","valueRequired":true,"valueName":"search_term_string"}}],"inLanguage":"es"},{"@type":"Organization","@id":"https:\/\/iberculturaviva.org\/es\/?lang=es\/#organization","name":"Iberculturaviva","url":"https:\/\/iberculturaviva.org\/es\/?lang=es\/","logo":{"@type":"ImageObject","inLanguage":"es","@id":"https:\/\/iberculturaviva.org\/es\/?lang=es\/#\/schema\/logo\/image\/","url":"https:\/\/iberculturaviva.org\/wp-content\/uploads\/2021\/08\/logo_ibercultura_viva.jpg","contentUrl":"https:\/\/iberculturaviva.org\/wp-content\/uploads\/2021\/08\/logo_ibercultura_viva.jpg","width":708,"height":223,"caption":"Iberculturaviva"},"image":{"@id":"https:\/\/iberculturaviva.org\/es\/?lang=es\/#\/schema\/logo\/image\/"},"sameAs":["https:\/\/www.facebook.com\/iberculturaviva\/","https:\/\/www.instagram.com\/iberculturaviva\/","https:\/\/www.youtube.com\/iberculturaviva"]},{"@type":"Person","@id":"https:\/\/iberculturaviva.org\/es\/?lang=es\/#\/schema\/person\/5d1313b072cc25536e0431522f740b59","name":"IberCultura","image":{"@type":"ImageObject","inLanguage":"es","@id":"https:\/\/iberculturaviva.org\/es\/?lang=es\/#\/schema\/person\/image\/","url":"https:\/\/secure.gravatar.com\/avatar\/79f1a057cb125cbefb3765d0356d52fc7f3bba3a35e2cf22bc4de090bb7aef70?s=96&d=mm&r=g","contentUrl":"https:\/\/secure.gravatar.com\/avatar\/79f1a057cb125cbefb3765d0356d52fc7f3bba3a35e2cf22bc4de090bb7aef70?s=96&d=mm&r=g","caption":"IberCultura"}}]}},"main_category":{"link":"https:\/\/iberculturaviva.org\/es\/category\/noticias-es\/","name":"Noticias","slug":"noticias-es"},"_links":{"self":[{"href":"https:\/\/iberculturaviva.org\/es\/wp-json\/wp\/v2\/posts\/32305","targetHints":{"allow":["GET"]}}],"collection":[{"href":"https:\/\/iberculturaviva.org\/es\/wp-json\/wp\/v2\/posts"}],"about":[{"href":"https:\/\/iberculturaviva.org\/es\/wp-json\/wp\/v2\/types\/post"}],"author":[{"embeddable":true,"href":"https:\/\/iberculturaviva.org\/es\/wp-json\/wp\/v2\/users\/2"}],"replies":[{"embeddable":true,"href":"https:\/\/iberculturaviva.org\/es\/wp-json\/wp\/v2\/comments?post=32305"}],"version-history":[{"count":2,"href":"https:\/\/iberculturaviva.org\/es\/wp-json\/wp\/v2\/posts\/32305\/revisions"}],"predecessor-version":[{"id":32314,"href":"https:\/\/iberculturaviva.org\/es\/wp-json\/wp\/v2\/posts\/32305\/revisions\/32314"}],"wp:featuredmedia":[{"embeddable":true,"href":"https:\/\/iberculturaviva.org\/es\/wp-json\/wp\/v2\/media\/32306"}],"wp:attachment":[{"href":"https:\/\/iberculturaviva.org\/es\/wp-json\/wp\/v2\/media?parent=32305"}],"wp:term":[{"taxonomy":"category","embeddable":true,"href":"https:\/\/iberculturaviva.org\/es\/wp-json\/wp\/v2\/categories?post=32305"},{"taxonomy":"post_tag","embeddable":true,"href":"https:\/\/iberculturaviva.org\/es\/wp-json\/wp\/v2\/tags?post=32305"},{"taxonomy":"country-municipality","embeddable":true,"href":"https:\/\/iberculturaviva.org\/es\/wp-json\/wp\/v2\/country-municipality?post=32305"}],"curies":[{"name":"wp","href":"https:\/\/api.w.org\/{rel}","templated":true}]}}