{"id":32280,"date":"2024-02-08T21:38:22","date_gmt":"2024-02-09T00:38:22","guid":{"rendered":"https:\/\/iberculturaviva.org\/?p=32280"},"modified":"2024-02-09T20:42:46","modified_gmt":"2024-02-09T23:42:46","slug":"ministerio-de-cultura-de-brasil-publica-resultado-del-premio-puntos-de-lectura-2023","status":"publish","type":"post","link":"https:\/\/iberculturaviva.org\/es\/ministerio-de-cultura-de-brasil-publica-resultado-del-premio-puntos-de-lectura-2023\/","title":{"rendered":"Ministerio de Cultura de Brasil publica resultado del Premio Puntos de Lectura 2023"},"content":{"rendered":"<p style=\"text-align: justify;\">\n<p style=\"text-align: justify;\"><span style=\"font-weight: 400;\"><a href=\"https:\/\/iberculturaviva.org\/wp-content\/uploads\/2024\/02\/Captura-de-tela-2024-02-09-204141.png\"><img loading=\"lazy\" decoding=\"async\" class=\" wp-image-32281 alignright\" src=\"https:\/\/iberculturaviva.org\/wp-content\/uploads\/2024\/02\/Captura-de-tela-2024-02-09-204141.png\" alt=\"\" width=\"260\" height=\"261\" srcset=\"https:\/\/iberculturaviva.org\/wp-content\/uploads\/2024\/02\/Captura-de-tela-2024-02-09-204141.png 592w, https:\/\/iberculturaviva.org\/wp-content\/uploads\/2024\/02\/Captura-de-tela-2024-02-09-204141-150x150.png 150w, https:\/\/iberculturaviva.org\/wp-content\/uploads\/2024\/02\/Captura-de-tela-2024-02-09-204141-50x50.png 50w, https:\/\/iberculturaviva.org\/wp-content\/uploads\/2024\/02\/Captura-de-tela-2024-02-09-204141-125x125.png 125w, https:\/\/iberculturaviva.org\/wp-content\/uploads\/2024\/02\/Captura-de-tela-2024-02-09-204141-56x56.png 56w, https:\/\/iberculturaviva.org\/wp-content\/uploads\/2024\/02\/Captura-de-tela-2024-02-09-204141-250x250.png 250w, https:\/\/iberculturaviva.org\/wp-content\/uploads\/2024\/02\/Captura-de-tela-2024-02-09-204141-40x40.png 40w\" sizes=\"auto, (max-width: 260px) 100vw, 260px\" \/><\/a>El Ministerio de Cultura (MinC) de Brasil dio a conocer este jueves 8 de febrero el resultado final del Premio Puntos de Lectura 2023. De un total de 810 concursantes, fueron premiadas 300 bibliotecas comunitarias de todo el pa\u00eds. Cada una de ellas recibir\u00e1 30 mil reales (cerca de 6 mil d\u00f3lares).<\/span><\/p>\n<p style=\"text-align: justify;\"><span style=\"font-weight: 400;\">Los proyectos seleccionados muestran la diversidad de Brasil. Entre los proyectos premiados se encuentran bibliotecas comunitarias ubicadas en aldeas ind\u00edgenas, territorios quilombolas, zonas de asentamientos rurales y periferias urbanas. Tambi\u00e9n se seleccionaron bibliotecas comunitarias que trabajan para fortalecer tem\u00e1ticas espec\u00edficas, como literatura cordel, literatura ind\u00edgena, historietas, autor\u00eda negra y LGBTQIA+.<\/span><\/p>\n<p style=\"text-align: justify;\"><span style=\"font-weight: 400;\">Para el director de Libros, Lectura, Literatura y Bibliotecas del MinC, J\u00e9ferson Assum\u00e7\u00e3o, la intenci\u00f3n del premio es resaltar las actividades de las bibliotecas comunitarias y reconocer la importancia de espacios vivos promotores de la lectura, en todas las regiones y estados brasile\u00f1os. \u201cEl resultado de la convocatoria nos muestra esta riqueza, en una amplia diversidad de territorios, poblaciones y formas de realizar esta activaci\u00f3n cultural en torno al libro y la lectura. Estas bibliotecas est\u00e1n insertadas en comunidades donde hist\u00f3ricamente el Estado ha tenido menos actuaci\u00f3n\u201d, afirma el director.<\/span><\/p>\n<p style=\"text-align: justify;\"><span style=\"font-weight: 400;\">Entre las 300 bibliotecas comunitarias ganadoras, hay 26 de la Regi\u00f3n Centro-Oeste; 156 en el Noreste; 45 en el Norte; 61 en el Sudeste y 12 en el Sur de Brasil. Promovido por la Direcci\u00f3n del Libro, Lectura, Literatura y Bibliotecas (DLLLB), de la Secretar\u00eda de Formaci\u00f3n, Libro y Lectura (Sefli), la convocatoria suma 9 millones de reales (alrededor de 1,8 millones de d\u00f3lares). Ya est\u00e1 prevista la liberaci\u00f3n presupuestaria para adjudicar diez bibliotecas comunitarias m\u00e1s, que ser\u00e1n convocadas seg\u00fan la lista de clasificaci\u00f3n.<\/span><\/p>\n<h5 style=\"text-align: justify;\"><strong><i>Selecci\u00f3n por estado: Acre (5), Alagoas (2), Amap\u00e1 (4), Amazonas (8), Bah\u00eda (50), Cear\u00e1 (54), Distrito Federal (13),Esp\u00edritu Santo (1), Goi\u00e1s (5), Maranh\u00e3o (10), Mato Grosso (6), Mato Grosso do Sul (2), Minas Gerais (21), Par\u00e1 (21), Para\u00edba (7), Paran\u00e1 (2), Pernambuco (12), Piau\u00ed (4), R\u00edo de Janeiro (22), Rio Grande do Norte (15), Rio Grande do Sul (9), Rond\u00f4nia (1), Roraima (2), Santa Catarina (1), S\u00e3o Paulo (17), Sergipe (2), Tocantins (4).<\/i><\/strong><\/h5>\n","protected":false},"excerpt":{"rendered":"<p>El Ministerio de Cultura (MinC) de Brasil dio a conocer este jueves 8 de febrero el resultado final del Premio Puntos de Lectura 2023. De un total de 810 concursantes, [&hellip;]<\/p>\n","protected":false},"author":2,"featured_media":0,"comment_status":"closed","ping_status":"closed","sticky":false,"template":"","format":"standard","meta":{"_coblocks_attr":"","_coblocks_dimensions":"","_coblocks_responsive_height":"","_coblocks_accordion_ie_support":"","_EventAllDay":false,"_EventTimezone":"","_EventStartDate":"","_EventEndDate":"","_EventStartDateUTC":"","_EventEndDateUTC":"","_EventShowMap":false,"_EventShowMapLink":false,"_EventURL":"","_EventCost":"","_EventCostDescription":"","_EventCurrencySymbol":"","_EventCurrencyCode":"","_EventCurrencyPosition":"","_EventDateTimeSeparator":"","_EventTimeRangeSeparator":"","_EventOrganizerID":[],"_EventVenueID":[],"_OrganizerEmail":"","_OrganizerPhone":"","_OrganizerWebsite":"","_VenueAddress":"","_VenueCity":"","_VenueCountry":"","_VenueProvince":"","_VenueState":"","_VenueZip":"","_VenuePhone":"","_VenueURL":"","_VenueStateProvince":"","_VenueLat":"","_VenueLng":"","_VenueShowMap":false,"_VenueShowMapLink":false,"footnotes":""},"categories":[619,262],"tags":[],"country-municipality":[679],"class_list":["post-32280","post","type-post","status-publish","format-standard","hentry","category-bibliotecas-comunitarias-es","category-noticias-es","country-municipality-brasil"],"yoast_head":"<!-- This site is optimized with the Yoast SEO plugin v25.7 - https:\/\/yoast.com\/wordpress\/plugins\/seo\/ -->\n<title>Ministerio de Cultura de Brasil publica resultado del Premio Puntos de Lectura 2023 - IberCultura Viva<\/title>\n<meta name=\"description\" content=\"Ministerio de Cultura de Brasil publica resultado del Premio Puntos de Lectura 2023 - IberCultura Viva\" \/>\n<meta name=\"robots\" content=\"index, follow, max-snippet:-1, max-image-preview:large, max-video-preview:-1\" \/>\n<link rel=\"canonical\" href=\"https:\/\/iberculturaviva.org\/es\/ministerio-de-cultura-de-brasil-publica-resultado-del-premio-puntos-de-lectura-2023\/\" \/>\n<meta property=\"og:locale\" content=\"es_ES\" \/>\n<meta property=\"og:type\" content=\"article\" \/>\n<meta property=\"og:title\" content=\"Ministerio de Cultura de Brasil publica resultado del Premio Puntos de Lectura 2023 - IberCultura Viva\" \/>\n<meta property=\"og:description\" content=\"Ministerio de Cultura de Brasil publica resultado del Premio Puntos de Lectura 2023 - IberCultura Viva\" \/>\n<meta property=\"og:url\" content=\"https:\/\/iberculturaviva.org\/es\/ministerio-de-cultura-de-brasil-publica-resultado-del-premio-puntos-de-lectura-2023\/\" \/>\n<meta property=\"og:site_name\" content=\"IberCultura Viva\" \/>\n<meta property=\"article:publisher\" content=\"https:\/\/www.facebook.com\/iberculturaviva\/\" \/>\n<meta property=\"article:published_time\" content=\"2024-02-09T00:38:22+00:00\" \/>\n<meta property=\"article:modified_time\" content=\"2024-02-09T23:42:46+00:00\" \/>\n<meta property=\"og:image\" content=\"https:\/\/iberculturaviva.org\/wp-content\/uploads\/2024\/02\/Captura-de-tela-2024-02-09-204141.png\" \/>\n<meta name=\"author\" content=\"IberCultura\" \/>\n<meta name=\"twitter:card\" content=\"summary_large_image\" \/>\n<meta name=\"twitter:label1\" content=\"Escrito por\" \/>\n\t<meta name=\"twitter:data1\" content=\"IberCultura\" \/>\n\t<meta name=\"twitter:label2\" content=\"Tiempo de lectura\" \/>\n\t<meta name=\"twitter:data2\" content=\"2 minutos\" \/>\n<script type=\"application\/ld+json\" class=\"yoast-schema-graph\">{\"@context\":\"https:\/\/schema.org\",\"@graph\":[{\"@type\":\"Article\",\"@id\":\"https:\/\/iberculturaviva.org\/es\/ministerio-de-cultura-de-brasil-publica-resultado-del-premio-puntos-de-lectura-2023\/#article\",\"isPartOf\":{\"@id\":\"https:\/\/iberculturaviva.org\/es\/ministerio-de-cultura-de-brasil-publica-resultado-del-premio-puntos-de-lectura-2023\/\"},\"author\":{\"name\":\"IberCultura\",\"@id\":\"https:\/\/iberculturaviva.org\/es\/?lang=es\/#\/schema\/person\/5d1313b072cc25536e0431522f740b59\"},\"headline\":\"Ministerio de Cultura de Brasil publica resultado del Premio Puntos de Lectura 2023\",\"datePublished\":\"2024-02-09T00:38:22+00:00\",\"dateModified\":\"2024-02-09T23:42:46+00:00\",\"mainEntityOfPage\":{\"@id\":\"https:\/\/iberculturaviva.org\/es\/ministerio-de-cultura-de-brasil-publica-resultado-del-premio-puntos-de-lectura-2023\/\"},\"wordCount\":356,\"publisher\":{\"@id\":\"https:\/\/iberculturaviva.org\/es\/?lang=es\/#organization\"},\"image\":{\"@id\":\"https:\/\/iberculturaviva.org\/es\/ministerio-de-cultura-de-brasil-publica-resultado-del-premio-puntos-de-lectura-2023\/#primaryimage\"},\"thumbnailUrl\":\"https:\/\/iberculturaviva.org\/wp-content\/uploads\/2024\/02\/Captura-de-tela-2024-02-09-204141.png\",\"articleSection\":[\"Bibliotecas comunitarias\",\"Noticias\"],\"inLanguage\":\"es\"},{\"@type\":\"WebPage\",\"@id\":\"https:\/\/iberculturaviva.org\/es\/ministerio-de-cultura-de-brasil-publica-resultado-del-premio-puntos-de-lectura-2023\/\",\"url\":\"https:\/\/iberculturaviva.org\/es\/ministerio-de-cultura-de-brasil-publica-resultado-del-premio-puntos-de-lectura-2023\/\",\"name\":\"Ministerio de Cultura de Brasil publica resultado del Premio Puntos de Lectura 2023 - IberCultura Viva\",\"isPartOf\":{\"@id\":\"https:\/\/iberculturaviva.org\/es\/?lang=es\/#website\"},\"primaryImageOfPage\":{\"@id\":\"https:\/\/iberculturaviva.org\/es\/ministerio-de-cultura-de-brasil-publica-resultado-del-premio-puntos-de-lectura-2023\/#primaryimage\"},\"image\":{\"@id\":\"https:\/\/iberculturaviva.org\/es\/ministerio-de-cultura-de-brasil-publica-resultado-del-premio-puntos-de-lectura-2023\/#primaryimage\"},\"thumbnailUrl\":\"https:\/\/iberculturaviva.org\/wp-content\/uploads\/2024\/02\/Captura-de-tela-2024-02-09-204141.png\",\"datePublished\":\"2024-02-09T00:38:22+00:00\",\"dateModified\":\"2024-02-09T23:42:46+00:00\",\"description\":\"Ministerio de Cultura de Brasil publica resultado del Premio Puntos de Lectura 2023 - IberCultura Viva\",\"breadcrumb\":{\"@id\":\"https:\/\/iberculturaviva.org\/es\/ministerio-de-cultura-de-brasil-publica-resultado-del-premio-puntos-de-lectura-2023\/#breadcrumb\"},\"inLanguage\":\"es\",\"potentialAction\":[{\"@type\":\"ReadAction\",\"target\":[\"https:\/\/iberculturaviva.org\/es\/ministerio-de-cultura-de-brasil-publica-resultado-del-premio-puntos-de-lectura-2023\/\"]}]},{\"@type\":\"ImageObject\",\"inLanguage\":\"es\",\"@id\":\"https:\/\/iberculturaviva.org\/es\/ministerio-de-cultura-de-brasil-publica-resultado-del-premio-puntos-de-lectura-2023\/#primaryimage\",\"url\":\"https:\/\/iberculturaviva.org\/wp-content\/uploads\/2024\/02\/Captura-de-tela-2024-02-09-204141.png\",\"contentUrl\":\"https:\/\/iberculturaviva.org\/wp-content\/uploads\/2024\/02\/Captura-de-tela-2024-02-09-204141.png\"},{\"@type\":\"BreadcrumbList\",\"@id\":\"https:\/\/iberculturaviva.org\/es\/ministerio-de-cultura-de-brasil-publica-resultado-del-premio-puntos-de-lectura-2023\/#breadcrumb\",\"itemListElement\":[{\"@type\":\"ListItem\",\"position\":1,\"name\":\"In\u00edcio\",\"item\":\"https:\/\/iberculturaviva.org\/es\/inicio\/\"},{\"@type\":\"ListItem\",\"position\":2,\"name\":\"Ministerio de Cultura de Brasil publica resultado del Premio Puntos de Lectura 2023\"}]},{\"@type\":\"WebSite\",\"@id\":\"https:\/\/iberculturaviva.org\/es\/?lang=es\/#website\",\"url\":\"https:\/\/iberculturaviva.org\/es\/?lang=es\/\",\"name\":\"IberCultura Viva\",\"description\":\"Programa de cooperaci\u00f3n cultural\",\"publisher\":{\"@id\":\"https:\/\/iberculturaviva.org\/es\/?lang=es\/#organization\"},\"potentialAction\":[{\"@type\":\"SearchAction\",\"target\":{\"@type\":\"EntryPoint\",\"urlTemplate\":\"https:\/\/iberculturaviva.org\/es\/?lang=es\/?s={search_term_string}\"},\"query-input\":{\"@type\":\"PropertyValueSpecification\",\"valueRequired\":true,\"valueName\":\"search_term_string\"}}],\"inLanguage\":\"es\"},{\"@type\":\"Organization\",\"@id\":\"https:\/\/iberculturaviva.org\/es\/?lang=es\/#organization\",\"name\":\"Iberculturaviva\",\"url\":\"https:\/\/iberculturaviva.org\/es\/?lang=es\/\",\"logo\":{\"@type\":\"ImageObject\",\"inLanguage\":\"es\",\"@id\":\"https:\/\/iberculturaviva.org\/es\/?lang=es\/#\/schema\/logo\/image\/\",\"url\":\"https:\/\/iberculturaviva.org\/wp-content\/uploads\/2021\/08\/logo_ibercultura_viva.jpg\",\"contentUrl\":\"https:\/\/iberculturaviva.org\/wp-content\/uploads\/2021\/08\/logo_ibercultura_viva.jpg\",\"width\":708,\"height\":223,\"caption\":\"Iberculturaviva\"},\"image\":{\"@id\":\"https:\/\/iberculturaviva.org\/es\/?lang=es\/#\/schema\/logo\/image\/\"},\"sameAs\":[\"https:\/\/www.facebook.com\/iberculturaviva\/\",\"https:\/\/www.instagram.com\/iberculturaviva\/\",\"https:\/\/www.youtube.com\/iberculturaviva\"]},{\"@type\":\"Person\",\"@id\":\"https:\/\/iberculturaviva.org\/es\/?lang=es\/#\/schema\/person\/5d1313b072cc25536e0431522f740b59\",\"name\":\"IberCultura\",\"image\":{\"@type\":\"ImageObject\",\"inLanguage\":\"es\",\"@id\":\"https:\/\/iberculturaviva.org\/es\/?lang=es\/#\/schema\/person\/image\/\",\"url\":\"https:\/\/secure.gravatar.com\/avatar\/79f1a057cb125cbefb3765d0356d52fc7f3bba3a35e2cf22bc4de090bb7aef70?s=96&d=mm&r=g\",\"contentUrl\":\"https:\/\/secure.gravatar.com\/avatar\/79f1a057cb125cbefb3765d0356d52fc7f3bba3a35e2cf22bc4de090bb7aef70?s=96&d=mm&r=g\",\"caption\":\"IberCultura\"}}]}<\/script>\n<!-- \/ Yoast SEO plugin. -->","yoast_head_json":{"title":"Ministerio de Cultura de Brasil publica resultado del Premio Puntos de Lectura 2023 - IberCultura Viva","description":"Ministerio de Cultura de Brasil publica resultado del Premio Puntos de Lectura 2023 - IberCultura Viva","robots":{"index":"index","follow":"follow","max-snippet":"max-snippet:-1","max-image-preview":"max-image-preview:large","max-video-preview":"max-video-preview:-1"},"canonical":"https:\/\/iberculturaviva.org\/es\/ministerio-de-cultura-de-brasil-publica-resultado-del-premio-puntos-de-lectura-2023\/","og_locale":"es_ES","og_type":"article","og_title":"Ministerio de Cultura de Brasil publica resultado del Premio Puntos de Lectura 2023 - IberCultura Viva","og_description":"Ministerio de Cultura de Brasil publica resultado del Premio Puntos de Lectura 2023 - IberCultura Viva","og_url":"https:\/\/iberculturaviva.org\/es\/ministerio-de-cultura-de-brasil-publica-resultado-del-premio-puntos-de-lectura-2023\/","og_site_name":"IberCultura Viva","article_publisher":"https:\/\/www.facebook.com\/iberculturaviva\/","article_published_time":"2024-02-09T00:38:22+00:00","article_modified_time":"2024-02-09T23:42:46+00:00","og_image":[{"url":"https:\/\/iberculturaviva.org\/wp-content\/uploads\/2024\/02\/Captura-de-tela-2024-02-09-204141.png","type":"","width":"","height":""}],"author":"IberCultura","twitter_card":"summary_large_image","twitter_misc":{"Escrito por":"IberCultura","Tiempo de lectura":"2 minutos"},"schema":{"@context":"https:\/\/schema.org","@graph":[{"@type":"Article","@id":"https:\/\/iberculturaviva.org\/es\/ministerio-de-cultura-de-brasil-publica-resultado-del-premio-puntos-de-lectura-2023\/#article","isPartOf":{"@id":"https:\/\/iberculturaviva.org\/es\/ministerio-de-cultura-de-brasil-publica-resultado-del-premio-puntos-de-lectura-2023\/"},"author":{"name":"IberCultura","@id":"https:\/\/iberculturaviva.org\/es\/?lang=es\/#\/schema\/person\/5d1313b072cc25536e0431522f740b59"},"headline":"Ministerio de Cultura de Brasil publica resultado del Premio Puntos de Lectura 2023","datePublished":"2024-02-09T00:38:22+00:00","dateModified":"2024-02-09T23:42:46+00:00","mainEntityOfPage":{"@id":"https:\/\/iberculturaviva.org\/es\/ministerio-de-cultura-de-brasil-publica-resultado-del-premio-puntos-de-lectura-2023\/"},"wordCount":356,"publisher":{"@id":"https:\/\/iberculturaviva.org\/es\/?lang=es\/#organization"},"image":{"@id":"https:\/\/iberculturaviva.org\/es\/ministerio-de-cultura-de-brasil-publica-resultado-del-premio-puntos-de-lectura-2023\/#primaryimage"},"thumbnailUrl":"https:\/\/iberculturaviva.org\/wp-content\/uploads\/2024\/02\/Captura-de-tela-2024-02-09-204141.png","articleSection":["Bibliotecas comunitarias","Noticias"],"inLanguage":"es"},{"@type":"WebPage","@id":"https:\/\/iberculturaviva.org\/es\/ministerio-de-cultura-de-brasil-publica-resultado-del-premio-puntos-de-lectura-2023\/","url":"https:\/\/iberculturaviva.org\/es\/ministerio-de-cultura-de-brasil-publica-resultado-del-premio-puntos-de-lectura-2023\/","name":"Ministerio de Cultura de Brasil publica resultado del Premio Puntos de Lectura 2023 - IberCultura Viva","isPartOf":{"@id":"https:\/\/iberculturaviva.org\/es\/?lang=es\/#website"},"primaryImageOfPage":{"@id":"https:\/\/iberculturaviva.org\/es\/ministerio-de-cultura-de-brasil-publica-resultado-del-premio-puntos-de-lectura-2023\/#primaryimage"},"image":{"@id":"https:\/\/iberculturaviva.org\/es\/ministerio-de-cultura-de-brasil-publica-resultado-del-premio-puntos-de-lectura-2023\/#primaryimage"},"thumbnailUrl":"https:\/\/iberculturaviva.org\/wp-content\/uploads\/2024\/02\/Captura-de-tela-2024-02-09-204141.png","datePublished":"2024-02-09T00:38:22+00:00","dateModified":"2024-02-09T23:42:46+00:00","description":"Ministerio de Cultura de Brasil publica resultado del Premio Puntos de Lectura 2023 - IberCultura Viva","breadcrumb":{"@id":"https:\/\/iberculturaviva.org\/es\/ministerio-de-cultura-de-brasil-publica-resultado-del-premio-puntos-de-lectura-2023\/#breadcrumb"},"inLanguage":"es","potentialAction":[{"@type":"ReadAction","target":["https:\/\/iberculturaviva.org\/es\/ministerio-de-cultura-de-brasil-publica-resultado-del-premio-puntos-de-lectura-2023\/"]}]},{"@type":"ImageObject","inLanguage":"es","@id":"https:\/\/iberculturaviva.org\/es\/ministerio-de-cultura-de-brasil-publica-resultado-del-premio-puntos-de-lectura-2023\/#primaryimage","url":"https:\/\/iberculturaviva.org\/wp-content\/uploads\/2024\/02\/Captura-de-tela-2024-02-09-204141.png","contentUrl":"https:\/\/iberculturaviva.org\/wp-content\/uploads\/2024\/02\/Captura-de-tela-2024-02-09-204141.png"},{"@type":"BreadcrumbList","@id":"https:\/\/iberculturaviva.org\/es\/ministerio-de-cultura-de-brasil-publica-resultado-del-premio-puntos-de-lectura-2023\/#breadcrumb","itemListElement":[{"@type":"ListItem","position":1,"name":"In\u00edcio","item":"https:\/\/iberculturaviva.org\/es\/inicio\/"},{"@type":"ListItem","position":2,"name":"Ministerio de Cultura de Brasil publica resultado del Premio Puntos de Lectura 2023"}]},{"@type":"WebSite","@id":"https:\/\/iberculturaviva.org\/es\/?lang=es\/#website","url":"https:\/\/iberculturaviva.org\/es\/?lang=es\/","name":"IberCultura Viva","description":"Programa de cooperaci\u00f3n cultural","publisher":{"@id":"https:\/\/iberculturaviva.org\/es\/?lang=es\/#organization"},"potentialAction":[{"@type":"SearchAction","target":{"@type":"EntryPoint","urlTemplate":"https:\/\/iberculturaviva.org\/es\/?lang=es\/?s={search_term_string}"},"query-input":{"@type":"PropertyValueSpecification","valueRequired":true,"valueName":"search_term_string"}}],"inLanguage":"es"},{"@type":"Organization","@id":"https:\/\/iberculturaviva.org\/es\/?lang=es\/#organization","name":"Iberculturaviva","url":"https:\/\/iberculturaviva.org\/es\/?lang=es\/","logo":{"@type":"ImageObject","inLanguage":"es","@id":"https:\/\/iberculturaviva.org\/es\/?lang=es\/#\/schema\/logo\/image\/","url":"https:\/\/iberculturaviva.org\/wp-content\/uploads\/2021\/08\/logo_ibercultura_viva.jpg","contentUrl":"https:\/\/iberculturaviva.org\/wp-content\/uploads\/2021\/08\/logo_ibercultura_viva.jpg","width":708,"height":223,"caption":"Iberculturaviva"},"image":{"@id":"https:\/\/iberculturaviva.org\/es\/?lang=es\/#\/schema\/logo\/image\/"},"sameAs":["https:\/\/www.facebook.com\/iberculturaviva\/","https:\/\/www.instagram.com\/iberculturaviva\/","https:\/\/www.youtube.com\/iberculturaviva"]},{"@type":"Person","@id":"https:\/\/iberculturaviva.org\/es\/?lang=es\/#\/schema\/person\/5d1313b072cc25536e0431522f740b59","name":"IberCultura","image":{"@type":"ImageObject","inLanguage":"es","@id":"https:\/\/iberculturaviva.org\/es\/?lang=es\/#\/schema\/person\/image\/","url":"https:\/\/secure.gravatar.com\/avatar\/79f1a057cb125cbefb3765d0356d52fc7f3bba3a35e2cf22bc4de090bb7aef70?s=96&d=mm&r=g","contentUrl":"https:\/\/secure.gravatar.com\/avatar\/79f1a057cb125cbefb3765d0356d52fc7f3bba3a35e2cf22bc4de090bb7aef70?s=96&d=mm&r=g","caption":"IberCultura"}}]}},"main_category":{"link":"https:\/\/iberculturaviva.org\/es\/category\/noticias-es\/","name":"Noticias","slug":"noticias-es"},"_links":{"self":[{"href":"https:\/\/iberculturaviva.org\/es\/wp-json\/wp\/v2\/posts\/32280","targetHints":{"allow":["GET"]}}],"collection":[{"href":"https:\/\/iberculturaviva.org\/es\/wp-json\/wp\/v2\/posts"}],"about":[{"href":"https:\/\/iberculturaviva.org\/es\/wp-json\/wp\/v2\/types\/post"}],"author":[{"embeddable":true,"href":"https:\/\/iberculturaviva.org\/es\/wp-json\/wp\/v2\/users\/2"}],"replies":[{"embeddable":true,"href":"https:\/\/iberculturaviva.org\/es\/wp-json\/wp\/v2\/comments?post=32280"}],"version-history":[{"count":1,"href":"https:\/\/iberculturaviva.org\/es\/wp-json\/wp\/v2\/posts\/32280\/revisions"}],"predecessor-version":[{"id":32283,"href":"https:\/\/iberculturaviva.org\/es\/wp-json\/wp\/v2\/posts\/32280\/revisions\/32283"}],"wp:attachment":[{"href":"https:\/\/iberculturaviva.org\/es\/wp-json\/wp\/v2\/media?parent=32280"}],"wp:term":[{"taxonomy":"category","embeddable":true,"href":"https:\/\/iberculturaviva.org\/es\/wp-json\/wp\/v2\/categories?post=32280"},{"taxonomy":"post_tag","embeddable":true,"href":"https:\/\/iberculturaviva.org\/es\/wp-json\/wp\/v2\/tags?post=32280"},{"taxonomy":"country-municipality","embeddable":true,"href":"https:\/\/iberculturaviva.org\/es\/wp-json\/wp\/v2\/country-municipality?post=32280"}],"curies":[{"name":"wp","href":"https:\/\/api.w.org\/{rel}","templated":true}]}}