{"id":31204,"date":"2023-09-01T21:22:00","date_gmt":"2023-09-02T00:22:00","guid":{"rendered":"https:\/\/iberculturaviva.org\/?p=31204"},"modified":"2023-09-29T15:14:40","modified_gmt":"2023-09-29T18:14:40","slug":"un-nuevo-tiempo-ministerio-de-cultura-de-brasil-reactiva-la-politica-nacional-de-cultura-viva-con-el-lanzamiento-de-dos-convocatorias","status":"publish","type":"post","link":"https:\/\/iberculturaviva.org\/es\/un-nuevo-tiempo-ministerio-de-cultura-de-brasil-reactiva-la-politica-nacional-de-cultura-viva-con-el-lanzamiento-de-dos-convocatorias\/","title":{"rendered":"Un nuevo tiempo: Ministerio de Cultura de Brasil reactiva la Pol\u00edtica Nacional de Cultura Viva con el lanzamiento de dos convocatorias"},"content":{"rendered":"<h4><b>(Fotos: Filipe Ara\u00fajo\/MinC)<\/b><\/h4>\n<p>.<\/p>\n<p style=\"text-align: justify;\"><span style=\"font-weight: 400;\">Fue en forma de verso, recordando que \u201cBrasil volvi\u00f3\u201d, que el poeta pernambucano Ant\u00f4nio Marinho inici\u00f3 la ceremonia de lanzamiento de dos convocatorias de Cultura Viva, en la ma\u00f1ana del viernes 1\u00ba de septiembre, en la Concha Ac\u00fastica Paulo Freire, en Recife (Pernambuco). Juntas, la Convocatoria Cultura Viva &#8211; Fomento a los <\/span><em><span style=\"font-weight: 400;\">Pontones<\/span><\/em><i><span style=\"font-weight: 400;\">*<\/span><\/i><span style=\"font-weight: 400;\"> de Cultura y la Premiaci\u00f3n Cultura Viva &#8211; S\u00e9rgio Mamberti <\/span><span style=\"font-weight: 400;\">suman 61 millones de reales (cerca de 12 millones de d\u00f3lares). <\/span><span style=\"font-weight: 400;\">Se trata de la mayor inversi\u00f3n ya realizada por la Secretar\u00eda de Ciudadan\u00eda y Diversidad Cultural del Ministerio de Cultura (SCDC\/MinC) de Brasil.<\/span><\/p>\n<div id=\"attachment_31170\" style=\"width: 310px\" class=\"wp-caption alignright\"><a href=\"https:\/\/iberculturaviva.org\/wp-content\/uploads\/2023\/09\/373720583_681739180656679_6873494647744338407_n.jpg\"><img loading=\"lazy\" decoding=\"async\" aria-describedby=\"caption-attachment-31170\" class=\"wp-image-31170 size-medium\" src=\"https:\/\/iberculturaviva.org\/wp-content\/uploads\/2023\/09\/373720583_681739180656679_6873494647744338407_n-460x310.jpg\" alt=\"\" width=\"300\" height=\"202\" \/><\/a><p id=\"caption-attachment-31170\" class=\"wp-caption-text\">Margareth Menezes<\/p><\/div>\n<p style=\"text-align: justify;\"><span style=\"font-weight: 400;\">\u201cEn sus 19 a\u00f1os de existencia, la Pol\u00edtica Nacional de Cultura Viva ha sido una de las principales expresiones de ruptura y avance institucional en el campo de las pol\u00edticas culturales en Brasil, y tambi\u00e9n con representaci\u00f3n en otros pa\u00edses. Es una<\/span><span style=\"font-weight: 400;\"> iniciativa que busca valorar y fortalecer la diversidad cultural, reconociendo el papel fundamental de todas aquellas personas que dedican su vida a la creaci\u00f3n de expresiones art\u00edsticas y la memoria de la cultura\u201d, destac\u00f3 la ministra de Cultura, Margareth Menezes, durante el lanzamiento.<\/span><\/p>\n<p style=\"text-align: justify;\"><span style=\"font-weight: 400;\">El acto dur\u00f3 tres horas y cont\u00f3 con la presencia del ministro de Derechos Humanos y Ciudadan\u00eda, Silvio Almeida; la secretaria de Ciudadan\u00eda y Diversidad Cultural del MinC, M\u00e1rcia Rollemberg; el alcalde de Recife, Jo\u00e3o Campos; <\/span><span style=\"font-weight: 400;\">el secretario municipal de Cultura, Ricardo Mello; la secretaria de Cultura del estado de Pernambuco, Cacau de Paula; <\/span><span style=\"font-weight: 400;\">el rector de la Universidad Federal de Pernambuco (UFPE), Alfredo Macedo Gomes; la presidenta de la Fundaci\u00f3n Nacional de los Pueblos Ind\u00edgenas (Funai), Joenia Wapichana, entre otras autoridades.<\/span><\/p>\n<p style=\"text-align: justify;\"><span style=\"font-weight: 400;\">M\u00e1s de mil personas participaron en el lanzamiento, muchas de ellas representantes de movimientos sociales y culturales, trabajadores\/as y hacedores\/as de cultura. En el escenario, Lydia L\u00facia Nunes represent\u00f3 a la Comisi\u00f3n Nacional de Puntos de Cultura; M\u00e3e Beth de Oxum habl\u00f3 en nombre de la Red Nacional de Puntos de Cultura; Joana Corr\u00eaa, por la Red Nacional de Culturas Populares y Tradicionales.<\/span><\/p>\n<p><a href=\"https:\/\/iberculturaviva.org\/wp-content\/uploads\/2023\/09\/copy_of__CC_1615-scaled.jpg\"><img loading=\"lazy\" decoding=\"async\" class=\"aligncenter size-large wp-image-31168\" src=\"https:\/\/iberculturaviva.org\/wp-content\/uploads\/2023\/09\/copy_of__CC_1615-960x640.jpg\" alt=\"\" width=\"640\" height=\"427\" srcset=\"https:\/\/iberculturaviva.org\/wp-content\/uploads\/2023\/09\/copy_of__CC_1615-960x640.jpg 960w, https:\/\/iberculturaviva.org\/wp-content\/uploads\/2023\/09\/copy_of__CC_1615-768x512.jpg 768w, https:\/\/iberculturaviva.org\/wp-content\/uploads\/2023\/09\/copy_of__CC_1615-1536x1024.jpg 1536w, https:\/\/iberculturaviva.org\/wp-content\/uploads\/2023\/09\/copy_of__CC_1615-2048x1365.jpg 2048w, https:\/\/iberculturaviva.org\/wp-content\/uploads\/2023\/09\/copy_of__CC_1615-125x83.jpg 125w, https:\/\/iberculturaviva.org\/wp-content\/uploads\/2023\/09\/copy_of__CC_1615-640x427.jpg 640w\" sizes=\"auto, (max-width: 640px) 100vw, 640px\" \/><\/a><\/p>\n<p style=\"text-align: justify;\">.<\/p>\n<h4 style=\"text-align: justify;\"><b>Innovaci\u00f3n y tradici\u00f3n<\/b><\/h4>\n<p style=\"text-align: justify;\"><span style=\"font-weight: 400;\">El evento estuvo intercalado con presentaciones art\u00edsticas de grupos locales, como el desfile de Afox\u00e9 Omo In\u00e3, Maracatu Almirante do Forte, Escola Pernambucana de Circo, grupo de frevo Guerreiros do Passo, Orquestra S\u00f3 Mulheres, Lucas &amp; Concei\u00e7\u00e3o dos Prazeres y el tr\u00edo formado por Aglaia Costa (<\/span><i><span style=\"font-weight: 400;\">rabeca<\/span><\/i><span style=\"font-weight: 400;\">\/viol\u00edn), Val Janie (violonchelo) y la cantante Gabi do Carmo. Al final, la ministra cant\u00f3<\/span><em><span style=\"font-weight: 400;\"> Le\u00e3o do Norte<\/span><\/em><span style=\"font-weight: 400;\">, m\u00fasica del cantautor pernambucano Lenine.<\/span><\/p>\n<p style=\"text-align: justify;\"><span style=\"font-weight: 400;\">Seg\u00fan Margareth Menezes, la elecci\u00f3n de Recife para el lanzamiento de las dos convocatorias, en este reinicio de las acciones de la Pol\u00edtica Nacional de Cultura Viva, se debe a la \u201ccapacidad de sumar innovaci\u00f3n y tradici\u00f3n, con una manera muy propia de renovar narrativas y repertorios culturales desde sus territorios, la ciudadan\u00eda, la educaci\u00f3n popular\u201d. \u201cLa cultura pernambucana es sumamente rica, diversa, vibrante, refiri\u00e9ndose a la historia, costumbres y tradiciones de la gente del estado ubicado en la regi\u00f3n Nordeste de Brasil. Los pernambucanos tienen orgullo de sus manifestaciones culturales, de sus tradiciones, de sus modernidades\u201d, a\u00f1adi\u00f3.<\/span><\/p>\n<p style=\"text-align: justify;\"><span style=\"font-weight: 400;\">Al saludar a M\u00e3e Beth de Oxum, <\/span><em><span style=\"font-weight: 400;\">ialorix\u00e1<\/span><\/em><span style=\"font-weight: 400;\">, percusionista, comunicadora popular, activista cultural y lideresa del Punto de Cultura <\/span><a href=\"https:\/\/www.instagram.com\/cocodeumbigada\/\" target=\"_blank\" rel=\"noopener noreferrer\"><span style=\"font-weight: 400;\">Coco de Umbigada<\/span><\/a><span style=\"font-weight: 400;\"> en el barrio de Guadalupe, la ministra destac\u00f3 la \u201ccapacidad revolucionaria\u201d de los Puntos de Cultura. <\/span><span style=\"font-weight: 400;\">\u00abEllos pautan<\/span><span style=\"font-weight: 400;\"> nuevos lenguajes, desestabilizando los patrones culturales impuestos. Consiguen ser innovadores, precisamente porque est\u00e1n conectados a sus ra\u00edces ancestrales. Eso es lo que queremos para Brasil: que esta fuerza transformadora de las comunidades rescate valores humanitarios, ambientales, civilizatorios; rescatar a Brasil en su vocaci\u00f3n m\u00e1s profunda\u201d, dijo.<\/span><\/p>\n<p style=\"text-align: justify;\"><span style=\"font-weight: 400;\">Margareth Menezes resalt\u00f3 que el lanzamiento de estas dos convocatorias celebra el inicio de un nuevo tiempo para la Pol\u00edtica Nacional de Cultura Viva. \u201cHoy, en Brasil, existen alrededor de 5.000 grupos culturales reconocidos y potenciados como Puntos de Cultura. Con el desmantelamiento de los \u00faltimos a\u00f1os, la mayor\u00eda de estos puntos no cuentan actualmente con fuentes de financiaci\u00f3n. En este proceso de recuperaci\u00f3n, enfrentamos dos grandes desaf\u00edos: garantizar la escala necesaria para que Cultura Viva pueda afirmarse como pol\u00edtica de base comunitaria del Sistema Nacional de Cultura y mejorar la gesti\u00f3n del Estado para llegar a una estructura institucional preparada para atender la diversidad cultural brasile\u00f1a. Tendremos la inversi\u00f3n m\u00e1s grande que ha tenido Cultura Viva en toda su historia\u201d, afirm\u00f3.<\/span><\/p>\n<p><a href=\"https:\/\/iberculturaviva.org\/wp-content\/uploads\/2023\/09\/ad05ae71-534d-468c-9940-d3380f07bd47.png\"><img loading=\"lazy\" decoding=\"async\" class=\"aligncenter wp-image-31184\" src=\"https:\/\/iberculturaviva.org\/wp-content\/uploads\/2023\/09\/ad05ae71-534d-468c-9940-d3380f07bd47.png\" alt=\"\" width=\"648\" height=\"430\" srcset=\"https:\/\/iberculturaviva.org\/wp-content\/uploads\/2023\/09\/ad05ae71-534d-468c-9940-d3380f07bd47.png 768w, https:\/\/iberculturaviva.org\/wp-content\/uploads\/2023\/09\/ad05ae71-534d-468c-9940-d3380f07bd47-125x83.png 125w, https:\/\/iberculturaviva.org\/wp-content\/uploads\/2023\/09\/ad05ae71-534d-468c-9940-d3380f07bd47-640x425.png 640w\" sizes=\"auto, (max-width: 648px) 100vw, 648px\" \/><\/a><\/p>\n<p style=\"text-align: justify;\">.<\/p>\n<h4 style=\"text-align: justify;\"><b>Primeros a\u00f1os<\/b><\/h4>\n<p style=\"text-align: justify;\"><span style=\"font-weight: 400;\">Un poco antes, la secretaria de Ciudadan\u00eda y Diversidad Cultural del MinC, M\u00e1rcia Rollemberg, record\u00f3 el inicio de este movimiento, cuando el entonces ministro Gilberto Gil ampli\u00f3 el campo de acci\u00f3n de las pol\u00edticas p\u00fablicas y el concepto de cultura, trayendo un Brasil de ra\u00edces originarias, de matriz africana, intergeneracional y plural. \u201c\u00c9l trajo la pol\u00edtica macro del patrimonio inmaterial, el campo simb\u00f3lico. Promovi\u00f3 la ciudadan\u00eda cultural y destac\u00f3 la potencia econ\u00f3mica de la cultura. Hoy tratamos de consolidar todos estos conceptos, estos principios, en este gran momento del Sistema Nacional de Cultura. El programa Cultura Viva cumplir\u00e1 20 a\u00f1os el pr\u00f3ximo a\u00f1o y su historia muestra impactos significativos, no s\u00f3lo en las comunidades, sino en los procesos de gesti\u00f3n p\u00fablica, en la agregaci\u00f3n de redes de la sociedad civil, en Brasil y en el mundo\u201d, observ\u00f3.<\/span><\/p>\n<p style=\"text-align: justify;\"><span style=\"font-weight: 400;\">El modelo brasile\u00f1o de Puntos de Cultura viene inspirando la creaci\u00f3n de pol\u00edticas p\u00fablicas de base comunitaria desde hace m\u00e1s de una d\u00e9cada en varios pa\u00edses, como Per\u00fa, Argentina, Uruguay, Costa Rica y Chile. \u201cLa fuerza del movimiento en Brasil y Am\u00e9rica Latina nos da coraje y esperanza para la reanudaci\u00f3n de estas pol\u00edticas a nivel nacional y regional\u201d, coment\u00f3 M\u00e1rcia Rollemberg, quien tambi\u00e9n fue secretaria de Ciudadan\u00eda y Diversidad Cultural del MinC entre 2011 y 2014, durante los cuales particip\u00f3 en la creaci\u00f3n del programa IberCultura Viva. En 2014, en la ciudad de Natal (Rio Grande do Norte), ella presidi\u00f3 la primera reuni\u00f3n del Consejo Intergubernamental de IberCultura Viva, en el marco de la <\/span><i><span style=\"font-weight: 400;\">Teia<\/span><\/i> <span style=\"font-weight: 400;\">Nacional de la Diversidad (el encuentro nacional de los Puntos de Cultura).<\/span><\/p>\n<p style=\"text-align: justify;\"><span style=\"font-weight: 400;\">Durante el mismo per\u00edodo particip\u00f3 en la articulaci\u00f3n, creaci\u00f3n y aprobaci\u00f3n de la <\/span><a href=\"https:\/\/www.planalto.gov.br\/ccivil_03\/_ato2011-2014\/2014\/lei\/l13018.htm\" target=\"_blank\" rel=\"noopener noreferrer\"><span style=\"font-weight: 400;\">Ley de Cultura Viva<\/span><\/a><span style=\"font-weight: 400;\"> (Ley 13.018\/2014), que transform\u00f3 el programa Cultura Viva en pol\u00edtica de Estado. La Ley de Cultura Viva fue promulgada el 22 de julio de 2014, nueve d\u00edas antes que el Marco Normativo para las Organizaciones de la Sociedad Civil (Mirosc). Ambas leyes establecieron nuevos par\u00e1metros de gesti\u00f3n y democracia, ampliando conceptos como \u201cEstado Red\u201d (Manuel Castells) y \u201cEstado Ampliado\u201d (Antonio Gramsci). \u201cLa Pol\u00edtica Nacional de Cultura Viva naci\u00f3 como resultado de un proceso dial\u00f3gico, de encuentro de saberes, que reconoce la autonom\u00eda, el protagonismo y el empoderamiento de la sociedad civil\u201d, dijo.<\/span><\/p>\n<div id=\"attachment_31191\" style=\"width: 310px\" class=\"wp-caption alignright\"><a href=\"https:\/\/iberculturaviva.org\/wp-content\/uploads\/2023\/09\/marciarollemberg.png\"><img loading=\"lazy\" decoding=\"async\" aria-describedby=\"caption-attachment-31191\" class=\"wp-image-31191 size-medium\" src=\"https:\/\/iberculturaviva.org\/wp-content\/uploads\/2023\/09\/marciarollemberg-460x310.png\" alt=\"\" width=\"300\" height=\"202\" \/><\/a><p id=\"caption-attachment-31191\" class=\"wp-caption-text\">M\u00e1rcia Rollemberg<\/p><\/div>\n<p style=\"text-align: justify;\"><span style=\"font-weight: 400;\">Seg\u00fan ella, los Puntos de Cultura son hoy la estructura m\u00e1s activa y movilizadora de las culturas de las comunidades. \u201cHay municipios que no tienen Secretar\u00eda de Cultura, pero ciertamente tienen un Punto de Cultura. Por eso estamos trabajando para que este proceso de recuperaci\u00f3n evolucione hacia nuevos medios e instrumentos, adem\u00e1s de herramientas como las convocatorias\u201d, destac\u00f3 el secretario, enfatizando que la Pol\u00edtica Nacional de Cultura Viva es un enfoque interfederativo, intrafederativo y de gesti\u00f3n compartida.<\/span><\/p>\n<p style=\"text-align: justify;\"><span style=\"font-weight: 400;\">\u201cNecesitamos el aliento para dar el salto necesario, profundizando y retomando los conceptos originales de esta pol\u00edtica, fortaleciendo el acuerdo con gestores y sociedad civil, plasmando la pol\u00edtica con inversiones y construyendo una escala institucional con marcos program\u00e1ticos que busquen gestionar este inmenso pa\u00eds. Queremos avanzar, pensando junto a esta poderosa red Cultura Viva, en un amplio proceso de di\u00e1logo, con el fin de mejorar la gesti\u00f3n del Estado para llegar a una estructura m\u00e1s preparada para atender la diversidad cultural brasile\u00f1a, evitando la persecuci\u00f3n jur\u00eddica de los Puntos de Cultura, conociendo m\u00e1s de cerca esta diversidad y sus especificidades\u201d, a\u00f1adi\u00f3.<\/span><\/p>\n<p style=\"text-align: justify;\"><span style=\"font-weight: 400;\">En estos procesos que marcan la quinta generaci\u00f3n de la Pol\u00edtica Nacional de Cultura Viva, se prioriza la inclusi\u00f3n de la diversidad cultural, la pluralidad de identidades, la ampliaci\u00f3n de la accesibilidad y la valoraci\u00f3n de los maestros y maestras de la cultura popular y tradicional. Las dos convocatorias que fueron lanzadas el viernes, y que permanecen abiertas hasta el 16 de octubre* en la plataforma <\/span><a href=\"https:\/\/mapas.cultura.gov.br\/\" target=\"_blank\" rel=\"noopener noreferrer\"><span style=\"font-weight: 400;\">Mapa da Cultura<\/span><\/a><span style=\"font-weight: 400;\">, prev\u00e9n bonificaciones en el proceso de selecci\u00f3n de iniciativas cuyo p\u00fablico proponente y\/o beneficiario sean: mujeres, personas con discapacidad, afrodescendientes, pueblos ind\u00edgenas y poblaci\u00f3n LGBTQIA+.<\/span><\/p>\n<p><a href=\"https:\/\/iberculturaviva.org\/wp-content\/uploads\/2023\/09\/373668879_681739347323329_2103390670779136846_n.jpg\"><img loading=\"lazy\" decoding=\"async\" class=\"aligncenter size-large wp-image-31176\" src=\"https:\/\/iberculturaviva.org\/wp-content\/uploads\/2023\/09\/373668879_681739347323329_2103390670779136846_n-960x640.jpg\" alt=\"\" width=\"640\" height=\"427\" srcset=\"https:\/\/iberculturaviva.org\/wp-content\/uploads\/2023\/09\/373668879_681739347323329_2103390670779136846_n-960x640.jpg 960w, https:\/\/iberculturaviva.org\/wp-content\/uploads\/2023\/09\/373668879_681739347323329_2103390670779136846_n-768x512.jpg 768w, https:\/\/iberculturaviva.org\/wp-content\/uploads\/2023\/09\/373668879_681739347323329_2103390670779136846_n-1536x1025.jpg 1536w, https:\/\/iberculturaviva.org\/wp-content\/uploads\/2023\/09\/373668879_681739347323329_2103390670779136846_n-125x83.jpg 125w, https:\/\/iberculturaviva.org\/wp-content\/uploads\/2023\/09\/373668879_681739347323329_2103390670779136846_n-640x427.jpg 640w, https:\/\/iberculturaviva.org\/wp-content\/uploads\/2023\/09\/373668879_681739347323329_2103390670779136846_n.jpg 2048w\" sizes=\"auto, (max-width: 640px) 100vw, 640px\" \/><\/a><\/p>\n<p style=\"text-align: justify;\">.<\/p>\n<h4 style=\"text-align: justify;\">Premios Sergio Mamberti<\/h4>\n<p style=\"text-align: justify;\"><span style=\"font-weight: 400;\">Una de las convocatorias, la Premiaci\u00f3n Cultura Viva S\u00e9rgio Mamberti, destinar\u00e1 33 millones de reales (el equivalente a 6,7 millones de d\u00f3lares) para contemplar 1.117 iniciativas culturales en cuatro categor\u00edas, con premios individuales de 30 mil (cerca de 6 mil d\u00f3lares). El premio rinde homenaje al legado del actor, gestor cultural y defensor de los derechos culturales S\u00e9rgio Mamberti (1939-2021). La Secretar\u00eda de Ciudadan\u00eda y Diversidad Cultural del MinC fue concebida y dirigida por \u00e9l en 2004 (inicialmente con el nombre de Secretar\u00eda de Identidad y Diversidad Cultural).<\/span><\/p>\n<p style=\"text-align: justify;\"><span style=\"font-weight: 400;\">Carlos Mamberti, hijo del actor, asisti\u00f3 al acto de lanzamiento y qued\u00f3 emocionado con el homenaje. \u201cMi padre siempre fue un actor comprometido, con un trabajo muy fuerte, y en el primer mandato del presidente Lula (2003-2006) decidi\u00f3 asumir un papel importante, de luchar por la cultura. Y estuvo casi 12 a\u00f1os en el Ministerio de Cultura. Fue presidente de Funarte, pas\u00f3 por varios \u00e1mbitos, pero de lo que m\u00e1s se sent\u00eda orgulloso era de la creaci\u00f3n de esta secretar\u00eda, porque conoc\u00eda la importancia de la diversidad. Ten\u00eda una mirada muy singular sobre los m\u00e1s excluidos; mir\u00f3 a los quilombolas, a los ind\u00edgenas, a los gitanos, a la poblaci\u00f3n LGBTQIA+. Creo que este premio representa todo ese esfuerzo, esa semilla que \u00e9l plant\u00f3\u201d, coment\u00f3.<\/span><\/p>\n<p style=\"text-align: justify;\"><span style=\"font-weight: 400;\">Una de las cuatro categor\u00edas en esta convocatoria es el <\/span><a href=\"https:\/\/mapas.cultura.gov.br\/oportunidade\/2089\/\" target=\"_blank\" rel=\"noopener noreferrer\"><span style=\"font-weight: 400;\">Premio Culturas Populares y Tradicionales &#8211; Mestre Lucindo<\/span><\/a><span style=\"font-weight: 400;\">, que reconocer\u00e1 el trabajo de maestros y maestras de los saberes y haceres, grupos, colectivos e instituciones culturales que promueven las culturas populares y tradicionales brasile\u00f1as. El premio rinde homenaje a Luiz Rebelo da Costa (1908-1988), conocido como Mestre Lucindo, figura ic\u00f3nica de la cultura musical de Par\u00e1 que se destac\u00f3 como pescador, compositor y rezador de ladainha en lat\u00edn. Se convirti\u00f3 en una destacada voz del <\/span><i><span style=\"font-weight: 400;\">carimb\u00f3<\/span><\/i><span style=\"font-weight: 400;\">, habiendo sido el primero en grabar un disco de este ritmo como l\u00edder del grupo Os Canarinhos. Sus composiciones registraron la vida cotidiana de la poblaci\u00f3n de la regi\u00f3n, plasmando los conocimientos de las comunidades. Renilson Bentes, su hijo, estuvo presente en el homenaje que hicieron durante la ceremonia.\u00a0<\/span><\/p>\n<p style=\"text-align: justify;\"><span style=\"font-weight: 400;\">Otra categor\u00eda, el <\/span><a href=\"https:\/\/mapas.cultura.gov.br\/oportunidade\/2083\/\"><span style=\"font-weight: 400;\">Premio Culturas Ind\u00edgenas &#8211; Abuela Bernaldina<\/span><\/a><span style=\"font-weight: 400;\">, rinde homenaje a Bernaldina Jos\u00e9 Pedro, l\u00edder del pueblo Macuxi. Originaria de la comunidad Maturuca, en la Tierra Ind\u00edgena Raposa Serra do Sol, en el estado de Roraima, era due\u00f1a de preciosos conocimientos ancestrales, entre ellos cantos, danzas, artesan\u00edas, medicina tradicional y oraciones de los ind\u00edgenas. Tambi\u00e9n fue una defensora incansable en la lucha por la ratificaci\u00f3n de la Tierra Ind\u00edgena Raposa Serra do Sol y por la denuncia de la violencia contra los pueblos ind\u00edgenas. Muri\u00f3 a los 75 a\u00f1os, en junio de 2020, a causa del Covid-19. La artista Daiara Tukano y la presidenta de la Funai, Joenia Wapichana, fueron invitadas a hablar sobre la importancia de Vov\u00f3 Bernardina durante la ceremonia.<\/span><\/p>\n<p style=\"text-align: justify;\"><span style=\"font-weight: 400;\">Tambi\u00e9n forma parte de esta convocatoria el <\/span><a href=\"https:\/\/mapas.cultura.gov.br\/oportunidade\/2084\/\" target=\"_blank\" rel=\"noopener noreferrer\"><span style=\"font-weight: 400;\">Premio de Diversidad Cultural<\/span><\/a><span style=\"font-weight: 400;\">, que reconocer\u00e1 y valorar\u00e1 las iniciativas y producciones culturales de personas mayores, discapacitadas, LGBTQIA+ y en sufrimiento ps\u00edquico. El <\/span><a href=\"https:\/\/mapas.cultura.gov.br\/oportunidade\/2085\/\" target=\"_blank\" rel=\"noopener noreferrer\"><span style=\"font-weight: 400;\">Premio Cultura Viva<\/span><\/a><span style=\"font-weight: 400;\">, a su vez, reconocer\u00e1 e incentivar\u00e1 las actividades culturales desarrolladas por Puntos de Cultura y por grupos, colectivos e instituciones privadas sin fines de lucro que quieran ser reconocidos y certificados con el Sello Cultura Viva, para ser parte de la Red Cultura Viva y resaltar sus actividades y comunidades culturales. donde trabajan.<\/span><\/p>\n<p><a href=\"https:\/\/iberculturaviva.org\/wp-content\/uploads\/2023\/09\/373538039_681739517323312_8156119926643246496_n.jpg\"><img loading=\"lazy\" decoding=\"async\" class=\"aligncenter size-large wp-image-31172\" src=\"https:\/\/iberculturaviva.org\/wp-content\/uploads\/2023\/09\/373538039_681739517323312_8156119926643246496_n-960x640.jpg\" alt=\"\" width=\"640\" height=\"427\" srcset=\"https:\/\/iberculturaviva.org\/wp-content\/uploads\/2023\/09\/373538039_681739517323312_8156119926643246496_n-960x640.jpg 960w, https:\/\/iberculturaviva.org\/wp-content\/uploads\/2023\/09\/373538039_681739517323312_8156119926643246496_n-768x512.jpg 768w, https:\/\/iberculturaviva.org\/wp-content\/uploads\/2023\/09\/373538039_681739517323312_8156119926643246496_n-1536x1025.jpg 1536w, https:\/\/iberculturaviva.org\/wp-content\/uploads\/2023\/09\/373538039_681739517323312_8156119926643246496_n-125x83.jpg 125w, https:\/\/iberculturaviva.org\/wp-content\/uploads\/2023\/09\/373538039_681739517323312_8156119926643246496_n-640x427.jpg 640w, https:\/\/iberculturaviva.org\/wp-content\/uploads\/2023\/09\/373538039_681739517323312_8156119926643246496_n.jpg 2048w\" sizes=\"auto, (max-width: 640px) 100vw, 640px\" \/><\/a><\/p>\n<p>.<\/p>\n<h4><b>Fomento de <\/b><em><b>Pontones<\/b><\/em><\/h4>\n<p style=\"text-align: justify;\"><span style=\"font-weight: 400;\">La Convocatoria<\/span><a href=\"https:\/\/mapas.cultura.gov.br\/oportunidade\/2086\/\" target=\"_blank\" rel=\"noopener noreferrer\"><span style=\"font-weight: 400;\"> Cultura viva: Fomento a <\/span><i><span style=\"font-weight: 400;\">Pontones<\/span><\/i><span style=\"font-weight: 400;\"> de Cultura<\/span><\/a><span style=\"font-weight: 400;\"> invertir\u00e1 alrededor de 28 millones de reales (5,6 millones de d\u00f3lares) en 46 proyectos propuestos por <\/span><i><span style=\"font-weight: 400;\">Pontones<\/span><\/i><span style=\"font-weight: 400;\"> de Cultura, para que desarrollen, articulen y contin\u00faen las acciones culturales de las redes de Puntos de Cultura que sean relevantes para la diversidad de la cultura brasile\u00f1a y para el fortalecimiento de la Pol\u00edtica Nacional de Cultura Viva.<\/span><\/p>\n<p style=\"text-align: justify;\"><span style=\"font-weight: 400;\">Esta convocatoria promover\u00e1 la actuaci\u00f3n de Pontones de Cultura junto a las redes estaduales, distritales, tem\u00e1ticas, sectoriales e identitarias de inter\u00e9s com\u00fan, con la participaci\u00f3n de Agentes Cultura Viva y de un Comit\u00ea Gestor. Cerca de 600 j\u00f3venes entre 18 y 24 a\u00f1os ser\u00e1n seleccionados\/as como Agentes Cultura Viva para apoyar a las acciones de diagn\u00f3stico, mapeo, movilizaci\u00f3n, articulaci\u00f3n de redes y formaci\u00f3n. Cada agente recibir\u00e1 una beca de 900 reales (cerca de 180 d\u00f3lares) por mes.\u00a0<\/span><\/p>\n<p style=\"text-align: justify;\"><span style=\"font-weight: 400;\">El Comit\u00e9 Gestor ser\u00e1 conformado para la realizaci\u00f3n de las acciones del proyecto de forma compartida con los Puntos de Cultura de su red de actuaci\u00f3n, con el objetivo de desarrollar acciones conjuntas de movilizaci\u00f3n, articulaci\u00f3n, formaci\u00f3n, mapeo, registro y ampliaci\u00f3n de la Red Cultura Viva, destinadas a difundir y acompa\u00f1ar actividades de las redes estaduales, distritales, tem\u00e1ticas, sectoriales e identitarias.<\/span><\/p>\n<p style=\"text-align: justify;\"><span style=\"font-weight: 400;\">Ser\u00e1n seleccionados 31 proyectos de redes territoriales y 15 de redes tem\u00e1ticas, sectoriales e identitarias de Puntos de Cultura. Se esperan proyectos en las siguientes \u00e1reas: Culturas Ind\u00edgenas y Madre Tierra; Pueblos y Comunidades Tradicionales de Matriz Africana; Culturas Populares y Tradicionales; Cultura Digital, Comunicaci\u00f3n y Medios Libres; Patrimonio y Memoria; Lenguajes Art\u00edsticos; Libro, Lectura y Literatura; G\u00e9nero, Diversidad y Derechos Humanos; Accesibilidad y Equidad Cultural; Econom\u00eda de la Cultura, Solidaria y Creativa; Cultura e Infancia; Formaci\u00f3n y Educaci\u00f3n Cultural; Territorios Rurales y Cultura Alimentaria; Cultura Urbana, Derecho a la Ciudad y Juventud; y Cultura, Territorios Fronterizos e Integraci\u00f3n Latinoamericana.<\/span><\/p>\n<p><a href=\"https:\/\/iberculturaviva.org\/wp-content\/uploads\/2023\/09\/373636542_681739187323345_2305137543953367385_n-1.jpg\"><img loading=\"lazy\" decoding=\"async\" class=\"aligncenter size-large wp-image-31188\" src=\"https:\/\/iberculturaviva.org\/wp-content\/uploads\/2023\/09\/373636542_681739187323345_2305137543953367385_n-1-960x640.jpg\" alt=\"\" width=\"640\" height=\"427\" srcset=\"https:\/\/iberculturaviva.org\/wp-content\/uploads\/2023\/09\/373636542_681739187323345_2305137543953367385_n-1-960x640.jpg 960w, https:\/\/iberculturaviva.org\/wp-content\/uploads\/2023\/09\/373636542_681739187323345_2305137543953367385_n-1-768x512.jpg 768w, https:\/\/iberculturaviva.org\/wp-content\/uploads\/2023\/09\/373636542_681739187323345_2305137543953367385_n-1-1536x1025.jpg 1536w, https:\/\/iberculturaviva.org\/wp-content\/uploads\/2023\/09\/373636542_681739187323345_2305137543953367385_n-1-125x83.jpg 125w, https:\/\/iberculturaviva.org\/wp-content\/uploads\/2023\/09\/373636542_681739187323345_2305137543953367385_n-1-640x427.jpg 640w, https:\/\/iberculturaviva.org\/wp-content\/uploads\/2023\/09\/373636542_681739187323345_2305137543953367385_n-1.jpg 2048w\" sizes=\"auto, (max-width: 640px) 100vw, 640px\" \/><\/a><\/p>\n<hr \/>\n<h4>\u00bfCu\u00e1l es la diferencia entre un Punto de Cultura y un <i>Pont\u00f3n<\/i> de Cultura?<\/h4>\n<p style=\"text-align: justify;\"><span style=\"font-weight: 400;\">Los Puntos de Cultura son entidades sin fines lucrativos, grupos o colectivos con o sin constituci\u00f3n jur\u00eddica, de naturaleza o finalidad cultural, que desarrollan y articulan actividades culturales continuadas en las comunidades o territorios.\u00a0<\/span><\/p>\n<p style=\"text-align: justify;\"><span style=\"font-weight: 400;\">Un <\/span><em><span style=\"font-weight: 400;\">Pont\u00f3n<\/span><\/em><span style=\"font-weight: 400;\"> de Cultura es una entidad cultural o instituci\u00f3n p\u00fablica de ense\u00f1anza que articula un conjunto de otros puntos o iniciativas culturales, desarrollando acciones de movilizaci\u00f3n, formaci\u00f3n, mediaci\u00f3n y articulaci\u00f3n de una determinada red de Puntos de Cultura y dem\u00e1s iniciativas culturales, tanto en el \u00e1mbito territorial como por recorte tem\u00e1tico e identitario.<\/span><\/p>\n<hr \/>\n<h5>(*) Texto actualizado el 29 de septiembre de 2023, tras el anuncio de la ampliaci\u00f3n del plazo de inscripciones<\/h5>\n<hr \/>\n<p>(**) <span style=\"font-weight: 400;\"><strong>La ceremonia fue transmitida por el canal YouTube de la Universidad Federal de Pernambuco (UFPE) y est\u00e1 disponible para quien quiera verla<\/strong>:<\/span><\/p>\n<p><a href=\"https:\/\/www.youtube.com\/live\/ZERe6yH-HSc?si=gmWQk9SPR7YsUf3M\" target=\"_blank\" rel=\"noopener noreferrer\">https:\/\/www.youtube.com\/live\/ZERe6yH-HSc?si=gmWQk9SPR7YsUf3M<\/a><\/p>\n","protected":false},"excerpt":{"rendered":"<p>(Fotos: Filipe Ara\u00fajo\/MinC) . Fue en forma de verso, recordando que \u201cBrasil volvi\u00f3\u201d, que el poeta pernambucano Ant\u00f4nio Marinho inici\u00f3 la ceremonia de lanzamiento de dos convocatorias de Cultura Viva, [&hellip;]<\/p>\n","protected":false},"author":2,"featured_media":31174,"comment_status":"closed","ping_status":"closed","sticky":false,"template":"","format":"standard","meta":{"_coblocks_attr":"","_coblocks_dimensions":"","_coblocks_responsive_height":"","_coblocks_accordion_ie_support":"","_EventAllDay":false,"_EventTimezone":"","_EventStartDate":"","_EventEndDate":"","_EventStartDateUTC":"","_EventEndDateUTC":"","_EventShowMap":false,"_EventShowMapLink":false,"_EventURL":"","_EventCost":"","_EventCostDescription":"","_EventCurrencySymbol":"","_EventCurrencyCode":"","_EventCurrencyPosition":"","_EventDateTimeSeparator":"","_EventTimeRangeSeparator":"","_EventOrganizerID":[],"_EventVenueID":[],"_OrganizerEmail":"","_OrganizerPhone":"","_OrganizerWebsite":"","_VenueAddress":"","_VenueCity":"","_VenueCountry":"","_VenueProvince":"","_VenueState":"","_VenueZip":"","_VenuePhone":"","_VenueURL":"","_VenueStateProvince":"","_VenueLat":"","_VenueLng":"","_VenueShowMap":false,"_VenueShowMapLink":false,"footnotes":""},"categories":[250,610,262],"tags":[338,345,504,285],"country-municipality":[679],"class_list":["post-31204","post","type-post","status-publish","format-standard","has-post-thumbnail","hentry","category-convocatorias","category-cultura-viva-es","category-noticias-es","tag-brasil-3","tag-convocatorias-2","tag-cultura-viva-2","tag-puntos-de-cultura-2","country-municipality-brasil"],"yoast_head":"<!-- This site is optimized with the Yoast SEO plugin v25.7 - https:\/\/yoast.com\/wordpress\/plugins\/seo\/ -->\n<title>Un nuevo tiempo: Ministerio de Cultura de Brasil reactiva la Pol\u00edtica Nacional de Cultura Viva con el lanzamiento de dos convocatorias - IberCultura Viva<\/title>\n<meta name=\"description\" content=\"Un nuevo tiempo: Ministerio de Cultura de Brasil reactiva la Pol\u00edtica Nacional de Cultura Viva con el lanzamiento de dos convocatorias - IberCultura Viva\" \/>\n<meta name=\"robots\" content=\"index, follow, max-snippet:-1, max-image-preview:large, max-video-preview:-1\" \/>\n<link rel=\"canonical\" href=\"https:\/\/iberculturaviva.org\/es\/un-nuevo-tiempo-ministerio-de-cultura-de-brasil-reactiva-la-politica-nacional-de-cultura-viva-con-el-lanzamiento-de-dos-convocatorias\/\" \/>\n<meta property=\"og:locale\" content=\"es_ES\" \/>\n<meta property=\"og:type\" content=\"article\" \/>\n<meta property=\"og:title\" content=\"Un nuevo tiempo: Ministerio de Cultura de Brasil reactiva la Pol\u00edtica Nacional de Cultura Viva con el lanzamiento de dos convocatorias - IberCultura Viva\" \/>\n<meta property=\"og:description\" content=\"Un nuevo tiempo: Ministerio de Cultura de Brasil reactiva la Pol\u00edtica Nacional de Cultura Viva con el lanzamiento de dos convocatorias - IberCultura Viva\" \/>\n<meta property=\"og:url\" content=\"https:\/\/iberculturaviva.org\/es\/un-nuevo-tiempo-ministerio-de-cultura-de-brasil-reactiva-la-politica-nacional-de-cultura-viva-con-el-lanzamiento-de-dos-convocatorias\/\" \/>\n<meta property=\"og:site_name\" content=\"IberCultura Viva\" \/>\n<meta property=\"article:publisher\" content=\"https:\/\/www.facebook.com\/iberculturaviva\/\" \/>\n<meta property=\"article:published_time\" content=\"2023-09-02T00:22:00+00:00\" \/>\n<meta property=\"article:modified_time\" content=\"2023-09-29T18:14:40+00:00\" \/>\n<meta property=\"og:image\" content=\"https:\/\/iberculturaviva.org\/wp-content\/uploads\/2023\/09\/373629967_681739497323314_3709348723180313535_n.jpg\" \/>\n\t<meta property=\"og:image:width\" content=\"2048\" \/>\n\t<meta property=\"og:image:height\" content=\"1366\" \/>\n\t<meta property=\"og:image:type\" content=\"image\/jpeg\" \/>\n<meta name=\"author\" content=\"IberCultura\" \/>\n<meta name=\"twitter:card\" content=\"summary_large_image\" \/>\n<meta name=\"twitter:label1\" content=\"Escrito por\" \/>\n\t<meta name=\"twitter:data1\" content=\"IberCultura\" \/>\n\t<meta name=\"twitter:label2\" content=\"Tiempo de lectura\" \/>\n\t<meta name=\"twitter:data2\" content=\"15 minutos\" \/>\n<script type=\"application\/ld+json\" class=\"yoast-schema-graph\">{\"@context\":\"https:\/\/schema.org\",\"@graph\":[{\"@type\":\"Article\",\"@id\":\"https:\/\/iberculturaviva.org\/es\/un-nuevo-tiempo-ministerio-de-cultura-de-brasil-reactiva-la-politica-nacional-de-cultura-viva-con-el-lanzamiento-de-dos-convocatorias\/#article\",\"isPartOf\":{\"@id\":\"https:\/\/iberculturaviva.org\/es\/un-nuevo-tiempo-ministerio-de-cultura-de-brasil-reactiva-la-politica-nacional-de-cultura-viva-con-el-lanzamiento-de-dos-convocatorias\/\"},\"author\":{\"name\":\"IberCultura\",\"@id\":\"https:\/\/iberculturaviva.org\/es\/?lang=es\/#\/schema\/person\/5d1313b072cc25536e0431522f740b59\"},\"headline\":\"Un nuevo tiempo: Ministerio de Cultura de Brasil reactiva la Pol\u00edtica Nacional de Cultura Viva con el lanzamiento de dos convocatorias\",\"datePublished\":\"2023-09-02T00:22:00+00:00\",\"dateModified\":\"2023-09-29T18:14:40+00:00\",\"mainEntityOfPage\":{\"@id\":\"https:\/\/iberculturaviva.org\/es\/un-nuevo-tiempo-ministerio-de-cultura-de-brasil-reactiva-la-politica-nacional-de-cultura-viva-con-el-lanzamiento-de-dos-convocatorias\/\"},\"wordCount\":2615,\"publisher\":{\"@id\":\"https:\/\/iberculturaviva.org\/es\/?lang=es\/#organization\"},\"image\":{\"@id\":\"https:\/\/iberculturaviva.org\/es\/un-nuevo-tiempo-ministerio-de-cultura-de-brasil-reactiva-la-politica-nacional-de-cultura-viva-con-el-lanzamiento-de-dos-convocatorias\/#primaryimage\"},\"thumbnailUrl\":\"https:\/\/iberculturaviva.org\/wp-content\/uploads\/2023\/09\/373629967_681739497323314_3709348723180313535_n.jpg\",\"keywords\":[\"Brasil\",\"convocatorias\",\"Cultura Viva\",\"Puntos de Cultura\"],\"articleSection\":[\"Convocatorias\",\"Cultura Viva\",\"Noticias\"],\"inLanguage\":\"es\"},{\"@type\":\"WebPage\",\"@id\":\"https:\/\/iberculturaviva.org\/es\/un-nuevo-tiempo-ministerio-de-cultura-de-brasil-reactiva-la-politica-nacional-de-cultura-viva-con-el-lanzamiento-de-dos-convocatorias\/\",\"url\":\"https:\/\/iberculturaviva.org\/es\/un-nuevo-tiempo-ministerio-de-cultura-de-brasil-reactiva-la-politica-nacional-de-cultura-viva-con-el-lanzamiento-de-dos-convocatorias\/\",\"name\":\"Un nuevo tiempo: Ministerio de Cultura de Brasil reactiva la Pol\u00edtica Nacional de Cultura Viva con el lanzamiento de dos convocatorias - IberCultura Viva\",\"isPartOf\":{\"@id\":\"https:\/\/iberculturaviva.org\/es\/?lang=es\/#website\"},\"primaryImageOfPage\":{\"@id\":\"https:\/\/iberculturaviva.org\/es\/un-nuevo-tiempo-ministerio-de-cultura-de-brasil-reactiva-la-politica-nacional-de-cultura-viva-con-el-lanzamiento-de-dos-convocatorias\/#primaryimage\"},\"image\":{\"@id\":\"https:\/\/iberculturaviva.org\/es\/un-nuevo-tiempo-ministerio-de-cultura-de-brasil-reactiva-la-politica-nacional-de-cultura-viva-con-el-lanzamiento-de-dos-convocatorias\/#primaryimage\"},\"thumbnailUrl\":\"https:\/\/iberculturaviva.org\/wp-content\/uploads\/2023\/09\/373629967_681739497323314_3709348723180313535_n.jpg\",\"datePublished\":\"2023-09-02T00:22:00+00:00\",\"dateModified\":\"2023-09-29T18:14:40+00:00\",\"description\":\"Un nuevo tiempo: Ministerio de Cultura de Brasil reactiva la Pol\u00edtica Nacional de Cultura Viva con el lanzamiento de dos convocatorias - IberCultura Viva\",\"breadcrumb\":{\"@id\":\"https:\/\/iberculturaviva.org\/es\/un-nuevo-tiempo-ministerio-de-cultura-de-brasil-reactiva-la-politica-nacional-de-cultura-viva-con-el-lanzamiento-de-dos-convocatorias\/#breadcrumb\"},\"inLanguage\":\"es\",\"potentialAction\":[{\"@type\":\"ReadAction\",\"target\":[\"https:\/\/iberculturaviva.org\/es\/un-nuevo-tiempo-ministerio-de-cultura-de-brasil-reactiva-la-politica-nacional-de-cultura-viva-con-el-lanzamiento-de-dos-convocatorias\/\"]}]},{\"@type\":\"ImageObject\",\"inLanguage\":\"es\",\"@id\":\"https:\/\/iberculturaviva.org\/es\/un-nuevo-tiempo-ministerio-de-cultura-de-brasil-reactiva-la-politica-nacional-de-cultura-viva-con-el-lanzamiento-de-dos-convocatorias\/#primaryimage\",\"url\":\"https:\/\/iberculturaviva.org\/wp-content\/uploads\/2023\/09\/373629967_681739497323314_3709348723180313535_n.jpg\",\"contentUrl\":\"https:\/\/iberculturaviva.org\/wp-content\/uploads\/2023\/09\/373629967_681739497323314_3709348723180313535_n.jpg\",\"width\":2048,\"height\":1366},{\"@type\":\"BreadcrumbList\",\"@id\":\"https:\/\/iberculturaviva.org\/es\/un-nuevo-tiempo-ministerio-de-cultura-de-brasil-reactiva-la-politica-nacional-de-cultura-viva-con-el-lanzamiento-de-dos-convocatorias\/#breadcrumb\",\"itemListElement\":[{\"@type\":\"ListItem\",\"position\":1,\"name\":\"In\u00edcio\",\"item\":\"https:\/\/iberculturaviva.org\/es\/inicio\/\"},{\"@type\":\"ListItem\",\"position\":2,\"name\":\"Un nuevo tiempo: Ministerio de Cultura de Brasil reactiva la Pol\u00edtica Nacional de Cultura Viva con el lanzamiento de dos convocatorias\"}]},{\"@type\":\"WebSite\",\"@id\":\"https:\/\/iberculturaviva.org\/es\/?lang=es\/#website\",\"url\":\"https:\/\/iberculturaviva.org\/es\/?lang=es\/\",\"name\":\"IberCultura Viva\",\"description\":\"Programa de cooperaci\u00f3n cultural\",\"publisher\":{\"@id\":\"https:\/\/iberculturaviva.org\/es\/?lang=es\/#organization\"},\"potentialAction\":[{\"@type\":\"SearchAction\",\"target\":{\"@type\":\"EntryPoint\",\"urlTemplate\":\"https:\/\/iberculturaviva.org\/es\/?lang=es\/?s={search_term_string}\"},\"query-input\":{\"@type\":\"PropertyValueSpecification\",\"valueRequired\":true,\"valueName\":\"search_term_string\"}}],\"inLanguage\":\"es\"},{\"@type\":\"Organization\",\"@id\":\"https:\/\/iberculturaviva.org\/es\/?lang=es\/#organization\",\"name\":\"Iberculturaviva\",\"url\":\"https:\/\/iberculturaviva.org\/es\/?lang=es\/\",\"logo\":{\"@type\":\"ImageObject\",\"inLanguage\":\"es\",\"@id\":\"https:\/\/iberculturaviva.org\/es\/?lang=es\/#\/schema\/logo\/image\/\",\"url\":\"https:\/\/iberculturaviva.org\/wp-content\/uploads\/2021\/08\/logo_ibercultura_viva.jpg\",\"contentUrl\":\"https:\/\/iberculturaviva.org\/wp-content\/uploads\/2021\/08\/logo_ibercultura_viva.jpg\",\"width\":708,\"height\":223,\"caption\":\"Iberculturaviva\"},\"image\":{\"@id\":\"https:\/\/iberculturaviva.org\/es\/?lang=es\/#\/schema\/logo\/image\/\"},\"sameAs\":[\"https:\/\/www.facebook.com\/iberculturaviva\/\",\"https:\/\/www.instagram.com\/iberculturaviva\/\",\"https:\/\/www.youtube.com\/iberculturaviva\"]},{\"@type\":\"Person\",\"@id\":\"https:\/\/iberculturaviva.org\/es\/?lang=es\/#\/schema\/person\/5d1313b072cc25536e0431522f740b59\",\"name\":\"IberCultura\",\"image\":{\"@type\":\"ImageObject\",\"inLanguage\":\"es\",\"@id\":\"https:\/\/iberculturaviva.org\/es\/?lang=es\/#\/schema\/person\/image\/\",\"url\":\"https:\/\/secure.gravatar.com\/avatar\/79f1a057cb125cbefb3765d0356d52fc7f3bba3a35e2cf22bc4de090bb7aef70?s=96&d=mm&r=g\",\"contentUrl\":\"https:\/\/secure.gravatar.com\/avatar\/79f1a057cb125cbefb3765d0356d52fc7f3bba3a35e2cf22bc4de090bb7aef70?s=96&d=mm&r=g\",\"caption\":\"IberCultura\"}}]}<\/script>\n<!-- \/ Yoast SEO plugin. -->","yoast_head_json":{"title":"Un nuevo tiempo: Ministerio de Cultura de Brasil reactiva la Pol\u00edtica Nacional de Cultura Viva con el lanzamiento de dos convocatorias - IberCultura Viva","description":"Un nuevo tiempo: Ministerio de Cultura de Brasil reactiva la Pol\u00edtica Nacional de Cultura Viva con el lanzamiento de dos convocatorias - IberCultura Viva","robots":{"index":"index","follow":"follow","max-snippet":"max-snippet:-1","max-image-preview":"max-image-preview:large","max-video-preview":"max-video-preview:-1"},"canonical":"https:\/\/iberculturaviva.org\/es\/un-nuevo-tiempo-ministerio-de-cultura-de-brasil-reactiva-la-politica-nacional-de-cultura-viva-con-el-lanzamiento-de-dos-convocatorias\/","og_locale":"es_ES","og_type":"article","og_title":"Un nuevo tiempo: Ministerio de Cultura de Brasil reactiva la Pol\u00edtica Nacional de Cultura Viva con el lanzamiento de dos convocatorias - IberCultura Viva","og_description":"Un nuevo tiempo: Ministerio de Cultura de Brasil reactiva la Pol\u00edtica Nacional de Cultura Viva con el lanzamiento de dos convocatorias - IberCultura Viva","og_url":"https:\/\/iberculturaviva.org\/es\/un-nuevo-tiempo-ministerio-de-cultura-de-brasil-reactiva-la-politica-nacional-de-cultura-viva-con-el-lanzamiento-de-dos-convocatorias\/","og_site_name":"IberCultura Viva","article_publisher":"https:\/\/www.facebook.com\/iberculturaviva\/","article_published_time":"2023-09-02T00:22:00+00:00","article_modified_time":"2023-09-29T18:14:40+00:00","og_image":[{"width":2048,"height":1366,"url":"https:\/\/iberculturaviva.org\/wp-content\/uploads\/2023\/09\/373629967_681739497323314_3709348723180313535_n.jpg","type":"image\/jpeg"}],"author":"IberCultura","twitter_card":"summary_large_image","twitter_misc":{"Escrito por":"IberCultura","Tiempo de lectura":"15 minutos"},"schema":{"@context":"https:\/\/schema.org","@graph":[{"@type":"Article","@id":"https:\/\/iberculturaviva.org\/es\/un-nuevo-tiempo-ministerio-de-cultura-de-brasil-reactiva-la-politica-nacional-de-cultura-viva-con-el-lanzamiento-de-dos-convocatorias\/#article","isPartOf":{"@id":"https:\/\/iberculturaviva.org\/es\/un-nuevo-tiempo-ministerio-de-cultura-de-brasil-reactiva-la-politica-nacional-de-cultura-viva-con-el-lanzamiento-de-dos-convocatorias\/"},"author":{"name":"IberCultura","@id":"https:\/\/iberculturaviva.org\/es\/?lang=es\/#\/schema\/person\/5d1313b072cc25536e0431522f740b59"},"headline":"Un nuevo tiempo: Ministerio de Cultura de Brasil reactiva la Pol\u00edtica Nacional de Cultura Viva con el lanzamiento de dos convocatorias","datePublished":"2023-09-02T00:22:00+00:00","dateModified":"2023-09-29T18:14:40+00:00","mainEntityOfPage":{"@id":"https:\/\/iberculturaviva.org\/es\/un-nuevo-tiempo-ministerio-de-cultura-de-brasil-reactiva-la-politica-nacional-de-cultura-viva-con-el-lanzamiento-de-dos-convocatorias\/"},"wordCount":2615,"publisher":{"@id":"https:\/\/iberculturaviva.org\/es\/?lang=es\/#organization"},"image":{"@id":"https:\/\/iberculturaviva.org\/es\/un-nuevo-tiempo-ministerio-de-cultura-de-brasil-reactiva-la-politica-nacional-de-cultura-viva-con-el-lanzamiento-de-dos-convocatorias\/#primaryimage"},"thumbnailUrl":"https:\/\/iberculturaviva.org\/wp-content\/uploads\/2023\/09\/373629967_681739497323314_3709348723180313535_n.jpg","keywords":["Brasil","convocatorias","Cultura Viva","Puntos de Cultura"],"articleSection":["Convocatorias","Cultura Viva","Noticias"],"inLanguage":"es"},{"@type":"WebPage","@id":"https:\/\/iberculturaviva.org\/es\/un-nuevo-tiempo-ministerio-de-cultura-de-brasil-reactiva-la-politica-nacional-de-cultura-viva-con-el-lanzamiento-de-dos-convocatorias\/","url":"https:\/\/iberculturaviva.org\/es\/un-nuevo-tiempo-ministerio-de-cultura-de-brasil-reactiva-la-politica-nacional-de-cultura-viva-con-el-lanzamiento-de-dos-convocatorias\/","name":"Un nuevo tiempo: Ministerio de Cultura de Brasil reactiva la Pol\u00edtica Nacional de Cultura Viva con el lanzamiento de dos convocatorias - IberCultura Viva","isPartOf":{"@id":"https:\/\/iberculturaviva.org\/es\/?lang=es\/#website"},"primaryImageOfPage":{"@id":"https:\/\/iberculturaviva.org\/es\/un-nuevo-tiempo-ministerio-de-cultura-de-brasil-reactiva-la-politica-nacional-de-cultura-viva-con-el-lanzamiento-de-dos-convocatorias\/#primaryimage"},"image":{"@id":"https:\/\/iberculturaviva.org\/es\/un-nuevo-tiempo-ministerio-de-cultura-de-brasil-reactiva-la-politica-nacional-de-cultura-viva-con-el-lanzamiento-de-dos-convocatorias\/#primaryimage"},"thumbnailUrl":"https:\/\/iberculturaviva.org\/wp-content\/uploads\/2023\/09\/373629967_681739497323314_3709348723180313535_n.jpg","datePublished":"2023-09-02T00:22:00+00:00","dateModified":"2023-09-29T18:14:40+00:00","description":"Un nuevo tiempo: Ministerio de Cultura de Brasil reactiva la Pol\u00edtica Nacional de Cultura Viva con el lanzamiento de dos convocatorias - IberCultura Viva","breadcrumb":{"@id":"https:\/\/iberculturaviva.org\/es\/un-nuevo-tiempo-ministerio-de-cultura-de-brasil-reactiva-la-politica-nacional-de-cultura-viva-con-el-lanzamiento-de-dos-convocatorias\/#breadcrumb"},"inLanguage":"es","potentialAction":[{"@type":"ReadAction","target":["https:\/\/iberculturaviva.org\/es\/un-nuevo-tiempo-ministerio-de-cultura-de-brasil-reactiva-la-politica-nacional-de-cultura-viva-con-el-lanzamiento-de-dos-convocatorias\/"]}]},{"@type":"ImageObject","inLanguage":"es","@id":"https:\/\/iberculturaviva.org\/es\/un-nuevo-tiempo-ministerio-de-cultura-de-brasil-reactiva-la-politica-nacional-de-cultura-viva-con-el-lanzamiento-de-dos-convocatorias\/#primaryimage","url":"https:\/\/iberculturaviva.org\/wp-content\/uploads\/2023\/09\/373629967_681739497323314_3709348723180313535_n.jpg","contentUrl":"https:\/\/iberculturaviva.org\/wp-content\/uploads\/2023\/09\/373629967_681739497323314_3709348723180313535_n.jpg","width":2048,"height":1366},{"@type":"BreadcrumbList","@id":"https:\/\/iberculturaviva.org\/es\/un-nuevo-tiempo-ministerio-de-cultura-de-brasil-reactiva-la-politica-nacional-de-cultura-viva-con-el-lanzamiento-de-dos-convocatorias\/#breadcrumb","itemListElement":[{"@type":"ListItem","position":1,"name":"In\u00edcio","item":"https:\/\/iberculturaviva.org\/es\/inicio\/"},{"@type":"ListItem","position":2,"name":"Un nuevo tiempo: Ministerio de Cultura de Brasil reactiva la Pol\u00edtica Nacional de Cultura Viva con el lanzamiento de dos convocatorias"}]},{"@type":"WebSite","@id":"https:\/\/iberculturaviva.org\/es\/?lang=es\/#website","url":"https:\/\/iberculturaviva.org\/es\/?lang=es\/","name":"IberCultura Viva","description":"Programa de cooperaci\u00f3n cultural","publisher":{"@id":"https:\/\/iberculturaviva.org\/es\/?lang=es\/#organization"},"potentialAction":[{"@type":"SearchAction","target":{"@type":"EntryPoint","urlTemplate":"https:\/\/iberculturaviva.org\/es\/?lang=es\/?s={search_term_string}"},"query-input":{"@type":"PropertyValueSpecification","valueRequired":true,"valueName":"search_term_string"}}],"inLanguage":"es"},{"@type":"Organization","@id":"https:\/\/iberculturaviva.org\/es\/?lang=es\/#organization","name":"Iberculturaviva","url":"https:\/\/iberculturaviva.org\/es\/?lang=es\/","logo":{"@type":"ImageObject","inLanguage":"es","@id":"https:\/\/iberculturaviva.org\/es\/?lang=es\/#\/schema\/logo\/image\/","url":"https:\/\/iberculturaviva.org\/wp-content\/uploads\/2021\/08\/logo_ibercultura_viva.jpg","contentUrl":"https:\/\/iberculturaviva.org\/wp-content\/uploads\/2021\/08\/logo_ibercultura_viva.jpg","width":708,"height":223,"caption":"Iberculturaviva"},"image":{"@id":"https:\/\/iberculturaviva.org\/es\/?lang=es\/#\/schema\/logo\/image\/"},"sameAs":["https:\/\/www.facebook.com\/iberculturaviva\/","https:\/\/www.instagram.com\/iberculturaviva\/","https:\/\/www.youtube.com\/iberculturaviva"]},{"@type":"Person","@id":"https:\/\/iberculturaviva.org\/es\/?lang=es\/#\/schema\/person\/5d1313b072cc25536e0431522f740b59","name":"IberCultura","image":{"@type":"ImageObject","inLanguage":"es","@id":"https:\/\/iberculturaviva.org\/es\/?lang=es\/#\/schema\/person\/image\/","url":"https:\/\/secure.gravatar.com\/avatar\/79f1a057cb125cbefb3765d0356d52fc7f3bba3a35e2cf22bc4de090bb7aef70?s=96&d=mm&r=g","contentUrl":"https:\/\/secure.gravatar.com\/avatar\/79f1a057cb125cbefb3765d0356d52fc7f3bba3a35e2cf22bc4de090bb7aef70?s=96&d=mm&r=g","caption":"IberCultura"}}]}},"main_category":{"link":"https:\/\/iberculturaviva.org\/es\/category\/noticias-es\/","name":"Noticias","slug":"noticias-es"},"_links":{"self":[{"href":"https:\/\/iberculturaviva.org\/es\/wp-json\/wp\/v2\/posts\/31204","targetHints":{"allow":["GET"]}}],"collection":[{"href":"https:\/\/iberculturaviva.org\/es\/wp-json\/wp\/v2\/posts"}],"about":[{"href":"https:\/\/iberculturaviva.org\/es\/wp-json\/wp\/v2\/types\/post"}],"author":[{"embeddable":true,"href":"https:\/\/iberculturaviva.org\/es\/wp-json\/wp\/v2\/users\/2"}],"replies":[{"embeddable":true,"href":"https:\/\/iberculturaviva.org\/es\/wp-json\/wp\/v2\/comments?post=31204"}],"version-history":[{"count":4,"href":"https:\/\/iberculturaviva.org\/es\/wp-json\/wp\/v2\/posts\/31204\/revisions"}],"predecessor-version":[{"id":31407,"href":"https:\/\/iberculturaviva.org\/es\/wp-json\/wp\/v2\/posts\/31204\/revisions\/31407"}],"wp:featuredmedia":[{"embeddable":true,"href":"https:\/\/iberculturaviva.org\/es\/wp-json\/wp\/v2\/media\/31174"}],"wp:attachment":[{"href":"https:\/\/iberculturaviva.org\/es\/wp-json\/wp\/v2\/media?parent=31204"}],"wp:term":[{"taxonomy":"category","embeddable":true,"href":"https:\/\/iberculturaviva.org\/es\/wp-json\/wp\/v2\/categories?post=31204"},{"taxonomy":"post_tag","embeddable":true,"href":"https:\/\/iberculturaviva.org\/es\/wp-json\/wp\/v2\/tags?post=31204"},{"taxonomy":"country-municipality","embeddable":true,"href":"https:\/\/iberculturaviva.org\/es\/wp-json\/wp\/v2\/country-municipality?post=31204"}],"curies":[{"name":"wp","href":"https:\/\/api.w.org\/{rel}","templated":true}]}}