{"id":30855,"date":"2023-07-10T19:49:34","date_gmt":"2023-07-10T22:49:34","guid":{"rendered":"https:\/\/iberculturaviva.org\/?p=30855"},"modified":"2023-07-10T19:57:03","modified_gmt":"2023-07-10T22:57:03","slug":"creando-puentes-reivindicando-la-memoria-los-proyectos-de-ecuador-seleccionados-en-la-convocatoria-de-apoyo-a-redes-2023","status":"publish","type":"post","link":"https:\/\/iberculturaviva.org\/es\/creando-puentes-reivindicando-la-memoria-los-proyectos-de-ecuador-seleccionados-en-la-convocatoria-de-apoyo-a-redes-2023\/","title":{"rendered":"Creando puentes, reivindicando la memoria: los proyectos de Ecuador seleccionados en la Convocatoria de Apoyo a Redes 2023"},"content":{"rendered":"<h5>(Foto: Archivas y Documentas)<\/h5>\n<p>.<\/p>\n<p style=\"text-align: justify;\"><em><span style=\"font-weight: 400;\">Un espacio art\u00edstico-cultural-literario para valorar y fomentar la producci\u00f3n de la literatura contempor\u00e1nea ind\u00edgena. Un festival intercultural con manifestaciones art\u00edsticas del pueblo afroecuatoriano Chachi y \u00c9pera, una feria de artesan\u00edas y una feria gastron\u00f3mica y de soberan\u00eda alimentaria. Un espacio de investigaci\u00f3n, producci\u00f3n, circulaci\u00f3n y reflexi\u00f3n en torno a las pr\u00e1cticas del arte y los derechos humanos para visibilizar y reforzar la lucha de familiares de personas desaparecidas. Conoce m\u00e1s sobre los tres proyectos de redes de Ecuador seleccionados en la Convocatoria IberCultura Viva de Apoyo y Proyectos de Trabajo Colaborativo 2023.<\/span><\/em><\/p>\n<p>.<\/p>\n<hr \/>\n<p style=\"text-align: right;\"><em><strong>* Nombre de la red o articulaci\u00f3n: Red de Creaci\u00f3n Intercultural Mingas de la Imagen<\/strong><\/em><\/p>\n<p style=\"text-align: right;\"><em><strong>* Nombre del proyecto: II Encuentro Internacional Corazonando: sanar la palabra y la memoria<\/strong><\/em><\/p>\n<p><span style=\"font-weight: 400;\">\u00a0.<\/span><\/p>\n<p style=\"text-align: justify;\"><span style=\"font-weight: 400;\">El II Encuentro Internacional \u201cCorazonando: Sanar la palabra y la memoria\u201d se realizar\u00e1 en las ciudades de Quito y de Otavalo (provincia de Imbabura, Ecuador), los d\u00edas 6, 7 y 8 de septiembre. En este espacio art\u00edstico-cultural-literario comunitario y global confluir\u00e1n varios artistas, colectivos y grupos culturales para intercambiar experiencias, sembrar semillas que multipliquen el trabajo de animaci\u00f3n cultural en diferentes \u00e1mbitos, y crecer conjuntamente.\u00a0<\/span><\/p>\n<p style=\"text-align: justify;\"><span style=\"font-weight: 400;\">La iniciativa nace de la necesidad de valorar, dar a conocer y fomentar la producci\u00f3n de la literatura contempor\u00e1nea ind\u00edgena, la reivindicaci\u00f3n de la memoria, la oralidad y las otras formas de escritura y texto que son desconocidas y subvaloradas.\u00a0<\/span><\/p>\n<div id=\"attachment_30874\" style=\"width: 389px\" class=\"wp-caption alignright\"><a href=\"https:\/\/iberculturaviva.org\/wp-content\/uploads\/2023\/07\/Mingas-de-la-imagen-7.jpg\"><img loading=\"lazy\" decoding=\"async\" aria-describedby=\"caption-attachment-30874\" class=\"wp-image-30874\" src=\"https:\/\/iberculturaviva.org\/wp-content\/uploads\/2023\/07\/Mingas-de-la-imagen-7-960x666.jpg\" alt=\"\" width=\"379\" height=\"263\" srcset=\"https:\/\/iberculturaviva.org\/wp-content\/uploads\/2023\/07\/Mingas-de-la-imagen-7-960x666.jpg 960w, https:\/\/iberculturaviva.org\/wp-content\/uploads\/2023\/07\/Mingas-de-la-imagen-7-768x533.jpg 768w, https:\/\/iberculturaviva.org\/wp-content\/uploads\/2023\/07\/Mingas-de-la-imagen-7-125x87.jpg 125w, https:\/\/iberculturaviva.org\/wp-content\/uploads\/2023\/07\/Mingas-de-la-imagen-7-640x444.jpg 640w, https:\/\/iberculturaviva.org\/wp-content\/uploads\/2023\/07\/Mingas-de-la-imagen-7.jpg 1000w\" sizes=\"auto, (max-width: 379px) 100vw, 379px\" \/><\/a><p id=\"caption-attachment-30874\" class=\"wp-caption-text\">(Foto: Mingas de la Imagen)<\/p><\/div>\n<p style=\"text-align: justify;\"><span style=\"font-weight: 400;\">El proyecto contempla el dise\u00f1o e implementaci\u00f3n de la web Biblioraloteca Cultural MUYU, donde estar\u00e1n dispuestas producciones literarias en lenguas originarias, as\u00ed como un repositorio acad\u00e9mico, libros comunitarios y una galer\u00eda de video-poes\u00edas ind\u00edgenas. All\u00ed tambi\u00e9n se alojar\u00e1 la producci\u00f3n de memorias en video y fotograf\u00edas que resulten de este encuentro internacional, con testimonios, entrevistas y materiales p\u00fablicos para la Biblioraloteca.<\/span><\/p>\n<p style=\"text-align: justify;\"><span style=\"font-weight: 400;\">Esta propuesta de articulaci\u00f3n tambi\u00e9n apuesta a apoyar labores de producci\u00f3n del encuentro, en talleres de formaci\u00f3n comunitaria en autoedici\u00f3n de libros, ilustraci\u00f3n infantil ind\u00edgena, tejidos de simbolog\u00eda Embera en chaquira y recitales de poes\u00eda-cuentos. La iniciativa servir\u00e1 a comunidades de los pueblos ind\u00edgenas Embera, Wayuu, Yanakuna y Camentsa, de Colombia; el pueblo Maya Tsotsil, de M\u00e9xico, y los pueblos Kitu Kara y Otavalo, de la nacionalidad kichwa del Ecuador.\u00a0<\/span><\/p>\n<p>.<\/p>\n<h4>Organizaciones participantes<\/h4>\n<p style=\"text-align: justify;\"><span style=\"font-weight: 400;\">La <\/span><a href=\"https:\/\/www.mingasdelaimagen.org\" target=\"_blank\" rel=\"noopener\"><span style=\"font-weight: 400;\">Red de Creaci\u00f3n Intercultural Mingas de la Imagen<\/span><\/a><span style=\"font-weight: 400;\">, que presenta esta propuesta a IberCultura Viva, es un proceso que camina desde el a\u00f1o 2016 en Mocoa-Bogot\u00e1, y que ha trabajado con comunidades ind\u00edgenas y colaboradores de Colombia, Panam\u00e1, Ecuador, Estados Unidos, Uruguay, M\u00e9xico e It\u00e1lia. Sus integrantes realizan encuentros, conversaciones, trabajos colaborativos y talleres de creaci\u00f3n intercultural, en di\u00e1logos comunitarios que buscan hacer efectivas sus potencialidades art\u00edsticas a trav\u00e9s de la cooperaci\u00f3n y construcci\u00f3n colectiva entre diversas lenguas, artes, espiritualidades y saberes.<\/span><\/p>\n<p style=\"text-align: justify;\"><span style=\"font-weight: 400;\">Este proyecto es una articulaci\u00f3n de la Red de Creaci\u00f3n Intercultural Mingas de la Imagen con la Fundaci\u00f3n Biblioraloteca Cultural Literaria MUYU (Ecuador); el Colectivo de Comunicaciones Wainpirai (Guajira, Colombia), conformado por j\u00f3venes y mujeres Wayuu, y el Colectivo Snichimal Vayuchil (Chiapas, M\u00e9xico), que re\u00fane traductores Maya y productores\u00a0 independientes de materiales literarios.<\/span><\/p>\n<div id=\"attachment_30876\" style=\"width: 650px\" class=\"wp-caption aligncenter\"><a href=\"https:\/\/iberculturaviva.org\/wp-content\/uploads\/2023\/07\/1015969_10204671299806806_8289517412383799492_o.jpg\"><img loading=\"lazy\" decoding=\"async\" aria-describedby=\"caption-attachment-30876\" class=\"wp-image-30876 size-large\" src=\"https:\/\/iberculturaviva.org\/wp-content\/uploads\/2023\/07\/1015969_10204671299806806_8289517412383799492_o-e1689029343164-960x562.jpg\" alt=\"\" width=\"640\" height=\"375\" srcset=\"https:\/\/iberculturaviva.org\/wp-content\/uploads\/2023\/07\/1015969_10204671299806806_8289517412383799492_o-e1689029343164-960x562.jpg 960w, https:\/\/iberculturaviva.org\/wp-content\/uploads\/2023\/07\/1015969_10204671299806806_8289517412383799492_o-e1689029343164-768x449.jpg 768w, https:\/\/iberculturaviva.org\/wp-content\/uploads\/2023\/07\/1015969_10204671299806806_8289517412383799492_o-e1689029343164-125x73.jpg 125w, https:\/\/iberculturaviva.org\/wp-content\/uploads\/2023\/07\/1015969_10204671299806806_8289517412383799492_o-e1689029343164-420x246.jpg 420w, https:\/\/iberculturaviva.org\/wp-content\/uploads\/2023\/07\/1015969_10204671299806806_8289517412383799492_o-e1689029343164-640x374.jpg 640w, https:\/\/iberculturaviva.org\/wp-content\/uploads\/2023\/07\/1015969_10204671299806806_8289517412383799492_o-e1689029343164.jpg 1241w\" sizes=\"auto, (max-width: 640px) 100vw, 640px\" \/><\/a><p id=\"caption-attachment-30876\" class=\"wp-caption-text\">(Foto: Mingas de la Imagen)<\/p><\/div>\n<p style=\"text-align: justify;\"><span style=\"font-weight: 400;\">.<\/span><\/p>\n<p style=\"text-align: justify;\"><span style=\"font-weight: 400;\">El <\/span><a href=\"https:\/\/www.instagram.com\/snajkoptik\" target=\"_blank\" rel=\"noopener\"><span style=\"font-weight: 400;\">Colectivo Snichimal Vayuchil<\/span><\/a><span style=\"font-weight: 400;\"> naci\u00f3 en 2016 como un taller de creaci\u00f3n literaria. En articulaci\u00f3n con casas de culturas y escuelas de comunidades rurales, el colectivo comparte talleres, poemas y recital de poes\u00eda y realiza un concurso de oralidad-poes\u00eda y pintura, entre otras actividades. En 2022, en colaboraci\u00f3n con la Red de Creaci\u00f3n Intercultural Mingas de la Imagen, particip\u00f3 de la producci\u00f3n de un libro colectivo ind\u00edgena, \u00abRitual de Palabras\u00bb, con poes\u00edas y cuentos en diez lenguas.<\/span><\/p>\n<p style=\"text-align: justify;\"><span style=\"font-weight: 400;\">El <\/span><a href=\"https:\/\/cwainpirai.org\" target=\"_blank\" rel=\"noopener\"><span style=\"font-weight: 400;\">Colectivo Wainpirai<\/span><\/a><span style=\"font-weight: 400;\"> empez\u00f3 a organizarse en Guajira en 2013, a partir de una escuela de formaci\u00f3n pol\u00edtica y cultural. Conformado por j\u00f3venes y mujeres del pueblo wayuu de los municipios Hato Nuevo y Barrancas, en el sur de la Guajira, ha expandido su trabajo hacia la media y alta Guajira (Manaure, Uribia, Riohacha y zonas rurales de Maicao) y trabaja la comunicaci\u00f3n en sus diferentes formas y lenguajes: dibujos, tejido, teatro, audiovisual.\u00a0<\/span><\/p>\n<hr \/>\n<p><span style=\"font-weight: 400;\">.<\/span><\/p>\n<p style=\"text-align: right;\"><em><strong>* Nombre de la red o articulaci\u00f3n: Coalici\u00f3n Intercultural del R\u00edo Cayapas<\/strong><\/em><\/p>\n<p style=\"text-align: right;\"><em><strong>* Nombre del proyecto: Esmeraldas viva, Viva Esmeraldas! Quinto Festival Intercultural del R\u00edo Cayapas<\/strong><\/em><\/p>\n<p>.<\/p>\n<p style=\"text-align: justify;\"><span style=\"font-weight: 400;\">El Quinto Festival Intercultural Del R\u00edo Cayapas, que tendr\u00e1 lugar en la comunidad intercultural Santa Maria del Cayapas, reunir\u00e1 de manera in\u00e9dita las manifestaciones art\u00edsticas del pueblo afroecuatoriano Chachi y \u00c9pera en un di\u00e1logo de cosmovisiones tejidas en torno a la vida de la Selva Occidental Ecuatoriana. Asimismo, se dar\u00e1 espacio a las po\u00e9ticas de la vida a trav\u00e9s del arte culinario local y se potenciar\u00e1 la feria intercultural de artesan\u00edas, marca identitaria del festival.<\/span><\/p>\n<div id=\"attachment_30872\" style=\"width: 263px\" class=\"wp-caption alignright\"><a href=\"https:\/\/iberculturaviva.org\/wp-content\/uploads\/2023\/07\/319295328_482436647312175_223407742015103064_n.jpg\"><img loading=\"lazy\" decoding=\"async\" aria-describedby=\"caption-attachment-30872\" class=\"wp-image-30872\" src=\"https:\/\/iberculturaviva.org\/wp-content\/uploads\/2023\/07\/319295328_482436647312175_223407742015103064_n-960x542.jpg\" alt=\"\" width=\"253\" height=\"143\" srcset=\"https:\/\/iberculturaviva.org\/wp-content\/uploads\/2023\/07\/319295328_482436647312175_223407742015103064_n-960x542.jpg 960w, https:\/\/iberculturaviva.org\/wp-content\/uploads\/2023\/07\/319295328_482436647312175_223407742015103064_n-768x434.jpg 768w, https:\/\/iberculturaviva.org\/wp-content\/uploads\/2023\/07\/319295328_482436647312175_223407742015103064_n-1536x867.jpg 1536w, https:\/\/iberculturaviva.org\/wp-content\/uploads\/2023\/07\/319295328_482436647312175_223407742015103064_n-125x71.jpg 125w, https:\/\/iberculturaviva.org\/wp-content\/uploads\/2023\/07\/319295328_482436647312175_223407742015103064_n-640x361.jpg 640w, https:\/\/iberculturaviva.org\/wp-content\/uploads\/2023\/07\/319295328_482436647312175_223407742015103064_n.jpg 2048w\" sizes=\"auto, (max-width: 253px) 100vw, 253px\" \/><\/a><p id=\"caption-attachment-30872\" class=\"wp-caption-text\">(Foto: Cayapas Intercultural)<\/p><\/div>\n<p style=\"text-align: justify;\"><span style=\"font-weight: 400;\">La intenci\u00f3n es producir tres presentaciones art\u00edsticas en el festival, adem\u00e1s de la feria gastron\u00f3mica y de soberan\u00eda alimentaria y la Feria Artesanal Intercultural de las comunidades del R\u00edo Cayapas. Se espera la participaci\u00f3n de 60 j\u00f3venes de diversas culturas en las manifestaciones art\u00edsticas de la m\u00fasica y la danza, y un total de 600 personas acudiendo a las actividades. Para esta edici\u00f3n se contar\u00e1 con el apoyo del equipo de documentaci\u00f3n audiovisual de la Fundaci\u00f3n Och\u00fan, quien acompa\u00f1ar\u00e1 a todos los eventos para la creaci\u00f3n de un mini-documental.<\/span><\/p>\n<p><span style=\"font-weight: 400;\">.<\/span><\/p>\n<h4>Organizaciones participantes<\/h4>\n<p style=\"text-align: justify;\"><span style=\"font-weight: 400;\">La <\/span><a href=\"https:\/\/www.facebook.com\/EmbajadaCulturalTelembi\" target=\"_blank\" rel=\"noopener\"><span style=\"font-weight: 400;\">Coalici\u00f3n Intercultural del R\u00edo Cayapas<\/span><\/a><span style=\"font-weight: 400;\"> es una organizaci\u00f3n que trabaja desde el a\u00f1o 2018 articulando de manera coordinada a entidades que brindan apoyo estrat\u00e9gico en distintas \u00e1reas vinculadas a interculturalidad, educaci\u00f3n, manifestaciones art\u00edsticas y soberan\u00eda alimentaria. La coalici\u00f3n tiene como objetivo crear puentes de fortalecimiento, conocimiento y distribuci\u00f3n de saberes entre el pueblo afrodescendiente del Ecuador y las nacionalidades ind\u00edgenas Chachi y \u00c9pera que habitan en la Selva Occidental del pa\u00eds.\u00a0<\/span><\/p>\n<p style=\"text-align: justify;\"><span style=\"font-weight: 400;\">En 2018, en alianza con el Festival del Sur y el Movimiento Cultura Viva Comunitaria, la organizaci\u00f3n promovi\u00f3 el I Festival Intercultural del R\u00edo Cayapas. En 2019, la segunda edici\u00f3n del festival tuvo la participaci\u00f3n de ind\u00edgenas Chachi y de brasile\u00f1os de la comunidad Il\u00ea Baru (Grupo Senzala Foz), que viajaron a Ecuador con el apoyo de IberCultura Viva, en uno de los intercambios realizados en el marco de la convocatoria IberEntrelazando Experiencias.<\/span><\/p>\n<div id=\"attachment_30870\" style=\"width: 653px\" class=\"wp-caption aligncenter\"><a href=\"https:\/\/iberculturaviva.org\/wp-content\/uploads\/2023\/07\/78202268_120206849431784_779716179756318720_n.jpg\"><img loading=\"lazy\" decoding=\"async\" aria-describedby=\"caption-attachment-30870\" class=\"wp-image-30870\" src=\"https:\/\/iberculturaviva.org\/wp-content\/uploads\/2023\/07\/78202268_120206849431784_779716179756318720_n.jpg\" alt=\"\" width=\"643\" height=\"437\" srcset=\"https:\/\/iberculturaviva.org\/wp-content\/uploads\/2023\/07\/78202268_120206849431784_779716179756318720_n.jpg 863w, https:\/\/iberculturaviva.org\/wp-content\/uploads\/2023\/07\/78202268_120206849431784_779716179756318720_n-768x521.jpg 768w, https:\/\/iberculturaviva.org\/wp-content\/uploads\/2023\/07\/78202268_120206849431784_779716179756318720_n-125x85.jpg 125w, https:\/\/iberculturaviva.org\/wp-content\/uploads\/2023\/07\/78202268_120206849431784_779716179756318720_n-640x435.jpg 640w\" sizes=\"auto, (max-width: 643px) 100vw, 643px\" \/><\/a><p id=\"caption-attachment-30870\" class=\"wp-caption-text\">Festival Intercultural del R\u00edo Cayapas 2019 (Foto: Cayapas Intercultural)<\/p><\/div>\n<p>.<\/p>\n<p style=\"text-align: justify;\"><span style=\"font-weight: 400;\">Para impulsar esta quinta edici\u00f3n del festival, la coalici\u00f3n se articul\u00f3 con CVC Ecuador y la Fundaci\u00f3n Cultural y Artesanal Afroecuatoriana Ochun Funcuao. La <\/span><a href=\"http:\/\/www.cvcecuador.org\/\" target=\"_blank\" rel=\"noopener\"><span style=\"font-weight: 400;\">Red Ecuatoriana de Cultura Viva Comunitaria<\/span><\/a><span style=\"font-weight: 400;\">, conformada en 2013, re\u00fane artistas, gestores\/as, l\u00edderes\/as comunitarios, redes colaborativas y procesos culturales de base comunitaria que trabajan por el fortalecimiento de la memoria, historia e identidad a trav\u00e9s de las expresiones creativas y la organizaci\u00f3n social.<\/span><\/p>\n<p style=\"text-align: justify;\"><span style=\"font-weight: 400;\">La <\/span><a href=\"https:\/\/www.facebook.com\/casaochunfundacion\/?locale=es_LA\" target=\"_blank\" rel=\"noopener\"><span style=\"font-weight: 400;\">Fundaci\u00f3n Cultural y Artesanal Afroecuatoriana Ochun Funcuao<\/span><\/a><span style=\"font-weight: 400;\">, creada en Quito en 2007, tiene como principal misi\u00f3n generar fortalecimiento identitario en ni\u00f1os, ni\u00f1as, j\u00f3venes y mujeres afro y refugiados, en sectores perif\u00e9ricos de la ciudad. La fundaci\u00f3n articula proyectos relacionados con el arte y la cultura afro, las escuelas de m\u00fasica y danza, talleres: textil, turismo, gastronom\u00eda, y realiza capacitaciones en oficios y derechos con enfoque de g\u00e9nero e intergeneracional.<\/span><\/p>\n<p>.<\/p>\n<hr \/>\n<p style=\"text-align: right;\"><em><strong>\u00a0* Nombre de la red o articulaci\u00f3n: Situar: Arte, Activismos y Derechos Humanos<\/strong><\/em><\/p>\n<p style=\"text-align: right;\"><b><i>*<\/i><\/b><em><strong> Nombre del proyecto: I Encuentro Situar: Arte y Derechos Humanos<\/strong><\/em><\/p>\n<p><span style=\"font-weight: 400;\">.<\/span><\/p>\n<p style=\"text-align: justify;\"><span style=\"font-weight: 400;\">El Encuentro Situar: Arte y Derechos Humanos, a desarrollarse en la ciudad de Quito, gira en torno a la activaci\u00f3n de la memoria cr\u00edtica vinculada al fen\u00f3meno de las desapariciones en Ecuador. Para esto, se plantea el desarrollo de una serie de actividades culturales dentro de un espacio multiplicador de reflexiones, cuestionamientos, solidaridad y afectos, y el apoyo a la lucha por mejores pol\u00edticas p\u00fablicas para la erradicaci\u00f3n de esta problem\u00e1tica. El proceso deber\u00e1 culminar en agosto, por representar el Mes de las V\u00edctimas de Desapariciones Forzadas.<\/span><\/p>\n<p style=\"text-align: justify;\"><span style=\"font-weight: 400;\">El evento incluye una convocatoria p\u00fablica, un laboratorio, una intervenci\u00f3n p\u00fablica y charlas\/conversatorio. El laboratorio te\u00f3rico-pr\u00e1ctico de activismo ha sido pensado como un espacio para reflexionar colectivamente sobre la memoria del cuerpo ausente y la lucha por la dignidad y la justicia. Se plantean dos talleres, el primero de escritura experimental para la elaboraci\u00f3n de un manifiesto de consignas y biograf\u00edas de mujeres desaparecidas; el segundo, de bordado-memoria para la elaboraci\u00f3n de una bandera-manifiesto de gran formato. Los dos talleres estar\u00e1n dirigidos a los familiares y amigos de desaparecidos.<\/span><\/p>\n<p style=\"text-align: justify;\"><span style=\"font-weight: 400;\">La idea es realizar una intervenci\u00f3n p\u00fablica de la bandera a partir del manifiesto colectivo y lectura en voz alta de biograf\u00edas de mujeres desaparecidas. Adem\u00e1s, se desarrollar\u00e1n varias charlas durante los talleres, permitiendo una aproximaci\u00f3n al tema, experiencias y acciones, y se trazar\u00e1 un mapa-memoria de la desaparici\u00f3n en el pa\u00eds. Para estos di\u00e1logos ser\u00e1n invitados especialistas y activistas, artistas y familiares.<\/span><\/p>\n<div id=\"attachment_30867\" style=\"width: 650px\" class=\"wp-caption aligncenter\"><a href=\"https:\/\/iberculturaviva.org\/wp-content\/uploads\/2023\/07\/21105488_673586996173242_6569015838830427483_n.jpg\"><img loading=\"lazy\" decoding=\"async\" aria-describedby=\"caption-attachment-30867\" class=\"wp-image-30867\" src=\"https:\/\/iberculturaviva.org\/wp-content\/uploads\/2023\/07\/21105488_673586996173242_6569015838830427483_n.jpg\" alt=\"\" width=\"640\" height=\"480\" srcset=\"https:\/\/iberculturaviva.org\/wp-content\/uploads\/2023\/07\/21105488_673586996173242_6569015838830427483_n.jpg 960w, https:\/\/iberculturaviva.org\/wp-content\/uploads\/2023\/07\/21105488_673586996173242_6569015838830427483_n-768x576.jpg 768w, https:\/\/iberculturaviva.org\/wp-content\/uploads\/2023\/07\/21105488_673586996173242_6569015838830427483_n-125x94.jpg 125w, https:\/\/iberculturaviva.org\/wp-content\/uploads\/2023\/07\/21105488_673586996173242_6569015838830427483_n-640x480.jpg 640w\" sizes=\"auto, (max-width: 640px) 100vw, 640px\" \/><\/a><p id=\"caption-attachment-30867\" class=\"wp-caption-text\">Las organizaciones Situar y Asfadec desarrollaron el proyecto \u00abDesapareciendo\u00bb de 2016 a 2019<\/p><\/div>\n<p>.<\/p>\n<h4><b>La articulaci\u00f3n<\/b><\/h4>\n<p style=\"text-align: justify;\"><span style=\"font-weight: 400;\">Las organizaciones que se articulan para la realizaci\u00f3n de este proyecto tienen una trayectoria de colaboraciones alrededor del tema. Son ellas: <\/span><a href=\"https:\/\/serialec.wixsite.com\/serial\" target=\"_blank\" rel=\"noopener\"><span style=\"font-weight: 400;\">Situar: Arte, Activismos y Derechos Humanos<\/span><\/a><span style=\"font-weight: 400;\">; <\/span><a href=\"https:\/\/asfadec.org\/\" target=\"_blank\" rel=\"noopener\"><span style=\"font-weight: 400;\">Asociaci\u00f3n de Familiares y Amigos de Personas Desaparecidas en Ecuador (Asfadec) <\/span><\/a><span style=\"font-weight: 400;\">y <\/span><a href=\"https:\/\/www.instagram.com\/archivas_y_documentas\/\" target=\"_blank\" rel=\"noopener\"><span style=\"font-weight: 400;\">Archivas &amp; Documentas<\/span><\/a><span style=\"font-weight: 400;\">.<\/span><\/p>\n<p style=\"text-align: justify;\"><span style=\"font-weight: 400;\">Colectivo conformado en 2009 y formalizado como organizaci\u00f3n en julio de 2022, <\/span><a href=\"https:\/\/serialec.wixsite.com\/serial\"><span style=\"font-weight: 400;\">Situar<\/span><\/a><span style=\"font-weight: 400;\"> ha concentrado su labor en programas y actividades de acci\u00f3n social y desarrollo, as\u00ed como la creaci\u00f3n, acompa\u00f1amiento y producci\u00f3n de espacios de investigaci\u00f3n y educaci\u00f3n no formal ligada a procesos comunitarios. Tambi\u00e9n se ha dedicado al acompa\u00f1amiento de organizaciones para el soporte y desarrollo de propuestas ligadas al rescate de la memoria social, patrimonial desde la participaci\u00f3n ciudadana y los derechos humanos.<\/span><\/p>\n<div id=\"attachment_30863\" style=\"width: 310px\" class=\"wp-caption alignright\"><a href=\"https:\/\/iberculturaviva.org\/wp-content\/uploads\/2023\/07\/dia_internacional_desaparicion_2021-300x225-1.jpg\"><img loading=\"lazy\" decoding=\"async\" aria-describedby=\"caption-attachment-30863\" class=\"wp-image-30863 size-full\" src=\"https:\/\/iberculturaviva.org\/wp-content\/uploads\/2023\/07\/dia_internacional_desaparicion_2021-300x225-1.jpg\" alt=\"\" width=\"300\" height=\"225\" srcset=\"https:\/\/iberculturaviva.org\/wp-content\/uploads\/2023\/07\/dia_internacional_desaparicion_2021-300x225-1.jpg 300w, https:\/\/iberculturaviva.org\/wp-content\/uploads\/2023\/07\/dia_internacional_desaparicion_2021-300x225-1-125x94.jpg 125w\" sizes=\"auto, (max-width: 300px) 100vw, 300px\" \/><\/a><p id=\"caption-attachment-30863\" class=\"wp-caption-text\">(Foto: Asfadec)<\/p><\/div>\n<p style=\"text-align: justify;\"><span style=\"font-weight: 400;\">En 2015, Situar y <\/span><a href=\"https:\/\/asfadec.org\/\" target=\"_blank\" rel=\"noopener\"><span style=\"font-weight: 400;\">Asfadec <\/span><\/a><span style=\"font-weight: 400;\">dieron inicio al proyecto \u201cDesapareciendo\u201d, que busc\u00f3 visibilizar el fen\u00f3meno de las desapariciones en el Ecuador a partir de encuentros, talleres y una muestra art\u00edstica itinerante, que recorri\u00f3 durante cuatro a\u00f1os varios espacios culturales. Organizaci\u00f3n sin fines de lucro nacida en 2012, Asfadec asesora y acompa\u00f1a a familiares de personas desaparecidas en su acci\u00f3n de b\u00fasqueda y exigencia en las instituciones del Estado. Adem\u00e1s, trabaja en conjunto con organizaciones de derechos humanos para la creaci\u00f3n de pol\u00edticas p\u00fablicas que atiendan los casos de personas desaparecidas y realiza campa\u00f1as de sensibilizaci\u00f3n sobre el tema, entre otras actividades.<\/span><\/p>\n<p style=\"text-align: justify;\"><span style=\"font-weight: 400;\">La otra proponente del proyecto es <\/span><a href=\"https:\/\/www.instagram.com\/archivas_y_documentas\/\" target=\"_blank\" rel=\"noopener\"><span style=\"font-weight: 400;\">Archivas &amp; Documentas<\/span><\/a><span style=\"font-weight: 400;\">, una organizaci\u00f3n feminista que investiga, releva y publica el trabajo de mujeres artistas ecuatorianas, y que desde el a\u00f1o 2016 ha desarrollado proyectos y acciones enfocadas a la visibilidad de las mujeres y disidencias en el arte. Las acciones que realiza (inclusive en colaboraci\u00f3n con Situar) procuran cuestionar las relaciones de poder en el sistema art\u00edstico y exigir espacios m\u00e1s justos y una vida digna para las trabajadoras de la cultura.\u00a0<\/span><\/p>\n<p><span style=\"font-weight: 400;\">:<\/span><\/p>\n","protected":false},"excerpt":{"rendered":"<p>(Foto: Archivas y Documentas) . Un espacio art\u00edstico-cultural-literario para valorar y fomentar la producci\u00f3n de la literatura contempor\u00e1nea ind\u00edgena. Un festival intercultural con manifestaciones art\u00edsticas del pueblo afroecuatoriano Chachi y [&hellip;]<\/p>\n","protected":false},"author":2,"featured_media":30858,"comment_status":"closed","ping_status":"closed","sticky":false,"template":"","format":"standard","meta":{"_coblocks_attr":"","_coblocks_dimensions":"","_coblocks_responsive_height":"","_coblocks_accordion_ie_support":"","_EventAllDay":false,"_EventTimezone":"","_EventStartDate":"","_EventEndDate":"","_EventStartDateUTC":"","_EventEndDateUTC":"","_EventShowMap":false,"_EventShowMapLink":false,"_EventURL":"","_EventCost":"","_EventCostDescription":"","_EventCurrencySymbol":"","_EventCurrencyCode":"","_EventCurrencyPosition":"","_EventDateTimeSeparator":"","_EventTimeRangeSeparator":"","_EventOrganizerID":[],"_EventVenueID":[],"_OrganizerEmail":"","_OrganizerPhone":"","_OrganizerWebsite":"","_VenueAddress":"","_VenueCity":"","_VenueCountry":"","_VenueProvince":"","_VenueState":"","_VenueZip":"","_VenuePhone":"","_VenueURL":"","_VenueStateProvince":"","_VenueLat":"","_VenueLng":"","_VenueShowMap":false,"_VenueShowMapLink":false,"footnotes":""},"categories":[262],"tags":[490,292,330,313,483],"country-municipality":[],"class_list":["post-30855","post","type-post","status-publish","format-standard","has-post-thumbnail","hentry","category-noticias-es","tag-apoio-a-redes-2023-2","tag-convocatoria-2","tag-ecuador-2","tag-redes-2","tag-redes-2023"],"yoast_head":"<!-- This site is optimized with the Yoast SEO plugin v25.7 - https:\/\/yoast.com\/wordpress\/plugins\/seo\/ -->\n<title>Creando puentes, reivindicando la memoria: los proyectos de Ecuador seleccionados en la Convocatoria de Apoyo a Redes 2023 - IberCultura Viva<\/title>\n<meta name=\"description\" content=\"Creando puentes, reivindicando la memoria: los proyectos de Ecuador seleccionados en la Convocatoria de Apoyo a Redes 2023 - IberCultura Viva\" \/>\n<meta name=\"robots\" content=\"index, follow, max-snippet:-1, max-image-preview:large, max-video-preview:-1\" \/>\n<link rel=\"canonical\" href=\"https:\/\/iberculturaviva.org\/es\/creando-puentes-reivindicando-la-memoria-los-proyectos-de-ecuador-seleccionados-en-la-convocatoria-de-apoyo-a-redes-2023\/\" \/>\n<meta property=\"og:locale\" content=\"es_ES\" \/>\n<meta property=\"og:type\" content=\"article\" \/>\n<meta property=\"og:title\" content=\"Creando puentes, reivindicando la memoria: los proyectos de Ecuador seleccionados en la Convocatoria de Apoyo a Redes 2023 - IberCultura Viva\" \/>\n<meta property=\"og:description\" content=\"Creando puentes, reivindicando la memoria: los proyectos de Ecuador seleccionados en la Convocatoria de Apoyo a Redes 2023 - IberCultura Viva\" \/>\n<meta property=\"og:url\" content=\"https:\/\/iberculturaviva.org\/es\/creando-puentes-reivindicando-la-memoria-los-proyectos-de-ecuador-seleccionados-en-la-convocatoria-de-apoyo-a-redes-2023\/\" \/>\n<meta property=\"og:site_name\" content=\"IberCultura Viva\" \/>\n<meta property=\"article:publisher\" content=\"https:\/\/www.facebook.com\/iberculturaviva\/\" \/>\n<meta property=\"article:published_time\" content=\"2023-07-10T22:49:34+00:00\" \/>\n<meta property=\"article:modified_time\" content=\"2023-07-10T22:57:03+00:00\" \/>\n<meta property=\"og:image\" content=\"https:\/\/iberculturaviva.org\/wp-content\/uploads\/2023\/07\/302909649_480614634071056_27446101675899330_n-e1689027389738.jpg\" \/>\n\t<meta property=\"og:image:width\" content=\"1971\" \/>\n\t<meta property=\"og:image:height\" content=\"1203\" \/>\n\t<meta property=\"og:image:type\" content=\"image\/jpeg\" \/>\n<meta name=\"author\" content=\"IberCultura\" \/>\n<meta name=\"twitter:card\" content=\"summary_large_image\" \/>\n<meta name=\"twitter:label1\" content=\"Escrito por\" \/>\n\t<meta name=\"twitter:data1\" content=\"IberCultura\" \/>\n\t<meta name=\"twitter:label2\" content=\"Tiempo de lectura\" \/>\n\t<meta name=\"twitter:data2\" content=\"10 minutos\" \/>\n<script type=\"application\/ld+json\" class=\"yoast-schema-graph\">{\"@context\":\"https:\/\/schema.org\",\"@graph\":[{\"@type\":\"Article\",\"@id\":\"https:\/\/iberculturaviva.org\/es\/creando-puentes-reivindicando-la-memoria-los-proyectos-de-ecuador-seleccionados-en-la-convocatoria-de-apoyo-a-redes-2023\/#article\",\"isPartOf\":{\"@id\":\"https:\/\/iberculturaviva.org\/es\/creando-puentes-reivindicando-la-memoria-los-proyectos-de-ecuador-seleccionados-en-la-convocatoria-de-apoyo-a-redes-2023\/\"},\"author\":{\"name\":\"IberCultura\",\"@id\":\"https:\/\/iberculturaviva.org\/es\/?lang=es\/#\/schema\/person\/5d1313b072cc25536e0431522f740b59\"},\"headline\":\"Creando puentes, reivindicando la memoria: los proyectos de Ecuador seleccionados en la Convocatoria de Apoyo a Redes 2023\",\"datePublished\":\"2023-07-10T22:49:34+00:00\",\"dateModified\":\"2023-07-10T22:57:03+00:00\",\"mainEntityOfPage\":{\"@id\":\"https:\/\/iberculturaviva.org\/es\/creando-puentes-reivindicando-la-memoria-los-proyectos-de-ecuador-seleccionados-en-la-convocatoria-de-apoyo-a-redes-2023\/\"},\"wordCount\":1955,\"publisher\":{\"@id\":\"https:\/\/iberculturaviva.org\/es\/?lang=es\/#organization\"},\"image\":{\"@id\":\"https:\/\/iberculturaviva.org\/es\/creando-puentes-reivindicando-la-memoria-los-proyectos-de-ecuador-seleccionados-en-la-convocatoria-de-apoyo-a-redes-2023\/#primaryimage\"},\"thumbnailUrl\":\"https:\/\/iberculturaviva.org\/wp-content\/uploads\/2023\/07\/302909649_480614634071056_27446101675899330_n-e1689027389738.jpg\",\"keywords\":[\"Apoio a Redes 2023\",\"convocatoria\",\"Ecuador\",\"redes\",\"Redes 2023\"],\"articleSection\":[\"Noticias\"],\"inLanguage\":\"es\"},{\"@type\":\"WebPage\",\"@id\":\"https:\/\/iberculturaviva.org\/es\/creando-puentes-reivindicando-la-memoria-los-proyectos-de-ecuador-seleccionados-en-la-convocatoria-de-apoyo-a-redes-2023\/\",\"url\":\"https:\/\/iberculturaviva.org\/es\/creando-puentes-reivindicando-la-memoria-los-proyectos-de-ecuador-seleccionados-en-la-convocatoria-de-apoyo-a-redes-2023\/\",\"name\":\"Creando puentes, reivindicando la memoria: los proyectos de Ecuador seleccionados en la Convocatoria de Apoyo a Redes 2023 - IberCultura Viva\",\"isPartOf\":{\"@id\":\"https:\/\/iberculturaviva.org\/es\/?lang=es\/#website\"},\"primaryImageOfPage\":{\"@id\":\"https:\/\/iberculturaviva.org\/es\/creando-puentes-reivindicando-la-memoria-los-proyectos-de-ecuador-seleccionados-en-la-convocatoria-de-apoyo-a-redes-2023\/#primaryimage\"},\"image\":{\"@id\":\"https:\/\/iberculturaviva.org\/es\/creando-puentes-reivindicando-la-memoria-los-proyectos-de-ecuador-seleccionados-en-la-convocatoria-de-apoyo-a-redes-2023\/#primaryimage\"},\"thumbnailUrl\":\"https:\/\/iberculturaviva.org\/wp-content\/uploads\/2023\/07\/302909649_480614634071056_27446101675899330_n-e1689027389738.jpg\",\"datePublished\":\"2023-07-10T22:49:34+00:00\",\"dateModified\":\"2023-07-10T22:57:03+00:00\",\"description\":\"Creando puentes, reivindicando la memoria: los proyectos de Ecuador seleccionados en la Convocatoria de Apoyo a Redes 2023 - IberCultura Viva\",\"breadcrumb\":{\"@id\":\"https:\/\/iberculturaviva.org\/es\/creando-puentes-reivindicando-la-memoria-los-proyectos-de-ecuador-seleccionados-en-la-convocatoria-de-apoyo-a-redes-2023\/#breadcrumb\"},\"inLanguage\":\"es\",\"potentialAction\":[{\"@type\":\"ReadAction\",\"target\":[\"https:\/\/iberculturaviva.org\/es\/creando-puentes-reivindicando-la-memoria-los-proyectos-de-ecuador-seleccionados-en-la-convocatoria-de-apoyo-a-redes-2023\/\"]}]},{\"@type\":\"ImageObject\",\"inLanguage\":\"es\",\"@id\":\"https:\/\/iberculturaviva.org\/es\/creando-puentes-reivindicando-la-memoria-los-proyectos-de-ecuador-seleccionados-en-la-convocatoria-de-apoyo-a-redes-2023\/#primaryimage\",\"url\":\"https:\/\/iberculturaviva.org\/wp-content\/uploads\/2023\/07\/302909649_480614634071056_27446101675899330_n-e1689027389738.jpg\",\"contentUrl\":\"https:\/\/iberculturaviva.org\/wp-content\/uploads\/2023\/07\/302909649_480614634071056_27446101675899330_n-e1689027389738.jpg\",\"width\":1971,\"height\":1203},{\"@type\":\"BreadcrumbList\",\"@id\":\"https:\/\/iberculturaviva.org\/es\/creando-puentes-reivindicando-la-memoria-los-proyectos-de-ecuador-seleccionados-en-la-convocatoria-de-apoyo-a-redes-2023\/#breadcrumb\",\"itemListElement\":[{\"@type\":\"ListItem\",\"position\":1,\"name\":\"In\u00edcio\",\"item\":\"https:\/\/iberculturaviva.org\/es\/inicio\/\"},{\"@type\":\"ListItem\",\"position\":2,\"name\":\"Creando puentes, reivindicando la memoria: los proyectos de Ecuador seleccionados en la Convocatoria de Apoyo a Redes 2023\"}]},{\"@type\":\"WebSite\",\"@id\":\"https:\/\/iberculturaviva.org\/es\/?lang=es\/#website\",\"url\":\"https:\/\/iberculturaviva.org\/es\/?lang=es\/\",\"name\":\"IberCultura Viva\",\"description\":\"Programa de cooperaci\u00f3n cultural\",\"publisher\":{\"@id\":\"https:\/\/iberculturaviva.org\/es\/?lang=es\/#organization\"},\"potentialAction\":[{\"@type\":\"SearchAction\",\"target\":{\"@type\":\"EntryPoint\",\"urlTemplate\":\"https:\/\/iberculturaviva.org\/es\/?lang=es\/?s={search_term_string}\"},\"query-input\":{\"@type\":\"PropertyValueSpecification\",\"valueRequired\":true,\"valueName\":\"search_term_string\"}}],\"inLanguage\":\"es\"},{\"@type\":\"Organization\",\"@id\":\"https:\/\/iberculturaviva.org\/es\/?lang=es\/#organization\",\"name\":\"Iberculturaviva\",\"url\":\"https:\/\/iberculturaviva.org\/es\/?lang=es\/\",\"logo\":{\"@type\":\"ImageObject\",\"inLanguage\":\"es\",\"@id\":\"https:\/\/iberculturaviva.org\/es\/?lang=es\/#\/schema\/logo\/image\/\",\"url\":\"https:\/\/iberculturaviva.org\/wp-content\/uploads\/2021\/08\/logo_ibercultura_viva.jpg\",\"contentUrl\":\"https:\/\/iberculturaviva.org\/wp-content\/uploads\/2021\/08\/logo_ibercultura_viva.jpg\",\"width\":708,\"height\":223,\"caption\":\"Iberculturaviva\"},\"image\":{\"@id\":\"https:\/\/iberculturaviva.org\/es\/?lang=es\/#\/schema\/logo\/image\/\"},\"sameAs\":[\"https:\/\/www.facebook.com\/iberculturaviva\/\",\"https:\/\/www.instagram.com\/iberculturaviva\/\",\"https:\/\/www.youtube.com\/iberculturaviva\"]},{\"@type\":\"Person\",\"@id\":\"https:\/\/iberculturaviva.org\/es\/?lang=es\/#\/schema\/person\/5d1313b072cc25536e0431522f740b59\",\"name\":\"IberCultura\",\"image\":{\"@type\":\"ImageObject\",\"inLanguage\":\"es\",\"@id\":\"https:\/\/iberculturaviva.org\/es\/?lang=es\/#\/schema\/person\/image\/\",\"url\":\"https:\/\/secure.gravatar.com\/avatar\/79f1a057cb125cbefb3765d0356d52fc7f3bba3a35e2cf22bc4de090bb7aef70?s=96&d=mm&r=g\",\"contentUrl\":\"https:\/\/secure.gravatar.com\/avatar\/79f1a057cb125cbefb3765d0356d52fc7f3bba3a35e2cf22bc4de090bb7aef70?s=96&d=mm&r=g\",\"caption\":\"IberCultura\"}}]}<\/script>\n<!-- \/ Yoast SEO plugin. -->","yoast_head_json":{"title":"Creando puentes, reivindicando la memoria: los proyectos de Ecuador seleccionados en la Convocatoria de Apoyo a Redes 2023 - IberCultura Viva","description":"Creando puentes, reivindicando la memoria: los proyectos de Ecuador seleccionados en la Convocatoria de Apoyo a Redes 2023 - IberCultura Viva","robots":{"index":"index","follow":"follow","max-snippet":"max-snippet:-1","max-image-preview":"max-image-preview:large","max-video-preview":"max-video-preview:-1"},"canonical":"https:\/\/iberculturaviva.org\/es\/creando-puentes-reivindicando-la-memoria-los-proyectos-de-ecuador-seleccionados-en-la-convocatoria-de-apoyo-a-redes-2023\/","og_locale":"es_ES","og_type":"article","og_title":"Creando puentes, reivindicando la memoria: los proyectos de Ecuador seleccionados en la Convocatoria de Apoyo a Redes 2023 - IberCultura Viva","og_description":"Creando puentes, reivindicando la memoria: los proyectos de Ecuador seleccionados en la Convocatoria de Apoyo a Redes 2023 - IberCultura Viva","og_url":"https:\/\/iberculturaviva.org\/es\/creando-puentes-reivindicando-la-memoria-los-proyectos-de-ecuador-seleccionados-en-la-convocatoria-de-apoyo-a-redes-2023\/","og_site_name":"IberCultura Viva","article_publisher":"https:\/\/www.facebook.com\/iberculturaviva\/","article_published_time":"2023-07-10T22:49:34+00:00","article_modified_time":"2023-07-10T22:57:03+00:00","og_image":[{"width":1971,"height":1203,"url":"https:\/\/iberculturaviva.org\/wp-content\/uploads\/2023\/07\/302909649_480614634071056_27446101675899330_n-e1689027389738.jpg","type":"image\/jpeg"}],"author":"IberCultura","twitter_card":"summary_large_image","twitter_misc":{"Escrito por":"IberCultura","Tiempo de lectura":"10 minutos"},"schema":{"@context":"https:\/\/schema.org","@graph":[{"@type":"Article","@id":"https:\/\/iberculturaviva.org\/es\/creando-puentes-reivindicando-la-memoria-los-proyectos-de-ecuador-seleccionados-en-la-convocatoria-de-apoyo-a-redes-2023\/#article","isPartOf":{"@id":"https:\/\/iberculturaviva.org\/es\/creando-puentes-reivindicando-la-memoria-los-proyectos-de-ecuador-seleccionados-en-la-convocatoria-de-apoyo-a-redes-2023\/"},"author":{"name":"IberCultura","@id":"https:\/\/iberculturaviva.org\/es\/?lang=es\/#\/schema\/person\/5d1313b072cc25536e0431522f740b59"},"headline":"Creando puentes, reivindicando la memoria: los proyectos de Ecuador seleccionados en la Convocatoria de Apoyo a Redes 2023","datePublished":"2023-07-10T22:49:34+00:00","dateModified":"2023-07-10T22:57:03+00:00","mainEntityOfPage":{"@id":"https:\/\/iberculturaviva.org\/es\/creando-puentes-reivindicando-la-memoria-los-proyectos-de-ecuador-seleccionados-en-la-convocatoria-de-apoyo-a-redes-2023\/"},"wordCount":1955,"publisher":{"@id":"https:\/\/iberculturaviva.org\/es\/?lang=es\/#organization"},"image":{"@id":"https:\/\/iberculturaviva.org\/es\/creando-puentes-reivindicando-la-memoria-los-proyectos-de-ecuador-seleccionados-en-la-convocatoria-de-apoyo-a-redes-2023\/#primaryimage"},"thumbnailUrl":"https:\/\/iberculturaviva.org\/wp-content\/uploads\/2023\/07\/302909649_480614634071056_27446101675899330_n-e1689027389738.jpg","keywords":["Apoio a Redes 2023","convocatoria","Ecuador","redes","Redes 2023"],"articleSection":["Noticias"],"inLanguage":"es"},{"@type":"WebPage","@id":"https:\/\/iberculturaviva.org\/es\/creando-puentes-reivindicando-la-memoria-los-proyectos-de-ecuador-seleccionados-en-la-convocatoria-de-apoyo-a-redes-2023\/","url":"https:\/\/iberculturaviva.org\/es\/creando-puentes-reivindicando-la-memoria-los-proyectos-de-ecuador-seleccionados-en-la-convocatoria-de-apoyo-a-redes-2023\/","name":"Creando puentes, reivindicando la memoria: los proyectos de Ecuador seleccionados en la Convocatoria de Apoyo a Redes 2023 - IberCultura Viva","isPartOf":{"@id":"https:\/\/iberculturaviva.org\/es\/?lang=es\/#website"},"primaryImageOfPage":{"@id":"https:\/\/iberculturaviva.org\/es\/creando-puentes-reivindicando-la-memoria-los-proyectos-de-ecuador-seleccionados-en-la-convocatoria-de-apoyo-a-redes-2023\/#primaryimage"},"image":{"@id":"https:\/\/iberculturaviva.org\/es\/creando-puentes-reivindicando-la-memoria-los-proyectos-de-ecuador-seleccionados-en-la-convocatoria-de-apoyo-a-redes-2023\/#primaryimage"},"thumbnailUrl":"https:\/\/iberculturaviva.org\/wp-content\/uploads\/2023\/07\/302909649_480614634071056_27446101675899330_n-e1689027389738.jpg","datePublished":"2023-07-10T22:49:34+00:00","dateModified":"2023-07-10T22:57:03+00:00","description":"Creando puentes, reivindicando la memoria: los proyectos de Ecuador seleccionados en la Convocatoria de Apoyo a Redes 2023 - IberCultura Viva","breadcrumb":{"@id":"https:\/\/iberculturaviva.org\/es\/creando-puentes-reivindicando-la-memoria-los-proyectos-de-ecuador-seleccionados-en-la-convocatoria-de-apoyo-a-redes-2023\/#breadcrumb"},"inLanguage":"es","potentialAction":[{"@type":"ReadAction","target":["https:\/\/iberculturaviva.org\/es\/creando-puentes-reivindicando-la-memoria-los-proyectos-de-ecuador-seleccionados-en-la-convocatoria-de-apoyo-a-redes-2023\/"]}]},{"@type":"ImageObject","inLanguage":"es","@id":"https:\/\/iberculturaviva.org\/es\/creando-puentes-reivindicando-la-memoria-los-proyectos-de-ecuador-seleccionados-en-la-convocatoria-de-apoyo-a-redes-2023\/#primaryimage","url":"https:\/\/iberculturaviva.org\/wp-content\/uploads\/2023\/07\/302909649_480614634071056_27446101675899330_n-e1689027389738.jpg","contentUrl":"https:\/\/iberculturaviva.org\/wp-content\/uploads\/2023\/07\/302909649_480614634071056_27446101675899330_n-e1689027389738.jpg","width":1971,"height":1203},{"@type":"BreadcrumbList","@id":"https:\/\/iberculturaviva.org\/es\/creando-puentes-reivindicando-la-memoria-los-proyectos-de-ecuador-seleccionados-en-la-convocatoria-de-apoyo-a-redes-2023\/#breadcrumb","itemListElement":[{"@type":"ListItem","position":1,"name":"In\u00edcio","item":"https:\/\/iberculturaviva.org\/es\/inicio\/"},{"@type":"ListItem","position":2,"name":"Creando puentes, reivindicando la memoria: los proyectos de Ecuador seleccionados en la Convocatoria de Apoyo a Redes 2023"}]},{"@type":"WebSite","@id":"https:\/\/iberculturaviva.org\/es\/?lang=es\/#website","url":"https:\/\/iberculturaviva.org\/es\/?lang=es\/","name":"IberCultura Viva","description":"Programa de cooperaci\u00f3n cultural","publisher":{"@id":"https:\/\/iberculturaviva.org\/es\/?lang=es\/#organization"},"potentialAction":[{"@type":"SearchAction","target":{"@type":"EntryPoint","urlTemplate":"https:\/\/iberculturaviva.org\/es\/?lang=es\/?s={search_term_string}"},"query-input":{"@type":"PropertyValueSpecification","valueRequired":true,"valueName":"search_term_string"}}],"inLanguage":"es"},{"@type":"Organization","@id":"https:\/\/iberculturaviva.org\/es\/?lang=es\/#organization","name":"Iberculturaviva","url":"https:\/\/iberculturaviva.org\/es\/?lang=es\/","logo":{"@type":"ImageObject","inLanguage":"es","@id":"https:\/\/iberculturaviva.org\/es\/?lang=es\/#\/schema\/logo\/image\/","url":"https:\/\/iberculturaviva.org\/wp-content\/uploads\/2021\/08\/logo_ibercultura_viva.jpg","contentUrl":"https:\/\/iberculturaviva.org\/wp-content\/uploads\/2021\/08\/logo_ibercultura_viva.jpg","width":708,"height":223,"caption":"Iberculturaviva"},"image":{"@id":"https:\/\/iberculturaviva.org\/es\/?lang=es\/#\/schema\/logo\/image\/"},"sameAs":["https:\/\/www.facebook.com\/iberculturaviva\/","https:\/\/www.instagram.com\/iberculturaviva\/","https:\/\/www.youtube.com\/iberculturaviva"]},{"@type":"Person","@id":"https:\/\/iberculturaviva.org\/es\/?lang=es\/#\/schema\/person\/5d1313b072cc25536e0431522f740b59","name":"IberCultura","image":{"@type":"ImageObject","inLanguage":"es","@id":"https:\/\/iberculturaviva.org\/es\/?lang=es\/#\/schema\/person\/image\/","url":"https:\/\/secure.gravatar.com\/avatar\/79f1a057cb125cbefb3765d0356d52fc7f3bba3a35e2cf22bc4de090bb7aef70?s=96&d=mm&r=g","contentUrl":"https:\/\/secure.gravatar.com\/avatar\/79f1a057cb125cbefb3765d0356d52fc7f3bba3a35e2cf22bc4de090bb7aef70?s=96&d=mm&r=g","caption":"IberCultura"}}]}},"main_category":{"link":"https:\/\/iberculturaviva.org\/es\/category\/noticias-es\/","name":"Noticias","slug":"noticias-es"},"_links":{"self":[{"href":"https:\/\/iberculturaviva.org\/es\/wp-json\/wp\/v2\/posts\/30855","targetHints":{"allow":["GET"]}}],"collection":[{"href":"https:\/\/iberculturaviva.org\/es\/wp-json\/wp\/v2\/posts"}],"about":[{"href":"https:\/\/iberculturaviva.org\/es\/wp-json\/wp\/v2\/types\/post"}],"author":[{"embeddable":true,"href":"https:\/\/iberculturaviva.org\/es\/wp-json\/wp\/v2\/users\/2"}],"replies":[{"embeddable":true,"href":"https:\/\/iberculturaviva.org\/es\/wp-json\/wp\/v2\/comments?post=30855"}],"version-history":[{"count":10,"href":"https:\/\/iberculturaviva.org\/es\/wp-json\/wp\/v2\/posts\/30855\/revisions"}],"predecessor-version":[{"id":30882,"href":"https:\/\/iberculturaviva.org\/es\/wp-json\/wp\/v2\/posts\/30855\/revisions\/30882"}],"wp:featuredmedia":[{"embeddable":true,"href":"https:\/\/iberculturaviva.org\/es\/wp-json\/wp\/v2\/media\/30858"}],"wp:attachment":[{"href":"https:\/\/iberculturaviva.org\/es\/wp-json\/wp\/v2\/media?parent=30855"}],"wp:term":[{"taxonomy":"category","embeddable":true,"href":"https:\/\/iberculturaviva.org\/es\/wp-json\/wp\/v2\/categories?post=30855"},{"taxonomy":"post_tag","embeddable":true,"href":"https:\/\/iberculturaviva.org\/es\/wp-json\/wp\/v2\/tags?post=30855"},{"taxonomy":"country-municipality","embeddable":true,"href":"https:\/\/iberculturaviva.org\/es\/wp-json\/wp\/v2\/country-municipality?post=30855"}],"curies":[{"name":"wp","href":"https:\/\/api.w.org\/{rel}","templated":true}]}}