{"id":30812,"date":"2023-07-06T16:10:08","date_gmt":"2023-07-06T19:10:08","guid":{"rendered":"https:\/\/iberculturaviva.org\/?p=30812"},"modified":"2023-09-19T10:59:08","modified_gmt":"2023-09-19T13:59:08","slug":"intercambiando-saberes-construyendo-una-cultura-de-paz-los-proyectos-de-colombia-seleccionados-en-la-convocatoria-de-apoyo-a-redes-2023","status":"publish","type":"post","link":"https:\/\/iberculturaviva.org\/es\/intercambiando-saberes-construyendo-una-cultura-de-paz-los-proyectos-de-colombia-seleccionados-en-la-convocatoria-de-apoyo-a-redes-2023\/","title":{"rendered":"Intercambiando saberes, construyendo una cultura de paz: los proyectos de Colombia seleccionados en la Convocatoria de Apoyo a Redes 2023"},"content":{"rendered":"<h5><strong>(Foto: Robledo Venga Parchemos)<\/strong><\/h5>\n<p style=\"text-align: justify;\"><i><span style=\"font-weight: 400;\">.<\/span><\/i><\/p>\n<p style=\"text-align: justify;\"><em><span style=\"font-weight: 400;\">L<\/span><span style=\"font-weight: 400;\">o<\/span><span style=\"font-weight: 400;\">s tres proyectos presentados por redes colombianas en la Convocatoria IberCultura Viva de Apoyo a Redes y Proyectos de Trabajo Colaborativo 2023 se desarrollar\u00e1n en diferentes departamentos del pa\u00eds, con distintas poblaciones, pe<\/span><span style=\"font-weight: 400;\">ro con objetivos en com\u00fan para la construcci\u00f3n de una cultura de paz. Una de las propuestas reunir\u00e1 nuevos creadores literarios y l\u00edderes comunitarios de la regi\u00f3n conocida como \u201cBol\u00edvar Grande\u201d en un espacio de di\u00e1logo e intercambio intercultural. Otro proyecto prev\u00e9 la realizaci\u00f3n de jornadas pedag\u00f3gicas y de intercambio de pr\u00e1cticas de buen vivir y soberan\u00eda alimentaria entre organizaciones con larga trayectoria y liderazgos y organizaciones nacientes del Eje Cafetero Colombiano. La tercera propuesta consiste en tres encuentros, en tres comunas populares de Medell\u00edn, donde se abordar\u00e1n temas como el quehacer comunitario, el cuidado, la solidaridad, la gesti\u00f3n cultural y la importancia de tejer red de apoyo entre organizaciones.\u00a0<\/span><\/em><\/p>\n<hr \/>\n<p style=\"text-align: right;\">.<\/p>\n<p style=\"text-align: right;\"><em><strong>*Nombre de la red o articulaci\u00f3n: Corporaci\u00f3n Social y Cultural Robledo Venga Parchemos<\/strong><\/em><\/p>\n<p style=\"text-align: right;\"><em><strong>* Nombre del proyecto: Tejido Comunitario Por la Vida<\/strong><\/em><\/p>\n<p>.<\/p>\n<p style=\"text-align: justify;\"><span style=\"font-weight: 400;\">El Tejido Comunitario Por la Vida, uno de los tres proyectos que se llevar\u00e1n a cabo en Colombia este a\u00f1o con el apoyo de IberCultura Viva, consiste en el desarrollo de dos\u00a0 encuentros interterritoriales para el intercambio de saberes que promuevan pr\u00e1cticas de cuidado y solidaridad entre ni\u00f1os, ni\u00f1as, j\u00f3venes y adolescentes (NNJA) y la realizaci\u00f3n de un encuentro en la ciudad que contribuya a tejer redes de apoyo entre organizaciones.<\/span><\/p>\n<p style=\"text-align: justify;\"><span style=\"font-weight: 400;\">El proyecto se desarrollar\u00e1 en tres comunas populares de la ciudad de Medell\u00edn, territorios que hoy contin\u00faan siendo receptores de v\u00edctimas del conflicto armado y donde habitan poblaciones vulnerables. Uno de estos territorios es el barrio El Para\u00edso, ubicado en la Comuna 7 &#8211; Robledo, un lugar donde sus habitantes no tienen acceso a servicios b\u00e1sicos como agua y electricidad, el control social es ejercido por grupos asociados a bandas narcotraficantes, y m\u00faltiples violencias agravan las condiciones de desigualdad, vulneraci\u00f3n y acceso a la ciudad.\u00a0<\/span><\/p>\n<p style=\"text-align: justify;\"><span style=\"font-weight: 400;\">El segundo territorio donde se desarrollar\u00e1 la propuesta ser\u00e1 el barrio Las Palmas y el sector Niquitao del barrio Col\u00f3n, en la comuna 10 de Medell\u00edn. Niquitao es una zona con grandes problem\u00e1ticas sociales en el centro de la ciudad, all\u00ed habitan personas trabajadoras sexuales, migrantes venezolanas y la comunidad indigena Embera desplazada, que viven en inquilinatos, en condiciones precarias, propensas a diversos tipos de violencias.\u00a0<\/span><\/p>\n<p style=\"text-align: justify;\"><span style=\"font-weight: 400;\">El tercer encuentro se llevar\u00e1 a cabo en el Centro de Desarrollo Cultural de Moravia, en la comuna 4 Aranjuez, un espacio c\u00e9ntrico e insigne por sus luchas pol\u00edticas y organizaci\u00f3n comunitaria en torno a la defensa de su territorio, el cual empez\u00f3 siendo un barrio dentro de un basurero, convirtiendo a sus habitantes en recicladores de su contexto. Este lugar es reconocido por los procesos y organizaciones sociales, culturales y de base comunitaria en la ciudad.<\/span><\/p>\n<p style=\"text-align: justify;\"><span style=\"font-weight: 400;\">La primera jornada, en la comuna 7, girar\u00e1 en torno a la tem\u00e1tica \u201cEl cuerpo, autocuidado y no violencia hacia las mujeres\u201d. La segunda, en la comuna 10, tendr\u00e1 como tema \u201cNarrativas Comunitarias, los colores de la solidaridad en una secci\u00f3n de muralismo colectivo\u201d. En estos espacios ser\u00e1n construidas narrativas visuales (fotograf\u00eda, videos), escritas (mensajes) y orales (podcast) a partir de las tem\u00e1ticas compartidas y propuestas para cada territorio. La intenci\u00f3n es trabajar la importancia de la solidaridad, la cooperaci\u00f3n y el apoyo mutuo para el trabajo en conjunto, la no violencia y el autocuidado. Las organizaciones participantes esperan contar con cerca de 40 ni\u00f1as, ni\u00f1os, j\u00f3venes y adolescentes cada d\u00eda.\u00a0<\/span><\/p>\n<p style=\"text-align: justify;\"><span style=\"font-weight: 400;\">Posterior a los encuentros territoriales, se llevar\u00e1 a cabo una tercera jornada, el Encuentro Tejiendo Saberes y Pr\u00e1cticas Comunitarias por la Vida. Una convocatoria ser\u00e1 abierta para ampliar el tejido con las organizaciones afines a sus procesos, y tambi\u00e9n con participaci\u00f3n del p\u00fablico en general para que se pueda poner en discusi\u00f3n temas como el quehacer comunitario, el cuidado, la solidaridad, la gesti\u00f3n cultural y la importancia de tejer red de apoyo entre organizaciones. La iniciativa pretende resaltar la importancia de las organizaciones barriales en torno al arte y la cultura que aportan a la dignificaci\u00f3n de la vida en una ciudad como Medell\u00edn, donde los y las NNJA constantemente son v\u00edctimas de diversas vulneraciones.<\/span><\/p>\n<div id=\"attachment_30828\" style=\"width: 650px\" class=\"wp-caption aligncenter\"><a href=\"https:\/\/iberculturaviva.org\/wp-content\/uploads\/2023\/07\/333570264_929172221602279_5853375095905152806_n.jpg\"><img loading=\"lazy\" decoding=\"async\" aria-describedby=\"caption-attachment-30828\" class=\"wp-image-30828 size-large\" src=\"https:\/\/iberculturaviva.org\/wp-content\/uploads\/2023\/07\/333570264_929172221602279_5853375095905152806_n-960x960.jpg\" alt=\"\" width=\"640\" height=\"640\" srcset=\"https:\/\/iberculturaviva.org\/wp-content\/uploads\/2023\/07\/333570264_929172221602279_5853375095905152806_n-960x960.jpg 960w, https:\/\/iberculturaviva.org\/wp-content\/uploads\/2023\/07\/333570264_929172221602279_5853375095905152806_n-150x150.jpg 150w, https:\/\/iberculturaviva.org\/wp-content\/uploads\/2023\/07\/333570264_929172221602279_5853375095905152806_n-768x768.jpg 768w, https:\/\/iberculturaviva.org\/wp-content\/uploads\/2023\/07\/333570264_929172221602279_5853375095905152806_n-50x50.jpg 50w, https:\/\/iberculturaviva.org\/wp-content\/uploads\/2023\/07\/333570264_929172221602279_5853375095905152806_n-125x125.jpg 125w, https:\/\/iberculturaviva.org\/wp-content\/uploads\/2023\/07\/333570264_929172221602279_5853375095905152806_n-56x56.jpg 56w, https:\/\/iberculturaviva.org\/wp-content\/uploads\/2023\/07\/333570264_929172221602279_5853375095905152806_n-640x640.jpg 640w, https:\/\/iberculturaviva.org\/wp-content\/uploads\/2023\/07\/333570264_929172221602279_5853375095905152806_n-250x250.jpg 250w, https:\/\/iberculturaviva.org\/wp-content\/uploads\/2023\/07\/333570264_929172221602279_5853375095905152806_n-40x40.jpg 40w, https:\/\/iberculturaviva.org\/wp-content\/uploads\/2023\/07\/333570264_929172221602279_5853375095905152806_n.jpg 1067w\" sizes=\"auto, (max-width: 640px) 100vw, 640px\" \/><\/a><p id=\"caption-attachment-30828\" class=\"wp-caption-text\">Festival Cine en la Isla (Foto: Robledo Venga Parchemos)<\/p><\/div>\n<p>.<\/p>\n<h4><b>Organizaciones participantes<\/b><\/h4>\n<p style=\"text-align: justify;\"><span style=\"font-weight: 400;\">En este proyecto se articulan tres organizaciones de base que se han juntado en diversas ocasiones en Medell\u00edn desde el a\u00f1o 2019: la Corporaci\u00f3n Social y Cultural Robledo Venga Parchemos, la Corporaci\u00f3n Cultural Marabuntas -Casa Cultural El Hormiguero- y la Corporaci\u00f3n Fecisla.\u00a0\u00a0<\/span><\/p>\n<p style=\"text-align: justify;\"><span style=\"font-weight: 400;\">La <\/span><a href=\"https:\/\/www.facebook.com\/comunicacionesRVP\" target=\"_blank\" rel=\"noopener noreferrer\"><span style=\"font-weight: 400;\">Corporaci\u00f3n Social y Cultural Robledo Venga Parchemos<\/span><\/a><span style=\"font-weight: 400;\">, fundada en 2014, ofrece espacios de formaci\u00f3n en clown, teatro, acrobacia a\u00e9rea, malabares y juegos esc\u00e9nicos, transversalizados por tem\u00e1ticas de no-violencia y resoluci\u00f3n de conflictos, adem\u00e1s de espacios como c\u00edrculos de mujeres, nuevas masculinidades, identidad y diversidad sexual. Tambi\u00e9n realiza eventos culturales de gran formato, como la Lunada Art\u00edstica y Cultural y el Circo al Puente, y de menor tama\u00f1o para la formaci\u00f3n de p\u00fablico, como el Canelazo literario, Temporadas Teatrales, Cine-foros, Variet\u00e9s de Circo y Unplugged de M\u00fasica Ac\u00fastica y Poes\u00eda que abordan tem\u00e1ticas como el antimilitarismo, tejidos comunitarios, resistencias, el buen vivir, ecofeminismos y econom\u00edas solidarias.\u00a0<\/span><\/p>\n<p style=\"text-align: justify;\"><span style=\"font-weight: 400;\">La <\/span><a href=\"https:\/\/www.facebook.com\/fecisla\" target=\"_blank\" rel=\"noopener noreferrer\"><span style=\"font-weight: 400;\">Corporaci\u00f3n Fecisla<\/span><\/a><span style=\"font-weight: 400;\"> desde el 2015 organiza el Festival Internacional Cine en la Isla, evento cinematogr\u00e1fico y formativo que se lleva a cabo en Isla Fuerte, comunidad insular del Caribe Colombiano. Desde la formaci\u00f3n audiovisual han trabajado con diversas instituciones p\u00fablicas y privadas, con el objetivo de que la creaci\u00f3n audiovisual sea un pretexto para comunicar, expresar y fortalecer el mensaje propio de las comunidades a trav\u00e9s de la narraci\u00f3n de sus relatos en su voz.\u00a0<\/span><\/p>\n<p style=\"text-align: justify;\"><span style=\"font-weight: 400;\">Creada tambi\u00e9n en 2015, la <\/span><a href=\"https:\/\/www.facebook.com\/ElHormigueroColectivoCultural\" target=\"_blank\" rel=\"noopener noreferrer\"><span style=\"font-weight: 400;\">Corporaci\u00f3n Cultural Marabuntas<\/span><\/a><span style=\"font-weight: 400;\"> ha realizado espacios de encuentro, conversatorios, ciclos de cine, poes\u00eda, espacios literarios, tomas culturales, talleres cortos, espect\u00e1culos circenses y musicales, tertulias, grupos de estudio, murales, espacios de discusi\u00f3n sobre tem\u00e1ticas territoriales, econ\u00f3micas, socioculturales, feminismo, agroecolog\u00eda, comunicaciones, ferias de econom\u00edas solidarias, talleres art\u00edsticos y pedag\u00f3gicos para compartir saberes. En su espacio han convergido iniciativas populares, organizaciones sociales, individualidades, j\u00f3venes, ni\u00f1os y ni\u00f1as que participan de las din\u00e1micas de los procesos comunitarios de la ciudad. <\/span><\/p>\n<p><iframe loading=\"lazy\" title=\"Escuelas de arte y Cultura para La No-Violencia (Robledo Venga Parchemos)\" width=\"500\" height=\"281\" src=\"https:\/\/www.youtube.com\/embed\/0aPx5X6Cuyc?feature=oembed\" frameborder=\"0\" allow=\"accelerometer; autoplay; clipboard-write; encrypted-media; gyroscope; picture-in-picture; web-share\" referrerpolicy=\"strict-origin-when-cross-origin\" allowfullscreen><\/iframe><\/p>\n<hr \/>\n<p>.<\/p>\n<p style=\"text-align: right;\"><em><strong>* Nombre de la red o articulaci\u00f3n: Bol\u00edvar Grande Unido por las Nuevas Narrativas Identitarias<\/strong><\/em><\/p>\n<p style=\"text-align: right;\"><em><strong>* Nombre del proyecto: \u201cEstrategia (Ruta) de promoci\u00f3n de lectura y circulaci\u00f3n de la antolog\u00eda Bol\u00edvar Literal: Contando el barrio desde nuestra piel\u201d\u00a0<\/strong><\/em><\/p>\n<p>.<\/p>\n<p style=\"text-align: justify;\"><span style=\"font-weight: 400;\">En el segundo semestre de 2022, 14 nuevos creadores literarios y l\u00edderes comunitarios de ocho municipios y corregimientos de la regi\u00f3n colombiana denominada \u201cBol\u00edvar Grande\u201d se reunieron en un laboratorio de escritura creativa. El principal resultado de este encuentro consisti\u00f3 en la producci\u00f3n de una antolog\u00eda de relatos. Para dar continuidad al trabajo en el laboratorio y producci\u00f3n del texto, cuatro organizaciones propusieron una \u201cEstrategia (ruta) de promoci\u00f3n de lectura y circulaci\u00f3n de la antolog\u00eda Bol\u00edvar Literal: Contando el barrio desde nuestra piel\u201d.\u00a0<\/span><\/p>\n<p style=\"text-align: justify;\"><span style=\"font-weight: 400;\">Esta propuesta, seleccionada en la Convocatoria IberCultura Viva de Apoyo a Redes y Proyectos de Trabajo Colaborativo 2023, ha sido dise\u00f1ada como una ruta en modalidad h\u00edbrida, a realizarse mediante nueve actividades en municipios y corregimientos de los departamentos de Bol\u00edvar y Sucre. Est\u00e1n previstos encuentros y jornadas de sensibilizaci\u00f3n en municipios como Turbaco, Arjona y Simit\u00ed (Bol\u00edvar) y San Onofre (Sucre); y en los corregimientos de Santa Ana- Isla de Bar\u00fa, El N\u00edspero- Marialabaja, Cascajal- Magangu\u00e9, y Canutalito (Ovejas).\u00a0<\/span><\/p>\n<p style=\"text-align: justify;\"><span style=\"font-weight: 400;\"><a href=\"https:\/\/iberculturaviva.org\/wp-content\/uploads\/2023\/07\/livrobolivar.jpg\"><img loading=\"lazy\" decoding=\"async\" class=\" wp-image-31364 alignright\" src=\"https:\/\/iberculturaviva.org\/wp-content\/uploads\/2023\/07\/livrobolivar.jpg\" alt=\"\" width=\"151\" height=\"220\" srcset=\"https:\/\/iberculturaviva.org\/wp-content\/uploads\/2023\/07\/livrobolivar.jpg 695w, https:\/\/iberculturaviva.org\/wp-content\/uploads\/2023\/07\/livrobolivar-125x182.jpg 125w, https:\/\/iberculturaviva.org\/wp-content\/uploads\/2023\/07\/livrobolivar-640x930.jpg 640w\" sizes=\"auto, (max-width: 151px) 100vw, 151px\" \/><\/a>Con estas actividades, adem\u00e1s de distribuir la antolog\u00eda Bol\u00edvar Literal en espacios de las redes regionales de bibliotecas p\u00fablicas, la red espera ampliar el alcance de los hallazgos obtenidos en la ejecuci\u00f3n de la primera fase del proyecto en materia de desarrollo humano y cierre de brechas de desigualdad.\u00a0<\/span><\/p>\n<p style=\"text-align: justify;\"><span style=\"font-weight: 400;\">El proyecto y la antolog\u00eda constituyen un espacio de encuentro, di\u00e1logo e intercambio intercultural entre poblaciones diversas (poblaciones urbanas, rurales, pueblos \u00e9tnicos, desplazados por la violencia, v\u00edctimas del conflicto armado, migrantes y comunidad LGBTI+); sirviendo adem\u00e1s de puente intergeneracional en torno al cierre de brechas de desigualdad, convivencia comunitaria, construcci\u00f3n de tejido social y paz liderada por habitantes de un territorio com\u00fan.<\/span><\/p>\n<p>.<\/p>\n<h4>La red<\/h4>\n<p style=\"text-align: justify;\"><span style=\"font-weight: 400;\">La red Bol\u00edvar Grande Unido por las Nuevas Narrativas Identitarias tiene como objetivo trabajar por el desarrollo humano a trav\u00e9s de la cultura, la literatura, promoci\u00f3n de lectura y divulgaci\u00f3n de nuevas narrativas identitarias de creadores literarios y l\u00edderes de la regi\u00f3n bolivarense, como aporte al dise\u00f1o e implementaci\u00f3n de soluciones encaminadas al cierre de brechas de desigualdad y carencia de ejercicio de derechos culturales.<\/span><\/p>\n<p style=\"text-align: justify;\"><span style=\"font-weight: 400;\">Las tres iniciativas integrantes de la red y la Corporaci\u00f3n Literatura para Todos E.S.A.L., que responde como responsable de la administraci\u00f3n del proyecto, cuentan con una trayectoria de trabajo colaborativo establecida a partir del a\u00f1o 2016 en los departamentos de Bol\u00edvar y Sucre. En el \u00e1mbito intersectorial las cuatro entidades han trabajado en conjunto con ICULTUR, el Ministerio de Cultura de Colombia, la Corporaci\u00f3n Manos Visibles y la Red RELATA.<\/span><\/p>\n<div id=\"attachment_30816\" style=\"width: 655px\" class=\"wp-caption aligncenter\"><a href=\"https:\/\/iberculturaviva.org\/wp-content\/uploads\/2023\/07\/fundacion_cascajal.jpg\"><img loading=\"lazy\" decoding=\"async\" aria-describedby=\"caption-attachment-30816\" class=\"wp-image-30816\" src=\"https:\/\/iberculturaviva.org\/wp-content\/uploads\/2023\/07\/fundacion_cascajal.jpg\" alt=\"\" width=\"645\" height=\"433\" srcset=\"https:\/\/iberculturaviva.org\/wp-content\/uploads\/2023\/07\/fundacion_cascajal.jpg 745w, https:\/\/iberculturaviva.org\/wp-content\/uploads\/2023\/07\/fundacion_cascajal-460x310.jpg 460w, https:\/\/iberculturaviva.org\/wp-content\/uploads\/2023\/07\/fundacion_cascajal-125x84.jpg 125w, https:\/\/iberculturaviva.org\/wp-content\/uploads\/2023\/07\/fundacion_cascajal-640x430.jpg 640w\" sizes=\"auto, (max-width: 645px) 100vw, 645px\" \/><\/a><p id=\"caption-attachment-30816\" class=\"wp-caption-text\">(Foto: Fundaci\u00f3n Cascajal)<\/p><\/div>\n<p>.<\/p>\n<p style=\"text-align: justify;\"><span style=\"font-weight: 400;\">La <\/span><a href=\"https:\/\/www.instagram.com\/fundacioncascajal\/\" target=\"_blank\" rel=\"noopener noreferrer\"><span style=\"font-weight: 400;\">Fundaci\u00f3n Cascajal- CuidArte<\/span><\/a><span style=\"font-weight: 400;\"> desde enero de 2022 realiza en el corregimiento de Cascajal (Magangu\u00e9, Bol\u00edvar) un trabajo colaborativo con biblioteca comunitaria, apoyando a la gesti\u00f3n de donaciones de libros y dispositivos electr\u00f3nicos para educaci\u00f3n de poblaci\u00f3n estudiantil y organizando actividades culturales, l\u00fadicas y concursos literarios.<\/span><\/p>\n<p style=\"text-align: justify;\"><span style=\"font-weight: 400;\">La <\/span><a href=\"https:\/\/www.instagram.com\/planideas\/\" target=\"_blank\" rel=\"noopener noreferrer\"><span style=\"font-weight: 400;\">Corporaci\u00f3n Plan Transformando Ideas<\/span><\/a><span style=\"font-weight: 400;\"> (C.P.T.I.), fundada en 2016 en el municipio de Arjona (Bol\u00edvar), act\u00faa como una plataforma de liderazgo juvenil, con apoyo a emprendimiento e iniciativas comunitarias lideradas por juventudes y participaci\u00f3n en espacios interinstitucionales con prioridad en tem\u00e1ticas de juventud (desarrollo humano, educaci\u00f3n, empleabilidad, salud p\u00fablica).<\/span><\/p>\n<p style=\"text-align: justify;\"><span style=\"font-weight: 400;\">La <\/span><a href=\"https:\/\/www.facebook.com\/profile.php?id=100068662742121\" target=\"_blank\" rel=\"noopener noreferrer\"><span style=\"font-weight: 400;\">Biblioteca Rural Itinerante Nido de Letras<\/span><\/a><span style=\"font-weight: 400;\"> fue creada en 2015 en el corregimiento de Canutalito (Ovejas, Sucre). Es una biblioteca rural comunitaria con cobertura de servicios bibliotecarios, educativos y culturales para poblaciones, veredas y caser\u00edos de la zona lim\u00edtrofe en los Montes de Mar\u00eda, entre los departamentos de Bol\u00edvar y Sucre. Su trabajo tiene \u00e9nfasis en primera infancia y adolescencia, con acciones enfocadas en promoci\u00f3n lectora, salvaguarda de tradiciones y preservaci\u00f3n de memoria hist\u00f3rica ancestral y rural.<\/span><\/p>\n<div id=\"attachment_30818\" style=\"width: 650px\" class=\"wp-caption aligncenter\"><a href=\"https:\/\/iberculturaviva.org\/wp-content\/uploads\/2023\/07\/242595492_156579476640810_6973255691779109349_n.jpg\"><img loading=\"lazy\" decoding=\"async\" aria-describedby=\"caption-attachment-30818\" class=\"wp-image-30818 size-large\" src=\"https:\/\/iberculturaviva.org\/wp-content\/uploads\/2023\/07\/242595492_156579476640810_6973255691779109349_n-960x720.jpg\" alt=\"\" width=\"640\" height=\"480\" srcset=\"https:\/\/iberculturaviva.org\/wp-content\/uploads\/2023\/07\/242595492_156579476640810_6973255691779109349_n-960x720.jpg 960w, https:\/\/iberculturaviva.org\/wp-content\/uploads\/2023\/07\/242595492_156579476640810_6973255691779109349_n-768x576.jpg 768w, https:\/\/iberculturaviva.org\/wp-content\/uploads\/2023\/07\/242595492_156579476640810_6973255691779109349_n-125x94.jpg 125w, https:\/\/iberculturaviva.org\/wp-content\/uploads\/2023\/07\/242595492_156579476640810_6973255691779109349_n-640x480.jpg 640w, https:\/\/iberculturaviva.org\/wp-content\/uploads\/2023\/07\/242595492_156579476640810_6973255691779109349_n.jpg 1440w\" sizes=\"auto, (max-width: 640px) 100vw, 640px\" \/><\/a><p id=\"caption-attachment-30818\" class=\"wp-caption-text\">(Foto: Biblioteca Nido de Letras)<\/p><\/div>\n<hr \/>\n<p style=\"text-align: right;\">.<\/p>\n<p style=\"text-align: right;\"><b><i>* <\/i><\/b><strong><em>No<\/em><\/strong><em><strong>mbre de la red o articulaci\u00f3n: Red de Organizaciones de la Semilla al Plato<\/strong><\/em><\/p>\n<p style=\"text-align: right;\"><em><strong>* Nombre del proyecto: Encuentro de la semilla al plato: culturas para el buen vivir, soberan\u00eda y salud alimentaria<\/strong><\/em><\/p>\n<p>.<\/p>\n<p style=\"text-align: justify;\"><span style=\"font-weight: 400;\">En Colombia, la regi\u00f3n del Eje Cafetero re\u00fane los departamentos de Quind\u00edo, Caldas y Risaralda, con m\u00e1s de 46 municipios. A seis a\u00f1os de la firma del Acuerdo de Paz, esta regi\u00f3n acoge organizaciones, movimientos e iniciativas que han emergido de este proceso, interesadas en activarse y vincularse a espacios culturales, comunitarios y c\u00edvicos. El proyecto \u201cEncuentro de la Semilla al Plato: culturas para el buen vivir, soberan\u00eda y salud alimentaria\u201d, presentado en la Convocatoria IberCultura Viva de Apoyo a Redes 2023,\u00a0 re\u00fane iniciativas comunitarias del Eje Cafetero que procuran fortalecer las identidades y las culturas territoriales.\u00a0<\/span><\/p>\n<p style=\"text-align: justify;\"><span style=\"font-weight: 400;\">Este encuentro sucede en el marco del Diplomado De la Semilla al Plato, liderado por la Fundaci\u00f3n Educar de Ida y Vuelta. La intenci\u00f3n es conectar la experiencia de organizaciones comunitarias y culturales que trabajan por el buen vivir y la soberan\u00eda alimentaria en los territorios con organizaciones j\u00f3venes, nacientes o liderazgos juveniles que est\u00e1n emergiendo, organizaciones de v\u00edctimas y excombatientes interesadas en fortalecer sus habilidades para organizarse, liderar iniciativas y buscan espacios para poner al servicio su vocaci\u00f3n.\u00a0<\/span><\/p>\n<p style=\"text-align: justify;\"><span style=\"font-weight: 400;\">Tanto el encuentro como los espacios de interacci\u00f3n del diplomado est\u00e1n focalizados en generar jornadas pedag\u00f3gicas y de intercambio de pr\u00e1cticas de buen vivir y soberan\u00eda alimentaria. Entre las actividades que se llevar\u00e1n a cabo entre agosto y noviembre de 2023 se encuentran talleres culinarios con semillas y frutos propios de la regi\u00f3n; talleres para el dise\u00f1o de huertos urbanos y rurales, talleres para fortalecer capacidades de salud alimentaria en entornos complejos; taller de biofertilizantes y biocontrol; taller de acercamiento a la reproducci\u00f3n y uso de plantas medicinales; taller de gobernanza territorial y generaci\u00f3n de acuerdos para la sostenibilidad y el buen vivir de territorios y comunidades.\u00a0<\/span><\/p>\n<p>.<\/p>\n<h4>Organizaciones participantes<\/h4>\n<p style=\"text-align: justify;\"><span style=\"font-weight: 400;\">A trav\u00e9s de la Fundaci\u00f3n Educar de Ida y Vuelta, varias organizaciones pertenecientes a los departamentos de Quind\u00edo, Caldas y Risaralda llevan a cabo actividades territoriales que motivan el conocimiento, rescate, uso e integraci\u00f3n de los frutos del territorio, como una forma de generar culturas de bienestar y salud. Entre ellas se encuentran la Red de Familias Quindianas Custodias de Semillas Libres, EcoGenova y el Mercado Agroecol\u00f3gico del Quind\u00edo, que presentaron esta propuesta en la convocatoria.<\/span><\/p>\n<p style=\"text-align: justify;\"><span style=\"font-weight: 400;\">La <\/span><a href=\"https:\/\/web.facebook.com\/reddefamiliasquindianascustodiasdesemillass\/?locale=es_LA&amp;_rdc=1&amp;_rdr\" target=\"_blank\" rel=\"noopener noreferrer\"><span style=\"font-weight: 400;\">Red de Familias Quindianas Custodias de Semillas Libres<\/span><\/a><span style=\"font-weight: 400;\">, creada en 2013 en la ciudad de Armenia, est\u00e1 conformada por 30 familias dedicadas al rescate, siembra y cuidado de semillas criollas y nativas, especialmente de aquellas que est\u00e1n en riesgo de desaparecer. Adem\u00e1s de realizar reuniones cada dos meses en distintos municipios del departamento del Quind\u00edo, la iniciativa apoya actividades pedag\u00f3gicas sobre estas semillas en planteles educativos y en comunidades urbanas y rurales.<\/span><\/p>\n<div id=\"attachment_30814\" style=\"width: 650px\" class=\"wp-caption aligncenter\"><a href=\"https:\/\/iberculturaviva.org\/wp-content\/uploads\/2023\/07\/283764369_3294319840811916_1069734477692072253_n.jpg\"><img loading=\"lazy\" decoding=\"async\" aria-describedby=\"caption-attachment-30814\" class=\"wp-image-30814 size-large\" src=\"https:\/\/iberculturaviva.org\/wp-content\/uploads\/2023\/07\/283764369_3294319840811916_1069734477692072253_n-e1688669388996-960x609.jpg\" alt=\"\" width=\"640\" height=\"406\" srcset=\"https:\/\/iberculturaviva.org\/wp-content\/uploads\/2023\/07\/283764369_3294319840811916_1069734477692072253_n-e1688669388996-960x609.jpg 960w, https:\/\/iberculturaviva.org\/wp-content\/uploads\/2023\/07\/283764369_3294319840811916_1069734477692072253_n-e1688669388996-768x487.jpg 768w, https:\/\/iberculturaviva.org\/wp-content\/uploads\/2023\/07\/283764369_3294319840811916_1069734477692072253_n-e1688669388996-125x79.jpg 125w, https:\/\/iberculturaviva.org\/wp-content\/uploads\/2023\/07\/283764369_3294319840811916_1069734477692072253_n-e1688669388996-640x406.jpg 640w, https:\/\/iberculturaviva.org\/wp-content\/uploads\/2023\/07\/283764369_3294319840811916_1069734477692072253_n-e1688669388996.jpg 1276w\" sizes=\"auto, (max-width: 640px) 100vw, 640px\" \/><\/a><p id=\"caption-attachment-30814\" class=\"wp-caption-text\">Red De Familias Quindianas Custodias De Semillas<\/p><\/div>\n<p>.<\/p>\n<p style=\"text-align: justify;\"><a href=\"https:\/\/ecogenova.home.blog\/\" target=\"_blank\" rel=\"noopener noreferrer\"><span style=\"font-weight: 400;\">EcoGenova<\/span><\/a><span style=\"font-weight: 400;\">, fundada en 2017 en G\u00e9nova, es una organizaci\u00f3n que trabaja por la defensa del agua, las monta\u00f1as y los r\u00edos, y tambi\u00e9n por la defensa de los derechos de las personas que habitan estos territorios. Entre las actividades que han desarrollado se encuentran el \u201cCabildo Abierto por la Defensa de los r\u00edos y contra las\u00a0 peque\u00f1as centrales hidroel\u00e9ctricas\u201d (2021), documentales y obras de teatro foro, as\u00ed como la Red de Mujeres Diversas Sembrando Igualdad, donde organizan foros y reuniones con talleres para el empoderamiento de la mujer rural.<\/span><\/p>\n<p style=\"text-align: justify;\"><span style=\"font-weight: 400;\">El <\/span><a href=\"https:\/\/web.facebook.com\/magro.quindio\/?locale=es_LA&amp;_rdc=1&amp;_rdr\" target=\"_blank\" rel=\"noopener noreferrer\"><span style=\"font-weight: 400;\">Mercado Agroecol\u00f3gico del Quind\u00edo<\/span><\/a><span style=\"font-weight: 400;\">, a su vez, existe en Armenia desde el a\u00f1o 2000. Todos los meses se realizan dos mercados donde se exponen diferentes productos agroecol\u00f3gicos de la regi\u00f3n, incentivando la producci\u00f3n local, el buen uso del territorio, la dignidad del campesinado colombiano y el rescate de tradiciones ancestrales.<\/span><\/p>\n<p><span style=\"font-weight: 400;\">&#8211;<\/span><\/p>\n","protected":false},"excerpt":{"rendered":"<p>(Foto: Robledo Venga Parchemos) . Los tres proyectos presentados por redes colombianas en la Convocatoria IberCultura Viva de Apoyo a Redes y Proyectos de Trabajo Colaborativo 2023 se desarrollar\u00e1n en [&hellip;]<\/p>\n","protected":false},"author":2,"featured_media":30835,"comment_status":"closed","ping_status":"closed","sticky":false,"template":"","format":"standard","meta":{"_coblocks_attr":"","_coblocks_dimensions":"","_coblocks_responsive_height":"","_coblocks_accordion_ie_support":"","_EventAllDay":false,"_EventTimezone":"","_EventStartDate":"","_EventEndDate":"","_EventStartDateUTC":"","_EventEndDateUTC":"","_EventShowMap":false,"_EventShowMapLink":false,"_EventURL":"","_EventCost":"","_EventCostDescription":"","_EventCurrencySymbol":"","_EventCurrencyCode":"","_EventCurrencyPosition":"","_EventDateTimeSeparator":"","_EventTimeRangeSeparator":"","_EventOrganizerID":[],"_EventVenueID":[],"_OrganizerEmail":"","_OrganizerPhone":"","_OrganizerWebsite":"","_VenueAddress":"","_VenueCity":"","_VenueCountry":"","_VenueProvince":"","_VenueState":"","_VenueZip":"","_VenuePhone":"","_VenueURL":"","_VenueStateProvince":"","_VenueLat":"","_VenueLng":"","_VenueShowMap":false,"_VenueShowMapLink":false,"footnotes":""},"categories":[262],"tags":[490,376,313],"country-municipality":[],"class_list":["post-30812","post","type-post","status-publish","format-standard","has-post-thumbnail","hentry","category-noticias-es","tag-apoio-a-redes-2023-2","tag-colombia-3","tag-redes-2"],"yoast_head":"<!-- This site is optimized with the Yoast SEO plugin v25.7 - https:\/\/yoast.com\/wordpress\/plugins\/seo\/ -->\n<title>Intercambiando saberes, construyendo una cultura de paz: los proyectos de Colombia seleccionados en la Convocatoria de Apoyo a Redes 2023 - IberCultura Viva<\/title>\n<meta name=\"description\" content=\"Intercambiando saberes, construyendo una cultura de paz: los proyectos de Colombia seleccionados en la Convocatoria de Apoyo a Redes 2023 - IberCultura Viva\" \/>\n<meta name=\"robots\" content=\"index, follow, max-snippet:-1, max-image-preview:large, max-video-preview:-1\" \/>\n<link rel=\"canonical\" href=\"https:\/\/iberculturaviva.org\/es\/intercambiando-saberes-construyendo-una-cultura-de-paz-los-proyectos-de-colombia-seleccionados-en-la-convocatoria-de-apoyo-a-redes-2023\/\" \/>\n<meta property=\"og:locale\" content=\"es_ES\" \/>\n<meta property=\"og:type\" content=\"article\" \/>\n<meta property=\"og:title\" content=\"Intercambiando saberes, construyendo una cultura de paz: los proyectos de Colombia seleccionados en la Convocatoria de Apoyo a Redes 2023 - IberCultura Viva\" \/>\n<meta property=\"og:description\" content=\"Intercambiando saberes, construyendo una cultura de paz: los proyectos de Colombia seleccionados en la Convocatoria de Apoyo a Redes 2023 - IberCultura Viva\" \/>\n<meta property=\"og:url\" content=\"https:\/\/iberculturaviva.org\/es\/intercambiando-saberes-construyendo-una-cultura-de-paz-los-proyectos-de-colombia-seleccionados-en-la-convocatoria-de-apoyo-a-redes-2023\/\" \/>\n<meta property=\"og:site_name\" content=\"IberCultura Viva\" \/>\n<meta property=\"article:publisher\" content=\"https:\/\/www.facebook.com\/iberculturaviva\/\" \/>\n<meta property=\"article:published_time\" content=\"2023-07-06T19:10:08+00:00\" \/>\n<meta property=\"article:modified_time\" content=\"2023-09-19T13:59:08+00:00\" \/>\n<meta property=\"og:image\" content=\"https:\/\/iberculturaviva.org\/wp-content\/uploads\/2023\/07\/316538870_2158711310983040_7737839973379212115_n.jpg\" \/>\n\t<meta property=\"og:image:width\" content=\"1080\" \/>\n\t<meta property=\"og:image:height\" content=\"1080\" \/>\n\t<meta property=\"og:image:type\" content=\"image\/jpeg\" \/>\n<meta name=\"author\" content=\"IberCultura\" \/>\n<meta name=\"twitter:card\" content=\"summary_large_image\" \/>\n<meta name=\"twitter:label1\" content=\"Escrito por\" \/>\n\t<meta name=\"twitter:data1\" content=\"IberCultura\" \/>\n\t<meta name=\"twitter:label2\" content=\"Tiempo de lectura\" \/>\n\t<meta name=\"twitter:data2\" content=\"14 minutos\" \/>\n<script type=\"application\/ld+json\" class=\"yoast-schema-graph\">{\"@context\":\"https:\/\/schema.org\",\"@graph\":[{\"@type\":\"Article\",\"@id\":\"https:\/\/iberculturaviva.org\/es\/intercambiando-saberes-construyendo-una-cultura-de-paz-los-proyectos-de-colombia-seleccionados-en-la-convocatoria-de-apoyo-a-redes-2023\/#article\",\"isPartOf\":{\"@id\":\"https:\/\/iberculturaviva.org\/es\/intercambiando-saberes-construyendo-una-cultura-de-paz-los-proyectos-de-colombia-seleccionados-en-la-convocatoria-de-apoyo-a-redes-2023\/\"},\"author\":{\"name\":\"IberCultura\",\"@id\":\"https:\/\/iberculturaviva.org\/es\/?lang=es\/#\/schema\/person\/5d1313b072cc25536e0431522f740b59\"},\"headline\":\"Intercambiando saberes, construyendo una cultura de paz: los proyectos de Colombia seleccionados en la Convocatoria de Apoyo a Redes 2023\",\"datePublished\":\"2023-07-06T19:10:08+00:00\",\"dateModified\":\"2023-09-19T13:59:08+00:00\",\"mainEntityOfPage\":{\"@id\":\"https:\/\/iberculturaviva.org\/es\/intercambiando-saberes-construyendo-una-cultura-de-paz-los-proyectos-de-colombia-seleccionados-en-la-convocatoria-de-apoyo-a-redes-2023\/\"},\"wordCount\":2510,\"publisher\":{\"@id\":\"https:\/\/iberculturaviva.org\/es\/?lang=es\/#organization\"},\"image\":{\"@id\":\"https:\/\/iberculturaviva.org\/es\/intercambiando-saberes-construyendo-una-cultura-de-paz-los-proyectos-de-colombia-seleccionados-en-la-convocatoria-de-apoyo-a-redes-2023\/#primaryimage\"},\"thumbnailUrl\":\"https:\/\/iberculturaviva.org\/wp-content\/uploads\/2023\/07\/316538870_2158711310983040_7737839973379212115_n.jpg\",\"keywords\":[\"Apoio a Redes 2023\",\"Colombia\",\"redes\"],\"articleSection\":[\"Noticias\"],\"inLanguage\":\"es\"},{\"@type\":\"WebPage\",\"@id\":\"https:\/\/iberculturaviva.org\/es\/intercambiando-saberes-construyendo-una-cultura-de-paz-los-proyectos-de-colombia-seleccionados-en-la-convocatoria-de-apoyo-a-redes-2023\/\",\"url\":\"https:\/\/iberculturaviva.org\/es\/intercambiando-saberes-construyendo-una-cultura-de-paz-los-proyectos-de-colombia-seleccionados-en-la-convocatoria-de-apoyo-a-redes-2023\/\",\"name\":\"Intercambiando saberes, construyendo una cultura de paz: los proyectos de Colombia seleccionados en la Convocatoria de Apoyo a Redes 2023 - IberCultura Viva\",\"isPartOf\":{\"@id\":\"https:\/\/iberculturaviva.org\/es\/?lang=es\/#website\"},\"primaryImageOfPage\":{\"@id\":\"https:\/\/iberculturaviva.org\/es\/intercambiando-saberes-construyendo-una-cultura-de-paz-los-proyectos-de-colombia-seleccionados-en-la-convocatoria-de-apoyo-a-redes-2023\/#primaryimage\"},\"image\":{\"@id\":\"https:\/\/iberculturaviva.org\/es\/intercambiando-saberes-construyendo-una-cultura-de-paz-los-proyectos-de-colombia-seleccionados-en-la-convocatoria-de-apoyo-a-redes-2023\/#primaryimage\"},\"thumbnailUrl\":\"https:\/\/iberculturaviva.org\/wp-content\/uploads\/2023\/07\/316538870_2158711310983040_7737839973379212115_n.jpg\",\"datePublished\":\"2023-07-06T19:10:08+00:00\",\"dateModified\":\"2023-09-19T13:59:08+00:00\",\"description\":\"Intercambiando saberes, construyendo una cultura de paz: los proyectos de Colombia seleccionados en la Convocatoria de Apoyo a Redes 2023 - IberCultura Viva\",\"breadcrumb\":{\"@id\":\"https:\/\/iberculturaviva.org\/es\/intercambiando-saberes-construyendo-una-cultura-de-paz-los-proyectos-de-colombia-seleccionados-en-la-convocatoria-de-apoyo-a-redes-2023\/#breadcrumb\"},\"inLanguage\":\"es\",\"potentialAction\":[{\"@type\":\"ReadAction\",\"target\":[\"https:\/\/iberculturaviva.org\/es\/intercambiando-saberes-construyendo-una-cultura-de-paz-los-proyectos-de-colombia-seleccionados-en-la-convocatoria-de-apoyo-a-redes-2023\/\"]}]},{\"@type\":\"ImageObject\",\"inLanguage\":\"es\",\"@id\":\"https:\/\/iberculturaviva.org\/es\/intercambiando-saberes-construyendo-una-cultura-de-paz-los-proyectos-de-colombia-seleccionados-en-la-convocatoria-de-apoyo-a-redes-2023\/#primaryimage\",\"url\":\"https:\/\/iberculturaviva.org\/wp-content\/uploads\/2023\/07\/316538870_2158711310983040_7737839973379212115_n.jpg\",\"contentUrl\":\"https:\/\/iberculturaviva.org\/wp-content\/uploads\/2023\/07\/316538870_2158711310983040_7737839973379212115_n.jpg\",\"width\":1080,\"height\":1080},{\"@type\":\"BreadcrumbList\",\"@id\":\"https:\/\/iberculturaviva.org\/es\/intercambiando-saberes-construyendo-una-cultura-de-paz-los-proyectos-de-colombia-seleccionados-en-la-convocatoria-de-apoyo-a-redes-2023\/#breadcrumb\",\"itemListElement\":[{\"@type\":\"ListItem\",\"position\":1,\"name\":\"In\u00edcio\",\"item\":\"https:\/\/iberculturaviva.org\/es\/inicio\/\"},{\"@type\":\"ListItem\",\"position\":2,\"name\":\"Intercambiando saberes, construyendo una cultura de paz: los proyectos de Colombia seleccionados en la Convocatoria de Apoyo a Redes 2023\"}]},{\"@type\":\"WebSite\",\"@id\":\"https:\/\/iberculturaviva.org\/es\/?lang=es\/#website\",\"url\":\"https:\/\/iberculturaviva.org\/es\/?lang=es\/\",\"name\":\"IberCultura Viva\",\"description\":\"Programa de cooperaci\u00f3n cultural\",\"publisher\":{\"@id\":\"https:\/\/iberculturaviva.org\/es\/?lang=es\/#organization\"},\"potentialAction\":[{\"@type\":\"SearchAction\",\"target\":{\"@type\":\"EntryPoint\",\"urlTemplate\":\"https:\/\/iberculturaviva.org\/es\/?lang=es\/?s={search_term_string}\"},\"query-input\":{\"@type\":\"PropertyValueSpecification\",\"valueRequired\":true,\"valueName\":\"search_term_string\"}}],\"inLanguage\":\"es\"},{\"@type\":\"Organization\",\"@id\":\"https:\/\/iberculturaviva.org\/es\/?lang=es\/#organization\",\"name\":\"Iberculturaviva\",\"url\":\"https:\/\/iberculturaviva.org\/es\/?lang=es\/\",\"logo\":{\"@type\":\"ImageObject\",\"inLanguage\":\"es\",\"@id\":\"https:\/\/iberculturaviva.org\/es\/?lang=es\/#\/schema\/logo\/image\/\",\"url\":\"https:\/\/iberculturaviva.org\/wp-content\/uploads\/2021\/08\/logo_ibercultura_viva.jpg\",\"contentUrl\":\"https:\/\/iberculturaviva.org\/wp-content\/uploads\/2021\/08\/logo_ibercultura_viva.jpg\",\"width\":708,\"height\":223,\"caption\":\"Iberculturaviva\"},\"image\":{\"@id\":\"https:\/\/iberculturaviva.org\/es\/?lang=es\/#\/schema\/logo\/image\/\"},\"sameAs\":[\"https:\/\/www.facebook.com\/iberculturaviva\/\",\"https:\/\/www.instagram.com\/iberculturaviva\/\",\"https:\/\/www.youtube.com\/iberculturaviva\"]},{\"@type\":\"Person\",\"@id\":\"https:\/\/iberculturaviva.org\/es\/?lang=es\/#\/schema\/person\/5d1313b072cc25536e0431522f740b59\",\"name\":\"IberCultura\",\"image\":{\"@type\":\"ImageObject\",\"inLanguage\":\"es\",\"@id\":\"https:\/\/iberculturaviva.org\/es\/?lang=es\/#\/schema\/person\/image\/\",\"url\":\"https:\/\/secure.gravatar.com\/avatar\/79f1a057cb125cbefb3765d0356d52fc7f3bba3a35e2cf22bc4de090bb7aef70?s=96&d=mm&r=g\",\"contentUrl\":\"https:\/\/secure.gravatar.com\/avatar\/79f1a057cb125cbefb3765d0356d52fc7f3bba3a35e2cf22bc4de090bb7aef70?s=96&d=mm&r=g\",\"caption\":\"IberCultura\"}}]}<\/script>\n<!-- \/ Yoast SEO plugin. -->","yoast_head_json":{"title":"Intercambiando saberes, construyendo una cultura de paz: los proyectos de Colombia seleccionados en la Convocatoria de Apoyo a Redes 2023 - IberCultura Viva","description":"Intercambiando saberes, construyendo una cultura de paz: los proyectos de Colombia seleccionados en la Convocatoria de Apoyo a Redes 2023 - IberCultura Viva","robots":{"index":"index","follow":"follow","max-snippet":"max-snippet:-1","max-image-preview":"max-image-preview:large","max-video-preview":"max-video-preview:-1"},"canonical":"https:\/\/iberculturaviva.org\/es\/intercambiando-saberes-construyendo-una-cultura-de-paz-los-proyectos-de-colombia-seleccionados-en-la-convocatoria-de-apoyo-a-redes-2023\/","og_locale":"es_ES","og_type":"article","og_title":"Intercambiando saberes, construyendo una cultura de paz: los proyectos de Colombia seleccionados en la Convocatoria de Apoyo a Redes 2023 - IberCultura Viva","og_description":"Intercambiando saberes, construyendo una cultura de paz: los proyectos de Colombia seleccionados en la Convocatoria de Apoyo a Redes 2023 - IberCultura Viva","og_url":"https:\/\/iberculturaviva.org\/es\/intercambiando-saberes-construyendo-una-cultura-de-paz-los-proyectos-de-colombia-seleccionados-en-la-convocatoria-de-apoyo-a-redes-2023\/","og_site_name":"IberCultura Viva","article_publisher":"https:\/\/www.facebook.com\/iberculturaviva\/","article_published_time":"2023-07-06T19:10:08+00:00","article_modified_time":"2023-09-19T13:59:08+00:00","og_image":[{"width":1080,"height":1080,"url":"https:\/\/iberculturaviva.org\/wp-content\/uploads\/2023\/07\/316538870_2158711310983040_7737839973379212115_n.jpg","type":"image\/jpeg"}],"author":"IberCultura","twitter_card":"summary_large_image","twitter_misc":{"Escrito por":"IberCultura","Tiempo de lectura":"14 minutos"},"schema":{"@context":"https:\/\/schema.org","@graph":[{"@type":"Article","@id":"https:\/\/iberculturaviva.org\/es\/intercambiando-saberes-construyendo-una-cultura-de-paz-los-proyectos-de-colombia-seleccionados-en-la-convocatoria-de-apoyo-a-redes-2023\/#article","isPartOf":{"@id":"https:\/\/iberculturaviva.org\/es\/intercambiando-saberes-construyendo-una-cultura-de-paz-los-proyectos-de-colombia-seleccionados-en-la-convocatoria-de-apoyo-a-redes-2023\/"},"author":{"name":"IberCultura","@id":"https:\/\/iberculturaviva.org\/es\/?lang=es\/#\/schema\/person\/5d1313b072cc25536e0431522f740b59"},"headline":"Intercambiando saberes, construyendo una cultura de paz: los proyectos de Colombia seleccionados en la Convocatoria de Apoyo a Redes 2023","datePublished":"2023-07-06T19:10:08+00:00","dateModified":"2023-09-19T13:59:08+00:00","mainEntityOfPage":{"@id":"https:\/\/iberculturaviva.org\/es\/intercambiando-saberes-construyendo-una-cultura-de-paz-los-proyectos-de-colombia-seleccionados-en-la-convocatoria-de-apoyo-a-redes-2023\/"},"wordCount":2510,"publisher":{"@id":"https:\/\/iberculturaviva.org\/es\/?lang=es\/#organization"},"image":{"@id":"https:\/\/iberculturaviva.org\/es\/intercambiando-saberes-construyendo-una-cultura-de-paz-los-proyectos-de-colombia-seleccionados-en-la-convocatoria-de-apoyo-a-redes-2023\/#primaryimage"},"thumbnailUrl":"https:\/\/iberculturaviva.org\/wp-content\/uploads\/2023\/07\/316538870_2158711310983040_7737839973379212115_n.jpg","keywords":["Apoio a Redes 2023","Colombia","redes"],"articleSection":["Noticias"],"inLanguage":"es"},{"@type":"WebPage","@id":"https:\/\/iberculturaviva.org\/es\/intercambiando-saberes-construyendo-una-cultura-de-paz-los-proyectos-de-colombia-seleccionados-en-la-convocatoria-de-apoyo-a-redes-2023\/","url":"https:\/\/iberculturaviva.org\/es\/intercambiando-saberes-construyendo-una-cultura-de-paz-los-proyectos-de-colombia-seleccionados-en-la-convocatoria-de-apoyo-a-redes-2023\/","name":"Intercambiando saberes, construyendo una cultura de paz: los proyectos de Colombia seleccionados en la Convocatoria de Apoyo a Redes 2023 - IberCultura Viva","isPartOf":{"@id":"https:\/\/iberculturaviva.org\/es\/?lang=es\/#website"},"primaryImageOfPage":{"@id":"https:\/\/iberculturaviva.org\/es\/intercambiando-saberes-construyendo-una-cultura-de-paz-los-proyectos-de-colombia-seleccionados-en-la-convocatoria-de-apoyo-a-redes-2023\/#primaryimage"},"image":{"@id":"https:\/\/iberculturaviva.org\/es\/intercambiando-saberes-construyendo-una-cultura-de-paz-los-proyectos-de-colombia-seleccionados-en-la-convocatoria-de-apoyo-a-redes-2023\/#primaryimage"},"thumbnailUrl":"https:\/\/iberculturaviva.org\/wp-content\/uploads\/2023\/07\/316538870_2158711310983040_7737839973379212115_n.jpg","datePublished":"2023-07-06T19:10:08+00:00","dateModified":"2023-09-19T13:59:08+00:00","description":"Intercambiando saberes, construyendo una cultura de paz: los proyectos de Colombia seleccionados en la Convocatoria de Apoyo a Redes 2023 - IberCultura Viva","breadcrumb":{"@id":"https:\/\/iberculturaviva.org\/es\/intercambiando-saberes-construyendo-una-cultura-de-paz-los-proyectos-de-colombia-seleccionados-en-la-convocatoria-de-apoyo-a-redes-2023\/#breadcrumb"},"inLanguage":"es","potentialAction":[{"@type":"ReadAction","target":["https:\/\/iberculturaviva.org\/es\/intercambiando-saberes-construyendo-una-cultura-de-paz-los-proyectos-de-colombia-seleccionados-en-la-convocatoria-de-apoyo-a-redes-2023\/"]}]},{"@type":"ImageObject","inLanguage":"es","@id":"https:\/\/iberculturaviva.org\/es\/intercambiando-saberes-construyendo-una-cultura-de-paz-los-proyectos-de-colombia-seleccionados-en-la-convocatoria-de-apoyo-a-redes-2023\/#primaryimage","url":"https:\/\/iberculturaviva.org\/wp-content\/uploads\/2023\/07\/316538870_2158711310983040_7737839973379212115_n.jpg","contentUrl":"https:\/\/iberculturaviva.org\/wp-content\/uploads\/2023\/07\/316538870_2158711310983040_7737839973379212115_n.jpg","width":1080,"height":1080},{"@type":"BreadcrumbList","@id":"https:\/\/iberculturaviva.org\/es\/intercambiando-saberes-construyendo-una-cultura-de-paz-los-proyectos-de-colombia-seleccionados-en-la-convocatoria-de-apoyo-a-redes-2023\/#breadcrumb","itemListElement":[{"@type":"ListItem","position":1,"name":"In\u00edcio","item":"https:\/\/iberculturaviva.org\/es\/inicio\/"},{"@type":"ListItem","position":2,"name":"Intercambiando saberes, construyendo una cultura de paz: los proyectos de Colombia seleccionados en la Convocatoria de Apoyo a Redes 2023"}]},{"@type":"WebSite","@id":"https:\/\/iberculturaviva.org\/es\/?lang=es\/#website","url":"https:\/\/iberculturaviva.org\/es\/?lang=es\/","name":"IberCultura Viva","description":"Programa de cooperaci\u00f3n cultural","publisher":{"@id":"https:\/\/iberculturaviva.org\/es\/?lang=es\/#organization"},"potentialAction":[{"@type":"SearchAction","target":{"@type":"EntryPoint","urlTemplate":"https:\/\/iberculturaviva.org\/es\/?lang=es\/?s={search_term_string}"},"query-input":{"@type":"PropertyValueSpecification","valueRequired":true,"valueName":"search_term_string"}}],"inLanguage":"es"},{"@type":"Organization","@id":"https:\/\/iberculturaviva.org\/es\/?lang=es\/#organization","name":"Iberculturaviva","url":"https:\/\/iberculturaviva.org\/es\/?lang=es\/","logo":{"@type":"ImageObject","inLanguage":"es","@id":"https:\/\/iberculturaviva.org\/es\/?lang=es\/#\/schema\/logo\/image\/","url":"https:\/\/iberculturaviva.org\/wp-content\/uploads\/2021\/08\/logo_ibercultura_viva.jpg","contentUrl":"https:\/\/iberculturaviva.org\/wp-content\/uploads\/2021\/08\/logo_ibercultura_viva.jpg","width":708,"height":223,"caption":"Iberculturaviva"},"image":{"@id":"https:\/\/iberculturaviva.org\/es\/?lang=es\/#\/schema\/logo\/image\/"},"sameAs":["https:\/\/www.facebook.com\/iberculturaviva\/","https:\/\/www.instagram.com\/iberculturaviva\/","https:\/\/www.youtube.com\/iberculturaviva"]},{"@type":"Person","@id":"https:\/\/iberculturaviva.org\/es\/?lang=es\/#\/schema\/person\/5d1313b072cc25536e0431522f740b59","name":"IberCultura","image":{"@type":"ImageObject","inLanguage":"es","@id":"https:\/\/iberculturaviva.org\/es\/?lang=es\/#\/schema\/person\/image\/","url":"https:\/\/secure.gravatar.com\/avatar\/79f1a057cb125cbefb3765d0356d52fc7f3bba3a35e2cf22bc4de090bb7aef70?s=96&d=mm&r=g","contentUrl":"https:\/\/secure.gravatar.com\/avatar\/79f1a057cb125cbefb3765d0356d52fc7f3bba3a35e2cf22bc4de090bb7aef70?s=96&d=mm&r=g","caption":"IberCultura"}}]}},"main_category":{"link":"https:\/\/iberculturaviva.org\/es\/category\/noticias-es\/","name":"Noticias","slug":"noticias-es"},"_links":{"self":[{"href":"https:\/\/iberculturaviva.org\/es\/wp-json\/wp\/v2\/posts\/30812","targetHints":{"allow":["GET"]}}],"collection":[{"href":"https:\/\/iberculturaviva.org\/es\/wp-json\/wp\/v2\/posts"}],"about":[{"href":"https:\/\/iberculturaviva.org\/es\/wp-json\/wp\/v2\/types\/post"}],"author":[{"embeddable":true,"href":"https:\/\/iberculturaviva.org\/es\/wp-json\/wp\/v2\/users\/2"}],"replies":[{"embeddable":true,"href":"https:\/\/iberculturaviva.org\/es\/wp-json\/wp\/v2\/comments?post=30812"}],"version-history":[{"count":11,"href":"https:\/\/iberculturaviva.org\/es\/wp-json\/wp\/v2\/posts\/30812\/revisions"}],"predecessor-version":[{"id":31367,"href":"https:\/\/iberculturaviva.org\/es\/wp-json\/wp\/v2\/posts\/30812\/revisions\/31367"}],"wp:featuredmedia":[{"embeddable":true,"href":"https:\/\/iberculturaviva.org\/es\/wp-json\/wp\/v2\/media\/30835"}],"wp:attachment":[{"href":"https:\/\/iberculturaviva.org\/es\/wp-json\/wp\/v2\/media?parent=30812"}],"wp:term":[{"taxonomy":"category","embeddable":true,"href":"https:\/\/iberculturaviva.org\/es\/wp-json\/wp\/v2\/categories?post=30812"},{"taxonomy":"post_tag","embeddable":true,"href":"https:\/\/iberculturaviva.org\/es\/wp-json\/wp\/v2\/tags?post=30812"},{"taxonomy":"country-municipality","embeddable":true,"href":"https:\/\/iberculturaviva.org\/es\/wp-json\/wp\/v2\/country-municipality?post=30812"}],"curies":[{"name":"wp","href":"https:\/\/api.w.org\/{rel}","templated":true}]}}