{"id":30461,"date":"2023-06-16T16:25:09","date_gmt":"2023-06-16T19:25:09","guid":{"rendered":"https:\/\/www.iberculturaviva.org\/?p=30461"},"modified":"2023-11-20T21:41:32","modified_gmt":"2023-11-21T00:41:32","slug":"34-proyectos-fueron-seleccionados-en-la-convocatoria-de-apoyo-a-redes-y-proyectos-de-trabajo-colaborativo-2023","status":"publish","type":"post","link":"https:\/\/iberculturaviva.org\/es\/34-proyectos-fueron-seleccionados-en-la-convocatoria-de-apoyo-a-redes-y-proyectos-de-trabajo-colaborativo-2023\/","title":{"rendered":"34 proyectos fueron seleccionados en la Convocatoria de Apoyo a Redes y Proyectos de Trabajo Colaborativo 2023"},"content":{"rendered":"<h5><\/h5>\n<p>.<\/p>\n<p style=\"text-align: justify;\"><span style=\"font-weight: 400;\">Un encuentro internacional de feminismos comunitarios campesinos y populares en Argentina; un festival.en torno a la palabra de las personas migrantes, racializadas y disidentes sexuales en Espa\u00f1a; un ciclo de di\u00e1logos sobre experiencias art\u00edsticas junto a mujeres y disidencias encarceladas en Chile; un encuentro de l\u00edderes comunitarios en defensa de la cultura de la tierra en Costa Rica; un festival intercultural con las manifestaciones art\u00edsticas del pueblo afroecuatoriano Chachi y \u00c9pera; un encuentro de comunicaci\u00f3n popular reuniendo mujeres ind\u00edgenas y campesinas en M\u00e9xico; un ciclo de \u201cfogones digitales\u201d con ind\u00edgenas de Argentina, Brasil y Chile para la producci\u00f3n de obras de arte ind\u00edgena apropi\u00e1ndose de la inteligencia artificial; un encuentro regional de cultura viva comunitaria en El Salvador; la tercera edici\u00f3n de los Intercambios de Saberes para la Gesti\u00f3n Cultural Comunitaria en Paraguay.<\/span><\/p>\n<p style=\"text-align: justify;\"><span style=\"font-weight: 400;\">Estos son algunos de los <a href=\"https:\/\/iberculturaviva.org\/wp-content\/uploads\/2023\/06\/III-INFORMACION-SELECCIONADAS-Redes-2023.docx_signed.pdf\" target=\"_blank\" rel=\"noopener noreferrer\">34 proyectos seleccionados<\/a> en la Convocatoria IberCultura Viva de Apoyo a Redes y Proyectos de Trabajo Colaborativo 2023. El monto total destinado a esta edici\u00f3n de la convocatoria es de 174 mil d\u00f3lares, el m\u00e1s grande que otorga IberCultura Viva hasta el momento. Cada proyecto seleccionado recibir\u00e1 hasta 5 mil d\u00f3lares para utilizar en los gastos de producci\u00f3n y comunicaci\u00f3n del evento propuesto.\u00a0<\/span><\/p>\n<p style=\"text-align: justify;\"><span style=\"font-weight: 400;\">Las 34 propuestas ganadoras que se encuentran en la lista publicada este viernes 16 de junio son provenientes<\/span><span style=\"font-weight: 400;\"> de 12 pa\u00edses: <\/span><span style=\"font-weight: 400;\">3 de Argentina, 3 de Brasil, 3 de Chile, 3 de Colombia, 3 de El Salvador, 3 de Ecuador, 3 de M\u00e9xico, 3 de Paraguay, 3 de Per\u00fa, 3 de Uruguay, 2 de Espa\u00f1a y 2 de Costa Rica.\u00a0<\/span><\/p>\n<p style=\"text-align: justify;\"><span style=\"font-weight: 400;\">La selecci\u00f3n tuvo en cuenta criterios como la adecuaci\u00f3n a los objetivos estrat\u00e9gicos de IberCultura Viva, los impactos art\u00edstico-culturales, econ\u00f3micos y\/o sociales del proyecto, la experiencia de la red o articulaci\u00f3n proponente, la evaluaci\u00f3n de la propuesta t\u00e9cnica, y la coherencia y adecuaci\u00f3n del presupuesto y del plan de trabajo a los objetivos y estrategias planteados. Los criterios y su respectiva puntuaci\u00f3n estaban establecidos en las bases de la convocatoria. Aquellos proyectos que obtuvieron los m\u00e1s altos puntajes en cada pa\u00eds fueron los seleccionados para recibir el apoyo econ\u00f3mico.<\/span><\/p>\n<p style=\"text-align: justify;\"><span style=\"font-weight: 400;\">Las redes que han sido seleccionadas en la convocatoria ser\u00e1n contactadas por la Unidad T\u00e9cnica de IberCultura Viva en los pr\u00f3ximos d\u00edas para realizar los tr\u00e1mites que permitan el pago de los recursos financieros a las organizaciones responsables.<\/span><\/p>\n<p><a href=\"https:\/\/iberculturaviva.org\/wp-content\/uploads\/2023\/06\/356921455_666201555551126_2449878912394579037_n.jpg\"><img loading=\"lazy\" decoding=\"async\" class=\"aligncenter size-large wp-image-30802\" src=\"https:\/\/iberculturaviva.org\/wp-content\/uploads\/2023\/06\/356921455_666201555551126_2449878912394579037_n-960x510.jpg\" alt=\"\" width=\"640\" height=\"340\" srcset=\"https:\/\/iberculturaviva.org\/wp-content\/uploads\/2023\/06\/356921455_666201555551126_2449878912394579037_n-960x510.jpg 960w, https:\/\/iberculturaviva.org\/wp-content\/uploads\/2023\/06\/356921455_666201555551126_2449878912394579037_n-768x408.jpg 768w, https:\/\/iberculturaviva.org\/wp-content\/uploads\/2023\/06\/356921455_666201555551126_2449878912394579037_n-1536x816.jpg 1536w, https:\/\/iberculturaviva.org\/wp-content\/uploads\/2023\/06\/356921455_666201555551126_2449878912394579037_n-125x66.jpg 125w, https:\/\/iberculturaviva.org\/wp-content\/uploads\/2023\/06\/356921455_666201555551126_2449878912394579037_n-640x340.jpg 640w, https:\/\/iberculturaviva.org\/wp-content\/uploads\/2023\/06\/356921455_666201555551126_2449878912394579037_n.jpg 2000w\" sizes=\"auto, (max-width: 640px) 100vw, 640px\" \/><\/a><\/p>\n<p>.<\/p>\n<h4>La convocatoria<\/h4>\n<p style=\"text-align: justify;\"><span style=\"font-weight: 400;\">La Convocatoria IberCultura Viva de Apoyo a Redes y Proyectos de Trabajo Colaborativo 2023 recibi\u00f3 208 inscripciones. De este total, 157 postulaciones fueron consideradas habilitadas y pasaron a la segunda etapa del proceso de selecci\u00f3n, en la que los proyectos habilitados son evaluados por los y las representantes de los gobiernos de cada uno de los 12 pa\u00edses participantes (cada gobierno se encarga de evaluar los proyectos de su propio pa\u00eds). El pa\u00eds con el mayor n\u00famero de propuestas habilitadas fue Colombia, con 49 proyectos evaluados. M\u00e9xico (20), Chile (19), Argentina (16) y Per\u00fa (13) fueron los otros pa\u00edses que presentaron m\u00e1s proyectos en esta edici\u00f3n.<\/span><\/p>\n<p style=\"text-align: justify;\"><span style=\"font-weight: 400;\">El plazo de inscripci\u00f3n en la plataforma Mapa IberCultura Viva comenz\u00f3 el 10 de febrero y termin\u00f3 el 20 de abril. Seg\u00fan las bases, ser\u00edan aceptados como eventos en esta convocatoria: asambleas, encuentros, congresos, jornadas de sensibilizaci\u00f3n, seminarios, festivales, ferias, coloquios y simposios. Este a\u00f1o tambi\u00e9n era posible presentar propuestas con la tem\u00e1tica de la inclusi\u00f3n digital, para promover proyectos de redes que pongan en pr\u00e1ctica y\/o fomenten el acceso a internet de las comunidades. Las actividades deb\u00edan realizarse entre junio y noviembre de 2023, con entrada gratuita.<\/span><\/p>\n<p>.<\/p>\n<h4><strong><a href=\"https:\/\/iberculturaviva.org\/wp-content\/uploads\/2023\/06\/III-INFORMACION-SELECCIONADAS-Redes-2023.docx_signed.pdf\">\u21d2Revisa la lista de proyectos seleccionados (resultado final)<\/a><\/strong><\/h4>\n<p>.<\/p>\n<h4><b>Lea tambi\u00e9n:<\/b><\/h4>\n<ul>\n<li><a href=\"https:\/\/iberculturaviva.org\/creando-puentes-reivindicando-la-memoria-los-proyectos-de-ecuador-seleccionados-en-la-convocatoria-de-apoyo-a-redes-2023\/?lang=es\">Creando puentes, reivindicando la memoria: los proyectos de Ecuador seleccionados en la Convocatoria de Apoyo a Redes 2023<\/a><\/li>\n<li><a href=\"https:\/\/iberculturaviva.org\/intercambiando-saberes-construyendo-una-cultura-de-paz-los-proyectos-de-colombia-seleccionados-en-la-convocatoria-de-apoyo-a-redes-2023\/?lang=es\" target=\"_blank\" rel=\"noopener noreferrer\">Intercambiando saberes, construyendo una cultura de paz: los proyectos de Colombia seleccionados en la Convocatoria de Apoyo a Redes 2023<\/a><\/li>\n<li><a href=\"https:\/\/iberculturaviva.org\/celebrando-las-infancias-y-las-comunidades-migrantes-construyendo-otros-mundos-posibles-los-proyectos-de-chile-seleccionados-en-la-convocatoria-de-apoyo-a-redes-2023\/?lang=es\">Celebrando las infancias y las comunidades migrantes, construyendo otros mundos posibles: los proyectos de Chile seleccionados en la Convocatoria de Apoyo a Redes 2023<\/a><\/li>\n<li><a href=\"https:\/\/iberculturaviva.org\/en-defensa-de-la-tierra-y-de-los-derechos-de-los-pueblos-originarios-los-proyectos-de-costa-rica-seleccionados-en-la-convocatoria-de-apoyo-a-redes-2023\/?lang=es\">En defensa de la tierra y de los derechos de los pueblos originarios: los proyectos de Costa Rica seleccionados en la Convocatoria de Apoyo a Redes 2023<\/a><\/li>\n<li><a href=\"https:\/\/iberculturaviva.org\/identidad-afro-fe-y-fiesta-arte-indigena-e-inteligencia-artificial-los-proyectos-de-brasil-seleccionados-en-la-convocatoria-de-apoyo-a-redes-2023\/?lang=es\">Identidad afro, fe y fiesta, arte ind\u00edgena e inteligencia artificial: los proyectos de Brasil seleccionados en la Convocatoria de Apoyo a Redes 2023<\/a><\/li>\n<li>\n<p class=\"blogtitle\"><a title=\"Permanent Link to Encuentros de feminismos, de candombes y de formaci\u00f3n en cultura viva: los proyectos de Argentina seleccionados en la Convocatoria de Apoyo a Redes 2023\" href=\"https:\/\/iberculturaviva.org\/encuentros-de-feminismos-de-candombes-y-de-formacion-en-cultura-viva-los-proyectos-de-argentina-seleccionados-en-la-convocatoria-de-apoyo-a-redes-2023\/?lang=es\">Encuentros de feminismos, de candombes y de formaci\u00f3n en cultura viva: los proyectos de Argentina seleccionados en la Convocatoria de Apoyo a Redes 2023<\/a><\/p>\n<\/li>\n<\/ul>\n<p><a href=\"https:\/\/iberculturaviva.org\/convocatoria-de-apoyo-a-redes-2023-tiene-157-postulaciones-habilitadas\/?lang=es\" target=\"_blank\" rel=\"noopener noreferrer\"><span style=\"font-weight: 400;\">Convocatoria de Apoyo a Redes y Proyectos de Trabajo Colaborativo 2023 tiene 157 postulaciones habilitadas<\/span><\/a><\/p>\n<p><a href=\"https:\/\/iberculturaviva.org\/ibercultura-viva-abre-el-plazo-de-inscripcion-para-la-convocatoria-de-apoyo-a-redes-y-proyectos-de-trabajo-colaborativo-2023\/?lang=es\" target=\"_blank\" rel=\"noopener noreferrer\"><span style=\"font-weight: 400;\">IberCultura Viva abre el plazo de inscripci\u00f3n para la Convocatoria de Apoyo a Redes 2023\u00a0<\/span><\/a><\/p>\n","protected":false},"excerpt":{"rendered":"<p>. Un encuentro internacional de feminismos comunitarios campesinos y populares en Argentina; un festival.en torno a la palabra de las personas migrantes, racializadas y disidentes sexuales en Espa\u00f1a; un ciclo [&hellip;]<\/p>\n","protected":false},"author":2,"featured_media":28911,"comment_status":"closed","ping_status":"closed","sticky":false,"template":"","format":"standard","meta":{"_coblocks_attr":"","_coblocks_dimensions":"","_coblocks_responsive_height":"","_coblocks_accordion_ie_support":"","_EventAllDay":false,"_EventTimezone":"","_EventStartDate":"","_EventEndDate":"","_EventStartDateUTC":"","_EventEndDateUTC":"","_EventShowMap":false,"_EventShowMapLink":false,"_EventURL":"","_EventCost":"","_EventCostDescription":"","_EventCurrencySymbol":"","_EventCurrencyCode":"","_EventCurrencyPosition":"","_EventDateTimeSeparator":"","_EventTimeRangeSeparator":"","_EventOrganizerID":[],"_EventVenueID":[],"_OrganizerEmail":"","_OrganizerPhone":"","_OrganizerWebsite":"","_VenueAddress":"","_VenueCity":"","_VenueCountry":"","_VenueProvince":"","_VenueState":"","_VenueZip":"","_VenuePhone":"","_VenueURL":"","_VenueStateProvince":"","_VenueLat":"","_VenueLng":"","_VenueShowMap":false,"_VenueShowMapLink":false,"footnotes":""},"categories":[250,254,262],"tags":[292,313,483],"country-municipality":[],"class_list":["post-30461","post","type-post","status-publish","format-standard","has-post-thumbnail","hentry","category-convocatorias","category-destaque-es","category-noticias-es","tag-convocatoria-2","tag-redes-2","tag-redes-2023"],"yoast_head":"<!-- This site is optimized with the Yoast SEO plugin v25.7 - https:\/\/yoast.com\/wordpress\/plugins\/seo\/ -->\n<title>34 proyectos fueron seleccionados en la Convocatoria de Apoyo a Redes y Proyectos de Trabajo Colaborativo 2023 - IberCultura Viva<\/title>\n<meta name=\"description\" content=\"34 proyectos fueron seleccionados en la Convocatoria de Apoyo a Redes y Proyectos de Trabajo Colaborativo 2023 - IberCultura Viva\" \/>\n<meta name=\"robots\" content=\"index, follow, max-snippet:-1, max-image-preview:large, max-video-preview:-1\" \/>\n<link rel=\"canonical\" href=\"https:\/\/iberculturaviva.org\/es\/34-proyectos-fueron-seleccionados-en-la-convocatoria-de-apoyo-a-redes-y-proyectos-de-trabajo-colaborativo-2023\/\" \/>\n<meta property=\"og:locale\" content=\"es_ES\" \/>\n<meta property=\"og:type\" content=\"article\" \/>\n<meta property=\"og:title\" content=\"34 proyectos fueron seleccionados en la Convocatoria de Apoyo a Redes y Proyectos de Trabajo Colaborativo 2023 - IberCultura Viva\" \/>\n<meta property=\"og:description\" content=\"34 proyectos fueron seleccionados en la Convocatoria de Apoyo a Redes y Proyectos de Trabajo Colaborativo 2023 - IberCultura Viva\" \/>\n<meta property=\"og:url\" content=\"https:\/\/iberculturaviva.org\/es\/34-proyectos-fueron-seleccionados-en-la-convocatoria-de-apoyo-a-redes-y-proyectos-de-trabajo-colaborativo-2023\/\" \/>\n<meta property=\"og:site_name\" content=\"IberCultura Viva\" \/>\n<meta property=\"article:publisher\" content=\"https:\/\/www.facebook.com\/iberculturaviva\/\" \/>\n<meta property=\"article:published_time\" content=\"2023-06-16T19:25:09+00:00\" \/>\n<meta property=\"article:modified_time\" content=\"2023-11-21T00:41:32+00:00\" \/>\n<meta property=\"og:image\" content=\"https:\/\/iberculturaviva.org\/wp-content\/uploads\/2022\/11\/317837765_517320670423984_3157036967505722727_n-1.jpg\" \/>\n\t<meta property=\"og:image:width\" content=\"1280\" \/>\n\t<meta property=\"og:image:height\" content=\"853\" \/>\n\t<meta property=\"og:image:type\" content=\"image\/jpeg\" \/>\n<meta name=\"author\" content=\"IberCultura\" \/>\n<meta name=\"twitter:card\" content=\"summary_large_image\" \/>\n<meta name=\"twitter:label1\" content=\"Escrito por\" \/>\n\t<meta name=\"twitter:data1\" content=\"IberCultura\" \/>\n\t<meta name=\"twitter:label2\" content=\"Tiempo de lectura\" \/>\n\t<meta name=\"twitter:data2\" content=\"5 minutos\" \/>\n<script type=\"application\/ld+json\" class=\"yoast-schema-graph\">{\"@context\":\"https:\/\/schema.org\",\"@graph\":[{\"@type\":\"Article\",\"@id\":\"https:\/\/iberculturaviva.org\/es\/34-proyectos-fueron-seleccionados-en-la-convocatoria-de-apoyo-a-redes-y-proyectos-de-trabajo-colaborativo-2023\/#article\",\"isPartOf\":{\"@id\":\"https:\/\/iberculturaviva.org\/es\/34-proyectos-fueron-seleccionados-en-la-convocatoria-de-apoyo-a-redes-y-proyectos-de-trabajo-colaborativo-2023\/\"},\"author\":{\"name\":\"IberCultura\",\"@id\":\"https:\/\/iberculturaviva.org\/es\/?lang=es\/#\/schema\/person\/5d1313b072cc25536e0431522f740b59\"},\"headline\":\"34 proyectos fueron seleccionados en la Convocatoria de Apoyo a Redes y Proyectos de Trabajo Colaborativo 2023\",\"datePublished\":\"2023-06-16T19:25:09+00:00\",\"dateModified\":\"2023-11-21T00:41:32+00:00\",\"mainEntityOfPage\":{\"@id\":\"https:\/\/iberculturaviva.org\/es\/34-proyectos-fueron-seleccionados-en-la-convocatoria-de-apoyo-a-redes-y-proyectos-de-trabajo-colaborativo-2023\/\"},\"wordCount\":802,\"publisher\":{\"@id\":\"https:\/\/iberculturaviva.org\/es\/?lang=es\/#organization\"},\"image\":{\"@id\":\"https:\/\/iberculturaviva.org\/es\/34-proyectos-fueron-seleccionados-en-la-convocatoria-de-apoyo-a-redes-y-proyectos-de-trabajo-colaborativo-2023\/#primaryimage\"},\"thumbnailUrl\":\"https:\/\/iberculturaviva.org\/wp-content\/uploads\/2022\/11\/317837765_517320670423984_3157036967505722727_n-1.jpg\",\"keywords\":[\"convocatoria\",\"redes\",\"Redes 2023\"],\"articleSection\":[\"Convocatorias\",\"Destaque\",\"Noticias\"],\"inLanguage\":\"es\"},{\"@type\":\"WebPage\",\"@id\":\"https:\/\/iberculturaviva.org\/es\/34-proyectos-fueron-seleccionados-en-la-convocatoria-de-apoyo-a-redes-y-proyectos-de-trabajo-colaborativo-2023\/\",\"url\":\"https:\/\/iberculturaviva.org\/es\/34-proyectos-fueron-seleccionados-en-la-convocatoria-de-apoyo-a-redes-y-proyectos-de-trabajo-colaborativo-2023\/\",\"name\":\"34 proyectos fueron seleccionados en la Convocatoria de Apoyo a Redes y Proyectos de Trabajo Colaborativo 2023 - IberCultura Viva\",\"isPartOf\":{\"@id\":\"https:\/\/iberculturaviva.org\/es\/?lang=es\/#website\"},\"primaryImageOfPage\":{\"@id\":\"https:\/\/iberculturaviva.org\/es\/34-proyectos-fueron-seleccionados-en-la-convocatoria-de-apoyo-a-redes-y-proyectos-de-trabajo-colaborativo-2023\/#primaryimage\"},\"image\":{\"@id\":\"https:\/\/iberculturaviva.org\/es\/34-proyectos-fueron-seleccionados-en-la-convocatoria-de-apoyo-a-redes-y-proyectos-de-trabajo-colaborativo-2023\/#primaryimage\"},\"thumbnailUrl\":\"https:\/\/iberculturaviva.org\/wp-content\/uploads\/2022\/11\/317837765_517320670423984_3157036967505722727_n-1.jpg\",\"datePublished\":\"2023-06-16T19:25:09+00:00\",\"dateModified\":\"2023-11-21T00:41:32+00:00\",\"description\":\"34 proyectos fueron seleccionados en la Convocatoria de Apoyo a Redes y Proyectos de Trabajo Colaborativo 2023 - IberCultura Viva\",\"breadcrumb\":{\"@id\":\"https:\/\/iberculturaviva.org\/es\/34-proyectos-fueron-seleccionados-en-la-convocatoria-de-apoyo-a-redes-y-proyectos-de-trabajo-colaborativo-2023\/#breadcrumb\"},\"inLanguage\":\"es\",\"potentialAction\":[{\"@type\":\"ReadAction\",\"target\":[\"https:\/\/iberculturaviva.org\/es\/34-proyectos-fueron-seleccionados-en-la-convocatoria-de-apoyo-a-redes-y-proyectos-de-trabajo-colaborativo-2023\/\"]}]},{\"@type\":\"ImageObject\",\"inLanguage\":\"es\",\"@id\":\"https:\/\/iberculturaviva.org\/es\/34-proyectos-fueron-seleccionados-en-la-convocatoria-de-apoyo-a-redes-y-proyectos-de-trabajo-colaborativo-2023\/#primaryimage\",\"url\":\"https:\/\/iberculturaviva.org\/wp-content\/uploads\/2022\/11\/317837765_517320670423984_3157036967505722727_n-1.jpg\",\"contentUrl\":\"https:\/\/iberculturaviva.org\/wp-content\/uploads\/2022\/11\/317837765_517320670423984_3157036967505722727_n-1.jpg\",\"width\":1280,\"height\":853},{\"@type\":\"BreadcrumbList\",\"@id\":\"https:\/\/iberculturaviva.org\/es\/34-proyectos-fueron-seleccionados-en-la-convocatoria-de-apoyo-a-redes-y-proyectos-de-trabajo-colaborativo-2023\/#breadcrumb\",\"itemListElement\":[{\"@type\":\"ListItem\",\"position\":1,\"name\":\"In\u00edcio\",\"item\":\"https:\/\/iberculturaviva.org\/es\/inicio\/\"},{\"@type\":\"ListItem\",\"position\":2,\"name\":\"34 proyectos fueron seleccionados en la Convocatoria de Apoyo a Redes y Proyectos de Trabajo Colaborativo 2023\"}]},{\"@type\":\"WebSite\",\"@id\":\"https:\/\/iberculturaviva.org\/es\/?lang=es\/#website\",\"url\":\"https:\/\/iberculturaviva.org\/es\/?lang=es\/\",\"name\":\"IberCultura Viva\",\"description\":\"Programa de cooperaci\u00f3n cultural\",\"publisher\":{\"@id\":\"https:\/\/iberculturaviva.org\/es\/?lang=es\/#organization\"},\"potentialAction\":[{\"@type\":\"SearchAction\",\"target\":{\"@type\":\"EntryPoint\",\"urlTemplate\":\"https:\/\/iberculturaviva.org\/es\/?lang=es\/?s={search_term_string}\"},\"query-input\":{\"@type\":\"PropertyValueSpecification\",\"valueRequired\":true,\"valueName\":\"search_term_string\"}}],\"inLanguage\":\"es\"},{\"@type\":\"Organization\",\"@id\":\"https:\/\/iberculturaviva.org\/es\/?lang=es\/#organization\",\"name\":\"Iberculturaviva\",\"url\":\"https:\/\/iberculturaviva.org\/es\/?lang=es\/\",\"logo\":{\"@type\":\"ImageObject\",\"inLanguage\":\"es\",\"@id\":\"https:\/\/iberculturaviva.org\/es\/?lang=es\/#\/schema\/logo\/image\/\",\"url\":\"https:\/\/iberculturaviva.org\/wp-content\/uploads\/2021\/08\/logo_ibercultura_viva.jpg\",\"contentUrl\":\"https:\/\/iberculturaviva.org\/wp-content\/uploads\/2021\/08\/logo_ibercultura_viva.jpg\",\"width\":708,\"height\":223,\"caption\":\"Iberculturaviva\"},\"image\":{\"@id\":\"https:\/\/iberculturaviva.org\/es\/?lang=es\/#\/schema\/logo\/image\/\"},\"sameAs\":[\"https:\/\/www.facebook.com\/iberculturaviva\/\",\"https:\/\/www.instagram.com\/iberculturaviva\/\",\"https:\/\/www.youtube.com\/iberculturaviva\"]},{\"@type\":\"Person\",\"@id\":\"https:\/\/iberculturaviva.org\/es\/?lang=es\/#\/schema\/person\/5d1313b072cc25536e0431522f740b59\",\"name\":\"IberCultura\",\"image\":{\"@type\":\"ImageObject\",\"inLanguage\":\"es\",\"@id\":\"https:\/\/iberculturaviva.org\/es\/?lang=es\/#\/schema\/person\/image\/\",\"url\":\"https:\/\/secure.gravatar.com\/avatar\/79f1a057cb125cbefb3765d0356d52fc7f3bba3a35e2cf22bc4de090bb7aef70?s=96&d=mm&r=g\",\"contentUrl\":\"https:\/\/secure.gravatar.com\/avatar\/79f1a057cb125cbefb3765d0356d52fc7f3bba3a35e2cf22bc4de090bb7aef70?s=96&d=mm&r=g\",\"caption\":\"IberCultura\"}}]}<\/script>\n<!-- \/ Yoast SEO plugin. -->","yoast_head_json":{"title":"34 proyectos fueron seleccionados en la Convocatoria de Apoyo a Redes y Proyectos de Trabajo Colaborativo 2023 - IberCultura Viva","description":"34 proyectos fueron seleccionados en la Convocatoria de Apoyo a Redes y Proyectos de Trabajo Colaborativo 2023 - IberCultura Viva","robots":{"index":"index","follow":"follow","max-snippet":"max-snippet:-1","max-image-preview":"max-image-preview:large","max-video-preview":"max-video-preview:-1"},"canonical":"https:\/\/iberculturaviva.org\/es\/34-proyectos-fueron-seleccionados-en-la-convocatoria-de-apoyo-a-redes-y-proyectos-de-trabajo-colaborativo-2023\/","og_locale":"es_ES","og_type":"article","og_title":"34 proyectos fueron seleccionados en la Convocatoria de Apoyo a Redes y Proyectos de Trabajo Colaborativo 2023 - IberCultura Viva","og_description":"34 proyectos fueron seleccionados en la Convocatoria de Apoyo a Redes y Proyectos de Trabajo Colaborativo 2023 - IberCultura Viva","og_url":"https:\/\/iberculturaviva.org\/es\/34-proyectos-fueron-seleccionados-en-la-convocatoria-de-apoyo-a-redes-y-proyectos-de-trabajo-colaborativo-2023\/","og_site_name":"IberCultura Viva","article_publisher":"https:\/\/www.facebook.com\/iberculturaviva\/","article_published_time":"2023-06-16T19:25:09+00:00","article_modified_time":"2023-11-21T00:41:32+00:00","og_image":[{"width":1280,"height":853,"url":"https:\/\/iberculturaviva.org\/wp-content\/uploads\/2022\/11\/317837765_517320670423984_3157036967505722727_n-1.jpg","type":"image\/jpeg"}],"author":"IberCultura","twitter_card":"summary_large_image","twitter_misc":{"Escrito por":"IberCultura","Tiempo de lectura":"5 minutos"},"schema":{"@context":"https:\/\/schema.org","@graph":[{"@type":"Article","@id":"https:\/\/iberculturaviva.org\/es\/34-proyectos-fueron-seleccionados-en-la-convocatoria-de-apoyo-a-redes-y-proyectos-de-trabajo-colaborativo-2023\/#article","isPartOf":{"@id":"https:\/\/iberculturaviva.org\/es\/34-proyectos-fueron-seleccionados-en-la-convocatoria-de-apoyo-a-redes-y-proyectos-de-trabajo-colaborativo-2023\/"},"author":{"name":"IberCultura","@id":"https:\/\/iberculturaviva.org\/es\/?lang=es\/#\/schema\/person\/5d1313b072cc25536e0431522f740b59"},"headline":"34 proyectos fueron seleccionados en la Convocatoria de Apoyo a Redes y Proyectos de Trabajo Colaborativo 2023","datePublished":"2023-06-16T19:25:09+00:00","dateModified":"2023-11-21T00:41:32+00:00","mainEntityOfPage":{"@id":"https:\/\/iberculturaviva.org\/es\/34-proyectos-fueron-seleccionados-en-la-convocatoria-de-apoyo-a-redes-y-proyectos-de-trabajo-colaborativo-2023\/"},"wordCount":802,"publisher":{"@id":"https:\/\/iberculturaviva.org\/es\/?lang=es\/#organization"},"image":{"@id":"https:\/\/iberculturaviva.org\/es\/34-proyectos-fueron-seleccionados-en-la-convocatoria-de-apoyo-a-redes-y-proyectos-de-trabajo-colaborativo-2023\/#primaryimage"},"thumbnailUrl":"https:\/\/iberculturaviva.org\/wp-content\/uploads\/2022\/11\/317837765_517320670423984_3157036967505722727_n-1.jpg","keywords":["convocatoria","redes","Redes 2023"],"articleSection":["Convocatorias","Destaque","Noticias"],"inLanguage":"es"},{"@type":"WebPage","@id":"https:\/\/iberculturaviva.org\/es\/34-proyectos-fueron-seleccionados-en-la-convocatoria-de-apoyo-a-redes-y-proyectos-de-trabajo-colaborativo-2023\/","url":"https:\/\/iberculturaviva.org\/es\/34-proyectos-fueron-seleccionados-en-la-convocatoria-de-apoyo-a-redes-y-proyectos-de-trabajo-colaborativo-2023\/","name":"34 proyectos fueron seleccionados en la Convocatoria de Apoyo a Redes y Proyectos de Trabajo Colaborativo 2023 - IberCultura Viva","isPartOf":{"@id":"https:\/\/iberculturaviva.org\/es\/?lang=es\/#website"},"primaryImageOfPage":{"@id":"https:\/\/iberculturaviva.org\/es\/34-proyectos-fueron-seleccionados-en-la-convocatoria-de-apoyo-a-redes-y-proyectos-de-trabajo-colaborativo-2023\/#primaryimage"},"image":{"@id":"https:\/\/iberculturaviva.org\/es\/34-proyectos-fueron-seleccionados-en-la-convocatoria-de-apoyo-a-redes-y-proyectos-de-trabajo-colaborativo-2023\/#primaryimage"},"thumbnailUrl":"https:\/\/iberculturaviva.org\/wp-content\/uploads\/2022\/11\/317837765_517320670423984_3157036967505722727_n-1.jpg","datePublished":"2023-06-16T19:25:09+00:00","dateModified":"2023-11-21T00:41:32+00:00","description":"34 proyectos fueron seleccionados en la Convocatoria de Apoyo a Redes y Proyectos de Trabajo Colaborativo 2023 - IberCultura Viva","breadcrumb":{"@id":"https:\/\/iberculturaviva.org\/es\/34-proyectos-fueron-seleccionados-en-la-convocatoria-de-apoyo-a-redes-y-proyectos-de-trabajo-colaborativo-2023\/#breadcrumb"},"inLanguage":"es","potentialAction":[{"@type":"ReadAction","target":["https:\/\/iberculturaviva.org\/es\/34-proyectos-fueron-seleccionados-en-la-convocatoria-de-apoyo-a-redes-y-proyectos-de-trabajo-colaborativo-2023\/"]}]},{"@type":"ImageObject","inLanguage":"es","@id":"https:\/\/iberculturaviva.org\/es\/34-proyectos-fueron-seleccionados-en-la-convocatoria-de-apoyo-a-redes-y-proyectos-de-trabajo-colaborativo-2023\/#primaryimage","url":"https:\/\/iberculturaviva.org\/wp-content\/uploads\/2022\/11\/317837765_517320670423984_3157036967505722727_n-1.jpg","contentUrl":"https:\/\/iberculturaviva.org\/wp-content\/uploads\/2022\/11\/317837765_517320670423984_3157036967505722727_n-1.jpg","width":1280,"height":853},{"@type":"BreadcrumbList","@id":"https:\/\/iberculturaviva.org\/es\/34-proyectos-fueron-seleccionados-en-la-convocatoria-de-apoyo-a-redes-y-proyectos-de-trabajo-colaborativo-2023\/#breadcrumb","itemListElement":[{"@type":"ListItem","position":1,"name":"In\u00edcio","item":"https:\/\/iberculturaviva.org\/es\/inicio\/"},{"@type":"ListItem","position":2,"name":"34 proyectos fueron seleccionados en la Convocatoria de Apoyo a Redes y Proyectos de Trabajo Colaborativo 2023"}]},{"@type":"WebSite","@id":"https:\/\/iberculturaviva.org\/es\/?lang=es\/#website","url":"https:\/\/iberculturaviva.org\/es\/?lang=es\/","name":"IberCultura Viva","description":"Programa de cooperaci\u00f3n cultural","publisher":{"@id":"https:\/\/iberculturaviva.org\/es\/?lang=es\/#organization"},"potentialAction":[{"@type":"SearchAction","target":{"@type":"EntryPoint","urlTemplate":"https:\/\/iberculturaviva.org\/es\/?lang=es\/?s={search_term_string}"},"query-input":{"@type":"PropertyValueSpecification","valueRequired":true,"valueName":"search_term_string"}}],"inLanguage":"es"},{"@type":"Organization","@id":"https:\/\/iberculturaviva.org\/es\/?lang=es\/#organization","name":"Iberculturaviva","url":"https:\/\/iberculturaviva.org\/es\/?lang=es\/","logo":{"@type":"ImageObject","inLanguage":"es","@id":"https:\/\/iberculturaviva.org\/es\/?lang=es\/#\/schema\/logo\/image\/","url":"https:\/\/iberculturaviva.org\/wp-content\/uploads\/2021\/08\/logo_ibercultura_viva.jpg","contentUrl":"https:\/\/iberculturaviva.org\/wp-content\/uploads\/2021\/08\/logo_ibercultura_viva.jpg","width":708,"height":223,"caption":"Iberculturaviva"},"image":{"@id":"https:\/\/iberculturaviva.org\/es\/?lang=es\/#\/schema\/logo\/image\/"},"sameAs":["https:\/\/www.facebook.com\/iberculturaviva\/","https:\/\/www.instagram.com\/iberculturaviva\/","https:\/\/www.youtube.com\/iberculturaviva"]},{"@type":"Person","@id":"https:\/\/iberculturaviva.org\/es\/?lang=es\/#\/schema\/person\/5d1313b072cc25536e0431522f740b59","name":"IberCultura","image":{"@type":"ImageObject","inLanguage":"es","@id":"https:\/\/iberculturaviva.org\/es\/?lang=es\/#\/schema\/person\/image\/","url":"https:\/\/secure.gravatar.com\/avatar\/79f1a057cb125cbefb3765d0356d52fc7f3bba3a35e2cf22bc4de090bb7aef70?s=96&d=mm&r=g","contentUrl":"https:\/\/secure.gravatar.com\/avatar\/79f1a057cb125cbefb3765d0356d52fc7f3bba3a35e2cf22bc4de090bb7aef70?s=96&d=mm&r=g","caption":"IberCultura"}}]}},"main_category":{"link":"https:\/\/iberculturaviva.org\/es\/category\/destaque-es\/","name":"Destaque","slug":"destaque-es"},"_links":{"self":[{"href":"https:\/\/iberculturaviva.org\/es\/wp-json\/wp\/v2\/posts\/30461","targetHints":{"allow":["GET"]}}],"collection":[{"href":"https:\/\/iberculturaviva.org\/es\/wp-json\/wp\/v2\/posts"}],"about":[{"href":"https:\/\/iberculturaviva.org\/es\/wp-json\/wp\/v2\/types\/post"}],"author":[{"embeddable":true,"href":"https:\/\/iberculturaviva.org\/es\/wp-json\/wp\/v2\/users\/2"}],"replies":[{"embeddable":true,"href":"https:\/\/iberculturaviva.org\/es\/wp-json\/wp\/v2\/comments?post=30461"}],"version-history":[{"count":12,"href":"https:\/\/iberculturaviva.org\/es\/wp-json\/wp\/v2\/posts\/30461\/revisions"}],"predecessor-version":[{"id":31693,"href":"https:\/\/iberculturaviva.org\/es\/wp-json\/wp\/v2\/posts\/30461\/revisions\/31693"}],"wp:featuredmedia":[{"embeddable":true,"href":"https:\/\/iberculturaviva.org\/es\/wp-json\/wp\/v2\/media\/28911"}],"wp:attachment":[{"href":"https:\/\/iberculturaviva.org\/es\/wp-json\/wp\/v2\/media?parent=30461"}],"wp:term":[{"taxonomy":"category","embeddable":true,"href":"https:\/\/iberculturaviva.org\/es\/wp-json\/wp\/v2\/categories?post=30461"},{"taxonomy":"post_tag","embeddable":true,"href":"https:\/\/iberculturaviva.org\/es\/wp-json\/wp\/v2\/tags?post=30461"},{"taxonomy":"country-municipality","embeddable":true,"href":"https:\/\/iberculturaviva.org\/es\/wp-json\/wp\/v2\/country-municipality?post=30461"}],"curies":[{"name":"wp","href":"https:\/\/api.w.org\/{rel}","templated":true}]}}