{"id":30422,"date":"2023-05-19T16:16:56","date_gmt":"2023-05-19T19:16:56","guid":{"rendered":"https:\/\/www.iberculturaviva.org\/?p=30422"},"modified":"2023-05-19T16:37:35","modified_gmt":"2023-05-19T19:37:35","slug":"andrea-neira-dictara-la-primera-clase-sincronica-del-curso-de-posgrado-en-politicas-culturales-de-base-comunitaria-2023","status":"publish","type":"post","link":"https:\/\/iberculturaviva.org\/es\/andrea-neira-dictara-la-primera-clase-sincronica-del-curso-de-posgrado-en-politicas-culturales-de-base-comunitaria-2023\/","title":{"rendered":"Andrea Neira dictar\u00e1 la primera clase sincr\u00f3nica del Curso de Posgrado en Pol\u00edticas Culturales de Base Comunitaria 2023"},"content":{"rendered":"<p style=\"text-align: justify;\"><span style=\"font-weight: 400;\"><a href=\"https:\/\/iberculturaviva.org\/wp-content\/uploads\/2022\/05\/andrea-neira.jpg\"><img loading=\"lazy\" decoding=\"async\" class=\" wp-image-27429 alignright\" src=\"https:\/\/iberculturaviva.org\/wp-content\/uploads\/2022\/05\/andrea-neira-960x521.jpg\" alt=\"\" width=\"332\" height=\"180\"><\/a>La charla \u201cCultura y Decolonialidad\u201d, a cargo de la colombiana Andrea Neira, ser\u00e1 la primera clase sincr\u00f3nica de la edici\u00f3n 2023 del Curso de Posgrado Internacional en Pol\u00edticas Culturales de Base Comunitaria FLACSO-IberCultura Viva. Esta clase abierta, que se llevar\u00e1 a cabo el mi\u00e9rcoles 24 de mayo, a las 12:00 (hora de Argentina), tendr\u00e1 transmisi\u00f3n en vivo por el canal de YouTube de IberCultura Viva.&nbsp;<\/span><\/p>\n<p style=\"text-align: justify;\"><span style=\"font-weight: 400;\">Trabajadora social de la Universidad Colegio Mayor de Cundinamarca, con mag\u00edster en Estudios de G\u00e9nero (Universidad Nacional de Colombia), Andrea Neira actualmente es docente investigadora del Instituto de Estudios Sociales Contempor\u00e1neos de la Universidad Central, donde se desempe\u00f1a como coordinadora acad\u00e9mica de la Maestr\u00eda en Investigaci\u00f3n en Problemas Sociales Contempor\u00e1neos.<\/span><\/p>\n<p style=\"text-align: justify;\"><span style=\"font-weight: 400;\">Adem\u00e1s de liderar el grupo de investigaci\u00f3n en Conocimientos e Identidades Culturales (GICEIC), ella coordina el Grupo de Trabajo de CLACSO \u00abEpistemolog\u00edas decoloniales, territorios y cultura\u00bb. Ha investigado sobre postdesarrollo, alternativas al desarrollo, subjetividades juveniles, masculinidades y feminidades en el hip hop, masculinidades y excombatientes, y econom\u00edas comunitarias y feministas.<\/span><\/p>\n<p>.<\/p>\n<h4><b>Encuentros anteriores<\/b><\/h4>\n<p style=\"text-align: justify;\"><span style=\"font-weight: 400;\">Las clases sincr\u00f3nicas del Curso de Posgrado Internacional en Pol\u00edticas de Base Comunitaria que se transmiten por YouTube fueron una novedad de la edici\u00f3n de 2021. La primera charla, realizada el 27 de mayo de 2021, fue \u201c<\/span><a href=\"https:\/\/www.youtube.com\/live\/tVs4FAuEPNs?feature=share\" target=\"_blank\" rel=\"noopener\"><span style=\"font-weight: 400;\">La cultura: las especies culturales digitales y de territorio<\/span><\/a><span style=\"font-weight: 400;\">\u201d, a cargo del profesor Omar Rinc\u00f3n (Colombia). La segunda, el 15 de septiembre de 2021, \u201c<\/span><a href=\"https:\/\/www.youtube.com\/live\/b4vJMz_O-2E?feature=share\" target=\"_blank\" rel=\"noopener\"><span style=\"font-weight: 400;\">Gesti\u00f3n cultural disidente, decolonial, comunitaria y feminista<\/span><\/a><span style=\"font-weight: 400;\">\u201d, dictada por la guatemalteca Luc\u00eda Ixch\u00edu. La argentina Laura Taube hizo la tercera y \u00faltima charla abierta del a\u00f1o, \u201c<\/span><a href=\"https:\/\/www.youtube.com\/live\/lmBKosWxp_M?feature=share\" target=\"_blank\" rel=\"noopener\"><span style=\"font-weight: 400;\">Desarrollo de p\u00fablicos para el sector cultural<\/span><\/a><span style=\"font-weight: 400;\">\u201d, el 11 de noviembre de 2021.<\/span><\/p>\n<p style=\"text-align: justify;\"><span style=\"font-weight: 400;\">El a\u00f1o pasado se llevaron a cabo dos clases sincr\u00f3nicas: <\/span><span style=\"font-weight: 400;\">\u201c<\/span><a href=\"https:\/\/www.youtube.com\/live\/INWl4p1Mos8?feature=share\" target=\"_blank\" rel=\"noopener\"><span style=\"font-weight: 400;\">Cultura y Decolonialidad<\/span><\/a><span style=\"font-weight: 400;\">\u201d, con Andrea Neira, el 26 de mayo de 2022, y <\/span><a href=\"https:\/\/www.youtube.com\/live\/azONetK7Egc?feature=share\" target=\"_blank\" rel=\"noopener\"><span style=\"font-weight: 400;\">\u00abC\u00f3mo construir tramas po\u00e9ticas con los territorios\u00bb<\/span><\/a><span style=\"font-weight: 400;\">, con Paula Mascias, el 18 de agosto. Este a\u00f1o, Andrea Neira vuelve a la sexta cohorte del curso, que tuvo su inicio el pasado 20 de abril.&nbsp;<\/span><\/p>\n<p style=\"text-align: justify;\"><span style=\"font-weight: 400;\">Estos encuentros virtuales (por Zoom) cuentan con la participaci\u00f3n de los alumnos y alumnas matriculados en el curso (que pueden hacer preguntas durante la videoconferencia) y quedan disponibles en el canal de YouTube de IberCultura Viva para quienes quieran ver despu\u00e9s.&nbsp;&nbsp;<\/span><\/p>\n\n\n<div style=\"height:53px\" aria-hidden=\"true\" class=\"wp-block-spacer\"><\/div>\n\n\n\n<p><img loading=\"lazy\" decoding=\"async\" width=\"16\" height=\"16\" src=\"blob:https:\/\/iberculturaviva.org\/9190fd49-fdfb-4818-9444-f9384ae509e0\" alt=\"\ud83d\udccc\"> <strong>Cu\u00e1ndo:<\/strong><\/p>\n\n\n\n<p><strong>Mi\u00e9rcoles 24 de mayo<\/strong><\/p>\n\n\n\n<p><strong>9:00 (CRI-MEX-SLV), 10:00 (COL-ECU-PER), 11:00 (CHL-BOL-VEN-PRY), 12:00 (ARG-BRA-URY), 17:00 (ESP)<\/strong><\/p>\n\n\n\n<p><img loading=\"lazy\" decoding=\"async\" width=\"16\" height=\"16\" src=\"blob:https:\/\/iberculturaviva.org\/9190fd49-fdfb-4818-9444-f9384ae509e0\" alt=\"\ud83d\udccc\"> <strong>D\u00f3nde ver<\/strong>:<a href=\"https:\/\/www.youtube.com\/@IberCulturaViva\/streams?fbclid=IwAR2L-02ujJg3sUnvNStdyQNo7WtDyx6Gt273x0fK7cXAot0oXAAvalx5kMw\"> https:\/\/www.youtube.com\/@IberCulturaViva\/streams<\/a><\/p>\n","protected":false},"excerpt":{"rendered":"<p>La charla \u201cCultura y Decolonialidad\u201d, a cargo de la colombiana Andrea Neira, ser\u00e1 la primera clase sincr\u00f3nica de la edici\u00f3n 2023 del Curso de Posgrado Internacional en Pol\u00edticas Culturales de [&hellip;]<\/p>\n","protected":false},"author":2,"featured_media":0,"comment_status":"closed","ping_status":"closed","sticky":false,"template":"","format":"standard","meta":{"_coblocks_attr":"","_coblocks_dimensions":"","_coblocks_responsive_height":"","_coblocks_accordion_ie_support":"","_EventAllDay":false,"_EventTimezone":"","_EventStartDate":"","_EventEndDate":"","_EventStartDateUTC":"","_EventEndDateUTC":"","_EventShowMap":false,"_EventShowMapLink":false,"_EventURL":"","_EventCost":"","_EventCostDescription":"","_EventCurrencySymbol":"","_EventCurrencyCode":"","_EventCurrencyPosition":"","_EventDateTimeSeparator":"","_EventTimeRangeSeparator":"","_EventOrganizerID":[],"_EventVenueID":[],"_OrganizerEmail":"","_OrganizerPhone":"","_OrganizerWebsite":"","_VenueAddress":"","_VenueCity":"","_VenueCountry":"","_VenueProvince":"","_VenueState":"","_VenueZip":"","_VenuePhone":"","_VenueURL":"","_VenueStateProvince":"","_VenueLat":"","_VenueLng":"","_VenueShowMap":false,"_VenueShowMapLink":false,"footnotes":""},"categories":[262],"tags":[257,260,259],"country-municipality":[],"class_list":["post-30422","post","type-post","status-publish","format-standard","hentry","category-noticias-es","tag-flacso-2","tag-formacion-2","tag-posgrado-2"],"yoast_head":"<!-- This site is optimized with the Yoast SEO plugin v25.7 - https:\/\/yoast.com\/wordpress\/plugins\/seo\/ -->\n<title>Andrea Neira dictar\u00e1 la primera clase sincr\u00f3nica del Curso de Posgrado en Pol\u00edticas Culturales de Base Comunitaria 2023 - IberCultura Viva<\/title>\n<meta name=\"description\" content=\"Andrea Neira dictar\u00e1 la primera clase sincr\u00f3nica del Curso de Posgrado en Pol\u00edticas Culturales de Base Comunitaria 2023 - IberCultura Viva\" \/>\n<meta name=\"robots\" content=\"index, follow, max-snippet:-1, max-image-preview:large, max-video-preview:-1\" \/>\n<link rel=\"canonical\" href=\"https:\/\/iberculturaviva.org\/es\/andrea-neira-dictara-la-primera-clase-sincronica-del-curso-de-posgrado-en-politicas-culturales-de-base-comunitaria-2023\/\" \/>\n<meta property=\"og:locale\" content=\"es_ES\" \/>\n<meta property=\"og:type\" content=\"article\" \/>\n<meta property=\"og:title\" content=\"Andrea Neira dictar\u00e1 la primera clase sincr\u00f3nica del Curso de Posgrado en Pol\u00edticas Culturales de Base Comunitaria 2023 - IberCultura Viva\" \/>\n<meta property=\"og:description\" content=\"Andrea Neira dictar\u00e1 la primera clase sincr\u00f3nica del Curso de Posgrado en Pol\u00edticas Culturales de Base Comunitaria 2023 - IberCultura Viva\" \/>\n<meta property=\"og:url\" content=\"https:\/\/iberculturaviva.org\/es\/andrea-neira-dictara-la-primera-clase-sincronica-del-curso-de-posgrado-en-politicas-culturales-de-base-comunitaria-2023\/\" \/>\n<meta property=\"og:site_name\" content=\"IberCultura Viva\" \/>\n<meta property=\"article:publisher\" content=\"https:\/\/www.facebook.com\/iberculturaviva\/\" \/>\n<meta property=\"article:published_time\" content=\"2023-05-19T19:16:56+00:00\" \/>\n<meta property=\"article:modified_time\" content=\"2023-05-19T19:37:35+00:00\" \/>\n<meta property=\"og:image\" content=\"https:\/\/iberculturaviva.org\/wp-content\/uploads\/2022\/05\/andrea-neira-960x521.jpg\" \/>\n<meta name=\"author\" content=\"IberCultura\" \/>\n<meta name=\"twitter:card\" content=\"summary_large_image\" \/>\n<meta name=\"twitter:label1\" content=\"Escrito por\" \/>\n\t<meta name=\"twitter:data1\" content=\"IberCultura\" \/>\n\t<meta name=\"twitter:label2\" content=\"Tiempo de lectura\" \/>\n\t<meta name=\"twitter:data2\" content=\"2 minutos\" \/>\n<script type=\"application\/ld+json\" class=\"yoast-schema-graph\">{\"@context\":\"https:\/\/schema.org\",\"@graph\":[{\"@type\":\"Article\",\"@id\":\"https:\/\/iberculturaviva.org\/es\/andrea-neira-dictara-la-primera-clase-sincronica-del-curso-de-posgrado-en-politicas-culturales-de-base-comunitaria-2023\/#article\",\"isPartOf\":{\"@id\":\"https:\/\/iberculturaviva.org\/es\/andrea-neira-dictara-la-primera-clase-sincronica-del-curso-de-posgrado-en-politicas-culturales-de-base-comunitaria-2023\/\"},\"author\":{\"name\":\"IberCultura\",\"@id\":\"https:\/\/iberculturaviva.org\/es\/?lang=es\/#\/schema\/person\/5d1313b072cc25536e0431522f740b59\"},\"headline\":\"Andrea Neira dictar\u00e1 la primera clase sincr\u00f3nica del Curso de Posgrado en Pol\u00edticas Culturales de Base Comunitaria 2023\",\"datePublished\":\"2023-05-19T19:16:56+00:00\",\"dateModified\":\"2023-05-19T19:37:35+00:00\",\"mainEntityOfPage\":{\"@id\":\"https:\/\/iberculturaviva.org\/es\/andrea-neira-dictara-la-primera-clase-sincronica-del-curso-de-posgrado-en-politicas-culturales-de-base-comunitaria-2023\/\"},\"wordCount\":427,\"publisher\":{\"@id\":\"https:\/\/iberculturaviva.org\/es\/?lang=es\/#organization\"},\"image\":{\"@id\":\"https:\/\/iberculturaviva.org\/es\/andrea-neira-dictara-la-primera-clase-sincronica-del-curso-de-posgrado-en-politicas-culturales-de-base-comunitaria-2023\/#primaryimage\"},\"thumbnailUrl\":\"https:\/\/iberculturaviva.org\/wp-content\/uploads\/2022\/05\/andrea-neira-960x521.jpg\",\"keywords\":[\"FLACSO\",\"formaci\u00f3n\",\"posgrado\"],\"articleSection\":[\"Noticias\"],\"inLanguage\":\"es\"},{\"@type\":\"WebPage\",\"@id\":\"https:\/\/iberculturaviva.org\/es\/andrea-neira-dictara-la-primera-clase-sincronica-del-curso-de-posgrado-en-politicas-culturales-de-base-comunitaria-2023\/\",\"url\":\"https:\/\/iberculturaviva.org\/es\/andrea-neira-dictara-la-primera-clase-sincronica-del-curso-de-posgrado-en-politicas-culturales-de-base-comunitaria-2023\/\",\"name\":\"Andrea Neira dictar\u00e1 la primera clase sincr\u00f3nica del Curso de Posgrado en Pol\u00edticas Culturales de Base Comunitaria 2023 - IberCultura Viva\",\"isPartOf\":{\"@id\":\"https:\/\/iberculturaviva.org\/es\/?lang=es\/#website\"},\"primaryImageOfPage\":{\"@id\":\"https:\/\/iberculturaviva.org\/es\/andrea-neira-dictara-la-primera-clase-sincronica-del-curso-de-posgrado-en-politicas-culturales-de-base-comunitaria-2023\/#primaryimage\"},\"image\":{\"@id\":\"https:\/\/iberculturaviva.org\/es\/andrea-neira-dictara-la-primera-clase-sincronica-del-curso-de-posgrado-en-politicas-culturales-de-base-comunitaria-2023\/#primaryimage\"},\"thumbnailUrl\":\"https:\/\/iberculturaviva.org\/wp-content\/uploads\/2022\/05\/andrea-neira-960x521.jpg\",\"datePublished\":\"2023-05-19T19:16:56+00:00\",\"dateModified\":\"2023-05-19T19:37:35+00:00\",\"description\":\"Andrea Neira dictar\u00e1 la primera clase sincr\u00f3nica del Curso de Posgrado en Pol\u00edticas Culturales de Base Comunitaria 2023 - IberCultura Viva\",\"breadcrumb\":{\"@id\":\"https:\/\/iberculturaviva.org\/es\/andrea-neira-dictara-la-primera-clase-sincronica-del-curso-de-posgrado-en-politicas-culturales-de-base-comunitaria-2023\/#breadcrumb\"},\"inLanguage\":\"es\",\"potentialAction\":[{\"@type\":\"ReadAction\",\"target\":[\"https:\/\/iberculturaviva.org\/es\/andrea-neira-dictara-la-primera-clase-sincronica-del-curso-de-posgrado-en-politicas-culturales-de-base-comunitaria-2023\/\"]}]},{\"@type\":\"ImageObject\",\"inLanguage\":\"es\",\"@id\":\"https:\/\/iberculturaviva.org\/es\/andrea-neira-dictara-la-primera-clase-sincronica-del-curso-de-posgrado-en-politicas-culturales-de-base-comunitaria-2023\/#primaryimage\",\"url\":\"https:\/\/iberculturaviva.org\/wp-content\/uploads\/2022\/05\/andrea-neira-960x521.jpg\",\"contentUrl\":\"https:\/\/iberculturaviva.org\/wp-content\/uploads\/2022\/05\/andrea-neira-960x521.jpg\"},{\"@type\":\"BreadcrumbList\",\"@id\":\"https:\/\/iberculturaviva.org\/es\/andrea-neira-dictara-la-primera-clase-sincronica-del-curso-de-posgrado-en-politicas-culturales-de-base-comunitaria-2023\/#breadcrumb\",\"itemListElement\":[{\"@type\":\"ListItem\",\"position\":1,\"name\":\"In\u00edcio\",\"item\":\"https:\/\/iberculturaviva.org\/es\/inicio\/\"},{\"@type\":\"ListItem\",\"position\":2,\"name\":\"Andrea Neira dictar\u00e1 la primera clase sincr\u00f3nica del Curso de Posgrado en Pol\u00edticas Culturales de Base Comunitaria 2023\"}]},{\"@type\":\"WebSite\",\"@id\":\"https:\/\/iberculturaviva.org\/es\/?lang=es\/#website\",\"url\":\"https:\/\/iberculturaviva.org\/es\/?lang=es\/\",\"name\":\"IberCultura Viva\",\"description\":\"Programa de cooperaci\u00f3n cultural\",\"publisher\":{\"@id\":\"https:\/\/iberculturaviva.org\/es\/?lang=es\/#organization\"},\"potentialAction\":[{\"@type\":\"SearchAction\",\"target\":{\"@type\":\"EntryPoint\",\"urlTemplate\":\"https:\/\/iberculturaviva.org\/es\/?lang=es\/?s={search_term_string}\"},\"query-input\":{\"@type\":\"PropertyValueSpecification\",\"valueRequired\":true,\"valueName\":\"search_term_string\"}}],\"inLanguage\":\"es\"},{\"@type\":\"Organization\",\"@id\":\"https:\/\/iberculturaviva.org\/es\/?lang=es\/#organization\",\"name\":\"Iberculturaviva\",\"url\":\"https:\/\/iberculturaviva.org\/es\/?lang=es\/\",\"logo\":{\"@type\":\"ImageObject\",\"inLanguage\":\"es\",\"@id\":\"https:\/\/iberculturaviva.org\/es\/?lang=es\/#\/schema\/logo\/image\/\",\"url\":\"https:\/\/iberculturaviva.org\/wp-content\/uploads\/2021\/08\/logo_ibercultura_viva.jpg\",\"contentUrl\":\"https:\/\/iberculturaviva.org\/wp-content\/uploads\/2021\/08\/logo_ibercultura_viva.jpg\",\"width\":708,\"height\":223,\"caption\":\"Iberculturaviva\"},\"image\":{\"@id\":\"https:\/\/iberculturaviva.org\/es\/?lang=es\/#\/schema\/logo\/image\/\"},\"sameAs\":[\"https:\/\/www.facebook.com\/iberculturaviva\/\",\"https:\/\/www.instagram.com\/iberculturaviva\/\",\"https:\/\/www.youtube.com\/iberculturaviva\"]},{\"@type\":\"Person\",\"@id\":\"https:\/\/iberculturaviva.org\/es\/?lang=es\/#\/schema\/person\/5d1313b072cc25536e0431522f740b59\",\"name\":\"IberCultura\",\"image\":{\"@type\":\"ImageObject\",\"inLanguage\":\"es\",\"@id\":\"https:\/\/iberculturaviva.org\/es\/?lang=es\/#\/schema\/person\/image\/\",\"url\":\"https:\/\/secure.gravatar.com\/avatar\/79f1a057cb125cbefb3765d0356d52fc7f3bba3a35e2cf22bc4de090bb7aef70?s=96&d=mm&r=g\",\"contentUrl\":\"https:\/\/secure.gravatar.com\/avatar\/79f1a057cb125cbefb3765d0356d52fc7f3bba3a35e2cf22bc4de090bb7aef70?s=96&d=mm&r=g\",\"caption\":\"IberCultura\"}}]}<\/script>\n<!-- \/ Yoast SEO plugin. -->","yoast_head_json":{"title":"Andrea Neira dictar\u00e1 la primera clase sincr\u00f3nica del Curso de Posgrado en Pol\u00edticas Culturales de Base Comunitaria 2023 - IberCultura Viva","description":"Andrea Neira dictar\u00e1 la primera clase sincr\u00f3nica del Curso de Posgrado en Pol\u00edticas Culturales de Base Comunitaria 2023 - IberCultura Viva","robots":{"index":"index","follow":"follow","max-snippet":"max-snippet:-1","max-image-preview":"max-image-preview:large","max-video-preview":"max-video-preview:-1"},"canonical":"https:\/\/iberculturaviva.org\/es\/andrea-neira-dictara-la-primera-clase-sincronica-del-curso-de-posgrado-en-politicas-culturales-de-base-comunitaria-2023\/","og_locale":"es_ES","og_type":"article","og_title":"Andrea Neira dictar\u00e1 la primera clase sincr\u00f3nica del Curso de Posgrado en Pol\u00edticas Culturales de Base Comunitaria 2023 - IberCultura Viva","og_description":"Andrea Neira dictar\u00e1 la primera clase sincr\u00f3nica del Curso de Posgrado en Pol\u00edticas Culturales de Base Comunitaria 2023 - IberCultura Viva","og_url":"https:\/\/iberculturaviva.org\/es\/andrea-neira-dictara-la-primera-clase-sincronica-del-curso-de-posgrado-en-politicas-culturales-de-base-comunitaria-2023\/","og_site_name":"IberCultura Viva","article_publisher":"https:\/\/www.facebook.com\/iberculturaviva\/","article_published_time":"2023-05-19T19:16:56+00:00","article_modified_time":"2023-05-19T19:37:35+00:00","og_image":[{"url":"https:\/\/iberculturaviva.org\/wp-content\/uploads\/2022\/05\/andrea-neira-960x521.jpg","type":"","width":"","height":""}],"author":"IberCultura","twitter_card":"summary_large_image","twitter_misc":{"Escrito por":"IberCultura","Tiempo de lectura":"2 minutos"},"schema":{"@context":"https:\/\/schema.org","@graph":[{"@type":"Article","@id":"https:\/\/iberculturaviva.org\/es\/andrea-neira-dictara-la-primera-clase-sincronica-del-curso-de-posgrado-en-politicas-culturales-de-base-comunitaria-2023\/#article","isPartOf":{"@id":"https:\/\/iberculturaviva.org\/es\/andrea-neira-dictara-la-primera-clase-sincronica-del-curso-de-posgrado-en-politicas-culturales-de-base-comunitaria-2023\/"},"author":{"name":"IberCultura","@id":"https:\/\/iberculturaviva.org\/es\/?lang=es\/#\/schema\/person\/5d1313b072cc25536e0431522f740b59"},"headline":"Andrea Neira dictar\u00e1 la primera clase sincr\u00f3nica del Curso de Posgrado en Pol\u00edticas Culturales de Base Comunitaria 2023","datePublished":"2023-05-19T19:16:56+00:00","dateModified":"2023-05-19T19:37:35+00:00","mainEntityOfPage":{"@id":"https:\/\/iberculturaviva.org\/es\/andrea-neira-dictara-la-primera-clase-sincronica-del-curso-de-posgrado-en-politicas-culturales-de-base-comunitaria-2023\/"},"wordCount":427,"publisher":{"@id":"https:\/\/iberculturaviva.org\/es\/?lang=es\/#organization"},"image":{"@id":"https:\/\/iberculturaviva.org\/es\/andrea-neira-dictara-la-primera-clase-sincronica-del-curso-de-posgrado-en-politicas-culturales-de-base-comunitaria-2023\/#primaryimage"},"thumbnailUrl":"https:\/\/iberculturaviva.org\/wp-content\/uploads\/2022\/05\/andrea-neira-960x521.jpg","keywords":["FLACSO","formaci\u00f3n","posgrado"],"articleSection":["Noticias"],"inLanguage":"es"},{"@type":"WebPage","@id":"https:\/\/iberculturaviva.org\/es\/andrea-neira-dictara-la-primera-clase-sincronica-del-curso-de-posgrado-en-politicas-culturales-de-base-comunitaria-2023\/","url":"https:\/\/iberculturaviva.org\/es\/andrea-neira-dictara-la-primera-clase-sincronica-del-curso-de-posgrado-en-politicas-culturales-de-base-comunitaria-2023\/","name":"Andrea Neira dictar\u00e1 la primera clase sincr\u00f3nica del Curso de Posgrado en Pol\u00edticas Culturales de Base Comunitaria 2023 - IberCultura Viva","isPartOf":{"@id":"https:\/\/iberculturaviva.org\/es\/?lang=es\/#website"},"primaryImageOfPage":{"@id":"https:\/\/iberculturaviva.org\/es\/andrea-neira-dictara-la-primera-clase-sincronica-del-curso-de-posgrado-en-politicas-culturales-de-base-comunitaria-2023\/#primaryimage"},"image":{"@id":"https:\/\/iberculturaviva.org\/es\/andrea-neira-dictara-la-primera-clase-sincronica-del-curso-de-posgrado-en-politicas-culturales-de-base-comunitaria-2023\/#primaryimage"},"thumbnailUrl":"https:\/\/iberculturaviva.org\/wp-content\/uploads\/2022\/05\/andrea-neira-960x521.jpg","datePublished":"2023-05-19T19:16:56+00:00","dateModified":"2023-05-19T19:37:35+00:00","description":"Andrea Neira dictar\u00e1 la primera clase sincr\u00f3nica del Curso de Posgrado en Pol\u00edticas Culturales de Base Comunitaria 2023 - IberCultura Viva","breadcrumb":{"@id":"https:\/\/iberculturaviva.org\/es\/andrea-neira-dictara-la-primera-clase-sincronica-del-curso-de-posgrado-en-politicas-culturales-de-base-comunitaria-2023\/#breadcrumb"},"inLanguage":"es","potentialAction":[{"@type":"ReadAction","target":["https:\/\/iberculturaviva.org\/es\/andrea-neira-dictara-la-primera-clase-sincronica-del-curso-de-posgrado-en-politicas-culturales-de-base-comunitaria-2023\/"]}]},{"@type":"ImageObject","inLanguage":"es","@id":"https:\/\/iberculturaviva.org\/es\/andrea-neira-dictara-la-primera-clase-sincronica-del-curso-de-posgrado-en-politicas-culturales-de-base-comunitaria-2023\/#primaryimage","url":"https:\/\/iberculturaviva.org\/wp-content\/uploads\/2022\/05\/andrea-neira-960x521.jpg","contentUrl":"https:\/\/iberculturaviva.org\/wp-content\/uploads\/2022\/05\/andrea-neira-960x521.jpg"},{"@type":"BreadcrumbList","@id":"https:\/\/iberculturaviva.org\/es\/andrea-neira-dictara-la-primera-clase-sincronica-del-curso-de-posgrado-en-politicas-culturales-de-base-comunitaria-2023\/#breadcrumb","itemListElement":[{"@type":"ListItem","position":1,"name":"In\u00edcio","item":"https:\/\/iberculturaviva.org\/es\/inicio\/"},{"@type":"ListItem","position":2,"name":"Andrea Neira dictar\u00e1 la primera clase sincr\u00f3nica del Curso de Posgrado en Pol\u00edticas Culturales de Base Comunitaria 2023"}]},{"@type":"WebSite","@id":"https:\/\/iberculturaviva.org\/es\/?lang=es\/#website","url":"https:\/\/iberculturaviva.org\/es\/?lang=es\/","name":"IberCultura Viva","description":"Programa de cooperaci\u00f3n cultural","publisher":{"@id":"https:\/\/iberculturaviva.org\/es\/?lang=es\/#organization"},"potentialAction":[{"@type":"SearchAction","target":{"@type":"EntryPoint","urlTemplate":"https:\/\/iberculturaviva.org\/es\/?lang=es\/?s={search_term_string}"},"query-input":{"@type":"PropertyValueSpecification","valueRequired":true,"valueName":"search_term_string"}}],"inLanguage":"es"},{"@type":"Organization","@id":"https:\/\/iberculturaviva.org\/es\/?lang=es\/#organization","name":"Iberculturaviva","url":"https:\/\/iberculturaviva.org\/es\/?lang=es\/","logo":{"@type":"ImageObject","inLanguage":"es","@id":"https:\/\/iberculturaviva.org\/es\/?lang=es\/#\/schema\/logo\/image\/","url":"https:\/\/iberculturaviva.org\/wp-content\/uploads\/2021\/08\/logo_ibercultura_viva.jpg","contentUrl":"https:\/\/iberculturaviva.org\/wp-content\/uploads\/2021\/08\/logo_ibercultura_viva.jpg","width":708,"height":223,"caption":"Iberculturaviva"},"image":{"@id":"https:\/\/iberculturaviva.org\/es\/?lang=es\/#\/schema\/logo\/image\/"},"sameAs":["https:\/\/www.facebook.com\/iberculturaviva\/","https:\/\/www.instagram.com\/iberculturaviva\/","https:\/\/www.youtube.com\/iberculturaviva"]},{"@type":"Person","@id":"https:\/\/iberculturaviva.org\/es\/?lang=es\/#\/schema\/person\/5d1313b072cc25536e0431522f740b59","name":"IberCultura","image":{"@type":"ImageObject","inLanguage":"es","@id":"https:\/\/iberculturaviva.org\/es\/?lang=es\/#\/schema\/person\/image\/","url":"https:\/\/secure.gravatar.com\/avatar\/79f1a057cb125cbefb3765d0356d52fc7f3bba3a35e2cf22bc4de090bb7aef70?s=96&d=mm&r=g","contentUrl":"https:\/\/secure.gravatar.com\/avatar\/79f1a057cb125cbefb3765d0356d52fc7f3bba3a35e2cf22bc4de090bb7aef70?s=96&d=mm&r=g","caption":"IberCultura"}}]}},"main_category":{"link":"https:\/\/iberculturaviva.org\/es\/category\/noticias-es\/","name":"Noticias","slug":"noticias-es"},"_links":{"self":[{"href":"https:\/\/iberculturaviva.org\/es\/wp-json\/wp\/v2\/posts\/30422","targetHints":{"allow":["GET"]}}],"collection":[{"href":"https:\/\/iberculturaviva.org\/es\/wp-json\/wp\/v2\/posts"}],"about":[{"href":"https:\/\/iberculturaviva.org\/es\/wp-json\/wp\/v2\/types\/post"}],"author":[{"embeddable":true,"href":"https:\/\/iberculturaviva.org\/es\/wp-json\/wp\/v2\/users\/2"}],"replies":[{"embeddable":true,"href":"https:\/\/iberculturaviva.org\/es\/wp-json\/wp\/v2\/comments?post=30422"}],"version-history":[{"count":4,"href":"https:\/\/iberculturaviva.org\/es\/wp-json\/wp\/v2\/posts\/30422\/revisions"}],"predecessor-version":[{"id":30426,"href":"https:\/\/iberculturaviva.org\/es\/wp-json\/wp\/v2\/posts\/30422\/revisions\/30426"}],"wp:attachment":[{"href":"https:\/\/iberculturaviva.org\/es\/wp-json\/wp\/v2\/media?parent=30422"}],"wp:term":[{"taxonomy":"category","embeddable":true,"href":"https:\/\/iberculturaviva.org\/es\/wp-json\/wp\/v2\/categories?post=30422"},{"taxonomy":"post_tag","embeddable":true,"href":"https:\/\/iberculturaviva.org\/es\/wp-json\/wp\/v2\/tags?post=30422"},{"taxonomy":"country-municipality","embeddable":true,"href":"https:\/\/iberculturaviva.org\/es\/wp-json\/wp\/v2\/country-municipality?post=30422"}],"curies":[{"name":"wp","href":"https:\/\/api.w.org\/{rel}","templated":true}]}}