{"id":30015,"date":"2023-04-23T20:22:42","date_gmt":"2023-04-23T23:22:42","guid":{"rendered":"https:\/\/iberculturaviva.org\/?p=30015"},"modified":"2023-04-24T11:17:10","modified_gmt":"2023-04-24T14:17:10","slug":"la-municipalidad-de-concepcion-realiza-conversatorio-y-encuestas-para-la-elaboracion-de-la-carta-de-derechos-culturales","status":"publish","type":"post","link":"https:\/\/iberculturaviva.org\/es\/la-municipalidad-de-concepcion-realiza-conversatorio-y-encuestas-para-la-elaboracion-de-la-carta-de-derechos-culturales\/","title":{"rendered":"La Municipalidad de Concepci\u00f3n realiza conversatorio y encuestas para la elaboraci\u00f3n de la Carta de Derechos Culturales"},"content":{"rendered":"<p style=\"text-align: justify;\"><span style=\"font-weight: 400;\">La comuna de Concepci\u00f3n, en Chile, se encuentra en proceso de escribir su Carta de Derechos Culturales, tal como lo han hecho otras ciudades alrededor del mundo, como Barcelona, M\u00e9rida, Roma, San Luis de Potos\u00ed y Niter\u00f3i. El objetivo principal es construirla a trav\u00e9s de un proceso participativo y escalonado, en el cual se hacen parte instituciones, agentes art\u00edsticos y la comunidad.&nbsp;<\/span><\/p>\n<p style=\"text-align: justify;\"><span style=\"font-weight: 400;\">En el marco de la creaci\u00f3n de este instrumento normativo, del 6 de febrero al 6 de marzo se realiz\u00f3 la primera encuesta de diagn\u00f3stico, en la cual 535 residentes dieron su percepci\u00f3n acerca de c\u00f3mo se viven los derechos culturales en el territorio.&nbsp;<\/span><\/p>\n<p style=\"text-align: justify;\"><span style=\"font-weight: 400;\">Para evaluar qu\u00e9 tan familiarizada se encuentra la poblaci\u00f3n con este tipo de libertades y garant\u00edas, se les consult\u00f3, por ejemplo, si sab\u00edan qu\u00e9, cu\u00e1ntos y cu\u00e1les son sus derechos culturales, a lo que el 79,8% de los participantes respondi\u00f3 no tener conocimientos al respecto. Asimismo, el 81,3% dijo que no sab\u00eda si los derechos culturales estaban reconocidos y protegidos por las autoridades gubernamentales en Chile.&nbsp;&nbsp;<\/span><\/p>\n<p style=\"text-align: justify;\"><span style=\"font-weight: 400;\">En este mismo levantamiento, se les pregunt\u00f3 qu\u00e9 aspectos consideran que vuelven dif\u00edcil el participar, acceder o realizarse en torno a la cultura; el 59,6% dijo que no le llega la informaci\u00f3n necesaria para participar o acceder a actividades, y el 50,3% afirm\u00f3 que el problema radica en los costos de las propias actividades. Una <\/span><a href=\"https:\/\/linktr.ee\/concepcionculturaldireccion\"><span style=\"font-weight: 400;\">segunda encuesta<\/span><\/a><span style=\"font-weight: 400;\"> que expande y profundiza estos t\u00f3picos, ya est\u00e1 siendo aplicada entre las y los habitantes de la ciudad.&nbsp;<\/span><\/p>\n<p style=\"text-align: justify;\"><span style=\"font-weight: 400;\">Adem\u00e1s de estas encuestas que se enmarcan como las primeras acciones de este proceso de elaboraci\u00f3n del documento, la Municipalidad de Concepci\u00f3n promovi\u00f3 el conversatorio \u201cLa ciudad y los derechos culturales\u201d, el d\u00eda 29 de marzo, para conocer m\u00e1s sobre las experiencias de tres ciudades que lanzaron sus Cartas de Derechos Culturales los \u00faltimos tres a\u00f1os: <\/span><a href=\"https:\/\/www.agenda21culture.net\/es\/noticias\/la-carta-de-roma-2020\"><span style=\"font-weight: 400;\">Roma<\/span><\/a><span style=\"font-weight: 400;\"> (It\u00e1lia), <\/span><a href=\"https:\/\/iberculturaviva.org\/se-presenta-la-carta-de-la-ciudad-de-san-luis-potosi-por-los-derechos-culturales\/?lang=es\"><span style=\"font-weight: 400;\">San Luis Potos\u00ed<\/span><\/a><span style=\"font-weight: 400;\"> (M\u00e9xico) y <\/span><a href=\"https:\/\/iberculturaviva.org\/niteroi-presentara-la-carta-de-derechos-culturales-de-la-ciudad-y-el-portal-cultura-es-un-derecho\/?lang=es\"><span style=\"font-weight: 400;\">Niter\u00f3i<\/span><\/a><span style=\"font-weight: 400;\"> (Brasil).&nbsp;<\/span><\/p>\n<p style=\"text-align: justify;\"><span style=\"font-weight: 400;\">La charla tuvo formato h\u00edbrido, con el equipo de la Direcci\u00f3n de Cultura de la Municipalidad de Concepci\u00f3n reunido presencialmente en Chile, junto con la coordinadora del programa Red Cultura en la regi\u00f3n del Biob\u00edo, Daisy Retamal. Otras seis personas participaron virtualmente desde Espa\u00f1a, M\u00e9xico y Brasil: los tres panelistas (Jordi Pascual, Cynthia Santoyo y Alexandre Santini), la moderadora Luisa Vel\u00e1squez, el consultor en gobernanza cultural Gerardo Daniel Padilla y la representante de Mercociudades, Eva Ramirez. El encuentro fue transmitido desde la p\u00e1gina de Facebook de <\/span><a href=\"https:\/\/www.facebook.com\/100067347037048\/videos\/931638087890607\" target=\"_blank\" rel=\"noopener\"><span style=\"font-weight: 400;\">Concepci\u00f3n Cultural<\/span><\/a><span style=\"font-weight: 400;\">.<\/span><\/p>\n<p><a href=\"https:\/\/iberculturaviva.org\/wp-content\/uploads\/2023\/04\/concepcion-todos.jpg\"><img loading=\"lazy\" decoding=\"async\" class=\"aligncenter wp-image-30038 size-large\" src=\"https:\/\/iberculturaviva.org\/wp-content\/uploads\/2023\/04\/concepcion-todos-960x567.jpg\" alt=\"\" width=\"640\" height=\"378\" srcset=\"https:\/\/iberculturaviva.org\/wp-content\/uploads\/2023\/04\/concepcion-todos-960x567.jpg 960w, https:\/\/iberculturaviva.org\/wp-content\/uploads\/2023\/04\/concepcion-todos-768x453.jpg 768w, https:\/\/iberculturaviva.org\/wp-content\/uploads\/2023\/04\/concepcion-todos-125x74.jpg 125w, https:\/\/iberculturaviva.org\/wp-content\/uploads\/2023\/04\/concepcion-todos-529x312.jpg 529w, https:\/\/iberculturaviva.org\/wp-content\/uploads\/2023\/04\/concepcion-todos.jpg 1511w\" sizes=\"auto, (max-width: 640px) 100vw, 640px\" \/><\/a><\/p>\n<p>.<\/p>\n<h4>El primer conversatorio<\/h4>\n<p style=\"text-align: justify;\"><span style=\"font-weight: 400;\">El conversatorio \u201cLa ciudad y los derechos culturales\u201d comenz\u00f3 con unas palabras de bienvenida por parte del alcalde<\/span><span style=\"font-weight: 400;\"> \u00c1lvaro Ortiz, que grab\u00f3 un mensaje sobre este proceso de construcci\u00f3n participativa que la Municipalidad de Concepci\u00f3n llevar\u00e1 a cabo a lo largo del a\u00f1o de 2023, en conjunto con el secretariado mundial de Ciudades y Gobiernos Locales Unidos (CGLU) y el Ministerio de las Culturas, las Artes y el Patrimonio de Chile, con el apoyo de Mercociudades e IberCultura Viva.<\/span><\/p>\n<p style=\"text-align: justify;\"><span style=\"font-weight: 400;\">\u201cLas Cartas de Derechos Culturales son herramientas que se est\u00e1n desarrollando en distintas partes del mundo como un merecido ejercicio de participaci\u00f3n ciudadana que permite actualizar el derecho a la cultura consagrado en la Declaraci\u00f3n Universal de Derechos Humanos (de 1948) a las necesidades actuales, reconociendo y valorando lo que cada comunidad considera relevante a nivel local, pero con enfoque global\u201d, coment\u00f3 el alcalde. \u201cInvitamos a todos los vecinos y vecinas de la ciudad de Concepci\u00f3n a informarse y participar de este proceso que comenzamos a desarrollar desde enero y que se extender\u00e1 durante todo el a\u00f1o en distintos espacios, tanto f\u00edsicos como digitales.\u201d<\/span><\/p>\n<p style=\"text-align: justify;\"><span style=\"font-weight: 400;\">Luisa Vel\u00e1squez y Claudia Araya, moderadoras de la charla, as\u00ed como Gerardo Padilla explicaron que la intenci\u00f3n era enfocar el debate en tres grandes claves respecto a las experiencias de Roma, San Luis Potos\u00ed y Niteroi. Teniendo como base los procesos de estas tres ciudades, las personas invitadas explicar\u00edan qu\u00e9 son las cartas, por qu\u00e9 son importantes, qu\u00e9 son espec\u00edficamente los derechos culturales, c\u00f3mo se construyen estas declaraciones, cu\u00e1les son los alcances de estas cartas, etc.<\/span><\/p>\n<p>.<\/p>\n<h4>Ciudades y Gobiernos Locales Unidos<\/h4>\n<div id=\"attachment_30035\" style=\"width: 251px\" class=\"wp-caption alignright\"><a href=\"https:\/\/iberculturaviva.org\/wp-content\/uploads\/2023\/04\/concepcion-jordi.jpg\"><img loading=\"lazy\" decoding=\"async\" aria-describedby=\"caption-attachment-30035\" class=\"wp-image-30035 \" src=\"https:\/\/iberculturaviva.org\/wp-content\/uploads\/2023\/04\/concepcion-jordi-460x310.jpg\" alt=\"\" width=\"241\" height=\"162\"><\/a><p id=\"caption-attachment-30035\" class=\"wp-caption-text\">Jordi Pascal<\/p><\/div>\n<p style=\"text-align: justify;\"><span style=\"font-weight: 400;\">Desde Barcelona (Espa\u00f1a) particip\u00f3 Jordi Pascual, coordinador de la Comisi\u00f3n de Cultura de la organizaci\u00f3n mundial<\/span><span style=\"font-weight: 400;\"> de Ciudades y Gobiernos Locales Unidos (<\/span><span style=\"font-weight: 400;\">CGLU). Especialista en desarrollo sostenible, municipalismo y derechos culturales, fue quien coordin\u00f3 el proceso de construcci\u00f3n de la <\/span><a href=\"https:\/\/agenda21culture.net\/sites\/default\/files\/2020_rc_spa_0.pdf\" target=\"_blank\" rel=\"noopener\"><span style=\"font-weight: 400;\">Carta de Roma 2020<\/span><\/a><span style=\"font-weight: 400;\"> (\u201cPor el derecho a participar libre y plenamente en la vida cultural\u201d). Esta carta, que desde el inicio fue pensada como un documento \u201cbreve, claro y \u00fatil\u201d, no se trata de un instrumento legal, sino una gu\u00eda pr\u00e1ctica para el desarrollo cultural sostenible.&nbsp;<\/span><\/p>\n<p style=\"text-align: justify;\"><span style=\"font-weight: 400;\">Pascual comenz\u00f3 su intervenci\u00f3n en nombre de la CGLU dejando claro que, para ellos, la cultura es un pilar para el desarrollo sostenible, \u201csin el cual no podemos explicar nuestras sociedades, no podemos explicar el mundo en su conjunto\u201d. \u201cHace casi 20 a\u00f1os que promovemos el papel de los derechos culturales en la acci\u00f3n p\u00fablica local, preocupados por no hacer tan solo bonitas declaraciones, sino por aportar a nuestros miembros, ciudades y gobiernos locales del mundo entero, aportarles herramientas concretas, muy practicas y muy orientadas a la acci\u00f3n pol\u00edtica\u201d, coment\u00f3.&nbsp;<\/span><\/p>\n<p style=\"text-align: justify;\"><span style=\"font-weight: 400;\">El documento fundacional de la Comisi\u00f3n de Cultura de CGLU es la <\/span><a href=\"https:\/\/www.agenda21culture.net\/sites\/default\/files\/files\/documents\/multi\/ag21_es_ok.pdf\" target=\"_blank\" rel=\"noopener\"><span style=\"font-weight: 400;\">Agenda 21 de la Cultura<\/span><\/a><span style=\"font-weight: 400;\">, aprobada en 2004 en Barcelona. A este importante texto de referencia se suma el documento <\/span><a href=\"https:\/\/www.agenda21culture.net\/sites\/default\/files\/files\/documents\/multi\/c21_015_spa.pdf\" target=\"_blank\" rel=\"noopener\"><span style=\"font-weight: 400;\">Cultura 21: Acciones<\/span><\/a><span style=\"font-weight: 400;\"> (\u201cCompromisos sobre el papel de la cultura en las ciudades sostenibles\u201d), presentado en Bilbao en 2015 y que complementa a la Agenda 21 de la Cultura, haci\u00e9ndola m\u00e1s operativa, como una gu\u00eda para aplicar los derechos culturales a escala local, con 100 acciones clasificadas en 9 compromisos.<\/span><\/p>\n<p style=\"text-align: justify;\"><span style=\"font-weight: 400;\">Estos compromisos, que sintetizan la dimensi\u00f3n cultural de una ciudad sostenible, se presentan en nueve secciones as\u00ed estructuradas: 1) Derechos culturales; 2) Patrimonio, diversidad y creatividad; 3) Cultura y educaci\u00f3n; 4) Cultura y medio ambiente; 5) Cultura y econom\u00eda; 6) Cultura, equidad e inclusi\u00f3n social; 7) Cultura, planificaci\u00f3n urbana y espacio p\u00fablico; 8) Cultura, informaci\u00f3n y conocimientos; 9) Gobernanza de la cultura.<\/span><\/p>\n<p><a href=\"https:\/\/iberculturaviva.org\/wp-content\/uploads\/2023\/04\/concepcion-los4.jpg\"><img loading=\"lazy\" decoding=\"async\" class=\"aligncenter size-large wp-image-30040\" src=\"https:\/\/iberculturaviva.org\/wp-content\/uploads\/2023\/04\/concepcion-los4-960x553.jpg\" alt=\"\" width=\"640\" height=\"369\" srcset=\"https:\/\/iberculturaviva.org\/wp-content\/uploads\/2023\/04\/concepcion-los4-960x553.jpg 960w, https:\/\/iberculturaviva.org\/wp-content\/uploads\/2023\/04\/concepcion-los4-768x443.jpg 768w, https:\/\/iberculturaviva.org\/wp-content\/uploads\/2023\/04\/concepcion-los4-125x72.jpg 125w, https:\/\/iberculturaviva.org\/wp-content\/uploads\/2023\/04\/concepcion-los4-529x305.jpg 529w, https:\/\/iberculturaviva.org\/wp-content\/uploads\/2023\/04\/concepcion-los4.jpg 1516w\" sizes=\"auto, (max-width: 640px) 100vw, 640px\" \/><\/a><\/p>\n<p>.<\/p>\n<p style=\"text-align: justify;\"><span style=\"font-weight: 400;\">\u201cEs muy importante la relaci\u00f3n estrecha entre los derechos culturales y el resto de categor\u00edas de los derechos humanos: sociales, econ\u00f3micos y pol\u00edticos\u201d, observ\u00f3 Jordi Pascual, al citar algunos art\u00edculos de la Declaraci\u00f3n Universal de los Derechos Humanos, y m\u00e1s operativamente, el <\/span><a href=\"https:\/\/www.ohchr.org\/es\/instruments-mechanisms\/instruments\/international-covenant-economic-social-and-cultural-rights\" target=\"_blank\" rel=\"noopener\"><span style=\"font-weight: 400;\">Pacto Internacional de los Derechos Econ\u00f3micos, Sociales y Culturales (PIDESC)<\/span><\/a><span style=\"font-weight: 400;\">, aprobado en el a\u00f1o 1966.&nbsp;<\/span><\/p>\n<p style=\"text-align: justify;\"><span style=\"font-weight: 400;\">La <\/span><a href=\"https:\/\/www.refworld.org.es\/publisher,CESCR,GENERAL,,4ed35beb2,0.html\" target=\"_blank\" rel=\"noopener\"><span style=\"font-weight: 400;\">Observaci\u00f3n General n\u00ba 21<\/span><\/a><span style=\"font-weight: 400;\"> (2009) sobre el derecho de toda persona a participar en la vida cultural, como record\u00f3 Pascual, tiene como base cinco conceptos (disponibilidad, accesibilidad, aceptabilidad, adaptabilidad e idoneidad), partiendo de la premisa de que <\/span><span style=\"font-weight: 400;\">los derechos culturales son parte integrante de los derechos humanos y, al igual que los dem\u00e1s, son universales, indivisibles e interdependientes.&nbsp;<\/span><\/p>\n<p style=\"text-align: justify;\"><span style=\"font-weight: 400;\">Al discurrir sobre temas clave en derechos culturales para los gobiernos locales, Pascual mencion\u00f3 el acceso y participaci\u00f3n en actividades culturales con \u00e9nfasis en la creatividad, la discusi\u00f3n sobre patrimonio e identidades como conceptos din\u00e1micos, la importancia de la gobernanza de pol\u00edticas culturales, la protecci\u00f3n de las minor\u00edas, la igualdad de g\u00e9nero, la transversalidad de la cultura y el abordaje (de manera expl\u00edcita) de los obst\u00e1culos que impiden la participaci\u00f3n en la vida cultural.<\/span><\/p>\n<p style=\"text-align: justify;\"><span style=\"font-weight: 400;\">\u201cQuiero poner aqu\u00ed \u00e9nfasis en los conceptos de obst\u00e1culos, igualdad y transversalidad, que son temas <\/span><em><span style=\"font-weight: 400;\">sine qua non<\/span><\/em><span style=\"font-weight: 400;\"> no existen pol\u00edticas de derechos culturales. Hablar de derechos culturales hoy parece imprescindible, pero no puede ser un \u2018hacemos lo que hac\u00edamos antes, solamente cambiamos el acento en pol\u00edticas culturales\u2019. No ser\u00eda coherente. Trabajar los derechos culturales obliga a hacer pol\u00edticas culturales de manera un poco m\u00e1s compleja, pero con mucho m\u00e1s impacto en la comunidad. Poner el acento en obst\u00e1culos, igualdad y transversalidad va en esta direcci\u00f3n\u201d, agreg\u00f3.<\/span><\/p>\n<p style=\"text-align: justify;\"><span style=\"font-weight: 400;\">Seg\u00fan Pascual, documentos como la Agenda 21 de la Cultura, Cultura 21: Acciones y la Carta de Roma 2020 son un gran aporte a los trabajos de los gobiernos locales porque se tratan de \u201cdocumentos maduros y muy validados internacionalmente\u201d. \u201cNosotros trabajamos para los gobiernos locales, no hemos hecho una gu\u00eda orientadora de los derechos culturales para las naciones; este tema lo debe abordar la UNESCO.(&#8230;) Nuestros lineamientos est\u00e1n informados por el debate mundial de los derechos culturales, pero escritos por y para los gobiernos locales. Por eso queremos que el trabajo que se est\u00e1 haciendo en Concepci\u00f3n sea considerado un ejemplo para otras ciudades\u201d.<\/span><\/p>\n<p>.<\/p>\n<h4>El ejemplo de San Luis Potos\u00ed<\/h4>\n<div id=\"attachment_30042\" style=\"width: 249px\" class=\"wp-caption alignright\"><a href=\"https:\/\/iberculturaviva.org\/wp-content\/uploads\/2023\/04\/concepcio-cynthia.jpg\"><img loading=\"lazy\" decoding=\"async\" aria-describedby=\"caption-attachment-30042\" class=\"wp-image-30042 \" src=\"https:\/\/iberculturaviva.org\/wp-content\/uploads\/2023\/04\/concepcio-cynthia-460x310.jpg\" alt=\"\" width=\"239\" height=\"161\"><\/a><p id=\"caption-attachment-30042\" class=\"wp-caption-text\">Cynthia Santoyo<\/p><\/div>\n<p style=\"text-align: justify;\"><span style=\"font-weight: 400;\">Cynthia Santoyo, la segunda panelista de este conversatorio, colabora desde 2018 como especialista en programas del sector de Cultura en UNESCO M\u00e9xico. Maestra en G\u00e9nero y Migraci\u00f3n, se encuentra a cargo del acompa\u00f1amiento e implementaci\u00f3n de iniciativas que apoyan al gobierno federal, gobiernos locales y ONGs en materia de diversidad cultural y trabajo comunitario, econom\u00edas e industrias creativas, multiling\u00fcismo, patrimonio cultural inmaterial y fortalecimiento de capacidades t\u00e9cnicas para la equidad de g\u00e9nero. Ella acompa\u00f1\u00f3 el proceso de construcci\u00f3n de la Carta de Derechos Culturales que el gobierno municipal de San Luis Potos\u00ed llev\u00f3 a cabo por m\u00e1s de tres a\u00f1os (entre 2018 y 2021) en coordinaci\u00f3n con UNESCO M\u00e9xico.&nbsp;<\/span><\/p>\n<p style=\"text-align: justify;\"><span style=\"font-weight: 400;\">\u201cPara la UNESCO, la cultura debe siempre desarrollarse en un marco de libertad y justicia y, por lo tanto, con base en la protecci\u00f3n de los derechos humanos. En este sentido, la labor y todas las iniciativas y estrategias de UNESCO M\u00e9xico que se desarrollan a nivel nacional, estatal y local deben estar encaminadas a la salvaguardia y la conservaci\u00f3n de los derechos de la ciudadan\u00eda, siempre caminando a un proceso de democratizaci\u00f3n donde la ciudadan\u00eda forme parte. Fue algo que sucedi\u00f3 en el proceso de construcci\u00f3n de la Carta de Derechos Culturales de San Luis Potos\u00ed\u201d, se\u00f1al\u00f3.<\/span><\/p>\n<p style=\"text-align: justify;\"><span style=\"font-weight: 400;\">En su intervenci\u00f3n, Cynthia Santoyo hizo un <\/span><a href=\"https:\/\/www.unesco.org\/es\/articles\/unesco-san-luis-por-los-derechos-culturales\" target=\"_blank\" rel=\"noopener\"><span style=\"font-weight: 400;\">recorrido del proceso realizado en San Luis Potos\u00ed<\/span><\/a><span style=\"font-weight: 400;\"> para la elaboraci\u00f3n de esta Carta, que hoy es un referente en M\u00e9xico. Mencion\u00f3 al foro de desarrollo cultural inicial, con el cual se busc\u00f3 conocer m\u00e1s sobre la percepci\u00f3n que las personas en el municipio ten\u00edan sobre los derechos culturales, cit\u00f3 algunos documentos usados como marcos de referencia (<\/span><span style=\"font-weight: 400;\">la Constituci\u00f3n Pol\u00edtica de M\u00e9xico; la Declaraci\u00f3n Universal de Derechos Humanos; el Pacto Internacional de Derechos Econ\u00f3micos, Sociales y Culturales; la Ley de Cultura para el Estado y los Municipios de San Luis Potos\u00ed), destac\u00f3 el <\/span><span style=\"font-weight: 400;\">ejercicio de cooperaci\u00f3n multilateral que se dio en este proceso, inclusive con la incorporaci\u00f3n de San Luis Potos\u00ed a la Red IberCultura Viva de Ciudades y Gobiernos Locales.&nbsp;<\/span><\/p>\n<p style=\"text-align: justify;\"><span style=\"font-weight: 400;\">La colaboradora de UNESCO M\u00e9xico se\u00f1al\u00f3, adem\u00e1s, la selecci\u00f3n del Comit\u00e9 Acad\u00e9mico que hizo todo el procesamiento de datos. Este \u00f3rgano colegiado nacional cont\u00f3 con 22 integrantes -especialistas del derecho, las ciencias sociales, los estudios culturales, las artes y las humanidades- que se organizaron en cuatro grupos de trabajo: Democracia Cultural, Equidad Territorial, Fomento de la Creatividad y Armonizaci\u00f3n Normativa. \u201cUn importante hallazgo fue que las personas pertenec\u00edan a diversos sectores de la sociedad\u201d, afirm\u00f3 Cynthia Santoyo, que tambi\u00e9n resalt\u00f3 la intenci\u00f3n de tener una \u201cdistribuci\u00f3n territorial equitativa\u201d en la conformaci\u00f3n del comit\u00e9.<\/span><\/p>\n<p style=\"text-align: justify;\"><span style=\"font-weight: 400;\">A partir del an\u00e1lisis de la informaci\u00f3n recabada durante los espacios de participaci\u00f3n social y digital celebrados desde 2019, el Comit\u00e9 Acad\u00e9mico UNESCO San Luis estuvo encargado de generar un documento orientador de perspectivas y narrativas para la Carta de la Ciudad, as\u00ed como la propuesta de ordenamiento municipal en materia de cultura y derechos culturales. <\/span><span style=\"font-weight: 400;\">El <\/span><a href=\"https:\/\/iberculturaviva.org\/wp-content\/uploads\/2021\/06\/Reglamento_Municipal_de_Cultura_y_Derechos_Culturales_de_San_Luis_Potosi%CC%81-3.pdf\" target=\"_blank\" rel=\"noopener\"><span style=\"font-weight: 400;\">Reglamento Municipal de Cultura y Derechos Culturales de San Luis Potos\u00ed<\/span><\/a><span style=\"font-weight: 400;\">, <\/span><span style=\"font-weight: 400;\">que garantiza la legitimidad de toda persona, grupo o comunidad cultural a ejercer de manera libre y plena sus derechos culturales, fue publicado el 16 de junio de 2021<\/span><span style=\"font-weight: 400;\">.&nbsp;<\/span><\/p>\n<p>.<\/p>\n<h4>La experiencia de Niter\u00f3i<\/h4>\n<p style=\"text-align: justify;\"><span style=\"font-weight: 400;\">El proceso que se desarroll\u00f3 en San Luis Potos\u00ed fue la principal inspiraci\u00f3n para la Secretar\u00eda Municipal de las Culturas de Niter\u00f3i, que en marzo de 2021 dio inicio a una serie de conversatorios con la poblaci\u00f3n local para debatir y formular propuestas para la Carta de los Derechos Culturales de la ciudad. La iniciativa fue de las acciones de cooperaci\u00f3n que surgieron en el \u00e1mbito de la Red IberCultura Viva de Ciudades y Gobiernos Locales, como destac\u00f3 el tercer panelista de este conversatorio, Alexandre Santini.&nbsp;<\/span><\/p>\n<div id=\"attachment_30029\" style=\"width: 261px\" class=\"wp-caption alignright\"><a href=\"https:\/\/iberculturaviva.org\/wp-content\/uploads\/2023\/04\/concepcion-santini.png\"><img loading=\"lazy\" decoding=\"async\" aria-describedby=\"caption-attachment-30029\" class=\"wp-image-30029 \" src=\"https:\/\/iberculturaviva.org\/wp-content\/uploads\/2023\/04\/concepcion-santini-460x310.png\" alt=\"\" width=\"251\" height=\"169\"><\/a><p id=\"caption-attachment-30029\" class=\"wp-caption-text\">Alexandre Santini<\/p><\/div>\n<p style=\"text-align: justify;\"><span style=\"font-weight: 400;\">Hoy presidente de la Fundaci\u00f3n Casa de Rui Barbosa, en R\u00edo de Janeiro, Santini fue director de Ciudadan\u00eda y Diversidad Cultural del Ministerio de Cultura de Brasil (2015-2016) y secretario de las Culturas de Niter\u00f3i, donde coordin\u00f3 el proceso de elaboraci\u00f3n de la Carta de Derechos Culturales de la ciudad. \u00c9l abri\u00f3 su presentaci\u00f3n contextualizando la situaci\u00f3n en Brasil, en este momento de recreaci\u00f3n del Ministerio de Cultura (que hab\u00eda sido extinto en 2019) y de recuperaci\u00f3n de las pol\u00edticas del Sistema Nacional de Cultura.<\/span><\/p>\n<div class=\"mceTemp\"><\/div>\n<p style=\"text-align: justify;\"><span style=\"font-weight: 400;\">Enseguida, Santini cont\u00f3 que la elaboraci\u00f3n de la Carta de Niter\u00f3i empez\u00f3 a ser gestionada en el marco de la Red IberCultura Viva de Ciudades y Gobiernos Locales, a partir del conocimiento de lo que fue el proceso de construcci\u00f3n de la Carta de San Luis Potos\u00ed. \u201cEsta experiencia es parte de un proceso de cooperaci\u00f3n, de diplomacia cultural, entre ciudades y gobiernos locales que se desarrolla en el \u00e1mbito de un programa de cooperaci\u00f3n internacional vocacionado a pensar las pol\u00edticas culturales de base comunitaria. El intercambio de buenas pr\u00e1cticas gener\u00f3 este proceso en otra ciudad, y por eso tambi\u00e9n queremos saludar y valorar la iniciativa de la Municipalidad de Concepci\u00f3n, que viene dando seguimiento a este proceso\u201d, agreg\u00f3.<\/span><\/p>\n<p style=\"text-align: justify;\"><span style=\"font-weight: 400;\">Seg\u00fan \u00e9l, en Niter\u00f3i hubo una participaci\u00f3n muy activa de la sociedad, en especial del Consejo Municipal de Pol\u00edticas Culturales, que es conformado por representantes de organizaciones culturales y agentes culturales de distintos lenguajes y sectores de la cultura. \u201cBasado en los ejes de democracia cultural y de equidad territorial, todos los procesos se dieron de manera colaborativa y participativa\u201d, afirm\u00f3. \u201cTuvimos casi un a\u00f1o de trabajo para el desarrollo de la Carta. Fueron m\u00e1s de 50 encuentros, charlas y reuniones, presenciales y virtuales\u201d.&nbsp;<\/span><\/p>\n<p style=\"text-align: justify;\"><span style=\"font-weight: 400;\">As\u00ed como se dio en San Luis Potos\u00ed, la insignia de la Secretar\u00eda Municipal de las Culturas de Niter\u00f3i pas\u00f3 a ser \u2018La cultura es un derecho\u2019. \u201cEn este proceso hemos comprendido que el rol del gobierno local, m\u00e1s all\u00e1 de la l\u00f3gica de los eventos y de las acciones puntuales, es generar y sostener un proceso de democracia cultural y de participaci\u00f3n ciudadana en el marco del desarrollo, formulaci\u00f3n y ejecuci\u00f3n de las pol\u00edticas p\u00fablicas\u201d, expres\u00f3 el exsecretario de Cultura de Niter\u00f3i.&nbsp;<\/span><\/p>\n<p style=\"text-align: justify;\"><span style=\"font-weight: 400;\">En su intervenci\u00f3n, Santini record\u00f3 que la Casa de Rui Barbosa, que actualmente preside, es tambi\u00e9n un centro de investigaci\u00f3n de pol\u00edticas culturales. \u00abVolveremos a realizar el Seminario Internacional de Pol\u00edticas Culturales, y el tema de los derechos culturales va a ser uno de los ejes que tendr\u00e1n m\u00e1s destaque en las discusiones de las pol\u00edticas culturales de Brasil en los pr\u00f3ximos a\u00f1os\u201d, coment\u00f3. \u201cDemocracia y el derecho a la cultura\u201d ser\u00e1 inclusive el tema de la 4\u00aa Conferencia Nacional de Cultura (CNC), que se llevar\u00e1 a cabo del 4 al 8 de diciembre en Brasilia.<\/span><\/p>\n<p style=\"text-align: justify;\"><span style=\"font-weight: 400;\">Al resaltar que hay una directiva desde el gobierno del presidente Luiz In\u00e1cio Lula da Silva para la construcci\u00f3n de una pol\u00edtica nacional que valora y garantiza el derecho a la cultura, Santini tambi\u00e9n reforz\u00f3 la importancia de pensar en una pol\u00edtica nacional que asigna presupuestos regulares y permanentes para la gesti\u00f3n de la cultura en las ciudades y gobiernos locales.<\/span><\/p>\n<p style=\"text-align: justify;\"><span style=\"font-weight: 400;\">Sobre el proceso de creaci\u00f3n del programa de Puntos de Cultura Comunitaria que se ha desarrollado en Chile, \u00e9l coment\u00f3 que recientemente tuvo la oportunidad de participar en una actividad en la regi\u00f3n de Coquimbo para hablar de la experiencia que se ha dado en Brasil, donde el programa Cultura Viva fue implementado en 2004 y en 2014 se convirti\u00f3 en pol\u00edtica de Estado con la aprobaci\u00f3n de la Ley 13.018 (conocida como Ley Cultura Viva). En Niter\u00f3i, inclusive, se instituy\u00f3 en 2018 la Pol\u00edtica Municipal de Cultura Viva, por medio de la cual se mantiene, con recursos propios, una red municipal de Puntos de Cultura.<\/span><\/p>\n<p style=\"text-align: justify;\"><span style=\"font-weight: 400;\">\u201cCada regi\u00f3n tiene su propia manera de desarrollar este programa de Puntos de Cultura, y eso es algo que las pol\u00edticas culturales siempre deben tener en cuenta: que ellas se construyen desde lo local hacia lo nacional, y no al rev\u00e9s. Es necesario pensar siempre en este protagonismo, en esta centralidad del territorio, de lo local, en la construcci\u00f3n de las pol\u00edticas culturales\u201d, observ\u00f3 Santini.<\/span><\/p>\n<p>.<\/p>\n<h4>Un faro para otras ciudades<\/h4>\n<div id=\"attachment_30022\" style=\"width: 265px\" class=\"wp-caption alignright\"><a href=\"https:\/\/iberculturaviva.org\/wp-content\/uploads\/2023\/04\/concepcion-mercociudades.jpg\"><img loading=\"lazy\" decoding=\"async\" aria-describedby=\"caption-attachment-30022\" class=\"wp-image-30022 \" src=\"https:\/\/iberculturaviva.org\/wp-content\/uploads\/2023\/04\/concepcion-mercociudades-460x310.jpg\" alt=\"\" width=\"255\" height=\"172\"><\/a><p id=\"caption-attachment-30022\" class=\"wp-caption-text\">Eva Ramirez<\/p><\/div>\n<p style=\"text-align: justify;\"><span style=\"font-weight: 400;\">Terminadas las tres presentaciones, Eva Ramirez, representante de la Unidad Tem\u00e1tica de Cultura de Mercociudades, explic\u00f3 c\u00f3mo funciona esta red que agrupa a ciudades asociadas al Mercosur, y de la cual Concepci\u00f3n es parte activa. La Unidad Tem\u00e1tica tiene una coordinaci\u00f3n compartida con el municipio de S\u00e3o Leopoldo (Brasil), que as\u00ed como Concepci\u00f3n tambi\u00e9n integra la Red IberCultura Viva de Ciudades y Gobiernos Locales.<\/span><\/p>\n<p style=\"text-align: justify;\"><span style=\"font-weight: 400;\">\u201cQueremos que la experiencia que va a llevar la ciudad de Concepci\u00f3n sea un faro, no solo para las ciudades chilenas, sino tambi\u00e9n para aquellas que integran Mercociudades, las ciudades argentinas, uruguayas, chilenas, brasile\u00f1as. Las redes de ciudades son fundamentales inclusive por la posibilidad de cocreaci\u00f3n, de acompa\u00f1arse, de colaborar. Sabemos del compromiso de Concepci\u00f3n y del compromiso de Mauricio Castro (director de Cultura de la Municipalidad de Concepci\u00f3n) de poder hacer circular, de que esta experiencia pueda ser replicable. Esperamos, y lo tomo como un desaf\u00edo, que otras ciudades puedan llevarlo adelante\u201d, coment\u00f3 Eva Ramirez.<\/span><\/p>\n<p style=\"text-align: justify;\"><span style=\"font-weight: 400;\">Dayse Retamal, coordinadora de Ciudadan\u00eda Cultural y encargada del programa Red Cultura, desarrollado por el Ministerio de las Culturas, las Artes y el Patrimonio, en la regi\u00f3n del Biob\u00edo, tambi\u00e9n coment\u00f3 los anhelos respecto al proceso que est\u00e1 desarrollando la Municipalidad de Concepci\u00f3n. \u201cEstamos muy contentos y expectantes. Este momento marca un hito en el fortalecimiento de la gesti\u00f3n territorial, que nosotros como Ministerio de las Culturas ya venimos impulsando hace casi 10 a\u00f1os con la construcci\u00f3n participativa de planes municipales de cultura en todas las comunas que se han animado a hacerlo. Concepci\u00f3n ha estado en este mismo camino hace mucho tiempo\u201d, subray\u00f3. \u201cEs nuestro anhelo ir avanzando en este camino, en esta senda de aumentar y mejorar la participaci\u00f3n ciudadana en la construcci\u00f3n de lo que queremos para nuestro pa\u00eds.\u201d&nbsp;<\/span><\/p>\n\n\t\t<style type=\"text\/css\">\n\t\t\t#gallery-1 {\n\t\t\t\tmargin: auto;\n\t\t\t}\n\t\t\t#gallery-1 .gallery-item {\n\t\t\t\tfloat: left;\n\t\t\t\tmargin-top: 10px;\n\t\t\t\ttext-align: center;\n\t\t\t\twidth: 50%;\n\t\t\t}\n\t\t\t#gallery-1 img {\n\t\t\t\tborder: 2px solid #cfcfcf;\n\t\t\t}\n\t\t\t#gallery-1 .gallery-caption {\n\t\t\t\tmargin-left: 0;\n\t\t\t}\n\t\t\t\/* see gallery_shortcode() in wp-includes\/media.php *\/\n\t\t<\/style>\n\t\t<div id='gallery-1' class='gallery galleryid-30015 gallery-columns-2 gallery-size-medium'><dl class='gallery-item'>\n\t\t\t<dt class='gallery-icon landscape'>\n\t\t\t\t<a href='https:\/\/iberculturaviva.org\/es\/la-municipalidad-de-concepcion-realiza-conversatorio-y-encuestas-para-la-elaboracion-de-la-carta-de-derechos-culturales\/concepcion-gerardo\/'><img loading=\"lazy\" decoding=\"async\" width=\"300\" height=\"202\" src=\"https:\/\/iberculturaviva.org\/wp-content\/uploads\/2023\/04\/concepcion-gerardo-460x310.jpg\" class=\"attachment-medium size-medium\" alt=\"\" aria-describedby=\"gallery-1-30024\" \/><\/a>\n\t\t\t<\/dt>\n\t\t\t\t<dd class='wp-caption-text gallery-caption' id='gallery-1-30024'>\n\t\t\t\tGerardo Padilla\n\t\t\t\t<\/dd><\/dl><dl class='gallery-item'>\n\t\t\t<dt class='gallery-icon landscape'>\n\t\t\t\t<a href='https:\/\/iberculturaviva.org\/es\/la-municipalidad-de-concepcion-realiza-conversatorio-y-encuestas-para-la-elaboracion-de-la-carta-de-derechos-culturales\/concepcion-claudiaydaisy\/'><img loading=\"lazy\" decoding=\"async\" width=\"300\" height=\"202\" src=\"https:\/\/iberculturaviva.org\/wp-content\/uploads\/2023\/04\/concepcion-claudiaydaisy-460x310.jpg\" class=\"attachment-medium size-medium\" alt=\"\" aria-describedby=\"gallery-1-30026\" \/><\/a>\n\t\t\t<\/dt>\n\t\t\t\t<dd class='wp-caption-text gallery-caption' id='gallery-1-30026'>\n\t\t\t\tClaudia Araya y Daisy Retamal\n\t\t\t\t<\/dd><\/dl><br style=\"clear: both\" \/>\n\t\t<\/div>\n\n<p style=\"text-align: justify;\"><span style=\"font-weight: 400;\">.<\/span><\/p>\n<p style=\"text-align: justify;\"><span style=\"font-weight: 400;\">Gerardo Daniel Padilla, que fue el coordinador t\u00e9cnico de la iniciativa desarrollada en San Luis Potos\u00ed y hoy act\u00faa como consultor internacional para la Municipalidad de Concepci\u00f3n, recalc\u00f3 que el proceso de construcci\u00f3n de esta Carta de Derechos Culturales estuvo asociado en un primer momento al proceso constituyente chileno. \u201cEste proceso ten\u00eda un borrador muy interesante a trav\u00e9s de su convenci\u00f3n, de llevar al texto constitucional un cat\u00e1logo importante de derechos culturales. Es justo en esta coyuntura que este proceso arranca. Sin embargo, con los diferentes calendarios que ha atravesado el proceso constituyente en Chile, la ciudad de Concepci\u00f3n asume el reto de construir su herramienta estrictamente desde lo local. Siguiendo muy de cerca el nuevo calendario constituyente, pero ahora tomando como su eje motor, al proceso de participaci\u00f3n social, los insumos que vengan desde las y los ciudadanos, desde las comunidades culturales locales\u201d, afirm\u00f3.&nbsp;<\/span><\/p>\n<p style=\"text-align: justify;\"><span style=\"font-weight: 400;\">En el cierre del conversatorio, Mauricio Castro, director de Cultura de la Municipalidad de Concepci\u00f3n, agradeci\u00f3 la presencia de todos y todas y dijo que este es un momento muy especial para ellos, que asumieron \u201cla responsabilidad, el desaf\u00edo y la alegr\u00eda\u201d de continuar esta apuesta. \u201cEstamos felices de asumir este desaf\u00edo, pero sabemos que no lo hacemos solo, es un desaf\u00edo colectivo. (Al participar de este proceso) tambi\u00e9n nos sentimos parte de una familia m\u00e1s amplia. Estamos en distintos lugares del mundo y todos tenemos una misma mirada, desde nuestra trinchera\u201d, dijo el anfitri\u00f3n, mencionando la reciente incorporaci\u00f3n del municipio a la Red IberCultura Viva de Ciudades y Gobiernos Locales, la participaci\u00f3n en Mercociudades y el trabajo conjunto de varios a\u00f1os con la Agenda 21 de la Cultura.<\/span><\/p>\n<p style=\"text-align: justify;\"><span style=\"font-weight: 400;\">\u201cEstamos convencidos de que hay que aprender de otras pr\u00e1cticas exitosas, en otros lugares. Hay que enfrentarse con humildad, pero tambi\u00e9n con esperanza de que los procesos que estamos impulsando sirven definitivamente para impactar la calidad de vida de las personas. No estamos impulsando eso simplemente por desarrollar pol\u00edticas p\u00fablicas locales que tengan impacto en un documento, sino principalmente por que afecten y mejoren la calidad de vida de las personas que habitan estos territorios. Este es el desaf\u00edo que asumimos\u201d, afirm\u00f3 Castro. \u201cVamos a estar en los barrios con una encuesta puerta a puerta para conocer lo que las personas entienden, quieren saber y quieren construir desde el punto de vista cultural. La invitaci\u00f3n es para que se informen, participen y construyan con nosotros la Carta de Concepci\u00f3n\u201d.<\/span><\/p>\n<div id=\"attachment_30018\" style=\"width: 650px\" class=\"wp-caption aligncenter\"><a href=\"https:\/\/iberculturaviva.org\/wp-content\/uploads\/2023\/04\/Captura-de-tela-2023-04-23-195639.jpg\"><img loading=\"lazy\" decoding=\"async\" aria-describedby=\"caption-attachment-30018\" class=\"wp-image-30018 size-large\" src=\"https:\/\/iberculturaviva.org\/wp-content\/uploads\/2023\/04\/Captura-de-tela-2023-04-23-195639-960x563.jpg\" alt=\"\" width=\"640\" height=\"375\" srcset=\"https:\/\/iberculturaviva.org\/wp-content\/uploads\/2023\/04\/Captura-de-tela-2023-04-23-195639-960x563.jpg 960w, https:\/\/iberculturaviva.org\/wp-content\/uploads\/2023\/04\/Captura-de-tela-2023-04-23-195639-768x451.jpg 768w, https:\/\/iberculturaviva.org\/wp-content\/uploads\/2023\/04\/Captura-de-tela-2023-04-23-195639-125x73.jpg 125w, https:\/\/iberculturaviva.org\/wp-content\/uploads\/2023\/04\/Captura-de-tela-2023-04-23-195639-420x246.jpg 420w, https:\/\/iberculturaviva.org\/wp-content\/uploads\/2023\/04\/Captura-de-tela-2023-04-23-195639-529x310.jpg 529w, https:\/\/iberculturaviva.org\/wp-content\/uploads\/2023\/04\/Captura-de-tela-2023-04-23-195639.jpg 1515w\" sizes=\"auto, (max-width: 640px) 100vw, 640px\" \/><\/a><p id=\"caption-attachment-30018\" class=\"wp-caption-text\">Claudia Araya y Mauricio Castro<\/p><\/div>\n<p>.<\/p>\n<h4>Lea tambi\u00e9n:<\/h4>\n<p><a href=\"https:\/\/iberculturaviva.org\/la-municipalidad-de-concepcion-arranca-los-trabajos-hacia-la-construccion-participativa-de-su-carta-de-derechos-culturales\/?lang=es\" target=\"_blank\" rel=\"noopener\"><b>La municipalidad de Concepci\u00f3n arranca los trabajos hacia la construcci\u00f3n participativa de su Carta de Derechos Culturales<\/b><\/a><\/p>\n","protected":false},"excerpt":{"rendered":"<p>La comuna de Concepci\u00f3n, en Chile, se encuentra en proceso de escribir su Carta de Derechos Culturales, tal como lo han hecho otras ciudades alrededor del mundo, como Barcelona, M\u00e9rida, [&hellip;]<\/p>\n","protected":false},"author":2,"featured_media":30056,"comment_status":"closed","ping_status":"closed","sticky":false,"template":"","format":"standard","meta":{"_coblocks_attr":"","_coblocks_dimensions":"","_coblocks_responsive_height":"","_coblocks_accordion_ie_support":"","_EventAllDay":false,"_EventTimezone":"","_EventStartDate":"","_EventEndDate":"","_EventStartDateUTC":"","_EventEndDateUTC":"","_EventShowMap":false,"_EventShowMapLink":false,"_EventURL":"","_EventCost":"","_EventCostDescription":"","_EventCurrencySymbol":"","_EventCurrencyCode":"","_EventCurrencyPosition":"","_EventDateTimeSeparator":"","_EventTimeRangeSeparator":"","_EventOrganizerID":[],"_EventVenueID":[],"_OrganizerEmail":"","_OrganizerPhone":"","_OrganizerWebsite":"","_VenueAddress":"","_VenueCity":"","_VenueCountry":"","_VenueProvince":"","_VenueState":"","_VenueZip":"","_VenuePhone":"","_VenueURL":"","_VenueStateProvince":"","_VenueLat":"","_VenueLng":"","_VenueShowMap":false,"_VenueShowMapLink":false,"footnotes":""},"categories":[262],"tags":[462,302,461,442,289,298],"country-municipality":[],"class_list":["post-30015","post","type-post","status-publish","format-standard","has-post-thumbnail","hentry","category-noticias-es","tag-carta-de-derechos-culturales","tag-chile-3","tag-concepcion","tag-derechos-culturales","tag-gobiernos-locales-2","tag-red-de-ciudades-2"],"yoast_head":"<!-- This site is optimized with the Yoast SEO plugin v25.7 - https:\/\/yoast.com\/wordpress\/plugins\/seo\/ -->\n<title>La Municipalidad de Concepci\u00f3n realiza conversatorio y encuestas para la elaboraci\u00f3n de la Carta de Derechos Culturales - IberCultura Viva<\/title>\n<meta name=\"description\" content=\"La Municipalidad de Concepci\u00f3n realiza conversatorio y encuestas para la elaboraci\u00f3n de la Carta de Derechos Culturales - IberCultura Viva\" \/>\n<meta name=\"robots\" content=\"index, follow, max-snippet:-1, max-image-preview:large, max-video-preview:-1\" \/>\n<link rel=\"canonical\" href=\"https:\/\/iberculturaviva.org\/es\/la-municipalidad-de-concepcion-realiza-conversatorio-y-encuestas-para-la-elaboracion-de-la-carta-de-derechos-culturales\/\" \/>\n<meta property=\"og:locale\" content=\"es_ES\" \/>\n<meta property=\"og:type\" content=\"article\" \/>\n<meta property=\"og:title\" content=\"La Municipalidad de Concepci\u00f3n realiza conversatorio y encuestas para la elaboraci\u00f3n de la Carta de Derechos Culturales - IberCultura Viva\" \/>\n<meta property=\"og:description\" content=\"La Municipalidad de Concepci\u00f3n realiza conversatorio y encuestas para la elaboraci\u00f3n de la Carta de Derechos Culturales - IberCultura Viva\" \/>\n<meta property=\"og:url\" content=\"https:\/\/iberculturaviva.org\/es\/la-municipalidad-de-concepcion-realiza-conversatorio-y-encuestas-para-la-elaboracion-de-la-carta-de-derechos-culturales\/\" \/>\n<meta property=\"og:site_name\" content=\"IberCultura Viva\" \/>\n<meta property=\"article:publisher\" content=\"https:\/\/www.facebook.com\/iberculturaviva\/\" \/>\n<meta property=\"article:published_time\" content=\"2023-04-23T23:22:42+00:00\" \/>\n<meta property=\"article:modified_time\" content=\"2023-04-24T14:17:10+00:00\" \/>\n<meta property=\"og:image\" content=\"https:\/\/iberculturaviva.org\/wp-content\/uploads\/2023\/04\/concepcion-conversatorio2.png\" \/>\n\t<meta property=\"og:image:width\" content=\"1517\" \/>\n\t<meta property=\"og:image:height\" content=\"818\" \/>\n\t<meta property=\"og:image:type\" content=\"image\/png\" \/>\n<meta name=\"author\" content=\"IberCultura\" \/>\n<meta name=\"twitter:card\" content=\"summary_large_image\" \/>\n<meta name=\"twitter:label1\" content=\"Escrito por\" \/>\n\t<meta name=\"twitter:data1\" content=\"IberCultura\" \/>\n\t<meta name=\"twitter:label2\" content=\"Tiempo de lectura\" \/>\n\t<meta name=\"twitter:data2\" content=\"19 minutos\" \/>\n<script type=\"application\/ld+json\" class=\"yoast-schema-graph\">{\"@context\":\"https:\/\/schema.org\",\"@graph\":[{\"@type\":\"Article\",\"@id\":\"https:\/\/iberculturaviva.org\/es\/la-municipalidad-de-concepcion-realiza-conversatorio-y-encuestas-para-la-elaboracion-de-la-carta-de-derechos-culturales\/#article\",\"isPartOf\":{\"@id\":\"https:\/\/iberculturaviva.org\/es\/la-municipalidad-de-concepcion-realiza-conversatorio-y-encuestas-para-la-elaboracion-de-la-carta-de-derechos-culturales\/\"},\"author\":{\"name\":\"IberCultura\",\"@id\":\"https:\/\/iberculturaviva.org\/es\/?lang=es\/#\/schema\/person\/5d1313b072cc25536e0431522f740b59\"},\"headline\":\"La Municipalidad de Concepci\u00f3n realiza conversatorio y encuestas para la elaboraci\u00f3n de la Carta de Derechos Culturales\",\"datePublished\":\"2023-04-23T23:22:42+00:00\",\"dateModified\":\"2023-04-24T14:17:10+00:00\",\"mainEntityOfPage\":{\"@id\":\"https:\/\/iberculturaviva.org\/es\/la-municipalidad-de-concepcion-realiza-conversatorio-y-encuestas-para-la-elaboracion-de-la-carta-de-derechos-culturales\/\"},\"wordCount\":3734,\"publisher\":{\"@id\":\"https:\/\/iberculturaviva.org\/es\/?lang=es\/#organization\"},\"image\":{\"@id\":\"https:\/\/iberculturaviva.org\/es\/la-municipalidad-de-concepcion-realiza-conversatorio-y-encuestas-para-la-elaboracion-de-la-carta-de-derechos-culturales\/#primaryimage\"},\"thumbnailUrl\":\"https:\/\/iberculturaviva.org\/wp-content\/uploads\/2023\/04\/concepcion-conversatorio2.png\",\"keywords\":[\"Carta de Derechos Culturales\",\"Chile\",\"Concepci\u00f3n\",\"Derechos Culturales\",\"gobiernos locales\",\"Red de Ciudades\"],\"articleSection\":[\"Noticias\"],\"inLanguage\":\"es\"},{\"@type\":\"WebPage\",\"@id\":\"https:\/\/iberculturaviva.org\/es\/la-municipalidad-de-concepcion-realiza-conversatorio-y-encuestas-para-la-elaboracion-de-la-carta-de-derechos-culturales\/\",\"url\":\"https:\/\/iberculturaviva.org\/es\/la-municipalidad-de-concepcion-realiza-conversatorio-y-encuestas-para-la-elaboracion-de-la-carta-de-derechos-culturales\/\",\"name\":\"La Municipalidad de Concepci\u00f3n realiza conversatorio y encuestas para la elaboraci\u00f3n de la Carta de Derechos Culturales - IberCultura Viva\",\"isPartOf\":{\"@id\":\"https:\/\/iberculturaviva.org\/es\/?lang=es\/#website\"},\"primaryImageOfPage\":{\"@id\":\"https:\/\/iberculturaviva.org\/es\/la-municipalidad-de-concepcion-realiza-conversatorio-y-encuestas-para-la-elaboracion-de-la-carta-de-derechos-culturales\/#primaryimage\"},\"image\":{\"@id\":\"https:\/\/iberculturaviva.org\/es\/la-municipalidad-de-concepcion-realiza-conversatorio-y-encuestas-para-la-elaboracion-de-la-carta-de-derechos-culturales\/#primaryimage\"},\"thumbnailUrl\":\"https:\/\/iberculturaviva.org\/wp-content\/uploads\/2023\/04\/concepcion-conversatorio2.png\",\"datePublished\":\"2023-04-23T23:22:42+00:00\",\"dateModified\":\"2023-04-24T14:17:10+00:00\",\"description\":\"La Municipalidad de Concepci\u00f3n realiza conversatorio y encuestas para la elaboraci\u00f3n de la Carta de Derechos Culturales - IberCultura Viva\",\"breadcrumb\":{\"@id\":\"https:\/\/iberculturaviva.org\/es\/la-municipalidad-de-concepcion-realiza-conversatorio-y-encuestas-para-la-elaboracion-de-la-carta-de-derechos-culturales\/#breadcrumb\"},\"inLanguage\":\"es\",\"potentialAction\":[{\"@type\":\"ReadAction\",\"target\":[\"https:\/\/iberculturaviva.org\/es\/la-municipalidad-de-concepcion-realiza-conversatorio-y-encuestas-para-la-elaboracion-de-la-carta-de-derechos-culturales\/\"]}]},{\"@type\":\"ImageObject\",\"inLanguage\":\"es\",\"@id\":\"https:\/\/iberculturaviva.org\/es\/la-municipalidad-de-concepcion-realiza-conversatorio-y-encuestas-para-la-elaboracion-de-la-carta-de-derechos-culturales\/#primaryimage\",\"url\":\"https:\/\/iberculturaviva.org\/wp-content\/uploads\/2023\/04\/concepcion-conversatorio2.png\",\"contentUrl\":\"https:\/\/iberculturaviva.org\/wp-content\/uploads\/2023\/04\/concepcion-conversatorio2.png\",\"width\":1517,\"height\":818},{\"@type\":\"BreadcrumbList\",\"@id\":\"https:\/\/iberculturaviva.org\/es\/la-municipalidad-de-concepcion-realiza-conversatorio-y-encuestas-para-la-elaboracion-de-la-carta-de-derechos-culturales\/#breadcrumb\",\"itemListElement\":[{\"@type\":\"ListItem\",\"position\":1,\"name\":\"In\u00edcio\",\"item\":\"https:\/\/iberculturaviva.org\/es\/inicio\/\"},{\"@type\":\"ListItem\",\"position\":2,\"name\":\"La Municipalidad de Concepci\u00f3n realiza conversatorio y encuestas para la elaboraci\u00f3n de la Carta de Derechos Culturales\"}]},{\"@type\":\"WebSite\",\"@id\":\"https:\/\/iberculturaviva.org\/es\/?lang=es\/#website\",\"url\":\"https:\/\/iberculturaviva.org\/es\/?lang=es\/\",\"name\":\"IberCultura Viva\",\"description\":\"Programa de cooperaci\u00f3n cultural\",\"publisher\":{\"@id\":\"https:\/\/iberculturaviva.org\/es\/?lang=es\/#organization\"},\"potentialAction\":[{\"@type\":\"SearchAction\",\"target\":{\"@type\":\"EntryPoint\",\"urlTemplate\":\"https:\/\/iberculturaviva.org\/es\/?lang=es\/?s={search_term_string}\"},\"query-input\":{\"@type\":\"PropertyValueSpecification\",\"valueRequired\":true,\"valueName\":\"search_term_string\"}}],\"inLanguage\":\"es\"},{\"@type\":\"Organization\",\"@id\":\"https:\/\/iberculturaviva.org\/es\/?lang=es\/#organization\",\"name\":\"Iberculturaviva\",\"url\":\"https:\/\/iberculturaviva.org\/es\/?lang=es\/\",\"logo\":{\"@type\":\"ImageObject\",\"inLanguage\":\"es\",\"@id\":\"https:\/\/iberculturaviva.org\/es\/?lang=es\/#\/schema\/logo\/image\/\",\"url\":\"https:\/\/iberculturaviva.org\/wp-content\/uploads\/2021\/08\/logo_ibercultura_viva.jpg\",\"contentUrl\":\"https:\/\/iberculturaviva.org\/wp-content\/uploads\/2021\/08\/logo_ibercultura_viva.jpg\",\"width\":708,\"height\":223,\"caption\":\"Iberculturaviva\"},\"image\":{\"@id\":\"https:\/\/iberculturaviva.org\/es\/?lang=es\/#\/schema\/logo\/image\/\"},\"sameAs\":[\"https:\/\/www.facebook.com\/iberculturaviva\/\",\"https:\/\/www.instagram.com\/iberculturaviva\/\",\"https:\/\/www.youtube.com\/iberculturaviva\"]},{\"@type\":\"Person\",\"@id\":\"https:\/\/iberculturaviva.org\/es\/?lang=es\/#\/schema\/person\/5d1313b072cc25536e0431522f740b59\",\"name\":\"IberCultura\",\"image\":{\"@type\":\"ImageObject\",\"inLanguage\":\"es\",\"@id\":\"https:\/\/iberculturaviva.org\/es\/?lang=es\/#\/schema\/person\/image\/\",\"url\":\"https:\/\/secure.gravatar.com\/avatar\/79f1a057cb125cbefb3765d0356d52fc7f3bba3a35e2cf22bc4de090bb7aef70?s=96&d=mm&r=g\",\"contentUrl\":\"https:\/\/secure.gravatar.com\/avatar\/79f1a057cb125cbefb3765d0356d52fc7f3bba3a35e2cf22bc4de090bb7aef70?s=96&d=mm&r=g\",\"caption\":\"IberCultura\"}}]}<\/script>\n<!-- \/ Yoast SEO plugin. -->","yoast_head_json":{"title":"La Municipalidad de Concepci\u00f3n realiza conversatorio y encuestas para la elaboraci\u00f3n de la Carta de Derechos Culturales - IberCultura Viva","description":"La Municipalidad de Concepci\u00f3n realiza conversatorio y encuestas para la elaboraci\u00f3n de la Carta de Derechos Culturales - IberCultura Viva","robots":{"index":"index","follow":"follow","max-snippet":"max-snippet:-1","max-image-preview":"max-image-preview:large","max-video-preview":"max-video-preview:-1"},"canonical":"https:\/\/iberculturaviva.org\/es\/la-municipalidad-de-concepcion-realiza-conversatorio-y-encuestas-para-la-elaboracion-de-la-carta-de-derechos-culturales\/","og_locale":"es_ES","og_type":"article","og_title":"La Municipalidad de Concepci\u00f3n realiza conversatorio y encuestas para la elaboraci\u00f3n de la Carta de Derechos Culturales - IberCultura Viva","og_description":"La Municipalidad de Concepci\u00f3n realiza conversatorio y encuestas para la elaboraci\u00f3n de la Carta de Derechos Culturales - IberCultura Viva","og_url":"https:\/\/iberculturaviva.org\/es\/la-municipalidad-de-concepcion-realiza-conversatorio-y-encuestas-para-la-elaboracion-de-la-carta-de-derechos-culturales\/","og_site_name":"IberCultura Viva","article_publisher":"https:\/\/www.facebook.com\/iberculturaviva\/","article_published_time":"2023-04-23T23:22:42+00:00","article_modified_time":"2023-04-24T14:17:10+00:00","og_image":[{"width":1517,"height":818,"url":"https:\/\/iberculturaviva.org\/wp-content\/uploads\/2023\/04\/concepcion-conversatorio2.png","type":"image\/png"}],"author":"IberCultura","twitter_card":"summary_large_image","twitter_misc":{"Escrito por":"IberCultura","Tiempo de lectura":"19 minutos"},"schema":{"@context":"https:\/\/schema.org","@graph":[{"@type":"Article","@id":"https:\/\/iberculturaviva.org\/es\/la-municipalidad-de-concepcion-realiza-conversatorio-y-encuestas-para-la-elaboracion-de-la-carta-de-derechos-culturales\/#article","isPartOf":{"@id":"https:\/\/iberculturaviva.org\/es\/la-municipalidad-de-concepcion-realiza-conversatorio-y-encuestas-para-la-elaboracion-de-la-carta-de-derechos-culturales\/"},"author":{"name":"IberCultura","@id":"https:\/\/iberculturaviva.org\/es\/?lang=es\/#\/schema\/person\/5d1313b072cc25536e0431522f740b59"},"headline":"La Municipalidad de Concepci\u00f3n realiza conversatorio y encuestas para la elaboraci\u00f3n de la Carta de Derechos Culturales","datePublished":"2023-04-23T23:22:42+00:00","dateModified":"2023-04-24T14:17:10+00:00","mainEntityOfPage":{"@id":"https:\/\/iberculturaviva.org\/es\/la-municipalidad-de-concepcion-realiza-conversatorio-y-encuestas-para-la-elaboracion-de-la-carta-de-derechos-culturales\/"},"wordCount":3734,"publisher":{"@id":"https:\/\/iberculturaviva.org\/es\/?lang=es\/#organization"},"image":{"@id":"https:\/\/iberculturaviva.org\/es\/la-municipalidad-de-concepcion-realiza-conversatorio-y-encuestas-para-la-elaboracion-de-la-carta-de-derechos-culturales\/#primaryimage"},"thumbnailUrl":"https:\/\/iberculturaviva.org\/wp-content\/uploads\/2023\/04\/concepcion-conversatorio2.png","keywords":["Carta de Derechos Culturales","Chile","Concepci\u00f3n","Derechos Culturales","gobiernos locales","Red de Ciudades"],"articleSection":["Noticias"],"inLanguage":"es"},{"@type":"WebPage","@id":"https:\/\/iberculturaviva.org\/es\/la-municipalidad-de-concepcion-realiza-conversatorio-y-encuestas-para-la-elaboracion-de-la-carta-de-derechos-culturales\/","url":"https:\/\/iberculturaviva.org\/es\/la-municipalidad-de-concepcion-realiza-conversatorio-y-encuestas-para-la-elaboracion-de-la-carta-de-derechos-culturales\/","name":"La Municipalidad de Concepci\u00f3n realiza conversatorio y encuestas para la elaboraci\u00f3n de la Carta de Derechos Culturales - IberCultura Viva","isPartOf":{"@id":"https:\/\/iberculturaviva.org\/es\/?lang=es\/#website"},"primaryImageOfPage":{"@id":"https:\/\/iberculturaviva.org\/es\/la-municipalidad-de-concepcion-realiza-conversatorio-y-encuestas-para-la-elaboracion-de-la-carta-de-derechos-culturales\/#primaryimage"},"image":{"@id":"https:\/\/iberculturaviva.org\/es\/la-municipalidad-de-concepcion-realiza-conversatorio-y-encuestas-para-la-elaboracion-de-la-carta-de-derechos-culturales\/#primaryimage"},"thumbnailUrl":"https:\/\/iberculturaviva.org\/wp-content\/uploads\/2023\/04\/concepcion-conversatorio2.png","datePublished":"2023-04-23T23:22:42+00:00","dateModified":"2023-04-24T14:17:10+00:00","description":"La Municipalidad de Concepci\u00f3n realiza conversatorio y encuestas para la elaboraci\u00f3n de la Carta de Derechos Culturales - IberCultura Viva","breadcrumb":{"@id":"https:\/\/iberculturaviva.org\/es\/la-municipalidad-de-concepcion-realiza-conversatorio-y-encuestas-para-la-elaboracion-de-la-carta-de-derechos-culturales\/#breadcrumb"},"inLanguage":"es","potentialAction":[{"@type":"ReadAction","target":["https:\/\/iberculturaviva.org\/es\/la-municipalidad-de-concepcion-realiza-conversatorio-y-encuestas-para-la-elaboracion-de-la-carta-de-derechos-culturales\/"]}]},{"@type":"ImageObject","inLanguage":"es","@id":"https:\/\/iberculturaviva.org\/es\/la-municipalidad-de-concepcion-realiza-conversatorio-y-encuestas-para-la-elaboracion-de-la-carta-de-derechos-culturales\/#primaryimage","url":"https:\/\/iberculturaviva.org\/wp-content\/uploads\/2023\/04\/concepcion-conversatorio2.png","contentUrl":"https:\/\/iberculturaviva.org\/wp-content\/uploads\/2023\/04\/concepcion-conversatorio2.png","width":1517,"height":818},{"@type":"BreadcrumbList","@id":"https:\/\/iberculturaviva.org\/es\/la-municipalidad-de-concepcion-realiza-conversatorio-y-encuestas-para-la-elaboracion-de-la-carta-de-derechos-culturales\/#breadcrumb","itemListElement":[{"@type":"ListItem","position":1,"name":"In\u00edcio","item":"https:\/\/iberculturaviva.org\/es\/inicio\/"},{"@type":"ListItem","position":2,"name":"La Municipalidad de Concepci\u00f3n realiza conversatorio y encuestas para la elaboraci\u00f3n de la Carta de Derechos Culturales"}]},{"@type":"WebSite","@id":"https:\/\/iberculturaviva.org\/es\/?lang=es\/#website","url":"https:\/\/iberculturaviva.org\/es\/?lang=es\/","name":"IberCultura Viva","description":"Programa de cooperaci\u00f3n cultural","publisher":{"@id":"https:\/\/iberculturaviva.org\/es\/?lang=es\/#organization"},"potentialAction":[{"@type":"SearchAction","target":{"@type":"EntryPoint","urlTemplate":"https:\/\/iberculturaviva.org\/es\/?lang=es\/?s={search_term_string}"},"query-input":{"@type":"PropertyValueSpecification","valueRequired":true,"valueName":"search_term_string"}}],"inLanguage":"es"},{"@type":"Organization","@id":"https:\/\/iberculturaviva.org\/es\/?lang=es\/#organization","name":"Iberculturaviva","url":"https:\/\/iberculturaviva.org\/es\/?lang=es\/","logo":{"@type":"ImageObject","inLanguage":"es","@id":"https:\/\/iberculturaviva.org\/es\/?lang=es\/#\/schema\/logo\/image\/","url":"https:\/\/iberculturaviva.org\/wp-content\/uploads\/2021\/08\/logo_ibercultura_viva.jpg","contentUrl":"https:\/\/iberculturaviva.org\/wp-content\/uploads\/2021\/08\/logo_ibercultura_viva.jpg","width":708,"height":223,"caption":"Iberculturaviva"},"image":{"@id":"https:\/\/iberculturaviva.org\/es\/?lang=es\/#\/schema\/logo\/image\/"},"sameAs":["https:\/\/www.facebook.com\/iberculturaviva\/","https:\/\/www.instagram.com\/iberculturaviva\/","https:\/\/www.youtube.com\/iberculturaviva"]},{"@type":"Person","@id":"https:\/\/iberculturaviva.org\/es\/?lang=es\/#\/schema\/person\/5d1313b072cc25536e0431522f740b59","name":"IberCultura","image":{"@type":"ImageObject","inLanguage":"es","@id":"https:\/\/iberculturaviva.org\/es\/?lang=es\/#\/schema\/person\/image\/","url":"https:\/\/secure.gravatar.com\/avatar\/79f1a057cb125cbefb3765d0356d52fc7f3bba3a35e2cf22bc4de090bb7aef70?s=96&d=mm&r=g","contentUrl":"https:\/\/secure.gravatar.com\/avatar\/79f1a057cb125cbefb3765d0356d52fc7f3bba3a35e2cf22bc4de090bb7aef70?s=96&d=mm&r=g","caption":"IberCultura"}}]}},"main_category":{"link":"https:\/\/iberculturaviva.org\/es\/category\/noticias-es\/","name":"Noticias","slug":"noticias-es"},"_links":{"self":[{"href":"https:\/\/iberculturaviva.org\/es\/wp-json\/wp\/v2\/posts\/30015","targetHints":{"allow":["GET"]}}],"collection":[{"href":"https:\/\/iberculturaviva.org\/es\/wp-json\/wp\/v2\/posts"}],"about":[{"href":"https:\/\/iberculturaviva.org\/es\/wp-json\/wp\/v2\/types\/post"}],"author":[{"embeddable":true,"href":"https:\/\/iberculturaviva.org\/es\/wp-json\/wp\/v2\/users\/2"}],"replies":[{"embeddable":true,"href":"https:\/\/iberculturaviva.org\/es\/wp-json\/wp\/v2\/comments?post=30015"}],"version-history":[{"count":14,"href":"https:\/\/iberculturaviva.org\/es\/wp-json\/wp\/v2\/posts\/30015\/revisions"}],"predecessor-version":[{"id":30059,"href":"https:\/\/iberculturaviva.org\/es\/wp-json\/wp\/v2\/posts\/30015\/revisions\/30059"}],"wp:featuredmedia":[{"embeddable":true,"href":"https:\/\/iberculturaviva.org\/es\/wp-json\/wp\/v2\/media\/30056"}],"wp:attachment":[{"href":"https:\/\/iberculturaviva.org\/es\/wp-json\/wp\/v2\/media?parent=30015"}],"wp:term":[{"taxonomy":"category","embeddable":true,"href":"https:\/\/iberculturaviva.org\/es\/wp-json\/wp\/v2\/categories?post=30015"},{"taxonomy":"post_tag","embeddable":true,"href":"https:\/\/iberculturaviva.org\/es\/wp-json\/wp\/v2\/tags?post=30015"},{"taxonomy":"country-municipality","embeddable":true,"href":"https:\/\/iberculturaviva.org\/es\/wp-json\/wp\/v2\/country-municipality?post=30015"}],"curies":[{"name":"wp","href":"https:\/\/api.w.org\/{rel}","templated":true}]}}