{"id":29610,"date":"2023-03-03T13:19:48","date_gmt":"2023-03-03T16:19:48","guid":{"rendered":"https:\/\/iberculturaviva.org\/?p=29610"},"modified":"2023-03-03T13:20:40","modified_gmt":"2023-03-03T16:20:40","slug":"secretaria-de-cultura-de-paraguay-abre-convocatoria-2023-del-programa-puntos-de-cultura","status":"publish","type":"post","link":"https:\/\/iberculturaviva.org\/es\/secretaria-de-cultura-de-paraguay-abre-convocatoria-2023-del-programa-puntos-de-cultura\/","title":{"rendered":"Secretar\u00eda de Cultura de Paraguay abre convocatoria 2023 del programa Puntos de Cultura"},"content":{"rendered":"<p style=\"text-align: justify;\"><span style=\"font-weight: 400;\"><a href=\"https:\/\/iberculturaviva.org\/wp-content\/uploads\/2023\/03\/334758951_126877616986411_2064741830013102836_n.jpg\"><img loading=\"lazy\" decoding=\"async\" class=\" wp-image-29611 alignright\" src=\"https:\/\/iberculturaviva.org\/wp-content\/uploads\/2023\/03\/334758951_126877616986411_2064741830013102836_n-960x960.jpg\" alt=\"\" width=\"283\" height=\"283\" srcset=\"https:\/\/iberculturaviva.org\/wp-content\/uploads\/2023\/03\/334758951_126877616986411_2064741830013102836_n-960x960.jpg 960w, https:\/\/iberculturaviva.org\/wp-content\/uploads\/2023\/03\/334758951_126877616986411_2064741830013102836_n-150x150.jpg 150w, https:\/\/iberculturaviva.org\/wp-content\/uploads\/2023\/03\/334758951_126877616986411_2064741830013102836_n-768x768.jpg 768w, https:\/\/iberculturaviva.org\/wp-content\/uploads\/2023\/03\/334758951_126877616986411_2064741830013102836_n-50x50.jpg 50w, https:\/\/iberculturaviva.org\/wp-content\/uploads\/2023\/03\/334758951_126877616986411_2064741830013102836_n-125x125.jpg 125w, https:\/\/iberculturaviva.org\/wp-content\/uploads\/2023\/03\/334758951_126877616986411_2064741830013102836_n-56x56.jpg 56w, https:\/\/iberculturaviva.org\/wp-content\/uploads\/2023\/03\/334758951_126877616986411_2064741830013102836_n-529x529.jpg 529w, https:\/\/iberculturaviva.org\/wp-content\/uploads\/2023\/03\/334758951_126877616986411_2064741830013102836_n-250x250.jpg 250w, https:\/\/iberculturaviva.org\/wp-content\/uploads\/2023\/03\/334758951_126877616986411_2064741830013102836_n-40x40.jpg 40w, https:\/\/iberculturaviva.org\/wp-content\/uploads\/2023\/03\/334758951_126877616986411_2064741830013102836_n.jpg 1500w\" sizes=\"auto, (max-width: 283px) 100vw, 283px\" \/><\/a>La Secretar\u00eda Nacional de Cultura (SNC) de Paraguay habilita este viernes 3 de marzo la convocatoria 2023 de su programa Puntos de Cultura- Arandupy Renda, orientado a fortalecer a las organizaciones y colectivos comunitarios a trav\u00e9s del apoyo econ\u00f3mico y t\u00e9cnico para la realizaci\u00f3n de proyectos culturales como est\u00edmulo a la gesti\u00f3n cultural comunitaria en los diversos territorios del pa\u00eds.<\/span><\/p>\n<p style=\"text-align: justify;\"><span style=\"font-weight: 400;\">El programa tiene como objetivo el fortalecimiento de espacios y centros culturales comunitarios del Paraguay, como protagonistas del desarrollo sociocultural y econ\u00f3mico en sus territorios a trav\u00e9s de capacitaciones, asistencia t\u00e9cnica, apoyo econ\u00f3mico y el fomento a la articulaci\u00f3n en red, que les garanticen la sostenibilidad de sus proyectos y el impacto social en sus comunidades.<\/span><\/p>\n<p style=\"text-align: justify;\"><span style=\"font-weight: 400;\">Pueden participar ciudadanos paraguayos o extranjeros radicados en el pa\u00eds \u2013personas f\u00edsicas-, inscritas en la plataforma TERA (Registro de Artistas, Gestores y Organizaciones Culturales del Paraguay),&nbsp; representantes de los espacios y centros culturales comunitarios.<\/span><\/p>\n<p><span style=\"font-weight: 400;\">Este a\u00f1o, se cuenta con dos l\u00edneas de ayuda:<\/span><\/p>\n<p style=\"text-align: justify;\"><span style=\"font-weight: 400;\">\u2013 Nuevas iniciativas de Puntos de Cultura: orientados al \u201cfortalecimiento del espacio cultural comunitario, al uso de nuevas plataformas, la utilizaci\u00f3n creativa de las tecnolog\u00edas, y a la elaboraci\u00f3n y circulaci\u00f3n de contenidos culturales, de obras art\u00edsticas, de servicios y bienes culturales, y\/o debe tratarse de propuestas basadas en el desarrollo de actividades territoriales en relaci\u00f3n con la comunidad\u201d.<\/span><\/p>\n<p style=\"text-align: justify;\"><span style=\"font-weight: 400;\">\u2013 Proyectos de Trabajo Colaborativo: que involucre dos o m\u00e1s puntos de cultura a fin de fortalecer la Red Nacional de Puntos de Cultura, con acciones conjuntas como asambleas, encuentros, congresos, jornadas de sensibilizaci\u00f3n, seminarios, festivales, ferias, coloquios o simposios, con alcance municipal, departamental o nacional.<\/span><\/p>\n<p style=\"text-align: justify;\"><span style=\"font-weight: 400;\">Los proyectos deber\u00e1n ejecutarse en articulaci\u00f3n entre la sociedad civil y los gobiernos locales, en lineamiento con el Plan Nacional de Cultura 2018-2023, el Plan Nacional de Desarrollo Paraguay 2030 (PND) y la Agenda 2030 de las Naciones Unidas.<\/span><\/p>\n<p style=\"text-align: justify;\"><span style=\"font-weight: 400;\">La SNC brindar\u00e1 apoyo de hasta 15 millones de guaran\u00edes (el equivalente a 2.087 d\u00f3lares) a cada iniciativa seleccionada, y un apoyo de hasta 25 millones de guaran\u00edes (cerca de 3.480 d\u00f3lares) a proyectos de trabajo colaborativo entre dos o m\u00e1s Puntos de Cultura ya reconocidos, en el marco del fortalecimiento del Eje 4 del programa \u201cComunicaci\u00f3n, Redes e Intercambios\u201d.<\/span><\/p>\n<p><span style=\"font-weight: 400;\">.<\/span><\/p>\n<p><span style=\"font-weight: 400;\"><strong>. Bases y condiciones en<\/strong>: <a href=\"https:\/\/bit.ly\/3mq3AqY\" target=\"_blank\" rel=\"noopener noreferrer\">https:\/\/bit.ly\/3mq3AqY<\/a><\/span><\/p>\n<p>. <strong>Consultas<\/strong>: <a href=\"mailto:puntosdecultura.snc@gmail.com\" target=\"_blank\" rel=\"noopener noreferrer\"><span style=\"font-weight: 400;\">puntosdecultura.snc@gmail.com<\/span><\/a><\/p>\n","protected":false},"excerpt":{"rendered":"<p>La Secretar\u00eda Nacional de Cultura (SNC) de Paraguay habilita este viernes 3 de marzo la convocatoria 2023 de su programa Puntos de Cultura- Arandupy Renda, orientado a fortalecer a las [&hellip;]<\/p>\n","protected":false},"author":2,"featured_media":0,"comment_status":"closed","ping_status":"closed","sticky":false,"template":"","format":"standard","meta":{"_coblocks_attr":"","_coblocks_dimensions":"","_coblocks_responsive_height":"","_coblocks_accordion_ie_support":"","_EventAllDay":false,"_EventTimezone":"","_EventStartDate":"","_EventEndDate":"","_EventStartDateUTC":"","_EventEndDateUTC":"","_EventShowMap":false,"_EventShowMapLink":false,"_EventURL":"","_EventCost":"","_EventCostDescription":"","_EventCurrencySymbol":"","_EventCurrencyCode":"","_EventCurrencyPosition":"","_EventDateTimeSeparator":"","_EventTimeRangeSeparator":"","_EventOrganizerID":[],"_EventVenueID":[],"_OrganizerEmail":"","_OrganizerPhone":"","_OrganizerWebsite":"","_VenueAddress":"","_VenueCity":"","_VenueCountry":"","_VenueProvince":"","_VenueState":"","_VenueZip":"","_VenuePhone":"","_VenueURL":"","_VenueStateProvince":"","_VenueLat":"","_VenueLng":"","_VenueShowMap":false,"_VenueShowMapLink":false,"footnotes":""},"categories":[262],"tags":[374,285],"country-municipality":[],"class_list":["post-29610","post","type-post","status-publish","format-standard","hentry","category-noticias-es","tag-paraguay","tag-puntos-de-cultura-2"],"yoast_head":"<!-- This site is optimized with the Yoast SEO plugin v25.7 - https:\/\/yoast.com\/wordpress\/plugins\/seo\/ -->\n<title>Secretar\u00eda de Cultura de Paraguay abre convocatoria 2023 del programa Puntos de Cultura - IberCultura Viva<\/title>\n<meta name=\"description\" content=\"Secretar\u00eda de Cultura de Paraguay abre convocatoria 2023 del programa Puntos de Cultura - IberCultura Viva\" \/>\n<meta name=\"robots\" content=\"index, follow, max-snippet:-1, max-image-preview:large, max-video-preview:-1\" \/>\n<link rel=\"canonical\" href=\"https:\/\/iberculturaviva.org\/es\/secretaria-de-cultura-de-paraguay-abre-convocatoria-2023-del-programa-puntos-de-cultura\/\" \/>\n<meta property=\"og:locale\" content=\"es_ES\" \/>\n<meta property=\"og:type\" content=\"article\" \/>\n<meta property=\"og:title\" content=\"Secretar\u00eda de Cultura de Paraguay abre convocatoria 2023 del programa Puntos de Cultura - IberCultura Viva\" \/>\n<meta property=\"og:description\" content=\"Secretar\u00eda de Cultura de Paraguay abre convocatoria 2023 del programa Puntos de Cultura - IberCultura Viva\" \/>\n<meta property=\"og:url\" content=\"https:\/\/iberculturaviva.org\/es\/secretaria-de-cultura-de-paraguay-abre-convocatoria-2023-del-programa-puntos-de-cultura\/\" \/>\n<meta property=\"og:site_name\" content=\"IberCultura Viva\" \/>\n<meta property=\"article:publisher\" content=\"https:\/\/www.facebook.com\/iberculturaviva\/\" \/>\n<meta property=\"article:published_time\" content=\"2023-03-03T16:19:48+00:00\" \/>\n<meta property=\"article:modified_time\" content=\"2023-03-03T16:20:40+00:00\" \/>\n<meta property=\"og:image\" content=\"https:\/\/iberculturaviva.org\/wp-content\/uploads\/2023\/03\/334758951_126877616986411_2064741830013102836_n-960x960.jpg\" \/>\n<meta name=\"author\" content=\"IberCultura\" \/>\n<meta name=\"twitter:card\" content=\"summary_large_image\" \/>\n<meta name=\"twitter:label1\" content=\"Escrito por\" \/>\n\t<meta name=\"twitter:data1\" content=\"IberCultura\" \/>\n\t<meta name=\"twitter:label2\" content=\"Tiempo de lectura\" \/>\n\t<meta name=\"twitter:data2\" content=\"3 minutos\" \/>\n<script type=\"application\/ld+json\" class=\"yoast-schema-graph\">{\"@context\":\"https:\/\/schema.org\",\"@graph\":[{\"@type\":\"Article\",\"@id\":\"https:\/\/iberculturaviva.org\/es\/secretaria-de-cultura-de-paraguay-abre-convocatoria-2023-del-programa-puntos-de-cultura\/#article\",\"isPartOf\":{\"@id\":\"https:\/\/iberculturaviva.org\/es\/secretaria-de-cultura-de-paraguay-abre-convocatoria-2023-del-programa-puntos-de-cultura\/\"},\"author\":{\"name\":\"IberCultura\",\"@id\":\"https:\/\/iberculturaviva.org\/es\/?lang=es\/#\/schema\/person\/5d1313b072cc25536e0431522f740b59\"},\"headline\":\"Secretar\u00eda de Cultura de Paraguay abre convocatoria 2023 del programa Puntos de Cultura\",\"datePublished\":\"2023-03-03T16:19:48+00:00\",\"dateModified\":\"2023-03-03T16:20:40+00:00\",\"mainEntityOfPage\":{\"@id\":\"https:\/\/iberculturaviva.org\/es\/secretaria-de-cultura-de-paraguay-abre-convocatoria-2023-del-programa-puntos-de-cultura\/\"},\"wordCount\":414,\"publisher\":{\"@id\":\"https:\/\/iberculturaviva.org\/es\/?lang=es\/#organization\"},\"image\":{\"@id\":\"https:\/\/iberculturaviva.org\/es\/secretaria-de-cultura-de-paraguay-abre-convocatoria-2023-del-programa-puntos-de-cultura\/#primaryimage\"},\"thumbnailUrl\":\"https:\/\/iberculturaviva.org\/wp-content\/uploads\/2023\/03\/334758951_126877616986411_2064741830013102836_n-960x960.jpg\",\"keywords\":[\"Paraguay\",\"Puntos de Cultura\"],\"articleSection\":[\"Noticias\"],\"inLanguage\":\"es\"},{\"@type\":\"WebPage\",\"@id\":\"https:\/\/iberculturaviva.org\/es\/secretaria-de-cultura-de-paraguay-abre-convocatoria-2023-del-programa-puntos-de-cultura\/\",\"url\":\"https:\/\/iberculturaviva.org\/es\/secretaria-de-cultura-de-paraguay-abre-convocatoria-2023-del-programa-puntos-de-cultura\/\",\"name\":\"Secretar\u00eda de Cultura de Paraguay abre convocatoria 2023 del programa Puntos de Cultura - IberCultura Viva\",\"isPartOf\":{\"@id\":\"https:\/\/iberculturaviva.org\/es\/?lang=es\/#website\"},\"primaryImageOfPage\":{\"@id\":\"https:\/\/iberculturaviva.org\/es\/secretaria-de-cultura-de-paraguay-abre-convocatoria-2023-del-programa-puntos-de-cultura\/#primaryimage\"},\"image\":{\"@id\":\"https:\/\/iberculturaviva.org\/es\/secretaria-de-cultura-de-paraguay-abre-convocatoria-2023-del-programa-puntos-de-cultura\/#primaryimage\"},\"thumbnailUrl\":\"https:\/\/iberculturaviva.org\/wp-content\/uploads\/2023\/03\/334758951_126877616986411_2064741830013102836_n-960x960.jpg\",\"datePublished\":\"2023-03-03T16:19:48+00:00\",\"dateModified\":\"2023-03-03T16:20:40+00:00\",\"description\":\"Secretar\u00eda de Cultura de Paraguay abre convocatoria 2023 del programa Puntos de Cultura - IberCultura Viva\",\"breadcrumb\":{\"@id\":\"https:\/\/iberculturaviva.org\/es\/secretaria-de-cultura-de-paraguay-abre-convocatoria-2023-del-programa-puntos-de-cultura\/#breadcrumb\"},\"inLanguage\":\"es\",\"potentialAction\":[{\"@type\":\"ReadAction\",\"target\":[\"https:\/\/iberculturaviva.org\/es\/secretaria-de-cultura-de-paraguay-abre-convocatoria-2023-del-programa-puntos-de-cultura\/\"]}]},{\"@type\":\"ImageObject\",\"inLanguage\":\"es\",\"@id\":\"https:\/\/iberculturaviva.org\/es\/secretaria-de-cultura-de-paraguay-abre-convocatoria-2023-del-programa-puntos-de-cultura\/#primaryimage\",\"url\":\"https:\/\/iberculturaviva.org\/wp-content\/uploads\/2023\/03\/334758951_126877616986411_2064741830013102836_n-960x960.jpg\",\"contentUrl\":\"https:\/\/iberculturaviva.org\/wp-content\/uploads\/2023\/03\/334758951_126877616986411_2064741830013102836_n-960x960.jpg\"},{\"@type\":\"BreadcrumbList\",\"@id\":\"https:\/\/iberculturaviva.org\/es\/secretaria-de-cultura-de-paraguay-abre-convocatoria-2023-del-programa-puntos-de-cultura\/#breadcrumb\",\"itemListElement\":[{\"@type\":\"ListItem\",\"position\":1,\"name\":\"In\u00edcio\",\"item\":\"https:\/\/iberculturaviva.org\/es\/inicio\/\"},{\"@type\":\"ListItem\",\"position\":2,\"name\":\"Secretar\u00eda de Cultura de Paraguay abre convocatoria 2023 del programa Puntos de Cultura\"}]},{\"@type\":\"WebSite\",\"@id\":\"https:\/\/iberculturaviva.org\/es\/?lang=es\/#website\",\"url\":\"https:\/\/iberculturaviva.org\/es\/?lang=es\/\",\"name\":\"IberCultura Viva\",\"description\":\"Programa de cooperaci\u00f3n cultural\",\"publisher\":{\"@id\":\"https:\/\/iberculturaviva.org\/es\/?lang=es\/#organization\"},\"potentialAction\":[{\"@type\":\"SearchAction\",\"target\":{\"@type\":\"EntryPoint\",\"urlTemplate\":\"https:\/\/iberculturaviva.org\/es\/?lang=es\/?s={search_term_string}\"},\"query-input\":{\"@type\":\"PropertyValueSpecification\",\"valueRequired\":true,\"valueName\":\"search_term_string\"}}],\"inLanguage\":\"es\"},{\"@type\":\"Organization\",\"@id\":\"https:\/\/iberculturaviva.org\/es\/?lang=es\/#organization\",\"name\":\"Iberculturaviva\",\"url\":\"https:\/\/iberculturaviva.org\/es\/?lang=es\/\",\"logo\":{\"@type\":\"ImageObject\",\"inLanguage\":\"es\",\"@id\":\"https:\/\/iberculturaviva.org\/es\/?lang=es\/#\/schema\/logo\/image\/\",\"url\":\"https:\/\/iberculturaviva.org\/wp-content\/uploads\/2021\/08\/logo_ibercultura_viva.jpg\",\"contentUrl\":\"https:\/\/iberculturaviva.org\/wp-content\/uploads\/2021\/08\/logo_ibercultura_viva.jpg\",\"width\":708,\"height\":223,\"caption\":\"Iberculturaviva\"},\"image\":{\"@id\":\"https:\/\/iberculturaviva.org\/es\/?lang=es\/#\/schema\/logo\/image\/\"},\"sameAs\":[\"https:\/\/www.facebook.com\/iberculturaviva\/\",\"https:\/\/www.instagram.com\/iberculturaviva\/\",\"https:\/\/www.youtube.com\/iberculturaviva\"]},{\"@type\":\"Person\",\"@id\":\"https:\/\/iberculturaviva.org\/es\/?lang=es\/#\/schema\/person\/5d1313b072cc25536e0431522f740b59\",\"name\":\"IberCultura\",\"image\":{\"@type\":\"ImageObject\",\"inLanguage\":\"es\",\"@id\":\"https:\/\/iberculturaviva.org\/es\/?lang=es\/#\/schema\/person\/image\/\",\"url\":\"https:\/\/secure.gravatar.com\/avatar\/79f1a057cb125cbefb3765d0356d52fc7f3bba3a35e2cf22bc4de090bb7aef70?s=96&d=mm&r=g\",\"contentUrl\":\"https:\/\/secure.gravatar.com\/avatar\/79f1a057cb125cbefb3765d0356d52fc7f3bba3a35e2cf22bc4de090bb7aef70?s=96&d=mm&r=g\",\"caption\":\"IberCultura\"}}]}<\/script>\n<!-- \/ Yoast SEO plugin. -->","yoast_head_json":{"title":"Secretar\u00eda de Cultura de Paraguay abre convocatoria 2023 del programa Puntos de Cultura - IberCultura Viva","description":"Secretar\u00eda de Cultura de Paraguay abre convocatoria 2023 del programa Puntos de Cultura - IberCultura Viva","robots":{"index":"index","follow":"follow","max-snippet":"max-snippet:-1","max-image-preview":"max-image-preview:large","max-video-preview":"max-video-preview:-1"},"canonical":"https:\/\/iberculturaviva.org\/es\/secretaria-de-cultura-de-paraguay-abre-convocatoria-2023-del-programa-puntos-de-cultura\/","og_locale":"es_ES","og_type":"article","og_title":"Secretar\u00eda de Cultura de Paraguay abre convocatoria 2023 del programa Puntos de Cultura - IberCultura Viva","og_description":"Secretar\u00eda de Cultura de Paraguay abre convocatoria 2023 del programa Puntos de Cultura - IberCultura Viva","og_url":"https:\/\/iberculturaviva.org\/es\/secretaria-de-cultura-de-paraguay-abre-convocatoria-2023-del-programa-puntos-de-cultura\/","og_site_name":"IberCultura Viva","article_publisher":"https:\/\/www.facebook.com\/iberculturaviva\/","article_published_time":"2023-03-03T16:19:48+00:00","article_modified_time":"2023-03-03T16:20:40+00:00","og_image":[{"url":"https:\/\/iberculturaviva.org\/wp-content\/uploads\/2023\/03\/334758951_126877616986411_2064741830013102836_n-960x960.jpg","type":"","width":"","height":""}],"author":"IberCultura","twitter_card":"summary_large_image","twitter_misc":{"Escrito por":"IberCultura","Tiempo de lectura":"3 minutos"},"schema":{"@context":"https:\/\/schema.org","@graph":[{"@type":"Article","@id":"https:\/\/iberculturaviva.org\/es\/secretaria-de-cultura-de-paraguay-abre-convocatoria-2023-del-programa-puntos-de-cultura\/#article","isPartOf":{"@id":"https:\/\/iberculturaviva.org\/es\/secretaria-de-cultura-de-paraguay-abre-convocatoria-2023-del-programa-puntos-de-cultura\/"},"author":{"name":"IberCultura","@id":"https:\/\/iberculturaviva.org\/es\/?lang=es\/#\/schema\/person\/5d1313b072cc25536e0431522f740b59"},"headline":"Secretar\u00eda de Cultura de Paraguay abre convocatoria 2023 del programa Puntos de Cultura","datePublished":"2023-03-03T16:19:48+00:00","dateModified":"2023-03-03T16:20:40+00:00","mainEntityOfPage":{"@id":"https:\/\/iberculturaviva.org\/es\/secretaria-de-cultura-de-paraguay-abre-convocatoria-2023-del-programa-puntos-de-cultura\/"},"wordCount":414,"publisher":{"@id":"https:\/\/iberculturaviva.org\/es\/?lang=es\/#organization"},"image":{"@id":"https:\/\/iberculturaviva.org\/es\/secretaria-de-cultura-de-paraguay-abre-convocatoria-2023-del-programa-puntos-de-cultura\/#primaryimage"},"thumbnailUrl":"https:\/\/iberculturaviva.org\/wp-content\/uploads\/2023\/03\/334758951_126877616986411_2064741830013102836_n-960x960.jpg","keywords":["Paraguay","Puntos de Cultura"],"articleSection":["Noticias"],"inLanguage":"es"},{"@type":"WebPage","@id":"https:\/\/iberculturaviva.org\/es\/secretaria-de-cultura-de-paraguay-abre-convocatoria-2023-del-programa-puntos-de-cultura\/","url":"https:\/\/iberculturaviva.org\/es\/secretaria-de-cultura-de-paraguay-abre-convocatoria-2023-del-programa-puntos-de-cultura\/","name":"Secretar\u00eda de Cultura de Paraguay abre convocatoria 2023 del programa Puntos de Cultura - IberCultura Viva","isPartOf":{"@id":"https:\/\/iberculturaviva.org\/es\/?lang=es\/#website"},"primaryImageOfPage":{"@id":"https:\/\/iberculturaviva.org\/es\/secretaria-de-cultura-de-paraguay-abre-convocatoria-2023-del-programa-puntos-de-cultura\/#primaryimage"},"image":{"@id":"https:\/\/iberculturaviva.org\/es\/secretaria-de-cultura-de-paraguay-abre-convocatoria-2023-del-programa-puntos-de-cultura\/#primaryimage"},"thumbnailUrl":"https:\/\/iberculturaviva.org\/wp-content\/uploads\/2023\/03\/334758951_126877616986411_2064741830013102836_n-960x960.jpg","datePublished":"2023-03-03T16:19:48+00:00","dateModified":"2023-03-03T16:20:40+00:00","description":"Secretar\u00eda de Cultura de Paraguay abre convocatoria 2023 del programa Puntos de Cultura - IberCultura Viva","breadcrumb":{"@id":"https:\/\/iberculturaviva.org\/es\/secretaria-de-cultura-de-paraguay-abre-convocatoria-2023-del-programa-puntos-de-cultura\/#breadcrumb"},"inLanguage":"es","potentialAction":[{"@type":"ReadAction","target":["https:\/\/iberculturaviva.org\/es\/secretaria-de-cultura-de-paraguay-abre-convocatoria-2023-del-programa-puntos-de-cultura\/"]}]},{"@type":"ImageObject","inLanguage":"es","@id":"https:\/\/iberculturaviva.org\/es\/secretaria-de-cultura-de-paraguay-abre-convocatoria-2023-del-programa-puntos-de-cultura\/#primaryimage","url":"https:\/\/iberculturaviva.org\/wp-content\/uploads\/2023\/03\/334758951_126877616986411_2064741830013102836_n-960x960.jpg","contentUrl":"https:\/\/iberculturaviva.org\/wp-content\/uploads\/2023\/03\/334758951_126877616986411_2064741830013102836_n-960x960.jpg"},{"@type":"BreadcrumbList","@id":"https:\/\/iberculturaviva.org\/es\/secretaria-de-cultura-de-paraguay-abre-convocatoria-2023-del-programa-puntos-de-cultura\/#breadcrumb","itemListElement":[{"@type":"ListItem","position":1,"name":"In\u00edcio","item":"https:\/\/iberculturaviva.org\/es\/inicio\/"},{"@type":"ListItem","position":2,"name":"Secretar\u00eda de Cultura de Paraguay abre convocatoria 2023 del programa Puntos de Cultura"}]},{"@type":"WebSite","@id":"https:\/\/iberculturaviva.org\/es\/?lang=es\/#website","url":"https:\/\/iberculturaviva.org\/es\/?lang=es\/","name":"IberCultura Viva","description":"Programa de cooperaci\u00f3n cultural","publisher":{"@id":"https:\/\/iberculturaviva.org\/es\/?lang=es\/#organization"},"potentialAction":[{"@type":"SearchAction","target":{"@type":"EntryPoint","urlTemplate":"https:\/\/iberculturaviva.org\/es\/?lang=es\/?s={search_term_string}"},"query-input":{"@type":"PropertyValueSpecification","valueRequired":true,"valueName":"search_term_string"}}],"inLanguage":"es"},{"@type":"Organization","@id":"https:\/\/iberculturaviva.org\/es\/?lang=es\/#organization","name":"Iberculturaviva","url":"https:\/\/iberculturaviva.org\/es\/?lang=es\/","logo":{"@type":"ImageObject","inLanguage":"es","@id":"https:\/\/iberculturaviva.org\/es\/?lang=es\/#\/schema\/logo\/image\/","url":"https:\/\/iberculturaviva.org\/wp-content\/uploads\/2021\/08\/logo_ibercultura_viva.jpg","contentUrl":"https:\/\/iberculturaviva.org\/wp-content\/uploads\/2021\/08\/logo_ibercultura_viva.jpg","width":708,"height":223,"caption":"Iberculturaviva"},"image":{"@id":"https:\/\/iberculturaviva.org\/es\/?lang=es\/#\/schema\/logo\/image\/"},"sameAs":["https:\/\/www.facebook.com\/iberculturaviva\/","https:\/\/www.instagram.com\/iberculturaviva\/","https:\/\/www.youtube.com\/iberculturaviva"]},{"@type":"Person","@id":"https:\/\/iberculturaviva.org\/es\/?lang=es\/#\/schema\/person\/5d1313b072cc25536e0431522f740b59","name":"IberCultura","image":{"@type":"ImageObject","inLanguage":"es","@id":"https:\/\/iberculturaviva.org\/es\/?lang=es\/#\/schema\/person\/image\/","url":"https:\/\/secure.gravatar.com\/avatar\/79f1a057cb125cbefb3765d0356d52fc7f3bba3a35e2cf22bc4de090bb7aef70?s=96&d=mm&r=g","contentUrl":"https:\/\/secure.gravatar.com\/avatar\/79f1a057cb125cbefb3765d0356d52fc7f3bba3a35e2cf22bc4de090bb7aef70?s=96&d=mm&r=g","caption":"IberCultura"}}]}},"main_category":{"link":"https:\/\/iberculturaviva.org\/es\/category\/noticias-es\/","name":"Noticias","slug":"noticias-es"},"_links":{"self":[{"href":"https:\/\/iberculturaviva.org\/es\/wp-json\/wp\/v2\/posts\/29610","targetHints":{"allow":["GET"]}}],"collection":[{"href":"https:\/\/iberculturaviva.org\/es\/wp-json\/wp\/v2\/posts"}],"about":[{"href":"https:\/\/iberculturaviva.org\/es\/wp-json\/wp\/v2\/types\/post"}],"author":[{"embeddable":true,"href":"https:\/\/iberculturaviva.org\/es\/wp-json\/wp\/v2\/users\/2"}],"replies":[{"embeddable":true,"href":"https:\/\/iberculturaviva.org\/es\/wp-json\/wp\/v2\/comments?post=29610"}],"version-history":[{"count":2,"href":"https:\/\/iberculturaviva.org\/es\/wp-json\/wp\/v2\/posts\/29610\/revisions"}],"predecessor-version":[{"id":29614,"href":"https:\/\/iberculturaviva.org\/es\/wp-json\/wp\/v2\/posts\/29610\/revisions\/29614"}],"wp:attachment":[{"href":"https:\/\/iberculturaviva.org\/es\/wp-json\/wp\/v2\/media?parent=29610"}],"wp:term":[{"taxonomy":"category","embeddable":true,"href":"https:\/\/iberculturaviva.org\/es\/wp-json\/wp\/v2\/categories?post=29610"},{"taxonomy":"post_tag","embeddable":true,"href":"https:\/\/iberculturaviva.org\/es\/wp-json\/wp\/v2\/tags?post=29610"},{"taxonomy":"country-municipality","embeddable":true,"href":"https:\/\/iberculturaviva.org\/es\/wp-json\/wp\/v2\/country-municipality?post=29610"}],"curies":[{"name":"wp","href":"https:\/\/api.w.org\/{rel}","templated":true}]}}