{"id":29057,"date":"2022-12-20T14:39:21","date_gmt":"2022-12-20T17:39:21","guid":{"rendered":"https:\/\/iberculturaviva.org\/?p=29057"},"modified":"2022-12-20T15:11:52","modified_gmt":"2022-12-20T18:11:52","slug":"en-chile-46-agentes-de-organizaciones-comunitarias-de-los-rios-se-diplomaron-en-gestion-cultural","status":"publish","type":"post","link":"https:\/\/iberculturaviva.org\/es\/en-chile-46-agentes-de-organizaciones-comunitarias-de-los-rios-se-diplomaron-en-gestion-cultural\/","title":{"rendered":"En Chile, 46 agentes de organizaciones comunitarias de Los R\u00edos se diplomaron en gesti\u00f3n cultural"},"content":{"rendered":"<p style=\"text-align: justify;\"><span style=\"font-weight: 400;\">Cuarenta y seis personas representantes de organizaciones comunitarias de la regi\u00f3n de Los R\u00edos, en Chile, recibieron los certificados que las acreditan como diplomadas en Gesti\u00f3n Cultural para Organizaciones Culturales Comunitarias. <\/span><\/p>\n<p style=\"text-align: justify;\"><span style=\"font-weight: 400;\">El plan de estudios fue impartido en modalidad virtual por la Universidad de Los Lagos (ULA) en alianza con la Secretar\u00eda Regional Ministerial (Seremi) de las Culturas, las Artes y el Patrimonio y su programa Red Cultura, durante dos versiones, los a\u00f1os 2020 y 2021.<\/span><\/p>\n<p style=\"text-align: justify;\"><span style=\"font-weight: 400;\">\u201cEste programa acad\u00e9mico nace de la alianza de la Universidad de Los Lagos y la Seremi, para dar respuesta a lo planteado por las propias organizaciones, que solicitaban acceder a instancias de formaci\u00f3n que les permitiera perfeccionar sus saberes, los que vienen desarrollando desde hace a\u00f1os con la pr\u00e1ctica en el \u00e1mbito comunitario en sus territorios\u201d, se\u00f1al\u00f3 la secretaria regional ministerial (seremi) de las Culturas de Los R\u00edos, Antonia Torres.<\/span><\/p>\n<p style=\"text-align: justify;\"><span style=\"font-weight: 400;\">El programa acad\u00e9mico gratuito benefici\u00f3 a 46 representantes de organizaciones comunitarias de la regi\u00f3n de Los R\u00edos, 28 de ellos en la versi\u00f3n 2020 y 18 en 2021. El plan de estudios apunt\u00f3 a entregar conocimientos, como tambi\u00e9n ejercitar y desarrollar habilidades, destrezas y competencias necesarias para el ejercicio profesional de la gesti\u00f3n cultural e incluy\u00f3 contenidos como elaboraci\u00f3n de proyectos, patrimonio, medios digitales y legislaci\u00f3n cultural, entre otros.<\/span><\/p>\n<p style=\"text-align: justify;\"><span style=\"font-weight: 400;\">En 2020 el plan de estudios consider\u00f3 300 horas divididas en nueve m\u00f3dulos de trabajo online. La versi\u00f3n 2021, en tanto, alcanz\u00f3 144 horas divididas en 24 horas de clases (sincr\u00f3nicas) y 120 horas (asincr\u00f3nicas).<\/span><\/p>\n<p style=\"text-align: justify;\"><span style=\"font-weight: 400;\">\u201cLos a\u00f1os de pandemia y confinamiento nos obligaron a todos a adaptarnos al uso de nuevas tecnolog\u00edas de la comunicaci\u00f3n y de la educaci\u00f3n a distancia, pero a la vez permiti\u00f3 que m\u00e1s gestores y gestoras pudieran acceder a un programa de calidad, dictado por los mejores profesionales en cada \u00e1rea de experticia\u201d, se\u00f1al\u00f3 el subdirector de Arte, Cultura y Patrimonio de la casa de estudios, Sergio Trabucco.<\/span><\/p>\n<p style=\"text-align: justify;\"><span style=\"font-weight: 400;\">El equipo acad\u00e9mico estuvo compuesto por Fabi\u00e1n Retamal, Catalina Pavez, Catalina Matthei, B\u00e1rbara Negr\u00f3n, Andrea Hoare y Claudio Ulloa, entre otros, y el proceso de virtualizaci\u00f3n de los contenidos cont\u00f3 con el apoyo del equipo de Formaci\u00f3n Continua de la ULA.<\/span><\/p>\n<p style=\"text-align: justify;\"><span style=\"font-weight: 400;\">\u201cLa realizaci\u00f3n del diploma nace desde los territorios como una necesidad imperativa, que apunta a lo que nosotros hacemos con nuestras organizaciones al interior de ellas. Esta capacitaci\u00f3n nos vino a profesionalizar, a entregarnos herramientas, levantar necesidades propias de los territorios y quiz\u00e1s dejarnos una mirada futura que nos permita incidir en la pol\u00edtica cultural\u201d, afirm\u00f3 Liliana Salinas, presidenta de la Comunidad Ind\u00edgena Cun-Cun de R\u00edo Bueno, diplomada el a\u00f1o 2020.<\/span><\/p>\n<p style=\"text-align: justify;\"><span style=\"font-weight: 400;\">Previo a la ceremonia, los egresados recibieron una clase magistral a cargo de las invitadas Clara M\u00f3nica Zapata, de Colombia, y Susana Salerno, de Argentina.<\/span><\/p>\n<p>.<\/p>\n<p><span style=\"font-weight: 400;\">(<strong>Fuente<\/strong>: <\/span><a href=\"https:\/\/www.cultura.gob.cl\/red-cultura\/46-agentes-de-organizaciones-comunitarias-de-la-region-se-diplomaron-en-gestion-cultural\/\" target=\"_blank\" rel=\"noopener noreferrer\"><span style=\"font-weight: 400;\">Ministerio de las Culturas, las Artes y el Patrimonio<\/span><\/a><span style=\"font-weight: 400;\">)<\/span><\/p>\n","protected":false},"excerpt":{"rendered":"<p>Cuarenta y seis personas representantes de organizaciones comunitarias de la regi\u00f3n de Los R\u00edos, en Chile, recibieron los certificados que las acreditan como diplomadas en Gesti\u00f3n Cultural para Organizaciones Culturales [&hellip;]<\/p>\n","protected":false},"author":2,"featured_media":29058,"comment_status":"closed","ping_status":"closed","sticky":false,"template":"","format":"standard","meta":{"_coblocks_attr":"","_coblocks_dimensions":"","_coblocks_responsive_height":"","_coblocks_accordion_ie_support":"","_EventAllDay":false,"_EventTimezone":"","_EventStartDate":"","_EventEndDate":"","_EventStartDateUTC":"","_EventEndDateUTC":"","_EventShowMap":false,"_EventShowMapLink":false,"_EventURL":"","_EventCost":"","_EventCostDescription":"","_EventCurrencySymbol":"","_EventCurrencyCode":"","_EventCurrencyPosition":"","_EventDateTimeSeparator":"","_EventTimeRangeSeparator":"","_EventOrganizerID":[],"_EventVenueID":[],"_OrganizerEmail":"","_OrganizerPhone":"","_OrganizerWebsite":"","_VenueAddress":"","_VenueCity":"","_VenueCountry":"","_VenueProvince":"","_VenueState":"","_VenueZip":"","_VenuePhone":"","_VenueURL":"","_VenueStateProvince":"","_VenueLat":"","_VenueLng":"","_VenueShowMap":false,"_VenueShowMapLink":false,"footnotes":""},"categories":[262],"tags":[302,439,411,306],"country-municipality":[],"class_list":["post-29057","post","type-post","status-publish","format-standard","has-post-thumbnail","hentry","category-noticias-es","tag-chile-3","tag-gestion-cultural-2","tag-gestion-cultural-comunitaria-2","tag-occ-2"],"yoast_head":"<!-- This site is optimized with the Yoast SEO plugin v25.7 - https:\/\/yoast.com\/wordpress\/plugins\/seo\/ -->\n<title>En Chile, 46 agentes de organizaciones comunitarias de Los R\u00edos se diplomaron en gesti\u00f3n cultural - IberCultura Viva<\/title>\n<meta name=\"description\" content=\"En Chile, 46 agentes de organizaciones comunitarias de Los R\u00edos se diplomaron en gesti\u00f3n cultural - IberCultura Viva\" \/>\n<meta name=\"robots\" content=\"index, follow, max-snippet:-1, max-image-preview:large, max-video-preview:-1\" \/>\n<link rel=\"canonical\" href=\"https:\/\/iberculturaviva.org\/es\/en-chile-46-agentes-de-organizaciones-comunitarias-de-los-rios-se-diplomaron-en-gestion-cultural\/\" \/>\n<meta property=\"og:locale\" content=\"es_ES\" \/>\n<meta property=\"og:type\" content=\"article\" \/>\n<meta property=\"og:title\" content=\"En Chile, 46 agentes de organizaciones comunitarias de Los R\u00edos se diplomaron en gesti\u00f3n cultural - IberCultura Viva\" \/>\n<meta property=\"og:description\" content=\"En Chile, 46 agentes de organizaciones comunitarias de Los R\u00edos se diplomaron en gesti\u00f3n cultural - IberCultura Viva\" \/>\n<meta property=\"og:url\" content=\"https:\/\/iberculturaviva.org\/es\/en-chile-46-agentes-de-organizaciones-comunitarias-de-los-rios-se-diplomaron-en-gestion-cultural\/\" \/>\n<meta property=\"og:site_name\" content=\"IberCultura Viva\" \/>\n<meta property=\"article:publisher\" content=\"https:\/\/www.facebook.com\/iberculturaviva\/\" \/>\n<meta property=\"article:published_time\" content=\"2022-12-20T17:39:21+00:00\" \/>\n<meta property=\"article:modified_time\" content=\"2022-12-20T18:11:52+00:00\" \/>\n<meta property=\"og:image\" content=\"https:\/\/iberculturaviva.org\/wp-content\/uploads\/2022\/12\/certificacion-diplomado-gestion-cultural-08.jpg\" \/>\n\t<meta property=\"og:image:width\" content=\"1024\" \/>\n\t<meta property=\"og:image:height\" content=\"660\" \/>\n\t<meta property=\"og:image:type\" content=\"image\/jpeg\" \/>\n<meta name=\"author\" content=\"IberCultura\" \/>\n<meta name=\"twitter:card\" content=\"summary_large_image\" \/>\n<meta name=\"twitter:label1\" content=\"Escrito por\" \/>\n\t<meta name=\"twitter:data1\" content=\"IberCultura\" \/>\n\t<meta name=\"twitter:label2\" content=\"Tiempo de lectura\" \/>\n\t<meta name=\"twitter:data2\" content=\"3 minutos\" \/>\n<script type=\"application\/ld+json\" class=\"yoast-schema-graph\">{\"@context\":\"https:\/\/schema.org\",\"@graph\":[{\"@type\":\"Article\",\"@id\":\"https:\/\/iberculturaviva.org\/es\/en-chile-46-agentes-de-organizaciones-comunitarias-de-los-rios-se-diplomaron-en-gestion-cultural\/#article\",\"isPartOf\":{\"@id\":\"https:\/\/iberculturaviva.org\/es\/en-chile-46-agentes-de-organizaciones-comunitarias-de-los-rios-se-diplomaron-en-gestion-cultural\/\"},\"author\":{\"name\":\"IberCultura\",\"@id\":\"https:\/\/iberculturaviva.org\/es\/?lang=es\/#\/schema\/person\/5d1313b072cc25536e0431522f740b59\"},\"headline\":\"En Chile, 46 agentes de organizaciones comunitarias de Los R\u00edos se diplomaron en gesti\u00f3n cultural\",\"datePublished\":\"2022-12-20T17:39:21+00:00\",\"dateModified\":\"2022-12-20T18:11:52+00:00\",\"mainEntityOfPage\":{\"@id\":\"https:\/\/iberculturaviva.org\/es\/en-chile-46-agentes-de-organizaciones-comunitarias-de-los-rios-se-diplomaron-en-gestion-cultural\/\"},\"wordCount\":510,\"publisher\":{\"@id\":\"https:\/\/iberculturaviva.org\/es\/?lang=es\/#organization\"},\"image\":{\"@id\":\"https:\/\/iberculturaviva.org\/es\/en-chile-46-agentes-de-organizaciones-comunitarias-de-los-rios-se-diplomaron-en-gestion-cultural\/#primaryimage\"},\"thumbnailUrl\":\"https:\/\/iberculturaviva.org\/wp-content\/uploads\/2022\/12\/certificacion-diplomado-gestion-cultural-08.jpg\",\"keywords\":[\"Chile\",\"gesti\u00f3n cultural\",\"Gesti\u00f3n Cultural Comunitaria\",\"OCC\"],\"articleSection\":[\"Noticias\"],\"inLanguage\":\"es\"},{\"@type\":\"WebPage\",\"@id\":\"https:\/\/iberculturaviva.org\/es\/en-chile-46-agentes-de-organizaciones-comunitarias-de-los-rios-se-diplomaron-en-gestion-cultural\/\",\"url\":\"https:\/\/iberculturaviva.org\/es\/en-chile-46-agentes-de-organizaciones-comunitarias-de-los-rios-se-diplomaron-en-gestion-cultural\/\",\"name\":\"En Chile, 46 agentes de organizaciones comunitarias de Los R\u00edos se diplomaron en gesti\u00f3n cultural - IberCultura Viva\",\"isPartOf\":{\"@id\":\"https:\/\/iberculturaviva.org\/es\/?lang=es\/#website\"},\"primaryImageOfPage\":{\"@id\":\"https:\/\/iberculturaviva.org\/es\/en-chile-46-agentes-de-organizaciones-comunitarias-de-los-rios-se-diplomaron-en-gestion-cultural\/#primaryimage\"},\"image\":{\"@id\":\"https:\/\/iberculturaviva.org\/es\/en-chile-46-agentes-de-organizaciones-comunitarias-de-los-rios-se-diplomaron-en-gestion-cultural\/#primaryimage\"},\"thumbnailUrl\":\"https:\/\/iberculturaviva.org\/wp-content\/uploads\/2022\/12\/certificacion-diplomado-gestion-cultural-08.jpg\",\"datePublished\":\"2022-12-20T17:39:21+00:00\",\"dateModified\":\"2022-12-20T18:11:52+00:00\",\"description\":\"En Chile, 46 agentes de organizaciones comunitarias de Los R\u00edos se diplomaron en gesti\u00f3n cultural - IberCultura Viva\",\"breadcrumb\":{\"@id\":\"https:\/\/iberculturaviva.org\/es\/en-chile-46-agentes-de-organizaciones-comunitarias-de-los-rios-se-diplomaron-en-gestion-cultural\/#breadcrumb\"},\"inLanguage\":\"es\",\"potentialAction\":[{\"@type\":\"ReadAction\",\"target\":[\"https:\/\/iberculturaviva.org\/es\/en-chile-46-agentes-de-organizaciones-comunitarias-de-los-rios-se-diplomaron-en-gestion-cultural\/\"]}]},{\"@type\":\"ImageObject\",\"inLanguage\":\"es\",\"@id\":\"https:\/\/iberculturaviva.org\/es\/en-chile-46-agentes-de-organizaciones-comunitarias-de-los-rios-se-diplomaron-en-gestion-cultural\/#primaryimage\",\"url\":\"https:\/\/iberculturaviva.org\/wp-content\/uploads\/2022\/12\/certificacion-diplomado-gestion-cultural-08.jpg\",\"contentUrl\":\"https:\/\/iberculturaviva.org\/wp-content\/uploads\/2022\/12\/certificacion-diplomado-gestion-cultural-08.jpg\",\"width\":1024,\"height\":660},{\"@type\":\"BreadcrumbList\",\"@id\":\"https:\/\/iberculturaviva.org\/es\/en-chile-46-agentes-de-organizaciones-comunitarias-de-los-rios-se-diplomaron-en-gestion-cultural\/#breadcrumb\",\"itemListElement\":[{\"@type\":\"ListItem\",\"position\":1,\"name\":\"In\u00edcio\",\"item\":\"https:\/\/iberculturaviva.org\/es\/inicio\/\"},{\"@type\":\"ListItem\",\"position\":2,\"name\":\"En Chile, 46 agentes de organizaciones comunitarias de Los R\u00edos se diplomaron en gesti\u00f3n cultural\"}]},{\"@type\":\"WebSite\",\"@id\":\"https:\/\/iberculturaviva.org\/es\/?lang=es\/#website\",\"url\":\"https:\/\/iberculturaviva.org\/es\/?lang=es\/\",\"name\":\"IberCultura Viva\",\"description\":\"Programa de cooperaci\u00f3n cultural\",\"publisher\":{\"@id\":\"https:\/\/iberculturaviva.org\/es\/?lang=es\/#organization\"},\"potentialAction\":[{\"@type\":\"SearchAction\",\"target\":{\"@type\":\"EntryPoint\",\"urlTemplate\":\"https:\/\/iberculturaviva.org\/es\/?lang=es\/?s={search_term_string}\"},\"query-input\":{\"@type\":\"PropertyValueSpecification\",\"valueRequired\":true,\"valueName\":\"search_term_string\"}}],\"inLanguage\":\"es\"},{\"@type\":\"Organization\",\"@id\":\"https:\/\/iberculturaviva.org\/es\/?lang=es\/#organization\",\"name\":\"Iberculturaviva\",\"url\":\"https:\/\/iberculturaviva.org\/es\/?lang=es\/\",\"logo\":{\"@type\":\"ImageObject\",\"inLanguage\":\"es\",\"@id\":\"https:\/\/iberculturaviva.org\/es\/?lang=es\/#\/schema\/logo\/image\/\",\"url\":\"https:\/\/iberculturaviva.org\/wp-content\/uploads\/2021\/08\/logo_ibercultura_viva.jpg\",\"contentUrl\":\"https:\/\/iberculturaviva.org\/wp-content\/uploads\/2021\/08\/logo_ibercultura_viva.jpg\",\"width\":708,\"height\":223,\"caption\":\"Iberculturaviva\"},\"image\":{\"@id\":\"https:\/\/iberculturaviva.org\/es\/?lang=es\/#\/schema\/logo\/image\/\"},\"sameAs\":[\"https:\/\/www.facebook.com\/iberculturaviva\/\",\"https:\/\/www.instagram.com\/iberculturaviva\/\",\"https:\/\/www.youtube.com\/iberculturaviva\"]},{\"@type\":\"Person\",\"@id\":\"https:\/\/iberculturaviva.org\/es\/?lang=es\/#\/schema\/person\/5d1313b072cc25536e0431522f740b59\",\"name\":\"IberCultura\",\"image\":{\"@type\":\"ImageObject\",\"inLanguage\":\"es\",\"@id\":\"https:\/\/iberculturaviva.org\/es\/?lang=es\/#\/schema\/person\/image\/\",\"url\":\"https:\/\/secure.gravatar.com\/avatar\/79f1a057cb125cbefb3765d0356d52fc7f3bba3a35e2cf22bc4de090bb7aef70?s=96&d=mm&r=g\",\"contentUrl\":\"https:\/\/secure.gravatar.com\/avatar\/79f1a057cb125cbefb3765d0356d52fc7f3bba3a35e2cf22bc4de090bb7aef70?s=96&d=mm&r=g\",\"caption\":\"IberCultura\"}}]}<\/script>\n<!-- \/ Yoast SEO plugin. -->","yoast_head_json":{"title":"En Chile, 46 agentes de organizaciones comunitarias de Los R\u00edos se diplomaron en gesti\u00f3n cultural - IberCultura Viva","description":"En Chile, 46 agentes de organizaciones comunitarias de Los R\u00edos se diplomaron en gesti\u00f3n cultural - IberCultura Viva","robots":{"index":"index","follow":"follow","max-snippet":"max-snippet:-1","max-image-preview":"max-image-preview:large","max-video-preview":"max-video-preview:-1"},"canonical":"https:\/\/iberculturaviva.org\/es\/en-chile-46-agentes-de-organizaciones-comunitarias-de-los-rios-se-diplomaron-en-gestion-cultural\/","og_locale":"es_ES","og_type":"article","og_title":"En Chile, 46 agentes de organizaciones comunitarias de Los R\u00edos se diplomaron en gesti\u00f3n cultural - IberCultura Viva","og_description":"En Chile, 46 agentes de organizaciones comunitarias de Los R\u00edos se diplomaron en gesti\u00f3n cultural - IberCultura Viva","og_url":"https:\/\/iberculturaviva.org\/es\/en-chile-46-agentes-de-organizaciones-comunitarias-de-los-rios-se-diplomaron-en-gestion-cultural\/","og_site_name":"IberCultura Viva","article_publisher":"https:\/\/www.facebook.com\/iberculturaviva\/","article_published_time":"2022-12-20T17:39:21+00:00","article_modified_time":"2022-12-20T18:11:52+00:00","og_image":[{"width":1024,"height":660,"url":"https:\/\/iberculturaviva.org\/wp-content\/uploads\/2022\/12\/certificacion-diplomado-gestion-cultural-08.jpg","type":"image\/jpeg"}],"author":"IberCultura","twitter_card":"summary_large_image","twitter_misc":{"Escrito por":"IberCultura","Tiempo de lectura":"3 minutos"},"schema":{"@context":"https:\/\/schema.org","@graph":[{"@type":"Article","@id":"https:\/\/iberculturaviva.org\/es\/en-chile-46-agentes-de-organizaciones-comunitarias-de-los-rios-se-diplomaron-en-gestion-cultural\/#article","isPartOf":{"@id":"https:\/\/iberculturaviva.org\/es\/en-chile-46-agentes-de-organizaciones-comunitarias-de-los-rios-se-diplomaron-en-gestion-cultural\/"},"author":{"name":"IberCultura","@id":"https:\/\/iberculturaviva.org\/es\/?lang=es\/#\/schema\/person\/5d1313b072cc25536e0431522f740b59"},"headline":"En Chile, 46 agentes de organizaciones comunitarias de Los R\u00edos se diplomaron en gesti\u00f3n cultural","datePublished":"2022-12-20T17:39:21+00:00","dateModified":"2022-12-20T18:11:52+00:00","mainEntityOfPage":{"@id":"https:\/\/iberculturaviva.org\/es\/en-chile-46-agentes-de-organizaciones-comunitarias-de-los-rios-se-diplomaron-en-gestion-cultural\/"},"wordCount":510,"publisher":{"@id":"https:\/\/iberculturaviva.org\/es\/?lang=es\/#organization"},"image":{"@id":"https:\/\/iberculturaviva.org\/es\/en-chile-46-agentes-de-organizaciones-comunitarias-de-los-rios-se-diplomaron-en-gestion-cultural\/#primaryimage"},"thumbnailUrl":"https:\/\/iberculturaviva.org\/wp-content\/uploads\/2022\/12\/certificacion-diplomado-gestion-cultural-08.jpg","keywords":["Chile","gesti\u00f3n cultural","Gesti\u00f3n Cultural Comunitaria","OCC"],"articleSection":["Noticias"],"inLanguage":"es"},{"@type":"WebPage","@id":"https:\/\/iberculturaviva.org\/es\/en-chile-46-agentes-de-organizaciones-comunitarias-de-los-rios-se-diplomaron-en-gestion-cultural\/","url":"https:\/\/iberculturaviva.org\/es\/en-chile-46-agentes-de-organizaciones-comunitarias-de-los-rios-se-diplomaron-en-gestion-cultural\/","name":"En Chile, 46 agentes de organizaciones comunitarias de Los R\u00edos se diplomaron en gesti\u00f3n cultural - IberCultura Viva","isPartOf":{"@id":"https:\/\/iberculturaviva.org\/es\/?lang=es\/#website"},"primaryImageOfPage":{"@id":"https:\/\/iberculturaviva.org\/es\/en-chile-46-agentes-de-organizaciones-comunitarias-de-los-rios-se-diplomaron-en-gestion-cultural\/#primaryimage"},"image":{"@id":"https:\/\/iberculturaviva.org\/es\/en-chile-46-agentes-de-organizaciones-comunitarias-de-los-rios-se-diplomaron-en-gestion-cultural\/#primaryimage"},"thumbnailUrl":"https:\/\/iberculturaviva.org\/wp-content\/uploads\/2022\/12\/certificacion-diplomado-gestion-cultural-08.jpg","datePublished":"2022-12-20T17:39:21+00:00","dateModified":"2022-12-20T18:11:52+00:00","description":"En Chile, 46 agentes de organizaciones comunitarias de Los R\u00edos se diplomaron en gesti\u00f3n cultural - IberCultura Viva","breadcrumb":{"@id":"https:\/\/iberculturaviva.org\/es\/en-chile-46-agentes-de-organizaciones-comunitarias-de-los-rios-se-diplomaron-en-gestion-cultural\/#breadcrumb"},"inLanguage":"es","potentialAction":[{"@type":"ReadAction","target":["https:\/\/iberculturaviva.org\/es\/en-chile-46-agentes-de-organizaciones-comunitarias-de-los-rios-se-diplomaron-en-gestion-cultural\/"]}]},{"@type":"ImageObject","inLanguage":"es","@id":"https:\/\/iberculturaviva.org\/es\/en-chile-46-agentes-de-organizaciones-comunitarias-de-los-rios-se-diplomaron-en-gestion-cultural\/#primaryimage","url":"https:\/\/iberculturaviva.org\/wp-content\/uploads\/2022\/12\/certificacion-diplomado-gestion-cultural-08.jpg","contentUrl":"https:\/\/iberculturaviva.org\/wp-content\/uploads\/2022\/12\/certificacion-diplomado-gestion-cultural-08.jpg","width":1024,"height":660},{"@type":"BreadcrumbList","@id":"https:\/\/iberculturaviva.org\/es\/en-chile-46-agentes-de-organizaciones-comunitarias-de-los-rios-se-diplomaron-en-gestion-cultural\/#breadcrumb","itemListElement":[{"@type":"ListItem","position":1,"name":"In\u00edcio","item":"https:\/\/iberculturaviva.org\/es\/inicio\/"},{"@type":"ListItem","position":2,"name":"En Chile, 46 agentes de organizaciones comunitarias de Los R\u00edos se diplomaron en gesti\u00f3n cultural"}]},{"@type":"WebSite","@id":"https:\/\/iberculturaviva.org\/es\/?lang=es\/#website","url":"https:\/\/iberculturaviva.org\/es\/?lang=es\/","name":"IberCultura Viva","description":"Programa de cooperaci\u00f3n cultural","publisher":{"@id":"https:\/\/iberculturaviva.org\/es\/?lang=es\/#organization"},"potentialAction":[{"@type":"SearchAction","target":{"@type":"EntryPoint","urlTemplate":"https:\/\/iberculturaviva.org\/es\/?lang=es\/?s={search_term_string}"},"query-input":{"@type":"PropertyValueSpecification","valueRequired":true,"valueName":"search_term_string"}}],"inLanguage":"es"},{"@type":"Organization","@id":"https:\/\/iberculturaviva.org\/es\/?lang=es\/#organization","name":"Iberculturaviva","url":"https:\/\/iberculturaviva.org\/es\/?lang=es\/","logo":{"@type":"ImageObject","inLanguage":"es","@id":"https:\/\/iberculturaviva.org\/es\/?lang=es\/#\/schema\/logo\/image\/","url":"https:\/\/iberculturaviva.org\/wp-content\/uploads\/2021\/08\/logo_ibercultura_viva.jpg","contentUrl":"https:\/\/iberculturaviva.org\/wp-content\/uploads\/2021\/08\/logo_ibercultura_viva.jpg","width":708,"height":223,"caption":"Iberculturaviva"},"image":{"@id":"https:\/\/iberculturaviva.org\/es\/?lang=es\/#\/schema\/logo\/image\/"},"sameAs":["https:\/\/www.facebook.com\/iberculturaviva\/","https:\/\/www.instagram.com\/iberculturaviva\/","https:\/\/www.youtube.com\/iberculturaviva"]},{"@type":"Person","@id":"https:\/\/iberculturaviva.org\/es\/?lang=es\/#\/schema\/person\/5d1313b072cc25536e0431522f740b59","name":"IberCultura","image":{"@type":"ImageObject","inLanguage":"es","@id":"https:\/\/iberculturaviva.org\/es\/?lang=es\/#\/schema\/person\/image\/","url":"https:\/\/secure.gravatar.com\/avatar\/79f1a057cb125cbefb3765d0356d52fc7f3bba3a35e2cf22bc4de090bb7aef70?s=96&d=mm&r=g","contentUrl":"https:\/\/secure.gravatar.com\/avatar\/79f1a057cb125cbefb3765d0356d52fc7f3bba3a35e2cf22bc4de090bb7aef70?s=96&d=mm&r=g","caption":"IberCultura"}}]}},"main_category":{"link":"https:\/\/iberculturaviva.org\/es\/category\/noticias-es\/","name":"Noticias","slug":"noticias-es"},"_links":{"self":[{"href":"https:\/\/iberculturaviva.org\/es\/wp-json\/wp\/v2\/posts\/29057","targetHints":{"allow":["GET"]}}],"collection":[{"href":"https:\/\/iberculturaviva.org\/es\/wp-json\/wp\/v2\/posts"}],"about":[{"href":"https:\/\/iberculturaviva.org\/es\/wp-json\/wp\/v2\/types\/post"}],"author":[{"embeddable":true,"href":"https:\/\/iberculturaviva.org\/es\/wp-json\/wp\/v2\/users\/2"}],"replies":[{"embeddable":true,"href":"https:\/\/iberculturaviva.org\/es\/wp-json\/wp\/v2\/comments?post=29057"}],"version-history":[{"count":3,"href":"https:\/\/iberculturaviva.org\/es\/wp-json\/wp\/v2\/posts\/29057\/revisions"}],"predecessor-version":[{"id":29064,"href":"https:\/\/iberculturaviva.org\/es\/wp-json\/wp\/v2\/posts\/29057\/revisions\/29064"}],"wp:featuredmedia":[{"embeddable":true,"href":"https:\/\/iberculturaviva.org\/es\/wp-json\/wp\/v2\/media\/29058"}],"wp:attachment":[{"href":"https:\/\/iberculturaviva.org\/es\/wp-json\/wp\/v2\/media?parent=29057"}],"wp:term":[{"taxonomy":"category","embeddable":true,"href":"https:\/\/iberculturaviva.org\/es\/wp-json\/wp\/v2\/categories?post=29057"},{"taxonomy":"post_tag","embeddable":true,"href":"https:\/\/iberculturaviva.org\/es\/wp-json\/wp\/v2\/tags?post=29057"},{"taxonomy":"country-municipality","embeddable":true,"href":"https:\/\/iberculturaviva.org\/es\/wp-json\/wp\/v2\/country-municipality?post=29057"}],"curies":[{"name":"wp","href":"https:\/\/api.w.org\/{rel}","templated":true}]}}