{"id":28768,"date":"2022-11-10T23:00:21","date_gmt":"2022-11-11T02:00:21","guid":{"rendered":"https:\/\/iberculturaviva.org\/?p=28768"},"modified":"2022-11-11T20:48:29","modified_gmt":"2022-11-11T23:48:29","slug":"ninas-y-ninos-realizan-un-mural-colectivo-en-forma-de-bosque-humano-en-un-centro-cultural-de-marcos-juarez","status":"publish","type":"post","link":"https:\/\/iberculturaviva.org\/es\/ninas-y-ninos-realizan-un-mural-colectivo-en-forma-de-bosque-humano-en-un-centro-cultural-de-marcos-juarez\/","title":{"rendered":"Ni\u00f1as y ni\u00f1os realizan un mural colectivo en forma de \u201cbosque humano\u201d en un centro cultural de Marcos Ju\u00e1rez"},"content":{"rendered":"<p style=\"text-align: justify;\"><span style=\"font-weight: 400;\">En Marcos Ju\u00e1rez (C\u00f3rdoba, Argentina), los ni\u00f1os y ni\u00f1as que integran el Taller de Arte Experimental del Programa Cultura Comunitaria realizaron un mural colectivo en el nuevo Espacio Cultural y Deportivo, que funciona en la Avenida Quintana con Calle Brasil.<\/span><\/p>\n<p style=\"text-align: justify;\"><span style=\"font-weight: 400;\">En este \u201cbosque humano del sur\u201d, los diferentes elementos que aparecen son aquellos de la vida cotidiana que ellas quisieron ver representados en la pared, como el sol, la luna, un p\u00e1jaro, una pelota.<\/span><\/p>\n<p style=\"text-align: justify;\"><span style=\"font-weight: 400;\">Jorgelina Astrada, dise\u00f1adora gr\u00e1fica, cuenta que <\/span><span style=\"font-weight: 400;\">a partir de las ideas expresadas por las ni\u00f1as y ni\u00f1os arm\u00f3 un boceto para que ellas pintaran y pudieran expresarse a trav\u00e9s de los colores. Adem\u00e1s de pintar, ellas empezaron a escribir sus nombres, a poner sus manos, lo que dio origen a un segundo mural, que ser\u00eda la continuaci\u00f3n de aquel.\u00a0<\/span><\/p>\n<p style=\"text-align: justify;\">Ni\u00f1as m\u00e1s grandes del barrio, que no asisten al taller, se acercaron y empezaron a pintar tambi\u00e9n. La frase \u201cViv\u00ed tu vida\u201d, que all\u00ed est\u00e1, surgi\u00f3 de ellas. Desde ah\u00ed viene el concepto de este trabajo colectivo: \u201cViv\u00ed tu vida\u2026 como si fuera un bosque que espeja las estrellas\u201d. Seg\u00fan la profesora, esta frase que aparece en el mural hace referencia a que vivamos en armon\u00eda, \u00abrespetando la alteridad, sean cuales sean las caracter\u00edsticas del otro\u201d.<\/p>\n<p style=\"text-align: justify;\">Terminado este mural, los ni\u00f1os y las ni\u00f1as continuaron pintando \u201cEl \u00e1rbol de los sue\u00f1os\u201d en el centro cultural, representando lo que a ellos se les ocurr\u00eda, tratando de respetar el trabajo del otro, con cada cual pintando lo que quer\u00eda, con formas que surg\u00edan de su mundo interior.<\/p>\n<p style=\"text-align: justify;\">\u201cDe alguna manera eso les ayuda a desarrollar y potenciar su capacidad expresiva a trav\u00e9s del juego y la libertad\u201d, afirma Jorgelina. Para ella, adem\u00e1s de explorar y desarrollar estas capacidades, este espacio es una manera de sensibilizar a los ni\u00f1os y ni\u00f1as ante el mundo que les rodea.<\/p>\n<p>.<\/p>\n<h4>El programa<\/h4>\n<p style=\"text-align: justify;\">La Municipalidad de Marcos Ju\u00e1rez es una de las integrantes de la Red IberCultura Viva de Ciudades y Gobiernos Locales. En esta ciudad con 30 mil habitantes, ubicada en el este de la provincia de C\u00f3rdoba, se cre\u00f3 en 2014 el programa municipal de Cultura Comunitaria. Actualmente el programa cuenta con m\u00e1s de 100 talleres (art\u00edsticos, deportivos, educativos, de oficios), libres y gratuitos, que se brindan en 21 puntos de la ciudad, beneficiando a aproximadamente 4 mil personas.\u00a0<\/p>\n<p style=\"text-align: justify;\">\u00a0<\/p>\n\n\t\t<style type=\"text\/css\">\n\t\t\t#gallery-1 {\n\t\t\t\tmargin: auto;\n\t\t\t}\n\t\t\t#gallery-1 .gallery-item {\n\t\t\t\tfloat: left;\n\t\t\t\tmargin-top: 10px;\n\t\t\t\ttext-align: center;\n\t\t\t\twidth: 50%;\n\t\t\t}\n\t\t\t#gallery-1 img {\n\t\t\t\tborder: 2px solid #cfcfcf;\n\t\t\t}\n\t\t\t#gallery-1 .gallery-caption {\n\t\t\t\tmargin-left: 0;\n\t\t\t}\n\t\t\t\/* see gallery_shortcode() in wp-includes\/media.php *\/\n\t\t<\/style>\n\t\t<div id='gallery-1' class='gallery galleryid-28768 gallery-columns-2 gallery-size-medium'><dl class='gallery-item'>\n\t\t\t<dt class='gallery-icon landscape'>\n\t\t\t\t<a href='https:\/\/iberculturaviva.org\/es\/ninas-y-ninos-realizan-un-mural-colectivo-en-forma-de-bosque-humano-en-un-centro-cultural-de-marcos-juarez\/captura-de-tela-2022-11-10-153953\/'><img loading=\"lazy\" decoding=\"async\" width=\"300\" height=\"202\" src=\"https:\/\/iberculturaviva.org\/wp-content\/uploads\/2022\/11\/Captura-de-tela-2022-11-10-153953-460x310.png\" class=\"attachment-medium size-medium\" alt=\"\" \/><\/a>\n\t\t\t<\/dt><\/dl><dl class='gallery-item'>\n\t\t\t<dt class='gallery-icon landscape'>\n\t\t\t\t<a href='https:\/\/iberculturaviva.org\/es\/ninas-y-ninos-realizan-un-mural-colectivo-en-forma-de-bosque-humano-en-un-centro-cultural-de-marcos-juarez\/captura-de-tela-2022-11-10-153341\/'><img loading=\"lazy\" decoding=\"async\" width=\"300\" height=\"202\" src=\"https:\/\/iberculturaviva.org\/wp-content\/uploads\/2022\/11\/Captura-de-tela-2022-11-10-153341-460x310.png\" class=\"attachment-medium size-medium\" alt=\"\" \/><\/a>\n\t\t\t<\/dt><\/dl><br style=\"clear: both\" \/><dl class='gallery-item'>\n\t\t\t<dt class='gallery-icon landscape'>\n\t\t\t\t<a href='https:\/\/iberculturaviva.org\/es\/ninas-y-ninos-realizan-un-mural-colectivo-en-forma-de-bosque-humano-en-un-centro-cultural-de-marcos-juarez\/captura-de-tela-2022-11-10-153740\/'><img loading=\"lazy\" decoding=\"async\" width=\"300\" height=\"202\" src=\"https:\/\/iberculturaviva.org\/wp-content\/uploads\/2022\/11\/Captura-de-tela-2022-11-10-153740-460x310.png\" class=\"attachment-medium size-medium\" alt=\"\" \/><\/a>\n\t\t\t<\/dt><\/dl><dl class='gallery-item'>\n\t\t\t<dt class='gallery-icon landscape'>\n\t\t\t\t<a href='https:\/\/iberculturaviva.org\/es\/ninas-y-ninos-realizan-un-mural-colectivo-en-forma-de-bosque-humano-en-un-centro-cultural-de-marcos-juarez\/captura-de-tela-2022-11-10-153645\/'><img loading=\"lazy\" decoding=\"async\" width=\"300\" height=\"202\" src=\"https:\/\/iberculturaviva.org\/wp-content\/uploads\/2022\/11\/Captura-de-tela-2022-11-10-153645-460x310.png\" class=\"attachment-medium size-medium\" alt=\"\" \/><\/a>\n\t\t\t<\/dt><\/dl><br style=\"clear: both\" \/><dl class='gallery-item'>\n\t\t\t<dt class='gallery-icon landscape'>\n\t\t\t\t<a href='https:\/\/iberculturaviva.org\/es\/ninas-y-ninos-realizan-un-mural-colectivo-en-forma-de-bosque-humano-en-un-centro-cultural-de-marcos-juarez\/captura-de-tela-2022-11-10-154051\/'><img loading=\"lazy\" decoding=\"async\" width=\"300\" height=\"202\" src=\"https:\/\/iberculturaviva.org\/wp-content\/uploads\/2022\/11\/Captura-de-tela-2022-11-10-154051-460x310.png\" class=\"attachment-medium size-medium\" alt=\"\" \/><\/a>\n\t\t\t<\/dt><\/dl><dl class='gallery-item'>\n\t\t\t<dt class='gallery-icon landscape'>\n\t\t\t\t<a href='https:\/\/iberculturaviva.org\/es\/ninas-y-ninos-realizan-un-mural-colectivo-en-forma-de-bosque-humano-en-un-centro-cultural-de-marcos-juarez\/captura-de-tela-2022-11-10-153611\/'><img loading=\"lazy\" decoding=\"async\" width=\"300\" height=\"202\" src=\"https:\/\/iberculturaviva.org\/wp-content\/uploads\/2022\/11\/Captura-de-tela-2022-11-10-153611-460x310.png\" class=\"attachment-medium size-medium\" alt=\"\" \/><\/a>\n\t\t\t<\/dt><\/dl><br style=\"clear: both\" \/>\n\t\t<\/div>\n\n\n\n<div style=\"height:47px\" aria-hidden=\"true\" class=\"wp-block-spacer\"><\/div>\n\n\n\n<figure class=\"wp-block-embed-youtube wp-block-embed is-type-video is-provider-youtube wp-embed-aspect-16-9 wp-has-aspect-ratio\"><div class=\"wp-block-embed__wrapper\">\n<iframe loading=\"lazy\" title=\"TALLER de ARTE EXPERIMENTAL\ud83c\udfa8\ud83d\udd8c\ufe0f\" width=\"500\" height=\"281\" src=\"https:\/\/www.youtube.com\/embed\/MbuSIEn5Iws?feature=oembed\" frameborder=\"0\" allow=\"accelerometer; autoplay; clipboard-write; encrypted-media; gyroscope; picture-in-picture; web-share\" referrerpolicy=\"strict-origin-when-cross-origin\" allowfullscreen><\/iframe>\n<\/div><\/figure>\n","protected":false},"excerpt":{"rendered":"<p>En Marcos Ju\u00e1rez (C\u00f3rdoba, Argentina), los ni\u00f1os y ni\u00f1as que integran el Taller de Arte Experimental del Programa Cultura Comunitaria realizaron un mural colectivo en el nuevo Espacio Cultural y [&hellip;]<\/p>\n","protected":false},"author":2,"featured_media":28769,"comment_status":"closed","ping_status":"closed","sticky":false,"template":"","format":"standard","meta":{"_coblocks_attr":"","_coblocks_dimensions":"","_coblocks_responsive_height":"","_coblocks_accordion_ie_support":"","_EventAllDay":false,"_EventTimezone":"","_EventStartDate":"","_EventEndDate":"","_EventStartDateUTC":"","_EventEndDateUTC":"","_EventShowMap":false,"_EventShowMapLink":false,"_EventURL":"","_EventCost":"","_EventCostDescription":"","_EventCurrencySymbol":"","_EventCurrencyCode":"","_EventCurrencyPosition":"","_EventDateTimeSeparator":"","_EventTimeRangeSeparator":"","_EventOrganizerID":[],"_EventVenueID":[],"_OrganizerEmail":"","_OrganizerPhone":"","_OrganizerWebsite":"","_VenueAddress":"","_VenueCity":"","_VenueCountry":"","_VenueProvince":"","_VenueState":"","_VenueZip":"","_VenuePhone":"","_VenueURL":"","_VenueStateProvince":"","_VenueLat":"","_VenueLng":"","_VenueShowMap":false,"_VenueShowMapLink":false,"footnotes":""},"categories":[262],"tags":[295,450,298],"country-municipality":[],"class_list":["post-28768","post","type-post","status-publish","format-standard","has-post-thumbnail","hentry","category-noticias-es","tag-argentina-3","tag-marcos-juarez","tag-red-de-ciudades-2"],"yoast_head":"<!-- This site is optimized with the Yoast SEO plugin v25.7 - https:\/\/yoast.com\/wordpress\/plugins\/seo\/ -->\n<title>Ni\u00f1as y ni\u00f1os realizan un mural colectivo en forma de \u201cbosque humano\u201d en un centro cultural de Marcos Ju\u00e1rez - IberCultura Viva<\/title>\n<meta name=\"description\" content=\"Ni\u00f1as y ni\u00f1os realizan un mural colectivo en forma de \u201cbosque humano\u201d en un centro cultural de Marcos Ju\u00e1rez - IberCultura Viva\" \/>\n<meta name=\"robots\" content=\"index, follow, max-snippet:-1, max-image-preview:large, max-video-preview:-1\" \/>\n<link rel=\"canonical\" href=\"https:\/\/iberculturaviva.org\/es\/ninas-y-ninos-realizan-un-mural-colectivo-en-forma-de-bosque-humano-en-un-centro-cultural-de-marcos-juarez\/\" \/>\n<meta property=\"og:locale\" content=\"es_ES\" \/>\n<meta property=\"og:type\" content=\"article\" \/>\n<meta property=\"og:title\" content=\"Ni\u00f1as y ni\u00f1os realizan un mural colectivo en forma de \u201cbosque humano\u201d en un centro cultural de Marcos Ju\u00e1rez - IberCultura Viva\" \/>\n<meta property=\"og:description\" content=\"Ni\u00f1as y ni\u00f1os realizan un mural colectivo en forma de \u201cbosque humano\u201d en un centro cultural de Marcos Ju\u00e1rez - IberCultura Viva\" \/>\n<meta property=\"og:url\" content=\"https:\/\/iberculturaviva.org\/es\/ninas-y-ninos-realizan-un-mural-colectivo-en-forma-de-bosque-humano-en-un-centro-cultural-de-marcos-juarez\/\" \/>\n<meta property=\"og:site_name\" content=\"IberCultura Viva\" \/>\n<meta property=\"article:publisher\" content=\"https:\/\/www.facebook.com\/iberculturaviva\/\" \/>\n<meta property=\"article:published_time\" content=\"2022-11-11T02:00:21+00:00\" \/>\n<meta property=\"article:modified_time\" content=\"2022-11-11T23:48:29+00:00\" \/>\n<meta property=\"og:image\" content=\"https:\/\/iberculturaviva.org\/wp-content\/uploads\/2022\/11\/Captura-de-tela-2022-11-10-153538.png\" \/>\n\t<meta property=\"og:image:width\" content=\"1422\" \/>\n\t<meta property=\"og:image:height\" content=\"785\" \/>\n\t<meta property=\"og:image:type\" content=\"image\/png\" \/>\n<meta name=\"author\" content=\"IberCultura\" \/>\n<meta name=\"twitter:card\" content=\"summary_large_image\" \/>\n<meta name=\"twitter:label1\" content=\"Escrito por\" \/>\n\t<meta name=\"twitter:data1\" content=\"IberCultura\" \/>\n\t<meta name=\"twitter:label2\" content=\"Tiempo de lectura\" \/>\n\t<meta name=\"twitter:data2\" content=\"3 minutos\" \/>\n<script type=\"application\/ld+json\" class=\"yoast-schema-graph\">{\"@context\":\"https:\/\/schema.org\",\"@graph\":[{\"@type\":\"Article\",\"@id\":\"https:\/\/iberculturaviva.org\/es\/ninas-y-ninos-realizan-un-mural-colectivo-en-forma-de-bosque-humano-en-un-centro-cultural-de-marcos-juarez\/#article\",\"isPartOf\":{\"@id\":\"https:\/\/iberculturaviva.org\/es\/ninas-y-ninos-realizan-un-mural-colectivo-en-forma-de-bosque-humano-en-un-centro-cultural-de-marcos-juarez\/\"},\"author\":{\"name\":\"IberCultura\",\"@id\":\"https:\/\/iberculturaviva.org\/es\/?lang=es\/#\/schema\/person\/5d1313b072cc25536e0431522f740b59\"},\"headline\":\"Ni\u00f1as y ni\u00f1os realizan un mural colectivo en forma de \u201cbosque humano\u201d en un centro cultural de Marcos Ju\u00e1rez\",\"datePublished\":\"2022-11-11T02:00:21+00:00\",\"dateModified\":\"2022-11-11T23:48:29+00:00\",\"mainEntityOfPage\":{\"@id\":\"https:\/\/iberculturaviva.org\/es\/ninas-y-ninos-realizan-un-mural-colectivo-en-forma-de-bosque-humano-en-un-centro-cultural-de-marcos-juarez\/\"},\"wordCount\":450,\"publisher\":{\"@id\":\"https:\/\/iberculturaviva.org\/es\/?lang=es\/#organization\"},\"image\":{\"@id\":\"https:\/\/iberculturaviva.org\/es\/ninas-y-ninos-realizan-un-mural-colectivo-en-forma-de-bosque-humano-en-un-centro-cultural-de-marcos-juarez\/#primaryimage\"},\"thumbnailUrl\":\"https:\/\/iberculturaviva.org\/wp-content\/uploads\/2022\/11\/Captura-de-tela-2022-11-10-153538.png\",\"keywords\":[\"Argentina\",\"Marcos Ju\u00e1rez\",\"Red de Ciudades\"],\"articleSection\":[\"Noticias\"],\"inLanguage\":\"es\"},{\"@type\":\"WebPage\",\"@id\":\"https:\/\/iberculturaviva.org\/es\/ninas-y-ninos-realizan-un-mural-colectivo-en-forma-de-bosque-humano-en-un-centro-cultural-de-marcos-juarez\/\",\"url\":\"https:\/\/iberculturaviva.org\/es\/ninas-y-ninos-realizan-un-mural-colectivo-en-forma-de-bosque-humano-en-un-centro-cultural-de-marcos-juarez\/\",\"name\":\"Ni\u00f1as y ni\u00f1os realizan un mural colectivo en forma de \u201cbosque humano\u201d en un centro cultural de Marcos Ju\u00e1rez - IberCultura Viva\",\"isPartOf\":{\"@id\":\"https:\/\/iberculturaviva.org\/es\/?lang=es\/#website\"},\"primaryImageOfPage\":{\"@id\":\"https:\/\/iberculturaviva.org\/es\/ninas-y-ninos-realizan-un-mural-colectivo-en-forma-de-bosque-humano-en-un-centro-cultural-de-marcos-juarez\/#primaryimage\"},\"image\":{\"@id\":\"https:\/\/iberculturaviva.org\/es\/ninas-y-ninos-realizan-un-mural-colectivo-en-forma-de-bosque-humano-en-un-centro-cultural-de-marcos-juarez\/#primaryimage\"},\"thumbnailUrl\":\"https:\/\/iberculturaviva.org\/wp-content\/uploads\/2022\/11\/Captura-de-tela-2022-11-10-153538.png\",\"datePublished\":\"2022-11-11T02:00:21+00:00\",\"dateModified\":\"2022-11-11T23:48:29+00:00\",\"description\":\"Ni\u00f1as y ni\u00f1os realizan un mural colectivo en forma de \u201cbosque humano\u201d en un centro cultural de Marcos Ju\u00e1rez - IberCultura Viva\",\"breadcrumb\":{\"@id\":\"https:\/\/iberculturaviva.org\/es\/ninas-y-ninos-realizan-un-mural-colectivo-en-forma-de-bosque-humano-en-un-centro-cultural-de-marcos-juarez\/#breadcrumb\"},\"inLanguage\":\"es\",\"potentialAction\":[{\"@type\":\"ReadAction\",\"target\":[\"https:\/\/iberculturaviva.org\/es\/ninas-y-ninos-realizan-un-mural-colectivo-en-forma-de-bosque-humano-en-un-centro-cultural-de-marcos-juarez\/\"]}]},{\"@type\":\"ImageObject\",\"inLanguage\":\"es\",\"@id\":\"https:\/\/iberculturaviva.org\/es\/ninas-y-ninos-realizan-un-mural-colectivo-en-forma-de-bosque-humano-en-un-centro-cultural-de-marcos-juarez\/#primaryimage\",\"url\":\"https:\/\/iberculturaviva.org\/wp-content\/uploads\/2022\/11\/Captura-de-tela-2022-11-10-153538.png\",\"contentUrl\":\"https:\/\/iberculturaviva.org\/wp-content\/uploads\/2022\/11\/Captura-de-tela-2022-11-10-153538.png\",\"width\":1422,\"height\":785},{\"@type\":\"BreadcrumbList\",\"@id\":\"https:\/\/iberculturaviva.org\/es\/ninas-y-ninos-realizan-un-mural-colectivo-en-forma-de-bosque-humano-en-un-centro-cultural-de-marcos-juarez\/#breadcrumb\",\"itemListElement\":[{\"@type\":\"ListItem\",\"position\":1,\"name\":\"In\u00edcio\",\"item\":\"https:\/\/iberculturaviva.org\/es\/inicio\/\"},{\"@type\":\"ListItem\",\"position\":2,\"name\":\"Ni\u00f1as y ni\u00f1os realizan un mural colectivo en forma de \u201cbosque humano\u201d en un centro cultural de Marcos Ju\u00e1rez\"}]},{\"@type\":\"WebSite\",\"@id\":\"https:\/\/iberculturaviva.org\/es\/?lang=es\/#website\",\"url\":\"https:\/\/iberculturaviva.org\/es\/?lang=es\/\",\"name\":\"IberCultura Viva\",\"description\":\"Programa de cooperaci\u00f3n cultural\",\"publisher\":{\"@id\":\"https:\/\/iberculturaviva.org\/es\/?lang=es\/#organization\"},\"potentialAction\":[{\"@type\":\"SearchAction\",\"target\":{\"@type\":\"EntryPoint\",\"urlTemplate\":\"https:\/\/iberculturaviva.org\/es\/?lang=es\/?s={search_term_string}\"},\"query-input\":{\"@type\":\"PropertyValueSpecification\",\"valueRequired\":true,\"valueName\":\"search_term_string\"}}],\"inLanguage\":\"es\"},{\"@type\":\"Organization\",\"@id\":\"https:\/\/iberculturaviva.org\/es\/?lang=es\/#organization\",\"name\":\"Iberculturaviva\",\"url\":\"https:\/\/iberculturaviva.org\/es\/?lang=es\/\",\"logo\":{\"@type\":\"ImageObject\",\"inLanguage\":\"es\",\"@id\":\"https:\/\/iberculturaviva.org\/es\/?lang=es\/#\/schema\/logo\/image\/\",\"url\":\"https:\/\/iberculturaviva.org\/wp-content\/uploads\/2021\/08\/logo_ibercultura_viva.jpg\",\"contentUrl\":\"https:\/\/iberculturaviva.org\/wp-content\/uploads\/2021\/08\/logo_ibercultura_viva.jpg\",\"width\":708,\"height\":223,\"caption\":\"Iberculturaviva\"},\"image\":{\"@id\":\"https:\/\/iberculturaviva.org\/es\/?lang=es\/#\/schema\/logo\/image\/\"},\"sameAs\":[\"https:\/\/www.facebook.com\/iberculturaviva\/\",\"https:\/\/www.instagram.com\/iberculturaviva\/\",\"https:\/\/www.youtube.com\/iberculturaviva\"]},{\"@type\":\"Person\",\"@id\":\"https:\/\/iberculturaviva.org\/es\/?lang=es\/#\/schema\/person\/5d1313b072cc25536e0431522f740b59\",\"name\":\"IberCultura\",\"image\":{\"@type\":\"ImageObject\",\"inLanguage\":\"es\",\"@id\":\"https:\/\/iberculturaviva.org\/es\/?lang=es\/#\/schema\/person\/image\/\",\"url\":\"https:\/\/secure.gravatar.com\/avatar\/79f1a057cb125cbefb3765d0356d52fc7f3bba3a35e2cf22bc4de090bb7aef70?s=96&d=mm&r=g\",\"contentUrl\":\"https:\/\/secure.gravatar.com\/avatar\/79f1a057cb125cbefb3765d0356d52fc7f3bba3a35e2cf22bc4de090bb7aef70?s=96&d=mm&r=g\",\"caption\":\"IberCultura\"}}]}<\/script>\n<!-- \/ Yoast SEO plugin. -->","yoast_head_json":{"title":"Ni\u00f1as y ni\u00f1os realizan un mural colectivo en forma de \u201cbosque humano\u201d en un centro cultural de Marcos Ju\u00e1rez - IberCultura Viva","description":"Ni\u00f1as y ni\u00f1os realizan un mural colectivo en forma de \u201cbosque humano\u201d en un centro cultural de Marcos Ju\u00e1rez - IberCultura Viva","robots":{"index":"index","follow":"follow","max-snippet":"max-snippet:-1","max-image-preview":"max-image-preview:large","max-video-preview":"max-video-preview:-1"},"canonical":"https:\/\/iberculturaviva.org\/es\/ninas-y-ninos-realizan-un-mural-colectivo-en-forma-de-bosque-humano-en-un-centro-cultural-de-marcos-juarez\/","og_locale":"es_ES","og_type":"article","og_title":"Ni\u00f1as y ni\u00f1os realizan un mural colectivo en forma de \u201cbosque humano\u201d en un centro cultural de Marcos Ju\u00e1rez - IberCultura Viva","og_description":"Ni\u00f1as y ni\u00f1os realizan un mural colectivo en forma de \u201cbosque humano\u201d en un centro cultural de Marcos Ju\u00e1rez - IberCultura Viva","og_url":"https:\/\/iberculturaviva.org\/es\/ninas-y-ninos-realizan-un-mural-colectivo-en-forma-de-bosque-humano-en-un-centro-cultural-de-marcos-juarez\/","og_site_name":"IberCultura Viva","article_publisher":"https:\/\/www.facebook.com\/iberculturaviva\/","article_published_time":"2022-11-11T02:00:21+00:00","article_modified_time":"2022-11-11T23:48:29+00:00","og_image":[{"width":1422,"height":785,"url":"https:\/\/iberculturaviva.org\/wp-content\/uploads\/2022\/11\/Captura-de-tela-2022-11-10-153538.png","type":"image\/png"}],"author":"IberCultura","twitter_card":"summary_large_image","twitter_misc":{"Escrito por":"IberCultura","Tiempo de lectura":"3 minutos"},"schema":{"@context":"https:\/\/schema.org","@graph":[{"@type":"Article","@id":"https:\/\/iberculturaviva.org\/es\/ninas-y-ninos-realizan-un-mural-colectivo-en-forma-de-bosque-humano-en-un-centro-cultural-de-marcos-juarez\/#article","isPartOf":{"@id":"https:\/\/iberculturaviva.org\/es\/ninas-y-ninos-realizan-un-mural-colectivo-en-forma-de-bosque-humano-en-un-centro-cultural-de-marcos-juarez\/"},"author":{"name":"IberCultura","@id":"https:\/\/iberculturaviva.org\/es\/?lang=es\/#\/schema\/person\/5d1313b072cc25536e0431522f740b59"},"headline":"Ni\u00f1as y ni\u00f1os realizan un mural colectivo en forma de \u201cbosque humano\u201d en un centro cultural de Marcos Ju\u00e1rez","datePublished":"2022-11-11T02:00:21+00:00","dateModified":"2022-11-11T23:48:29+00:00","mainEntityOfPage":{"@id":"https:\/\/iberculturaviva.org\/es\/ninas-y-ninos-realizan-un-mural-colectivo-en-forma-de-bosque-humano-en-un-centro-cultural-de-marcos-juarez\/"},"wordCount":450,"publisher":{"@id":"https:\/\/iberculturaviva.org\/es\/?lang=es\/#organization"},"image":{"@id":"https:\/\/iberculturaviva.org\/es\/ninas-y-ninos-realizan-un-mural-colectivo-en-forma-de-bosque-humano-en-un-centro-cultural-de-marcos-juarez\/#primaryimage"},"thumbnailUrl":"https:\/\/iberculturaviva.org\/wp-content\/uploads\/2022\/11\/Captura-de-tela-2022-11-10-153538.png","keywords":["Argentina","Marcos Ju\u00e1rez","Red de Ciudades"],"articleSection":["Noticias"],"inLanguage":"es"},{"@type":"WebPage","@id":"https:\/\/iberculturaviva.org\/es\/ninas-y-ninos-realizan-un-mural-colectivo-en-forma-de-bosque-humano-en-un-centro-cultural-de-marcos-juarez\/","url":"https:\/\/iberculturaviva.org\/es\/ninas-y-ninos-realizan-un-mural-colectivo-en-forma-de-bosque-humano-en-un-centro-cultural-de-marcos-juarez\/","name":"Ni\u00f1as y ni\u00f1os realizan un mural colectivo en forma de \u201cbosque humano\u201d en un centro cultural de Marcos Ju\u00e1rez - IberCultura Viva","isPartOf":{"@id":"https:\/\/iberculturaviva.org\/es\/?lang=es\/#website"},"primaryImageOfPage":{"@id":"https:\/\/iberculturaviva.org\/es\/ninas-y-ninos-realizan-un-mural-colectivo-en-forma-de-bosque-humano-en-un-centro-cultural-de-marcos-juarez\/#primaryimage"},"image":{"@id":"https:\/\/iberculturaviva.org\/es\/ninas-y-ninos-realizan-un-mural-colectivo-en-forma-de-bosque-humano-en-un-centro-cultural-de-marcos-juarez\/#primaryimage"},"thumbnailUrl":"https:\/\/iberculturaviva.org\/wp-content\/uploads\/2022\/11\/Captura-de-tela-2022-11-10-153538.png","datePublished":"2022-11-11T02:00:21+00:00","dateModified":"2022-11-11T23:48:29+00:00","description":"Ni\u00f1as y ni\u00f1os realizan un mural colectivo en forma de \u201cbosque humano\u201d en un centro cultural de Marcos Ju\u00e1rez - IberCultura Viva","breadcrumb":{"@id":"https:\/\/iberculturaviva.org\/es\/ninas-y-ninos-realizan-un-mural-colectivo-en-forma-de-bosque-humano-en-un-centro-cultural-de-marcos-juarez\/#breadcrumb"},"inLanguage":"es","potentialAction":[{"@type":"ReadAction","target":["https:\/\/iberculturaviva.org\/es\/ninas-y-ninos-realizan-un-mural-colectivo-en-forma-de-bosque-humano-en-un-centro-cultural-de-marcos-juarez\/"]}]},{"@type":"ImageObject","inLanguage":"es","@id":"https:\/\/iberculturaviva.org\/es\/ninas-y-ninos-realizan-un-mural-colectivo-en-forma-de-bosque-humano-en-un-centro-cultural-de-marcos-juarez\/#primaryimage","url":"https:\/\/iberculturaviva.org\/wp-content\/uploads\/2022\/11\/Captura-de-tela-2022-11-10-153538.png","contentUrl":"https:\/\/iberculturaviva.org\/wp-content\/uploads\/2022\/11\/Captura-de-tela-2022-11-10-153538.png","width":1422,"height":785},{"@type":"BreadcrumbList","@id":"https:\/\/iberculturaviva.org\/es\/ninas-y-ninos-realizan-un-mural-colectivo-en-forma-de-bosque-humano-en-un-centro-cultural-de-marcos-juarez\/#breadcrumb","itemListElement":[{"@type":"ListItem","position":1,"name":"In\u00edcio","item":"https:\/\/iberculturaviva.org\/es\/inicio\/"},{"@type":"ListItem","position":2,"name":"Ni\u00f1as y ni\u00f1os realizan un mural colectivo en forma de \u201cbosque humano\u201d en un centro cultural de Marcos Ju\u00e1rez"}]},{"@type":"WebSite","@id":"https:\/\/iberculturaviva.org\/es\/?lang=es\/#website","url":"https:\/\/iberculturaviva.org\/es\/?lang=es\/","name":"IberCultura Viva","description":"Programa de cooperaci\u00f3n cultural","publisher":{"@id":"https:\/\/iberculturaviva.org\/es\/?lang=es\/#organization"},"potentialAction":[{"@type":"SearchAction","target":{"@type":"EntryPoint","urlTemplate":"https:\/\/iberculturaviva.org\/es\/?lang=es\/?s={search_term_string}"},"query-input":{"@type":"PropertyValueSpecification","valueRequired":true,"valueName":"search_term_string"}}],"inLanguage":"es"},{"@type":"Organization","@id":"https:\/\/iberculturaviva.org\/es\/?lang=es\/#organization","name":"Iberculturaviva","url":"https:\/\/iberculturaviva.org\/es\/?lang=es\/","logo":{"@type":"ImageObject","inLanguage":"es","@id":"https:\/\/iberculturaviva.org\/es\/?lang=es\/#\/schema\/logo\/image\/","url":"https:\/\/iberculturaviva.org\/wp-content\/uploads\/2021\/08\/logo_ibercultura_viva.jpg","contentUrl":"https:\/\/iberculturaviva.org\/wp-content\/uploads\/2021\/08\/logo_ibercultura_viva.jpg","width":708,"height":223,"caption":"Iberculturaviva"},"image":{"@id":"https:\/\/iberculturaviva.org\/es\/?lang=es\/#\/schema\/logo\/image\/"},"sameAs":["https:\/\/www.facebook.com\/iberculturaviva\/","https:\/\/www.instagram.com\/iberculturaviva\/","https:\/\/www.youtube.com\/iberculturaviva"]},{"@type":"Person","@id":"https:\/\/iberculturaviva.org\/es\/?lang=es\/#\/schema\/person\/5d1313b072cc25536e0431522f740b59","name":"IberCultura","image":{"@type":"ImageObject","inLanguage":"es","@id":"https:\/\/iberculturaviva.org\/es\/?lang=es\/#\/schema\/person\/image\/","url":"https:\/\/secure.gravatar.com\/avatar\/79f1a057cb125cbefb3765d0356d52fc7f3bba3a35e2cf22bc4de090bb7aef70?s=96&d=mm&r=g","contentUrl":"https:\/\/secure.gravatar.com\/avatar\/79f1a057cb125cbefb3765d0356d52fc7f3bba3a35e2cf22bc4de090bb7aef70?s=96&d=mm&r=g","caption":"IberCultura"}}]}},"main_category":{"link":"https:\/\/iberculturaviva.org\/es\/category\/noticias-es\/","name":"Noticias","slug":"noticias-es"},"_links":{"self":[{"href":"https:\/\/iberculturaviva.org\/es\/wp-json\/wp\/v2\/posts\/28768","targetHints":{"allow":["GET"]}}],"collection":[{"href":"https:\/\/iberculturaviva.org\/es\/wp-json\/wp\/v2\/posts"}],"about":[{"href":"https:\/\/iberculturaviva.org\/es\/wp-json\/wp\/v2\/types\/post"}],"author":[{"embeddable":true,"href":"https:\/\/iberculturaviva.org\/es\/wp-json\/wp\/v2\/users\/2"}],"replies":[{"embeddable":true,"href":"https:\/\/iberculturaviva.org\/es\/wp-json\/wp\/v2\/comments?post=28768"}],"version-history":[{"count":6,"href":"https:\/\/iberculturaviva.org\/es\/wp-json\/wp\/v2\/posts\/28768\/revisions"}],"predecessor-version":[{"id":28793,"href":"https:\/\/iberculturaviva.org\/es\/wp-json\/wp\/v2\/posts\/28768\/revisions\/28793"}],"wp:featuredmedia":[{"embeddable":true,"href":"https:\/\/iberculturaviva.org\/es\/wp-json\/wp\/v2\/media\/28769"}],"wp:attachment":[{"href":"https:\/\/iberculturaviva.org\/es\/wp-json\/wp\/v2\/media?parent=28768"}],"wp:term":[{"taxonomy":"category","embeddable":true,"href":"https:\/\/iberculturaviva.org\/es\/wp-json\/wp\/v2\/categories?post=28768"},{"taxonomy":"post_tag","embeddable":true,"href":"https:\/\/iberculturaviva.org\/es\/wp-json\/wp\/v2\/tags?post=28768"},{"taxonomy":"country-municipality","embeddable":true,"href":"https:\/\/iberculturaviva.org\/es\/wp-json\/wp\/v2\/country-municipality?post=28768"}],"curies":[{"name":"wp","href":"https:\/\/api.w.org\/{rel}","templated":true}]}}