{"id":28668,"date":"2022-10-28T21:42:08","date_gmt":"2022-10-29T00:42:08","guid":{"rendered":"https:\/\/iberculturaviva.org\/?p=28668"},"modified":"2022-11-01T14:23:14","modified_gmt":"2022-11-01T17:23:14","slug":"comienzan-los-encuentros-para-la-construccion-colectiva-de-un-ciclo-de-formacion-sobre-derechos-culturales-y-cultura-viva","status":"publish","type":"post","link":"https:\/\/iberculturaviva.org\/es\/comienzan-los-encuentros-para-la-construccion-colectiva-de-un-ciclo-de-formacion-sobre-derechos-culturales-y-cultura-viva\/","title":{"rendered":"Comienzan los encuentros para la construcci\u00f3n colectiva de un ciclo de formaci\u00f3n sobre derechos culturales y cultura viva"},"content":{"rendered":"<p style=\"text-align: justify;\"><span style=\"font-size: inherit;\">M\u00e1s de 40 personas participaron en el encuentro inaugural del Ciclo de Video di\u00e1logos y Laboratorio \u201cDerechos Culturales y Cultura Viva\u201d, que se realiz\u00f3 el martes 11 de octubre en el Centro Cultural de Ate (Lima), en el marco del 5\u00b0 Congreso Latinoamericano De Cultura Viva Comunitaria. La actividad de la Comisi\u00f3n de Formaci\u00f3n de la Red IberCultura Viva de Ciudades y Gobiernos Locales fue pensada como un espacio de construcci\u00f3n participativa e intersectorial para imaginar colectivamente lo que podr\u00eda ser un nuevo programa de formaci\u00f3n e investigaci\u00f3n de IberCultura Viva. Despu\u00e9s de esta primera jornada presencial, las discusiones seguir\u00e1n de modo virtual en el mes de noviembre, con cuatro sesiones semanales.<\/span><\/p>\n<p style=\"text-align: justify;\">Federico Prieto, secretario de Gesti\u00f3n Cultural del Ministerio de Cultura de Argentina y vicepresidente de IberCultura Viva, dio inicio a la sesi\u00f3n agradeciendo a todas las personas presentes por la disposici\u00f3n en participar en esta instancia, \u201cpara poder generar un espacio de formaci\u00f3n donde las personas que participan de organizaciones y de gobiernos locales puedan mejorar sus habilidades t\u00e9cnicas, generar espacios de di\u00e1logo, compartir saberes, y diseminar las experiencias que cada uno lleva adelante en pos de seguir fortaleciendo la vinculaci\u00f3n entre organizaciones y gobiernos\u201d.<\/p>\n<p style=\"text-align: justify;\">Seg\u00fan \u00e9l, \u00e9sta es tambi\u00e9n una oportunidad de generar nuevas instancias para que otros gobiernos sepan de qu\u00e9 se trata la cultura viva comunitaria y las pol\u00edticas culturales de base comunitaria. \u201cS\u00ed, creemos que otro mundo es posible, y creemos en el di\u00e1logo real, sincero, entre las organizaciones y los gobiernos, en pos de mejorar las condiciones, de garantizar estructuras para que quien quiera hacer pueda hacerlo. Y sobre todo para mantener vivos y bien desarrollados los conceptos que la cultura viva comunitaria nos ense\u00f1a todo el tiempo: la despatriarcalizaci\u00f3n, la descolonizaci\u00f3n, el buen vivir, el bien com\u00fan, (&#8230;) c\u00f3mo nos relacionamos con la naturaleza, como individuo, como colectivo, y como colectivo de los colectivos\u201d.<\/p>\n\n\t\t<style type=\"text\/css\">\n\t\t\t#gallery-1 {\n\t\t\t\tmargin: auto;\n\t\t\t}\n\t\t\t#gallery-1 .gallery-item {\n\t\t\t\tfloat: left;\n\t\t\t\tmargin-top: 10px;\n\t\t\t\ttext-align: center;\n\t\t\t\twidth: 50%;\n\t\t\t}\n\t\t\t#gallery-1 img {\n\t\t\t\tborder: 2px solid #cfcfcf;\n\t\t\t}\n\t\t\t#gallery-1 .gallery-caption {\n\t\t\t\tmargin-left: 0;\n\t\t\t}\n\t\t\t\/* see gallery_shortcode() in wp-includes\/media.php *\/\n\t\t<\/style>\n\t\t<div id='gallery-1' class='gallery galleryid-28668 gallery-columns-2 gallery-size-medium'><dl class='gallery-item'>\n\t\t\t<dt class='gallery-icon landscape'>\n\t\t\t\t<a href='https:\/\/iberculturaviva.org\/es\/comienzan-los-encuentros-para-la-construccion-colectiva-de-un-ciclo-de-formacion-sobre-derechos-culturales-y-cultura-viva\/311352524_486605566844060_7618334069222999839_n\/'><img loading=\"lazy\" decoding=\"async\" width=\"300\" height=\"202\" src=\"https:\/\/iberculturaviva.org\/wp-content\/uploads\/2022\/10\/311352524_486605566844060_7618334069222999839_n-460x310.jpg\" class=\"attachment-medium size-medium\" alt=\"\" \/><\/a>\n\t\t\t<\/dt><\/dl><dl class='gallery-item'>\n\t\t\t<dt class='gallery-icon landscape'>\n\t\t\t\t<a href='https:\/\/iberculturaviva.org\/es\/comienzan-los-encuentros-para-la-construccion-colectiva-de-un-ciclo-de-formacion-sobre-derechos-culturales-y-cultura-viva\/311342784_486605516844065_3561553968561752709_n\/'><img loading=\"lazy\" decoding=\"async\" width=\"300\" height=\"202\" src=\"https:\/\/iberculturaviva.org\/wp-content\/uploads\/2022\/10\/311342784_486605516844065_3561553968561752709_n-460x310.jpg\" class=\"attachment-medium size-medium\" alt=\"\" \/><\/a>\n\t\t\t<\/dt><\/dl><br style=\"clear: both\" \/><dl class='gallery-item'>\n\t\t\t<dt class='gallery-icon landscape'>\n\t\t\t\t<a href='https:\/\/iberculturaviva.org\/es\/comienzan-los-encuentros-para-la-construccion-colectiva-de-un-ciclo-de-formacion-sobre-derechos-culturales-y-cultura-viva\/311126307_486645083506775_1369367235710525658_n\/'><img loading=\"lazy\" decoding=\"async\" width=\"300\" height=\"202\" src=\"https:\/\/iberculturaviva.org\/wp-content\/uploads\/2022\/10\/311126307_486645083506775_1369367235710525658_n-460x310.jpg\" class=\"attachment-medium size-medium\" alt=\"\" \/><\/a>\n\t\t\t<\/dt><\/dl><dl class='gallery-item'>\n\t\t\t<dt class='gallery-icon landscape'>\n\t\t\t\t<a href='https:\/\/iberculturaviva.org\/es\/comienzan-los-encuentros-para-la-construccion-colectiva-de-un-ciclo-de-formacion-sobre-derechos-culturales-y-cultura-viva\/311056642_486645170173433_1975377510982252481_n\/'><img loading=\"lazy\" decoding=\"async\" width=\"300\" height=\"202\" src=\"https:\/\/iberculturaviva.org\/wp-content\/uploads\/2022\/10\/311056642_486645170173433_1975377510982252481_n-460x310.jpg\" class=\"attachment-medium size-medium\" alt=\"\" \/><\/a>\n\t\t\t<\/dt><\/dl><br style=\"clear: both\" \/>\n\t\t<\/div>\n\n<p style=\"text-align: justify;\"><span style=\"font-size: inherit;\">.<\/span><\/p>\n<h4>Un espacio intersectorial<\/h4>\n<p style=\"text-align: justify;\"><span style=\"font-weight: 400;\">Alexandre Santini, secretario de las Culturas de Niter\u00f3i, quien propuso esta actividad en nombre de la Comisi\u00f3n de Formaci\u00f3n de Red IberCultura Viva de Ciudades y Gobiernos Locales, coment\u00f3 que hace cerca de un a\u00f1o el grupo viene trabajando en la idea de generar un espacio de formaci\u00f3n intersectorial donde est\u00e9n representantes de gobiernos locales, de gobiernos nacionales y tambi\u00e9n representantes de organizaciones culturales. \u201cNo se trata de hacer competencia a ninguno de los espacios aut\u00f3nomos de formaci\u00f3n ni tampoco a los espacios acad\u00e9micos formales de gesti\u00f3n cultural que existen, sino de generar algo nuevo para poder trabajar con las organizaciones culturales comunitarias\u201d, detall\u00f3.<\/span><\/p>\n<p style=\"text-align: justify;\"><span style=\"font-weight: 400;\">La intenci\u00f3n, seg\u00fan Santini, es generar algo nuevo tambi\u00e9n en t\u00e9rminos del hist\u00f3rico de la pol\u00edtica y de la gesti\u00f3n cultural. \u201cEsta es una novedad que Am\u00e9rica Latina regala al mundo: proponer una nueva mirada a las pol\u00edticas p\u00fablicas de cultura, con una visi\u00f3n civilizatoria dentro de la cultura comunitaria\u201d, observ\u00f3, para luego resaltar que lo que deton\u00f3 esta propuesta fue la iniciativa que han tenido las ciudades de San Luis Potos\u00ed (M\u00e9xico) y Niteroi (Brasil), de construir colectivamente y de manera participativa, sus Cartas de Derechos Culturales.\u00a0<\/span><\/p>\n<p style=\"text-align: justify;\"><span style=\"font-weight: 400;\">\u201cEstamos en la vanguardia del mundo junto a Roma, Barcelona y otras pocas ciudades que han desarrollado sus Cartas de Derechos Culturales. Este es el punto de partida, no de llegada. Estamos hablando de derechos culturales, de equidad territorial, de cultura viva, para que se pueda, a partir de este di\u00e1logo, establecer la construcci\u00f3n metodol\u00f3gica de lo que puede venir a ser este espacio de formaci\u00f3n\u201d, destac\u00f3 el secretario de las Culturas de Niteroi. \u201cLa idea es recoger insumos y aportes en el congreso, arrancar con sesiones virtuales en noviembre y despu\u00e9s evaluar colectivamente y ver qu\u00e9 continuaci\u00f3n se puede dar a esta iniciativa experimental\u201d.<\/span><\/p>\n<p style=\"text-align: justify;\"><span style=\"font-weight: 400;\">Luisa Vel\u00e1squez, representante de Guadalajara (M\u00e9xico) en la Red IberCultura Viva de Ciudades y Gobiernos Locales, destac\u00f3 que la intenci\u00f3n es escuchar y estar abierto al di\u00e1logo. \u201cEn los c\u00edrculos de la palabra escuchamos varias veces hablar de la necesidad de formaci\u00f3n, y en la Red de Ciudades vimos como una oportunidad este ciclo formativo. Si bien las l\u00edneas tem\u00e1ticas de derechos culturales y equidad territorial, ya est\u00e1n claras, creemos que es super importante co-construir los contenidos espec\u00edficos e identificar conjuntamente los perfiles de quienes pueden ser facilitadores y sabemos, que dentro del movimiento hay personas con mucha pr\u00e1ctica, mucho conocimiento emp\u00edrico, que la experiencia les ha pasado por el cuerpo\u201d, expres\u00f3.<\/span><\/p>\n<p style=\"text-align: justify;\"><span style=\"font-weight: 400;\">Gerardo Padilla, <\/span><span style=\"font-weight: 400;\">secretario t\u00e9cnico de la <\/span><a href=\"https:\/\/iberculturaviva.org\/la-cultura-es-un-derecho-la-experiencia-potosina-como-inspiracion-de-procesos-participativos\/?lang=es\" target=\"_blank\" rel=\"noopener noreferrer\"><span style=\"font-weight: 400;\">Carta de la Ciudad por los Derechos Culturales UNESCO-San Luis<\/span><\/a><span style=\"font-weight: 400;\">, tras recordar algunos de los elementos m\u00e1s destacados del proceso de construcci\u00f3n participativa de dicho instrumento en la ciudad de San Luis Potos\u00ed, destac\u00f3 que la iniciativa puesta a consideraci\u00f3n de las y los asistentes apunta a secuenciar y dar respuesta a la demanda de espacios de formaci\u00f3n e intercambio por parte del movimiento, as\u00ed como a robustecer las estrategias de capacitaci\u00f3n y profesionalizaci\u00f3n con las que cuenta a la fecha el programa de cooperaci\u00f3n para <\/span><span style=\"font-weight: 400;\">las organizaciones de base.\u00a0<\/span><\/p>\n<p style=\"text-align: justify;\"><span style=\"font-weight: 400;\">Adem\u00e1s, record\u00f3 que en julio de 2021, despu\u00e9s de tres sesiones de trabajo en el marco del 2\u00ba Encuentro de Cultura Viva Comunitaria en Ciudades y Gobiernos Locales de Am\u00e9rica Latina, en Zapopan y Guadalajara (Jalisco, M\u00e9xico), la Red de Ciudades y Gobiernos Locales lleg\u00f3 a la redacci\u00f3n final de su Estatuto de Constituci\u00f3n. El documento, elaborado de manera colaborativa por los y las representantes de gobiernos locales que participaron de este encuentro, detall\u00f3 la organizaci\u00f3n de la red en forma de comisiones de trabajo. Una de ellas, la Comisi\u00f3n de Formaci\u00f3n, fue la que propuso crear esta instancia de conversaci\u00f3n.<\/span><\/p>\n<p style=\"text-align: justify;\"><span style=\"font-weight: 400;\">\u201cLo que proponemos es pensar y dise\u00f1ar juntos este espacio de trabajo, cu\u00e1les deber\u00edan ser sus contenidos, qu\u00e9 metas deben trazarse, hacia d\u00f3nde deseamos que nos conduzca, qu\u00e9 capacidades tendr\u00edan que fortalecerse, cu\u00e1les ser\u00edan los mejores formatos para trabajar en la comunidad de aprendizaje que queremos\u2026 Esto es lo que la red se propuso resolver, pero no s\u00f3lo desde la mirada de los gobiernos locales, sino a trav\u00e9s de la perspectiva de las organizaciones comunitarias. Hoy nos anima lanzar algunas primeras preguntas para imaginar contenidos, e inclusive para determinar la pertinencia del proyecto, pues este es un paso importante para la Red de Ciudades y el programa IberCultura Viva, y lo que queremos es pensarlo entre todas y todos\u201d, destac\u00f3 Padilla.<\/span><\/p>\n\n\t\t<style type=\"text\/css\">\n\t\t\t#gallery-2 {\n\t\t\t\tmargin: auto;\n\t\t\t}\n\t\t\t#gallery-2 .gallery-item {\n\t\t\t\tfloat: left;\n\t\t\t\tmargin-top: 10px;\n\t\t\t\ttext-align: center;\n\t\t\t\twidth: 50%;\n\t\t\t}\n\t\t\t#gallery-2 img {\n\t\t\t\tborder: 2px solid #cfcfcf;\n\t\t\t}\n\t\t\t#gallery-2 .gallery-caption {\n\t\t\t\tmargin-left: 0;\n\t\t\t}\n\t\t\t\/* see gallery_shortcode() in wp-includes\/media.php *\/\n\t\t<\/style>\n\t\t<div id='gallery-2' class='gallery galleryid-28668 gallery-columns-2 gallery-size-medium'><dl class='gallery-item'>\n\t\t\t<dt class='gallery-icon landscape'>\n\t\t\t\t<a href='https:\/\/iberculturaviva.org\/es\/comienzan-los-encuentros-para-la-construccion-colectiva-de-un-ciclo-de-formacion-sobre-derechos-culturales-y-cultura-viva\/311582137_487538943417389_5374050064149505203_n\/'><img loading=\"lazy\" decoding=\"async\" width=\"300\" height=\"202\" src=\"https:\/\/iberculturaviva.org\/wp-content\/uploads\/2022\/10\/311582137_487538943417389_5374050064149505203_n-460x310.jpg\" class=\"attachment-medium size-medium\" alt=\"\" \/><\/a>\n\t\t\t<\/dt><\/dl><dl class='gallery-item'>\n\t\t\t<dt class='gallery-icon landscape'>\n\t\t\t\t<a href='https:\/\/iberculturaviva.org\/es\/comienzan-los-encuentros-para-la-construccion-colectiva-de-un-ciclo-de-formacion-sobre-derechos-culturales-y-cultura-viva\/309129370_486645140173436_2820851580549770030_n\/'><img loading=\"lazy\" decoding=\"async\" width=\"300\" height=\"202\" src=\"https:\/\/iberculturaviva.org\/wp-content\/uploads\/2022\/10\/309129370_486645140173436_2820851580549770030_n-460x310.jpg\" class=\"attachment-medium size-medium\" alt=\"\" \/><\/a>\n\t\t\t<\/dt><\/dl><br style=\"clear: both\" \/><dl class='gallery-item'>\n\t\t\t<dt class='gallery-icon landscape'>\n\t\t\t\t<a href='https:\/\/iberculturaviva.org\/es\/comienzan-los-encuentros-para-la-construccion-colectiva-de-un-ciclo-de-formacion-sobre-derechos-culturales-y-cultura-viva\/310261940_486645056840111_2207699340435535734_n\/'><img loading=\"lazy\" decoding=\"async\" width=\"300\" height=\"202\" src=\"https:\/\/iberculturaviva.org\/wp-content\/uploads\/2022\/10\/310261940_486645056840111_2207699340435535734_n-460x310.jpg\" class=\"attachment-medium size-medium\" alt=\"\" \/><\/a>\n\t\t\t<\/dt><\/dl><dl class='gallery-item'>\n\t\t\t<dt class='gallery-icon landscape'>\n\t\t\t\t<a href='https:\/\/iberculturaviva.org\/es\/comienzan-los-encuentros-para-la-construccion-colectiva-de-un-ciclo-de-formacion-sobre-derechos-culturales-y-cultura-viva\/311129598_487511573420126_151302689165863930_n\/'><img loading=\"lazy\" decoding=\"async\" width=\"300\" height=\"202\" src=\"https:\/\/iberculturaviva.org\/wp-content\/uploads\/2022\/10\/311129598_487511573420126_151302689165863930_n-460x310.jpg\" class=\"attachment-medium size-medium\" alt=\"\" \/><\/a>\n\t\t\t<\/dt><\/dl><br style=\"clear: both\" \/>\n\t\t<\/div>\n\n<p>.<\/p>\n<h4><b>Preguntas motoras<\/b><\/h4>\n<p style=\"text-align: justify;\"><span style=\"font-weight: 400;\">Una serie de preguntas motoras fueron preparadas y algunas pistas fueron colocadas en unas cartulinas, para comenzar a esbozar c\u00f3mo deber\u00eda de ser un nuevo programa de formaci\u00f3n que se empuje desde el programa IberCultura Viva. La idea fue tener un espacio de conversaci\u00f3n en torno de al menos seis preguntas, comenzando por la identificaci\u00f3n de este espacio de fortalecimiento de capacidades. \u201c\u00bfQu\u00e9 capacidades tenemos que fortalecer? \u00bfCu\u00e1les son las urgencias y necesidades? \u00bfCu\u00e1les son las capacidades sobre las que, en colectivo, necesitamos accionar, trabajar y priorizar?\u201d, sugiri\u00f3 Padilla.<\/span><\/p>\n<p style=\"text-align: justify;\"><span style=\"font-weight: 400;\">La segunda pregunta que se deline\u00f3 ten\u00eda que ver con las carencias y con c\u00f3mo abordar las ausencias que pudieran conjuntamente identificarse (\u00bfcu\u00e1les son los contenidos, qu\u00e9 materias, qu\u00e9 malla, curr\u00edcula, taller y momentos de intercambio no deber\u00edan faltar en este espacio de formaci\u00f3n que queremos?). La tercera versaba respecto a los mejores formatos de trabajo (\u00bfvirtual? \u00bfh\u00edbrido? \u00bfsincr\u00f3nicos o asincr\u00f3nicos?), y la cuarta, era sobre los dispositivos que deben derivar de un programa de formaci\u00f3n con estas caracter\u00edsticas, en este respecto, adem\u00e1s de otras posibilidades, fueron sugeridas una cl\u00ednica de litigio estrat\u00e9gico de derechos culturales, un observatorio de pol\u00edticas de base comunitaria, un taller de sistematizaci\u00f3n de pr\u00e1cticas de cultura viva y un laboratorio de incidencia p\u00fablica.\u00a0<\/span><\/p>\n<p style=\"text-align: justify;\"><span style=\"font-weight: 400;\">La quinta pregunta motora, sobre el perfil del profesorado o equipo de facilitadores, desplegaba varias interrogantes: \u00bfqu\u00e9 queremos conversar?, \u00bfde qui\u00e9n queremos aprender?, \u00bfqu\u00e9 queremos que se facilite en esta nueva comunidad de aprendizaje? \u00bfQu\u00e9 perfiles deber\u00edan estar? \u00bfC\u00f3mo logramos una plantilla paritaria, con equidad intergeneracional y equilibrada entre la teor\u00eda y la pr\u00e1ctica?<\/span><\/p>\n<p>.<\/p>\n<h4><b>Dos d\u00edas de discusiones<\/b><\/h4>\n<p style=\"text-align: justify;\"><span style=\"font-weight: 400;\">La conversaci\u00f3n inicial de este ciclo incluy\u00f3 a las personas que se inscribieron para participar del laboratorio por videoconferencia (cerca de 15) y llev\u00f3 m\u00e1s de una tarde, con una continuaci\u00f3n el d\u00eda siguiente, en la Feria de Saberes del 5\u00ba Congreso Latinoamericano de Cultura Viva Comunitaria que se realiz\u00f3 en el Parque C\u00edvico Santa Clara, en el distrito de Ate. En los dos d\u00edas de discusiones participaron representantes de organizaciones culturales comunitarias, representantes de gobiernos locales vinculados al programa e integrantes del Grupo de Trabajo de Sistematizaci\u00f3n de IberCultura Viva.<\/span><\/p>\n<p style=\"text-align: justify;\"><span style=\"font-weight: 400;\">Entre los temas que las personas participantes mencionaron durante el encuentro como importantes para esta construcci\u00f3n colectiva estaban desde accesibilidad y formaci\u00f3n de formadores hasta incidencia pol\u00edtica, estrategias de comunicaci\u00f3n internas y externas, metodolog\u00edas participativas, dise\u00f1o de pol\u00edticas p\u00fablicas, seguimiento y evaluaci\u00f3n de proyectos, as\u00ed como la importancia de adoptar metodolog\u00edas de la educaci\u00f3n popular como herramienta de trabajo y la necesidad de entregar certificados de las capacitaciones.<\/span><\/p>\n<p style=\"text-align: justify;\"><span style=\"font-weight: 400;\">El grupo que particip\u00f3 de modo virtual del primer d\u00eda de discusiones trabaj\u00f3 especialmente en torno a dos preguntas motoras propuestas: sobre las capacidades que deben ser fortalecidas y sobre c\u00f3mo ser\u00eda la estructuraci\u00f3n de este espacio. Respecto a la primera cuesti\u00f3n, reforzaron la importancia de la capacidad de toma de decisiones (\u201clas organizaciones buscan m\u00e1s protagonismo, m\u00e1s participaci\u00f3n\u201d, defendieron). Asimismo, mencionaron la existencia de proyectos formativos valiosos, tanto de universidades como de organizaciones culturales, y recomendaron que se tome eso en cuenta y que se reconozca que el proceso no es homog\u00e9neo, que hay pa\u00edses en los que el acceso es m\u00e1s f\u00e1cil y otros menos.<\/span><\/p>\n<p style=\"text-align: justify;\"><span style=\"font-weight: 400;\">Los y las participantes del debate por videoconferencia tambi\u00e9n recomendaron que este proyecto deber\u00eda poner en circulaci\u00f3n un conjunto de saberes de la cultura viva comunitaria y reconocer sus metodolog\u00edas pedag\u00f3gicas. Tambi\u00e9n mencionaron que se habr\u00eda que visibilizar los procesos de investigaci\u00f3n comunitaria que no llegan a publicarse, y que piensan no ser necesario otro posgrado, una vez que IberCultura Viva ya cuenta con el Curso de Posgrado en Pol\u00edticas Culturales de Base Comunitaria dictado por FLACSO-Argentina (\u201cno duplicar los esfuerzos que ya est\u00e1n dando\u201d, recomendaron). Finalmente, comentaron que este espacio pudiera ser no s\u00f3lo de investigaci\u00f3n, sino de acci\u00f3n, de incidencia, reiterando la idea de conformar un observatorio de pol\u00edticas culturales de base comunitaria.<\/span><\/p>\n<p>.<\/p>\n<h4><b>Combinando saberes<\/b><\/h4>\n<p style=\"text-align: justify;\"><span style=\"font-weight: 400;\">\u201cSiempre estamos con el esp\u00edritu de construcci\u00f3n colectiva, y tambi\u00e9n lo proponemos en este \u00e1mbito de trabajo\u201d, reforz\u00f3 Diego Benhabib, coordinador de Puntos de Cultura de Argentina y representante del pa\u00eds ante el programa, al final del primer d\u00eda de discusiones. \u201cSiempre hay tensiones, (pero la idea es) tratar de combinar saberes acad\u00e9micos y populares, revalorizar y reconocer los saberes populares y comunitarios y ponerlos en el lugar que deben estar\u201d.\u00a0<\/span><\/p>\n<p style=\"text-align: justify;\"><span style=\"font-weight: 400;\">Como destac\u00f3 Benhabib, este trabajo viene de una propuesta de la Red de Ciudades y Gobiernos Locales, que con un presupuesto exclusivo, ha planteado que lo interesante es ponerlo a disposici\u00f3n tambi\u00e9n del movimiento y de las organizaciones culturales comunitarias en general, \u201clo que es muy valorable\u201d y demuestra la necesidad de continuar con estos mecanismos de trabajo intersectorial. \u201cDebemos pensar que quienes estamos participando de estos \u00e1mbitos somos militantes de esta causa, y tenemos que seguir construyendo colectivamente, desde el lugar que nos toque, en funci\u00f3n de mejorar las condiciones para todos y todas.\u201d<\/span><\/p>\n","protected":false},"excerpt":{"rendered":"<p>M\u00e1s de 40 personas participaron en el encuentro inaugural del Ciclo de Video di\u00e1logos y Laboratorio \u201cDerechos Culturales y Cultura Viva\u201d, que se realiz\u00f3 el martes 11 de octubre en [&hellip;]<\/p>\n","protected":false},"author":2,"featured_media":28670,"comment_status":"closed","ping_status":"closed","sticky":false,"template":"","format":"standard","meta":{"_coblocks_attr":"","_coblocks_dimensions":"","_coblocks_responsive_height":"","_coblocks_accordion_ie_support":"","_EventAllDay":false,"_EventTimezone":"","_EventStartDate":"","_EventEndDate":"","_EventStartDateUTC":"","_EventEndDateUTC":"","_EventShowMap":false,"_EventShowMapLink":false,"_EventURL":"","_EventCost":"","_EventCostDescription":"","_EventCurrencySymbol":"","_EventCurrencyCode":"","_EventCurrencyPosition":"","_EventDateTimeSeparator":"","_EventTimeRangeSeparator":"","_EventOrganizerID":[],"_EventVenueID":[],"_OrganizerEmail":"","_OrganizerPhone":"","_OrganizerWebsite":"","_VenueAddress":"","_VenueCity":"","_VenueCountry":"","_VenueProvince":"","_VenueState":"","_VenueZip":"","_VenuePhone":"","_VenueURL":"","_VenueStateProvince":"","_VenueLat":"","_VenueLng":"","_VenueShowMap":false,"_VenueShowMapLink":false,"footnotes":""},"categories":[262],"tags":[427,442,443,444],"country-municipality":[],"class_list":["post-28668","post","type-post","status-publish","format-standard","has-post-thumbnail","hentry","category-noticias-es","tag-5o-congreso-latinoamericano-de-cvc","tag-derechos-culturales","tag-laboratorio","tag-videodialogos"],"yoast_head":"<!-- This site is optimized with the Yoast SEO plugin v25.7 - https:\/\/yoast.com\/wordpress\/plugins\/seo\/ -->\n<title>Comienzan los encuentros para la construcci\u00f3n colectiva de un ciclo de formaci\u00f3n sobre derechos culturales y cultura viva - IberCultura Viva<\/title>\n<meta name=\"description\" content=\"Comienzan los encuentros para la construcci\u00f3n colectiva de un ciclo de formaci\u00f3n sobre derechos culturales y cultura viva - IberCultura Viva\" \/>\n<meta name=\"robots\" content=\"index, follow, max-snippet:-1, max-image-preview:large, max-video-preview:-1\" \/>\n<link rel=\"canonical\" href=\"https:\/\/iberculturaviva.org\/es\/comienzan-los-encuentros-para-la-construccion-colectiva-de-un-ciclo-de-formacion-sobre-derechos-culturales-y-cultura-viva\/\" \/>\n<meta property=\"og:locale\" content=\"es_ES\" \/>\n<meta property=\"og:type\" content=\"article\" \/>\n<meta property=\"og:title\" content=\"Comienzan los encuentros para la construcci\u00f3n colectiva de un ciclo de formaci\u00f3n sobre derechos culturales y cultura viva - IberCultura Viva\" \/>\n<meta property=\"og:description\" content=\"Comienzan los encuentros para la construcci\u00f3n colectiva de un ciclo de formaci\u00f3n sobre derechos culturales y cultura viva - IberCultura Viva\" \/>\n<meta property=\"og:url\" content=\"https:\/\/iberculturaviva.org\/es\/comienzan-los-encuentros-para-la-construccion-colectiva-de-un-ciclo-de-formacion-sobre-derechos-culturales-y-cultura-viva\/\" \/>\n<meta property=\"og:site_name\" content=\"IberCultura Viva\" \/>\n<meta property=\"article:publisher\" content=\"https:\/\/www.facebook.com\/iberculturaviva\/\" \/>\n<meta property=\"article:published_time\" content=\"2022-10-29T00:42:08+00:00\" \/>\n<meta property=\"article:modified_time\" content=\"2022-11-01T17:23:14+00:00\" \/>\n<meta property=\"og:image\" content=\"https:\/\/iberculturaviva.org\/wp-content\/uploads\/2022\/10\/311314824_486605476844069_7475249685052288744_n.jpg\" \/>\n\t<meta property=\"og:image:width\" content=\"2048\" \/>\n\t<meta property=\"og:image:height\" content=\"1536\" \/>\n\t<meta property=\"og:image:type\" content=\"image\/jpeg\" \/>\n<meta name=\"author\" content=\"IberCultura\" \/>\n<meta name=\"twitter:card\" content=\"summary_large_image\" \/>\n<meta name=\"twitter:label1\" content=\"Escrito por\" \/>\n\t<meta name=\"twitter:data1\" content=\"IberCultura\" \/>\n\t<meta name=\"twitter:label2\" content=\"Tiempo de lectura\" \/>\n\t<meta name=\"twitter:data2\" content=\"11 minutos\" \/>\n<script type=\"application\/ld+json\" class=\"yoast-schema-graph\">{\"@context\":\"https:\/\/schema.org\",\"@graph\":[{\"@type\":\"Article\",\"@id\":\"https:\/\/iberculturaviva.org\/es\/comienzan-los-encuentros-para-la-construccion-colectiva-de-un-ciclo-de-formacion-sobre-derechos-culturales-y-cultura-viva\/#article\",\"isPartOf\":{\"@id\":\"https:\/\/iberculturaviva.org\/es\/comienzan-los-encuentros-para-la-construccion-colectiva-de-un-ciclo-de-formacion-sobre-derechos-culturales-y-cultura-viva\/\"},\"author\":{\"name\":\"IberCultura\",\"@id\":\"https:\/\/iberculturaviva.org\/es\/?lang=es\/#\/schema\/person\/5d1313b072cc25536e0431522f740b59\"},\"headline\":\"Comienzan los encuentros para la construcci\u00f3n colectiva de un ciclo de formaci\u00f3n sobre derechos culturales y cultura viva\",\"datePublished\":\"2022-10-29T00:42:08+00:00\",\"dateModified\":\"2022-11-01T17:23:14+00:00\",\"mainEntityOfPage\":{\"@id\":\"https:\/\/iberculturaviva.org\/es\/comienzan-los-encuentros-para-la-construccion-colectiva-de-un-ciclo-de-formacion-sobre-derechos-culturales-y-cultura-viva\/\"},\"wordCount\":2058,\"publisher\":{\"@id\":\"https:\/\/iberculturaviva.org\/es\/?lang=es\/#organization\"},\"image\":{\"@id\":\"https:\/\/iberculturaviva.org\/es\/comienzan-los-encuentros-para-la-construccion-colectiva-de-un-ciclo-de-formacion-sobre-derechos-culturales-y-cultura-viva\/#primaryimage\"},\"thumbnailUrl\":\"https:\/\/iberculturaviva.org\/wp-content\/uploads\/2022\/10\/311314824_486605476844069_7475249685052288744_n.jpg\",\"keywords\":[\"5\u00ba Congreso Latinoamericano de CVC\",\"Derechos Culturales\",\"laboratorio\",\"videodialogos\"],\"articleSection\":[\"Noticias\"],\"inLanguage\":\"es\"},{\"@type\":\"WebPage\",\"@id\":\"https:\/\/iberculturaviva.org\/es\/comienzan-los-encuentros-para-la-construccion-colectiva-de-un-ciclo-de-formacion-sobre-derechos-culturales-y-cultura-viva\/\",\"url\":\"https:\/\/iberculturaviva.org\/es\/comienzan-los-encuentros-para-la-construccion-colectiva-de-un-ciclo-de-formacion-sobre-derechos-culturales-y-cultura-viva\/\",\"name\":\"Comienzan los encuentros para la construcci\u00f3n colectiva de un ciclo de formaci\u00f3n sobre derechos culturales y cultura viva - IberCultura Viva\",\"isPartOf\":{\"@id\":\"https:\/\/iberculturaviva.org\/es\/?lang=es\/#website\"},\"primaryImageOfPage\":{\"@id\":\"https:\/\/iberculturaviva.org\/es\/comienzan-los-encuentros-para-la-construccion-colectiva-de-un-ciclo-de-formacion-sobre-derechos-culturales-y-cultura-viva\/#primaryimage\"},\"image\":{\"@id\":\"https:\/\/iberculturaviva.org\/es\/comienzan-los-encuentros-para-la-construccion-colectiva-de-un-ciclo-de-formacion-sobre-derechos-culturales-y-cultura-viva\/#primaryimage\"},\"thumbnailUrl\":\"https:\/\/iberculturaviva.org\/wp-content\/uploads\/2022\/10\/311314824_486605476844069_7475249685052288744_n.jpg\",\"datePublished\":\"2022-10-29T00:42:08+00:00\",\"dateModified\":\"2022-11-01T17:23:14+00:00\",\"description\":\"Comienzan los encuentros para la construcci\u00f3n colectiva de un ciclo de formaci\u00f3n sobre derechos culturales y cultura viva - IberCultura Viva\",\"breadcrumb\":{\"@id\":\"https:\/\/iberculturaviva.org\/es\/comienzan-los-encuentros-para-la-construccion-colectiva-de-un-ciclo-de-formacion-sobre-derechos-culturales-y-cultura-viva\/#breadcrumb\"},\"inLanguage\":\"es\",\"potentialAction\":[{\"@type\":\"ReadAction\",\"target\":[\"https:\/\/iberculturaviva.org\/es\/comienzan-los-encuentros-para-la-construccion-colectiva-de-un-ciclo-de-formacion-sobre-derechos-culturales-y-cultura-viva\/\"]}]},{\"@type\":\"ImageObject\",\"inLanguage\":\"es\",\"@id\":\"https:\/\/iberculturaviva.org\/es\/comienzan-los-encuentros-para-la-construccion-colectiva-de-un-ciclo-de-formacion-sobre-derechos-culturales-y-cultura-viva\/#primaryimage\",\"url\":\"https:\/\/iberculturaviva.org\/wp-content\/uploads\/2022\/10\/311314824_486605476844069_7475249685052288744_n.jpg\",\"contentUrl\":\"https:\/\/iberculturaviva.org\/wp-content\/uploads\/2022\/10\/311314824_486605476844069_7475249685052288744_n.jpg\",\"width\":2048,\"height\":1536},{\"@type\":\"BreadcrumbList\",\"@id\":\"https:\/\/iberculturaviva.org\/es\/comienzan-los-encuentros-para-la-construccion-colectiva-de-un-ciclo-de-formacion-sobre-derechos-culturales-y-cultura-viva\/#breadcrumb\",\"itemListElement\":[{\"@type\":\"ListItem\",\"position\":1,\"name\":\"In\u00edcio\",\"item\":\"https:\/\/iberculturaviva.org\/es\/inicio\/\"},{\"@type\":\"ListItem\",\"position\":2,\"name\":\"Comienzan los encuentros para la construcci\u00f3n colectiva de un ciclo de formaci\u00f3n sobre derechos culturales y cultura viva\"}]},{\"@type\":\"WebSite\",\"@id\":\"https:\/\/iberculturaviva.org\/es\/?lang=es\/#website\",\"url\":\"https:\/\/iberculturaviva.org\/es\/?lang=es\/\",\"name\":\"IberCultura Viva\",\"description\":\"Programa de cooperaci\u00f3n cultural\",\"publisher\":{\"@id\":\"https:\/\/iberculturaviva.org\/es\/?lang=es\/#organization\"},\"potentialAction\":[{\"@type\":\"SearchAction\",\"target\":{\"@type\":\"EntryPoint\",\"urlTemplate\":\"https:\/\/iberculturaviva.org\/es\/?lang=es\/?s={search_term_string}\"},\"query-input\":{\"@type\":\"PropertyValueSpecification\",\"valueRequired\":true,\"valueName\":\"search_term_string\"}}],\"inLanguage\":\"es\"},{\"@type\":\"Organization\",\"@id\":\"https:\/\/iberculturaviva.org\/es\/?lang=es\/#organization\",\"name\":\"Iberculturaviva\",\"url\":\"https:\/\/iberculturaviva.org\/es\/?lang=es\/\",\"logo\":{\"@type\":\"ImageObject\",\"inLanguage\":\"es\",\"@id\":\"https:\/\/iberculturaviva.org\/es\/?lang=es\/#\/schema\/logo\/image\/\",\"url\":\"https:\/\/iberculturaviva.org\/wp-content\/uploads\/2021\/08\/logo_ibercultura_viva.jpg\",\"contentUrl\":\"https:\/\/iberculturaviva.org\/wp-content\/uploads\/2021\/08\/logo_ibercultura_viva.jpg\",\"width\":708,\"height\":223,\"caption\":\"Iberculturaviva\"},\"image\":{\"@id\":\"https:\/\/iberculturaviva.org\/es\/?lang=es\/#\/schema\/logo\/image\/\"},\"sameAs\":[\"https:\/\/www.facebook.com\/iberculturaviva\/\",\"https:\/\/www.instagram.com\/iberculturaviva\/\",\"https:\/\/www.youtube.com\/iberculturaviva\"]},{\"@type\":\"Person\",\"@id\":\"https:\/\/iberculturaviva.org\/es\/?lang=es\/#\/schema\/person\/5d1313b072cc25536e0431522f740b59\",\"name\":\"IberCultura\",\"image\":{\"@type\":\"ImageObject\",\"inLanguage\":\"es\",\"@id\":\"https:\/\/iberculturaviva.org\/es\/?lang=es\/#\/schema\/person\/image\/\",\"url\":\"https:\/\/secure.gravatar.com\/avatar\/79f1a057cb125cbefb3765d0356d52fc7f3bba3a35e2cf22bc4de090bb7aef70?s=96&d=mm&r=g\",\"contentUrl\":\"https:\/\/secure.gravatar.com\/avatar\/79f1a057cb125cbefb3765d0356d52fc7f3bba3a35e2cf22bc4de090bb7aef70?s=96&d=mm&r=g\",\"caption\":\"IberCultura\"}}]}<\/script>\n<!-- \/ Yoast SEO plugin. -->","yoast_head_json":{"title":"Comienzan los encuentros para la construcci\u00f3n colectiva de un ciclo de formaci\u00f3n sobre derechos culturales y cultura viva - IberCultura Viva","description":"Comienzan los encuentros para la construcci\u00f3n colectiva de un ciclo de formaci\u00f3n sobre derechos culturales y cultura viva - IberCultura Viva","robots":{"index":"index","follow":"follow","max-snippet":"max-snippet:-1","max-image-preview":"max-image-preview:large","max-video-preview":"max-video-preview:-1"},"canonical":"https:\/\/iberculturaviva.org\/es\/comienzan-los-encuentros-para-la-construccion-colectiva-de-un-ciclo-de-formacion-sobre-derechos-culturales-y-cultura-viva\/","og_locale":"es_ES","og_type":"article","og_title":"Comienzan los encuentros para la construcci\u00f3n colectiva de un ciclo de formaci\u00f3n sobre derechos culturales y cultura viva - IberCultura Viva","og_description":"Comienzan los encuentros para la construcci\u00f3n colectiva de un ciclo de formaci\u00f3n sobre derechos culturales y cultura viva - IberCultura Viva","og_url":"https:\/\/iberculturaviva.org\/es\/comienzan-los-encuentros-para-la-construccion-colectiva-de-un-ciclo-de-formacion-sobre-derechos-culturales-y-cultura-viva\/","og_site_name":"IberCultura Viva","article_publisher":"https:\/\/www.facebook.com\/iberculturaviva\/","article_published_time":"2022-10-29T00:42:08+00:00","article_modified_time":"2022-11-01T17:23:14+00:00","og_image":[{"width":2048,"height":1536,"url":"https:\/\/iberculturaviva.org\/wp-content\/uploads\/2022\/10\/311314824_486605476844069_7475249685052288744_n.jpg","type":"image\/jpeg"}],"author":"IberCultura","twitter_card":"summary_large_image","twitter_misc":{"Escrito por":"IberCultura","Tiempo de lectura":"11 minutos"},"schema":{"@context":"https:\/\/schema.org","@graph":[{"@type":"Article","@id":"https:\/\/iberculturaviva.org\/es\/comienzan-los-encuentros-para-la-construccion-colectiva-de-un-ciclo-de-formacion-sobre-derechos-culturales-y-cultura-viva\/#article","isPartOf":{"@id":"https:\/\/iberculturaviva.org\/es\/comienzan-los-encuentros-para-la-construccion-colectiva-de-un-ciclo-de-formacion-sobre-derechos-culturales-y-cultura-viva\/"},"author":{"name":"IberCultura","@id":"https:\/\/iberculturaviva.org\/es\/?lang=es\/#\/schema\/person\/5d1313b072cc25536e0431522f740b59"},"headline":"Comienzan los encuentros para la construcci\u00f3n colectiva de un ciclo de formaci\u00f3n sobre derechos culturales y cultura viva","datePublished":"2022-10-29T00:42:08+00:00","dateModified":"2022-11-01T17:23:14+00:00","mainEntityOfPage":{"@id":"https:\/\/iberculturaviva.org\/es\/comienzan-los-encuentros-para-la-construccion-colectiva-de-un-ciclo-de-formacion-sobre-derechos-culturales-y-cultura-viva\/"},"wordCount":2058,"publisher":{"@id":"https:\/\/iberculturaviva.org\/es\/?lang=es\/#organization"},"image":{"@id":"https:\/\/iberculturaviva.org\/es\/comienzan-los-encuentros-para-la-construccion-colectiva-de-un-ciclo-de-formacion-sobre-derechos-culturales-y-cultura-viva\/#primaryimage"},"thumbnailUrl":"https:\/\/iberculturaviva.org\/wp-content\/uploads\/2022\/10\/311314824_486605476844069_7475249685052288744_n.jpg","keywords":["5\u00ba Congreso Latinoamericano de CVC","Derechos Culturales","laboratorio","videodialogos"],"articleSection":["Noticias"],"inLanguage":"es"},{"@type":"WebPage","@id":"https:\/\/iberculturaviva.org\/es\/comienzan-los-encuentros-para-la-construccion-colectiva-de-un-ciclo-de-formacion-sobre-derechos-culturales-y-cultura-viva\/","url":"https:\/\/iberculturaviva.org\/es\/comienzan-los-encuentros-para-la-construccion-colectiva-de-un-ciclo-de-formacion-sobre-derechos-culturales-y-cultura-viva\/","name":"Comienzan los encuentros para la construcci\u00f3n colectiva de un ciclo de formaci\u00f3n sobre derechos culturales y cultura viva - IberCultura Viva","isPartOf":{"@id":"https:\/\/iberculturaviva.org\/es\/?lang=es\/#website"},"primaryImageOfPage":{"@id":"https:\/\/iberculturaviva.org\/es\/comienzan-los-encuentros-para-la-construccion-colectiva-de-un-ciclo-de-formacion-sobre-derechos-culturales-y-cultura-viva\/#primaryimage"},"image":{"@id":"https:\/\/iberculturaviva.org\/es\/comienzan-los-encuentros-para-la-construccion-colectiva-de-un-ciclo-de-formacion-sobre-derechos-culturales-y-cultura-viva\/#primaryimage"},"thumbnailUrl":"https:\/\/iberculturaviva.org\/wp-content\/uploads\/2022\/10\/311314824_486605476844069_7475249685052288744_n.jpg","datePublished":"2022-10-29T00:42:08+00:00","dateModified":"2022-11-01T17:23:14+00:00","description":"Comienzan los encuentros para la construcci\u00f3n colectiva de un ciclo de formaci\u00f3n sobre derechos culturales y cultura viva - IberCultura Viva","breadcrumb":{"@id":"https:\/\/iberculturaviva.org\/es\/comienzan-los-encuentros-para-la-construccion-colectiva-de-un-ciclo-de-formacion-sobre-derechos-culturales-y-cultura-viva\/#breadcrumb"},"inLanguage":"es","potentialAction":[{"@type":"ReadAction","target":["https:\/\/iberculturaviva.org\/es\/comienzan-los-encuentros-para-la-construccion-colectiva-de-un-ciclo-de-formacion-sobre-derechos-culturales-y-cultura-viva\/"]}]},{"@type":"ImageObject","inLanguage":"es","@id":"https:\/\/iberculturaviva.org\/es\/comienzan-los-encuentros-para-la-construccion-colectiva-de-un-ciclo-de-formacion-sobre-derechos-culturales-y-cultura-viva\/#primaryimage","url":"https:\/\/iberculturaviva.org\/wp-content\/uploads\/2022\/10\/311314824_486605476844069_7475249685052288744_n.jpg","contentUrl":"https:\/\/iberculturaviva.org\/wp-content\/uploads\/2022\/10\/311314824_486605476844069_7475249685052288744_n.jpg","width":2048,"height":1536},{"@type":"BreadcrumbList","@id":"https:\/\/iberculturaviva.org\/es\/comienzan-los-encuentros-para-la-construccion-colectiva-de-un-ciclo-de-formacion-sobre-derechos-culturales-y-cultura-viva\/#breadcrumb","itemListElement":[{"@type":"ListItem","position":1,"name":"In\u00edcio","item":"https:\/\/iberculturaviva.org\/es\/inicio\/"},{"@type":"ListItem","position":2,"name":"Comienzan los encuentros para la construcci\u00f3n colectiva de un ciclo de formaci\u00f3n sobre derechos culturales y cultura viva"}]},{"@type":"WebSite","@id":"https:\/\/iberculturaviva.org\/es\/?lang=es\/#website","url":"https:\/\/iberculturaviva.org\/es\/?lang=es\/","name":"IberCultura Viva","description":"Programa de cooperaci\u00f3n cultural","publisher":{"@id":"https:\/\/iberculturaviva.org\/es\/?lang=es\/#organization"},"potentialAction":[{"@type":"SearchAction","target":{"@type":"EntryPoint","urlTemplate":"https:\/\/iberculturaviva.org\/es\/?lang=es\/?s={search_term_string}"},"query-input":{"@type":"PropertyValueSpecification","valueRequired":true,"valueName":"search_term_string"}}],"inLanguage":"es"},{"@type":"Organization","@id":"https:\/\/iberculturaviva.org\/es\/?lang=es\/#organization","name":"Iberculturaviva","url":"https:\/\/iberculturaviva.org\/es\/?lang=es\/","logo":{"@type":"ImageObject","inLanguage":"es","@id":"https:\/\/iberculturaviva.org\/es\/?lang=es\/#\/schema\/logo\/image\/","url":"https:\/\/iberculturaviva.org\/wp-content\/uploads\/2021\/08\/logo_ibercultura_viva.jpg","contentUrl":"https:\/\/iberculturaviva.org\/wp-content\/uploads\/2021\/08\/logo_ibercultura_viva.jpg","width":708,"height":223,"caption":"Iberculturaviva"},"image":{"@id":"https:\/\/iberculturaviva.org\/es\/?lang=es\/#\/schema\/logo\/image\/"},"sameAs":["https:\/\/www.facebook.com\/iberculturaviva\/","https:\/\/www.instagram.com\/iberculturaviva\/","https:\/\/www.youtube.com\/iberculturaviva"]},{"@type":"Person","@id":"https:\/\/iberculturaviva.org\/es\/?lang=es\/#\/schema\/person\/5d1313b072cc25536e0431522f740b59","name":"IberCultura","image":{"@type":"ImageObject","inLanguage":"es","@id":"https:\/\/iberculturaviva.org\/es\/?lang=es\/#\/schema\/person\/image\/","url":"https:\/\/secure.gravatar.com\/avatar\/79f1a057cb125cbefb3765d0356d52fc7f3bba3a35e2cf22bc4de090bb7aef70?s=96&d=mm&r=g","contentUrl":"https:\/\/secure.gravatar.com\/avatar\/79f1a057cb125cbefb3765d0356d52fc7f3bba3a35e2cf22bc4de090bb7aef70?s=96&d=mm&r=g","caption":"IberCultura"}}]}},"main_category":{"link":"https:\/\/iberculturaviva.org\/es\/category\/noticias-es\/","name":"Noticias","slug":"noticias-es"},"_links":{"self":[{"href":"https:\/\/iberculturaviva.org\/es\/wp-json\/wp\/v2\/posts\/28668","targetHints":{"allow":["GET"]}}],"collection":[{"href":"https:\/\/iberculturaviva.org\/es\/wp-json\/wp\/v2\/posts"}],"about":[{"href":"https:\/\/iberculturaviva.org\/es\/wp-json\/wp\/v2\/types\/post"}],"author":[{"embeddable":true,"href":"https:\/\/iberculturaviva.org\/es\/wp-json\/wp\/v2\/users\/2"}],"replies":[{"embeddable":true,"href":"https:\/\/iberculturaviva.org\/es\/wp-json\/wp\/v2\/comments?post=28668"}],"version-history":[{"count":4,"href":"https:\/\/iberculturaviva.org\/es\/wp-json\/wp\/v2\/posts\/28668\/revisions"}],"predecessor-version":[{"id":28744,"href":"https:\/\/iberculturaviva.org\/es\/wp-json\/wp\/v2\/posts\/28668\/revisions\/28744"}],"wp:featuredmedia":[{"embeddable":true,"href":"https:\/\/iberculturaviva.org\/es\/wp-json\/wp\/v2\/media\/28670"}],"wp:attachment":[{"href":"https:\/\/iberculturaviva.org\/es\/wp-json\/wp\/v2\/media?parent=28668"}],"wp:term":[{"taxonomy":"category","embeddable":true,"href":"https:\/\/iberculturaviva.org\/es\/wp-json\/wp\/v2\/categories?post=28668"},{"taxonomy":"post_tag","embeddable":true,"href":"https:\/\/iberculturaviva.org\/es\/wp-json\/wp\/v2\/tags?post=28668"},{"taxonomy":"country-municipality","embeddable":true,"href":"https:\/\/iberculturaviva.org\/es\/wp-json\/wp\/v2\/country-municipality?post=28668"}],"curies":[{"name":"wp","href":"https:\/\/api.w.org\/{rel}","templated":true}]}}