{"id":28257,"date":"2022-09-09T19:49:00","date_gmt":"2022-09-09T22:49:00","guid":{"rendered":"https:\/\/iberculturaviva.org\/?p=28257"},"modified":"2022-09-14T09:12:45","modified_gmt":"2022-09-14T12:12:45","slug":"occs-de-la-region-de-coquimbo-entregan-propuesta-de-politica-cultural-comunitaria-a-la-ministra-de-las-culturas-de-chile","status":"publish","type":"post","link":"https:\/\/iberculturaviva.org\/es\/occs-de-la-region-de-coquimbo-entregan-propuesta-de-politica-cultural-comunitaria-a-la-ministra-de-las-culturas-de-chile\/","title":{"rendered":"OCCs de la regi\u00f3n de Coquimbo entregan propuesta de pol\u00edtica cultural comunitaria a la ministra de las Culturas de Chile"},"content":{"rendered":"<p style=\"text-align: justify;\"><span style=\"font-weight: 400;\">Integrantes de la Mesa Regional de Organizaciones Culturales Comunitarias (OCC) de Coquimbo, en Chile, entregaron una propuesta de pol\u00edtica cultural comunitaria a la ministra de las Culturas, las Artes y el Patrimonio, Julieta Brodsky Hern\u00e1ndez, el pasado jueves 1 de septiembre, en una reuni\u00f3n realizada en la Biblioteca David Le\u00f3n Tapia de Tongoy, en el cierre de su visita a la regi\u00f3n.\u00a0<\/span><\/p>\n<p style=\"text-align: justify;\"><span style=\"font-weight: 400;\">El documento fue elaborado con el objetivo de aportar un insumo al proceso de creaci\u00f3n del programa Puntos de Cultura, que el Ministerio de las Culturas, las Artes y el Patrimonio pretende implementar en el pa\u00eds a partir de 2023. \u201cEstamos muy entusiasmadas con todo lo que hicimos, fue una intensa agenda que nos permiti\u00f3 conversar con las organizaciones y conocer m\u00e1s sobre lo que se est\u00e1 realizando en la regi\u00f3n\u201d, coment\u00f3 la ministra.<\/span><\/p>\n<p style=\"text-align: justify;\"><span style=\"font-weight: 400;\">Algunas de las personas representantes de las agrupaciones que estaban presentes en la actividad se trasladaron desde distintos puntos de la regi\u00f3n, como<\/span> <a href=\"https:\/\/www.facebook.com\/hashtag\/guanaqueros?__eep__=6&amp;__cft__[0]=AZXYtn_o2gn7gTLxPOCHFGSzk1UrVaicKBWdlCOBuknqelIDCpu7W6O6CZsTG-VbzojhAglV--vNZP_7l--R_s81i6r_mN4_4Z6g3HC68Y6wyJ8sSQHeOUMk760rS4WrqYsEuwqO3vrH6bE0QZrcD4ZKCnYDX3LYNFdHJFv0HrGNng&amp;__tn__=*NK-R\"><span style=\"font-weight: 400;\">Guanaquero<\/span><\/a><span style=\"font-weight: 400;\">s (Coquimbo),<\/span><a href=\"https:\/\/www.facebook.com\/hashtag\/lascompa%C3%B1%C3%ADas?__eep__=6&amp;__cft__[0]=AZXYtn_o2gn7gTLxPOCHFGSzk1UrVaicKBWdlCOBuknqelIDCpu7W6O6CZsTG-VbzojhAglV--vNZP_7l--R_s81i6r_mN4_4Z6g3HC68Y6wyJ8sSQHeOUMk760rS4WrqYsEuwqO3vrH6bE0QZrcD4ZKCnYDX3LYNFdHJFv0HrGNng&amp;__tn__=*NK-R\"><span style=\"font-weight: 400;\"> Las Compa\u00f1\u00eda<\/span><\/a><span style=\"font-weight: 400;\">s (La Serena),<\/span><a href=\"https:\/\/www.facebook.com\/hashtag\/tierrasblancas?__eep__=6&amp;__cft__[0]=AZXYtn_o2gn7gTLxPOCHFGSzk1UrVaicKBWdlCOBuknqelIDCpu7W6O6CZsTG-VbzojhAglV--vNZP_7l--R_s81i6r_mN4_4Z6g3HC68Y6wyJ8sSQHeOUMk760rS4WrqYsEuwqO3vrH6bE0QZrcD4ZKCnYDX3LYNFdHJFv0HrGNng&amp;__tn__=*NK-R\"><span style=\"font-weight: 400;\"> Tierras Blanca<\/span><\/a><span style=\"font-weight: 400;\">s (Coquimbo), Diaguitas<\/span><span style=\"font-weight: 400;\"> (Vicu\u00f1a),<\/span><a href=\"https:\/\/www.facebook.com\/hashtag\/losvilos?__eep__=6&amp;__cft__[0]=AZXYtn_o2gn7gTLxPOCHFGSzk1UrVaicKBWdlCOBuknqelIDCpu7W6O6CZsTG-VbzojhAglV--vNZP_7l--R_s81i6r_mN4_4Z6g3HC68Y6wyJ8sSQHeOUMk760rS4WrqYsEuwqO3vrH6bE0QZrcD4ZKCnYDX3LYNFdHJFv0HrGNng&amp;__tn__=*NK-R\"> <span style=\"font-weight: 400;\">Los Vilo<\/span><\/a><span style=\"font-weight: 400;\">s y<\/span><a href=\"https:\/\/www.facebook.com\/hashtag\/salamanca?__eep__=6&amp;__cft__[0]=AZXYtn_o2gn7gTLxPOCHFGSzk1UrVaicKBWdlCOBuknqelIDCpu7W6O6CZsTG-VbzojhAglV--vNZP_7l--R_s81i6r_mN4_4Z6g3HC68Y6wyJ8sSQHeOUMk760rS4WrqYsEuwqO3vrH6bE0QZrcD4ZKCnYDX3LYNFdHJFv0HrGNng&amp;__tn__=*NK-R\"><span style=\"font-weight: 400;\"> Salamanc<\/span><\/a><span style=\"font-weight: 400;\">a<\/span><span style=\"font-weight: 400;\">, <\/span><span style=\"font-weight: 400;\">para compartir esta conversaci\u00f3n conjunta y hablar de los desaf\u00edos que tienen en relaci\u00f3n al nuevo programa del ministerio.\u00a0<\/span><\/p>\n<div id=\"attachment_28258\" style=\"width: 650px\" class=\"wp-caption aligncenter\"><a href=\"https:\/\/iberculturaviva.org\/wp-content\/uploads\/2022\/09\/coquimbo-mesa.jpg\"><img loading=\"lazy\" decoding=\"async\" aria-describedby=\"caption-attachment-28258\" class=\"wp-image-28258 size-large\" src=\"https:\/\/iberculturaviva.org\/wp-content\/uploads\/2022\/09\/coquimbo-mesa-960x720.jpg\" alt=\"\" width=\"640\" height=\"480\" srcset=\"https:\/\/iberculturaviva.org\/wp-content\/uploads\/2022\/09\/coquimbo-mesa-960x720.jpg 960w, https:\/\/iberculturaviva.org\/wp-content\/uploads\/2022\/09\/coquimbo-mesa-768x576.jpg 768w, https:\/\/iberculturaviva.org\/wp-content\/uploads\/2022\/09\/coquimbo-mesa-1536x1152.jpg 1536w, https:\/\/iberculturaviva.org\/wp-content\/uploads\/2022\/09\/coquimbo-mesa-125x94.jpg 125w, https:\/\/iberculturaviva.org\/wp-content\/uploads\/2022\/09\/coquimbo-mesa-529x397.jpg 529w, https:\/\/iberculturaviva.org\/wp-content\/uploads\/2022\/09\/coquimbo-mesa.jpg 2016w\" sizes=\"auto, (max-width: 640px) 100vw, 640px\" \/><\/a><p id=\"caption-attachment-28258\" class=\"wp-caption-text\">Reuni\u00f3n de la Mesa de OCC de la Regi\u00f3n de Coquimbo con la ministra Julieta Brodsky<\/p><\/div>\n<p>.<\/p>\n<p style=\"text-align: justify;\"><span style=\"font-weight: 400;\">Tania Gonz\u00e1lez, representante del Colectivo de Artes Integradas Literarias (Kail) de Los Vilos, comparti\u00f3 que \u201cla propuesta entregada a la ministra se ha trabajado desde 2017 y cuenta con metodolog\u00edas adecuadas, con la asesor\u00eda de grandes profesionales de la regi\u00f3n en el \u00e1rea de la gesti\u00f3n\u201d. Por su parte, Manuel Zambra, presidente de la Agrupaci\u00f3n David Le\u00f3n Tapia de Tongoy, coment\u00f3 que reunirse con la ministra \u201cfue un privilegio\u201d y un encuentro \u201cmuy emotivo\u201d, una vez que ella fue criada en Tongoy. Tras esta cita, la agrupaci\u00f3n sell\u00f3 de manera oficial su ingreso a la Mesa Regional de Organizaciones Culturales Comunitarias.<\/span><\/p>\n<p>.<\/p>\n<h4><b>Reencuentro presencial<\/b><\/h4>\n<p style=\"text-align: justify;\"><span style=\"font-weight: 400;\">Unos d\u00edas antes, a fines de agosto, la Mesa de Organizaciones Culturales Comunitarias de la Regi\u00f3n de Coquimbo pudo volver a encontrarse de manera presencial, en una jornada marcada por el compa\u00f1erismo, la escucha activa y las experiencias compartidas, tras dos a\u00f1os de distancia debido a la pandemia de Covid-19.\u00a0<\/span><\/p>\n<p style=\"text-align: justify;\"><span style=\"font-weight: 400;\">Este encuentro presencial, que tuvo lugar en la localidad de El Molle (Vicu\u00f1a),\u00a0 fue parte del proyecto asociativo \u201c(Re) Encontrarse: Fortaleciendo a la Mesa Regional OCC Coquimbo\u201d, desarrollado por el programa Red Cultura de la Seremi de las Culturas, las Artes y el Patrimonio de Coquimbo.<\/span><\/p>\n<p style=\"text-align: justify;\"><span style=\"font-weight: 400;\">El encuentro consisti\u00f3 en diversas actividades, como un \u201ctendedero social\u201d, en el que se recopilaron los valores y conceptos que las organizaciones relacionaron con su labor, una din\u00e1mica de levantamiento de informaci\u00f3n y preguntas para conocer el estado actual de las agrupaciones. Adem\u00e1s, hubo una serie de presentaciones en las que las OCCs pudieron compartir c\u00f3mo adecuaron su quehacer durante la pandemia, su trabajo con plataformas digitales y los desaf\u00edos venideros.<\/span><\/p>\n<div id=\"attachment_28262\" style=\"width: 650px\" class=\"wp-caption aligncenter\"><a href=\"https:\/\/iberculturaviva.org\/wp-content\/uploads\/2022\/09\/301711883_442675057886820_3460156405897285658_n.jpg\"><img loading=\"lazy\" decoding=\"async\" aria-describedby=\"caption-attachment-28262\" class=\"wp-image-28262 size-large\" src=\"https:\/\/iberculturaviva.org\/wp-content\/uploads\/2022\/09\/301711883_442675057886820_3460156405897285658_n-960x720.jpg\" alt=\"\" width=\"640\" height=\"480\" srcset=\"https:\/\/iberculturaviva.org\/wp-content\/uploads\/2022\/09\/301711883_442675057886820_3460156405897285658_n-960x720.jpg 960w, https:\/\/iberculturaviva.org\/wp-content\/uploads\/2022\/09\/301711883_442675057886820_3460156405897285658_n-768x576.jpg 768w, https:\/\/iberculturaviva.org\/wp-content\/uploads\/2022\/09\/301711883_442675057886820_3460156405897285658_n-125x94.jpg 125w, https:\/\/iberculturaviva.org\/wp-content\/uploads\/2022\/09\/301711883_442675057886820_3460156405897285658_n-529x397.jpg 529w, https:\/\/iberculturaviva.org\/wp-content\/uploads\/2022\/09\/301711883_442675057886820_3460156405897285658_n.jpg 1440w\" sizes=\"auto, (max-width: 640px) 100vw, 640px\" \/><\/a><p id=\"caption-attachment-28262\" class=\"wp-caption-text\">Encuentro presencial de la Mesa Regional de OCC en El Molle<\/p><\/div>\n<p>.<\/p>\n<p>.<\/p>\n<p><span style=\"font-weight: 400;\">(<strong>Fuente<\/strong>: <\/span><a href=\"https:\/\/www.cultura.gob.cl\/red-cultura\/organizaciones-culturales-comunitarias-de-la-region-entregan-propuesta-sobre-politica-cultural-de-base-a-la-ministra-de-las-culturas\/\" target=\"_blank\" rel=\"noopener noreferrer\"><span style=\"font-weight: 400;\">Ministerio de las Culturas, las Artes y el Patrimonio<\/span><\/a><span style=\"font-weight: 400;\">)<\/span><\/p>\n","protected":false},"excerpt":{"rendered":"<p>Integrantes de la Mesa Regional de Organizaciones Culturales Comunitarias (OCC) de Coquimbo, en Chile, entregaron una propuesta de pol\u00edtica cultural comunitaria a la ministra de las Culturas, las Artes y [&hellip;]<\/p>\n","protected":false},"author":2,"featured_media":28264,"comment_status":"closed","ping_status":"closed","sticky":false,"template":"","format":"standard","meta":{"_coblocks_attr":"","_coblocks_dimensions":"","_coblocks_responsive_height":"","_coblocks_accordion_ie_support":"","_EventAllDay":false,"_EventTimezone":"","_EventStartDate":"","_EventEndDate":"","_EventStartDateUTC":"","_EventEndDateUTC":"","_EventShowMap":false,"_EventShowMapLink":false,"_EventURL":"","_EventCost":"","_EventCostDescription":"","_EventCurrencySymbol":"","_EventCurrencyCode":"","_EventCurrencyPosition":"","_EventDateTimeSeparator":"","_EventTimeRangeSeparator":"","_EventOrganizerID":[],"_EventVenueID":[],"_OrganizerEmail":"","_OrganizerPhone":"","_OrganizerWebsite":"","_VenueAddress":"","_VenueCity":"","_VenueCountry":"","_VenueProvince":"","_VenueState":"","_VenueZip":"","_VenuePhone":"","_VenueURL":"","_VenueStateProvince":"","_VenueLat":"","_VenueLng":"","_VenueShowMap":false,"_VenueShowMapLink":false,"footnotes":""},"categories":[249],"tags":[302,304,335],"country-municipality":[],"class_list":["post-28257","post","type-post","status-publish","format-standard","has-post-thumbnail","hentry","category-sin-categorizar","tag-chile-3","tag-mesa-de-occ","tag-mesa-regional"],"yoast_head":"<!-- This site is optimized with the Yoast SEO plugin v25.7 - https:\/\/yoast.com\/wordpress\/plugins\/seo\/ -->\n<title>OCCs de la regi\u00f3n de Coquimbo entregan propuesta de pol\u00edtica cultural comunitaria a la ministra de las Culturas de Chile - IberCultura Viva<\/title>\n<meta name=\"description\" content=\"OCCs de la regi\u00f3n de Coquimbo entregan propuesta de pol\u00edtica cultural comunitaria a la ministra de las Culturas de Chile - IberCultura Viva\" \/>\n<meta name=\"robots\" content=\"index, follow, max-snippet:-1, max-image-preview:large, max-video-preview:-1\" \/>\n<link rel=\"canonical\" href=\"https:\/\/iberculturaviva.org\/es\/occs-de-la-region-de-coquimbo-entregan-propuesta-de-politica-cultural-comunitaria-a-la-ministra-de-las-culturas-de-chile\/\" \/>\n<meta property=\"og:locale\" content=\"es_ES\" \/>\n<meta property=\"og:type\" content=\"article\" \/>\n<meta property=\"og:title\" content=\"OCCs de la regi\u00f3n de Coquimbo entregan propuesta de pol\u00edtica cultural comunitaria a la ministra de las Culturas de Chile - IberCultura Viva\" \/>\n<meta property=\"og:description\" content=\"OCCs de la regi\u00f3n de Coquimbo entregan propuesta de pol\u00edtica cultural comunitaria a la ministra de las Culturas de Chile - IberCultura Viva\" \/>\n<meta property=\"og:url\" content=\"https:\/\/iberculturaviva.org\/es\/occs-de-la-region-de-coquimbo-entregan-propuesta-de-politica-cultural-comunitaria-a-la-ministra-de-las-culturas-de-chile\/\" \/>\n<meta property=\"og:site_name\" content=\"IberCultura Viva\" \/>\n<meta property=\"article:publisher\" content=\"https:\/\/www.facebook.com\/iberculturaviva\/\" \/>\n<meta property=\"article:published_time\" content=\"2022-09-09T22:49:00+00:00\" \/>\n<meta property=\"article:modified_time\" content=\"2022-09-14T12:12:45+00:00\" \/>\n<meta property=\"og:image\" content=\"https:\/\/iberculturaviva.org\/wp-content\/uploads\/2022\/09\/302001241_442675044553488_5213233313288100045_n.jpg\" \/>\n\t<meta property=\"og:image:width\" content=\"1440\" \/>\n\t<meta property=\"og:image:height\" content=\"1080\" \/>\n\t<meta property=\"og:image:type\" content=\"image\/jpeg\" \/>\n<meta name=\"author\" content=\"IberCultura\" \/>\n<meta name=\"twitter:card\" content=\"summary_large_image\" \/>\n<meta name=\"twitter:label1\" content=\"Escrito por\" \/>\n\t<meta name=\"twitter:data1\" content=\"IberCultura\" \/>\n\t<meta name=\"twitter:label2\" content=\"Tiempo de lectura\" \/>\n\t<meta name=\"twitter:data2\" content=\"4 minutos\" \/>\n<script type=\"application\/ld+json\" class=\"yoast-schema-graph\">{\"@context\":\"https:\/\/schema.org\",\"@graph\":[{\"@type\":\"Article\",\"@id\":\"https:\/\/iberculturaviva.org\/es\/occs-de-la-region-de-coquimbo-entregan-propuesta-de-politica-cultural-comunitaria-a-la-ministra-de-las-culturas-de-chile\/#article\",\"isPartOf\":{\"@id\":\"https:\/\/iberculturaviva.org\/es\/occs-de-la-region-de-coquimbo-entregan-propuesta-de-politica-cultural-comunitaria-a-la-ministra-de-las-culturas-de-chile\/\"},\"author\":{\"name\":\"IberCultura\",\"@id\":\"https:\/\/iberculturaviva.org\/es\/?lang=es\/#\/schema\/person\/5d1313b072cc25536e0431522f740b59\"},\"headline\":\"OCCs de la regi\u00f3n de Coquimbo entregan propuesta de pol\u00edtica cultural comunitaria a la ministra de las Culturas de Chile\",\"datePublished\":\"2022-09-09T22:49:00+00:00\",\"dateModified\":\"2022-09-14T12:12:45+00:00\",\"mainEntityOfPage\":{\"@id\":\"https:\/\/iberculturaviva.org\/es\/occs-de-la-region-de-coquimbo-entregan-propuesta-de-politica-cultural-comunitaria-a-la-ministra-de-las-culturas-de-chile\/\"},\"wordCount\":573,\"publisher\":{\"@id\":\"https:\/\/iberculturaviva.org\/es\/?lang=es\/#organization\"},\"image\":{\"@id\":\"https:\/\/iberculturaviva.org\/es\/occs-de-la-region-de-coquimbo-entregan-propuesta-de-politica-cultural-comunitaria-a-la-ministra-de-las-culturas-de-chile\/#primaryimage\"},\"thumbnailUrl\":\"https:\/\/iberculturaviva.org\/wp-content\/uploads\/2022\/09\/302001241_442675044553488_5213233313288100045_n.jpg\",\"keywords\":[\"Chile\",\"Mesa de OCC\",\"Mesa Regional\"],\"articleSection\":[\"Sin categorizar\"],\"inLanguage\":\"es\"},{\"@type\":\"WebPage\",\"@id\":\"https:\/\/iberculturaviva.org\/es\/occs-de-la-region-de-coquimbo-entregan-propuesta-de-politica-cultural-comunitaria-a-la-ministra-de-las-culturas-de-chile\/\",\"url\":\"https:\/\/iberculturaviva.org\/es\/occs-de-la-region-de-coquimbo-entregan-propuesta-de-politica-cultural-comunitaria-a-la-ministra-de-las-culturas-de-chile\/\",\"name\":\"OCCs de la regi\u00f3n de Coquimbo entregan propuesta de pol\u00edtica cultural comunitaria a la ministra de las Culturas de Chile - IberCultura Viva\",\"isPartOf\":{\"@id\":\"https:\/\/iberculturaviva.org\/es\/?lang=es\/#website\"},\"primaryImageOfPage\":{\"@id\":\"https:\/\/iberculturaviva.org\/es\/occs-de-la-region-de-coquimbo-entregan-propuesta-de-politica-cultural-comunitaria-a-la-ministra-de-las-culturas-de-chile\/#primaryimage\"},\"image\":{\"@id\":\"https:\/\/iberculturaviva.org\/es\/occs-de-la-region-de-coquimbo-entregan-propuesta-de-politica-cultural-comunitaria-a-la-ministra-de-las-culturas-de-chile\/#primaryimage\"},\"thumbnailUrl\":\"https:\/\/iberculturaviva.org\/wp-content\/uploads\/2022\/09\/302001241_442675044553488_5213233313288100045_n.jpg\",\"datePublished\":\"2022-09-09T22:49:00+00:00\",\"dateModified\":\"2022-09-14T12:12:45+00:00\",\"description\":\"OCCs de la regi\u00f3n de Coquimbo entregan propuesta de pol\u00edtica cultural comunitaria a la ministra de las Culturas de Chile - IberCultura Viva\",\"breadcrumb\":{\"@id\":\"https:\/\/iberculturaviva.org\/es\/occs-de-la-region-de-coquimbo-entregan-propuesta-de-politica-cultural-comunitaria-a-la-ministra-de-las-culturas-de-chile\/#breadcrumb\"},\"inLanguage\":\"es\",\"potentialAction\":[{\"@type\":\"ReadAction\",\"target\":[\"https:\/\/iberculturaviva.org\/es\/occs-de-la-region-de-coquimbo-entregan-propuesta-de-politica-cultural-comunitaria-a-la-ministra-de-las-culturas-de-chile\/\"]}]},{\"@type\":\"ImageObject\",\"inLanguage\":\"es\",\"@id\":\"https:\/\/iberculturaviva.org\/es\/occs-de-la-region-de-coquimbo-entregan-propuesta-de-politica-cultural-comunitaria-a-la-ministra-de-las-culturas-de-chile\/#primaryimage\",\"url\":\"https:\/\/iberculturaviva.org\/wp-content\/uploads\/2022\/09\/302001241_442675044553488_5213233313288100045_n.jpg\",\"contentUrl\":\"https:\/\/iberculturaviva.org\/wp-content\/uploads\/2022\/09\/302001241_442675044553488_5213233313288100045_n.jpg\",\"width\":1440,\"height\":1080},{\"@type\":\"BreadcrumbList\",\"@id\":\"https:\/\/iberculturaviva.org\/es\/occs-de-la-region-de-coquimbo-entregan-propuesta-de-politica-cultural-comunitaria-a-la-ministra-de-las-culturas-de-chile\/#breadcrumb\",\"itemListElement\":[{\"@type\":\"ListItem\",\"position\":1,\"name\":\"In\u00edcio\",\"item\":\"https:\/\/iberculturaviva.org\/es\/inicio\/\"},{\"@type\":\"ListItem\",\"position\":2,\"name\":\"OCCs de la regi\u00f3n de Coquimbo entregan propuesta de pol\u00edtica cultural comunitaria a la ministra de las Culturas de Chile\"}]},{\"@type\":\"WebSite\",\"@id\":\"https:\/\/iberculturaviva.org\/es\/?lang=es\/#website\",\"url\":\"https:\/\/iberculturaviva.org\/es\/?lang=es\/\",\"name\":\"IberCultura Viva\",\"description\":\"Programa de cooperaci\u00f3n cultural\",\"publisher\":{\"@id\":\"https:\/\/iberculturaviva.org\/es\/?lang=es\/#organization\"},\"potentialAction\":[{\"@type\":\"SearchAction\",\"target\":{\"@type\":\"EntryPoint\",\"urlTemplate\":\"https:\/\/iberculturaviva.org\/es\/?lang=es\/?s={search_term_string}\"},\"query-input\":{\"@type\":\"PropertyValueSpecification\",\"valueRequired\":true,\"valueName\":\"search_term_string\"}}],\"inLanguage\":\"es\"},{\"@type\":\"Organization\",\"@id\":\"https:\/\/iberculturaviva.org\/es\/?lang=es\/#organization\",\"name\":\"Iberculturaviva\",\"url\":\"https:\/\/iberculturaviva.org\/es\/?lang=es\/\",\"logo\":{\"@type\":\"ImageObject\",\"inLanguage\":\"es\",\"@id\":\"https:\/\/iberculturaviva.org\/es\/?lang=es\/#\/schema\/logo\/image\/\",\"url\":\"https:\/\/iberculturaviva.org\/wp-content\/uploads\/2021\/08\/logo_ibercultura_viva.jpg\",\"contentUrl\":\"https:\/\/iberculturaviva.org\/wp-content\/uploads\/2021\/08\/logo_ibercultura_viva.jpg\",\"width\":708,\"height\":223,\"caption\":\"Iberculturaviva\"},\"image\":{\"@id\":\"https:\/\/iberculturaviva.org\/es\/?lang=es\/#\/schema\/logo\/image\/\"},\"sameAs\":[\"https:\/\/www.facebook.com\/iberculturaviva\/\",\"https:\/\/www.instagram.com\/iberculturaviva\/\",\"https:\/\/www.youtube.com\/iberculturaviva\"]},{\"@type\":\"Person\",\"@id\":\"https:\/\/iberculturaviva.org\/es\/?lang=es\/#\/schema\/person\/5d1313b072cc25536e0431522f740b59\",\"name\":\"IberCultura\",\"image\":{\"@type\":\"ImageObject\",\"inLanguage\":\"es\",\"@id\":\"https:\/\/iberculturaviva.org\/es\/?lang=es\/#\/schema\/person\/image\/\",\"url\":\"https:\/\/secure.gravatar.com\/avatar\/79f1a057cb125cbefb3765d0356d52fc7f3bba3a35e2cf22bc4de090bb7aef70?s=96&d=mm&r=g\",\"contentUrl\":\"https:\/\/secure.gravatar.com\/avatar\/79f1a057cb125cbefb3765d0356d52fc7f3bba3a35e2cf22bc4de090bb7aef70?s=96&d=mm&r=g\",\"caption\":\"IberCultura\"}}]}<\/script>\n<!-- \/ Yoast SEO plugin. -->","yoast_head_json":{"title":"OCCs de la regi\u00f3n de Coquimbo entregan propuesta de pol\u00edtica cultural comunitaria a la ministra de las Culturas de Chile - IberCultura Viva","description":"OCCs de la regi\u00f3n de Coquimbo entregan propuesta de pol\u00edtica cultural comunitaria a la ministra de las Culturas de Chile - IberCultura Viva","robots":{"index":"index","follow":"follow","max-snippet":"max-snippet:-1","max-image-preview":"max-image-preview:large","max-video-preview":"max-video-preview:-1"},"canonical":"https:\/\/iberculturaviva.org\/es\/occs-de-la-region-de-coquimbo-entregan-propuesta-de-politica-cultural-comunitaria-a-la-ministra-de-las-culturas-de-chile\/","og_locale":"es_ES","og_type":"article","og_title":"OCCs de la regi\u00f3n de Coquimbo entregan propuesta de pol\u00edtica cultural comunitaria a la ministra de las Culturas de Chile - IberCultura Viva","og_description":"OCCs de la regi\u00f3n de Coquimbo entregan propuesta de pol\u00edtica cultural comunitaria a la ministra de las Culturas de Chile - IberCultura Viva","og_url":"https:\/\/iberculturaviva.org\/es\/occs-de-la-region-de-coquimbo-entregan-propuesta-de-politica-cultural-comunitaria-a-la-ministra-de-las-culturas-de-chile\/","og_site_name":"IberCultura Viva","article_publisher":"https:\/\/www.facebook.com\/iberculturaviva\/","article_published_time":"2022-09-09T22:49:00+00:00","article_modified_time":"2022-09-14T12:12:45+00:00","og_image":[{"width":1440,"height":1080,"url":"https:\/\/iberculturaviva.org\/wp-content\/uploads\/2022\/09\/302001241_442675044553488_5213233313288100045_n.jpg","type":"image\/jpeg"}],"author":"IberCultura","twitter_card":"summary_large_image","twitter_misc":{"Escrito por":"IberCultura","Tiempo de lectura":"4 minutos"},"schema":{"@context":"https:\/\/schema.org","@graph":[{"@type":"Article","@id":"https:\/\/iberculturaviva.org\/es\/occs-de-la-region-de-coquimbo-entregan-propuesta-de-politica-cultural-comunitaria-a-la-ministra-de-las-culturas-de-chile\/#article","isPartOf":{"@id":"https:\/\/iberculturaviva.org\/es\/occs-de-la-region-de-coquimbo-entregan-propuesta-de-politica-cultural-comunitaria-a-la-ministra-de-las-culturas-de-chile\/"},"author":{"name":"IberCultura","@id":"https:\/\/iberculturaviva.org\/es\/?lang=es\/#\/schema\/person\/5d1313b072cc25536e0431522f740b59"},"headline":"OCCs de la regi\u00f3n de Coquimbo entregan propuesta de pol\u00edtica cultural comunitaria a la ministra de las Culturas de Chile","datePublished":"2022-09-09T22:49:00+00:00","dateModified":"2022-09-14T12:12:45+00:00","mainEntityOfPage":{"@id":"https:\/\/iberculturaviva.org\/es\/occs-de-la-region-de-coquimbo-entregan-propuesta-de-politica-cultural-comunitaria-a-la-ministra-de-las-culturas-de-chile\/"},"wordCount":573,"publisher":{"@id":"https:\/\/iberculturaviva.org\/es\/?lang=es\/#organization"},"image":{"@id":"https:\/\/iberculturaviva.org\/es\/occs-de-la-region-de-coquimbo-entregan-propuesta-de-politica-cultural-comunitaria-a-la-ministra-de-las-culturas-de-chile\/#primaryimage"},"thumbnailUrl":"https:\/\/iberculturaviva.org\/wp-content\/uploads\/2022\/09\/302001241_442675044553488_5213233313288100045_n.jpg","keywords":["Chile","Mesa de OCC","Mesa Regional"],"articleSection":["Sin categorizar"],"inLanguage":"es"},{"@type":"WebPage","@id":"https:\/\/iberculturaviva.org\/es\/occs-de-la-region-de-coquimbo-entregan-propuesta-de-politica-cultural-comunitaria-a-la-ministra-de-las-culturas-de-chile\/","url":"https:\/\/iberculturaviva.org\/es\/occs-de-la-region-de-coquimbo-entregan-propuesta-de-politica-cultural-comunitaria-a-la-ministra-de-las-culturas-de-chile\/","name":"OCCs de la regi\u00f3n de Coquimbo entregan propuesta de pol\u00edtica cultural comunitaria a la ministra de las Culturas de Chile - IberCultura Viva","isPartOf":{"@id":"https:\/\/iberculturaviva.org\/es\/?lang=es\/#website"},"primaryImageOfPage":{"@id":"https:\/\/iberculturaviva.org\/es\/occs-de-la-region-de-coquimbo-entregan-propuesta-de-politica-cultural-comunitaria-a-la-ministra-de-las-culturas-de-chile\/#primaryimage"},"image":{"@id":"https:\/\/iberculturaviva.org\/es\/occs-de-la-region-de-coquimbo-entregan-propuesta-de-politica-cultural-comunitaria-a-la-ministra-de-las-culturas-de-chile\/#primaryimage"},"thumbnailUrl":"https:\/\/iberculturaviva.org\/wp-content\/uploads\/2022\/09\/302001241_442675044553488_5213233313288100045_n.jpg","datePublished":"2022-09-09T22:49:00+00:00","dateModified":"2022-09-14T12:12:45+00:00","description":"OCCs de la regi\u00f3n de Coquimbo entregan propuesta de pol\u00edtica cultural comunitaria a la ministra de las Culturas de Chile - IberCultura Viva","breadcrumb":{"@id":"https:\/\/iberculturaviva.org\/es\/occs-de-la-region-de-coquimbo-entregan-propuesta-de-politica-cultural-comunitaria-a-la-ministra-de-las-culturas-de-chile\/#breadcrumb"},"inLanguage":"es","potentialAction":[{"@type":"ReadAction","target":["https:\/\/iberculturaviva.org\/es\/occs-de-la-region-de-coquimbo-entregan-propuesta-de-politica-cultural-comunitaria-a-la-ministra-de-las-culturas-de-chile\/"]}]},{"@type":"ImageObject","inLanguage":"es","@id":"https:\/\/iberculturaviva.org\/es\/occs-de-la-region-de-coquimbo-entregan-propuesta-de-politica-cultural-comunitaria-a-la-ministra-de-las-culturas-de-chile\/#primaryimage","url":"https:\/\/iberculturaviva.org\/wp-content\/uploads\/2022\/09\/302001241_442675044553488_5213233313288100045_n.jpg","contentUrl":"https:\/\/iberculturaviva.org\/wp-content\/uploads\/2022\/09\/302001241_442675044553488_5213233313288100045_n.jpg","width":1440,"height":1080},{"@type":"BreadcrumbList","@id":"https:\/\/iberculturaviva.org\/es\/occs-de-la-region-de-coquimbo-entregan-propuesta-de-politica-cultural-comunitaria-a-la-ministra-de-las-culturas-de-chile\/#breadcrumb","itemListElement":[{"@type":"ListItem","position":1,"name":"In\u00edcio","item":"https:\/\/iberculturaviva.org\/es\/inicio\/"},{"@type":"ListItem","position":2,"name":"OCCs de la regi\u00f3n de Coquimbo entregan propuesta de pol\u00edtica cultural comunitaria a la ministra de las Culturas de Chile"}]},{"@type":"WebSite","@id":"https:\/\/iberculturaviva.org\/es\/?lang=es\/#website","url":"https:\/\/iberculturaviva.org\/es\/?lang=es\/","name":"IberCultura Viva","description":"Programa de cooperaci\u00f3n cultural","publisher":{"@id":"https:\/\/iberculturaviva.org\/es\/?lang=es\/#organization"},"potentialAction":[{"@type":"SearchAction","target":{"@type":"EntryPoint","urlTemplate":"https:\/\/iberculturaviva.org\/es\/?lang=es\/?s={search_term_string}"},"query-input":{"@type":"PropertyValueSpecification","valueRequired":true,"valueName":"search_term_string"}}],"inLanguage":"es"},{"@type":"Organization","@id":"https:\/\/iberculturaviva.org\/es\/?lang=es\/#organization","name":"Iberculturaviva","url":"https:\/\/iberculturaviva.org\/es\/?lang=es\/","logo":{"@type":"ImageObject","inLanguage":"es","@id":"https:\/\/iberculturaviva.org\/es\/?lang=es\/#\/schema\/logo\/image\/","url":"https:\/\/iberculturaviva.org\/wp-content\/uploads\/2021\/08\/logo_ibercultura_viva.jpg","contentUrl":"https:\/\/iberculturaviva.org\/wp-content\/uploads\/2021\/08\/logo_ibercultura_viva.jpg","width":708,"height":223,"caption":"Iberculturaviva"},"image":{"@id":"https:\/\/iberculturaviva.org\/es\/?lang=es\/#\/schema\/logo\/image\/"},"sameAs":["https:\/\/www.facebook.com\/iberculturaviva\/","https:\/\/www.instagram.com\/iberculturaviva\/","https:\/\/www.youtube.com\/iberculturaviva"]},{"@type":"Person","@id":"https:\/\/iberculturaviva.org\/es\/?lang=es\/#\/schema\/person\/5d1313b072cc25536e0431522f740b59","name":"IberCultura","image":{"@type":"ImageObject","inLanguage":"es","@id":"https:\/\/iberculturaviva.org\/es\/?lang=es\/#\/schema\/person\/image\/","url":"https:\/\/secure.gravatar.com\/avatar\/79f1a057cb125cbefb3765d0356d52fc7f3bba3a35e2cf22bc4de090bb7aef70?s=96&d=mm&r=g","contentUrl":"https:\/\/secure.gravatar.com\/avatar\/79f1a057cb125cbefb3765d0356d52fc7f3bba3a35e2cf22bc4de090bb7aef70?s=96&d=mm&r=g","caption":"IberCultura"}}]}},"main_category":{"link":"https:\/\/iberculturaviva.org\/es\/category\/sin-categorizar\/","name":"Sin categorizar","slug":"sin-categorizar"},"_links":{"self":[{"href":"https:\/\/iberculturaviva.org\/es\/wp-json\/wp\/v2\/posts\/28257","targetHints":{"allow":["GET"]}}],"collection":[{"href":"https:\/\/iberculturaviva.org\/es\/wp-json\/wp\/v2\/posts"}],"about":[{"href":"https:\/\/iberculturaviva.org\/es\/wp-json\/wp\/v2\/types\/post"}],"author":[{"embeddable":true,"href":"https:\/\/iberculturaviva.org\/es\/wp-json\/wp\/v2\/users\/2"}],"replies":[{"embeddable":true,"href":"https:\/\/iberculturaviva.org\/es\/wp-json\/wp\/v2\/comments?post=28257"}],"version-history":[{"count":4,"href":"https:\/\/iberculturaviva.org\/es\/wp-json\/wp\/v2\/posts\/28257\/revisions"}],"predecessor-version":[{"id":28271,"href":"https:\/\/iberculturaviva.org\/es\/wp-json\/wp\/v2\/posts\/28257\/revisions\/28271"}],"wp:featuredmedia":[{"embeddable":true,"href":"https:\/\/iberculturaviva.org\/es\/wp-json\/wp\/v2\/media\/28264"}],"wp:attachment":[{"href":"https:\/\/iberculturaviva.org\/es\/wp-json\/wp\/v2\/media?parent=28257"}],"wp:term":[{"taxonomy":"category","embeddable":true,"href":"https:\/\/iberculturaviva.org\/es\/wp-json\/wp\/v2\/categories?post=28257"},{"taxonomy":"post_tag","embeddable":true,"href":"https:\/\/iberculturaviva.org\/es\/wp-json\/wp\/v2\/tags?post=28257"},{"taxonomy":"country-municipality","embeddable":true,"href":"https:\/\/iberculturaviva.org\/es\/wp-json\/wp\/v2\/country-municipality?post=28257"}],"curies":[{"name":"wp","href":"https:\/\/api.w.org\/{rel}","templated":true}]}}