{"id":27629,"date":"2022-06-13T14:33:09","date_gmt":"2022-06-13T17:33:09","guid":{"rendered":"https:\/\/iberculturaviva.org\/?p=27629"},"modified":"2022-06-20T13:17:21","modified_gmt":"2022-06-20T16:17:21","slug":"ministerio-de-cultura-y-deporte-de-espana-abre-convocatoria-de-proyectos-para-el-viii-encuentro-cultura-y-ciudadania","status":"publish","type":"post","link":"https:\/\/iberculturaviva.org\/es\/ministerio-de-cultura-y-deporte-de-espana-abre-convocatoria-de-proyectos-para-el-viii-encuentro-cultura-y-ciudadania\/","title":{"rendered":"Ministerio de Cultura y Deporte de Espa\u00f1a abre convocatoria de proyectos para el VIII Encuentro Cultura y Ciudadan\u00eda"},"content":{"rendered":"<p style=\"text-align: justify;\"><span style=\"font-weight: 400;\"><a href=\"https:\/\/iberculturaviva.org\/wp-content\/uploads\/2022\/06\/287508612_3226355947601802_937864114311159168_n.jpg\"><img loading=\"lazy\" decoding=\"async\" class=\"alignright wp-image-27633 \" src=\"https:\/\/iberculturaviva.org\/wp-content\/uploads\/2022\/06\/287508612_3226355947601802_937864114311159168_n-960x960.jpg\" alt=\"\" width=\"200\" height=\"200\" srcset=\"https:\/\/iberculturaviva.org\/wp-content\/uploads\/2022\/06\/287508612_3226355947601802_937864114311159168_n-960x960.jpg 960w, https:\/\/iberculturaviva.org\/wp-content\/uploads\/2022\/06\/287508612_3226355947601802_937864114311159168_n-150x150.jpg 150w, https:\/\/iberculturaviva.org\/wp-content\/uploads\/2022\/06\/287508612_3226355947601802_937864114311159168_n-768x768.jpg 768w, https:\/\/iberculturaviva.org\/wp-content\/uploads\/2022\/06\/287508612_3226355947601802_937864114311159168_n-50x50.jpg 50w, https:\/\/iberculturaviva.org\/wp-content\/uploads\/2022\/06\/287508612_3226355947601802_937864114311159168_n-125x125.jpg 125w, https:\/\/iberculturaviva.org\/wp-content\/uploads\/2022\/06\/287508612_3226355947601802_937864114311159168_n-56x56.jpg 56w, https:\/\/iberculturaviva.org\/wp-content\/uploads\/2022\/06\/287508612_3226355947601802_937864114311159168_n-529x529.jpg 529w, https:\/\/iberculturaviva.org\/wp-content\/uploads\/2022\/06\/287508612_3226355947601802_937864114311159168_n-250x250.jpg 250w, https:\/\/iberculturaviva.org\/wp-content\/uploads\/2022\/06\/287508612_3226355947601802_937864114311159168_n-40x40.jpg 40w, https:\/\/iberculturaviva.org\/wp-content\/uploads\/2022\/06\/287508612_3226355947601802_937864114311159168_n.jpg 1080w\" sizes=\"auto, (max-width: 200px) 100vw, 200px\" \/><\/a>Est\u00e1 abierta hasta el 23 de junio la<\/span><span style=\"font-weight: 400;\"> convocatoria de proyectos para el VIII Encuentro Cultura y Ciudadan\u00eda, que <\/span><span style=\"font-weight: 400;\">se celebrar\u00e1 del 26 al 28 de octubre de 2022 en el Centro Magallanes de Sevilla (Espa\u00f1a). Esta octava edici\u00f3n del encuentro pretende ser una reflexi\u00f3n acerca de la cuesti\u00f3n racial, la presencia de las minor\u00edas en la cultura y el papel de instituciones y sectores culturales en este contexto.\u00a0<\/span><\/p>\n<p style=\"text-align: justify;\"><span style=\"font-weight: 400;\">Iniciativas y proyectos que est\u00e9n alineados con la tem\u00e1tica y los conceptos clave del evento ser\u00e1n seleccionados en esta llamada p\u00fablica, que por primera vez se abre a personas, colectivos, asociaciones y entidades p\u00fablicas o privadas de todos los pa\u00edses iberoamericanos, adem\u00e1s de Francia. (Los proyectos de Latinoam\u00e9rica seleccionados ser\u00e1n presentados en remoto, pero existe la posibilidad de realizar alguna excepci\u00f3n y acordar con el interesado la presencia in situ).<\/span><\/p>\n<p style=\"text-align: justify;\"><span style=\"font-weight: 400;\">El VIII Encuentro Cultura y Ciudadan\u00eda es una iniciativa de la Direcci\u00f3n General de Industrias Culturales, Propiedad Intelectual y Cooperaci\u00f3n del Ministerio de Cultura y Deporte de Espa\u00f1a, a trav\u00e9s de la Subdirecci\u00f3n General de Cooperaci\u00f3n Cultural con las Comunidades Aut\u00f3nomas.\u00a0<\/span><\/p>\n<p style=\"text-align: justify;\">.<\/p>\n<h4 style=\"text-align: justify;\"><strong>Tem\u00e1tica del encuentro<\/strong><\/h4>\n<p style=\"text-align: justify;\">\n<p style=\"text-align: justify;\"><span style=\"font-weight: 400;\"><a href=\"https:\/\/iberculturaviva.org\/wp-content\/uploads\/2022\/06\/286544848_3223393464564717_7429429281519605327_n.jpg\"><img loading=\"lazy\" decoding=\"async\" class=\"alignright wp-image-27630 \" src=\"https:\/\/iberculturaviva.org\/wp-content\/uploads\/2022\/06\/286544848_3223393464564717_7429429281519605327_n-960x960.jpg\" alt=\"\" width=\"200\" height=\"200\" srcset=\"https:\/\/iberculturaviva.org\/wp-content\/uploads\/2022\/06\/286544848_3223393464564717_7429429281519605327_n-960x960.jpg 960w, https:\/\/iberculturaviva.org\/wp-content\/uploads\/2022\/06\/286544848_3223393464564717_7429429281519605327_n-150x150.jpg 150w, https:\/\/iberculturaviva.org\/wp-content\/uploads\/2022\/06\/286544848_3223393464564717_7429429281519605327_n-768x768.jpg 768w, https:\/\/iberculturaviva.org\/wp-content\/uploads\/2022\/06\/286544848_3223393464564717_7429429281519605327_n-50x50.jpg 50w, https:\/\/iberculturaviva.org\/wp-content\/uploads\/2022\/06\/286544848_3223393464564717_7429429281519605327_n-125x125.jpg 125w, https:\/\/iberculturaviva.org\/wp-content\/uploads\/2022\/06\/286544848_3223393464564717_7429429281519605327_n-56x56.jpg 56w, https:\/\/iberculturaviva.org\/wp-content\/uploads\/2022\/06\/286544848_3223393464564717_7429429281519605327_n-529x529.jpg 529w, https:\/\/iberculturaviva.org\/wp-content\/uploads\/2022\/06\/286544848_3223393464564717_7429429281519605327_n-250x250.jpg 250w, https:\/\/iberculturaviva.org\/wp-content\/uploads\/2022\/06\/286544848_3223393464564717_7429429281519605327_n-40x40.jpg 40w, https:\/\/iberculturaviva.org\/wp-content\/uploads\/2022\/06\/286544848_3223393464564717_7429429281519605327_n.jpg 1080w\" sizes=\"auto, (max-width: 200px) 100vw, 200px\" \/><\/a>Esta edici\u00f3n se articular\u00e1 en torno a un glosario de conceptos a partir de los cuales explorar de manera colectiva un escenario en el que variables que parten de lo que se entiende como raza, nacionalidad o identidad no supongan una barrera a la hora de ejercer los derechos culturales. Ser\u00e1n problematizados conceptos como raza, diversidad, identidad, decolonialidad o interculturalidad, en la b\u00fasqueda de pr\u00e1cticas y narrativas culturales transformadoras que ayuden a identificar escenarios alternativos y deseables.<\/span><\/p>\n<p style=\"text-align: justify;\"><span style=\"font-weight: 400;\">Son muchas las cuestiones a abordar, desde el propio uso del lenguaje. \u00bfEl sistema cultural reproduce y consolida la desigualdad social que sufren las minor\u00edas? \u00bfCu\u00e1les son las exclusiones que provoca el sistema, c\u00f3mo atajarlas? \u00bfQu\u00e9 significa el concepto de personas racializadas? \u00bfD\u00f3nde est\u00e1n en el sector cultural? \u00bfQu\u00e9 entendemos por diversidad, multiculturalidad o interculturalidad? \u00bfQu\u00e9 significa descolonizar una instituci\u00f3n, un relato o un proceso cultural? \u00bfDesde d\u00f3nde construir nuevos espacios de cohabitabilidad?<\/span><\/p>\n<h4 style=\"text-align: justify;\">.<\/h4>\n<p><strong>Selecci\u00f3n de proyectos<\/strong><\/p>\n<p style=\"text-align: justify;\"><span style=\"font-weight: 400;\"><a href=\"https:\/\/iberculturaviva.org\/wp-content\/uploads\/2022\/06\/288322870_3229252363978827_4936429925557555030_n.jpg\"><img loading=\"lazy\" decoding=\"async\" class=\" wp-image-27644 alignright\" src=\"https:\/\/iberculturaviva.org\/wp-content\/uploads\/2022\/06\/288322870_3229252363978827_4936429925557555030_n-960x960.jpg\" alt=\"\" width=\"200\" height=\"200\" srcset=\"https:\/\/iberculturaviva.org\/wp-content\/uploads\/2022\/06\/288322870_3229252363978827_4936429925557555030_n-960x960.jpg 960w, https:\/\/iberculturaviva.org\/wp-content\/uploads\/2022\/06\/288322870_3229252363978827_4936429925557555030_n-150x150.jpg 150w, https:\/\/iberculturaviva.org\/wp-content\/uploads\/2022\/06\/288322870_3229252363978827_4936429925557555030_n-768x768.jpg 768w, https:\/\/iberculturaviva.org\/wp-content\/uploads\/2022\/06\/288322870_3229252363978827_4936429925557555030_n-50x50.jpg 50w, https:\/\/iberculturaviva.org\/wp-content\/uploads\/2022\/06\/288322870_3229252363978827_4936429925557555030_n-125x125.jpg 125w, https:\/\/iberculturaviva.org\/wp-content\/uploads\/2022\/06\/288322870_3229252363978827_4936429925557555030_n-56x56.jpg 56w, https:\/\/iberculturaviva.org\/wp-content\/uploads\/2022\/06\/288322870_3229252363978827_4936429925557555030_n-529x529.jpg 529w, https:\/\/iberculturaviva.org\/wp-content\/uploads\/2022\/06\/288322870_3229252363978827_4936429925557555030_n-250x250.jpg 250w, https:\/\/iberculturaviva.org\/wp-content\/uploads\/2022\/06\/288322870_3229252363978827_4936429925557555030_n-40x40.jpg 40w, https:\/\/iberculturaviva.org\/wp-content\/uploads\/2022\/06\/288322870_3229252363978827_4936429925557555030_n.jpg 1080w\" sizes=\"auto, (max-width: 200px) 100vw, 200px\" \/><\/a>La publicaci\u00f3n de los proyectos seleccionados se realizar\u00e1 en la p\u00e1gina web de <\/span><a href=\"https:\/\/culturayciudadania.culturaydeporte.gob.es\/inicio.html\" target=\"_blank\" rel=\"noopener noreferrer\"><span style=\"font-weight: 400;\">Cultura y Ciudadan\u00eda<\/span><\/a><span style=\"font-weight: 400;\"> a partir del 1 de julio. El comit\u00e9 asesor del encuentro, junto con los responsables del Ministerio de Cultura y Deporte, seleccionar\u00e1n aquellos proyectos que consideren de mayor inter\u00e9s de acuerdo con la tem\u00e1tica y conceptos clave de esta edici\u00f3n y la naturaleza, objetivos y l\u00edneas program\u00e1ticas del programa Cultura y Ciudadan\u00eda, garantizando asimismo el adecuado equilibrio territorial.<\/span><\/p>\n<p style=\"text-align: justify;\"><span style=\"font-weight: 400;\">La presentaci\u00f3n de proyectos se plantear\u00e1 en dos formatos: presentaci\u00f3n oral y presencia en el Espacio de Exposici\u00f3n y Networking. Para el formato oral se seleccionar\u00e1n hasta 15 proyectos, que ser\u00e1n presentados por sus responsables durante el encuentro, de manera presencial o virtual, en un panel colectivo con intervenciones de 10 a 15 minutos cada uno. Los proyectos procedentes de pa\u00edses iberoamericanos, excluido Portugal, solo podr\u00e1n tener acceso a esta modalidad.\u00a0<\/span><\/p>\n<p style=\"text-align: justify;\"><span style=\"font-weight: 400;\">Para el espacio de exposici\u00f3n ser\u00e1n seleccionados hasta 20 proyectos, de preferencia\u00a0 aquellos de car\u00e1cter independiente que est\u00e9n en proceso de desarrollo, crecimiento y\/o consolidaci\u00f3n. La organizaci\u00f3n se har\u00e1 cargo de los gastos de viaje y alojamiento durante dos o tres noches de un responsable de cada proyecto seleccionado (s\u00f3lo para proyectos de Portugal, Francia y Espa\u00f1a). En el caso de que un proyecto sea elegido para ambas modalidades, la organizaci\u00f3n se reserva la posibilidad de cubrir los gastos de un segundo responsable.<\/span><\/p>\n<p>.<\/p>\n<p><em>(*) Texto actualizado el 20\/06\/2022 tras la prorrogaci\u00f3n del plazo de presentaci\u00f3n de proyectos<\/em><\/p>\n<p style=\"text-align: justify;\">.<\/p>\n<p style=\"text-align: justify;\"><strong>M\u00e1s informaci\u00f3n:<\/strong><\/p>\n<p style=\"text-align: justify;\"><a href=\"https:\/\/culturayciudadania.culturaydeporte.gob.es\/encuentro-cultura-ciudadania.html\" target=\"_blank\" rel=\"noopener noreferrer\"><span style=\"font-weight: 400;\">https:\/\/culturayciudadania.culturaydeporte.gob.es\/encuentro-cultura-ciudadania.html<\/span><\/a><\/p>\n<p style=\"text-align: justify;\">.<\/p>\n<p><span style=\"font-weight: 400;\">(<strong>Fuente<\/strong>: <\/span><a href=\"https:\/\/culturayciudadania.culturaydeporte.gob.es\/encuentro-cultura-ciudadania.html\" target=\"_blank\" rel=\"noopener noreferrer\"><span style=\"font-weight: 400;\">Ministerio de Cultura y Deporte<\/span><\/a><span style=\"font-weight: 400;\">)<\/span><\/p>\n","protected":false},"excerpt":{"rendered":"<p>Est\u00e1 abierta hasta el 23 de junio la convocatoria de proyectos para el VIII Encuentro Cultura y Ciudadan\u00eda, que se celebrar\u00e1 del 26 al 28 de octubre de 2022 en [&hellip;]<\/p>\n","protected":false},"author":2,"featured_media":0,"comment_status":"closed","ping_status":"closed","sticky":false,"template":"","format":"standard","meta":{"_coblocks_attr":"","_coblocks_dimensions":"","_coblocks_responsive_height":"","_coblocks_accordion_ie_support":"","_EventAllDay":false,"_EventTimezone":"","_EventStartDate":"","_EventEndDate":"","_EventStartDateUTC":"","_EventEndDateUTC":"","_EventShowMap":false,"_EventShowMapLink":false,"_EventURL":"","_EventCost":"","_EventCostDescription":"","_EventCurrencySymbol":"","_EventCurrencyCode":"","_EventCurrencyPosition":"","_EventDateTimeSeparator":"","_EventTimeRangeSeparator":"","_EventOrganizerID":[],"_EventVenueID":[],"_OrganizerEmail":"","_OrganizerPhone":"","_OrganizerWebsite":"","_VenueAddress":"","_VenueCity":"","_VenueCountry":"","_VenueProvince":"","_VenueState":"","_VenueZip":"","_VenuePhone":"","_VenueURL":"","_VenueStateProvince":"","_VenueLat":"","_VenueLng":"","_VenueShowMap":false,"_VenueShowMapLink":false,"footnotes":""},"categories":[262],"tags":[],"country-municipality":[],"class_list":["post-27629","post","type-post","status-publish","format-standard","hentry","category-noticias-es"],"yoast_head":"<!-- This site is optimized with the Yoast SEO plugin v25.7 - https:\/\/yoast.com\/wordpress\/plugins\/seo\/ -->\n<title>Ministerio de Cultura y Deporte de Espa\u00f1a abre convocatoria de proyectos para el VIII Encuentro Cultura y Ciudadan\u00eda - IberCultura Viva<\/title>\n<meta name=\"description\" content=\"Ministerio de Cultura y Deporte de Espa\u00f1a abre convocatoria de proyectos para el VIII Encuentro Cultura y Ciudadan\u00eda - IberCultura Viva\" \/>\n<meta name=\"robots\" content=\"index, follow, max-snippet:-1, max-image-preview:large, max-video-preview:-1\" \/>\n<link rel=\"canonical\" href=\"https:\/\/iberculturaviva.org\/es\/ministerio-de-cultura-y-deporte-de-espana-abre-convocatoria-de-proyectos-para-el-viii-encuentro-cultura-y-ciudadania\/\" \/>\n<meta property=\"og:locale\" content=\"es_ES\" \/>\n<meta property=\"og:type\" content=\"article\" \/>\n<meta property=\"og:title\" content=\"Ministerio de Cultura y Deporte de Espa\u00f1a abre convocatoria de proyectos para el VIII Encuentro Cultura y Ciudadan\u00eda - IberCultura Viva\" \/>\n<meta property=\"og:description\" content=\"Ministerio de Cultura y Deporte de Espa\u00f1a abre convocatoria de proyectos para el VIII Encuentro Cultura y Ciudadan\u00eda - IberCultura Viva\" \/>\n<meta property=\"og:url\" content=\"https:\/\/iberculturaviva.org\/es\/ministerio-de-cultura-y-deporte-de-espana-abre-convocatoria-de-proyectos-para-el-viii-encuentro-cultura-y-ciudadania\/\" \/>\n<meta property=\"og:site_name\" content=\"IberCultura Viva\" \/>\n<meta property=\"article:publisher\" content=\"https:\/\/www.facebook.com\/iberculturaviva\/\" \/>\n<meta property=\"article:published_time\" content=\"2022-06-13T17:33:09+00:00\" \/>\n<meta property=\"article:modified_time\" content=\"2022-06-20T16:17:21+00:00\" \/>\n<meta property=\"og:image\" content=\"https:\/\/iberculturaviva.org\/wp-content\/uploads\/2022\/06\/287508612_3226355947601802_937864114311159168_n-960x960.jpg\" \/>\n<meta name=\"author\" content=\"IberCultura\" \/>\n<meta name=\"twitter:card\" content=\"summary_large_image\" \/>\n<meta name=\"twitter:label1\" content=\"Escrito por\" \/>\n\t<meta name=\"twitter:data1\" content=\"IberCultura\" \/>\n\t<meta name=\"twitter:label2\" content=\"Tiempo de lectura\" \/>\n\t<meta name=\"twitter:data2\" content=\"4 minutos\" \/>\n<script type=\"application\/ld+json\" class=\"yoast-schema-graph\">{\"@context\":\"https:\/\/schema.org\",\"@graph\":[{\"@type\":\"Article\",\"@id\":\"https:\/\/iberculturaviva.org\/es\/ministerio-de-cultura-y-deporte-de-espana-abre-convocatoria-de-proyectos-para-el-viii-encuentro-cultura-y-ciudadania\/#article\",\"isPartOf\":{\"@id\":\"https:\/\/iberculturaviva.org\/es\/ministerio-de-cultura-y-deporte-de-espana-abre-convocatoria-de-proyectos-para-el-viii-encuentro-cultura-y-ciudadania\/\"},\"author\":{\"name\":\"IberCultura\",\"@id\":\"https:\/\/iberculturaviva.org\/es\/?lang=es\/#\/schema\/person\/5d1313b072cc25536e0431522f740b59\"},\"headline\":\"Ministerio de Cultura y Deporte de Espa\u00f1a abre convocatoria de proyectos para el VIII Encuentro Cultura y Ciudadan\u00eda\",\"datePublished\":\"2022-06-13T17:33:09+00:00\",\"dateModified\":\"2022-06-20T16:17:21+00:00\",\"mainEntityOfPage\":{\"@id\":\"https:\/\/iberculturaviva.org\/es\/ministerio-de-cultura-y-deporte-de-espana-abre-convocatoria-de-proyectos-para-el-viii-encuentro-cultura-y-ciudadania\/\"},\"wordCount\":670,\"publisher\":{\"@id\":\"https:\/\/iberculturaviva.org\/es\/?lang=es\/#organization\"},\"image\":{\"@id\":\"https:\/\/iberculturaviva.org\/es\/ministerio-de-cultura-y-deporte-de-espana-abre-convocatoria-de-proyectos-para-el-viii-encuentro-cultura-y-ciudadania\/#primaryimage\"},\"thumbnailUrl\":\"https:\/\/iberculturaviva.org\/wp-content\/uploads\/2022\/06\/287508612_3226355947601802_937864114311159168_n-960x960.jpg\",\"articleSection\":[\"Noticias\"],\"inLanguage\":\"es\"},{\"@type\":\"WebPage\",\"@id\":\"https:\/\/iberculturaviva.org\/es\/ministerio-de-cultura-y-deporte-de-espana-abre-convocatoria-de-proyectos-para-el-viii-encuentro-cultura-y-ciudadania\/\",\"url\":\"https:\/\/iberculturaviva.org\/es\/ministerio-de-cultura-y-deporte-de-espana-abre-convocatoria-de-proyectos-para-el-viii-encuentro-cultura-y-ciudadania\/\",\"name\":\"Ministerio de Cultura y Deporte de Espa\u00f1a abre convocatoria de proyectos para el VIII Encuentro Cultura y Ciudadan\u00eda - IberCultura Viva\",\"isPartOf\":{\"@id\":\"https:\/\/iberculturaviva.org\/es\/?lang=es\/#website\"},\"primaryImageOfPage\":{\"@id\":\"https:\/\/iberculturaviva.org\/es\/ministerio-de-cultura-y-deporte-de-espana-abre-convocatoria-de-proyectos-para-el-viii-encuentro-cultura-y-ciudadania\/#primaryimage\"},\"image\":{\"@id\":\"https:\/\/iberculturaviva.org\/es\/ministerio-de-cultura-y-deporte-de-espana-abre-convocatoria-de-proyectos-para-el-viii-encuentro-cultura-y-ciudadania\/#primaryimage\"},\"thumbnailUrl\":\"https:\/\/iberculturaviva.org\/wp-content\/uploads\/2022\/06\/287508612_3226355947601802_937864114311159168_n-960x960.jpg\",\"datePublished\":\"2022-06-13T17:33:09+00:00\",\"dateModified\":\"2022-06-20T16:17:21+00:00\",\"description\":\"Ministerio de Cultura y Deporte de Espa\u00f1a abre convocatoria de proyectos para el VIII Encuentro Cultura y Ciudadan\u00eda - IberCultura Viva\",\"breadcrumb\":{\"@id\":\"https:\/\/iberculturaviva.org\/es\/ministerio-de-cultura-y-deporte-de-espana-abre-convocatoria-de-proyectos-para-el-viii-encuentro-cultura-y-ciudadania\/#breadcrumb\"},\"inLanguage\":\"es\",\"potentialAction\":[{\"@type\":\"ReadAction\",\"target\":[\"https:\/\/iberculturaviva.org\/es\/ministerio-de-cultura-y-deporte-de-espana-abre-convocatoria-de-proyectos-para-el-viii-encuentro-cultura-y-ciudadania\/\"]}]},{\"@type\":\"ImageObject\",\"inLanguage\":\"es\",\"@id\":\"https:\/\/iberculturaviva.org\/es\/ministerio-de-cultura-y-deporte-de-espana-abre-convocatoria-de-proyectos-para-el-viii-encuentro-cultura-y-ciudadania\/#primaryimage\",\"url\":\"https:\/\/iberculturaviva.org\/wp-content\/uploads\/2022\/06\/287508612_3226355947601802_937864114311159168_n-960x960.jpg\",\"contentUrl\":\"https:\/\/iberculturaviva.org\/wp-content\/uploads\/2022\/06\/287508612_3226355947601802_937864114311159168_n-960x960.jpg\"},{\"@type\":\"BreadcrumbList\",\"@id\":\"https:\/\/iberculturaviva.org\/es\/ministerio-de-cultura-y-deporte-de-espana-abre-convocatoria-de-proyectos-para-el-viii-encuentro-cultura-y-ciudadania\/#breadcrumb\",\"itemListElement\":[{\"@type\":\"ListItem\",\"position\":1,\"name\":\"In\u00edcio\",\"item\":\"https:\/\/iberculturaviva.org\/es\/inicio\/\"},{\"@type\":\"ListItem\",\"position\":2,\"name\":\"Ministerio de Cultura y Deporte de Espa\u00f1a abre convocatoria de proyectos para el VIII Encuentro Cultura y Ciudadan\u00eda\"}]},{\"@type\":\"WebSite\",\"@id\":\"https:\/\/iberculturaviva.org\/es\/?lang=es\/#website\",\"url\":\"https:\/\/iberculturaviva.org\/es\/?lang=es\/\",\"name\":\"IberCultura Viva\",\"description\":\"Programa de cooperaci\u00f3n cultural\",\"publisher\":{\"@id\":\"https:\/\/iberculturaviva.org\/es\/?lang=es\/#organization\"},\"potentialAction\":[{\"@type\":\"SearchAction\",\"target\":{\"@type\":\"EntryPoint\",\"urlTemplate\":\"https:\/\/iberculturaviva.org\/es\/?lang=es\/?s={search_term_string}\"},\"query-input\":{\"@type\":\"PropertyValueSpecification\",\"valueRequired\":true,\"valueName\":\"search_term_string\"}}],\"inLanguage\":\"es\"},{\"@type\":\"Organization\",\"@id\":\"https:\/\/iberculturaviva.org\/es\/?lang=es\/#organization\",\"name\":\"Iberculturaviva\",\"url\":\"https:\/\/iberculturaviva.org\/es\/?lang=es\/\",\"logo\":{\"@type\":\"ImageObject\",\"inLanguage\":\"es\",\"@id\":\"https:\/\/iberculturaviva.org\/es\/?lang=es\/#\/schema\/logo\/image\/\",\"url\":\"https:\/\/iberculturaviva.org\/wp-content\/uploads\/2021\/08\/logo_ibercultura_viva.jpg\",\"contentUrl\":\"https:\/\/iberculturaviva.org\/wp-content\/uploads\/2021\/08\/logo_ibercultura_viva.jpg\",\"width\":708,\"height\":223,\"caption\":\"Iberculturaviva\"},\"image\":{\"@id\":\"https:\/\/iberculturaviva.org\/es\/?lang=es\/#\/schema\/logo\/image\/\"},\"sameAs\":[\"https:\/\/www.facebook.com\/iberculturaviva\/\",\"https:\/\/www.instagram.com\/iberculturaviva\/\",\"https:\/\/www.youtube.com\/iberculturaviva\"]},{\"@type\":\"Person\",\"@id\":\"https:\/\/iberculturaviva.org\/es\/?lang=es\/#\/schema\/person\/5d1313b072cc25536e0431522f740b59\",\"name\":\"IberCultura\",\"image\":{\"@type\":\"ImageObject\",\"inLanguage\":\"es\",\"@id\":\"https:\/\/iberculturaviva.org\/es\/?lang=es\/#\/schema\/person\/image\/\",\"url\":\"https:\/\/secure.gravatar.com\/avatar\/79f1a057cb125cbefb3765d0356d52fc7f3bba3a35e2cf22bc4de090bb7aef70?s=96&d=mm&r=g\",\"contentUrl\":\"https:\/\/secure.gravatar.com\/avatar\/79f1a057cb125cbefb3765d0356d52fc7f3bba3a35e2cf22bc4de090bb7aef70?s=96&d=mm&r=g\",\"caption\":\"IberCultura\"}}]}<\/script>\n<!-- \/ Yoast SEO plugin. -->","yoast_head_json":{"title":"Ministerio de Cultura y Deporte de Espa\u00f1a abre convocatoria de proyectos para el VIII Encuentro Cultura y Ciudadan\u00eda - IberCultura Viva","description":"Ministerio de Cultura y Deporte de Espa\u00f1a abre convocatoria de proyectos para el VIII Encuentro Cultura y Ciudadan\u00eda - IberCultura Viva","robots":{"index":"index","follow":"follow","max-snippet":"max-snippet:-1","max-image-preview":"max-image-preview:large","max-video-preview":"max-video-preview:-1"},"canonical":"https:\/\/iberculturaviva.org\/es\/ministerio-de-cultura-y-deporte-de-espana-abre-convocatoria-de-proyectos-para-el-viii-encuentro-cultura-y-ciudadania\/","og_locale":"es_ES","og_type":"article","og_title":"Ministerio de Cultura y Deporte de Espa\u00f1a abre convocatoria de proyectos para el VIII Encuentro Cultura y Ciudadan\u00eda - IberCultura Viva","og_description":"Ministerio de Cultura y Deporte de Espa\u00f1a abre convocatoria de proyectos para el VIII Encuentro Cultura y Ciudadan\u00eda - IberCultura Viva","og_url":"https:\/\/iberculturaviva.org\/es\/ministerio-de-cultura-y-deporte-de-espana-abre-convocatoria-de-proyectos-para-el-viii-encuentro-cultura-y-ciudadania\/","og_site_name":"IberCultura Viva","article_publisher":"https:\/\/www.facebook.com\/iberculturaviva\/","article_published_time":"2022-06-13T17:33:09+00:00","article_modified_time":"2022-06-20T16:17:21+00:00","og_image":[{"url":"https:\/\/iberculturaviva.org\/wp-content\/uploads\/2022\/06\/287508612_3226355947601802_937864114311159168_n-960x960.jpg","type":"","width":"","height":""}],"author":"IberCultura","twitter_card":"summary_large_image","twitter_misc":{"Escrito por":"IberCultura","Tiempo de lectura":"4 minutos"},"schema":{"@context":"https:\/\/schema.org","@graph":[{"@type":"Article","@id":"https:\/\/iberculturaviva.org\/es\/ministerio-de-cultura-y-deporte-de-espana-abre-convocatoria-de-proyectos-para-el-viii-encuentro-cultura-y-ciudadania\/#article","isPartOf":{"@id":"https:\/\/iberculturaviva.org\/es\/ministerio-de-cultura-y-deporte-de-espana-abre-convocatoria-de-proyectos-para-el-viii-encuentro-cultura-y-ciudadania\/"},"author":{"name":"IberCultura","@id":"https:\/\/iberculturaviva.org\/es\/?lang=es\/#\/schema\/person\/5d1313b072cc25536e0431522f740b59"},"headline":"Ministerio de Cultura y Deporte de Espa\u00f1a abre convocatoria de proyectos para el VIII Encuentro Cultura y Ciudadan\u00eda","datePublished":"2022-06-13T17:33:09+00:00","dateModified":"2022-06-20T16:17:21+00:00","mainEntityOfPage":{"@id":"https:\/\/iberculturaviva.org\/es\/ministerio-de-cultura-y-deporte-de-espana-abre-convocatoria-de-proyectos-para-el-viii-encuentro-cultura-y-ciudadania\/"},"wordCount":670,"publisher":{"@id":"https:\/\/iberculturaviva.org\/es\/?lang=es\/#organization"},"image":{"@id":"https:\/\/iberculturaviva.org\/es\/ministerio-de-cultura-y-deporte-de-espana-abre-convocatoria-de-proyectos-para-el-viii-encuentro-cultura-y-ciudadania\/#primaryimage"},"thumbnailUrl":"https:\/\/iberculturaviva.org\/wp-content\/uploads\/2022\/06\/287508612_3226355947601802_937864114311159168_n-960x960.jpg","articleSection":["Noticias"],"inLanguage":"es"},{"@type":"WebPage","@id":"https:\/\/iberculturaviva.org\/es\/ministerio-de-cultura-y-deporte-de-espana-abre-convocatoria-de-proyectos-para-el-viii-encuentro-cultura-y-ciudadania\/","url":"https:\/\/iberculturaviva.org\/es\/ministerio-de-cultura-y-deporte-de-espana-abre-convocatoria-de-proyectos-para-el-viii-encuentro-cultura-y-ciudadania\/","name":"Ministerio de Cultura y Deporte de Espa\u00f1a abre convocatoria de proyectos para el VIII Encuentro Cultura y Ciudadan\u00eda - IberCultura Viva","isPartOf":{"@id":"https:\/\/iberculturaviva.org\/es\/?lang=es\/#website"},"primaryImageOfPage":{"@id":"https:\/\/iberculturaviva.org\/es\/ministerio-de-cultura-y-deporte-de-espana-abre-convocatoria-de-proyectos-para-el-viii-encuentro-cultura-y-ciudadania\/#primaryimage"},"image":{"@id":"https:\/\/iberculturaviva.org\/es\/ministerio-de-cultura-y-deporte-de-espana-abre-convocatoria-de-proyectos-para-el-viii-encuentro-cultura-y-ciudadania\/#primaryimage"},"thumbnailUrl":"https:\/\/iberculturaviva.org\/wp-content\/uploads\/2022\/06\/287508612_3226355947601802_937864114311159168_n-960x960.jpg","datePublished":"2022-06-13T17:33:09+00:00","dateModified":"2022-06-20T16:17:21+00:00","description":"Ministerio de Cultura y Deporte de Espa\u00f1a abre convocatoria de proyectos para el VIII Encuentro Cultura y Ciudadan\u00eda - IberCultura Viva","breadcrumb":{"@id":"https:\/\/iberculturaviva.org\/es\/ministerio-de-cultura-y-deporte-de-espana-abre-convocatoria-de-proyectos-para-el-viii-encuentro-cultura-y-ciudadania\/#breadcrumb"},"inLanguage":"es","potentialAction":[{"@type":"ReadAction","target":["https:\/\/iberculturaviva.org\/es\/ministerio-de-cultura-y-deporte-de-espana-abre-convocatoria-de-proyectos-para-el-viii-encuentro-cultura-y-ciudadania\/"]}]},{"@type":"ImageObject","inLanguage":"es","@id":"https:\/\/iberculturaviva.org\/es\/ministerio-de-cultura-y-deporte-de-espana-abre-convocatoria-de-proyectos-para-el-viii-encuentro-cultura-y-ciudadania\/#primaryimage","url":"https:\/\/iberculturaviva.org\/wp-content\/uploads\/2022\/06\/287508612_3226355947601802_937864114311159168_n-960x960.jpg","contentUrl":"https:\/\/iberculturaviva.org\/wp-content\/uploads\/2022\/06\/287508612_3226355947601802_937864114311159168_n-960x960.jpg"},{"@type":"BreadcrumbList","@id":"https:\/\/iberculturaviva.org\/es\/ministerio-de-cultura-y-deporte-de-espana-abre-convocatoria-de-proyectos-para-el-viii-encuentro-cultura-y-ciudadania\/#breadcrumb","itemListElement":[{"@type":"ListItem","position":1,"name":"In\u00edcio","item":"https:\/\/iberculturaviva.org\/es\/inicio\/"},{"@type":"ListItem","position":2,"name":"Ministerio de Cultura y Deporte de Espa\u00f1a abre convocatoria de proyectos para el VIII Encuentro Cultura y Ciudadan\u00eda"}]},{"@type":"WebSite","@id":"https:\/\/iberculturaviva.org\/es\/?lang=es\/#website","url":"https:\/\/iberculturaviva.org\/es\/?lang=es\/","name":"IberCultura Viva","description":"Programa de cooperaci\u00f3n cultural","publisher":{"@id":"https:\/\/iberculturaviva.org\/es\/?lang=es\/#organization"},"potentialAction":[{"@type":"SearchAction","target":{"@type":"EntryPoint","urlTemplate":"https:\/\/iberculturaviva.org\/es\/?lang=es\/?s={search_term_string}"},"query-input":{"@type":"PropertyValueSpecification","valueRequired":true,"valueName":"search_term_string"}}],"inLanguage":"es"},{"@type":"Organization","@id":"https:\/\/iberculturaviva.org\/es\/?lang=es\/#organization","name":"Iberculturaviva","url":"https:\/\/iberculturaviva.org\/es\/?lang=es\/","logo":{"@type":"ImageObject","inLanguage":"es","@id":"https:\/\/iberculturaviva.org\/es\/?lang=es\/#\/schema\/logo\/image\/","url":"https:\/\/iberculturaviva.org\/wp-content\/uploads\/2021\/08\/logo_ibercultura_viva.jpg","contentUrl":"https:\/\/iberculturaviva.org\/wp-content\/uploads\/2021\/08\/logo_ibercultura_viva.jpg","width":708,"height":223,"caption":"Iberculturaviva"},"image":{"@id":"https:\/\/iberculturaviva.org\/es\/?lang=es\/#\/schema\/logo\/image\/"},"sameAs":["https:\/\/www.facebook.com\/iberculturaviva\/","https:\/\/www.instagram.com\/iberculturaviva\/","https:\/\/www.youtube.com\/iberculturaviva"]},{"@type":"Person","@id":"https:\/\/iberculturaviva.org\/es\/?lang=es\/#\/schema\/person\/5d1313b072cc25536e0431522f740b59","name":"IberCultura","image":{"@type":"ImageObject","inLanguage":"es","@id":"https:\/\/iberculturaviva.org\/es\/?lang=es\/#\/schema\/person\/image\/","url":"https:\/\/secure.gravatar.com\/avatar\/79f1a057cb125cbefb3765d0356d52fc7f3bba3a35e2cf22bc4de090bb7aef70?s=96&d=mm&r=g","contentUrl":"https:\/\/secure.gravatar.com\/avatar\/79f1a057cb125cbefb3765d0356d52fc7f3bba3a35e2cf22bc4de090bb7aef70?s=96&d=mm&r=g","caption":"IberCultura"}}]}},"main_category":{"link":"https:\/\/iberculturaviva.org\/es\/category\/noticias-es\/","name":"Noticias","slug":"noticias-es"},"_links":{"self":[{"href":"https:\/\/iberculturaviva.org\/es\/wp-json\/wp\/v2\/posts\/27629","targetHints":{"allow":["GET"]}}],"collection":[{"href":"https:\/\/iberculturaviva.org\/es\/wp-json\/wp\/v2\/posts"}],"about":[{"href":"https:\/\/iberculturaviva.org\/es\/wp-json\/wp\/v2\/types\/post"}],"author":[{"embeddable":true,"href":"https:\/\/iberculturaviva.org\/es\/wp-json\/wp\/v2\/users\/2"}],"replies":[{"embeddable":true,"href":"https:\/\/iberculturaviva.org\/es\/wp-json\/wp\/v2\/comments?post=27629"}],"version-history":[{"count":9,"href":"https:\/\/iberculturaviva.org\/es\/wp-json\/wp\/v2\/posts\/27629\/revisions"}],"predecessor-version":[{"id":27675,"href":"https:\/\/iberculturaviva.org\/es\/wp-json\/wp\/v2\/posts\/27629\/revisions\/27675"}],"wp:attachment":[{"href":"https:\/\/iberculturaviva.org\/es\/wp-json\/wp\/v2\/media?parent=27629"}],"wp:term":[{"taxonomy":"category","embeddable":true,"href":"https:\/\/iberculturaviva.org\/es\/wp-json\/wp\/v2\/categories?post=27629"},{"taxonomy":"post_tag","embeddable":true,"href":"https:\/\/iberculturaviva.org\/es\/wp-json\/wp\/v2\/tags?post=27629"},{"taxonomy":"country-municipality","embeddable":true,"href":"https:\/\/iberculturaviva.org\/es\/wp-json\/wp\/v2\/country-municipality?post=27629"}],"curies":[{"name":"wp","href":"https:\/\/api.w.org\/{rel}","templated":true}]}}