{"id":27529,"date":"2022-05-25T17:33:13","date_gmt":"2022-05-25T20:33:13","guid":{"rendered":"https:\/\/iberculturaviva.org\/?p=27529"},"modified":"2022-05-26T13:41:14","modified_gmt":"2022-05-26T16:41:14","slug":"artistas-y-gestores-culturales-de-sao-leopoldo-participan-de-intercambio-en-canelones","status":"publish","type":"post","link":"https:\/\/iberculturaviva.org\/es\/artistas-y-gestores-culturales-de-sao-leopoldo-participan-de-intercambio-en-canelones\/","title":{"rendered":"Artistas y gestores culturales de S\u00e3o Leopoldo participan de intercambio en Canelones"},"content":{"rendered":"<p style=\"text-align: justify;\"><span style=\"font-weight: 400;\">Cerca de 40 artistas independientes y gestores culturales de la ciudad de S\u00e3o Leopoldo (Rio Grande do Sul, Brasil) participaron de un intercambio en el departamento de Canelones (Uruguay), entre el 20 y el 22 de mayo. Las presentaciones se realizaron en los municipios de Canelones, Las Piedras, Salinas, Los Cerrillos y Sauce. La Caravana Cultural fue el resultado de una convocatoria lanzada por la Red Mercociudades. En agosto ser\u00e1 el turno de S\u00e3o Leopoldo de recibir artistas de Canelones para presentaciones y talleres.<\/span><\/p>\n<p style=\"text-align: justify;\"><span style=\"font-weight: 400;\">El secretario de Cultura y Relaciones Internacionales de S\u00e3o Leopoldo, Pedro Vasconcellos, evalu\u00f3 el intercambio como muy positivo tanto para los artistas brasile\u00f1os como para el p\u00fablico uruguayo que asisti\u00f3 a las presentaciones y talleres. \u201cNuestra tarea de fomentar el intercambio cultural entre las diferentes manifestaciones art\u00edsticas presentes en nuestra ciudad fue muy fruct\u00edfera. Los espacios para las presentaciones fueron una excelente oportunidad para que los artistas de S\u00e3o Leopoldo realizaran sus interacciones est\u00e9ticas\u201d, dijo.<\/span><\/p>\n<p style=\"text-align: justify;\"><span style=\"font-weight: 400;\">Para Vasconcellos, esta primera caravana cumpli\u00f3 un importante papel de integraci\u00f3n, y deber\u00e1 propiciar otros intercambios con Montevideo y Porto Alegre, como el carnaval de 2023, y un seminario en Uruguay, en septiembre. \u201cEn la segunda etapa de este intercambio, en agosto, vamos a preparar un gran festival para recibir la comitiva de artistas y gestores culturales uruguayos\u201d, destac\u00f3 el secretario. \u201cTambi\u00e9n tendremos capacitaciones realizadas por miembros del gobierno uruguayo aqu\u00ed y por nuestros gestores culturales all\u00e1. Vamos a organizar estas acciones para el pr\u00f3ximo a\u00f1o\u201d.<\/span><\/p>\n\n\t\t<style type=\"text\/css\">\n\t\t\t#gallery-1 {\n\t\t\t\tmargin: auto;\n\t\t\t}\n\t\t\t#gallery-1 .gallery-item {\n\t\t\t\tfloat: left;\n\t\t\t\tmargin-top: 10px;\n\t\t\t\ttext-align: center;\n\t\t\t\twidth: 50%;\n\t\t\t}\n\t\t\t#gallery-1 img {\n\t\t\t\tborder: 2px solid #cfcfcf;\n\t\t\t}\n\t\t\t#gallery-1 .gallery-caption {\n\t\t\t\tmargin-left: 0;\n\t\t\t}\n\t\t\t\/* see gallery_shortcode() in wp-includes\/media.php *\/\n\t\t<\/style>\n\t\t<div id='gallery-1' class='gallery galleryid-27529 gallery-columns-2 gallery-size-medium'><dl class='gallery-item'>\n\t\t\t<dt class='gallery-icon landscape'>\n\t\t\t\t<a href='https:\/\/iberculturaviva.org\/es\/artistas-y-gestores-culturales-de-sao-leopoldo-participan-de-intercambio-en-canelones\/283986719_375171544645657_8028845577763997897_n-2\/'><img loading=\"lazy\" decoding=\"async\" width=\"300\" height=\"202\" src=\"https:\/\/iberculturaviva.org\/wp-content\/uploads\/2022\/05\/283986719_375171544645657_8028845577763997897_n-460x310.jpg\" class=\"attachment-medium size-medium\" alt=\"\" \/><\/a>\n\t\t\t<\/dt><\/dl><dl class='gallery-item'>\n\t\t\t<dt class='gallery-icon landscape'>\n\t\t\t\t<a href='https:\/\/iberculturaviva.org\/es\/artistas-y-gestores-culturales-de-sao-leopoldo-participan-de-intercambio-en-canelones\/intercambionouruguaiviabilizaapresentaaaesdeartistasleopoldenses21653423161143-2\/'><img loading=\"lazy\" decoding=\"async\" width=\"300\" height=\"202\" src=\"https:\/\/iberculturaviva.org\/wp-content\/uploads\/2022\/05\/IntercAmbionoUruguaiviabilizaapresentaAAesdeartistasleopoldenses21653423161143-460x310.png\" class=\"attachment-medium size-medium\" alt=\"\" \/><\/a>\n\t\t\t<\/dt><\/dl><br style=\"clear: both\" \/>\n\t\t<\/div>\n\n<p>.<\/p>\n<h4><b>Espect\u00e1culos y talleres<\/b><\/h4>\n<p style=\"text-align: justify;\"><span style=\"font-weight: 400;\">En la primera etapa del intercambio, en el departamento de Canelones, el programa incluy\u00f3 visitas a espacios culturales y presentaciones y talleres de danza, teatro, m\u00fasica popular brasile\u00f1a, m\u00fasica gitana, m\u00fasica latinoamericana, samba, fotograf\u00eda, muralismo, literatura y carnaval.<\/span><\/p>\n<p style=\"text-align: justify;\"><span style=\"font-weight: 400;\">La bailarina Alexandra Castilhos, quien impuls\u00f3 un taller de danza contempor\u00e1nea en el Centro Cultural de Salinas, el 21 de mayo, destac\u00f3 que los lenguajes art\u00edsticos crean su propio flujo de comunicaci\u00f3n y encuentro. \u201cDurante el taller pude acercarme a bailarinas y profesoras de tango y danza contempor\u00e1nea. Pude conocer equipamientos culturales y vi como el Centro Cultural Salinas act\u00faa como un espacio de formaci\u00f3n en danza. Este tipo de pol\u00edtica p\u00fablica es fundamental para la difusi\u00f3n y fortalecimiento de la danza en un territorio\u201d, se\u00f1al\u00f3.<\/span><\/p>\n<p style=\"text-align: justify;\"><span style=\"font-weight: 400;\"><a href=\"https:\/\/iberculturaviva.org\/wp-content\/uploads\/2022\/05\/284085798_375171497978995_6881749747582738652_n.jpg\"><img loading=\"lazy\" decoding=\"async\" class=\" wp-image-27505 alignright\" src=\"https:\/\/iberculturaviva.org\/wp-content\/uploads\/2022\/05\/284085798_375171497978995_6881749747582738652_n-960x960.jpg\" alt=\"\" width=\"216\" height=\"216\" srcset=\"https:\/\/iberculturaviva.org\/wp-content\/uploads\/2022\/05\/284085798_375171497978995_6881749747582738652_n-960x960.jpg 960w, https:\/\/iberculturaviva.org\/wp-content\/uploads\/2022\/05\/284085798_375171497978995_6881749747582738652_n-150x150.jpg 150w, https:\/\/iberculturaviva.org\/wp-content\/uploads\/2022\/05\/284085798_375171497978995_6881749747582738652_n-768x768.jpg 768w, https:\/\/iberculturaviva.org\/wp-content\/uploads\/2022\/05\/284085798_375171497978995_6881749747582738652_n-1536x1536.jpg 1536w, https:\/\/iberculturaviva.org\/wp-content\/uploads\/2022\/05\/284085798_375171497978995_6881749747582738652_n-50x50.jpg 50w, https:\/\/iberculturaviva.org\/wp-content\/uploads\/2022\/05\/284085798_375171497978995_6881749747582738652_n-125x125.jpg 125w, https:\/\/iberculturaviva.org\/wp-content\/uploads\/2022\/05\/284085798_375171497978995_6881749747582738652_n-56x56.jpg 56w, https:\/\/iberculturaviva.org\/wp-content\/uploads\/2022\/05\/284085798_375171497978995_6881749747582738652_n-529x529.jpg 529w, https:\/\/iberculturaviva.org\/wp-content\/uploads\/2022\/05\/284085798_375171497978995_6881749747582738652_n-250x250.jpg 250w, https:\/\/iberculturaviva.org\/wp-content\/uploads\/2022\/05\/284085798_375171497978995_6881749747582738652_n-40x40.jpg 40w, https:\/\/iberculturaviva.org\/wp-content\/uploads\/2022\/05\/284085798_375171497978995_6881749747582738652_n.jpg 1600w\" sizes=\"auto, (max-width: 216px) 100vw, 216px\" \/><\/a>Cris Rosa, quien tambi\u00e9n present\u00f3 en Salinas el espect\u00e1culo \u201c<em>Rosa Choque Quase Vermelho<\/em>\u201d, junto a Carolina Willrich y Bianca Weber, dijo que fue emocionante volver a la escena despu\u00e9s de dos a\u00f1os de pandemia, en un intercambio cultural en Uruguay. \u201cLa obra es de 2008 y fue una experiencia incre\u00edble de arte colectivo, involucrando diferentes expresiones art\u00edsticas. Estoy agradecida por la experiencia y por la interacci\u00f3n del p\u00fablico, que fue muy sensible. Tengo el alma limpia y las fuerzas renovadas con tanta receptividad\u201d, dijo.<\/span><\/p>\n<p style=\"text-align: justify;\"><span style=\"font-weight: 400;\">Para la directora del Centro Cultural Salinas, Anabel Marichal, la actuaci\u00f3n super\u00f3 sus expectativas. \u201cMe conmovi\u00f3 profundamente. Una conjunci\u00f3n entre lo simb\u00f3lico, lo \u00e1rido de la escena, llevado al m\u00ednimo para mover al m\u00e1ximo. Una delicadeza absoluta en cada selecci\u00f3n, en cada movimiento, sin perder la fuerza. Los cuerpos s\u00faper profesionales, impregnados de emoci\u00f3n. Una obra tan hermosa, tan minimalista y tan conmovedora, que dej\u00f3 al p\u00fablico estremecido\u201d, coment\u00f3.<\/span><\/p>\n<p>.<\/p>\n<h4><b>Visitas t\u00e9cnicas<\/b><\/h4>\n<p style=\"text-align: justify;\"><span style=\"font-weight: 400;\">La delegaci\u00f3n de S\u00e3o Leopoldo que estuvo en Uruguay este fin de semana tambi\u00e9n particip\u00f3 de visitas t\u00e9cnicas, como las que realiz\u00f3 la directora do <\/span><em><span style=\"font-weight: 400;\">Museu do Trem<\/span><\/em><span style=\"font-weight: 400;\">, Alice Bemvenuti, y el director de Patrimonio de la Secretar\u00eda Municipal de Cultura de S\u00e3o Leopoldo, Joel Santana, el 21 de mayo. Guiados por Gabriela Fern\u00e1ndez, responsable de la Red de Museos de Canelones, primero conocieron el Museo Ferroviario Don Eduardo Hern\u00e1ndez Pe\u00f1a, en la ciudad de Empalme Olmos, y luego el Museo del Ferrocarril, en Montevideo. \u201cEn ambos museos las piezas est\u00e1n muy bien conservadas, incluso una maqueta de ferrocarril con todas las miniaturas funcionando\u201d, coment\u00f3 Alice Bemvenuti.<\/span><\/p>\n<p><a href=\"https:\/\/iberculturaviva.org\/wp-content\/uploads\/2022\/05\/GestoresculturaisdeSAoLeopoldoconhecemMuseusFerroviAriosdeCanelones1653417113099.png\"><img loading=\"lazy\" decoding=\"async\" class=\"aligncenter size-large wp-image-27501\" src=\"https:\/\/iberculturaviva.org\/wp-content\/uploads\/2022\/05\/GestoresculturaisdeSAoLeopoldoconhecemMuseusFerroviAriosdeCanelones1653417113099-960x720.png\" alt=\"\" width=\"640\" height=\"480\" srcset=\"https:\/\/iberculturaviva.org\/wp-content\/uploads\/2022\/05\/GestoresculturaisdeSAoLeopoldoconhecemMuseusFerroviAriosdeCanelones1653417113099-960x720.png 960w, https:\/\/iberculturaviva.org\/wp-content\/uploads\/2022\/05\/GestoresculturaisdeSAoLeopoldoconhecemMuseusFerroviAriosdeCanelones1653417113099-768x576.png 768w, https:\/\/iberculturaviva.org\/wp-content\/uploads\/2022\/05\/GestoresculturaisdeSAoLeopoldoconhecemMuseusFerroviAriosdeCanelones1653417113099-125x94.png 125w, https:\/\/iberculturaviva.org\/wp-content\/uploads\/2022\/05\/GestoresculturaisdeSAoLeopoldoconhecemMuseusFerroviAriosdeCanelones1653417113099-529x397.png 529w, https:\/\/iberculturaviva.org\/wp-content\/uploads\/2022\/05\/GestoresculturaisdeSAoLeopoldoconhecemMuseusFerroviAriosdeCanelones1653417113099.png 1280w\" sizes=\"auto, (max-width: 640px) 100vw, 640px\" \/><\/a><\/p>\n<p><span style=\"font-weight: 400;\">\u00a0.<\/span><\/p>\n<p style=\"text-align: justify;\"><span style=\"font-weight: 400;\">El Museo Ferroviario Don Eduardo Hern\u00e1ndez Pe\u00f1a, de gesti\u00f3n p\u00fablico-privada, tiene una exposici\u00f3n dentro de un vag\u00f3n, donde hay objetos del ferrocarril, como tel\u00e9grafo, sistemas de seguridad, mobiliario, uniformes, herramientas diversas, boletos y estampadores. El museo est\u00e1 ubicado en un patio ferroviario que a\u00fan est\u00e1 en funcionamiento, pero con algunos vagones viejos y locomotoras en desuso. El conjunto incluye almacenes -uno de ellos transformado en gimnasio municipal, con actividades deportivas-, una villa con las casas de los ferroviarios y un activo club, que fue un taller de locomotoras y que hoy cuenta con un teatro para la comunidad.<\/span><\/p>\n<p style=\"text-align: justify;\"><span style=\"font-weight: 400;\">En Montevideo, la ruta en el barrio de Pe\u00f1arol comenz\u00f3 en el Museo del Ferrocarril y luego se dirigi\u00f3 al lugar de residencia de los ingleses, quienes fueron los inversionistas del ferrocarril en Uruguay de 1869 a 1914. En el recorrido la comitiva conoci\u00f3 un centro cultural llamado Centro Artesano. que fue construido por el ferrocarril, con un teatro abierto a la comunidad. La visita finaliz\u00f3 en una rotonda que alberga el garaje de locomotoras, con sistema rotativo, algunas m\u00e1quinas recuperadas y vagones restaurados por miembros del C\u00edrculo de Estudios Ferroviarios.<\/span><\/p>\n<p><a href=\"https:\/\/iberculturaviva.org\/wp-content\/uploads\/2022\/05\/283853002_375171111312367_8254274448338984481_n.jpg\"><img loading=\"lazy\" decoding=\"async\" class=\"aligncenter size-large wp-image-27509\" src=\"https:\/\/iberculturaviva.org\/wp-content\/uploads\/2022\/05\/283853002_375171111312367_8254274448338984481_n-960x720.jpg\" alt=\"\" width=\"640\" height=\"480\" srcset=\"https:\/\/iberculturaviva.org\/wp-content\/uploads\/2022\/05\/283853002_375171111312367_8254274448338984481_n-960x720.jpg 960w, https:\/\/iberculturaviva.org\/wp-content\/uploads\/2022\/05\/283853002_375171111312367_8254274448338984481_n-768x576.jpg 768w, https:\/\/iberculturaviva.org\/wp-content\/uploads\/2022\/05\/283853002_375171111312367_8254274448338984481_n-125x94.jpg 125w, https:\/\/iberculturaviva.org\/wp-content\/uploads\/2022\/05\/283853002_375171111312367_8254274448338984481_n-529x397.jpg 529w, https:\/\/iberculturaviva.org\/wp-content\/uploads\/2022\/05\/283853002_375171111312367_8254274448338984481_n.jpg 1280w\" sizes=\"auto, (max-width: 640px) 100vw, 640px\" \/><\/a><\/p>\n<h5><strong>(Fuente: Secretaria de Cultura e Rela\u00e7\u00f5es Internacionais de S\u00e3o Leopoldo)<\/strong><\/h5>\n<p><span style=\"font-weight: 400;\"><strong>.<\/strong><\/span><\/p>\n<p><span style=\"font-weight: 400;\"><strong>Revisa el video<\/strong>: <\/span><a href=\"https:\/\/fb.watch\/deb0RJMUgv\/\"><span style=\"font-weight: 400;\">https:\/\/fb.watch\/deb0RJMUgv\/<\/span><\/a><span style=\"font-weight: 400;\">\u00a0<\/span><\/p>\n<p><span style=\"font-weight: 400;\">\u00a0.<\/span><\/p>\n<p><strong>\u00a0Lea tambi\u00e9n:<\/strong><\/p>\n<p><a href=\"https:\/\/www.saoleopoldo.rs.gov.br\/?titulo=&amp;template=conteudo&amp;categoria=&amp;codigoCategoria=&amp;idConteudo=&amp;idNoticia=28711&amp;tipoConteudo=INCLUDE_MOSTRA_NOTICIAS\"><span style=\"font-weight: 400;\">Artistas leopoldenses apresentam performance cultural no Uruguai<\/span><\/a><\/p>\n<p><a href=\"https:\/\/www.saoleopoldo.rs.gov.br\/?titulo=&amp;template=conteudo&amp;categoria=&amp;codigoCategoria=&amp;idConteudo=&amp;idNoticia=28718&amp;tipoConteudo=INCLUDE_MOSTRA_NOTICIAS\"><span style=\"font-weight: 400;\">Interc\u00e2mbio no Uruguai viabiliza apresenta\u00e7\u00f5es de artistas leopoldenses<\/span><\/a><\/p>\n","protected":false},"excerpt":{"rendered":"<p>Cerca de 40 artistas independientes y gestores culturales de la ciudad de S\u00e3o Leopoldo (Rio Grande do Sul, Brasil) participaron de un intercambio en el departamento de Canelones (Uruguay), entre [&hellip;]<\/p>\n","protected":false},"author":2,"featured_media":27507,"comment_status":"closed","ping_status":"closed","sticky":false,"template":"","format":"standard","meta":{"_coblocks_attr":"","_coblocks_dimensions":"","_coblocks_responsive_height":"","_coblocks_accordion_ie_support":"","_EventAllDay":false,"_EventTimezone":"","_EventStartDate":"","_EventEndDate":"","_EventStartDateUTC":"","_EventEndDateUTC":"","_EventShowMap":false,"_EventShowMapLink":false,"_EventURL":"","_EventCost":"","_EventCostDescription":"","_EventCurrencySymbol":"","_EventCurrencyCode":"","_EventCurrencyPosition":"","_EventDateTimeSeparator":"","_EventTimeRangeSeparator":"","_EventOrganizerID":[],"_EventVenueID":[],"_OrganizerEmail":"","_OrganizerPhone":"","_OrganizerWebsite":"","_VenueAddress":"","_VenueCity":"","_VenueCountry":"","_VenueProvince":"","_VenueState":"","_VenueZip":"","_VenuePhone":"","_VenueURL":"","_VenueStateProvince":"","_VenueLat":"","_VenueLng":"","_VenueShowMap":false,"_VenueShowMapLink":false,"footnotes":""},"categories":[262],"tags":[337,403,299],"country-municipality":[],"class_list":["post-27529","post","type-post","status-publish","format-standard","has-post-thumbnail","hentry","category-noticias-es","tag-btasil","tag-intercambio-2","tag-uruguay-3"],"yoast_head":"<!-- This site is optimized with the Yoast SEO plugin v25.7 - https:\/\/yoast.com\/wordpress\/plugins\/seo\/ -->\n<title>Artistas y gestores culturales de S\u00e3o Leopoldo participan de intercambio en Canelones - IberCultura Viva<\/title>\n<meta name=\"description\" content=\"Artistas y gestores culturales de S\u00e3o Leopoldo participan de intercambio en Canelones - IberCultura Viva\" \/>\n<meta name=\"robots\" content=\"index, follow, max-snippet:-1, max-image-preview:large, max-video-preview:-1\" \/>\n<link rel=\"canonical\" href=\"https:\/\/iberculturaviva.org\/es\/artistas-y-gestores-culturales-de-sao-leopoldo-participan-de-intercambio-en-canelones\/\" \/>\n<meta property=\"og:locale\" content=\"es_ES\" \/>\n<meta property=\"og:type\" content=\"article\" \/>\n<meta property=\"og:title\" content=\"Artistas y gestores culturales de S\u00e3o Leopoldo participan de intercambio en Canelones - IberCultura Viva\" \/>\n<meta property=\"og:description\" content=\"Artistas y gestores culturales de S\u00e3o Leopoldo participan de intercambio en Canelones - IberCultura Viva\" \/>\n<meta property=\"og:url\" content=\"https:\/\/iberculturaviva.org\/es\/artistas-y-gestores-culturales-de-sao-leopoldo-participan-de-intercambio-en-canelones\/\" \/>\n<meta property=\"og:site_name\" content=\"IberCultura Viva\" \/>\n<meta property=\"article:publisher\" content=\"https:\/\/www.facebook.com\/iberculturaviva\/\" \/>\n<meta property=\"article:published_time\" content=\"2022-05-25T20:33:13+00:00\" \/>\n<meta property=\"article:modified_time\" content=\"2022-05-26T16:41:14+00:00\" \/>\n<meta property=\"og:image\" content=\"https:\/\/iberculturaviva.org\/wp-content\/uploads\/2022\/05\/202205Intercambiouruguay151653345221971-960x624.png\" \/>\n\t<meta property=\"og:image:width\" content=\"960\" \/>\n\t<meta property=\"og:image:height\" content=\"624\" \/>\n\t<meta property=\"og:image:type\" content=\"image\/png\" \/>\n<meta name=\"author\" content=\"IberCultura\" \/>\n<meta name=\"twitter:card\" content=\"summary_large_image\" \/>\n<meta name=\"twitter:label1\" content=\"Escrito por\" \/>\n\t<meta name=\"twitter:data1\" content=\"IberCultura\" \/>\n\t<meta name=\"twitter:label2\" content=\"Tiempo de lectura\" \/>\n\t<meta name=\"twitter:data2\" content=\"6 minutos\" \/>\n<script type=\"application\/ld+json\" class=\"yoast-schema-graph\">{\"@context\":\"https:\/\/schema.org\",\"@graph\":[{\"@type\":\"Article\",\"@id\":\"https:\/\/iberculturaviva.org\/es\/artistas-y-gestores-culturales-de-sao-leopoldo-participan-de-intercambio-en-canelones\/#article\",\"isPartOf\":{\"@id\":\"https:\/\/iberculturaviva.org\/es\/artistas-y-gestores-culturales-de-sao-leopoldo-participan-de-intercambio-en-canelones\/\"},\"author\":{\"name\":\"IberCultura\",\"@id\":\"https:\/\/iberculturaviva.org\/es\/?lang=es\/#\/schema\/person\/5d1313b072cc25536e0431522f740b59\"},\"headline\":\"Artistas y gestores culturales de S\u00e3o Leopoldo participan de intercambio en Canelones\",\"datePublished\":\"2022-05-25T20:33:13+00:00\",\"dateModified\":\"2022-05-26T16:41:14+00:00\",\"mainEntityOfPage\":{\"@id\":\"https:\/\/iberculturaviva.org\/es\/artistas-y-gestores-culturales-de-sao-leopoldo-participan-de-intercambio-en-canelones\/\"},\"wordCount\":940,\"publisher\":{\"@id\":\"https:\/\/iberculturaviva.org\/es\/?lang=es\/#organization\"},\"image\":{\"@id\":\"https:\/\/iberculturaviva.org\/es\/artistas-y-gestores-culturales-de-sao-leopoldo-participan-de-intercambio-en-canelones\/#primaryimage\"},\"thumbnailUrl\":\"https:\/\/iberculturaviva.org\/wp-content\/uploads\/2022\/05\/202205Intercambiouruguay151653345221971.png\",\"keywords\":[\"Btasil\",\"intercambio\",\"Uruguay\"],\"articleSection\":[\"Noticias\"],\"inLanguage\":\"es\"},{\"@type\":\"WebPage\",\"@id\":\"https:\/\/iberculturaviva.org\/es\/artistas-y-gestores-culturales-de-sao-leopoldo-participan-de-intercambio-en-canelones\/\",\"url\":\"https:\/\/iberculturaviva.org\/es\/artistas-y-gestores-culturales-de-sao-leopoldo-participan-de-intercambio-en-canelones\/\",\"name\":\"Artistas y gestores culturales de S\u00e3o Leopoldo participan de intercambio en Canelones - IberCultura Viva\",\"isPartOf\":{\"@id\":\"https:\/\/iberculturaviva.org\/es\/?lang=es\/#website\"},\"primaryImageOfPage\":{\"@id\":\"https:\/\/iberculturaviva.org\/es\/artistas-y-gestores-culturales-de-sao-leopoldo-participan-de-intercambio-en-canelones\/#primaryimage\"},\"image\":{\"@id\":\"https:\/\/iberculturaviva.org\/es\/artistas-y-gestores-culturales-de-sao-leopoldo-participan-de-intercambio-en-canelones\/#primaryimage\"},\"thumbnailUrl\":\"https:\/\/iberculturaviva.org\/wp-content\/uploads\/2022\/05\/202205Intercambiouruguay151653345221971.png\",\"datePublished\":\"2022-05-25T20:33:13+00:00\",\"dateModified\":\"2022-05-26T16:41:14+00:00\",\"description\":\"Artistas y gestores culturales de S\u00e3o Leopoldo participan de intercambio en Canelones - IberCultura Viva\",\"breadcrumb\":{\"@id\":\"https:\/\/iberculturaviva.org\/es\/artistas-y-gestores-culturales-de-sao-leopoldo-participan-de-intercambio-en-canelones\/#breadcrumb\"},\"inLanguage\":\"es\",\"potentialAction\":[{\"@type\":\"ReadAction\",\"target\":[\"https:\/\/iberculturaviva.org\/es\/artistas-y-gestores-culturales-de-sao-leopoldo-participan-de-intercambio-en-canelones\/\"]}]},{\"@type\":\"ImageObject\",\"inLanguage\":\"es\",\"@id\":\"https:\/\/iberculturaviva.org\/es\/artistas-y-gestores-culturales-de-sao-leopoldo-participan-de-intercambio-en-canelones\/#primaryimage\",\"url\":\"https:\/\/iberculturaviva.org\/wp-content\/uploads\/2022\/05\/202205Intercambiouruguay151653345221971.png\",\"contentUrl\":\"https:\/\/iberculturaviva.org\/wp-content\/uploads\/2022\/05\/202205Intercambiouruguay151653345221971.png\",\"width\":1595,\"height\":1037},{\"@type\":\"BreadcrumbList\",\"@id\":\"https:\/\/iberculturaviva.org\/es\/artistas-y-gestores-culturales-de-sao-leopoldo-participan-de-intercambio-en-canelones\/#breadcrumb\",\"itemListElement\":[{\"@type\":\"ListItem\",\"position\":1,\"name\":\"In\u00edcio\",\"item\":\"https:\/\/iberculturaviva.org\/es\/inicio\/\"},{\"@type\":\"ListItem\",\"position\":2,\"name\":\"Artistas y gestores culturales de S\u00e3o Leopoldo participan de intercambio en Canelones\"}]},{\"@type\":\"WebSite\",\"@id\":\"https:\/\/iberculturaviva.org\/es\/?lang=es\/#website\",\"url\":\"https:\/\/iberculturaviva.org\/es\/?lang=es\/\",\"name\":\"IberCultura Viva\",\"description\":\"Programa de cooperaci\u00f3n cultural\",\"publisher\":{\"@id\":\"https:\/\/iberculturaviva.org\/es\/?lang=es\/#organization\"},\"potentialAction\":[{\"@type\":\"SearchAction\",\"target\":{\"@type\":\"EntryPoint\",\"urlTemplate\":\"https:\/\/iberculturaviva.org\/es\/?lang=es\/?s={search_term_string}\"},\"query-input\":{\"@type\":\"PropertyValueSpecification\",\"valueRequired\":true,\"valueName\":\"search_term_string\"}}],\"inLanguage\":\"es\"},{\"@type\":\"Organization\",\"@id\":\"https:\/\/iberculturaviva.org\/es\/?lang=es\/#organization\",\"name\":\"Iberculturaviva\",\"url\":\"https:\/\/iberculturaviva.org\/es\/?lang=es\/\",\"logo\":{\"@type\":\"ImageObject\",\"inLanguage\":\"es\",\"@id\":\"https:\/\/iberculturaviva.org\/es\/?lang=es\/#\/schema\/logo\/image\/\",\"url\":\"https:\/\/iberculturaviva.org\/wp-content\/uploads\/2021\/08\/logo_ibercultura_viva.jpg\",\"contentUrl\":\"https:\/\/iberculturaviva.org\/wp-content\/uploads\/2021\/08\/logo_ibercultura_viva.jpg\",\"width\":708,\"height\":223,\"caption\":\"Iberculturaviva\"},\"image\":{\"@id\":\"https:\/\/iberculturaviva.org\/es\/?lang=es\/#\/schema\/logo\/image\/\"},\"sameAs\":[\"https:\/\/www.facebook.com\/iberculturaviva\/\",\"https:\/\/www.instagram.com\/iberculturaviva\/\",\"https:\/\/www.youtube.com\/iberculturaviva\"]},{\"@type\":\"Person\",\"@id\":\"https:\/\/iberculturaviva.org\/es\/?lang=es\/#\/schema\/person\/5d1313b072cc25536e0431522f740b59\",\"name\":\"IberCultura\",\"image\":{\"@type\":\"ImageObject\",\"inLanguage\":\"es\",\"@id\":\"https:\/\/iberculturaviva.org\/es\/?lang=es\/#\/schema\/person\/image\/\",\"url\":\"https:\/\/secure.gravatar.com\/avatar\/79f1a057cb125cbefb3765d0356d52fc7f3bba3a35e2cf22bc4de090bb7aef70?s=96&d=mm&r=g\",\"contentUrl\":\"https:\/\/secure.gravatar.com\/avatar\/79f1a057cb125cbefb3765d0356d52fc7f3bba3a35e2cf22bc4de090bb7aef70?s=96&d=mm&r=g\",\"caption\":\"IberCultura\"}}]}<\/script>\n<!-- \/ Yoast SEO plugin. -->","yoast_head_json":{"title":"Artistas y gestores culturales de S\u00e3o Leopoldo participan de intercambio en Canelones - IberCultura Viva","description":"Artistas y gestores culturales de S\u00e3o Leopoldo participan de intercambio en Canelones - IberCultura Viva","robots":{"index":"index","follow":"follow","max-snippet":"max-snippet:-1","max-image-preview":"max-image-preview:large","max-video-preview":"max-video-preview:-1"},"canonical":"https:\/\/iberculturaviva.org\/es\/artistas-y-gestores-culturales-de-sao-leopoldo-participan-de-intercambio-en-canelones\/","og_locale":"es_ES","og_type":"article","og_title":"Artistas y gestores culturales de S\u00e3o Leopoldo participan de intercambio en Canelones - IberCultura Viva","og_description":"Artistas y gestores culturales de S\u00e3o Leopoldo participan de intercambio en Canelones - IberCultura Viva","og_url":"https:\/\/iberculturaviva.org\/es\/artistas-y-gestores-culturales-de-sao-leopoldo-participan-de-intercambio-en-canelones\/","og_site_name":"IberCultura Viva","article_publisher":"https:\/\/www.facebook.com\/iberculturaviva\/","article_published_time":"2022-05-25T20:33:13+00:00","article_modified_time":"2022-05-26T16:41:14+00:00","og_image":[{"width":960,"height":624,"url":"https:\/\/iberculturaviva.org\/wp-content\/uploads\/2022\/05\/202205Intercambiouruguay151653345221971-960x624.png","type":"image\/png"}],"author":"IberCultura","twitter_card":"summary_large_image","twitter_misc":{"Escrito por":"IberCultura","Tiempo de lectura":"6 minutos"},"schema":{"@context":"https:\/\/schema.org","@graph":[{"@type":"Article","@id":"https:\/\/iberculturaviva.org\/es\/artistas-y-gestores-culturales-de-sao-leopoldo-participan-de-intercambio-en-canelones\/#article","isPartOf":{"@id":"https:\/\/iberculturaviva.org\/es\/artistas-y-gestores-culturales-de-sao-leopoldo-participan-de-intercambio-en-canelones\/"},"author":{"name":"IberCultura","@id":"https:\/\/iberculturaviva.org\/es\/?lang=es\/#\/schema\/person\/5d1313b072cc25536e0431522f740b59"},"headline":"Artistas y gestores culturales de S\u00e3o Leopoldo participan de intercambio en Canelones","datePublished":"2022-05-25T20:33:13+00:00","dateModified":"2022-05-26T16:41:14+00:00","mainEntityOfPage":{"@id":"https:\/\/iberculturaviva.org\/es\/artistas-y-gestores-culturales-de-sao-leopoldo-participan-de-intercambio-en-canelones\/"},"wordCount":940,"publisher":{"@id":"https:\/\/iberculturaviva.org\/es\/?lang=es\/#organization"},"image":{"@id":"https:\/\/iberculturaviva.org\/es\/artistas-y-gestores-culturales-de-sao-leopoldo-participan-de-intercambio-en-canelones\/#primaryimage"},"thumbnailUrl":"https:\/\/iberculturaviva.org\/wp-content\/uploads\/2022\/05\/202205Intercambiouruguay151653345221971.png","keywords":["Btasil","intercambio","Uruguay"],"articleSection":["Noticias"],"inLanguage":"es"},{"@type":"WebPage","@id":"https:\/\/iberculturaviva.org\/es\/artistas-y-gestores-culturales-de-sao-leopoldo-participan-de-intercambio-en-canelones\/","url":"https:\/\/iberculturaviva.org\/es\/artistas-y-gestores-culturales-de-sao-leopoldo-participan-de-intercambio-en-canelones\/","name":"Artistas y gestores culturales de S\u00e3o Leopoldo participan de intercambio en Canelones - IberCultura Viva","isPartOf":{"@id":"https:\/\/iberculturaviva.org\/es\/?lang=es\/#website"},"primaryImageOfPage":{"@id":"https:\/\/iberculturaviva.org\/es\/artistas-y-gestores-culturales-de-sao-leopoldo-participan-de-intercambio-en-canelones\/#primaryimage"},"image":{"@id":"https:\/\/iberculturaviva.org\/es\/artistas-y-gestores-culturales-de-sao-leopoldo-participan-de-intercambio-en-canelones\/#primaryimage"},"thumbnailUrl":"https:\/\/iberculturaviva.org\/wp-content\/uploads\/2022\/05\/202205Intercambiouruguay151653345221971.png","datePublished":"2022-05-25T20:33:13+00:00","dateModified":"2022-05-26T16:41:14+00:00","description":"Artistas y gestores culturales de S\u00e3o Leopoldo participan de intercambio en Canelones - IberCultura Viva","breadcrumb":{"@id":"https:\/\/iberculturaviva.org\/es\/artistas-y-gestores-culturales-de-sao-leopoldo-participan-de-intercambio-en-canelones\/#breadcrumb"},"inLanguage":"es","potentialAction":[{"@type":"ReadAction","target":["https:\/\/iberculturaviva.org\/es\/artistas-y-gestores-culturales-de-sao-leopoldo-participan-de-intercambio-en-canelones\/"]}]},{"@type":"ImageObject","inLanguage":"es","@id":"https:\/\/iberculturaviva.org\/es\/artistas-y-gestores-culturales-de-sao-leopoldo-participan-de-intercambio-en-canelones\/#primaryimage","url":"https:\/\/iberculturaviva.org\/wp-content\/uploads\/2022\/05\/202205Intercambiouruguay151653345221971.png","contentUrl":"https:\/\/iberculturaviva.org\/wp-content\/uploads\/2022\/05\/202205Intercambiouruguay151653345221971.png","width":1595,"height":1037},{"@type":"BreadcrumbList","@id":"https:\/\/iberculturaviva.org\/es\/artistas-y-gestores-culturales-de-sao-leopoldo-participan-de-intercambio-en-canelones\/#breadcrumb","itemListElement":[{"@type":"ListItem","position":1,"name":"In\u00edcio","item":"https:\/\/iberculturaviva.org\/es\/inicio\/"},{"@type":"ListItem","position":2,"name":"Artistas y gestores culturales de S\u00e3o Leopoldo participan de intercambio en Canelones"}]},{"@type":"WebSite","@id":"https:\/\/iberculturaviva.org\/es\/?lang=es\/#website","url":"https:\/\/iberculturaviva.org\/es\/?lang=es\/","name":"IberCultura Viva","description":"Programa de cooperaci\u00f3n cultural","publisher":{"@id":"https:\/\/iberculturaviva.org\/es\/?lang=es\/#organization"},"potentialAction":[{"@type":"SearchAction","target":{"@type":"EntryPoint","urlTemplate":"https:\/\/iberculturaviva.org\/es\/?lang=es\/?s={search_term_string}"},"query-input":{"@type":"PropertyValueSpecification","valueRequired":true,"valueName":"search_term_string"}}],"inLanguage":"es"},{"@type":"Organization","@id":"https:\/\/iberculturaviva.org\/es\/?lang=es\/#organization","name":"Iberculturaviva","url":"https:\/\/iberculturaviva.org\/es\/?lang=es\/","logo":{"@type":"ImageObject","inLanguage":"es","@id":"https:\/\/iberculturaviva.org\/es\/?lang=es\/#\/schema\/logo\/image\/","url":"https:\/\/iberculturaviva.org\/wp-content\/uploads\/2021\/08\/logo_ibercultura_viva.jpg","contentUrl":"https:\/\/iberculturaviva.org\/wp-content\/uploads\/2021\/08\/logo_ibercultura_viva.jpg","width":708,"height":223,"caption":"Iberculturaviva"},"image":{"@id":"https:\/\/iberculturaviva.org\/es\/?lang=es\/#\/schema\/logo\/image\/"},"sameAs":["https:\/\/www.facebook.com\/iberculturaviva\/","https:\/\/www.instagram.com\/iberculturaviva\/","https:\/\/www.youtube.com\/iberculturaviva"]},{"@type":"Person","@id":"https:\/\/iberculturaviva.org\/es\/?lang=es\/#\/schema\/person\/5d1313b072cc25536e0431522f740b59","name":"IberCultura","image":{"@type":"ImageObject","inLanguage":"es","@id":"https:\/\/iberculturaviva.org\/es\/?lang=es\/#\/schema\/person\/image\/","url":"https:\/\/secure.gravatar.com\/avatar\/79f1a057cb125cbefb3765d0356d52fc7f3bba3a35e2cf22bc4de090bb7aef70?s=96&d=mm&r=g","contentUrl":"https:\/\/secure.gravatar.com\/avatar\/79f1a057cb125cbefb3765d0356d52fc7f3bba3a35e2cf22bc4de090bb7aef70?s=96&d=mm&r=g","caption":"IberCultura"}}]}},"main_category":{"link":"https:\/\/iberculturaviva.org\/es\/category\/noticias-es\/","name":"Noticias","slug":"noticias-es"},"_links":{"self":[{"href":"https:\/\/iberculturaviva.org\/es\/wp-json\/wp\/v2\/posts\/27529","targetHints":{"allow":["GET"]}}],"collection":[{"href":"https:\/\/iberculturaviva.org\/es\/wp-json\/wp\/v2\/posts"}],"about":[{"href":"https:\/\/iberculturaviva.org\/es\/wp-json\/wp\/v2\/types\/post"}],"author":[{"embeddable":true,"href":"https:\/\/iberculturaviva.org\/es\/wp-json\/wp\/v2\/users\/2"}],"replies":[{"embeddable":true,"href":"https:\/\/iberculturaviva.org\/es\/wp-json\/wp\/v2\/comments?post=27529"}],"version-history":[{"count":4,"href":"https:\/\/iberculturaviva.org\/es\/wp-json\/wp\/v2\/posts\/27529\/revisions"}],"predecessor-version":[{"id":27538,"href":"https:\/\/iberculturaviva.org\/es\/wp-json\/wp\/v2\/posts\/27529\/revisions\/27538"}],"wp:featuredmedia":[{"embeddable":true,"href":"https:\/\/iberculturaviva.org\/es\/wp-json\/wp\/v2\/media\/27507"}],"wp:attachment":[{"href":"https:\/\/iberculturaviva.org\/es\/wp-json\/wp\/v2\/media?parent=27529"}],"wp:term":[{"taxonomy":"category","embeddable":true,"href":"https:\/\/iberculturaviva.org\/es\/wp-json\/wp\/v2\/categories?post=27529"},{"taxonomy":"post_tag","embeddable":true,"href":"https:\/\/iberculturaviva.org\/es\/wp-json\/wp\/v2\/tags?post=27529"},{"taxonomy":"country-municipality","embeddable":true,"href":"https:\/\/iberculturaviva.org\/es\/wp-json\/wp\/v2\/country-municipality?post=27529"}],"curies":[{"name":"wp","href":"https:\/\/api.w.org\/{rel}","templated":true}]}}