{"id":27232,"date":"2022-05-13T22:16:03","date_gmt":"2022-05-14T01:16:03","guid":{"rendered":"https:\/\/iberculturaviva.org\/?p=27232"},"modified":"2022-05-14T17:25:44","modified_gmt":"2022-05-14T20:25:44","slug":"encuentro-nacional-de-gestion-cultural-comunitaria-el-proyecto-de-paraguay-seleccionado-en-la-convocatoria-de-apoyo-a-redes-2022","status":"publish","type":"post","link":"https:\/\/iberculturaviva.org\/es\/encuentro-nacional-de-gestion-cultural-comunitaria-el-proyecto-de-paraguay-seleccionado-en-la-convocatoria-de-apoyo-a-redes-2022\/","title":{"rendered":"Encuentro Nacional de Gesti\u00f3n Cultural Comunitaria: el proyecto de Paraguay seleccionado en la Convocatoria de Apoyo a Redes 2022"},"content":{"rendered":"<p style=\"text-align: right;\"><strong><em>* Nombre de la red o articulaci\u00f3n: Red de Puntos de Cultura<\/em><\/strong><\/p>\n<p style=\"text-align: right;\"><strong><em>* Nombre del proyecto: Encuentro Nacional de Gesti\u00f3n Cultural Comunitaria del Paraguay<\/em><\/strong><\/p>\n<p style=\"text-align: right;\">.<\/p>\n<p style=\"text-align: justify;\"><span style=\"font-weight: 400;\">El Encuentro Nacional de Gesti\u00f3n Cultural Comunitaria del Paraguay, propuesto por la Red de Puntos de Cultura del Paraguay en la Convocatoria IberCultura Viva de Apoyo a Redes y Proyectos de Trabajo Colaborativo 2022, ser\u00e1 una actividad h\u00edbrida (presencial\/virtual) que se realizar\u00e1 en la ciudad de Yaguaron, entre los meses de agosto y octubre de 2022. Adem\u00e1s de establecer alianzas entre los diversos espacios y centros culturales existentes en el pa\u00eds, el evento pretende potenciar el di\u00e1logo intercultural y multicultural, propiciando el aprendizaje a trav\u00e9s del intercambio de buenas pr\u00e1cticas comunitarias, e instalar capacidades en gesti\u00f3n cultural, con \u00e9nfasis en aspectos conceptuales propios de la cultura viva.\u00a0<\/span><\/p>\n<p style=\"text-align: justify;\"><span style=\"font-weight: 400;\">El proyecto tambi\u00e9n tiene entre sus objetivos la sistematizaci\u00f3n del debate y di\u00e1logo del proceso de construcci\u00f3n de redes de cultura viva comunitaria en Paraguay en un documento base de consulta para la elaboraci\u00f3n de pol\u00edticas p\u00fablicas del sector. Asimismo, busca dinamizar los procesos culturales promoviendo el desarrollo sostenible, la cultura de paz, la valoraci\u00f3n de la diversidad cultural, el equilibrio y protecci\u00f3n ambiental.<\/span><\/p>\n<p style=\"text-align: justify;\"><span style=\"font-weight: 400;\">La Secretar\u00eda Nacional de Cultura (SNC) brindar\u00e1 el acompa\u00f1amiento t\u00e9cnico, moderando el espacio de di\u00e1logo e intercambio de experiencias y resultados 2021\/2022, para la elaboraci\u00f3n del plan de acci\u00f3n que visibilice las prioridades y estrategias a ser implementadas en el a\u00f1o 2023 con redes conectadas y fortalecidas.\u00a0<\/span><\/p>\n<h4>.<\/h4>\n<h4>La red de Puntos de Cultura<\/h4>\n<p style=\"text-align: justify;\"><span style=\"font-weight: 400;\">La Red de Puntos de Cultura del Paraguay fue creada tras la convocatoria lanzada por la Secretar\u00eda Nacional de Cultura en 2021. Est\u00e1 integrada por 27 Puntos de Cultura que se agrupan con el principal objetivo de fortalecer y garantizar la sostenibilidad de los espacios y centros culturales comunitarios, que se activan localmente y que se distribuyen a nivel nacional como agentes dinamizadores del desarrollo sociocultural en sus territorios.\u00a0<\/span><\/p>\n<p style=\"text-align: justify;\"><span style=\"font-weight: 400;\">De esta manera, adem\u00e1s de contribuir al sector de la cultura viva comunitaria mediante la articulaci\u00f3n colaborativa entre la red y el Estado, se busca fomentar la cohesi\u00f3n y el protagonismo social como herramienta de promoci\u00f3n de la diversidad de las expresiones culturales del pa\u00eds, propiciando el pleno ejercicio de derechos culturales y el reconocimiento de las minor\u00edas \u00e9tnicas, con visibilidad de las mujeres y ni\u00f1ez, y para la construcci\u00f3n de un protagonismo m\u00e1s participativo, intergeneracional e intercultural.<\/span><\/p>\n<div id=\"attachment_27242\" style=\"width: 970px\" class=\"wp-caption aligncenter\"><a href=\"https:\/\/iberculturaviva.org\/wp-content\/uploads\/2022\/05\/266731804_283304830490310_5457592868000272359_n-e1652559555278.jpg\"><img loading=\"lazy\" decoding=\"async\" aria-describedby=\"caption-attachment-27242\" class=\"wp-image-27242 size-full\" src=\"https:\/\/iberculturaviva.org\/wp-content\/uploads\/2022\/05\/266731804_283304830490310_5457592868000272359_n-e1652559555278.jpg\" alt=\"\" width=\"960\" height=\"640\" \/><\/a><p id=\"caption-attachment-27242\" class=\"wp-caption-text\">Encuentro de Puntos de Cultura, diciembre de 2021 (Fotos: SNC)<\/p><\/div>\n<p>.<\/p>\n<h4>Organizaciones participantes<\/h4>\n<p style=\"text-align: justify;\"><span style=\"font-weight: 400;\">La <\/span><a href=\"http:\/\/espaciosculturalespy.org.py\"><span style=\"font-weight: 400;\">Red de Espacios y Centros Culturales del Paraguay<\/span><\/a><span style=\"font-weight: 400;\">, responsable del proyecto presentado a la convocatoria, es una organizaci\u00f3n sin fines de lucro creada en 2018, como resultado de los talleres de capacitaci\u00f3n en planificaci\u00f3n y gesti\u00f3n cultural y los encuentros desarrollados de manera participativa en el marco del proyecto \u201cEspacios Culturales, dinamizadores del cambio en una comunidad\u201d, con el apoyo de la Secretar\u00eda Nacional de Cultura y el Fondo Nacional para la Cultura y las Artes (FONDEC).\u00a0<\/span><\/p>\n<p style=\"text-align: justify;\"><span style=\"font-weight: 400;\">La red aglutina a diversos espacios y centros culturales p\u00fablicos, privados y comunitarios, constituidos en todo el territorio nacional. Busca fortalecer la institucionalidad de los centros culturales con proyectos formales y de calidad, basados en el respeto a la diversidad e incluyentes, en su rol de agentes multiplicadores que posibilitan la descentralizaci\u00f3n de la gesti\u00f3n cultural p\u00fablica. Asimismo, busca impulsar los centros culturales como dinamizadores de cambios a trav\u00e9s de la cultura viva, con la protecci\u00f3n del patrimonio cultural y su puesta en valor.<\/span><\/p>\n<p style=\"text-align: justify;\"><span style=\"font-weight: 400;\">Otra organizaci\u00f3n participante es la <\/span><a href=\"https:\/\/es-la.facebook.com\/fedec.paraguari\"><span style=\"font-weight: 400;\">Federaci\u00f3n de Entidades Culturales<\/span><\/a><span style=\"font-weight: 400;\"> del Departamento de Paraguar\u00ed, fundada en 2020, como asociaci\u00f3n de voluntariado, sin fines de lucro y abierta e incluyente para la gesti\u00f3n, apoyo y cooperaci\u00f3n en el fortalecimiento y promoci\u00f3n de las actividades de sus asociados. Entre las principales actividades destacan: el desarrollo del Campamento cultural, seminarios sobre educaci\u00f3n y cultura, Talleres de revitalizaci\u00f3n de sitios patrimoniales, cursos y talleres de fortalecimiento de centros culturales y bibliotecas comunitarias.\u00a0<\/span><\/p>\n<p style=\"text-align: justify;\"><span style=\"font-weight: 400;\">El <\/span><a href=\"https:\/\/ccmelodia.org\"><span style=\"font-weight: 400;\">Centro Cultural Melod\u00eda<\/span><\/a><span style=\"font-weight: 400;\">, creado en 2001 en la Villa Hayes, en el Chaco paraguayo, es uno de los m\u00e1s de 20 espacios* mencionados como participantes del Encuentro Nacional de Gesti\u00f3n Cultural Comunitaria. Entidad civil de bien com\u00fan sin fines lucrativos, funciona como una asociaci\u00f3n que tiene como misi\u00f3n \u201cenriquecer con aportes culturales y tecnol\u00f3gicos la vida y el potencial humano de los ni\u00f1os, ni\u00f1as y j\u00f3venes\u201d. Antes de que el Centro Cultural Melod\u00eda abriera sus puertas, en Villa Hayes no hab\u00eda acceso a internet en lugares p\u00fablicos. Tampoco exist\u00eda una biblioteca al servicio de la comunidad.\u00a0<\/span><\/p>\n<h5 style=\"text-align: justify;\"><span style=\"font-weight: 400;\">Tambi\u00e9n est\u00e1n involucrados en el proyecto: el Conservatorio Departamental de M\u00fasica Dr. Pablo Contessi P\u00e9rez, el Centro Cultural Carlos Colombino, el Espacio Cultural Mburukuja, el Centro Cultural Pumbasy, el Centro Cultural Emiliano R. Fernandez, la Fundaci\u00f3n Sagrada Familia, el Colectivo Cultural y Tur\u00edstico Misiones, el Centro Cultural Divino Ni\u00f1o, la Asociaci\u00f3n de Corredores Unidos del Paraguay, el Centro Cultural Mercedita, el Centro Cultural Guavira Poty, el Centro Cultural Mar\u00eda Auxiliadora, la Casa de la Cultura de Pilar-\u00d1eembucu, la Secretar\u00eda de Turismo y Cultura Gobernaci\u00f3n de San Pedro, el Espacio Cultural Ka&#8217;avo, el Centro Cultural C\u00e1ntaro Embrujado, el Centro Cultural Comunitario La Estaci\u00f3n de Iturbe, el Centro Hist\u00f3rico Cultural Sapucai, Somos Patrimonio, Nhi Mu Teatro A\u00e9reo, el Centro Cultural Superarte, el Centro Experimental de Recursos Medicinales, el Centro Cultural El Pol\u00edglota, la Biblioteca Municipal Prof. Marciana Insfr\u00e1n de D\u00edaz, el Espacio Cultural Fundaci\u00f3n Arandu Rek\u00e1vo y la Fundaci\u00f3n T\u00edo Kilo\/ Elenco Folkl\u00f3rico Minguero Jeroky.<\/span><\/h5>\n","protected":false},"excerpt":{"rendered":"<p>* Nombre de la red o articulaci\u00f3n: Red de Puntos de Cultura * Nombre del proyecto: Encuentro Nacional de Gesti\u00f3n Cultural Comunitaria del Paraguay . El Encuentro Nacional de Gesti\u00f3n [&hellip;]<\/p>\n","protected":false},"author":2,"featured_media":27240,"comment_status":"closed","ping_status":"closed","sticky":false,"template":"","format":"standard","meta":{"_coblocks_attr":"","_coblocks_dimensions":"","_coblocks_responsive_height":"","_coblocks_accordion_ie_support":"","_EventAllDay":false,"_EventTimezone":"","_EventStartDate":"","_EventEndDate":"","_EventStartDateUTC":"","_EventEndDateUTC":"","_EventShowMap":false,"_EventShowMapLink":false,"_EventURL":"","_EventCost":"","_EventCostDescription":"","_EventCurrencySymbol":"","_EventCurrencyCode":"","_EventCurrencyPosition":"","_EventDateTimeSeparator":"","_EventTimeRangeSeparator":"","_EventOrganizerID":[],"_EventVenueID":[],"_OrganizerEmail":"","_OrganizerPhone":"","_OrganizerWebsite":"","_VenueAddress":"","_VenueCity":"","_VenueCountry":"","_VenueProvince":"","_VenueState":"","_VenueZip":"","_VenuePhone":"","_VenueURL":"","_VenueStateProvince":"","_VenueLat":"","_VenueLng":"","_VenueShowMap":false,"_VenueShowMapLink":false,"footnotes":""},"categories":[262],"tags":[292,374,313,414],"country-municipality":[],"class_list":["post-27232","post","type-post","status-publish","format-standard","has-post-thumbnail","hentry","category-noticias-es","tag-convocatoria-2","tag-paraguay","tag-redes-2","tag-redes-2022"],"yoast_head":"<!-- This site is optimized with the Yoast SEO plugin v25.7 - https:\/\/yoast.com\/wordpress\/plugins\/seo\/ -->\n<title>Encuentro Nacional de Gesti\u00f3n Cultural Comunitaria: el proyecto de Paraguay seleccionado en la Convocatoria de Apoyo a Redes 2022 - IberCultura Viva<\/title>\n<meta name=\"description\" content=\"Encuentro Nacional de Gesti\u00f3n Cultural Comunitaria: el proyecto de Paraguay seleccionado en la Convocatoria de Apoyo a Redes 2022 - IberCultura Viva\" \/>\n<meta name=\"robots\" content=\"index, follow, max-snippet:-1, max-image-preview:large, max-video-preview:-1\" \/>\n<link rel=\"canonical\" href=\"https:\/\/iberculturaviva.org\/es\/encuentro-nacional-de-gestion-cultural-comunitaria-el-proyecto-de-paraguay-seleccionado-en-la-convocatoria-de-apoyo-a-redes-2022\/\" \/>\n<meta property=\"og:locale\" content=\"es_ES\" \/>\n<meta property=\"og:type\" content=\"article\" \/>\n<meta property=\"og:title\" content=\"Encuentro Nacional de Gesti\u00f3n Cultural Comunitaria: el proyecto de Paraguay seleccionado en la Convocatoria de Apoyo a Redes 2022 - IberCultura Viva\" \/>\n<meta property=\"og:description\" content=\"Encuentro Nacional de Gesti\u00f3n Cultural Comunitaria: el proyecto de Paraguay seleccionado en la Convocatoria de Apoyo a Redes 2022 - IberCultura Viva\" \/>\n<meta property=\"og:url\" content=\"https:\/\/iberculturaviva.org\/es\/encuentro-nacional-de-gestion-cultural-comunitaria-el-proyecto-de-paraguay-seleccionado-en-la-convocatoria-de-apoyo-a-redes-2022\/\" \/>\n<meta property=\"og:site_name\" content=\"IberCultura Viva\" \/>\n<meta property=\"article:publisher\" content=\"https:\/\/www.facebook.com\/iberculturaviva\/\" \/>\n<meta property=\"article:published_time\" content=\"2022-05-14T01:16:03+00:00\" \/>\n<meta property=\"article:modified_time\" content=\"2022-05-14T20:25:44+00:00\" \/>\n<meta property=\"og:image\" content=\"https:\/\/iberculturaviva.org\/wp-content\/uploads\/2022\/05\/263552395_283304773823649_6844062388783974372_n-2.jpg\" \/>\n\t<meta property=\"og:image:width\" content=\"960\" \/>\n\t<meta property=\"og:image:height\" content=\"640\" \/>\n\t<meta property=\"og:image:type\" content=\"image\/jpeg\" \/>\n<meta name=\"author\" content=\"IberCultura\" \/>\n<meta name=\"twitter:card\" content=\"summary_large_image\" \/>\n<meta name=\"twitter:label1\" content=\"Escrito por\" \/>\n\t<meta name=\"twitter:data1\" content=\"IberCultura\" \/>\n\t<meta name=\"twitter:label2\" content=\"Tiempo de lectura\" \/>\n\t<meta name=\"twitter:data2\" content=\"6 minutos\" \/>\n<script type=\"application\/ld+json\" class=\"yoast-schema-graph\">{\"@context\":\"https:\/\/schema.org\",\"@graph\":[{\"@type\":\"Article\",\"@id\":\"https:\/\/iberculturaviva.org\/es\/encuentro-nacional-de-gestion-cultural-comunitaria-el-proyecto-de-paraguay-seleccionado-en-la-convocatoria-de-apoyo-a-redes-2022\/#article\",\"isPartOf\":{\"@id\":\"https:\/\/iberculturaviva.org\/es\/encuentro-nacional-de-gestion-cultural-comunitaria-el-proyecto-de-paraguay-seleccionado-en-la-convocatoria-de-apoyo-a-redes-2022\/\"},\"author\":{\"name\":\"IberCultura\",\"@id\":\"https:\/\/iberculturaviva.org\/es\/?lang=es\/#\/schema\/person\/5d1313b072cc25536e0431522f740b59\"},\"headline\":\"Encuentro Nacional de Gesti\u00f3n Cultural Comunitaria: el proyecto de Paraguay seleccionado en la Convocatoria de Apoyo a Redes 2022\",\"datePublished\":\"2022-05-14T01:16:03+00:00\",\"dateModified\":\"2022-05-14T20:25:44+00:00\",\"mainEntityOfPage\":{\"@id\":\"https:\/\/iberculturaviva.org\/es\/encuentro-nacional-de-gestion-cultural-comunitaria-el-proyecto-de-paraguay-seleccionado-en-la-convocatoria-de-apoyo-a-redes-2022\/\"},\"wordCount\":1004,\"publisher\":{\"@id\":\"https:\/\/iberculturaviva.org\/es\/?lang=es\/#organization\"},\"image\":{\"@id\":\"https:\/\/iberculturaviva.org\/es\/encuentro-nacional-de-gestion-cultural-comunitaria-el-proyecto-de-paraguay-seleccionado-en-la-convocatoria-de-apoyo-a-redes-2022\/#primaryimage\"},\"thumbnailUrl\":\"https:\/\/iberculturaviva.org\/wp-content\/uploads\/2022\/05\/263552395_283304773823649_6844062388783974372_n-2.jpg\",\"keywords\":[\"convocatoria\",\"Paraguay\",\"redes\",\"Redes 2022\"],\"articleSection\":[\"Noticias\"],\"inLanguage\":\"es\"},{\"@type\":\"WebPage\",\"@id\":\"https:\/\/iberculturaviva.org\/es\/encuentro-nacional-de-gestion-cultural-comunitaria-el-proyecto-de-paraguay-seleccionado-en-la-convocatoria-de-apoyo-a-redes-2022\/\",\"url\":\"https:\/\/iberculturaviva.org\/es\/encuentro-nacional-de-gestion-cultural-comunitaria-el-proyecto-de-paraguay-seleccionado-en-la-convocatoria-de-apoyo-a-redes-2022\/\",\"name\":\"Encuentro Nacional de Gesti\u00f3n Cultural Comunitaria: el proyecto de Paraguay seleccionado en la Convocatoria de Apoyo a Redes 2022 - IberCultura Viva\",\"isPartOf\":{\"@id\":\"https:\/\/iberculturaviva.org\/es\/?lang=es\/#website\"},\"primaryImageOfPage\":{\"@id\":\"https:\/\/iberculturaviva.org\/es\/encuentro-nacional-de-gestion-cultural-comunitaria-el-proyecto-de-paraguay-seleccionado-en-la-convocatoria-de-apoyo-a-redes-2022\/#primaryimage\"},\"image\":{\"@id\":\"https:\/\/iberculturaviva.org\/es\/encuentro-nacional-de-gestion-cultural-comunitaria-el-proyecto-de-paraguay-seleccionado-en-la-convocatoria-de-apoyo-a-redes-2022\/#primaryimage\"},\"thumbnailUrl\":\"https:\/\/iberculturaviva.org\/wp-content\/uploads\/2022\/05\/263552395_283304773823649_6844062388783974372_n-2.jpg\",\"datePublished\":\"2022-05-14T01:16:03+00:00\",\"dateModified\":\"2022-05-14T20:25:44+00:00\",\"description\":\"Encuentro Nacional de Gesti\u00f3n Cultural Comunitaria: el proyecto de Paraguay seleccionado en la Convocatoria de Apoyo a Redes 2022 - IberCultura Viva\",\"breadcrumb\":{\"@id\":\"https:\/\/iberculturaviva.org\/es\/encuentro-nacional-de-gestion-cultural-comunitaria-el-proyecto-de-paraguay-seleccionado-en-la-convocatoria-de-apoyo-a-redes-2022\/#breadcrumb\"},\"inLanguage\":\"es\",\"potentialAction\":[{\"@type\":\"ReadAction\",\"target\":[\"https:\/\/iberculturaviva.org\/es\/encuentro-nacional-de-gestion-cultural-comunitaria-el-proyecto-de-paraguay-seleccionado-en-la-convocatoria-de-apoyo-a-redes-2022\/\"]}]},{\"@type\":\"ImageObject\",\"inLanguage\":\"es\",\"@id\":\"https:\/\/iberculturaviva.org\/es\/encuentro-nacional-de-gestion-cultural-comunitaria-el-proyecto-de-paraguay-seleccionado-en-la-convocatoria-de-apoyo-a-redes-2022\/#primaryimage\",\"url\":\"https:\/\/iberculturaviva.org\/wp-content\/uploads\/2022\/05\/263552395_283304773823649_6844062388783974372_n-2.jpg\",\"contentUrl\":\"https:\/\/iberculturaviva.org\/wp-content\/uploads\/2022\/05\/263552395_283304773823649_6844062388783974372_n-2.jpg\",\"width\":960,\"height\":640},{\"@type\":\"BreadcrumbList\",\"@id\":\"https:\/\/iberculturaviva.org\/es\/encuentro-nacional-de-gestion-cultural-comunitaria-el-proyecto-de-paraguay-seleccionado-en-la-convocatoria-de-apoyo-a-redes-2022\/#breadcrumb\",\"itemListElement\":[{\"@type\":\"ListItem\",\"position\":1,\"name\":\"In\u00edcio\",\"item\":\"https:\/\/iberculturaviva.org\/es\/inicio\/\"},{\"@type\":\"ListItem\",\"position\":2,\"name\":\"Encuentro Nacional de Gesti\u00f3n Cultural Comunitaria: el proyecto de Paraguay seleccionado en la Convocatoria de Apoyo a Redes 2022\"}]},{\"@type\":\"WebSite\",\"@id\":\"https:\/\/iberculturaviva.org\/es\/?lang=es\/#website\",\"url\":\"https:\/\/iberculturaviva.org\/es\/?lang=es\/\",\"name\":\"IberCultura Viva\",\"description\":\"Programa de cooperaci\u00f3n cultural\",\"publisher\":{\"@id\":\"https:\/\/iberculturaviva.org\/es\/?lang=es\/#organization\"},\"potentialAction\":[{\"@type\":\"SearchAction\",\"target\":{\"@type\":\"EntryPoint\",\"urlTemplate\":\"https:\/\/iberculturaviva.org\/es\/?lang=es\/?s={search_term_string}\"},\"query-input\":{\"@type\":\"PropertyValueSpecification\",\"valueRequired\":true,\"valueName\":\"search_term_string\"}}],\"inLanguage\":\"es\"},{\"@type\":\"Organization\",\"@id\":\"https:\/\/iberculturaviva.org\/es\/?lang=es\/#organization\",\"name\":\"Iberculturaviva\",\"url\":\"https:\/\/iberculturaviva.org\/es\/?lang=es\/\",\"logo\":{\"@type\":\"ImageObject\",\"inLanguage\":\"es\",\"@id\":\"https:\/\/iberculturaviva.org\/es\/?lang=es\/#\/schema\/logo\/image\/\",\"url\":\"https:\/\/iberculturaviva.org\/wp-content\/uploads\/2021\/08\/logo_ibercultura_viva.jpg\",\"contentUrl\":\"https:\/\/iberculturaviva.org\/wp-content\/uploads\/2021\/08\/logo_ibercultura_viva.jpg\",\"width\":708,\"height\":223,\"caption\":\"Iberculturaviva\"},\"image\":{\"@id\":\"https:\/\/iberculturaviva.org\/es\/?lang=es\/#\/schema\/logo\/image\/\"},\"sameAs\":[\"https:\/\/www.facebook.com\/iberculturaviva\/\",\"https:\/\/www.instagram.com\/iberculturaviva\/\",\"https:\/\/www.youtube.com\/iberculturaviva\"]},{\"@type\":\"Person\",\"@id\":\"https:\/\/iberculturaviva.org\/es\/?lang=es\/#\/schema\/person\/5d1313b072cc25536e0431522f740b59\",\"name\":\"IberCultura\",\"image\":{\"@type\":\"ImageObject\",\"inLanguage\":\"es\",\"@id\":\"https:\/\/iberculturaviva.org\/es\/?lang=es\/#\/schema\/person\/image\/\",\"url\":\"https:\/\/secure.gravatar.com\/avatar\/79f1a057cb125cbefb3765d0356d52fc7f3bba3a35e2cf22bc4de090bb7aef70?s=96&d=mm&r=g\",\"contentUrl\":\"https:\/\/secure.gravatar.com\/avatar\/79f1a057cb125cbefb3765d0356d52fc7f3bba3a35e2cf22bc4de090bb7aef70?s=96&d=mm&r=g\",\"caption\":\"IberCultura\"}}]}<\/script>\n<!-- \/ Yoast SEO plugin. -->","yoast_head_json":{"title":"Encuentro Nacional de Gesti\u00f3n Cultural Comunitaria: el proyecto de Paraguay seleccionado en la Convocatoria de Apoyo a Redes 2022 - IberCultura Viva","description":"Encuentro Nacional de Gesti\u00f3n Cultural Comunitaria: el proyecto de Paraguay seleccionado en la Convocatoria de Apoyo a Redes 2022 - IberCultura Viva","robots":{"index":"index","follow":"follow","max-snippet":"max-snippet:-1","max-image-preview":"max-image-preview:large","max-video-preview":"max-video-preview:-1"},"canonical":"https:\/\/iberculturaviva.org\/es\/encuentro-nacional-de-gestion-cultural-comunitaria-el-proyecto-de-paraguay-seleccionado-en-la-convocatoria-de-apoyo-a-redes-2022\/","og_locale":"es_ES","og_type":"article","og_title":"Encuentro Nacional de Gesti\u00f3n Cultural Comunitaria: el proyecto de Paraguay seleccionado en la Convocatoria de Apoyo a Redes 2022 - IberCultura Viva","og_description":"Encuentro Nacional de Gesti\u00f3n Cultural Comunitaria: el proyecto de Paraguay seleccionado en la Convocatoria de Apoyo a Redes 2022 - IberCultura Viva","og_url":"https:\/\/iberculturaviva.org\/es\/encuentro-nacional-de-gestion-cultural-comunitaria-el-proyecto-de-paraguay-seleccionado-en-la-convocatoria-de-apoyo-a-redes-2022\/","og_site_name":"IberCultura Viva","article_publisher":"https:\/\/www.facebook.com\/iberculturaviva\/","article_published_time":"2022-05-14T01:16:03+00:00","article_modified_time":"2022-05-14T20:25:44+00:00","og_image":[{"width":960,"height":640,"url":"https:\/\/iberculturaviva.org\/wp-content\/uploads\/2022\/05\/263552395_283304773823649_6844062388783974372_n-2.jpg","type":"image\/jpeg"}],"author":"IberCultura","twitter_card":"summary_large_image","twitter_misc":{"Escrito por":"IberCultura","Tiempo de lectura":"6 minutos"},"schema":{"@context":"https:\/\/schema.org","@graph":[{"@type":"Article","@id":"https:\/\/iberculturaviva.org\/es\/encuentro-nacional-de-gestion-cultural-comunitaria-el-proyecto-de-paraguay-seleccionado-en-la-convocatoria-de-apoyo-a-redes-2022\/#article","isPartOf":{"@id":"https:\/\/iberculturaviva.org\/es\/encuentro-nacional-de-gestion-cultural-comunitaria-el-proyecto-de-paraguay-seleccionado-en-la-convocatoria-de-apoyo-a-redes-2022\/"},"author":{"name":"IberCultura","@id":"https:\/\/iberculturaviva.org\/es\/?lang=es\/#\/schema\/person\/5d1313b072cc25536e0431522f740b59"},"headline":"Encuentro Nacional de Gesti\u00f3n Cultural Comunitaria: el proyecto de Paraguay seleccionado en la Convocatoria de Apoyo a Redes 2022","datePublished":"2022-05-14T01:16:03+00:00","dateModified":"2022-05-14T20:25:44+00:00","mainEntityOfPage":{"@id":"https:\/\/iberculturaviva.org\/es\/encuentro-nacional-de-gestion-cultural-comunitaria-el-proyecto-de-paraguay-seleccionado-en-la-convocatoria-de-apoyo-a-redes-2022\/"},"wordCount":1004,"publisher":{"@id":"https:\/\/iberculturaviva.org\/es\/?lang=es\/#organization"},"image":{"@id":"https:\/\/iberculturaviva.org\/es\/encuentro-nacional-de-gestion-cultural-comunitaria-el-proyecto-de-paraguay-seleccionado-en-la-convocatoria-de-apoyo-a-redes-2022\/#primaryimage"},"thumbnailUrl":"https:\/\/iberculturaviva.org\/wp-content\/uploads\/2022\/05\/263552395_283304773823649_6844062388783974372_n-2.jpg","keywords":["convocatoria","Paraguay","redes","Redes 2022"],"articleSection":["Noticias"],"inLanguage":"es"},{"@type":"WebPage","@id":"https:\/\/iberculturaviva.org\/es\/encuentro-nacional-de-gestion-cultural-comunitaria-el-proyecto-de-paraguay-seleccionado-en-la-convocatoria-de-apoyo-a-redes-2022\/","url":"https:\/\/iberculturaviva.org\/es\/encuentro-nacional-de-gestion-cultural-comunitaria-el-proyecto-de-paraguay-seleccionado-en-la-convocatoria-de-apoyo-a-redes-2022\/","name":"Encuentro Nacional de Gesti\u00f3n Cultural Comunitaria: el proyecto de Paraguay seleccionado en la Convocatoria de Apoyo a Redes 2022 - IberCultura Viva","isPartOf":{"@id":"https:\/\/iberculturaviva.org\/es\/?lang=es\/#website"},"primaryImageOfPage":{"@id":"https:\/\/iberculturaviva.org\/es\/encuentro-nacional-de-gestion-cultural-comunitaria-el-proyecto-de-paraguay-seleccionado-en-la-convocatoria-de-apoyo-a-redes-2022\/#primaryimage"},"image":{"@id":"https:\/\/iberculturaviva.org\/es\/encuentro-nacional-de-gestion-cultural-comunitaria-el-proyecto-de-paraguay-seleccionado-en-la-convocatoria-de-apoyo-a-redes-2022\/#primaryimage"},"thumbnailUrl":"https:\/\/iberculturaviva.org\/wp-content\/uploads\/2022\/05\/263552395_283304773823649_6844062388783974372_n-2.jpg","datePublished":"2022-05-14T01:16:03+00:00","dateModified":"2022-05-14T20:25:44+00:00","description":"Encuentro Nacional de Gesti\u00f3n Cultural Comunitaria: el proyecto de Paraguay seleccionado en la Convocatoria de Apoyo a Redes 2022 - IberCultura Viva","breadcrumb":{"@id":"https:\/\/iberculturaviva.org\/es\/encuentro-nacional-de-gestion-cultural-comunitaria-el-proyecto-de-paraguay-seleccionado-en-la-convocatoria-de-apoyo-a-redes-2022\/#breadcrumb"},"inLanguage":"es","potentialAction":[{"@type":"ReadAction","target":["https:\/\/iberculturaviva.org\/es\/encuentro-nacional-de-gestion-cultural-comunitaria-el-proyecto-de-paraguay-seleccionado-en-la-convocatoria-de-apoyo-a-redes-2022\/"]}]},{"@type":"ImageObject","inLanguage":"es","@id":"https:\/\/iberculturaviva.org\/es\/encuentro-nacional-de-gestion-cultural-comunitaria-el-proyecto-de-paraguay-seleccionado-en-la-convocatoria-de-apoyo-a-redes-2022\/#primaryimage","url":"https:\/\/iberculturaviva.org\/wp-content\/uploads\/2022\/05\/263552395_283304773823649_6844062388783974372_n-2.jpg","contentUrl":"https:\/\/iberculturaviva.org\/wp-content\/uploads\/2022\/05\/263552395_283304773823649_6844062388783974372_n-2.jpg","width":960,"height":640},{"@type":"BreadcrumbList","@id":"https:\/\/iberculturaviva.org\/es\/encuentro-nacional-de-gestion-cultural-comunitaria-el-proyecto-de-paraguay-seleccionado-en-la-convocatoria-de-apoyo-a-redes-2022\/#breadcrumb","itemListElement":[{"@type":"ListItem","position":1,"name":"In\u00edcio","item":"https:\/\/iberculturaviva.org\/es\/inicio\/"},{"@type":"ListItem","position":2,"name":"Encuentro Nacional de Gesti\u00f3n Cultural Comunitaria: el proyecto de Paraguay seleccionado en la Convocatoria de Apoyo a Redes 2022"}]},{"@type":"WebSite","@id":"https:\/\/iberculturaviva.org\/es\/?lang=es\/#website","url":"https:\/\/iberculturaviva.org\/es\/?lang=es\/","name":"IberCultura Viva","description":"Programa de cooperaci\u00f3n cultural","publisher":{"@id":"https:\/\/iberculturaviva.org\/es\/?lang=es\/#organization"},"potentialAction":[{"@type":"SearchAction","target":{"@type":"EntryPoint","urlTemplate":"https:\/\/iberculturaviva.org\/es\/?lang=es\/?s={search_term_string}"},"query-input":{"@type":"PropertyValueSpecification","valueRequired":true,"valueName":"search_term_string"}}],"inLanguage":"es"},{"@type":"Organization","@id":"https:\/\/iberculturaviva.org\/es\/?lang=es\/#organization","name":"Iberculturaviva","url":"https:\/\/iberculturaviva.org\/es\/?lang=es\/","logo":{"@type":"ImageObject","inLanguage":"es","@id":"https:\/\/iberculturaviva.org\/es\/?lang=es\/#\/schema\/logo\/image\/","url":"https:\/\/iberculturaviva.org\/wp-content\/uploads\/2021\/08\/logo_ibercultura_viva.jpg","contentUrl":"https:\/\/iberculturaviva.org\/wp-content\/uploads\/2021\/08\/logo_ibercultura_viva.jpg","width":708,"height":223,"caption":"Iberculturaviva"},"image":{"@id":"https:\/\/iberculturaviva.org\/es\/?lang=es\/#\/schema\/logo\/image\/"},"sameAs":["https:\/\/www.facebook.com\/iberculturaviva\/","https:\/\/www.instagram.com\/iberculturaviva\/","https:\/\/www.youtube.com\/iberculturaviva"]},{"@type":"Person","@id":"https:\/\/iberculturaviva.org\/es\/?lang=es\/#\/schema\/person\/5d1313b072cc25536e0431522f740b59","name":"IberCultura","image":{"@type":"ImageObject","inLanguage":"es","@id":"https:\/\/iberculturaviva.org\/es\/?lang=es\/#\/schema\/person\/image\/","url":"https:\/\/secure.gravatar.com\/avatar\/79f1a057cb125cbefb3765d0356d52fc7f3bba3a35e2cf22bc4de090bb7aef70?s=96&d=mm&r=g","contentUrl":"https:\/\/secure.gravatar.com\/avatar\/79f1a057cb125cbefb3765d0356d52fc7f3bba3a35e2cf22bc4de090bb7aef70?s=96&d=mm&r=g","caption":"IberCultura"}}]}},"main_category":{"link":"https:\/\/iberculturaviva.org\/es\/category\/noticias-es\/","name":"Noticias","slug":"noticias-es"},"_links":{"self":[{"href":"https:\/\/iberculturaviva.org\/es\/wp-json\/wp\/v2\/posts\/27232","targetHints":{"allow":["GET"]}}],"collection":[{"href":"https:\/\/iberculturaviva.org\/es\/wp-json\/wp\/v2\/posts"}],"about":[{"href":"https:\/\/iberculturaviva.org\/es\/wp-json\/wp\/v2\/types\/post"}],"author":[{"embeddable":true,"href":"https:\/\/iberculturaviva.org\/es\/wp-json\/wp\/v2\/users\/2"}],"replies":[{"embeddable":true,"href":"https:\/\/iberculturaviva.org\/es\/wp-json\/wp\/v2\/comments?post=27232"}],"version-history":[{"count":4,"href":"https:\/\/iberculturaviva.org\/es\/wp-json\/wp\/v2\/posts\/27232\/revisions"}],"predecessor-version":[{"id":27246,"href":"https:\/\/iberculturaviva.org\/es\/wp-json\/wp\/v2\/posts\/27232\/revisions\/27246"}],"wp:featuredmedia":[{"embeddable":true,"href":"https:\/\/iberculturaviva.org\/es\/wp-json\/wp\/v2\/media\/27240"}],"wp:attachment":[{"href":"https:\/\/iberculturaviva.org\/es\/wp-json\/wp\/v2\/media?parent=27232"}],"wp:term":[{"taxonomy":"category","embeddable":true,"href":"https:\/\/iberculturaviva.org\/es\/wp-json\/wp\/v2\/categories?post=27232"},{"taxonomy":"post_tag","embeddable":true,"href":"https:\/\/iberculturaviva.org\/es\/wp-json\/wp\/v2\/tags?post=27232"},{"taxonomy":"country-municipality","embeddable":true,"href":"https:\/\/iberculturaviva.org\/es\/wp-json\/wp\/v2\/country-municipality?post=27232"}],"curies":[{"name":"wp","href":"https:\/\/api.w.org\/{rel}","templated":true}]}}