{"id":26876,"date":"2022-04-06T21:58:06","date_gmt":"2022-04-07T00:58:06","guid":{"rendered":"https:\/\/iberculturaviva.org\/?p=26876"},"modified":"2022-04-06T21:59:07","modified_gmt":"2022-04-07T00:59:07","slug":"se-amplia-el-plazo-de-inscripcion-a-la-convocatoria-de-territorio-de-saberes-en-argentina","status":"publish","type":"post","link":"https:\/\/iberculturaviva.org\/es\/se-amplia-el-plazo-de-inscripcion-a-la-convocatoria-de-territorio-de-saberes-en-argentina\/","title":{"rendered":"Se ampl\u00eda el plazo de inscripci\u00f3n a la convocatoria de Territorio de Saberes, en Argentina"},"content":{"rendered":"<p style=\"text-align: justify;\"><span style=\"font-weight: 400;\"><a href=\"https:\/\/iberculturaviva.org\/wp-content\/uploads\/2022\/04\/277810070_5015045221916520_4807886111209125571_n.jpg\"><img loading=\"lazy\" decoding=\"async\" class=\" wp-image-26877 alignright\" src=\"https:\/\/iberculturaviva.org\/wp-content\/uploads\/2022\/04\/277810070_5015045221916520_4807886111209125571_n-960x960.jpg\" alt=\"\" width=\"242\" height=\"242\" srcset=\"https:\/\/iberculturaviva.org\/wp-content\/uploads\/2022\/04\/277810070_5015045221916520_4807886111209125571_n-960x960.jpg 960w, https:\/\/iberculturaviva.org\/wp-content\/uploads\/2022\/04\/277810070_5015045221916520_4807886111209125571_n-150x150.jpg 150w, https:\/\/iberculturaviva.org\/wp-content\/uploads\/2022\/04\/277810070_5015045221916520_4807886111209125571_n-768x768.jpg 768w, https:\/\/iberculturaviva.org\/wp-content\/uploads\/2022\/04\/277810070_5015045221916520_4807886111209125571_n-50x50.jpg 50w, https:\/\/iberculturaviva.org\/wp-content\/uploads\/2022\/04\/277810070_5015045221916520_4807886111209125571_n-125x125.jpg 125w, https:\/\/iberculturaviva.org\/wp-content\/uploads\/2022\/04\/277810070_5015045221916520_4807886111209125571_n-56x56.jpg 56w, https:\/\/iberculturaviva.org\/wp-content\/uploads\/2022\/04\/277810070_5015045221916520_4807886111209125571_n-529x529.jpg 529w, https:\/\/iberculturaviva.org\/wp-content\/uploads\/2022\/04\/277810070_5015045221916520_4807886111209125571_n-250x250.jpg 250w, https:\/\/iberculturaviva.org\/wp-content\/uploads\/2022\/04\/277810070_5015045221916520_4807886111209125571_n-40x40.jpg 40w, https:\/\/iberculturaviva.org\/wp-content\/uploads\/2022\/04\/277810070_5015045221916520_4807886111209125571_n.jpg 1280w\" sizes=\"auto, (max-width: 242px) 100vw, 242px\" \/><\/a>Se extendi\u00f3 hasta el lunes 11 de abril el plazo de la convocatoria de Territorio de Saberes, iniciativa del Ministerio de Cultura de Argentina que cuenta con el apoyo de la Diplomatura en Mediaci\u00f3n Cultural, Comunidad, Artes y Tecnolog\u00edas de la Universidad Nacional de las Artes. Se seleccionar\u00e1n 240 personas para participar de clases, talleres y espacios de debate.<\/span><\/p>\n<p style=\"text-align: justify;\"><span style=\"font-weight: 400;\">Territorio de Saberes es un espacio de formaci\u00f3n a distancia para intercambiar experiencias sobre temas estrat\u00e9gicos para la cultura comunitaria. El ciclo est\u00e1 orientado a formadores y formadoras culturales que integren espacios culturales comunitarios, como colectivos y organizaciones, \u00e1reas culturales sindicales y \u00e1reas de extensi\u00f3n en universidades p\u00fablicas de Argentina.\u00a0<\/span><\/p>\n<p style=\"text-align: justify;\"><span style=\"font-weight: 400;\">El programa tendr\u00e1 una duraci\u00f3n de tres meses, con encuentros semanales sincr\u00f3nicos de dos horas, a partir del 26 de abril. Este a\u00f1o se abordar\u00e1n tres ejes tem\u00e1ticos: 1) Tecnolog\u00edas y nuevas territorialidades; 2) Sistematizaci\u00f3n de experiencias, una mirada sobre nuestras pr\u00e1cticas; 3) La comunicaci\u00f3n popular en los procesos formativos comunitarios. Cada m\u00f3dulo tem\u00e1tico tiene una duraci\u00f3n de tres semanas.\u00a0<\/span><\/p>\n<p style=\"text-align: justify;\"><span style=\"font-weight: 400;\">Las personas asistentes se distribuir\u00e1n en cuatro comisiones, con distintos d\u00edas y horarios. En estos espacios se trabajar\u00e1n los contenidos del ciclo y los proyectos integradores que deber\u00e1n ser entregados al final de la formaci\u00f3n, buscando promover la participaci\u00f3n y el contacto e intercambio entre las personas que integran el grupo. Cada comisi\u00f3n contar\u00e1 con un\/a tutor\/a y un\/a mediador\/a cultural\u00a0 que gu\u00eden y acompa\u00f1en los procesos de aprendizaje e intercambio y las actividades.\u00a0<\/span><\/p>\n<p style=\"text-align: justify;\"><span style=\"font-weight: 400;\">La formaci\u00f3n a distancia se da a trav\u00e9s de la Plataforma Aula Cultura. Ah\u00ed se encontrar\u00e1n el programa, cronograma, foro, actividades, bibliograf\u00eda y videos del ciclo, as\u00ed como los links de ingreso para las clases sincr\u00f3nicas que se realizar\u00e1n por medio de la plataforma Zoom. Los encuentros semanales sincr\u00f3nicos son de car\u00e1cter obligatorio, debiendo cumplir con al menos un 75% de asistencia.<\/span><\/p>\n<p style=\"text-align: justify;\"><span style=\"font-weight: 400;\">El ciclo es una propuesta del Programa Territorio de Saberes de la Direcci\u00f3n Nacional de Formaci\u00f3n Cultural, perteneciente a la Secretar\u00eda de Gesti\u00f3n Cultural del Ministerio de Cultura de la Naci\u00f3n.\u00a0<\/span><\/p>\n<p style=\"text-align: justify;\">\n<p style=\"text-align: justify;\"><span style=\"font-weight: 400;\"><strong>M\u00e1s informaci\u00f3n<\/strong>:<\/span><a href=\"https:\/\/bit.ly\/36AXsV2?fbclid=IwAR0rjlHZw4jF2FHreenAqio7Rd7sZEm1Zl5EPTgHzt90EWyVgAGVBYG_IFI\"> <span style=\"font-weight: 400;\">https:\/\/bit.ly\/36AXsV2<\/span><\/a><\/p>\n<p style=\"text-align: justify;\">\n<h4 style=\"text-align: justify;\"><strong>(Fuente: Ministerio de Cultura de la Naci\u00f3n)<\/strong><\/h4>\n","protected":false},"excerpt":{"rendered":"<p>Se extendi\u00f3 hasta el lunes 11 de abril el plazo de la convocatoria de Territorio de Saberes, iniciativa del Ministerio de Cultura de Argentina que cuenta con el apoyo de [&hellip;]<\/p>\n","protected":false},"author":2,"featured_media":0,"comment_status":"closed","ping_status":"closed","sticky":false,"template":"","format":"standard","meta":{"_coblocks_attr":"","_coblocks_dimensions":"","_coblocks_responsive_height":"","_coblocks_accordion_ie_support":"","_EventAllDay":false,"_EventTimezone":"","_EventStartDate":"","_EventEndDate":"","_EventStartDateUTC":"","_EventEndDateUTC":"","_EventShowMap":false,"_EventShowMapLink":false,"_EventURL":"","_EventCost":"","_EventCostDescription":"","_EventCurrencySymbol":"","_EventCurrencyCode":"","_EventCurrencyPosition":"","_EventDateTimeSeparator":"","_EventTimeRangeSeparator":"","_EventOrganizerID":[],"_EventVenueID":[],"_OrganizerEmail":"","_OrganizerPhone":"","_OrganizerWebsite":"","_VenueAddress":"","_VenueCity":"","_VenueCountry":"","_VenueProvince":"","_VenueState":"","_VenueZip":"","_VenuePhone":"","_VenueURL":"","_VenueStateProvince":"","_VenueLat":"","_VenueLng":"","_VenueShowMap":false,"_VenueShowMapLink":false,"footnotes":""},"categories":[262],"tags":[295,260],"country-municipality":[],"class_list":["post-26876","post","type-post","status-publish","format-standard","hentry","category-noticias-es","tag-argentina-3","tag-formacion-2"],"yoast_head":"<!-- This site is optimized with the Yoast SEO plugin v25.7 - https:\/\/yoast.com\/wordpress\/plugins\/seo\/ -->\n<title>Se ampl\u00eda el plazo de inscripci\u00f3n a la convocatoria de Territorio de Saberes, en Argentina - IberCultura Viva<\/title>\n<meta name=\"description\" content=\"Se ampl\u00eda el plazo de inscripci\u00f3n a la convocatoria de Territorio de Saberes, en Argentina - IberCultura Viva\" \/>\n<meta name=\"robots\" content=\"index, follow, max-snippet:-1, max-image-preview:large, max-video-preview:-1\" \/>\n<link rel=\"canonical\" href=\"https:\/\/iberculturaviva.org\/es\/se-amplia-el-plazo-de-inscripcion-a-la-convocatoria-de-territorio-de-saberes-en-argentina\/\" \/>\n<meta property=\"og:locale\" content=\"es_ES\" \/>\n<meta property=\"og:type\" content=\"article\" \/>\n<meta property=\"og:title\" content=\"Se ampl\u00eda el plazo de inscripci\u00f3n a la convocatoria de Territorio de Saberes, en Argentina - IberCultura Viva\" \/>\n<meta property=\"og:description\" content=\"Se ampl\u00eda el plazo de inscripci\u00f3n a la convocatoria de Territorio de Saberes, en Argentina - IberCultura Viva\" \/>\n<meta property=\"og:url\" content=\"https:\/\/iberculturaviva.org\/es\/se-amplia-el-plazo-de-inscripcion-a-la-convocatoria-de-territorio-de-saberes-en-argentina\/\" \/>\n<meta property=\"og:site_name\" content=\"IberCultura Viva\" \/>\n<meta property=\"article:publisher\" content=\"https:\/\/www.facebook.com\/iberculturaviva\/\" \/>\n<meta property=\"article:published_time\" content=\"2022-04-07T00:58:06+00:00\" \/>\n<meta property=\"article:modified_time\" content=\"2022-04-07T00:59:07+00:00\" \/>\n<meta property=\"og:image\" content=\"https:\/\/iberculturaviva.org\/wp-content\/uploads\/2022\/04\/277810070_5015045221916520_4807886111209125571_n-960x960.jpg\" \/>\n<meta name=\"author\" content=\"IberCultura\" \/>\n<meta name=\"twitter:card\" content=\"summary_large_image\" \/>\n<meta name=\"twitter:label1\" content=\"Escrito por\" \/>\n\t<meta name=\"twitter:data1\" content=\"IberCultura\" \/>\n\t<meta name=\"twitter:label2\" content=\"Tiempo de lectura\" \/>\n\t<meta name=\"twitter:data2\" content=\"3 minutos\" \/>\n<script type=\"application\/ld+json\" class=\"yoast-schema-graph\">{\"@context\":\"https:\/\/schema.org\",\"@graph\":[{\"@type\":\"Article\",\"@id\":\"https:\/\/iberculturaviva.org\/es\/se-amplia-el-plazo-de-inscripcion-a-la-convocatoria-de-territorio-de-saberes-en-argentina\/#article\",\"isPartOf\":{\"@id\":\"https:\/\/iberculturaviva.org\/es\/se-amplia-el-plazo-de-inscripcion-a-la-convocatoria-de-territorio-de-saberes-en-argentina\/\"},\"author\":{\"name\":\"IberCultura\",\"@id\":\"https:\/\/iberculturaviva.org\/es\/?lang=es\/#\/schema\/person\/5d1313b072cc25536e0431522f740b59\"},\"headline\":\"Se ampl\u00eda el plazo de inscripci\u00f3n a la convocatoria de Territorio de Saberes, en Argentina\",\"datePublished\":\"2022-04-07T00:58:06+00:00\",\"dateModified\":\"2022-04-07T00:59:07+00:00\",\"mainEntityOfPage\":{\"@id\":\"https:\/\/iberculturaviva.org\/es\/se-amplia-el-plazo-de-inscripcion-a-la-convocatoria-de-territorio-de-saberes-en-argentina\/\"},\"wordCount\":407,\"publisher\":{\"@id\":\"https:\/\/iberculturaviva.org\/es\/?lang=es\/#organization\"},\"image\":{\"@id\":\"https:\/\/iberculturaviva.org\/es\/se-amplia-el-plazo-de-inscripcion-a-la-convocatoria-de-territorio-de-saberes-en-argentina\/#primaryimage\"},\"thumbnailUrl\":\"https:\/\/iberculturaviva.org\/wp-content\/uploads\/2022\/04\/277810070_5015045221916520_4807886111209125571_n-960x960.jpg\",\"keywords\":[\"Argentina\",\"formaci\u00f3n\"],\"articleSection\":[\"Noticias\"],\"inLanguage\":\"es\"},{\"@type\":\"WebPage\",\"@id\":\"https:\/\/iberculturaviva.org\/es\/se-amplia-el-plazo-de-inscripcion-a-la-convocatoria-de-territorio-de-saberes-en-argentina\/\",\"url\":\"https:\/\/iberculturaviva.org\/es\/se-amplia-el-plazo-de-inscripcion-a-la-convocatoria-de-territorio-de-saberes-en-argentina\/\",\"name\":\"Se ampl\u00eda el plazo de inscripci\u00f3n a la convocatoria de Territorio de Saberes, en Argentina - IberCultura Viva\",\"isPartOf\":{\"@id\":\"https:\/\/iberculturaviva.org\/es\/?lang=es\/#website\"},\"primaryImageOfPage\":{\"@id\":\"https:\/\/iberculturaviva.org\/es\/se-amplia-el-plazo-de-inscripcion-a-la-convocatoria-de-territorio-de-saberes-en-argentina\/#primaryimage\"},\"image\":{\"@id\":\"https:\/\/iberculturaviva.org\/es\/se-amplia-el-plazo-de-inscripcion-a-la-convocatoria-de-territorio-de-saberes-en-argentina\/#primaryimage\"},\"thumbnailUrl\":\"https:\/\/iberculturaviva.org\/wp-content\/uploads\/2022\/04\/277810070_5015045221916520_4807886111209125571_n-960x960.jpg\",\"datePublished\":\"2022-04-07T00:58:06+00:00\",\"dateModified\":\"2022-04-07T00:59:07+00:00\",\"description\":\"Se ampl\u00eda el plazo de inscripci\u00f3n a la convocatoria de Territorio de Saberes, en Argentina - IberCultura Viva\",\"breadcrumb\":{\"@id\":\"https:\/\/iberculturaviva.org\/es\/se-amplia-el-plazo-de-inscripcion-a-la-convocatoria-de-territorio-de-saberes-en-argentina\/#breadcrumb\"},\"inLanguage\":\"es\",\"potentialAction\":[{\"@type\":\"ReadAction\",\"target\":[\"https:\/\/iberculturaviva.org\/es\/se-amplia-el-plazo-de-inscripcion-a-la-convocatoria-de-territorio-de-saberes-en-argentina\/\"]}]},{\"@type\":\"ImageObject\",\"inLanguage\":\"es\",\"@id\":\"https:\/\/iberculturaviva.org\/es\/se-amplia-el-plazo-de-inscripcion-a-la-convocatoria-de-territorio-de-saberes-en-argentina\/#primaryimage\",\"url\":\"https:\/\/iberculturaviva.org\/wp-content\/uploads\/2022\/04\/277810070_5015045221916520_4807886111209125571_n-960x960.jpg\",\"contentUrl\":\"https:\/\/iberculturaviva.org\/wp-content\/uploads\/2022\/04\/277810070_5015045221916520_4807886111209125571_n-960x960.jpg\"},{\"@type\":\"BreadcrumbList\",\"@id\":\"https:\/\/iberculturaviva.org\/es\/se-amplia-el-plazo-de-inscripcion-a-la-convocatoria-de-territorio-de-saberes-en-argentina\/#breadcrumb\",\"itemListElement\":[{\"@type\":\"ListItem\",\"position\":1,\"name\":\"In\u00edcio\",\"item\":\"https:\/\/iberculturaviva.org\/es\/inicio\/\"},{\"@type\":\"ListItem\",\"position\":2,\"name\":\"Se ampl\u00eda el plazo de inscripci\u00f3n a la convocatoria de Territorio de Saberes, en Argentina\"}]},{\"@type\":\"WebSite\",\"@id\":\"https:\/\/iberculturaviva.org\/es\/?lang=es\/#website\",\"url\":\"https:\/\/iberculturaviva.org\/es\/?lang=es\/\",\"name\":\"IberCultura Viva\",\"description\":\"Programa de cooperaci\u00f3n cultural\",\"publisher\":{\"@id\":\"https:\/\/iberculturaviva.org\/es\/?lang=es\/#organization\"},\"potentialAction\":[{\"@type\":\"SearchAction\",\"target\":{\"@type\":\"EntryPoint\",\"urlTemplate\":\"https:\/\/iberculturaviva.org\/es\/?lang=es\/?s={search_term_string}\"},\"query-input\":{\"@type\":\"PropertyValueSpecification\",\"valueRequired\":true,\"valueName\":\"search_term_string\"}}],\"inLanguage\":\"es\"},{\"@type\":\"Organization\",\"@id\":\"https:\/\/iberculturaviva.org\/es\/?lang=es\/#organization\",\"name\":\"Iberculturaviva\",\"url\":\"https:\/\/iberculturaviva.org\/es\/?lang=es\/\",\"logo\":{\"@type\":\"ImageObject\",\"inLanguage\":\"es\",\"@id\":\"https:\/\/iberculturaviva.org\/es\/?lang=es\/#\/schema\/logo\/image\/\",\"url\":\"https:\/\/iberculturaviva.org\/wp-content\/uploads\/2021\/08\/logo_ibercultura_viva.jpg\",\"contentUrl\":\"https:\/\/iberculturaviva.org\/wp-content\/uploads\/2021\/08\/logo_ibercultura_viva.jpg\",\"width\":708,\"height\":223,\"caption\":\"Iberculturaviva\"},\"image\":{\"@id\":\"https:\/\/iberculturaviva.org\/es\/?lang=es\/#\/schema\/logo\/image\/\"},\"sameAs\":[\"https:\/\/www.facebook.com\/iberculturaviva\/\",\"https:\/\/www.instagram.com\/iberculturaviva\/\",\"https:\/\/www.youtube.com\/iberculturaviva\"]},{\"@type\":\"Person\",\"@id\":\"https:\/\/iberculturaviva.org\/es\/?lang=es\/#\/schema\/person\/5d1313b072cc25536e0431522f740b59\",\"name\":\"IberCultura\",\"image\":{\"@type\":\"ImageObject\",\"inLanguage\":\"es\",\"@id\":\"https:\/\/iberculturaviva.org\/es\/?lang=es\/#\/schema\/person\/image\/\",\"url\":\"https:\/\/secure.gravatar.com\/avatar\/79f1a057cb125cbefb3765d0356d52fc7f3bba3a35e2cf22bc4de090bb7aef70?s=96&d=mm&r=g\",\"contentUrl\":\"https:\/\/secure.gravatar.com\/avatar\/79f1a057cb125cbefb3765d0356d52fc7f3bba3a35e2cf22bc4de090bb7aef70?s=96&d=mm&r=g\",\"caption\":\"IberCultura\"}}]}<\/script>\n<!-- \/ Yoast SEO plugin. -->","yoast_head_json":{"title":"Se ampl\u00eda el plazo de inscripci\u00f3n a la convocatoria de Territorio de Saberes, en Argentina - IberCultura Viva","description":"Se ampl\u00eda el plazo de inscripci\u00f3n a la convocatoria de Territorio de Saberes, en Argentina - IberCultura Viva","robots":{"index":"index","follow":"follow","max-snippet":"max-snippet:-1","max-image-preview":"max-image-preview:large","max-video-preview":"max-video-preview:-1"},"canonical":"https:\/\/iberculturaviva.org\/es\/se-amplia-el-plazo-de-inscripcion-a-la-convocatoria-de-territorio-de-saberes-en-argentina\/","og_locale":"es_ES","og_type":"article","og_title":"Se ampl\u00eda el plazo de inscripci\u00f3n a la convocatoria de Territorio de Saberes, en Argentina - IberCultura Viva","og_description":"Se ampl\u00eda el plazo de inscripci\u00f3n a la convocatoria de Territorio de Saberes, en Argentina - IberCultura Viva","og_url":"https:\/\/iberculturaviva.org\/es\/se-amplia-el-plazo-de-inscripcion-a-la-convocatoria-de-territorio-de-saberes-en-argentina\/","og_site_name":"IberCultura Viva","article_publisher":"https:\/\/www.facebook.com\/iberculturaviva\/","article_published_time":"2022-04-07T00:58:06+00:00","article_modified_time":"2022-04-07T00:59:07+00:00","og_image":[{"url":"https:\/\/iberculturaviva.org\/wp-content\/uploads\/2022\/04\/277810070_5015045221916520_4807886111209125571_n-960x960.jpg","type":"","width":"","height":""}],"author":"IberCultura","twitter_card":"summary_large_image","twitter_misc":{"Escrito por":"IberCultura","Tiempo de lectura":"3 minutos"},"schema":{"@context":"https:\/\/schema.org","@graph":[{"@type":"Article","@id":"https:\/\/iberculturaviva.org\/es\/se-amplia-el-plazo-de-inscripcion-a-la-convocatoria-de-territorio-de-saberes-en-argentina\/#article","isPartOf":{"@id":"https:\/\/iberculturaviva.org\/es\/se-amplia-el-plazo-de-inscripcion-a-la-convocatoria-de-territorio-de-saberes-en-argentina\/"},"author":{"name":"IberCultura","@id":"https:\/\/iberculturaviva.org\/es\/?lang=es\/#\/schema\/person\/5d1313b072cc25536e0431522f740b59"},"headline":"Se ampl\u00eda el plazo de inscripci\u00f3n a la convocatoria de Territorio de Saberes, en Argentina","datePublished":"2022-04-07T00:58:06+00:00","dateModified":"2022-04-07T00:59:07+00:00","mainEntityOfPage":{"@id":"https:\/\/iberculturaviva.org\/es\/se-amplia-el-plazo-de-inscripcion-a-la-convocatoria-de-territorio-de-saberes-en-argentina\/"},"wordCount":407,"publisher":{"@id":"https:\/\/iberculturaviva.org\/es\/?lang=es\/#organization"},"image":{"@id":"https:\/\/iberculturaviva.org\/es\/se-amplia-el-plazo-de-inscripcion-a-la-convocatoria-de-territorio-de-saberes-en-argentina\/#primaryimage"},"thumbnailUrl":"https:\/\/iberculturaviva.org\/wp-content\/uploads\/2022\/04\/277810070_5015045221916520_4807886111209125571_n-960x960.jpg","keywords":["Argentina","formaci\u00f3n"],"articleSection":["Noticias"],"inLanguage":"es"},{"@type":"WebPage","@id":"https:\/\/iberculturaviva.org\/es\/se-amplia-el-plazo-de-inscripcion-a-la-convocatoria-de-territorio-de-saberes-en-argentina\/","url":"https:\/\/iberculturaviva.org\/es\/se-amplia-el-plazo-de-inscripcion-a-la-convocatoria-de-territorio-de-saberes-en-argentina\/","name":"Se ampl\u00eda el plazo de inscripci\u00f3n a la convocatoria de Territorio de Saberes, en Argentina - IberCultura Viva","isPartOf":{"@id":"https:\/\/iberculturaviva.org\/es\/?lang=es\/#website"},"primaryImageOfPage":{"@id":"https:\/\/iberculturaviva.org\/es\/se-amplia-el-plazo-de-inscripcion-a-la-convocatoria-de-territorio-de-saberes-en-argentina\/#primaryimage"},"image":{"@id":"https:\/\/iberculturaviva.org\/es\/se-amplia-el-plazo-de-inscripcion-a-la-convocatoria-de-territorio-de-saberes-en-argentina\/#primaryimage"},"thumbnailUrl":"https:\/\/iberculturaviva.org\/wp-content\/uploads\/2022\/04\/277810070_5015045221916520_4807886111209125571_n-960x960.jpg","datePublished":"2022-04-07T00:58:06+00:00","dateModified":"2022-04-07T00:59:07+00:00","description":"Se ampl\u00eda el plazo de inscripci\u00f3n a la convocatoria de Territorio de Saberes, en Argentina - IberCultura Viva","breadcrumb":{"@id":"https:\/\/iberculturaviva.org\/es\/se-amplia-el-plazo-de-inscripcion-a-la-convocatoria-de-territorio-de-saberes-en-argentina\/#breadcrumb"},"inLanguage":"es","potentialAction":[{"@type":"ReadAction","target":["https:\/\/iberculturaviva.org\/es\/se-amplia-el-plazo-de-inscripcion-a-la-convocatoria-de-territorio-de-saberes-en-argentina\/"]}]},{"@type":"ImageObject","inLanguage":"es","@id":"https:\/\/iberculturaviva.org\/es\/se-amplia-el-plazo-de-inscripcion-a-la-convocatoria-de-territorio-de-saberes-en-argentina\/#primaryimage","url":"https:\/\/iberculturaviva.org\/wp-content\/uploads\/2022\/04\/277810070_5015045221916520_4807886111209125571_n-960x960.jpg","contentUrl":"https:\/\/iberculturaviva.org\/wp-content\/uploads\/2022\/04\/277810070_5015045221916520_4807886111209125571_n-960x960.jpg"},{"@type":"BreadcrumbList","@id":"https:\/\/iberculturaviva.org\/es\/se-amplia-el-plazo-de-inscripcion-a-la-convocatoria-de-territorio-de-saberes-en-argentina\/#breadcrumb","itemListElement":[{"@type":"ListItem","position":1,"name":"In\u00edcio","item":"https:\/\/iberculturaviva.org\/es\/inicio\/"},{"@type":"ListItem","position":2,"name":"Se ampl\u00eda el plazo de inscripci\u00f3n a la convocatoria de Territorio de Saberes, en Argentina"}]},{"@type":"WebSite","@id":"https:\/\/iberculturaviva.org\/es\/?lang=es\/#website","url":"https:\/\/iberculturaviva.org\/es\/?lang=es\/","name":"IberCultura Viva","description":"Programa de cooperaci\u00f3n cultural","publisher":{"@id":"https:\/\/iberculturaviva.org\/es\/?lang=es\/#organization"},"potentialAction":[{"@type":"SearchAction","target":{"@type":"EntryPoint","urlTemplate":"https:\/\/iberculturaviva.org\/es\/?lang=es\/?s={search_term_string}"},"query-input":{"@type":"PropertyValueSpecification","valueRequired":true,"valueName":"search_term_string"}}],"inLanguage":"es"},{"@type":"Organization","@id":"https:\/\/iberculturaviva.org\/es\/?lang=es\/#organization","name":"Iberculturaviva","url":"https:\/\/iberculturaviva.org\/es\/?lang=es\/","logo":{"@type":"ImageObject","inLanguage":"es","@id":"https:\/\/iberculturaviva.org\/es\/?lang=es\/#\/schema\/logo\/image\/","url":"https:\/\/iberculturaviva.org\/wp-content\/uploads\/2021\/08\/logo_ibercultura_viva.jpg","contentUrl":"https:\/\/iberculturaviva.org\/wp-content\/uploads\/2021\/08\/logo_ibercultura_viva.jpg","width":708,"height":223,"caption":"Iberculturaviva"},"image":{"@id":"https:\/\/iberculturaviva.org\/es\/?lang=es\/#\/schema\/logo\/image\/"},"sameAs":["https:\/\/www.facebook.com\/iberculturaviva\/","https:\/\/www.instagram.com\/iberculturaviva\/","https:\/\/www.youtube.com\/iberculturaviva"]},{"@type":"Person","@id":"https:\/\/iberculturaviva.org\/es\/?lang=es\/#\/schema\/person\/5d1313b072cc25536e0431522f740b59","name":"IberCultura","image":{"@type":"ImageObject","inLanguage":"es","@id":"https:\/\/iberculturaviva.org\/es\/?lang=es\/#\/schema\/person\/image\/","url":"https:\/\/secure.gravatar.com\/avatar\/79f1a057cb125cbefb3765d0356d52fc7f3bba3a35e2cf22bc4de090bb7aef70?s=96&d=mm&r=g","contentUrl":"https:\/\/secure.gravatar.com\/avatar\/79f1a057cb125cbefb3765d0356d52fc7f3bba3a35e2cf22bc4de090bb7aef70?s=96&d=mm&r=g","caption":"IberCultura"}}]}},"main_category":{"link":"https:\/\/iberculturaviva.org\/es\/category\/noticias-es\/","name":"Noticias","slug":"noticias-es"},"_links":{"self":[{"href":"https:\/\/iberculturaviva.org\/es\/wp-json\/wp\/v2\/posts\/26876","targetHints":{"allow":["GET"]}}],"collection":[{"href":"https:\/\/iberculturaviva.org\/es\/wp-json\/wp\/v2\/posts"}],"about":[{"href":"https:\/\/iberculturaviva.org\/es\/wp-json\/wp\/v2\/types\/post"}],"author":[{"embeddable":true,"href":"https:\/\/iberculturaviva.org\/es\/wp-json\/wp\/v2\/users\/2"}],"replies":[{"embeddable":true,"href":"https:\/\/iberculturaviva.org\/es\/wp-json\/wp\/v2\/comments?post=26876"}],"version-history":[{"count":2,"href":"https:\/\/iberculturaviva.org\/es\/wp-json\/wp\/v2\/posts\/26876\/revisions"}],"predecessor-version":[{"id":26880,"href":"https:\/\/iberculturaviva.org\/es\/wp-json\/wp\/v2\/posts\/26876\/revisions\/26880"}],"wp:attachment":[{"href":"https:\/\/iberculturaviva.org\/es\/wp-json\/wp\/v2\/media?parent=26876"}],"wp:term":[{"taxonomy":"category","embeddable":true,"href":"https:\/\/iberculturaviva.org\/es\/wp-json\/wp\/v2\/categories?post=26876"},{"taxonomy":"post_tag","embeddable":true,"href":"https:\/\/iberculturaviva.org\/es\/wp-json\/wp\/v2\/tags?post=26876"},{"taxonomy":"country-municipality","embeddable":true,"href":"https:\/\/iberculturaviva.org\/es\/wp-json\/wp\/v2\/country-municipality?post=26876"}],"curies":[{"name":"wp","href":"https:\/\/api.w.org\/{rel}","templated":true}]}}