{"id":26602,"date":"2022-03-10T22:02:36","date_gmt":"2022-03-11T01:02:36","guid":{"rendered":"https:\/\/iberculturaviva.org\/?p=26602"},"modified":"2022-03-10T22:02:38","modified_gmt":"2022-03-11T01:02:38","slug":"participantes-de-la-red-de-ciudades-y-gobiernos-locales-se-reunen-para-ordenar-las-acciones-de-2022","status":"publish","type":"post","link":"https:\/\/iberculturaviva.org\/es\/participantes-de-la-red-de-ciudades-y-gobiernos-locales-se-reunen-para-ordenar-las-acciones-de-2022\/","title":{"rendered":"Participantes de la Red de Ciudades y Gobiernos Locales se re\u00fanen para ordenar las acciones de 2022"},"content":{"rendered":"<p style=\"text-align: justify;\"><span style=\"font-weight: 400;\">Este jueves 10 de marzo, la Red IberCultura Viva de Ciudades y Gobiernos Locales se reuni\u00f3 por primera vez este a\u00f1o para empezar a ordenar las acciones previstas para 2022. Participaron en este encuentro virtual 19 personas. Estaban presentes representantes de 12 ciudades y provincias integrantes de la red (inclusive las mexicanas Guadalajara y Nueva Ciudad Guerrero, que ahora se incorporan al grupo), adem\u00e1s de representantes de los gobiernos de Chile y M\u00e9xico y el equipo de la Unidad T\u00e9cnica.\u00a0<\/span><\/p>\n<p style=\"text-align: justify;\"><span style=\"font-weight: 400;\">Alexandre Santini, subsecretario de las Culturas de la ciudad de Niter\u00f3i (R\u00edo de Janeiro, Brasil), inici\u00f3 la reuni\u00f3n presentando la programaci\u00f3n del ciclo de video di\u00e1logos \u201cDerechos Culturales y Cultura Viva\u201d, que hab\u00eda sido propuesto en 2021 por la Comisi\u00f3n de Formaci\u00f3n y ahora est\u00e1 con su formato y calendario definidos. La iniciativa es una colaboraci\u00f3n de la red con la Secretar\u00eda Municipal de las Culturas de Niter\u00f3i.<\/span><\/p>\n<p style=\"text-align: justify;\"><span style=\"font-weight: 400;\">Estos webinarios se llevar\u00e1n a cabo semanalmente, los lunes, del 16 de mayo al 20 de junio, con transmisi\u00f3n en vivo por internet. Los di\u00e1logos contar\u00e1n con cuatro o cinco personas conversadoras y una moderadora en la sala de videoconferencia, cada una con 15 a 20 minutos para sus intervenciones por experiencia, propuesta o buena pr\u00e1ctica, y un espacio para preguntas y respuestas.\u00a0<\/span><\/p>\n<p style=\"text-align: justify;\"><span style=\"font-weight: 400;\">Est\u00e1n previstas cinco sesiones en torno de tres temas centrales: 1) \u00abMarco general de los derechos culturales y paradigma de la cultura viva\u00bb; 2) Instrumentos para la garant\u00eda de los derechos culturales y para la promoci\u00f3n de la cultura viva\u201d; 3) \u201cPol\u00edticas culturales de base comunitaria en la Red IberCultura Viva de Ciudades y Gobiernos Locales\u201d. Una sexta sesi\u00f3n estar\u00e1 dedicada al Laboratorio \u201cHacia una C\u00e1tedra UNESCO sobre Derechos Culturales, Equidad Territorial y Cultura Viva\u201d.<\/span><\/p>\n<p style=\"text-align: justify;\"><span style=\"font-weight: 400;\">El prop\u00f3sito de esta \u00faltima sesi\u00f3n, en formato de laboratorio, es identificar pertinencia, posibilidades, alianzas, sinergias, partenariado, necesidades y requerimientos, as\u00ed como elaborar un plan o calendario de trabajo para el dise\u00f1o y presentaci\u00f3n de la propuesta ante la UNESCO. Esta actividad tendr\u00e1 participaci\u00f3n extendida a integrantes de la Red de Ciudades y Gobiernos Locales, con previo registro.<\/span><\/p>\n<p style=\"text-align: justify;\"><span style=\"font-weight: 400;\">Adem\u00e1s de estos webinarios propuestos por la Comisi\u00f3n de Formaci\u00f3n, la Red de Ciudades y Gobiernos Locales deber\u00e1 articular alguna manera de participar de dos importantes eventos programados para este a\u00f1o: Mondiacult, la Conferencia Mundial de Pol\u00edticas Culturales, que se realizar\u00e1 en M\u00e9xico en septiembre, y el 5\u00ba Congreso Latinoamericano de Cultura Viva Comunitaria, que tendr\u00e1 lugar en Per\u00fa en octubre.\u00a0<\/span><\/p>\n<p style=\"text-align: justify;\"><span style=\"font-weight: 400;\">Federico Prieto, que es representante de la provincia de Entre R\u00edos (Argentina) y portavoz de la Comisi\u00f3n de Articulaci\u00f3n y Sistematizaci\u00f3n, estar\u00e1 encargado de articular con la comisi\u00f3n organizadora del congreso en Per\u00fa la realizaci\u00f3n de alguna actividad de la red en el marco del encuentro. En el caso de Mondiacult qued\u00f3 pendiente pensar en posibilidades de acciones espec\u00edficas sobre el aporte de la cultura comunitaria en las pol\u00edticas culturales, tal vez por medio de una publicaci\u00f3n o un encuentro virtual.<\/span><\/p>\n<p style=\"text-align: justify;\"><span style=\"font-weight: 400;\">Otro evento mencionado en la reuni\u00f3n como algo para poner en la agenda es el Primer Encuentro Patag\u00f3nico de Cultura Viva, que se realizar\u00e1 los d\u00edas 29 y 30 de abril y el 1\u00ba de mayo. Liliana Peralta, secretaria de Cultura de Comodoro Rivadavia (Argentina) e integrante de la Comisi\u00f3n de Comunicaci\u00f3n, coment\u00f3 que se estima en 150 y 200 el n\u00famero de hacedores y hacedoras culturales de la Patagonia que participar\u00e1n en este encuentro, y que tambi\u00e9n espera contar con la presencia de algunos miembros de la red, para que cuenten lo que\u00a0 se est\u00e1 haciendo desde la red en diferentes pa\u00edses en materia de pol\u00edticas culturales de base comunitaria.<\/span><\/p>\n<p><a href=\"https:\/\/iberculturaviva.org\/wp-content\/uploads\/2022\/03\/redciudades-100322.png\"><img loading=\"lazy\" decoding=\"async\" class=\"aligncenter size-large wp-image-26605\" src=\"https:\/\/iberculturaviva.org\/wp-content\/uploads\/2022\/03\/redciudades-100322-960x585.png\" alt=\"\" width=\"640\" height=\"390\" srcset=\"https:\/\/iberculturaviva.org\/wp-content\/uploads\/2022\/03\/redciudades-100322-960x585.png 960w, https:\/\/iberculturaviva.org\/wp-content\/uploads\/2022\/03\/redciudades-100322-768x468.png 768w, https:\/\/iberculturaviva.org\/wp-content\/uploads\/2022\/03\/redciudades-100322-125x76.png 125w, https:\/\/iberculturaviva.org\/wp-content\/uploads\/2022\/03\/redciudades-100322-529x322.png 529w, https:\/\/iberculturaviva.org\/wp-content\/uploads\/2022\/03\/redciudades-100322.png 1328w\" sizes=\"auto, (max-width: 640px) 100vw, 640px\" \/><\/a><\/p>\n","protected":false},"excerpt":{"rendered":"<p>Este jueves 10 de marzo, la Red IberCultura Viva de Ciudades y Gobiernos Locales se reuni\u00f3 por primera vez este a\u00f1o para empezar a ordenar las acciones previstas para 2022. [&hellip;]<\/p>\n","protected":false},"author":2,"featured_media":26603,"comment_status":"closed","ping_status":"closed","sticky":false,"template":"","format":"standard","meta":{"_coblocks_attr":"","_coblocks_dimensions":"","_coblocks_responsive_height":"","_coblocks_accordion_ie_support":"","_EventAllDay":false,"_EventTimezone":"","_EventStartDate":"","_EventEndDate":"","_EventStartDateUTC":"","_EventEndDateUTC":"","_EventShowMap":false,"_EventShowMapLink":false,"_EventURL":"","_EventCost":"","_EventCostDescription":"","_EventCurrencySymbol":"","_EventCurrencyCode":"","_EventCurrencyPosition":"","_EventDateTimeSeparator":"","_EventTimeRangeSeparator":"","_EventOrganizerID":[],"_EventVenueID":[],"_OrganizerEmail":"","_OrganizerPhone":"","_OrganizerWebsite":"","_VenueAddress":"","_VenueCity":"","_VenueCountry":"","_VenueProvince":"","_VenueState":"","_VenueZip":"","_VenuePhone":"","_VenueURL":"","_VenueStateProvince":"","_VenueLat":"","_VenueLng":"","_VenueShowMap":false,"_VenueShowMapLink":false,"footnotes":""},"categories":[262],"tags":[298],"country-municipality":[],"class_list":["post-26602","post","type-post","status-publish","format-standard","has-post-thumbnail","hentry","category-noticias-es","tag-red-de-ciudades-2"],"yoast_head":"<!-- This site is optimized with the Yoast SEO plugin v25.7 - https:\/\/yoast.com\/wordpress\/plugins\/seo\/ -->\n<title>Participantes de la Red de Ciudades y Gobiernos Locales se re\u00fanen para ordenar las acciones de 2022 - IberCultura Viva<\/title>\n<meta name=\"description\" content=\"Participantes de la Red de Ciudades y Gobiernos Locales se re\u00fanen para ordenar las acciones de 2022 - IberCultura Viva\" \/>\n<meta name=\"robots\" content=\"index, follow, max-snippet:-1, max-image-preview:large, max-video-preview:-1\" \/>\n<link rel=\"canonical\" href=\"https:\/\/iberculturaviva.org\/es\/participantes-de-la-red-de-ciudades-y-gobiernos-locales-se-reunen-para-ordenar-las-acciones-de-2022\/\" \/>\n<meta property=\"og:locale\" content=\"es_ES\" \/>\n<meta property=\"og:type\" content=\"article\" \/>\n<meta property=\"og:title\" content=\"Participantes de la Red de Ciudades y Gobiernos Locales se re\u00fanen para ordenar las acciones de 2022 - IberCultura Viva\" \/>\n<meta property=\"og:description\" content=\"Participantes de la Red de Ciudades y Gobiernos Locales se re\u00fanen para ordenar las acciones de 2022 - IberCultura Viva\" \/>\n<meta property=\"og:url\" content=\"https:\/\/iberculturaviva.org\/es\/participantes-de-la-red-de-ciudades-y-gobiernos-locales-se-reunen-para-ordenar-las-acciones-de-2022\/\" \/>\n<meta property=\"og:site_name\" content=\"IberCultura Viva\" \/>\n<meta property=\"article:publisher\" content=\"https:\/\/www.facebook.com\/iberculturaviva\/\" \/>\n<meta property=\"article:published_time\" content=\"2022-03-11T01:02:36+00:00\" \/>\n<meta property=\"article:modified_time\" content=\"2022-03-11T01:02:38+00:00\" \/>\n<meta property=\"og:image\" content=\"https:\/\/iberculturaviva.org\/wp-content\/uploads\/2022\/03\/redciudades-1-100322.png\" \/>\n\t<meta property=\"og:image:width\" content=\"1331\" \/>\n\t<meta property=\"og:image:height\" content=\"851\" \/>\n\t<meta property=\"og:image:type\" content=\"image\/png\" \/>\n<meta name=\"author\" content=\"IberCultura\" \/>\n<meta name=\"twitter:card\" content=\"summary_large_image\" \/>\n<meta name=\"twitter:label1\" content=\"Escrito por\" \/>\n\t<meta name=\"twitter:data1\" content=\"IberCultura\" \/>\n\t<meta name=\"twitter:label2\" content=\"Tiempo de lectura\" \/>\n\t<meta name=\"twitter:data2\" content=\"4 minutos\" \/>\n<script type=\"application\/ld+json\" class=\"yoast-schema-graph\">{\"@context\":\"https:\/\/schema.org\",\"@graph\":[{\"@type\":\"Article\",\"@id\":\"https:\/\/iberculturaviva.org\/es\/participantes-de-la-red-de-ciudades-y-gobiernos-locales-se-reunen-para-ordenar-las-acciones-de-2022\/#article\",\"isPartOf\":{\"@id\":\"https:\/\/iberculturaviva.org\/es\/participantes-de-la-red-de-ciudades-y-gobiernos-locales-se-reunen-para-ordenar-las-acciones-de-2022\/\"},\"author\":{\"name\":\"IberCultura\",\"@id\":\"https:\/\/iberculturaviva.org\/es\/?lang=es\/#\/schema\/person\/5d1313b072cc25536e0431522f740b59\"},\"headline\":\"Participantes de la Red de Ciudades y Gobiernos Locales se re\u00fanen para ordenar las acciones de 2022\",\"datePublished\":\"2022-03-11T01:02:36+00:00\",\"dateModified\":\"2022-03-11T01:02:38+00:00\",\"mainEntityOfPage\":{\"@id\":\"https:\/\/iberculturaviva.org\/es\/participantes-de-la-red-de-ciudades-y-gobiernos-locales-se-reunen-para-ordenar-las-acciones-de-2022\/\"},\"wordCount\":652,\"publisher\":{\"@id\":\"https:\/\/iberculturaviva.org\/es\/?lang=es\/#organization\"},\"image\":{\"@id\":\"https:\/\/iberculturaviva.org\/es\/participantes-de-la-red-de-ciudades-y-gobiernos-locales-se-reunen-para-ordenar-las-acciones-de-2022\/#primaryimage\"},\"thumbnailUrl\":\"https:\/\/iberculturaviva.org\/wp-content\/uploads\/2022\/03\/redciudades-1-100322.png\",\"keywords\":[\"Red de Ciudades\"],\"articleSection\":[\"Noticias\"],\"inLanguage\":\"es\"},{\"@type\":\"WebPage\",\"@id\":\"https:\/\/iberculturaviva.org\/es\/participantes-de-la-red-de-ciudades-y-gobiernos-locales-se-reunen-para-ordenar-las-acciones-de-2022\/\",\"url\":\"https:\/\/iberculturaviva.org\/es\/participantes-de-la-red-de-ciudades-y-gobiernos-locales-se-reunen-para-ordenar-las-acciones-de-2022\/\",\"name\":\"Participantes de la Red de Ciudades y Gobiernos Locales se re\u00fanen para ordenar las acciones de 2022 - IberCultura Viva\",\"isPartOf\":{\"@id\":\"https:\/\/iberculturaviva.org\/es\/?lang=es\/#website\"},\"primaryImageOfPage\":{\"@id\":\"https:\/\/iberculturaviva.org\/es\/participantes-de-la-red-de-ciudades-y-gobiernos-locales-se-reunen-para-ordenar-las-acciones-de-2022\/#primaryimage\"},\"image\":{\"@id\":\"https:\/\/iberculturaviva.org\/es\/participantes-de-la-red-de-ciudades-y-gobiernos-locales-se-reunen-para-ordenar-las-acciones-de-2022\/#primaryimage\"},\"thumbnailUrl\":\"https:\/\/iberculturaviva.org\/wp-content\/uploads\/2022\/03\/redciudades-1-100322.png\",\"datePublished\":\"2022-03-11T01:02:36+00:00\",\"dateModified\":\"2022-03-11T01:02:38+00:00\",\"description\":\"Participantes de la Red de Ciudades y Gobiernos Locales se re\u00fanen para ordenar las acciones de 2022 - IberCultura Viva\",\"breadcrumb\":{\"@id\":\"https:\/\/iberculturaviva.org\/es\/participantes-de-la-red-de-ciudades-y-gobiernos-locales-se-reunen-para-ordenar-las-acciones-de-2022\/#breadcrumb\"},\"inLanguage\":\"es\",\"potentialAction\":[{\"@type\":\"ReadAction\",\"target\":[\"https:\/\/iberculturaviva.org\/es\/participantes-de-la-red-de-ciudades-y-gobiernos-locales-se-reunen-para-ordenar-las-acciones-de-2022\/\"]}]},{\"@type\":\"ImageObject\",\"inLanguage\":\"es\",\"@id\":\"https:\/\/iberculturaviva.org\/es\/participantes-de-la-red-de-ciudades-y-gobiernos-locales-se-reunen-para-ordenar-las-acciones-de-2022\/#primaryimage\",\"url\":\"https:\/\/iberculturaviva.org\/wp-content\/uploads\/2022\/03\/redciudades-1-100322.png\",\"contentUrl\":\"https:\/\/iberculturaviva.org\/wp-content\/uploads\/2022\/03\/redciudades-1-100322.png\",\"width\":1331,\"height\":851},{\"@type\":\"BreadcrumbList\",\"@id\":\"https:\/\/iberculturaviva.org\/es\/participantes-de-la-red-de-ciudades-y-gobiernos-locales-se-reunen-para-ordenar-las-acciones-de-2022\/#breadcrumb\",\"itemListElement\":[{\"@type\":\"ListItem\",\"position\":1,\"name\":\"In\u00edcio\",\"item\":\"https:\/\/iberculturaviva.org\/es\/inicio\/\"},{\"@type\":\"ListItem\",\"position\":2,\"name\":\"Participantes de la Red de Ciudades y Gobiernos Locales se re\u00fanen para ordenar las acciones de 2022\"}]},{\"@type\":\"WebSite\",\"@id\":\"https:\/\/iberculturaviva.org\/es\/?lang=es\/#website\",\"url\":\"https:\/\/iberculturaviva.org\/es\/?lang=es\/\",\"name\":\"IberCultura Viva\",\"description\":\"Programa de cooperaci\u00f3n cultural\",\"publisher\":{\"@id\":\"https:\/\/iberculturaviva.org\/es\/?lang=es\/#organization\"},\"potentialAction\":[{\"@type\":\"SearchAction\",\"target\":{\"@type\":\"EntryPoint\",\"urlTemplate\":\"https:\/\/iberculturaviva.org\/es\/?lang=es\/?s={search_term_string}\"},\"query-input\":{\"@type\":\"PropertyValueSpecification\",\"valueRequired\":true,\"valueName\":\"search_term_string\"}}],\"inLanguage\":\"es\"},{\"@type\":\"Organization\",\"@id\":\"https:\/\/iberculturaviva.org\/es\/?lang=es\/#organization\",\"name\":\"Iberculturaviva\",\"url\":\"https:\/\/iberculturaviva.org\/es\/?lang=es\/\",\"logo\":{\"@type\":\"ImageObject\",\"inLanguage\":\"es\",\"@id\":\"https:\/\/iberculturaviva.org\/es\/?lang=es\/#\/schema\/logo\/image\/\",\"url\":\"https:\/\/iberculturaviva.org\/wp-content\/uploads\/2021\/08\/logo_ibercultura_viva.jpg\",\"contentUrl\":\"https:\/\/iberculturaviva.org\/wp-content\/uploads\/2021\/08\/logo_ibercultura_viva.jpg\",\"width\":708,\"height\":223,\"caption\":\"Iberculturaviva\"},\"image\":{\"@id\":\"https:\/\/iberculturaviva.org\/es\/?lang=es\/#\/schema\/logo\/image\/\"},\"sameAs\":[\"https:\/\/www.facebook.com\/iberculturaviva\/\",\"https:\/\/www.instagram.com\/iberculturaviva\/\",\"https:\/\/www.youtube.com\/iberculturaviva\"]},{\"@type\":\"Person\",\"@id\":\"https:\/\/iberculturaviva.org\/es\/?lang=es\/#\/schema\/person\/5d1313b072cc25536e0431522f740b59\",\"name\":\"IberCultura\",\"image\":{\"@type\":\"ImageObject\",\"inLanguage\":\"es\",\"@id\":\"https:\/\/iberculturaviva.org\/es\/?lang=es\/#\/schema\/person\/image\/\",\"url\":\"https:\/\/secure.gravatar.com\/avatar\/79f1a057cb125cbefb3765d0356d52fc7f3bba3a35e2cf22bc4de090bb7aef70?s=96&d=mm&r=g\",\"contentUrl\":\"https:\/\/secure.gravatar.com\/avatar\/79f1a057cb125cbefb3765d0356d52fc7f3bba3a35e2cf22bc4de090bb7aef70?s=96&d=mm&r=g\",\"caption\":\"IberCultura\"}}]}<\/script>\n<!-- \/ Yoast SEO plugin. -->","yoast_head_json":{"title":"Participantes de la Red de Ciudades y Gobiernos Locales se re\u00fanen para ordenar las acciones de 2022 - IberCultura Viva","description":"Participantes de la Red de Ciudades y Gobiernos Locales se re\u00fanen para ordenar las acciones de 2022 - IberCultura Viva","robots":{"index":"index","follow":"follow","max-snippet":"max-snippet:-1","max-image-preview":"max-image-preview:large","max-video-preview":"max-video-preview:-1"},"canonical":"https:\/\/iberculturaviva.org\/es\/participantes-de-la-red-de-ciudades-y-gobiernos-locales-se-reunen-para-ordenar-las-acciones-de-2022\/","og_locale":"es_ES","og_type":"article","og_title":"Participantes de la Red de Ciudades y Gobiernos Locales se re\u00fanen para ordenar las acciones de 2022 - IberCultura Viva","og_description":"Participantes de la Red de Ciudades y Gobiernos Locales se re\u00fanen para ordenar las acciones de 2022 - IberCultura Viva","og_url":"https:\/\/iberculturaviva.org\/es\/participantes-de-la-red-de-ciudades-y-gobiernos-locales-se-reunen-para-ordenar-las-acciones-de-2022\/","og_site_name":"IberCultura Viva","article_publisher":"https:\/\/www.facebook.com\/iberculturaviva\/","article_published_time":"2022-03-11T01:02:36+00:00","article_modified_time":"2022-03-11T01:02:38+00:00","og_image":[{"width":1331,"height":851,"url":"https:\/\/iberculturaviva.org\/wp-content\/uploads\/2022\/03\/redciudades-1-100322.png","type":"image\/png"}],"author":"IberCultura","twitter_card":"summary_large_image","twitter_misc":{"Escrito por":"IberCultura","Tiempo de lectura":"4 minutos"},"schema":{"@context":"https:\/\/schema.org","@graph":[{"@type":"Article","@id":"https:\/\/iberculturaviva.org\/es\/participantes-de-la-red-de-ciudades-y-gobiernos-locales-se-reunen-para-ordenar-las-acciones-de-2022\/#article","isPartOf":{"@id":"https:\/\/iberculturaviva.org\/es\/participantes-de-la-red-de-ciudades-y-gobiernos-locales-se-reunen-para-ordenar-las-acciones-de-2022\/"},"author":{"name":"IberCultura","@id":"https:\/\/iberculturaviva.org\/es\/?lang=es\/#\/schema\/person\/5d1313b072cc25536e0431522f740b59"},"headline":"Participantes de la Red de Ciudades y Gobiernos Locales se re\u00fanen para ordenar las acciones de 2022","datePublished":"2022-03-11T01:02:36+00:00","dateModified":"2022-03-11T01:02:38+00:00","mainEntityOfPage":{"@id":"https:\/\/iberculturaviva.org\/es\/participantes-de-la-red-de-ciudades-y-gobiernos-locales-se-reunen-para-ordenar-las-acciones-de-2022\/"},"wordCount":652,"publisher":{"@id":"https:\/\/iberculturaviva.org\/es\/?lang=es\/#organization"},"image":{"@id":"https:\/\/iberculturaviva.org\/es\/participantes-de-la-red-de-ciudades-y-gobiernos-locales-se-reunen-para-ordenar-las-acciones-de-2022\/#primaryimage"},"thumbnailUrl":"https:\/\/iberculturaviva.org\/wp-content\/uploads\/2022\/03\/redciudades-1-100322.png","keywords":["Red de Ciudades"],"articleSection":["Noticias"],"inLanguage":"es"},{"@type":"WebPage","@id":"https:\/\/iberculturaviva.org\/es\/participantes-de-la-red-de-ciudades-y-gobiernos-locales-se-reunen-para-ordenar-las-acciones-de-2022\/","url":"https:\/\/iberculturaviva.org\/es\/participantes-de-la-red-de-ciudades-y-gobiernos-locales-se-reunen-para-ordenar-las-acciones-de-2022\/","name":"Participantes de la Red de Ciudades y Gobiernos Locales se re\u00fanen para ordenar las acciones de 2022 - IberCultura Viva","isPartOf":{"@id":"https:\/\/iberculturaviva.org\/es\/?lang=es\/#website"},"primaryImageOfPage":{"@id":"https:\/\/iberculturaviva.org\/es\/participantes-de-la-red-de-ciudades-y-gobiernos-locales-se-reunen-para-ordenar-las-acciones-de-2022\/#primaryimage"},"image":{"@id":"https:\/\/iberculturaviva.org\/es\/participantes-de-la-red-de-ciudades-y-gobiernos-locales-se-reunen-para-ordenar-las-acciones-de-2022\/#primaryimage"},"thumbnailUrl":"https:\/\/iberculturaviva.org\/wp-content\/uploads\/2022\/03\/redciudades-1-100322.png","datePublished":"2022-03-11T01:02:36+00:00","dateModified":"2022-03-11T01:02:38+00:00","description":"Participantes de la Red de Ciudades y Gobiernos Locales se re\u00fanen para ordenar las acciones de 2022 - IberCultura Viva","breadcrumb":{"@id":"https:\/\/iberculturaviva.org\/es\/participantes-de-la-red-de-ciudades-y-gobiernos-locales-se-reunen-para-ordenar-las-acciones-de-2022\/#breadcrumb"},"inLanguage":"es","potentialAction":[{"@type":"ReadAction","target":["https:\/\/iberculturaviva.org\/es\/participantes-de-la-red-de-ciudades-y-gobiernos-locales-se-reunen-para-ordenar-las-acciones-de-2022\/"]}]},{"@type":"ImageObject","inLanguage":"es","@id":"https:\/\/iberculturaviva.org\/es\/participantes-de-la-red-de-ciudades-y-gobiernos-locales-se-reunen-para-ordenar-las-acciones-de-2022\/#primaryimage","url":"https:\/\/iberculturaviva.org\/wp-content\/uploads\/2022\/03\/redciudades-1-100322.png","contentUrl":"https:\/\/iberculturaviva.org\/wp-content\/uploads\/2022\/03\/redciudades-1-100322.png","width":1331,"height":851},{"@type":"BreadcrumbList","@id":"https:\/\/iberculturaviva.org\/es\/participantes-de-la-red-de-ciudades-y-gobiernos-locales-se-reunen-para-ordenar-las-acciones-de-2022\/#breadcrumb","itemListElement":[{"@type":"ListItem","position":1,"name":"In\u00edcio","item":"https:\/\/iberculturaviva.org\/es\/inicio\/"},{"@type":"ListItem","position":2,"name":"Participantes de la Red de Ciudades y Gobiernos Locales se re\u00fanen para ordenar las acciones de 2022"}]},{"@type":"WebSite","@id":"https:\/\/iberculturaviva.org\/es\/?lang=es\/#website","url":"https:\/\/iberculturaviva.org\/es\/?lang=es\/","name":"IberCultura Viva","description":"Programa de cooperaci\u00f3n cultural","publisher":{"@id":"https:\/\/iberculturaviva.org\/es\/?lang=es\/#organization"},"potentialAction":[{"@type":"SearchAction","target":{"@type":"EntryPoint","urlTemplate":"https:\/\/iberculturaviva.org\/es\/?lang=es\/?s={search_term_string}"},"query-input":{"@type":"PropertyValueSpecification","valueRequired":true,"valueName":"search_term_string"}}],"inLanguage":"es"},{"@type":"Organization","@id":"https:\/\/iberculturaviva.org\/es\/?lang=es\/#organization","name":"Iberculturaviva","url":"https:\/\/iberculturaviva.org\/es\/?lang=es\/","logo":{"@type":"ImageObject","inLanguage":"es","@id":"https:\/\/iberculturaviva.org\/es\/?lang=es\/#\/schema\/logo\/image\/","url":"https:\/\/iberculturaviva.org\/wp-content\/uploads\/2021\/08\/logo_ibercultura_viva.jpg","contentUrl":"https:\/\/iberculturaviva.org\/wp-content\/uploads\/2021\/08\/logo_ibercultura_viva.jpg","width":708,"height":223,"caption":"Iberculturaviva"},"image":{"@id":"https:\/\/iberculturaviva.org\/es\/?lang=es\/#\/schema\/logo\/image\/"},"sameAs":["https:\/\/www.facebook.com\/iberculturaviva\/","https:\/\/www.instagram.com\/iberculturaviva\/","https:\/\/www.youtube.com\/iberculturaviva"]},{"@type":"Person","@id":"https:\/\/iberculturaviva.org\/es\/?lang=es\/#\/schema\/person\/5d1313b072cc25536e0431522f740b59","name":"IberCultura","image":{"@type":"ImageObject","inLanguage":"es","@id":"https:\/\/iberculturaviva.org\/es\/?lang=es\/#\/schema\/person\/image\/","url":"https:\/\/secure.gravatar.com\/avatar\/79f1a057cb125cbefb3765d0356d52fc7f3bba3a35e2cf22bc4de090bb7aef70?s=96&d=mm&r=g","contentUrl":"https:\/\/secure.gravatar.com\/avatar\/79f1a057cb125cbefb3765d0356d52fc7f3bba3a35e2cf22bc4de090bb7aef70?s=96&d=mm&r=g","caption":"IberCultura"}}]}},"main_category":{"link":"https:\/\/iberculturaviva.org\/es\/category\/noticias-es\/","name":"Noticias","slug":"noticias-es"},"_links":{"self":[{"href":"https:\/\/iberculturaviva.org\/es\/wp-json\/wp\/v2\/posts\/26602","targetHints":{"allow":["GET"]}}],"collection":[{"href":"https:\/\/iberculturaviva.org\/es\/wp-json\/wp\/v2\/posts"}],"about":[{"href":"https:\/\/iberculturaviva.org\/es\/wp-json\/wp\/v2\/types\/post"}],"author":[{"embeddable":true,"href":"https:\/\/iberculturaviva.org\/es\/wp-json\/wp\/v2\/users\/2"}],"replies":[{"embeddable":true,"href":"https:\/\/iberculturaviva.org\/es\/wp-json\/wp\/v2\/comments?post=26602"}],"version-history":[{"count":1,"href":"https:\/\/iberculturaviva.org\/es\/wp-json\/wp\/v2\/posts\/26602\/revisions"}],"predecessor-version":[{"id":26607,"href":"https:\/\/iberculturaviva.org\/es\/wp-json\/wp\/v2\/posts\/26602\/revisions\/26607"}],"wp:featuredmedia":[{"embeddable":true,"href":"https:\/\/iberculturaviva.org\/es\/wp-json\/wp\/v2\/media\/26603"}],"wp:attachment":[{"href":"https:\/\/iberculturaviva.org\/es\/wp-json\/wp\/v2\/media?parent=26602"}],"wp:term":[{"taxonomy":"category","embeddable":true,"href":"https:\/\/iberculturaviva.org\/es\/wp-json\/wp\/v2\/categories?post=26602"},{"taxonomy":"post_tag","embeddable":true,"href":"https:\/\/iberculturaviva.org\/es\/wp-json\/wp\/v2\/tags?post=26602"},{"taxonomy":"country-municipality","embeddable":true,"href":"https:\/\/iberculturaviva.org\/es\/wp-json\/wp\/v2\/country-municipality?post=26602"}],"curies":[{"name":"wp","href":"https:\/\/api.w.org\/{rel}","templated":true}]}}