{"id":26557,"date":"2022-03-06T17:46:42","date_gmt":"2022-03-06T20:46:42","guid":{"rendered":"https:\/\/iberculturaviva.org\/?p=26557"},"modified":"2022-03-06T17:51:39","modified_gmt":"2022-03-06T20:51:39","slug":"ministerio-de-cultura-y-patrimonio-de-ecuador-lanza-la-edicion-2022-de-teatro-del-barrio","status":"publish","type":"post","link":"https:\/\/iberculturaviva.org\/es\/ministerio-de-cultura-y-patrimonio-de-ecuador-lanza-la-edicion-2022-de-teatro-del-barrio\/","title":{"rendered":"Ministerio de Cultura y Patrimonio de Ecuador lanza la edici\u00f3n 2022 de Teatro del Barrio"},"content":{"rendered":"<p style=\"text-align: justify;\"><span style=\"font-weight: 400;\">El jueves 3 de marzo, en el cant\u00f3n Colta, provincia de Chimborazo, se dio el lanzamiento de Teatro del Barrio 2022, l\u00ednea de fomento que <\/span><span style=\"font-weight: 400;\">busca fortalecer procesos art\u00edsticos y culturales con arraigo territorial y vinculaci\u00f3n comunitaria participativa en Ecuador.<\/span><\/p>\n<p style=\"text-align: justify;\"><span style=\"font-weight: 400;\">Teatro del Barrio es una propuesta coordinada por el Ministerio de Cultura y Patrimonio de Ecuador y ejecutada por el Instituto de Fomento a la Creatividad y la Innovaci\u00f3n (IFCI). En 2021, la primera fase de esta iniciativa cont\u00f3 con la entrega de 1.267.177 d\u00f3lares a 47 procesos de todo el pa\u00eds, beneficiando directamente a 416 gestores culturales.<\/span><\/p>\n<p style=\"text-align: justify;\"><span style=\"font-weight: 400;\">Para esta segunda fase, se asign\u00f3 un presupuesto de 1 mill\u00f3n de d\u00f3lares con el objetivo de alcanzar a m\u00e1s procesos art\u00edsticos y culturales que aporten a las comunidades, barrios, parroquias, etc., del territorio ecuatoriano y que promuevan, a trav\u00e9s del arte y la cultura, el desarrollo econ\u00f3mico local a la par de lograr el fortalecimiento de redes de gesti\u00f3n cultural comunitaria.<\/span><\/p>\n<p style=\"text-align: justify;\"><span style=\"font-weight: 400;\">La presentaci\u00f3n de esta edici\u00f3n de 2022 de Teatro del Barrio cont\u00f3 con la presencia del presidente de la Rep\u00fablica, Guillermo Lasso; la ministra de Cultura y Patrimonio, Mar\u00eda Elena Machuca; la coordinadora general t\u00e9cnica del IFCI, Karina Fern\u00e1ndez, y autoridades locales.<\/span><\/p>\n<p style=\"text-align: justify;\"><span style=\"font-weight: 400;\">Tambi\u00e9n participaron del evento representantes de los proyectos \u201cKaspirazu, L\u00e1piz de Nieve 2021\u201d y \u201cLa Ruta del Emprendimiento Cultural Karanakuy 2021\u201d, quienes firmaron los convenios necesarios para la activaci\u00f3n de los procesos en las parroquias de Calpi y Quimiag, respectivamente.<\/span><\/p>\n\n\t\t<style type=\"text\/css\">\n\t\t\t#gallery-1 {\n\t\t\t\tmargin: auto;\n\t\t\t}\n\t\t\t#gallery-1 .gallery-item {\n\t\t\t\tfloat: left;\n\t\t\t\tmargin-top: 10px;\n\t\t\t\ttext-align: center;\n\t\t\t\twidth: 50%;\n\t\t\t}\n\t\t\t#gallery-1 img {\n\t\t\t\tborder: 2px solid #cfcfcf;\n\t\t\t}\n\t\t\t#gallery-1 .gallery-caption {\n\t\t\t\tmargin-left: 0;\n\t\t\t}\n\t\t\t\/* see gallery_shortcode() in wp-includes\/media.php *\/\n\t\t<\/style>\n\t\t<div id='gallery-1' class='gallery galleryid-26557 gallery-columns-2 gallery-size-medium'><dl class='gallery-item'>\n\t\t\t<dt class='gallery-icon landscape'>\n\t\t\t\t<a href='https:\/\/iberculturaviva.org\/es\/ministerio-de-cultura-y-patrimonio-de-ecuador-lanza-la-edicion-2022-de-teatro-del-barrio\/275284140_5089267074487823_6936770214391166152_n\/'><img loading=\"lazy\" decoding=\"async\" width=\"300\" height=\"202\" src=\"https:\/\/iberculturaviva.org\/wp-content\/uploads\/2022\/03\/275284140_5089267074487823_6936770214391166152_n-460x310.jpg\" class=\"attachment-medium size-medium\" alt=\"\" srcset=\"https:\/\/iberculturaviva.org\/wp-content\/uploads\/2022\/03\/275284140_5089267074487823_6936770214391166152_n-460x310.jpg 460w, https:\/\/iberculturaviva.org\/wp-content\/uploads\/2022\/03\/275284140_5089267074487823_6936770214391166152_n-125x83.jpg 125w\" sizes=\"auto, (max-width: 300px) 100vw, 300px\" \/><\/a>\n\t\t\t<\/dt><\/dl><dl class='gallery-item'>\n\t\t\t<dt class='gallery-icon landscape'>\n\t\t\t\t<a href='https:\/\/iberculturaviva.org\/es\/ministerio-de-cultura-y-patrimonio-de-ecuador-lanza-la-edicion-2022-de-teatro-del-barrio\/275182143_5089267204487810_4091840114483789621_n-1\/'><img loading=\"lazy\" decoding=\"async\" width=\"300\" height=\"202\" src=\"https:\/\/iberculturaviva.org\/wp-content\/uploads\/2022\/03\/275182143_5089267204487810_4091840114483789621_n-1-460x310.jpg\" class=\"attachment-medium size-medium\" alt=\"\" srcset=\"https:\/\/iberculturaviva.org\/wp-content\/uploads\/2022\/03\/275182143_5089267204487810_4091840114483789621_n-1-460x310.jpg 460w, https:\/\/iberculturaviva.org\/wp-content\/uploads\/2022\/03\/275182143_5089267204487810_4091840114483789621_n-1-125x83.jpg 125w\" sizes=\"auto, (max-width: 300px) 100vw, 300px\" \/><\/a>\n\t\t\t<\/dt><\/dl><br style=\"clear: both\" \/><dl class='gallery-item'>\n\t\t\t<dt class='gallery-icon landscape'>\n\t\t\t\t<a href='https:\/\/iberculturaviva.org\/es\/ministerio-de-cultura-y-patrimonio-de-ecuador-lanza-la-edicion-2022-de-teatro-del-barrio\/275075649_5089267121154485_5384643963548657478_n-1\/'><img loading=\"lazy\" decoding=\"async\" width=\"300\" height=\"202\" src=\"https:\/\/iberculturaviva.org\/wp-content\/uploads\/2022\/03\/275075649_5089267121154485_5384643963548657478_n-1-460x310.jpg\" class=\"attachment-medium size-medium\" alt=\"\" srcset=\"https:\/\/iberculturaviva.org\/wp-content\/uploads\/2022\/03\/275075649_5089267121154485_5384643963548657478_n-1-460x310.jpg 460w, https:\/\/iberculturaviva.org\/wp-content\/uploads\/2022\/03\/275075649_5089267121154485_5384643963548657478_n-1-125x83.jpg 125w\" sizes=\"auto, (max-width: 300px) 100vw, 300px\" \/><\/a>\n\t\t\t<\/dt><\/dl><dl class='gallery-item'>\n\t\t\t<dt class='gallery-icon landscape'>\n\t\t\t\t<a href='https:\/\/iberculturaviva.org\/es\/ministerio-de-cultura-y-patrimonio-de-ecuador-lanza-la-edicion-2022-de-teatro-del-barrio\/275109905_5089267201154477_7709946908954638883_n\/'><img loading=\"lazy\" decoding=\"async\" width=\"300\" height=\"202\" src=\"https:\/\/iberculturaviva.org\/wp-content\/uploads\/2022\/03\/275109905_5089267201154477_7709946908954638883_n-460x310.jpg\" class=\"attachment-medium size-medium\" alt=\"\" srcset=\"https:\/\/iberculturaviva.org\/wp-content\/uploads\/2022\/03\/275109905_5089267201154477_7709946908954638883_n-460x310.jpg 460w, https:\/\/iberculturaviva.org\/wp-content\/uploads\/2022\/03\/275109905_5089267201154477_7709946908954638883_n-125x83.jpg 125w\" sizes=\"auto, (max-width: 300px) 100vw, 300px\" \/><\/a>\n\t\t\t<\/dt><\/dl><br style=\"clear: both\" \/>\n\t\t<\/div>\n\n<p>.<\/p>\n<h4><b>C\u00f3mo participar<\/b><\/h4>\n<p style=\"text-align: justify;\"><span style=\"font-weight: 400;\">Las postulaciones a la l\u00ednea de fomento Teatro del Barrio se realizan, \u00fanicamente, por los llamados \u201caliados estrat\u00e9gicos\u201d, que son personas jur\u00eddicas, p\u00fablicas o privadas que desarrollan actividades continuas ligadas al arte y la cultura desde hace al menos cinco a\u00f1os,y cuya \u00e1rea de influencia coincide con el territorio en el cual identificar\u00e1 a los procesos que pueden ser postulados.<\/span><\/p>\n<p style=\"text-align: justify;\"><span style=\"font-weight: 400;\">Las propuestas ser\u00e1n evaluadas por el jurado en el orden de ingreso al sistema de postulaci\u00f3n del IFCI, y los fondos se asignar\u00e1n conforme a un an\u00e1lisis t\u00e9cnico, financiero y de pol\u00edticas p\u00fablicas. Los montos dependen de la propuesta t\u00e9cnica y son variables, pero no podr\u00e1n ser menores a 5 mil d\u00f3lares por proceso ganador. La convocatoria se cerrar\u00e1 cuando el monto total de la l\u00ednea de fomento se termine o la m\u00e1xima autoridad del IFCI disponga su terminaci\u00f3n de forma motivada.<\/span><\/p>\n<p>.<\/p>\n<p><span style=\"font-weight: 400;\">(<\/span><span style=\"font-weight: 400;\"><strong>Fuente<\/strong>: <\/span><a href=\"http:\/\/www.creatividad.gob.ec\/2022\/03\/04\/chimborazo-lanzamiento-segunda-fase-teatro-barrio\/\"><span style=\"font-weight: 400;\">IFCI<\/span><\/a><span style=\"font-weight: 400;\">)<\/span><\/p>\n<p><a href=\"https:\/\/iberculturaviva.org\/wp-content\/uploads\/2022\/03\/Banner_Sistema-de-Postulacio\u0301n_Teatro-del-Barrio-1.png\"><img loading=\"lazy\" decoding=\"async\" class=\"aligncenter wp-image-26568\" src=\"https:\/\/iberculturaviva.org\/wp-content\/uploads\/2022\/03\/Banner_Sistema-de-Postulacio\u0301n_Teatro-del-Barrio-1.png\" alt=\"\" width=\"648\" height=\"279\" srcset=\"https:\/\/iberculturaviva.org\/wp-content\/uploads\/2022\/03\/Banner_Sistema-de-Postulacio\u0301n_Teatro-del-Barrio-1.png 928w, https:\/\/iberculturaviva.org\/wp-content\/uploads\/2022\/03\/Banner_Sistema-de-Postulacio\u0301n_Teatro-del-Barrio-1-768x331.png 768w, https:\/\/iberculturaviva.org\/wp-content\/uploads\/2022\/03\/Banner_Sistema-de-Postulacio\u0301n_Teatro-del-Barrio-1-125x54.png 125w, https:\/\/iberculturaviva.org\/wp-content\/uploads\/2022\/03\/Banner_Sistema-de-Postulacio\u0301n_Teatro-del-Barrio-1-529x228.png 529w\" sizes=\"auto, (max-width: 648px) 100vw, 648px\" \/><\/a><\/p>\n<p><b>.<\/b><\/p>\n<p><strong>Inscripciones<\/strong><span style=\"font-weight: 400;\">\u27a1\ufe0f <\/span><a href=\"https:\/\/bit.ly\/3IEUyg1\" target=\"_blank\" rel=\"noopener noreferrer\"><span style=\"font-weight: 400;\">https:\/\/bit.ly\/3IEUyg1<\/span><\/a><\/p>\n<p><strong>Consultas<\/strong>:<\/p>\n<p><span style=\"font-weight: 400;\">. Para obtener informaci\u00f3n y asesor\u00eda t\u00e9cnica respecto a la l\u00ednea de fomento (documentos referenciales, bases t\u00e9cnicas, etc.): <\/span><a href=\"mailto:teatrodelbarrio@creatividad.gob.ec\" target=\"_blank\" rel=\"noopener noreferrer\"><span style=\"font-weight: 400;\">teatrodelbarrio@creatividad.gob.ec<\/span><\/a><\/p>\n<p><span style=\"font-weight: 400;\">. Para obtener informaci\u00f3n y asesor\u00eda tecnol\u00f3gica: <\/span><a href=\"mailto:sistemas.ifci@creatividad.gob.ec\" target=\"_blank\" rel=\"noopener noreferrer\"><span style=\"font-weight: 400;\">sistemas.ifci@creatividad.gob.ec<\/span><\/a><\/p>\n<p>.<\/p>\n<h4>Lea tambi\u00e9n<span style=\"font-weight: 400;\">:\u00a0<\/span><\/h4>\n<p><a href=\"http:\/\/www.creatividad.gob.ec\/2022\/03\/04\/chimborazo-lanzamiento-segunda-fase-teatro-barrio\/\" target=\"_blank\" rel=\"noopener noreferrer\"><span style=\"font-weight: 400;\">En Chimborazo se realiz\u00f3 el lanzamiento de la segunda fase de Teatro del Barrio<\/span><\/a><\/p>\n<p><a href=\"https:\/\/iberculturaviva.org\/ministerio-de-cultura-y-patrimonio-lanza-teatro-del-barrio-para-reactivar-procesos-creativos-en-las-comunidades-del-ecuador\/?lang=es\" target=\"_blank\" rel=\"noopener noreferrer\"><span style=\"font-weight: 400;\">Ministerio de Cultura y Patrimonio lanza \u2018Teatro del Barrio\u2019 para reactivar procesos creativos en las comunidades del Ecuador<\/span><\/a><\/p>\n","protected":false},"excerpt":{"rendered":"<p>El jueves 3 de marzo, en el cant\u00f3n Colta, provincia de Chimborazo, se dio el lanzamiento de Teatro del Barrio 2022, l\u00ednea de fomento que busca fortalecer procesos art\u00edsticos y [&hellip;]<\/p>\n","protected":false},"author":2,"featured_media":26570,"comment_status":"closed","ping_status":"closed","sticky":false,"template":"","format":"standard","meta":{"_coblocks_attr":"","_coblocks_dimensions":"","_coblocks_responsive_height":"","_coblocks_accordion_ie_support":"","_EventAllDay":false,"_EventTimezone":"","_EventStartDate":"","_EventEndDate":"","_EventStartDateUTC":"","_EventEndDateUTC":"","_EventShowMap":false,"_EventShowMapLink":false,"_EventURL":"","_EventCost":"","_EventCostDescription":"","_EventCurrencySymbol":"","_EventCurrencyCode":"","_EventCurrencyPosition":"","_EventDateTimeSeparator":"","_EventTimeRangeSeparator":"","_EventOrganizerID":[],"_EventVenueID":[],"_OrganizerEmail":"","_OrganizerPhone":"","_OrganizerWebsite":"","_VenueAddress":"","_VenueCity":"","_VenueCountry":"","_VenueProvince":"","_VenueState":"","_VenueZip":"","_VenuePhone":"","_VenueURL":"","_VenueStateProvince":"","_VenueLat":"","_VenueLng":"","_VenueShowMap":false,"_VenueShowMapLink":false,"footnotes":""},"categories":[262],"tags":[330,397],"country-municipality":[],"class_list":["post-26557","post","type-post","status-publish","format-standard","has-post-thumbnail","hentry","category-noticias-es","tag-ecuador-2","tag-teatro-del-barrio"],"yoast_head":"<!-- This site is optimized with the Yoast SEO plugin v25.7 - https:\/\/yoast.com\/wordpress\/plugins\/seo\/ -->\n<title>Ministerio de Cultura y Patrimonio de Ecuador lanza la edici\u00f3n 2022 de Teatro del Barrio - IberCultura Viva<\/title>\n<meta name=\"description\" content=\"Ministerio de Cultura y Patrimonio de Ecuador lanza la edici\u00f3n 2022 de Teatro del Barrio - IberCultura Viva\" \/>\n<meta name=\"robots\" content=\"index, follow, max-snippet:-1, max-image-preview:large, max-video-preview:-1\" \/>\n<link rel=\"canonical\" href=\"https:\/\/iberculturaviva.org\/es\/ministerio-de-cultura-y-patrimonio-de-ecuador-lanza-la-edicion-2022-de-teatro-del-barrio\/\" \/>\n<meta property=\"og:locale\" content=\"es_ES\" \/>\n<meta property=\"og:type\" content=\"article\" \/>\n<meta property=\"og:title\" content=\"Ministerio de Cultura y Patrimonio de Ecuador lanza la edici\u00f3n 2022 de Teatro del Barrio - IberCultura Viva\" \/>\n<meta property=\"og:description\" content=\"Ministerio de Cultura y Patrimonio de Ecuador lanza la edici\u00f3n 2022 de Teatro del Barrio - IberCultura Viva\" \/>\n<meta property=\"og:url\" content=\"https:\/\/iberculturaviva.org\/es\/ministerio-de-cultura-y-patrimonio-de-ecuador-lanza-la-edicion-2022-de-teatro-del-barrio\/\" \/>\n<meta property=\"og:site_name\" content=\"IberCultura Viva\" \/>\n<meta property=\"article:publisher\" content=\"https:\/\/www.facebook.com\/iberculturaviva\/\" \/>\n<meta property=\"article:published_time\" content=\"2022-03-06T20:46:42+00:00\" \/>\n<meta property=\"article:modified_time\" content=\"2022-03-06T20:51:39+00:00\" \/>\n<meta property=\"og:image\" content=\"https:\/\/iberculturaviva.org\/wp-content\/uploads\/2022\/03\/51918602190_19f7a42f4b_o-1-1536x1024-2.jpg\" \/>\n\t<meta property=\"og:image:width\" content=\"1536\" \/>\n\t<meta property=\"og:image:height\" content=\"1024\" \/>\n\t<meta property=\"og:image:type\" content=\"image\/jpeg\" \/>\n<meta name=\"author\" content=\"IberCultura\" \/>\n<meta name=\"twitter:card\" content=\"summary_large_image\" \/>\n<meta name=\"twitter:label1\" content=\"Escrito por\" \/>\n\t<meta name=\"twitter:data1\" content=\"IberCultura\" \/>\n\t<meta name=\"twitter:label2\" content=\"Tiempo de lectura\" \/>\n\t<meta name=\"twitter:data2\" content=\"3 minutos\" \/>\n<script type=\"application\/ld+json\" class=\"yoast-schema-graph\">{\"@context\":\"https:\/\/schema.org\",\"@graph\":[{\"@type\":\"Article\",\"@id\":\"https:\/\/iberculturaviva.org\/es\/ministerio-de-cultura-y-patrimonio-de-ecuador-lanza-la-edicion-2022-de-teatro-del-barrio\/#article\",\"isPartOf\":{\"@id\":\"https:\/\/iberculturaviva.org\/es\/ministerio-de-cultura-y-patrimonio-de-ecuador-lanza-la-edicion-2022-de-teatro-del-barrio\/\"},\"author\":{\"name\":\"IberCultura\",\"@id\":\"https:\/\/iberculturaviva.org\/es\/?lang=es\/#\/schema\/person\/5d1313b072cc25536e0431522f740b59\"},\"headline\":\"Ministerio de Cultura y Patrimonio de Ecuador lanza la edici\u00f3n 2022 de Teatro del Barrio\",\"datePublished\":\"2022-03-06T20:46:42+00:00\",\"dateModified\":\"2022-03-06T20:51:39+00:00\",\"mainEntityOfPage\":{\"@id\":\"https:\/\/iberculturaviva.org\/es\/ministerio-de-cultura-y-patrimonio-de-ecuador-lanza-la-edicion-2022-de-teatro-del-barrio\/\"},\"wordCount\":521,\"publisher\":{\"@id\":\"https:\/\/iberculturaviva.org\/es\/?lang=es\/#organization\"},\"image\":{\"@id\":\"https:\/\/iberculturaviva.org\/es\/ministerio-de-cultura-y-patrimonio-de-ecuador-lanza-la-edicion-2022-de-teatro-del-barrio\/#primaryimage\"},\"thumbnailUrl\":\"https:\/\/iberculturaviva.org\/wp-content\/uploads\/2022\/03\/51918602190_19f7a42f4b_o-1-1536x1024-2.jpg\",\"keywords\":[\"Ecuador\",\"Teatro del Barrio\"],\"articleSection\":[\"Noticias\"],\"inLanguage\":\"es\"},{\"@type\":\"WebPage\",\"@id\":\"https:\/\/iberculturaviva.org\/es\/ministerio-de-cultura-y-patrimonio-de-ecuador-lanza-la-edicion-2022-de-teatro-del-barrio\/\",\"url\":\"https:\/\/iberculturaviva.org\/es\/ministerio-de-cultura-y-patrimonio-de-ecuador-lanza-la-edicion-2022-de-teatro-del-barrio\/\",\"name\":\"Ministerio de Cultura y Patrimonio de Ecuador lanza la edici\u00f3n 2022 de Teatro del Barrio - IberCultura Viva\",\"isPartOf\":{\"@id\":\"https:\/\/iberculturaviva.org\/es\/?lang=es\/#website\"},\"primaryImageOfPage\":{\"@id\":\"https:\/\/iberculturaviva.org\/es\/ministerio-de-cultura-y-patrimonio-de-ecuador-lanza-la-edicion-2022-de-teatro-del-barrio\/#primaryimage\"},\"image\":{\"@id\":\"https:\/\/iberculturaviva.org\/es\/ministerio-de-cultura-y-patrimonio-de-ecuador-lanza-la-edicion-2022-de-teatro-del-barrio\/#primaryimage\"},\"thumbnailUrl\":\"https:\/\/iberculturaviva.org\/wp-content\/uploads\/2022\/03\/51918602190_19f7a42f4b_o-1-1536x1024-2.jpg\",\"datePublished\":\"2022-03-06T20:46:42+00:00\",\"dateModified\":\"2022-03-06T20:51:39+00:00\",\"description\":\"Ministerio de Cultura y Patrimonio de Ecuador lanza la edici\u00f3n 2022 de Teatro del Barrio - IberCultura Viva\",\"breadcrumb\":{\"@id\":\"https:\/\/iberculturaviva.org\/es\/ministerio-de-cultura-y-patrimonio-de-ecuador-lanza-la-edicion-2022-de-teatro-del-barrio\/#breadcrumb\"},\"inLanguage\":\"es\",\"potentialAction\":[{\"@type\":\"ReadAction\",\"target\":[\"https:\/\/iberculturaviva.org\/es\/ministerio-de-cultura-y-patrimonio-de-ecuador-lanza-la-edicion-2022-de-teatro-del-barrio\/\"]}]},{\"@type\":\"ImageObject\",\"inLanguage\":\"es\",\"@id\":\"https:\/\/iberculturaviva.org\/es\/ministerio-de-cultura-y-patrimonio-de-ecuador-lanza-la-edicion-2022-de-teatro-del-barrio\/#primaryimage\",\"url\":\"https:\/\/iberculturaviva.org\/wp-content\/uploads\/2022\/03\/51918602190_19f7a42f4b_o-1-1536x1024-2.jpg\",\"contentUrl\":\"https:\/\/iberculturaviva.org\/wp-content\/uploads\/2022\/03\/51918602190_19f7a42f4b_o-1-1536x1024-2.jpg\",\"width\":1536,\"height\":1024},{\"@type\":\"BreadcrumbList\",\"@id\":\"https:\/\/iberculturaviva.org\/es\/ministerio-de-cultura-y-patrimonio-de-ecuador-lanza-la-edicion-2022-de-teatro-del-barrio\/#breadcrumb\",\"itemListElement\":[{\"@type\":\"ListItem\",\"position\":1,\"name\":\"In\u00edcio\",\"item\":\"https:\/\/iberculturaviva.org\/es\/inicio\/\"},{\"@type\":\"ListItem\",\"position\":2,\"name\":\"Ministerio de Cultura y Patrimonio de Ecuador lanza la edici\u00f3n 2022 de Teatro del Barrio\"}]},{\"@type\":\"WebSite\",\"@id\":\"https:\/\/iberculturaviva.org\/es\/?lang=es\/#website\",\"url\":\"https:\/\/iberculturaviva.org\/es\/?lang=es\/\",\"name\":\"IberCultura Viva\",\"description\":\"Programa de cooperaci\u00f3n cultural\",\"publisher\":{\"@id\":\"https:\/\/iberculturaviva.org\/es\/?lang=es\/#organization\"},\"potentialAction\":[{\"@type\":\"SearchAction\",\"target\":{\"@type\":\"EntryPoint\",\"urlTemplate\":\"https:\/\/iberculturaviva.org\/es\/?lang=es\/?s={search_term_string}\"},\"query-input\":{\"@type\":\"PropertyValueSpecification\",\"valueRequired\":true,\"valueName\":\"search_term_string\"}}],\"inLanguage\":\"es\"},{\"@type\":\"Organization\",\"@id\":\"https:\/\/iberculturaviva.org\/es\/?lang=es\/#organization\",\"name\":\"Iberculturaviva\",\"url\":\"https:\/\/iberculturaviva.org\/es\/?lang=es\/\",\"logo\":{\"@type\":\"ImageObject\",\"inLanguage\":\"es\",\"@id\":\"https:\/\/iberculturaviva.org\/es\/?lang=es\/#\/schema\/logo\/image\/\",\"url\":\"https:\/\/iberculturaviva.org\/wp-content\/uploads\/2021\/08\/logo_ibercultura_viva.jpg\",\"contentUrl\":\"https:\/\/iberculturaviva.org\/wp-content\/uploads\/2021\/08\/logo_ibercultura_viva.jpg\",\"width\":708,\"height\":223,\"caption\":\"Iberculturaviva\"},\"image\":{\"@id\":\"https:\/\/iberculturaviva.org\/es\/?lang=es\/#\/schema\/logo\/image\/\"},\"sameAs\":[\"https:\/\/www.facebook.com\/iberculturaviva\/\",\"https:\/\/www.instagram.com\/iberculturaviva\/\",\"https:\/\/www.youtube.com\/iberculturaviva\"]},{\"@type\":\"Person\",\"@id\":\"https:\/\/iberculturaviva.org\/es\/?lang=es\/#\/schema\/person\/5d1313b072cc25536e0431522f740b59\",\"name\":\"IberCultura\",\"image\":{\"@type\":\"ImageObject\",\"inLanguage\":\"es\",\"@id\":\"https:\/\/iberculturaviva.org\/es\/?lang=es\/#\/schema\/person\/image\/\",\"url\":\"https:\/\/secure.gravatar.com\/avatar\/79f1a057cb125cbefb3765d0356d52fc7f3bba3a35e2cf22bc4de090bb7aef70?s=96&d=mm&r=g\",\"contentUrl\":\"https:\/\/secure.gravatar.com\/avatar\/79f1a057cb125cbefb3765d0356d52fc7f3bba3a35e2cf22bc4de090bb7aef70?s=96&d=mm&r=g\",\"caption\":\"IberCultura\"}}]}<\/script>\n<!-- \/ Yoast SEO plugin. -->","yoast_head_json":{"title":"Ministerio de Cultura y Patrimonio de Ecuador lanza la edici\u00f3n 2022 de Teatro del Barrio - IberCultura Viva","description":"Ministerio de Cultura y Patrimonio de Ecuador lanza la edici\u00f3n 2022 de Teatro del Barrio - IberCultura Viva","robots":{"index":"index","follow":"follow","max-snippet":"max-snippet:-1","max-image-preview":"max-image-preview:large","max-video-preview":"max-video-preview:-1"},"canonical":"https:\/\/iberculturaviva.org\/es\/ministerio-de-cultura-y-patrimonio-de-ecuador-lanza-la-edicion-2022-de-teatro-del-barrio\/","og_locale":"es_ES","og_type":"article","og_title":"Ministerio de Cultura y Patrimonio de Ecuador lanza la edici\u00f3n 2022 de Teatro del Barrio - IberCultura Viva","og_description":"Ministerio de Cultura y Patrimonio de Ecuador lanza la edici\u00f3n 2022 de Teatro del Barrio - IberCultura Viva","og_url":"https:\/\/iberculturaviva.org\/es\/ministerio-de-cultura-y-patrimonio-de-ecuador-lanza-la-edicion-2022-de-teatro-del-barrio\/","og_site_name":"IberCultura Viva","article_publisher":"https:\/\/www.facebook.com\/iberculturaviva\/","article_published_time":"2022-03-06T20:46:42+00:00","article_modified_time":"2022-03-06T20:51:39+00:00","og_image":[{"width":1536,"height":1024,"url":"https:\/\/iberculturaviva.org\/wp-content\/uploads\/2022\/03\/51918602190_19f7a42f4b_o-1-1536x1024-2.jpg","type":"image\/jpeg"}],"author":"IberCultura","twitter_card":"summary_large_image","twitter_misc":{"Escrito por":"IberCultura","Tiempo de lectura":"3 minutos"},"schema":{"@context":"https:\/\/schema.org","@graph":[{"@type":"Article","@id":"https:\/\/iberculturaviva.org\/es\/ministerio-de-cultura-y-patrimonio-de-ecuador-lanza-la-edicion-2022-de-teatro-del-barrio\/#article","isPartOf":{"@id":"https:\/\/iberculturaviva.org\/es\/ministerio-de-cultura-y-patrimonio-de-ecuador-lanza-la-edicion-2022-de-teatro-del-barrio\/"},"author":{"name":"IberCultura","@id":"https:\/\/iberculturaviva.org\/es\/?lang=es\/#\/schema\/person\/5d1313b072cc25536e0431522f740b59"},"headline":"Ministerio de Cultura y Patrimonio de Ecuador lanza la edici\u00f3n 2022 de Teatro del Barrio","datePublished":"2022-03-06T20:46:42+00:00","dateModified":"2022-03-06T20:51:39+00:00","mainEntityOfPage":{"@id":"https:\/\/iberculturaviva.org\/es\/ministerio-de-cultura-y-patrimonio-de-ecuador-lanza-la-edicion-2022-de-teatro-del-barrio\/"},"wordCount":521,"publisher":{"@id":"https:\/\/iberculturaviva.org\/es\/?lang=es\/#organization"},"image":{"@id":"https:\/\/iberculturaviva.org\/es\/ministerio-de-cultura-y-patrimonio-de-ecuador-lanza-la-edicion-2022-de-teatro-del-barrio\/#primaryimage"},"thumbnailUrl":"https:\/\/iberculturaviva.org\/wp-content\/uploads\/2022\/03\/51918602190_19f7a42f4b_o-1-1536x1024-2.jpg","keywords":["Ecuador","Teatro del Barrio"],"articleSection":["Noticias"],"inLanguage":"es"},{"@type":"WebPage","@id":"https:\/\/iberculturaviva.org\/es\/ministerio-de-cultura-y-patrimonio-de-ecuador-lanza-la-edicion-2022-de-teatro-del-barrio\/","url":"https:\/\/iberculturaviva.org\/es\/ministerio-de-cultura-y-patrimonio-de-ecuador-lanza-la-edicion-2022-de-teatro-del-barrio\/","name":"Ministerio de Cultura y Patrimonio de Ecuador lanza la edici\u00f3n 2022 de Teatro del Barrio - IberCultura Viva","isPartOf":{"@id":"https:\/\/iberculturaviva.org\/es\/?lang=es\/#website"},"primaryImageOfPage":{"@id":"https:\/\/iberculturaviva.org\/es\/ministerio-de-cultura-y-patrimonio-de-ecuador-lanza-la-edicion-2022-de-teatro-del-barrio\/#primaryimage"},"image":{"@id":"https:\/\/iberculturaviva.org\/es\/ministerio-de-cultura-y-patrimonio-de-ecuador-lanza-la-edicion-2022-de-teatro-del-barrio\/#primaryimage"},"thumbnailUrl":"https:\/\/iberculturaviva.org\/wp-content\/uploads\/2022\/03\/51918602190_19f7a42f4b_o-1-1536x1024-2.jpg","datePublished":"2022-03-06T20:46:42+00:00","dateModified":"2022-03-06T20:51:39+00:00","description":"Ministerio de Cultura y Patrimonio de Ecuador lanza la edici\u00f3n 2022 de Teatro del Barrio - IberCultura Viva","breadcrumb":{"@id":"https:\/\/iberculturaviva.org\/es\/ministerio-de-cultura-y-patrimonio-de-ecuador-lanza-la-edicion-2022-de-teatro-del-barrio\/#breadcrumb"},"inLanguage":"es","potentialAction":[{"@type":"ReadAction","target":["https:\/\/iberculturaviva.org\/es\/ministerio-de-cultura-y-patrimonio-de-ecuador-lanza-la-edicion-2022-de-teatro-del-barrio\/"]}]},{"@type":"ImageObject","inLanguage":"es","@id":"https:\/\/iberculturaviva.org\/es\/ministerio-de-cultura-y-patrimonio-de-ecuador-lanza-la-edicion-2022-de-teatro-del-barrio\/#primaryimage","url":"https:\/\/iberculturaviva.org\/wp-content\/uploads\/2022\/03\/51918602190_19f7a42f4b_o-1-1536x1024-2.jpg","contentUrl":"https:\/\/iberculturaviva.org\/wp-content\/uploads\/2022\/03\/51918602190_19f7a42f4b_o-1-1536x1024-2.jpg","width":1536,"height":1024},{"@type":"BreadcrumbList","@id":"https:\/\/iberculturaviva.org\/es\/ministerio-de-cultura-y-patrimonio-de-ecuador-lanza-la-edicion-2022-de-teatro-del-barrio\/#breadcrumb","itemListElement":[{"@type":"ListItem","position":1,"name":"In\u00edcio","item":"https:\/\/iberculturaviva.org\/es\/inicio\/"},{"@type":"ListItem","position":2,"name":"Ministerio de Cultura y Patrimonio de Ecuador lanza la edici\u00f3n 2022 de Teatro del Barrio"}]},{"@type":"WebSite","@id":"https:\/\/iberculturaviva.org\/es\/?lang=es\/#website","url":"https:\/\/iberculturaviva.org\/es\/?lang=es\/","name":"IberCultura Viva","description":"Programa de cooperaci\u00f3n cultural","publisher":{"@id":"https:\/\/iberculturaviva.org\/es\/?lang=es\/#organization"},"potentialAction":[{"@type":"SearchAction","target":{"@type":"EntryPoint","urlTemplate":"https:\/\/iberculturaviva.org\/es\/?lang=es\/?s={search_term_string}"},"query-input":{"@type":"PropertyValueSpecification","valueRequired":true,"valueName":"search_term_string"}}],"inLanguage":"es"},{"@type":"Organization","@id":"https:\/\/iberculturaviva.org\/es\/?lang=es\/#organization","name":"Iberculturaviva","url":"https:\/\/iberculturaviva.org\/es\/?lang=es\/","logo":{"@type":"ImageObject","inLanguage":"es","@id":"https:\/\/iberculturaviva.org\/es\/?lang=es\/#\/schema\/logo\/image\/","url":"https:\/\/iberculturaviva.org\/wp-content\/uploads\/2021\/08\/logo_ibercultura_viva.jpg","contentUrl":"https:\/\/iberculturaviva.org\/wp-content\/uploads\/2021\/08\/logo_ibercultura_viva.jpg","width":708,"height":223,"caption":"Iberculturaviva"},"image":{"@id":"https:\/\/iberculturaviva.org\/es\/?lang=es\/#\/schema\/logo\/image\/"},"sameAs":["https:\/\/www.facebook.com\/iberculturaviva\/","https:\/\/www.instagram.com\/iberculturaviva\/","https:\/\/www.youtube.com\/iberculturaviva"]},{"@type":"Person","@id":"https:\/\/iberculturaviva.org\/es\/?lang=es\/#\/schema\/person\/5d1313b072cc25536e0431522f740b59","name":"IberCultura","image":{"@type":"ImageObject","inLanguage":"es","@id":"https:\/\/iberculturaviva.org\/es\/?lang=es\/#\/schema\/person\/image\/","url":"https:\/\/secure.gravatar.com\/avatar\/79f1a057cb125cbefb3765d0356d52fc7f3bba3a35e2cf22bc4de090bb7aef70?s=96&d=mm&r=g","contentUrl":"https:\/\/secure.gravatar.com\/avatar\/79f1a057cb125cbefb3765d0356d52fc7f3bba3a35e2cf22bc4de090bb7aef70?s=96&d=mm&r=g","caption":"IberCultura"}}]}},"main_category":{"link":"https:\/\/iberculturaviva.org\/es\/category\/noticias-es\/","name":"Noticias","slug":"noticias-es"},"_links":{"self":[{"href":"https:\/\/iberculturaviva.org\/es\/wp-json\/wp\/v2\/posts\/26557","targetHints":{"allow":["GET"]}}],"collection":[{"href":"https:\/\/iberculturaviva.org\/es\/wp-json\/wp\/v2\/posts"}],"about":[{"href":"https:\/\/iberculturaviva.org\/es\/wp-json\/wp\/v2\/types\/post"}],"author":[{"embeddable":true,"href":"https:\/\/iberculturaviva.org\/es\/wp-json\/wp\/v2\/users\/2"}],"replies":[{"embeddable":true,"href":"https:\/\/iberculturaviva.org\/es\/wp-json\/wp\/v2\/comments?post=26557"}],"version-history":[{"count":2,"href":"https:\/\/iberculturaviva.org\/es\/wp-json\/wp\/v2\/posts\/26557\/revisions"}],"predecessor-version":[{"id":26573,"href":"https:\/\/iberculturaviva.org\/es\/wp-json\/wp\/v2\/posts\/26557\/revisions\/26573"}],"wp:featuredmedia":[{"embeddable":true,"href":"https:\/\/iberculturaviva.org\/es\/wp-json\/wp\/v2\/media\/26570"}],"wp:attachment":[{"href":"https:\/\/iberculturaviva.org\/es\/wp-json\/wp\/v2\/media?parent=26557"}],"wp:term":[{"taxonomy":"category","embeddable":true,"href":"https:\/\/iberculturaviva.org\/es\/wp-json\/wp\/v2\/categories?post=26557"},{"taxonomy":"post_tag","embeddable":true,"href":"https:\/\/iberculturaviva.org\/es\/wp-json\/wp\/v2\/tags?post=26557"},{"taxonomy":"country-municipality","embeddable":true,"href":"https:\/\/iberculturaviva.org\/es\/wp-json\/wp\/v2\/country-municipality?post=26557"}],"curies":[{"name":"wp","href":"https:\/\/api.w.org\/{rel}","templated":true}]}}