{"id":26490,"date":"2022-02-19T14:04:19","date_gmt":"2022-02-19T17:04:19","guid":{"rendered":"https:\/\/iberculturaviva.org\/?p=26490"},"modified":"2022-02-24T14:12:11","modified_gmt":"2022-02-24T17:12:11","slug":"ministerio-de-las-culturas-de-chile-presenta-resultados-del-registro-nacional-de-agentes-culturales-artisticos-y-patrimoniales","status":"publish","type":"post","link":"https:\/\/iberculturaviva.org\/es\/ministerio-de-las-culturas-de-chile-presenta-resultados-del-registro-nacional-de-agentes-culturales-artisticos-y-patrimoniales\/","title":{"rendered":"Ministerio de las Culturas de Chile presenta resultados del Registro Nacional de Agentes Culturales, Art\u00edsticos y Patrimoniales"},"content":{"rendered":"<p style=\"text-align: justify;\"><span style=\"font-weight: 400;\">El Ministerio de las Culturas, las Artes y el Patrimonio de Chile lanz\u00f3 este viernes 18 de febrero el informe \u201cAgentes Culturales, Art\u00edsticos y Patrimoniales: un acercamiento a su caracterizaci\u00f3n y medici\u00f3n\u201d, que detalla los principales resultados del Registro Nacional de Agentes Culturales, Art\u00edsticos y Patrimoniales. Esta iniciativa, desarrollada por la instituci\u00f3n entre el 29 de junio y el 10 de octubre del 2021, busc\u00f3 profundizar en el conocimiento de las personas y organizaciones que se desempe\u00f1an en el \u00e1mbito de la cultura en Chile.<\/span><\/p>\n<p style=\"text-align: justify;\"><span style=\"font-weight: 400;\">Se obtuvieron cerca de 25 mil respuestas en total, 20.767 de ellas de personas naturales y 3.998 de organizaciones provenientes de todas las regiones del pa\u00eds, de las m\u00e1s diversas \u00e1reas culturales existentes y de las m\u00faltiples funciones de la cadena de creaci\u00f3n de bienes y\/o manifestaciones art\u00edsticas, culturales y patrimoniales.<\/span><\/p>\n<p style=\"text-align: justify;\"><span style=\"font-weight: 400;\">Las principales \u00e1reas culturales identificadas, tanto para personas naturales como para organizaciones, fueron M\u00fasica, Artes de la Visualidad y Artes Esc\u00e9nicas. M\u00fasica fue la m\u00e1s mencionada en primera opci\u00f3n por personas naturales (23,1%) y Artes Esc\u00e9nicas por organizaciones (19,1%).<\/span><\/p>\n<p style=\"text-align: justify;\"><span style=\"font-weight: 400;\">La mayor\u00eda de las personas y organizaciones declararon que sus principales labores en el ciclo de valor cultural son la creaci\u00f3n, interpretaci\u00f3n o dise\u00f1o de obras, bienes y servicios; educaci\u00f3n y formaci\u00f3n art\u00edstica, cultural y patrimonial; y producci\u00f3n de bienes, servicios y eventos.<\/span><\/p>\n<p style=\"text-align: justify;\"><span style=\"font-weight: 400;\">En relaci\u00f3n a la dimensi\u00f3n territorial, la mayor\u00eda de las personas naturales y organizaciones registradas est\u00e1n radicadas en la Regi\u00f3n Metropolitana, seguida por las regiones de Valpara\u00edso y Biob\u00edo.<\/span><\/p>\n<p><a href=\"https:\/\/iberculturaviva.org\/wp-content\/uploads\/2022\/02\/cropped-header-plan-03-1.png\"><img loading=\"lazy\" decoding=\"async\" class=\"aligncenter wp-image-26493 size-large\" src=\"https:\/\/iberculturaviva.org\/wp-content\/uploads\/2022\/02\/cropped-header-plan-03-1-960x333.png\" alt=\"\" width=\"640\" height=\"222\" srcset=\"https:\/\/iberculturaviva.org\/wp-content\/uploads\/2022\/02\/cropped-header-plan-03-1-960x333.png 960w, https:\/\/iberculturaviva.org\/wp-content\/uploads\/2022\/02\/cropped-header-plan-03-1-768x266.png 768w, https:\/\/iberculturaviva.org\/wp-content\/uploads\/2022\/02\/cropped-header-plan-03-1-125x43.png 125w, https:\/\/iberculturaviva.org\/wp-content\/uploads\/2022\/02\/cropped-header-plan-03-1-529x184.png 529w, https:\/\/iberculturaviva.org\/wp-content\/uploads\/2022\/02\/cropped-header-plan-03-1.png 1006w\" sizes=\"auto, (max-width: 640px) 100vw, 640px\" \/><\/a><\/p>\n<p style=\"text-align: justify;\">.<\/p>\n<h4><b>Organizaciones<\/b><\/h4>\n<p style=\"text-align: justify;\"><span style=\"font-weight: 400;\">De las 3.998 organizaciones culturales registradas hasta el 10 de octubre, el 67% posee menos de 10 a\u00f1os de existencia. Al considerar su naturaleza jur\u00eddica, un 77,2% cuenta con personalidad jur\u00eddica, destacando las organizaciones de derecho privado con y sin fines de lucro.<\/span><\/p>\n<p style=\"text-align: justify;\"><span style=\"font-weight: 400;\">Un 87,8% de las organizaciones est\u00e1n formadas por entre uno y diez integrantes permanentes, y en promedio, cuentan con un mayor porcentaje de mujeres que hombres. Esta composici\u00f3n es transversal a las \u00e1reas y etapas del ciclo cultural, art\u00edstico y patrimonial, y tambi\u00e9n a cada una de las regiones del pa\u00eds.<\/span><\/p>\n<p style=\"text-align: justify;\"><span style=\"font-weight: 400;\">En cuanto a las relaciones laborales, un 63,4% de quienes trabajan en las organizaciones del sector lo hacen de manera remunerada, mientras que el otro 36,6% lo hace sin recibir remuneraci\u00f3n. Esta distribuci\u00f3n aumenta en el caso de las organizaciones no constituidas como personas jur\u00eddicas o que se declaran como personas jur\u00eddicas bajo la figura de comunidades y asociaciones ind\u00edgenas o sin fines de lucro. Cuando existe una remuneraci\u00f3n de por medio, el tipo de colaboraci\u00f3n m\u00e1s extendida en las organizaciones es la de independientes, quienes no siempre se desempe\u00f1an en condici\u00f3n de formalidad de trabajo.<\/span><\/p>\n<p style=\"text-align: justify;\"><span style=\"font-weight: 400;\">El financiamiento de las organizaciones culturales, art\u00edsticas y patrimoniales registradas es tambi\u00e9n variado. Las categor\u00edas mencionadas como m\u00e1s importantes son en primer lugar recursos propios, de familiares o amigos; financiamiento p\u00fablico en el segundo; y venta de bienes y\/o servicios en el tercero.<\/span><\/p>\n<p style=\"text-align: justify;\"><span style=\"font-weight: 400;\">En t\u00e9rminos generales, un 44,5% de las organizaciones declara tener altos niveles de formalidad, un 36,7% niveles medios, y un 18,8% presentan grados bajos formalidad. Lo anterior da cuenta que en general las organizaciones presentan mayores niveles de formalidad que las personas naturales. En este sentido, cabe destacar que existe una relaci\u00f3n positiva entre las organizaciones que presentan altos grados formalidad y las condiciones laborales estables de sus trabajadores y trabajadoras. De hecho, en este tipo de organizaciones existe un mayor porcentaje promedio de trabajadores contratados bajo el C\u00f3digo del Trabajo o la Ley N\u00b019.889 que en organizaciones con menos niveles de formalidad.<\/span><\/p>\n<p>.<\/p>\n<h4><b>Personas naturales<\/b><\/h4>\n<p style=\"text-align: justify;\"><span style=\"font-weight: 400;\">Las 20.767 personas naturales que se registraron en su mayor\u00eda tienen menos de 50 a\u00f1os (66,7%), siendo predominante el grupo que se encuentra entre los 30 a 45 a\u00f1os (51,5%). En relaci\u00f3n al sexo registrado de los participantes, un 53,6% son hombres y un 46,4% mujeres. El porcentaje de hombres es mayor en \u00e1reas industriales (como la M\u00fasica, Libro y Lectura, y Audiovisual) y Arquitectura, mientras que el porcentaje de mujeres es mayor en \u00e1reas nucleares (Artes esc\u00e9nicas, Artes de la Visualidad y Artesan\u00eda), Dise\u00f1o, Cultura comunitaria y los \u00e1mbitos vinculados al Patrimonio Cultural. Destaca, adem\u00e1s, que las personas registradas tienen en general un alto nivel educacional, ya que un 85,9% ha tenido acceso a la educaci\u00f3n superior (t\u00e9cnica, universitaria o posgrado).<\/span><\/p>\n<p style=\"text-align: justify;\"><span style=\"font-weight: 400;\">En cuanto a la caracterizaci\u00f3n econ\u00f3mica y laboral de las personas naturales, los datos muestran que un 83,1% de los registrados son trabajadores independientes. La preponderancia de este tipo de trabajo es transversal a todas las \u00e1reas culturales (especialmente Artesan\u00eda, Libro y Lectura, y Patrimonio cultural inmaterial), a todas las regiones y no distingue entre hombres y mujeres. Adicionalmente, cuatro de cada diez personas naturales inscritas se dedican de manera exclusiva a la cultura, las artes y\/o el patrimonio, mientras que seis de cada 10 personas (es decir, la mayor\u00eda) se desempe\u00f1an en labores adicionales a las culturales.<\/span><\/p>\n<p style=\"text-align: justify;\"><span style=\"font-weight: 400;\">El financiamiento de los agentes culturales es variado y diversificado. En primer lugar, est\u00e1n quienes utilizan recursos propios, de familiares o amigos como fuente de financiamiento principal; en segundo, quienes recurren al financiamiento p\u00fablico como fuente principal de financiamiento; y en tercero, quienes financian su actividad a trav\u00e9s de la venta de bienes y\/o servicios culturales. Por su parte, la prestaci\u00f3n de servicios al Estado como fuente de ingresos, sigue siendo una pr\u00e1ctica poco extendida entre las personas del sector pero que se presenta con m\u00e1s intensidad entre quienes cuentan con mayores a\u00f1os de experiencia.<\/span><\/p>\n<p style=\"text-align: justify;\"><span style=\"font-weight: 400;\">Por otra parte, solo dos de cada diez personas trabajan en niveles altos de formalidad, al declarar tener cobertura de salud y pensiones, o emitir boletas y\/o facturas de manera regular.<\/span><\/p>\n<p>.<\/p>\n<h4><strong>Conoce m\u00e1s sobre el informe, el mapa interactivo y las cifras:<\/strong><\/h4>\n<p><a href=\"http:\/\/observatorio.cultura.gob.cl\/index.php\/registro-de-agentes-culturales\/\" target=\"_blank\" rel=\"noopener noreferrer\"><span style=\"font-weight: 400;\">Informe Agentes Culturales, Art\u00edsticos y Patrimoniales: un acercamiento a su caracterizaci\u00f3n y medici\u00f3n.<\/span><\/a><\/p>\n<p>.<br \/>\n<span style=\"font-weight: 400;\">(<strong>Fuente<\/strong>: <\/span><a href=\"https:\/\/www.cultura.gob.cl\/institucional\/la-iniciativa-tuvo-cerca-de-25-mil-respuestas-en-total-20-767-de-ellas-de-personas-naturales-y-3-998-de-organizaciones-entre-las-principales-conclusiones-se-observa-que-la-mayoria-de-las\/\" target=\"_blank\" rel=\"noopener noreferrer\"><span style=\"font-weight: 400;\">Ministerio de las Culturas, las Artes y el Patrimonio<\/span><\/a><span style=\"font-weight: 400;\">)<\/span><\/p>\n","protected":false},"excerpt":{"rendered":"<p>El Ministerio de las Culturas, las Artes y el Patrimonio de Chile lanz\u00f3 este viernes 18 de febrero el informe \u201cAgentes Culturales, Art\u00edsticos y Patrimoniales: un acercamiento a su caracterizaci\u00f3n [&hellip;]<\/p>\n","protected":false},"author":2,"featured_media":0,"comment_status":"closed","ping_status":"closed","sticky":false,"template":"","format":"standard","meta":{"_coblocks_attr":"","_coblocks_dimensions":"","_coblocks_responsive_height":"","_coblocks_accordion_ie_support":"","_EventAllDay":false,"_EventTimezone":"","_EventStartDate":"","_EventEndDate":"","_EventStartDateUTC":"","_EventEndDateUTC":"","_EventShowMap":false,"_EventShowMapLink":false,"_EventURL":"","_EventCost":"","_EventCostDescription":"","_EventCurrencySymbol":"","_EventCurrencyCode":"","_EventCurrencyPosition":"","_EventDateTimeSeparator":"","_EventTimeRangeSeparator":"","_EventOrganizerID":[],"_EventVenueID":[],"_OrganizerEmail":"","_OrganizerPhone":"","_OrganizerWebsite":"","_VenueAddress":"","_VenueCity":"","_VenueCountry":"","_VenueProvince":"","_VenueState":"","_VenueZip":"","_VenuePhone":"","_VenueURL":"","_VenueStateProvince":"","_VenueLat":"","_VenueLng":"","_VenueShowMap":false,"_VenueShowMapLink":false,"footnotes":""},"categories":[262],"tags":[302],"country-municipality":[],"class_list":["post-26490","post","type-post","status-publish","format-standard","hentry","category-noticias-es","tag-chile-3"],"yoast_head":"<!-- This site is optimized with the Yoast SEO plugin v25.7 - https:\/\/yoast.com\/wordpress\/plugins\/seo\/ -->\n<title>Ministerio de las Culturas de Chile presenta resultados del Registro Nacional de Agentes Culturales, Art\u00edsticos y Patrimoniales - IberCultura Viva<\/title>\n<meta name=\"description\" content=\"Ministerio de las Culturas de Chile presenta resultados del Registro Nacional de Agentes Culturales, Art\u00edsticos y Patrimoniales - IberCultura Viva\" \/>\n<meta name=\"robots\" content=\"index, follow, max-snippet:-1, max-image-preview:large, max-video-preview:-1\" \/>\n<link rel=\"canonical\" href=\"https:\/\/iberculturaviva.org\/es\/ministerio-de-las-culturas-de-chile-presenta-resultados-del-registro-nacional-de-agentes-culturales-artisticos-y-patrimoniales\/\" \/>\n<meta property=\"og:locale\" content=\"es_ES\" \/>\n<meta property=\"og:type\" content=\"article\" \/>\n<meta property=\"og:title\" content=\"Ministerio de las Culturas de Chile presenta resultados del Registro Nacional de Agentes Culturales, Art\u00edsticos y Patrimoniales - IberCultura Viva\" \/>\n<meta property=\"og:description\" content=\"Ministerio de las Culturas de Chile presenta resultados del Registro Nacional de Agentes Culturales, Art\u00edsticos y Patrimoniales - IberCultura Viva\" \/>\n<meta property=\"og:url\" content=\"https:\/\/iberculturaviva.org\/es\/ministerio-de-las-culturas-de-chile-presenta-resultados-del-registro-nacional-de-agentes-culturales-artisticos-y-patrimoniales\/\" \/>\n<meta property=\"og:site_name\" content=\"IberCultura Viva\" \/>\n<meta property=\"article:publisher\" content=\"https:\/\/www.facebook.com\/iberculturaviva\/\" \/>\n<meta property=\"article:published_time\" content=\"2022-02-19T17:04:19+00:00\" \/>\n<meta property=\"article:modified_time\" content=\"2022-02-24T17:12:11+00:00\" \/>\n<meta property=\"og:image\" content=\"https:\/\/iberculturaviva.org\/wp-content\/uploads\/2022\/02\/cropped-header-plan-03-1-960x333.png\" \/>\n<meta name=\"author\" content=\"IberCultura\" \/>\n<meta name=\"twitter:card\" content=\"summary_large_image\" \/>\n<meta name=\"twitter:label1\" content=\"Escrito por\" \/>\n\t<meta name=\"twitter:data1\" content=\"IberCultura\" \/>\n\t<meta name=\"twitter:label2\" content=\"Tiempo de lectura\" \/>\n\t<meta name=\"twitter:data2\" content=\"6 minutos\" \/>\n<script type=\"application\/ld+json\" class=\"yoast-schema-graph\">{\"@context\":\"https:\/\/schema.org\",\"@graph\":[{\"@type\":\"Article\",\"@id\":\"https:\/\/iberculturaviva.org\/es\/ministerio-de-las-culturas-de-chile-presenta-resultados-del-registro-nacional-de-agentes-culturales-artisticos-y-patrimoniales\/#article\",\"isPartOf\":{\"@id\":\"https:\/\/iberculturaviva.org\/es\/ministerio-de-las-culturas-de-chile-presenta-resultados-del-registro-nacional-de-agentes-culturales-artisticos-y-patrimoniales\/\"},\"author\":{\"name\":\"IberCultura\",\"@id\":\"https:\/\/iberculturaviva.org\/es\/?lang=es\/#\/schema\/person\/5d1313b072cc25536e0431522f740b59\"},\"headline\":\"Ministerio de las Culturas de Chile presenta resultados del Registro Nacional de Agentes Culturales, Art\u00edsticos y Patrimoniales\",\"datePublished\":\"2022-02-19T17:04:19+00:00\",\"dateModified\":\"2022-02-24T17:12:11+00:00\",\"mainEntityOfPage\":{\"@id\":\"https:\/\/iberculturaviva.org\/es\/ministerio-de-las-culturas-de-chile-presenta-resultados-del-registro-nacional-de-agentes-culturales-artisticos-y-patrimoniales\/\"},\"wordCount\":1043,\"publisher\":{\"@id\":\"https:\/\/iberculturaviva.org\/es\/?lang=es\/#organization\"},\"image\":{\"@id\":\"https:\/\/iberculturaviva.org\/es\/ministerio-de-las-culturas-de-chile-presenta-resultados-del-registro-nacional-de-agentes-culturales-artisticos-y-patrimoniales\/#primaryimage\"},\"thumbnailUrl\":\"https:\/\/iberculturaviva.org\/wp-content\/uploads\/2022\/02\/cropped-header-plan-03-1-960x333.png\",\"keywords\":[\"Chile\"],\"articleSection\":[\"Noticias\"],\"inLanguage\":\"es\"},{\"@type\":\"WebPage\",\"@id\":\"https:\/\/iberculturaviva.org\/es\/ministerio-de-las-culturas-de-chile-presenta-resultados-del-registro-nacional-de-agentes-culturales-artisticos-y-patrimoniales\/\",\"url\":\"https:\/\/iberculturaviva.org\/es\/ministerio-de-las-culturas-de-chile-presenta-resultados-del-registro-nacional-de-agentes-culturales-artisticos-y-patrimoniales\/\",\"name\":\"Ministerio de las Culturas de Chile presenta resultados del Registro Nacional de Agentes Culturales, Art\u00edsticos y Patrimoniales - IberCultura Viva\",\"isPartOf\":{\"@id\":\"https:\/\/iberculturaviva.org\/es\/?lang=es\/#website\"},\"primaryImageOfPage\":{\"@id\":\"https:\/\/iberculturaviva.org\/es\/ministerio-de-las-culturas-de-chile-presenta-resultados-del-registro-nacional-de-agentes-culturales-artisticos-y-patrimoniales\/#primaryimage\"},\"image\":{\"@id\":\"https:\/\/iberculturaviva.org\/es\/ministerio-de-las-culturas-de-chile-presenta-resultados-del-registro-nacional-de-agentes-culturales-artisticos-y-patrimoniales\/#primaryimage\"},\"thumbnailUrl\":\"https:\/\/iberculturaviva.org\/wp-content\/uploads\/2022\/02\/cropped-header-plan-03-1-960x333.png\",\"datePublished\":\"2022-02-19T17:04:19+00:00\",\"dateModified\":\"2022-02-24T17:12:11+00:00\",\"description\":\"Ministerio de las Culturas de Chile presenta resultados del Registro Nacional de Agentes Culturales, Art\u00edsticos y Patrimoniales - IberCultura Viva\",\"breadcrumb\":{\"@id\":\"https:\/\/iberculturaviva.org\/es\/ministerio-de-las-culturas-de-chile-presenta-resultados-del-registro-nacional-de-agentes-culturales-artisticos-y-patrimoniales\/#breadcrumb\"},\"inLanguage\":\"es\",\"potentialAction\":[{\"@type\":\"ReadAction\",\"target\":[\"https:\/\/iberculturaviva.org\/es\/ministerio-de-las-culturas-de-chile-presenta-resultados-del-registro-nacional-de-agentes-culturales-artisticos-y-patrimoniales\/\"]}]},{\"@type\":\"ImageObject\",\"inLanguage\":\"es\",\"@id\":\"https:\/\/iberculturaviva.org\/es\/ministerio-de-las-culturas-de-chile-presenta-resultados-del-registro-nacional-de-agentes-culturales-artisticos-y-patrimoniales\/#primaryimage\",\"url\":\"https:\/\/iberculturaviva.org\/wp-content\/uploads\/2022\/02\/cropped-header-plan-03-1-960x333.png\",\"contentUrl\":\"https:\/\/iberculturaviva.org\/wp-content\/uploads\/2022\/02\/cropped-header-plan-03-1-960x333.png\"},{\"@type\":\"BreadcrumbList\",\"@id\":\"https:\/\/iberculturaviva.org\/es\/ministerio-de-las-culturas-de-chile-presenta-resultados-del-registro-nacional-de-agentes-culturales-artisticos-y-patrimoniales\/#breadcrumb\",\"itemListElement\":[{\"@type\":\"ListItem\",\"position\":1,\"name\":\"In\u00edcio\",\"item\":\"https:\/\/iberculturaviva.org\/es\/inicio\/\"},{\"@type\":\"ListItem\",\"position\":2,\"name\":\"Ministerio de las Culturas de Chile presenta resultados del Registro Nacional de Agentes Culturales, Art\u00edsticos y Patrimoniales\"}]},{\"@type\":\"WebSite\",\"@id\":\"https:\/\/iberculturaviva.org\/es\/?lang=es\/#website\",\"url\":\"https:\/\/iberculturaviva.org\/es\/?lang=es\/\",\"name\":\"IberCultura Viva\",\"description\":\"Programa de cooperaci\u00f3n cultural\",\"publisher\":{\"@id\":\"https:\/\/iberculturaviva.org\/es\/?lang=es\/#organization\"},\"potentialAction\":[{\"@type\":\"SearchAction\",\"target\":{\"@type\":\"EntryPoint\",\"urlTemplate\":\"https:\/\/iberculturaviva.org\/es\/?lang=es\/?s={search_term_string}\"},\"query-input\":{\"@type\":\"PropertyValueSpecification\",\"valueRequired\":true,\"valueName\":\"search_term_string\"}}],\"inLanguage\":\"es\"},{\"@type\":\"Organization\",\"@id\":\"https:\/\/iberculturaviva.org\/es\/?lang=es\/#organization\",\"name\":\"Iberculturaviva\",\"url\":\"https:\/\/iberculturaviva.org\/es\/?lang=es\/\",\"logo\":{\"@type\":\"ImageObject\",\"inLanguage\":\"es\",\"@id\":\"https:\/\/iberculturaviva.org\/es\/?lang=es\/#\/schema\/logo\/image\/\",\"url\":\"https:\/\/iberculturaviva.org\/wp-content\/uploads\/2021\/08\/logo_ibercultura_viva.jpg\",\"contentUrl\":\"https:\/\/iberculturaviva.org\/wp-content\/uploads\/2021\/08\/logo_ibercultura_viva.jpg\",\"width\":708,\"height\":223,\"caption\":\"Iberculturaviva\"},\"image\":{\"@id\":\"https:\/\/iberculturaviva.org\/es\/?lang=es\/#\/schema\/logo\/image\/\"},\"sameAs\":[\"https:\/\/www.facebook.com\/iberculturaviva\/\",\"https:\/\/www.instagram.com\/iberculturaviva\/\",\"https:\/\/www.youtube.com\/iberculturaviva\"]},{\"@type\":\"Person\",\"@id\":\"https:\/\/iberculturaviva.org\/es\/?lang=es\/#\/schema\/person\/5d1313b072cc25536e0431522f740b59\",\"name\":\"IberCultura\",\"image\":{\"@type\":\"ImageObject\",\"inLanguage\":\"es\",\"@id\":\"https:\/\/iberculturaviva.org\/es\/?lang=es\/#\/schema\/person\/image\/\",\"url\":\"https:\/\/secure.gravatar.com\/avatar\/79f1a057cb125cbefb3765d0356d52fc7f3bba3a35e2cf22bc4de090bb7aef70?s=96&d=mm&r=g\",\"contentUrl\":\"https:\/\/secure.gravatar.com\/avatar\/79f1a057cb125cbefb3765d0356d52fc7f3bba3a35e2cf22bc4de090bb7aef70?s=96&d=mm&r=g\",\"caption\":\"IberCultura\"}}]}<\/script>\n<!-- \/ Yoast SEO plugin. -->","yoast_head_json":{"title":"Ministerio de las Culturas de Chile presenta resultados del Registro Nacional de Agentes Culturales, Art\u00edsticos y Patrimoniales - IberCultura Viva","description":"Ministerio de las Culturas de Chile presenta resultados del Registro Nacional de Agentes Culturales, Art\u00edsticos y Patrimoniales - IberCultura Viva","robots":{"index":"index","follow":"follow","max-snippet":"max-snippet:-1","max-image-preview":"max-image-preview:large","max-video-preview":"max-video-preview:-1"},"canonical":"https:\/\/iberculturaviva.org\/es\/ministerio-de-las-culturas-de-chile-presenta-resultados-del-registro-nacional-de-agentes-culturales-artisticos-y-patrimoniales\/","og_locale":"es_ES","og_type":"article","og_title":"Ministerio de las Culturas de Chile presenta resultados del Registro Nacional de Agentes Culturales, Art\u00edsticos y Patrimoniales - IberCultura Viva","og_description":"Ministerio de las Culturas de Chile presenta resultados del Registro Nacional de Agentes Culturales, Art\u00edsticos y Patrimoniales - IberCultura Viva","og_url":"https:\/\/iberculturaviva.org\/es\/ministerio-de-las-culturas-de-chile-presenta-resultados-del-registro-nacional-de-agentes-culturales-artisticos-y-patrimoniales\/","og_site_name":"IberCultura Viva","article_publisher":"https:\/\/www.facebook.com\/iberculturaviva\/","article_published_time":"2022-02-19T17:04:19+00:00","article_modified_time":"2022-02-24T17:12:11+00:00","og_image":[{"url":"https:\/\/iberculturaviva.org\/wp-content\/uploads\/2022\/02\/cropped-header-plan-03-1-960x333.png","type":"","width":"","height":""}],"author":"IberCultura","twitter_card":"summary_large_image","twitter_misc":{"Escrito por":"IberCultura","Tiempo de lectura":"6 minutos"},"schema":{"@context":"https:\/\/schema.org","@graph":[{"@type":"Article","@id":"https:\/\/iberculturaviva.org\/es\/ministerio-de-las-culturas-de-chile-presenta-resultados-del-registro-nacional-de-agentes-culturales-artisticos-y-patrimoniales\/#article","isPartOf":{"@id":"https:\/\/iberculturaviva.org\/es\/ministerio-de-las-culturas-de-chile-presenta-resultados-del-registro-nacional-de-agentes-culturales-artisticos-y-patrimoniales\/"},"author":{"name":"IberCultura","@id":"https:\/\/iberculturaviva.org\/es\/?lang=es\/#\/schema\/person\/5d1313b072cc25536e0431522f740b59"},"headline":"Ministerio de las Culturas de Chile presenta resultados del Registro Nacional de Agentes Culturales, Art\u00edsticos y Patrimoniales","datePublished":"2022-02-19T17:04:19+00:00","dateModified":"2022-02-24T17:12:11+00:00","mainEntityOfPage":{"@id":"https:\/\/iberculturaviva.org\/es\/ministerio-de-las-culturas-de-chile-presenta-resultados-del-registro-nacional-de-agentes-culturales-artisticos-y-patrimoniales\/"},"wordCount":1043,"publisher":{"@id":"https:\/\/iberculturaviva.org\/es\/?lang=es\/#organization"},"image":{"@id":"https:\/\/iberculturaviva.org\/es\/ministerio-de-las-culturas-de-chile-presenta-resultados-del-registro-nacional-de-agentes-culturales-artisticos-y-patrimoniales\/#primaryimage"},"thumbnailUrl":"https:\/\/iberculturaviva.org\/wp-content\/uploads\/2022\/02\/cropped-header-plan-03-1-960x333.png","keywords":["Chile"],"articleSection":["Noticias"],"inLanguage":"es"},{"@type":"WebPage","@id":"https:\/\/iberculturaviva.org\/es\/ministerio-de-las-culturas-de-chile-presenta-resultados-del-registro-nacional-de-agentes-culturales-artisticos-y-patrimoniales\/","url":"https:\/\/iberculturaviva.org\/es\/ministerio-de-las-culturas-de-chile-presenta-resultados-del-registro-nacional-de-agentes-culturales-artisticos-y-patrimoniales\/","name":"Ministerio de las Culturas de Chile presenta resultados del Registro Nacional de Agentes Culturales, Art\u00edsticos y Patrimoniales - IberCultura Viva","isPartOf":{"@id":"https:\/\/iberculturaviva.org\/es\/?lang=es\/#website"},"primaryImageOfPage":{"@id":"https:\/\/iberculturaviva.org\/es\/ministerio-de-las-culturas-de-chile-presenta-resultados-del-registro-nacional-de-agentes-culturales-artisticos-y-patrimoniales\/#primaryimage"},"image":{"@id":"https:\/\/iberculturaviva.org\/es\/ministerio-de-las-culturas-de-chile-presenta-resultados-del-registro-nacional-de-agentes-culturales-artisticos-y-patrimoniales\/#primaryimage"},"thumbnailUrl":"https:\/\/iberculturaviva.org\/wp-content\/uploads\/2022\/02\/cropped-header-plan-03-1-960x333.png","datePublished":"2022-02-19T17:04:19+00:00","dateModified":"2022-02-24T17:12:11+00:00","description":"Ministerio de las Culturas de Chile presenta resultados del Registro Nacional de Agentes Culturales, Art\u00edsticos y Patrimoniales - IberCultura Viva","breadcrumb":{"@id":"https:\/\/iberculturaviva.org\/es\/ministerio-de-las-culturas-de-chile-presenta-resultados-del-registro-nacional-de-agentes-culturales-artisticos-y-patrimoniales\/#breadcrumb"},"inLanguage":"es","potentialAction":[{"@type":"ReadAction","target":["https:\/\/iberculturaviva.org\/es\/ministerio-de-las-culturas-de-chile-presenta-resultados-del-registro-nacional-de-agentes-culturales-artisticos-y-patrimoniales\/"]}]},{"@type":"ImageObject","inLanguage":"es","@id":"https:\/\/iberculturaviva.org\/es\/ministerio-de-las-culturas-de-chile-presenta-resultados-del-registro-nacional-de-agentes-culturales-artisticos-y-patrimoniales\/#primaryimage","url":"https:\/\/iberculturaviva.org\/wp-content\/uploads\/2022\/02\/cropped-header-plan-03-1-960x333.png","contentUrl":"https:\/\/iberculturaviva.org\/wp-content\/uploads\/2022\/02\/cropped-header-plan-03-1-960x333.png"},{"@type":"BreadcrumbList","@id":"https:\/\/iberculturaviva.org\/es\/ministerio-de-las-culturas-de-chile-presenta-resultados-del-registro-nacional-de-agentes-culturales-artisticos-y-patrimoniales\/#breadcrumb","itemListElement":[{"@type":"ListItem","position":1,"name":"In\u00edcio","item":"https:\/\/iberculturaviva.org\/es\/inicio\/"},{"@type":"ListItem","position":2,"name":"Ministerio de las Culturas de Chile presenta resultados del Registro Nacional de Agentes Culturales, Art\u00edsticos y Patrimoniales"}]},{"@type":"WebSite","@id":"https:\/\/iberculturaviva.org\/es\/?lang=es\/#website","url":"https:\/\/iberculturaviva.org\/es\/?lang=es\/","name":"IberCultura Viva","description":"Programa de cooperaci\u00f3n cultural","publisher":{"@id":"https:\/\/iberculturaviva.org\/es\/?lang=es\/#organization"},"potentialAction":[{"@type":"SearchAction","target":{"@type":"EntryPoint","urlTemplate":"https:\/\/iberculturaviva.org\/es\/?lang=es\/?s={search_term_string}"},"query-input":{"@type":"PropertyValueSpecification","valueRequired":true,"valueName":"search_term_string"}}],"inLanguage":"es"},{"@type":"Organization","@id":"https:\/\/iberculturaviva.org\/es\/?lang=es\/#organization","name":"Iberculturaviva","url":"https:\/\/iberculturaviva.org\/es\/?lang=es\/","logo":{"@type":"ImageObject","inLanguage":"es","@id":"https:\/\/iberculturaviva.org\/es\/?lang=es\/#\/schema\/logo\/image\/","url":"https:\/\/iberculturaviva.org\/wp-content\/uploads\/2021\/08\/logo_ibercultura_viva.jpg","contentUrl":"https:\/\/iberculturaviva.org\/wp-content\/uploads\/2021\/08\/logo_ibercultura_viva.jpg","width":708,"height":223,"caption":"Iberculturaviva"},"image":{"@id":"https:\/\/iberculturaviva.org\/es\/?lang=es\/#\/schema\/logo\/image\/"},"sameAs":["https:\/\/www.facebook.com\/iberculturaviva\/","https:\/\/www.instagram.com\/iberculturaviva\/","https:\/\/www.youtube.com\/iberculturaviva"]},{"@type":"Person","@id":"https:\/\/iberculturaviva.org\/es\/?lang=es\/#\/schema\/person\/5d1313b072cc25536e0431522f740b59","name":"IberCultura","image":{"@type":"ImageObject","inLanguage":"es","@id":"https:\/\/iberculturaviva.org\/es\/?lang=es\/#\/schema\/person\/image\/","url":"https:\/\/secure.gravatar.com\/avatar\/79f1a057cb125cbefb3765d0356d52fc7f3bba3a35e2cf22bc4de090bb7aef70?s=96&d=mm&r=g","contentUrl":"https:\/\/secure.gravatar.com\/avatar\/79f1a057cb125cbefb3765d0356d52fc7f3bba3a35e2cf22bc4de090bb7aef70?s=96&d=mm&r=g","caption":"IberCultura"}}]}},"main_category":{"link":"https:\/\/iberculturaviva.org\/es\/category\/noticias-es\/","name":"Noticias","slug":"noticias-es"},"_links":{"self":[{"href":"https:\/\/iberculturaviva.org\/es\/wp-json\/wp\/v2\/posts\/26490","targetHints":{"allow":["GET"]}}],"collection":[{"href":"https:\/\/iberculturaviva.org\/es\/wp-json\/wp\/v2\/posts"}],"about":[{"href":"https:\/\/iberculturaviva.org\/es\/wp-json\/wp\/v2\/types\/post"}],"author":[{"embeddable":true,"href":"https:\/\/iberculturaviva.org\/es\/wp-json\/wp\/v2\/users\/2"}],"replies":[{"embeddable":true,"href":"https:\/\/iberculturaviva.org\/es\/wp-json\/wp\/v2\/comments?post=26490"}],"version-history":[{"count":2,"href":"https:\/\/iberculturaviva.org\/es\/wp-json\/wp\/v2\/posts\/26490\/revisions"}],"predecessor-version":[{"id":26495,"href":"https:\/\/iberculturaviva.org\/es\/wp-json\/wp\/v2\/posts\/26490\/revisions\/26495"}],"wp:attachment":[{"href":"https:\/\/iberculturaviva.org\/es\/wp-json\/wp\/v2\/media?parent=26490"}],"wp:term":[{"taxonomy":"category","embeddable":true,"href":"https:\/\/iberculturaviva.org\/es\/wp-json\/wp\/v2\/categories?post=26490"},{"taxonomy":"post_tag","embeddable":true,"href":"https:\/\/iberculturaviva.org\/es\/wp-json\/wp\/v2\/tags?post=26490"},{"taxonomy":"country-municipality","embeddable":true,"href":"https:\/\/iberculturaviva.org\/es\/wp-json\/wp\/v2\/country-municipality?post=26490"}],"curies":[{"name":"wp","href":"https:\/\/api.w.org\/{rel}","templated":true}]}}