{"id":26224,"date":"2022-01-27T20:47:31","date_gmt":"2022-01-27T23:47:31","guid":{"rendered":"https:\/\/iberculturaviva.org\/?p=26224"},"modified":"2022-01-28T09:44:51","modified_gmt":"2022-01-28T12:44:51","slug":"sabores-migrantes-2021-teresa-de-jesus-valverde-ortiz-y-el-pollo-a-la-basura","status":"publish","type":"post","link":"https:\/\/iberculturaviva.org\/es\/sabores-migrantes-2021-teresa-de-jesus-valverde-ortiz-y-el-pollo-a-la-basura\/","title":{"rendered":"Sabores Migrantes 2021: Teresa de Jes\u00fas Valverde Ortiz y el pollo a la basura"},"content":{"rendered":"<p style=\"text-align: justify;\"><span style=\"font-weight: 400;\">Teresa de Jes\u00fas Valverde Ortiz, mexicana que reside en el municipio de Chimalhuac\u00e1n (Estado de M\u00e9xico), present\u00f3 al concurso Sabores Migrantes Comunitarios 2021 una receta de su abuela: el pollo a la basura. El plato result\u00f3 uno de los 16 premiados en esta edici\u00f3n de la convocatoria conjunta de los programas IberCultura Viva, <a href=\"http:\/\/www.ibercocinas.org\" target=\"_blank\" rel=\"noopener noreferrer\">Ibercocinas<\/a> e <a href=\"http:\/\/www.iberrutas.org\" target=\"_blank\" rel=\"noopener noreferrer\">Iber-Rutas<\/a>.<\/span><\/p>\n<p style=\"text-align: justify;\"><span style=\"font-weight: 400;\">\u201cEste platillo es el que m\u00e1s sobrevive despu\u00e9s de la desaparici\u00f3n del lago de Texcoco y de los asentamientos de los migrantes en el cerro y en lo que fue el lecho del lago\u201d, cuenta Teresa en su postulaci\u00f3n al concurso. \u201cEs de resistencia tanto este platillo como otros similares porque a pesar de que ya no hay lago, se hacen muestras gastron\u00f3micas y se preparan estos manjares como una forma de resistencia cultural ante los cambios sociales y culturales\u201d, agrega.\u00a0<\/span><\/p>\n<p style=\"text-align: justify;\"><span style=\"font-weight: 400;\">Seg\u00fan ella, cuando exist\u00eda el lago se preparaba esta receta con patos que migraban de Canad\u00e1 a tierras c\u00e1lidas en temporada de fr\u00edo. \u201cLos pescadores organizaban un tipo de caza que llamaban \u2018armada\u2019, que realizaban en el lago colocando en las canoas un abanico de tubos como ca\u00f1ones y, utilizando p\u00f3lvora, disparaban a los patos. \u00c9sta tambi\u00e9n era una pr\u00e1ctica comunitaria, no individual. Muchos de los ancianos lloran la desaparici\u00f3n del lago y nos ense\u00f1an a preservar estos tesoros\u201d, comenta. Sin el lago, como el pato es un insumo dif\u00edcil de conseguir, la receta pas\u00f3 a realizarse com\u00fanmente con pollo.<\/span><\/p>\n<p style=\"text-align: justify;\"><span style=\"font-weight: 400;\">El pollo a la basura puede ser cotidiano, pero tambi\u00e9n se prepara en fechas o celebraciones especiales. \u201cGeneraci\u00f3n tras generaci\u00f3n se trata de heredar las costumbres gastron\u00f3micas, y en las fechas especiales de nuestra localidad, es un orgullo presentar nuestros platillos a propios y extra\u00f1os. Internamente, en nuestras familias, conservamos las recetas, las an\u00e9cdotas y los recuerdos de las abuelas que nos dejaron este legado con todo lo que rodea a la gastronom\u00eda\u201d, afirma Teresa.<\/span><\/p>\n<p>.<\/p>\n<h4><span style=\"text-decoration: underline;\">La receta: Pollo a la basura, por Teresa de Jes\u00fas Valverde Ortiz<\/span><\/h4>\n<p>.<\/p>\n<p><strong>Ingredientes:<\/strong><\/p>\n<ul>\n<li style=\"font-weight: 400;\" aria-level=\"1\"><span style=\"font-weight: 400;\">2 kilos de pollo de las piezas de su preferencia, lavado<\/span><\/li>\n<li style=\"font-weight: 400;\" aria-level=\"1\"><span style=\"font-weight: 400;\">Cilantro (un ramo de aproximadamente 8-10 cm de di\u00e1metro de manojo tomado de los tallos)<\/span><\/li>\n<li style=\"font-weight: 400;\" aria-level=\"1\"><span style=\"font-weight: 400;\">De 10 a 15 cebollitas cambray, lavadas y desinfectadas<\/span><\/li>\n<li style=\"font-weight: 400;\" aria-level=\"1\"><span style=\"font-weight: 400;\">10-12 chiles de \u00e1rbol enteros<\/span><\/li>\n<li style=\"font-weight: 400;\" aria-level=\"1\"><span style=\"font-weight: 400;\">4-5 xoconostles (tuna agria del nopal) sin c\u00e1scara y sin semillas<\/span><\/li>\n<li style=\"font-weight: 400;\" aria-level=\"1\"><span style=\"font-weight: 400;\">Jugo de dos naranjas (sin semillas)<\/span><\/li>\n<li style=\"font-weight: 400;\" aria-level=\"1\"><span style=\"font-weight: 400;\">1 lim\u00f3n<\/span><\/li>\n<li style=\"font-weight: 400;\" aria-level=\"1\"><span style=\"font-weight: 400;\">1 vaso con agua<\/span><\/li>\n<li style=\"font-weight: 400;\" aria-level=\"1\"><span style=\"font-weight: 400;\">Sal de grano<\/span><\/li>\n<li style=\"font-weight: 400;\" aria-level=\"1\"><span style=\"font-weight: 400;\">10 hojas de aguacate<\/span><\/li>\n<\/ul>\n<p><strong>Utens\u00edlios:<\/strong><\/p>\n<ul>\n<li style=\"font-weight: 400;\" aria-level=\"1\"><span style=\"font-weight: 400;\">Cazuela de barro o cacerola de 2 kilos<\/span><\/li>\n<li style=\"font-weight: 400;\" aria-level=\"1\"><span style=\"font-weight: 400;\">1 trapo limpio h\u00famedo y exprimido<\/span><\/li>\n<li style=\"font-weight: 400;\" aria-level=\"1\"><span style=\"font-weight: 400;\">1 pl\u00e1stico h\u00famedo para cubrir la cazuela<\/span><\/li>\n<li style=\"font-weight: 400;\" aria-level=\"1\"><span style=\"font-weight: 400;\">1 tapa para la cacerola o cazuela<\/span><\/li>\n<\/ul>\n\n\t\t<style type=\"text\/css\">\n\t\t\t#gallery-1 {\n\t\t\t\tmargin: auto;\n\t\t\t}\n\t\t\t#gallery-1 .gallery-item {\n\t\t\t\tfloat: left;\n\t\t\t\tmargin-top: 10px;\n\t\t\t\ttext-align: center;\n\t\t\t\twidth: 50%;\n\t\t\t}\n\t\t\t#gallery-1 img {\n\t\t\t\tborder: 2px solid #cfcfcf;\n\t\t\t}\n\t\t\t#gallery-1 .gallery-caption {\n\t\t\t\tmargin-left: 0;\n\t\t\t}\n\t\t\t\/* see gallery_shortcode() in wp-includes\/media.php *\/\n\t\t<\/style>\n\t\t<div id='gallery-1' class='gallery galleryid-26224 gallery-columns-2 gallery-size-medium'><dl class='gallery-item'>\n\t\t\t<dt class='gallery-icon landscape'>\n\t\t\t\t<a href='https:\/\/iberculturaviva.org\/es\/sabores-migrantes-2021-teresa-de-jesus-valverde-ortiz-y-el-pollo-a-la-basura\/pollo-2\/'><img loading=\"lazy\" decoding=\"async\" width=\"275\" height=\"183\" src=\"https:\/\/iberculturaviva.org\/wp-content\/uploads\/2022\/01\/pollo.jpg\" class=\"attachment-medium size-medium\" alt=\"\" srcset=\"https:\/\/iberculturaviva.org\/wp-content\/uploads\/2022\/01\/pollo.jpg 275w, https:\/\/iberculturaviva.org\/wp-content\/uploads\/2022\/01\/pollo-125x83.jpg 125w\" sizes=\"auto, (max-width: 275px) 100vw, 275px\" \/><\/a>\n\t\t\t<\/dt><\/dl><dl class='gallery-item'>\n\t\t\t<dt class='gallery-icon landscape'>\n\t\t\t\t<a href='https:\/\/iberculturaviva.org\/es\/sabores-migrantes-2021-teresa-de-jesus-valverde-ortiz-y-el-pollo-a-la-basura\/cebollasdecambray\/'><img loading=\"lazy\" decoding=\"async\" width=\"294\" height=\"171\" src=\"https:\/\/iberculturaviva.org\/wp-content\/uploads\/2022\/01\/cebollasdecambray.jpg\" class=\"attachment-medium size-medium\" alt=\"\" srcset=\"https:\/\/iberculturaviva.org\/wp-content\/uploads\/2022\/01\/cebollasdecambray.jpg 294w, https:\/\/iberculturaviva.org\/wp-content\/uploads\/2022\/01\/cebollasdecambray-125x73.jpg 125w\" sizes=\"auto, (max-width: 294px) 100vw, 294px\" \/><\/a>\n\t\t\t<\/dt><\/dl><br style=\"clear: both\" \/><dl class='gallery-item'>\n\t\t\t<dt class='gallery-icon landscape'>\n\t\t\t\t<a href='https:\/\/iberculturaviva.org\/es\/sabores-migrantes-2021-teresa-de-jesus-valverde-ortiz-y-el-pollo-a-la-basura\/xoconostle\/'><img loading=\"lazy\" decoding=\"async\" width=\"272\" height=\"186\" src=\"https:\/\/iberculturaviva.org\/wp-content\/uploads\/2022\/01\/xoconostle.jpg\" class=\"attachment-medium size-medium\" alt=\"\" srcset=\"https:\/\/iberculturaviva.org\/wp-content\/uploads\/2022\/01\/xoconostle.jpg 272w, https:\/\/iberculturaviva.org\/wp-content\/uploads\/2022\/01\/xoconostle-125x85.jpg 125w\" sizes=\"auto, (max-width: 272px) 100vw, 272px\" \/><\/a>\n\t\t\t<\/dt><\/dl><dl class='gallery-item'>\n\t\t\t<dt class='gallery-icon landscape'>\n\t\t\t\t<a href='https:\/\/iberculturaviva.org\/es\/sabores-migrantes-2021-teresa-de-jesus-valverde-ortiz-y-el-pollo-a-la-basura\/jugodenaranjas\/'><img loading=\"lazy\" decoding=\"async\" width=\"234\" height=\"215\" src=\"https:\/\/iberculturaviva.org\/wp-content\/uploads\/2022\/01\/jugodenaranjas.jpg\" class=\"attachment-medium size-medium\" alt=\"\" srcset=\"https:\/\/iberculturaviva.org\/wp-content\/uploads\/2022\/01\/jugodenaranjas.jpg 234w, https:\/\/iberculturaviva.org\/wp-content\/uploads\/2022\/01\/jugodenaranjas-125x115.jpg 125w\" sizes=\"auto, (max-width: 234px) 100vw, 234px\" \/><\/a>\n\t\t\t<\/dt><\/dl><br style=\"clear: both\" \/>\n\t\t<\/div>\n\n<p><strong>Preparaci\u00f3n:<\/strong><\/p>\n<p style=\"text-align: justify;\"><span style=\"font-weight: 400;\">1. El pollo se limpia y se lava con sal de grano y lim\u00f3n para evitar el olor caracter\u00edstico del pollo crudo. <\/span><\/p>\n<p>2. El cilantro se pica en cuadritos, no tan peque\u00f1os.<\/p>\n<p style=\"text-align: justify;\">3. La cebolla de rabo o de cambray se pica en cuadros y se incluye una parte del rabo.<\/p>\n<p style=\"text-align: justify;\">4. El xoconostle se pela y se le quitan las semillas, se corta en cuadritos.<\/p>\n<p style=\"text-align: justify;\">5. La verdura se revuelve en un recipiente -es decir, la cebolla, cilantro y xoconostle- junto con los chiles de \u00e1rboles enteros. \u00c9stos no se rebanan, porque es solo un toque de picantes al platillo en general.<\/p>\n<p style=\"text-align: justify;\">6. En la cazuela o cacerola se vac\u00eda el vaso con agua, se agrega una capa de verdura, un poco de pollo, las hojas de aguacate y sal, se repiten al menos otras dos capas con el mismo procedimiento y al final se cubre todo el preparado con las hojas de aguacate sobrante<\/p>\n<p style=\"text-align: justify;\">7. Se le agrega el jugo de naranja a la cazuela (en mi municipio Chimalhuac\u00e1n, M\u00e9xico, hay personas que, en lugar de agregar jugo de naranja, agregan un poco de pulque)<\/p>\n<p style=\"text-align: justify;\">8. Se cubre la cazuela con un trapo h\u00famedo y un pl\u00e1stico h\u00famedo y al final con una tapadera.<\/p>\n<p style=\"text-align: justify;\">9. El pollo estar\u00e1 listo entre 45 minutos o una hora o bien cuando la carne est\u00e9 bien cocida y haya soltado sus jugos, dependiendo de la intensidad de su estufa.<\/p>\n<p>10. No lleva aceite u otro tipo de grasa. La cocci\u00f3n es al vapor.<\/p>\n<p>.<\/p>\n<p><strong>Es ideal acompa\u00f1ar con arroz, salsa borracha y tortillas.<\/strong><\/p>\n<p><span style=\"font-weight: 400;\">*<\/span><\/p>\n<h4 style=\"text-align: justify;\"><em><span style=\"font-weight: 400;\">\u201cSabores Migrantes Comunitarios\u201d es el resultado de una sinergia de los programas de cooperaci\u00f3n iberoamericana en las \u00e1reas de cultura comunitaria, cocina y migraci\u00f3n. La tercera edici\u00f3n del concurso fue presentada en septiembre por IberCultura Viva, Iber-Rutas e IberCocinas y la lista con las 16 recetas seleccionadas para recibir los premios de US$ 500 fue publicada el mi\u00e9rcoles 22 de diciembre. Este mes publicamos en la p\u00e1gina web de IberCultura Viva las recetas premiadas, sus historias y modos de preparaci\u00f3n.<\/span><\/em><\/h4>\n","protected":false},"excerpt":{"rendered":"<p>Teresa de Jes\u00fas Valverde Ortiz, mexicana que reside en el municipio de Chimalhuac\u00e1n (Estado de M\u00e9xico), present\u00f3 al concurso Sabores Migrantes Comunitarios 2021 una receta de su abuela: el pollo [&hellip;]<\/p>\n","protected":false},"author":2,"featured_media":0,"comment_status":"closed","ping_status":"closed","sticky":false,"template":"","format":"standard","meta":{"_coblocks_attr":"","_coblocks_dimensions":"","_coblocks_responsive_height":"","_coblocks_accordion_ie_support":"","_EventAllDay":false,"_EventTimezone":"","_EventStartDate":"","_EventEndDate":"","_EventStartDateUTC":"","_EventEndDateUTC":"","_EventShowMap":false,"_EventShowMapLink":false,"_EventURL":"","_EventCost":"","_EventCostDescription":"","_EventCurrencySymbol":"","_EventCurrencyCode":"","_EventCurrencyPosition":"","_EventDateTimeSeparator":"","_EventTimeRangeSeparator":"","_EventOrganizerID":[],"_EventVenueID":[],"_OrganizerEmail":"","_OrganizerPhone":"","_OrganizerWebsite":"","_VenueAddress":"","_VenueCity":"","_VenueCountry":"","_VenueProvince":"","_VenueState":"","_VenueZip":"","_VenuePhone":"","_VenueURL":"","_VenueStateProvince":"","_VenueLat":"","_VenueLng":"","_VenueShowMap":false,"_VenueShowMapLink":false,"footnotes":""},"categories":[262],"tags":[325,387,344],"country-municipality":[],"class_list":["post-26224","post","type-post","status-publish","format-standard","hentry","category-noticias-es","tag-concurso-2","tag-recetas-2","tag-sabores-migrantes-2"],"yoast_head":"<!-- This site is optimized with the Yoast SEO plugin v25.7 - https:\/\/yoast.com\/wordpress\/plugins\/seo\/ -->\n<title>Sabores Migrantes 2021: Teresa de Jes\u00fas Valverde Ortiz y el pollo a la basura - IberCultura Viva<\/title>\n<meta name=\"description\" content=\"Sabores Migrantes 2021: Teresa de Jes\u00fas Valverde Ortiz y el pollo a la basura - IberCultura Viva\" \/>\n<meta name=\"robots\" content=\"index, follow, max-snippet:-1, max-image-preview:large, max-video-preview:-1\" \/>\n<link rel=\"canonical\" href=\"https:\/\/iberculturaviva.org\/es\/sabores-migrantes-2021-teresa-de-jesus-valverde-ortiz-y-el-pollo-a-la-basura\/\" \/>\n<meta property=\"og:locale\" content=\"es_ES\" \/>\n<meta property=\"og:type\" content=\"article\" \/>\n<meta property=\"og:title\" content=\"Sabores Migrantes 2021: Teresa de Jes\u00fas Valverde Ortiz y el pollo a la basura - IberCultura Viva\" \/>\n<meta property=\"og:description\" content=\"Sabores Migrantes 2021: Teresa de Jes\u00fas Valverde Ortiz y el pollo a la basura - IberCultura Viva\" \/>\n<meta property=\"og:url\" content=\"https:\/\/iberculturaviva.org\/es\/sabores-migrantes-2021-teresa-de-jesus-valverde-ortiz-y-el-pollo-a-la-basura\/\" \/>\n<meta property=\"og:site_name\" content=\"IberCultura Viva\" \/>\n<meta property=\"article:publisher\" content=\"https:\/\/www.facebook.com\/iberculturaviva\/\" \/>\n<meta property=\"article:published_time\" content=\"2022-01-27T23:47:31+00:00\" \/>\n<meta property=\"article:modified_time\" content=\"2022-01-28T12:44:51+00:00\" \/>\n<meta property=\"og:image\" content=\"https:\/\/iberculturaviva.org\/wp-content\/uploads\/2022\/01\/pollo.jpg\" \/>\n<meta name=\"author\" content=\"IberCultura\" \/>\n<meta name=\"twitter:card\" content=\"summary_large_image\" \/>\n<meta name=\"twitter:label1\" content=\"Escrito por\" \/>\n\t<meta name=\"twitter:data1\" content=\"IberCultura\" \/>\n\t<meta name=\"twitter:label2\" content=\"Tiempo de lectura\" \/>\n\t<meta name=\"twitter:data2\" content=\"5 minutos\" \/>\n<script type=\"application\/ld+json\" class=\"yoast-schema-graph\">{\"@context\":\"https:\/\/schema.org\",\"@graph\":[{\"@type\":\"Article\",\"@id\":\"https:\/\/iberculturaviva.org\/es\/sabores-migrantes-2021-teresa-de-jesus-valverde-ortiz-y-el-pollo-a-la-basura\/#article\",\"isPartOf\":{\"@id\":\"https:\/\/iberculturaviva.org\/es\/sabores-migrantes-2021-teresa-de-jesus-valverde-ortiz-y-el-pollo-a-la-basura\/\"},\"author\":{\"name\":\"IberCultura\",\"@id\":\"https:\/\/iberculturaviva.org\/es\/?lang=es\/#\/schema\/person\/5d1313b072cc25536e0431522f740b59\"},\"headline\":\"Sabores Migrantes 2021: Teresa de Jes\u00fas Valverde Ortiz y el pollo a la basura\",\"datePublished\":\"2022-01-27T23:47:31+00:00\",\"dateModified\":\"2022-01-28T12:44:51+00:00\",\"mainEntityOfPage\":{\"@id\":\"https:\/\/iberculturaviva.org\/es\/sabores-migrantes-2021-teresa-de-jesus-valverde-ortiz-y-el-pollo-a-la-basura\/\"},\"wordCount\":812,\"publisher\":{\"@id\":\"https:\/\/iberculturaviva.org\/es\/?lang=es\/#organization\"},\"keywords\":[\"concurso\",\"recetas\",\"sabores migrantes\"],\"articleSection\":[\"Noticias\"],\"inLanguage\":\"es\"},{\"@type\":\"WebPage\",\"@id\":\"https:\/\/iberculturaviva.org\/es\/sabores-migrantes-2021-teresa-de-jesus-valverde-ortiz-y-el-pollo-a-la-basura\/\",\"url\":\"https:\/\/iberculturaviva.org\/es\/sabores-migrantes-2021-teresa-de-jesus-valverde-ortiz-y-el-pollo-a-la-basura\/\",\"name\":\"Sabores Migrantes 2021: Teresa de Jes\u00fas Valverde Ortiz y el pollo a la basura - IberCultura Viva\",\"isPartOf\":{\"@id\":\"https:\/\/iberculturaviva.org\/es\/?lang=es\/#website\"},\"datePublished\":\"2022-01-27T23:47:31+00:00\",\"dateModified\":\"2022-01-28T12:44:51+00:00\",\"description\":\"Sabores Migrantes 2021: Teresa de Jes\u00fas Valverde Ortiz y el pollo a la basura - IberCultura Viva\",\"breadcrumb\":{\"@id\":\"https:\/\/iberculturaviva.org\/es\/sabores-migrantes-2021-teresa-de-jesus-valverde-ortiz-y-el-pollo-a-la-basura\/#breadcrumb\"},\"inLanguage\":\"es\",\"potentialAction\":[{\"@type\":\"ReadAction\",\"target\":[\"https:\/\/iberculturaviva.org\/es\/sabores-migrantes-2021-teresa-de-jesus-valverde-ortiz-y-el-pollo-a-la-basura\/\"]}]},{\"@type\":\"BreadcrumbList\",\"@id\":\"https:\/\/iberculturaviva.org\/es\/sabores-migrantes-2021-teresa-de-jesus-valverde-ortiz-y-el-pollo-a-la-basura\/#breadcrumb\",\"itemListElement\":[{\"@type\":\"ListItem\",\"position\":1,\"name\":\"In\u00edcio\",\"item\":\"https:\/\/iberculturaviva.org\/es\/inicio\/\"},{\"@type\":\"ListItem\",\"position\":2,\"name\":\"Sabores Migrantes 2021: Teresa de Jes\u00fas Valverde Ortiz y el pollo a la basura\"}]},{\"@type\":\"WebSite\",\"@id\":\"https:\/\/iberculturaviva.org\/es\/?lang=es\/#website\",\"url\":\"https:\/\/iberculturaviva.org\/es\/?lang=es\/\",\"name\":\"IberCultura Viva\",\"description\":\"Programa de cooperaci\u00f3n cultural\",\"publisher\":{\"@id\":\"https:\/\/iberculturaviva.org\/es\/?lang=es\/#organization\"},\"potentialAction\":[{\"@type\":\"SearchAction\",\"target\":{\"@type\":\"EntryPoint\",\"urlTemplate\":\"https:\/\/iberculturaviva.org\/es\/?lang=es\/?s={search_term_string}\"},\"query-input\":{\"@type\":\"PropertyValueSpecification\",\"valueRequired\":true,\"valueName\":\"search_term_string\"}}],\"inLanguage\":\"es\"},{\"@type\":\"Organization\",\"@id\":\"https:\/\/iberculturaviva.org\/es\/?lang=es\/#organization\",\"name\":\"Iberculturaviva\",\"url\":\"https:\/\/iberculturaviva.org\/es\/?lang=es\/\",\"logo\":{\"@type\":\"ImageObject\",\"inLanguage\":\"es\",\"@id\":\"https:\/\/iberculturaviva.org\/es\/?lang=es\/#\/schema\/logo\/image\/\",\"url\":\"https:\/\/iberculturaviva.org\/wp-content\/uploads\/2021\/08\/logo_ibercultura_viva.jpg\",\"contentUrl\":\"https:\/\/iberculturaviva.org\/wp-content\/uploads\/2021\/08\/logo_ibercultura_viva.jpg\",\"width\":708,\"height\":223,\"caption\":\"Iberculturaviva\"},\"image\":{\"@id\":\"https:\/\/iberculturaviva.org\/es\/?lang=es\/#\/schema\/logo\/image\/\"},\"sameAs\":[\"https:\/\/www.facebook.com\/iberculturaviva\/\",\"https:\/\/www.instagram.com\/iberculturaviva\/\",\"https:\/\/www.youtube.com\/iberculturaviva\"]},{\"@type\":\"Person\",\"@id\":\"https:\/\/iberculturaviva.org\/es\/?lang=es\/#\/schema\/person\/5d1313b072cc25536e0431522f740b59\",\"name\":\"IberCultura\",\"image\":{\"@type\":\"ImageObject\",\"inLanguage\":\"es\",\"@id\":\"https:\/\/iberculturaviva.org\/es\/?lang=es\/#\/schema\/person\/image\/\",\"url\":\"https:\/\/secure.gravatar.com\/avatar\/79f1a057cb125cbefb3765d0356d52fc7f3bba3a35e2cf22bc4de090bb7aef70?s=96&d=mm&r=g\",\"contentUrl\":\"https:\/\/secure.gravatar.com\/avatar\/79f1a057cb125cbefb3765d0356d52fc7f3bba3a35e2cf22bc4de090bb7aef70?s=96&d=mm&r=g\",\"caption\":\"IberCultura\"}}]}<\/script>\n<!-- \/ Yoast SEO plugin. -->","yoast_head_json":{"title":"Sabores Migrantes 2021: Teresa de Jes\u00fas Valverde Ortiz y el pollo a la basura - IberCultura Viva","description":"Sabores Migrantes 2021: Teresa de Jes\u00fas Valverde Ortiz y el pollo a la basura - IberCultura Viva","robots":{"index":"index","follow":"follow","max-snippet":"max-snippet:-1","max-image-preview":"max-image-preview:large","max-video-preview":"max-video-preview:-1"},"canonical":"https:\/\/iberculturaviva.org\/es\/sabores-migrantes-2021-teresa-de-jesus-valverde-ortiz-y-el-pollo-a-la-basura\/","og_locale":"es_ES","og_type":"article","og_title":"Sabores Migrantes 2021: Teresa de Jes\u00fas Valverde Ortiz y el pollo a la basura - IberCultura Viva","og_description":"Sabores Migrantes 2021: Teresa de Jes\u00fas Valverde Ortiz y el pollo a la basura - IberCultura Viva","og_url":"https:\/\/iberculturaviva.org\/es\/sabores-migrantes-2021-teresa-de-jesus-valverde-ortiz-y-el-pollo-a-la-basura\/","og_site_name":"IberCultura Viva","article_publisher":"https:\/\/www.facebook.com\/iberculturaviva\/","article_published_time":"2022-01-27T23:47:31+00:00","article_modified_time":"2022-01-28T12:44:51+00:00","og_image":[{"url":"https:\/\/iberculturaviva.org\/wp-content\/uploads\/2022\/01\/pollo.jpg","type":"","width":"","height":""}],"author":"IberCultura","twitter_card":"summary_large_image","twitter_misc":{"Escrito por":"IberCultura","Tiempo de lectura":"5 minutos"},"schema":{"@context":"https:\/\/schema.org","@graph":[{"@type":"Article","@id":"https:\/\/iberculturaviva.org\/es\/sabores-migrantes-2021-teresa-de-jesus-valverde-ortiz-y-el-pollo-a-la-basura\/#article","isPartOf":{"@id":"https:\/\/iberculturaviva.org\/es\/sabores-migrantes-2021-teresa-de-jesus-valverde-ortiz-y-el-pollo-a-la-basura\/"},"author":{"name":"IberCultura","@id":"https:\/\/iberculturaviva.org\/es\/?lang=es\/#\/schema\/person\/5d1313b072cc25536e0431522f740b59"},"headline":"Sabores Migrantes 2021: Teresa de Jes\u00fas Valverde Ortiz y el pollo a la basura","datePublished":"2022-01-27T23:47:31+00:00","dateModified":"2022-01-28T12:44:51+00:00","mainEntityOfPage":{"@id":"https:\/\/iberculturaviva.org\/es\/sabores-migrantes-2021-teresa-de-jesus-valverde-ortiz-y-el-pollo-a-la-basura\/"},"wordCount":812,"publisher":{"@id":"https:\/\/iberculturaviva.org\/es\/?lang=es\/#organization"},"keywords":["concurso","recetas","sabores migrantes"],"articleSection":["Noticias"],"inLanguage":"es"},{"@type":"WebPage","@id":"https:\/\/iberculturaviva.org\/es\/sabores-migrantes-2021-teresa-de-jesus-valverde-ortiz-y-el-pollo-a-la-basura\/","url":"https:\/\/iberculturaviva.org\/es\/sabores-migrantes-2021-teresa-de-jesus-valverde-ortiz-y-el-pollo-a-la-basura\/","name":"Sabores Migrantes 2021: Teresa de Jes\u00fas Valverde Ortiz y el pollo a la basura - IberCultura Viva","isPartOf":{"@id":"https:\/\/iberculturaviva.org\/es\/?lang=es\/#website"},"datePublished":"2022-01-27T23:47:31+00:00","dateModified":"2022-01-28T12:44:51+00:00","description":"Sabores Migrantes 2021: Teresa de Jes\u00fas Valverde Ortiz y el pollo a la basura - IberCultura Viva","breadcrumb":{"@id":"https:\/\/iberculturaviva.org\/es\/sabores-migrantes-2021-teresa-de-jesus-valverde-ortiz-y-el-pollo-a-la-basura\/#breadcrumb"},"inLanguage":"es","potentialAction":[{"@type":"ReadAction","target":["https:\/\/iberculturaviva.org\/es\/sabores-migrantes-2021-teresa-de-jesus-valverde-ortiz-y-el-pollo-a-la-basura\/"]}]},{"@type":"BreadcrumbList","@id":"https:\/\/iberculturaviva.org\/es\/sabores-migrantes-2021-teresa-de-jesus-valverde-ortiz-y-el-pollo-a-la-basura\/#breadcrumb","itemListElement":[{"@type":"ListItem","position":1,"name":"In\u00edcio","item":"https:\/\/iberculturaviva.org\/es\/inicio\/"},{"@type":"ListItem","position":2,"name":"Sabores Migrantes 2021: Teresa de Jes\u00fas Valverde Ortiz y el pollo a la basura"}]},{"@type":"WebSite","@id":"https:\/\/iberculturaviva.org\/es\/?lang=es\/#website","url":"https:\/\/iberculturaviva.org\/es\/?lang=es\/","name":"IberCultura Viva","description":"Programa de cooperaci\u00f3n cultural","publisher":{"@id":"https:\/\/iberculturaviva.org\/es\/?lang=es\/#organization"},"potentialAction":[{"@type":"SearchAction","target":{"@type":"EntryPoint","urlTemplate":"https:\/\/iberculturaviva.org\/es\/?lang=es\/?s={search_term_string}"},"query-input":{"@type":"PropertyValueSpecification","valueRequired":true,"valueName":"search_term_string"}}],"inLanguage":"es"},{"@type":"Organization","@id":"https:\/\/iberculturaviva.org\/es\/?lang=es\/#organization","name":"Iberculturaviva","url":"https:\/\/iberculturaviva.org\/es\/?lang=es\/","logo":{"@type":"ImageObject","inLanguage":"es","@id":"https:\/\/iberculturaviva.org\/es\/?lang=es\/#\/schema\/logo\/image\/","url":"https:\/\/iberculturaviva.org\/wp-content\/uploads\/2021\/08\/logo_ibercultura_viva.jpg","contentUrl":"https:\/\/iberculturaviva.org\/wp-content\/uploads\/2021\/08\/logo_ibercultura_viva.jpg","width":708,"height":223,"caption":"Iberculturaviva"},"image":{"@id":"https:\/\/iberculturaviva.org\/es\/?lang=es\/#\/schema\/logo\/image\/"},"sameAs":["https:\/\/www.facebook.com\/iberculturaviva\/","https:\/\/www.instagram.com\/iberculturaviva\/","https:\/\/www.youtube.com\/iberculturaviva"]},{"@type":"Person","@id":"https:\/\/iberculturaviva.org\/es\/?lang=es\/#\/schema\/person\/5d1313b072cc25536e0431522f740b59","name":"IberCultura","image":{"@type":"ImageObject","inLanguage":"es","@id":"https:\/\/iberculturaviva.org\/es\/?lang=es\/#\/schema\/person\/image\/","url":"https:\/\/secure.gravatar.com\/avatar\/79f1a057cb125cbefb3765d0356d52fc7f3bba3a35e2cf22bc4de090bb7aef70?s=96&d=mm&r=g","contentUrl":"https:\/\/secure.gravatar.com\/avatar\/79f1a057cb125cbefb3765d0356d52fc7f3bba3a35e2cf22bc4de090bb7aef70?s=96&d=mm&r=g","caption":"IberCultura"}}]}},"main_category":{"link":"https:\/\/iberculturaviva.org\/es\/category\/noticias-es\/","name":"Noticias","slug":"noticias-es"},"_links":{"self":[{"href":"https:\/\/iberculturaviva.org\/es\/wp-json\/wp\/v2\/posts\/26224","targetHints":{"allow":["GET"]}}],"collection":[{"href":"https:\/\/iberculturaviva.org\/es\/wp-json\/wp\/v2\/posts"}],"about":[{"href":"https:\/\/iberculturaviva.org\/es\/wp-json\/wp\/v2\/types\/post"}],"author":[{"embeddable":true,"href":"https:\/\/iberculturaviva.org\/es\/wp-json\/wp\/v2\/users\/2"}],"replies":[{"embeddable":true,"href":"https:\/\/iberculturaviva.org\/es\/wp-json\/wp\/v2\/comments?post=26224"}],"version-history":[{"count":4,"href":"https:\/\/iberculturaviva.org\/es\/wp-json\/wp\/v2\/posts\/26224\/revisions"}],"predecessor-version":[{"id":26255,"href":"https:\/\/iberculturaviva.org\/es\/wp-json\/wp\/v2\/posts\/26224\/revisions\/26255"}],"wp:attachment":[{"href":"https:\/\/iberculturaviva.org\/es\/wp-json\/wp\/v2\/media?parent=26224"}],"wp:term":[{"taxonomy":"category","embeddable":true,"href":"https:\/\/iberculturaviva.org\/es\/wp-json\/wp\/v2\/categories?post=26224"},{"taxonomy":"post_tag","embeddable":true,"href":"https:\/\/iberculturaviva.org\/es\/wp-json\/wp\/v2\/tags?post=26224"},{"taxonomy":"country-municipality","embeddable":true,"href":"https:\/\/iberculturaviva.org\/es\/wp-json\/wp\/v2\/country-municipality?post=26224"}],"curies":[{"name":"wp","href":"https:\/\/api.w.org\/{rel}","templated":true}]}}