{"id":26134,"date":"2022-01-21T10:29:01","date_gmt":"2022-01-21T13:29:01","guid":{"rendered":"https:\/\/iberculturaviva.org\/?p=26134"},"modified":"2022-01-21T10:29:54","modified_gmt":"2022-01-21T13:29:54","slug":"sabores-migrantes-2021-ida-agustina-castillo-ayquipa-y-el-qapchi-platillo-peruano-de-la-region-de-ayacucho","status":"publish","type":"post","link":"https:\/\/iberculturaviva.org\/es\/sabores-migrantes-2021-ida-agustina-castillo-ayquipa-y-el-qapchi-platillo-peruano-de-la-region-de-ayacucho\/","title":{"rendered":"Sabores Migrantes 2021: Ida Agustina Castillo Ayquipa y el qapchi, platillo peruano de la regi\u00f3n de Ayacucho"},"content":{"rendered":"<p style=\"text-align: justify;\"><span style=\"font-weight: 400;\">Una de las 16 pr\u00e1cticas culinarias premiadas en el concurso Sabores Migrantes Comunitarios 2021 viene de Ayacucho, Per\u00fa, donde suele ser preparada como un platillo de entrada en los cumplea\u00f1os y festividades comunitarias como los carnavales. Ida Agustina Castillo Ayquipa fue quien present\u00f3 esta receta a la convocatoria lanzada en conjunto por los programas de cooperaci\u00f3n IberCultura Viva, Ibercocinas e Iber-Rutas.\u00a0<\/span><\/p>\n<p style=\"text-align: justify;\"><span style=\"font-weight: 400;\">En su postulaci\u00f3n, Ida Agustina cuenta que naci\u00f3 en la provincia de Lucanas, caser\u00edo Chacapata (departamento de Ayacucho), en una familia de ocho hermanos. \u201cMis padres siempre nos ense\u00f1aron a cocinar, desde peque\u00f1os, y algunas veces los platos se inventaban con lo que ten\u00edamos en nuestra estancia\u201d, recuerda. \u201cCuando yo ten\u00eda 8 a\u00f1os, mientras mi mam\u00e1 se hab\u00eda ido a orde\u00f1ar la vaca, mi pap\u00e1 me ense\u00f1\u00f3 a preparar el qapchi\u201d.\u00a0<\/span><\/p>\n<p style=\"text-align: justify;\"><span style=\"font-weight: 400;\">El platillo, seg\u00fan ella, se preparaba en los meses de enero, febrero, marzo, meses en los que la familia ten\u00eda papas. Con el tiempo se volvi\u00f3 costumbre de prepararlo en febrero, en los carnavales, cuando los padrinos de la yunza lo preparaban para todos los pobladores que ven\u00edan a la festividad.\u00a0<\/span><\/p>\n<p style=\"text-align: justify;\"><span style=\"font-weight: 400;\">\u201cA los 12 a\u00f1os tuve que migrar a Lima por el terrorismo que hab\u00eda en nuestro pa\u00eds. Mi mam\u00e1 me mand\u00f3 a Lima con una t\u00eda. Ahora tengo cuatro hijos y este platillo siempre lo preparo en los cumplea\u00f1os de mis familias y en las fiestas que hacemos en la comunidad donde vivo, para seguir manteniendo mis tradiciones\u201d, afirma.\u00a0<\/span><\/p>\n<p style=\"text-align: justify;\"><span style=\"font-weight: 400;\">Desde que pas\u00f3 a vivir en Lima, Ida y su familia preparan el qapchi con los vecinos y vecinas en cada faena o festividad tradicional, para que sus hijos aprendan de su gastronom\u00eda tradicional. (Este <\/span><a href=\"https:\/\/www.facebook.com\/watch\/?v=817972955682182\"><span style=\"font-weight: 400;\">video<\/span><\/a><span style=\"font-weight: 400;\"> ella lo hizo cuando prepar\u00f3 este platillo para el D\u00eda de Todos los Santos. El qapchi est\u00e1 en la mesa de ofrenda al lado de otros platos tradicionales.)<\/span><\/p>\n<p><a href=\"https:\/\/iberculturaviva.org\/wp-content\/uploads\/2022\/01\/ida3.jpeg\"><img loading=\"lazy\" decoding=\"async\" class=\"aligncenter size-large wp-image-26135\" src=\"https:\/\/iberculturaviva.org\/wp-content\/uploads\/2022\/01\/ida3-960x686.jpeg\" alt=\"\" width=\"640\" height=\"457\" srcset=\"https:\/\/iberculturaviva.org\/wp-content\/uploads\/2022\/01\/ida3-960x686.jpeg 960w, https:\/\/iberculturaviva.org\/wp-content\/uploads\/2022\/01\/ida3-768x549.jpeg 768w, https:\/\/iberculturaviva.org\/wp-content\/uploads\/2022\/01\/ida3-125x89.jpeg 125w, https:\/\/iberculturaviva.org\/wp-content\/uploads\/2022\/01\/ida3-529x378.jpeg 529w, https:\/\/iberculturaviva.org\/wp-content\/uploads\/2022\/01\/ida3.jpeg 1031w\" sizes=\"auto, (max-width: 640px) 100vw, 640px\" \/><\/a><\/p>\n<p>.<\/p>\n<h4>La receta: QAPCHI<\/h4>\n<p><strong>Ingredientes<\/strong><\/p>\n<ul>\n<li style=\"font-weight: 400;\" aria-level=\"1\"><span style=\"font-weight: 400;\">2 quilos de papa<\/span><\/li>\n<li style=\"font-weight: 400;\" aria-level=\"1\"><span style=\"font-weight: 400;\">1 molde de queso<\/span><\/li>\n<li style=\"font-weight: 400;\" aria-level=\"1\"><span style=\"font-weight: 400;\">1 rocoto<\/span><\/li>\n<li style=\"font-weight: 400;\" aria-level=\"1\"><span style=\"font-weight: 400;\">1 cabecita de cebolla china (picado en redonditos)<\/span><\/li>\n<li style=\"font-weight: 400;\" aria-level=\"1\"><span style=\"font-weight: 400;\">Sal al gusto<\/span><\/li>\n<\/ul>\n<p>.<\/p>\n<p><strong>C\u00f3mo preparar<\/strong><\/p>\n<p style=\"text-align: justify;\"><span style=\"font-weight: 400;\">En una olla se sancocha las papas, se deja hervir hasta que est\u00e9n cocinadas. Mientras se enfr\u00eda la papa, picamos el queso en cuadraditos, picamos la cebolla china en redonditos, cutamos el rocoto, picamos las papas en cuadraditos. Luego echamos todos los ingredientes\u00a0 en una olla y los combinamos, ponemos sal al gusto.\u00a0<\/span><\/p>\n<p><span style=\"font-weight: 400;\">*<\/span><\/p>\n<h4 style=\"text-align: justify;\"><em><span style=\"font-weight: 400;\">\u201cSabores Migrantes Comunitarios\u201d es el resultado de una sinergia de los programas de cooperaci\u00f3n iberoamericana en las \u00e1reas de cultura comunitaria, cocina y migraci\u00f3n. La tercera edici\u00f3n del concurso fue presentada en septiembre por IberCultura Viva, Iber-Rutas e IberCocinas y la lista con las 16 recetas seleccionadas para recibir los premios de US$ 500 fue publicada el mi\u00e9rcoles 22 de diciembre. Este mes comenzamos a publicar en la p\u00e1gina web de IberCultura Viva las recetas premiadas, sus historias y modos de preparaci\u00f3n.<\/span><\/em><\/h4>\n","protected":false},"excerpt":{"rendered":"<p>Una de las 16 pr\u00e1cticas culinarias premiadas en el concurso Sabores Migrantes Comunitarios 2021 viene de Ayacucho, Per\u00fa, donde suele ser preparada como un platillo de entrada en los cumplea\u00f1os [&hellip;]<\/p>\n","protected":false},"author":2,"featured_media":26137,"comment_status":"closed","ping_status":"closed","sticky":false,"template":"","format":"standard","meta":{"_coblocks_attr":"","_coblocks_dimensions":"","_coblocks_responsive_height":"","_coblocks_accordion_ie_support":"","_EventAllDay":false,"_EventTimezone":"","_EventStartDate":"","_EventEndDate":"","_EventStartDateUTC":"","_EventEndDateUTC":"","_EventShowMap":false,"_EventShowMapLink":false,"_EventURL":"","_EventCost":"","_EventCostDescription":"","_EventCurrencySymbol":"","_EventCurrencyCode":"","_EventCurrencyPosition":"","_EventDateTimeSeparator":"","_EventTimeRangeSeparator":"","_EventOrganizerID":[],"_EventVenueID":[],"_OrganizerEmail":"","_OrganizerPhone":"","_OrganizerWebsite":"","_VenueAddress":"","_VenueCity":"","_VenueCountry":"","_VenueProvince":"","_VenueState":"","_VenueZip":"","_VenuePhone":"","_VenueURL":"","_VenueStateProvince":"","_VenueLat":"","_VenueLng":"","_VenueShowMap":false,"_VenueShowMapLink":false,"footnotes":""},"categories":[262],"tags":[325,387,344],"country-municipality":[],"class_list":["post-26134","post","type-post","status-publish","format-standard","has-post-thumbnail","hentry","category-noticias-es","tag-concurso-2","tag-recetas-2","tag-sabores-migrantes-2"],"yoast_head":"<!-- This site is optimized with the Yoast SEO plugin v25.7 - https:\/\/yoast.com\/wordpress\/plugins\/seo\/ -->\n<title>Sabores Migrantes 2021: Ida Agustina Castillo Ayquipa y el qapchi, platillo peruano de la regi\u00f3n de Ayacucho - IberCultura Viva<\/title>\n<meta name=\"description\" content=\"Sabores Migrantes 2021: Ida Agustina Castillo Ayquipa y el qapchi, platillo peruano de la regi\u00f3n de Ayacucho - IberCultura Viva\" \/>\n<meta name=\"robots\" content=\"index, follow, max-snippet:-1, max-image-preview:large, max-video-preview:-1\" \/>\n<link rel=\"canonical\" href=\"https:\/\/iberculturaviva.org\/es\/sabores-migrantes-2021-ida-agustina-castillo-ayquipa-y-el-qapchi-platillo-peruano-de-la-region-de-ayacucho\/\" \/>\n<meta property=\"og:locale\" content=\"es_ES\" \/>\n<meta property=\"og:type\" content=\"article\" \/>\n<meta property=\"og:title\" content=\"Sabores Migrantes 2021: Ida Agustina Castillo Ayquipa y el qapchi, platillo peruano de la regi\u00f3n de Ayacucho - IberCultura Viva\" \/>\n<meta property=\"og:description\" content=\"Sabores Migrantes 2021: Ida Agustina Castillo Ayquipa y el qapchi, platillo peruano de la regi\u00f3n de Ayacucho - IberCultura Viva\" \/>\n<meta property=\"og:url\" content=\"https:\/\/iberculturaviva.org\/es\/sabores-migrantes-2021-ida-agustina-castillo-ayquipa-y-el-qapchi-platillo-peruano-de-la-region-de-ayacucho\/\" \/>\n<meta property=\"og:site_name\" content=\"IberCultura Viva\" \/>\n<meta property=\"article:publisher\" content=\"https:\/\/www.facebook.com\/iberculturaviva\/\" \/>\n<meta property=\"article:published_time\" content=\"2022-01-21T13:29:01+00:00\" \/>\n<meta property=\"article:modified_time\" content=\"2022-01-21T13:29:54+00:00\" \/>\n<meta property=\"og:image\" content=\"https:\/\/iberculturaviva.org\/wp-content\/uploads\/2022\/01\/ida1.jpeg\" \/>\n\t<meta property=\"og:image:width\" content=\"1190\" \/>\n\t<meta property=\"og:image:height\" content=\"737\" \/>\n\t<meta property=\"og:image:type\" content=\"image\/jpeg\" \/>\n<meta name=\"author\" content=\"IberCultura\" \/>\n<meta name=\"twitter:card\" content=\"summary_large_image\" \/>\n<meta name=\"twitter:label1\" content=\"Escrito por\" \/>\n\t<meta name=\"twitter:data1\" content=\"IberCultura\" \/>\n\t<meta name=\"twitter:label2\" content=\"Tiempo de lectura\" \/>\n\t<meta name=\"twitter:data2\" content=\"3 minutos\" \/>\n<script type=\"application\/ld+json\" class=\"yoast-schema-graph\">{\"@context\":\"https:\/\/schema.org\",\"@graph\":[{\"@type\":\"Article\",\"@id\":\"https:\/\/iberculturaviva.org\/es\/sabores-migrantes-2021-ida-agustina-castillo-ayquipa-y-el-qapchi-platillo-peruano-de-la-region-de-ayacucho\/#article\",\"isPartOf\":{\"@id\":\"https:\/\/iberculturaviva.org\/es\/sabores-migrantes-2021-ida-agustina-castillo-ayquipa-y-el-qapchi-platillo-peruano-de-la-region-de-ayacucho\/\"},\"author\":{\"name\":\"IberCultura\",\"@id\":\"https:\/\/iberculturaviva.org\/es\/?lang=es\/#\/schema\/person\/5d1313b072cc25536e0431522f740b59\"},\"headline\":\"Sabores Migrantes 2021: Ida Agustina Castillo Ayquipa y el qapchi, platillo peruano de la regi\u00f3n de Ayacucho\",\"datePublished\":\"2022-01-21T13:29:01+00:00\",\"dateModified\":\"2022-01-21T13:29:54+00:00\",\"mainEntityOfPage\":{\"@id\":\"https:\/\/iberculturaviva.org\/es\/sabores-migrantes-2021-ida-agustina-castillo-ayquipa-y-el-qapchi-platillo-peruano-de-la-region-de-ayacucho\/\"},\"wordCount\":505,\"publisher\":{\"@id\":\"https:\/\/iberculturaviva.org\/es\/?lang=es\/#organization\"},\"image\":{\"@id\":\"https:\/\/iberculturaviva.org\/es\/sabores-migrantes-2021-ida-agustina-castillo-ayquipa-y-el-qapchi-platillo-peruano-de-la-region-de-ayacucho\/#primaryimage\"},\"thumbnailUrl\":\"https:\/\/iberculturaviva.org\/wp-content\/uploads\/2022\/01\/ida1.jpeg\",\"keywords\":[\"concurso\",\"recetas\",\"sabores migrantes\"],\"articleSection\":[\"Noticias\"],\"inLanguage\":\"es\"},{\"@type\":\"WebPage\",\"@id\":\"https:\/\/iberculturaviva.org\/es\/sabores-migrantes-2021-ida-agustina-castillo-ayquipa-y-el-qapchi-platillo-peruano-de-la-region-de-ayacucho\/\",\"url\":\"https:\/\/iberculturaviva.org\/es\/sabores-migrantes-2021-ida-agustina-castillo-ayquipa-y-el-qapchi-platillo-peruano-de-la-region-de-ayacucho\/\",\"name\":\"Sabores Migrantes 2021: Ida Agustina Castillo Ayquipa y el qapchi, platillo peruano de la regi\u00f3n de Ayacucho - IberCultura Viva\",\"isPartOf\":{\"@id\":\"https:\/\/iberculturaviva.org\/es\/?lang=es\/#website\"},\"primaryImageOfPage\":{\"@id\":\"https:\/\/iberculturaviva.org\/es\/sabores-migrantes-2021-ida-agustina-castillo-ayquipa-y-el-qapchi-platillo-peruano-de-la-region-de-ayacucho\/#primaryimage\"},\"image\":{\"@id\":\"https:\/\/iberculturaviva.org\/es\/sabores-migrantes-2021-ida-agustina-castillo-ayquipa-y-el-qapchi-platillo-peruano-de-la-region-de-ayacucho\/#primaryimage\"},\"thumbnailUrl\":\"https:\/\/iberculturaviva.org\/wp-content\/uploads\/2022\/01\/ida1.jpeg\",\"datePublished\":\"2022-01-21T13:29:01+00:00\",\"dateModified\":\"2022-01-21T13:29:54+00:00\",\"description\":\"Sabores Migrantes 2021: Ida Agustina Castillo Ayquipa y el qapchi, platillo peruano de la regi\u00f3n de Ayacucho - IberCultura Viva\",\"breadcrumb\":{\"@id\":\"https:\/\/iberculturaviva.org\/es\/sabores-migrantes-2021-ida-agustina-castillo-ayquipa-y-el-qapchi-platillo-peruano-de-la-region-de-ayacucho\/#breadcrumb\"},\"inLanguage\":\"es\",\"potentialAction\":[{\"@type\":\"ReadAction\",\"target\":[\"https:\/\/iberculturaviva.org\/es\/sabores-migrantes-2021-ida-agustina-castillo-ayquipa-y-el-qapchi-platillo-peruano-de-la-region-de-ayacucho\/\"]}]},{\"@type\":\"ImageObject\",\"inLanguage\":\"es\",\"@id\":\"https:\/\/iberculturaviva.org\/es\/sabores-migrantes-2021-ida-agustina-castillo-ayquipa-y-el-qapchi-platillo-peruano-de-la-region-de-ayacucho\/#primaryimage\",\"url\":\"https:\/\/iberculturaviva.org\/wp-content\/uploads\/2022\/01\/ida1.jpeg\",\"contentUrl\":\"https:\/\/iberculturaviva.org\/wp-content\/uploads\/2022\/01\/ida1.jpeg\",\"width\":1190,\"height\":737},{\"@type\":\"BreadcrumbList\",\"@id\":\"https:\/\/iberculturaviva.org\/es\/sabores-migrantes-2021-ida-agustina-castillo-ayquipa-y-el-qapchi-platillo-peruano-de-la-region-de-ayacucho\/#breadcrumb\",\"itemListElement\":[{\"@type\":\"ListItem\",\"position\":1,\"name\":\"In\u00edcio\",\"item\":\"https:\/\/iberculturaviva.org\/es\/inicio\/\"},{\"@type\":\"ListItem\",\"position\":2,\"name\":\"Sabores Migrantes 2021: Ida Agustina Castillo Ayquipa y el qapchi, platillo peruano de la regi\u00f3n de Ayacucho\"}]},{\"@type\":\"WebSite\",\"@id\":\"https:\/\/iberculturaviva.org\/es\/?lang=es\/#website\",\"url\":\"https:\/\/iberculturaviva.org\/es\/?lang=es\/\",\"name\":\"IberCultura Viva\",\"description\":\"Programa de cooperaci\u00f3n cultural\",\"publisher\":{\"@id\":\"https:\/\/iberculturaviva.org\/es\/?lang=es\/#organization\"},\"potentialAction\":[{\"@type\":\"SearchAction\",\"target\":{\"@type\":\"EntryPoint\",\"urlTemplate\":\"https:\/\/iberculturaviva.org\/es\/?lang=es\/?s={search_term_string}\"},\"query-input\":{\"@type\":\"PropertyValueSpecification\",\"valueRequired\":true,\"valueName\":\"search_term_string\"}}],\"inLanguage\":\"es\"},{\"@type\":\"Organization\",\"@id\":\"https:\/\/iberculturaviva.org\/es\/?lang=es\/#organization\",\"name\":\"Iberculturaviva\",\"url\":\"https:\/\/iberculturaviva.org\/es\/?lang=es\/\",\"logo\":{\"@type\":\"ImageObject\",\"inLanguage\":\"es\",\"@id\":\"https:\/\/iberculturaviva.org\/es\/?lang=es\/#\/schema\/logo\/image\/\",\"url\":\"https:\/\/iberculturaviva.org\/wp-content\/uploads\/2021\/08\/logo_ibercultura_viva.jpg\",\"contentUrl\":\"https:\/\/iberculturaviva.org\/wp-content\/uploads\/2021\/08\/logo_ibercultura_viva.jpg\",\"width\":708,\"height\":223,\"caption\":\"Iberculturaviva\"},\"image\":{\"@id\":\"https:\/\/iberculturaviva.org\/es\/?lang=es\/#\/schema\/logo\/image\/\"},\"sameAs\":[\"https:\/\/www.facebook.com\/iberculturaviva\/\",\"https:\/\/www.instagram.com\/iberculturaviva\/\",\"https:\/\/www.youtube.com\/iberculturaviva\"]},{\"@type\":\"Person\",\"@id\":\"https:\/\/iberculturaviva.org\/es\/?lang=es\/#\/schema\/person\/5d1313b072cc25536e0431522f740b59\",\"name\":\"IberCultura\",\"image\":{\"@type\":\"ImageObject\",\"inLanguage\":\"es\",\"@id\":\"https:\/\/iberculturaviva.org\/es\/?lang=es\/#\/schema\/person\/image\/\",\"url\":\"https:\/\/secure.gravatar.com\/avatar\/79f1a057cb125cbefb3765d0356d52fc7f3bba3a35e2cf22bc4de090bb7aef70?s=96&d=mm&r=g\",\"contentUrl\":\"https:\/\/secure.gravatar.com\/avatar\/79f1a057cb125cbefb3765d0356d52fc7f3bba3a35e2cf22bc4de090bb7aef70?s=96&d=mm&r=g\",\"caption\":\"IberCultura\"}}]}<\/script>\n<!-- \/ Yoast SEO plugin. -->","yoast_head_json":{"title":"Sabores Migrantes 2021: Ida Agustina Castillo Ayquipa y el qapchi, platillo peruano de la regi\u00f3n de Ayacucho - IberCultura Viva","description":"Sabores Migrantes 2021: Ida Agustina Castillo Ayquipa y el qapchi, platillo peruano de la regi\u00f3n de Ayacucho - IberCultura Viva","robots":{"index":"index","follow":"follow","max-snippet":"max-snippet:-1","max-image-preview":"max-image-preview:large","max-video-preview":"max-video-preview:-1"},"canonical":"https:\/\/iberculturaviva.org\/es\/sabores-migrantes-2021-ida-agustina-castillo-ayquipa-y-el-qapchi-platillo-peruano-de-la-region-de-ayacucho\/","og_locale":"es_ES","og_type":"article","og_title":"Sabores Migrantes 2021: Ida Agustina Castillo Ayquipa y el qapchi, platillo peruano de la regi\u00f3n de Ayacucho - IberCultura Viva","og_description":"Sabores Migrantes 2021: Ida Agustina Castillo Ayquipa y el qapchi, platillo peruano de la regi\u00f3n de Ayacucho - IberCultura Viva","og_url":"https:\/\/iberculturaviva.org\/es\/sabores-migrantes-2021-ida-agustina-castillo-ayquipa-y-el-qapchi-platillo-peruano-de-la-region-de-ayacucho\/","og_site_name":"IberCultura Viva","article_publisher":"https:\/\/www.facebook.com\/iberculturaviva\/","article_published_time":"2022-01-21T13:29:01+00:00","article_modified_time":"2022-01-21T13:29:54+00:00","og_image":[{"width":1190,"height":737,"url":"https:\/\/iberculturaviva.org\/wp-content\/uploads\/2022\/01\/ida1.jpeg","type":"image\/jpeg"}],"author":"IberCultura","twitter_card":"summary_large_image","twitter_misc":{"Escrito por":"IberCultura","Tiempo de lectura":"3 minutos"},"schema":{"@context":"https:\/\/schema.org","@graph":[{"@type":"Article","@id":"https:\/\/iberculturaviva.org\/es\/sabores-migrantes-2021-ida-agustina-castillo-ayquipa-y-el-qapchi-platillo-peruano-de-la-region-de-ayacucho\/#article","isPartOf":{"@id":"https:\/\/iberculturaviva.org\/es\/sabores-migrantes-2021-ida-agustina-castillo-ayquipa-y-el-qapchi-platillo-peruano-de-la-region-de-ayacucho\/"},"author":{"name":"IberCultura","@id":"https:\/\/iberculturaviva.org\/es\/?lang=es\/#\/schema\/person\/5d1313b072cc25536e0431522f740b59"},"headline":"Sabores Migrantes 2021: Ida Agustina Castillo Ayquipa y el qapchi, platillo peruano de la regi\u00f3n de Ayacucho","datePublished":"2022-01-21T13:29:01+00:00","dateModified":"2022-01-21T13:29:54+00:00","mainEntityOfPage":{"@id":"https:\/\/iberculturaviva.org\/es\/sabores-migrantes-2021-ida-agustina-castillo-ayquipa-y-el-qapchi-platillo-peruano-de-la-region-de-ayacucho\/"},"wordCount":505,"publisher":{"@id":"https:\/\/iberculturaviva.org\/es\/?lang=es\/#organization"},"image":{"@id":"https:\/\/iberculturaviva.org\/es\/sabores-migrantes-2021-ida-agustina-castillo-ayquipa-y-el-qapchi-platillo-peruano-de-la-region-de-ayacucho\/#primaryimage"},"thumbnailUrl":"https:\/\/iberculturaviva.org\/wp-content\/uploads\/2022\/01\/ida1.jpeg","keywords":["concurso","recetas","sabores migrantes"],"articleSection":["Noticias"],"inLanguage":"es"},{"@type":"WebPage","@id":"https:\/\/iberculturaviva.org\/es\/sabores-migrantes-2021-ida-agustina-castillo-ayquipa-y-el-qapchi-platillo-peruano-de-la-region-de-ayacucho\/","url":"https:\/\/iberculturaviva.org\/es\/sabores-migrantes-2021-ida-agustina-castillo-ayquipa-y-el-qapchi-platillo-peruano-de-la-region-de-ayacucho\/","name":"Sabores Migrantes 2021: Ida Agustina Castillo Ayquipa y el qapchi, platillo peruano de la regi\u00f3n de Ayacucho - IberCultura Viva","isPartOf":{"@id":"https:\/\/iberculturaviva.org\/es\/?lang=es\/#website"},"primaryImageOfPage":{"@id":"https:\/\/iberculturaviva.org\/es\/sabores-migrantes-2021-ida-agustina-castillo-ayquipa-y-el-qapchi-platillo-peruano-de-la-region-de-ayacucho\/#primaryimage"},"image":{"@id":"https:\/\/iberculturaviva.org\/es\/sabores-migrantes-2021-ida-agustina-castillo-ayquipa-y-el-qapchi-platillo-peruano-de-la-region-de-ayacucho\/#primaryimage"},"thumbnailUrl":"https:\/\/iberculturaviva.org\/wp-content\/uploads\/2022\/01\/ida1.jpeg","datePublished":"2022-01-21T13:29:01+00:00","dateModified":"2022-01-21T13:29:54+00:00","description":"Sabores Migrantes 2021: Ida Agustina Castillo Ayquipa y el qapchi, platillo peruano de la regi\u00f3n de Ayacucho - IberCultura Viva","breadcrumb":{"@id":"https:\/\/iberculturaviva.org\/es\/sabores-migrantes-2021-ida-agustina-castillo-ayquipa-y-el-qapchi-platillo-peruano-de-la-region-de-ayacucho\/#breadcrumb"},"inLanguage":"es","potentialAction":[{"@type":"ReadAction","target":["https:\/\/iberculturaviva.org\/es\/sabores-migrantes-2021-ida-agustina-castillo-ayquipa-y-el-qapchi-platillo-peruano-de-la-region-de-ayacucho\/"]}]},{"@type":"ImageObject","inLanguage":"es","@id":"https:\/\/iberculturaviva.org\/es\/sabores-migrantes-2021-ida-agustina-castillo-ayquipa-y-el-qapchi-platillo-peruano-de-la-region-de-ayacucho\/#primaryimage","url":"https:\/\/iberculturaviva.org\/wp-content\/uploads\/2022\/01\/ida1.jpeg","contentUrl":"https:\/\/iberculturaviva.org\/wp-content\/uploads\/2022\/01\/ida1.jpeg","width":1190,"height":737},{"@type":"BreadcrumbList","@id":"https:\/\/iberculturaviva.org\/es\/sabores-migrantes-2021-ida-agustina-castillo-ayquipa-y-el-qapchi-platillo-peruano-de-la-region-de-ayacucho\/#breadcrumb","itemListElement":[{"@type":"ListItem","position":1,"name":"In\u00edcio","item":"https:\/\/iberculturaviva.org\/es\/inicio\/"},{"@type":"ListItem","position":2,"name":"Sabores Migrantes 2021: Ida Agustina Castillo Ayquipa y el qapchi, platillo peruano de la regi\u00f3n de Ayacucho"}]},{"@type":"WebSite","@id":"https:\/\/iberculturaviva.org\/es\/?lang=es\/#website","url":"https:\/\/iberculturaviva.org\/es\/?lang=es\/","name":"IberCultura Viva","description":"Programa de cooperaci\u00f3n cultural","publisher":{"@id":"https:\/\/iberculturaviva.org\/es\/?lang=es\/#organization"},"potentialAction":[{"@type":"SearchAction","target":{"@type":"EntryPoint","urlTemplate":"https:\/\/iberculturaviva.org\/es\/?lang=es\/?s={search_term_string}"},"query-input":{"@type":"PropertyValueSpecification","valueRequired":true,"valueName":"search_term_string"}}],"inLanguage":"es"},{"@type":"Organization","@id":"https:\/\/iberculturaviva.org\/es\/?lang=es\/#organization","name":"Iberculturaviva","url":"https:\/\/iberculturaviva.org\/es\/?lang=es\/","logo":{"@type":"ImageObject","inLanguage":"es","@id":"https:\/\/iberculturaviva.org\/es\/?lang=es\/#\/schema\/logo\/image\/","url":"https:\/\/iberculturaviva.org\/wp-content\/uploads\/2021\/08\/logo_ibercultura_viva.jpg","contentUrl":"https:\/\/iberculturaviva.org\/wp-content\/uploads\/2021\/08\/logo_ibercultura_viva.jpg","width":708,"height":223,"caption":"Iberculturaviva"},"image":{"@id":"https:\/\/iberculturaviva.org\/es\/?lang=es\/#\/schema\/logo\/image\/"},"sameAs":["https:\/\/www.facebook.com\/iberculturaviva\/","https:\/\/www.instagram.com\/iberculturaviva\/","https:\/\/www.youtube.com\/iberculturaviva"]},{"@type":"Person","@id":"https:\/\/iberculturaviva.org\/es\/?lang=es\/#\/schema\/person\/5d1313b072cc25536e0431522f740b59","name":"IberCultura","image":{"@type":"ImageObject","inLanguage":"es","@id":"https:\/\/iberculturaviva.org\/es\/?lang=es\/#\/schema\/person\/image\/","url":"https:\/\/secure.gravatar.com\/avatar\/79f1a057cb125cbefb3765d0356d52fc7f3bba3a35e2cf22bc4de090bb7aef70?s=96&d=mm&r=g","contentUrl":"https:\/\/secure.gravatar.com\/avatar\/79f1a057cb125cbefb3765d0356d52fc7f3bba3a35e2cf22bc4de090bb7aef70?s=96&d=mm&r=g","caption":"IberCultura"}}]}},"main_category":{"link":"https:\/\/iberculturaviva.org\/es\/category\/noticias-es\/","name":"Noticias","slug":"noticias-es"},"_links":{"self":[{"href":"https:\/\/iberculturaviva.org\/es\/wp-json\/wp\/v2\/posts\/26134","targetHints":{"allow":["GET"]}}],"collection":[{"href":"https:\/\/iberculturaviva.org\/es\/wp-json\/wp\/v2\/posts"}],"about":[{"href":"https:\/\/iberculturaviva.org\/es\/wp-json\/wp\/v2\/types\/post"}],"author":[{"embeddable":true,"href":"https:\/\/iberculturaviva.org\/es\/wp-json\/wp\/v2\/users\/2"}],"replies":[{"embeddable":true,"href":"https:\/\/iberculturaviva.org\/es\/wp-json\/wp\/v2\/comments?post=26134"}],"version-history":[{"count":2,"href":"https:\/\/iberculturaviva.org\/es\/wp-json\/wp\/v2\/posts\/26134\/revisions"}],"predecessor-version":[{"id":26140,"href":"https:\/\/iberculturaviva.org\/es\/wp-json\/wp\/v2\/posts\/26134\/revisions\/26140"}],"wp:featuredmedia":[{"embeddable":true,"href":"https:\/\/iberculturaviva.org\/es\/wp-json\/wp\/v2\/media\/26137"}],"wp:attachment":[{"href":"https:\/\/iberculturaviva.org\/es\/wp-json\/wp\/v2\/media?parent=26134"}],"wp:term":[{"taxonomy":"category","embeddable":true,"href":"https:\/\/iberculturaviva.org\/es\/wp-json\/wp\/v2\/categories?post=26134"},{"taxonomy":"post_tag","embeddable":true,"href":"https:\/\/iberculturaviva.org\/es\/wp-json\/wp\/v2\/tags?post=26134"},{"taxonomy":"country-municipality","embeddable":true,"href":"https:\/\/iberculturaviva.org\/es\/wp-json\/wp\/v2\/country-municipality?post=26134"}],"curies":[{"name":"wp","href":"https:\/\/api.w.org\/{rel}","templated":true}]}}