{"id":26050,"date":"2022-01-17T20:38:14","date_gmt":"2022-01-17T23:38:14","guid":{"rendered":"https:\/\/iberculturaviva.org\/?p=26050"},"modified":"2022-01-17T20:40:33","modified_gmt":"2022-01-17T23:40:33","slug":"sabores-migrantes-2021-mi-receta-migratoria-y-la-bandera-dominicana","status":"publish","type":"post","link":"https:\/\/iberculturaviva.org\/es\/sabores-migrantes-2021-mi-receta-migratoria-y-la-bandera-dominicana\/","title":{"rendered":"Sabores Migrantes 2021: \u201cMi receta migratoria\u201d y la bandera dominicana\u00a0"},"content":{"rendered":"<h4>(Fotos: Loredana Morando\/Mi receta migratoria)<\/h4>\n<p>.<\/p>\n<p style=\"text-align: justify;\"><span style=\"font-weight: 400;\">La<\/span> <span style=\"font-weight: 400;\">bandera dominicana, una de las 16 recetas seleccionadas en el concurso Sabores Migrantes Comunitarios 2021, es una de las pr\u00e1cticas culinarias que integran el proyecto \u00abMi receta migratoria\u00bb, que re\u00fane historias y recetas t\u00edpicas de migrantes de Am\u00e9rica Latina que viven en Uruguay. La publicaci\u00f3n, disponible en formato f\u00edsico y online, nos invita a entrar a la casa de 22 personas de la regi\u00f3n para conocer sus costumbres, su lenguajes, sus procesos migratorios y, sobre todo, comprender c\u00f3mo tuvieron que adaptar o \u201cmigrar\u201d esos platos t\u00edpicos a ingredientes del mercado local.<\/span><\/p>\n<p style=\"text-align: justify;\"><span style=\"font-weight: 400;\">En la convocatoria lanzada en conjunto por los programas IberCultura Viva, Iber-Rutas e Ibercocinas, quien presenta la receta es Sinay Medouze, venezolana que vive en Montevideo (Uruguay). Ella lo hace en representaci\u00f3n del colectivo conformado por Loredana Morando, Ux\u00eda Rodriguez, Andrea G\u00f3mez, Valentina M\u00e1rquez, Luc\u00eda Ortega, Mar\u00eda Eugenia Gonz\u00e1lez y Jessenia Pazmi\u00f1o.<\/span><\/p>\n<p style=\"text-align: justify;\"><span style=\"font-weight: 400;\">En el libro quien cuenta su historia es Aura Mercado, t\u00e9cnica en salud que sali\u00f3 de la Rep\u00fablica Dominicana para vivir en Uruguay con la meta de estudiar, trabajar y llevar a sus hijos. Estudiar, ella todav\u00eda no pudo, pero sigue luchando y buscando poner su pa\u00eds en alto, conforme su relato en \u201cMi receta migratoria\u201d:<\/span><\/p>\n<p style=\"text-align: justify;\"><span style=\"font-weight: 400;\">\u00abCuando vine ac\u00e1 me di cuenta de que estaban llegando varios compa\u00f1eros, entonces ah\u00ed comenzamos a organizarnos, porque algunas personas vinieron con algunas expectativas y cuando llegaron ac\u00e1 se frustraron, as\u00ed que quedaron medio alborotados y sin saber qu\u00e9 hacer. (&#8230;) Formamos un colectivo de danza, entonces ah\u00ed comenzamos a hacer actividades gastron\u00f3micas y de integraci\u00f3n. Comenzar a mostrar nuestra comida fue una excusa para acercarnos a la comunidad de Uruguay, para hacerles ver que no \u00e9ramos personas da\u00f1inas, que \u00e9ramos laburantes\u201d, cont\u00f3 Aura.<\/span><\/p>\n<p style=\"text-align: justify;\"><span style=\"font-weight: 400;\">Esta receta de la bandera dominicana, para ella, significa mucho. \u201cEs un plato que t\u00fa lo ves as\u00ed sencillo, pero se puede servir de muchas formas. Es sencillo y surgi\u00f3 cuando estuvo la invasi\u00f3n espa\u00f1ola, no hab\u00eda alimento y los \u00fanicos alimentos que hab\u00eda eran las habichuelas, el arroz y la carne, o sea se hizo un contraste con eso para llevar a la familia. No tiene clase social, es del pa\u00eds y para todos. Aparte es un plato que se come todos los d\u00edas. O sea, uno no se cansa de comerlo. Puede ser con huevo frito, con carne de cerdo, carne de vaca, carne de pollo, con papas y casi siempre, con frijoles rojos\u00bb, explic\u00f3 la dominicana.<\/span><\/p>\n<p><a href=\"https:\/\/iberculturaviva.org\/wp-content\/uploads\/2022\/01\/DSC_0254.jpg\"><img loading=\"lazy\" decoding=\"async\" class=\"aligncenter size-large wp-image-26062\" src=\"https:\/\/iberculturaviva.org\/wp-content\/uploads\/2022\/01\/DSC_0254-960x640.jpg\" alt=\"\" width=\"640\" height=\"427\" srcset=\"https:\/\/iberculturaviva.org\/wp-content\/uploads\/2022\/01\/DSC_0254-960x640.jpg 960w, https:\/\/iberculturaviva.org\/wp-content\/uploads\/2022\/01\/DSC_0254-768x512.jpg 768w, https:\/\/iberculturaviva.org\/wp-content\/uploads\/2022\/01\/DSC_0254-125x83.jpg 125w, https:\/\/iberculturaviva.org\/wp-content\/uploads\/2022\/01\/DSC_0254-529x352.jpg 529w, https:\/\/iberculturaviva.org\/wp-content\/uploads\/2022\/01\/DSC_0254.jpg 980w\" sizes=\"auto, (max-width: 640px) 100vw, 640px\" \/><\/a><\/p>\n<h4>.<br \/>\n<strong>La receta: Bandera dominicana, por Aura Mercado<\/strong><\/h4>\n<p><strong>Ingredientes<\/strong><span style=\"font-weight: 400;\">:<\/span><\/p>\n<p><span style=\"font-weight: 400;\">&#8211; Arroz<\/span><\/p>\n<p><span style=\"font-weight: 400;\">&#8211; Habichuelas (porotos)<\/span><\/p>\n<p><span style=\"font-weight: 400;\">&#8211; Carne, puedes ser de vaca, pollo o de cerdo<\/span><\/p>\n<p><span style=\"font-weight: 400;\">Acompa\u00f1ado de:<\/span><\/p>\n<p><span style=\"font-weight: 400;\">&#8211; ensaladas de repollo, lechuga, pepino, tomate, aguacate (palta)<\/span><\/p>\n<p>.<\/p>\n<h4><span style=\"text-decoration: underline;\">C\u00f3mo preparar<\/span><\/h4>\n<p><span style=\"font-weight: 400;\">\u00ab<\/span><strong>El arroz nosotros lo hacemos as\u00ed<\/strong><span style=\"font-weight: 400;\"><strong>:<\/strong>\u00a0<\/span><\/p>\n<p><span style=\"font-weight: 400;\">Colocas en una olla una pizca de aceite, un poco de sal, despu\u00e9s agregas el arroz y se sofr\u00ede.<\/span><\/p>\n<p style=\"text-align: justify;\"><span style=\"font-weight: 400;\">Para que tenga un toque especial, te estoy dando un tip m\u00edo de Aura: tienes que dejar que la sal se sofr\u00eda un poquito y esa sal tira un gusto \u00fanico.<\/span><\/p>\n<p style=\"text-align: justify;\"><span style=\"font-weight: 400;\">Puedes ponerle agua fr\u00eda o ya puedes tener agua en la caldera y es m\u00e1s r\u00e1pido. Yo cocino \u2015tambi\u00e9n es otro secreto m\u00edo\u2015 al ojo, yo no voy con la receta, ni que la tacita, ni la cosita, al ojo.<\/span><\/p>\n<p style=\"text-align: justify;\"><span style=\"font-weight: 400;\">El agua tiene que cubrir el arroz, pero no s\u00e9 si yo uso 1 litro de agua o un litro y medio. No lo s\u00e9.<\/span><\/p>\n<p style=\"text-align: justify;\"><span style=\"font-weight: 400;\">En el campo me ense\u00f1aron que, para saber si est\u00e1 bien de agua, hay que buscar una cuchara de madera, revolver el arroz y enterrarla en el medio de la olla, si queda parada es que est\u00e1 bien de agua, si no, es que hay que sacarle un poquito de agua.<\/span><\/p>\n<p style=\"text-align: justify;\"><span style=\"font-weight: 400;\">Pero si est\u00e1 muy fija en el arroz, como si fuera arena, es que le hace falta agua. Hay que tener la t\u00e9cnica, y para este caso hay que poner agua hervida mejor.<\/span><\/p>\n<p style=\"text-align: justify;\"><span style=\"font-weight: 400;\">El arroz se remueve una vez, de abajo para arriba, lo tapas, dejas que hierva y cuando el agua est\u00e1 casi seca, apagas la cocina, remueves y tapas con un nailon transparente para que selle bien.<\/span><\/p>\n<p style=\"text-align: justify;\"><span style=\"font-weight: 400;\">Tienes que remojar el nailon un poquito con agua, tiene que ser transparente, donde yo me cri\u00e9 se usaba hoja de pl\u00e1tano.<\/span><\/p>\n<p style=\"text-align: justify;\"><span style=\"font-weight: 400;\">Entonces lo tapas 10 minutos con la llama bien baja y eso se cocina como al vapor. A los 5 minutos, destapas y remueves de abajo para arriba, quedando la parte de arriba en la de abajo y viceversa.<\/span><\/p>\n<p style=\"text-align: justify;\"><span style=\"font-weight: 400;\">Si crees que necesitas un poquito m\u00e1s de aceite, le pones.<\/span><\/p>\n\n\t\t<style type=\"text\/css\">\n\t\t\t#gallery-1 {\n\t\t\t\tmargin: auto;\n\t\t\t}\n\t\t\t#gallery-1 .gallery-item {\n\t\t\t\tfloat: left;\n\t\t\t\tmargin-top: 10px;\n\t\t\t\ttext-align: center;\n\t\t\t\twidth: 50%;\n\t\t\t}\n\t\t\t#gallery-1 img {\n\t\t\t\tborder: 2px solid #cfcfcf;\n\t\t\t}\n\t\t\t#gallery-1 .gallery-caption {\n\t\t\t\tmargin-left: 0;\n\t\t\t}\n\t\t\t\/* see gallery_shortcode() in wp-includes\/media.php *\/\n\t\t<\/style>\n\t\t<div id='gallery-1' class='gallery galleryid-26050 gallery-columns-2 gallery-size-medium'><dl class='gallery-item'>\n\t\t\t<dt class='gallery-icon landscape'>\n\t\t\t\t<a href='https:\/\/iberculturaviva.org\/es\/sabores-migrantes-2021-mi-receta-migratoria-y-la-bandera-dominicana\/dsc_0187\/'><img loading=\"lazy\" decoding=\"async\" width=\"300\" height=\"202\" src=\"https:\/\/iberculturaviva.org\/wp-content\/uploads\/2022\/01\/DSC_0187-460x310.jpg\" class=\"attachment-medium size-medium\" alt=\"\" srcset=\"https:\/\/iberculturaviva.org\/wp-content\/uploads\/2022\/01\/DSC_0187-460x310.jpg 460w, https:\/\/iberculturaviva.org\/wp-content\/uploads\/2022\/01\/DSC_0187-125x83.jpg 125w\" sizes=\"auto, (max-width: 300px) 100vw, 300px\" \/><\/a>\n\t\t\t<\/dt><\/dl><dl class='gallery-item'>\n\t\t\t<dt class='gallery-icon landscape'>\n\t\t\t\t<a href='https:\/\/iberculturaviva.org\/es\/sabores-migrantes-2021-mi-receta-migratoria-y-la-bandera-dominicana\/dsc_0234\/'><img loading=\"lazy\" decoding=\"async\" width=\"300\" height=\"202\" src=\"https:\/\/iberculturaviva.org\/wp-content\/uploads\/2022\/01\/DSC_0234-460x310.jpg\" class=\"attachment-medium size-medium\" alt=\"\" srcset=\"https:\/\/iberculturaviva.org\/wp-content\/uploads\/2022\/01\/DSC_0234-460x310.jpg 460w, https:\/\/iberculturaviva.org\/wp-content\/uploads\/2022\/01\/DSC_0234-125x83.jpg 125w\" sizes=\"auto, (max-width: 300px) 100vw, 300px\" \/><\/a>\n\t\t\t<\/dt><\/dl><br style=\"clear: both\" \/>\n\t\t<\/div>\n\n<p>.<\/p>\n<p><strong>Los porotos, habichuelas, dicen en mi pa\u00eds:<\/strong><\/p>\n<p style=\"text-align: justify;\"><span style=\"font-weight: 400;\">Para hacerlos se hierve con un poquito de ajo hasta que est\u00e9 bien blando. Para guisar, tiene que estar bien blando, porque tiene que ser una crema natural. Le puedes colocar panceta, chorizo o un poquito de carne. Yo no lo condimento con ninguna otra cosa que no sea poroto, le pongo aj\u00ed, cilantro, cebolla, ajo, or\u00e9gano (que lo traigo de mi pa\u00eds, porque no puedo cocinar sin ese or\u00e9gano). Ahora, por cierto, mand\u00e9 a pedir con mi hermano, si no me lo trae, que no venga, \u00a1ja, ja, ja!. Tambi\u00e9n lleva un poquito de zapallo, en mi pa\u00eds, si no es zapallo, le ponemos pl\u00e1tano en trocitos; se le coloca un poco de aceitunas para darle un gusto diferente.<\/span><\/p>\n<p style=\"text-align: justify;\"><span style=\"font-weight: 400;\">Esto tambi\u00e9n tiene su ingrediente secreto: una cucharadita de leche evaporada.<\/span><\/p>\n<p style=\"text-align: justify;\"><span style=\"font-weight: 400;\">Yo aprend\u00ed a cocinar, es verdad, pero tambi\u00e9n busqu\u00e9 e investigu\u00e9 qu\u00e9 era lo que le pon\u00eda la t\u00eda a ese plato. \u00bfC\u00f3mo era que mi t\u00eda hac\u00eda esa habichuela tan rica, tan exquisita? Y era la leche de vaca. Le colocaba un puntico junto con la cebolla.<\/span><\/p>\n<p style=\"text-align: justify;\"><span style=\"font-weight: 400;\">Porque nosotros, los dominicanos, tenemos mucha herencia africana con los sofritos. Yo soy muy exquisita con eso y, para m\u00ed, cada ingrediente va por parte.<\/span><\/p>\n<p>.<\/p>\n<p><strong>Para la carne:<\/strong><\/p>\n<p style=\"text-align: justify;\"><span style=\"font-weight: 400;\">Usamos de cerdo o bondiola. Ac\u00e1 utilic\u00e9 jam\u00f3n, no\u2028 s\u00e9 si tiene otro nombre, a m\u00ed me lo vendieron as\u00ed. El color que tiene se lo dio el caldero. Tiene un poquito de aceite bien caliente, se coloca la carne y se va fritando y va tirando la misma carne su propio gusto y color. Entonces ves en el caldero se crea como una peguita, \u00bft\u00fa ve? (muestra la preparaci\u00f3n). Le vas agregando agua despacito, despacito, y va tirando, y se va generando el color. Y eso se deja cocinando as\u00ed a fuego lento, y le vas agregando el condimento.<\/span><\/p>\n<p style=\"text-align: justify;\"><span style=\"font-weight: 400;\">La verdura la hice aparte.<\/span><\/p>\n<p style=\"text-align: justify;\"><span style=\"font-weight: 400;\">Este va acompa\u00f1ado con arepita de mandioca. O con unos fritos de pl\u00e1tano o tostones. Nosotros no utilizamos pan.<\/span><\/p>\n<p style=\"text-align: justify;\"><span style=\"font-weight: 400;\">Este plato se puede servir individual, porque hay gente que no le gusta que le sirvan todo junto. O servir en la mesa en grandes fuentes.<\/span><\/p>\n<p style=\"text-align: justify;\"><span style=\"font-weight: 400;\">Por lo general, la manera popular, t\u00edpica es la que tienen en la foto.<\/span><\/p>\n<p style=\"text-align: justify;\"><span style=\"font-weight: 400;\">Mis hijos se sirven a su gusto. Del caldero. Porque a m\u00ed me gusta que la gente se sirva a su gusto. Usted agarra lo que usted quiera. Quien come un plato de estos no sufre de anemia\u00bb.<\/span><\/p>\n\n\t\t<style type=\"text\/css\">\n\t\t\t#gallery-2 {\n\t\t\t\tmargin: auto;\n\t\t\t}\n\t\t\t#gallery-2 .gallery-item {\n\t\t\t\tfloat: left;\n\t\t\t\tmargin-top: 10px;\n\t\t\t\ttext-align: center;\n\t\t\t\twidth: 50%;\n\t\t\t}\n\t\t\t#gallery-2 img {\n\t\t\t\tborder: 2px solid #cfcfcf;\n\t\t\t}\n\t\t\t#gallery-2 .gallery-caption {\n\t\t\t\tmargin-left: 0;\n\t\t\t}\n\t\t\t\/* see gallery_shortcode() in wp-includes\/media.php *\/\n\t\t<\/style>\n\t\t<div id='gallery-2' class='gallery galleryid-26050 gallery-columns-2 gallery-size-medium'><dl class='gallery-item'>\n\t\t\t<dt class='gallery-icon landscape'>\n\t\t\t\t<a href='https:\/\/iberculturaviva.org\/es\/sabores-migrantes-2021-mi-receta-migratoria-y-la-bandera-dominicana\/banderadominicana1\/'><img loading=\"lazy\" decoding=\"async\" width=\"300\" height=\"202\" src=\"https:\/\/iberculturaviva.org\/wp-content\/uploads\/2022\/01\/banderadominicana1-460x310.jpg\" class=\"attachment-medium size-medium\" alt=\"\" srcset=\"https:\/\/iberculturaviva.org\/wp-content\/uploads\/2022\/01\/banderadominicana1-460x310.jpg 460w, https:\/\/iberculturaviva.org\/wp-content\/uploads\/2022\/01\/banderadominicana1-125x83.jpg 125w\" sizes=\"auto, (max-width: 300px) 100vw, 300px\" \/><\/a>\n\t\t\t<\/dt><\/dl><dl class='gallery-item'>\n\t\t\t<dt class='gallery-icon landscape'>\n\t\t\t\t<a href='https:\/\/iberculturaviva.org\/es\/sabores-migrantes-2021-mi-receta-migratoria-y-la-bandera-dominicana\/banderadominicana2\/'><img loading=\"lazy\" decoding=\"async\" width=\"300\" height=\"202\" src=\"https:\/\/iberculturaviva.org\/wp-content\/uploads\/2022\/01\/banderadominicana2-460x310.jpg\" class=\"attachment-medium size-medium\" alt=\"\" srcset=\"https:\/\/iberculturaviva.org\/wp-content\/uploads\/2022\/01\/banderadominicana2-460x310.jpg 460w, https:\/\/iberculturaviva.org\/wp-content\/uploads\/2022\/01\/banderadominicana2-125x83.jpg 125w\" sizes=\"auto, (max-width: 300px) 100vw, 300px\" \/><\/a>\n\t\t\t<\/dt><\/dl><br style=\"clear: both\" \/>\n\t\t<\/div>\n\n<p>.<\/p>\n<p><strong>Revisa la receta en la publicaci\u00f3n<\/strong><span style=\"font-weight: 400;\">: <\/span><a href=\"https:\/\/bit.ly\/3rgm7om\"><span style=\"font-weight: 400;\">https:\/\/bit.ly\/3rgm7om<\/span><\/a><\/p>\n<p><span style=\"font-weight: 400;\">(Dise\u00f1o: Ux\u00eda Rodr\u00edguez y Tatiana Mesa)<\/span><\/p>\n<p><strong>Conoce m\u00e1s sobre \u201cMi receta migratoria\u201d<\/strong><b>: <\/b><a href=\"https:\/\/mirecetamigratoria.wixsite.com\/mirecetamigratoria\"><span style=\"font-weight: 400;\">https:\/\/mirecetamigratoria.wixsite.com\/mirecetamigratoria<\/span><\/a><\/p>\n<p><span style=\"font-weight: 400;\">.<\/span><\/p>\n<p><span style=\"font-weight: 400;\">**<\/span><\/p>\n<h4 style=\"text-align: justify;\"><em><strong>\u201cSabores Migrantes Comunitarios\u201d es el resultado de una sinergia de los programas de cooperaci\u00f3n iberoamericana en las \u00e1reas de cultura comunitaria, cocina y migraci\u00f3n. La tercera edici\u00f3n del concurso fue presentada en septiembre por IberCultura Viva, Iber-Rutas e IberCocinas y la lista con las 16 recetas seleccionadas para recibir los premios de US$ 500 fue publicada el mi\u00e9rcoles 22 de diciembre. Este mes comenzamos a publicar en la p\u00e1gina web de IberCultura Viva las recetas premiadas, sus historias y modos de preparaci\u00f3n.<\/strong><\/em><\/h4>\n","protected":false},"excerpt":{"rendered":"<p>(Fotos: Loredana Morando\/Mi receta migratoria) . La bandera dominicana, una de las 16 recetas seleccionadas en el concurso Sabores Migrantes Comunitarios 2021, es una de las pr\u00e1cticas culinarias que integran [&hellip;]<\/p>\n","protected":false},"author":2,"featured_media":26052,"comment_status":"closed","ping_status":"closed","sticky":false,"template":"","format":"standard","meta":{"_coblocks_attr":"","_coblocks_dimensions":"","_coblocks_responsive_height":"","_coblocks_accordion_ie_support":"","_EventAllDay":false,"_EventTimezone":"","_EventStartDate":"","_EventEndDate":"","_EventStartDateUTC":"","_EventEndDateUTC":"","_EventShowMap":false,"_EventShowMapLink":false,"_EventURL":"","_EventCost":"","_EventCostDescription":"","_EventCurrencySymbol":"","_EventCurrencyCode":"","_EventCurrencyPosition":"","_EventDateTimeSeparator":"","_EventTimeRangeSeparator":"","_EventOrganizerID":[],"_EventVenueID":[],"_OrganizerEmail":"","_OrganizerPhone":"","_OrganizerWebsite":"","_VenueAddress":"","_VenueCity":"","_VenueCountry":"","_VenueProvince":"","_VenueState":"","_VenueZip":"","_VenuePhone":"","_VenueURL":"","_VenueStateProvince":"","_VenueLat":"","_VenueLng":"","_VenueShowMap":false,"_VenueShowMapLink":false,"footnotes":""},"categories":[262],"tags":[325,387,344],"country-municipality":[],"class_list":["post-26050","post","type-post","status-publish","format-standard","has-post-thumbnail","hentry","category-noticias-es","tag-concurso-2","tag-recetas-2","tag-sabores-migrantes-2"],"yoast_head":"<!-- This site is optimized with the Yoast SEO plugin v25.7 - https:\/\/yoast.com\/wordpress\/plugins\/seo\/ -->\n<title>Sabores Migrantes 2021: \u201cMi receta migratoria\u201d y la bandera dominicana\u00a0 - IberCultura Viva<\/title>\n<meta name=\"description\" content=\"Sabores Migrantes 2021: \u201cMi receta migratoria\u201d y la bandera dominicana\u00a0 - IberCultura Viva\" \/>\n<meta name=\"robots\" content=\"index, follow, max-snippet:-1, max-image-preview:large, max-video-preview:-1\" \/>\n<link rel=\"canonical\" href=\"https:\/\/iberculturaviva.org\/es\/sabores-migrantes-2021-mi-receta-migratoria-y-la-bandera-dominicana\/\" \/>\n<meta property=\"og:locale\" content=\"es_ES\" \/>\n<meta property=\"og:type\" content=\"article\" \/>\n<meta property=\"og:title\" content=\"Sabores Migrantes 2021: \u201cMi receta migratoria\u201d y la bandera dominicana\u00a0 - IberCultura Viva\" \/>\n<meta property=\"og:description\" content=\"Sabores Migrantes 2021: \u201cMi receta migratoria\u201d y la bandera dominicana\u00a0 - IberCultura Viva\" \/>\n<meta property=\"og:url\" content=\"https:\/\/iberculturaviva.org\/es\/sabores-migrantes-2021-mi-receta-migratoria-y-la-bandera-dominicana\/\" \/>\n<meta property=\"og:site_name\" content=\"IberCultura Viva\" \/>\n<meta property=\"article:publisher\" content=\"https:\/\/www.facebook.com\/iberculturaviva\/\" \/>\n<meta property=\"article:published_time\" content=\"2022-01-17T23:38:14+00:00\" \/>\n<meta property=\"article:modified_time\" content=\"2022-01-17T23:40:33+00:00\" \/>\n<meta property=\"og:image\" content=\"https:\/\/iberculturaviva.org\/wp-content\/uploads\/2022\/01\/auramercado_bandeiradominicana.jpg\" \/>\n\t<meta property=\"og:image:width\" content=\"1920\" \/>\n\t<meta property=\"og:image:height\" content=\"1280\" \/>\n\t<meta property=\"og:image:type\" content=\"image\/jpeg\" \/>\n<meta name=\"author\" content=\"IberCultura\" \/>\n<meta name=\"twitter:card\" content=\"summary_large_image\" \/>\n<meta name=\"twitter:label1\" content=\"Escrito por\" \/>\n\t<meta name=\"twitter:data1\" content=\"IberCultura\" \/>\n\t<meta name=\"twitter:label2\" content=\"Tiempo de lectura\" \/>\n\t<meta name=\"twitter:data2\" content=\"8 minutos\" \/>\n<script type=\"application\/ld+json\" class=\"yoast-schema-graph\">{\"@context\":\"https:\/\/schema.org\",\"@graph\":[{\"@type\":\"Article\",\"@id\":\"https:\/\/iberculturaviva.org\/es\/sabores-migrantes-2021-mi-receta-migratoria-y-la-bandera-dominicana\/#article\",\"isPartOf\":{\"@id\":\"https:\/\/iberculturaviva.org\/es\/sabores-migrantes-2021-mi-receta-migratoria-y-la-bandera-dominicana\/\"},\"author\":{\"name\":\"IberCultura\",\"@id\":\"https:\/\/iberculturaviva.org\/es\/?lang=es\/#\/schema\/person\/5d1313b072cc25536e0431522f740b59\"},\"headline\":\"Sabores Migrantes 2021: \u201cMi receta migratoria\u201d y la bandera dominicana\u00a0\",\"datePublished\":\"2022-01-17T23:38:14+00:00\",\"dateModified\":\"2022-01-17T23:40:33+00:00\",\"mainEntityOfPage\":{\"@id\":\"https:\/\/iberculturaviva.org\/es\/sabores-migrantes-2021-mi-receta-migratoria-y-la-bandera-dominicana\/\"},\"wordCount\":1369,\"publisher\":{\"@id\":\"https:\/\/iberculturaviva.org\/es\/?lang=es\/#organization\"},\"image\":{\"@id\":\"https:\/\/iberculturaviva.org\/es\/sabores-migrantes-2021-mi-receta-migratoria-y-la-bandera-dominicana\/#primaryimage\"},\"thumbnailUrl\":\"https:\/\/iberculturaviva.org\/wp-content\/uploads\/2022\/01\/auramercado_bandeiradominicana.jpg\",\"keywords\":[\"concurso\",\"recetas\",\"sabores migrantes\"],\"articleSection\":[\"Noticias\"],\"inLanguage\":\"es\"},{\"@type\":\"WebPage\",\"@id\":\"https:\/\/iberculturaviva.org\/es\/sabores-migrantes-2021-mi-receta-migratoria-y-la-bandera-dominicana\/\",\"url\":\"https:\/\/iberculturaviva.org\/es\/sabores-migrantes-2021-mi-receta-migratoria-y-la-bandera-dominicana\/\",\"name\":\"Sabores Migrantes 2021: \u201cMi receta migratoria\u201d y la bandera dominicana\u00a0 - IberCultura Viva\",\"isPartOf\":{\"@id\":\"https:\/\/iberculturaviva.org\/es\/?lang=es\/#website\"},\"primaryImageOfPage\":{\"@id\":\"https:\/\/iberculturaviva.org\/es\/sabores-migrantes-2021-mi-receta-migratoria-y-la-bandera-dominicana\/#primaryimage\"},\"image\":{\"@id\":\"https:\/\/iberculturaviva.org\/es\/sabores-migrantes-2021-mi-receta-migratoria-y-la-bandera-dominicana\/#primaryimage\"},\"thumbnailUrl\":\"https:\/\/iberculturaviva.org\/wp-content\/uploads\/2022\/01\/auramercado_bandeiradominicana.jpg\",\"datePublished\":\"2022-01-17T23:38:14+00:00\",\"dateModified\":\"2022-01-17T23:40:33+00:00\",\"description\":\"Sabores Migrantes 2021: \u201cMi receta migratoria\u201d y la bandera dominicana\u00a0 - IberCultura Viva\",\"breadcrumb\":{\"@id\":\"https:\/\/iberculturaviva.org\/es\/sabores-migrantes-2021-mi-receta-migratoria-y-la-bandera-dominicana\/#breadcrumb\"},\"inLanguage\":\"es\",\"potentialAction\":[{\"@type\":\"ReadAction\",\"target\":[\"https:\/\/iberculturaviva.org\/es\/sabores-migrantes-2021-mi-receta-migratoria-y-la-bandera-dominicana\/\"]}]},{\"@type\":\"ImageObject\",\"inLanguage\":\"es\",\"@id\":\"https:\/\/iberculturaviva.org\/es\/sabores-migrantes-2021-mi-receta-migratoria-y-la-bandera-dominicana\/#primaryimage\",\"url\":\"https:\/\/iberculturaviva.org\/wp-content\/uploads\/2022\/01\/auramercado_bandeiradominicana.jpg\",\"contentUrl\":\"https:\/\/iberculturaviva.org\/wp-content\/uploads\/2022\/01\/auramercado_bandeiradominicana.jpg\",\"width\":1920,\"height\":1280},{\"@type\":\"BreadcrumbList\",\"@id\":\"https:\/\/iberculturaviva.org\/es\/sabores-migrantes-2021-mi-receta-migratoria-y-la-bandera-dominicana\/#breadcrumb\",\"itemListElement\":[{\"@type\":\"ListItem\",\"position\":1,\"name\":\"In\u00edcio\",\"item\":\"https:\/\/iberculturaviva.org\/es\/inicio\/\"},{\"@type\":\"ListItem\",\"position\":2,\"name\":\"Sabores Migrantes 2021: \u201cMi receta migratoria\u201d y la bandera dominicana\u00a0\"}]},{\"@type\":\"WebSite\",\"@id\":\"https:\/\/iberculturaviva.org\/es\/?lang=es\/#website\",\"url\":\"https:\/\/iberculturaviva.org\/es\/?lang=es\/\",\"name\":\"IberCultura Viva\",\"description\":\"Programa de cooperaci\u00f3n cultural\",\"publisher\":{\"@id\":\"https:\/\/iberculturaviva.org\/es\/?lang=es\/#organization\"},\"potentialAction\":[{\"@type\":\"SearchAction\",\"target\":{\"@type\":\"EntryPoint\",\"urlTemplate\":\"https:\/\/iberculturaviva.org\/es\/?lang=es\/?s={search_term_string}\"},\"query-input\":{\"@type\":\"PropertyValueSpecification\",\"valueRequired\":true,\"valueName\":\"search_term_string\"}}],\"inLanguage\":\"es\"},{\"@type\":\"Organization\",\"@id\":\"https:\/\/iberculturaviva.org\/es\/?lang=es\/#organization\",\"name\":\"Iberculturaviva\",\"url\":\"https:\/\/iberculturaviva.org\/es\/?lang=es\/\",\"logo\":{\"@type\":\"ImageObject\",\"inLanguage\":\"es\",\"@id\":\"https:\/\/iberculturaviva.org\/es\/?lang=es\/#\/schema\/logo\/image\/\",\"url\":\"https:\/\/iberculturaviva.org\/wp-content\/uploads\/2021\/08\/logo_ibercultura_viva.jpg\",\"contentUrl\":\"https:\/\/iberculturaviva.org\/wp-content\/uploads\/2021\/08\/logo_ibercultura_viva.jpg\",\"width\":708,\"height\":223,\"caption\":\"Iberculturaviva\"},\"image\":{\"@id\":\"https:\/\/iberculturaviva.org\/es\/?lang=es\/#\/schema\/logo\/image\/\"},\"sameAs\":[\"https:\/\/www.facebook.com\/iberculturaviva\/\",\"https:\/\/www.instagram.com\/iberculturaviva\/\",\"https:\/\/www.youtube.com\/iberculturaviva\"]},{\"@type\":\"Person\",\"@id\":\"https:\/\/iberculturaviva.org\/es\/?lang=es\/#\/schema\/person\/5d1313b072cc25536e0431522f740b59\",\"name\":\"IberCultura\",\"image\":{\"@type\":\"ImageObject\",\"inLanguage\":\"es\",\"@id\":\"https:\/\/iberculturaviva.org\/es\/?lang=es\/#\/schema\/person\/image\/\",\"url\":\"https:\/\/secure.gravatar.com\/avatar\/79f1a057cb125cbefb3765d0356d52fc7f3bba3a35e2cf22bc4de090bb7aef70?s=96&d=mm&r=g\",\"contentUrl\":\"https:\/\/secure.gravatar.com\/avatar\/79f1a057cb125cbefb3765d0356d52fc7f3bba3a35e2cf22bc4de090bb7aef70?s=96&d=mm&r=g\",\"caption\":\"IberCultura\"}}]}<\/script>\n<!-- \/ Yoast SEO plugin. -->","yoast_head_json":{"title":"Sabores Migrantes 2021: \u201cMi receta migratoria\u201d y la bandera dominicana\u00a0 - IberCultura Viva","description":"Sabores Migrantes 2021: \u201cMi receta migratoria\u201d y la bandera dominicana\u00a0 - IberCultura Viva","robots":{"index":"index","follow":"follow","max-snippet":"max-snippet:-1","max-image-preview":"max-image-preview:large","max-video-preview":"max-video-preview:-1"},"canonical":"https:\/\/iberculturaviva.org\/es\/sabores-migrantes-2021-mi-receta-migratoria-y-la-bandera-dominicana\/","og_locale":"es_ES","og_type":"article","og_title":"Sabores Migrantes 2021: \u201cMi receta migratoria\u201d y la bandera dominicana\u00a0 - IberCultura Viva","og_description":"Sabores Migrantes 2021: \u201cMi receta migratoria\u201d y la bandera dominicana\u00a0 - IberCultura Viva","og_url":"https:\/\/iberculturaviva.org\/es\/sabores-migrantes-2021-mi-receta-migratoria-y-la-bandera-dominicana\/","og_site_name":"IberCultura Viva","article_publisher":"https:\/\/www.facebook.com\/iberculturaviva\/","article_published_time":"2022-01-17T23:38:14+00:00","article_modified_time":"2022-01-17T23:40:33+00:00","og_image":[{"width":1920,"height":1280,"url":"https:\/\/iberculturaviva.org\/wp-content\/uploads\/2022\/01\/auramercado_bandeiradominicana.jpg","type":"image\/jpeg"}],"author":"IberCultura","twitter_card":"summary_large_image","twitter_misc":{"Escrito por":"IberCultura","Tiempo de lectura":"8 minutos"},"schema":{"@context":"https:\/\/schema.org","@graph":[{"@type":"Article","@id":"https:\/\/iberculturaviva.org\/es\/sabores-migrantes-2021-mi-receta-migratoria-y-la-bandera-dominicana\/#article","isPartOf":{"@id":"https:\/\/iberculturaviva.org\/es\/sabores-migrantes-2021-mi-receta-migratoria-y-la-bandera-dominicana\/"},"author":{"name":"IberCultura","@id":"https:\/\/iberculturaviva.org\/es\/?lang=es\/#\/schema\/person\/5d1313b072cc25536e0431522f740b59"},"headline":"Sabores Migrantes 2021: \u201cMi receta migratoria\u201d y la bandera dominicana\u00a0","datePublished":"2022-01-17T23:38:14+00:00","dateModified":"2022-01-17T23:40:33+00:00","mainEntityOfPage":{"@id":"https:\/\/iberculturaviva.org\/es\/sabores-migrantes-2021-mi-receta-migratoria-y-la-bandera-dominicana\/"},"wordCount":1369,"publisher":{"@id":"https:\/\/iberculturaviva.org\/es\/?lang=es\/#organization"},"image":{"@id":"https:\/\/iberculturaviva.org\/es\/sabores-migrantes-2021-mi-receta-migratoria-y-la-bandera-dominicana\/#primaryimage"},"thumbnailUrl":"https:\/\/iberculturaviva.org\/wp-content\/uploads\/2022\/01\/auramercado_bandeiradominicana.jpg","keywords":["concurso","recetas","sabores migrantes"],"articleSection":["Noticias"],"inLanguage":"es"},{"@type":"WebPage","@id":"https:\/\/iberculturaviva.org\/es\/sabores-migrantes-2021-mi-receta-migratoria-y-la-bandera-dominicana\/","url":"https:\/\/iberculturaviva.org\/es\/sabores-migrantes-2021-mi-receta-migratoria-y-la-bandera-dominicana\/","name":"Sabores Migrantes 2021: \u201cMi receta migratoria\u201d y la bandera dominicana\u00a0 - IberCultura Viva","isPartOf":{"@id":"https:\/\/iberculturaviva.org\/es\/?lang=es\/#website"},"primaryImageOfPage":{"@id":"https:\/\/iberculturaviva.org\/es\/sabores-migrantes-2021-mi-receta-migratoria-y-la-bandera-dominicana\/#primaryimage"},"image":{"@id":"https:\/\/iberculturaviva.org\/es\/sabores-migrantes-2021-mi-receta-migratoria-y-la-bandera-dominicana\/#primaryimage"},"thumbnailUrl":"https:\/\/iberculturaviva.org\/wp-content\/uploads\/2022\/01\/auramercado_bandeiradominicana.jpg","datePublished":"2022-01-17T23:38:14+00:00","dateModified":"2022-01-17T23:40:33+00:00","description":"Sabores Migrantes 2021: \u201cMi receta migratoria\u201d y la bandera dominicana\u00a0 - IberCultura Viva","breadcrumb":{"@id":"https:\/\/iberculturaviva.org\/es\/sabores-migrantes-2021-mi-receta-migratoria-y-la-bandera-dominicana\/#breadcrumb"},"inLanguage":"es","potentialAction":[{"@type":"ReadAction","target":["https:\/\/iberculturaviva.org\/es\/sabores-migrantes-2021-mi-receta-migratoria-y-la-bandera-dominicana\/"]}]},{"@type":"ImageObject","inLanguage":"es","@id":"https:\/\/iberculturaviva.org\/es\/sabores-migrantes-2021-mi-receta-migratoria-y-la-bandera-dominicana\/#primaryimage","url":"https:\/\/iberculturaviva.org\/wp-content\/uploads\/2022\/01\/auramercado_bandeiradominicana.jpg","contentUrl":"https:\/\/iberculturaviva.org\/wp-content\/uploads\/2022\/01\/auramercado_bandeiradominicana.jpg","width":1920,"height":1280},{"@type":"BreadcrumbList","@id":"https:\/\/iberculturaviva.org\/es\/sabores-migrantes-2021-mi-receta-migratoria-y-la-bandera-dominicana\/#breadcrumb","itemListElement":[{"@type":"ListItem","position":1,"name":"In\u00edcio","item":"https:\/\/iberculturaviva.org\/es\/inicio\/"},{"@type":"ListItem","position":2,"name":"Sabores Migrantes 2021: \u201cMi receta migratoria\u201d y la bandera dominicana\u00a0"}]},{"@type":"WebSite","@id":"https:\/\/iberculturaviva.org\/es\/?lang=es\/#website","url":"https:\/\/iberculturaviva.org\/es\/?lang=es\/","name":"IberCultura Viva","description":"Programa de cooperaci\u00f3n cultural","publisher":{"@id":"https:\/\/iberculturaviva.org\/es\/?lang=es\/#organization"},"potentialAction":[{"@type":"SearchAction","target":{"@type":"EntryPoint","urlTemplate":"https:\/\/iberculturaviva.org\/es\/?lang=es\/?s={search_term_string}"},"query-input":{"@type":"PropertyValueSpecification","valueRequired":true,"valueName":"search_term_string"}}],"inLanguage":"es"},{"@type":"Organization","@id":"https:\/\/iberculturaviva.org\/es\/?lang=es\/#organization","name":"Iberculturaviva","url":"https:\/\/iberculturaviva.org\/es\/?lang=es\/","logo":{"@type":"ImageObject","inLanguage":"es","@id":"https:\/\/iberculturaviva.org\/es\/?lang=es\/#\/schema\/logo\/image\/","url":"https:\/\/iberculturaviva.org\/wp-content\/uploads\/2021\/08\/logo_ibercultura_viva.jpg","contentUrl":"https:\/\/iberculturaviva.org\/wp-content\/uploads\/2021\/08\/logo_ibercultura_viva.jpg","width":708,"height":223,"caption":"Iberculturaviva"},"image":{"@id":"https:\/\/iberculturaviva.org\/es\/?lang=es\/#\/schema\/logo\/image\/"},"sameAs":["https:\/\/www.facebook.com\/iberculturaviva\/","https:\/\/www.instagram.com\/iberculturaviva\/","https:\/\/www.youtube.com\/iberculturaviva"]},{"@type":"Person","@id":"https:\/\/iberculturaviva.org\/es\/?lang=es\/#\/schema\/person\/5d1313b072cc25536e0431522f740b59","name":"IberCultura","image":{"@type":"ImageObject","inLanguage":"es","@id":"https:\/\/iberculturaviva.org\/es\/?lang=es\/#\/schema\/person\/image\/","url":"https:\/\/secure.gravatar.com\/avatar\/79f1a057cb125cbefb3765d0356d52fc7f3bba3a35e2cf22bc4de090bb7aef70?s=96&d=mm&r=g","contentUrl":"https:\/\/secure.gravatar.com\/avatar\/79f1a057cb125cbefb3765d0356d52fc7f3bba3a35e2cf22bc4de090bb7aef70?s=96&d=mm&r=g","caption":"IberCultura"}}]}},"main_category":{"link":"https:\/\/iberculturaviva.org\/es\/category\/noticias-es\/","name":"Noticias","slug":"noticias-es"},"_links":{"self":[{"href":"https:\/\/iberculturaviva.org\/es\/wp-json\/wp\/v2\/posts\/26050","targetHints":{"allow":["GET"]}}],"collection":[{"href":"https:\/\/iberculturaviva.org\/es\/wp-json\/wp\/v2\/posts"}],"about":[{"href":"https:\/\/iberculturaviva.org\/es\/wp-json\/wp\/v2\/types\/post"}],"author":[{"embeddable":true,"href":"https:\/\/iberculturaviva.org\/es\/wp-json\/wp\/v2\/users\/2"}],"replies":[{"embeddable":true,"href":"https:\/\/iberculturaviva.org\/es\/wp-json\/wp\/v2\/comments?post=26050"}],"version-history":[{"count":3,"href":"https:\/\/iberculturaviva.org\/es\/wp-json\/wp\/v2\/posts\/26050\/revisions"}],"predecessor-version":[{"id":26065,"href":"https:\/\/iberculturaviva.org\/es\/wp-json\/wp\/v2\/posts\/26050\/revisions\/26065"}],"wp:featuredmedia":[{"embeddable":true,"href":"https:\/\/iberculturaviva.org\/es\/wp-json\/wp\/v2\/media\/26052"}],"wp:attachment":[{"href":"https:\/\/iberculturaviva.org\/es\/wp-json\/wp\/v2\/media?parent=26050"}],"wp:term":[{"taxonomy":"category","embeddable":true,"href":"https:\/\/iberculturaviva.org\/es\/wp-json\/wp\/v2\/categories?post=26050"},{"taxonomy":"post_tag","embeddable":true,"href":"https:\/\/iberculturaviva.org\/es\/wp-json\/wp\/v2\/tags?post=26050"},{"taxonomy":"country-municipality","embeddable":true,"href":"https:\/\/iberculturaviva.org\/es\/wp-json\/wp\/v2\/country-municipality?post=26050"}],"curies":[{"name":"wp","href":"https:\/\/api.w.org\/{rel}","templated":true}]}}