{"id":25793,"date":"2021-12-02T15:30:09","date_gmt":"2021-12-02T18:30:09","guid":{"rendered":"https:\/\/iberculturaviva.org\/?p=25793"},"modified":"2021-12-21T17:22:20","modified_gmt":"2021-12-21T20:22:20","slug":"48-postulaciones-fueron-habilitadas-en-el-concurso-sabores-migrantes-comunitarios","status":"publish","type":"post","link":"https:\/\/iberculturaviva.org\/es\/48-postulaciones-fueron-habilitadas-en-el-concurso-sabores-migrantes-comunitarios\/","title":{"rendered":"48 postulaciones fueron habilitadas en el concurso Sabores Migrantes Comunitarios"},"content":{"rendered":"<h5><strong>(Foto: Luc\u00eda Lin. El arte de vivir <\/strong><strong>lo&nbsp;<\/strong><strong>bueno)<\/strong><\/h5>\n<p>.<\/p>\n<p style=\"text-align: justify;\"><span style=\"font-weight: 400;\">Historias de recetas y pr\u00e1cticas culinarias narradas por personas provenientes de 10 pa\u00edses iberoamericanos concurren a los 16 premios de la edici\u00f3n 2021 del concurso Sabores Migrantes Comunitarios. Las inscripciones estuvieron abiertas en la plataforma Mapa IberCultura Viva entre el 13 de septiembre y el 30 de noviembre, per\u00edodo en el que fueron enviadas 48 postulaciones. Todas fueron consideradas habilitadas y pasar\u00e1n a la segunda etapa del proceso de evaluaci\u00f3n. El resultado final ser\u00e1 publicado entre la segunda y tercera semana de diciembre.&nbsp;&nbsp;<\/span><\/p>\n<p style=\"text-align: justify;\"><span style=\"font-weight: 400;\">Lanzada de manera colaborativa por los programas de cooperaci\u00f3n IberCultura Viva, Iber-Rutas e IberCocinas, esta convocatoria fue destinada a personas mayores de 18 a\u00f1os de origen iberoamericano, a t\u00edtulo personal o en representaci\u00f3n de iniciativas comunitarias, que vivan en alg\u00fan pa\u00eds diferente de su pa\u00eds de origen, o sean descendientes de personas migrantes hasta segundo grado de parentesco. Las iniciativas seleccionadas recibir\u00e1n un reconocimiento como \u2018Buena pr\u00e1ctica de cocina migrante comunitaria iberoamericana\u2019 y una dotaci\u00f3n de 500 d\u00f3lares.<\/span><\/p>\n<p style=\"text-align: justify;\"><span style=\"font-weight: 400;\">Las 48 personas que se inscribieron en esta edici\u00f3n del concurso nacieron en los siguientes pa\u00edses: Argentina (3), Bolivia (1), Colombia (8), Cuba (1), Ecuador (1), M\u00e9xico (8), Nicaragua (1), Per\u00fa (17), Uruguay (2) y Venezuela (6). Los pa\u00edses de residencia que constan en la lista de postulantes son 13: Argentina (6), Bolivia (1), Brasil (3), Chile (1), Colombia (1), Costa Rica (2), Ecuador (2), Espa\u00f1a (7), Estados Unidos (2), M\u00e9xico (5), Paraguay (1), Per\u00fa (7) y Uruguay (10).<\/span><\/p>\n<p>.<\/p>\n<h4>La convocatoria<\/h4>\n<p style=\"text-align: justify;\"><span style=\"font-weight: 400;\">El concurso Sabores Migrantes Comunitarios tiene por objetivo contribuir al fortalecimiento de los lazos de las comunidades iberoamericanas, visibilizando las experiencias de intercambio y di\u00e1logo intercultural que se dan entre comunidades migrantes a trav\u00e9s de la cocina tradicional e innovaci\u00f3n creativa como expresi\u00f3n del proceso migrante.&nbsp;<\/span><\/p>\n<p style=\"text-align: justify;\"><span style=\"font-weight: 400;\">Las personas interesadas en participar deber\u00edan enviar propuestas de pr\u00e1ctica culinaria que cuenten una receta de su comunidad de procedencia, la historia que est\u00e1 detr\u00e1s de ella, y la forma en que esa receta se inserta en la comunidad de acogida en el marco de una experiencia migratoria. Las pr\u00e1cticas culinarias y recetas podr\u00edan presentarse por escrito y\/o en formato de video.&nbsp;<\/span><\/p>\n<p style=\"text-align: justify;\"><span style=\"font-weight: 400;\">En esta edici\u00f3n, a diferencia de las dos anteriores, pudieron participar personas nacidas en pa\u00edses iberoamericanos residentes en cualquier pa\u00eds del mundo, y personas que presentasen propuestas de pr\u00e1cticas culinarias y recetas de personas migrantes de su familia con hasta segundo grado de parentesco (padre\/madre, abuelo\/abuela). Estas presentaciones tendr\u00e1n una cuota m\u00e1xima de selecci\u00f3n en el concurso.<\/span><\/p>\n<p style=\"text-align: justify;\"><span style=\"font-weight: 400;\">La selecci\u00f3n seguir\u00e1 los criterios establecidos en el reglamento, como la representatividad de la preparaci\u00f3n para la comunidad de origen; la experiencia de inserci\u00f3n en la comunidad receptora; la generaci\u00f3n de conocimientos y pr\u00e1cticas tradicionales y creativas impulsadas por cocineras y cocineros migrantes; el impacto directo en la seguridad alimentaria, y las estrategias para divulgar los conocimientos culinarios y\/o la construcci\u00f3n de un legado culinario a nuevas generaciones con conciencia de su cultura diversa.&nbsp;<\/span><\/p>\n<p style=\"text-align: justify;\"><span style=\"font-weight: 400;\">Adem\u00e1s, se privilegiar\u00e1 la diversidad cultural de las propuestas, a trav\u00e9s de la selecci\u00f3n de proyectos provenientes de diferentes pa\u00edses. Las presentaciones realizadas por mujeres, j\u00f3venes entre 18 y 29 a\u00f1os, as\u00ed como por ind\u00edgenas o afrodescendientes, recibir\u00e1n un punto extra en la evaluaci\u00f3n.&nbsp;<\/span><\/p>\n<p>.<\/p>\n<h4>Las ediciones anteriores<\/h4>\n<p style=\"text-align: justify;\"><span style=\"font-weight: 400;\">Esta es la tercera convocatoria conjunta que presentan los programas IberCultura Viva, Iber-Rutas e Ibercocinas. La primera fue \u201cSabor a Iberoam\u00e9rica\u201d, lanzada en abril de 2019. Diez historias de recetas culinarias tradicionales de las comunidades migrantes de la regi\u00f3n iberoamericana fueron premiadas con 500 d\u00f3lares cada una. Adem\u00e1s de las 10 ganadoras, se otorgaron cuatro menciones honor\u00edficas (sin premios en dinero) a postulaciones que no se ajustaban a los requisitos de premiaci\u00f3n por no tratarse de personas migrantes, pero que s\u00ed presentaban en las recetas las historias de migraci\u00f3n de sus ancestras.&nbsp;<\/span><\/p>\n<p style=\"text-align: justify;\"><span style=\"font-weight: 400;\">En julio de 2020 abri\u00f3 la segunda edici\u00f3n del concurso, ya con el nombre \u201cSabores migrantes comunitarios\u201d, con el objetivo de premiar videos que expresaran pr\u00e1cticas culinarias de cocineras y cocineros migrantes con impacto en sus comunidades. Especialmente interesaba poner de relieve c\u00f3mo las cocineras y cocineros migrantes estaban contribuyendo a encontrar soluciones comunitarias ante la crisis derivada de la pandemia de Covid-19 a trav\u00e9s de sus recetas. Las 14 propuestas seleccionadas recibieron un certificado de reconocimiento como \u201dBuena pr\u00e1ctica de cocina migrante comunitaria iberoamericana\u201d y una dotaci\u00f3n de 500 d\u00f3lares cada una.<\/span><\/p>\n<p>.<\/p>\n<h4><strong>Revisa la lista de candidaturas habilitadas<\/strong>:<\/h4>\n<p><a href=\"https:\/\/iberculturaviva.org\/wp-content\/uploads\/2021\/12\/I-INFORMACION-HABILITADAS-Sabores-Migrantes-2021.docx.pdf\" target=\"_blank\" rel=\"noopener\">Informaci\u00f3n a las Personas Interesadas I &#8211;&nbsp;Etapa de Habilitaci\u00f3n &#8211; Concurso Sabores Migrantes Comunitarios 2021<\/a><\/p>\n\n\n<p><\/p>\n","protected":false},"excerpt":{"rendered":"<p>(Foto: Luc\u00eda Lin. El arte de vivir lo&nbsp;bueno) . Historias de recetas y pr\u00e1cticas culinarias narradas por personas provenientes de 10 pa\u00edses iberoamericanos concurren a los 16 premios de la [&hellip;]<\/p>\n","protected":false},"author":2,"featured_media":25795,"comment_status":"closed","ping_status":"closed","sticky":false,"template":"","format":"standard","meta":{"_coblocks_attr":"","_coblocks_dimensions":"","_coblocks_responsive_height":"","_coblocks_accordion_ie_support":"","_EventAllDay":false,"_EventTimezone":"","_EventStartDate":"","_EventEndDate":"","_EventStartDateUTC":"","_EventEndDateUTC":"","_EventShowMap":false,"_EventShowMapLink":false,"_EventURL":"","_EventCost":"","_EventCostDescription":"","_EventCurrencySymbol":"","_EventCurrencyCode":"","_EventCurrencyPosition":"","_EventDateTimeSeparator":"","_EventTimeRangeSeparator":"","_EventOrganizerID":[],"_EventVenueID":[],"_OrganizerEmail":"","_OrganizerPhone":"","_OrganizerWebsite":"","_VenueAddress":"","_VenueCity":"","_VenueCountry":"","_VenueProvince":"","_VenueState":"","_VenueZip":"","_VenuePhone":"","_VenueURL":"","_VenueStateProvince":"","_VenueLat":"","_VenueLng":"","_VenueShowMap":false,"_VenueShowMapLink":false,"footnotes":""},"categories":[250,262],"tags":[325,292,344],"country-municipality":[],"class_list":["post-25793","post","type-post","status-publish","format-standard","has-post-thumbnail","hentry","category-convocatorias","category-noticias-es","tag-concurso-2","tag-convocatoria-2","tag-sabores-migrantes-2"],"yoast_head":"<!-- This site is optimized with the Yoast SEO plugin v25.7 - https:\/\/yoast.com\/wordpress\/plugins\/seo\/ -->\n<title>48 postulaciones fueron habilitadas en el concurso Sabores Migrantes Comunitarios - IberCultura Viva<\/title>\n<meta name=\"description\" content=\"48 postulaciones fueron habilitadas en el concurso Sabores Migrantes Comunitarios - IberCultura Viva\" \/>\n<meta name=\"robots\" content=\"index, follow, max-snippet:-1, max-image-preview:large, max-video-preview:-1\" \/>\n<link rel=\"canonical\" href=\"https:\/\/iberculturaviva.org\/es\/48-postulaciones-fueron-habilitadas-en-el-concurso-sabores-migrantes-comunitarios\/\" \/>\n<meta property=\"og:locale\" content=\"es_ES\" \/>\n<meta property=\"og:type\" content=\"article\" \/>\n<meta property=\"og:title\" content=\"48 postulaciones fueron habilitadas en el concurso Sabores Migrantes Comunitarios - IberCultura Viva\" \/>\n<meta property=\"og:description\" content=\"48 postulaciones fueron habilitadas en el concurso Sabores Migrantes Comunitarios - IberCultura Viva\" \/>\n<meta property=\"og:url\" content=\"https:\/\/iberculturaviva.org\/es\/48-postulaciones-fueron-habilitadas-en-el-concurso-sabores-migrantes-comunitarios\/\" \/>\n<meta property=\"og:site_name\" content=\"IberCultura Viva\" \/>\n<meta property=\"article:publisher\" content=\"https:\/\/www.facebook.com\/iberculturaviva\/\" \/>\n<meta property=\"article:published_time\" content=\"2021-12-02T18:30:09+00:00\" \/>\n<meta property=\"article:modified_time\" content=\"2021-12-21T20:22:20+00:00\" \/>\n<meta property=\"og:image\" content=\"https:\/\/iberculturaviva.org\/wp-content\/uploads\/2021\/12\/3.El-arte-de-vivir-lo-bueno_Lucia-Lin-menor.jpg\" \/>\n\t<meta property=\"og:image:width\" content=\"1277\" \/>\n\t<meta property=\"og:image:height\" content=\"650\" \/>\n\t<meta property=\"og:image:type\" content=\"image\/jpeg\" \/>\n<meta name=\"author\" content=\"IberCultura\" \/>\n<meta name=\"twitter:card\" content=\"summary_large_image\" \/>\n<meta name=\"twitter:label1\" content=\"Escrito por\" \/>\n\t<meta name=\"twitter:data1\" content=\"IberCultura\" \/>\n\t<meta name=\"twitter:label2\" content=\"Tiempo de lectura\" \/>\n\t<meta name=\"twitter:data2\" content=\"4 minutos\" \/>\n<script type=\"application\/ld+json\" class=\"yoast-schema-graph\">{\"@context\":\"https:\/\/schema.org\",\"@graph\":[{\"@type\":\"Article\",\"@id\":\"https:\/\/iberculturaviva.org\/es\/48-postulaciones-fueron-habilitadas-en-el-concurso-sabores-migrantes-comunitarios\/#article\",\"isPartOf\":{\"@id\":\"https:\/\/iberculturaviva.org\/es\/48-postulaciones-fueron-habilitadas-en-el-concurso-sabores-migrantes-comunitarios\/\"},\"author\":{\"name\":\"IberCultura\",\"@id\":\"https:\/\/iberculturaviva.org\/es\/?lang=es\/#\/schema\/person\/5d1313b072cc25536e0431522f740b59\"},\"headline\":\"48 postulaciones fueron habilitadas en el concurso Sabores Migrantes Comunitarios\",\"datePublished\":\"2021-12-02T18:30:09+00:00\",\"dateModified\":\"2021-12-21T20:22:20+00:00\",\"mainEntityOfPage\":{\"@id\":\"https:\/\/iberculturaviva.org\/es\/48-postulaciones-fueron-habilitadas-en-el-concurso-sabores-migrantes-comunitarios\/\"},\"wordCount\":795,\"publisher\":{\"@id\":\"https:\/\/iberculturaviva.org\/es\/?lang=es\/#organization\"},\"image\":{\"@id\":\"https:\/\/iberculturaviva.org\/es\/48-postulaciones-fueron-habilitadas-en-el-concurso-sabores-migrantes-comunitarios\/#primaryimage\"},\"thumbnailUrl\":\"https:\/\/iberculturaviva.org\/wp-content\/uploads\/2021\/12\/3.El-arte-de-vivir-lo-bueno_Lucia-Lin-menor.jpg\",\"keywords\":[\"concurso\",\"convocatoria\",\"sabores migrantes\"],\"articleSection\":[\"Convocatorias\",\"Noticias\"],\"inLanguage\":\"es\"},{\"@type\":\"WebPage\",\"@id\":\"https:\/\/iberculturaviva.org\/es\/48-postulaciones-fueron-habilitadas-en-el-concurso-sabores-migrantes-comunitarios\/\",\"url\":\"https:\/\/iberculturaviva.org\/es\/48-postulaciones-fueron-habilitadas-en-el-concurso-sabores-migrantes-comunitarios\/\",\"name\":\"48 postulaciones fueron habilitadas en el concurso Sabores Migrantes Comunitarios - IberCultura Viva\",\"isPartOf\":{\"@id\":\"https:\/\/iberculturaviva.org\/es\/?lang=es\/#website\"},\"primaryImageOfPage\":{\"@id\":\"https:\/\/iberculturaviva.org\/es\/48-postulaciones-fueron-habilitadas-en-el-concurso-sabores-migrantes-comunitarios\/#primaryimage\"},\"image\":{\"@id\":\"https:\/\/iberculturaviva.org\/es\/48-postulaciones-fueron-habilitadas-en-el-concurso-sabores-migrantes-comunitarios\/#primaryimage\"},\"thumbnailUrl\":\"https:\/\/iberculturaviva.org\/wp-content\/uploads\/2021\/12\/3.El-arte-de-vivir-lo-bueno_Lucia-Lin-menor.jpg\",\"datePublished\":\"2021-12-02T18:30:09+00:00\",\"dateModified\":\"2021-12-21T20:22:20+00:00\",\"description\":\"48 postulaciones fueron habilitadas en el concurso Sabores Migrantes Comunitarios - IberCultura Viva\",\"breadcrumb\":{\"@id\":\"https:\/\/iberculturaviva.org\/es\/48-postulaciones-fueron-habilitadas-en-el-concurso-sabores-migrantes-comunitarios\/#breadcrumb\"},\"inLanguage\":\"es\",\"potentialAction\":[{\"@type\":\"ReadAction\",\"target\":[\"https:\/\/iberculturaviva.org\/es\/48-postulaciones-fueron-habilitadas-en-el-concurso-sabores-migrantes-comunitarios\/\"]}]},{\"@type\":\"ImageObject\",\"inLanguage\":\"es\",\"@id\":\"https:\/\/iberculturaviva.org\/es\/48-postulaciones-fueron-habilitadas-en-el-concurso-sabores-migrantes-comunitarios\/#primaryimage\",\"url\":\"https:\/\/iberculturaviva.org\/wp-content\/uploads\/2021\/12\/3.El-arte-de-vivir-lo-bueno_Lucia-Lin-menor.jpg\",\"contentUrl\":\"https:\/\/iberculturaviva.org\/wp-content\/uploads\/2021\/12\/3.El-arte-de-vivir-lo-bueno_Lucia-Lin-menor.jpg\",\"width\":1277,\"height\":650},{\"@type\":\"BreadcrumbList\",\"@id\":\"https:\/\/iberculturaviva.org\/es\/48-postulaciones-fueron-habilitadas-en-el-concurso-sabores-migrantes-comunitarios\/#breadcrumb\",\"itemListElement\":[{\"@type\":\"ListItem\",\"position\":1,\"name\":\"In\u00edcio\",\"item\":\"https:\/\/iberculturaviva.org\/es\/inicio\/\"},{\"@type\":\"ListItem\",\"position\":2,\"name\":\"48 postulaciones fueron habilitadas en el concurso Sabores Migrantes Comunitarios\"}]},{\"@type\":\"WebSite\",\"@id\":\"https:\/\/iberculturaviva.org\/es\/?lang=es\/#website\",\"url\":\"https:\/\/iberculturaviva.org\/es\/?lang=es\/\",\"name\":\"IberCultura Viva\",\"description\":\"Programa de cooperaci\u00f3n cultural\",\"publisher\":{\"@id\":\"https:\/\/iberculturaviva.org\/es\/?lang=es\/#organization\"},\"potentialAction\":[{\"@type\":\"SearchAction\",\"target\":{\"@type\":\"EntryPoint\",\"urlTemplate\":\"https:\/\/iberculturaviva.org\/es\/?lang=es\/?s={search_term_string}\"},\"query-input\":{\"@type\":\"PropertyValueSpecification\",\"valueRequired\":true,\"valueName\":\"search_term_string\"}}],\"inLanguage\":\"es\"},{\"@type\":\"Organization\",\"@id\":\"https:\/\/iberculturaviva.org\/es\/?lang=es\/#organization\",\"name\":\"Iberculturaviva\",\"url\":\"https:\/\/iberculturaviva.org\/es\/?lang=es\/\",\"logo\":{\"@type\":\"ImageObject\",\"inLanguage\":\"es\",\"@id\":\"https:\/\/iberculturaviva.org\/es\/?lang=es\/#\/schema\/logo\/image\/\",\"url\":\"https:\/\/iberculturaviva.org\/wp-content\/uploads\/2021\/08\/logo_ibercultura_viva.jpg\",\"contentUrl\":\"https:\/\/iberculturaviva.org\/wp-content\/uploads\/2021\/08\/logo_ibercultura_viva.jpg\",\"width\":708,\"height\":223,\"caption\":\"Iberculturaviva\"},\"image\":{\"@id\":\"https:\/\/iberculturaviva.org\/es\/?lang=es\/#\/schema\/logo\/image\/\"},\"sameAs\":[\"https:\/\/www.facebook.com\/iberculturaviva\/\",\"https:\/\/www.instagram.com\/iberculturaviva\/\",\"https:\/\/www.youtube.com\/iberculturaviva\"]},{\"@type\":\"Person\",\"@id\":\"https:\/\/iberculturaviva.org\/es\/?lang=es\/#\/schema\/person\/5d1313b072cc25536e0431522f740b59\",\"name\":\"IberCultura\",\"image\":{\"@type\":\"ImageObject\",\"inLanguage\":\"es\",\"@id\":\"https:\/\/iberculturaviva.org\/es\/?lang=es\/#\/schema\/person\/image\/\",\"url\":\"https:\/\/secure.gravatar.com\/avatar\/79f1a057cb125cbefb3765d0356d52fc7f3bba3a35e2cf22bc4de090bb7aef70?s=96&d=mm&r=g\",\"contentUrl\":\"https:\/\/secure.gravatar.com\/avatar\/79f1a057cb125cbefb3765d0356d52fc7f3bba3a35e2cf22bc4de090bb7aef70?s=96&d=mm&r=g\",\"caption\":\"IberCultura\"}}]}<\/script>\n<!-- \/ Yoast SEO plugin. -->","yoast_head_json":{"title":"48 postulaciones fueron habilitadas en el concurso Sabores Migrantes Comunitarios - IberCultura Viva","description":"48 postulaciones fueron habilitadas en el concurso Sabores Migrantes Comunitarios - IberCultura Viva","robots":{"index":"index","follow":"follow","max-snippet":"max-snippet:-1","max-image-preview":"max-image-preview:large","max-video-preview":"max-video-preview:-1"},"canonical":"https:\/\/iberculturaviva.org\/es\/48-postulaciones-fueron-habilitadas-en-el-concurso-sabores-migrantes-comunitarios\/","og_locale":"es_ES","og_type":"article","og_title":"48 postulaciones fueron habilitadas en el concurso Sabores Migrantes Comunitarios - IberCultura Viva","og_description":"48 postulaciones fueron habilitadas en el concurso Sabores Migrantes Comunitarios - IberCultura Viva","og_url":"https:\/\/iberculturaviva.org\/es\/48-postulaciones-fueron-habilitadas-en-el-concurso-sabores-migrantes-comunitarios\/","og_site_name":"IberCultura Viva","article_publisher":"https:\/\/www.facebook.com\/iberculturaviva\/","article_published_time":"2021-12-02T18:30:09+00:00","article_modified_time":"2021-12-21T20:22:20+00:00","og_image":[{"width":1277,"height":650,"url":"https:\/\/iberculturaviva.org\/wp-content\/uploads\/2021\/12\/3.El-arte-de-vivir-lo-bueno_Lucia-Lin-menor.jpg","type":"image\/jpeg"}],"author":"IberCultura","twitter_card":"summary_large_image","twitter_misc":{"Escrito por":"IberCultura","Tiempo de lectura":"4 minutos"},"schema":{"@context":"https:\/\/schema.org","@graph":[{"@type":"Article","@id":"https:\/\/iberculturaviva.org\/es\/48-postulaciones-fueron-habilitadas-en-el-concurso-sabores-migrantes-comunitarios\/#article","isPartOf":{"@id":"https:\/\/iberculturaviva.org\/es\/48-postulaciones-fueron-habilitadas-en-el-concurso-sabores-migrantes-comunitarios\/"},"author":{"name":"IberCultura","@id":"https:\/\/iberculturaviva.org\/es\/?lang=es\/#\/schema\/person\/5d1313b072cc25536e0431522f740b59"},"headline":"48 postulaciones fueron habilitadas en el concurso Sabores Migrantes Comunitarios","datePublished":"2021-12-02T18:30:09+00:00","dateModified":"2021-12-21T20:22:20+00:00","mainEntityOfPage":{"@id":"https:\/\/iberculturaviva.org\/es\/48-postulaciones-fueron-habilitadas-en-el-concurso-sabores-migrantes-comunitarios\/"},"wordCount":795,"publisher":{"@id":"https:\/\/iberculturaviva.org\/es\/?lang=es\/#organization"},"image":{"@id":"https:\/\/iberculturaviva.org\/es\/48-postulaciones-fueron-habilitadas-en-el-concurso-sabores-migrantes-comunitarios\/#primaryimage"},"thumbnailUrl":"https:\/\/iberculturaviva.org\/wp-content\/uploads\/2021\/12\/3.El-arte-de-vivir-lo-bueno_Lucia-Lin-menor.jpg","keywords":["concurso","convocatoria","sabores migrantes"],"articleSection":["Convocatorias","Noticias"],"inLanguage":"es"},{"@type":"WebPage","@id":"https:\/\/iberculturaviva.org\/es\/48-postulaciones-fueron-habilitadas-en-el-concurso-sabores-migrantes-comunitarios\/","url":"https:\/\/iberculturaviva.org\/es\/48-postulaciones-fueron-habilitadas-en-el-concurso-sabores-migrantes-comunitarios\/","name":"48 postulaciones fueron habilitadas en el concurso Sabores Migrantes Comunitarios - IberCultura Viva","isPartOf":{"@id":"https:\/\/iberculturaviva.org\/es\/?lang=es\/#website"},"primaryImageOfPage":{"@id":"https:\/\/iberculturaviva.org\/es\/48-postulaciones-fueron-habilitadas-en-el-concurso-sabores-migrantes-comunitarios\/#primaryimage"},"image":{"@id":"https:\/\/iberculturaviva.org\/es\/48-postulaciones-fueron-habilitadas-en-el-concurso-sabores-migrantes-comunitarios\/#primaryimage"},"thumbnailUrl":"https:\/\/iberculturaviva.org\/wp-content\/uploads\/2021\/12\/3.El-arte-de-vivir-lo-bueno_Lucia-Lin-menor.jpg","datePublished":"2021-12-02T18:30:09+00:00","dateModified":"2021-12-21T20:22:20+00:00","description":"48 postulaciones fueron habilitadas en el concurso Sabores Migrantes Comunitarios - IberCultura Viva","breadcrumb":{"@id":"https:\/\/iberculturaviva.org\/es\/48-postulaciones-fueron-habilitadas-en-el-concurso-sabores-migrantes-comunitarios\/#breadcrumb"},"inLanguage":"es","potentialAction":[{"@type":"ReadAction","target":["https:\/\/iberculturaviva.org\/es\/48-postulaciones-fueron-habilitadas-en-el-concurso-sabores-migrantes-comunitarios\/"]}]},{"@type":"ImageObject","inLanguage":"es","@id":"https:\/\/iberculturaviva.org\/es\/48-postulaciones-fueron-habilitadas-en-el-concurso-sabores-migrantes-comunitarios\/#primaryimage","url":"https:\/\/iberculturaviva.org\/wp-content\/uploads\/2021\/12\/3.El-arte-de-vivir-lo-bueno_Lucia-Lin-menor.jpg","contentUrl":"https:\/\/iberculturaviva.org\/wp-content\/uploads\/2021\/12\/3.El-arte-de-vivir-lo-bueno_Lucia-Lin-menor.jpg","width":1277,"height":650},{"@type":"BreadcrumbList","@id":"https:\/\/iberculturaviva.org\/es\/48-postulaciones-fueron-habilitadas-en-el-concurso-sabores-migrantes-comunitarios\/#breadcrumb","itemListElement":[{"@type":"ListItem","position":1,"name":"In\u00edcio","item":"https:\/\/iberculturaviva.org\/es\/inicio\/"},{"@type":"ListItem","position":2,"name":"48 postulaciones fueron habilitadas en el concurso Sabores Migrantes Comunitarios"}]},{"@type":"WebSite","@id":"https:\/\/iberculturaviva.org\/es\/?lang=es\/#website","url":"https:\/\/iberculturaviva.org\/es\/?lang=es\/","name":"IberCultura Viva","description":"Programa de cooperaci\u00f3n cultural","publisher":{"@id":"https:\/\/iberculturaviva.org\/es\/?lang=es\/#organization"},"potentialAction":[{"@type":"SearchAction","target":{"@type":"EntryPoint","urlTemplate":"https:\/\/iberculturaviva.org\/es\/?lang=es\/?s={search_term_string}"},"query-input":{"@type":"PropertyValueSpecification","valueRequired":true,"valueName":"search_term_string"}}],"inLanguage":"es"},{"@type":"Organization","@id":"https:\/\/iberculturaviva.org\/es\/?lang=es\/#organization","name":"Iberculturaviva","url":"https:\/\/iberculturaviva.org\/es\/?lang=es\/","logo":{"@type":"ImageObject","inLanguage":"es","@id":"https:\/\/iberculturaviva.org\/es\/?lang=es\/#\/schema\/logo\/image\/","url":"https:\/\/iberculturaviva.org\/wp-content\/uploads\/2021\/08\/logo_ibercultura_viva.jpg","contentUrl":"https:\/\/iberculturaviva.org\/wp-content\/uploads\/2021\/08\/logo_ibercultura_viva.jpg","width":708,"height":223,"caption":"Iberculturaviva"},"image":{"@id":"https:\/\/iberculturaviva.org\/es\/?lang=es\/#\/schema\/logo\/image\/"},"sameAs":["https:\/\/www.facebook.com\/iberculturaviva\/","https:\/\/www.instagram.com\/iberculturaviva\/","https:\/\/www.youtube.com\/iberculturaviva"]},{"@type":"Person","@id":"https:\/\/iberculturaviva.org\/es\/?lang=es\/#\/schema\/person\/5d1313b072cc25536e0431522f740b59","name":"IberCultura","image":{"@type":"ImageObject","inLanguage":"es","@id":"https:\/\/iberculturaviva.org\/es\/?lang=es\/#\/schema\/person\/image\/","url":"https:\/\/secure.gravatar.com\/avatar\/79f1a057cb125cbefb3765d0356d52fc7f3bba3a35e2cf22bc4de090bb7aef70?s=96&d=mm&r=g","contentUrl":"https:\/\/secure.gravatar.com\/avatar\/79f1a057cb125cbefb3765d0356d52fc7f3bba3a35e2cf22bc4de090bb7aef70?s=96&d=mm&r=g","caption":"IberCultura"}}]}},"main_category":{"link":"https:\/\/iberculturaviva.org\/es\/category\/noticias-es\/","name":"Noticias","slug":"noticias-es"},"_links":{"self":[{"href":"https:\/\/iberculturaviva.org\/es\/wp-json\/wp\/v2\/posts\/25793","targetHints":{"allow":["GET"]}}],"collection":[{"href":"https:\/\/iberculturaviva.org\/es\/wp-json\/wp\/v2\/posts"}],"about":[{"href":"https:\/\/iberculturaviva.org\/es\/wp-json\/wp\/v2\/types\/post"}],"author":[{"embeddable":true,"href":"https:\/\/iberculturaviva.org\/es\/wp-json\/wp\/v2\/users\/2"}],"replies":[{"embeddable":true,"href":"https:\/\/iberculturaviva.org\/es\/wp-json\/wp\/v2\/comments?post=25793"}],"version-history":[{"count":5,"href":"https:\/\/iberculturaviva.org\/es\/wp-json\/wp\/v2\/posts\/25793\/revisions"}],"predecessor-version":[{"id":25943,"href":"https:\/\/iberculturaviva.org\/es\/wp-json\/wp\/v2\/posts\/25793\/revisions\/25943"}],"wp:featuredmedia":[{"embeddable":true,"href":"https:\/\/iberculturaviva.org\/es\/wp-json\/wp\/v2\/media\/25795"}],"wp:attachment":[{"href":"https:\/\/iberculturaviva.org\/es\/wp-json\/wp\/v2\/media?parent=25793"}],"wp:term":[{"taxonomy":"category","embeddable":true,"href":"https:\/\/iberculturaviva.org\/es\/wp-json\/wp\/v2\/categories?post=25793"},{"taxonomy":"post_tag","embeddable":true,"href":"https:\/\/iberculturaviva.org\/es\/wp-json\/wp\/v2\/tags?post=25793"},{"taxonomy":"country-municipality","embeddable":true,"href":"https:\/\/iberculturaviva.org\/es\/wp-json\/wp\/v2\/country-municipality?post=25793"}],"curies":[{"name":"wp","href":"https:\/\/api.w.org\/{rel}","templated":true}]}}