{"id":25355,"date":"2021-11-03T19:55:08","date_gmt":"2021-11-03T22:55:08","guid":{"rendered":"https:\/\/iberculturaviva.org\/?p=25355"},"modified":"2021-11-04T12:15:42","modified_gmt":"2021-11-04T15:15:42","slug":"niteroi-presentara-la-carta-de-derechos-culturales-de-la-ciudad-y-el-portal-cultura-es-un-derecho","status":"publish","type":"post","link":"https:\/\/iberculturaviva.org\/es\/niteroi-presentara-la-carta-de-derechos-culturales-de-la-ciudad-y-el-portal-cultura-es-un-derecho\/","title":{"rendered":"Niter\u00f3i presentar\u00e1 la Carta de Derechos Culturales de la ciudad y el portal \u201cCultura es un derecho\u201d"},"content":{"rendered":"<p style=\"text-align: justify;\"><span style=\"font-weight: 400;\"><a href=\"https:\/\/iberculturaviva.org\/wp-content\/uploads\/2021\/11\/922817cb-4815-4e7f-b7be-deae25f3cc1c.jpeg\"><img loading=\"lazy\" decoding=\"async\" class=\" wp-image-25356 alignright\" src=\"https:\/\/iberculturaviva.org\/wp-content\/uploads\/2021\/11\/922817cb-4815-4e7f-b7be-deae25f3cc1c-960x960.jpeg\" alt=\"\" width=\"275\" height=\"275\" srcset=\"https:\/\/iberculturaviva.org\/wp-content\/uploads\/2021\/11\/922817cb-4815-4e7f-b7be-deae25f3cc1c-960x960.jpeg 960w, https:\/\/iberculturaviva.org\/wp-content\/uploads\/2021\/11\/922817cb-4815-4e7f-b7be-deae25f3cc1c-150x150.jpeg 150w, https:\/\/iberculturaviva.org\/wp-content\/uploads\/2021\/11\/922817cb-4815-4e7f-b7be-deae25f3cc1c-768x768.jpeg 768w, https:\/\/iberculturaviva.org\/wp-content\/uploads\/2021\/11\/922817cb-4815-4e7f-b7be-deae25f3cc1c-50x50.jpeg 50w, https:\/\/iberculturaviva.org\/wp-content\/uploads\/2021\/11\/922817cb-4815-4e7f-b7be-deae25f3cc1c-125x125.jpeg 125w, https:\/\/iberculturaviva.org\/wp-content\/uploads\/2021\/11\/922817cb-4815-4e7f-b7be-deae25f3cc1c-56x56.jpeg 56w, https:\/\/iberculturaviva.org\/wp-content\/uploads\/2021\/11\/922817cb-4815-4e7f-b7be-deae25f3cc1c-529x529.jpeg 529w, https:\/\/iberculturaviva.org\/wp-content\/uploads\/2021\/11\/922817cb-4815-4e7f-b7be-deae25f3cc1c-250x250.jpeg 250w, https:\/\/iberculturaviva.org\/wp-content\/uploads\/2021\/11\/922817cb-4815-4e7f-b7be-deae25f3cc1c-40x40.jpeg 40w, https:\/\/iberculturaviva.org\/wp-content\/uploads\/2021\/11\/922817cb-4815-4e7f-b7be-deae25f3cc1c.jpeg 1080w\" sizes=\"auto, (max-width: 275px) 100vw, 275px\" \/><\/a>Este viernes 5 de noviembre, D\u00eda Nacional de la Cultura en Brasil, ser\u00e1 lanzada la Carta de Derechos Culturales de Niter\u00f3i. El documento, que fue elaborado de manera participativa a lo largo de este a\u00f1o, ser\u00e1 presentado en el Encuentro \u201cCultura es un Derecho\u201d, promovido por la Municipalidad de Niter\u00f3i, por medio de la Secretar\u00eda Municipal de las Culturas. Adem\u00e1s de la Carta, se presentar\u00e1 el portal <\/span><em><span style=\"font-weight: 400;\">Cultura \u00e9 um Direito<\/span><\/em><span style=\"font-weight: 400;\"> y una convocatoria de fomento directo al sector cultural. En el marco del evento tambi\u00e9n se abrir\u00e1 la plenaria final de la 5\u00aa Conferencia Municipal de Cultura de Niter\u00f3i.\u00a0<\/span><\/p>\n<p style=\"text-align: justify;\"><span style=\"font-weight: 400;\">Niter\u00f3i fue la primera ciudad de Brasil que desarroll\u00f3 una Carta de Derechos Culturales. En esta propuesta que tuvo en cuenta experiencias realizadas en otras ciudades, como Roma (Italia), M\u00e9rida (M\u00e9xico) y Barcelona (Espa\u00f1a), la principal inspiraci\u00f3n fue el proceso de construcci\u00f3n de la Carta de la Ciudad de San Luis Potos\u00ed por los Derechos Culturales, en M\u00e9xico, desarrollada en colaboraci\u00f3n con UNESCO M\u00e9xico y el programa IberCultura Viva, a trav\u00e9s de su Red de Ciudades y Gobiernos Locales.<\/span><\/p>\n<p style=\"text-align: justify;\"><span style=\"font-weight: 400;\">As\u00ed como la iniciativa de San Luis Potos\u00ed, que tuvo todo su proceso de construcci\u00f3n e implementaci\u00f3n registrado en el portal <\/span><a href=\"https:\/\/www.laculturaesunderecho.org\/\"><span style=\"font-weight: 400;\">\u201cLa cultura es un derecho\u201d<\/span><\/a><span style=\"font-weight: 400;\">, Niter\u00f3i ahora tendr\u00e1 tambi\u00e9n su sitio web \u201c<\/span><em><span style=\"font-weight: 400;\">Cultura \u00e9 um direito<\/span><\/em><span style=\"font-weight: 400;\">\u201d. Adem\u00e1s de ser el principal registro y repositorio de la Carta de Niter\u00f3i, el portal ser\u00e1 un instrumento p\u00fablico de difusi\u00f3n de contenidos relacionados a los temas de las pol\u00edticas culturales y albergar\u00e1 una base de datos con perfiles\/portfolios de los y las agentes culturales de Niter\u00f3i.<\/span><\/p>\n<p style=\"text-align: justify;\"><span style=\"font-weight: 400;\">Para 2022, con el apoyo del programa IberCultura Viva, y tambi\u00e9n como parte de las actividades de divulgaci\u00f3n de las Cartas de Derechos Culturales de Niter\u00f3i y de San Luis Potos\u00ed, est\u00e1 prevista la realizaci\u00f3n de un webinario \u201cDerechos Culturales y Cultura Comunitaria\u201d, con la presencia de gestores, especialistas y agentes culturales de diversos pa\u00edses.\u00a0<\/span><\/p>\n<p style=\"text-align: justify;\">.<\/p>\n<h4 style=\"text-align: justify;\">Construcci\u00f3n participativa<\/h4>\n<p style=\"text-align: justify;\"><span style=\"font-weight: 400;\">Para la elaboraci\u00f3n de la Carta de Niter\u00f3i se llevaron a cabo 21 encuentros con la sociedad civil, instituciones y gobierno. Las reuniones involucraron a las c\u00e1maras sectoriales del Consejo Municipal de Pol\u00edtica Cultural (CMPC), los Puntos de Cultura que integran la Red Cultura Viva de Niter\u00f3i, el Foro de Capoeira de Niter\u00f3i, las expresiones culturales religiosas, los l\u00edderes y lideresas comunitarias, el Foro Popular Permanente de los Derechos de los Ni\u00f1os, Ni\u00f1as y Adolescentes de Niter\u00f3i, la Secretar\u00eda Municipal de las Culturas (SMC) y la Fundaci\u00f3n de Arte de Niter\u00f3i (FAN).<\/span><\/p>\n<p style=\"text-align: justify;\"><span style=\"font-weight: 400;\">Durante los seis meses de debates, participaron en este proceso m\u00e1s de 800 personas. Las m\u00e1s de 200 propuestas que se recibieron se materializaron en seis cap\u00edtulos del documento final. El primero de ellos discute que \u00e9s la Carta y c\u00f3mo ella se relaciona con las declaraciones y pactos internacionales y con las demandas individuales y colectivas de dos ciudadanos y ciudadanas niteroienses.<\/span><\/p>\n<p style=\"text-align: justify;\"><span style=\"font-weight: 400;\">La Carta de Niter\u00f3i se basa en la Declaraci\u00f3n Universal de Derechos Humanos; el Pacto Internacional de los Derechos Econ\u00f3micos, Sociales y Culturales; la Declaraci\u00f3n Universal Sobre la Diversidad Cultural; la Constituci\u00f3n de la Rep\u00fablica Federativa de Brasil de 1988; el Sistema Nacional de Cultura; el Sistema Estadual de Cultura de R\u00edo de Janeiro; el Sistema Municipal de Cultura de Niter\u00f3i.<\/span><\/p>\n<p style=\"text-align: justify;\"><span style=\"font-weight: 400;\">Las leyes municipales de Niter\u00f3i vinculadas al arte y la cultura est\u00e1n reunidas en el segundo cap\u00edtulo de la Carta. El tercero, a su vez, presenta pol\u00edticas p\u00fablicas de cultura que, aunque no se configuren necesariamente como legislaci\u00f3n, constituyen y\/o abordan derechos culturales demandados\/conquistados por la poblaci\u00f3n.<\/span><\/p>\n<p style=\"text-align: justify;\"><span style=\"font-weight: 400;\">El cuarto cap\u00edtulo presenta la metodolog\u00eda de debate y las caracter\u00edsticas de las reuniones realizadas. En el quinto est\u00e1n las directrices construidas a partir de observaciones comunes hechas en las 21 reuniones. Finalmente, en el sexto cap\u00edtulo son listadas las metas y estrategias indicadas en cada reuni\u00f3n, con el objetivo de reconocer, proteger, promover y garantizar el ejercicio de los derechos culturales por ciudadanos y ciudadanas de Niter\u00f3i.<\/span><\/p>\n<p style=\"text-align: justify;\"><span style=\"font-weight: 400;\">\u00a0.<\/span><\/p>\n<h4>Lea tambi\u00e9n:<\/h4>\n<p><b>\u201cLa cultura es un derecho\u201d: la experiencia potosina como inspiraci\u00f3n de procesos participativos<\/b><\/p>\n<p><a href=\"https:\/\/iberculturaviva.org\/la-carta-de-la-ciudad-de-san-luis-potosi-por-los-derechos-culturales-ahora-es-ley\/?lang=es\"><span style=\"font-weight: 400;\">La Carta de la Ciudad de San Luis Potos\u00ed por los Derechos Culturales ahora es ley<\/span><\/a><\/p>\n<p><a href=\"https:\/\/iberculturaviva.org\/la-carta-de-la-ciudad-de-san-luis-potosi-por-los-derechos-culturales-una-construccion-participativa\/?lang=es\"><span style=\"font-weight: 400;\">La Carta de la Ciudad de San Lu\u00eds Potos\u00ed por los Derechos Culturales: una construcci\u00f3n participativa\u00a0<\/span><\/a><\/p>\n<p><a href=\"https:\/\/iberculturaviva.org\/carta-de-los-derechos-culturales-de-niteroi-una-construccion-participativa-inspirada-en-la-experiencia-de-san-luis-potosi\/?lang=es\"><span style=\"font-weight: 400;\">Carta de los Derechos Culturales de Niter\u00f3i: una construcci\u00f3n participativa inspirada en la experiencia de San Luis Potos\u00ed<\/span><\/a><\/p>\n","protected":false},"excerpt":{"rendered":"<p>Este viernes 5 de noviembre, D\u00eda Nacional de la Cultura en Brasil, ser\u00e1 lanzada la Carta de Derechos Culturales de Niter\u00f3i. El documento, que fue elaborado de manera participativa a [&hellip;]<\/p>\n","protected":false},"author":2,"featured_media":0,"comment_status":"closed","ping_status":"closed","sticky":false,"template":"","format":"standard","meta":{"_coblocks_attr":"","_coblocks_dimensions":"","_coblocks_responsive_height":"","_coblocks_accordion_ie_support":"","_EventAllDay":false,"_EventTimezone":"","_EventStartDate":"","_EventEndDate":"","_EventStartDateUTC":"","_EventEndDateUTC":"","_EventShowMap":false,"_EventShowMapLink":false,"_EventURL":"","_EventCost":"","_EventCostDescription":"","_EventCurrencySymbol":"","_EventCurrencyCode":"","_EventCurrencyPosition":"","_EventDateTimeSeparator":"","_EventTimeRangeSeparator":"","_EventOrganizerID":[],"_EventVenueID":[],"_OrganizerEmail":"","_OrganizerPhone":"","_OrganizerWebsite":"","_VenueAddress":"","_VenueCity":"","_VenueCountry":"","_VenueProvince":"","_VenueState":"","_VenueZip":"","_VenuePhone":"","_VenueURL":"","_VenueStateProvince":"","_VenueLat":"","_VenueLng":"","_VenueShowMap":false,"_VenueShowMapLink":false,"footnotes":""},"categories":[262],"tags":[338,289,368,298],"country-municipality":[],"class_list":["post-25355","post","type-post","status-publish","format-standard","hentry","category-noticias-es","tag-brasil-3","tag-gobiernos-locales-2","tag-niteroi-2","tag-red-de-ciudades-2"],"yoast_head":"<!-- This site is optimized with the Yoast SEO plugin v25.7 - https:\/\/yoast.com\/wordpress\/plugins\/seo\/ -->\n<title>Niter\u00f3i presentar\u00e1 la Carta de Derechos Culturales de la ciudad y el portal \u201cCultura es un derecho\u201d - IberCultura Viva<\/title>\n<meta name=\"description\" content=\"Niter\u00f3i presentar\u00e1 la Carta de Derechos Culturales de la ciudad y el portal \u201cCultura es un derecho\u201d - IberCultura Viva\" \/>\n<meta name=\"robots\" content=\"index, follow, max-snippet:-1, max-image-preview:large, max-video-preview:-1\" \/>\n<link rel=\"canonical\" href=\"https:\/\/iberculturaviva.org\/es\/niteroi-presentara-la-carta-de-derechos-culturales-de-la-ciudad-y-el-portal-cultura-es-un-derecho\/\" \/>\n<meta property=\"og:locale\" content=\"es_ES\" \/>\n<meta property=\"og:type\" content=\"article\" \/>\n<meta property=\"og:title\" content=\"Niter\u00f3i presentar\u00e1 la Carta de Derechos Culturales de la ciudad y el portal \u201cCultura es un derecho\u201d - IberCultura Viva\" \/>\n<meta property=\"og:description\" content=\"Niter\u00f3i presentar\u00e1 la Carta de Derechos Culturales de la ciudad y el portal \u201cCultura es un derecho\u201d - IberCultura Viva\" \/>\n<meta property=\"og:url\" content=\"https:\/\/iberculturaviva.org\/es\/niteroi-presentara-la-carta-de-derechos-culturales-de-la-ciudad-y-el-portal-cultura-es-un-derecho\/\" \/>\n<meta property=\"og:site_name\" content=\"IberCultura Viva\" \/>\n<meta property=\"article:publisher\" content=\"https:\/\/www.facebook.com\/iberculturaviva\/\" \/>\n<meta property=\"article:published_time\" content=\"2021-11-03T22:55:08+00:00\" \/>\n<meta property=\"article:modified_time\" content=\"2021-11-04T15:15:42+00:00\" \/>\n<meta property=\"og:image\" content=\"https:\/\/iberculturaviva.org\/wp-content\/uploads\/2021\/11\/922817cb-4815-4e7f-b7be-deae25f3cc1c-960x960.jpeg\" \/>\n<meta name=\"author\" content=\"IberCultura\" \/>\n<meta name=\"twitter:card\" content=\"summary_large_image\" \/>\n<meta name=\"twitter:label1\" content=\"Escrito por\" \/>\n\t<meta name=\"twitter:data1\" content=\"IberCultura\" \/>\n\t<meta name=\"twitter:label2\" content=\"Tiempo de lectura\" \/>\n\t<meta name=\"twitter:data2\" content=\"4 minutos\" \/>\n<script type=\"application\/ld+json\" class=\"yoast-schema-graph\">{\"@context\":\"https:\/\/schema.org\",\"@graph\":[{\"@type\":\"Article\",\"@id\":\"https:\/\/iberculturaviva.org\/es\/niteroi-presentara-la-carta-de-derechos-culturales-de-la-ciudad-y-el-portal-cultura-es-un-derecho\/#article\",\"isPartOf\":{\"@id\":\"https:\/\/iberculturaviva.org\/es\/niteroi-presentara-la-carta-de-derechos-culturales-de-la-ciudad-y-el-portal-cultura-es-un-derecho\/\"},\"author\":{\"name\":\"IberCultura\",\"@id\":\"https:\/\/iberculturaviva.org\/es\/?lang=es\/#\/schema\/person\/5d1313b072cc25536e0431522f740b59\"},\"headline\":\"Niter\u00f3i presentar\u00e1 la Carta de Derechos Culturales de la ciudad y el portal \u201cCultura es un derecho\u201d\",\"datePublished\":\"2021-11-03T22:55:08+00:00\",\"dateModified\":\"2021-11-04T15:15:42+00:00\",\"mainEntityOfPage\":{\"@id\":\"https:\/\/iberculturaviva.org\/es\/niteroi-presentara-la-carta-de-derechos-culturales-de-la-ciudad-y-el-portal-cultura-es-un-derecho\/\"},\"wordCount\":806,\"publisher\":{\"@id\":\"https:\/\/iberculturaviva.org\/es\/?lang=es\/#organization\"},\"image\":{\"@id\":\"https:\/\/iberculturaviva.org\/es\/niteroi-presentara-la-carta-de-derechos-culturales-de-la-ciudad-y-el-portal-cultura-es-un-derecho\/#primaryimage\"},\"thumbnailUrl\":\"https:\/\/iberculturaviva.org\/wp-content\/uploads\/2021\/11\/922817cb-4815-4e7f-b7be-deae25f3cc1c-960x960.jpeg\",\"keywords\":[\"Brasil\",\"gobiernos locales\",\"Niter\u00f3i\",\"Red de Ciudades\"],\"articleSection\":[\"Noticias\"],\"inLanguage\":\"es\"},{\"@type\":\"WebPage\",\"@id\":\"https:\/\/iberculturaviva.org\/es\/niteroi-presentara-la-carta-de-derechos-culturales-de-la-ciudad-y-el-portal-cultura-es-un-derecho\/\",\"url\":\"https:\/\/iberculturaviva.org\/es\/niteroi-presentara-la-carta-de-derechos-culturales-de-la-ciudad-y-el-portal-cultura-es-un-derecho\/\",\"name\":\"Niter\u00f3i presentar\u00e1 la Carta de Derechos Culturales de la ciudad y el portal \u201cCultura es un derecho\u201d - IberCultura Viva\",\"isPartOf\":{\"@id\":\"https:\/\/iberculturaviva.org\/es\/?lang=es\/#website\"},\"primaryImageOfPage\":{\"@id\":\"https:\/\/iberculturaviva.org\/es\/niteroi-presentara-la-carta-de-derechos-culturales-de-la-ciudad-y-el-portal-cultura-es-un-derecho\/#primaryimage\"},\"image\":{\"@id\":\"https:\/\/iberculturaviva.org\/es\/niteroi-presentara-la-carta-de-derechos-culturales-de-la-ciudad-y-el-portal-cultura-es-un-derecho\/#primaryimage\"},\"thumbnailUrl\":\"https:\/\/iberculturaviva.org\/wp-content\/uploads\/2021\/11\/922817cb-4815-4e7f-b7be-deae25f3cc1c-960x960.jpeg\",\"datePublished\":\"2021-11-03T22:55:08+00:00\",\"dateModified\":\"2021-11-04T15:15:42+00:00\",\"description\":\"Niter\u00f3i presentar\u00e1 la Carta de Derechos Culturales de la ciudad y el portal \u201cCultura es un derecho\u201d - IberCultura Viva\",\"breadcrumb\":{\"@id\":\"https:\/\/iberculturaviva.org\/es\/niteroi-presentara-la-carta-de-derechos-culturales-de-la-ciudad-y-el-portal-cultura-es-un-derecho\/#breadcrumb\"},\"inLanguage\":\"es\",\"potentialAction\":[{\"@type\":\"ReadAction\",\"target\":[\"https:\/\/iberculturaviva.org\/es\/niteroi-presentara-la-carta-de-derechos-culturales-de-la-ciudad-y-el-portal-cultura-es-un-derecho\/\"]}]},{\"@type\":\"ImageObject\",\"inLanguage\":\"es\",\"@id\":\"https:\/\/iberculturaviva.org\/es\/niteroi-presentara-la-carta-de-derechos-culturales-de-la-ciudad-y-el-portal-cultura-es-un-derecho\/#primaryimage\",\"url\":\"https:\/\/iberculturaviva.org\/wp-content\/uploads\/2021\/11\/922817cb-4815-4e7f-b7be-deae25f3cc1c-960x960.jpeg\",\"contentUrl\":\"https:\/\/iberculturaviva.org\/wp-content\/uploads\/2021\/11\/922817cb-4815-4e7f-b7be-deae25f3cc1c-960x960.jpeg\"},{\"@type\":\"BreadcrumbList\",\"@id\":\"https:\/\/iberculturaviva.org\/es\/niteroi-presentara-la-carta-de-derechos-culturales-de-la-ciudad-y-el-portal-cultura-es-un-derecho\/#breadcrumb\",\"itemListElement\":[{\"@type\":\"ListItem\",\"position\":1,\"name\":\"In\u00edcio\",\"item\":\"https:\/\/iberculturaviva.org\/es\/inicio\/\"},{\"@type\":\"ListItem\",\"position\":2,\"name\":\"Niter\u00f3i presentar\u00e1 la Carta de Derechos Culturales de la ciudad y el portal \u201cCultura es un derecho\u201d\"}]},{\"@type\":\"WebSite\",\"@id\":\"https:\/\/iberculturaviva.org\/es\/?lang=es\/#website\",\"url\":\"https:\/\/iberculturaviva.org\/es\/?lang=es\/\",\"name\":\"IberCultura Viva\",\"description\":\"Programa de cooperaci\u00f3n cultural\",\"publisher\":{\"@id\":\"https:\/\/iberculturaviva.org\/es\/?lang=es\/#organization\"},\"potentialAction\":[{\"@type\":\"SearchAction\",\"target\":{\"@type\":\"EntryPoint\",\"urlTemplate\":\"https:\/\/iberculturaviva.org\/es\/?lang=es\/?s={search_term_string}\"},\"query-input\":{\"@type\":\"PropertyValueSpecification\",\"valueRequired\":true,\"valueName\":\"search_term_string\"}}],\"inLanguage\":\"es\"},{\"@type\":\"Organization\",\"@id\":\"https:\/\/iberculturaviva.org\/es\/?lang=es\/#organization\",\"name\":\"Iberculturaviva\",\"url\":\"https:\/\/iberculturaviva.org\/es\/?lang=es\/\",\"logo\":{\"@type\":\"ImageObject\",\"inLanguage\":\"es\",\"@id\":\"https:\/\/iberculturaviva.org\/es\/?lang=es\/#\/schema\/logo\/image\/\",\"url\":\"https:\/\/iberculturaviva.org\/wp-content\/uploads\/2021\/08\/logo_ibercultura_viva.jpg\",\"contentUrl\":\"https:\/\/iberculturaviva.org\/wp-content\/uploads\/2021\/08\/logo_ibercultura_viva.jpg\",\"width\":708,\"height\":223,\"caption\":\"Iberculturaviva\"},\"image\":{\"@id\":\"https:\/\/iberculturaviva.org\/es\/?lang=es\/#\/schema\/logo\/image\/\"},\"sameAs\":[\"https:\/\/www.facebook.com\/iberculturaviva\/\",\"https:\/\/www.instagram.com\/iberculturaviva\/\",\"https:\/\/www.youtube.com\/iberculturaviva\"]},{\"@type\":\"Person\",\"@id\":\"https:\/\/iberculturaviva.org\/es\/?lang=es\/#\/schema\/person\/5d1313b072cc25536e0431522f740b59\",\"name\":\"IberCultura\",\"image\":{\"@type\":\"ImageObject\",\"inLanguage\":\"es\",\"@id\":\"https:\/\/iberculturaviva.org\/es\/?lang=es\/#\/schema\/person\/image\/\",\"url\":\"https:\/\/secure.gravatar.com\/avatar\/79f1a057cb125cbefb3765d0356d52fc7f3bba3a35e2cf22bc4de090bb7aef70?s=96&d=mm&r=g\",\"contentUrl\":\"https:\/\/secure.gravatar.com\/avatar\/79f1a057cb125cbefb3765d0356d52fc7f3bba3a35e2cf22bc4de090bb7aef70?s=96&d=mm&r=g\",\"caption\":\"IberCultura\"}}]}<\/script>\n<!-- \/ Yoast SEO plugin. -->","yoast_head_json":{"title":"Niter\u00f3i presentar\u00e1 la Carta de Derechos Culturales de la ciudad y el portal \u201cCultura es un derecho\u201d - IberCultura Viva","description":"Niter\u00f3i presentar\u00e1 la Carta de Derechos Culturales de la ciudad y el portal \u201cCultura es un derecho\u201d - IberCultura Viva","robots":{"index":"index","follow":"follow","max-snippet":"max-snippet:-1","max-image-preview":"max-image-preview:large","max-video-preview":"max-video-preview:-1"},"canonical":"https:\/\/iberculturaviva.org\/es\/niteroi-presentara-la-carta-de-derechos-culturales-de-la-ciudad-y-el-portal-cultura-es-un-derecho\/","og_locale":"es_ES","og_type":"article","og_title":"Niter\u00f3i presentar\u00e1 la Carta de Derechos Culturales de la ciudad y el portal \u201cCultura es un derecho\u201d - IberCultura Viva","og_description":"Niter\u00f3i presentar\u00e1 la Carta de Derechos Culturales de la ciudad y el portal \u201cCultura es un derecho\u201d - IberCultura Viva","og_url":"https:\/\/iberculturaviva.org\/es\/niteroi-presentara-la-carta-de-derechos-culturales-de-la-ciudad-y-el-portal-cultura-es-un-derecho\/","og_site_name":"IberCultura Viva","article_publisher":"https:\/\/www.facebook.com\/iberculturaviva\/","article_published_time":"2021-11-03T22:55:08+00:00","article_modified_time":"2021-11-04T15:15:42+00:00","og_image":[{"url":"https:\/\/iberculturaviva.org\/wp-content\/uploads\/2021\/11\/922817cb-4815-4e7f-b7be-deae25f3cc1c-960x960.jpeg","type":"","width":"","height":""}],"author":"IberCultura","twitter_card":"summary_large_image","twitter_misc":{"Escrito por":"IberCultura","Tiempo de lectura":"4 minutos"},"schema":{"@context":"https:\/\/schema.org","@graph":[{"@type":"Article","@id":"https:\/\/iberculturaviva.org\/es\/niteroi-presentara-la-carta-de-derechos-culturales-de-la-ciudad-y-el-portal-cultura-es-un-derecho\/#article","isPartOf":{"@id":"https:\/\/iberculturaviva.org\/es\/niteroi-presentara-la-carta-de-derechos-culturales-de-la-ciudad-y-el-portal-cultura-es-un-derecho\/"},"author":{"name":"IberCultura","@id":"https:\/\/iberculturaviva.org\/es\/?lang=es\/#\/schema\/person\/5d1313b072cc25536e0431522f740b59"},"headline":"Niter\u00f3i presentar\u00e1 la Carta de Derechos Culturales de la ciudad y el portal \u201cCultura es un derecho\u201d","datePublished":"2021-11-03T22:55:08+00:00","dateModified":"2021-11-04T15:15:42+00:00","mainEntityOfPage":{"@id":"https:\/\/iberculturaviva.org\/es\/niteroi-presentara-la-carta-de-derechos-culturales-de-la-ciudad-y-el-portal-cultura-es-un-derecho\/"},"wordCount":806,"publisher":{"@id":"https:\/\/iberculturaviva.org\/es\/?lang=es\/#organization"},"image":{"@id":"https:\/\/iberculturaviva.org\/es\/niteroi-presentara-la-carta-de-derechos-culturales-de-la-ciudad-y-el-portal-cultura-es-un-derecho\/#primaryimage"},"thumbnailUrl":"https:\/\/iberculturaviva.org\/wp-content\/uploads\/2021\/11\/922817cb-4815-4e7f-b7be-deae25f3cc1c-960x960.jpeg","keywords":["Brasil","gobiernos locales","Niter\u00f3i","Red de Ciudades"],"articleSection":["Noticias"],"inLanguage":"es"},{"@type":"WebPage","@id":"https:\/\/iberculturaviva.org\/es\/niteroi-presentara-la-carta-de-derechos-culturales-de-la-ciudad-y-el-portal-cultura-es-un-derecho\/","url":"https:\/\/iberculturaviva.org\/es\/niteroi-presentara-la-carta-de-derechos-culturales-de-la-ciudad-y-el-portal-cultura-es-un-derecho\/","name":"Niter\u00f3i presentar\u00e1 la Carta de Derechos Culturales de la ciudad y el portal \u201cCultura es un derecho\u201d - IberCultura Viva","isPartOf":{"@id":"https:\/\/iberculturaviva.org\/es\/?lang=es\/#website"},"primaryImageOfPage":{"@id":"https:\/\/iberculturaviva.org\/es\/niteroi-presentara-la-carta-de-derechos-culturales-de-la-ciudad-y-el-portal-cultura-es-un-derecho\/#primaryimage"},"image":{"@id":"https:\/\/iberculturaviva.org\/es\/niteroi-presentara-la-carta-de-derechos-culturales-de-la-ciudad-y-el-portal-cultura-es-un-derecho\/#primaryimage"},"thumbnailUrl":"https:\/\/iberculturaviva.org\/wp-content\/uploads\/2021\/11\/922817cb-4815-4e7f-b7be-deae25f3cc1c-960x960.jpeg","datePublished":"2021-11-03T22:55:08+00:00","dateModified":"2021-11-04T15:15:42+00:00","description":"Niter\u00f3i presentar\u00e1 la Carta de Derechos Culturales de la ciudad y el portal \u201cCultura es un derecho\u201d - IberCultura Viva","breadcrumb":{"@id":"https:\/\/iberculturaviva.org\/es\/niteroi-presentara-la-carta-de-derechos-culturales-de-la-ciudad-y-el-portal-cultura-es-un-derecho\/#breadcrumb"},"inLanguage":"es","potentialAction":[{"@type":"ReadAction","target":["https:\/\/iberculturaviva.org\/es\/niteroi-presentara-la-carta-de-derechos-culturales-de-la-ciudad-y-el-portal-cultura-es-un-derecho\/"]}]},{"@type":"ImageObject","inLanguage":"es","@id":"https:\/\/iberculturaviva.org\/es\/niteroi-presentara-la-carta-de-derechos-culturales-de-la-ciudad-y-el-portal-cultura-es-un-derecho\/#primaryimage","url":"https:\/\/iberculturaviva.org\/wp-content\/uploads\/2021\/11\/922817cb-4815-4e7f-b7be-deae25f3cc1c-960x960.jpeg","contentUrl":"https:\/\/iberculturaviva.org\/wp-content\/uploads\/2021\/11\/922817cb-4815-4e7f-b7be-deae25f3cc1c-960x960.jpeg"},{"@type":"BreadcrumbList","@id":"https:\/\/iberculturaviva.org\/es\/niteroi-presentara-la-carta-de-derechos-culturales-de-la-ciudad-y-el-portal-cultura-es-un-derecho\/#breadcrumb","itemListElement":[{"@type":"ListItem","position":1,"name":"In\u00edcio","item":"https:\/\/iberculturaviva.org\/es\/inicio\/"},{"@type":"ListItem","position":2,"name":"Niter\u00f3i presentar\u00e1 la Carta de Derechos Culturales de la ciudad y el portal \u201cCultura es un derecho\u201d"}]},{"@type":"WebSite","@id":"https:\/\/iberculturaviva.org\/es\/?lang=es\/#website","url":"https:\/\/iberculturaviva.org\/es\/?lang=es\/","name":"IberCultura Viva","description":"Programa de cooperaci\u00f3n cultural","publisher":{"@id":"https:\/\/iberculturaviva.org\/es\/?lang=es\/#organization"},"potentialAction":[{"@type":"SearchAction","target":{"@type":"EntryPoint","urlTemplate":"https:\/\/iberculturaviva.org\/es\/?lang=es\/?s={search_term_string}"},"query-input":{"@type":"PropertyValueSpecification","valueRequired":true,"valueName":"search_term_string"}}],"inLanguage":"es"},{"@type":"Organization","@id":"https:\/\/iberculturaviva.org\/es\/?lang=es\/#organization","name":"Iberculturaviva","url":"https:\/\/iberculturaviva.org\/es\/?lang=es\/","logo":{"@type":"ImageObject","inLanguage":"es","@id":"https:\/\/iberculturaviva.org\/es\/?lang=es\/#\/schema\/logo\/image\/","url":"https:\/\/iberculturaviva.org\/wp-content\/uploads\/2021\/08\/logo_ibercultura_viva.jpg","contentUrl":"https:\/\/iberculturaviva.org\/wp-content\/uploads\/2021\/08\/logo_ibercultura_viva.jpg","width":708,"height":223,"caption":"Iberculturaviva"},"image":{"@id":"https:\/\/iberculturaviva.org\/es\/?lang=es\/#\/schema\/logo\/image\/"},"sameAs":["https:\/\/www.facebook.com\/iberculturaviva\/","https:\/\/www.instagram.com\/iberculturaviva\/","https:\/\/www.youtube.com\/iberculturaviva"]},{"@type":"Person","@id":"https:\/\/iberculturaviva.org\/es\/?lang=es\/#\/schema\/person\/5d1313b072cc25536e0431522f740b59","name":"IberCultura","image":{"@type":"ImageObject","inLanguage":"es","@id":"https:\/\/iberculturaviva.org\/es\/?lang=es\/#\/schema\/person\/image\/","url":"https:\/\/secure.gravatar.com\/avatar\/79f1a057cb125cbefb3765d0356d52fc7f3bba3a35e2cf22bc4de090bb7aef70?s=96&d=mm&r=g","contentUrl":"https:\/\/secure.gravatar.com\/avatar\/79f1a057cb125cbefb3765d0356d52fc7f3bba3a35e2cf22bc4de090bb7aef70?s=96&d=mm&r=g","caption":"IberCultura"}}]}},"main_category":{"link":"https:\/\/iberculturaviva.org\/es\/category\/noticias-es\/","name":"Noticias","slug":"noticias-es"},"_links":{"self":[{"href":"https:\/\/iberculturaviva.org\/es\/wp-json\/wp\/v2\/posts\/25355","targetHints":{"allow":["GET"]}}],"collection":[{"href":"https:\/\/iberculturaviva.org\/es\/wp-json\/wp\/v2\/posts"}],"about":[{"href":"https:\/\/iberculturaviva.org\/es\/wp-json\/wp\/v2\/types\/post"}],"author":[{"embeddable":true,"href":"https:\/\/iberculturaviva.org\/es\/wp-json\/wp\/v2\/users\/2"}],"replies":[{"embeddable":true,"href":"https:\/\/iberculturaviva.org\/es\/wp-json\/wp\/v2\/comments?post=25355"}],"version-history":[{"count":4,"href":"https:\/\/iberculturaviva.org\/es\/wp-json\/wp\/v2\/posts\/25355\/revisions"}],"predecessor-version":[{"id":25377,"href":"https:\/\/iberculturaviva.org\/es\/wp-json\/wp\/v2\/posts\/25355\/revisions\/25377"}],"wp:attachment":[{"href":"https:\/\/iberculturaviva.org\/es\/wp-json\/wp\/v2\/media?parent=25355"}],"wp:term":[{"taxonomy":"category","embeddable":true,"href":"https:\/\/iberculturaviva.org\/es\/wp-json\/wp\/v2\/categories?post=25355"},{"taxonomy":"post_tag","embeddable":true,"href":"https:\/\/iberculturaviva.org\/es\/wp-json\/wp\/v2\/tags?post=25355"},{"taxonomy":"country-municipality","embeddable":true,"href":"https:\/\/iberculturaviva.org\/es\/wp-json\/wp\/v2\/country-municipality?post=25355"}],"curies":[{"name":"wp","href":"https:\/\/api.w.org\/{rel}","templated":true}]}}