{"id":25282,"date":"2021-10-25T12:01:00","date_gmt":"2021-10-25T15:01:00","guid":{"rendered":"https:\/\/iberculturaviva.org\/?p=25282"},"modified":"2021-10-28T22:08:54","modified_gmt":"2021-10-29T01:08:54","slug":"en-chile-diploma-para-occ-de-la-region-de-los-rios-inicia-con-dialogo-sobre-cultura-viva","status":"publish","type":"post","link":"https:\/\/iberculturaviva.org\/es\/en-chile-diploma-para-occ-de-la-region-de-los-rios-inicia-con-dialogo-sobre-cultura-viva\/","title":{"rendered":"En Chile, Diploma para OCC de la Regi\u00f3n de Los R\u00edos inicia con di\u00e1logo sobre Cultura Viva"},"content":{"rendered":"<h4 style=\"text-align: justify;\"><strong>Texto y foto: Ministerio de las Culturas, las Artes y el Patrimonio<\/strong><\/h4>\n<p style=\"text-align: justify;\">.<\/p>\n<p style=\"text-align: justify;\"><span style=\"font-weight: 400;\">Gracias a la alianza colaborativa entre la Seremi de la Regi\u00f3n de Los R\u00edos y la Subdirecci\u00f3n de Arte, Cultura y Patrimonio de la Universidad de Los Lagos, entre octubre de 2021 y enero de 2022 se llevar\u00e1 a cabo de manera virtual y con beca completa, la segunda versi\u00f3n del Diploma en Gesti\u00f3n Cultural dirigido a 30 representantes de Organizaciones Culturales Comunitarias.<\/span><\/p>\n<p style=\"text-align: justify;\"><span style=\"font-weight: 400;\">Con el di\u00e1logo inaugural internacional \u201cEl valor de la gesti\u00f3n cultural comunitaria y los aprendizajes en momentos de crisis\u201d, a cargo de la periodista especializada en gesti\u00f3n regional del desarrollo y directora del Centro de Desarrollo Cultural de Moravia en Colombia, Ana Mar\u00eda Restrepo; del coordinador de relaciones institucionales del Centro Cultural GAM, Mauricio Mart\u00ednez, y de la gestora y emprendedora cultural, investigadora y educadora, Catalina Matthei, el pasado 16 de octubre se dio inicio a la segunda versi\u00f3n del Diploma en Gesti\u00f3n Cultural para 30 representantes de organizaciones culturales comunitarias de la regi\u00f3n de Los R\u00edos.<\/span><\/p>\n<p style=\"text-align: justify;\"><span style=\"font-weight: 400;\">En la inauguraci\u00f3n del programa, la secretaria regional ministerial (Seremi) de las Culturas, las Artes y el Patrimonio de la Regi\u00f3n de Los R\u00edos, Gabriela Avenda\u00f1o, inst\u00f3 a las y los participantes del diploma a generar redes, las que, dijo, \u201cson fundamentales para crear instancias de autogesti\u00f3n a nivel regional, ya que ustedes, los y las protagonistas de este programa, contribuir\u00e1n desde esas nuevas redes al desarrollo cultural y art\u00edstico de nuestra regi\u00f3n\u201d.<\/span><\/p>\n<p style=\"text-align: justify;\"><span style=\"font-weight: 400;\">El Diploma en Gesti\u00f3n Cultural es un programa asociativo que nace el 2020 de una necesidad expresada por las organizaciones culturales comunitarias de la Regi\u00f3n de Los R\u00edos, quienes gracias al apoyo del programa Red Cultura del Ministerio de las Culturas, las Artes y el Patrimonio, solicitaron a la Universidad de Los Lagos un programa similar al que, por tercer a\u00f1o consecutivo y tambi\u00e9n con beca completa, se imparte en la regi\u00f3n de Los Lagos.<\/span><\/p>\n<p style=\"text-align: justify;\"><span style=\"font-weight: 400;\">Los participantes de la segunda generaci\u00f3n de este programa formativo dirigido por Sergio Trabucco, subdirector de Arte, Cultura y Patrimonio de la Universidad de Los Lagos, participan personas ligadas al folclor, danza, teatro, t\u00edteres, fomento lector y gesti\u00f3n cultural de las 12 comunas de la regi\u00f3n de Los R\u00edos, as\u00ed como integrantes de agrupaciones juveniles, mujeres, comunidades ind\u00edgenas, juntas de vecinos y comit\u00e9s ecol\u00f3gicos.<\/span><\/p>\n<p style=\"text-align: justify;\"><span style=\"font-weight: 400;\">Ginette Cerna, gestora del grupo musical K\u00fctral de Panguipulli, quien adem\u00e1s forma parte de la primera generaci\u00f3n del Diplomado en Gesti\u00f3n Cultural para la Regi\u00f3n de Los R\u00edos, se\u00f1al\u00f3 que \u201ceste diploma es el fruto de una participaci\u00f3n vinculante, donde pudimos generar una pol\u00edtica p\u00fablica instalando capacitaci\u00f3n y formaci\u00f3n continua para los y las dirigentes de las organizaciones culturales comunitarias. Este programa propone un doble beneficio, ya que por una parte permite capacitarse, mejorar la gesti\u00f3n y, por otra, crear redes de trabajo y de asociatividad\u201d.<\/span><\/p>\n<p style=\"text-align: justify;\"><span style=\"font-weight: 400;\">Liliana Salinas, representante de la comunidad ind\u00edgena Cun Cun de la comuna de R\u00edo Bueno, se\u00f1al\u00f3 que \u201cpuedo hablar con propiedad de que la primera versi\u00f3n de este programa vino a llenar los espacios vac\u00edos que yo ten\u00eda como dirigente social. La cultura es viva y como organizaciones culturales comunitarias tenemos el deber de mantenerla viva, inclusive en pandemia, y eso lo da la asociatividad, que parte desde los territorios, sin desigualdad y a pesar de la adversidad\u201d.<\/span><\/p>\n<p><a href=\"https:\/\/iberculturaviva.org\/wp-content\/uploads\/2021\/10\/los-rios-2022.jpg\"><img loading=\"lazy\" decoding=\"async\" class=\"aligncenter wp-image-25283 size-large\" src=\"https:\/\/iberculturaviva.org\/wp-content\/uploads\/2021\/10\/los-rios-2022-960x559.jpg\" alt=\"\" width=\"640\" height=\"373\" srcset=\"https:\/\/iberculturaviva.org\/wp-content\/uploads\/2021\/10\/los-rios-2022-960x559.jpg 960w, https:\/\/iberculturaviva.org\/wp-content\/uploads\/2021\/10\/los-rios-2022-768x447.jpg 768w, https:\/\/iberculturaviva.org\/wp-content\/uploads\/2021\/10\/los-rios-2022-125x73.jpg 125w, https:\/\/iberculturaviva.org\/wp-content\/uploads\/2021\/10\/los-rios-2022-420x246.jpg 420w, https:\/\/iberculturaviva.org\/wp-content\/uploads\/2021\/10\/los-rios-2022-529x308.jpg 529w, https:\/\/iberculturaviva.org\/wp-content\/uploads\/2021\/10\/los-rios-2022.jpg 1033w\" sizes=\"auto, (max-width: 640px) 100vw, 640px\" \/><\/a><\/p>\n<p style=\"text-align: justify;\">.<\/p>\n<h4 style=\"text-align: justify;\"><strong>\u201cLa crisis nos abre posibilidades desde la acci\u00f3n comunitaria\u201d<\/strong><\/h4>\n<p style=\"text-align: justify;\"><span style=\"font-weight: 400;\">Con motivo del di\u00e1logo inaugural internacional, Ana Mar\u00eda Restrepo, quien desde Colombia trabaja en sostenibilidad cultural, alianzas para la gesti\u00f3n, el desarrollo de proyectos culturales comunitarios y la apropiaci\u00f3n del conocimiento, se\u00f1al\u00f3 que \u201ccuando hablamos de comunidades activas, hablamos de los procesos que se gestan desde nuestros territorios a favor del desarrollo social y cultural y que surge a partir de una visi\u00f3n de cambio, donde se reformulan y resignifican los v\u00ednculos emocionales, culturales, pol\u00edtico y ambientales\u201d.<\/span><\/p>\n<p style=\"text-align: justify;\"><span style=\"font-weight: 400;\">\u201cSi bien, la crisis evidenci\u00f3 una precariedad hist\u00f3rica en el sector cultural, tambi\u00e9n nos abri\u00f3 los ojos y nos mostr\u00f3 posibilidades distintas de construcci\u00f3n desde la acci\u00f3n comunitaria y desde la acci\u00f3n entre vecinos, a trav\u00e9s del trabajo de alianzas y acciones en red, lo que ha sido una de las cosas m\u00e1s interesantes en estos momentos\u201d, expres\u00f3 la gestora cultural.<\/span><\/p>\n<p style=\"text-align: justify;\"><span style=\"font-weight: 400;\">El periodista Mauricio Mart\u00ednez, se\u00f1al\u00f3 que \u201ceste ejercicio de encuentro nos permite reconocer que la gesti\u00f3n cultural comunitaria es un trabajo que se ha hecho siempre, permitiendo la circulaci\u00f3n de conocimiento y la expresi\u00f3n de las necesidades del medio, donde la asociatividad se presenta como g\u00e9nesis del trabajo en cultura\u201d.<\/span><\/p>\n<p style=\"text-align: justify;\"><span style=\"font-weight: 400;\">Junto a Ana Mar\u00eda Restrepo y Mauricio Mart\u00ednez, particip\u00f3 del dialogo inaugural internacional la gestora y emprendedora cultural Catalina Matthei, quien se\u00f1al\u00f3 que \u201cestamos pasando un momento de crisis en la gesti\u00f3n cultural en Chile, que, sin embargo, ha permitido tambi\u00e9n transformar nuestras pr\u00e1cticas y entregarle el valor que merece dentro del desarrollo humano y en nuestras sociedades\u201d.<\/span><\/p>\n<p style=\"text-align: justify;\"><span style=\"font-weight: 400;\">\u201cMe interesa ver, a trav\u00e9s de las crisis, el papel de la ciudadan\u00eda, de lo que somos capaces de generar a partir de nuestras fuerzas y nuestras voces, en un Chile que le da cada vez m\u00e1s cabida a nuestras expresiones, ya que estamos en un momento decisivo, donde debemos ser un motor de cambio. Es importante generar instancias de encuentro, de comunicaci\u00f3n y participaci\u00f3n, que permitan el desarrollo y la profundizaci\u00f3n de las pol\u00edticas p\u00fablicas, ya que estamos en un momento decisivo donde podemos co-construir el desarrollo cultural en nuestro pa\u00eds\u201d, agreg\u00f3 quien fuera encargada de la Casona Cultural de Panguipulli.<\/span><\/p>\n<p style=\"text-align: justify;\"><span style=\"font-weight: 400;\">Mauricio Mart\u00ednez concluye que \u201cabrirse a la diversidad es capital para la asociatividad y la colaboraci\u00f3n, permitiendo generar circulaci\u00f3n de conocimientos que tanto necesitamos para el desarrollo equitativo de los territorios. Esa es la invitaci\u00f3n a la hora de pensar sobre la importancia de nuestra identidad y c\u00f3mo las identidades colectivas son un aporte para el trabajo en cultura\u201d.<\/span><\/p>\n<p style=\"text-align: justify;\"><span style=\"font-weight: 400;\">Ana Mar\u00eda Restrepo se\u00f1al\u00f3 que \u201cesta crisis nos permite pensar c\u00f3mo nos reconfiguramos y pensamos las formas distintas de habitar, de conectarnos y de poner en valor nuestro accionar desde la cultura. La crisis nos abre posibilidades desde la acci\u00f3n comunitaria y este diploma se hace cargo de aquello y de un tema que hist\u00f3ricamente ha estado presente en el sector cultural, sobre c\u00f3mo nos formamos para que desde nuestro propio desarrollo como gestores seamos un aporte desde un factor humano\u201d.<\/span><\/p>\n<p style=\"text-align: justify;\"><span style=\"font-weight: 400;\">\u201cPara m\u00ed, la comunidad, el conocimiento, la comunicaci\u00f3n y la cultura son ejes fundamentales en nuestro trabajo como gestores y gestoras en las comunidades, y que tienen algo que las conecta, y eso es la esencia de la construcci\u00f3n com\u00fan. Quienes toman este diploma son conocedores de sus territorios, trabajan desde una l\u00f3gica identitaria y cumplen un rol fundamental en la conexi\u00f3n hacia eso que queremos seguir construyendo. Esto es algo muy valioso que nos permite que los aprendizajes nos vayan nutriendo, no s\u00f3lo en informaci\u00f3n, sino que tambi\u00e9n de las redes que vamos gestando\u201d, concluye Ana Mar\u00eda Restrepo.<\/span><\/p>\n<p style=\"text-align: justify;\"><span style=\"font-weight: 400;\">El equipo docente a cargo de dar vida a la segunda versi\u00f3n del Diploma en Gesti\u00f3n Cultural, cuyas clases comenzaron el 18 de octubre, est\u00e1 compuesto por Mauricio Mart\u00ednez, quien impartir\u00e1 el m\u00f3dulo \u201cGesti\u00f3n Cultural, asociatividad y colaboraci\u00f3n\u201d; B\u00e1rbara Negr\u00f3n, quien impartir\u00e1 el m\u00f3dulo \u201cInstitucionalidad Cultural y Pol\u00edticas Culturales\u201d; Catalina Matthei, quien impartir\u00e1 el m\u00f3dulo \u201cPatrimonio y Comunidades\u201d; Claudio Ulloa, a cargo del m\u00f3dulo \u201cFormulaci\u00f3n de Proyectos Culturales\u201d; Sergio Trabucco, quien impartir\u00e1 el m\u00f3dulo \u201cPlanificaci\u00f3n, comunicaciones y redes\u201d y Andrea Hoare, a cargo de \u201cEstrategias de Comunicaci\u00f3n Digital\u201d.<\/span><\/p>\n<p style=\"text-align: justify;\">.<\/p>\n<h4><strong>(*) Texto originalmente publicado en el sitio web del Ministerio de Cultura, las Artes y el Patrimonio de Chile<\/strong><\/h4>\n","protected":false},"excerpt":{"rendered":"<p>Texto y foto: Ministerio de las Culturas, las Artes y el Patrimonio . Gracias a la alianza colaborativa entre la Seremi de la Regi\u00f3n de Los R\u00edos y la Subdirecci\u00f3n [&hellip;]<\/p>\n","protected":false},"author":2,"featured_media":0,"comment_status":"closed","ping_status":"closed","sticky":false,"template":"","format":"standard","meta":{"_coblocks_attr":"","_coblocks_dimensions":"","_coblocks_responsive_height":"","_coblocks_accordion_ie_support":"","_EventAllDay":false,"_EventTimezone":"","_EventStartDate":"","_EventEndDate":"","_EventStartDateUTC":"","_EventEndDateUTC":"","_EventShowMap":false,"_EventShowMapLink":false,"_EventURL":"","_EventCost":"","_EventCostDescription":"","_EventCurrencySymbol":"","_EventCurrencyCode":"","_EventCurrencyPosition":"","_EventDateTimeSeparator":"","_EventTimeRangeSeparator":"","_EventOrganizerID":[],"_EventVenueID":[],"_OrganizerEmail":"","_OrganizerPhone":"","_OrganizerWebsite":"","_VenueAddress":"","_VenueCity":"","_VenueCountry":"","_VenueProvince":"","_VenueState":"","_VenueZip":"","_VenuePhone":"","_VenueURL":"","_VenueStateProvince":"","_VenueLat":"","_VenueLng":"","_VenueShowMap":false,"_VenueShowMapLink":false,"footnotes":""},"categories":[262],"tags":[302,366,306],"country-municipality":[],"class_list":["post-25282","post","type-post","status-publish","format-standard","hentry","category-noticias-es","tag-chile-3","tag-los-rios","tag-occ-2"],"yoast_head":"<!-- This site is optimized with the Yoast SEO plugin v25.7 - https:\/\/yoast.com\/wordpress\/plugins\/seo\/ -->\n<title>En Chile, Diploma para OCC de la Regi\u00f3n de Los R\u00edos inicia con di\u00e1logo sobre Cultura Viva - IberCultura Viva<\/title>\n<meta name=\"description\" content=\"En Chile, Diploma para OCC de la Regi\u00f3n de Los R\u00edos inicia con di\u00e1logo sobre Cultura Viva - IberCultura Viva\" \/>\n<meta name=\"robots\" content=\"index, follow, max-snippet:-1, max-image-preview:large, max-video-preview:-1\" \/>\n<link rel=\"canonical\" href=\"https:\/\/iberculturaviva.org\/es\/en-chile-diploma-para-occ-de-la-region-de-los-rios-inicia-con-dialogo-sobre-cultura-viva\/\" \/>\n<meta property=\"og:locale\" content=\"es_ES\" \/>\n<meta property=\"og:type\" content=\"article\" \/>\n<meta property=\"og:title\" content=\"En Chile, Diploma para OCC de la Regi\u00f3n de Los R\u00edos inicia con di\u00e1logo sobre Cultura Viva - IberCultura Viva\" \/>\n<meta property=\"og:description\" content=\"En Chile, Diploma para OCC de la Regi\u00f3n de Los R\u00edos inicia con di\u00e1logo sobre Cultura Viva - IberCultura Viva\" \/>\n<meta property=\"og:url\" content=\"https:\/\/iberculturaviva.org\/es\/en-chile-diploma-para-occ-de-la-region-de-los-rios-inicia-con-dialogo-sobre-cultura-viva\/\" \/>\n<meta property=\"og:site_name\" content=\"IberCultura Viva\" \/>\n<meta property=\"article:publisher\" content=\"https:\/\/www.facebook.com\/iberculturaviva\/\" \/>\n<meta property=\"article:published_time\" content=\"2021-10-25T15:01:00+00:00\" \/>\n<meta property=\"article:modified_time\" content=\"2021-10-29T01:08:54+00:00\" \/>\n<meta property=\"og:image\" content=\"https:\/\/iberculturaviva.org\/wp-content\/uploads\/2021\/10\/los-rios-2022-960x559.jpg\" \/>\n<meta name=\"author\" content=\"IberCultura\" \/>\n<meta name=\"twitter:card\" content=\"summary_large_image\" \/>\n<meta name=\"twitter:label1\" content=\"Escrito por\" \/>\n\t<meta name=\"twitter:data1\" content=\"IberCultura\" \/>\n\t<meta name=\"twitter:label2\" content=\"Tiempo de lectura\" \/>\n\t<meta name=\"twitter:data2\" content=\"6 minutos\" \/>\n<script type=\"application\/ld+json\" class=\"yoast-schema-graph\">{\"@context\":\"https:\/\/schema.org\",\"@graph\":[{\"@type\":\"Article\",\"@id\":\"https:\/\/iberculturaviva.org\/es\/en-chile-diploma-para-occ-de-la-region-de-los-rios-inicia-con-dialogo-sobre-cultura-viva\/#article\",\"isPartOf\":{\"@id\":\"https:\/\/iberculturaviva.org\/es\/en-chile-diploma-para-occ-de-la-region-de-los-rios-inicia-con-dialogo-sobre-cultura-viva\/\"},\"author\":{\"name\":\"IberCultura\",\"@id\":\"https:\/\/iberculturaviva.org\/es\/?lang=es\/#\/schema\/person\/5d1313b072cc25536e0431522f740b59\"},\"headline\":\"En Chile, Diploma para OCC de la Regi\u00f3n de Los R\u00edos inicia con di\u00e1logo sobre Cultura Viva\",\"datePublished\":\"2021-10-25T15:01:00+00:00\",\"dateModified\":\"2021-10-29T01:08:54+00:00\",\"mainEntityOfPage\":{\"@id\":\"https:\/\/iberculturaviva.org\/es\/en-chile-diploma-para-occ-de-la-region-de-los-rios-inicia-con-dialogo-sobre-cultura-viva\/\"},\"wordCount\":1390,\"publisher\":{\"@id\":\"https:\/\/iberculturaviva.org\/es\/?lang=es\/#organization\"},\"image\":{\"@id\":\"https:\/\/iberculturaviva.org\/es\/en-chile-diploma-para-occ-de-la-region-de-los-rios-inicia-con-dialogo-sobre-cultura-viva\/#primaryimage\"},\"thumbnailUrl\":\"https:\/\/iberculturaviva.org\/wp-content\/uploads\/2021\/10\/los-rios-2022-960x559.jpg\",\"keywords\":[\"Chile\",\"Los R\u00edos\",\"OCC\"],\"articleSection\":[\"Noticias\"],\"inLanguage\":\"es\"},{\"@type\":\"WebPage\",\"@id\":\"https:\/\/iberculturaviva.org\/es\/en-chile-diploma-para-occ-de-la-region-de-los-rios-inicia-con-dialogo-sobre-cultura-viva\/\",\"url\":\"https:\/\/iberculturaviva.org\/es\/en-chile-diploma-para-occ-de-la-region-de-los-rios-inicia-con-dialogo-sobre-cultura-viva\/\",\"name\":\"En Chile, Diploma para OCC de la Regi\u00f3n de Los R\u00edos inicia con di\u00e1logo sobre Cultura Viva - IberCultura Viva\",\"isPartOf\":{\"@id\":\"https:\/\/iberculturaviva.org\/es\/?lang=es\/#website\"},\"primaryImageOfPage\":{\"@id\":\"https:\/\/iberculturaviva.org\/es\/en-chile-diploma-para-occ-de-la-region-de-los-rios-inicia-con-dialogo-sobre-cultura-viva\/#primaryimage\"},\"image\":{\"@id\":\"https:\/\/iberculturaviva.org\/es\/en-chile-diploma-para-occ-de-la-region-de-los-rios-inicia-con-dialogo-sobre-cultura-viva\/#primaryimage\"},\"thumbnailUrl\":\"https:\/\/iberculturaviva.org\/wp-content\/uploads\/2021\/10\/los-rios-2022-960x559.jpg\",\"datePublished\":\"2021-10-25T15:01:00+00:00\",\"dateModified\":\"2021-10-29T01:08:54+00:00\",\"description\":\"En Chile, Diploma para OCC de la Regi\u00f3n de Los R\u00edos inicia con di\u00e1logo sobre Cultura Viva - IberCultura Viva\",\"breadcrumb\":{\"@id\":\"https:\/\/iberculturaviva.org\/es\/en-chile-diploma-para-occ-de-la-region-de-los-rios-inicia-con-dialogo-sobre-cultura-viva\/#breadcrumb\"},\"inLanguage\":\"es\",\"potentialAction\":[{\"@type\":\"ReadAction\",\"target\":[\"https:\/\/iberculturaviva.org\/es\/en-chile-diploma-para-occ-de-la-region-de-los-rios-inicia-con-dialogo-sobre-cultura-viva\/\"]}]},{\"@type\":\"ImageObject\",\"inLanguage\":\"es\",\"@id\":\"https:\/\/iberculturaviva.org\/es\/en-chile-diploma-para-occ-de-la-region-de-los-rios-inicia-con-dialogo-sobre-cultura-viva\/#primaryimage\",\"url\":\"https:\/\/iberculturaviva.org\/wp-content\/uploads\/2021\/10\/los-rios-2022-960x559.jpg\",\"contentUrl\":\"https:\/\/iberculturaviva.org\/wp-content\/uploads\/2021\/10\/los-rios-2022-960x559.jpg\"},{\"@type\":\"BreadcrumbList\",\"@id\":\"https:\/\/iberculturaviva.org\/es\/en-chile-diploma-para-occ-de-la-region-de-los-rios-inicia-con-dialogo-sobre-cultura-viva\/#breadcrumb\",\"itemListElement\":[{\"@type\":\"ListItem\",\"position\":1,\"name\":\"In\u00edcio\",\"item\":\"https:\/\/iberculturaviva.org\/es\/inicio\/\"},{\"@type\":\"ListItem\",\"position\":2,\"name\":\"En Chile, Diploma para OCC de la Regi\u00f3n de Los R\u00edos inicia con di\u00e1logo sobre Cultura Viva\"}]},{\"@type\":\"WebSite\",\"@id\":\"https:\/\/iberculturaviva.org\/es\/?lang=es\/#website\",\"url\":\"https:\/\/iberculturaviva.org\/es\/?lang=es\/\",\"name\":\"IberCultura Viva\",\"description\":\"Programa de cooperaci\u00f3n cultural\",\"publisher\":{\"@id\":\"https:\/\/iberculturaviva.org\/es\/?lang=es\/#organization\"},\"potentialAction\":[{\"@type\":\"SearchAction\",\"target\":{\"@type\":\"EntryPoint\",\"urlTemplate\":\"https:\/\/iberculturaviva.org\/es\/?lang=es\/?s={search_term_string}\"},\"query-input\":{\"@type\":\"PropertyValueSpecification\",\"valueRequired\":true,\"valueName\":\"search_term_string\"}}],\"inLanguage\":\"es\"},{\"@type\":\"Organization\",\"@id\":\"https:\/\/iberculturaviva.org\/es\/?lang=es\/#organization\",\"name\":\"Iberculturaviva\",\"url\":\"https:\/\/iberculturaviva.org\/es\/?lang=es\/\",\"logo\":{\"@type\":\"ImageObject\",\"inLanguage\":\"es\",\"@id\":\"https:\/\/iberculturaviva.org\/es\/?lang=es\/#\/schema\/logo\/image\/\",\"url\":\"https:\/\/iberculturaviva.org\/wp-content\/uploads\/2021\/08\/logo_ibercultura_viva.jpg\",\"contentUrl\":\"https:\/\/iberculturaviva.org\/wp-content\/uploads\/2021\/08\/logo_ibercultura_viva.jpg\",\"width\":708,\"height\":223,\"caption\":\"Iberculturaviva\"},\"image\":{\"@id\":\"https:\/\/iberculturaviva.org\/es\/?lang=es\/#\/schema\/logo\/image\/\"},\"sameAs\":[\"https:\/\/www.facebook.com\/iberculturaviva\/\",\"https:\/\/www.instagram.com\/iberculturaviva\/\",\"https:\/\/www.youtube.com\/iberculturaviva\"]},{\"@type\":\"Person\",\"@id\":\"https:\/\/iberculturaviva.org\/es\/?lang=es\/#\/schema\/person\/5d1313b072cc25536e0431522f740b59\",\"name\":\"IberCultura\",\"image\":{\"@type\":\"ImageObject\",\"inLanguage\":\"es\",\"@id\":\"https:\/\/iberculturaviva.org\/es\/?lang=es\/#\/schema\/person\/image\/\",\"url\":\"https:\/\/secure.gravatar.com\/avatar\/79f1a057cb125cbefb3765d0356d52fc7f3bba3a35e2cf22bc4de090bb7aef70?s=96&d=mm&r=g\",\"contentUrl\":\"https:\/\/secure.gravatar.com\/avatar\/79f1a057cb125cbefb3765d0356d52fc7f3bba3a35e2cf22bc4de090bb7aef70?s=96&d=mm&r=g\",\"caption\":\"IberCultura\"}}]}<\/script>\n<!-- \/ Yoast SEO plugin. -->","yoast_head_json":{"title":"En Chile, Diploma para OCC de la Regi\u00f3n de Los R\u00edos inicia con di\u00e1logo sobre Cultura Viva - IberCultura Viva","description":"En Chile, Diploma para OCC de la Regi\u00f3n de Los R\u00edos inicia con di\u00e1logo sobre Cultura Viva - IberCultura Viva","robots":{"index":"index","follow":"follow","max-snippet":"max-snippet:-1","max-image-preview":"max-image-preview:large","max-video-preview":"max-video-preview:-1"},"canonical":"https:\/\/iberculturaviva.org\/es\/en-chile-diploma-para-occ-de-la-region-de-los-rios-inicia-con-dialogo-sobre-cultura-viva\/","og_locale":"es_ES","og_type":"article","og_title":"En Chile, Diploma para OCC de la Regi\u00f3n de Los R\u00edos inicia con di\u00e1logo sobre Cultura Viva - IberCultura Viva","og_description":"En Chile, Diploma para OCC de la Regi\u00f3n de Los R\u00edos inicia con di\u00e1logo sobre Cultura Viva - IberCultura Viva","og_url":"https:\/\/iberculturaviva.org\/es\/en-chile-diploma-para-occ-de-la-region-de-los-rios-inicia-con-dialogo-sobre-cultura-viva\/","og_site_name":"IberCultura Viva","article_publisher":"https:\/\/www.facebook.com\/iberculturaviva\/","article_published_time":"2021-10-25T15:01:00+00:00","article_modified_time":"2021-10-29T01:08:54+00:00","og_image":[{"url":"https:\/\/iberculturaviva.org\/wp-content\/uploads\/2021\/10\/los-rios-2022-960x559.jpg","type":"","width":"","height":""}],"author":"IberCultura","twitter_card":"summary_large_image","twitter_misc":{"Escrito por":"IberCultura","Tiempo de lectura":"6 minutos"},"schema":{"@context":"https:\/\/schema.org","@graph":[{"@type":"Article","@id":"https:\/\/iberculturaviva.org\/es\/en-chile-diploma-para-occ-de-la-region-de-los-rios-inicia-con-dialogo-sobre-cultura-viva\/#article","isPartOf":{"@id":"https:\/\/iberculturaviva.org\/es\/en-chile-diploma-para-occ-de-la-region-de-los-rios-inicia-con-dialogo-sobre-cultura-viva\/"},"author":{"name":"IberCultura","@id":"https:\/\/iberculturaviva.org\/es\/?lang=es\/#\/schema\/person\/5d1313b072cc25536e0431522f740b59"},"headline":"En Chile, Diploma para OCC de la Regi\u00f3n de Los R\u00edos inicia con di\u00e1logo sobre Cultura Viva","datePublished":"2021-10-25T15:01:00+00:00","dateModified":"2021-10-29T01:08:54+00:00","mainEntityOfPage":{"@id":"https:\/\/iberculturaviva.org\/es\/en-chile-diploma-para-occ-de-la-region-de-los-rios-inicia-con-dialogo-sobre-cultura-viva\/"},"wordCount":1390,"publisher":{"@id":"https:\/\/iberculturaviva.org\/es\/?lang=es\/#organization"},"image":{"@id":"https:\/\/iberculturaviva.org\/es\/en-chile-diploma-para-occ-de-la-region-de-los-rios-inicia-con-dialogo-sobre-cultura-viva\/#primaryimage"},"thumbnailUrl":"https:\/\/iberculturaviva.org\/wp-content\/uploads\/2021\/10\/los-rios-2022-960x559.jpg","keywords":["Chile","Los R\u00edos","OCC"],"articleSection":["Noticias"],"inLanguage":"es"},{"@type":"WebPage","@id":"https:\/\/iberculturaviva.org\/es\/en-chile-diploma-para-occ-de-la-region-de-los-rios-inicia-con-dialogo-sobre-cultura-viva\/","url":"https:\/\/iberculturaviva.org\/es\/en-chile-diploma-para-occ-de-la-region-de-los-rios-inicia-con-dialogo-sobre-cultura-viva\/","name":"En Chile, Diploma para OCC de la Regi\u00f3n de Los R\u00edos inicia con di\u00e1logo sobre Cultura Viva - IberCultura Viva","isPartOf":{"@id":"https:\/\/iberculturaviva.org\/es\/?lang=es\/#website"},"primaryImageOfPage":{"@id":"https:\/\/iberculturaviva.org\/es\/en-chile-diploma-para-occ-de-la-region-de-los-rios-inicia-con-dialogo-sobre-cultura-viva\/#primaryimage"},"image":{"@id":"https:\/\/iberculturaviva.org\/es\/en-chile-diploma-para-occ-de-la-region-de-los-rios-inicia-con-dialogo-sobre-cultura-viva\/#primaryimage"},"thumbnailUrl":"https:\/\/iberculturaviva.org\/wp-content\/uploads\/2021\/10\/los-rios-2022-960x559.jpg","datePublished":"2021-10-25T15:01:00+00:00","dateModified":"2021-10-29T01:08:54+00:00","description":"En Chile, Diploma para OCC de la Regi\u00f3n de Los R\u00edos inicia con di\u00e1logo sobre Cultura Viva - IberCultura Viva","breadcrumb":{"@id":"https:\/\/iberculturaviva.org\/es\/en-chile-diploma-para-occ-de-la-region-de-los-rios-inicia-con-dialogo-sobre-cultura-viva\/#breadcrumb"},"inLanguage":"es","potentialAction":[{"@type":"ReadAction","target":["https:\/\/iberculturaviva.org\/es\/en-chile-diploma-para-occ-de-la-region-de-los-rios-inicia-con-dialogo-sobre-cultura-viva\/"]}]},{"@type":"ImageObject","inLanguage":"es","@id":"https:\/\/iberculturaviva.org\/es\/en-chile-diploma-para-occ-de-la-region-de-los-rios-inicia-con-dialogo-sobre-cultura-viva\/#primaryimage","url":"https:\/\/iberculturaviva.org\/wp-content\/uploads\/2021\/10\/los-rios-2022-960x559.jpg","contentUrl":"https:\/\/iberculturaviva.org\/wp-content\/uploads\/2021\/10\/los-rios-2022-960x559.jpg"},{"@type":"BreadcrumbList","@id":"https:\/\/iberculturaviva.org\/es\/en-chile-diploma-para-occ-de-la-region-de-los-rios-inicia-con-dialogo-sobre-cultura-viva\/#breadcrumb","itemListElement":[{"@type":"ListItem","position":1,"name":"In\u00edcio","item":"https:\/\/iberculturaviva.org\/es\/inicio\/"},{"@type":"ListItem","position":2,"name":"En Chile, Diploma para OCC de la Regi\u00f3n de Los R\u00edos inicia con di\u00e1logo sobre Cultura Viva"}]},{"@type":"WebSite","@id":"https:\/\/iberculturaviva.org\/es\/?lang=es\/#website","url":"https:\/\/iberculturaviva.org\/es\/?lang=es\/","name":"IberCultura Viva","description":"Programa de cooperaci\u00f3n cultural","publisher":{"@id":"https:\/\/iberculturaviva.org\/es\/?lang=es\/#organization"},"potentialAction":[{"@type":"SearchAction","target":{"@type":"EntryPoint","urlTemplate":"https:\/\/iberculturaviva.org\/es\/?lang=es\/?s={search_term_string}"},"query-input":{"@type":"PropertyValueSpecification","valueRequired":true,"valueName":"search_term_string"}}],"inLanguage":"es"},{"@type":"Organization","@id":"https:\/\/iberculturaviva.org\/es\/?lang=es\/#organization","name":"Iberculturaviva","url":"https:\/\/iberculturaviva.org\/es\/?lang=es\/","logo":{"@type":"ImageObject","inLanguage":"es","@id":"https:\/\/iberculturaviva.org\/es\/?lang=es\/#\/schema\/logo\/image\/","url":"https:\/\/iberculturaviva.org\/wp-content\/uploads\/2021\/08\/logo_ibercultura_viva.jpg","contentUrl":"https:\/\/iberculturaviva.org\/wp-content\/uploads\/2021\/08\/logo_ibercultura_viva.jpg","width":708,"height":223,"caption":"Iberculturaviva"},"image":{"@id":"https:\/\/iberculturaviva.org\/es\/?lang=es\/#\/schema\/logo\/image\/"},"sameAs":["https:\/\/www.facebook.com\/iberculturaviva\/","https:\/\/www.instagram.com\/iberculturaviva\/","https:\/\/www.youtube.com\/iberculturaviva"]},{"@type":"Person","@id":"https:\/\/iberculturaviva.org\/es\/?lang=es\/#\/schema\/person\/5d1313b072cc25536e0431522f740b59","name":"IberCultura","image":{"@type":"ImageObject","inLanguage":"es","@id":"https:\/\/iberculturaviva.org\/es\/?lang=es\/#\/schema\/person\/image\/","url":"https:\/\/secure.gravatar.com\/avatar\/79f1a057cb125cbefb3765d0356d52fc7f3bba3a35e2cf22bc4de090bb7aef70?s=96&d=mm&r=g","contentUrl":"https:\/\/secure.gravatar.com\/avatar\/79f1a057cb125cbefb3765d0356d52fc7f3bba3a35e2cf22bc4de090bb7aef70?s=96&d=mm&r=g","caption":"IberCultura"}}]}},"main_category":{"link":"https:\/\/iberculturaviva.org\/es\/category\/noticias-es\/","name":"Noticias","slug":"noticias-es"},"_links":{"self":[{"href":"https:\/\/iberculturaviva.org\/es\/wp-json\/wp\/v2\/posts\/25282","targetHints":{"allow":["GET"]}}],"collection":[{"href":"https:\/\/iberculturaviva.org\/es\/wp-json\/wp\/v2\/posts"}],"about":[{"href":"https:\/\/iberculturaviva.org\/es\/wp-json\/wp\/v2\/types\/post"}],"author":[{"embeddable":true,"href":"https:\/\/iberculturaviva.org\/es\/wp-json\/wp\/v2\/users\/2"}],"replies":[{"embeddable":true,"href":"https:\/\/iberculturaviva.org\/es\/wp-json\/wp\/v2\/comments?post=25282"}],"version-history":[{"count":2,"href":"https:\/\/iberculturaviva.org\/es\/wp-json\/wp\/v2\/posts\/25282\/revisions"}],"predecessor-version":[{"id":25286,"href":"https:\/\/iberculturaviva.org\/es\/wp-json\/wp\/v2\/posts\/25282\/revisions\/25286"}],"wp:attachment":[{"href":"https:\/\/iberculturaviva.org\/es\/wp-json\/wp\/v2\/media?parent=25282"}],"wp:term":[{"taxonomy":"category","embeddable":true,"href":"https:\/\/iberculturaviva.org\/es\/wp-json\/wp\/v2\/categories?post=25282"},{"taxonomy":"post_tag","embeddable":true,"href":"https:\/\/iberculturaviva.org\/es\/wp-json\/wp\/v2\/tags?post=25282"},{"taxonomy":"country-municipality","embeddable":true,"href":"https:\/\/iberculturaviva.org\/es\/wp-json\/wp\/v2\/country-municipality?post=25282"}],"curies":[{"name":"wp","href":"https:\/\/api.w.org\/{rel}","templated":true}]}}