{"id":24906,"date":"2021-09-27T12:31:04","date_gmt":"2021-09-27T15:31:04","guid":{"rendered":"https:\/\/iberculturaviva.org\/?p=24906"},"modified":"2021-09-27T13:37:21","modified_gmt":"2021-09-27T16:37:21","slug":"comienza-en-chile-el-tercer-encuentro-nacional-de-organizaciones-culturales-comunitarias","status":"publish","type":"post","link":"https:\/\/iberculturaviva.org\/es\/comienza-en-chile-el-tercer-encuentro-nacional-de-organizaciones-culturales-comunitarias\/","title":{"rendered":"Comienza en Chile el Tercer Encuentro Nacional de Organizaciones Culturales Comunitarias"},"content":{"rendered":"<p style=\"text-align: justify;\"><span style=\"font-weight: 400;\">El Tercer Encuentro Nacional de Organizaciones Culturales Comunitarias de Chile (ENOCC 2021) se realizar\u00e1 excepcionalmente en formato virtual a partir de este lunes 27 de septiembre. Las actividades por videoconferencia siguen hasta el s\u00e1bado 2 de octubre y est\u00e1n abiertas a todas las personas interesadas en la cultura comunitaria, con previa inscripci\u00f3n y transmisi\u00f3n por la <a href=\"https:\/\/www.facebook.com\/enocc2021\/\">p\u00e1gina de Facebook del evento<\/a>.<\/span><\/p>\n<p style=\"text-align: justify;\"><span style=\"font-weight: 400;\">Esta tercera versi\u00f3n se ha planteado como prop\u00f3sito generar un espacio colaborativo de reconocimiento y valorizaci\u00f3n de la cultura comunitaria, a trav\u00e9s del encuentro, reflexi\u00f3n, difusi\u00f3n y aprendizaje desde la dimensi\u00f3n p\u00fablica y comunitaria, como parte de las instancias de difusi\u00f3n de sus pr\u00e1cticas y acciones desde la cultura y las artes, en los territorios.<\/span><\/p>\n<p style=\"text-align: justify;\"><span style=\"font-weight: 400;\">En el marco ENOCC 2021 se desarrollar\u00e1n espacios de conversaci\u00f3n entre organizaciones e invitados\/as, nacionales e internacionales. Adem\u00e1s de los y las representantes de las Mesas Regionales de OCCs<\/span> <span style=\"font-weight: 400;\">desplegadas a lo largo del pa\u00eds, que estar\u00e1n presentes en todas las charlas programadas, estos espacios contar\u00e1n con la participaci\u00f3n de invitados como el soci\u00f3logo <\/span><span style=\"font-weight: 400;\">Tom\u00e1s Peters (Instituto de la Comunicaci\u00f3n e Imagen, Universidad de Chile) y el historiador y escritor C\u00e9lio Turino, uno de los creadores del programa Cultura Viva en Brasil.<\/span><\/p>\n<p style=\"text-align: justify;\"><span style=\"font-weight: 400;\">Peters participar\u00e1 en \u00abConversaciones sobre pol\u00edticas culturales comunitarias\u00bb, este lunes, de las 18:00 a las 20:00 horas (horario de Chile). Ma\u00f1ana (28\/09), en el mismo horario, la diputada Jandira Feghali, autora del proyecto de la Ley Cultura Viva de Brasil, aprobado en 2014, ser\u00e1 una de las invitadas de \u201cConversaciones sobre legislaci\u00f3n para la cultura comunitaria\u201d. El mi\u00e9rcoles 29\/09, Turino estar\u00e1 en \u201cConversaciones sobre el financiamiento y la colaboraci\u00f3n en la cultura comunitaria\u201d.<\/span><\/p>\n<p>.<\/p>\n<h4><b>Encuentros anteriores<\/b><\/h4>\n<p style=\"text-align: justify;\"><span style=\"font-weight: 400;\">Anteriormente, se han realizado dos encuentros nacionales en formato presencial, experiencias que han aportado a las tem\u00e1ticas del Tercer Encuentro Nacional de OCC. El<\/span><a href=\"https:\/\/www.cultura.gob.cl\/enocc\/encuentro-2018\/\"><span style=\"font-weight: 400;\"> primer encuentro (2018)<\/span><\/a><span style=\"font-weight: 400;\"> se realiz\u00f3 en la localidad de Mantagua, comuna de Conc\u00f3n, Regi\u00f3n de Valpara\u00edso, en donde se ratific\u00f3 la necesidad de \u201cpropiciar encuentros entre organizaciones, de visibilizar y financiar el trabajo comunitario\u201d.\u00a0<\/span><\/p>\n<p style=\"text-align: justify;\"><span style=\"font-weight: 400;\">En el <\/span><a href=\"https:\/\/www.cultura.gob.cl\/enocc\/encuentro-2019\/\"><span style=\"font-weight: 400;\">segundo encuentro (2019)<\/span><\/a><span style=\"font-weight: 400;\">, desarrollado en la localidad de El Molle, comuna de Vicu\u00f1a, Regi\u00f3n de Coquimbo, se demand\u00f3 \u201cmayor participaci\u00f3n en acciones y programas orientados a la cultura comunitaria, y fuentes de financiamiento disponibles y acordes a las necesidades de las Organizaciones Culturales\u201d.\u00a0<\/span><\/p>\n<p><span style=\"font-weight: 400;\">.<\/span><\/p>\n<p><a href=\"https:\/\/www.cultura.gob.cl\/enocc\/programa\/\"><span style=\"font-weight: 400;\">Revisa la programaci\u00f3n del ENOCC 2021<\/span><\/a><\/p>\n<p>.<\/p>\n<p><strong>M\u00e1s informaci\u00f3n<\/strong><span style=\"font-weight: 400;\">: <\/span><a href=\"http:\/\/www.cultura.gob.cl\/enocc\/\"><span style=\"font-weight: 400;\">www.cultura.gob.cl\/enocc\/<\/span><\/a><\/p>\n<p><strong>Consultas<\/strong><span style=\"font-weight: 400;\">: <\/span><a href=\"mailto:redcultura@cultura.gob.cl\"><span style=\"font-weight: 400;\">redcultura@cultura.gob.cl<\/span><\/a><\/p>\n<p>.<\/p>\n<h4><strong>Fuente: Ministerio de las Culturas, las Artes y el Patrimonio<\/strong><\/h4>\n","protected":false},"excerpt":{"rendered":"<p>El Tercer Encuentro Nacional de Organizaciones Culturales Comunitarias de Chile (ENOCC 2021) se realizar\u00e1 excepcionalmente en formato virtual a partir de este lunes 27 de septiembre. Las actividades por videoconferencia [&hellip;]<\/p>\n","protected":false},"author":2,"featured_media":24907,"comment_status":"closed","ping_status":"closed","sticky":false,"template":"","format":"standard","meta":{"_coblocks_attr":"","_coblocks_dimensions":"","_coblocks_responsive_height":"","_coblocks_accordion_ie_support":"","_EventAllDay":false,"_EventTimezone":"","_EventStartDate":"","_EventEndDate":"","_EventStartDateUTC":"","_EventEndDateUTC":"","_EventShowMap":false,"_EventShowMapLink":false,"_EventURL":"","_EventCost":"","_EventCostDescription":"","_EventCurrencySymbol":"","_EventCurrencyCode":"","_EventCurrencyPosition":"","_EventDateTimeSeparator":"","_EventTimeRangeSeparator":"","_EventOrganizerID":[],"_EventVenueID":[],"_OrganizerEmail":"","_OrganizerPhone":"","_OrganizerWebsite":"","_VenueAddress":"","_VenueCity":"","_VenueCountry":"","_VenueProvince":"","_VenueState":"","_VenueZip":"","_VenuePhone":"","_VenueURL":"","_VenueStateProvince":"","_VenueLat":"","_VenueLng":"","_VenueShowMap":false,"_VenueShowMapLink":false,"footnotes":""},"categories":[262],"tags":[302,335,306],"country-municipality":[],"class_list":["post-24906","post","type-post","status-publish","format-standard","has-post-thumbnail","hentry","category-noticias-es","tag-chile-3","tag-mesa-regional","tag-occ-2"],"yoast_head":"<!-- This site is optimized with the Yoast SEO plugin v25.7 - https:\/\/yoast.com\/wordpress\/plugins\/seo\/ -->\n<title>Comienza en Chile el Tercer Encuentro Nacional de Organizaciones Culturales Comunitarias - IberCultura Viva<\/title>\n<meta name=\"description\" content=\"Comienza en Chile el Tercer Encuentro Nacional de Organizaciones Culturales Comunitarias - IberCultura Viva\" \/>\n<meta name=\"robots\" content=\"index, follow, max-snippet:-1, max-image-preview:large, max-video-preview:-1\" \/>\n<link rel=\"canonical\" href=\"https:\/\/iberculturaviva.org\/es\/comienza-en-chile-el-tercer-encuentro-nacional-de-organizaciones-culturales-comunitarias\/\" \/>\n<meta property=\"og:locale\" content=\"es_ES\" \/>\n<meta property=\"og:type\" content=\"article\" \/>\n<meta property=\"og:title\" content=\"Comienza en Chile el Tercer Encuentro Nacional de Organizaciones Culturales Comunitarias - IberCultura Viva\" \/>\n<meta property=\"og:description\" content=\"Comienza en Chile el Tercer Encuentro Nacional de Organizaciones Culturales Comunitarias - IberCultura Viva\" \/>\n<meta property=\"og:url\" content=\"https:\/\/iberculturaviva.org\/es\/comienza-en-chile-el-tercer-encuentro-nacional-de-organizaciones-culturales-comunitarias\/\" \/>\n<meta property=\"og:site_name\" content=\"IberCultura Viva\" \/>\n<meta property=\"article:publisher\" content=\"https:\/\/www.facebook.com\/iberculturaviva\/\" \/>\n<meta property=\"article:published_time\" content=\"2021-09-27T15:31:04+00:00\" \/>\n<meta property=\"article:modified_time\" content=\"2021-09-27T16:37:21+00:00\" \/>\n<meta property=\"og:image\" content=\"https:\/\/iberculturaviva.org\/wp-content\/uploads\/2021\/09\/241362496_245420524038793_541824851021005930_n.png\" \/>\n\t<meta property=\"og:image:width\" content=\"1916\" \/>\n\t<meta property=\"og:image:height\" content=\"960\" \/>\n\t<meta property=\"og:image:type\" content=\"image\/png\" \/>\n<meta name=\"author\" content=\"IberCultura\" \/>\n<meta name=\"twitter:card\" content=\"summary_large_image\" \/>\n<meta name=\"twitter:label1\" content=\"Escrito por\" \/>\n\t<meta name=\"twitter:data1\" content=\"IberCultura\" \/>\n\t<meta name=\"twitter:label2\" content=\"Tiempo de lectura\" \/>\n\t<meta name=\"twitter:data2\" content=\"2 minutos\" \/>\n<script type=\"application\/ld+json\" class=\"yoast-schema-graph\">{\"@context\":\"https:\/\/schema.org\",\"@graph\":[{\"@type\":\"Article\",\"@id\":\"https:\/\/iberculturaviva.org\/es\/comienza-en-chile-el-tercer-encuentro-nacional-de-organizaciones-culturales-comunitarias\/#article\",\"isPartOf\":{\"@id\":\"https:\/\/iberculturaviva.org\/es\/comienza-en-chile-el-tercer-encuentro-nacional-de-organizaciones-culturales-comunitarias\/\"},\"author\":{\"name\":\"IberCultura\",\"@id\":\"https:\/\/iberculturaviva.org\/es\/?lang=es\/#\/schema\/person\/5d1313b072cc25536e0431522f740b59\"},\"headline\":\"Comienza en Chile el Tercer Encuentro Nacional de Organizaciones Culturales Comunitarias\",\"datePublished\":\"2021-09-27T15:31:04+00:00\",\"dateModified\":\"2021-09-27T16:37:21+00:00\",\"mainEntityOfPage\":{\"@id\":\"https:\/\/iberculturaviva.org\/es\/comienza-en-chile-el-tercer-encuentro-nacional-de-organizaciones-culturales-comunitarias\/\"},\"wordCount\":445,\"publisher\":{\"@id\":\"https:\/\/iberculturaviva.org\/es\/?lang=es\/#organization\"},\"image\":{\"@id\":\"https:\/\/iberculturaviva.org\/es\/comienza-en-chile-el-tercer-encuentro-nacional-de-organizaciones-culturales-comunitarias\/#primaryimage\"},\"thumbnailUrl\":\"https:\/\/iberculturaviva.org\/wp-content\/uploads\/2021\/09\/241362496_245420524038793_541824851021005930_n.png\",\"keywords\":[\"Chile\",\"Mesa Regional\",\"OCC\"],\"articleSection\":[\"Noticias\"],\"inLanguage\":\"es\"},{\"@type\":\"WebPage\",\"@id\":\"https:\/\/iberculturaviva.org\/es\/comienza-en-chile-el-tercer-encuentro-nacional-de-organizaciones-culturales-comunitarias\/\",\"url\":\"https:\/\/iberculturaviva.org\/es\/comienza-en-chile-el-tercer-encuentro-nacional-de-organizaciones-culturales-comunitarias\/\",\"name\":\"Comienza en Chile el Tercer Encuentro Nacional de Organizaciones Culturales Comunitarias - IberCultura Viva\",\"isPartOf\":{\"@id\":\"https:\/\/iberculturaviva.org\/es\/?lang=es\/#website\"},\"primaryImageOfPage\":{\"@id\":\"https:\/\/iberculturaviva.org\/es\/comienza-en-chile-el-tercer-encuentro-nacional-de-organizaciones-culturales-comunitarias\/#primaryimage\"},\"image\":{\"@id\":\"https:\/\/iberculturaviva.org\/es\/comienza-en-chile-el-tercer-encuentro-nacional-de-organizaciones-culturales-comunitarias\/#primaryimage\"},\"thumbnailUrl\":\"https:\/\/iberculturaviva.org\/wp-content\/uploads\/2021\/09\/241362496_245420524038793_541824851021005930_n.png\",\"datePublished\":\"2021-09-27T15:31:04+00:00\",\"dateModified\":\"2021-09-27T16:37:21+00:00\",\"description\":\"Comienza en Chile el Tercer Encuentro Nacional de Organizaciones Culturales Comunitarias - IberCultura Viva\",\"breadcrumb\":{\"@id\":\"https:\/\/iberculturaviva.org\/es\/comienza-en-chile-el-tercer-encuentro-nacional-de-organizaciones-culturales-comunitarias\/#breadcrumb\"},\"inLanguage\":\"es\",\"potentialAction\":[{\"@type\":\"ReadAction\",\"target\":[\"https:\/\/iberculturaviva.org\/es\/comienza-en-chile-el-tercer-encuentro-nacional-de-organizaciones-culturales-comunitarias\/\"]}]},{\"@type\":\"ImageObject\",\"inLanguage\":\"es\",\"@id\":\"https:\/\/iberculturaviva.org\/es\/comienza-en-chile-el-tercer-encuentro-nacional-de-organizaciones-culturales-comunitarias\/#primaryimage\",\"url\":\"https:\/\/iberculturaviva.org\/wp-content\/uploads\/2021\/09\/241362496_245420524038793_541824851021005930_n.png\",\"contentUrl\":\"https:\/\/iberculturaviva.org\/wp-content\/uploads\/2021\/09\/241362496_245420524038793_541824851021005930_n.png\",\"width\":1916,\"height\":960},{\"@type\":\"BreadcrumbList\",\"@id\":\"https:\/\/iberculturaviva.org\/es\/comienza-en-chile-el-tercer-encuentro-nacional-de-organizaciones-culturales-comunitarias\/#breadcrumb\",\"itemListElement\":[{\"@type\":\"ListItem\",\"position\":1,\"name\":\"In\u00edcio\",\"item\":\"https:\/\/iberculturaviva.org\/es\/inicio\/\"},{\"@type\":\"ListItem\",\"position\":2,\"name\":\"Comienza en Chile el Tercer Encuentro Nacional de Organizaciones Culturales Comunitarias\"}]},{\"@type\":\"WebSite\",\"@id\":\"https:\/\/iberculturaviva.org\/es\/?lang=es\/#website\",\"url\":\"https:\/\/iberculturaviva.org\/es\/?lang=es\/\",\"name\":\"IberCultura Viva\",\"description\":\"Programa de cooperaci\u00f3n cultural\",\"publisher\":{\"@id\":\"https:\/\/iberculturaviva.org\/es\/?lang=es\/#organization\"},\"potentialAction\":[{\"@type\":\"SearchAction\",\"target\":{\"@type\":\"EntryPoint\",\"urlTemplate\":\"https:\/\/iberculturaviva.org\/es\/?lang=es\/?s={search_term_string}\"},\"query-input\":{\"@type\":\"PropertyValueSpecification\",\"valueRequired\":true,\"valueName\":\"search_term_string\"}}],\"inLanguage\":\"es\"},{\"@type\":\"Organization\",\"@id\":\"https:\/\/iberculturaviva.org\/es\/?lang=es\/#organization\",\"name\":\"Iberculturaviva\",\"url\":\"https:\/\/iberculturaviva.org\/es\/?lang=es\/\",\"logo\":{\"@type\":\"ImageObject\",\"inLanguage\":\"es\",\"@id\":\"https:\/\/iberculturaviva.org\/es\/?lang=es\/#\/schema\/logo\/image\/\",\"url\":\"https:\/\/iberculturaviva.org\/wp-content\/uploads\/2021\/08\/logo_ibercultura_viva.jpg\",\"contentUrl\":\"https:\/\/iberculturaviva.org\/wp-content\/uploads\/2021\/08\/logo_ibercultura_viva.jpg\",\"width\":708,\"height\":223,\"caption\":\"Iberculturaviva\"},\"image\":{\"@id\":\"https:\/\/iberculturaviva.org\/es\/?lang=es\/#\/schema\/logo\/image\/\"},\"sameAs\":[\"https:\/\/www.facebook.com\/iberculturaviva\/\",\"https:\/\/www.instagram.com\/iberculturaviva\/\",\"https:\/\/www.youtube.com\/iberculturaviva\"]},{\"@type\":\"Person\",\"@id\":\"https:\/\/iberculturaviva.org\/es\/?lang=es\/#\/schema\/person\/5d1313b072cc25536e0431522f740b59\",\"name\":\"IberCultura\",\"image\":{\"@type\":\"ImageObject\",\"inLanguage\":\"es\",\"@id\":\"https:\/\/iberculturaviva.org\/es\/?lang=es\/#\/schema\/person\/image\/\",\"url\":\"https:\/\/secure.gravatar.com\/avatar\/79f1a057cb125cbefb3765d0356d52fc7f3bba3a35e2cf22bc4de090bb7aef70?s=96&d=mm&r=g\",\"contentUrl\":\"https:\/\/secure.gravatar.com\/avatar\/79f1a057cb125cbefb3765d0356d52fc7f3bba3a35e2cf22bc4de090bb7aef70?s=96&d=mm&r=g\",\"caption\":\"IberCultura\"}}]}<\/script>\n<!-- \/ Yoast SEO plugin. -->","yoast_head_json":{"title":"Comienza en Chile el Tercer Encuentro Nacional de Organizaciones Culturales Comunitarias - IberCultura Viva","description":"Comienza en Chile el Tercer Encuentro Nacional de Organizaciones Culturales Comunitarias - IberCultura Viva","robots":{"index":"index","follow":"follow","max-snippet":"max-snippet:-1","max-image-preview":"max-image-preview:large","max-video-preview":"max-video-preview:-1"},"canonical":"https:\/\/iberculturaviva.org\/es\/comienza-en-chile-el-tercer-encuentro-nacional-de-organizaciones-culturales-comunitarias\/","og_locale":"es_ES","og_type":"article","og_title":"Comienza en Chile el Tercer Encuentro Nacional de Organizaciones Culturales Comunitarias - IberCultura Viva","og_description":"Comienza en Chile el Tercer Encuentro Nacional de Organizaciones Culturales Comunitarias - IberCultura Viva","og_url":"https:\/\/iberculturaviva.org\/es\/comienza-en-chile-el-tercer-encuentro-nacional-de-organizaciones-culturales-comunitarias\/","og_site_name":"IberCultura Viva","article_publisher":"https:\/\/www.facebook.com\/iberculturaviva\/","article_published_time":"2021-09-27T15:31:04+00:00","article_modified_time":"2021-09-27T16:37:21+00:00","og_image":[{"width":1916,"height":960,"url":"https:\/\/iberculturaviva.org\/wp-content\/uploads\/2021\/09\/241362496_245420524038793_541824851021005930_n.png","type":"image\/png"}],"author":"IberCultura","twitter_card":"summary_large_image","twitter_misc":{"Escrito por":"IberCultura","Tiempo de lectura":"2 minutos"},"schema":{"@context":"https:\/\/schema.org","@graph":[{"@type":"Article","@id":"https:\/\/iberculturaviva.org\/es\/comienza-en-chile-el-tercer-encuentro-nacional-de-organizaciones-culturales-comunitarias\/#article","isPartOf":{"@id":"https:\/\/iberculturaviva.org\/es\/comienza-en-chile-el-tercer-encuentro-nacional-de-organizaciones-culturales-comunitarias\/"},"author":{"name":"IberCultura","@id":"https:\/\/iberculturaviva.org\/es\/?lang=es\/#\/schema\/person\/5d1313b072cc25536e0431522f740b59"},"headline":"Comienza en Chile el Tercer Encuentro Nacional de Organizaciones Culturales Comunitarias","datePublished":"2021-09-27T15:31:04+00:00","dateModified":"2021-09-27T16:37:21+00:00","mainEntityOfPage":{"@id":"https:\/\/iberculturaviva.org\/es\/comienza-en-chile-el-tercer-encuentro-nacional-de-organizaciones-culturales-comunitarias\/"},"wordCount":445,"publisher":{"@id":"https:\/\/iberculturaviva.org\/es\/?lang=es\/#organization"},"image":{"@id":"https:\/\/iberculturaviva.org\/es\/comienza-en-chile-el-tercer-encuentro-nacional-de-organizaciones-culturales-comunitarias\/#primaryimage"},"thumbnailUrl":"https:\/\/iberculturaviva.org\/wp-content\/uploads\/2021\/09\/241362496_245420524038793_541824851021005930_n.png","keywords":["Chile","Mesa Regional","OCC"],"articleSection":["Noticias"],"inLanguage":"es"},{"@type":"WebPage","@id":"https:\/\/iberculturaviva.org\/es\/comienza-en-chile-el-tercer-encuentro-nacional-de-organizaciones-culturales-comunitarias\/","url":"https:\/\/iberculturaviva.org\/es\/comienza-en-chile-el-tercer-encuentro-nacional-de-organizaciones-culturales-comunitarias\/","name":"Comienza en Chile el Tercer Encuentro Nacional de Organizaciones Culturales Comunitarias - IberCultura Viva","isPartOf":{"@id":"https:\/\/iberculturaviva.org\/es\/?lang=es\/#website"},"primaryImageOfPage":{"@id":"https:\/\/iberculturaviva.org\/es\/comienza-en-chile-el-tercer-encuentro-nacional-de-organizaciones-culturales-comunitarias\/#primaryimage"},"image":{"@id":"https:\/\/iberculturaviva.org\/es\/comienza-en-chile-el-tercer-encuentro-nacional-de-organizaciones-culturales-comunitarias\/#primaryimage"},"thumbnailUrl":"https:\/\/iberculturaviva.org\/wp-content\/uploads\/2021\/09\/241362496_245420524038793_541824851021005930_n.png","datePublished":"2021-09-27T15:31:04+00:00","dateModified":"2021-09-27T16:37:21+00:00","description":"Comienza en Chile el Tercer Encuentro Nacional de Organizaciones Culturales Comunitarias - IberCultura Viva","breadcrumb":{"@id":"https:\/\/iberculturaviva.org\/es\/comienza-en-chile-el-tercer-encuentro-nacional-de-organizaciones-culturales-comunitarias\/#breadcrumb"},"inLanguage":"es","potentialAction":[{"@type":"ReadAction","target":["https:\/\/iberculturaviva.org\/es\/comienza-en-chile-el-tercer-encuentro-nacional-de-organizaciones-culturales-comunitarias\/"]}]},{"@type":"ImageObject","inLanguage":"es","@id":"https:\/\/iberculturaviva.org\/es\/comienza-en-chile-el-tercer-encuentro-nacional-de-organizaciones-culturales-comunitarias\/#primaryimage","url":"https:\/\/iberculturaviva.org\/wp-content\/uploads\/2021\/09\/241362496_245420524038793_541824851021005930_n.png","contentUrl":"https:\/\/iberculturaviva.org\/wp-content\/uploads\/2021\/09\/241362496_245420524038793_541824851021005930_n.png","width":1916,"height":960},{"@type":"BreadcrumbList","@id":"https:\/\/iberculturaviva.org\/es\/comienza-en-chile-el-tercer-encuentro-nacional-de-organizaciones-culturales-comunitarias\/#breadcrumb","itemListElement":[{"@type":"ListItem","position":1,"name":"In\u00edcio","item":"https:\/\/iberculturaviva.org\/es\/inicio\/"},{"@type":"ListItem","position":2,"name":"Comienza en Chile el Tercer Encuentro Nacional de Organizaciones Culturales Comunitarias"}]},{"@type":"WebSite","@id":"https:\/\/iberculturaviva.org\/es\/?lang=es\/#website","url":"https:\/\/iberculturaviva.org\/es\/?lang=es\/","name":"IberCultura Viva","description":"Programa de cooperaci\u00f3n cultural","publisher":{"@id":"https:\/\/iberculturaviva.org\/es\/?lang=es\/#organization"},"potentialAction":[{"@type":"SearchAction","target":{"@type":"EntryPoint","urlTemplate":"https:\/\/iberculturaviva.org\/es\/?lang=es\/?s={search_term_string}"},"query-input":{"@type":"PropertyValueSpecification","valueRequired":true,"valueName":"search_term_string"}}],"inLanguage":"es"},{"@type":"Organization","@id":"https:\/\/iberculturaviva.org\/es\/?lang=es\/#organization","name":"Iberculturaviva","url":"https:\/\/iberculturaviva.org\/es\/?lang=es\/","logo":{"@type":"ImageObject","inLanguage":"es","@id":"https:\/\/iberculturaviva.org\/es\/?lang=es\/#\/schema\/logo\/image\/","url":"https:\/\/iberculturaviva.org\/wp-content\/uploads\/2021\/08\/logo_ibercultura_viva.jpg","contentUrl":"https:\/\/iberculturaviva.org\/wp-content\/uploads\/2021\/08\/logo_ibercultura_viva.jpg","width":708,"height":223,"caption":"Iberculturaviva"},"image":{"@id":"https:\/\/iberculturaviva.org\/es\/?lang=es\/#\/schema\/logo\/image\/"},"sameAs":["https:\/\/www.facebook.com\/iberculturaviva\/","https:\/\/www.instagram.com\/iberculturaviva\/","https:\/\/www.youtube.com\/iberculturaviva"]},{"@type":"Person","@id":"https:\/\/iberculturaviva.org\/es\/?lang=es\/#\/schema\/person\/5d1313b072cc25536e0431522f740b59","name":"IberCultura","image":{"@type":"ImageObject","inLanguage":"es","@id":"https:\/\/iberculturaviva.org\/es\/?lang=es\/#\/schema\/person\/image\/","url":"https:\/\/secure.gravatar.com\/avatar\/79f1a057cb125cbefb3765d0356d52fc7f3bba3a35e2cf22bc4de090bb7aef70?s=96&d=mm&r=g","contentUrl":"https:\/\/secure.gravatar.com\/avatar\/79f1a057cb125cbefb3765d0356d52fc7f3bba3a35e2cf22bc4de090bb7aef70?s=96&d=mm&r=g","caption":"IberCultura"}}]}},"main_category":{"link":"https:\/\/iberculturaviva.org\/es\/category\/noticias-es\/","name":"Noticias","slug":"noticias-es"},"_links":{"self":[{"href":"https:\/\/iberculturaviva.org\/es\/wp-json\/wp\/v2\/posts\/24906","targetHints":{"allow":["GET"]}}],"collection":[{"href":"https:\/\/iberculturaviva.org\/es\/wp-json\/wp\/v2\/posts"}],"about":[{"href":"https:\/\/iberculturaviva.org\/es\/wp-json\/wp\/v2\/types\/post"}],"author":[{"embeddable":true,"href":"https:\/\/iberculturaviva.org\/es\/wp-json\/wp\/v2\/users\/2"}],"replies":[{"embeddable":true,"href":"https:\/\/iberculturaviva.org\/es\/wp-json\/wp\/v2\/comments?post=24906"}],"version-history":[{"count":3,"href":"https:\/\/iberculturaviva.org\/es\/wp-json\/wp\/v2\/posts\/24906\/revisions"}],"predecessor-version":[{"id":24911,"href":"https:\/\/iberculturaviva.org\/es\/wp-json\/wp\/v2\/posts\/24906\/revisions\/24911"}],"wp:featuredmedia":[{"embeddable":true,"href":"https:\/\/iberculturaviva.org\/es\/wp-json\/wp\/v2\/media\/24907"}],"wp:attachment":[{"href":"https:\/\/iberculturaviva.org\/es\/wp-json\/wp\/v2\/media?parent=24906"}],"wp:term":[{"taxonomy":"category","embeddable":true,"href":"https:\/\/iberculturaviva.org\/es\/wp-json\/wp\/v2\/categories?post=24906"},{"taxonomy":"post_tag","embeddable":true,"href":"https:\/\/iberculturaviva.org\/es\/wp-json\/wp\/v2\/tags?post=24906"},{"taxonomy":"country-municipality","embeddable":true,"href":"https:\/\/iberculturaviva.org\/es\/wp-json\/wp\/v2\/country-municipality?post=24906"}],"curies":[{"name":"wp","href":"https:\/\/api.w.org\/{rel}","templated":true}]}}