{"id":24849,"date":"2021-09-15T17:07:40","date_gmt":"2021-09-15T20:07:40","guid":{"rendered":"https:\/\/iberculturaviva.org\/?p=24849"},"modified":"2021-10-06T20:56:52","modified_gmt":"2021-10-06T23:56:52","slug":"una-guia-sobre-el-concurso-de-videos-juventudes-y-cultura-comunitaria","status":"publish","type":"post","link":"https:\/\/iberculturaviva.org\/es\/una-guia-sobre-el-concurso-de-videos-juventudes-y-cultura-comunitaria\/","title":{"rendered":"Una gu\u00eda sobre el concurso de videos \u201cJuventudes y cultura comunitaria\u201d"},"content":{"rendered":"<p style=\"text-align: justify;\"><span style=\"font-weight: 400;\">El<\/span><span style=\"font-weight: 400;\"> jueves 30 de septiembre termina el plazo de postulaci\u00f3n del concurso de videos \u201cJuventudes y cultura comunitaria. El protagonismo de los y las j\u00f3venes como agentes de cambio social\u201d. Las personas interesadas deber\u00e1n inscribirse a trav\u00e9s de la plataforma <\/span><a href=\"https:\/\/mapa.iberculturaviva.org\/oportunidade\/173\/\"><span style=\"font-weight: 400;\">Mapa IberCultura Viva<\/span><\/a><span style=\"font-weight: 400;\">.<\/span><\/p>\n<p style=\"text-align: justify;\"><span style=\"font-weight: 400;\">El concurso premiar\u00e1 videos de 1 a 3 minutos de duraci\u00f3n realizados por j\u00f3venes de 18 a 29 a\u00f1os residentes en los pa\u00edses miembros del programa IberCultura Viva. Se entregar\u00e1n 10 premios de US $500 a los cortos que obtengan mayor puntuaci\u00f3n en el proceso de selecci\u00f3n, conforme los criterios establecidos en el reglamento.&nbsp;<\/span><\/p>\n<p style=\"text-align: justify;\"><span style=\"font-weight: 400;\">Con esta convocatoria el programa busca reconocer las acciones que realiza la juventud en los territorios, dando visibilidad a actividades vinculadas, por ejemplo, a Puntos de Cultura, centros culturales, radios comunitarias, asociaciones vecinales o grupos de producci\u00f3n art\u00edstica comunitaria, en las que los y las j\u00f3venes han estado liderando procesos comunitarios como agentes para el cambio social.<\/span><\/p>\n<p style=\"text-align: justify;\"><span style=\"font-weight: 400;\">A continuaci\u00f3n presentamos una gu\u00eda que puede ayudar a realizar su inscripci\u00f3n.<\/span><\/p>\n<p>.<\/p>\n<p><strong><span style=\"color: #ff0000;\">REQUISITOS<\/span><\/strong><\/p>\n<h4><b>\u00bfA qui\u00e9n est\u00e1 dirigida la convocatoria?<\/b><\/h4>\n<h4>&nbsp;<\/h4>\n<p style=\"text-align: justify;\"><span style=\"font-weight: 400;\">Podr\u00e1n inscribirse j\u00f3venes entre 18 y 29 a\u00f1os residentes en los pa\u00edses que forman parte del programa IberCultura Viva: Argentina, Brasil, Chile, Colombia, Costa Rica, Ecuador, El Salvador, Espa\u00f1a, M\u00e9xico, Per\u00fa y Uruguay.&nbsp;<\/span><\/p>\n<p style=\"text-align: justify;\"><span style=\"font-weight: 400;\">La premiaci\u00f3n es individual. En el caso de los videos realizados por m\u00e1s de una persona, se otorgar\u00e1 el premio a la persona identificada en el formulario de inscripci\u00f3n como representante de la obra.<\/span><\/p>\n<p>.<\/p>\n<h4><b>\u00bfQu\u00e9 d<\/b><b>ocumentos se deben completar y\/o enviar?<\/b><\/h4>\n<p style=\"text-align: justify;\">\n<\/p><p style=\"text-align: justify;\"><span style=\"font-weight: 400;\">Adem\u00e1s de rellenar el formulario espec\u00edfico del Concurso de video \u201cJuventudes y cultura comunitaria\u201d que est\u00e1 disponible en el Mapa IberCultura Viva, las personas postulantes deber\u00e1n enviar (adjuntando al formulario) una copia del documento de identidad (hay un bot\u00f3n \u201cEnviar\u201d para subir el archivo a la plataforma) y dos documentos m\u00e1s: el t\u00e9rmino de autor\u00eda y cesi\u00f3n de derechos debidamente firmado, y el consentimiento de las personas que aparecen en el video. La plataforma presenta los modelos de estos documentos para descargar, completar, firmar y enviar de vuelta.<\/span><\/p>\n<p style=\"text-align: justify;\">\n<\/p><p style=\"text-align: justify;\"><span style=\"font-weight: 400;\">En el caso de Ecuador, las personas responsables por la presentaci\u00f3n del video tambi\u00e9n deber\u00e1n presentar su certificado vigente del RUAC (Registro \u00danico de Artistas y Gestores Culturales).<\/span><\/p>\n<p>.<\/p>\n<h4><b>\u00bfC\u00f3mo deben ser los videos que participar\u00e1n en el concurso?<\/b><\/h4>\n<h4>&nbsp;<\/h4>\n<p style=\"text-align: justify;\"><span style=\"font-weight: 400;\">Los videos podr\u00e1n pertenecer a cualquier g\u00e9nero audiovisual (documental, ficci\u00f3n, animaci\u00f3n, experimental, period\u00edstico, entre otros) y deber\u00e1n abordar pr\u00e1cticas o experiencias de trabajo comunitario realizadas por j\u00f3venes, ya sea a trav\u00e9s de colectivos informales u organizaciones culturales comunitarias, pueblos originarios, ind\u00edgenas y\/o afrodescendientes.&nbsp;<\/span><\/p>\n<p style=\"text-align: justify;\"><span style=\"font-weight: 400;\">La duraci\u00f3n m\u00ednima deber\u00e1 ser de 1 minuto y la m\u00e1xima de 3 minutos, incluyendo los cr\u00e9ditos iniciales y finales, que deber\u00e1n contener obligatoriamente el nombre de la persona autora, y en el caso de videos con autor\u00eda colectiva, el nombre de todas las personas participantes y de la persona representante del proyecto.<\/span><\/p>\n<p style=\"text-align: justify;\"><span style=\"font-weight: 400;\">&nbsp;Los videos deber\u00e1n ser in\u00e9ditos en los medios de comunicaci\u00f3n de forma general y no pueden haber sido inscritos en concursos anteriores. En el caso de no utilizar las lenguas espa\u00f1ola o portuguesa, deber\u00e1n acompa\u00f1ar la traducci\u00f3n adjunta al formulario de inscripci\u00f3n.<\/span><\/p>\n<p>.<\/p>\n<p><strong><span style=\"color: #ff0000;\">REGISTRO<\/span><\/strong><\/p>\n<h4><b>\u00bfC\u00f3mo iniciar la inscripci\u00f3n?<\/b><\/h4>\n<p style=\"text-align: justify;\"><span style=\"font-weight: 400;\">Para inscribirse en una convocatoria del programa es necesario registrarse primero como agente cultural en el <\/span><a href=\"https:\/\/mapa.iberculturaviva.org\/\"><span style=\"font-weight: 400;\">Mapa IberCultura Viva<\/span><\/a><span style=\"font-weight: 400;\">. Esta plataforma permite el registro de dos tipos de agentes: individual y colectivo. Por agentes individuales comprendemos las personas f\u00edsicas, y por agentes colectivos, las organizaciones culturales comunitarias, entidades, pueblos originarios, colectivos, agrupaciones e instituciones. En esta convocatoria es obligatorio registrar el perfil de agente individual (la persona f\u00edsica que ser\u00e1 responsable de la inscripci\u00f3n).&nbsp;<\/span><\/p>\n<p style=\"text-align: justify;\"><a href=\"https:\/\/iberculturaviva.org\/wp-content\/uploads\/2015\/05\/mapa-tela4.png\"><img loading=\"lazy\" decoding=\"async\" class=\"aligncenter wp-image-19962 size-large\" src=\"https:\/\/iberculturaviva.org\/wp-content\/uploads\/2015\/05\/mapa-tela4-960x395.png\" alt=\"\" width=\"640\" height=\"263\" srcset=\"https:\/\/iberculturaviva.org\/wp-content\/uploads\/2015\/05\/mapa-tela4-960x395.png 960w, https:\/\/iberculturaviva.org\/wp-content\/uploads\/2015\/05\/mapa-tela4-768x316.png 768w, https:\/\/iberculturaviva.org\/wp-content\/uploads\/2015\/05\/mapa-tela4-125x51.png 125w, https:\/\/iberculturaviva.org\/wp-content\/uploads\/2015\/05\/mapa-tela4-529x217.png 529w, https:\/\/iberculturaviva.org\/wp-content\/uploads\/2015\/05\/mapa-tela4.png 978w\" sizes=\"auto, (max-width: 640px) 100vw, 640px\" \/><\/a><\/p>\n<p style=\"text-align: justify;\"><strong>Atenci\u00f3n:<\/strong><span style=\"font-weight: 400;\"> El sistema s\u00f3lo acepta inscripciones de agentes individuales a las convocatorias. En el caso de que el perfil de la persona postulante est\u00e9 registrado como \u201cagente colectivo\u201d,<\/span><b> es necesario cambiarlo a \u201cindividual\u201d<\/b><span style=\"font-weight: 400;\"> y as\u00ed poder encontrar su nombre en el campo de b\u00fasqueda de la p\u00e1gina inicial del concurso.<\/span><\/p>\n<p><span style=\"font-weight: 400;\">(<\/span><strong>Aqu\u00ed est\u00e1 un instructivo que puede ayudar con el registro en la plataforma<\/strong><span style=\"font-weight: 400;\">:<\/span><a href=\"https:\/\/iberculturaviva.org\/manual\/?lang=es\" target=\"_blank\" rel=\"noopener\"> <span style=\"font-weight: 400;\">https:\/\/iberculturaviva.org\/manual\/?lang=es<\/span><\/a><span style=\"font-weight: 400;\">)<\/span><\/p>\n<p><em>.<\/em><\/p>\n<h4 style=\"text-align: justify;\"><b>Si la persona postulante particip\u00f3 en otra convocatoria IberCultura Viva por medio de esta plataforma, \u00bfdebe registrarse una vez m\u00e1s como agente?<\/b><\/h4>\n<p style=\"text-align: justify;\"><span style=\"font-weight: 400;\">No. Las personas que ya participaron de alguna convocatoria del programa publicada en el Mapa IberCultura Viva o ya completaron su perfil en esta plataforma no necesitan registrarse una vez m\u00e1s como agentes; basta con que ingresen en su perfil para iniciar la inscripci\u00f3n.<\/span><\/p>\n<p style=\"text-align: justify;\"><span style=\"font-weight: 400;\">El campo \u201c<\/span><em><span style=\"font-weight: 400;\">Registrarse<\/span><\/em><span style=\"font-weight: 400;\">\u201d en la p\u00e1gina inicial del Mapa IberCultura Viva se utiliza \u00fanicamente la primera vez. Las veces siguientes es necesario ir a \u201c<\/span><em><span style=\"font-weight: 400;\">Ingresar<\/span><\/em><span style=\"font-weight: 400;\">\u201d para poder acceder a su perfil. <em>(<\/em><\/span><em><span style=\"font-weight: 400;\">Ser\u00e1 necesario cliquear en \u201cEditar\u201d para acceder\/cambiar los datos del registro<\/span><span style=\"font-weight: 400;\">.)<\/span><\/em><\/p>\n<p style=\"text-align: justify;\"><b>Atenci\u00f3n<\/b><span style=\"font-weight: 400;\">: tengan en cuenta que son dos etapas para inscribirse en la convocatoria: 1) completar el registro de agente individual en el Mapa IberCultura Viva (si ya lo hizo en otras convocatorias del programa deber\u00e1 usar el mismo registro); 2) completar el formulario de inscripci\u00f3n del concurso.<\/span><\/p>\n<p>.<\/p>\n<h4><b>Una vez concluido el registro como agente, \u00bfd\u00f3nde encontrar el formulario de inscripci\u00f3n de la convocatoria?<\/b><\/h4>\n<p style=\"text-align: justify;\"><span style=\"font-weight: 400;\">Cuando tenga un perfil de agente registrado, d\u00e9 click en \u201c<\/span><em><span style=\"font-weight: 400;\">Convocatorias<\/span><\/em><span style=\"font-weight: 400;\">\u201d (en la parte superior de la pantalla) y busque el archivo que aparece con el t\u00edtulo \u201cConcurso de videos Juventudes y(e) cultura comunitaria\u201d.&nbsp;&nbsp;<\/span><\/p>\n<p style=\"text-align: justify;\"><span style=\"font-weight: 400;\">Para iniciar su inscripci\u00f3n, cliquee en el campo de b\u00fasqueda, localice el nombre de la persona f\u00edsica titular del registro (su perfil de agente previamente registrado) y seleccione \u201c<\/span><em><span style=\"font-weight: 400;\">Realizar inscripci\u00f3n<\/span><\/em><span style=\"font-weight: 400;\">\u201d. El formulario aparecer\u00e1 enseguida, primero en espa\u00f1ol y despu\u00e9s en portugu\u00e9s.&nbsp;<\/span><\/p>\n<p><a href=\"https:\/\/iberculturaviva.org\/wp-content\/uploads\/2020\/08\/mapa-tela9.png\"><img loading=\"lazy\" decoding=\"async\" class=\"aligncenter wp-image-21291 size-large\" src=\"https:\/\/iberculturaviva.org\/wp-content\/uploads\/2020\/08\/mapa-tela9-960x173.png\" alt=\"\" width=\"640\" height=\"115\" srcset=\"https:\/\/iberculturaviva.org\/wp-content\/uploads\/2020\/08\/mapa-tela9-960x173.png 960w, https:\/\/iberculturaviva.org\/wp-content\/uploads\/2020\/08\/mapa-tela9-768x139.png 768w, https:\/\/iberculturaviva.org\/wp-content\/uploads\/2020\/08\/mapa-tela9-125x23.png 125w, https:\/\/iberculturaviva.org\/wp-content\/uploads\/2020\/08\/mapa-tela9-529x95.png 529w, https:\/\/iberculturaviva.org\/wp-content\/uploads\/2020\/08\/mapa-tela9.png 1059w\" sizes=\"auto, (max-width: 640px) 100vw, 640px\" \/><\/a><\/p>\n<p style=\"text-align: justify;\"><span style=\"font-weight: 400;\">El sistema genera un \u201cn\u00famero de inscripci\u00f3n\u201d, que deber\u00e1 informarse siempre que entre en contacto con el programa IberCultura Viva para obtener alguna informaci\u00f3n respecto a su propuesta.<\/span><\/p>\n<p style=\"text-align: justify;\"><strong>Atenci\u00f3n<\/strong><span style=\"font-weight: 400;\">: En cualquier momento es posible guardar los datos de la inscripci\u00f3n utilizando el bot\u00f3n \u201c<\/span><em><span style=\"font-weight: 400;\">Guardar<\/span><\/em><span style=\"font-weight: 400;\">\u201d en el margen superior derecho. Una vez que lo hace, puede salir de la plataforma y continuar en otro momento, antes del t\u00e9rmino del per\u00edodo de inscripci\u00f3n.&nbsp;<\/span><\/p>\n<h4 style=\"text-align: justify;\">&nbsp;<\/h4>\n<p>.<\/p>\n<p><strong><span style=\"color: #ff0000;\">FORMULARIO<\/span><\/strong><\/p>\n<h4><b>\u00bfC\u00f3mo presentar el video al concurso?<\/b><\/h4>\n<h4>&nbsp;<\/h4>\n<p style=\"text-align: justify;\"><span style=\"font-weight: 400;\">El agente responsable de la inscripci\u00f3n ser\u00e1 una persona f\u00edsica, registrada previamente como agente individual en la plataforma. En el formulario este ser\u00e1 el primer campo que aparecer\u00e1: \u201cDatos de identificaci\u00f3n de la persona autora o representante de la autor\u00eda\u201d. Enseguida se informar\u00e1n los datos del video presentado (t\u00edtulo, breve descripci\u00f3n, link) y se encontrar\u00e1n los modelos de documentos que deber\u00e1n ir anexados (los t\u00e9rminos de autor\u00eda y cesi\u00f3n de derechos).&nbsp;<\/span><\/p>\n<p>.<\/p>\n<h4><b>\u00bfC\u00f3mo subir el corto postulante a la plataforma?<\/b><\/h4>\n<p style=\"text-align: justify;\"><span style=\"font-weight: 400;\">No es posible subir directamente los videos a la plataforma. Los cortos deber\u00e1n ser publicados en alguna plataforma de exhibici\u00f3n gratuita (como YouTube o Vimeo), sin contrase\u00f1as y con clasificaci\u00f3n libre para todo p\u00fablico, y tener su enlace copiado en el formulario.&nbsp;<\/span><\/p>\n<p>.<\/p>\n<h4><b>\u00bfC\u00f3mo ser\u00eda un video realizado con un modelo de producci\u00f3n horizontal?<\/b><\/h4>\n<h4>&nbsp;<\/h4>\n<p style=\"text-align: justify;\"><span style=\"font-weight: 400;\">Son aquellas producciones que involucran a la comunidad en la generaci\u00f3n de los discursos, que convierten los procesos de producci\u00f3n en espacios de di\u00e1logo, encuentro e intercambio de saberes, y que posibilitan la inclusi\u00f3n de miradas y de voces diversas, donde la comunidad o el grupo de personas participa y dialoga para la creaci\u00f3n, producci\u00f3n o edici\u00f3n del video.<\/span><\/p>\n<p style=\"text-align: justify;\"><span style=\"font-weight: 400;\">No es obligatorio presentar un video realizado como producci\u00f3n horizontal. Sin embargo, aquellos desarrollados con este modelo podr\u00e1n recibir hasta 30 puntos (de un total de 150) en la etapa de evaluaci\u00f3n.<\/span><\/p>\n<p>.<\/p>\n<h4><b>\u00bfC\u00f3mo presentar evidencias de un modelo de producci\u00f3n horizontal?<\/b><\/h4>\n<p style=\"text-align: justify;\"><span style=\"font-weight: 400;\">Las evidencias sobre los procesos llevados a cabo con una comunidad o con un grupo de personas podr\u00e1n presentarse de forma libre en el formulario a trav\u00e9s de relatos que describen la experiencia de producci\u00f3n, fotograf\u00edas integradas en un documento donde se explique brevemente lo que sucede en la im\u00e1gen, videos narrados por una o varias personas con la descripci\u00f3n de la experiencia, o videos a modo de making of en donde se evidencien los procesos de producci\u00f3n.&nbsp;<\/span><\/p>\n<p>.<\/p>\n<p><strong><span style=\"color: #ff0000;\">ENV\u00cdO<\/span><\/strong><\/p>\n<h4><b>\u00bfC\u00f3mo saber si la postulaci\u00f3n realmente fue enviada?<\/b><\/h4>\n<p style=\"text-align: justify;\"><span style=\"font-weight: 400;\">La postulaci\u00f3n ser\u00e1 enviada solamente despu\u00e9s de completados todos los campos obligatorios del registro de agente y del formulario de inscripci\u00f3n de la convocatoria e incluidos los adjuntos obligatorios.&nbsp;<\/span><\/p>\n<p style=\"text-align: justify;\"><span style=\"font-weight: 400;\">En el caso de que el registro de agente en la plataforma no haya sido completamente cubierto, no ser\u00e1 posible enviar su inscripci\u00f3n. El sistema presentar\u00e1 un alerta (un \u201c!\u201d rojo en el que se debe cliquear para saber d\u00f3nde est\u00e1 el problema).&nbsp;<\/span><\/p>\n<p style=\"text-align: justify;\"><span style=\"font-weight: 400;\">Si el error estuviera en el registro de agente, ser\u00e1 necesario acceder a \u201cMi perfil\u201d (cliqueando en su nombre o foto de perfil) y editar su registro, completando todos los campos del formulario. <\/span><em><span style=\"font-weight: 400;\">Atenci\u00f3n: es necesario cubrir todos los campos marcados con el s\u00edmbolo \u201c*\u201d y seleccionar al menos un \u00e1rea de actuaci\u00f3n, en el canto superior izquierdo de la p\u00e1gina de registro.<\/span><\/em><\/p>\n<p style=\"text-align: justify;\"><span style=\"font-weight: 400;\">Revise las informaciones antes de cliquear en \u201cEnviar inscripci\u00f3n\u201d. Tras el env\u00edo no ser\u00e1 posible editarla. La plataforma exhibir\u00e1 una confirmaci\u00f3n del env\u00edo: el d\u00eda y horario del env\u00edo aparecer\u00e1n en la pantalla destacados en color verde.<\/span><\/p>\n<h4>.<\/h4>\n<p><strong><span style=\"color: #ff0000;\">EVALUACI\u00d3N<\/span><\/strong><\/p>\n<h4><b>\u00bfC\u00f3mo se da el proceso de selecci\u00f3n?<\/b><\/h4>\n<h4>&nbsp;<\/h4>\n<p style=\"text-align: justify;\"><span style=\"font-weight: 400;\">El proceso de evaluaci\u00f3n del concurso comprender\u00e1 dos etapas: habilitaci\u00f3n y evaluaci\u00f3n. En la primera etapa, la Unidad T\u00e9cnica de IberCultura Viva revisar\u00e1 la documentaci\u00f3n enviada, para ver si los adjuntos fueron cargados correctamente, si las personas postulantes tienen entre 18 y 29 a\u00f1os y si residen en los pa\u00edses miembros del programa. Aquellas personas que hayan enviado la documentaci\u00f3n correctamente pasar\u00e1n a la etapa siguiente, de evaluaci\u00f3n.<\/span><\/p>\n<p style=\"text-align: justify;\"><span style=\"font-weight: 400;\">En la segunda etapa, una comisi\u00f3n compuesta por cuatro miembros pertenecientes a las instituciones representantes de los pa\u00edses ante el programa (REPPI) estar\u00e1 encargada de realizar la selecci\u00f3n de los videos ganadores. La evaluaci\u00f3n se dar\u00e1 conforme los criterios establecidos previamente en el reglamento del concurso.<\/span><\/p>\n<p>.<\/p>\n<h4><b>\u00bfCu\u00e1les son los motivos para descalificar un video en el concurso?<\/b><\/h4>\n<p style=\"text-align: justify;\"><span style=\"font-weight: 400;\">La Comisi\u00f3n de Evaluaci\u00f3n se reserva el derecho de descalificar aquellos videos que considere no corresponden al tema de la convocatoria. Adem\u00e1s, e<\/span><span style=\"font-weight: 400;\">st\u00e1 vetada la inscripci\u00f3n de videos con contenido promocional, pol\u00edtico-partidaria, o que no se ajusten a un respeto estricto de los derechos humanos y los derechos culturales, incluidas aquellas de car\u00e1cter ofensivo, discriminatorio, excluyentes, que involucren cuestiones ilegales o que incentiven a la agresi\u00f3n contra personas, comunidades, otros seres vivos o el medio ambiente. Los v\u00eddeos que no respeten esta normativa ser\u00e1n descalificados en cualquier instancia de la convocatoria.<\/span><\/p>\n<p>.<\/p>\n<h4><strong>\u00bfCu\u00e1les son los criterios de evaluaci\u00f3n?&nbsp;<\/strong><\/h4>\n<p><span style=\"font-weight: 400;\">Los criterios de evaluaci\u00f3n incluyen la adecuaci\u00f3n a los objetivos del tema, la realizaci\u00f3n t\u00e9cnica, la claridad de la propuesta y la metodolog\u00eda de producci\u00f3n (creaci\u00f3n colectiva, comunitaria o participativa). Los videos realizados por mujeres, personas transg\u00e9nero y personas de pueblos originarios\/ind\u00edgenas o afrodescendientes, as\u00ed como aquellos que se hayan realizado con modelos horizontales de producci\u00f3n audiovisual que contemplen la participaci\u00f3n y la inclusi\u00f3n, ser\u00e1n considerados con mayor puntuaci\u00f3n en la selecci\u00f3n.<\/span><\/p>\n<p style=\"text-align: justify;\"><span style=\"font-weight: 400;\">Adem\u00e1s, recibir\u00e1n m\u00e1s puntos las producciones que cuenten con una perspectiva de g\u00e9nero, interseccional o intergeneracional; que promueven los derechos humanos y derechos culturales; que aborden el desarrollo cultural y la vinculaci\u00f3n comunitaria; que reflexionen sobre el rol de los y las j\u00f3venes como agentes de cambio social.<\/span><\/p>\n<p>.<\/p>\n<h4><b>\u00bfQu\u00e9 hace un o una joven ser agente de cambio social?<\/b><\/h4>\n<p style=\"text-align: justify;\"><span style=\"font-weight: 400;\">Se consideran como agentes de cambio a las y los j\u00f3venes que participan en proyectos e iniciativas culturales comunitarias que visibilizan la diversidad cultural en los lugares que habitan; que fomentan el uso de tecnolog\u00edas para disminuir la brecha digital; que promueven el cuidado del patrimonio cultural y natural en sus localidades; que trabajan y apoyan en el cuidado y solidaridad colectiva en tiempos de pandemia, sobre todo con poblaciones vulnerables; que utilizan los lenguajes art\u00edsticos para la transformaci\u00f3n social; que&nbsp; promueven sus saberes locales y lenguas originarias, entre otros.<\/span><\/p>\n<p>.<\/p>\n<h4><b>\u00bfQu\u00e9 se entiende por perspectiva de g\u00e9nero, interseccional e intergeneracional?<\/b><\/h4>\n<p style=\"text-align: justify;\">Videos que cuentan con perspectiva de g\u00e9nero son aquellos que identifican y cuestionan la discriminaci\u00f3n, desigualdad y exclusi\u00f3n de las mujeres, as\u00ed como las acciones que deben emprenderse para avanzar en la construcci\u00f3n de la equidad de g\u00e9nero.<\/p>\n<p style=\"text-align: justify;\">La perspectiva interseccional permite reconocer la complejidad de los procesos formales e informales que generan las desigualdades: g\u00e9nero, orientaci\u00f3n sexual, etnia, religi\u00f3n, origen nacional, discapacidad y situaci\u00f3n socio-econ\u00f3mica.<\/p>\n<p style=\"text-align: justify;\">Los cortos con perspectiva intergeneracional, a su vez, son aquellos que incentivan a que las personas de diversas edades (infancias, juventudes, personas adultas y personas adultas mayores) puedan tener espacios y relaciones de participaci\u00f3n en com\u00fan, propiciando que todas las voces sean escuchadas con igualdad.<\/p>\n<h4 style=\"text-align: justify;\">&nbsp;<\/h4>\n<p>.<\/p>\n<p><span style=\"font-weight: 400;\"><strong>Revisa el video de la sesi\u00f3n informativa<\/strong>:<\/span><a href=\"https:\/\/fb.watch\/7zyR70pEJ3\/?fbclid=IwAR1qzVkZ-MkNtjm8chfVegr0buJXUDlNkxz3msHpC1jOC_LjOBRHkWQqLZA\" target=\"_blank\" rel=\"noopener\"> <span style=\"font-weight: 400;\">https:\/\/fb.watch\/7zyR70pEJ3\/<\/span><\/a><\/p>\n<p><span style=\"font-weight: 400;\"><strong>Revisa las bases del concurso<\/strong>:<\/span><a href=\"https:\/\/l.facebook.com\/l.php?u=https%3A%2F%2Fbit.ly%2F3hyArVK%3Ffbclid%3DIwAR3sWO5V6FRiHWy4wGK2nLXXVzfIK-a4hAJ6istSbtsAD3Lhurmx9fQSS9k&amp;h=AT3kBYcACXsiH7XvRr8j01ef74BX6Vhfq2KtEjyuqQJgiccCbGG5cNhKrXVS28lG3KvKaEpyzC7MRygCPAp98wWxRsijCMZRzVegEfuPwMcYxim_nsWQzfCj3NZbe4h2TG2UMYOzYy3OJtD6zH0n&amp;__tn__=-UK-R&amp;c[0]=AT1_ZLMmlWpd_H_Oq0G4ZW895FltPDF4Wc5Ue2BmcLAW1GZWc6U_3j35KN8qqEkGbKMkfdM21VWZ_gezSSzimpEujQM9rNYWXbl4a46gIbj4a0KWyf4zcFpxykGTeryIl3AAYX-DMDTzBePVi1OzeXqf3asA2qD0DmUE38MnbHJitwqUeH_MbI9rAnTmvz5uNwYtDAME\" target=\"_blank\" rel=\"noopener\"> <span style=\"font-weight: 400;\">https:\/\/bit.ly\/3hyArVK<\/span><\/a><\/p>\n<p><span style=\"font-weight: 400;\"><strong>D\u00f3nde inscribirse<\/strong>:<\/span><a href=\"https:\/\/mapa.iberculturaviva.org\/oportunidade\/173\/?fbclid=IwAR0rxjAWWSXpWZrH99nL89DsEFFODvBeecOIaYAyS7eI9jb-JitFyutru3w\" target=\"_blank\" rel=\"noopener\"> <span style=\"font-weight: 400;\">https:\/\/mapa.iberculturaviva.org\/oportunidade\/173\/<\/span><\/a><\/p>\n<p><span style=\"font-weight: 400;\"><strong>C\u00f3mo inscribirse en el Mapa IberCultura Viva<\/strong>:<\/span><a href=\"https:\/\/iberculturaviva.org\/mapa-ibercultura-viva\/?lang=es&amp;fbclid=IwAR0mL8uM54nZJRVGcEPCzdLON8W2QtvX_IG9SiarHlstQnmwtVHsJMijiNc\" target=\"_blank\" rel=\"noopener\"> <span style=\"font-weight: 400;\">https:\/\/iberculturaviva.org\/mapa-ibercultura-viva\/?lang=es<\/span><\/a><\/p>\n<p><span style=\"font-weight: 400;\"><strong>Consultas:<\/strong> <a href=\"mailto:programa@iberculturaviva.org\" target=\"_blank\" rel=\"noopener\">programa@iberculturaviva.org<\/a><\/span><\/p>\n\n\n<p>.<\/p>\n\n\n\n<p><strong>(Foto: Cobertura colaborativa. Emergencias, Rio de Janeiro, 2015)<\/strong><\/p>\n","protected":false},"excerpt":{"rendered":"<p>El jueves 30 de septiembre termina el plazo de postulaci\u00f3n del concurso de videos \u201cJuventudes y cultura comunitaria. El protagonismo de los y las j\u00f3venes como agentes de cambio social\u201d. [&hellip;]<\/p>\n","protected":false},"author":2,"featured_media":24779,"comment_status":"closed","ping_status":"closed","sticky":false,"template":"","format":"standard","meta":{"_coblocks_attr":"","_coblocks_dimensions":"","_coblocks_responsive_height":"","_coblocks_accordion_ie_support":"","_EventAllDay":false,"_EventTimezone":"","_EventStartDate":"","_EventEndDate":"","_EventStartDateUTC":"","_EventEndDateUTC":"","_EventShowMap":false,"_EventShowMapLink":false,"_EventURL":"","_EventCost":"","_EventCostDescription":"","_EventCurrencySymbol":"","_EventCurrencyCode":"","_EventCurrencyPosition":"","_EventDateTimeSeparator":"","_EventTimeRangeSeparator":"","_EventOrganizerID":[],"_EventVenueID":[],"_OrganizerEmail":"","_OrganizerPhone":"","_OrganizerWebsite":"","_VenueAddress":"","_VenueCity":"","_VenueCountry":"","_VenueProvince":"","_VenueState":"","_VenueZip":"","_VenuePhone":"","_VenueURL":"","_VenueStateProvince":"","_VenueLat":"","_VenueLng":"","_VenueShowMap":false,"_VenueShowMapLink":false,"footnotes":""},"categories":[250,262],"tags":[292,326],"country-municipality":[],"class_list":["post-24849","post","type-post","status-publish","format-standard","has-post-thumbnail","hentry","category-convocatorias","category-noticias-es","tag-convocatoria-2","tag-video-2"],"yoast_head":"<!-- This site is optimized with the Yoast SEO plugin v25.7 - https:\/\/yoast.com\/wordpress\/plugins\/seo\/ -->\n<title>Una gu\u00eda sobre el concurso de videos \u201cJuventudes y cultura comunitaria\u201d - IberCultura Viva<\/title>\n<meta name=\"description\" content=\"Una gu\u00eda sobre el concurso de videos \u201cJuventudes y cultura comunitaria\u201d - IberCultura Viva\" \/>\n<meta name=\"robots\" content=\"index, follow, max-snippet:-1, max-image-preview:large, max-video-preview:-1\" \/>\n<link rel=\"canonical\" href=\"https:\/\/iberculturaviva.org\/es\/una-guia-sobre-el-concurso-de-videos-juventudes-y-cultura-comunitaria\/\" \/>\n<meta property=\"og:locale\" content=\"es_ES\" \/>\n<meta property=\"og:type\" content=\"article\" \/>\n<meta property=\"og:title\" content=\"Una gu\u00eda sobre el concurso de videos \u201cJuventudes y cultura comunitaria\u201d - IberCultura Viva\" \/>\n<meta property=\"og:description\" content=\"Una gu\u00eda sobre el concurso de videos \u201cJuventudes y cultura comunitaria\u201d - IberCultura Viva\" \/>\n<meta property=\"og:url\" content=\"https:\/\/iberculturaviva.org\/es\/una-guia-sobre-el-concurso-de-videos-juventudes-y-cultura-comunitaria\/\" \/>\n<meta property=\"og:site_name\" content=\"IberCultura Viva\" \/>\n<meta property=\"article:publisher\" content=\"https:\/\/www.facebook.com\/iberculturaviva\/\" \/>\n<meta property=\"article:published_time\" content=\"2021-09-15T20:07:40+00:00\" \/>\n<meta property=\"article:modified_time\" content=\"2021-10-06T23:56:52+00:00\" \/>\n<meta property=\"og:image\" content=\"https:\/\/iberculturaviva.org\/wp-content\/uploads\/2021\/09\/23147243154_81ae9fa506_o-scaled.jpg\" \/>\n\t<meta property=\"og:image:width\" content=\"2560\" \/>\n\t<meta property=\"og:image:height\" content=\"1707\" \/>\n\t<meta property=\"og:image:type\" content=\"image\/jpeg\" \/>\n<meta name=\"author\" content=\"IberCultura\" \/>\n<meta name=\"twitter:card\" content=\"summary_large_image\" \/>\n<meta name=\"twitter:label1\" content=\"Escrito por\" \/>\n\t<meta name=\"twitter:data1\" content=\"IberCultura\" \/>\n\t<meta name=\"twitter:label2\" content=\"Tiempo de lectura\" \/>\n\t<meta name=\"twitter:data2\" content=\"10 minutos\" \/>\n<script type=\"application\/ld+json\" class=\"yoast-schema-graph\">{\"@context\":\"https:\/\/schema.org\",\"@graph\":[{\"@type\":\"Article\",\"@id\":\"https:\/\/iberculturaviva.org\/es\/una-guia-sobre-el-concurso-de-videos-juventudes-y-cultura-comunitaria\/#article\",\"isPartOf\":{\"@id\":\"https:\/\/iberculturaviva.org\/es\/una-guia-sobre-el-concurso-de-videos-juventudes-y-cultura-comunitaria\/\"},\"author\":{\"name\":\"IberCultura\",\"@id\":\"https:\/\/iberculturaviva.org\/es\/?lang=es\/#\/schema\/person\/5d1313b072cc25536e0431522f740b59\"},\"headline\":\"Una gu\u00eda sobre el concurso de videos \u201cJuventudes y cultura comunitaria\u201d\",\"datePublished\":\"2021-09-15T20:07:40+00:00\",\"dateModified\":\"2021-10-06T23:56:52+00:00\",\"mainEntityOfPage\":{\"@id\":\"https:\/\/iberculturaviva.org\/es\/una-guia-sobre-el-concurso-de-videos-juventudes-y-cultura-comunitaria\/\"},\"wordCount\":2349,\"publisher\":{\"@id\":\"https:\/\/iberculturaviva.org\/es\/?lang=es\/#organization\"},\"image\":{\"@id\":\"https:\/\/iberculturaviva.org\/es\/una-guia-sobre-el-concurso-de-videos-juventudes-y-cultura-comunitaria\/#primaryimage\"},\"thumbnailUrl\":\"https:\/\/iberculturaviva.org\/wp-content\/uploads\/2021\/09\/23147243154_81ae9fa506_o-scaled.jpg\",\"keywords\":[\"convocatoria\",\"video\"],\"articleSection\":[\"Convocatorias\",\"Noticias\"],\"inLanguage\":\"es\"},{\"@type\":\"WebPage\",\"@id\":\"https:\/\/iberculturaviva.org\/es\/una-guia-sobre-el-concurso-de-videos-juventudes-y-cultura-comunitaria\/\",\"url\":\"https:\/\/iberculturaviva.org\/es\/una-guia-sobre-el-concurso-de-videos-juventudes-y-cultura-comunitaria\/\",\"name\":\"Una gu\u00eda sobre el concurso de videos \u201cJuventudes y cultura comunitaria\u201d - IberCultura Viva\",\"isPartOf\":{\"@id\":\"https:\/\/iberculturaviva.org\/es\/?lang=es\/#website\"},\"primaryImageOfPage\":{\"@id\":\"https:\/\/iberculturaviva.org\/es\/una-guia-sobre-el-concurso-de-videos-juventudes-y-cultura-comunitaria\/#primaryimage\"},\"image\":{\"@id\":\"https:\/\/iberculturaviva.org\/es\/una-guia-sobre-el-concurso-de-videos-juventudes-y-cultura-comunitaria\/#primaryimage\"},\"thumbnailUrl\":\"https:\/\/iberculturaviva.org\/wp-content\/uploads\/2021\/09\/23147243154_81ae9fa506_o-scaled.jpg\",\"datePublished\":\"2021-09-15T20:07:40+00:00\",\"dateModified\":\"2021-10-06T23:56:52+00:00\",\"description\":\"Una gu\u00eda sobre el concurso de videos \u201cJuventudes y cultura comunitaria\u201d - IberCultura Viva\",\"breadcrumb\":{\"@id\":\"https:\/\/iberculturaviva.org\/es\/una-guia-sobre-el-concurso-de-videos-juventudes-y-cultura-comunitaria\/#breadcrumb\"},\"inLanguage\":\"es\",\"potentialAction\":[{\"@type\":\"ReadAction\",\"target\":[\"https:\/\/iberculturaviva.org\/es\/una-guia-sobre-el-concurso-de-videos-juventudes-y-cultura-comunitaria\/\"]}]},{\"@type\":\"ImageObject\",\"inLanguage\":\"es\",\"@id\":\"https:\/\/iberculturaviva.org\/es\/una-guia-sobre-el-concurso-de-videos-juventudes-y-cultura-comunitaria\/#primaryimage\",\"url\":\"https:\/\/iberculturaviva.org\/wp-content\/uploads\/2021\/09\/23147243154_81ae9fa506_o-scaled.jpg\",\"contentUrl\":\"https:\/\/iberculturaviva.org\/wp-content\/uploads\/2021\/09\/23147243154_81ae9fa506_o-scaled.jpg\",\"width\":2560,\"height\":1707},{\"@type\":\"BreadcrumbList\",\"@id\":\"https:\/\/iberculturaviva.org\/es\/una-guia-sobre-el-concurso-de-videos-juventudes-y-cultura-comunitaria\/#breadcrumb\",\"itemListElement\":[{\"@type\":\"ListItem\",\"position\":1,\"name\":\"In\u00edcio\",\"item\":\"https:\/\/iberculturaviva.org\/es\/inicio\/\"},{\"@type\":\"ListItem\",\"position\":2,\"name\":\"Una gu\u00eda sobre el concurso de videos \u201cJuventudes y cultura comunitaria\u201d\"}]},{\"@type\":\"WebSite\",\"@id\":\"https:\/\/iberculturaviva.org\/es\/?lang=es\/#website\",\"url\":\"https:\/\/iberculturaviva.org\/es\/?lang=es\/\",\"name\":\"IberCultura Viva\",\"description\":\"Programa de cooperaci\u00f3n cultural\",\"publisher\":{\"@id\":\"https:\/\/iberculturaviva.org\/es\/?lang=es\/#organization\"},\"potentialAction\":[{\"@type\":\"SearchAction\",\"target\":{\"@type\":\"EntryPoint\",\"urlTemplate\":\"https:\/\/iberculturaviva.org\/es\/?lang=es\/?s={search_term_string}\"},\"query-input\":{\"@type\":\"PropertyValueSpecification\",\"valueRequired\":true,\"valueName\":\"search_term_string\"}}],\"inLanguage\":\"es\"},{\"@type\":\"Organization\",\"@id\":\"https:\/\/iberculturaviva.org\/es\/?lang=es\/#organization\",\"name\":\"Iberculturaviva\",\"url\":\"https:\/\/iberculturaviva.org\/es\/?lang=es\/\",\"logo\":{\"@type\":\"ImageObject\",\"inLanguage\":\"es\",\"@id\":\"https:\/\/iberculturaviva.org\/es\/?lang=es\/#\/schema\/logo\/image\/\",\"url\":\"https:\/\/iberculturaviva.org\/wp-content\/uploads\/2021\/08\/logo_ibercultura_viva.jpg\",\"contentUrl\":\"https:\/\/iberculturaviva.org\/wp-content\/uploads\/2021\/08\/logo_ibercultura_viva.jpg\",\"width\":708,\"height\":223,\"caption\":\"Iberculturaviva\"},\"image\":{\"@id\":\"https:\/\/iberculturaviva.org\/es\/?lang=es\/#\/schema\/logo\/image\/\"},\"sameAs\":[\"https:\/\/www.facebook.com\/iberculturaviva\/\",\"https:\/\/www.instagram.com\/iberculturaviva\/\",\"https:\/\/www.youtube.com\/iberculturaviva\"]},{\"@type\":\"Person\",\"@id\":\"https:\/\/iberculturaviva.org\/es\/?lang=es\/#\/schema\/person\/5d1313b072cc25536e0431522f740b59\",\"name\":\"IberCultura\",\"image\":{\"@type\":\"ImageObject\",\"inLanguage\":\"es\",\"@id\":\"https:\/\/iberculturaviva.org\/es\/?lang=es\/#\/schema\/person\/image\/\",\"url\":\"https:\/\/secure.gravatar.com\/avatar\/79f1a057cb125cbefb3765d0356d52fc7f3bba3a35e2cf22bc4de090bb7aef70?s=96&d=mm&r=g\",\"contentUrl\":\"https:\/\/secure.gravatar.com\/avatar\/79f1a057cb125cbefb3765d0356d52fc7f3bba3a35e2cf22bc4de090bb7aef70?s=96&d=mm&r=g\",\"caption\":\"IberCultura\"}}]}<\/script>\n<!-- \/ Yoast SEO plugin. -->","yoast_head_json":{"title":"Una gu\u00eda sobre el concurso de videos \u201cJuventudes y cultura comunitaria\u201d - IberCultura Viva","description":"Una gu\u00eda sobre el concurso de videos \u201cJuventudes y cultura comunitaria\u201d - IberCultura Viva","robots":{"index":"index","follow":"follow","max-snippet":"max-snippet:-1","max-image-preview":"max-image-preview:large","max-video-preview":"max-video-preview:-1"},"canonical":"https:\/\/iberculturaviva.org\/es\/una-guia-sobre-el-concurso-de-videos-juventudes-y-cultura-comunitaria\/","og_locale":"es_ES","og_type":"article","og_title":"Una gu\u00eda sobre el concurso de videos \u201cJuventudes y cultura comunitaria\u201d - IberCultura Viva","og_description":"Una gu\u00eda sobre el concurso de videos \u201cJuventudes y cultura comunitaria\u201d - IberCultura Viva","og_url":"https:\/\/iberculturaviva.org\/es\/una-guia-sobre-el-concurso-de-videos-juventudes-y-cultura-comunitaria\/","og_site_name":"IberCultura Viva","article_publisher":"https:\/\/www.facebook.com\/iberculturaviva\/","article_published_time":"2021-09-15T20:07:40+00:00","article_modified_time":"2021-10-06T23:56:52+00:00","og_image":[{"width":2560,"height":1707,"url":"https:\/\/iberculturaviva.org\/wp-content\/uploads\/2021\/09\/23147243154_81ae9fa506_o-scaled.jpg","type":"image\/jpeg"}],"author":"IberCultura","twitter_card":"summary_large_image","twitter_misc":{"Escrito por":"IberCultura","Tiempo de lectura":"10 minutos"},"schema":{"@context":"https:\/\/schema.org","@graph":[{"@type":"Article","@id":"https:\/\/iberculturaviva.org\/es\/una-guia-sobre-el-concurso-de-videos-juventudes-y-cultura-comunitaria\/#article","isPartOf":{"@id":"https:\/\/iberculturaviva.org\/es\/una-guia-sobre-el-concurso-de-videos-juventudes-y-cultura-comunitaria\/"},"author":{"name":"IberCultura","@id":"https:\/\/iberculturaviva.org\/es\/?lang=es\/#\/schema\/person\/5d1313b072cc25536e0431522f740b59"},"headline":"Una gu\u00eda sobre el concurso de videos \u201cJuventudes y cultura comunitaria\u201d","datePublished":"2021-09-15T20:07:40+00:00","dateModified":"2021-10-06T23:56:52+00:00","mainEntityOfPage":{"@id":"https:\/\/iberculturaviva.org\/es\/una-guia-sobre-el-concurso-de-videos-juventudes-y-cultura-comunitaria\/"},"wordCount":2349,"publisher":{"@id":"https:\/\/iberculturaviva.org\/es\/?lang=es\/#organization"},"image":{"@id":"https:\/\/iberculturaviva.org\/es\/una-guia-sobre-el-concurso-de-videos-juventudes-y-cultura-comunitaria\/#primaryimage"},"thumbnailUrl":"https:\/\/iberculturaviva.org\/wp-content\/uploads\/2021\/09\/23147243154_81ae9fa506_o-scaled.jpg","keywords":["convocatoria","video"],"articleSection":["Convocatorias","Noticias"],"inLanguage":"es"},{"@type":"WebPage","@id":"https:\/\/iberculturaviva.org\/es\/una-guia-sobre-el-concurso-de-videos-juventudes-y-cultura-comunitaria\/","url":"https:\/\/iberculturaviva.org\/es\/una-guia-sobre-el-concurso-de-videos-juventudes-y-cultura-comunitaria\/","name":"Una gu\u00eda sobre el concurso de videos \u201cJuventudes y cultura comunitaria\u201d - IberCultura Viva","isPartOf":{"@id":"https:\/\/iberculturaviva.org\/es\/?lang=es\/#website"},"primaryImageOfPage":{"@id":"https:\/\/iberculturaviva.org\/es\/una-guia-sobre-el-concurso-de-videos-juventudes-y-cultura-comunitaria\/#primaryimage"},"image":{"@id":"https:\/\/iberculturaviva.org\/es\/una-guia-sobre-el-concurso-de-videos-juventudes-y-cultura-comunitaria\/#primaryimage"},"thumbnailUrl":"https:\/\/iberculturaviva.org\/wp-content\/uploads\/2021\/09\/23147243154_81ae9fa506_o-scaled.jpg","datePublished":"2021-09-15T20:07:40+00:00","dateModified":"2021-10-06T23:56:52+00:00","description":"Una gu\u00eda sobre el concurso de videos \u201cJuventudes y cultura comunitaria\u201d - IberCultura Viva","breadcrumb":{"@id":"https:\/\/iberculturaviva.org\/es\/una-guia-sobre-el-concurso-de-videos-juventudes-y-cultura-comunitaria\/#breadcrumb"},"inLanguage":"es","potentialAction":[{"@type":"ReadAction","target":["https:\/\/iberculturaviva.org\/es\/una-guia-sobre-el-concurso-de-videos-juventudes-y-cultura-comunitaria\/"]}]},{"@type":"ImageObject","inLanguage":"es","@id":"https:\/\/iberculturaviva.org\/es\/una-guia-sobre-el-concurso-de-videos-juventudes-y-cultura-comunitaria\/#primaryimage","url":"https:\/\/iberculturaviva.org\/wp-content\/uploads\/2021\/09\/23147243154_81ae9fa506_o-scaled.jpg","contentUrl":"https:\/\/iberculturaviva.org\/wp-content\/uploads\/2021\/09\/23147243154_81ae9fa506_o-scaled.jpg","width":2560,"height":1707},{"@type":"BreadcrumbList","@id":"https:\/\/iberculturaviva.org\/es\/una-guia-sobre-el-concurso-de-videos-juventudes-y-cultura-comunitaria\/#breadcrumb","itemListElement":[{"@type":"ListItem","position":1,"name":"In\u00edcio","item":"https:\/\/iberculturaviva.org\/es\/inicio\/"},{"@type":"ListItem","position":2,"name":"Una gu\u00eda sobre el concurso de videos \u201cJuventudes y cultura comunitaria\u201d"}]},{"@type":"WebSite","@id":"https:\/\/iberculturaviva.org\/es\/?lang=es\/#website","url":"https:\/\/iberculturaviva.org\/es\/?lang=es\/","name":"IberCultura Viva","description":"Programa de cooperaci\u00f3n cultural","publisher":{"@id":"https:\/\/iberculturaviva.org\/es\/?lang=es\/#organization"},"potentialAction":[{"@type":"SearchAction","target":{"@type":"EntryPoint","urlTemplate":"https:\/\/iberculturaviva.org\/es\/?lang=es\/?s={search_term_string}"},"query-input":{"@type":"PropertyValueSpecification","valueRequired":true,"valueName":"search_term_string"}}],"inLanguage":"es"},{"@type":"Organization","@id":"https:\/\/iberculturaviva.org\/es\/?lang=es\/#organization","name":"Iberculturaviva","url":"https:\/\/iberculturaviva.org\/es\/?lang=es\/","logo":{"@type":"ImageObject","inLanguage":"es","@id":"https:\/\/iberculturaviva.org\/es\/?lang=es\/#\/schema\/logo\/image\/","url":"https:\/\/iberculturaviva.org\/wp-content\/uploads\/2021\/08\/logo_ibercultura_viva.jpg","contentUrl":"https:\/\/iberculturaviva.org\/wp-content\/uploads\/2021\/08\/logo_ibercultura_viva.jpg","width":708,"height":223,"caption":"Iberculturaviva"},"image":{"@id":"https:\/\/iberculturaviva.org\/es\/?lang=es\/#\/schema\/logo\/image\/"},"sameAs":["https:\/\/www.facebook.com\/iberculturaviva\/","https:\/\/www.instagram.com\/iberculturaviva\/","https:\/\/www.youtube.com\/iberculturaviva"]},{"@type":"Person","@id":"https:\/\/iberculturaviva.org\/es\/?lang=es\/#\/schema\/person\/5d1313b072cc25536e0431522f740b59","name":"IberCultura","image":{"@type":"ImageObject","inLanguage":"es","@id":"https:\/\/iberculturaviva.org\/es\/?lang=es\/#\/schema\/person\/image\/","url":"https:\/\/secure.gravatar.com\/avatar\/79f1a057cb125cbefb3765d0356d52fc7f3bba3a35e2cf22bc4de090bb7aef70?s=96&d=mm&r=g","contentUrl":"https:\/\/secure.gravatar.com\/avatar\/79f1a057cb125cbefb3765d0356d52fc7f3bba3a35e2cf22bc4de090bb7aef70?s=96&d=mm&r=g","caption":"IberCultura"}}]}},"main_category":{"link":"https:\/\/iberculturaviva.org\/es\/category\/noticias-es\/","name":"Noticias","slug":"noticias-es"},"_links":{"self":[{"href":"https:\/\/iberculturaviva.org\/es\/wp-json\/wp\/v2\/posts\/24849","targetHints":{"allow":["GET"]}}],"collection":[{"href":"https:\/\/iberculturaviva.org\/es\/wp-json\/wp\/v2\/posts"}],"about":[{"href":"https:\/\/iberculturaviva.org\/es\/wp-json\/wp\/v2\/types\/post"}],"author":[{"embeddable":true,"href":"https:\/\/iberculturaviva.org\/es\/wp-json\/wp\/v2\/users\/2"}],"replies":[{"embeddable":true,"href":"https:\/\/iberculturaviva.org\/es\/wp-json\/wp\/v2\/comments?post=24849"}],"version-history":[{"count":5,"href":"https:\/\/iberculturaviva.org\/es\/wp-json\/wp\/v2\/posts\/24849\/revisions"}],"predecessor-version":[{"id":25000,"href":"https:\/\/iberculturaviva.org\/es\/wp-json\/wp\/v2\/posts\/24849\/revisions\/25000"}],"wp:featuredmedia":[{"embeddable":true,"href":"https:\/\/iberculturaviva.org\/es\/wp-json\/wp\/v2\/media\/24779"}],"wp:attachment":[{"href":"https:\/\/iberculturaviva.org\/es\/wp-json\/wp\/v2\/media?parent=24849"}],"wp:term":[{"taxonomy":"category","embeddable":true,"href":"https:\/\/iberculturaviva.org\/es\/wp-json\/wp\/v2\/categories?post=24849"},{"taxonomy":"post_tag","embeddable":true,"href":"https:\/\/iberculturaviva.org\/es\/wp-json\/wp\/v2\/tags?post=24849"},{"taxonomy":"country-municipality","embeddable":true,"href":"https:\/\/iberculturaviva.org\/es\/wp-json\/wp\/v2\/country-municipality?post=24849"}],"curies":[{"name":"wp","href":"https:\/\/api.w.org\/{rel}","templated":true}]}}