{"id":24634,"date":"2021-08-28T16:00:15","date_gmt":"2021-08-28T19:00:15","guid":{"rendered":"https:\/\/iberculturaviva.org\/?p=24634"},"modified":"2021-08-30T13:35:34","modified_gmt":"2021-08-30T16:35:34","slug":"comodoro-rivadavia-cultura-comunitaria-como-columna-vertebral-de-politicas-publicas-y-populares","status":"publish","type":"post","link":"https:\/\/iberculturaviva.org\/es\/comodoro-rivadavia-cultura-comunitaria-como-columna-vertebral-de-politicas-publicas-y-populares\/","title":{"rendered":"Comodoro Rivadavia: \u201cCultura Comunitaria\u201d como columna vertebral de pol\u00edticas p\u00fablicas y populares"},"content":{"rendered":"<h4>\u00a0<\/h4>\n<h5><strong>(Texto y fotos: Secretar\u00eda de Cultura de Comodoro Rivadavia)<\/strong><\/h5>\n<p>\u00a0<\/p>\n<p style=\"text-align: justify;\"><span style=\"font-weight: 400;\">Con la premisa de acercar el Estado a los barrios y descentralizar la actividad cultural del casco c\u00e9ntrico, la Secretar\u00eda de Cultura del Municipio de Comodoro Rivadavia (Argentina) lleva adelante el Programa Cultura Comunitaria, con propuestas culturales vinculadas a la recreaci\u00f3n, la formaci\u00f3n en oficios, literarias y de introducci\u00f3n a la inform\u00e1tica y el ingl\u00e9s, que son pilar fundamental para la contenci\u00f3n social.<\/span><\/p>\n<p style=\"text-align: justify;\"><span style=\"font-weight: 400;\">Los talleres se dictan en m\u00e1s de 50 sedes y se trabaja bajo la modalidad de \u201cburbujas\u201d, en grupos que no superan los 15 asistentes a la vez, en espacios amplios y ventilados, con la disposici\u00f3n de sanitizantes para su uso.<\/span><\/p>\n<p style=\"text-align: justify;\"><span style=\"font-weight: 400;\">En estos tres primeros meses de la experiencia en un contexto sanitario dif\u00edcil, la secretaria de Cultura, Liliana Peralta, valora el trabajo del personal del \u00e1rea junto a las instituciones barriales, que abren sus puertas para el desarrollo de los talleres. \u201cLa articulaci\u00f3n y los protocolos que debemos implementar conllevan una tarea muy exhaustiva y con mucha responsabilidad, que hemos podido cumplimentar sin inconvenientes, siempre priorizando la salud de los asistentes\u201d, asegura la funcionaria.<\/span><\/p>\n<p style=\"text-align: justify;\"><span style=\"font-weight: 400;\">Por el impacto del programa -se estima unas 4 mil personas por semana-, Peralta afirma que \u201clos talleres culturales cumplen una importante funci\u00f3n social que no estuvo activa durante el 2020 debido a la pandemia, que fue muy reclamada por la gente de los barrios\u201d.<\/span><\/p>\n<p style=\"text-align: justify;\"><span style=\"font-weight: 400;\">\u201cHoy volvemos a poner en escena a este programa, cuyos talleres forman parte de la columna vertebral de las pol\u00edticas p\u00fablicas y populares para la inclusi\u00f3n social, por su gratuidad y la amplia oferta destinada a personas de todas las edades, en igualdad de posibilidades\u201d, explica.<\/span><\/p>\n<p>.<\/p>\n<h4><b>Variada oferta de talleres<\/b><\/h4>\n<p style=\"text-align: justify;\"><span style=\"font-weight: 400;\"><a href=\"https:\/\/iberculturaviva.org\/wp-content\/uploads\/2021\/08\/0c81a153-5544-4a7c-a69e-7ede39f942d8-3.jpg\"><img loading=\"lazy\" decoding=\"async\" class=\"alignright \" src=\"https:\/\/iberculturaviva.org\/wp-content\/uploads\/2021\/08\/0c81a153-5544-4a7c-a69e-7ede39f942d8-3.jpg\" width=\"214\" height=\"160\" \/><\/a>Respecto a las actividades, se dictan talleres de m\u00fasica, danzas, teatro, clown, circo social, zumba, ritmos latinos, manualidades, pintura, dibujo, historieta, ingl\u00e9s y computaci\u00f3n, actividades pl\u00e1sticas de percepci\u00f3n, fotograf\u00eda creativa, huerta, mosaiquismo, telar, porcelana, reciclado, bordado chino y mexicano, pintura decorativa y tejido.<\/span><\/p>\n<p style=\"text-align: justify;\"><span style=\"font-weight: 400;\">Enmarcados como talleres de oficios, los m\u00e1s importantes son carpinter\u00eda, peluquer\u00eda, corte y confecci\u00f3n, cocina y reposter\u00eda, cocineritos y tapicer\u00eda; mientras que entre las propuestas literarias est\u00e1n los espacios para la narraci\u00f3n gr\u00e1fica, la lectura y la escritura, la narraci\u00f3n oral esc\u00e9nica y el taller de arte narrativo aplicado a las bibliotecas.<\/span><\/p>\n<p>.<\/p>\n<h4><b>Red Comunitaria de Apoyo a las Trayectorias Escolares<\/b><\/h4>\n<p style=\"text-align: justify;\"><span style=\"font-weight: 400;\">Del Programa Cultura Comunitaria se desprende la propuesta de Red Comunitaria de Apoyo a las Trayectorias Escolares, destinada a ni\u00f1os, ni\u00f1as y adolescentes que cursan los niveles primario y secundario educativo. La misma surge como medida paliativa ante la cr\u00edtica situaci\u00f3n educativa que se vive en la regi\u00f3n, ahora profundizada por la pandemia.<\/span><\/p>\n<p style=\"text-align: justify;\"><span style=\"font-weight: 400;\">La red es una herramienta para asistir a infantes y adolescentes que atraviesan ciertas dificultades al momento de estudiar, sumado a la ausencia o escaso acompa\u00f1amiento familiar, este \u00faltimo propio de grupos monoparentales o con exigencias laborales; lo que pone a los ni\u00f1os, ni\u00f1as y adolescentes en situaci\u00f3n de vulnerabilidad educativa, con altas probabilidades de repitencia y abandono escolar. Se desarrolla en 16 sedes, distribuidas en toda la extensi\u00f3n de la ciudad, con un alcance de mil personas.<\/span><\/p>\n<p style=\"text-align: justify;\"><span style=\"font-weight: 400;\">Para su ejecuci\u00f3n, se articulan esfuerzos desde el Municipio de Comodoro Rivadavia, a trav\u00e9s de su Secretar\u00eda de Cultura; las asociaciones vecinales; los Centros de Promoci\u00f3n Barrial; docentes y auxiliares docentes del Instituto de Formaci\u00f3n Docente N\u00b0 806; y la Universidad Nacional de la Patagonia San Juan Bosco. Adem\u00e1s del empresariado local, que contribuye con el aporte de meriendas y desayunos para los asistentes, as\u00ed como tambi\u00e9n con la compra del material did\u00e1ctico.<\/span><\/p>\n<p style=\"text-align: justify;\"><span style=\"font-weight: 400;\">La secretaria de Cultura, Liliana Peralta, explica el impacto de la red se\u00f1alando que \u201ceste proyecto de Cultura Comunitaria ubica al Estado en aquellas familias en las que el contexto socio-econ\u00f3mico y personal pone en situaci\u00f3n de vulnerabilidad a las posibilidades de acompa\u00f1amiento a los ni\u00f1os, las ni\u00f1as y los adolescentes en su ciclo educativo escolar\u201d.<\/span><\/p>\n<p style=\"text-align: justify;\"><span style=\"font-weight: 400;\">Asimismo, sostiene que \u201cser un puente entre la tarea escolar, el tiempo familiar y el espacio comunitario se traduce en un intento sin l\u00edmites por garantizar los derechos culturales; para la armon\u00eda social, para ense\u00f1ar y aprender, para trazar un camino de ciudadanos con herramientas que les permitan ejercer su libertad\u201d.<\/span><\/p>\n<p>\u00a0<\/p>\n<p><span style=\"font-weight: 400;\"><strong>\u21d2Conoce m\u00e1s sobre el Programa Cultura Comunitaria de Comodoro Rivadavia<\/strong>: <\/span><a href=\"http:\/\/cultura.vivamoscomodoro.gob.ar\" target=\"_blank\" rel=\"noopener noreferrer\"><span style=\"font-weight: 400;\">cultura.vivamoscomodoro.gob.ar<\/span><\/a><\/p>\n<p>.<\/p>\n<h4><strong>Lea tambi\u00e9n<\/strong>:<\/h4>\n<p><a href=\"https:\/\/iberculturaviva.org\/comodoro-rivadavia-lanza-la-convocatoria-internacional-proyecto-arte-ceramico-2021\/?lang=es\">Comodoro Rivadavia lanza la convocatoria internacional \u201cProyecto Arte Cer\u00e1mico 2021\u201d<\/a><\/p>\n<p>.<\/p>\n<p><strong><em>(*) Comodoro Rivadavia es una de las municipalidades integrantes de la Red IberCultura Viva de Ciudades y Gobiernos Locales. <a href=\"https:\/\/bit.ly\/2Wsx6j1\" target=\"_blank\" rel=\"noopener noreferrer\">Conoce m\u00e1s sobre la red\u00a0<\/a><\/em><\/strong><\/p>\n<div>\u00a0<\/div>\n\n\n<p><\/p>\n","protected":false},"excerpt":{"rendered":"<p>\u00a0 (Texto y fotos: Secretar\u00eda de Cultura de Comodoro Rivadavia) \u00a0 Con la premisa de acercar el Estado a los barrios y descentralizar la actividad cultural del casco c\u00e9ntrico, la [&hellip;]<\/p>\n","protected":false},"author":2,"featured_media":24635,"comment_status":"closed","ping_status":"closed","sticky":false,"template":"","format":"standard","meta":{"_coblocks_attr":"","_coblocks_dimensions":"","_coblocks_responsive_height":"","_coblocks_accordion_ie_support":"","_EventAllDay":false,"_EventTimezone":"","_EventStartDate":"","_EventEndDate":"","_EventStartDateUTC":"","_EventEndDateUTC":"","_EventShowMap":false,"_EventShowMapLink":false,"_EventURL":"","_EventCost":"","_EventCostDescription":"","_EventCurrencySymbol":"","_EventCurrencyCode":"","_EventCurrencyPosition":"","_EventDateTimeSeparator":"","_EventTimeRangeSeparator":"","_EventOrganizerID":[],"_EventVenueID":[],"_OrganizerEmail":"","_OrganizerPhone":"","_OrganizerWebsite":"","_VenueAddress":"","_VenueCity":"","_VenueCountry":"","_VenueProvince":"","_VenueState":"","_VenueZip":"","_VenuePhone":"","_VenueURL":"","_VenueStateProvince":"","_VenueLat":"","_VenueLng":"","_VenueShowMap":false,"_VenueShowMapLink":false,"footnotes":""},"categories":[262],"tags":[295,289,298],"country-municipality":[],"class_list":["post-24634","post","type-post","status-publish","format-standard","has-post-thumbnail","hentry","category-noticias-es","tag-argentina-3","tag-gobiernos-locales-2","tag-red-de-ciudades-2"],"yoast_head":"<!-- This site is optimized with the Yoast SEO plugin v25.7 - https:\/\/yoast.com\/wordpress\/plugins\/seo\/ -->\n<title>Comodoro Rivadavia: \u201cCultura Comunitaria\u201d como columna vertebral de pol\u00edticas p\u00fablicas y populares - IberCultura Viva<\/title>\n<meta name=\"description\" content=\"Comodoro Rivadavia: \u201cCultura Comunitaria\u201d como columna vertebral de pol\u00edticas p\u00fablicas y populares - IberCultura Viva\" \/>\n<meta name=\"robots\" content=\"index, follow, max-snippet:-1, max-image-preview:large, max-video-preview:-1\" \/>\n<link rel=\"canonical\" href=\"https:\/\/iberculturaviva.org\/es\/comodoro-rivadavia-cultura-comunitaria-como-columna-vertebral-de-politicas-publicas-y-populares\/\" \/>\n<meta property=\"og:locale\" content=\"es_ES\" \/>\n<meta property=\"og:type\" content=\"article\" \/>\n<meta property=\"og:title\" content=\"Comodoro Rivadavia: \u201cCultura Comunitaria\u201d como columna vertebral de pol\u00edticas p\u00fablicas y populares - IberCultura Viva\" \/>\n<meta property=\"og:description\" content=\"Comodoro Rivadavia: \u201cCultura Comunitaria\u201d como columna vertebral de pol\u00edticas p\u00fablicas y populares - IberCultura Viva\" \/>\n<meta property=\"og:url\" content=\"https:\/\/iberculturaviva.org\/es\/comodoro-rivadavia-cultura-comunitaria-como-columna-vertebral-de-politicas-publicas-y-populares\/\" \/>\n<meta property=\"og:site_name\" content=\"IberCultura Viva\" \/>\n<meta property=\"article:publisher\" content=\"https:\/\/www.facebook.com\/iberculturaviva\/\" \/>\n<meta property=\"article:published_time\" content=\"2021-08-28T19:00:15+00:00\" \/>\n<meta property=\"article:modified_time\" content=\"2021-08-30T16:35:34+00:00\" \/>\n<meta property=\"og:image\" content=\"https:\/\/iberculturaviva.org\/wp-content\/uploads\/2021\/08\/dbe469c8-12d2-4464-9f9c-16c7466d952f-5.jpg\" \/>\n\t<meta property=\"og:image:width\" content=\"1024\" \/>\n\t<meta property=\"og:image:height\" content=\"682\" \/>\n\t<meta property=\"og:image:type\" content=\"image\/jpeg\" \/>\n<meta name=\"author\" content=\"IberCultura\" \/>\n<meta name=\"twitter:card\" content=\"summary_large_image\" \/>\n<meta name=\"twitter:label1\" content=\"Escrito por\" \/>\n\t<meta name=\"twitter:data1\" content=\"IberCultura\" \/>\n\t<meta name=\"twitter:label2\" content=\"Tiempo de lectura\" \/>\n\t<meta name=\"twitter:data2\" content=\"4 minutos\" \/>\n<script type=\"application\/ld+json\" class=\"yoast-schema-graph\">{\"@context\":\"https:\/\/schema.org\",\"@graph\":[{\"@type\":\"Article\",\"@id\":\"https:\/\/iberculturaviva.org\/es\/comodoro-rivadavia-cultura-comunitaria-como-columna-vertebral-de-politicas-publicas-y-populares\/#article\",\"isPartOf\":{\"@id\":\"https:\/\/iberculturaviva.org\/es\/comodoro-rivadavia-cultura-comunitaria-como-columna-vertebral-de-politicas-publicas-y-populares\/\"},\"author\":{\"name\":\"IberCultura\",\"@id\":\"https:\/\/iberculturaviva.org\/es\/?lang=es\/#\/schema\/person\/5d1313b072cc25536e0431522f740b59\"},\"headline\":\"Comodoro Rivadavia: \u201cCultura Comunitaria\u201d como columna vertebral de pol\u00edticas p\u00fablicas y populares\",\"datePublished\":\"2021-08-28T19:00:15+00:00\",\"dateModified\":\"2021-08-30T16:35:34+00:00\",\"mainEntityOfPage\":{\"@id\":\"https:\/\/iberculturaviva.org\/es\/comodoro-rivadavia-cultura-comunitaria-como-columna-vertebral-de-politicas-publicas-y-populares\/\"},\"wordCount\":817,\"publisher\":{\"@id\":\"https:\/\/iberculturaviva.org\/es\/?lang=es\/#organization\"},\"image\":{\"@id\":\"https:\/\/iberculturaviva.org\/es\/comodoro-rivadavia-cultura-comunitaria-como-columna-vertebral-de-politicas-publicas-y-populares\/#primaryimage\"},\"thumbnailUrl\":\"https:\/\/iberculturaviva.org\/wp-content\/uploads\/2021\/08\/dbe469c8-12d2-4464-9f9c-16c7466d952f-5.jpg\",\"keywords\":[\"Argentina\",\"gobiernos locales\",\"Red de Ciudades\"],\"articleSection\":[\"Noticias\"],\"inLanguage\":\"es\"},{\"@type\":\"WebPage\",\"@id\":\"https:\/\/iberculturaviva.org\/es\/comodoro-rivadavia-cultura-comunitaria-como-columna-vertebral-de-politicas-publicas-y-populares\/\",\"url\":\"https:\/\/iberculturaviva.org\/es\/comodoro-rivadavia-cultura-comunitaria-como-columna-vertebral-de-politicas-publicas-y-populares\/\",\"name\":\"Comodoro Rivadavia: \u201cCultura Comunitaria\u201d como columna vertebral de pol\u00edticas p\u00fablicas y populares - IberCultura Viva\",\"isPartOf\":{\"@id\":\"https:\/\/iberculturaviva.org\/es\/?lang=es\/#website\"},\"primaryImageOfPage\":{\"@id\":\"https:\/\/iberculturaviva.org\/es\/comodoro-rivadavia-cultura-comunitaria-como-columna-vertebral-de-politicas-publicas-y-populares\/#primaryimage\"},\"image\":{\"@id\":\"https:\/\/iberculturaviva.org\/es\/comodoro-rivadavia-cultura-comunitaria-como-columna-vertebral-de-politicas-publicas-y-populares\/#primaryimage\"},\"thumbnailUrl\":\"https:\/\/iberculturaviva.org\/wp-content\/uploads\/2021\/08\/dbe469c8-12d2-4464-9f9c-16c7466d952f-5.jpg\",\"datePublished\":\"2021-08-28T19:00:15+00:00\",\"dateModified\":\"2021-08-30T16:35:34+00:00\",\"description\":\"Comodoro Rivadavia: \u201cCultura Comunitaria\u201d como columna vertebral de pol\u00edticas p\u00fablicas y populares - IberCultura Viva\",\"breadcrumb\":{\"@id\":\"https:\/\/iberculturaviva.org\/es\/comodoro-rivadavia-cultura-comunitaria-como-columna-vertebral-de-politicas-publicas-y-populares\/#breadcrumb\"},\"inLanguage\":\"es\",\"potentialAction\":[{\"@type\":\"ReadAction\",\"target\":[\"https:\/\/iberculturaviva.org\/es\/comodoro-rivadavia-cultura-comunitaria-como-columna-vertebral-de-politicas-publicas-y-populares\/\"]}]},{\"@type\":\"ImageObject\",\"inLanguage\":\"es\",\"@id\":\"https:\/\/iberculturaviva.org\/es\/comodoro-rivadavia-cultura-comunitaria-como-columna-vertebral-de-politicas-publicas-y-populares\/#primaryimage\",\"url\":\"https:\/\/iberculturaviva.org\/wp-content\/uploads\/2021\/08\/dbe469c8-12d2-4464-9f9c-16c7466d952f-5.jpg\",\"contentUrl\":\"https:\/\/iberculturaviva.org\/wp-content\/uploads\/2021\/08\/dbe469c8-12d2-4464-9f9c-16c7466d952f-5.jpg\",\"width\":1024,\"height\":682},{\"@type\":\"BreadcrumbList\",\"@id\":\"https:\/\/iberculturaviva.org\/es\/comodoro-rivadavia-cultura-comunitaria-como-columna-vertebral-de-politicas-publicas-y-populares\/#breadcrumb\",\"itemListElement\":[{\"@type\":\"ListItem\",\"position\":1,\"name\":\"In\u00edcio\",\"item\":\"https:\/\/iberculturaviva.org\/es\/inicio\/\"},{\"@type\":\"ListItem\",\"position\":2,\"name\":\"Comodoro Rivadavia: \u201cCultura Comunitaria\u201d como columna vertebral de pol\u00edticas p\u00fablicas y populares\"}]},{\"@type\":\"WebSite\",\"@id\":\"https:\/\/iberculturaviva.org\/es\/?lang=es\/#website\",\"url\":\"https:\/\/iberculturaviva.org\/es\/?lang=es\/\",\"name\":\"IberCultura Viva\",\"description\":\"Programa de cooperaci\u00f3n cultural\",\"publisher\":{\"@id\":\"https:\/\/iberculturaviva.org\/es\/?lang=es\/#organization\"},\"potentialAction\":[{\"@type\":\"SearchAction\",\"target\":{\"@type\":\"EntryPoint\",\"urlTemplate\":\"https:\/\/iberculturaviva.org\/es\/?lang=es\/?s={search_term_string}\"},\"query-input\":{\"@type\":\"PropertyValueSpecification\",\"valueRequired\":true,\"valueName\":\"search_term_string\"}}],\"inLanguage\":\"es\"},{\"@type\":\"Organization\",\"@id\":\"https:\/\/iberculturaviva.org\/es\/?lang=es\/#organization\",\"name\":\"Iberculturaviva\",\"url\":\"https:\/\/iberculturaviva.org\/es\/?lang=es\/\",\"logo\":{\"@type\":\"ImageObject\",\"inLanguage\":\"es\",\"@id\":\"https:\/\/iberculturaviva.org\/es\/?lang=es\/#\/schema\/logo\/image\/\",\"url\":\"https:\/\/iberculturaviva.org\/wp-content\/uploads\/2021\/08\/logo_ibercultura_viva.jpg\",\"contentUrl\":\"https:\/\/iberculturaviva.org\/wp-content\/uploads\/2021\/08\/logo_ibercultura_viva.jpg\",\"width\":708,\"height\":223,\"caption\":\"Iberculturaviva\"},\"image\":{\"@id\":\"https:\/\/iberculturaviva.org\/es\/?lang=es\/#\/schema\/logo\/image\/\"},\"sameAs\":[\"https:\/\/www.facebook.com\/iberculturaviva\/\",\"https:\/\/www.instagram.com\/iberculturaviva\/\",\"https:\/\/www.youtube.com\/iberculturaviva\"]},{\"@type\":\"Person\",\"@id\":\"https:\/\/iberculturaviva.org\/es\/?lang=es\/#\/schema\/person\/5d1313b072cc25536e0431522f740b59\",\"name\":\"IberCultura\",\"image\":{\"@type\":\"ImageObject\",\"inLanguage\":\"es\",\"@id\":\"https:\/\/iberculturaviva.org\/es\/?lang=es\/#\/schema\/person\/image\/\",\"url\":\"https:\/\/secure.gravatar.com\/avatar\/79f1a057cb125cbefb3765d0356d52fc7f3bba3a35e2cf22bc4de090bb7aef70?s=96&d=mm&r=g\",\"contentUrl\":\"https:\/\/secure.gravatar.com\/avatar\/79f1a057cb125cbefb3765d0356d52fc7f3bba3a35e2cf22bc4de090bb7aef70?s=96&d=mm&r=g\",\"caption\":\"IberCultura\"}}]}<\/script>\n<!-- \/ Yoast SEO plugin. -->","yoast_head_json":{"title":"Comodoro Rivadavia: \u201cCultura Comunitaria\u201d como columna vertebral de pol\u00edticas p\u00fablicas y populares - IberCultura Viva","description":"Comodoro Rivadavia: \u201cCultura Comunitaria\u201d como columna vertebral de pol\u00edticas p\u00fablicas y populares - IberCultura Viva","robots":{"index":"index","follow":"follow","max-snippet":"max-snippet:-1","max-image-preview":"max-image-preview:large","max-video-preview":"max-video-preview:-1"},"canonical":"https:\/\/iberculturaviva.org\/es\/comodoro-rivadavia-cultura-comunitaria-como-columna-vertebral-de-politicas-publicas-y-populares\/","og_locale":"es_ES","og_type":"article","og_title":"Comodoro Rivadavia: \u201cCultura Comunitaria\u201d como columna vertebral de pol\u00edticas p\u00fablicas y populares - IberCultura Viva","og_description":"Comodoro Rivadavia: \u201cCultura Comunitaria\u201d como columna vertebral de pol\u00edticas p\u00fablicas y populares - IberCultura Viva","og_url":"https:\/\/iberculturaviva.org\/es\/comodoro-rivadavia-cultura-comunitaria-como-columna-vertebral-de-politicas-publicas-y-populares\/","og_site_name":"IberCultura Viva","article_publisher":"https:\/\/www.facebook.com\/iberculturaviva\/","article_published_time":"2021-08-28T19:00:15+00:00","article_modified_time":"2021-08-30T16:35:34+00:00","og_image":[{"width":1024,"height":682,"url":"https:\/\/iberculturaviva.org\/wp-content\/uploads\/2021\/08\/dbe469c8-12d2-4464-9f9c-16c7466d952f-5.jpg","type":"image\/jpeg"}],"author":"IberCultura","twitter_card":"summary_large_image","twitter_misc":{"Escrito por":"IberCultura","Tiempo de lectura":"4 minutos"},"schema":{"@context":"https:\/\/schema.org","@graph":[{"@type":"Article","@id":"https:\/\/iberculturaviva.org\/es\/comodoro-rivadavia-cultura-comunitaria-como-columna-vertebral-de-politicas-publicas-y-populares\/#article","isPartOf":{"@id":"https:\/\/iberculturaviva.org\/es\/comodoro-rivadavia-cultura-comunitaria-como-columna-vertebral-de-politicas-publicas-y-populares\/"},"author":{"name":"IberCultura","@id":"https:\/\/iberculturaviva.org\/es\/?lang=es\/#\/schema\/person\/5d1313b072cc25536e0431522f740b59"},"headline":"Comodoro Rivadavia: \u201cCultura Comunitaria\u201d como columna vertebral de pol\u00edticas p\u00fablicas y populares","datePublished":"2021-08-28T19:00:15+00:00","dateModified":"2021-08-30T16:35:34+00:00","mainEntityOfPage":{"@id":"https:\/\/iberculturaviva.org\/es\/comodoro-rivadavia-cultura-comunitaria-como-columna-vertebral-de-politicas-publicas-y-populares\/"},"wordCount":817,"publisher":{"@id":"https:\/\/iberculturaviva.org\/es\/?lang=es\/#organization"},"image":{"@id":"https:\/\/iberculturaviva.org\/es\/comodoro-rivadavia-cultura-comunitaria-como-columna-vertebral-de-politicas-publicas-y-populares\/#primaryimage"},"thumbnailUrl":"https:\/\/iberculturaviva.org\/wp-content\/uploads\/2021\/08\/dbe469c8-12d2-4464-9f9c-16c7466d952f-5.jpg","keywords":["Argentina","gobiernos locales","Red de Ciudades"],"articleSection":["Noticias"],"inLanguage":"es"},{"@type":"WebPage","@id":"https:\/\/iberculturaviva.org\/es\/comodoro-rivadavia-cultura-comunitaria-como-columna-vertebral-de-politicas-publicas-y-populares\/","url":"https:\/\/iberculturaviva.org\/es\/comodoro-rivadavia-cultura-comunitaria-como-columna-vertebral-de-politicas-publicas-y-populares\/","name":"Comodoro Rivadavia: \u201cCultura Comunitaria\u201d como columna vertebral de pol\u00edticas p\u00fablicas y populares - IberCultura Viva","isPartOf":{"@id":"https:\/\/iberculturaviva.org\/es\/?lang=es\/#website"},"primaryImageOfPage":{"@id":"https:\/\/iberculturaviva.org\/es\/comodoro-rivadavia-cultura-comunitaria-como-columna-vertebral-de-politicas-publicas-y-populares\/#primaryimage"},"image":{"@id":"https:\/\/iberculturaviva.org\/es\/comodoro-rivadavia-cultura-comunitaria-como-columna-vertebral-de-politicas-publicas-y-populares\/#primaryimage"},"thumbnailUrl":"https:\/\/iberculturaviva.org\/wp-content\/uploads\/2021\/08\/dbe469c8-12d2-4464-9f9c-16c7466d952f-5.jpg","datePublished":"2021-08-28T19:00:15+00:00","dateModified":"2021-08-30T16:35:34+00:00","description":"Comodoro Rivadavia: \u201cCultura Comunitaria\u201d como columna vertebral de pol\u00edticas p\u00fablicas y populares - IberCultura Viva","breadcrumb":{"@id":"https:\/\/iberculturaviva.org\/es\/comodoro-rivadavia-cultura-comunitaria-como-columna-vertebral-de-politicas-publicas-y-populares\/#breadcrumb"},"inLanguage":"es","potentialAction":[{"@type":"ReadAction","target":["https:\/\/iberculturaviva.org\/es\/comodoro-rivadavia-cultura-comunitaria-como-columna-vertebral-de-politicas-publicas-y-populares\/"]}]},{"@type":"ImageObject","inLanguage":"es","@id":"https:\/\/iberculturaviva.org\/es\/comodoro-rivadavia-cultura-comunitaria-como-columna-vertebral-de-politicas-publicas-y-populares\/#primaryimage","url":"https:\/\/iberculturaviva.org\/wp-content\/uploads\/2021\/08\/dbe469c8-12d2-4464-9f9c-16c7466d952f-5.jpg","contentUrl":"https:\/\/iberculturaviva.org\/wp-content\/uploads\/2021\/08\/dbe469c8-12d2-4464-9f9c-16c7466d952f-5.jpg","width":1024,"height":682},{"@type":"BreadcrumbList","@id":"https:\/\/iberculturaviva.org\/es\/comodoro-rivadavia-cultura-comunitaria-como-columna-vertebral-de-politicas-publicas-y-populares\/#breadcrumb","itemListElement":[{"@type":"ListItem","position":1,"name":"In\u00edcio","item":"https:\/\/iberculturaviva.org\/es\/inicio\/"},{"@type":"ListItem","position":2,"name":"Comodoro Rivadavia: \u201cCultura Comunitaria\u201d como columna vertebral de pol\u00edticas p\u00fablicas y populares"}]},{"@type":"WebSite","@id":"https:\/\/iberculturaviva.org\/es\/?lang=es\/#website","url":"https:\/\/iberculturaviva.org\/es\/?lang=es\/","name":"IberCultura Viva","description":"Programa de cooperaci\u00f3n cultural","publisher":{"@id":"https:\/\/iberculturaviva.org\/es\/?lang=es\/#organization"},"potentialAction":[{"@type":"SearchAction","target":{"@type":"EntryPoint","urlTemplate":"https:\/\/iberculturaviva.org\/es\/?lang=es\/?s={search_term_string}"},"query-input":{"@type":"PropertyValueSpecification","valueRequired":true,"valueName":"search_term_string"}}],"inLanguage":"es"},{"@type":"Organization","@id":"https:\/\/iberculturaviva.org\/es\/?lang=es\/#organization","name":"Iberculturaviva","url":"https:\/\/iberculturaviva.org\/es\/?lang=es\/","logo":{"@type":"ImageObject","inLanguage":"es","@id":"https:\/\/iberculturaviva.org\/es\/?lang=es\/#\/schema\/logo\/image\/","url":"https:\/\/iberculturaviva.org\/wp-content\/uploads\/2021\/08\/logo_ibercultura_viva.jpg","contentUrl":"https:\/\/iberculturaviva.org\/wp-content\/uploads\/2021\/08\/logo_ibercultura_viva.jpg","width":708,"height":223,"caption":"Iberculturaviva"},"image":{"@id":"https:\/\/iberculturaviva.org\/es\/?lang=es\/#\/schema\/logo\/image\/"},"sameAs":["https:\/\/www.facebook.com\/iberculturaviva\/","https:\/\/www.instagram.com\/iberculturaviva\/","https:\/\/www.youtube.com\/iberculturaviva"]},{"@type":"Person","@id":"https:\/\/iberculturaviva.org\/es\/?lang=es\/#\/schema\/person\/5d1313b072cc25536e0431522f740b59","name":"IberCultura","image":{"@type":"ImageObject","inLanguage":"es","@id":"https:\/\/iberculturaviva.org\/es\/?lang=es\/#\/schema\/person\/image\/","url":"https:\/\/secure.gravatar.com\/avatar\/79f1a057cb125cbefb3765d0356d52fc7f3bba3a35e2cf22bc4de090bb7aef70?s=96&d=mm&r=g","contentUrl":"https:\/\/secure.gravatar.com\/avatar\/79f1a057cb125cbefb3765d0356d52fc7f3bba3a35e2cf22bc4de090bb7aef70?s=96&d=mm&r=g","caption":"IberCultura"}}]}},"main_category":{"link":"https:\/\/iberculturaviva.org\/es\/category\/noticias-es\/","name":"Noticias","slug":"noticias-es"},"_links":{"self":[{"href":"https:\/\/iberculturaviva.org\/es\/wp-json\/wp\/v2\/posts\/24634","targetHints":{"allow":["GET"]}}],"collection":[{"href":"https:\/\/iberculturaviva.org\/es\/wp-json\/wp\/v2\/posts"}],"about":[{"href":"https:\/\/iberculturaviva.org\/es\/wp-json\/wp\/v2\/types\/post"}],"author":[{"embeddable":true,"href":"https:\/\/iberculturaviva.org\/es\/wp-json\/wp\/v2\/users\/2"}],"replies":[{"embeddable":true,"href":"https:\/\/iberculturaviva.org\/es\/wp-json\/wp\/v2\/comments?post=24634"}],"version-history":[{"count":5,"href":"https:\/\/iberculturaviva.org\/es\/wp-json\/wp\/v2\/posts\/24634\/revisions"}],"predecessor-version":[{"id":24680,"href":"https:\/\/iberculturaviva.org\/es\/wp-json\/wp\/v2\/posts\/24634\/revisions\/24680"}],"wp:featuredmedia":[{"embeddable":true,"href":"https:\/\/iberculturaviva.org\/es\/wp-json\/wp\/v2\/media\/24635"}],"wp:attachment":[{"href":"https:\/\/iberculturaviva.org\/es\/wp-json\/wp\/v2\/media?parent=24634"}],"wp:term":[{"taxonomy":"category","embeddable":true,"href":"https:\/\/iberculturaviva.org\/es\/wp-json\/wp\/v2\/categories?post=24634"},{"taxonomy":"post_tag","embeddable":true,"href":"https:\/\/iberculturaviva.org\/es\/wp-json\/wp\/v2\/tags?post=24634"},{"taxonomy":"country-municipality","embeddable":true,"href":"https:\/\/iberculturaviva.org\/es\/wp-json\/wp\/v2\/country-municipality?post=24634"}],"curies":[{"name":"wp","href":"https:\/\/api.w.org\/{rel}","templated":true}]}}