{"id":24594,"date":"2021-08-27T17:17:28","date_gmt":"2021-08-27T20:17:28","guid":{"rendered":"https:\/\/iberculturaviva.org\/?p=24594"},"modified":"2021-08-28T11:54:06","modified_gmt":"2021-08-28T14:54:06","slug":"comodoro-rivadavia-lanza-la-convocatoria-internacional-proyecto-arte-ceramico-2021","status":"publish","type":"post","link":"https:\/\/iberculturaviva.org\/es\/comodoro-rivadavia-lanza-la-convocatoria-internacional-proyecto-arte-ceramico-2021\/","title":{"rendered":"Comodoro Rivadavia lanza la convocatoria internacional \u201cProyecto Arte Cer\u00e1mico 2021\u201d"},"content":{"rendered":"<p style=\"text-align: justify;\">\n<p style=\"text-align: justify;\"><span style=\"font-weight: 400;\">La Secretar\u00eda de Cultura de la Municipalidad de Comodoro Rivadavia (Argentina) abri\u00f3 una convocatoria internacional que busca generar un espacio de visualizaci\u00f3n del arte cer\u00e1mico, con una tem\u00e1tica alusiva al cuidado y la protecci\u00f3n del ambiente. La propuesta est\u00e1 destinada a maestros\/as ceramistas, artesanos\/as, estudiantes de arte y p\u00fablico en general de todos los pa\u00edses de Latinoam\u00e9rica. La presentaci\u00f3n de las piezas podr\u00e1 realizarse hasta el 21 de septiembre.<\/span><\/p>\n<p style=\"text-align: justify;\"><span style=\"font-weight: 400;\"><a href=\"https:\/\/iberculturaviva.org\/wp-content\/uploads\/2021\/08\/WhatsApp-Image-2021-08-27-at-08.39.58.jpeg\"><img loading=\"lazy\" decoding=\"async\" class=\"alignright\" src=\"https:\/\/iberculturaviva.org\/wp-content\/uploads\/2021\/08\/WhatsApp-Image-2021-08-27-at-08.39.58.jpeg\" width=\"216\" height=\"216\" \/><\/a>El Proyecto Arte Cer\u00e1mico 2021 es una iniciativa de la Secretar\u00eda de Cultura junto a uno de los ceramistas m\u00e1s reconocidos de la ciudad, Oscar B\u00f3scaro. La invitaci\u00f3n es para que participen con una pieza de cer\u00e1mica de confecci\u00f3n artesanal, que ser\u00e1 amurada, de forma permanente y a modo de exposici\u00f3n, en la v\u00eda p\u00fablica de la ciudad cabecera de la regi\u00f3n Patag\u00f3nica Argentina. La convocatoria no reviste car\u00e1cter de competencia y\/o concurso, por lo que se tendr\u00e1n en cuenta todas las obras que cumplan con los requisitos exigidos en las bases y condiciones.<\/span><\/p>\n<p style=\"text-align: justify;\"><span style=\"font-weight: 400;\">La secretaria de Cultura, Liliana Peralta, remarc\u00f3 que esta propuesta surge en el marco de las pol\u00edticas culturales de base comunitaria implementadas a partir de la adhesi\u00f3n del municipio a la Red IberCultura Viva de Ciudades y Gobiernos Locales,\u201den donde la construcci\u00f3n a partir de lo colectivo es el pilar para la visualizaci\u00f3n, en este caso, del arte cer\u00e1mico\u201d.<\/span><\/p>\n<p style=\"text-align: justify;\"><span style=\"font-weight: 400;\">En cuanto a la tem\u00e1tica que atraviesa a esta primera edici\u00f3n de la convocatoria, explic\u00f3 que en Comodoro Rivadavia est\u00e1n trabajando muchos proyectos bajo la consigna de generar un cambio educativo y social con respecto al medio ambiente; y en esa l\u00ednea, decidieron acompa\u00f1ar con este proyecto.\u00a0<\/span><\/p>\n<p style=\"text-align: justify;\"><span style=\"font-weight: 400;\">La recepci\u00f3n de obras ser\u00e1 hasta el 21 de septiembre, en el Centro de Informaci\u00f3n P\u00fablica (CIP), ubicado en M. Ab\u00e1solo y Dr. Scocco\u00a0 S\/N, CP 9000, Comodoro Rivadavia, Chubut Argentina. Las piezas pueden enviarse por servicio de correo postal.<\/span><\/p>\n<p style=\"text-align: justify;\">.<\/p>\n<p style=\"text-align: justify;\"><strong>Revisa las bases y condiciones<\/strong><span style=\"font-weight: 400;\">: <\/span><a href=\"http:\/\/cultura.vivamoscomodoro.gob.ar\"><span style=\"font-weight: 400;\">cultura.vivamoscomodoro.gob.ar<\/span><\/a><span style=\"font-weight: 400;\">.<\/span><\/p>\n<p><strong>Consultas:<\/strong><a href=\"mailto:artesaniasdecomodoro@hotmail.com\"><span style=\"font-weight: 400;\"> artesaniasdecomodoro@hotmail.com<\/span><\/a><span style=\"font-weight: 400;\">\u00a0<\/span><\/p>\n<p><strong>M\u00e1s informaci\u00f3n<\/strong><span style=\"font-weight: 400;\">: 54(297) 406-3184, de lunes a viernes, de las 8:30 a las 14:00 horas (ARG).<\/span><\/p>\n<h4>.<\/h4>\n<h4><strong>(Fuente: Secretar\u00eda de Cultura de la Municipalidad de Comodoro Rivadavia)<\/strong><\/h4>\n","protected":false},"excerpt":{"rendered":"<p>La Secretar\u00eda de Cultura de la Municipalidad de Comodoro Rivadavia (Argentina) abri\u00f3 una convocatoria internacional que busca generar un espacio de visualizaci\u00f3n del arte cer\u00e1mico, con una tem\u00e1tica alusiva al [&hellip;]<\/p>\n","protected":false},"author":2,"featured_media":0,"comment_status":"closed","ping_status":"closed","sticky":false,"template":"","format":"standard","meta":{"_coblocks_attr":"","_coblocks_dimensions":"","_coblocks_responsive_height":"","_coblocks_accordion_ie_support":"","_EventAllDay":false,"_EventTimezone":"","_EventStartDate":"","_EventEndDate":"","_EventStartDateUTC":"","_EventEndDateUTC":"","_EventShowMap":false,"_EventShowMapLink":false,"_EventURL":"","_EventCost":"","_EventCostDescription":"","_EventCurrencySymbol":"","_EventCurrencyCode":"","_EventCurrencyPosition":"","_EventDateTimeSeparator":"","_EventTimeRangeSeparator":"","_EventOrganizerID":[],"_EventVenueID":[],"_OrganizerEmail":"","_OrganizerPhone":"","_OrganizerWebsite":"","_VenueAddress":"","_VenueCity":"","_VenueCountry":"","_VenueProvince":"","_VenueState":"","_VenueZip":"","_VenuePhone":"","_VenueURL":"","_VenueStateProvince":"","_VenueLat":"","_VenueLng":"","_VenueShowMap":false,"_VenueShowMapLink":false,"footnotes":""},"categories":[262],"tags":[295,289,298],"country-municipality":[],"class_list":["post-24594","post","type-post","status-publish","format-standard","hentry","category-noticias-es","tag-argentina-3","tag-gobiernos-locales-2","tag-red-de-ciudades-2"],"yoast_head":"<!-- This site is optimized with the Yoast SEO plugin v25.7 - https:\/\/yoast.com\/wordpress\/plugins\/seo\/ -->\n<title>Comodoro Rivadavia lanza la convocatoria internacional \u201cProyecto Arte Cer\u00e1mico 2021\u201d - IberCultura Viva<\/title>\n<meta name=\"description\" content=\"Comodoro Rivadavia lanza la convocatoria internacional \u201cProyecto Arte Cer\u00e1mico 2021\u201d - IberCultura Viva\" \/>\n<meta name=\"robots\" content=\"index, follow, max-snippet:-1, max-image-preview:large, max-video-preview:-1\" \/>\n<link rel=\"canonical\" href=\"https:\/\/iberculturaviva.org\/es\/comodoro-rivadavia-lanza-la-convocatoria-internacional-proyecto-arte-ceramico-2021\/\" \/>\n<meta property=\"og:locale\" content=\"es_ES\" \/>\n<meta property=\"og:type\" content=\"article\" \/>\n<meta property=\"og:title\" content=\"Comodoro Rivadavia lanza la convocatoria internacional \u201cProyecto Arte Cer\u00e1mico 2021\u201d - IberCultura Viva\" \/>\n<meta property=\"og:description\" content=\"Comodoro Rivadavia lanza la convocatoria internacional \u201cProyecto Arte Cer\u00e1mico 2021\u201d - IberCultura Viva\" \/>\n<meta property=\"og:url\" content=\"https:\/\/iberculturaviva.org\/es\/comodoro-rivadavia-lanza-la-convocatoria-internacional-proyecto-arte-ceramico-2021\/\" \/>\n<meta property=\"og:site_name\" content=\"IberCultura Viva\" \/>\n<meta property=\"article:publisher\" content=\"https:\/\/www.facebook.com\/iberculturaviva\/\" \/>\n<meta property=\"article:published_time\" content=\"2021-08-27T20:17:28+00:00\" \/>\n<meta property=\"article:modified_time\" content=\"2021-08-28T14:54:06+00:00\" \/>\n<meta property=\"og:image\" content=\"https:\/\/iberculturaviva.org\/wp-content\/uploads\/2021\/08\/WhatsApp-Image-2021-08-27-at-08.39.58.jpeg\" \/>\n<meta name=\"author\" content=\"IberCultura\" \/>\n<meta name=\"twitter:card\" content=\"summary_large_image\" \/>\n<meta name=\"twitter:label1\" content=\"Escrito por\" \/>\n\t<meta name=\"twitter:data1\" content=\"IberCultura\" \/>\n\t<meta name=\"twitter:label2\" content=\"Tiempo de lectura\" \/>\n\t<meta name=\"twitter:data2\" content=\"2 minutos\" \/>\n<script type=\"application\/ld+json\" class=\"yoast-schema-graph\">{\"@context\":\"https:\/\/schema.org\",\"@graph\":[{\"@type\":\"Article\",\"@id\":\"https:\/\/iberculturaviva.org\/es\/comodoro-rivadavia-lanza-la-convocatoria-internacional-proyecto-arte-ceramico-2021\/#article\",\"isPartOf\":{\"@id\":\"https:\/\/iberculturaviva.org\/es\/comodoro-rivadavia-lanza-la-convocatoria-internacional-proyecto-arte-ceramico-2021\/\"},\"author\":{\"name\":\"IberCultura\",\"@id\":\"https:\/\/iberculturaviva.org\/es\/?lang=es\/#\/schema\/person\/5d1313b072cc25536e0431522f740b59\"},\"headline\":\"Comodoro Rivadavia lanza la convocatoria internacional \u201cProyecto Arte Cer\u00e1mico 2021\u201d\",\"datePublished\":\"2021-08-27T20:17:28+00:00\",\"dateModified\":\"2021-08-28T14:54:06+00:00\",\"mainEntityOfPage\":{\"@id\":\"https:\/\/iberculturaviva.org\/es\/comodoro-rivadavia-lanza-la-convocatoria-internacional-proyecto-arte-ceramico-2021\/\"},\"wordCount\":396,\"publisher\":{\"@id\":\"https:\/\/iberculturaviva.org\/es\/?lang=es\/#organization\"},\"image\":{\"@id\":\"https:\/\/iberculturaviva.org\/es\/comodoro-rivadavia-lanza-la-convocatoria-internacional-proyecto-arte-ceramico-2021\/#primaryimage\"},\"thumbnailUrl\":\"https:\/\/iberculturaviva.org\/wp-content\/uploads\/2021\/08\/WhatsApp-Image-2021-08-27-at-08.39.58.jpeg\",\"keywords\":[\"Argentina\",\"gobiernos locales\",\"Red de Ciudades\"],\"articleSection\":[\"Noticias\"],\"inLanguage\":\"es\"},{\"@type\":\"WebPage\",\"@id\":\"https:\/\/iberculturaviva.org\/es\/comodoro-rivadavia-lanza-la-convocatoria-internacional-proyecto-arte-ceramico-2021\/\",\"url\":\"https:\/\/iberculturaviva.org\/es\/comodoro-rivadavia-lanza-la-convocatoria-internacional-proyecto-arte-ceramico-2021\/\",\"name\":\"Comodoro Rivadavia lanza la convocatoria internacional \u201cProyecto Arte Cer\u00e1mico 2021\u201d - IberCultura Viva\",\"isPartOf\":{\"@id\":\"https:\/\/iberculturaviva.org\/es\/?lang=es\/#website\"},\"primaryImageOfPage\":{\"@id\":\"https:\/\/iberculturaviva.org\/es\/comodoro-rivadavia-lanza-la-convocatoria-internacional-proyecto-arte-ceramico-2021\/#primaryimage\"},\"image\":{\"@id\":\"https:\/\/iberculturaviva.org\/es\/comodoro-rivadavia-lanza-la-convocatoria-internacional-proyecto-arte-ceramico-2021\/#primaryimage\"},\"thumbnailUrl\":\"https:\/\/iberculturaviva.org\/wp-content\/uploads\/2021\/08\/WhatsApp-Image-2021-08-27-at-08.39.58.jpeg\",\"datePublished\":\"2021-08-27T20:17:28+00:00\",\"dateModified\":\"2021-08-28T14:54:06+00:00\",\"description\":\"Comodoro Rivadavia lanza la convocatoria internacional \u201cProyecto Arte Cer\u00e1mico 2021\u201d - IberCultura Viva\",\"breadcrumb\":{\"@id\":\"https:\/\/iberculturaviva.org\/es\/comodoro-rivadavia-lanza-la-convocatoria-internacional-proyecto-arte-ceramico-2021\/#breadcrumb\"},\"inLanguage\":\"es\",\"potentialAction\":[{\"@type\":\"ReadAction\",\"target\":[\"https:\/\/iberculturaviva.org\/es\/comodoro-rivadavia-lanza-la-convocatoria-internacional-proyecto-arte-ceramico-2021\/\"]}]},{\"@type\":\"ImageObject\",\"inLanguage\":\"es\",\"@id\":\"https:\/\/iberculturaviva.org\/es\/comodoro-rivadavia-lanza-la-convocatoria-internacional-proyecto-arte-ceramico-2021\/#primaryimage\",\"url\":\"https:\/\/iberculturaviva.org\/wp-content\/uploads\/2021\/08\/WhatsApp-Image-2021-08-27-at-08.39.58.jpeg\",\"contentUrl\":\"https:\/\/iberculturaviva.org\/wp-content\/uploads\/2021\/08\/WhatsApp-Image-2021-08-27-at-08.39.58.jpeg\"},{\"@type\":\"BreadcrumbList\",\"@id\":\"https:\/\/iberculturaviva.org\/es\/comodoro-rivadavia-lanza-la-convocatoria-internacional-proyecto-arte-ceramico-2021\/#breadcrumb\",\"itemListElement\":[{\"@type\":\"ListItem\",\"position\":1,\"name\":\"In\u00edcio\",\"item\":\"https:\/\/iberculturaviva.org\/es\/inicio\/\"},{\"@type\":\"ListItem\",\"position\":2,\"name\":\"Comodoro Rivadavia lanza la convocatoria internacional \u201cProyecto Arte Cer\u00e1mico 2021\u201d\"}]},{\"@type\":\"WebSite\",\"@id\":\"https:\/\/iberculturaviva.org\/es\/?lang=es\/#website\",\"url\":\"https:\/\/iberculturaviva.org\/es\/?lang=es\/\",\"name\":\"IberCultura Viva\",\"description\":\"Programa de cooperaci\u00f3n cultural\",\"publisher\":{\"@id\":\"https:\/\/iberculturaviva.org\/es\/?lang=es\/#organization\"},\"potentialAction\":[{\"@type\":\"SearchAction\",\"target\":{\"@type\":\"EntryPoint\",\"urlTemplate\":\"https:\/\/iberculturaviva.org\/es\/?lang=es\/?s={search_term_string}\"},\"query-input\":{\"@type\":\"PropertyValueSpecification\",\"valueRequired\":true,\"valueName\":\"search_term_string\"}}],\"inLanguage\":\"es\"},{\"@type\":\"Organization\",\"@id\":\"https:\/\/iberculturaviva.org\/es\/?lang=es\/#organization\",\"name\":\"Iberculturaviva\",\"url\":\"https:\/\/iberculturaviva.org\/es\/?lang=es\/\",\"logo\":{\"@type\":\"ImageObject\",\"inLanguage\":\"es\",\"@id\":\"https:\/\/iberculturaviva.org\/es\/?lang=es\/#\/schema\/logo\/image\/\",\"url\":\"https:\/\/iberculturaviva.org\/wp-content\/uploads\/2021\/08\/logo_ibercultura_viva.jpg\",\"contentUrl\":\"https:\/\/iberculturaviva.org\/wp-content\/uploads\/2021\/08\/logo_ibercultura_viva.jpg\",\"width\":708,\"height\":223,\"caption\":\"Iberculturaviva\"},\"image\":{\"@id\":\"https:\/\/iberculturaviva.org\/es\/?lang=es\/#\/schema\/logo\/image\/\"},\"sameAs\":[\"https:\/\/www.facebook.com\/iberculturaviva\/\",\"https:\/\/www.instagram.com\/iberculturaviva\/\",\"https:\/\/www.youtube.com\/iberculturaviva\"]},{\"@type\":\"Person\",\"@id\":\"https:\/\/iberculturaviva.org\/es\/?lang=es\/#\/schema\/person\/5d1313b072cc25536e0431522f740b59\",\"name\":\"IberCultura\",\"image\":{\"@type\":\"ImageObject\",\"inLanguage\":\"es\",\"@id\":\"https:\/\/iberculturaviva.org\/es\/?lang=es\/#\/schema\/person\/image\/\",\"url\":\"https:\/\/secure.gravatar.com\/avatar\/79f1a057cb125cbefb3765d0356d52fc7f3bba3a35e2cf22bc4de090bb7aef70?s=96&d=mm&r=g\",\"contentUrl\":\"https:\/\/secure.gravatar.com\/avatar\/79f1a057cb125cbefb3765d0356d52fc7f3bba3a35e2cf22bc4de090bb7aef70?s=96&d=mm&r=g\",\"caption\":\"IberCultura\"}}]}<\/script>\n<!-- \/ Yoast SEO plugin. -->","yoast_head_json":{"title":"Comodoro Rivadavia lanza la convocatoria internacional \u201cProyecto Arte Cer\u00e1mico 2021\u201d - IberCultura Viva","description":"Comodoro Rivadavia lanza la convocatoria internacional \u201cProyecto Arte Cer\u00e1mico 2021\u201d - IberCultura Viva","robots":{"index":"index","follow":"follow","max-snippet":"max-snippet:-1","max-image-preview":"max-image-preview:large","max-video-preview":"max-video-preview:-1"},"canonical":"https:\/\/iberculturaviva.org\/es\/comodoro-rivadavia-lanza-la-convocatoria-internacional-proyecto-arte-ceramico-2021\/","og_locale":"es_ES","og_type":"article","og_title":"Comodoro Rivadavia lanza la convocatoria internacional \u201cProyecto Arte Cer\u00e1mico 2021\u201d - IberCultura Viva","og_description":"Comodoro Rivadavia lanza la convocatoria internacional \u201cProyecto Arte Cer\u00e1mico 2021\u201d - IberCultura Viva","og_url":"https:\/\/iberculturaviva.org\/es\/comodoro-rivadavia-lanza-la-convocatoria-internacional-proyecto-arte-ceramico-2021\/","og_site_name":"IberCultura Viva","article_publisher":"https:\/\/www.facebook.com\/iberculturaviva\/","article_published_time":"2021-08-27T20:17:28+00:00","article_modified_time":"2021-08-28T14:54:06+00:00","og_image":[{"url":"https:\/\/iberculturaviva.org\/wp-content\/uploads\/2021\/08\/WhatsApp-Image-2021-08-27-at-08.39.58.jpeg","type":"","width":"","height":""}],"author":"IberCultura","twitter_card":"summary_large_image","twitter_misc":{"Escrito por":"IberCultura","Tiempo de lectura":"2 minutos"},"schema":{"@context":"https:\/\/schema.org","@graph":[{"@type":"Article","@id":"https:\/\/iberculturaviva.org\/es\/comodoro-rivadavia-lanza-la-convocatoria-internacional-proyecto-arte-ceramico-2021\/#article","isPartOf":{"@id":"https:\/\/iberculturaviva.org\/es\/comodoro-rivadavia-lanza-la-convocatoria-internacional-proyecto-arte-ceramico-2021\/"},"author":{"name":"IberCultura","@id":"https:\/\/iberculturaviva.org\/es\/?lang=es\/#\/schema\/person\/5d1313b072cc25536e0431522f740b59"},"headline":"Comodoro Rivadavia lanza la convocatoria internacional \u201cProyecto Arte Cer\u00e1mico 2021\u201d","datePublished":"2021-08-27T20:17:28+00:00","dateModified":"2021-08-28T14:54:06+00:00","mainEntityOfPage":{"@id":"https:\/\/iberculturaviva.org\/es\/comodoro-rivadavia-lanza-la-convocatoria-internacional-proyecto-arte-ceramico-2021\/"},"wordCount":396,"publisher":{"@id":"https:\/\/iberculturaviva.org\/es\/?lang=es\/#organization"},"image":{"@id":"https:\/\/iberculturaviva.org\/es\/comodoro-rivadavia-lanza-la-convocatoria-internacional-proyecto-arte-ceramico-2021\/#primaryimage"},"thumbnailUrl":"https:\/\/iberculturaviva.org\/wp-content\/uploads\/2021\/08\/WhatsApp-Image-2021-08-27-at-08.39.58.jpeg","keywords":["Argentina","gobiernos locales","Red de Ciudades"],"articleSection":["Noticias"],"inLanguage":"es"},{"@type":"WebPage","@id":"https:\/\/iberculturaviva.org\/es\/comodoro-rivadavia-lanza-la-convocatoria-internacional-proyecto-arte-ceramico-2021\/","url":"https:\/\/iberculturaviva.org\/es\/comodoro-rivadavia-lanza-la-convocatoria-internacional-proyecto-arte-ceramico-2021\/","name":"Comodoro Rivadavia lanza la convocatoria internacional \u201cProyecto Arte Cer\u00e1mico 2021\u201d - IberCultura Viva","isPartOf":{"@id":"https:\/\/iberculturaviva.org\/es\/?lang=es\/#website"},"primaryImageOfPage":{"@id":"https:\/\/iberculturaviva.org\/es\/comodoro-rivadavia-lanza-la-convocatoria-internacional-proyecto-arte-ceramico-2021\/#primaryimage"},"image":{"@id":"https:\/\/iberculturaviva.org\/es\/comodoro-rivadavia-lanza-la-convocatoria-internacional-proyecto-arte-ceramico-2021\/#primaryimage"},"thumbnailUrl":"https:\/\/iberculturaviva.org\/wp-content\/uploads\/2021\/08\/WhatsApp-Image-2021-08-27-at-08.39.58.jpeg","datePublished":"2021-08-27T20:17:28+00:00","dateModified":"2021-08-28T14:54:06+00:00","description":"Comodoro Rivadavia lanza la convocatoria internacional \u201cProyecto Arte Cer\u00e1mico 2021\u201d - IberCultura Viva","breadcrumb":{"@id":"https:\/\/iberculturaviva.org\/es\/comodoro-rivadavia-lanza-la-convocatoria-internacional-proyecto-arte-ceramico-2021\/#breadcrumb"},"inLanguage":"es","potentialAction":[{"@type":"ReadAction","target":["https:\/\/iberculturaviva.org\/es\/comodoro-rivadavia-lanza-la-convocatoria-internacional-proyecto-arte-ceramico-2021\/"]}]},{"@type":"ImageObject","inLanguage":"es","@id":"https:\/\/iberculturaviva.org\/es\/comodoro-rivadavia-lanza-la-convocatoria-internacional-proyecto-arte-ceramico-2021\/#primaryimage","url":"https:\/\/iberculturaviva.org\/wp-content\/uploads\/2021\/08\/WhatsApp-Image-2021-08-27-at-08.39.58.jpeg","contentUrl":"https:\/\/iberculturaviva.org\/wp-content\/uploads\/2021\/08\/WhatsApp-Image-2021-08-27-at-08.39.58.jpeg"},{"@type":"BreadcrumbList","@id":"https:\/\/iberculturaviva.org\/es\/comodoro-rivadavia-lanza-la-convocatoria-internacional-proyecto-arte-ceramico-2021\/#breadcrumb","itemListElement":[{"@type":"ListItem","position":1,"name":"In\u00edcio","item":"https:\/\/iberculturaviva.org\/es\/inicio\/"},{"@type":"ListItem","position":2,"name":"Comodoro Rivadavia lanza la convocatoria internacional \u201cProyecto Arte Cer\u00e1mico 2021\u201d"}]},{"@type":"WebSite","@id":"https:\/\/iberculturaviva.org\/es\/?lang=es\/#website","url":"https:\/\/iberculturaviva.org\/es\/?lang=es\/","name":"IberCultura Viva","description":"Programa de cooperaci\u00f3n cultural","publisher":{"@id":"https:\/\/iberculturaviva.org\/es\/?lang=es\/#organization"},"potentialAction":[{"@type":"SearchAction","target":{"@type":"EntryPoint","urlTemplate":"https:\/\/iberculturaviva.org\/es\/?lang=es\/?s={search_term_string}"},"query-input":{"@type":"PropertyValueSpecification","valueRequired":true,"valueName":"search_term_string"}}],"inLanguage":"es"},{"@type":"Organization","@id":"https:\/\/iberculturaviva.org\/es\/?lang=es\/#organization","name":"Iberculturaviva","url":"https:\/\/iberculturaviva.org\/es\/?lang=es\/","logo":{"@type":"ImageObject","inLanguage":"es","@id":"https:\/\/iberculturaviva.org\/es\/?lang=es\/#\/schema\/logo\/image\/","url":"https:\/\/iberculturaviva.org\/wp-content\/uploads\/2021\/08\/logo_ibercultura_viva.jpg","contentUrl":"https:\/\/iberculturaviva.org\/wp-content\/uploads\/2021\/08\/logo_ibercultura_viva.jpg","width":708,"height":223,"caption":"Iberculturaviva"},"image":{"@id":"https:\/\/iberculturaviva.org\/es\/?lang=es\/#\/schema\/logo\/image\/"},"sameAs":["https:\/\/www.facebook.com\/iberculturaviva\/","https:\/\/www.instagram.com\/iberculturaviva\/","https:\/\/www.youtube.com\/iberculturaviva"]},{"@type":"Person","@id":"https:\/\/iberculturaviva.org\/es\/?lang=es\/#\/schema\/person\/5d1313b072cc25536e0431522f740b59","name":"IberCultura","image":{"@type":"ImageObject","inLanguage":"es","@id":"https:\/\/iberculturaviva.org\/es\/?lang=es\/#\/schema\/person\/image\/","url":"https:\/\/secure.gravatar.com\/avatar\/79f1a057cb125cbefb3765d0356d52fc7f3bba3a35e2cf22bc4de090bb7aef70?s=96&d=mm&r=g","contentUrl":"https:\/\/secure.gravatar.com\/avatar\/79f1a057cb125cbefb3765d0356d52fc7f3bba3a35e2cf22bc4de090bb7aef70?s=96&d=mm&r=g","caption":"IberCultura"}}]}},"main_category":{"link":"https:\/\/iberculturaviva.org\/es\/category\/noticias-es\/","name":"Noticias","slug":"noticias-es"},"_links":{"self":[{"href":"https:\/\/iberculturaviva.org\/es\/wp-json\/wp\/v2\/posts\/24594","targetHints":{"allow":["GET"]}}],"collection":[{"href":"https:\/\/iberculturaviva.org\/es\/wp-json\/wp\/v2\/posts"}],"about":[{"href":"https:\/\/iberculturaviva.org\/es\/wp-json\/wp\/v2\/types\/post"}],"author":[{"embeddable":true,"href":"https:\/\/iberculturaviva.org\/es\/wp-json\/wp\/v2\/users\/2"}],"replies":[{"embeddable":true,"href":"https:\/\/iberculturaviva.org\/es\/wp-json\/wp\/v2\/comments?post=24594"}],"version-history":[{"count":3,"href":"https:\/\/iberculturaviva.org\/es\/wp-json\/wp\/v2\/posts\/24594\/revisions"}],"predecessor-version":[{"id":24616,"href":"https:\/\/iberculturaviva.org\/es\/wp-json\/wp\/v2\/posts\/24594\/revisions\/24616"}],"wp:attachment":[{"href":"https:\/\/iberculturaviva.org\/es\/wp-json\/wp\/v2\/media?parent=24594"}],"wp:term":[{"taxonomy":"category","embeddable":true,"href":"https:\/\/iberculturaviva.org\/es\/wp-json\/wp\/v2\/categories?post=24594"},{"taxonomy":"post_tag","embeddable":true,"href":"https:\/\/iberculturaviva.org\/es\/wp-json\/wp\/v2\/tags?post=24594"},{"taxonomy":"country-municipality","embeddable":true,"href":"https:\/\/iberculturaviva.org\/es\/wp-json\/wp\/v2\/country-municipality?post=24594"}],"curies":[{"name":"wp","href":"https:\/\/api.w.org\/{rel}","templated":true}]}}