{"id":24513,"date":"2021-08-18T16:13:53","date_gmt":"2021-08-18T19:13:53","guid":{"rendered":"https:\/\/iberculturaviva.org\/?p=24513"},"modified":"2021-08-18T16:13:55","modified_gmt":"2021-08-18T19:13:55","slug":"ministerio-de-cultura-de-argentina-otorgara-apoyo-economico-extraordinario-para-puntos-de-cultura","status":"publish","type":"post","link":"https:\/\/iberculturaviva.org\/es\/ministerio-de-cultura-de-argentina-otorgara-apoyo-economico-extraordinario-para-puntos-de-cultura\/","title":{"rendered":"Ministerio de Cultura de Argentina otorgar\u00e1 apoyo econ\u00f3mico extraordinario para Puntos de Cultura"},"content":{"rendered":"<h5><strong>(Foto: Georgina Garc\u00eda)<\/strong><\/h5>\n<p style=\"text-align: justify;\"><span style=\"font-weight: 400;\">El Ministerio de Cultura de Argentina otorgar\u00e1 un aporte econ\u00f3mico extraordinario a todas las organizaciones que integran la Red Nacional de Puntos de Cultura. El subsidio ser\u00e1 concedido como reconocimiento al trabajo realizado durante la pandemia, con el objetivo de sostener los espacios y fortalecer los proyectos que llevan adelante cada una de las organizaciones comunitarias que forman la red.<\/span><\/p>\n<p style=\"text-align: justify;\">\n<p style=\"text-align: justify;\"><span style=\"font-weight: 400;\">Esta asistencia econ\u00f3mica, una inversi\u00f3n de m\u00e1s de 100 millones de pesos argentinos, es parte de las medidas que se implementar\u00e1n en el pa\u00eds a lo largo del segundo semestre para impulsar, fortalecer y reactivar al sector de la cultura a trav\u00e9s del trabajo y la producci\u00f3n.\u00a0<\/span><\/p>\n<p style=\"text-align: justify;\">\n<p style=\"text-align: justify;\"><span style=\"font-weight: 400;\">La convocatoria est\u00e1 abierta hasta el viernes 27 de agosto. El monto m\u00e1ximo que se asigna es de 80 mil pesos para la categor\u00eda de Puntos de Cultura de Base; 100 mil pesos para la categor\u00eda de Puntos de Cultura con Personer\u00eda jur\u00eddica; 100 mil pesos para la categor\u00eda de Comunidades Ind\u00edgenas, y 125 mil pesos para la categor\u00eda Redes que Nuclean Organizaciones (dirigida a entidades que representan al colectivo).<\/span><\/p>\n<p style=\"text-align: justify;\"><span style=\"font-weight: 400;\">Este apoyo se da en el marco del d\u00e9cimo aniversario del programa Puntos de Cultura, dependiente de la Direcci\u00f3n Nacional de Diversidad y Cultura Comunitaria de la Secretar\u00eda de Gesti\u00f3n Cultural, que desde el 2011 viene acompa\u00f1ando a m\u00e1s de 1200 organizaciones comunitarias de todo el pa\u00eds con subsidios, capacitaciones y distintas herramientas que fortalecen el trabajo cultural en cada territorio.\u00a0<\/span><\/p>\n<p style=\"text-align: justify;\">\n<p style=\"text-align: justify;\"><span style=\"font-weight: 400;\">Est\u00e1n habilitadas a cobrar el beneficio aquellas organizaciones que cumplan con los requerimientos reglamentarios, que hayan sido seleccionadas en cualquiera de las seis convocatorias que se hicieron desde la creaci\u00f3n de Puntos de Cultura en Argentina, y que sostengan su labor en la actualidad.\u00a0<\/span><\/p>\n<h4>\n.<\/h4>\n<h4><b>Conoce m\u00e1s sobre la convocatoria:\u00a0<\/b><\/h4>\n<p><a href=\"https:\/\/www.cultura.gob.ar\/aporte-economico-extraordinario-para-puntos-de-cultura-10953\/\"><span style=\"font-weight: 400;\">https:\/\/www.cultura.gob.ar\/aporte-economico-extraordinario-para-puntos-de-cultura-10953\/<\/span><\/a><\/p>\n<p><strong>Consultas<\/strong><span style=\"font-weight: 400;\">: <\/span><a href=\"mailto:puntos@cultura.gob.ar\"><span style=\"font-weight: 400;\">puntos@cultura.gob.ar.<\/span><\/a><\/p>\n<p>(<strong>Fuente<\/strong>: <a href=\"https:\/\/www.cultura.gob.ar\/aporte-economico-extraordinario-para-puntos-de-cultura-10953\/\">Ministerio de Cultura de la Naci\u00f3n<\/a>)<\/p>\n","protected":false},"excerpt":{"rendered":"<p>(Foto: Georgina Garc\u00eda) El Ministerio de Cultura de Argentina otorgar\u00e1 un aporte econ\u00f3mico extraordinario a todas las organizaciones que integran la Red Nacional de Puntos de Cultura. El subsidio ser\u00e1 [&hellip;]<\/p>\n","protected":false},"author":2,"featured_media":18600,"comment_status":"closed","ping_status":"closed","sticky":false,"template":"","format":"standard","meta":{"_coblocks_attr":"","_coblocks_dimensions":"","_coblocks_responsive_height":"","_coblocks_accordion_ie_support":"","_EventAllDay":false,"_EventTimezone":"","_EventStartDate":"","_EventEndDate":"","_EventStartDateUTC":"","_EventEndDateUTC":"","_EventShowMap":false,"_EventShowMapLink":false,"_EventURL":"","_EventCost":"","_EventCostDescription":"","_EventCurrencySymbol":"","_EventCurrencyCode":"","_EventCurrencyPosition":"","_EventDateTimeSeparator":"","_EventTimeRangeSeparator":"","_EventOrganizerID":[],"_EventVenueID":[],"_OrganizerEmail":"","_OrganizerPhone":"","_OrganizerWebsite":"","_VenueAddress":"","_VenueCity":"","_VenueCountry":"","_VenueProvince":"","_VenueState":"","_VenueZip":"","_VenuePhone":"","_VenueURL":"","_VenueStateProvince":"","_VenueLat":"","_VenueLng":"","_VenueShowMap":false,"_VenueShowMapLink":false,"footnotes":""},"categories":[262],"tags":[295],"country-municipality":[],"class_list":["post-24513","post","type-post","status-publish","format-standard","has-post-thumbnail","hentry","category-noticias-es","tag-argentina-3"],"yoast_head":"<!-- This site is optimized with the Yoast SEO plugin v25.7 - https:\/\/yoast.com\/wordpress\/plugins\/seo\/ -->\n<title>Ministerio de Cultura de Argentina otorgar\u00e1 apoyo econ\u00f3mico extraordinario para Puntos de Cultura - IberCultura Viva<\/title>\n<meta name=\"description\" content=\"Ministerio de Cultura de Argentina otorgar\u00e1 apoyo econ\u00f3mico extraordinario para Puntos de Cultura - IberCultura Viva\" \/>\n<meta name=\"robots\" content=\"index, follow, max-snippet:-1, max-image-preview:large, max-video-preview:-1\" \/>\n<link rel=\"canonical\" href=\"https:\/\/iberculturaviva.org\/es\/ministerio-de-cultura-de-argentina-otorgara-apoyo-economico-extraordinario-para-puntos-de-cultura\/\" \/>\n<meta property=\"og:locale\" content=\"es_ES\" \/>\n<meta property=\"og:type\" content=\"article\" \/>\n<meta property=\"og:title\" content=\"Ministerio de Cultura de Argentina otorgar\u00e1 apoyo econ\u00f3mico extraordinario para Puntos de Cultura - IberCultura Viva\" \/>\n<meta property=\"og:description\" content=\"Ministerio de Cultura de Argentina otorgar\u00e1 apoyo econ\u00f3mico extraordinario para Puntos de Cultura - IberCultura Viva\" \/>\n<meta property=\"og:url\" content=\"https:\/\/iberculturaviva.org\/es\/ministerio-de-cultura-de-argentina-otorgara-apoyo-economico-extraordinario-para-puntos-de-cultura\/\" \/>\n<meta property=\"og:site_name\" content=\"IberCultura Viva\" \/>\n<meta property=\"article:publisher\" content=\"https:\/\/www.facebook.com\/iberculturaviva\/\" \/>\n<meta property=\"article:published_time\" content=\"2021-08-18T19:13:53+00:00\" \/>\n<meta property=\"article:modified_time\" content=\"2021-08-18T19:13:55+00:00\" \/>\n<meta property=\"og:image\" content=\"https:\/\/iberculturaviva.org\/wp-content\/uploads\/2016\/12\/15271873_1237522523002161_5640600461655629273_o.jpg\" \/>\n\t<meta property=\"og:image:width\" content=\"2048\" \/>\n\t<meta property=\"og:image:height\" content=\"1365\" \/>\n\t<meta property=\"og:image:type\" content=\"image\/jpeg\" \/>\n<meta name=\"author\" content=\"IberCultura\" \/>\n<meta name=\"twitter:card\" content=\"summary_large_image\" \/>\n<meta name=\"twitter:label1\" content=\"Escrito por\" \/>\n\t<meta name=\"twitter:data1\" content=\"IberCultura\" \/>\n\t<meta name=\"twitter:label2\" content=\"Tiempo de lectura\" \/>\n\t<meta name=\"twitter:data2\" content=\"2 minutos\" \/>\n<script type=\"application\/ld+json\" class=\"yoast-schema-graph\">{\"@context\":\"https:\/\/schema.org\",\"@graph\":[{\"@type\":\"Article\",\"@id\":\"https:\/\/iberculturaviva.org\/es\/ministerio-de-cultura-de-argentina-otorgara-apoyo-economico-extraordinario-para-puntos-de-cultura\/#article\",\"isPartOf\":{\"@id\":\"https:\/\/iberculturaviva.org\/es\/ministerio-de-cultura-de-argentina-otorgara-apoyo-economico-extraordinario-para-puntos-de-cultura\/\"},\"author\":{\"name\":\"IberCultura\",\"@id\":\"https:\/\/iberculturaviva.org\/es\/?lang=es\/#\/schema\/person\/5d1313b072cc25536e0431522f740b59\"},\"headline\":\"Ministerio de Cultura de Argentina otorgar\u00e1 apoyo econ\u00f3mico extraordinario para Puntos de Cultura\",\"datePublished\":\"2021-08-18T19:13:53+00:00\",\"dateModified\":\"2021-08-18T19:13:55+00:00\",\"mainEntityOfPage\":{\"@id\":\"https:\/\/iberculturaviva.org\/es\/ministerio-de-cultura-de-argentina-otorgara-apoyo-economico-extraordinario-para-puntos-de-cultura\/\"},\"wordCount\":342,\"publisher\":{\"@id\":\"https:\/\/iberculturaviva.org\/es\/?lang=es\/#organization\"},\"image\":{\"@id\":\"https:\/\/iberculturaviva.org\/es\/ministerio-de-cultura-de-argentina-otorgara-apoyo-economico-extraordinario-para-puntos-de-cultura\/#primaryimage\"},\"thumbnailUrl\":\"https:\/\/iberculturaviva.org\/wp-content\/uploads\/2016\/12\/15271873_1237522523002161_5640600461655629273_o.jpg\",\"keywords\":[\"Argentina\"],\"articleSection\":[\"Noticias\"],\"inLanguage\":\"es\"},{\"@type\":\"WebPage\",\"@id\":\"https:\/\/iberculturaviva.org\/es\/ministerio-de-cultura-de-argentina-otorgara-apoyo-economico-extraordinario-para-puntos-de-cultura\/\",\"url\":\"https:\/\/iberculturaviva.org\/es\/ministerio-de-cultura-de-argentina-otorgara-apoyo-economico-extraordinario-para-puntos-de-cultura\/\",\"name\":\"Ministerio de Cultura de Argentina otorgar\u00e1 apoyo econ\u00f3mico extraordinario para Puntos de Cultura - IberCultura Viva\",\"isPartOf\":{\"@id\":\"https:\/\/iberculturaviva.org\/es\/?lang=es\/#website\"},\"primaryImageOfPage\":{\"@id\":\"https:\/\/iberculturaviva.org\/es\/ministerio-de-cultura-de-argentina-otorgara-apoyo-economico-extraordinario-para-puntos-de-cultura\/#primaryimage\"},\"image\":{\"@id\":\"https:\/\/iberculturaviva.org\/es\/ministerio-de-cultura-de-argentina-otorgara-apoyo-economico-extraordinario-para-puntos-de-cultura\/#primaryimage\"},\"thumbnailUrl\":\"https:\/\/iberculturaviva.org\/wp-content\/uploads\/2016\/12\/15271873_1237522523002161_5640600461655629273_o.jpg\",\"datePublished\":\"2021-08-18T19:13:53+00:00\",\"dateModified\":\"2021-08-18T19:13:55+00:00\",\"description\":\"Ministerio de Cultura de Argentina otorgar\u00e1 apoyo econ\u00f3mico extraordinario para Puntos de Cultura - IberCultura Viva\",\"breadcrumb\":{\"@id\":\"https:\/\/iberculturaviva.org\/es\/ministerio-de-cultura-de-argentina-otorgara-apoyo-economico-extraordinario-para-puntos-de-cultura\/#breadcrumb\"},\"inLanguage\":\"es\",\"potentialAction\":[{\"@type\":\"ReadAction\",\"target\":[\"https:\/\/iberculturaviva.org\/es\/ministerio-de-cultura-de-argentina-otorgara-apoyo-economico-extraordinario-para-puntos-de-cultura\/\"]}]},{\"@type\":\"ImageObject\",\"inLanguage\":\"es\",\"@id\":\"https:\/\/iberculturaviva.org\/es\/ministerio-de-cultura-de-argentina-otorgara-apoyo-economico-extraordinario-para-puntos-de-cultura\/#primaryimage\",\"url\":\"https:\/\/iberculturaviva.org\/wp-content\/uploads\/2016\/12\/15271873_1237522523002161_5640600461655629273_o.jpg\",\"contentUrl\":\"https:\/\/iberculturaviva.org\/wp-content\/uploads\/2016\/12\/15271873_1237522523002161_5640600461655629273_o.jpg\",\"width\":2048,\"height\":1365},{\"@type\":\"BreadcrumbList\",\"@id\":\"https:\/\/iberculturaviva.org\/es\/ministerio-de-cultura-de-argentina-otorgara-apoyo-economico-extraordinario-para-puntos-de-cultura\/#breadcrumb\",\"itemListElement\":[{\"@type\":\"ListItem\",\"position\":1,\"name\":\"In\u00edcio\",\"item\":\"https:\/\/iberculturaviva.org\/es\/inicio\/\"},{\"@type\":\"ListItem\",\"position\":2,\"name\":\"Ministerio de Cultura de Argentina otorgar\u00e1 apoyo econ\u00f3mico extraordinario para Puntos de Cultura\"}]},{\"@type\":\"WebSite\",\"@id\":\"https:\/\/iberculturaviva.org\/es\/?lang=es\/#website\",\"url\":\"https:\/\/iberculturaviva.org\/es\/?lang=es\/\",\"name\":\"IberCultura Viva\",\"description\":\"Programa de cooperaci\u00f3n cultural\",\"publisher\":{\"@id\":\"https:\/\/iberculturaviva.org\/es\/?lang=es\/#organization\"},\"potentialAction\":[{\"@type\":\"SearchAction\",\"target\":{\"@type\":\"EntryPoint\",\"urlTemplate\":\"https:\/\/iberculturaviva.org\/es\/?lang=es\/?s={search_term_string}\"},\"query-input\":{\"@type\":\"PropertyValueSpecification\",\"valueRequired\":true,\"valueName\":\"search_term_string\"}}],\"inLanguage\":\"es\"},{\"@type\":\"Organization\",\"@id\":\"https:\/\/iberculturaviva.org\/es\/?lang=es\/#organization\",\"name\":\"Iberculturaviva\",\"url\":\"https:\/\/iberculturaviva.org\/es\/?lang=es\/\",\"logo\":{\"@type\":\"ImageObject\",\"inLanguage\":\"es\",\"@id\":\"https:\/\/iberculturaviva.org\/es\/?lang=es\/#\/schema\/logo\/image\/\",\"url\":\"https:\/\/iberculturaviva.org\/wp-content\/uploads\/2021\/08\/logo_ibercultura_viva.jpg\",\"contentUrl\":\"https:\/\/iberculturaviva.org\/wp-content\/uploads\/2021\/08\/logo_ibercultura_viva.jpg\",\"width\":708,\"height\":223,\"caption\":\"Iberculturaviva\"},\"image\":{\"@id\":\"https:\/\/iberculturaviva.org\/es\/?lang=es\/#\/schema\/logo\/image\/\"},\"sameAs\":[\"https:\/\/www.facebook.com\/iberculturaviva\/\",\"https:\/\/www.instagram.com\/iberculturaviva\/\",\"https:\/\/www.youtube.com\/iberculturaviva\"]},{\"@type\":\"Person\",\"@id\":\"https:\/\/iberculturaviva.org\/es\/?lang=es\/#\/schema\/person\/5d1313b072cc25536e0431522f740b59\",\"name\":\"IberCultura\",\"image\":{\"@type\":\"ImageObject\",\"inLanguage\":\"es\",\"@id\":\"https:\/\/iberculturaviva.org\/es\/?lang=es\/#\/schema\/person\/image\/\",\"url\":\"https:\/\/secure.gravatar.com\/avatar\/79f1a057cb125cbefb3765d0356d52fc7f3bba3a35e2cf22bc4de090bb7aef70?s=96&d=mm&r=g\",\"contentUrl\":\"https:\/\/secure.gravatar.com\/avatar\/79f1a057cb125cbefb3765d0356d52fc7f3bba3a35e2cf22bc4de090bb7aef70?s=96&d=mm&r=g\",\"caption\":\"IberCultura\"}}]}<\/script>\n<!-- \/ Yoast SEO plugin. -->","yoast_head_json":{"title":"Ministerio de Cultura de Argentina otorgar\u00e1 apoyo econ\u00f3mico extraordinario para Puntos de Cultura - IberCultura Viva","description":"Ministerio de Cultura de Argentina otorgar\u00e1 apoyo econ\u00f3mico extraordinario para Puntos de Cultura - IberCultura Viva","robots":{"index":"index","follow":"follow","max-snippet":"max-snippet:-1","max-image-preview":"max-image-preview:large","max-video-preview":"max-video-preview:-1"},"canonical":"https:\/\/iberculturaviva.org\/es\/ministerio-de-cultura-de-argentina-otorgara-apoyo-economico-extraordinario-para-puntos-de-cultura\/","og_locale":"es_ES","og_type":"article","og_title":"Ministerio de Cultura de Argentina otorgar\u00e1 apoyo econ\u00f3mico extraordinario para Puntos de Cultura - IberCultura Viva","og_description":"Ministerio de Cultura de Argentina otorgar\u00e1 apoyo econ\u00f3mico extraordinario para Puntos de Cultura - IberCultura Viva","og_url":"https:\/\/iberculturaviva.org\/es\/ministerio-de-cultura-de-argentina-otorgara-apoyo-economico-extraordinario-para-puntos-de-cultura\/","og_site_name":"IberCultura Viva","article_publisher":"https:\/\/www.facebook.com\/iberculturaviva\/","article_published_time":"2021-08-18T19:13:53+00:00","article_modified_time":"2021-08-18T19:13:55+00:00","og_image":[{"width":2048,"height":1365,"url":"https:\/\/iberculturaviva.org\/wp-content\/uploads\/2016\/12\/15271873_1237522523002161_5640600461655629273_o.jpg","type":"image\/jpeg"}],"author":"IberCultura","twitter_card":"summary_large_image","twitter_misc":{"Escrito por":"IberCultura","Tiempo de lectura":"2 minutos"},"schema":{"@context":"https:\/\/schema.org","@graph":[{"@type":"Article","@id":"https:\/\/iberculturaviva.org\/es\/ministerio-de-cultura-de-argentina-otorgara-apoyo-economico-extraordinario-para-puntos-de-cultura\/#article","isPartOf":{"@id":"https:\/\/iberculturaviva.org\/es\/ministerio-de-cultura-de-argentina-otorgara-apoyo-economico-extraordinario-para-puntos-de-cultura\/"},"author":{"name":"IberCultura","@id":"https:\/\/iberculturaviva.org\/es\/?lang=es\/#\/schema\/person\/5d1313b072cc25536e0431522f740b59"},"headline":"Ministerio de Cultura de Argentina otorgar\u00e1 apoyo econ\u00f3mico extraordinario para Puntos de Cultura","datePublished":"2021-08-18T19:13:53+00:00","dateModified":"2021-08-18T19:13:55+00:00","mainEntityOfPage":{"@id":"https:\/\/iberculturaviva.org\/es\/ministerio-de-cultura-de-argentina-otorgara-apoyo-economico-extraordinario-para-puntos-de-cultura\/"},"wordCount":342,"publisher":{"@id":"https:\/\/iberculturaviva.org\/es\/?lang=es\/#organization"},"image":{"@id":"https:\/\/iberculturaviva.org\/es\/ministerio-de-cultura-de-argentina-otorgara-apoyo-economico-extraordinario-para-puntos-de-cultura\/#primaryimage"},"thumbnailUrl":"https:\/\/iberculturaviva.org\/wp-content\/uploads\/2016\/12\/15271873_1237522523002161_5640600461655629273_o.jpg","keywords":["Argentina"],"articleSection":["Noticias"],"inLanguage":"es"},{"@type":"WebPage","@id":"https:\/\/iberculturaviva.org\/es\/ministerio-de-cultura-de-argentina-otorgara-apoyo-economico-extraordinario-para-puntos-de-cultura\/","url":"https:\/\/iberculturaviva.org\/es\/ministerio-de-cultura-de-argentina-otorgara-apoyo-economico-extraordinario-para-puntos-de-cultura\/","name":"Ministerio de Cultura de Argentina otorgar\u00e1 apoyo econ\u00f3mico extraordinario para Puntos de Cultura - IberCultura Viva","isPartOf":{"@id":"https:\/\/iberculturaviva.org\/es\/?lang=es\/#website"},"primaryImageOfPage":{"@id":"https:\/\/iberculturaviva.org\/es\/ministerio-de-cultura-de-argentina-otorgara-apoyo-economico-extraordinario-para-puntos-de-cultura\/#primaryimage"},"image":{"@id":"https:\/\/iberculturaviva.org\/es\/ministerio-de-cultura-de-argentina-otorgara-apoyo-economico-extraordinario-para-puntos-de-cultura\/#primaryimage"},"thumbnailUrl":"https:\/\/iberculturaviva.org\/wp-content\/uploads\/2016\/12\/15271873_1237522523002161_5640600461655629273_o.jpg","datePublished":"2021-08-18T19:13:53+00:00","dateModified":"2021-08-18T19:13:55+00:00","description":"Ministerio de Cultura de Argentina otorgar\u00e1 apoyo econ\u00f3mico extraordinario para Puntos de Cultura - IberCultura Viva","breadcrumb":{"@id":"https:\/\/iberculturaviva.org\/es\/ministerio-de-cultura-de-argentina-otorgara-apoyo-economico-extraordinario-para-puntos-de-cultura\/#breadcrumb"},"inLanguage":"es","potentialAction":[{"@type":"ReadAction","target":["https:\/\/iberculturaviva.org\/es\/ministerio-de-cultura-de-argentina-otorgara-apoyo-economico-extraordinario-para-puntos-de-cultura\/"]}]},{"@type":"ImageObject","inLanguage":"es","@id":"https:\/\/iberculturaviva.org\/es\/ministerio-de-cultura-de-argentina-otorgara-apoyo-economico-extraordinario-para-puntos-de-cultura\/#primaryimage","url":"https:\/\/iberculturaviva.org\/wp-content\/uploads\/2016\/12\/15271873_1237522523002161_5640600461655629273_o.jpg","contentUrl":"https:\/\/iberculturaviva.org\/wp-content\/uploads\/2016\/12\/15271873_1237522523002161_5640600461655629273_o.jpg","width":2048,"height":1365},{"@type":"BreadcrumbList","@id":"https:\/\/iberculturaviva.org\/es\/ministerio-de-cultura-de-argentina-otorgara-apoyo-economico-extraordinario-para-puntos-de-cultura\/#breadcrumb","itemListElement":[{"@type":"ListItem","position":1,"name":"In\u00edcio","item":"https:\/\/iberculturaviva.org\/es\/inicio\/"},{"@type":"ListItem","position":2,"name":"Ministerio de Cultura de Argentina otorgar\u00e1 apoyo econ\u00f3mico extraordinario para Puntos de Cultura"}]},{"@type":"WebSite","@id":"https:\/\/iberculturaviva.org\/es\/?lang=es\/#website","url":"https:\/\/iberculturaviva.org\/es\/?lang=es\/","name":"IberCultura Viva","description":"Programa de cooperaci\u00f3n cultural","publisher":{"@id":"https:\/\/iberculturaviva.org\/es\/?lang=es\/#organization"},"potentialAction":[{"@type":"SearchAction","target":{"@type":"EntryPoint","urlTemplate":"https:\/\/iberculturaviva.org\/es\/?lang=es\/?s={search_term_string}"},"query-input":{"@type":"PropertyValueSpecification","valueRequired":true,"valueName":"search_term_string"}}],"inLanguage":"es"},{"@type":"Organization","@id":"https:\/\/iberculturaviva.org\/es\/?lang=es\/#organization","name":"Iberculturaviva","url":"https:\/\/iberculturaviva.org\/es\/?lang=es\/","logo":{"@type":"ImageObject","inLanguage":"es","@id":"https:\/\/iberculturaviva.org\/es\/?lang=es\/#\/schema\/logo\/image\/","url":"https:\/\/iberculturaviva.org\/wp-content\/uploads\/2021\/08\/logo_ibercultura_viva.jpg","contentUrl":"https:\/\/iberculturaviva.org\/wp-content\/uploads\/2021\/08\/logo_ibercultura_viva.jpg","width":708,"height":223,"caption":"Iberculturaviva"},"image":{"@id":"https:\/\/iberculturaviva.org\/es\/?lang=es\/#\/schema\/logo\/image\/"},"sameAs":["https:\/\/www.facebook.com\/iberculturaviva\/","https:\/\/www.instagram.com\/iberculturaviva\/","https:\/\/www.youtube.com\/iberculturaviva"]},{"@type":"Person","@id":"https:\/\/iberculturaviva.org\/es\/?lang=es\/#\/schema\/person\/5d1313b072cc25536e0431522f740b59","name":"IberCultura","image":{"@type":"ImageObject","inLanguage":"es","@id":"https:\/\/iberculturaviva.org\/es\/?lang=es\/#\/schema\/person\/image\/","url":"https:\/\/secure.gravatar.com\/avatar\/79f1a057cb125cbefb3765d0356d52fc7f3bba3a35e2cf22bc4de090bb7aef70?s=96&d=mm&r=g","contentUrl":"https:\/\/secure.gravatar.com\/avatar\/79f1a057cb125cbefb3765d0356d52fc7f3bba3a35e2cf22bc4de090bb7aef70?s=96&d=mm&r=g","caption":"IberCultura"}}]}},"main_category":{"link":"https:\/\/iberculturaviva.org\/es\/category\/noticias-es\/","name":"Noticias","slug":"noticias-es"},"_links":{"self":[{"href":"https:\/\/iberculturaviva.org\/es\/wp-json\/wp\/v2\/posts\/24513","targetHints":{"allow":["GET"]}}],"collection":[{"href":"https:\/\/iberculturaviva.org\/es\/wp-json\/wp\/v2\/posts"}],"about":[{"href":"https:\/\/iberculturaviva.org\/es\/wp-json\/wp\/v2\/types\/post"}],"author":[{"embeddable":true,"href":"https:\/\/iberculturaviva.org\/es\/wp-json\/wp\/v2\/users\/2"}],"replies":[{"embeddable":true,"href":"https:\/\/iberculturaviva.org\/es\/wp-json\/wp\/v2\/comments?post=24513"}],"version-history":[{"count":1,"href":"https:\/\/iberculturaviva.org\/es\/wp-json\/wp\/v2\/posts\/24513\/revisions"}],"predecessor-version":[{"id":24514,"href":"https:\/\/iberculturaviva.org\/es\/wp-json\/wp\/v2\/posts\/24513\/revisions\/24514"}],"wp:featuredmedia":[{"embeddable":true,"href":"https:\/\/iberculturaviva.org\/es\/wp-json\/wp\/v2\/media\/18600"}],"wp:attachment":[{"href":"https:\/\/iberculturaviva.org\/es\/wp-json\/wp\/v2\/media?parent=24513"}],"wp:term":[{"taxonomy":"category","embeddable":true,"href":"https:\/\/iberculturaviva.org\/es\/wp-json\/wp\/v2\/categories?post=24513"},{"taxonomy":"post_tag","embeddable":true,"href":"https:\/\/iberculturaviva.org\/es\/wp-json\/wp\/v2\/tags?post=24513"},{"taxonomy":"country-municipality","embeddable":true,"href":"https:\/\/iberculturaviva.org\/es\/wp-json\/wp\/v2\/country-municipality?post=24513"}],"curies":[{"name":"wp","href":"https:\/\/api.w.org\/{rel}","templated":true}]}}