{"id":24237,"date":"2021-06-29T19:49:42","date_gmt":"2021-06-29T22:49:42","guid":{"rendered":"https:\/\/iberculturaviva.org\/?p=24237"},"modified":"2021-06-29T22:42:23","modified_gmt":"2021-06-30T01:42:23","slug":"movimiento-latinoamericano-de-cvc-organiza-serie-de-conversatorios-permanentes","status":"publish","type":"post","link":"https:\/\/iberculturaviva.org\/es\/movimiento-latinoamericano-de-cvc-organiza-serie-de-conversatorios-permanentes\/","title":{"rendered":"Movimiento Latinoamericano de CVC organiza serie de conversatorios permanentes"},"content":{"rendered":"<p style=\"text-align: justify;\"><span style=\"font-weight: 400;\">La serie \u00abConversatorios permanentes de Cultura Viva Comunitaria\u00bb comenz\u00f3 el jueves 24 de junio, por videoconferencia, con la tem\u00e1tica \u201cDerechos humanos, buen vivir y pr\u00e1cticas culturales comunitarias\u201d. Participaron del encuentro Mario Rodr\u00edguez (Bolivia), Cristina Techera (Argentina) y Benjam\u00edn Briones (Chile). Esta charla fue organizada por el C\u00edrculo de la Palabra de Derechos Humanos del Movimiento Latinoamericano de CVC y transmitida por el canal de YouTube \u00abConversatorios Permanentes CVC\u00bb.<\/span><\/p>\n<p style=\"text-align: justify;\"><span style=\"font-weight: 400;\">La idea de construir este espacio surge del equipo de acompa\u00f1amiento continental de Cultura Viva Comunitaria, una instancia compuesta por referentes de varias redes, con car\u00e1cter articulador y pol\u00edtico, que acompa\u00f1a a la realizaci\u00f3n de los congresos y colabora con el movimiento entre congresos.<\/span><\/p>\n<p><a href=\"https:\/\/iberculturaviva.org\/wp-content\/uploads\/2021\/06\/Captura-de-tela-2021-06-29-223906.png\"><img loading=\"lazy\" decoding=\"async\" class=\"aligncenter size-large wp-image-24245\" src=\"https:\/\/iberculturaviva.org\/wp-content\/uploads\/2021\/06\/Captura-de-tela-2021-06-29-223906-960x540.png\" alt=\"\" width=\"640\" height=\"360\" srcset=\"https:\/\/iberculturaviva.org\/wp-content\/uploads\/2021\/06\/Captura-de-tela-2021-06-29-223906-960x540.png 960w, https:\/\/iberculturaviva.org\/wp-content\/uploads\/2021\/06\/Captura-de-tela-2021-06-29-223906-768x432.png 768w, https:\/\/iberculturaviva.org\/wp-content\/uploads\/2021\/06\/Captura-de-tela-2021-06-29-223906-125x70.png 125w, https:\/\/iberculturaviva.org\/wp-content\/uploads\/2021\/06\/Captura-de-tela-2021-06-29-223906-529x297.png 529w, https:\/\/iberculturaviva.org\/wp-content\/uploads\/2021\/06\/Captura-de-tela-2021-06-29-223906.png 1355w\" sizes=\"auto, (max-width: 640px) 100vw, 640px\" \/><\/a><\/p>\n<p style=\"text-align: justify;\"><span style=\"font-weight: 400;\">.<\/span><\/p>\n<p style=\"text-align: justify;\"><span style=\"font-weight: 400;\">Los c\u00edrculos de la palabra constituidos en los Congresos Latinoamericanos de CVC, y que ahora organizan estos conversatorios permanentes, son diez: Arte, cultura y transformaci\u00f3n social; Coyuntura latinoamericana; Comunicaci\u00f3n; Ni\u00f1ez y juventud en la cultura comunitaria; Pueblos originarios; Feminismos, g\u00e9neros y diversidades; Hacia otras econom\u00edas; Educaci\u00f3n popular; Derechos humanos; Salud y buen vivir.<\/span><\/p>\n<p style=\"text-align: justify;\">Los encuentros se realizar\u00e1n siempre los jueves hasta el 26 de agosto. El pr\u00f3ximo conversatorio, el 1 de julio, estar\u00e1 a cargo del C\u00edrculo de la Palabra Hacia otras econom\u00edas.<\/p>\n<p><iframe loading=\"lazy\" title=\"Conversatorios Permanentes de CVC Latinoamericanos\" width=\"500\" height=\"281\" src=\"https:\/\/www.youtube.com\/embed\/yUDEaYTdJ4w?feature=oembed\" frameborder=\"0\" allow=\"accelerometer; autoplay; clipboard-write; encrypted-media; gyroscope; picture-in-picture; web-share\" referrerpolicy=\"strict-origin-when-cross-origin\" allowfullscreen><\/iframe><\/p>\n<p><strong>D\u00f3nde acompa\u00f1ar los conversatorios<\/strong>: <a href=\"_wp_link_placeholder\" data-wplink-edit=\"true\">https:\/\/www.youtube.com\/channel\/UC9scgIk8LIwck_e9RQMtv6A<\/a><\/p>\n","protected":false},"excerpt":{"rendered":"<p>La serie \u00abConversatorios permanentes de Cultura Viva Comunitaria\u00bb comenz\u00f3 el jueves 24 de junio, por videoconferencia, con la tem\u00e1tica \u201cDerechos humanos, buen vivir y pr\u00e1cticas culturales comunitarias\u201d. Participaron del encuentro [&hellip;]<\/p>\n","protected":false},"author":2,"featured_media":24238,"comment_status":"closed","ping_status":"closed","sticky":false,"template":"","format":"standard","meta":{"_coblocks_attr":"","_coblocks_dimensions":"","_coblocks_responsive_height":"","_coblocks_accordion_ie_support":"","_EventAllDay":false,"_EventTimezone":"","_EventStartDate":"","_EventEndDate":"","_EventStartDateUTC":"","_EventEndDateUTC":"","_EventShowMap":false,"_EventShowMapLink":false,"_EventURL":"","_EventCost":"","_EventCostDescription":"","_EventCurrencySymbol":"","_EventCurrencyCode":"","_EventCurrencyPosition":"","_EventDateTimeSeparator":"","_EventTimeRangeSeparator":"","_EventOrganizerID":[],"_EventVenueID":[],"_OrganizerEmail":"","_OrganizerPhone":"","_OrganizerWebsite":"","_VenueAddress":"","_VenueCity":"","_VenueCountry":"","_VenueProvince":"","_VenueState":"","_VenueZip":"","_VenuePhone":"","_VenueURL":"","_VenueStateProvince":"","_VenueLat":"","_VenueLng":"","_VenueShowMap":false,"_VenueShowMapLink":false,"footnotes":""},"categories":[262],"tags":[265,320,321],"country-municipality":[],"class_list":["post-24237","post","type-post","status-publish","format-standard","has-post-thumbnail","hentry","category-noticias-es","tag-conversatorio-2","tag-cvc-2","tag-red-latinoamericana-de-cvc"],"yoast_head":"<!-- This site is optimized with the Yoast SEO plugin v25.7 - https:\/\/yoast.com\/wordpress\/plugins\/seo\/ -->\n<title>Movimiento Latinoamericano de CVC organiza serie de conversatorios permanentes - IberCultura Viva<\/title>\n<meta name=\"description\" content=\"Movimiento Latinoamericano de CVC organiza serie de conversatorios permanentes - IberCultura Viva\" \/>\n<meta name=\"robots\" content=\"index, follow, max-snippet:-1, max-image-preview:large, max-video-preview:-1\" \/>\n<link rel=\"canonical\" href=\"https:\/\/iberculturaviva.org\/es\/movimiento-latinoamericano-de-cvc-organiza-serie-de-conversatorios-permanentes\/\" \/>\n<meta property=\"og:locale\" content=\"es_ES\" \/>\n<meta property=\"og:type\" content=\"article\" \/>\n<meta property=\"og:title\" content=\"Movimiento Latinoamericano de CVC organiza serie de conversatorios permanentes - IberCultura Viva\" \/>\n<meta property=\"og:description\" content=\"Movimiento Latinoamericano de CVC organiza serie de conversatorios permanentes - IberCultura Viva\" \/>\n<meta property=\"og:url\" content=\"https:\/\/iberculturaviva.org\/es\/movimiento-latinoamericano-de-cvc-organiza-serie-de-conversatorios-permanentes\/\" \/>\n<meta property=\"og:site_name\" content=\"IberCultura Viva\" \/>\n<meta property=\"article:publisher\" content=\"https:\/\/www.facebook.com\/iberculturaviva\/\" \/>\n<meta property=\"article:published_time\" content=\"2021-06-29T22:49:42+00:00\" \/>\n<meta property=\"article:modified_time\" content=\"2021-06-30T01:42:23+00:00\" \/>\n<meta property=\"og:image\" content=\"https:\/\/iberculturaviva.org\/wp-content\/uploads\/2021\/06\/Captura-de-tela-2021-06-29-171243.png\" \/>\n\t<meta property=\"og:image:width\" content=\"1063\" \/>\n\t<meta property=\"og:image:height\" content=\"545\" \/>\n\t<meta property=\"og:image:type\" content=\"image\/png\" \/>\n<meta name=\"author\" content=\"IberCultura\" \/>\n<meta name=\"twitter:card\" content=\"summary_large_image\" \/>\n<meta name=\"twitter:label1\" content=\"Escrito por\" \/>\n\t<meta name=\"twitter:data1\" content=\"IberCultura\" \/>\n\t<meta name=\"twitter:label2\" content=\"Tiempo de lectura\" \/>\n\t<meta name=\"twitter:data2\" content=\"1 minuto\" \/>\n<script type=\"application\/ld+json\" class=\"yoast-schema-graph\">{\"@context\":\"https:\/\/schema.org\",\"@graph\":[{\"@type\":\"Article\",\"@id\":\"https:\/\/iberculturaviva.org\/es\/movimiento-latinoamericano-de-cvc-organiza-serie-de-conversatorios-permanentes\/#article\",\"isPartOf\":{\"@id\":\"https:\/\/iberculturaviva.org\/es\/movimiento-latinoamericano-de-cvc-organiza-serie-de-conversatorios-permanentes\/\"},\"author\":{\"name\":\"IberCultura\",\"@id\":\"https:\/\/iberculturaviva.org\/es\/?lang=es\/#\/schema\/person\/5d1313b072cc25536e0431522f740b59\"},\"headline\":\"Movimiento Latinoamericano de CVC organiza serie de conversatorios permanentes\",\"datePublished\":\"2021-06-29T22:49:42+00:00\",\"dateModified\":\"2021-06-30T01:42:23+00:00\",\"mainEntityOfPage\":{\"@id\":\"https:\/\/iberculturaviva.org\/es\/movimiento-latinoamericano-de-cvc-organiza-serie-de-conversatorios-permanentes\/\"},\"wordCount\":244,\"publisher\":{\"@id\":\"https:\/\/iberculturaviva.org\/es\/?lang=es\/#organization\"},\"image\":{\"@id\":\"https:\/\/iberculturaviva.org\/es\/movimiento-latinoamericano-de-cvc-organiza-serie-de-conversatorios-permanentes\/#primaryimage\"},\"thumbnailUrl\":\"https:\/\/iberculturaviva.org\/wp-content\/uploads\/2021\/06\/Captura-de-tela-2021-06-29-171243.png\",\"keywords\":[\"conversatorio\",\"CVC\",\"Red latinoamericana de CVC\"],\"articleSection\":[\"Noticias\"],\"inLanguage\":\"es\"},{\"@type\":\"WebPage\",\"@id\":\"https:\/\/iberculturaviva.org\/es\/movimiento-latinoamericano-de-cvc-organiza-serie-de-conversatorios-permanentes\/\",\"url\":\"https:\/\/iberculturaviva.org\/es\/movimiento-latinoamericano-de-cvc-organiza-serie-de-conversatorios-permanentes\/\",\"name\":\"Movimiento Latinoamericano de CVC organiza serie de conversatorios permanentes - IberCultura Viva\",\"isPartOf\":{\"@id\":\"https:\/\/iberculturaviva.org\/es\/?lang=es\/#website\"},\"primaryImageOfPage\":{\"@id\":\"https:\/\/iberculturaviva.org\/es\/movimiento-latinoamericano-de-cvc-organiza-serie-de-conversatorios-permanentes\/#primaryimage\"},\"image\":{\"@id\":\"https:\/\/iberculturaviva.org\/es\/movimiento-latinoamericano-de-cvc-organiza-serie-de-conversatorios-permanentes\/#primaryimage\"},\"thumbnailUrl\":\"https:\/\/iberculturaviva.org\/wp-content\/uploads\/2021\/06\/Captura-de-tela-2021-06-29-171243.png\",\"datePublished\":\"2021-06-29T22:49:42+00:00\",\"dateModified\":\"2021-06-30T01:42:23+00:00\",\"description\":\"Movimiento Latinoamericano de CVC organiza serie de conversatorios permanentes - IberCultura Viva\",\"breadcrumb\":{\"@id\":\"https:\/\/iberculturaviva.org\/es\/movimiento-latinoamericano-de-cvc-organiza-serie-de-conversatorios-permanentes\/#breadcrumb\"},\"inLanguage\":\"es\",\"potentialAction\":[{\"@type\":\"ReadAction\",\"target\":[\"https:\/\/iberculturaviva.org\/es\/movimiento-latinoamericano-de-cvc-organiza-serie-de-conversatorios-permanentes\/\"]}]},{\"@type\":\"ImageObject\",\"inLanguage\":\"es\",\"@id\":\"https:\/\/iberculturaviva.org\/es\/movimiento-latinoamericano-de-cvc-organiza-serie-de-conversatorios-permanentes\/#primaryimage\",\"url\":\"https:\/\/iberculturaviva.org\/wp-content\/uploads\/2021\/06\/Captura-de-tela-2021-06-29-171243.png\",\"contentUrl\":\"https:\/\/iberculturaviva.org\/wp-content\/uploads\/2021\/06\/Captura-de-tela-2021-06-29-171243.png\",\"width\":1063,\"height\":545},{\"@type\":\"BreadcrumbList\",\"@id\":\"https:\/\/iberculturaviva.org\/es\/movimiento-latinoamericano-de-cvc-organiza-serie-de-conversatorios-permanentes\/#breadcrumb\",\"itemListElement\":[{\"@type\":\"ListItem\",\"position\":1,\"name\":\"In\u00edcio\",\"item\":\"https:\/\/iberculturaviva.org\/es\/inicio\/\"},{\"@type\":\"ListItem\",\"position\":2,\"name\":\"Movimiento Latinoamericano de CVC organiza serie de conversatorios permanentes\"}]},{\"@type\":\"WebSite\",\"@id\":\"https:\/\/iberculturaviva.org\/es\/?lang=es\/#website\",\"url\":\"https:\/\/iberculturaviva.org\/es\/?lang=es\/\",\"name\":\"IberCultura Viva\",\"description\":\"Programa de cooperaci\u00f3n cultural\",\"publisher\":{\"@id\":\"https:\/\/iberculturaviva.org\/es\/?lang=es\/#organization\"},\"potentialAction\":[{\"@type\":\"SearchAction\",\"target\":{\"@type\":\"EntryPoint\",\"urlTemplate\":\"https:\/\/iberculturaviva.org\/es\/?lang=es\/?s={search_term_string}\"},\"query-input\":{\"@type\":\"PropertyValueSpecification\",\"valueRequired\":true,\"valueName\":\"search_term_string\"}}],\"inLanguage\":\"es\"},{\"@type\":\"Organization\",\"@id\":\"https:\/\/iberculturaviva.org\/es\/?lang=es\/#organization\",\"name\":\"Iberculturaviva\",\"url\":\"https:\/\/iberculturaviva.org\/es\/?lang=es\/\",\"logo\":{\"@type\":\"ImageObject\",\"inLanguage\":\"es\",\"@id\":\"https:\/\/iberculturaviva.org\/es\/?lang=es\/#\/schema\/logo\/image\/\",\"url\":\"https:\/\/iberculturaviva.org\/wp-content\/uploads\/2021\/08\/logo_ibercultura_viva.jpg\",\"contentUrl\":\"https:\/\/iberculturaviva.org\/wp-content\/uploads\/2021\/08\/logo_ibercultura_viva.jpg\",\"width\":708,\"height\":223,\"caption\":\"Iberculturaviva\"},\"image\":{\"@id\":\"https:\/\/iberculturaviva.org\/es\/?lang=es\/#\/schema\/logo\/image\/\"},\"sameAs\":[\"https:\/\/www.facebook.com\/iberculturaviva\/\",\"https:\/\/www.instagram.com\/iberculturaviva\/\",\"https:\/\/www.youtube.com\/iberculturaviva\"]},{\"@type\":\"Person\",\"@id\":\"https:\/\/iberculturaviva.org\/es\/?lang=es\/#\/schema\/person\/5d1313b072cc25536e0431522f740b59\",\"name\":\"IberCultura\",\"image\":{\"@type\":\"ImageObject\",\"inLanguage\":\"es\",\"@id\":\"https:\/\/iberculturaviva.org\/es\/?lang=es\/#\/schema\/person\/image\/\",\"url\":\"https:\/\/secure.gravatar.com\/avatar\/79f1a057cb125cbefb3765d0356d52fc7f3bba3a35e2cf22bc4de090bb7aef70?s=96&d=mm&r=g\",\"contentUrl\":\"https:\/\/secure.gravatar.com\/avatar\/79f1a057cb125cbefb3765d0356d52fc7f3bba3a35e2cf22bc4de090bb7aef70?s=96&d=mm&r=g\",\"caption\":\"IberCultura\"}}]}<\/script>\n<!-- \/ Yoast SEO plugin. -->","yoast_head_json":{"title":"Movimiento Latinoamericano de CVC organiza serie de conversatorios permanentes - IberCultura Viva","description":"Movimiento Latinoamericano de CVC organiza serie de conversatorios permanentes - IberCultura Viva","robots":{"index":"index","follow":"follow","max-snippet":"max-snippet:-1","max-image-preview":"max-image-preview:large","max-video-preview":"max-video-preview:-1"},"canonical":"https:\/\/iberculturaviva.org\/es\/movimiento-latinoamericano-de-cvc-organiza-serie-de-conversatorios-permanentes\/","og_locale":"es_ES","og_type":"article","og_title":"Movimiento Latinoamericano de CVC organiza serie de conversatorios permanentes - IberCultura Viva","og_description":"Movimiento Latinoamericano de CVC organiza serie de conversatorios permanentes - IberCultura Viva","og_url":"https:\/\/iberculturaviva.org\/es\/movimiento-latinoamericano-de-cvc-organiza-serie-de-conversatorios-permanentes\/","og_site_name":"IberCultura Viva","article_publisher":"https:\/\/www.facebook.com\/iberculturaviva\/","article_published_time":"2021-06-29T22:49:42+00:00","article_modified_time":"2021-06-30T01:42:23+00:00","og_image":[{"width":1063,"height":545,"url":"https:\/\/iberculturaviva.org\/wp-content\/uploads\/2021\/06\/Captura-de-tela-2021-06-29-171243.png","type":"image\/png"}],"author":"IberCultura","twitter_card":"summary_large_image","twitter_misc":{"Escrito por":"IberCultura","Tiempo de lectura":"1 minuto"},"schema":{"@context":"https:\/\/schema.org","@graph":[{"@type":"Article","@id":"https:\/\/iberculturaviva.org\/es\/movimiento-latinoamericano-de-cvc-organiza-serie-de-conversatorios-permanentes\/#article","isPartOf":{"@id":"https:\/\/iberculturaviva.org\/es\/movimiento-latinoamericano-de-cvc-organiza-serie-de-conversatorios-permanentes\/"},"author":{"name":"IberCultura","@id":"https:\/\/iberculturaviva.org\/es\/?lang=es\/#\/schema\/person\/5d1313b072cc25536e0431522f740b59"},"headline":"Movimiento Latinoamericano de CVC organiza serie de conversatorios permanentes","datePublished":"2021-06-29T22:49:42+00:00","dateModified":"2021-06-30T01:42:23+00:00","mainEntityOfPage":{"@id":"https:\/\/iberculturaviva.org\/es\/movimiento-latinoamericano-de-cvc-organiza-serie-de-conversatorios-permanentes\/"},"wordCount":244,"publisher":{"@id":"https:\/\/iberculturaviva.org\/es\/?lang=es\/#organization"},"image":{"@id":"https:\/\/iberculturaviva.org\/es\/movimiento-latinoamericano-de-cvc-organiza-serie-de-conversatorios-permanentes\/#primaryimage"},"thumbnailUrl":"https:\/\/iberculturaviva.org\/wp-content\/uploads\/2021\/06\/Captura-de-tela-2021-06-29-171243.png","keywords":["conversatorio","CVC","Red latinoamericana de CVC"],"articleSection":["Noticias"],"inLanguage":"es"},{"@type":"WebPage","@id":"https:\/\/iberculturaviva.org\/es\/movimiento-latinoamericano-de-cvc-organiza-serie-de-conversatorios-permanentes\/","url":"https:\/\/iberculturaviva.org\/es\/movimiento-latinoamericano-de-cvc-organiza-serie-de-conversatorios-permanentes\/","name":"Movimiento Latinoamericano de CVC organiza serie de conversatorios permanentes - IberCultura Viva","isPartOf":{"@id":"https:\/\/iberculturaviva.org\/es\/?lang=es\/#website"},"primaryImageOfPage":{"@id":"https:\/\/iberculturaviva.org\/es\/movimiento-latinoamericano-de-cvc-organiza-serie-de-conversatorios-permanentes\/#primaryimage"},"image":{"@id":"https:\/\/iberculturaviva.org\/es\/movimiento-latinoamericano-de-cvc-organiza-serie-de-conversatorios-permanentes\/#primaryimage"},"thumbnailUrl":"https:\/\/iberculturaviva.org\/wp-content\/uploads\/2021\/06\/Captura-de-tela-2021-06-29-171243.png","datePublished":"2021-06-29T22:49:42+00:00","dateModified":"2021-06-30T01:42:23+00:00","description":"Movimiento Latinoamericano de CVC organiza serie de conversatorios permanentes - IberCultura Viva","breadcrumb":{"@id":"https:\/\/iberculturaviva.org\/es\/movimiento-latinoamericano-de-cvc-organiza-serie-de-conversatorios-permanentes\/#breadcrumb"},"inLanguage":"es","potentialAction":[{"@type":"ReadAction","target":["https:\/\/iberculturaviva.org\/es\/movimiento-latinoamericano-de-cvc-organiza-serie-de-conversatorios-permanentes\/"]}]},{"@type":"ImageObject","inLanguage":"es","@id":"https:\/\/iberculturaviva.org\/es\/movimiento-latinoamericano-de-cvc-organiza-serie-de-conversatorios-permanentes\/#primaryimage","url":"https:\/\/iberculturaviva.org\/wp-content\/uploads\/2021\/06\/Captura-de-tela-2021-06-29-171243.png","contentUrl":"https:\/\/iberculturaviva.org\/wp-content\/uploads\/2021\/06\/Captura-de-tela-2021-06-29-171243.png","width":1063,"height":545},{"@type":"BreadcrumbList","@id":"https:\/\/iberculturaviva.org\/es\/movimiento-latinoamericano-de-cvc-organiza-serie-de-conversatorios-permanentes\/#breadcrumb","itemListElement":[{"@type":"ListItem","position":1,"name":"In\u00edcio","item":"https:\/\/iberculturaviva.org\/es\/inicio\/"},{"@type":"ListItem","position":2,"name":"Movimiento Latinoamericano de CVC organiza serie de conversatorios permanentes"}]},{"@type":"WebSite","@id":"https:\/\/iberculturaviva.org\/es\/?lang=es\/#website","url":"https:\/\/iberculturaviva.org\/es\/?lang=es\/","name":"IberCultura Viva","description":"Programa de cooperaci\u00f3n cultural","publisher":{"@id":"https:\/\/iberculturaviva.org\/es\/?lang=es\/#organization"},"potentialAction":[{"@type":"SearchAction","target":{"@type":"EntryPoint","urlTemplate":"https:\/\/iberculturaviva.org\/es\/?lang=es\/?s={search_term_string}"},"query-input":{"@type":"PropertyValueSpecification","valueRequired":true,"valueName":"search_term_string"}}],"inLanguage":"es"},{"@type":"Organization","@id":"https:\/\/iberculturaviva.org\/es\/?lang=es\/#organization","name":"Iberculturaviva","url":"https:\/\/iberculturaviva.org\/es\/?lang=es\/","logo":{"@type":"ImageObject","inLanguage":"es","@id":"https:\/\/iberculturaviva.org\/es\/?lang=es\/#\/schema\/logo\/image\/","url":"https:\/\/iberculturaviva.org\/wp-content\/uploads\/2021\/08\/logo_ibercultura_viva.jpg","contentUrl":"https:\/\/iberculturaviva.org\/wp-content\/uploads\/2021\/08\/logo_ibercultura_viva.jpg","width":708,"height":223,"caption":"Iberculturaviva"},"image":{"@id":"https:\/\/iberculturaviva.org\/es\/?lang=es\/#\/schema\/logo\/image\/"},"sameAs":["https:\/\/www.facebook.com\/iberculturaviva\/","https:\/\/www.instagram.com\/iberculturaviva\/","https:\/\/www.youtube.com\/iberculturaviva"]},{"@type":"Person","@id":"https:\/\/iberculturaviva.org\/es\/?lang=es\/#\/schema\/person\/5d1313b072cc25536e0431522f740b59","name":"IberCultura","image":{"@type":"ImageObject","inLanguage":"es","@id":"https:\/\/iberculturaviva.org\/es\/?lang=es\/#\/schema\/person\/image\/","url":"https:\/\/secure.gravatar.com\/avatar\/79f1a057cb125cbefb3765d0356d52fc7f3bba3a35e2cf22bc4de090bb7aef70?s=96&d=mm&r=g","contentUrl":"https:\/\/secure.gravatar.com\/avatar\/79f1a057cb125cbefb3765d0356d52fc7f3bba3a35e2cf22bc4de090bb7aef70?s=96&d=mm&r=g","caption":"IberCultura"}}]}},"main_category":{"link":"https:\/\/iberculturaviva.org\/es\/category\/noticias-es\/","name":"Noticias","slug":"noticias-es"},"_links":{"self":[{"href":"https:\/\/iberculturaviva.org\/es\/wp-json\/wp\/v2\/posts\/24237","targetHints":{"allow":["GET"]}}],"collection":[{"href":"https:\/\/iberculturaviva.org\/es\/wp-json\/wp\/v2\/posts"}],"about":[{"href":"https:\/\/iberculturaviva.org\/es\/wp-json\/wp\/v2\/types\/post"}],"author":[{"embeddable":true,"href":"https:\/\/iberculturaviva.org\/es\/wp-json\/wp\/v2\/users\/2"}],"replies":[{"embeddable":true,"href":"https:\/\/iberculturaviva.org\/es\/wp-json\/wp\/v2\/comments?post=24237"}],"version-history":[{"count":2,"href":"https:\/\/iberculturaviva.org\/es\/wp-json\/wp\/v2\/posts\/24237\/revisions"}],"predecessor-version":[{"id":24247,"href":"https:\/\/iberculturaviva.org\/es\/wp-json\/wp\/v2\/posts\/24237\/revisions\/24247"}],"wp:featuredmedia":[{"embeddable":true,"href":"https:\/\/iberculturaviva.org\/es\/wp-json\/wp\/v2\/media\/24238"}],"wp:attachment":[{"href":"https:\/\/iberculturaviva.org\/es\/wp-json\/wp\/v2\/media?parent=24237"}],"wp:term":[{"taxonomy":"category","embeddable":true,"href":"https:\/\/iberculturaviva.org\/es\/wp-json\/wp\/v2\/categories?post=24237"},{"taxonomy":"post_tag","embeddable":true,"href":"https:\/\/iberculturaviva.org\/es\/wp-json\/wp\/v2\/tags?post=24237"},{"taxonomy":"country-municipality","embeddable":true,"href":"https:\/\/iberculturaviva.org\/es\/wp-json\/wp\/v2\/country-municipality?post=24237"}],"curies":[{"name":"wp","href":"https:\/\/api.w.org\/{rel}","templated":true}]}}